{"id":4625,"date":"2019-07-30T16:01:15","date_gmt":"2019-07-30T20:01:15","guid":{"rendered":"http:\/\/medicina.udd.cl\/fonoaudiologia-santiago\/?p=4489"},"modified":"2019-12-22T22:33:11","modified_gmt":"2019-12-23T01:33:11","slug":"estudiantes-de-fonoaudiologia-udd-presencian-cirugia-cerebral","status":"publish","type":"post","link":"https:\/\/medicina.udd.cl\/fonoaudiologia-santiago\/noticias\/2019\/07\/30\/estudiantes-de-fonoaudiologia-udd-presencian-cirugia-cerebral\/","title":{"rendered":"Estudiantes de Fonoaudiolog\u00eda UDD presencian Cirug\u00eda Cerebral"},"content":{"rendered":"<div id=\"gallery-1\" class=\"carousel slide carousel-gallery\" data-ride=\"false\" data-interval=\"false\"><div class=\"carousel-inner\" role=\"listbox\"><figure class=\"carousel-item active\"><img loading=\"lazy\" decoding=\"async\" width=\"768\" height=\"534\" src=\"https:\/\/medicina.udd.cl\/fonoaudiologia-santiago\/files\/2019\/07\/1-768x534.jpg\" class=\"attachment-landscape_952 size-landscape_952\" alt=\"\" \/><\/figure><figure class=\"carousel-item\"><img loading=\"lazy\" decoding=\"async\" width=\"620\" height=\"534\" src=\"https:\/\/medicina.udd.cl\/fonoaudiologia-santiago\/files\/2019\/07\/2-620x534.jpg\" class=\"attachment-landscape_952 size-landscape_952\" alt=\"\" \/><\/figure><figure class=\"carousel-item\"><img loading=\"lazy\" decoding=\"async\" width=\"880\" height=\"534\" src=\"https:\/\/medicina.udd.cl\/fonoaudiologia-santiago\/files\/2019\/07\/3-880x534.jpg\" class=\"attachment-landscape_952 size-landscape_952\" alt=\"\" \/><\/figure><figure class=\"carousel-item\"><img loading=\"lazy\" decoding=\"async\" width=\"952\" height=\"534\" src=\"https:\/\/medicina.udd.cl\/fonoaudiologia-santiago\/files\/2019\/07\/5-952x534.jpg\" class=\"attachment-landscape_952 size-landscape_952\" alt=\"\" srcset=\"https:\/\/medicina.udd.cl\/fonoaudiologia-santiago\/files\/2019\/07\/5-952x534.jpg 952w, https:\/\/medicina.udd.cl\/fonoaudiologia-santiago\/files\/2019\/07\/5-680x382.jpg 680w\" sizes=\"auto, (max-width: 952px) 100vw, 952px\" \/><\/figure><figure class=\"carousel-item\"><img loading=\"lazy\" decoding=\"async\" width=\"952\" height=\"534\" src=\"https:\/\/medicina.udd.cl\/fonoaudiologia-santiago\/files\/2019\/07\/4-952x534.jpg\" class=\"attachment-landscape_952 size-landscape_952\" alt=\"\" srcset=\"https:\/\/medicina.udd.cl\/fonoaudiologia-santiago\/files\/2019\/07\/4-952x534.jpg 952w, https:\/\/medicina.udd.cl\/fonoaudiologia-santiago\/files\/2019\/07\/4-680x382.jpg 680w\" sizes=\"auto, (max-width: 952px) 100vw, 952px\" \/><\/figure><\/div><footer class=\"carousel-footer\"><div class=\"carousel-counter\"><span class=\"carousel-counter-current\"><\/span> \/ <span class=\"carousel-counter-total\"><\/span><\/div><a class=\"carousel-control-prev\" href=\"#gallery-1\" role=\"button\" data-slide=\"prev\"><svg aria-hidden=\"true\" class=\"svg-chevron-left-dims\"><use xlink:href='https:\/\/medicina.udd.cl\/fonoaudiologia-santiago\/wp-content\/themes\/facultades-2018\/assets\/img\/svg\/dist\/main.svg?version=1695853099#chevron-left'><\/use><\/svg><span class=\"sr-only\">Anterior<\/span><\/a><a class=\"carousel-control-next\" href=\"#gallery-1\" role=\"button\" data-slide=\"next\"><svg aria-hidden=\"true\" class=\"svg-chevron-right-dims\"><use xlink:href='https:\/\/medicina.udd.cl\/fonoaudiologia-santiago\/wp-content\/themes\/facultades-2018\/assets\/img\/svg\/dist\/main.svg?version=1695853099#chevron-right'><\/use><\/svg><span class=\"sr-only\">Siguiente<\/span><\/a><\/footer><\/div>\n<p>La carrera de Fonoaudiolog\u00eda de la Facultad de Medicina Cl\u00ednica Alemana Universidad del Desarrollo, a trav\u00e9s de su directora, Mar\u00eda Ang\u00e9lica L\u00f3pez, invit\u00f3 a la coordinadora de Habilitaci\u00f3n Profesional (Egresada UDD), Alicia N\u00fa\u00f1ez y a la estudiante de 5\u00b0 a\u00f1o, Antonia Villarroel, a formar parte de una cirug\u00eda cerebral en vigilia llevada a cabo en la Cl\u00ednica Alemana hace unos d\u00edas.<\/p>\n<p>En esta oportunidad, la intervenci\u00f3n estuvo liderada por los doctores neurocirujanos David Rojas y Cristi\u00e1n Vald\u00e9s, as\u00ed como tambi\u00e9n por el Dr. Jos\u00e9 Miguel Montes, anestesista y jefe de la UCI. Durante la operaci\u00f3n la paciente de 32 a\u00f1os, estuvo totalmente despierta por dos horas, cooperando a la estimulaci\u00f3n de lenguaje realizada por la fonoaudi\u00f3loga mientras se le realizaba la extirpaci\u00f3n total del tumor.<\/p>\n<p>Cabe destacar, que esta instancia demuestra que este tipo de experiencias transmiten un gran aprendizaje, ya que esta \u00e1rea de trabajo es poco desarrollada por fonoaudi\u00f3logos en Chile. Asimismo, desde Fonoaudiolog\u00eda UDD, agradecen la colaboraci\u00f3n tanto de la paciente como la del equipo de cirug\u00eda para esta experiencia educativa y profesional.<\/p>\n","protected":false},"excerpt":{"rendered":"<p>Mar\u00eda Ang\u00e9lica L\u00f3pez, directora de la Carrera y miembro del equipo de neurocirujanos de Cl\u00ednica Alemana, invit\u00f3 a egresada y estudiante para observar intervenci\u00f3n quir\u00fargica<\/p>\n","protected":false},"author":9192218,"featured_media":4560,"comment_status":"open","ping_status":"open","sticky":false,"template":"","format":"standard","meta":{"footnotes":""},"categories":[4],"tags":[],"class_list":["post-4625","post","type-post","status-publish","format-standard","has-post-thumbnail","hentry","category-noticias"],"yoast_head":"<!-- This site is optimized with the Yoast SEO plugin v26.9 - https:\/\/yoast.com\/product\/yoast-seo-wordpress\/ -->\n<title>Estudiantes de Fonoaudiolog\u00eda UDD presencian Cirug\u00eda Cerebral - Fonoaudiolog\u00eda<\/title>\n<meta name=\"robots\" content=\"index, follow, max-snippet:-1, max-image-preview:large, max-video-preview:-1\" \/>\n<link rel=\"canonical\" href=\"https:\/\/medicina.udd.cl\/fonoaudiologia-santiago\/noticias\/2019\/07\/30\/estudiantes-de-fonoaudiologia-udd-presencian-cirugia-cerebral\/\" \/>\n<meta property=\"og:locale\" content=\"es_ES\" \/>\n<meta property=\"og:type\" content=\"article\" \/>\n<meta property=\"og:title\" content=\"Estudiantes de Fonoaudiolog\u00eda UDD presencian Cirug\u00eda Cerebral - Fonoaudiolog\u00eda\" \/>\n<meta property=\"og:description\" content=\"Mar\u00eda Ang\u00e9lica L\u00f3pez, directora de la Carrera y miembro del equipo de neurocirujanos de Cl\u00ednica Alemana, invit\u00f3 a egresada y estudiante para observar intervenci\u00f3n quir\u00fargica\" \/>\n<meta property=\"og:url\" content=\"https:\/\/medicina.udd.cl\/fonoaudiologia-santiago\/noticias\/2019\/07\/30\/estudiantes-de-fonoaudiologia-udd-presencian-cirugia-cerebral\/\" \/>\n<meta property=\"og:site_name\" content=\"Fonoaudiolog\u00eda\" \/>\n<meta property=\"article:published_time\" content=\"2019-07-30T20:01:15+00:00\" \/>\n<meta property=\"article:modified_time\" content=\"2019-12-23T01:33:11+00:00\" \/>\n<meta property=\"og:image\" content=\"https:\/\/medicina.udd.cl\/fonoaudiologia-santiago\/files\/2019\/08\/fono1.jpg\" \/>\n\t<meta property=\"og:image:width\" content=\"1350\" \/>\n\t<meta property=\"og:image:height\" content=\"1013\" \/>\n\t<meta property=\"og:image:type\" content=\"image\/jpeg\" \/>\n<meta name=\"twitter:label1\" content=\"Escrito por\" \/>\n\t<meta name=\"twitter:data1\" content=\"\" \/>\n\t<meta name=\"twitter:label2\" content=\"Tiempo de lectura\" \/>\n\t<meta name=\"twitter:data2\" content=\"1 minuto\" \/>\n<script type=\"application\/ld+json\" class=\"yoast-schema-graph\">{\"@context\":\"https:\/\/schema.org\",\"@graph\":[{\"@type\":\"Article\",\"@id\":\"https:\/\/medicina.udd.cl\/fonoaudiologia-santiago\/noticias\/2019\/07\/30\/estudiantes-de-fonoaudiologia-udd-presencian-cirugia-cerebral\/#article\",\"isPartOf\":{\"@id\":\"https:\/\/medicina.udd.cl\/fonoaudiologia-santiago\/noticias\/2019\/07\/30\/estudiantes-de-fonoaudiologia-udd-presencian-cirugia-cerebral\/\"},\"author\":{\"name\":\"\",\"@id\":\"\"},\"headline\":\"Estudiantes de Fonoaudiolog\u00eda UDD presencian Cirug\u00eda Cerebral\",\"datePublished\":\"2019-07-30T20:01:15+00:00\",\"dateModified\":\"2019-12-23T01:33:11+00:00\",\"mainEntityOfPage\":{\"@id\":\"https:\/\/medicina.udd.cl\/fonoaudiologia-santiago\/noticias\/2019\/07\/30\/estudiantes-de-fonoaudiologia-udd-presencian-cirugia-cerebral\/\"},\"wordCount\":210,\"commentCount\":0,\"image\":{\"@id\":\"https:\/\/medicina.udd.cl\/fonoaudiologia-santiago\/noticias\/2019\/07\/30\/estudiantes-de-fonoaudiologia-udd-presencian-cirugia-cerebral\/#primaryimage\"},\"thumbnailUrl\":\"https:\/\/medicina.udd.cl\/fonoaudiologia-santiago\/files\/2019\/08\/fono1.jpg\",\"articleSection\":[\"Noticias\"],\"inLanguage\":\"es\",\"potentialAction\":[{\"@type\":\"CommentAction\",\"name\":\"Comment\",\"target\":[\"https:\/\/medicina.udd.cl\/fonoaudiologia-santiago\/noticias\/2019\/07\/30\/estudiantes-de-fonoaudiologia-udd-presencian-cirugia-cerebral\/#respond\"]}]},{\"@type\":\"WebPage\",\"@id\":\"https:\/\/medicina.udd.cl\/fonoaudiologia-santiago\/noticias\/2019\/07\/30\/estudiantes-de-fonoaudiologia-udd-presencian-cirugia-cerebral\/\",\"url\":\"https:\/\/medicina.udd.cl\/fonoaudiologia-santiago\/noticias\/2019\/07\/30\/estudiantes-de-fonoaudiologia-udd-presencian-cirugia-cerebral\/\",\"name\":\"Estudiantes de Fonoaudiolog\u00eda UDD presencian Cirug\u00eda Cerebral - Fonoaudiolog\u00eda\",\"isPartOf\":{\"@id\":\"https:\/\/medicina.udd.cl\/fonoaudiologia-santiago\/#website\"},\"primaryImageOfPage\":{\"@id\":\"https:\/\/medicina.udd.cl\/fonoaudiologia-santiago\/noticias\/2019\/07\/30\/estudiantes-de-fonoaudiologia-udd-presencian-cirugia-cerebral\/#primaryimage\"},\"image\":{\"@id\":\"https:\/\/medicina.udd.cl\/fonoaudiologia-santiago\/noticias\/2019\/07\/30\/estudiantes-de-fonoaudiologia-udd-presencian-cirugia-cerebral\/#primaryimage\"},\"thumbnailUrl\":\"https:\/\/medicina.udd.cl\/fonoaudiologia-santiago\/files\/2019\/08\/fono1.jpg\",\"datePublished\":\"2019-07-30T20:01:15+00:00\",\"dateModified\":\"2019-12-23T01:33:11+00:00\",\"author\":{\"@id\":\"\"},\"breadcrumb\":{\"@id\":\"https:\/\/medicina.udd.cl\/fonoaudiologia-santiago\/noticias\/2019\/07\/30\/estudiantes-de-fonoaudiologia-udd-presencian-cirugia-cerebral\/#breadcrumb\"},\"inLanguage\":\"es\",\"potentialAction\":[{\"@type\":\"ReadAction\",\"target\":[\"https:\/\/medicina.udd.cl\/fonoaudiologia-santiago\/noticias\/2019\/07\/30\/estudiantes-de-fonoaudiologia-udd-presencian-cirugia-cerebral\/\"]}]},{\"@type\":\"ImageObject\",\"inLanguage\":\"es\",\"@id\":\"https:\/\/medicina.udd.cl\/fonoaudiologia-santiago\/noticias\/2019\/07\/30\/estudiantes-de-fonoaudiologia-udd-presencian-cirugia-cerebral\/#primaryimage\",\"url\":\"https:\/\/medicina.udd.cl\/fonoaudiologia-santiago\/files\/2019\/08\/fono1.jpg\",\"contentUrl\":\"https:\/\/medicina.udd.cl\/fonoaudiologia-santiago\/files\/2019\/08\/fono1.jpg\",\"width\":1350,\"height\":1013},{\"@type\":\"BreadcrumbList\",\"@id\":\"https:\/\/medicina.udd.cl\/fonoaudiologia-santiago\/noticias\/2019\/07\/30\/estudiantes-de-fonoaudiologia-udd-presencian-cirugia-cerebral\/#breadcrumb\",\"itemListElement\":[{\"@type\":\"ListItem\",\"position\":1,\"name\":\"Home\",\"item\":\"https:\/\/medicina.udd.cl\/fonoaudiologia-santiago\/\"},{\"@type\":\"ListItem\",\"position\":2,\"name\":\"Estudiantes de Fonoaudiolog\u00eda UDD presencian Cirug\u00eda Cerebral\"}]},{\"@type\":\"WebSite\",\"@id\":\"https:\/\/medicina.udd.cl\/fonoaudiologia-santiago\/#website\",\"url\":\"https:\/\/medicina.udd.cl\/fonoaudiologia-santiago\/\",\"name\":\"Fonoaudiolog\u00eda\",\"description\":\"Facultad de Medicina Cl\u00ednica Alemana Universidad del Desarrollo\",\"inLanguage\":\"es\"},{\"@type\":\"Person\",\"@id\":\"\",\"url\":\"https:\/\/medicina.udd.cl\/fonoaudiologia-santiago\/noticias\/author\/\"}]}<\/script>\n<!-- \/ Yoast SEO plugin. -->","yoast_head_json":{"title":"Estudiantes de Fonoaudiolog\u00eda UDD presencian Cirug\u00eda Cerebral - Fonoaudiolog\u00eda","robots":{"index":"index","follow":"follow","max-snippet":"max-snippet:-1","max-image-preview":"max-image-preview:large","max-video-preview":"max-video-preview:-1"},"canonical":"https:\/\/medicina.udd.cl\/fonoaudiologia-santiago\/noticias\/2019\/07\/30\/estudiantes-de-fonoaudiologia-udd-presencian-cirugia-cerebral\/","og_locale":"es_ES","og_type":"article","og_title":"Estudiantes de Fonoaudiolog\u00eda UDD presencian Cirug\u00eda Cerebral - Fonoaudiolog\u00eda","og_description":"Mar\u00eda Ang\u00e9lica L\u00f3pez, directora de la Carrera y miembro del equipo de neurocirujanos de Cl\u00ednica Alemana, invit\u00f3 a egresada y estudiante para observar intervenci\u00f3n quir\u00fargica","og_url":"https:\/\/medicina.udd.cl\/fonoaudiologia-santiago\/noticias\/2019\/07\/30\/estudiantes-de-fonoaudiologia-udd-presencian-cirugia-cerebral\/","og_site_name":"Fonoaudiolog\u00eda","article_published_time":"2019-07-30T20:01:15+00:00","article_modified_time":"2019-12-23T01:33:11+00:00","og_image":[{"width":1350,"height":1013,"url":"https:\/\/medicina.udd.cl\/fonoaudiologia-santiago\/files\/2019\/08\/fono1.jpg","type":"image\/jpeg"}],"twitter_misc":{"Escrito por":"","Tiempo de lectura":"1 minuto"},"schema":{"@context":"https:\/\/schema.org","@graph":[{"@type":"Article","@id":"https:\/\/medicina.udd.cl\/fonoaudiologia-santiago\/noticias\/2019\/07\/30\/estudiantes-de-fonoaudiologia-udd-presencian-cirugia-cerebral\/#article","isPartOf":{"@id":"https:\/\/medicina.udd.cl\/fonoaudiologia-santiago\/noticias\/2019\/07\/30\/estudiantes-de-fonoaudiologia-udd-presencian-cirugia-cerebral\/"},"author":{"name":"","@id":""},"headline":"Estudiantes de Fonoaudiolog\u00eda UDD presencian Cirug\u00eda Cerebral","datePublished":"2019-07-30T20:01:15+00:00","dateModified":"2019-12-23T01:33:11+00:00","mainEntityOfPage":{"@id":"https:\/\/medicina.udd.cl\/fonoaudiologia-santiago\/noticias\/2019\/07\/30\/estudiantes-de-fonoaudiologia-udd-presencian-cirugia-cerebral\/"},"wordCount":210,"commentCount":0,"image":{"@id":"https:\/\/medicina.udd.cl\/fonoaudiologia-santiago\/noticias\/2019\/07\/30\/estudiantes-de-fonoaudiologia-udd-presencian-cirugia-cerebral\/#primaryimage"},"thumbnailUrl":"https:\/\/medicina.udd.cl\/fonoaudiologia-santiago\/files\/2019\/08\/fono1.jpg","articleSection":["Noticias"],"inLanguage":"es","potentialAction":[{"@type":"CommentAction","name":"Comment","target":["https:\/\/medicina.udd.cl\/fonoaudiologia-santiago\/noticias\/2019\/07\/30\/estudiantes-de-fonoaudiologia-udd-presencian-cirugia-cerebral\/#respond"]}]},{"@type":"WebPage","@id":"https:\/\/medicina.udd.cl\/fonoaudiologia-santiago\/noticias\/2019\/07\/30\/estudiantes-de-fonoaudiologia-udd-presencian-cirugia-cerebral\/","url":"https:\/\/medicina.udd.cl\/fonoaudiologia-santiago\/noticias\/2019\/07\/30\/estudiantes-de-fonoaudiologia-udd-presencian-cirugia-cerebral\/","name":"Estudiantes de Fonoaudiolog\u00eda UDD presencian Cirug\u00eda Cerebral - Fonoaudiolog\u00eda","isPartOf":{"@id":"https:\/\/medicina.udd.cl\/fonoaudiologia-santiago\/#website"},"primaryImageOfPage":{"@id":"https:\/\/medicina.udd.cl\/fonoaudiologia-santiago\/noticias\/2019\/07\/30\/estudiantes-de-fonoaudiologia-udd-presencian-cirugia-cerebral\/#primaryimage"},"image":{"@id":"https:\/\/medicina.udd.cl\/fonoaudiologia-santiago\/noticias\/2019\/07\/30\/estudiantes-de-fonoaudiologia-udd-presencian-cirugia-cerebral\/#primaryimage"},"thumbnailUrl":"https:\/\/medicina.udd.cl\/fonoaudiologia-santiago\/files\/2019\/08\/fono1.jpg","datePublished":"2019-07-30T20:01:15+00:00","dateModified":"2019-12-23T01:33:11+00:00","author":{"@id":""},"breadcrumb":{"@id":"https:\/\/medicina.udd.cl\/fonoaudiologia-santiago\/noticias\/2019\/07\/30\/estudiantes-de-fonoaudiologia-udd-presencian-cirugia-cerebral\/#breadcrumb"},"inLanguage":"es","potentialAction":[{"@type":"ReadAction","target":["https:\/\/medicina.udd.cl\/fonoaudiologia-santiago\/noticias\/2019\/07\/30\/estudiantes-de-fonoaudiologia-udd-presencian-cirugia-cerebral\/"]}]},{"@type":"ImageObject","inLanguage":"es","@id":"https:\/\/medicina.udd.cl\/fonoaudiologia-santiago\/noticias\/2019\/07\/30\/estudiantes-de-fonoaudiologia-udd-presencian-cirugia-cerebral\/#primaryimage","url":"https:\/\/medicina.udd.cl\/fonoaudiologia-santiago\/files\/2019\/08\/fono1.jpg","contentUrl":"https:\/\/medicina.udd.cl\/fonoaudiologia-santiago\/files\/2019\/08\/fono1.jpg","width":1350,"height":1013},{"@type":"BreadcrumbList","@id":"https:\/\/medicina.udd.cl\/fonoaudiologia-santiago\/noticias\/2019\/07\/30\/estudiantes-de-fonoaudiologia-udd-presencian-cirugia-cerebral\/#breadcrumb","itemListElement":[{"@type":"ListItem","position":1,"name":"Home","item":"https:\/\/medicina.udd.cl\/fonoaudiologia-santiago\/"},{"@type":"ListItem","position":2,"name":"Estudiantes de Fonoaudiolog\u00eda UDD presencian Cirug\u00eda Cerebral"}]},{"@type":"WebSite","@id":"https:\/\/medicina.udd.cl\/fonoaudiologia-santiago\/#website","url":"https:\/\/medicina.udd.cl\/fonoaudiologia-santiago\/","name":"Fonoaudiolog\u00eda","description":"Facultad de Medicina Cl\u00ednica Alemana Universidad del Desarrollo","inLanguage":"es"},{"@type":"Person","@id":"","url":"https:\/\/medicina.udd.cl\/fonoaudiologia-santiago\/noticias\/author\/"}]}},"featured_image_url":"https:\/\/medicina.udd.cl\/fonoaudiologia-santiago\/files\/2019\/08\/fono1.jpg","_links":{"self":[{"href":"https:\/\/medicina.udd.cl\/fonoaudiologia-santiago\/wp-json\/wp\/v2\/posts\/4625","targetHints":{"allow":["GET"]}}],"collection":[{"href":"https:\/\/medicina.udd.cl\/fonoaudiologia-santiago\/wp-json\/wp\/v2\/posts"}],"about":[{"href":"https:\/\/medicina.udd.cl\/fonoaudiologia-santiago\/wp-json\/wp\/v2\/types\/post"}],"author":[{"embeddable":true,"href":"https:\/\/medicina.udd.cl\/fonoaudiologia-santiago\/wp-json\/wp\/v2\/users\/9192218"}],"replies":[{"embeddable":true,"href":"https:\/\/medicina.udd.cl\/fonoaudiologia-santiago\/wp-json\/wp\/v2\/comments?post=4625"}],"version-history":[{"count":1,"href":"https:\/\/medicina.udd.cl\/fonoaudiologia-santiago\/wp-json\/wp\/v2\/posts\/4625\/revisions"}],"predecessor-version":[{"id":4642,"href":"https:\/\/medicina.udd.cl\/fonoaudiologia-santiago\/wp-json\/wp\/v2\/posts\/4625\/revisions\/4642"}],"wp:featuredmedia":[{"embeddable":true,"href":"https:\/\/medicina.udd.cl\/fonoaudiologia-santiago\/wp-json\/wp\/v2\/media\/4560"}],"wp:attachment":[{"href":"https:\/\/medicina.udd.cl\/fonoaudiologia-santiago\/wp-json\/wp\/v2\/media?parent=4625"}],"wp:term":[{"taxonomy":"category","embeddable":true,"href":"https:\/\/medicina.udd.cl\/fonoaudiologia-santiago\/wp-json\/wp\/v2\/categories?post=4625"},{"taxonomy":"post_tag","embeddable":true,"href":"https:\/\/medicina.udd.cl\/fonoaudiologia-santiago\/wp-json\/wp\/v2\/tags?post=4625"}],"curies":[{"name":"wp","href":"https:\/\/api.w.org\/{rel}","templated":true}]}}