{"id":4627,"date":"2019-08-13T09:43:17","date_gmt":"2019-08-13T13:43:17","guid":{"rendered":"http:\/\/medicina.udd.cl\/fonoaudiologia-santiago\/?p=4505"},"modified":"2019-12-22T22:33:11","modified_gmt":"2019-12-23T01:33:11","slug":"seminario-de-actualizacion-diagnostico-en-lenguaje-infantil","status":"publish","type":"post","link":"https:\/\/medicina.udd.cl\/fonoaudiologia-santiago\/noticias\/2019\/08\/13\/seminario-de-actualizacion-diagnostico-en-lenguaje-infantil\/","title":{"rendered":"Seminario de Actualizaci\u00f3n: Diagn\u00f3stico en Lenguaje Infantil"},"content":{"rendered":"<div id=\"gallery-1\" class=\"carousel slide carousel-gallery\" data-ride=\"false\" data-interval=\"false\"><div class=\"carousel-inner\" role=\"listbox\"><figure class=\"carousel-item active\"><img loading=\"lazy\" decoding=\"async\" width=\"952\" height=\"534\" src=\"https:\/\/medicina.udd.cl\/fonoaudiologia-santiago\/files\/2019\/08\/IMG_9984-952x534.jpg\" class=\"attachment-landscape_952 size-landscape_952\" alt=\"\" srcset=\"https:\/\/medicina.udd.cl\/fonoaudiologia-santiago\/files\/2019\/08\/IMG_9984-952x534.jpg 952w, https:\/\/medicina.udd.cl\/fonoaudiologia-santiago\/files\/2019\/08\/IMG_9984-1366x768.jpg 1366w, https:\/\/medicina.udd.cl\/fonoaudiologia-santiago\/files\/2019\/08\/IMG_9984-680x382.jpg 680w\" sizes=\"auto, (max-width: 952px) 100vw, 952px\" \/><\/figure><figure class=\"carousel-item\"><img loading=\"lazy\" decoding=\"async\" width=\"952\" height=\"534\" src=\"https:\/\/medicina.udd.cl\/fonoaudiologia-santiago\/files\/2019\/08\/IMG_9988-952x534.jpg\" class=\"attachment-landscape_952 size-landscape_952\" alt=\"\" srcset=\"https:\/\/medicina.udd.cl\/fonoaudiologia-santiago\/files\/2019\/08\/IMG_9988-952x534.jpg 952w, https:\/\/medicina.udd.cl\/fonoaudiologia-santiago\/files\/2019\/08\/IMG_9988-1366x768.jpg 1366w, https:\/\/medicina.udd.cl\/fonoaudiologia-santiago\/files\/2019\/08\/IMG_9988-680x382.jpg 680w\" sizes=\"auto, (max-width: 952px) 100vw, 952px\" \/><\/figure><figure class=\"carousel-item\"><img loading=\"lazy\" decoding=\"async\" width=\"952\" height=\"534\" src=\"https:\/\/medicina.udd.cl\/fonoaudiologia-santiago\/files\/2019\/08\/IMG_9996-952x534.jpg\" class=\"attachment-landscape_952 size-landscape_952\" alt=\"\" srcset=\"https:\/\/medicina.udd.cl\/fonoaudiologia-santiago\/files\/2019\/08\/IMG_9996-952x534.jpg 952w, https:\/\/medicina.udd.cl\/fonoaudiologia-santiago\/files\/2019\/08\/IMG_9996-1366x768.jpg 1366w, https:\/\/medicina.udd.cl\/fonoaudiologia-santiago\/files\/2019\/08\/IMG_9996-680x382.jpg 680w\" sizes=\"auto, (max-width: 952px) 100vw, 952px\" \/><\/figure><figure class=\"carousel-item\"><img loading=\"lazy\" decoding=\"async\" width=\"952\" height=\"534\" src=\"https:\/\/medicina.udd.cl\/fonoaudiologia-santiago\/files\/2019\/08\/IMG_9987-952x534.jpg\" class=\"attachment-landscape_952 size-landscape_952\" alt=\"\" srcset=\"https:\/\/medicina.udd.cl\/fonoaudiologia-santiago\/files\/2019\/08\/IMG_9987-952x534.jpg 952w, https:\/\/medicina.udd.cl\/fonoaudiologia-santiago\/files\/2019\/08\/IMG_9987-1366x768.jpg 1366w, https:\/\/medicina.udd.cl\/fonoaudiologia-santiago\/files\/2019\/08\/IMG_9987-680x382.jpg 680w\" sizes=\"auto, (max-width: 952px) 100vw, 952px\" \/><\/figure><figure class=\"carousel-item\"><img loading=\"lazy\" decoding=\"async\" width=\"952\" height=\"534\" src=\"https:\/\/medicina.udd.cl\/fonoaudiologia-santiago\/files\/2019\/08\/IMG_9999-952x534.jpg\" class=\"attachment-landscape_952 size-landscape_952\" alt=\"\" srcset=\"https:\/\/medicina.udd.cl\/fonoaudiologia-santiago\/files\/2019\/08\/IMG_9999-952x534.jpg 952w, https:\/\/medicina.udd.cl\/fonoaudiologia-santiago\/files\/2019\/08\/IMG_9999-1366x768.jpg 1366w, https:\/\/medicina.udd.cl\/fonoaudiologia-santiago\/files\/2019\/08\/IMG_9999-680x382.jpg 680w\" sizes=\"auto, (max-width: 952px) 100vw, 952px\" \/><\/figure><figure class=\"carousel-item\"><img loading=\"lazy\" decoding=\"async\" width=\"952\" height=\"534\" src=\"https:\/\/medicina.udd.cl\/fonoaudiologia-santiago\/files\/2019\/08\/IMG_9979-952x534.jpg\" class=\"attachment-landscape_952 size-landscape_952\" alt=\"\" srcset=\"https:\/\/medicina.udd.cl\/fonoaudiologia-santiago\/files\/2019\/08\/IMG_9979-952x534.jpg 952w, https:\/\/medicina.udd.cl\/fonoaudiologia-santiago\/files\/2019\/08\/IMG_9979-1366x768.jpg 1366w, https:\/\/medicina.udd.cl\/fonoaudiologia-santiago\/files\/2019\/08\/IMG_9979-680x382.jpg 680w\" sizes=\"auto, (max-width: 952px) 100vw, 952px\" \/><\/figure><figure class=\"carousel-item\"><img loading=\"lazy\" decoding=\"async\" width=\"952\" height=\"534\" src=\"https:\/\/medicina.udd.cl\/fonoaudiologia-santiago\/files\/2019\/08\/IMG_9990-952x534.jpg\" class=\"attachment-landscape_952 size-landscape_952\" alt=\"\" srcset=\"https:\/\/medicina.udd.cl\/fonoaudiologia-santiago\/files\/2019\/08\/IMG_9990-952x534.jpg 952w, https:\/\/medicina.udd.cl\/fonoaudiologia-santiago\/files\/2019\/08\/IMG_9990-1366x768.jpg 1366w, https:\/\/medicina.udd.cl\/fonoaudiologia-santiago\/files\/2019\/08\/IMG_9990-680x382.jpg 680w\" sizes=\"auto, (max-width: 952px) 100vw, 952px\" \/><\/figure><figure class=\"carousel-item\"><img loading=\"lazy\" decoding=\"async\" width=\"952\" height=\"534\" src=\"https:\/\/medicina.udd.cl\/fonoaudiologia-santiago\/files\/2019\/08\/IMG_0006-952x534.jpg\" class=\"attachment-landscape_952 size-landscape_952\" alt=\"\" srcset=\"https:\/\/medicina.udd.cl\/fonoaudiologia-santiago\/files\/2019\/08\/IMG_0006-952x534.jpg 952w, https:\/\/medicina.udd.cl\/fonoaudiologia-santiago\/files\/2019\/08\/IMG_0006-1366x768.jpg 1366w, https:\/\/medicina.udd.cl\/fonoaudiologia-santiago\/files\/2019\/08\/IMG_0006-680x382.jpg 680w\" sizes=\"auto, (max-width: 952px) 100vw, 952px\" \/><\/figure><\/div><footer class=\"carousel-footer\"><div class=\"carousel-counter\"><span class=\"carousel-counter-current\"><\/span> \/ <span class=\"carousel-counter-total\"><\/span><\/div><a class=\"carousel-control-prev\" href=\"#gallery-1\" role=\"button\" data-slide=\"prev\"><svg aria-hidden=\"true\" class=\"svg-chevron-left-dims\"><use xlink:href='https:\/\/medicina.udd.cl\/fonoaudiologia-santiago\/wp-content\/themes\/facultades-2018\/assets\/img\/svg\/dist\/main.svg?version=1695853099#chevron-left'><\/use><\/svg><span class=\"sr-only\">Anterior<\/span><\/a><a class=\"carousel-control-next\" href=\"#gallery-1\" role=\"button\" data-slide=\"next\"><svg aria-hidden=\"true\" class=\"svg-chevron-right-dims\"><use xlink:href='https:\/\/medicina.udd.cl\/fonoaudiologia-santiago\/wp-content\/themes\/facultades-2018\/assets\/img\/svg\/dist\/main.svg?version=1695853099#chevron-right'><\/use><\/svg><span class=\"sr-only\">Siguiente<\/span><\/a><\/footer><\/div>\n<p>En el aula magna de la Facultad de medicina, Cl\u00ednica Alemana Universidad del Desarrollo, se realiz\u00f3 la charla \u201cDiagn\u00f3stico en Lenguaje Infantil: el cambio de TEL A TDL\u201d, actividad organizada por la carrera de Fonoaudiolog\u00eda.<\/p>\n<p>Esta actividad estuvo a cargo la fonoaudi\u00f3loga, Ana Mar\u00eda Campos, Master in Language Sciences with specialization in Language Development y PhD(c) Speech, Hearing and Phonetic Sciencis de la University College London, donde abordaron aspectos centrales del debate conducente al cambio terminol\u00f3gico y de criterios diagn\u00f3sticos de TEL a TDL, adem\u00e1s de la de estudios cient\u00edficos internacionales que respaldan la adopci\u00f3n de estos cambios y discusi\u00f3n de las implicancias te\u00f3ricas y pr\u00e1cticas que estos cambios podr\u00edan acarrear en distintos contextos.<\/p>\n<p>\u201cHist\u00f3ricamente, la pr\u00e1ctica cl\u00ednica y de investigaci\u00f3n en desarrollo del lenguaje se ha visto afectada por inconsistencia en cuanto a terminolog\u00eda y criterios diagn\u00f3sticos usados para identificar y describir aquellos problemas en la adquisici\u00f3n del lenguaje de causa no identificada. En este contexto, el objetivo de esta charla fue actualizar respecto al debate internacional sobre el cambio terminol\u00f3gico en los trastornos de lenguaje de car\u00e1cter evolutivo\u201d, se\u00f1al\u00f3 Campos.<\/p>\n","protected":false},"excerpt":{"rendered":"<p>Con una gran convocatoria, m\u00e1s de 300 profesionales de la salud asistieron a la jornada<\/p>\n","protected":false},"author":9192218,"featured_media":4546,"comment_status":"open","ping_status":"open","sticky":false,"template":"","format":"standard","meta":{"footnotes":""},"categories":[4],"tags":[],"class_list":["post-4627","post","type-post","status-publish","format-standard","has-post-thumbnail","hentry","category-noticias"],"yoast_head":"<!-- This site is optimized with the Yoast SEO plugin v26.9 - https:\/\/yoast.com\/product\/yoast-seo-wordpress\/ -->\n<title>Seminario de Actualizaci\u00f3n: Diagn\u00f3stico en Lenguaje Infantil - Fonoaudiolog\u00eda<\/title>\n<meta name=\"robots\" content=\"index, follow, max-snippet:-1, max-image-preview:large, max-video-preview:-1\" \/>\n<link rel=\"canonical\" href=\"https:\/\/medicina.udd.cl\/fonoaudiologia-santiago\/noticias\/2019\/08\/13\/seminario-de-actualizacion-diagnostico-en-lenguaje-infantil\/\" \/>\n<meta property=\"og:locale\" content=\"es_ES\" \/>\n<meta property=\"og:type\" content=\"article\" \/>\n<meta property=\"og:title\" content=\"Seminario de Actualizaci\u00f3n: Diagn\u00f3stico en Lenguaje Infantil - Fonoaudiolog\u00eda\" \/>\n<meta property=\"og:description\" content=\"Con una gran convocatoria, m\u00e1s de 300 profesionales de la salud asistieron a la jornada\" \/>\n<meta property=\"og:url\" content=\"https:\/\/medicina.udd.cl\/fonoaudiologia-santiago\/noticias\/2019\/08\/13\/seminario-de-actualizacion-diagnostico-en-lenguaje-infantil\/\" \/>\n<meta property=\"og:site_name\" content=\"Fonoaudiolog\u00eda\" \/>\n<meta property=\"article:published_time\" content=\"2019-08-13T13:43:17+00:00\" \/>\n<meta property=\"article:modified_time\" content=\"2019-12-23T01:33:11+00:00\" \/>\n<meta property=\"og:image\" content=\"https:\/\/medicina.udd.cl\/fonoaudiologia-santiago\/files\/2019\/08\/IMG_9984-1024x683.jpg\" \/>\n\t<meta property=\"og:image:width\" content=\"1024\" \/>\n\t<meta property=\"og:image:height\" content=\"683\" \/>\n\t<meta property=\"og:image:type\" content=\"image\/jpeg\" \/>\n<meta name=\"twitter:label1\" content=\"Escrito por\" \/>\n\t<meta name=\"twitter:data1\" content=\"\" \/>\n\t<meta name=\"twitter:label2\" content=\"Tiempo de lectura\" \/>\n\t<meta name=\"twitter:data2\" content=\"1 minuto\" \/>\n<script type=\"application\/ld+json\" class=\"yoast-schema-graph\">{\"@context\":\"https:\/\/schema.org\",\"@graph\":[{\"@type\":\"Article\",\"@id\":\"https:\/\/medicina.udd.cl\/fonoaudiologia-santiago\/noticias\/2019\/08\/13\/seminario-de-actualizacion-diagnostico-en-lenguaje-infantil\/#article\",\"isPartOf\":{\"@id\":\"https:\/\/medicina.udd.cl\/fonoaudiologia-santiago\/noticias\/2019\/08\/13\/seminario-de-actualizacion-diagnostico-en-lenguaje-infantil\/\"},\"author\":{\"name\":\"\",\"@id\":\"\"},\"headline\":\"Seminario de Actualizaci\u00f3n: Diagn\u00f3stico en Lenguaje Infantil\",\"datePublished\":\"2019-08-13T13:43:17+00:00\",\"dateModified\":\"2019-12-23T01:33:11+00:00\",\"mainEntityOfPage\":{\"@id\":\"https:\/\/medicina.udd.cl\/fonoaudiologia-santiago\/noticias\/2019\/08\/13\/seminario-de-actualizacion-diagnostico-en-lenguaje-infantil\/\"},\"wordCount\":218,\"commentCount\":0,\"image\":{\"@id\":\"https:\/\/medicina.udd.cl\/fonoaudiologia-santiago\/noticias\/2019\/08\/13\/seminario-de-actualizacion-diagnostico-en-lenguaje-infantil\/#primaryimage\"},\"thumbnailUrl\":\"https:\/\/medicina.udd.cl\/fonoaudiologia-santiago\/files\/2019\/08\/IMG_9984.jpg\",\"articleSection\":[\"Noticias\"],\"inLanguage\":\"es\",\"potentialAction\":[{\"@type\":\"CommentAction\",\"name\":\"Comment\",\"target\":[\"https:\/\/medicina.udd.cl\/fonoaudiologia-santiago\/noticias\/2019\/08\/13\/seminario-de-actualizacion-diagnostico-en-lenguaje-infantil\/#respond\"]}]},{\"@type\":\"WebPage\",\"@id\":\"https:\/\/medicina.udd.cl\/fonoaudiologia-santiago\/noticias\/2019\/08\/13\/seminario-de-actualizacion-diagnostico-en-lenguaje-infantil\/\",\"url\":\"https:\/\/medicina.udd.cl\/fonoaudiologia-santiago\/noticias\/2019\/08\/13\/seminario-de-actualizacion-diagnostico-en-lenguaje-infantil\/\",\"name\":\"Seminario de Actualizaci\u00f3n: Diagn\u00f3stico en Lenguaje Infantil - Fonoaudiolog\u00eda\",\"isPartOf\":{\"@id\":\"https:\/\/medicina.udd.cl\/fonoaudiologia-santiago\/#website\"},\"primaryImageOfPage\":{\"@id\":\"https:\/\/medicina.udd.cl\/fonoaudiologia-santiago\/noticias\/2019\/08\/13\/seminario-de-actualizacion-diagnostico-en-lenguaje-infantil\/#primaryimage\"},\"image\":{\"@id\":\"https:\/\/medicina.udd.cl\/fonoaudiologia-santiago\/noticias\/2019\/08\/13\/seminario-de-actualizacion-diagnostico-en-lenguaje-infantil\/#primaryimage\"},\"thumbnailUrl\":\"https:\/\/medicina.udd.cl\/fonoaudiologia-santiago\/files\/2019\/08\/IMG_9984.jpg\",\"datePublished\":\"2019-08-13T13:43:17+00:00\",\"dateModified\":\"2019-12-23T01:33:11+00:00\",\"author\":{\"@id\":\"\"},\"breadcrumb\":{\"@id\":\"https:\/\/medicina.udd.cl\/fonoaudiologia-santiago\/noticias\/2019\/08\/13\/seminario-de-actualizacion-diagnostico-en-lenguaje-infantil\/#breadcrumb\"},\"inLanguage\":\"es\",\"potentialAction\":[{\"@type\":\"ReadAction\",\"target\":[\"https:\/\/medicina.udd.cl\/fonoaudiologia-santiago\/noticias\/2019\/08\/13\/seminario-de-actualizacion-diagnostico-en-lenguaje-infantil\/\"]}]},{\"@type\":\"ImageObject\",\"inLanguage\":\"es\",\"@id\":\"https:\/\/medicina.udd.cl\/fonoaudiologia-santiago\/noticias\/2019\/08\/13\/seminario-de-actualizacion-diagnostico-en-lenguaje-infantil\/#primaryimage\",\"url\":\"https:\/\/medicina.udd.cl\/fonoaudiologia-santiago\/files\/2019\/08\/IMG_9984.jpg\",\"contentUrl\":\"https:\/\/medicina.udd.cl\/fonoaudiologia-santiago\/files\/2019\/08\/IMG_9984.jpg\",\"width\":5184,\"height\":3456},{\"@type\":\"BreadcrumbList\",\"@id\":\"https:\/\/medicina.udd.cl\/fonoaudiologia-santiago\/noticias\/2019\/08\/13\/seminario-de-actualizacion-diagnostico-en-lenguaje-infantil\/#breadcrumb\",\"itemListElement\":[{\"@type\":\"ListItem\",\"position\":1,\"name\":\"Home\",\"item\":\"https:\/\/medicina.udd.cl\/fonoaudiologia-santiago\/\"},{\"@type\":\"ListItem\",\"position\":2,\"name\":\"Seminario de Actualizaci\u00f3n: Diagn\u00f3stico en Lenguaje Infantil\"}]},{\"@type\":\"WebSite\",\"@id\":\"https:\/\/medicina.udd.cl\/fonoaudiologia-santiago\/#website\",\"url\":\"https:\/\/medicina.udd.cl\/fonoaudiologia-santiago\/\",\"name\":\"Fonoaudiolog\u00eda\",\"description\":\"Facultad de Medicina Cl\u00ednica Alemana Universidad del Desarrollo\",\"inLanguage\":\"es\"},{\"@type\":\"Person\",\"@id\":\"\",\"url\":\"https:\/\/medicina.udd.cl\/fonoaudiologia-santiago\/noticias\/author\/\"}]}<\/script>\n<!-- \/ Yoast SEO plugin. -->","yoast_head_json":{"title":"Seminario de Actualizaci\u00f3n: Diagn\u00f3stico en Lenguaje Infantil - Fonoaudiolog\u00eda","robots":{"index":"index","follow":"follow","max-snippet":"max-snippet:-1","max-image-preview":"max-image-preview:large","max-video-preview":"max-video-preview:-1"},"canonical":"https:\/\/medicina.udd.cl\/fonoaudiologia-santiago\/noticias\/2019\/08\/13\/seminario-de-actualizacion-diagnostico-en-lenguaje-infantil\/","og_locale":"es_ES","og_type":"article","og_title":"Seminario de Actualizaci\u00f3n: Diagn\u00f3stico en Lenguaje Infantil - Fonoaudiolog\u00eda","og_description":"Con una gran convocatoria, m\u00e1s de 300 profesionales de la salud asistieron a la jornada","og_url":"https:\/\/medicina.udd.cl\/fonoaudiologia-santiago\/noticias\/2019\/08\/13\/seminario-de-actualizacion-diagnostico-en-lenguaje-infantil\/","og_site_name":"Fonoaudiolog\u00eda","article_published_time":"2019-08-13T13:43:17+00:00","article_modified_time":"2019-12-23T01:33:11+00:00","og_image":[{"width":1024,"height":683,"url":"https:\/\/medicina.udd.cl\/fonoaudiologia-santiago\/files\/2019\/08\/IMG_9984-1024x683.jpg","type":"image\/jpeg"}],"twitter_misc":{"Escrito por":"","Tiempo de lectura":"1 minuto"},"schema":{"@context":"https:\/\/schema.org","@graph":[{"@type":"Article","@id":"https:\/\/medicina.udd.cl\/fonoaudiologia-santiago\/noticias\/2019\/08\/13\/seminario-de-actualizacion-diagnostico-en-lenguaje-infantil\/#article","isPartOf":{"@id":"https:\/\/medicina.udd.cl\/fonoaudiologia-santiago\/noticias\/2019\/08\/13\/seminario-de-actualizacion-diagnostico-en-lenguaje-infantil\/"},"author":{"name":"","@id":""},"headline":"Seminario de Actualizaci\u00f3n: Diagn\u00f3stico en Lenguaje Infantil","datePublished":"2019-08-13T13:43:17+00:00","dateModified":"2019-12-23T01:33:11+00:00","mainEntityOfPage":{"@id":"https:\/\/medicina.udd.cl\/fonoaudiologia-santiago\/noticias\/2019\/08\/13\/seminario-de-actualizacion-diagnostico-en-lenguaje-infantil\/"},"wordCount":218,"commentCount":0,"image":{"@id":"https:\/\/medicina.udd.cl\/fonoaudiologia-santiago\/noticias\/2019\/08\/13\/seminario-de-actualizacion-diagnostico-en-lenguaje-infantil\/#primaryimage"},"thumbnailUrl":"https:\/\/medicina.udd.cl\/fonoaudiologia-santiago\/files\/2019\/08\/IMG_9984.jpg","articleSection":["Noticias"],"inLanguage":"es","potentialAction":[{"@type":"CommentAction","name":"Comment","target":["https:\/\/medicina.udd.cl\/fonoaudiologia-santiago\/noticias\/2019\/08\/13\/seminario-de-actualizacion-diagnostico-en-lenguaje-infantil\/#respond"]}]},{"@type":"WebPage","@id":"https:\/\/medicina.udd.cl\/fonoaudiologia-santiago\/noticias\/2019\/08\/13\/seminario-de-actualizacion-diagnostico-en-lenguaje-infantil\/","url":"https:\/\/medicina.udd.cl\/fonoaudiologia-santiago\/noticias\/2019\/08\/13\/seminario-de-actualizacion-diagnostico-en-lenguaje-infantil\/","name":"Seminario de Actualizaci\u00f3n: Diagn\u00f3stico en Lenguaje Infantil - Fonoaudiolog\u00eda","isPartOf":{"@id":"https:\/\/medicina.udd.cl\/fonoaudiologia-santiago\/#website"},"primaryImageOfPage":{"@id":"https:\/\/medicina.udd.cl\/fonoaudiologia-santiago\/noticias\/2019\/08\/13\/seminario-de-actualizacion-diagnostico-en-lenguaje-infantil\/#primaryimage"},"image":{"@id":"https:\/\/medicina.udd.cl\/fonoaudiologia-santiago\/noticias\/2019\/08\/13\/seminario-de-actualizacion-diagnostico-en-lenguaje-infantil\/#primaryimage"},"thumbnailUrl":"https:\/\/medicina.udd.cl\/fonoaudiologia-santiago\/files\/2019\/08\/IMG_9984.jpg","datePublished":"2019-08-13T13:43:17+00:00","dateModified":"2019-12-23T01:33:11+00:00","author":{"@id":""},"breadcrumb":{"@id":"https:\/\/medicina.udd.cl\/fonoaudiologia-santiago\/noticias\/2019\/08\/13\/seminario-de-actualizacion-diagnostico-en-lenguaje-infantil\/#breadcrumb"},"inLanguage":"es","potentialAction":[{"@type":"ReadAction","target":["https:\/\/medicina.udd.cl\/fonoaudiologia-santiago\/noticias\/2019\/08\/13\/seminario-de-actualizacion-diagnostico-en-lenguaje-infantil\/"]}]},{"@type":"ImageObject","inLanguage":"es","@id":"https:\/\/medicina.udd.cl\/fonoaudiologia-santiago\/noticias\/2019\/08\/13\/seminario-de-actualizacion-diagnostico-en-lenguaje-infantil\/#primaryimage","url":"https:\/\/medicina.udd.cl\/fonoaudiologia-santiago\/files\/2019\/08\/IMG_9984.jpg","contentUrl":"https:\/\/medicina.udd.cl\/fonoaudiologia-santiago\/files\/2019\/08\/IMG_9984.jpg","width":5184,"height":3456},{"@type":"BreadcrumbList","@id":"https:\/\/medicina.udd.cl\/fonoaudiologia-santiago\/noticias\/2019\/08\/13\/seminario-de-actualizacion-diagnostico-en-lenguaje-infantil\/#breadcrumb","itemListElement":[{"@type":"ListItem","position":1,"name":"Home","item":"https:\/\/medicina.udd.cl\/fonoaudiologia-santiago\/"},{"@type":"ListItem","position":2,"name":"Seminario de Actualizaci\u00f3n: Diagn\u00f3stico en Lenguaje Infantil"}]},{"@type":"WebSite","@id":"https:\/\/medicina.udd.cl\/fonoaudiologia-santiago\/#website","url":"https:\/\/medicina.udd.cl\/fonoaudiologia-santiago\/","name":"Fonoaudiolog\u00eda","description":"Facultad de Medicina Cl\u00ednica Alemana Universidad del Desarrollo","inLanguage":"es"},{"@type":"Person","@id":"","url":"https:\/\/medicina.udd.cl\/fonoaudiologia-santiago\/noticias\/author\/"}]}},"featured_image_url":"https:\/\/medicina.udd.cl\/fonoaudiologia-santiago\/files\/2019\/08\/IMG_9984.jpg","_links":{"self":[{"href":"https:\/\/medicina.udd.cl\/fonoaudiologia-santiago\/wp-json\/wp\/v2\/posts\/4627","targetHints":{"allow":["GET"]}}],"collection":[{"href":"https:\/\/medicina.udd.cl\/fonoaudiologia-santiago\/wp-json\/wp\/v2\/posts"}],"about":[{"href":"https:\/\/medicina.udd.cl\/fonoaudiologia-santiago\/wp-json\/wp\/v2\/types\/post"}],"author":[{"embeddable":true,"href":"https:\/\/medicina.udd.cl\/fonoaudiologia-santiago\/wp-json\/wp\/v2\/users\/9192218"}],"replies":[{"embeddable":true,"href":"https:\/\/medicina.udd.cl\/fonoaudiologia-santiago\/wp-json\/wp\/v2\/comments?post=4627"}],"version-history":[{"count":1,"href":"https:\/\/medicina.udd.cl\/fonoaudiologia-santiago\/wp-json\/wp\/v2\/posts\/4627\/revisions"}],"predecessor-version":[{"id":4640,"href":"https:\/\/medicina.udd.cl\/fonoaudiologia-santiago\/wp-json\/wp\/v2\/posts\/4627\/revisions\/4640"}],"wp:featuredmedia":[{"embeddable":true,"href":"https:\/\/medicina.udd.cl\/fonoaudiologia-santiago\/wp-json\/wp\/v2\/media\/4546"}],"wp:attachment":[{"href":"https:\/\/medicina.udd.cl\/fonoaudiologia-santiago\/wp-json\/wp\/v2\/media?parent=4627"}],"wp:term":[{"taxonomy":"category","embeddable":true,"href":"https:\/\/medicina.udd.cl\/fonoaudiologia-santiago\/wp-json\/wp\/v2\/categories?post=4627"},{"taxonomy":"post_tag","embeddable":true,"href":"https:\/\/medicina.udd.cl\/fonoaudiologia-santiago\/wp-json\/wp\/v2\/tags?post=4627"}],"curies":[{"name":"wp","href":"https:\/\/api.w.org\/{rel}","templated":true}]}}