{"id":4628,"date":"2019-08-16T11:37:58","date_gmt":"2019-08-16T15:37:58","guid":{"rendered":"http:\/\/medicina.udd.cl\/fonoaudiologia-santiago\/?p=4522"},"modified":"2019-08-16T11:37:58","modified_gmt":"2019-08-16T15:37:58","slug":"terapias-auditivas-al-alcance-de-todos","status":"publish","type":"post","link":"https:\/\/medicina.udd.cl\/fonoaudiologia-santiago\/noticias\/2019\/08\/16\/terapias-auditivas-al-alcance-de-todos\/","title":{"rendered":"Estudiantes de Fonoaudiolog\u00eda realizan rehabilitaci\u00f3n auditiva"},"content":{"rendered":"<p><a href=\"http:\/\/medicina.udd.cl\/fonoaudiologia-santiago\/files\/2019\/08\/t.m.jpg\"><img loading=\"lazy\" decoding=\"async\" class=\"size-medium wp-image-4523 aligncenter\" src=\"http:\/\/medicina.udd.cl\/fonoaudiologia-santiago\/files\/2019\/08\/t.m-225x300.jpg\" alt=\"\" width=\"225\" height=\"300\" \/><\/a><\/p>\n<p>Se estima que en el mundo existen 72 millones de personas sordas, de las cuales 500 mil viven en Chile.\u00a0Si bien la legislaci\u00f3n actual cubre operaciones e implantes y en algunos casos acceso a terapia \u2013\u00e9ste \u00faltimo caso s\u00f3lo para ni\u00f1os hasta cuatro a\u00f1os-, la etapa de posterior de rehabilitaci\u00f3n presenta mayores problemas, tanto en el sentido de cobertura como de falta de especialistas.<\/p>\n<p>En este contexto, y como una forma de contribuir a la salud de las personas que padecen sordera, este a\u00f1o 2019 la carrera de Fonoaudiolog\u00eda de la Facultad de Medicina Cl\u00ednica Alemana Universidad del Desarrollo implement\u00f3 un servicio de rehabilitaci\u00f3n auditiva en su laboratorio de Audiolog\u00eda.<\/p>\n<p>\u201cLas personas pueden volver escuchar, pero no saben c\u00f3mo hacerlo. Nuestro objetivo es extender el acceso a rehabilitaci\u00f3n a quienes ya no tienen cobertura GES o que han sido beneficiados por Ley Ricarte Soto y no pueden cubrir el costo del tratamiento fonoaudiol\u00f3gico\u201d, se\u00f1al\u00f3 la coordinadora del laboratorio, Javiera Dr\u00e1pela.<\/p>\n<p><a href=\"http:\/\/medicina.udd.cl\/fonoaudiologia-santiago\/files\/2019\/08\/fe\u00f1a.jpg\"><img loading=\"lazy\" decoding=\"async\" class=\"size-medium wp-image-4524 aligncenter\" src=\"http:\/\/medicina.udd.cl\/fonoaudiologia-santiago\/files\/2019\/08\/fe\u00f1a-240x300.jpg\" alt=\"\" width=\"240\" height=\"300\" \/><\/a><\/p>\n<p>Con atenciones de lunes a jueves en el campus RESB de la Universidad del Desarrollo, el equipo que atiende est\u00e1 conformado por docentes con amplia experiencia y formaci\u00f3n en el M\u00e9todo Auditivo Verbal, quienes supervisan las intervenciones que realizan las alumnas de quinto a\u00f1o que cursan la carrera de Fonoaudiolog\u00eda.<\/p>\n<p>\u201cLa Terapia Auditivo Verbal es una metodolog\u00eda que busca desarrollar el lenguaje oral a trav\u00e9s de la audici\u00f3n, para que ni\u00f1os y ni\u00f1as puedan comunicarse de forma oral. Se trata de tratamientos de terapia\u00a0fonoaudiol\u00f3gica\u00a0a personas con hipoacusia, usuarios de aud\u00edfonos e implantes auditivos\u201d, concluy\u00f3 la docente de Fonoaudiolog\u00eda Gloria Garc\u00eda.<\/p>\n","protected":false},"excerpt":{"rendered":"<p>Alumnas de quinto a\u00f1o, junto a tutoras, ense\u00f1an a las personas con problemas de sordera a \u201cvolver a escuchar\u201d a trav\u00e9s de rehabilitaci\u00f3n auditiva.<\/p>\n","protected":false},"author":9192218,"featured_media":4571,"comment_status":"open","ping_status":"open","sticky":false,"template":"","format":"standard","meta":{"footnotes":""},"categories":[4],"tags":[],"class_list":["post-4628","post","type-post","status-publish","format-standard","has-post-thumbnail","hentry","category-noticias"],"yoast_head":"<!-- This site is optimized with the Yoast SEO plugin v26.9 - https:\/\/yoast.com\/product\/yoast-seo-wordpress\/ -->\n<title>Estudiantes de Fonoaudiolog\u00eda realizan rehabilitaci\u00f3n auditiva - Fonoaudiolog\u00eda<\/title>\n<meta name=\"robots\" content=\"index, follow, max-snippet:-1, max-image-preview:large, max-video-preview:-1\" \/>\n<link rel=\"canonical\" href=\"https:\/\/medicina.udd.cl\/fonoaudiologia-santiago\/noticias\/2019\/08\/16\/terapias-auditivas-al-alcance-de-todos\/\" \/>\n<meta property=\"og:locale\" content=\"es_ES\" \/>\n<meta property=\"og:type\" content=\"article\" \/>\n<meta property=\"og:title\" content=\"Estudiantes de Fonoaudiolog\u00eda realizan rehabilitaci\u00f3n auditiva - Fonoaudiolog\u00eda\" \/>\n<meta property=\"og:description\" content=\"Alumnas de quinto a\u00f1o, junto a tutoras, ense\u00f1an a las personas con problemas de sordera a \u201cvolver a escuchar\u201d a trav\u00e9s de rehabilitaci\u00f3n auditiva.\" \/>\n<meta property=\"og:url\" content=\"https:\/\/medicina.udd.cl\/fonoaudiologia-santiago\/noticias\/2019\/08\/16\/terapias-auditivas-al-alcance-de-todos\/\" \/>\n<meta property=\"og:site_name\" content=\"Fonoaudiolog\u00eda\" \/>\n<meta property=\"article:published_time\" content=\"2019-08-16T15:37:58+00:00\" \/>\n<meta property=\"og:image\" content=\"https:\/\/medicina.udd.cl\/fonoaudiologia-santiago\/files\/2019\/08\/IMG_0297-1-1024x683.jpg\" \/>\n\t<meta property=\"og:image:width\" content=\"1024\" \/>\n\t<meta property=\"og:image:height\" content=\"683\" \/>\n\t<meta property=\"og:image:type\" content=\"image\/jpeg\" \/>\n<meta name=\"twitter:label1\" content=\"Escrito por\" \/>\n\t<meta name=\"twitter:data1\" content=\"\" \/>\n\t<meta name=\"twitter:label2\" content=\"Tiempo de lectura\" \/>\n\t<meta name=\"twitter:data2\" content=\"1 minuto\" \/>\n<script type=\"application\/ld+json\" class=\"yoast-schema-graph\">{\"@context\":\"https:\/\/schema.org\",\"@graph\":[{\"@type\":\"Article\",\"@id\":\"https:\/\/medicina.udd.cl\/fonoaudiologia-santiago\/noticias\/2019\/08\/16\/terapias-auditivas-al-alcance-de-todos\/#article\",\"isPartOf\":{\"@id\":\"https:\/\/medicina.udd.cl\/fonoaudiologia-santiago\/noticias\/2019\/08\/16\/terapias-auditivas-al-alcance-de-todos\/\"},\"author\":{\"name\":\"\",\"@id\":\"\"},\"headline\":\"Estudiantes de Fonoaudiolog\u00eda realizan rehabilitaci\u00f3n auditiva\",\"datePublished\":\"2019-08-16T15:37:58+00:00\",\"mainEntityOfPage\":{\"@id\":\"https:\/\/medicina.udd.cl\/fonoaudiologia-santiago\/noticias\/2019\/08\/16\/terapias-auditivas-al-alcance-de-todos\/\"},\"wordCount\":296,\"commentCount\":0,\"image\":{\"@id\":\"https:\/\/medicina.udd.cl\/fonoaudiologia-santiago\/noticias\/2019\/08\/16\/terapias-auditivas-al-alcance-de-todos\/#primaryimage\"},\"thumbnailUrl\":\"https:\/\/medicina.udd.cl\/fonoaudiologia-santiago\/files\/2019\/08\/IMG_0297-1.jpg\",\"articleSection\":[\"Noticias\"],\"inLanguage\":\"es\",\"potentialAction\":[{\"@type\":\"CommentAction\",\"name\":\"Comment\",\"target\":[\"https:\/\/medicina.udd.cl\/fonoaudiologia-santiago\/noticias\/2019\/08\/16\/terapias-auditivas-al-alcance-de-todos\/#respond\"]}]},{\"@type\":\"WebPage\",\"@id\":\"https:\/\/medicina.udd.cl\/fonoaudiologia-santiago\/noticias\/2019\/08\/16\/terapias-auditivas-al-alcance-de-todos\/\",\"url\":\"https:\/\/medicina.udd.cl\/fonoaudiologia-santiago\/noticias\/2019\/08\/16\/terapias-auditivas-al-alcance-de-todos\/\",\"name\":\"Estudiantes de Fonoaudiolog\u00eda realizan rehabilitaci\u00f3n auditiva - Fonoaudiolog\u00eda\",\"isPartOf\":{\"@id\":\"https:\/\/medicina.udd.cl\/fonoaudiologia-santiago\/#website\"},\"primaryImageOfPage\":{\"@id\":\"https:\/\/medicina.udd.cl\/fonoaudiologia-santiago\/noticias\/2019\/08\/16\/terapias-auditivas-al-alcance-de-todos\/#primaryimage\"},\"image\":{\"@id\":\"https:\/\/medicina.udd.cl\/fonoaudiologia-santiago\/noticias\/2019\/08\/16\/terapias-auditivas-al-alcance-de-todos\/#primaryimage\"},\"thumbnailUrl\":\"https:\/\/medicina.udd.cl\/fonoaudiologia-santiago\/files\/2019\/08\/IMG_0297-1.jpg\",\"datePublished\":\"2019-08-16T15:37:58+00:00\",\"author\":{\"@id\":\"\"},\"breadcrumb\":{\"@id\":\"https:\/\/medicina.udd.cl\/fonoaudiologia-santiago\/noticias\/2019\/08\/16\/terapias-auditivas-al-alcance-de-todos\/#breadcrumb\"},\"inLanguage\":\"es\",\"potentialAction\":[{\"@type\":\"ReadAction\",\"target\":[\"https:\/\/medicina.udd.cl\/fonoaudiologia-santiago\/noticias\/2019\/08\/16\/terapias-auditivas-al-alcance-de-todos\/\"]}]},{\"@type\":\"ImageObject\",\"inLanguage\":\"es\",\"@id\":\"https:\/\/medicina.udd.cl\/fonoaudiologia-santiago\/noticias\/2019\/08\/16\/terapias-auditivas-al-alcance-de-todos\/#primaryimage\",\"url\":\"https:\/\/medicina.udd.cl\/fonoaudiologia-santiago\/files\/2019\/08\/IMG_0297-1.jpg\",\"contentUrl\":\"https:\/\/medicina.udd.cl\/fonoaudiologia-santiago\/files\/2019\/08\/IMG_0297-1.jpg\",\"width\":5184,\"height\":3456},{\"@type\":\"BreadcrumbList\",\"@id\":\"https:\/\/medicina.udd.cl\/fonoaudiologia-santiago\/noticias\/2019\/08\/16\/terapias-auditivas-al-alcance-de-todos\/#breadcrumb\",\"itemListElement\":[{\"@type\":\"ListItem\",\"position\":1,\"name\":\"Home\",\"item\":\"https:\/\/medicina.udd.cl\/fonoaudiologia-santiago\/\"},{\"@type\":\"ListItem\",\"position\":2,\"name\":\"Estudiantes de Fonoaudiolog\u00eda realizan rehabilitaci\u00f3n auditiva\"}]},{\"@type\":\"WebSite\",\"@id\":\"https:\/\/medicina.udd.cl\/fonoaudiologia-santiago\/#website\",\"url\":\"https:\/\/medicina.udd.cl\/fonoaudiologia-santiago\/\",\"name\":\"Fonoaudiolog\u00eda\",\"description\":\"Facultad de Medicina Cl\u00ednica Alemana Universidad del Desarrollo\",\"inLanguage\":\"es\"},{\"@type\":\"Person\",\"@id\":\"\",\"url\":\"https:\/\/medicina.udd.cl\/fonoaudiologia-santiago\/noticias\/author\/\"}]}<\/script>\n<!-- \/ Yoast SEO plugin. -->","yoast_head_json":{"title":"Estudiantes de Fonoaudiolog\u00eda realizan rehabilitaci\u00f3n auditiva - Fonoaudiolog\u00eda","robots":{"index":"index","follow":"follow","max-snippet":"max-snippet:-1","max-image-preview":"max-image-preview:large","max-video-preview":"max-video-preview:-1"},"canonical":"https:\/\/medicina.udd.cl\/fonoaudiologia-santiago\/noticias\/2019\/08\/16\/terapias-auditivas-al-alcance-de-todos\/","og_locale":"es_ES","og_type":"article","og_title":"Estudiantes de Fonoaudiolog\u00eda realizan rehabilitaci\u00f3n auditiva - Fonoaudiolog\u00eda","og_description":"Alumnas de quinto a\u00f1o, junto a tutoras, ense\u00f1an a las personas con problemas de sordera a \u201cvolver a escuchar\u201d a trav\u00e9s de rehabilitaci\u00f3n auditiva.","og_url":"https:\/\/medicina.udd.cl\/fonoaudiologia-santiago\/noticias\/2019\/08\/16\/terapias-auditivas-al-alcance-de-todos\/","og_site_name":"Fonoaudiolog\u00eda","article_published_time":"2019-08-16T15:37:58+00:00","og_image":[{"width":1024,"height":683,"url":"https:\/\/medicina.udd.cl\/fonoaudiologia-santiago\/files\/2019\/08\/IMG_0297-1-1024x683.jpg","type":"image\/jpeg"}],"twitter_misc":{"Escrito por":"","Tiempo de lectura":"1 minuto"},"schema":{"@context":"https:\/\/schema.org","@graph":[{"@type":"Article","@id":"https:\/\/medicina.udd.cl\/fonoaudiologia-santiago\/noticias\/2019\/08\/16\/terapias-auditivas-al-alcance-de-todos\/#article","isPartOf":{"@id":"https:\/\/medicina.udd.cl\/fonoaudiologia-santiago\/noticias\/2019\/08\/16\/terapias-auditivas-al-alcance-de-todos\/"},"author":{"name":"","@id":""},"headline":"Estudiantes de Fonoaudiolog\u00eda realizan rehabilitaci\u00f3n auditiva","datePublished":"2019-08-16T15:37:58+00:00","mainEntityOfPage":{"@id":"https:\/\/medicina.udd.cl\/fonoaudiologia-santiago\/noticias\/2019\/08\/16\/terapias-auditivas-al-alcance-de-todos\/"},"wordCount":296,"commentCount":0,"image":{"@id":"https:\/\/medicina.udd.cl\/fonoaudiologia-santiago\/noticias\/2019\/08\/16\/terapias-auditivas-al-alcance-de-todos\/#primaryimage"},"thumbnailUrl":"https:\/\/medicina.udd.cl\/fonoaudiologia-santiago\/files\/2019\/08\/IMG_0297-1.jpg","articleSection":["Noticias"],"inLanguage":"es","potentialAction":[{"@type":"CommentAction","name":"Comment","target":["https:\/\/medicina.udd.cl\/fonoaudiologia-santiago\/noticias\/2019\/08\/16\/terapias-auditivas-al-alcance-de-todos\/#respond"]}]},{"@type":"WebPage","@id":"https:\/\/medicina.udd.cl\/fonoaudiologia-santiago\/noticias\/2019\/08\/16\/terapias-auditivas-al-alcance-de-todos\/","url":"https:\/\/medicina.udd.cl\/fonoaudiologia-santiago\/noticias\/2019\/08\/16\/terapias-auditivas-al-alcance-de-todos\/","name":"Estudiantes de Fonoaudiolog\u00eda realizan rehabilitaci\u00f3n auditiva - Fonoaudiolog\u00eda","isPartOf":{"@id":"https:\/\/medicina.udd.cl\/fonoaudiologia-santiago\/#website"},"primaryImageOfPage":{"@id":"https:\/\/medicina.udd.cl\/fonoaudiologia-santiago\/noticias\/2019\/08\/16\/terapias-auditivas-al-alcance-de-todos\/#primaryimage"},"image":{"@id":"https:\/\/medicina.udd.cl\/fonoaudiologia-santiago\/noticias\/2019\/08\/16\/terapias-auditivas-al-alcance-de-todos\/#primaryimage"},"thumbnailUrl":"https:\/\/medicina.udd.cl\/fonoaudiologia-santiago\/files\/2019\/08\/IMG_0297-1.jpg","datePublished":"2019-08-16T15:37:58+00:00","author":{"@id":""},"breadcrumb":{"@id":"https:\/\/medicina.udd.cl\/fonoaudiologia-santiago\/noticias\/2019\/08\/16\/terapias-auditivas-al-alcance-de-todos\/#breadcrumb"},"inLanguage":"es","potentialAction":[{"@type":"ReadAction","target":["https:\/\/medicina.udd.cl\/fonoaudiologia-santiago\/noticias\/2019\/08\/16\/terapias-auditivas-al-alcance-de-todos\/"]}]},{"@type":"ImageObject","inLanguage":"es","@id":"https:\/\/medicina.udd.cl\/fonoaudiologia-santiago\/noticias\/2019\/08\/16\/terapias-auditivas-al-alcance-de-todos\/#primaryimage","url":"https:\/\/medicina.udd.cl\/fonoaudiologia-santiago\/files\/2019\/08\/IMG_0297-1.jpg","contentUrl":"https:\/\/medicina.udd.cl\/fonoaudiologia-santiago\/files\/2019\/08\/IMG_0297-1.jpg","width":5184,"height":3456},{"@type":"BreadcrumbList","@id":"https:\/\/medicina.udd.cl\/fonoaudiologia-santiago\/noticias\/2019\/08\/16\/terapias-auditivas-al-alcance-de-todos\/#breadcrumb","itemListElement":[{"@type":"ListItem","position":1,"name":"Home","item":"https:\/\/medicina.udd.cl\/fonoaudiologia-santiago\/"},{"@type":"ListItem","position":2,"name":"Estudiantes de Fonoaudiolog\u00eda realizan rehabilitaci\u00f3n auditiva"}]},{"@type":"WebSite","@id":"https:\/\/medicina.udd.cl\/fonoaudiologia-santiago\/#website","url":"https:\/\/medicina.udd.cl\/fonoaudiologia-santiago\/","name":"Fonoaudiolog\u00eda","description":"Facultad de Medicina Cl\u00ednica Alemana Universidad del Desarrollo","inLanguage":"es"},{"@type":"Person","@id":"","url":"https:\/\/medicina.udd.cl\/fonoaudiologia-santiago\/noticias\/author\/"}]}},"featured_image_url":"https:\/\/medicina.udd.cl\/fonoaudiologia-santiago\/files\/2019\/08\/IMG_0297-1.jpg","_links":{"self":[{"href":"https:\/\/medicina.udd.cl\/fonoaudiologia-santiago\/wp-json\/wp\/v2\/posts\/4628","targetHints":{"allow":["GET"]}}],"collection":[{"href":"https:\/\/medicina.udd.cl\/fonoaudiologia-santiago\/wp-json\/wp\/v2\/posts"}],"about":[{"href":"https:\/\/medicina.udd.cl\/fonoaudiologia-santiago\/wp-json\/wp\/v2\/types\/post"}],"author":[{"embeddable":true,"href":"https:\/\/medicina.udd.cl\/fonoaudiologia-santiago\/wp-json\/wp\/v2\/users\/9192218"}],"replies":[{"embeddable":true,"href":"https:\/\/medicina.udd.cl\/fonoaudiologia-santiago\/wp-json\/wp\/v2\/comments?post=4628"}],"version-history":[{"count":0,"href":"https:\/\/medicina.udd.cl\/fonoaudiologia-santiago\/wp-json\/wp\/v2\/posts\/4628\/revisions"}],"wp:featuredmedia":[{"embeddable":true,"href":"https:\/\/medicina.udd.cl\/fonoaudiologia-santiago\/wp-json\/wp\/v2\/media\/4571"}],"wp:attachment":[{"href":"https:\/\/medicina.udd.cl\/fonoaudiologia-santiago\/wp-json\/wp\/v2\/media?parent=4628"}],"wp:term":[{"taxonomy":"category","embeddable":true,"href":"https:\/\/medicina.udd.cl\/fonoaudiologia-santiago\/wp-json\/wp\/v2\/categories?post=4628"},{"taxonomy":"post_tag","embeddable":true,"href":"https:\/\/medicina.udd.cl\/fonoaudiologia-santiago\/wp-json\/wp\/v2\/tags?post=4628"}],"curies":[{"name":"wp","href":"https:\/\/api.w.org\/{rel}","templated":true}]}}