{"id":4629,"date":"2019-08-19T14:40:12","date_gmt":"2019-08-19T18:40:12","guid":{"rendered":"http:\/\/medicina.udd.cl\/fonoaudiologia-santiago\/?p=4529"},"modified":"2019-08-19T14:40:12","modified_gmt":"2019-08-19T18:40:12","slug":"udd-concepcion-visito-sede-de-clinica-alemana","status":"publish","type":"post","link":"https:\/\/medicina.udd.cl\/fonoaudiologia-santiago\/noticias\/2019\/08\/19\/udd-concepcion-visito-sede-de-clinica-alemana\/","title":{"rendered":"UDD Concepci\u00f3n visit\u00f3 sede de Cl\u00ednica Alemana"},"content":{"rendered":"<p><a href=\"http:\/\/medicina.udd.cl\/fonoaudiologia-santiago\/files\/2019\/08\/IMG_1250.jpg\"><img loading=\"lazy\" decoding=\"async\" class=\"size-medium wp-image-4531 aligncenter\" src=\"http:\/\/medicina.udd.cl\/fonoaudiologia-santiago\/files\/2019\/08\/IMG_1250-300x225.jpg\" alt=\"\" width=\"300\" height=\"225\" \/><\/a><\/p>\n<p>La carrera de Fonoaudiolog\u00eda de la Facultad de Medicina CAS-UDD tuvo el agrado de recibir en la Cl\u00ednica Alemana, la visita del Coordinador de Habilitaci\u00f3n Profesional de la sede de Concepci\u00f3n, Flgo. Walter Zavala, quien pudo observar en terreno el desempe\u00f1o de la estudiante, Claudia Bernasconi, quien se encuentra realizando su per\u00edodo de rotaci\u00f3n en el \u00c1rea Adulto.<\/p>\n<p>Asimismo, durante su visita tambi\u00e9n pudo conocer y conversar con pacientes que est\u00e1n siendo atendidos en la Unidad de Tratamiento del Ataque Cerebral (UTAC); la Unidad de Cuidados Intensivos y; el servicio de Im\u00e1genes, donde precisamente se encuentra la alumna, Bernasconi \u201cFue una visita inesperada, pero lo encontr\u00e9 estupendo, pues vino a darme apoyo en cualquier instancia y reiterarme el compromiso de la Carrera con sus estudiantes\u201d.<\/p>\n<p><a href=\"http:\/\/medicina.udd.cl\/fonoaudiologia-santiago\/files\/2019\/08\/IMG_1247.jpg\"><img loading=\"lazy\" decoding=\"async\" class=\"size-medium wp-image-4534 aligncenter\" src=\"http:\/\/medicina.udd.cl\/fonoaudiologia-santiago\/files\/2019\/08\/IMG_1247-300x225.jpg\" alt=\"\" width=\"300\" height=\"225\" \/><\/a><\/p>\n<p>Cabe destacar que esta instancia cont\u00f3 con la participaci\u00f3n de las tutoras a cargo, Flga. Javiera Fuenzalida (Egresada UDD); y la directora de la Carrera, Flga. M. Ang\u00e9lica L\u00f3pez O\u00f1att.<\/p>\n<p>&nbsp;<\/p>\n","protected":false},"excerpt":{"rendered":"<p>Charla con pacientes, recorrido por la UCI y el Servicio de im\u00e1genes, fue parte de la agenda del Coordinador de Habilitaci\u00f3n Profesional de la Carrera de Fonoaudiolog\u00eda (Concepci\u00f3n), Walter Zavala<\/p>\n","protected":false},"author":9192218,"featured_media":4573,"comment_status":"open","ping_status":"open","sticky":false,"template":"","format":"standard","meta":{"footnotes":""},"categories":[4],"tags":[],"class_list":["post-4629","post","type-post","status-publish","format-standard","has-post-thumbnail","hentry","category-noticias"],"yoast_head":"<!-- This site is optimized with the Yoast SEO plugin v26.9 - https:\/\/yoast.com\/product\/yoast-seo-wordpress\/ -->\n<title>UDD Concepci\u00f3n visit\u00f3 sede de Cl\u00ednica Alemana - Fonoaudiolog\u00eda<\/title>\n<meta name=\"robots\" content=\"index, follow, max-snippet:-1, max-image-preview:large, max-video-preview:-1\" \/>\n<link rel=\"canonical\" href=\"https:\/\/medicina.udd.cl\/fonoaudiologia-santiago\/noticias\/2019\/08\/19\/udd-concepcion-visito-sede-de-clinica-alemana\/\" \/>\n<meta property=\"og:locale\" content=\"es_ES\" \/>\n<meta property=\"og:type\" content=\"article\" \/>\n<meta property=\"og:title\" content=\"UDD Concepci\u00f3n visit\u00f3 sede de Cl\u00ednica Alemana - Fonoaudiolog\u00eda\" \/>\n<meta property=\"og:description\" content=\"Charla con pacientes, recorrido por la UCI y el Servicio de im\u00e1genes, fue parte de la agenda del Coordinador de Habilitaci\u00f3n Profesional de la Carrera de Fonoaudiolog\u00eda (Concepci\u00f3n), Walter Zavala\" \/>\n<meta property=\"og:url\" content=\"https:\/\/medicina.udd.cl\/fonoaudiologia-santiago\/noticias\/2019\/08\/19\/udd-concepcion-visito-sede-de-clinica-alemana\/\" \/>\n<meta property=\"og:site_name\" content=\"Fonoaudiolog\u00eda\" \/>\n<meta property=\"article:published_time\" content=\"2019-08-19T18:40:12+00:00\" \/>\n<meta property=\"og:image\" content=\"https:\/\/medicina.udd.cl\/fonoaudiologia-santiago\/files\/2019\/08\/IMG_0312-1024x683.jpg\" \/>\n\t<meta property=\"og:image:width\" content=\"1024\" \/>\n\t<meta property=\"og:image:height\" content=\"683\" \/>\n\t<meta property=\"og:image:type\" content=\"image\/jpeg\" \/>\n<meta name=\"twitter:label1\" content=\"Escrito por\" \/>\n\t<meta name=\"twitter:data1\" content=\"\" \/>\n\t<meta name=\"twitter:label2\" content=\"Tiempo de lectura\" \/>\n\t<meta name=\"twitter:data2\" content=\"1 minuto\" \/>\n<script type=\"application\/ld+json\" class=\"yoast-schema-graph\">{\"@context\":\"https:\/\/schema.org\",\"@graph\":[{\"@type\":\"Article\",\"@id\":\"https:\/\/medicina.udd.cl\/fonoaudiologia-santiago\/noticias\/2019\/08\/19\/udd-concepcion-visito-sede-de-clinica-alemana\/#article\",\"isPartOf\":{\"@id\":\"https:\/\/medicina.udd.cl\/fonoaudiologia-santiago\/noticias\/2019\/08\/19\/udd-concepcion-visito-sede-de-clinica-alemana\/\"},\"author\":{\"name\":\"\",\"@id\":\"\"},\"headline\":\"UDD Concepci\u00f3n visit\u00f3 sede de Cl\u00ednica Alemana\",\"datePublished\":\"2019-08-19T18:40:12+00:00\",\"mainEntityOfPage\":{\"@id\":\"https:\/\/medicina.udd.cl\/fonoaudiologia-santiago\/noticias\/2019\/08\/19\/udd-concepcion-visito-sede-de-clinica-alemana\/\"},\"wordCount\":179,\"commentCount\":0,\"image\":{\"@id\":\"https:\/\/medicina.udd.cl\/fonoaudiologia-santiago\/noticias\/2019\/08\/19\/udd-concepcion-visito-sede-de-clinica-alemana\/#primaryimage\"},\"thumbnailUrl\":\"https:\/\/medicina.udd.cl\/fonoaudiologia-santiago\/files\/2019\/08\/IMG_0312.jpg\",\"articleSection\":[\"Noticias\"],\"inLanguage\":\"es\",\"potentialAction\":[{\"@type\":\"CommentAction\",\"name\":\"Comment\",\"target\":[\"https:\/\/medicina.udd.cl\/fonoaudiologia-santiago\/noticias\/2019\/08\/19\/udd-concepcion-visito-sede-de-clinica-alemana\/#respond\"]}]},{\"@type\":\"WebPage\",\"@id\":\"https:\/\/medicina.udd.cl\/fonoaudiologia-santiago\/noticias\/2019\/08\/19\/udd-concepcion-visito-sede-de-clinica-alemana\/\",\"url\":\"https:\/\/medicina.udd.cl\/fonoaudiologia-santiago\/noticias\/2019\/08\/19\/udd-concepcion-visito-sede-de-clinica-alemana\/\",\"name\":\"UDD Concepci\u00f3n visit\u00f3 sede de Cl\u00ednica Alemana - Fonoaudiolog\u00eda\",\"isPartOf\":{\"@id\":\"https:\/\/medicina.udd.cl\/fonoaudiologia-santiago\/#website\"},\"primaryImageOfPage\":{\"@id\":\"https:\/\/medicina.udd.cl\/fonoaudiologia-santiago\/noticias\/2019\/08\/19\/udd-concepcion-visito-sede-de-clinica-alemana\/#primaryimage\"},\"image\":{\"@id\":\"https:\/\/medicina.udd.cl\/fonoaudiologia-santiago\/noticias\/2019\/08\/19\/udd-concepcion-visito-sede-de-clinica-alemana\/#primaryimage\"},\"thumbnailUrl\":\"https:\/\/medicina.udd.cl\/fonoaudiologia-santiago\/files\/2019\/08\/IMG_0312.jpg\",\"datePublished\":\"2019-08-19T18:40:12+00:00\",\"author\":{\"@id\":\"\"},\"breadcrumb\":{\"@id\":\"https:\/\/medicina.udd.cl\/fonoaudiologia-santiago\/noticias\/2019\/08\/19\/udd-concepcion-visito-sede-de-clinica-alemana\/#breadcrumb\"},\"inLanguage\":\"es\",\"potentialAction\":[{\"@type\":\"ReadAction\",\"target\":[\"https:\/\/medicina.udd.cl\/fonoaudiologia-santiago\/noticias\/2019\/08\/19\/udd-concepcion-visito-sede-de-clinica-alemana\/\"]}]},{\"@type\":\"ImageObject\",\"inLanguage\":\"es\",\"@id\":\"https:\/\/medicina.udd.cl\/fonoaudiologia-santiago\/noticias\/2019\/08\/19\/udd-concepcion-visito-sede-de-clinica-alemana\/#primaryimage\",\"url\":\"https:\/\/medicina.udd.cl\/fonoaudiologia-santiago\/files\/2019\/08\/IMG_0312.jpg\",\"contentUrl\":\"https:\/\/medicina.udd.cl\/fonoaudiologia-santiago\/files\/2019\/08\/IMG_0312.jpg\",\"width\":5184,\"height\":3456},{\"@type\":\"BreadcrumbList\",\"@id\":\"https:\/\/medicina.udd.cl\/fonoaudiologia-santiago\/noticias\/2019\/08\/19\/udd-concepcion-visito-sede-de-clinica-alemana\/#breadcrumb\",\"itemListElement\":[{\"@type\":\"ListItem\",\"position\":1,\"name\":\"Home\",\"item\":\"https:\/\/medicina.udd.cl\/fonoaudiologia-santiago\/\"},{\"@type\":\"ListItem\",\"position\":2,\"name\":\"UDD Concepci\u00f3n visit\u00f3 sede de Cl\u00ednica Alemana\"}]},{\"@type\":\"WebSite\",\"@id\":\"https:\/\/medicina.udd.cl\/fonoaudiologia-santiago\/#website\",\"url\":\"https:\/\/medicina.udd.cl\/fonoaudiologia-santiago\/\",\"name\":\"Fonoaudiolog\u00eda\",\"description\":\"Facultad de Medicina Cl\u00ednica Alemana Universidad del Desarrollo\",\"inLanguage\":\"es\"},{\"@type\":\"Person\",\"@id\":\"\",\"url\":\"https:\/\/medicina.udd.cl\/fonoaudiologia-santiago\/noticias\/author\/\"}]}<\/script>\n<!-- \/ Yoast SEO plugin. -->","yoast_head_json":{"title":"UDD Concepci\u00f3n visit\u00f3 sede de Cl\u00ednica Alemana - Fonoaudiolog\u00eda","robots":{"index":"index","follow":"follow","max-snippet":"max-snippet:-1","max-image-preview":"max-image-preview:large","max-video-preview":"max-video-preview:-1"},"canonical":"https:\/\/medicina.udd.cl\/fonoaudiologia-santiago\/noticias\/2019\/08\/19\/udd-concepcion-visito-sede-de-clinica-alemana\/","og_locale":"es_ES","og_type":"article","og_title":"UDD Concepci\u00f3n visit\u00f3 sede de Cl\u00ednica Alemana - Fonoaudiolog\u00eda","og_description":"Charla con pacientes, recorrido por la UCI y el Servicio de im\u00e1genes, fue parte de la agenda del Coordinador de Habilitaci\u00f3n Profesional de la Carrera de Fonoaudiolog\u00eda (Concepci\u00f3n), Walter Zavala","og_url":"https:\/\/medicina.udd.cl\/fonoaudiologia-santiago\/noticias\/2019\/08\/19\/udd-concepcion-visito-sede-de-clinica-alemana\/","og_site_name":"Fonoaudiolog\u00eda","article_published_time":"2019-08-19T18:40:12+00:00","og_image":[{"width":1024,"height":683,"url":"https:\/\/medicina.udd.cl\/fonoaudiologia-santiago\/files\/2019\/08\/IMG_0312-1024x683.jpg","type":"image\/jpeg"}],"twitter_misc":{"Escrito por":"","Tiempo de lectura":"1 minuto"},"schema":{"@context":"https:\/\/schema.org","@graph":[{"@type":"Article","@id":"https:\/\/medicina.udd.cl\/fonoaudiologia-santiago\/noticias\/2019\/08\/19\/udd-concepcion-visito-sede-de-clinica-alemana\/#article","isPartOf":{"@id":"https:\/\/medicina.udd.cl\/fonoaudiologia-santiago\/noticias\/2019\/08\/19\/udd-concepcion-visito-sede-de-clinica-alemana\/"},"author":{"name":"","@id":""},"headline":"UDD Concepci\u00f3n visit\u00f3 sede de Cl\u00ednica Alemana","datePublished":"2019-08-19T18:40:12+00:00","mainEntityOfPage":{"@id":"https:\/\/medicina.udd.cl\/fonoaudiologia-santiago\/noticias\/2019\/08\/19\/udd-concepcion-visito-sede-de-clinica-alemana\/"},"wordCount":179,"commentCount":0,"image":{"@id":"https:\/\/medicina.udd.cl\/fonoaudiologia-santiago\/noticias\/2019\/08\/19\/udd-concepcion-visito-sede-de-clinica-alemana\/#primaryimage"},"thumbnailUrl":"https:\/\/medicina.udd.cl\/fonoaudiologia-santiago\/files\/2019\/08\/IMG_0312.jpg","articleSection":["Noticias"],"inLanguage":"es","potentialAction":[{"@type":"CommentAction","name":"Comment","target":["https:\/\/medicina.udd.cl\/fonoaudiologia-santiago\/noticias\/2019\/08\/19\/udd-concepcion-visito-sede-de-clinica-alemana\/#respond"]}]},{"@type":"WebPage","@id":"https:\/\/medicina.udd.cl\/fonoaudiologia-santiago\/noticias\/2019\/08\/19\/udd-concepcion-visito-sede-de-clinica-alemana\/","url":"https:\/\/medicina.udd.cl\/fonoaudiologia-santiago\/noticias\/2019\/08\/19\/udd-concepcion-visito-sede-de-clinica-alemana\/","name":"UDD Concepci\u00f3n visit\u00f3 sede de Cl\u00ednica Alemana - Fonoaudiolog\u00eda","isPartOf":{"@id":"https:\/\/medicina.udd.cl\/fonoaudiologia-santiago\/#website"},"primaryImageOfPage":{"@id":"https:\/\/medicina.udd.cl\/fonoaudiologia-santiago\/noticias\/2019\/08\/19\/udd-concepcion-visito-sede-de-clinica-alemana\/#primaryimage"},"image":{"@id":"https:\/\/medicina.udd.cl\/fonoaudiologia-santiago\/noticias\/2019\/08\/19\/udd-concepcion-visito-sede-de-clinica-alemana\/#primaryimage"},"thumbnailUrl":"https:\/\/medicina.udd.cl\/fonoaudiologia-santiago\/files\/2019\/08\/IMG_0312.jpg","datePublished":"2019-08-19T18:40:12+00:00","author":{"@id":""},"breadcrumb":{"@id":"https:\/\/medicina.udd.cl\/fonoaudiologia-santiago\/noticias\/2019\/08\/19\/udd-concepcion-visito-sede-de-clinica-alemana\/#breadcrumb"},"inLanguage":"es","potentialAction":[{"@type":"ReadAction","target":["https:\/\/medicina.udd.cl\/fonoaudiologia-santiago\/noticias\/2019\/08\/19\/udd-concepcion-visito-sede-de-clinica-alemana\/"]}]},{"@type":"ImageObject","inLanguage":"es","@id":"https:\/\/medicina.udd.cl\/fonoaudiologia-santiago\/noticias\/2019\/08\/19\/udd-concepcion-visito-sede-de-clinica-alemana\/#primaryimage","url":"https:\/\/medicina.udd.cl\/fonoaudiologia-santiago\/files\/2019\/08\/IMG_0312.jpg","contentUrl":"https:\/\/medicina.udd.cl\/fonoaudiologia-santiago\/files\/2019\/08\/IMG_0312.jpg","width":5184,"height":3456},{"@type":"BreadcrumbList","@id":"https:\/\/medicina.udd.cl\/fonoaudiologia-santiago\/noticias\/2019\/08\/19\/udd-concepcion-visito-sede-de-clinica-alemana\/#breadcrumb","itemListElement":[{"@type":"ListItem","position":1,"name":"Home","item":"https:\/\/medicina.udd.cl\/fonoaudiologia-santiago\/"},{"@type":"ListItem","position":2,"name":"UDD Concepci\u00f3n visit\u00f3 sede de Cl\u00ednica Alemana"}]},{"@type":"WebSite","@id":"https:\/\/medicina.udd.cl\/fonoaudiologia-santiago\/#website","url":"https:\/\/medicina.udd.cl\/fonoaudiologia-santiago\/","name":"Fonoaudiolog\u00eda","description":"Facultad de Medicina Cl\u00ednica Alemana Universidad del Desarrollo","inLanguage":"es"},{"@type":"Person","@id":"","url":"https:\/\/medicina.udd.cl\/fonoaudiologia-santiago\/noticias\/author\/"}]}},"featured_image_url":"https:\/\/medicina.udd.cl\/fonoaudiologia-santiago\/files\/2019\/08\/IMG_0312.jpg","_links":{"self":[{"href":"https:\/\/medicina.udd.cl\/fonoaudiologia-santiago\/wp-json\/wp\/v2\/posts\/4629","targetHints":{"allow":["GET"]}}],"collection":[{"href":"https:\/\/medicina.udd.cl\/fonoaudiologia-santiago\/wp-json\/wp\/v2\/posts"}],"about":[{"href":"https:\/\/medicina.udd.cl\/fonoaudiologia-santiago\/wp-json\/wp\/v2\/types\/post"}],"author":[{"embeddable":true,"href":"https:\/\/medicina.udd.cl\/fonoaudiologia-santiago\/wp-json\/wp\/v2\/users\/9192218"}],"replies":[{"embeddable":true,"href":"https:\/\/medicina.udd.cl\/fonoaudiologia-santiago\/wp-json\/wp\/v2\/comments?post=4629"}],"version-history":[{"count":0,"href":"https:\/\/medicina.udd.cl\/fonoaudiologia-santiago\/wp-json\/wp\/v2\/posts\/4629\/revisions"}],"wp:featuredmedia":[{"embeddable":true,"href":"https:\/\/medicina.udd.cl\/fonoaudiologia-santiago\/wp-json\/wp\/v2\/media\/4573"}],"wp:attachment":[{"href":"https:\/\/medicina.udd.cl\/fonoaudiologia-santiago\/wp-json\/wp\/v2\/media?parent=4629"}],"wp:term":[{"taxonomy":"category","embeddable":true,"href":"https:\/\/medicina.udd.cl\/fonoaudiologia-santiago\/wp-json\/wp\/v2\/categories?post=4629"},{"taxonomy":"post_tag","embeddable":true,"href":"https:\/\/medicina.udd.cl\/fonoaudiologia-santiago\/wp-json\/wp\/v2\/tags?post=4629"}],"curies":[{"name":"wp","href":"https:\/\/api.w.org\/{rel}","templated":true}]}}