{"id":4631,"date":"2019-08-29T17:10:36","date_gmt":"2019-08-29T21:10:36","guid":{"rendered":"http:\/\/medicina.udd.cl\/fonoaudiologia-santiago\/?p=4544"},"modified":"2019-12-22T22:33:11","modified_gmt":"2019-12-23T01:33:11","slug":"experto-de-la-universidad-johns-hopkins-realiza-charla-de-actualizacion-sobre-disfagia-post-extubacion","status":"publish","type":"post","link":"https:\/\/medicina.udd.cl\/fonoaudiologia-santiago\/noticias\/2019\/08\/29\/experto-de-la-universidad-johns-hopkins-realiza-charla-de-actualizacion-sobre-disfagia-post-extubacion\/","title":{"rendered":"Experto de la Universidad Johns Hopkins realiza charla de actualizaci\u00f3n sobre Disfagia post Extubaci\u00f3n"},"content":{"rendered":"<div id=\"gallery-1\" class=\"carousel slide carousel-gallery\" data-ride=\"false\" data-interval=\"false\"><div class=\"carousel-inner\" role=\"listbox\"><figure class=\"carousel-item active\"><img loading=\"lazy\" decoding=\"async\" width=\"952\" height=\"534\" src=\"https:\/\/medicina.udd.cl\/fonoaudiologia-santiago\/files\/2019\/08\/IMG_0295-952x534.jpg\" class=\"attachment-landscape_952 size-landscape_952\" alt=\"\" srcset=\"https:\/\/medicina.udd.cl\/fonoaudiologia-santiago\/files\/2019\/08\/IMG_0295-952x534.jpg 952w, https:\/\/medicina.udd.cl\/fonoaudiologia-santiago\/files\/2019\/08\/IMG_0295-1366x768.jpg 1366w, https:\/\/medicina.udd.cl\/fonoaudiologia-santiago\/files\/2019\/08\/IMG_0295-680x382.jpg 680w\" sizes=\"auto, (max-width: 952px) 100vw, 952px\" \/><\/figure><figure class=\"carousel-item\"><img loading=\"lazy\" decoding=\"async\" width=\"952\" height=\"534\" src=\"https:\/\/medicina.udd.cl\/fonoaudiologia-santiago\/files\/2019\/08\/IMG_0297-1-952x534.jpg\" class=\"attachment-landscape_952 size-landscape_952\" alt=\"\" srcset=\"https:\/\/medicina.udd.cl\/fonoaudiologia-santiago\/files\/2019\/08\/IMG_0297-1-952x534.jpg 952w, https:\/\/medicina.udd.cl\/fonoaudiologia-santiago\/files\/2019\/08\/IMG_0297-1-1366x768.jpg 1366w, https:\/\/medicina.udd.cl\/fonoaudiologia-santiago\/files\/2019\/08\/IMG_0297-1-680x382.jpg 680w\" sizes=\"auto, (max-width: 952px) 100vw, 952px\" \/><\/figure><figure class=\"carousel-item\"><img loading=\"lazy\" decoding=\"async\" width=\"952\" height=\"534\" src=\"https:\/\/medicina.udd.cl\/fonoaudiologia-santiago\/files\/2019\/08\/IMG_0294-952x534.jpg\" class=\"attachment-landscape_952 size-landscape_952\" alt=\"\" srcset=\"https:\/\/medicina.udd.cl\/fonoaudiologia-santiago\/files\/2019\/08\/IMG_0294-952x534.jpg 952w, https:\/\/medicina.udd.cl\/fonoaudiologia-santiago\/files\/2019\/08\/IMG_0294-1366x768.jpg 1366w, https:\/\/medicina.udd.cl\/fonoaudiologia-santiago\/files\/2019\/08\/IMG_0294-680x382.jpg 680w\" sizes=\"auto, (max-width: 952px) 100vw, 952px\" \/><\/figure><figure class=\"carousel-item\"><img loading=\"lazy\" decoding=\"async\" width=\"952\" height=\"534\" src=\"https:\/\/medicina.udd.cl\/fonoaudiologia-santiago\/files\/2019\/08\/IMG_0312-952x534.jpg\" class=\"attachment-landscape_952 size-landscape_952\" alt=\"\" srcset=\"https:\/\/medicina.udd.cl\/fonoaudiologia-santiago\/files\/2019\/08\/IMG_0312-952x534.jpg 952w, https:\/\/medicina.udd.cl\/fonoaudiologia-santiago\/files\/2019\/08\/IMG_0312-1366x768.jpg 1366w, https:\/\/medicina.udd.cl\/fonoaudiologia-santiago\/files\/2019\/08\/IMG_0312-680x382.jpg 680w\" sizes=\"auto, (max-width: 952px) 100vw, 952px\" \/><\/figure><figure class=\"carousel-item\"><img loading=\"lazy\" decoding=\"async\" width=\"952\" height=\"534\" src=\"https:\/\/medicina.udd.cl\/fonoaudiologia-santiago\/files\/2019\/08\/IMG_0321-952x534.jpg\" class=\"attachment-landscape_952 size-landscape_952\" alt=\"\" srcset=\"https:\/\/medicina.udd.cl\/fonoaudiologia-santiago\/files\/2019\/08\/IMG_0321-952x534.jpg 952w, https:\/\/medicina.udd.cl\/fonoaudiologia-santiago\/files\/2019\/08\/IMG_0321-1366x768.jpg 1366w, https:\/\/medicina.udd.cl\/fonoaudiologia-santiago\/files\/2019\/08\/IMG_0321-680x382.jpg 680w\" sizes=\"auto, (max-width: 952px) 100vw, 952px\" \/><\/figure><figure class=\"carousel-item\"><img loading=\"lazy\" decoding=\"async\" width=\"952\" height=\"534\" src=\"https:\/\/medicina.udd.cl\/fonoaudiologia-santiago\/files\/2019\/08\/IMG_0326-1-952x534.jpg\" class=\"attachment-landscape_952 size-landscape_952\" alt=\"\" srcset=\"https:\/\/medicina.udd.cl\/fonoaudiologia-santiago\/files\/2019\/08\/IMG_0326-1-952x534.jpg 952w, https:\/\/medicina.udd.cl\/fonoaudiologia-santiago\/files\/2019\/08\/IMG_0326-1-1366x768.jpg 1366w, https:\/\/medicina.udd.cl\/fonoaudiologia-santiago\/files\/2019\/08\/IMG_0326-1-680x382.jpg 680w\" sizes=\"auto, (max-width: 952px) 100vw, 952px\" \/><\/figure><figure class=\"carousel-item\"><img loading=\"lazy\" decoding=\"async\" width=\"952\" height=\"534\" src=\"https:\/\/medicina.udd.cl\/fonoaudiologia-santiago\/files\/2019\/08\/IMG_0325-952x534.jpg\" class=\"attachment-landscape_952 size-landscape_952\" alt=\"\" srcset=\"https:\/\/medicina.udd.cl\/fonoaudiologia-santiago\/files\/2019\/08\/IMG_0325-952x534.jpg 952w, https:\/\/medicina.udd.cl\/fonoaudiologia-santiago\/files\/2019\/08\/IMG_0325-1366x768.jpg 1366w, https:\/\/medicina.udd.cl\/fonoaudiologia-santiago\/files\/2019\/08\/IMG_0325-680x382.jpg 680w\" sizes=\"auto, (max-width: 952px) 100vw, 952px\" \/><\/figure><figure class=\"carousel-item\"><img loading=\"lazy\" decoding=\"async\" width=\"952\" height=\"534\" src=\"https:\/\/medicina.udd.cl\/fonoaudiologia-santiago\/files\/2019\/08\/IMG_0320-1-952x534.jpg\" class=\"attachment-landscape_952 size-landscape_952\" alt=\"\" srcset=\"https:\/\/medicina.udd.cl\/fonoaudiologia-santiago\/files\/2019\/08\/IMG_0320-1-952x534.jpg 952w, https:\/\/medicina.udd.cl\/fonoaudiologia-santiago\/files\/2019\/08\/IMG_0320-1-1366x768.jpg 1366w, https:\/\/medicina.udd.cl\/fonoaudiologia-santiago\/files\/2019\/08\/IMG_0320-1-680x382.jpg 680w\" sizes=\"auto, (max-width: 952px) 100vw, 952px\" \/><\/figure><figure class=\"carousel-item\"><img loading=\"lazy\" decoding=\"async\" width=\"952\" height=\"534\" src=\"https:\/\/medicina.udd.cl\/fonoaudiologia-santiago\/files\/2019\/08\/IMG_0302-1-952x534.jpg\" class=\"attachment-landscape_952 size-landscape_952\" alt=\"\" srcset=\"https:\/\/medicina.udd.cl\/fonoaudiologia-santiago\/files\/2019\/08\/IMG_0302-1-952x534.jpg 952w, https:\/\/medicina.udd.cl\/fonoaudiologia-santiago\/files\/2019\/08\/IMG_0302-1-1366x768.jpg 1366w, https:\/\/medicina.udd.cl\/fonoaudiologia-santiago\/files\/2019\/08\/IMG_0302-1-680x382.jpg 680w\" sizes=\"auto, (max-width: 952px) 100vw, 952px\" \/><\/figure><\/div><footer class=\"carousel-footer\"><div class=\"carousel-counter\"><span class=\"carousel-counter-current\"><\/span> \/ <span class=\"carousel-counter-total\"><\/span><\/div><a class=\"carousel-control-prev\" href=\"#gallery-1\" role=\"button\" data-slide=\"prev\"><svg aria-hidden=\"true\" class=\"svg-chevron-left-dims\"><use xlink:href='https:\/\/medicina.udd.cl\/fonoaudiologia-santiago\/wp-content\/themes\/facultades-2018\/assets\/img\/svg\/dist\/main.svg?version=1695853099#chevron-left'><\/use><\/svg><span class=\"sr-only\">Anterior<\/span><\/a><a class=\"carousel-control-next\" href=\"#gallery-1\" role=\"button\" data-slide=\"next\"><svg aria-hidden=\"true\" class=\"svg-chevron-right-dims\"><use xlink:href='https:\/\/medicina.udd.cl\/fonoaudiologia-santiago\/wp-content\/themes\/facultades-2018\/assets\/img\/svg\/dist\/main.svg?version=1695853099#chevron-right'><\/use><\/svg><span class=\"sr-only\">Siguiente<\/span><\/a><\/footer><\/div>\n<p>\u00bfHan visto alguna vez como se intuba a una persona y c\u00f3mo esto lo puede afectar en su degluci\u00f3n? Fue la primera interrogante que realiz\u00f3 el reconocido fonoaudi\u00f3logo de la Universidad Johns Hopkins, Martin B. Brodsky, Ph.D., a los estudiantes de Fonoaudiolog\u00eda y profesionales de la salud que asistieron a su charla sobre Disfagia post Extubaci\u00f3n, realizada en el aula magna de la Facultad de Medicina Cl\u00ednica Alemana Universidad del Desarrollo y organizada por la carrera de Fonoaudiolog\u00eda de la UDD.<\/p>\n<p>\u201cEn Estados Unidos, cerca del 20% de las personas que entran a la UCI son intubados. Hasta hace unos a\u00f1os los fonoaudi\u00f3logos no estaban la UCI, hoy la realidad es distinta. Cuando vean casos cl\u00ednicos, les recomiendo revisar las fichas de los pacientes que pasan por la UCI, son tiempos prolongados de evaluaciones y resultados, que, les servir\u00e1n para entregarles una perspectiva de lo que sucede\u201d, se\u00f1al\u00f3 Brodsky.<\/p>\n<p>Por parte de la Carrera, los encargados de organizar la actividad fueron la docente Sof\u00eda Aranda en conjunto al Equipo del \u00e1rea Adulto del cual forma parte hace 6 a\u00f1os, quienes destacaron el inter\u00e9s que esta charla de actualizaci\u00f3n gener\u00f3 y enfatizaron en la importancia de implementar m\u00e1s instancias de \u00e9ste tipo, que permitan que expertos transmitan y compartan con las nuevas generaciones de fonoaudi\u00f3logos informaci\u00f3n actualizada y evidencia cl\u00ednica, para brindar a sus pacientes una atenci\u00f3n de calidad.<\/p>\n","protected":false},"excerpt":{"rendered":"<p>Alrededor de 350 asistentes tuvieron la oportunidad de participar en la charla dictada por el Fonoaudi\u00f3logo Martin B. Brodsky, Ph.D. quien comparti\u00f3 su experiencia cl\u00ednica y acad\u00e9mica dentro de la Unidad de Paciente Cr\u00edtico. <\/p>\n","protected":false},"author":9192218,"featured_media":4572,"comment_status":"open","ping_status":"open","sticky":false,"template":"","format":"standard","meta":{"footnotes":""},"categories":[4],"tags":[],"class_list":["post-4631","post","type-post","status-publish","format-standard","has-post-thumbnail","hentry","category-noticias"],"yoast_head":"<!-- This site is optimized with the Yoast SEO plugin v26.9 - https:\/\/yoast.com\/product\/yoast-seo-wordpress\/ -->\n<title>Experto de la Universidad Johns Hopkins realiza charla de actualizaci\u00f3n sobre Disfagia post Extubaci\u00f3n - Fonoaudiolog\u00eda<\/title>\n<meta name=\"robots\" content=\"index, follow, max-snippet:-1, max-image-preview:large, max-video-preview:-1\" \/>\n<link rel=\"canonical\" href=\"https:\/\/medicina.udd.cl\/fonoaudiologia-santiago\/noticias\/2019\/08\/29\/experto-de-la-universidad-johns-hopkins-realiza-charla-de-actualizacion-sobre-disfagia-post-extubacion\/\" \/>\n<meta property=\"og:locale\" content=\"es_ES\" \/>\n<meta property=\"og:type\" content=\"article\" \/>\n<meta property=\"og:title\" content=\"Experto de la Universidad Johns Hopkins realiza charla de actualizaci\u00f3n sobre Disfagia post Extubaci\u00f3n - Fonoaudiolog\u00eda\" \/>\n<meta property=\"og:description\" content=\"Alrededor de 350 asistentes tuvieron la oportunidad de participar en la charla dictada por el Fonoaudi\u00f3logo Martin B. Brodsky, Ph.D. quien comparti\u00f3 su experiencia cl\u00ednica y acad\u00e9mica dentro de la Unidad de Paciente Cr\u00edtico.\" \/>\n<meta property=\"og:url\" content=\"https:\/\/medicina.udd.cl\/fonoaudiologia-santiago\/noticias\/2019\/08\/29\/experto-de-la-universidad-johns-hopkins-realiza-charla-de-actualizacion-sobre-disfagia-post-extubacion\/\" \/>\n<meta property=\"og:site_name\" content=\"Fonoaudiolog\u00eda\" \/>\n<meta property=\"article:published_time\" content=\"2019-08-29T21:10:36+00:00\" \/>\n<meta property=\"article:modified_time\" content=\"2019-12-23T01:33:11+00:00\" \/>\n<meta property=\"og:image\" content=\"https:\/\/medicina.udd.cl\/fonoaudiologia-santiago\/files\/2019\/08\/IMG_0302-1-1024x683.jpg\" \/>\n\t<meta property=\"og:image:width\" content=\"1024\" \/>\n\t<meta property=\"og:image:height\" content=\"683\" \/>\n\t<meta property=\"og:image:type\" content=\"image\/jpeg\" \/>\n<meta name=\"twitter:label1\" content=\"Escrito por\" \/>\n\t<meta name=\"twitter:data1\" content=\"\" \/>\n\t<meta name=\"twitter:label2\" content=\"Tiempo de lectura\" \/>\n\t<meta name=\"twitter:data2\" content=\"1 minuto\" \/>\n<script type=\"application\/ld+json\" class=\"yoast-schema-graph\">{\"@context\":\"https:\/\/schema.org\",\"@graph\":[{\"@type\":\"Article\",\"@id\":\"https:\/\/medicina.udd.cl\/fonoaudiologia-santiago\/noticias\/2019\/08\/29\/experto-de-la-universidad-johns-hopkins-realiza-charla-de-actualizacion-sobre-disfagia-post-extubacion\/#article\",\"isPartOf\":{\"@id\":\"https:\/\/medicina.udd.cl\/fonoaudiologia-santiago\/noticias\/2019\/08\/29\/experto-de-la-universidad-johns-hopkins-realiza-charla-de-actualizacion-sobre-disfagia-post-extubacion\/\"},\"author\":{\"name\":\"\",\"@id\":\"\"},\"headline\":\"Experto de la Universidad Johns Hopkins realiza charla de actualizaci\u00f3n sobre Disfagia post Extubaci\u00f3n\",\"datePublished\":\"2019-08-29T21:10:36+00:00\",\"dateModified\":\"2019-12-23T01:33:11+00:00\",\"mainEntityOfPage\":{\"@id\":\"https:\/\/medicina.udd.cl\/fonoaudiologia-santiago\/noticias\/2019\/08\/29\/experto-de-la-universidad-johns-hopkins-realiza-charla-de-actualizacion-sobre-disfagia-post-extubacion\/\"},\"wordCount\":266,\"commentCount\":0,\"image\":{\"@id\":\"https:\/\/medicina.udd.cl\/fonoaudiologia-santiago\/noticias\/2019\/08\/29\/experto-de-la-universidad-johns-hopkins-realiza-charla-de-actualizacion-sobre-disfagia-post-extubacion\/#primaryimage\"},\"thumbnailUrl\":\"https:\/\/medicina.udd.cl\/fonoaudiologia-santiago\/files\/2019\/08\/IMG_0302-1.jpg\",\"articleSection\":[\"Noticias\"],\"inLanguage\":\"es\",\"potentialAction\":[{\"@type\":\"CommentAction\",\"name\":\"Comment\",\"target\":[\"https:\/\/medicina.udd.cl\/fonoaudiologia-santiago\/noticias\/2019\/08\/29\/experto-de-la-universidad-johns-hopkins-realiza-charla-de-actualizacion-sobre-disfagia-post-extubacion\/#respond\"]}]},{\"@type\":\"WebPage\",\"@id\":\"https:\/\/medicina.udd.cl\/fonoaudiologia-santiago\/noticias\/2019\/08\/29\/experto-de-la-universidad-johns-hopkins-realiza-charla-de-actualizacion-sobre-disfagia-post-extubacion\/\",\"url\":\"https:\/\/medicina.udd.cl\/fonoaudiologia-santiago\/noticias\/2019\/08\/29\/experto-de-la-universidad-johns-hopkins-realiza-charla-de-actualizacion-sobre-disfagia-post-extubacion\/\",\"name\":\"Experto de la Universidad Johns Hopkins realiza charla de actualizaci\u00f3n sobre Disfagia post Extubaci\u00f3n - Fonoaudiolog\u00eda\",\"isPartOf\":{\"@id\":\"https:\/\/medicina.udd.cl\/fonoaudiologia-santiago\/#website\"},\"primaryImageOfPage\":{\"@id\":\"https:\/\/medicina.udd.cl\/fonoaudiologia-santiago\/noticias\/2019\/08\/29\/experto-de-la-universidad-johns-hopkins-realiza-charla-de-actualizacion-sobre-disfagia-post-extubacion\/#primaryimage\"},\"image\":{\"@id\":\"https:\/\/medicina.udd.cl\/fonoaudiologia-santiago\/noticias\/2019\/08\/29\/experto-de-la-universidad-johns-hopkins-realiza-charla-de-actualizacion-sobre-disfagia-post-extubacion\/#primaryimage\"},\"thumbnailUrl\":\"https:\/\/medicina.udd.cl\/fonoaudiologia-santiago\/files\/2019\/08\/IMG_0302-1.jpg\",\"datePublished\":\"2019-08-29T21:10:36+00:00\",\"dateModified\":\"2019-12-23T01:33:11+00:00\",\"author\":{\"@id\":\"\"},\"breadcrumb\":{\"@id\":\"https:\/\/medicina.udd.cl\/fonoaudiologia-santiago\/noticias\/2019\/08\/29\/experto-de-la-universidad-johns-hopkins-realiza-charla-de-actualizacion-sobre-disfagia-post-extubacion\/#breadcrumb\"},\"inLanguage\":\"es\",\"potentialAction\":[{\"@type\":\"ReadAction\",\"target\":[\"https:\/\/medicina.udd.cl\/fonoaudiologia-santiago\/noticias\/2019\/08\/29\/experto-de-la-universidad-johns-hopkins-realiza-charla-de-actualizacion-sobre-disfagia-post-extubacion\/\"]}]},{\"@type\":\"ImageObject\",\"inLanguage\":\"es\",\"@id\":\"https:\/\/medicina.udd.cl\/fonoaudiologia-santiago\/noticias\/2019\/08\/29\/experto-de-la-universidad-johns-hopkins-realiza-charla-de-actualizacion-sobre-disfagia-post-extubacion\/#primaryimage\",\"url\":\"https:\/\/medicina.udd.cl\/fonoaudiologia-santiago\/files\/2019\/08\/IMG_0302-1.jpg\",\"contentUrl\":\"https:\/\/medicina.udd.cl\/fonoaudiologia-santiago\/files\/2019\/08\/IMG_0302-1.jpg\",\"width\":5184,\"height\":3456},{\"@type\":\"BreadcrumbList\",\"@id\":\"https:\/\/medicina.udd.cl\/fonoaudiologia-santiago\/noticias\/2019\/08\/29\/experto-de-la-universidad-johns-hopkins-realiza-charla-de-actualizacion-sobre-disfagia-post-extubacion\/#breadcrumb\",\"itemListElement\":[{\"@type\":\"ListItem\",\"position\":1,\"name\":\"Home\",\"item\":\"https:\/\/medicina.udd.cl\/fonoaudiologia-santiago\/\"},{\"@type\":\"ListItem\",\"position\":2,\"name\":\"Experto de la Universidad Johns Hopkins realiza charla de actualizaci\u00f3n sobre Disfagia post Extubaci\u00f3n\"}]},{\"@type\":\"WebSite\",\"@id\":\"https:\/\/medicina.udd.cl\/fonoaudiologia-santiago\/#website\",\"url\":\"https:\/\/medicina.udd.cl\/fonoaudiologia-santiago\/\",\"name\":\"Fonoaudiolog\u00eda\",\"description\":\"Facultad de Medicina Cl\u00ednica Alemana Universidad del Desarrollo\",\"inLanguage\":\"es\"},{\"@type\":\"Person\",\"@id\":\"\",\"url\":\"https:\/\/medicina.udd.cl\/fonoaudiologia-santiago\/noticias\/author\/\"}]}<\/script>\n<!-- \/ Yoast SEO plugin. -->","yoast_head_json":{"title":"Experto de la Universidad Johns Hopkins realiza charla de actualizaci\u00f3n sobre Disfagia post Extubaci\u00f3n - Fonoaudiolog\u00eda","robots":{"index":"index","follow":"follow","max-snippet":"max-snippet:-1","max-image-preview":"max-image-preview:large","max-video-preview":"max-video-preview:-1"},"canonical":"https:\/\/medicina.udd.cl\/fonoaudiologia-santiago\/noticias\/2019\/08\/29\/experto-de-la-universidad-johns-hopkins-realiza-charla-de-actualizacion-sobre-disfagia-post-extubacion\/","og_locale":"es_ES","og_type":"article","og_title":"Experto de la Universidad Johns Hopkins realiza charla de actualizaci\u00f3n sobre Disfagia post Extubaci\u00f3n - Fonoaudiolog\u00eda","og_description":"Alrededor de 350 asistentes tuvieron la oportunidad de participar en la charla dictada por el Fonoaudi\u00f3logo Martin B. Brodsky, Ph.D. quien comparti\u00f3 su experiencia cl\u00ednica y acad\u00e9mica dentro de la Unidad de Paciente Cr\u00edtico.","og_url":"https:\/\/medicina.udd.cl\/fonoaudiologia-santiago\/noticias\/2019\/08\/29\/experto-de-la-universidad-johns-hopkins-realiza-charla-de-actualizacion-sobre-disfagia-post-extubacion\/","og_site_name":"Fonoaudiolog\u00eda","article_published_time":"2019-08-29T21:10:36+00:00","article_modified_time":"2019-12-23T01:33:11+00:00","og_image":[{"width":1024,"height":683,"url":"https:\/\/medicina.udd.cl\/fonoaudiologia-santiago\/files\/2019\/08\/IMG_0302-1-1024x683.jpg","type":"image\/jpeg"}],"twitter_misc":{"Escrito por":"","Tiempo de lectura":"1 minuto"},"schema":{"@context":"https:\/\/schema.org","@graph":[{"@type":"Article","@id":"https:\/\/medicina.udd.cl\/fonoaudiologia-santiago\/noticias\/2019\/08\/29\/experto-de-la-universidad-johns-hopkins-realiza-charla-de-actualizacion-sobre-disfagia-post-extubacion\/#article","isPartOf":{"@id":"https:\/\/medicina.udd.cl\/fonoaudiologia-santiago\/noticias\/2019\/08\/29\/experto-de-la-universidad-johns-hopkins-realiza-charla-de-actualizacion-sobre-disfagia-post-extubacion\/"},"author":{"name":"","@id":""},"headline":"Experto de la Universidad Johns Hopkins realiza charla de actualizaci\u00f3n sobre Disfagia post Extubaci\u00f3n","datePublished":"2019-08-29T21:10:36+00:00","dateModified":"2019-12-23T01:33:11+00:00","mainEntityOfPage":{"@id":"https:\/\/medicina.udd.cl\/fonoaudiologia-santiago\/noticias\/2019\/08\/29\/experto-de-la-universidad-johns-hopkins-realiza-charla-de-actualizacion-sobre-disfagia-post-extubacion\/"},"wordCount":266,"commentCount":0,"image":{"@id":"https:\/\/medicina.udd.cl\/fonoaudiologia-santiago\/noticias\/2019\/08\/29\/experto-de-la-universidad-johns-hopkins-realiza-charla-de-actualizacion-sobre-disfagia-post-extubacion\/#primaryimage"},"thumbnailUrl":"https:\/\/medicina.udd.cl\/fonoaudiologia-santiago\/files\/2019\/08\/IMG_0302-1.jpg","articleSection":["Noticias"],"inLanguage":"es","potentialAction":[{"@type":"CommentAction","name":"Comment","target":["https:\/\/medicina.udd.cl\/fonoaudiologia-santiago\/noticias\/2019\/08\/29\/experto-de-la-universidad-johns-hopkins-realiza-charla-de-actualizacion-sobre-disfagia-post-extubacion\/#respond"]}]},{"@type":"WebPage","@id":"https:\/\/medicina.udd.cl\/fonoaudiologia-santiago\/noticias\/2019\/08\/29\/experto-de-la-universidad-johns-hopkins-realiza-charla-de-actualizacion-sobre-disfagia-post-extubacion\/","url":"https:\/\/medicina.udd.cl\/fonoaudiologia-santiago\/noticias\/2019\/08\/29\/experto-de-la-universidad-johns-hopkins-realiza-charla-de-actualizacion-sobre-disfagia-post-extubacion\/","name":"Experto de la Universidad Johns Hopkins realiza charla de actualizaci\u00f3n sobre Disfagia post Extubaci\u00f3n - Fonoaudiolog\u00eda","isPartOf":{"@id":"https:\/\/medicina.udd.cl\/fonoaudiologia-santiago\/#website"},"primaryImageOfPage":{"@id":"https:\/\/medicina.udd.cl\/fonoaudiologia-santiago\/noticias\/2019\/08\/29\/experto-de-la-universidad-johns-hopkins-realiza-charla-de-actualizacion-sobre-disfagia-post-extubacion\/#primaryimage"},"image":{"@id":"https:\/\/medicina.udd.cl\/fonoaudiologia-santiago\/noticias\/2019\/08\/29\/experto-de-la-universidad-johns-hopkins-realiza-charla-de-actualizacion-sobre-disfagia-post-extubacion\/#primaryimage"},"thumbnailUrl":"https:\/\/medicina.udd.cl\/fonoaudiologia-santiago\/files\/2019\/08\/IMG_0302-1.jpg","datePublished":"2019-08-29T21:10:36+00:00","dateModified":"2019-12-23T01:33:11+00:00","author":{"@id":""},"breadcrumb":{"@id":"https:\/\/medicina.udd.cl\/fonoaudiologia-santiago\/noticias\/2019\/08\/29\/experto-de-la-universidad-johns-hopkins-realiza-charla-de-actualizacion-sobre-disfagia-post-extubacion\/#breadcrumb"},"inLanguage":"es","potentialAction":[{"@type":"ReadAction","target":["https:\/\/medicina.udd.cl\/fonoaudiologia-santiago\/noticias\/2019\/08\/29\/experto-de-la-universidad-johns-hopkins-realiza-charla-de-actualizacion-sobre-disfagia-post-extubacion\/"]}]},{"@type":"ImageObject","inLanguage":"es","@id":"https:\/\/medicina.udd.cl\/fonoaudiologia-santiago\/noticias\/2019\/08\/29\/experto-de-la-universidad-johns-hopkins-realiza-charla-de-actualizacion-sobre-disfagia-post-extubacion\/#primaryimage","url":"https:\/\/medicina.udd.cl\/fonoaudiologia-santiago\/files\/2019\/08\/IMG_0302-1.jpg","contentUrl":"https:\/\/medicina.udd.cl\/fonoaudiologia-santiago\/files\/2019\/08\/IMG_0302-1.jpg","width":5184,"height":3456},{"@type":"BreadcrumbList","@id":"https:\/\/medicina.udd.cl\/fonoaudiologia-santiago\/noticias\/2019\/08\/29\/experto-de-la-universidad-johns-hopkins-realiza-charla-de-actualizacion-sobre-disfagia-post-extubacion\/#breadcrumb","itemListElement":[{"@type":"ListItem","position":1,"name":"Home","item":"https:\/\/medicina.udd.cl\/fonoaudiologia-santiago\/"},{"@type":"ListItem","position":2,"name":"Experto de la Universidad Johns Hopkins realiza charla de actualizaci\u00f3n sobre Disfagia post Extubaci\u00f3n"}]},{"@type":"WebSite","@id":"https:\/\/medicina.udd.cl\/fonoaudiologia-santiago\/#website","url":"https:\/\/medicina.udd.cl\/fonoaudiologia-santiago\/","name":"Fonoaudiolog\u00eda","description":"Facultad de Medicina Cl\u00ednica Alemana Universidad del Desarrollo","inLanguage":"es"},{"@type":"Person","@id":"","url":"https:\/\/medicina.udd.cl\/fonoaudiologia-santiago\/noticias\/author\/"}]}},"featured_image_url":"https:\/\/medicina.udd.cl\/fonoaudiologia-santiago\/files\/2019\/08\/IMG_0302-1.jpg","_links":{"self":[{"href":"https:\/\/medicina.udd.cl\/fonoaudiologia-santiago\/wp-json\/wp\/v2\/posts\/4631","targetHints":{"allow":["GET"]}}],"collection":[{"href":"https:\/\/medicina.udd.cl\/fonoaudiologia-santiago\/wp-json\/wp\/v2\/posts"}],"about":[{"href":"https:\/\/medicina.udd.cl\/fonoaudiologia-santiago\/wp-json\/wp\/v2\/types\/post"}],"author":[{"embeddable":true,"href":"https:\/\/medicina.udd.cl\/fonoaudiologia-santiago\/wp-json\/wp\/v2\/users\/9192218"}],"replies":[{"embeddable":true,"href":"https:\/\/medicina.udd.cl\/fonoaudiologia-santiago\/wp-json\/wp\/v2\/comments?post=4631"}],"version-history":[{"count":1,"href":"https:\/\/medicina.udd.cl\/fonoaudiologia-santiago\/wp-json\/wp\/v2\/posts\/4631\/revisions"}],"predecessor-version":[{"id":4639,"href":"https:\/\/medicina.udd.cl\/fonoaudiologia-santiago\/wp-json\/wp\/v2\/posts\/4631\/revisions\/4639"}],"wp:featuredmedia":[{"embeddable":true,"href":"https:\/\/medicina.udd.cl\/fonoaudiologia-santiago\/wp-json\/wp\/v2\/media\/4572"}],"wp:attachment":[{"href":"https:\/\/medicina.udd.cl\/fonoaudiologia-santiago\/wp-json\/wp\/v2\/media?parent=4631"}],"wp:term":[{"taxonomy":"category","embeddable":true,"href":"https:\/\/medicina.udd.cl\/fonoaudiologia-santiago\/wp-json\/wp\/v2\/categories?post=4631"},{"taxonomy":"post_tag","embeddable":true,"href":"https:\/\/medicina.udd.cl\/fonoaudiologia-santiago\/wp-json\/wp\/v2\/tags?post=4631"}],"curies":[{"name":"wp","href":"https:\/\/api.w.org\/{rel}","templated":true}]}}