{"id":4632,"date":"2019-09-11T10:50:56","date_gmt":"2019-09-11T13:50:56","guid":{"rendered":"http:\/\/medicina.udd.cl\/fonoaudiologia-santiago\/?p=4575"},"modified":"2019-12-22T22:33:11","modified_gmt":"2019-12-23T01:33:11","slug":"mas-de-60-personas-reciben-creditos-internacionales-de-ag-bell-academy-en-el-ii-curso-internacional-de-rehabilitacion-auditiva","status":"publish","type":"post","link":"https:\/\/medicina.udd.cl\/fonoaudiologia-santiago\/noticias\/2019\/09\/11\/mas-de-60-personas-reciben-creditos-internacionales-de-ag-bell-academy-en-el-ii-curso-internacional-de-rehabilitacion-auditiva\/","title":{"rendered":"Carrera de Fonoaudiolog\u00eda organiza el II Curso Internacional de Rehabilitaci\u00f3n Auditiva"},"content":{"rendered":"<div id=\"gallery-1\" class=\"carousel slide carousel-gallery\" data-ride=\"false\" data-interval=\"false\"><div class=\"carousel-inner\" role=\"listbox\"><figure class=\"carousel-item active\"><img loading=\"lazy\" decoding=\"async\" width=\"952\" height=\"534\" src=\"https:\/\/medicina.udd.cl\/fonoaudiologia-santiago\/files\/2019\/09\/IMG_0646-952x534.jpg\" class=\"attachment-landscape_952 size-landscape_952\" alt=\"\" srcset=\"https:\/\/medicina.udd.cl\/fonoaudiologia-santiago\/files\/2019\/09\/IMG_0646-952x534.jpg 952w, https:\/\/medicina.udd.cl\/fonoaudiologia-santiago\/files\/2019\/09\/IMG_0646-1366x768.jpg 1366w, https:\/\/medicina.udd.cl\/fonoaudiologia-santiago\/files\/2019\/09\/IMG_0646-680x382.jpg 680w\" sizes=\"auto, (max-width: 952px) 100vw, 952px\" \/><\/figure><figure class=\"carousel-item\"><img loading=\"lazy\" decoding=\"async\" width=\"952\" height=\"534\" src=\"https:\/\/medicina.udd.cl\/fonoaudiologia-santiago\/files\/2019\/09\/IMG_0667-952x534.jpg\" class=\"attachment-landscape_952 size-landscape_952\" alt=\"\" srcset=\"https:\/\/medicina.udd.cl\/fonoaudiologia-santiago\/files\/2019\/09\/IMG_0667-952x534.jpg 952w, https:\/\/medicina.udd.cl\/fonoaudiologia-santiago\/files\/2019\/09\/IMG_0667-1366x768.jpg 1366w, https:\/\/medicina.udd.cl\/fonoaudiologia-santiago\/files\/2019\/09\/IMG_0667-680x382.jpg 680w\" sizes=\"auto, (max-width: 952px) 100vw, 952px\" \/><\/figure><figure class=\"carousel-item\"><img loading=\"lazy\" decoding=\"async\" width=\"952\" height=\"534\" src=\"https:\/\/medicina.udd.cl\/fonoaudiologia-santiago\/files\/2019\/09\/IMG_0674-952x534.jpg\" class=\"attachment-landscape_952 size-landscape_952\" alt=\"\" srcset=\"https:\/\/medicina.udd.cl\/fonoaudiologia-santiago\/files\/2019\/09\/IMG_0674-952x534.jpg 952w, https:\/\/medicina.udd.cl\/fonoaudiologia-santiago\/files\/2019\/09\/IMG_0674-1366x768.jpg 1366w, https:\/\/medicina.udd.cl\/fonoaudiologia-santiago\/files\/2019\/09\/IMG_0674-680x382.jpg 680w\" sizes=\"auto, (max-width: 952px) 100vw, 952px\" \/><\/figure><figure class=\"carousel-item\"><img loading=\"lazy\" decoding=\"async\" width=\"952\" height=\"534\" src=\"https:\/\/medicina.udd.cl\/fonoaudiologia-santiago\/files\/2019\/09\/IMG_0658-952x534.jpg\" class=\"attachment-landscape_952 size-landscape_952\" alt=\"\" srcset=\"https:\/\/medicina.udd.cl\/fonoaudiologia-santiago\/files\/2019\/09\/IMG_0658-952x534.jpg 952w, https:\/\/medicina.udd.cl\/fonoaudiologia-santiago\/files\/2019\/09\/IMG_0658-1366x768.jpg 1366w, https:\/\/medicina.udd.cl\/fonoaudiologia-santiago\/files\/2019\/09\/IMG_0658-680x382.jpg 680w\" sizes=\"auto, (max-width: 952px) 100vw, 952px\" \/><\/figure><figure class=\"carousel-item\"><img loading=\"lazy\" decoding=\"async\" width=\"952\" height=\"534\" src=\"https:\/\/medicina.udd.cl\/fonoaudiologia-santiago\/files\/2019\/09\/IMG_0731-952x534.jpg\" class=\"attachment-landscape_952 size-landscape_952\" alt=\"\" srcset=\"https:\/\/medicina.udd.cl\/fonoaudiologia-santiago\/files\/2019\/09\/IMG_0731-952x534.jpg 952w, https:\/\/medicina.udd.cl\/fonoaudiologia-santiago\/files\/2019\/09\/IMG_0731-1366x768.jpg 1366w, https:\/\/medicina.udd.cl\/fonoaudiologia-santiago\/files\/2019\/09\/IMG_0731-680x382.jpg 680w\" sizes=\"auto, (max-width: 952px) 100vw, 952px\" \/><\/figure><figure class=\"carousel-item\"><img loading=\"lazy\" decoding=\"async\" width=\"952\" height=\"534\" src=\"https:\/\/medicina.udd.cl\/fonoaudiologia-santiago\/files\/2019\/09\/IMG_0725-952x534.jpg\" class=\"attachment-landscape_952 size-landscape_952\" alt=\"\" srcset=\"https:\/\/medicina.udd.cl\/fonoaudiologia-santiago\/files\/2019\/09\/IMG_0725-952x534.jpg 952w, https:\/\/medicina.udd.cl\/fonoaudiologia-santiago\/files\/2019\/09\/IMG_0725-1366x768.jpg 1366w, https:\/\/medicina.udd.cl\/fonoaudiologia-santiago\/files\/2019\/09\/IMG_0725-680x382.jpg 680w\" sizes=\"auto, (max-width: 952px) 100vw, 952px\" \/><\/figure><figure class=\"carousel-item\"><img loading=\"lazy\" decoding=\"async\" width=\"952\" height=\"534\" src=\"https:\/\/medicina.udd.cl\/fonoaudiologia-santiago\/files\/2019\/09\/IMG_0736-952x534.jpg\" class=\"attachment-landscape_952 size-landscape_952\" alt=\"\" srcset=\"https:\/\/medicina.udd.cl\/fonoaudiologia-santiago\/files\/2019\/09\/IMG_0736-952x534.jpg 952w, https:\/\/medicina.udd.cl\/fonoaudiologia-santiago\/files\/2019\/09\/IMG_0736-1366x768.jpg 1366w, https:\/\/medicina.udd.cl\/fonoaudiologia-santiago\/files\/2019\/09\/IMG_0736-680x382.jpg 680w\" sizes=\"auto, (max-width: 952px) 100vw, 952px\" \/><\/figure><figure class=\"carousel-item\"><img loading=\"lazy\" decoding=\"async\" width=\"952\" height=\"534\" src=\"https:\/\/medicina.udd.cl\/fonoaudiologia-santiago\/files\/2019\/09\/IMG_0751-952x534.jpg\" class=\"attachment-landscape_952 size-landscape_952\" alt=\"\" srcset=\"https:\/\/medicina.udd.cl\/fonoaudiologia-santiago\/files\/2019\/09\/IMG_0751-952x534.jpg 952w, https:\/\/medicina.udd.cl\/fonoaudiologia-santiago\/files\/2019\/09\/IMG_0751-1366x768.jpg 1366w, https:\/\/medicina.udd.cl\/fonoaudiologia-santiago\/files\/2019\/09\/IMG_0751-680x382.jpg 680w\" sizes=\"auto, (max-width: 952px) 100vw, 952px\" \/><\/figure><figure class=\"carousel-item\"><img loading=\"lazy\" decoding=\"async\" width=\"952\" height=\"534\" src=\"https:\/\/medicina.udd.cl\/fonoaudiologia-santiago\/files\/2019\/09\/IMG_0683-952x534.jpg\" class=\"attachment-landscape_952 size-landscape_952\" alt=\"\" srcset=\"https:\/\/medicina.udd.cl\/fonoaudiologia-santiago\/files\/2019\/09\/IMG_0683-952x534.jpg 952w, https:\/\/medicina.udd.cl\/fonoaudiologia-santiago\/files\/2019\/09\/IMG_0683-1366x768.jpg 1366w, https:\/\/medicina.udd.cl\/fonoaudiologia-santiago\/files\/2019\/09\/IMG_0683-680x382.jpg 680w\" sizes=\"auto, (max-width: 952px) 100vw, 952px\" \/><\/figure><figure class=\"carousel-item\"><img loading=\"lazy\" decoding=\"async\" width=\"952\" height=\"534\" src=\"https:\/\/medicina.udd.cl\/fonoaudiologia-santiago\/files\/2019\/09\/IMG_0650-952x534.jpg\" class=\"attachment-landscape_952 size-landscape_952\" alt=\"\" srcset=\"https:\/\/medicina.udd.cl\/fonoaudiologia-santiago\/files\/2019\/09\/IMG_0650-952x534.jpg 952w, https:\/\/medicina.udd.cl\/fonoaudiologia-santiago\/files\/2019\/09\/IMG_0650-1366x768.jpg 1366w, https:\/\/medicina.udd.cl\/fonoaudiologia-santiago\/files\/2019\/09\/IMG_0650-680x382.jpg 680w\" sizes=\"auto, (max-width: 952px) 100vw, 952px\" \/><\/figure><\/div><footer class=\"carousel-footer\"><div class=\"carousel-counter\"><span class=\"carousel-counter-current\"><\/span> \/ <span class=\"carousel-counter-total\"><\/span><\/div><a class=\"carousel-control-prev\" href=\"#gallery-1\" role=\"button\" data-slide=\"prev\"><svg aria-hidden=\"true\" class=\"svg-chevron-left-dims\"><use xlink:href='https:\/\/medicina.udd.cl\/fonoaudiologia-santiago\/wp-content\/themes\/facultades-2018\/assets\/img\/svg\/dist\/main.svg?version=1695853099#chevron-left'><\/use><\/svg><span class=\"sr-only\">Anterior<\/span><\/a><a class=\"carousel-control-next\" href=\"#gallery-1\" role=\"button\" data-slide=\"next\"><svg aria-hidden=\"true\" class=\"svg-chevron-right-dims\"><use xlink:href='https:\/\/medicina.udd.cl\/fonoaudiologia-santiago\/wp-content\/themes\/facultades-2018\/assets\/img\/svg\/dist\/main.svg?version=1695853099#chevron-right'><\/use><\/svg><span class=\"sr-only\">Siguiente<\/span><\/a><\/footer><\/div>\n<p>La Carrera de Fonoaudiolog\u00eda de la Facultad de Medicina Cl\u00ednica Alemana Universidad del Desarrollo, en su af\u00e1n de formar profesionales y generar conocimientos que ayuden al pa\u00eds en sus necesidades y desaf\u00edos, organiz\u00f3 en el Aula Magna del campus Las Condes el II Curso Internacional de Rehabilitaci\u00f3n Auditiva.<\/p>\n<p>De esta manera, los m\u00e1s de 60 asistentes recibieron informaci\u00f3n actualizada en terapias de rehabilitaci\u00f3n auditiva, permiti\u00e9ndoles optimizar sus conocimientos en intervenciones, para proyectar las mejoras en el quehacer de los profesionales del lenguaje y audici\u00f3n.<\/p>\n<p>Seg\u00fan indic\u00f3 la coordinadora acad\u00e9mica de la carrera, Mar\u00eda Antonella Urz\u00faa, el programa fue dise\u00f1ado en estrecha colaboraci\u00f3n con especialistas internacionales, en alianza con los profesionales del \u00e1rea de Rehabilitaci\u00f3n de MED-EL, y fue aprobado por AG Bell Academy.<\/p>\n<p>\u201cTodos los profesionales de la Fonoaudiolog\u00eda debemos dar continuidad a la formaci\u00f3n de excelencia, con est\u00e1ndares reales e internacionales, participando activamente al servicio de la salud en Chile y el mundo\u201d, dijo Urz\u00faa.<\/p>\n<p>Entre los expositores internacionales se encuentran Romina Piccione, directora rehabilitaci\u00f3n para MED-EL Latinoam\u00e9rica; Climara Levy, coordinadora Audiologia Educacional da ISCMSP; Rebecca Claridge, gerente de rehabilitaci\u00f3n en MED-EL; Yovana Fajardo, coordinadora acad\u00e9mica de FONAP Per\u00fa; y Natalia Claver\u00eda, de Argentina. Por su parte, de la Facultad participaron Gloria Garc\u00eda del Solar, \u00e1rea de audiolog\u00eda; Javiera Dr\u00e1pela, coordinadora \u00e1rea Audiolog\u00eda; Fonoaudi\u00f3loga; y Carolina Der, M\u00e9dico Otorrinolaring\u00f3logo de la Cl\u00ednica Alemana de Santiago.<\/p>\n","protected":false},"excerpt":{"rendered":"<p>Expositores locales e internacionales hablaron sobre la Terapia Auditiva Contempor\u00e1nea y las herramientas para el futuro de la rehabilitaci\u00f3n en Latinoam\u00e9rica.<\/p>\n","protected":false},"author":9192218,"featured_media":4587,"comment_status":"open","ping_status":"open","sticky":false,"template":"","format":"standard","meta":{"footnotes":""},"categories":[4],"tags":[],"class_list":["post-4632","post","type-post","status-publish","format-standard","has-post-thumbnail","hentry","category-noticias"],"yoast_head":"<!-- This site is optimized with the Yoast SEO plugin v26.9 - https:\/\/yoast.com\/product\/yoast-seo-wordpress\/ -->\n<title>Carrera de Fonoaudiolog\u00eda organiza el II Curso Internacional de Rehabilitaci\u00f3n Auditiva - Fonoaudiolog\u00eda<\/title>\n<meta name=\"robots\" content=\"index, follow, max-snippet:-1, max-image-preview:large, max-video-preview:-1\" \/>\n<link rel=\"canonical\" href=\"https:\/\/medicina.udd.cl\/fonoaudiologia-santiago\/noticias\/2019\/09\/11\/mas-de-60-personas-reciben-creditos-internacionales-de-ag-bell-academy-en-el-ii-curso-internacional-de-rehabilitacion-auditiva\/\" \/>\n<meta property=\"og:locale\" content=\"es_ES\" \/>\n<meta property=\"og:type\" content=\"article\" \/>\n<meta property=\"og:title\" content=\"Carrera de Fonoaudiolog\u00eda organiza el II Curso Internacional de Rehabilitaci\u00f3n Auditiva - Fonoaudiolog\u00eda\" \/>\n<meta property=\"og:description\" content=\"Expositores locales e internacionales hablaron sobre la Terapia Auditiva Contempor\u00e1nea y las herramientas para el futuro de la rehabilitaci\u00f3n en Latinoam\u00e9rica.\" \/>\n<meta property=\"og:url\" content=\"https:\/\/medicina.udd.cl\/fonoaudiologia-santiago\/noticias\/2019\/09\/11\/mas-de-60-personas-reciben-creditos-internacionales-de-ag-bell-academy-en-el-ii-curso-internacional-de-rehabilitacion-auditiva\/\" \/>\n<meta property=\"og:site_name\" content=\"Fonoaudiolog\u00eda\" \/>\n<meta property=\"article:published_time\" content=\"2019-09-11T13:50:56+00:00\" \/>\n<meta property=\"article:modified_time\" content=\"2019-12-23T01:33:11+00:00\" \/>\n<meta property=\"og:image\" content=\"https:\/\/medicina.udd.cl\/fonoaudiologia-santiago\/files\/2019\/09\/IMG_0683-1024x683.jpg\" \/>\n\t<meta property=\"og:image:width\" content=\"1024\" \/>\n\t<meta property=\"og:image:height\" content=\"683\" \/>\n\t<meta property=\"og:image:type\" content=\"image\/jpeg\" \/>\n<meta name=\"twitter:label1\" content=\"Escrito por\" \/>\n\t<meta name=\"twitter:data1\" content=\"\" \/>\n\t<meta name=\"twitter:label2\" content=\"Tiempo de lectura\" \/>\n\t<meta name=\"twitter:data2\" content=\"1 minuto\" \/>\n<script type=\"application\/ld+json\" class=\"yoast-schema-graph\">{\"@context\":\"https:\/\/schema.org\",\"@graph\":[{\"@type\":\"Article\",\"@id\":\"https:\/\/medicina.udd.cl\/fonoaudiologia-santiago\/noticias\/2019\/09\/11\/mas-de-60-personas-reciben-creditos-internacionales-de-ag-bell-academy-en-el-ii-curso-internacional-de-rehabilitacion-auditiva\/#article\",\"isPartOf\":{\"@id\":\"https:\/\/medicina.udd.cl\/fonoaudiologia-santiago\/noticias\/2019\/09\/11\/mas-de-60-personas-reciben-creditos-internacionales-de-ag-bell-academy-en-el-ii-curso-internacional-de-rehabilitacion-auditiva\/\"},\"author\":{\"name\":\"\",\"@id\":\"\"},\"headline\":\"Carrera de Fonoaudiolog\u00eda organiza el II Curso Internacional de Rehabilitaci\u00f3n Auditiva\",\"datePublished\":\"2019-09-11T13:50:56+00:00\",\"dateModified\":\"2019-12-23T01:33:11+00:00\",\"mainEntityOfPage\":{\"@id\":\"https:\/\/medicina.udd.cl\/fonoaudiologia-santiago\/noticias\/2019\/09\/11\/mas-de-60-personas-reciben-creditos-internacionales-de-ag-bell-academy-en-el-ii-curso-internacional-de-rehabilitacion-auditiva\/\"},\"wordCount\":275,\"commentCount\":0,\"image\":{\"@id\":\"https:\/\/medicina.udd.cl\/fonoaudiologia-santiago\/noticias\/2019\/09\/11\/mas-de-60-personas-reciben-creditos-internacionales-de-ag-bell-academy-en-el-ii-curso-internacional-de-rehabilitacion-auditiva\/#primaryimage\"},\"thumbnailUrl\":\"https:\/\/medicina.udd.cl\/fonoaudiologia-santiago\/files\/2019\/09\/IMG_0683.jpg\",\"articleSection\":[\"Noticias\"],\"inLanguage\":\"es\",\"potentialAction\":[{\"@type\":\"CommentAction\",\"name\":\"Comment\",\"target\":[\"https:\/\/medicina.udd.cl\/fonoaudiologia-santiago\/noticias\/2019\/09\/11\/mas-de-60-personas-reciben-creditos-internacionales-de-ag-bell-academy-en-el-ii-curso-internacional-de-rehabilitacion-auditiva\/#respond\"]}]},{\"@type\":\"WebPage\",\"@id\":\"https:\/\/medicina.udd.cl\/fonoaudiologia-santiago\/noticias\/2019\/09\/11\/mas-de-60-personas-reciben-creditos-internacionales-de-ag-bell-academy-en-el-ii-curso-internacional-de-rehabilitacion-auditiva\/\",\"url\":\"https:\/\/medicina.udd.cl\/fonoaudiologia-santiago\/noticias\/2019\/09\/11\/mas-de-60-personas-reciben-creditos-internacionales-de-ag-bell-academy-en-el-ii-curso-internacional-de-rehabilitacion-auditiva\/\",\"name\":\"Carrera de Fonoaudiolog\u00eda organiza el II Curso Internacional de Rehabilitaci\u00f3n Auditiva - Fonoaudiolog\u00eda\",\"isPartOf\":{\"@id\":\"https:\/\/medicina.udd.cl\/fonoaudiologia-santiago\/#website\"},\"primaryImageOfPage\":{\"@id\":\"https:\/\/medicina.udd.cl\/fonoaudiologia-santiago\/noticias\/2019\/09\/11\/mas-de-60-personas-reciben-creditos-internacionales-de-ag-bell-academy-en-el-ii-curso-internacional-de-rehabilitacion-auditiva\/#primaryimage\"},\"image\":{\"@id\":\"https:\/\/medicina.udd.cl\/fonoaudiologia-santiago\/noticias\/2019\/09\/11\/mas-de-60-personas-reciben-creditos-internacionales-de-ag-bell-academy-en-el-ii-curso-internacional-de-rehabilitacion-auditiva\/#primaryimage\"},\"thumbnailUrl\":\"https:\/\/medicina.udd.cl\/fonoaudiologia-santiago\/files\/2019\/09\/IMG_0683.jpg\",\"datePublished\":\"2019-09-11T13:50:56+00:00\",\"dateModified\":\"2019-12-23T01:33:11+00:00\",\"author\":{\"@id\":\"\"},\"breadcrumb\":{\"@id\":\"https:\/\/medicina.udd.cl\/fonoaudiologia-santiago\/noticias\/2019\/09\/11\/mas-de-60-personas-reciben-creditos-internacionales-de-ag-bell-academy-en-el-ii-curso-internacional-de-rehabilitacion-auditiva\/#breadcrumb\"},\"inLanguage\":\"es\",\"potentialAction\":[{\"@type\":\"ReadAction\",\"target\":[\"https:\/\/medicina.udd.cl\/fonoaudiologia-santiago\/noticias\/2019\/09\/11\/mas-de-60-personas-reciben-creditos-internacionales-de-ag-bell-academy-en-el-ii-curso-internacional-de-rehabilitacion-auditiva\/\"]}]},{\"@type\":\"ImageObject\",\"inLanguage\":\"es\",\"@id\":\"https:\/\/medicina.udd.cl\/fonoaudiologia-santiago\/noticias\/2019\/09\/11\/mas-de-60-personas-reciben-creditos-internacionales-de-ag-bell-academy-en-el-ii-curso-internacional-de-rehabilitacion-auditiva\/#primaryimage\",\"url\":\"https:\/\/medicina.udd.cl\/fonoaudiologia-santiago\/files\/2019\/09\/IMG_0683.jpg\",\"contentUrl\":\"https:\/\/medicina.udd.cl\/fonoaudiologia-santiago\/files\/2019\/09\/IMG_0683.jpg\",\"width\":5184,\"height\":3456},{\"@type\":\"BreadcrumbList\",\"@id\":\"https:\/\/medicina.udd.cl\/fonoaudiologia-santiago\/noticias\/2019\/09\/11\/mas-de-60-personas-reciben-creditos-internacionales-de-ag-bell-academy-en-el-ii-curso-internacional-de-rehabilitacion-auditiva\/#breadcrumb\",\"itemListElement\":[{\"@type\":\"ListItem\",\"position\":1,\"name\":\"Home\",\"item\":\"https:\/\/medicina.udd.cl\/fonoaudiologia-santiago\/\"},{\"@type\":\"ListItem\",\"position\":2,\"name\":\"Carrera de Fonoaudiolog\u00eda organiza el II Curso Internacional de Rehabilitaci\u00f3n Auditiva\"}]},{\"@type\":\"WebSite\",\"@id\":\"https:\/\/medicina.udd.cl\/fonoaudiologia-santiago\/#website\",\"url\":\"https:\/\/medicina.udd.cl\/fonoaudiologia-santiago\/\",\"name\":\"Fonoaudiolog\u00eda\",\"description\":\"Facultad de Medicina Cl\u00ednica Alemana Universidad del Desarrollo\",\"inLanguage\":\"es\"},{\"@type\":\"Person\",\"@id\":\"\",\"url\":\"https:\/\/medicina.udd.cl\/fonoaudiologia-santiago\/noticias\/author\/\"}]}<\/script>\n<!-- \/ Yoast SEO plugin. -->","yoast_head_json":{"title":"Carrera de Fonoaudiolog\u00eda organiza el II Curso Internacional de Rehabilitaci\u00f3n Auditiva - Fonoaudiolog\u00eda","robots":{"index":"index","follow":"follow","max-snippet":"max-snippet:-1","max-image-preview":"max-image-preview:large","max-video-preview":"max-video-preview:-1"},"canonical":"https:\/\/medicina.udd.cl\/fonoaudiologia-santiago\/noticias\/2019\/09\/11\/mas-de-60-personas-reciben-creditos-internacionales-de-ag-bell-academy-en-el-ii-curso-internacional-de-rehabilitacion-auditiva\/","og_locale":"es_ES","og_type":"article","og_title":"Carrera de Fonoaudiolog\u00eda organiza el II Curso Internacional de Rehabilitaci\u00f3n Auditiva - Fonoaudiolog\u00eda","og_description":"Expositores locales e internacionales hablaron sobre la Terapia Auditiva Contempor\u00e1nea y las herramientas para el futuro de la rehabilitaci\u00f3n en Latinoam\u00e9rica.","og_url":"https:\/\/medicina.udd.cl\/fonoaudiologia-santiago\/noticias\/2019\/09\/11\/mas-de-60-personas-reciben-creditos-internacionales-de-ag-bell-academy-en-el-ii-curso-internacional-de-rehabilitacion-auditiva\/","og_site_name":"Fonoaudiolog\u00eda","article_published_time":"2019-09-11T13:50:56+00:00","article_modified_time":"2019-12-23T01:33:11+00:00","og_image":[{"width":1024,"height":683,"url":"https:\/\/medicina.udd.cl\/fonoaudiologia-santiago\/files\/2019\/09\/IMG_0683-1024x683.jpg","type":"image\/jpeg"}],"twitter_misc":{"Escrito por":"","Tiempo de lectura":"1 minuto"},"schema":{"@context":"https:\/\/schema.org","@graph":[{"@type":"Article","@id":"https:\/\/medicina.udd.cl\/fonoaudiologia-santiago\/noticias\/2019\/09\/11\/mas-de-60-personas-reciben-creditos-internacionales-de-ag-bell-academy-en-el-ii-curso-internacional-de-rehabilitacion-auditiva\/#article","isPartOf":{"@id":"https:\/\/medicina.udd.cl\/fonoaudiologia-santiago\/noticias\/2019\/09\/11\/mas-de-60-personas-reciben-creditos-internacionales-de-ag-bell-academy-en-el-ii-curso-internacional-de-rehabilitacion-auditiva\/"},"author":{"name":"","@id":""},"headline":"Carrera de Fonoaudiolog\u00eda organiza el II Curso Internacional de Rehabilitaci\u00f3n Auditiva","datePublished":"2019-09-11T13:50:56+00:00","dateModified":"2019-12-23T01:33:11+00:00","mainEntityOfPage":{"@id":"https:\/\/medicina.udd.cl\/fonoaudiologia-santiago\/noticias\/2019\/09\/11\/mas-de-60-personas-reciben-creditos-internacionales-de-ag-bell-academy-en-el-ii-curso-internacional-de-rehabilitacion-auditiva\/"},"wordCount":275,"commentCount":0,"image":{"@id":"https:\/\/medicina.udd.cl\/fonoaudiologia-santiago\/noticias\/2019\/09\/11\/mas-de-60-personas-reciben-creditos-internacionales-de-ag-bell-academy-en-el-ii-curso-internacional-de-rehabilitacion-auditiva\/#primaryimage"},"thumbnailUrl":"https:\/\/medicina.udd.cl\/fonoaudiologia-santiago\/files\/2019\/09\/IMG_0683.jpg","articleSection":["Noticias"],"inLanguage":"es","potentialAction":[{"@type":"CommentAction","name":"Comment","target":["https:\/\/medicina.udd.cl\/fonoaudiologia-santiago\/noticias\/2019\/09\/11\/mas-de-60-personas-reciben-creditos-internacionales-de-ag-bell-academy-en-el-ii-curso-internacional-de-rehabilitacion-auditiva\/#respond"]}]},{"@type":"WebPage","@id":"https:\/\/medicina.udd.cl\/fonoaudiologia-santiago\/noticias\/2019\/09\/11\/mas-de-60-personas-reciben-creditos-internacionales-de-ag-bell-academy-en-el-ii-curso-internacional-de-rehabilitacion-auditiva\/","url":"https:\/\/medicina.udd.cl\/fonoaudiologia-santiago\/noticias\/2019\/09\/11\/mas-de-60-personas-reciben-creditos-internacionales-de-ag-bell-academy-en-el-ii-curso-internacional-de-rehabilitacion-auditiva\/","name":"Carrera de Fonoaudiolog\u00eda organiza el II Curso Internacional de Rehabilitaci\u00f3n Auditiva - Fonoaudiolog\u00eda","isPartOf":{"@id":"https:\/\/medicina.udd.cl\/fonoaudiologia-santiago\/#website"},"primaryImageOfPage":{"@id":"https:\/\/medicina.udd.cl\/fonoaudiologia-santiago\/noticias\/2019\/09\/11\/mas-de-60-personas-reciben-creditos-internacionales-de-ag-bell-academy-en-el-ii-curso-internacional-de-rehabilitacion-auditiva\/#primaryimage"},"image":{"@id":"https:\/\/medicina.udd.cl\/fonoaudiologia-santiago\/noticias\/2019\/09\/11\/mas-de-60-personas-reciben-creditos-internacionales-de-ag-bell-academy-en-el-ii-curso-internacional-de-rehabilitacion-auditiva\/#primaryimage"},"thumbnailUrl":"https:\/\/medicina.udd.cl\/fonoaudiologia-santiago\/files\/2019\/09\/IMG_0683.jpg","datePublished":"2019-09-11T13:50:56+00:00","dateModified":"2019-12-23T01:33:11+00:00","author":{"@id":""},"breadcrumb":{"@id":"https:\/\/medicina.udd.cl\/fonoaudiologia-santiago\/noticias\/2019\/09\/11\/mas-de-60-personas-reciben-creditos-internacionales-de-ag-bell-academy-en-el-ii-curso-internacional-de-rehabilitacion-auditiva\/#breadcrumb"},"inLanguage":"es","potentialAction":[{"@type":"ReadAction","target":["https:\/\/medicina.udd.cl\/fonoaudiologia-santiago\/noticias\/2019\/09\/11\/mas-de-60-personas-reciben-creditos-internacionales-de-ag-bell-academy-en-el-ii-curso-internacional-de-rehabilitacion-auditiva\/"]}]},{"@type":"ImageObject","inLanguage":"es","@id":"https:\/\/medicina.udd.cl\/fonoaudiologia-santiago\/noticias\/2019\/09\/11\/mas-de-60-personas-reciben-creditos-internacionales-de-ag-bell-academy-en-el-ii-curso-internacional-de-rehabilitacion-auditiva\/#primaryimage","url":"https:\/\/medicina.udd.cl\/fonoaudiologia-santiago\/files\/2019\/09\/IMG_0683.jpg","contentUrl":"https:\/\/medicina.udd.cl\/fonoaudiologia-santiago\/files\/2019\/09\/IMG_0683.jpg","width":5184,"height":3456},{"@type":"BreadcrumbList","@id":"https:\/\/medicina.udd.cl\/fonoaudiologia-santiago\/noticias\/2019\/09\/11\/mas-de-60-personas-reciben-creditos-internacionales-de-ag-bell-academy-en-el-ii-curso-internacional-de-rehabilitacion-auditiva\/#breadcrumb","itemListElement":[{"@type":"ListItem","position":1,"name":"Home","item":"https:\/\/medicina.udd.cl\/fonoaudiologia-santiago\/"},{"@type":"ListItem","position":2,"name":"Carrera de Fonoaudiolog\u00eda organiza el II Curso Internacional de Rehabilitaci\u00f3n Auditiva"}]},{"@type":"WebSite","@id":"https:\/\/medicina.udd.cl\/fonoaudiologia-santiago\/#website","url":"https:\/\/medicina.udd.cl\/fonoaudiologia-santiago\/","name":"Fonoaudiolog\u00eda","description":"Facultad de Medicina Cl\u00ednica Alemana Universidad del Desarrollo","inLanguage":"es"},{"@type":"Person","@id":"","url":"https:\/\/medicina.udd.cl\/fonoaudiologia-santiago\/noticias\/author\/"}]}},"featured_image_url":"https:\/\/medicina.udd.cl\/fonoaudiologia-santiago\/files\/2019\/09\/IMG_0683.jpg","_links":{"self":[{"href":"https:\/\/medicina.udd.cl\/fonoaudiologia-santiago\/wp-json\/wp\/v2\/posts\/4632","targetHints":{"allow":["GET"]}}],"collection":[{"href":"https:\/\/medicina.udd.cl\/fonoaudiologia-santiago\/wp-json\/wp\/v2\/posts"}],"about":[{"href":"https:\/\/medicina.udd.cl\/fonoaudiologia-santiago\/wp-json\/wp\/v2\/types\/post"}],"author":[{"embeddable":true,"href":"https:\/\/medicina.udd.cl\/fonoaudiologia-santiago\/wp-json\/wp\/v2\/users\/9192218"}],"replies":[{"embeddable":true,"href":"https:\/\/medicina.udd.cl\/fonoaudiologia-santiago\/wp-json\/wp\/v2\/comments?post=4632"}],"version-history":[{"count":1,"href":"https:\/\/medicina.udd.cl\/fonoaudiologia-santiago\/wp-json\/wp\/v2\/posts\/4632\/revisions"}],"predecessor-version":[{"id":4638,"href":"https:\/\/medicina.udd.cl\/fonoaudiologia-santiago\/wp-json\/wp\/v2\/posts\/4632\/revisions\/4638"}],"wp:featuredmedia":[{"embeddable":true,"href":"https:\/\/medicina.udd.cl\/fonoaudiologia-santiago\/wp-json\/wp\/v2\/media\/4587"}],"wp:attachment":[{"href":"https:\/\/medicina.udd.cl\/fonoaudiologia-santiago\/wp-json\/wp\/v2\/media?parent=4632"}],"wp:term":[{"taxonomy":"category","embeddable":true,"href":"https:\/\/medicina.udd.cl\/fonoaudiologia-santiago\/wp-json\/wp\/v2\/categories?post=4632"},{"taxonomy":"post_tag","embeddable":true,"href":"https:\/\/medicina.udd.cl\/fonoaudiologia-santiago\/wp-json\/wp\/v2\/tags?post=4632"}],"curies":[{"name":"wp","href":"https:\/\/api.w.org\/{rel}","templated":true}]}}