{"id":4655,"date":"2020-01-09T15:49:49","date_gmt":"2020-01-09T18:49:49","guid":{"rendered":"http:\/\/medicina.udd.cl\/fonoaudiologia-santiago\/?p=4655"},"modified":"2020-01-09T15:50:53","modified_gmt":"2020-01-09T18:50:53","slug":"experta-en-sistema-vestibular-expone-en-jornada-de-fonoaudiologia","status":"publish","type":"post","link":"https:\/\/medicina.udd.cl\/fonoaudiologia-santiago\/noticias\/2020\/01\/09\/experta-en-sistema-vestibular-expone-en-jornada-de-fonoaudiologia\/","title":{"rendered":"Experta en sistema vestibular expone en jornada de fonoaudiolog\u00eda"},"content":{"rendered":"\n<ul class=\"wp-block-gallery columns-3 is-cropped wp-block-gallery-1 is-layout-flex wp-block-gallery-is-layout-flex\"><li class=\"blocks-gallery-item\"><figure><img loading=\"lazy\" decoding=\"async\" width=\"1024\" height=\"660\" src=\"https:\/\/medicina.udd.cl\/fonoaudiologia-santiago\/files\/2020\/01\/IMG_2250-1024x660.jpg\" alt=\"\" data-id=\"4660\" data-link=\"http:\/\/medicina.udd.cl\/fonoaudiologia-santiago\/?attachment_id=4660\" class=\"wp-image-4660\" srcset=\"https:\/\/medicina.udd.cl\/fonoaudiologia-santiago\/files\/2020\/01\/IMG_2250-1024x660.jpg 1024w, https:\/\/medicina.udd.cl\/fonoaudiologia-santiago\/files\/2020\/01\/IMG_2250-300x193.jpg 300w, https:\/\/medicina.udd.cl\/fonoaudiologia-santiago\/files\/2020\/01\/IMG_2250-768x495.jpg 768w\" sizes=\"auto, (max-width: 1024px) 100vw, 1024px\" \/><\/figure><\/li><li class=\"blocks-gallery-item\"><figure><img loading=\"lazy\" decoding=\"async\" width=\"1024\" height=\"683\" src=\"https:\/\/medicina.udd.cl\/fonoaudiologia-santiago\/files\/2020\/01\/IMG_2248-1024x683.jpg\" alt=\"\" data-id=\"4659\" data-link=\"http:\/\/medicina.udd.cl\/fonoaudiologia-santiago\/?attachment_id=4659\" class=\"wp-image-4659\" srcset=\"https:\/\/medicina.udd.cl\/fonoaudiologia-santiago\/files\/2020\/01\/IMG_2248-1024x683.jpg 1024w, https:\/\/medicina.udd.cl\/fonoaudiologia-santiago\/files\/2020\/01\/IMG_2248-300x200.jpg 300w, https:\/\/medicina.udd.cl\/fonoaudiologia-santiago\/files\/2020\/01\/IMG_2248-768x512.jpg 768w\" sizes=\"auto, (max-width: 1024px) 100vw, 1024px\" \/><\/figure><\/li><li class=\"blocks-gallery-item\"><figure><img loading=\"lazy\" decoding=\"async\" width=\"1024\" height=\"683\" src=\"https:\/\/medicina.udd.cl\/fonoaudiologia-santiago\/files\/2020\/01\/IMG_2255-1024x683.jpg\" alt=\"\" data-id=\"4663\" data-link=\"http:\/\/medicina.udd.cl\/fonoaudiologia-santiago\/?attachment_id=4663\" class=\"wp-image-4663\" srcset=\"https:\/\/medicina.udd.cl\/fonoaudiologia-santiago\/files\/2020\/01\/IMG_2255-1024x683.jpg 1024w, https:\/\/medicina.udd.cl\/fonoaudiologia-santiago\/files\/2020\/01\/IMG_2255-300x200.jpg 300w, https:\/\/medicina.udd.cl\/fonoaudiologia-santiago\/files\/2020\/01\/IMG_2255-768x512.jpg 768w\" sizes=\"auto, (max-width: 1024px) 100vw, 1024px\" \/><\/figure><\/li><li class=\"blocks-gallery-item\"><figure><img loading=\"lazy\" decoding=\"async\" width=\"1024\" height=\"683\" src=\"https:\/\/medicina.udd.cl\/fonoaudiologia-santiago\/files\/2020\/01\/IMG_2251-1024x683.jpg\" alt=\"\" data-id=\"4661\" data-link=\"http:\/\/medicina.udd.cl\/fonoaudiologia-santiago\/?attachment_id=4661\" class=\"wp-image-4661\" srcset=\"https:\/\/medicina.udd.cl\/fonoaudiologia-santiago\/files\/2020\/01\/IMG_2251-1024x683.jpg 1024w, https:\/\/medicina.udd.cl\/fonoaudiologia-santiago\/files\/2020\/01\/IMG_2251-300x200.jpg 300w, https:\/\/medicina.udd.cl\/fonoaudiologia-santiago\/files\/2020\/01\/IMG_2251-768x512.jpg 768w\" sizes=\"auto, (max-width: 1024px) 100vw, 1024px\" \/><\/figure><\/li><li class=\"blocks-gallery-item\"><figure><img loading=\"lazy\" decoding=\"async\" width=\"1024\" height=\"683\" src=\"https:\/\/medicina.udd.cl\/fonoaudiologia-santiago\/files\/2020\/01\/IMG_2245-1024x683.jpg\" alt=\"\" data-id=\"4657\" data-link=\"http:\/\/medicina.udd.cl\/fonoaudiologia-santiago\/?attachment_id=4657\" class=\"wp-image-4657\" srcset=\"https:\/\/medicina.udd.cl\/fonoaudiologia-santiago\/files\/2020\/01\/IMG_2245-1024x683.jpg 1024w, https:\/\/medicina.udd.cl\/fonoaudiologia-santiago\/files\/2020\/01\/IMG_2245-300x200.jpg 300w, https:\/\/medicina.udd.cl\/fonoaudiologia-santiago\/files\/2020\/01\/IMG_2245-768x512.jpg 768w\" sizes=\"auto, (max-width: 1024px) 100vw, 1024px\" \/><\/figure><\/li><li class=\"blocks-gallery-item\"><figure><img loading=\"lazy\" decoding=\"async\" width=\"1024\" height=\"683\" src=\"https:\/\/medicina.udd.cl\/fonoaudiologia-santiago\/files\/2020\/01\/IMG_2258-1024x683.jpg\" alt=\"\" data-id=\"4665\" data-link=\"http:\/\/medicina.udd.cl\/fonoaudiologia-santiago\/?attachment_id=4665\" class=\"wp-image-4665\" srcset=\"https:\/\/medicina.udd.cl\/fonoaudiologia-santiago\/files\/2020\/01\/IMG_2258-1024x683.jpg 1024w, https:\/\/medicina.udd.cl\/fonoaudiologia-santiago\/files\/2020\/01\/IMG_2258-300x200.jpg 300w, https:\/\/medicina.udd.cl\/fonoaudiologia-santiago\/files\/2020\/01\/IMG_2258-768x512.jpg 768w\" sizes=\"auto, (max-width: 1024px) 100vw, 1024px\" \/><\/figure><\/li><li class=\"blocks-gallery-item\"><figure><img loading=\"lazy\" decoding=\"async\" width=\"1024\" height=\"683\" src=\"https:\/\/medicina.udd.cl\/fonoaudiologia-santiago\/files\/2020\/01\/IMG_2257-1024x683.jpg\" alt=\"\" data-id=\"4664\" data-link=\"http:\/\/medicina.udd.cl\/fonoaudiologia-santiago\/?attachment_id=4664\" class=\"wp-image-4664\" srcset=\"https:\/\/medicina.udd.cl\/fonoaudiologia-santiago\/files\/2020\/01\/IMG_2257-1024x683.jpg 1024w, https:\/\/medicina.udd.cl\/fonoaudiologia-santiago\/files\/2020\/01\/IMG_2257-300x200.jpg 300w, https:\/\/medicina.udd.cl\/fonoaudiologia-santiago\/files\/2020\/01\/IMG_2257-768x512.jpg 768w\" sizes=\"auto, (max-width: 1024px) 100vw, 1024px\" \/><\/figure><\/li><li class=\"blocks-gallery-item\"><figure><img loading=\"lazy\" decoding=\"async\" width=\"1024\" height=\"683\" src=\"https:\/\/medicina.udd.cl\/fonoaudiologia-santiago\/files\/2020\/01\/IMG_2246-1024x683.jpg\" alt=\"\" data-id=\"4658\" data-link=\"http:\/\/medicina.udd.cl\/fonoaudiologia-santiago\/?attachment_id=4658\" class=\"wp-image-4658\" srcset=\"https:\/\/medicina.udd.cl\/fonoaudiologia-santiago\/files\/2020\/01\/IMG_2246-1024x683.jpg 1024w, https:\/\/medicina.udd.cl\/fonoaudiologia-santiago\/files\/2020\/01\/IMG_2246-300x200.jpg 300w, https:\/\/medicina.udd.cl\/fonoaudiologia-santiago\/files\/2020\/01\/IMG_2246-768x512.jpg 768w\" sizes=\"auto, (max-width: 1024px) 100vw, 1024px\" \/><\/figure><\/li><li class=\"blocks-gallery-item\"><figure><img loading=\"lazy\" decoding=\"async\" width=\"1024\" height=\"683\" src=\"https:\/\/medicina.udd.cl\/fonoaudiologia-santiago\/files\/2020\/01\/IMG_2243-1024x683.jpg\" alt=\"\" data-id=\"4656\" data-link=\"http:\/\/medicina.udd.cl\/fonoaudiologia-santiago\/?attachment_id=4656\" class=\"wp-image-4656\" srcset=\"https:\/\/medicina.udd.cl\/fonoaudiologia-santiago\/files\/2020\/01\/IMG_2243-1024x683.jpg 1024w, https:\/\/medicina.udd.cl\/fonoaudiologia-santiago\/files\/2020\/01\/IMG_2243-300x200.jpg 300w, https:\/\/medicina.udd.cl\/fonoaudiologia-santiago\/files\/2020\/01\/IMG_2243-768x512.jpg 768w\" sizes=\"auto, (max-width: 1024px) 100vw, 1024px\" \/><figcaption>Mar\u00eda Ang\u00e9lica L\u00f3pez<\/figcaption><\/figure><\/li><\/ul>\n\n\n\n<p>La\ncarrera de Fonoaudiolog\u00eda de la Facultad de Medicina Cl\u00ednica Alemana\nUniversidad del Desarrollo, organiz\u00f3 una jornada de actualizaci\u00f3n sobre la\ninvestigaci\u00f3n en el sistema vestibular (sistema del equilibrio), desde la\nevidencia y experiencia de la profesora y fonoaudi\u00f3loga, Patricia Castro\nAbarca, master clinical research del Imperial College London.<\/p>\n\n\n\n<p>Castro\nentreg\u00f3 una visi\u00f3n actual de la investigaci\u00f3n que se est\u00e1 llevando en el mundo\ncon respecto al sistema vestibular, para que los cl\u00ednicos de Chile puedan\nimplementar estos conocimientos. <\/p>\n\n\n\n<p>\u201cLa\nidea es que, a trav\u00e9s de estas investigaciones los profesionales de la salud\npuedan comprender los trastornos de equilibrio y darles a los pacientes una\nmejor definici\u00f3n y descripci\u00f3n, adem\u00e1s de qu\u00e9 tratamientos aplicar\u201d, dijo la\nespecialista.<\/p>\n\n\n\n<div class=\"wp-block-image\"><figure class=\"aligncenter is-resized\"><img loading=\"lazy\" decoding=\"async\" src=\"https:\/\/medicina.udd.cl\/fonoaudiologia-santiago\/files\/2020\/01\/IMG_2253-1024x683.jpg\" alt=\"\" class=\"wp-image-4662\" width=\"512\" height=\"342\" srcset=\"https:\/\/medicina.udd.cl\/fonoaudiologia-santiago\/files\/2020\/01\/IMG_2253-1024x683.jpg 1024w, https:\/\/medicina.udd.cl\/fonoaudiologia-santiago\/files\/2020\/01\/IMG_2253-300x200.jpg 300w, https:\/\/medicina.udd.cl\/fonoaudiologia-santiago\/files\/2020\/01\/IMG_2253-768x512.jpg 768w\" sizes=\"auto, (max-width: 512px) 100vw, 512px\" \/><figcaption>Patricia Castro Abarca<\/figcaption><\/figure><\/div>\n\n\n\n<p>Por su parte, la directora de la carrera de Fonoaudiolog\u00eda UDD, Mar\u00eda Ang\u00e9lica L\u00f3pez, indic\u00f3 que es un orgullo que Patricia Castro pueda mostrar, tanto a los profesionales de las carreras de la salud y a estudiantes, todo el avance que existe en investigaci\u00f3n en este tema.  \u201cEsta jornada llega en un buen momento para todos los que hacemos vida en salud. La investigaci\u00f3n fonoaudiol\u00f3gica est\u00e1 poco desarrollada a nivel nacional, por lo que contar con la experticia de Patricia es extraordinario\u201d, se\u00f1al\u00f3 L\u00f3pez. <\/p>\n\n\n\n<div class=\"wp-block-image\"><figure class=\"aligncenter is-resized\"><img loading=\"lazy\" decoding=\"async\" src=\"https:\/\/medicina.udd.cl\/fonoaudiologia-santiago\/files\/2020\/01\/IMG_2262-1024x683.jpg\" alt=\"\" class=\"wp-image-4666\" width=\"512\" height=\"342\" srcset=\"https:\/\/medicina.udd.cl\/fonoaudiologia-santiago\/files\/2020\/01\/IMG_2262-1024x683.jpg 1024w, https:\/\/medicina.udd.cl\/fonoaudiologia-santiago\/files\/2020\/01\/IMG_2262-300x200.jpg 300w, https:\/\/medicina.udd.cl\/fonoaudiologia-santiago\/files\/2020\/01\/IMG_2262-768x512.jpg 768w\" sizes=\"auto, (max-width: 512px) 100vw, 512px\" \/><\/figure><\/div>\n","protected":false},"excerpt":{"rendered":"<p>La carrera de Fonoaudiolog\u00eda de la Facultad de Medicina Cl\u00ednica Alemana Universidad del Desarrollo, organiz\u00f3 una jornada de actualizaci\u00f3n sobre la investigaci\u00f3n en el sistema vestibular (sistema del equilibrio), desde la evidencia y experiencia de la profesora y fonoaudi\u00f3loga, Patricia Castro Abarca, master clinical research del Imperial College London. Castro entreg\u00f3 una visi\u00f3n actual de [&hellip;]<\/p>\n","protected":false},"author":9192219,"featured_media":4662,"comment_status":"open","ping_status":"open","sticky":false,"template":"","format":"standard","meta":{"footnotes":""},"categories":[4],"tags":[],"class_list":["post-4655","post","type-post","status-publish","format-standard","has-post-thumbnail","hentry","category-noticias"],"yoast_head":"<!-- This site is optimized with the Yoast SEO plugin v26.9 - https:\/\/yoast.com\/product\/yoast-seo-wordpress\/ -->\n<title>Experta en sistema vestibular expone en jornada de fonoaudiolog\u00eda - Fonoaudiolog\u00eda<\/title>\n<meta name=\"robots\" content=\"index, follow, max-snippet:-1, max-image-preview:large, max-video-preview:-1\" \/>\n<link rel=\"canonical\" href=\"https:\/\/medicina.udd.cl\/fonoaudiologia-santiago\/noticias\/2020\/01\/09\/experta-en-sistema-vestibular-expone-en-jornada-de-fonoaudiologia\/\" \/>\n<meta property=\"og:locale\" content=\"es_ES\" \/>\n<meta property=\"og:type\" content=\"article\" \/>\n<meta property=\"og:title\" content=\"Experta en sistema vestibular expone en jornada de fonoaudiolog\u00eda - Fonoaudiolog\u00eda\" \/>\n<meta property=\"og:description\" content=\"La carrera de Fonoaudiolog\u00eda de la Facultad de Medicina Cl\u00ednica Alemana Universidad del Desarrollo, organiz\u00f3 una jornada de actualizaci\u00f3n sobre la investigaci\u00f3n en el sistema vestibular (sistema del equilibrio), desde la evidencia y experiencia de la profesora y fonoaudi\u00f3loga, Patricia Castro Abarca, master clinical research del Imperial College London. Castro entreg\u00f3 una visi\u00f3n actual de [&hellip;]\" \/>\n<meta property=\"og:url\" content=\"https:\/\/medicina.udd.cl\/fonoaudiologia-santiago\/noticias\/2020\/01\/09\/experta-en-sistema-vestibular-expone-en-jornada-de-fonoaudiologia\/\" \/>\n<meta property=\"og:site_name\" content=\"Fonoaudiolog\u00eda\" \/>\n<meta property=\"article:published_time\" content=\"2020-01-09T18:49:49+00:00\" \/>\n<meta property=\"article:modified_time\" content=\"2020-01-09T18:50:53+00:00\" \/>\n<meta property=\"og:image\" content=\"https:\/\/medicina.udd.cl\/fonoaudiologia-santiago\/files\/2020\/01\/IMG_2253-1024x683.jpg\" \/>\n\t<meta property=\"og:image:width\" content=\"1024\" \/>\n\t<meta property=\"og:image:height\" content=\"683\" \/>\n\t<meta property=\"og:image:type\" content=\"image\/jpeg\" \/>\n<meta name=\"author\" content=\"rbraidy\" \/>\n<meta name=\"twitter:label1\" content=\"Escrito por\" \/>\n\t<meta name=\"twitter:data1\" content=\"rbraidy\" \/>\n\t<meta name=\"twitter:label2\" content=\"Tiempo de lectura\" \/>\n\t<meta name=\"twitter:data2\" content=\"1 minuto\" \/>\n<script type=\"application\/ld+json\" class=\"yoast-schema-graph\">{\"@context\":\"https:\/\/schema.org\",\"@graph\":[{\"@type\":\"Article\",\"@id\":\"https:\/\/medicina.udd.cl\/fonoaudiologia-santiago\/noticias\/2020\/01\/09\/experta-en-sistema-vestibular-expone-en-jornada-de-fonoaudiologia\/#article\",\"isPartOf\":{\"@id\":\"https:\/\/medicina.udd.cl\/fonoaudiologia-santiago\/noticias\/2020\/01\/09\/experta-en-sistema-vestibular-expone-en-jornada-de-fonoaudiologia\/\"},\"author\":{\"name\":\"rbraidy\",\"@id\":\"https:\/\/medicina.udd.cl\/fonoaudiologia-santiago\/#\/schema\/person\/dbc3705bf3a93e8be1ba6de0ef950341\"},\"headline\":\"Experta en sistema vestibular expone en jornada de fonoaudiolog\u00eda\",\"datePublished\":\"2020-01-09T18:49:49+00:00\",\"dateModified\":\"2020-01-09T18:50:53+00:00\",\"mainEntityOfPage\":{\"@id\":\"https:\/\/medicina.udd.cl\/fonoaudiologia-santiago\/noticias\/2020\/01\/09\/experta-en-sistema-vestibular-expone-en-jornada-de-fonoaudiologia\/\"},\"wordCount\":241,\"commentCount\":0,\"image\":{\"@id\":\"https:\/\/medicina.udd.cl\/fonoaudiologia-santiago\/noticias\/2020\/01\/09\/experta-en-sistema-vestibular-expone-en-jornada-de-fonoaudiologia\/#primaryimage\"},\"thumbnailUrl\":\"https:\/\/medicina.udd.cl\/fonoaudiologia-santiago\/files\/2020\/01\/IMG_2253.jpg\",\"articleSection\":[\"Noticias\"],\"inLanguage\":\"es\",\"potentialAction\":[{\"@type\":\"CommentAction\",\"name\":\"Comment\",\"target\":[\"https:\/\/medicina.udd.cl\/fonoaudiologia-santiago\/noticias\/2020\/01\/09\/experta-en-sistema-vestibular-expone-en-jornada-de-fonoaudiologia\/#respond\"]}]},{\"@type\":\"WebPage\",\"@id\":\"https:\/\/medicina.udd.cl\/fonoaudiologia-santiago\/noticias\/2020\/01\/09\/experta-en-sistema-vestibular-expone-en-jornada-de-fonoaudiologia\/\",\"url\":\"https:\/\/medicina.udd.cl\/fonoaudiologia-santiago\/noticias\/2020\/01\/09\/experta-en-sistema-vestibular-expone-en-jornada-de-fonoaudiologia\/\",\"name\":\"Experta en sistema vestibular expone en jornada de fonoaudiolog\u00eda - Fonoaudiolog\u00eda\",\"isPartOf\":{\"@id\":\"https:\/\/medicina.udd.cl\/fonoaudiologia-santiago\/#website\"},\"primaryImageOfPage\":{\"@id\":\"https:\/\/medicina.udd.cl\/fonoaudiologia-santiago\/noticias\/2020\/01\/09\/experta-en-sistema-vestibular-expone-en-jornada-de-fonoaudiologia\/#primaryimage\"},\"image\":{\"@id\":\"https:\/\/medicina.udd.cl\/fonoaudiologia-santiago\/noticias\/2020\/01\/09\/experta-en-sistema-vestibular-expone-en-jornada-de-fonoaudiologia\/#primaryimage\"},\"thumbnailUrl\":\"https:\/\/medicina.udd.cl\/fonoaudiologia-santiago\/files\/2020\/01\/IMG_2253.jpg\",\"datePublished\":\"2020-01-09T18:49:49+00:00\",\"dateModified\":\"2020-01-09T18:50:53+00:00\",\"author\":{\"@id\":\"https:\/\/medicina.udd.cl\/fonoaudiologia-santiago\/#\/schema\/person\/dbc3705bf3a93e8be1ba6de0ef950341\"},\"breadcrumb\":{\"@id\":\"https:\/\/medicina.udd.cl\/fonoaudiologia-santiago\/noticias\/2020\/01\/09\/experta-en-sistema-vestibular-expone-en-jornada-de-fonoaudiologia\/#breadcrumb\"},\"inLanguage\":\"es\",\"potentialAction\":[{\"@type\":\"ReadAction\",\"target\":[\"https:\/\/medicina.udd.cl\/fonoaudiologia-santiago\/noticias\/2020\/01\/09\/experta-en-sistema-vestibular-expone-en-jornada-de-fonoaudiologia\/\"]}]},{\"@type\":\"ImageObject\",\"inLanguage\":\"es\",\"@id\":\"https:\/\/medicina.udd.cl\/fonoaudiologia-santiago\/noticias\/2020\/01\/09\/experta-en-sistema-vestibular-expone-en-jornada-de-fonoaudiologia\/#primaryimage\",\"url\":\"https:\/\/medicina.udd.cl\/fonoaudiologia-santiago\/files\/2020\/01\/IMG_2253.jpg\",\"contentUrl\":\"https:\/\/medicina.udd.cl\/fonoaudiologia-santiago\/files\/2020\/01\/IMG_2253.jpg\",\"width\":5184,\"height\":3456},{\"@type\":\"BreadcrumbList\",\"@id\":\"https:\/\/medicina.udd.cl\/fonoaudiologia-santiago\/noticias\/2020\/01\/09\/experta-en-sistema-vestibular-expone-en-jornada-de-fonoaudiologia\/#breadcrumb\",\"itemListElement\":[{\"@type\":\"ListItem\",\"position\":1,\"name\":\"Home\",\"item\":\"https:\/\/medicina.udd.cl\/fonoaudiologia-santiago\/\"},{\"@type\":\"ListItem\",\"position\":2,\"name\":\"Experta en sistema vestibular expone en jornada de fonoaudiolog\u00eda\"}]},{\"@type\":\"WebSite\",\"@id\":\"https:\/\/medicina.udd.cl\/fonoaudiologia-santiago\/#website\",\"url\":\"https:\/\/medicina.udd.cl\/fonoaudiologia-santiago\/\",\"name\":\"Fonoaudiolog\u00eda\",\"description\":\"Facultad de Medicina Cl\u00ednica Alemana Universidad del Desarrollo\",\"inLanguage\":\"es\"},{\"@type\":\"Person\",\"@id\":\"https:\/\/medicina.udd.cl\/fonoaudiologia-santiago\/#\/schema\/person\/dbc3705bf3a93e8be1ba6de0ef950341\",\"name\":\"rbraidy\",\"image\":{\"@type\":\"ImageObject\",\"inLanguage\":\"es\",\"@id\":\"https:\/\/medicina.udd.cl\/fonoaudiologia-santiago\/#\/schema\/person\/image\/\",\"url\":\"https:\/\/secure.gravatar.com\/avatar\/0f8bc94637401590e45d2ce17eb65c274cb8870a219de6177f3f23e63fd8cdf3?s=96&d=mm&r=g\",\"contentUrl\":\"https:\/\/secure.gravatar.com\/avatar\/0f8bc94637401590e45d2ce17eb65c274cb8870a219de6177f3f23e63fd8cdf3?s=96&d=mm&r=g\",\"caption\":\"rbraidy\"},\"url\":\"https:\/\/medicina.udd.cl\/fonoaudiologia-santiago\/noticias\/author\/rbraidy\/\"}]}<\/script>\n<!-- \/ Yoast SEO plugin. -->","yoast_head_json":{"title":"Experta en sistema vestibular expone en jornada de fonoaudiolog\u00eda - Fonoaudiolog\u00eda","robots":{"index":"index","follow":"follow","max-snippet":"max-snippet:-1","max-image-preview":"max-image-preview:large","max-video-preview":"max-video-preview:-1"},"canonical":"https:\/\/medicina.udd.cl\/fonoaudiologia-santiago\/noticias\/2020\/01\/09\/experta-en-sistema-vestibular-expone-en-jornada-de-fonoaudiologia\/","og_locale":"es_ES","og_type":"article","og_title":"Experta en sistema vestibular expone en jornada de fonoaudiolog\u00eda - Fonoaudiolog\u00eda","og_description":"La carrera de Fonoaudiolog\u00eda de la Facultad de Medicina Cl\u00ednica Alemana Universidad del Desarrollo, organiz\u00f3 una jornada de actualizaci\u00f3n sobre la investigaci\u00f3n en el sistema vestibular (sistema del equilibrio), desde la evidencia y experiencia de la profesora y fonoaudi\u00f3loga, Patricia Castro Abarca, master clinical research del Imperial College London. Castro entreg\u00f3 una visi\u00f3n actual de [&hellip;]","og_url":"https:\/\/medicina.udd.cl\/fonoaudiologia-santiago\/noticias\/2020\/01\/09\/experta-en-sistema-vestibular-expone-en-jornada-de-fonoaudiologia\/","og_site_name":"Fonoaudiolog\u00eda","article_published_time":"2020-01-09T18:49:49+00:00","article_modified_time":"2020-01-09T18:50:53+00:00","og_image":[{"width":1024,"height":683,"url":"https:\/\/medicina.udd.cl\/fonoaudiologia-santiago\/files\/2020\/01\/IMG_2253-1024x683.jpg","type":"image\/jpeg"}],"author":"rbraidy","twitter_misc":{"Escrito por":"rbraidy","Tiempo de lectura":"1 minuto"},"schema":{"@context":"https:\/\/schema.org","@graph":[{"@type":"Article","@id":"https:\/\/medicina.udd.cl\/fonoaudiologia-santiago\/noticias\/2020\/01\/09\/experta-en-sistema-vestibular-expone-en-jornada-de-fonoaudiologia\/#article","isPartOf":{"@id":"https:\/\/medicina.udd.cl\/fonoaudiologia-santiago\/noticias\/2020\/01\/09\/experta-en-sistema-vestibular-expone-en-jornada-de-fonoaudiologia\/"},"author":{"name":"rbraidy","@id":"https:\/\/medicina.udd.cl\/fonoaudiologia-santiago\/#\/schema\/person\/dbc3705bf3a93e8be1ba6de0ef950341"},"headline":"Experta en sistema vestibular expone en jornada de fonoaudiolog\u00eda","datePublished":"2020-01-09T18:49:49+00:00","dateModified":"2020-01-09T18:50:53+00:00","mainEntityOfPage":{"@id":"https:\/\/medicina.udd.cl\/fonoaudiologia-santiago\/noticias\/2020\/01\/09\/experta-en-sistema-vestibular-expone-en-jornada-de-fonoaudiologia\/"},"wordCount":241,"commentCount":0,"image":{"@id":"https:\/\/medicina.udd.cl\/fonoaudiologia-santiago\/noticias\/2020\/01\/09\/experta-en-sistema-vestibular-expone-en-jornada-de-fonoaudiologia\/#primaryimage"},"thumbnailUrl":"https:\/\/medicina.udd.cl\/fonoaudiologia-santiago\/files\/2020\/01\/IMG_2253.jpg","articleSection":["Noticias"],"inLanguage":"es","potentialAction":[{"@type":"CommentAction","name":"Comment","target":["https:\/\/medicina.udd.cl\/fonoaudiologia-santiago\/noticias\/2020\/01\/09\/experta-en-sistema-vestibular-expone-en-jornada-de-fonoaudiologia\/#respond"]}]},{"@type":"WebPage","@id":"https:\/\/medicina.udd.cl\/fonoaudiologia-santiago\/noticias\/2020\/01\/09\/experta-en-sistema-vestibular-expone-en-jornada-de-fonoaudiologia\/","url":"https:\/\/medicina.udd.cl\/fonoaudiologia-santiago\/noticias\/2020\/01\/09\/experta-en-sistema-vestibular-expone-en-jornada-de-fonoaudiologia\/","name":"Experta en sistema vestibular expone en jornada de fonoaudiolog\u00eda - Fonoaudiolog\u00eda","isPartOf":{"@id":"https:\/\/medicina.udd.cl\/fonoaudiologia-santiago\/#website"},"primaryImageOfPage":{"@id":"https:\/\/medicina.udd.cl\/fonoaudiologia-santiago\/noticias\/2020\/01\/09\/experta-en-sistema-vestibular-expone-en-jornada-de-fonoaudiologia\/#primaryimage"},"image":{"@id":"https:\/\/medicina.udd.cl\/fonoaudiologia-santiago\/noticias\/2020\/01\/09\/experta-en-sistema-vestibular-expone-en-jornada-de-fonoaudiologia\/#primaryimage"},"thumbnailUrl":"https:\/\/medicina.udd.cl\/fonoaudiologia-santiago\/files\/2020\/01\/IMG_2253.jpg","datePublished":"2020-01-09T18:49:49+00:00","dateModified":"2020-01-09T18:50:53+00:00","author":{"@id":"https:\/\/medicina.udd.cl\/fonoaudiologia-santiago\/#\/schema\/person\/dbc3705bf3a93e8be1ba6de0ef950341"},"breadcrumb":{"@id":"https:\/\/medicina.udd.cl\/fonoaudiologia-santiago\/noticias\/2020\/01\/09\/experta-en-sistema-vestibular-expone-en-jornada-de-fonoaudiologia\/#breadcrumb"},"inLanguage":"es","potentialAction":[{"@type":"ReadAction","target":["https:\/\/medicina.udd.cl\/fonoaudiologia-santiago\/noticias\/2020\/01\/09\/experta-en-sistema-vestibular-expone-en-jornada-de-fonoaudiologia\/"]}]},{"@type":"ImageObject","inLanguage":"es","@id":"https:\/\/medicina.udd.cl\/fonoaudiologia-santiago\/noticias\/2020\/01\/09\/experta-en-sistema-vestibular-expone-en-jornada-de-fonoaudiologia\/#primaryimage","url":"https:\/\/medicina.udd.cl\/fonoaudiologia-santiago\/files\/2020\/01\/IMG_2253.jpg","contentUrl":"https:\/\/medicina.udd.cl\/fonoaudiologia-santiago\/files\/2020\/01\/IMG_2253.jpg","width":5184,"height":3456},{"@type":"BreadcrumbList","@id":"https:\/\/medicina.udd.cl\/fonoaudiologia-santiago\/noticias\/2020\/01\/09\/experta-en-sistema-vestibular-expone-en-jornada-de-fonoaudiologia\/#breadcrumb","itemListElement":[{"@type":"ListItem","position":1,"name":"Home","item":"https:\/\/medicina.udd.cl\/fonoaudiologia-santiago\/"},{"@type":"ListItem","position":2,"name":"Experta en sistema vestibular expone en jornada de fonoaudiolog\u00eda"}]},{"@type":"WebSite","@id":"https:\/\/medicina.udd.cl\/fonoaudiologia-santiago\/#website","url":"https:\/\/medicina.udd.cl\/fonoaudiologia-santiago\/","name":"Fonoaudiolog\u00eda","description":"Facultad de Medicina Cl\u00ednica Alemana Universidad del Desarrollo","inLanguage":"es"},{"@type":"Person","@id":"https:\/\/medicina.udd.cl\/fonoaudiologia-santiago\/#\/schema\/person\/dbc3705bf3a93e8be1ba6de0ef950341","name":"rbraidy","image":{"@type":"ImageObject","inLanguage":"es","@id":"https:\/\/medicina.udd.cl\/fonoaudiologia-santiago\/#\/schema\/person\/image\/","url":"https:\/\/secure.gravatar.com\/avatar\/0f8bc94637401590e45d2ce17eb65c274cb8870a219de6177f3f23e63fd8cdf3?s=96&d=mm&r=g","contentUrl":"https:\/\/secure.gravatar.com\/avatar\/0f8bc94637401590e45d2ce17eb65c274cb8870a219de6177f3f23e63fd8cdf3?s=96&d=mm&r=g","caption":"rbraidy"},"url":"https:\/\/medicina.udd.cl\/fonoaudiologia-santiago\/noticias\/author\/rbraidy\/"}]}},"featured_image_url":"https:\/\/medicina.udd.cl\/fonoaudiologia-santiago\/files\/2020\/01\/IMG_2253.jpg","_links":{"self":[{"href":"https:\/\/medicina.udd.cl\/fonoaudiologia-santiago\/wp-json\/wp\/v2\/posts\/4655","targetHints":{"allow":["GET"]}}],"collection":[{"href":"https:\/\/medicina.udd.cl\/fonoaudiologia-santiago\/wp-json\/wp\/v2\/posts"}],"about":[{"href":"https:\/\/medicina.udd.cl\/fonoaudiologia-santiago\/wp-json\/wp\/v2\/types\/post"}],"author":[{"embeddable":true,"href":"https:\/\/medicina.udd.cl\/fonoaudiologia-santiago\/wp-json\/wp\/v2\/users\/9192219"}],"replies":[{"embeddable":true,"href":"https:\/\/medicina.udd.cl\/fonoaudiologia-santiago\/wp-json\/wp\/v2\/comments?post=4655"}],"version-history":[{"count":1,"href":"https:\/\/medicina.udd.cl\/fonoaudiologia-santiago\/wp-json\/wp\/v2\/posts\/4655\/revisions"}],"predecessor-version":[{"id":4667,"href":"https:\/\/medicina.udd.cl\/fonoaudiologia-santiago\/wp-json\/wp\/v2\/posts\/4655\/revisions\/4667"}],"wp:featuredmedia":[{"embeddable":true,"href":"https:\/\/medicina.udd.cl\/fonoaudiologia-santiago\/wp-json\/wp\/v2\/media\/4662"}],"wp:attachment":[{"href":"https:\/\/medicina.udd.cl\/fonoaudiologia-santiago\/wp-json\/wp\/v2\/media?parent=4655"}],"wp:term":[{"taxonomy":"category","embeddable":true,"href":"https:\/\/medicina.udd.cl\/fonoaudiologia-santiago\/wp-json\/wp\/v2\/categories?post=4655"},{"taxonomy":"post_tag","embeddable":true,"href":"https:\/\/medicina.udd.cl\/fonoaudiologia-santiago\/wp-json\/wp\/v2\/tags?post=4655"}],"curies":[{"name":"wp","href":"https:\/\/api.w.org\/{rel}","templated":true}]}}