{"id":4736,"date":"2020-01-31T13:38:37","date_gmt":"2020-01-31T16:38:37","guid":{"rendered":"http:\/\/medicina.udd.cl\/fonoaudiologia-santiago\/?p=4736"},"modified":"2020-01-31T13:42:20","modified_gmt":"2020-01-31T16:42:20","slug":"equipo-de-fonoaudiologia-participo-en-voluntariado-sonrie-udd-2020","status":"publish","type":"post","link":"https:\/\/medicina.udd.cl\/fonoaudiologia-santiago\/noticias\/2020\/01\/31\/equipo-de-fonoaudiologia-participo-en-voluntariado-sonrie-udd-2020\/","title":{"rendered":"Equipo de Fonoaudiolog\u00eda particip\u00f3 en voluntariado Sonr\u00ede UDD 2020"},"content":{"rendered":"\n<div class=\"wp-block-image\"><figure class=\"aligncenter is-resized\"><img loading=\"lazy\" decoding=\"async\" src=\"https:\/\/medicina.udd.cl\/fonoaudiologia-santiago\/files\/2020\/01\/fono1-1024x1024.jpg\" alt=\"\" class=\"wp-image-4737\" width=\"512\" height=\"512\" srcset=\"https:\/\/medicina.udd.cl\/fonoaudiologia-santiago\/files\/2020\/01\/fono1-1024x1024.jpg 1024w, https:\/\/medicina.udd.cl\/fonoaudiologia-santiago\/files\/2020\/01\/fono1-150x150.jpg 150w, https:\/\/medicina.udd.cl\/fonoaudiologia-santiago\/files\/2020\/01\/fono1-300x300.jpg 300w, https:\/\/medicina.udd.cl\/fonoaudiologia-santiago\/files\/2020\/01\/fono1-768x768.jpg 768w, https:\/\/medicina.udd.cl\/fonoaudiologia-santiago\/files\/2020\/01\/fono1-62x62.jpg 62w, https:\/\/medicina.udd.cl\/fonoaudiologia-santiago\/files\/2020\/01\/fono1-750x750.jpg 750w, https:\/\/medicina.udd.cl\/fonoaudiologia-santiago\/files\/2020\/01\/fono1-500x500.jpg 500w, https:\/\/medicina.udd.cl\/fonoaudiologia-santiago\/files\/2020\/01\/fono1-250x250.jpg 250w, https:\/\/medicina.udd.cl\/fonoaudiologia-santiago\/files\/2020\/01\/fono1-126x126.jpg 126w, https:\/\/medicina.udd.cl\/fonoaudiologia-santiago\/files\/2020\/01\/fono1.jpg 2025w\" sizes=\"auto, (max-width: 512px) 100vw, 512px\" \/><\/figure><\/div>\n\n\n\n<p>La carrera de Fonoaudiolog\u00eda de la Facultad\nde Medicina Cl\u00ednica Alemana Universidad del Desarrollo, particip\u00f3 nuevamente en\nel voluntariado Sonr\u00ede UDD 2020. Asistieron 16 estudiantes y dos docentes, en\nla comuna de Coihueco en la XVI regi\u00f3n. <\/p>\n\n\n\n<p>En este voluntariado interdisciplinario, el\nequipo de Fonoaudiolog\u00eda se encarg\u00f3 de realizar diferentes atenciones de salud,\ntales como, evaluaci\u00f3n auditiva, evaluaci\u00f3n de lenguaje, motricidad orofacial y\nalimentaci\u00f3n en ni\u00f1os, as\u00ed como tambi\u00e9n de lenguaje, habla y degluci\u00f3n en\nadultos. Adem\u00e1s de realizar visitas interdisciplinarias a pacientes postrados. En\ntotal, se realizaron 148 atenciones, dentro de las cuales fueron 61 a pacientes\nen box, 79 evaluaciones audiol\u00f3gicas y ocho visitas domiciliarias a pacientes\npostrados. <\/p>\n\n\n\n<p>La docente a cargo del voluntariado, B\u00e1rbara\nSanzana, indic\u00f3 que una de las ventajas de este voluntariado es la interacci\u00f3n\ncon estudiantes de otras carreras de salud, transform\u00e1ndose en una gran\noportunidad de aprendizaje y de interdisciplina. \u201cEs el 10\u00ba Sonr\u00ede UDD al cual\nasisto y siempre se ha mantenido la disposici\u00f3n, ganas de aprender y el amor al\ntrabajo bien hecho\u201d, dijo Sanzana.<\/p>\n\n\n\n<p>Por su parte, Sof\u00eda Mayorga, estudiante de  3\u00ba  a\u00f1o de la carrera, se\u00f1al\u00f3 que fue su primer Sonr\u00ede, el cual consider\u00f3 una experiencia maravillosa. \u201cMe marc\u00f3 mucho este voluntariado, fue una decisi\u00f3n dura de tomar y atreverme a vivir esta experiencia, pero no me arrepiento de nada. Fue una semana dura, de levantarse muy temprano, dormir poco (\u2026) pero me ense\u00f1\u00f3 demasiadas cosas, tanto de la vida como de mi carrera, lo que me dej\u00f3 muy agradecida\u201d, destac\u00f3.<\/p>\n\n\n\n<p>Asimismo, Ayline Pizarro, estudiante de 5\u00ba a\u00f1o de Fonoaudiolog\u00eda UDD, expres\u00f3 su satisfacci\u00f3n tras la atenci\u00f3n que le brindaron a la comunidad de Coihueco. \u201cLa idea es siempre poder ayudarlos, para eso la empat\u00eda cumple un rol clave. Por otro lado, en cuanto a los voluntarios se comparte con muchas carreras, donde uno tiene la oportunidad de conocer gente incre\u00edble, con mucha disposici\u00f3n, y eso nos lleva a hacer mejores atenciones, ya que tienen una mirada integral\u00bb,  indic\u00f3 Pizarro. <\/p>\n\n\n\n<ul class=\"wp-block-gallery columns-2 is-cropped wp-block-gallery-1 is-layout-flex wp-block-gallery-is-layout-flex\"><li class=\"blocks-gallery-item\"><figure><img loading=\"lazy\" decoding=\"async\" width=\"1024\" height=\"859\" src=\"https:\/\/medicina.udd.cl\/fonoaudiologia-santiago\/files\/2020\/01\/fono22222-1024x859.jpg\" alt=\"\" data-id=\"4740\" data-link=\"https:\/\/medicina.udd.cl\/fonoaudiologia-santiago\/?attachment_id=4740\" class=\"wp-image-4740\" srcset=\"https:\/\/medicina.udd.cl\/fonoaudiologia-santiago\/files\/2020\/01\/fono22222-1024x859.jpg 1024w, https:\/\/medicina.udd.cl\/fonoaudiologia-santiago\/files\/2020\/01\/fono22222-300x252.jpg 300w, https:\/\/medicina.udd.cl\/fonoaudiologia-santiago\/files\/2020\/01\/fono22222-768x645.jpg 768w, https:\/\/medicina.udd.cl\/fonoaudiologia-santiago\/files\/2020\/01\/fono22222.jpg 2004w\" sizes=\"auto, (max-width: 1024px) 100vw, 1024px\" \/><\/figure><\/li><li class=\"blocks-gallery-item\"><figure><img loading=\"lazy\" decoding=\"async\" width=\"994\" height=\"1015\" src=\"https:\/\/medicina.udd.cl\/fonoaudiologia-santiago\/files\/2020\/01\/fono33333.jpg\" alt=\"\" data-id=\"4741\" data-link=\"https:\/\/medicina.udd.cl\/fonoaudiologia-santiago\/?attachment_id=4741\" class=\"wp-image-4741\" srcset=\"https:\/\/medicina.udd.cl\/fonoaudiologia-santiago\/files\/2020\/01\/fono33333.jpg 994w, https:\/\/medicina.udd.cl\/fonoaudiologia-santiago\/files\/2020\/01\/fono33333-294x300.jpg 294w, https:\/\/medicina.udd.cl\/fonoaudiologia-santiago\/files\/2020\/01\/fono33333-768x784.jpg 768w, https:\/\/medicina.udd.cl\/fonoaudiologia-santiago\/files\/2020\/01\/fono33333-62x62.jpg 62w\" sizes=\"auto, (max-width: 994px) 100vw, 994px\" \/><\/figure><\/li><\/ul>\n","protected":false},"excerpt":{"rendered":"<p>La carrera de Fonoaudiolog\u00eda de la Facultad de Medicina Cl\u00ednica Alemana Universidad del Desarrollo, particip\u00f3 nuevamente en el voluntariado Sonr\u00ede UDD 2020. Asistieron 16 estudiantes y dos docentes, en la comuna de Coihueco en la XVI regi\u00f3n. En este voluntariado interdisciplinario, el equipo de Fonoaudiolog\u00eda se encarg\u00f3 de realizar diferentes atenciones de salud, tales como, [&hellip;]<\/p>\n","protected":false},"author":9192219,"featured_media":4737,"comment_status":"open","ping_status":"open","sticky":false,"template":"","format":"standard","meta":{"footnotes":""},"categories":[4],"tags":[],"class_list":["post-4736","post","type-post","status-publish","format-standard","has-post-thumbnail","hentry","category-noticias"],"yoast_head":"<!-- This site is optimized with the Yoast SEO plugin v26.9 - https:\/\/yoast.com\/product\/yoast-seo-wordpress\/ -->\n<title>Equipo de Fonoaudiolog\u00eda particip\u00f3 en voluntariado Sonr\u00ede UDD 2020 - Fonoaudiolog\u00eda<\/title>\n<meta name=\"robots\" content=\"index, follow, max-snippet:-1, max-image-preview:large, max-video-preview:-1\" \/>\n<link rel=\"canonical\" href=\"https:\/\/medicina.udd.cl\/fonoaudiologia-santiago\/noticias\/2020\/01\/31\/equipo-de-fonoaudiologia-participo-en-voluntariado-sonrie-udd-2020\/\" \/>\n<meta property=\"og:locale\" content=\"es_ES\" \/>\n<meta property=\"og:type\" content=\"article\" \/>\n<meta property=\"og:title\" content=\"Equipo de Fonoaudiolog\u00eda particip\u00f3 en voluntariado Sonr\u00ede UDD 2020 - Fonoaudiolog\u00eda\" \/>\n<meta property=\"og:description\" content=\"La carrera de Fonoaudiolog\u00eda de la Facultad de Medicina Cl\u00ednica Alemana Universidad del Desarrollo, particip\u00f3 nuevamente en el voluntariado Sonr\u00ede UDD 2020. Asistieron 16 estudiantes y dos docentes, en la comuna de Coihueco en la XVI regi\u00f3n. En este voluntariado interdisciplinario, el equipo de Fonoaudiolog\u00eda se encarg\u00f3 de realizar diferentes atenciones de salud, tales como, [&hellip;]\" \/>\n<meta property=\"og:url\" content=\"https:\/\/medicina.udd.cl\/fonoaudiologia-santiago\/noticias\/2020\/01\/31\/equipo-de-fonoaudiologia-participo-en-voluntariado-sonrie-udd-2020\/\" \/>\n<meta property=\"og:site_name\" content=\"Fonoaudiolog\u00eda\" \/>\n<meta property=\"article:published_time\" content=\"2020-01-31T16:38:37+00:00\" \/>\n<meta property=\"article:modified_time\" content=\"2020-01-31T16:42:20+00:00\" \/>\n<meta property=\"og:image\" content=\"https:\/\/medicina.udd.cl\/fonoaudiologia-santiago\/files\/2020\/01\/fono1.jpg\" \/>\n\t<meta property=\"og:image:width\" content=\"2025\" \/>\n\t<meta property=\"og:image:height\" content=\"2025\" \/>\n\t<meta property=\"og:image:type\" content=\"image\/jpeg\" \/>\n<meta name=\"author\" content=\"rbraidy\" \/>\n<meta name=\"twitter:label1\" content=\"Escrito por\" \/>\n\t<meta name=\"twitter:data1\" content=\"rbraidy\" \/>\n\t<meta name=\"twitter:label2\" content=\"Tiempo de lectura\" \/>\n\t<meta name=\"twitter:data2\" content=\"2 minutos\" \/>\n<script type=\"application\/ld+json\" class=\"yoast-schema-graph\">{\"@context\":\"https:\/\/schema.org\",\"@graph\":[{\"@type\":\"Article\",\"@id\":\"https:\/\/medicina.udd.cl\/fonoaudiologia-santiago\/noticias\/2020\/01\/31\/equipo-de-fonoaudiologia-participo-en-voluntariado-sonrie-udd-2020\/#article\",\"isPartOf\":{\"@id\":\"https:\/\/medicina.udd.cl\/fonoaudiologia-santiago\/noticias\/2020\/01\/31\/equipo-de-fonoaudiologia-participo-en-voluntariado-sonrie-udd-2020\/\"},\"author\":{\"name\":\"rbraidy\",\"@id\":\"https:\/\/medicina.udd.cl\/fonoaudiologia-santiago\/#\/schema\/person\/dbc3705bf3a93e8be1ba6de0ef950341\"},\"headline\":\"Equipo de Fonoaudiolog\u00eda particip\u00f3 en voluntariado Sonr\u00ede UDD 2020\",\"datePublished\":\"2020-01-31T16:38:37+00:00\",\"dateModified\":\"2020-01-31T16:42:20+00:00\",\"mainEntityOfPage\":{\"@id\":\"https:\/\/medicina.udd.cl\/fonoaudiologia-santiago\/noticias\/2020\/01\/31\/equipo-de-fonoaudiologia-participo-en-voluntariado-sonrie-udd-2020\/\"},\"wordCount\":362,\"commentCount\":0,\"image\":{\"@id\":\"https:\/\/medicina.udd.cl\/fonoaudiologia-santiago\/noticias\/2020\/01\/31\/equipo-de-fonoaudiologia-participo-en-voluntariado-sonrie-udd-2020\/#primaryimage\"},\"thumbnailUrl\":\"https:\/\/medicina.udd.cl\/fonoaudiologia-santiago\/files\/2020\/01\/fono1.jpg\",\"articleSection\":[\"Noticias\"],\"inLanguage\":\"es\",\"potentialAction\":[{\"@type\":\"CommentAction\",\"name\":\"Comment\",\"target\":[\"https:\/\/medicina.udd.cl\/fonoaudiologia-santiago\/noticias\/2020\/01\/31\/equipo-de-fonoaudiologia-participo-en-voluntariado-sonrie-udd-2020\/#respond\"]}]},{\"@type\":\"WebPage\",\"@id\":\"https:\/\/medicina.udd.cl\/fonoaudiologia-santiago\/noticias\/2020\/01\/31\/equipo-de-fonoaudiologia-participo-en-voluntariado-sonrie-udd-2020\/\",\"url\":\"https:\/\/medicina.udd.cl\/fonoaudiologia-santiago\/noticias\/2020\/01\/31\/equipo-de-fonoaudiologia-participo-en-voluntariado-sonrie-udd-2020\/\",\"name\":\"Equipo de Fonoaudiolog\u00eda particip\u00f3 en voluntariado Sonr\u00ede UDD 2020 - Fonoaudiolog\u00eda\",\"isPartOf\":{\"@id\":\"https:\/\/medicina.udd.cl\/fonoaudiologia-santiago\/#website\"},\"primaryImageOfPage\":{\"@id\":\"https:\/\/medicina.udd.cl\/fonoaudiologia-santiago\/noticias\/2020\/01\/31\/equipo-de-fonoaudiologia-participo-en-voluntariado-sonrie-udd-2020\/#primaryimage\"},\"image\":{\"@id\":\"https:\/\/medicina.udd.cl\/fonoaudiologia-santiago\/noticias\/2020\/01\/31\/equipo-de-fonoaudiologia-participo-en-voluntariado-sonrie-udd-2020\/#primaryimage\"},\"thumbnailUrl\":\"https:\/\/medicina.udd.cl\/fonoaudiologia-santiago\/files\/2020\/01\/fono1.jpg\",\"datePublished\":\"2020-01-31T16:38:37+00:00\",\"dateModified\":\"2020-01-31T16:42:20+00:00\",\"author\":{\"@id\":\"https:\/\/medicina.udd.cl\/fonoaudiologia-santiago\/#\/schema\/person\/dbc3705bf3a93e8be1ba6de0ef950341\"},\"breadcrumb\":{\"@id\":\"https:\/\/medicina.udd.cl\/fonoaudiologia-santiago\/noticias\/2020\/01\/31\/equipo-de-fonoaudiologia-participo-en-voluntariado-sonrie-udd-2020\/#breadcrumb\"},\"inLanguage\":\"es\",\"potentialAction\":[{\"@type\":\"ReadAction\",\"target\":[\"https:\/\/medicina.udd.cl\/fonoaudiologia-santiago\/noticias\/2020\/01\/31\/equipo-de-fonoaudiologia-participo-en-voluntariado-sonrie-udd-2020\/\"]}]},{\"@type\":\"ImageObject\",\"inLanguage\":\"es\",\"@id\":\"https:\/\/medicina.udd.cl\/fonoaudiologia-santiago\/noticias\/2020\/01\/31\/equipo-de-fonoaudiologia-participo-en-voluntariado-sonrie-udd-2020\/#primaryimage\",\"url\":\"https:\/\/medicina.udd.cl\/fonoaudiologia-santiago\/files\/2020\/01\/fono1.jpg\",\"contentUrl\":\"https:\/\/medicina.udd.cl\/fonoaudiologia-santiago\/files\/2020\/01\/fono1.jpg\",\"width\":2025,\"height\":2025},{\"@type\":\"BreadcrumbList\",\"@id\":\"https:\/\/medicina.udd.cl\/fonoaudiologia-santiago\/noticias\/2020\/01\/31\/equipo-de-fonoaudiologia-participo-en-voluntariado-sonrie-udd-2020\/#breadcrumb\",\"itemListElement\":[{\"@type\":\"ListItem\",\"position\":1,\"name\":\"Home\",\"item\":\"https:\/\/medicina.udd.cl\/fonoaudiologia-santiago\/\"},{\"@type\":\"ListItem\",\"position\":2,\"name\":\"Equipo de Fonoaudiolog\u00eda particip\u00f3 en voluntariado Sonr\u00ede UDD 2020\"}]},{\"@type\":\"WebSite\",\"@id\":\"https:\/\/medicina.udd.cl\/fonoaudiologia-santiago\/#website\",\"url\":\"https:\/\/medicina.udd.cl\/fonoaudiologia-santiago\/\",\"name\":\"Fonoaudiolog\u00eda\",\"description\":\"Facultad de Medicina Cl\u00ednica Alemana Universidad del Desarrollo\",\"inLanguage\":\"es\"},{\"@type\":\"Person\",\"@id\":\"https:\/\/medicina.udd.cl\/fonoaudiologia-santiago\/#\/schema\/person\/dbc3705bf3a93e8be1ba6de0ef950341\",\"name\":\"rbraidy\",\"image\":{\"@type\":\"ImageObject\",\"inLanguage\":\"es\",\"@id\":\"https:\/\/medicina.udd.cl\/fonoaudiologia-santiago\/#\/schema\/person\/image\/\",\"url\":\"https:\/\/secure.gravatar.com\/avatar\/0f8bc94637401590e45d2ce17eb65c274cb8870a219de6177f3f23e63fd8cdf3?s=96&d=mm&r=g\",\"contentUrl\":\"https:\/\/secure.gravatar.com\/avatar\/0f8bc94637401590e45d2ce17eb65c274cb8870a219de6177f3f23e63fd8cdf3?s=96&d=mm&r=g\",\"caption\":\"rbraidy\"},\"url\":\"https:\/\/medicina.udd.cl\/fonoaudiologia-santiago\/noticias\/author\/rbraidy\/\"}]}<\/script>\n<!-- \/ Yoast SEO plugin. -->","yoast_head_json":{"title":"Equipo de Fonoaudiolog\u00eda particip\u00f3 en voluntariado Sonr\u00ede UDD 2020 - Fonoaudiolog\u00eda","robots":{"index":"index","follow":"follow","max-snippet":"max-snippet:-1","max-image-preview":"max-image-preview:large","max-video-preview":"max-video-preview:-1"},"canonical":"https:\/\/medicina.udd.cl\/fonoaudiologia-santiago\/noticias\/2020\/01\/31\/equipo-de-fonoaudiologia-participo-en-voluntariado-sonrie-udd-2020\/","og_locale":"es_ES","og_type":"article","og_title":"Equipo de Fonoaudiolog\u00eda particip\u00f3 en voluntariado Sonr\u00ede UDD 2020 - Fonoaudiolog\u00eda","og_description":"La carrera de Fonoaudiolog\u00eda de la Facultad de Medicina Cl\u00ednica Alemana Universidad del Desarrollo, particip\u00f3 nuevamente en el voluntariado Sonr\u00ede UDD 2020. Asistieron 16 estudiantes y dos docentes, en la comuna de Coihueco en la XVI regi\u00f3n. En este voluntariado interdisciplinario, el equipo de Fonoaudiolog\u00eda se encarg\u00f3 de realizar diferentes atenciones de salud, tales como, [&hellip;]","og_url":"https:\/\/medicina.udd.cl\/fonoaudiologia-santiago\/noticias\/2020\/01\/31\/equipo-de-fonoaudiologia-participo-en-voluntariado-sonrie-udd-2020\/","og_site_name":"Fonoaudiolog\u00eda","article_published_time":"2020-01-31T16:38:37+00:00","article_modified_time":"2020-01-31T16:42:20+00:00","og_image":[{"width":2025,"height":2025,"url":"https:\/\/medicina.udd.cl\/fonoaudiologia-santiago\/files\/2020\/01\/fono1.jpg","type":"image\/jpeg"}],"author":"rbraidy","twitter_misc":{"Escrito por":"rbraidy","Tiempo de lectura":"2 minutos"},"schema":{"@context":"https:\/\/schema.org","@graph":[{"@type":"Article","@id":"https:\/\/medicina.udd.cl\/fonoaudiologia-santiago\/noticias\/2020\/01\/31\/equipo-de-fonoaudiologia-participo-en-voluntariado-sonrie-udd-2020\/#article","isPartOf":{"@id":"https:\/\/medicina.udd.cl\/fonoaudiologia-santiago\/noticias\/2020\/01\/31\/equipo-de-fonoaudiologia-participo-en-voluntariado-sonrie-udd-2020\/"},"author":{"name":"rbraidy","@id":"https:\/\/medicina.udd.cl\/fonoaudiologia-santiago\/#\/schema\/person\/dbc3705bf3a93e8be1ba6de0ef950341"},"headline":"Equipo de Fonoaudiolog\u00eda particip\u00f3 en voluntariado Sonr\u00ede UDD 2020","datePublished":"2020-01-31T16:38:37+00:00","dateModified":"2020-01-31T16:42:20+00:00","mainEntityOfPage":{"@id":"https:\/\/medicina.udd.cl\/fonoaudiologia-santiago\/noticias\/2020\/01\/31\/equipo-de-fonoaudiologia-participo-en-voluntariado-sonrie-udd-2020\/"},"wordCount":362,"commentCount":0,"image":{"@id":"https:\/\/medicina.udd.cl\/fonoaudiologia-santiago\/noticias\/2020\/01\/31\/equipo-de-fonoaudiologia-participo-en-voluntariado-sonrie-udd-2020\/#primaryimage"},"thumbnailUrl":"https:\/\/medicina.udd.cl\/fonoaudiologia-santiago\/files\/2020\/01\/fono1.jpg","articleSection":["Noticias"],"inLanguage":"es","potentialAction":[{"@type":"CommentAction","name":"Comment","target":["https:\/\/medicina.udd.cl\/fonoaudiologia-santiago\/noticias\/2020\/01\/31\/equipo-de-fonoaudiologia-participo-en-voluntariado-sonrie-udd-2020\/#respond"]}]},{"@type":"WebPage","@id":"https:\/\/medicina.udd.cl\/fonoaudiologia-santiago\/noticias\/2020\/01\/31\/equipo-de-fonoaudiologia-participo-en-voluntariado-sonrie-udd-2020\/","url":"https:\/\/medicina.udd.cl\/fonoaudiologia-santiago\/noticias\/2020\/01\/31\/equipo-de-fonoaudiologia-participo-en-voluntariado-sonrie-udd-2020\/","name":"Equipo de Fonoaudiolog\u00eda particip\u00f3 en voluntariado Sonr\u00ede UDD 2020 - Fonoaudiolog\u00eda","isPartOf":{"@id":"https:\/\/medicina.udd.cl\/fonoaudiologia-santiago\/#website"},"primaryImageOfPage":{"@id":"https:\/\/medicina.udd.cl\/fonoaudiologia-santiago\/noticias\/2020\/01\/31\/equipo-de-fonoaudiologia-participo-en-voluntariado-sonrie-udd-2020\/#primaryimage"},"image":{"@id":"https:\/\/medicina.udd.cl\/fonoaudiologia-santiago\/noticias\/2020\/01\/31\/equipo-de-fonoaudiologia-participo-en-voluntariado-sonrie-udd-2020\/#primaryimage"},"thumbnailUrl":"https:\/\/medicina.udd.cl\/fonoaudiologia-santiago\/files\/2020\/01\/fono1.jpg","datePublished":"2020-01-31T16:38:37+00:00","dateModified":"2020-01-31T16:42:20+00:00","author":{"@id":"https:\/\/medicina.udd.cl\/fonoaudiologia-santiago\/#\/schema\/person\/dbc3705bf3a93e8be1ba6de0ef950341"},"breadcrumb":{"@id":"https:\/\/medicina.udd.cl\/fonoaudiologia-santiago\/noticias\/2020\/01\/31\/equipo-de-fonoaudiologia-participo-en-voluntariado-sonrie-udd-2020\/#breadcrumb"},"inLanguage":"es","potentialAction":[{"@type":"ReadAction","target":["https:\/\/medicina.udd.cl\/fonoaudiologia-santiago\/noticias\/2020\/01\/31\/equipo-de-fonoaudiologia-participo-en-voluntariado-sonrie-udd-2020\/"]}]},{"@type":"ImageObject","inLanguage":"es","@id":"https:\/\/medicina.udd.cl\/fonoaudiologia-santiago\/noticias\/2020\/01\/31\/equipo-de-fonoaudiologia-participo-en-voluntariado-sonrie-udd-2020\/#primaryimage","url":"https:\/\/medicina.udd.cl\/fonoaudiologia-santiago\/files\/2020\/01\/fono1.jpg","contentUrl":"https:\/\/medicina.udd.cl\/fonoaudiologia-santiago\/files\/2020\/01\/fono1.jpg","width":2025,"height":2025},{"@type":"BreadcrumbList","@id":"https:\/\/medicina.udd.cl\/fonoaudiologia-santiago\/noticias\/2020\/01\/31\/equipo-de-fonoaudiologia-participo-en-voluntariado-sonrie-udd-2020\/#breadcrumb","itemListElement":[{"@type":"ListItem","position":1,"name":"Home","item":"https:\/\/medicina.udd.cl\/fonoaudiologia-santiago\/"},{"@type":"ListItem","position":2,"name":"Equipo de Fonoaudiolog\u00eda particip\u00f3 en voluntariado Sonr\u00ede UDD 2020"}]},{"@type":"WebSite","@id":"https:\/\/medicina.udd.cl\/fonoaudiologia-santiago\/#website","url":"https:\/\/medicina.udd.cl\/fonoaudiologia-santiago\/","name":"Fonoaudiolog\u00eda","description":"Facultad de Medicina Cl\u00ednica Alemana Universidad del Desarrollo","inLanguage":"es"},{"@type":"Person","@id":"https:\/\/medicina.udd.cl\/fonoaudiologia-santiago\/#\/schema\/person\/dbc3705bf3a93e8be1ba6de0ef950341","name":"rbraidy","image":{"@type":"ImageObject","inLanguage":"es","@id":"https:\/\/medicina.udd.cl\/fonoaudiologia-santiago\/#\/schema\/person\/image\/","url":"https:\/\/secure.gravatar.com\/avatar\/0f8bc94637401590e45d2ce17eb65c274cb8870a219de6177f3f23e63fd8cdf3?s=96&d=mm&r=g","contentUrl":"https:\/\/secure.gravatar.com\/avatar\/0f8bc94637401590e45d2ce17eb65c274cb8870a219de6177f3f23e63fd8cdf3?s=96&d=mm&r=g","caption":"rbraidy"},"url":"https:\/\/medicina.udd.cl\/fonoaudiologia-santiago\/noticias\/author\/rbraidy\/"}]}},"featured_image_url":"https:\/\/medicina.udd.cl\/fonoaudiologia-santiago\/files\/2020\/01\/fono1.jpg","_links":{"self":[{"href":"https:\/\/medicina.udd.cl\/fonoaudiologia-santiago\/wp-json\/wp\/v2\/posts\/4736","targetHints":{"allow":["GET"]}}],"collection":[{"href":"https:\/\/medicina.udd.cl\/fonoaudiologia-santiago\/wp-json\/wp\/v2\/posts"}],"about":[{"href":"https:\/\/medicina.udd.cl\/fonoaudiologia-santiago\/wp-json\/wp\/v2\/types\/post"}],"author":[{"embeddable":true,"href":"https:\/\/medicina.udd.cl\/fonoaudiologia-santiago\/wp-json\/wp\/v2\/users\/9192219"}],"replies":[{"embeddable":true,"href":"https:\/\/medicina.udd.cl\/fonoaudiologia-santiago\/wp-json\/wp\/v2\/comments?post=4736"}],"version-history":[{"count":4,"href":"https:\/\/medicina.udd.cl\/fonoaudiologia-santiago\/wp-json\/wp\/v2\/posts\/4736\/revisions"}],"predecessor-version":[{"id":4745,"href":"https:\/\/medicina.udd.cl\/fonoaudiologia-santiago\/wp-json\/wp\/v2\/posts\/4736\/revisions\/4745"}],"wp:featuredmedia":[{"embeddable":true,"href":"https:\/\/medicina.udd.cl\/fonoaudiologia-santiago\/wp-json\/wp\/v2\/media\/4737"}],"wp:attachment":[{"href":"https:\/\/medicina.udd.cl\/fonoaudiologia-santiago\/wp-json\/wp\/v2\/media?parent=4736"}],"wp:term":[{"taxonomy":"category","embeddable":true,"href":"https:\/\/medicina.udd.cl\/fonoaudiologia-santiago\/wp-json\/wp\/v2\/categories?post=4736"},{"taxonomy":"post_tag","embeddable":true,"href":"https:\/\/medicina.udd.cl\/fonoaudiologia-santiago\/wp-json\/wp\/v2\/tags?post=4736"}],"curies":[{"name":"wp","href":"https:\/\/api.w.org\/{rel}","templated":true}]}}