{"id":4779,"date":"2020-03-12T17:01:13","date_gmt":"2020-03-12T20:01:13","guid":{"rendered":"http:\/\/medicina.udd.cl\/fonoaudiologia-santiago\/?p=4779"},"modified":"2020-03-12T17:01:14","modified_gmt":"2020-03-12T20:01:14","slug":"carrera-de-fonoaudiologia-realiza-panel-con-expertos-en-salud-auditiva","status":"publish","type":"post","link":"https:\/\/medicina.udd.cl\/fonoaudiologia-santiago\/noticias\/2020\/03\/12\/carrera-de-fonoaudiologia-realiza-panel-con-expertos-en-salud-auditiva\/","title":{"rendered":"Carrera de Fonoaudiolog\u00eda realiza panel con expertos en salud auditiva"},"content":{"rendered":"\n<ul class=\"wp-block-gallery columns-3 is-cropped wp-block-gallery-1 is-layout-flex wp-block-gallery-is-layout-flex\"><li class=\"blocks-gallery-item\"><figure><img loading=\"lazy\" decoding=\"async\" width=\"1024\" height=\"683\" src=\"https:\/\/medicina.udd.cl\/fonoaudiologia-santiago\/files\/2020\/03\/IMG_2670-1024x683.jpg\" alt=\"\" data-id=\"4781\" data-link=\"http:\/\/medicina.udd.cl\/fonoaudiologia-santiago\/?attachment_id=4781\" class=\"wp-image-4781\" srcset=\"https:\/\/medicina.udd.cl\/fonoaudiologia-santiago\/files\/2020\/03\/IMG_2670-1024x683.jpg 1024w, https:\/\/medicina.udd.cl\/fonoaudiologia-santiago\/files\/2020\/03\/IMG_2670-300x200.jpg 300w, https:\/\/medicina.udd.cl\/fonoaudiologia-santiago\/files\/2020\/03\/IMG_2670-768x512.jpg 768w\" sizes=\"auto, (max-width: 1024px) 100vw, 1024px\" \/><\/figure><\/li><li class=\"blocks-gallery-item\"><figure><img loading=\"lazy\" decoding=\"async\" width=\"1024\" height=\"683\" src=\"https:\/\/medicina.udd.cl\/fonoaudiologia-santiago\/files\/2020\/03\/IMG_2672-1024x683.jpg\" alt=\"\" data-id=\"4782\" data-link=\"http:\/\/medicina.udd.cl\/fonoaudiologia-santiago\/?attachment_id=4782\" class=\"wp-image-4782\" srcset=\"https:\/\/medicina.udd.cl\/fonoaudiologia-santiago\/files\/2020\/03\/IMG_2672-1024x683.jpg 1024w, https:\/\/medicina.udd.cl\/fonoaudiologia-santiago\/files\/2020\/03\/IMG_2672-300x200.jpg 300w, https:\/\/medicina.udd.cl\/fonoaudiologia-santiago\/files\/2020\/03\/IMG_2672-768x512.jpg 768w\" sizes=\"auto, (max-width: 1024px) 100vw, 1024px\" \/><\/figure><\/li><li class=\"blocks-gallery-item\"><figure><img loading=\"lazy\" decoding=\"async\" width=\"1024\" height=\"683\" src=\"https:\/\/medicina.udd.cl\/fonoaudiologia-santiago\/files\/2020\/03\/IMG_2660-1024x683.jpg\" alt=\"\" data-id=\"4780\" data-link=\"http:\/\/medicina.udd.cl\/fonoaudiologia-santiago\/?attachment_id=4780\" class=\"wp-image-4780\" srcset=\"https:\/\/medicina.udd.cl\/fonoaudiologia-santiago\/files\/2020\/03\/IMG_2660-1024x683.jpg 1024w, https:\/\/medicina.udd.cl\/fonoaudiologia-santiago\/files\/2020\/03\/IMG_2660-300x200.jpg 300w, https:\/\/medicina.udd.cl\/fonoaudiologia-santiago\/files\/2020\/03\/IMG_2660-768x512.jpg 768w\" sizes=\"auto, (max-width: 1024px) 100vw, 1024px\" \/><\/figure><\/li><\/ul>\n\n\n\n<p>En el marco del D\u00eda Mundial de\nla Audici\u00f3n (3 de marzo), la carrera de Fonoaudiolog\u00eda de la Facultad de\nMedicina Cl\u00ednica Alemana Universidad del Desarrollo, junto al Centro de\nInvestigaci\u00f3n de la Audici\u00f3n, los Sentidos y la Comunicaci\u00f3n (CESCO), realizaron\nuna jornada para informar a la poblaci\u00f3n acerca de los cuidados de la audici\u00f3n,\nla incidencia de la p\u00e9rdida auditiva en la poblaci\u00f3n, las implicancias, tratamientos\ny sus coberturas, as\u00ed como tambi\u00e9n la prevenci\u00f3n.<\/p>\n\n\n\n<p>Entre los especialistas en la\nmateria, estuvo la doctora Carolina Der, m\u00e9dico otorrinolaring\u00f3logo y docente\nde Fonoaudiolog\u00eda UDD, quien explic\u00f3 qu\u00e9 es la p\u00e9rdida auditiva, cuales son los\ntipos que existen y por qu\u00e9 se presentan. <\/p>\n\n\n\n<p>\u201cEl s\u00edntoma principal es la\nincapacidad de escuchar sonidos. Algunas personas pueden o\u00edr despu\u00e9s de una\ncirug\u00eda o al utilizar un aud\u00edfono. La lectura de labios, los textos escritos o\nimpresos y el lenguaje de se\u00f1as pueden ayudar a la comunicaci\u00f3n\u201d, dijo la\nespecialista.<\/p>\n\n\n\n<p>Otro de los panelistas\ninvitados fue Mat\u00edas Donoso, usuario de implante coclear y creador de \u201cCoclus\u201d,\nuna red social inclusiva que busca facilitar la conexi\u00f3n entre personas con\ndiscapacidad auditiva. Tiene sordera profunda desde su nacimiento y a los 20\na\u00f1os lo operaron del implante coclear.<\/p>\n\n\n\n<p><em>Coclus<\/em>\nparti\u00f3 por una experiencia que vivi\u00f3 en 2012, cuando perdi\u00f3 su dispositivo esquiando,\nlo cual lo motiv\u00f3 a dise\u00f1ar un gancho que le permitiera afirmar mejor el conector,\notorgando mayor seguridad y libertad para realizar actividades deportivas sin\nlimitaciones. \u201cMi meta es demostrar que los obst\u00e1culos se pueden superar con\ninnovaci\u00f3n y tecnolog\u00eda, lo que nos permite abrir un gran mundo de\nposibilidades\u201d, destac\u00f3.<\/p>\n\n\n\n<p>Por su parte, la fonoaudi\u00f3loga Natalia Celed\u00f3n, del departamento de Evaluaci\u00f3n de Tecnolog\u00edas Sanitarias basada en Evidencias (ETESA) del Ministerio de Salud de Chile, se refiri\u00f3 a las pol\u00edticas de salud p\u00fablica que se est\u00e1n manejando en la actualidad respecto a la audici\u00f3n, con la cobertura que se tiene con la Ley Ricarte Soto para adquirir implantes cocleares. \u201cEstos implantes no tan solo son para personas que tengan Fonasa o Isapre, sino tambi\u00e9n para aquellos que tienen seguro de salud por las Fuerzas Armadas\u201d. <\/p>\n\n\n\n<p>Celed\u00f3n se\u00f1al\u00f3 que en la p\u00e1gina web <a href=\"http:\/\/www.minsal.cl\">www.minsal.cl<\/a>, est\u00e1 toda la informaci\u00f3n referente la Ley Ricarte Soto para todas aquellas personas que deseen adquirir implantes cocleares. <\/p>\n","protected":false},"excerpt":{"rendered":"<p>En el marco del D\u00eda Mundial de la Audici\u00f3n (3 de marzo), la carrera de Fonoaudiolog\u00eda de la Facultad de Medicina Cl\u00ednica Alemana Universidad del Desarrollo, junto al Centro de Investigaci\u00f3n de la Audici\u00f3n, los Sentidos y la Comunicaci\u00f3n (CESCO), realizaron una jornada para informar a la poblaci\u00f3n acerca de los cuidados de la audici\u00f3n, [&hellip;]<\/p>\n","protected":false},"author":9192219,"featured_media":4782,"comment_status":"open","ping_status":"open","sticky":false,"template":"","format":"standard","meta":{"footnotes":""},"categories":[4],"tags":[],"class_list":["post-4779","post","type-post","status-publish","format-standard","has-post-thumbnail","hentry","category-noticias"],"yoast_head":"<!-- This site is optimized with the Yoast SEO plugin v26.9 - https:\/\/yoast.com\/product\/yoast-seo-wordpress\/ -->\n<title>Carrera de Fonoaudiolog\u00eda realiza panel con expertos en salud auditiva - Fonoaudiolog\u00eda<\/title>\n<meta name=\"robots\" content=\"index, follow, max-snippet:-1, max-image-preview:large, max-video-preview:-1\" \/>\n<link rel=\"canonical\" href=\"https:\/\/medicina.udd.cl\/fonoaudiologia-santiago\/noticias\/2020\/03\/12\/carrera-de-fonoaudiologia-realiza-panel-con-expertos-en-salud-auditiva\/\" \/>\n<meta property=\"og:locale\" content=\"es_ES\" \/>\n<meta property=\"og:type\" content=\"article\" \/>\n<meta property=\"og:title\" content=\"Carrera de Fonoaudiolog\u00eda realiza panel con expertos en salud auditiva - Fonoaudiolog\u00eda\" \/>\n<meta property=\"og:description\" content=\"En el marco del D\u00eda Mundial de la Audici\u00f3n (3 de marzo), la carrera de Fonoaudiolog\u00eda de la Facultad de Medicina Cl\u00ednica Alemana Universidad del Desarrollo, junto al Centro de Investigaci\u00f3n de la Audici\u00f3n, los Sentidos y la Comunicaci\u00f3n (CESCO), realizaron una jornada para informar a la poblaci\u00f3n acerca de los cuidados de la audici\u00f3n, [&hellip;]\" \/>\n<meta property=\"og:url\" content=\"https:\/\/medicina.udd.cl\/fonoaudiologia-santiago\/noticias\/2020\/03\/12\/carrera-de-fonoaudiologia-realiza-panel-con-expertos-en-salud-auditiva\/\" \/>\n<meta property=\"og:site_name\" content=\"Fonoaudiolog\u00eda\" \/>\n<meta property=\"article:published_time\" content=\"2020-03-12T20:01:13+00:00\" \/>\n<meta property=\"article:modified_time\" content=\"2020-03-12T20:01:14+00:00\" \/>\n<meta property=\"og:image\" content=\"https:\/\/medicina.udd.cl\/fonoaudiologia-santiago\/files\/2020\/03\/IMG_2672-1024x683.jpg\" \/>\n\t<meta property=\"og:image:width\" content=\"1024\" \/>\n\t<meta property=\"og:image:height\" content=\"683\" \/>\n\t<meta property=\"og:image:type\" content=\"image\/jpeg\" \/>\n<meta name=\"author\" content=\"rbraidy\" \/>\n<meta name=\"twitter:label1\" content=\"Escrito por\" \/>\n\t<meta name=\"twitter:data1\" content=\"rbraidy\" \/>\n\t<meta name=\"twitter:label2\" content=\"Tiempo de lectura\" \/>\n\t<meta name=\"twitter:data2\" content=\"2 minutos\" \/>\n<script type=\"application\/ld+json\" class=\"yoast-schema-graph\">{\"@context\":\"https:\/\/schema.org\",\"@graph\":[{\"@type\":\"Article\",\"@id\":\"https:\/\/medicina.udd.cl\/fonoaudiologia-santiago\/noticias\/2020\/03\/12\/carrera-de-fonoaudiologia-realiza-panel-con-expertos-en-salud-auditiva\/#article\",\"isPartOf\":{\"@id\":\"https:\/\/medicina.udd.cl\/fonoaudiologia-santiago\/noticias\/2020\/03\/12\/carrera-de-fonoaudiologia-realiza-panel-con-expertos-en-salud-auditiva\/\"},\"author\":{\"name\":\"rbraidy\",\"@id\":\"https:\/\/medicina.udd.cl\/fonoaudiologia-santiago\/#\/schema\/person\/dbc3705bf3a93e8be1ba6de0ef950341\"},\"headline\":\"Carrera de Fonoaudiolog\u00eda realiza panel con expertos en salud auditiva\",\"datePublished\":\"2020-03-12T20:01:13+00:00\",\"dateModified\":\"2020-03-12T20:01:14+00:00\",\"mainEntityOfPage\":{\"@id\":\"https:\/\/medicina.udd.cl\/fonoaudiologia-santiago\/noticias\/2020\/03\/12\/carrera-de-fonoaudiologia-realiza-panel-con-expertos-en-salud-auditiva\/\"},\"wordCount\":430,\"commentCount\":0,\"image\":{\"@id\":\"https:\/\/medicina.udd.cl\/fonoaudiologia-santiago\/noticias\/2020\/03\/12\/carrera-de-fonoaudiologia-realiza-panel-con-expertos-en-salud-auditiva\/#primaryimage\"},\"thumbnailUrl\":\"https:\/\/medicina.udd.cl\/fonoaudiologia-santiago\/files\/2020\/03\/IMG_2672.jpg\",\"articleSection\":[\"Noticias\"],\"inLanguage\":\"es\",\"potentialAction\":[{\"@type\":\"CommentAction\",\"name\":\"Comment\",\"target\":[\"https:\/\/medicina.udd.cl\/fonoaudiologia-santiago\/noticias\/2020\/03\/12\/carrera-de-fonoaudiologia-realiza-panel-con-expertos-en-salud-auditiva\/#respond\"]}]},{\"@type\":\"WebPage\",\"@id\":\"https:\/\/medicina.udd.cl\/fonoaudiologia-santiago\/noticias\/2020\/03\/12\/carrera-de-fonoaudiologia-realiza-panel-con-expertos-en-salud-auditiva\/\",\"url\":\"https:\/\/medicina.udd.cl\/fonoaudiologia-santiago\/noticias\/2020\/03\/12\/carrera-de-fonoaudiologia-realiza-panel-con-expertos-en-salud-auditiva\/\",\"name\":\"Carrera de Fonoaudiolog\u00eda realiza panel con expertos en salud auditiva - Fonoaudiolog\u00eda\",\"isPartOf\":{\"@id\":\"https:\/\/medicina.udd.cl\/fonoaudiologia-santiago\/#website\"},\"primaryImageOfPage\":{\"@id\":\"https:\/\/medicina.udd.cl\/fonoaudiologia-santiago\/noticias\/2020\/03\/12\/carrera-de-fonoaudiologia-realiza-panel-con-expertos-en-salud-auditiva\/#primaryimage\"},\"image\":{\"@id\":\"https:\/\/medicina.udd.cl\/fonoaudiologia-santiago\/noticias\/2020\/03\/12\/carrera-de-fonoaudiologia-realiza-panel-con-expertos-en-salud-auditiva\/#primaryimage\"},\"thumbnailUrl\":\"https:\/\/medicina.udd.cl\/fonoaudiologia-santiago\/files\/2020\/03\/IMG_2672.jpg\",\"datePublished\":\"2020-03-12T20:01:13+00:00\",\"dateModified\":\"2020-03-12T20:01:14+00:00\",\"author\":{\"@id\":\"https:\/\/medicina.udd.cl\/fonoaudiologia-santiago\/#\/schema\/person\/dbc3705bf3a93e8be1ba6de0ef950341\"},\"breadcrumb\":{\"@id\":\"https:\/\/medicina.udd.cl\/fonoaudiologia-santiago\/noticias\/2020\/03\/12\/carrera-de-fonoaudiologia-realiza-panel-con-expertos-en-salud-auditiva\/#breadcrumb\"},\"inLanguage\":\"es\",\"potentialAction\":[{\"@type\":\"ReadAction\",\"target\":[\"https:\/\/medicina.udd.cl\/fonoaudiologia-santiago\/noticias\/2020\/03\/12\/carrera-de-fonoaudiologia-realiza-panel-con-expertos-en-salud-auditiva\/\"]}]},{\"@type\":\"ImageObject\",\"inLanguage\":\"es\",\"@id\":\"https:\/\/medicina.udd.cl\/fonoaudiologia-santiago\/noticias\/2020\/03\/12\/carrera-de-fonoaudiologia-realiza-panel-con-expertos-en-salud-auditiva\/#primaryimage\",\"url\":\"https:\/\/medicina.udd.cl\/fonoaudiologia-santiago\/files\/2020\/03\/IMG_2672.jpg\",\"contentUrl\":\"https:\/\/medicina.udd.cl\/fonoaudiologia-santiago\/files\/2020\/03\/IMG_2672.jpg\",\"width\":5184,\"height\":3456},{\"@type\":\"BreadcrumbList\",\"@id\":\"https:\/\/medicina.udd.cl\/fonoaudiologia-santiago\/noticias\/2020\/03\/12\/carrera-de-fonoaudiologia-realiza-panel-con-expertos-en-salud-auditiva\/#breadcrumb\",\"itemListElement\":[{\"@type\":\"ListItem\",\"position\":1,\"name\":\"Home\",\"item\":\"https:\/\/medicina.udd.cl\/fonoaudiologia-santiago\/\"},{\"@type\":\"ListItem\",\"position\":2,\"name\":\"Carrera de Fonoaudiolog\u00eda realiza panel con expertos en salud auditiva\"}]},{\"@type\":\"WebSite\",\"@id\":\"https:\/\/medicina.udd.cl\/fonoaudiologia-santiago\/#website\",\"url\":\"https:\/\/medicina.udd.cl\/fonoaudiologia-santiago\/\",\"name\":\"Fonoaudiolog\u00eda\",\"description\":\"Facultad de Medicina Cl\u00ednica Alemana Universidad del Desarrollo\",\"inLanguage\":\"es\"},{\"@type\":\"Person\",\"@id\":\"https:\/\/medicina.udd.cl\/fonoaudiologia-santiago\/#\/schema\/person\/dbc3705bf3a93e8be1ba6de0ef950341\",\"name\":\"rbraidy\",\"image\":{\"@type\":\"ImageObject\",\"inLanguage\":\"es\",\"@id\":\"https:\/\/medicina.udd.cl\/fonoaudiologia-santiago\/#\/schema\/person\/image\/\",\"url\":\"https:\/\/secure.gravatar.com\/avatar\/0f8bc94637401590e45d2ce17eb65c274cb8870a219de6177f3f23e63fd8cdf3?s=96&d=mm&r=g\",\"contentUrl\":\"https:\/\/secure.gravatar.com\/avatar\/0f8bc94637401590e45d2ce17eb65c274cb8870a219de6177f3f23e63fd8cdf3?s=96&d=mm&r=g\",\"caption\":\"rbraidy\"},\"url\":\"https:\/\/medicina.udd.cl\/fonoaudiologia-santiago\/noticias\/author\/rbraidy\/\"}]}<\/script>\n<!-- \/ Yoast SEO plugin. -->","yoast_head_json":{"title":"Carrera de Fonoaudiolog\u00eda realiza panel con expertos en salud auditiva - Fonoaudiolog\u00eda","robots":{"index":"index","follow":"follow","max-snippet":"max-snippet:-1","max-image-preview":"max-image-preview:large","max-video-preview":"max-video-preview:-1"},"canonical":"https:\/\/medicina.udd.cl\/fonoaudiologia-santiago\/noticias\/2020\/03\/12\/carrera-de-fonoaudiologia-realiza-panel-con-expertos-en-salud-auditiva\/","og_locale":"es_ES","og_type":"article","og_title":"Carrera de Fonoaudiolog\u00eda realiza panel con expertos en salud auditiva - Fonoaudiolog\u00eda","og_description":"En el marco del D\u00eda Mundial de la Audici\u00f3n (3 de marzo), la carrera de Fonoaudiolog\u00eda de la Facultad de Medicina Cl\u00ednica Alemana Universidad del Desarrollo, junto al Centro de Investigaci\u00f3n de la Audici\u00f3n, los Sentidos y la Comunicaci\u00f3n (CESCO), realizaron una jornada para informar a la poblaci\u00f3n acerca de los cuidados de la audici\u00f3n, [&hellip;]","og_url":"https:\/\/medicina.udd.cl\/fonoaudiologia-santiago\/noticias\/2020\/03\/12\/carrera-de-fonoaudiologia-realiza-panel-con-expertos-en-salud-auditiva\/","og_site_name":"Fonoaudiolog\u00eda","article_published_time":"2020-03-12T20:01:13+00:00","article_modified_time":"2020-03-12T20:01:14+00:00","og_image":[{"width":1024,"height":683,"url":"https:\/\/medicina.udd.cl\/fonoaudiologia-santiago\/files\/2020\/03\/IMG_2672-1024x683.jpg","type":"image\/jpeg"}],"author":"rbraidy","twitter_misc":{"Escrito por":"rbraidy","Tiempo de lectura":"2 minutos"},"schema":{"@context":"https:\/\/schema.org","@graph":[{"@type":"Article","@id":"https:\/\/medicina.udd.cl\/fonoaudiologia-santiago\/noticias\/2020\/03\/12\/carrera-de-fonoaudiologia-realiza-panel-con-expertos-en-salud-auditiva\/#article","isPartOf":{"@id":"https:\/\/medicina.udd.cl\/fonoaudiologia-santiago\/noticias\/2020\/03\/12\/carrera-de-fonoaudiologia-realiza-panel-con-expertos-en-salud-auditiva\/"},"author":{"name":"rbraidy","@id":"https:\/\/medicina.udd.cl\/fonoaudiologia-santiago\/#\/schema\/person\/dbc3705bf3a93e8be1ba6de0ef950341"},"headline":"Carrera de Fonoaudiolog\u00eda realiza panel con expertos en salud auditiva","datePublished":"2020-03-12T20:01:13+00:00","dateModified":"2020-03-12T20:01:14+00:00","mainEntityOfPage":{"@id":"https:\/\/medicina.udd.cl\/fonoaudiologia-santiago\/noticias\/2020\/03\/12\/carrera-de-fonoaudiologia-realiza-panel-con-expertos-en-salud-auditiva\/"},"wordCount":430,"commentCount":0,"image":{"@id":"https:\/\/medicina.udd.cl\/fonoaudiologia-santiago\/noticias\/2020\/03\/12\/carrera-de-fonoaudiologia-realiza-panel-con-expertos-en-salud-auditiva\/#primaryimage"},"thumbnailUrl":"https:\/\/medicina.udd.cl\/fonoaudiologia-santiago\/files\/2020\/03\/IMG_2672.jpg","articleSection":["Noticias"],"inLanguage":"es","potentialAction":[{"@type":"CommentAction","name":"Comment","target":["https:\/\/medicina.udd.cl\/fonoaudiologia-santiago\/noticias\/2020\/03\/12\/carrera-de-fonoaudiologia-realiza-panel-con-expertos-en-salud-auditiva\/#respond"]}]},{"@type":"WebPage","@id":"https:\/\/medicina.udd.cl\/fonoaudiologia-santiago\/noticias\/2020\/03\/12\/carrera-de-fonoaudiologia-realiza-panel-con-expertos-en-salud-auditiva\/","url":"https:\/\/medicina.udd.cl\/fonoaudiologia-santiago\/noticias\/2020\/03\/12\/carrera-de-fonoaudiologia-realiza-panel-con-expertos-en-salud-auditiva\/","name":"Carrera de Fonoaudiolog\u00eda realiza panel con expertos en salud auditiva - Fonoaudiolog\u00eda","isPartOf":{"@id":"https:\/\/medicina.udd.cl\/fonoaudiologia-santiago\/#website"},"primaryImageOfPage":{"@id":"https:\/\/medicina.udd.cl\/fonoaudiologia-santiago\/noticias\/2020\/03\/12\/carrera-de-fonoaudiologia-realiza-panel-con-expertos-en-salud-auditiva\/#primaryimage"},"image":{"@id":"https:\/\/medicina.udd.cl\/fonoaudiologia-santiago\/noticias\/2020\/03\/12\/carrera-de-fonoaudiologia-realiza-panel-con-expertos-en-salud-auditiva\/#primaryimage"},"thumbnailUrl":"https:\/\/medicina.udd.cl\/fonoaudiologia-santiago\/files\/2020\/03\/IMG_2672.jpg","datePublished":"2020-03-12T20:01:13+00:00","dateModified":"2020-03-12T20:01:14+00:00","author":{"@id":"https:\/\/medicina.udd.cl\/fonoaudiologia-santiago\/#\/schema\/person\/dbc3705bf3a93e8be1ba6de0ef950341"},"breadcrumb":{"@id":"https:\/\/medicina.udd.cl\/fonoaudiologia-santiago\/noticias\/2020\/03\/12\/carrera-de-fonoaudiologia-realiza-panel-con-expertos-en-salud-auditiva\/#breadcrumb"},"inLanguage":"es","potentialAction":[{"@type":"ReadAction","target":["https:\/\/medicina.udd.cl\/fonoaudiologia-santiago\/noticias\/2020\/03\/12\/carrera-de-fonoaudiologia-realiza-panel-con-expertos-en-salud-auditiva\/"]}]},{"@type":"ImageObject","inLanguage":"es","@id":"https:\/\/medicina.udd.cl\/fonoaudiologia-santiago\/noticias\/2020\/03\/12\/carrera-de-fonoaudiologia-realiza-panel-con-expertos-en-salud-auditiva\/#primaryimage","url":"https:\/\/medicina.udd.cl\/fonoaudiologia-santiago\/files\/2020\/03\/IMG_2672.jpg","contentUrl":"https:\/\/medicina.udd.cl\/fonoaudiologia-santiago\/files\/2020\/03\/IMG_2672.jpg","width":5184,"height":3456},{"@type":"BreadcrumbList","@id":"https:\/\/medicina.udd.cl\/fonoaudiologia-santiago\/noticias\/2020\/03\/12\/carrera-de-fonoaudiologia-realiza-panel-con-expertos-en-salud-auditiva\/#breadcrumb","itemListElement":[{"@type":"ListItem","position":1,"name":"Home","item":"https:\/\/medicina.udd.cl\/fonoaudiologia-santiago\/"},{"@type":"ListItem","position":2,"name":"Carrera de Fonoaudiolog\u00eda realiza panel con expertos en salud auditiva"}]},{"@type":"WebSite","@id":"https:\/\/medicina.udd.cl\/fonoaudiologia-santiago\/#website","url":"https:\/\/medicina.udd.cl\/fonoaudiologia-santiago\/","name":"Fonoaudiolog\u00eda","description":"Facultad de Medicina Cl\u00ednica Alemana Universidad del Desarrollo","inLanguage":"es"},{"@type":"Person","@id":"https:\/\/medicina.udd.cl\/fonoaudiologia-santiago\/#\/schema\/person\/dbc3705bf3a93e8be1ba6de0ef950341","name":"rbraidy","image":{"@type":"ImageObject","inLanguage":"es","@id":"https:\/\/medicina.udd.cl\/fonoaudiologia-santiago\/#\/schema\/person\/image\/","url":"https:\/\/secure.gravatar.com\/avatar\/0f8bc94637401590e45d2ce17eb65c274cb8870a219de6177f3f23e63fd8cdf3?s=96&d=mm&r=g","contentUrl":"https:\/\/secure.gravatar.com\/avatar\/0f8bc94637401590e45d2ce17eb65c274cb8870a219de6177f3f23e63fd8cdf3?s=96&d=mm&r=g","caption":"rbraidy"},"url":"https:\/\/medicina.udd.cl\/fonoaudiologia-santiago\/noticias\/author\/rbraidy\/"}]}},"featured_image_url":"https:\/\/medicina.udd.cl\/fonoaudiologia-santiago\/files\/2020\/03\/IMG_2672.jpg","_links":{"self":[{"href":"https:\/\/medicina.udd.cl\/fonoaudiologia-santiago\/wp-json\/wp\/v2\/posts\/4779","targetHints":{"allow":["GET"]}}],"collection":[{"href":"https:\/\/medicina.udd.cl\/fonoaudiologia-santiago\/wp-json\/wp\/v2\/posts"}],"about":[{"href":"https:\/\/medicina.udd.cl\/fonoaudiologia-santiago\/wp-json\/wp\/v2\/types\/post"}],"author":[{"embeddable":true,"href":"https:\/\/medicina.udd.cl\/fonoaudiologia-santiago\/wp-json\/wp\/v2\/users\/9192219"}],"replies":[{"embeddable":true,"href":"https:\/\/medicina.udd.cl\/fonoaudiologia-santiago\/wp-json\/wp\/v2\/comments?post=4779"}],"version-history":[{"count":1,"href":"https:\/\/medicina.udd.cl\/fonoaudiologia-santiago\/wp-json\/wp\/v2\/posts\/4779\/revisions"}],"predecessor-version":[{"id":4783,"href":"https:\/\/medicina.udd.cl\/fonoaudiologia-santiago\/wp-json\/wp\/v2\/posts\/4779\/revisions\/4783"}],"wp:featuredmedia":[{"embeddable":true,"href":"https:\/\/medicina.udd.cl\/fonoaudiologia-santiago\/wp-json\/wp\/v2\/media\/4782"}],"wp:attachment":[{"href":"https:\/\/medicina.udd.cl\/fonoaudiologia-santiago\/wp-json\/wp\/v2\/media?parent=4779"}],"wp:term":[{"taxonomy":"category","embeddable":true,"href":"https:\/\/medicina.udd.cl\/fonoaudiologia-santiago\/wp-json\/wp\/v2\/categories?post=4779"},{"taxonomy":"post_tag","embeddable":true,"href":"https:\/\/medicina.udd.cl\/fonoaudiologia-santiago\/wp-json\/wp\/v2\/tags?post=4779"}],"curies":[{"name":"wp","href":"https:\/\/api.w.org\/{rel}","templated":true}]}}