{"id":4817,"date":"2020-04-17T17:33:27","date_gmt":"2020-04-17T21:33:27","guid":{"rendered":"http:\/\/medicina.udd.cl\/fonoaudiologia-santiago\/?p=4817"},"modified":"2020-04-17T17:33:28","modified_gmt":"2020-04-17T21:33:28","slug":"docentes-de-fonoaudiologia-udd-envian-mensaje-por-dia-mundial-de-la-voz","status":"publish","type":"post","link":"https:\/\/medicina.udd.cl\/fonoaudiologia-santiago\/noticias\/2020\/04\/17\/docentes-de-fonoaudiologia-udd-envian-mensaje-por-dia-mundial-de-la-voz\/","title":{"rendered":"Docentes de Fonoaudiolog\u00eda UDD env\u00edan mensaje por D\u00eda Mundial de la Voz"},"content":{"rendered":"\n<figure class=\"wp-block-embed-youtube wp-block-embed is-type-video is-provider-youtube wp-embed-aspect-16-9 wp-has-aspect-ratio\"><div class=\"wp-block-embed__wrapper\">\n<iframe loading=\"lazy\" title=\"D\u00eda Mundial de la Voz\" width=\"500\" height=\"281\" src=\"https:\/\/www.youtube.com\/embed\/LOdPUZWNSDo?feature=oembed&#038;rel=0&#038;modestbranding=1&#038;autohide=1&#038;autoplay=0&#038;enablejsapi=1&#038;showinfo=0\" allowautoplay=\"allowautoplay\" frameborder=\"0\" allow=\"accelerometer; autoplay; clipboard-write; encrypted-media; gyroscope; picture-in-picture; web-share\" referrerpolicy=\"strict-origin-when-cross-origin\" allowfullscreen><\/iframe>\n<\/div><\/figure>\n\n\n\n<p> Cada 16 de abril\u00a0se celebra el D\u00eda Mundial de la Voz, el cual fue decretado por la Federaci\u00f3n de Sociedades de Otorrinolaringolog\u00eda con el objetivo de crear conciencia de la importancia que tiene la voz y los cuidados que debemos tener para prevenir patolog\u00edas vocales. <\/p>\n\n\n\n<p>Los docentes del \u00e1rea de voz de la carrera de Fonoaudiolog\u00eda de la Facultad de Medicina Cl\u00ednica Alemana Universidad del Desarrollo, enviaron un mensaje por este d\u00eda especial. <\/p>\n","protected":false},"excerpt":{"rendered":"<p>Cada 16 de abril\u00a0se celebra el D\u00eda Mundial de la Voz, el cual fue decretado por la Federaci\u00f3n de Sociedades de Otorrinolaringolog\u00eda con el objetivo de crear conciencia de la importancia que tiene la voz y los cuidados que debemos tener para prevenir patolog\u00edas vocales. Los docentes del \u00e1rea de voz de la carrera de [&hellip;]<\/p>\n","protected":false},"author":9192219,"featured_media":4819,"comment_status":"open","ping_status":"open","sticky":false,"template":"","format":"standard","meta":{"footnotes":""},"categories":[4],"tags":[],"class_list":["post-4817","post","type-post","status-publish","format-standard","has-post-thumbnail","hentry","category-noticias"],"yoast_head":"<!-- This site is optimized with the Yoast SEO plugin v26.9 - https:\/\/yoast.com\/product\/yoast-seo-wordpress\/ -->\n<title>Docentes de Fonoaudiolog\u00eda UDD env\u00edan mensaje por D\u00eda Mundial de la Voz - Fonoaudiolog\u00eda<\/title>\n<meta name=\"robots\" content=\"index, follow, max-snippet:-1, max-image-preview:large, max-video-preview:-1\" \/>\n<link rel=\"canonical\" href=\"https:\/\/medicina.udd.cl\/fonoaudiologia-santiago\/noticias\/2020\/04\/17\/docentes-de-fonoaudiologia-udd-envian-mensaje-por-dia-mundial-de-la-voz\/\" \/>\n<meta property=\"og:locale\" content=\"es_ES\" \/>\n<meta property=\"og:type\" content=\"article\" \/>\n<meta property=\"og:title\" content=\"Docentes de Fonoaudiolog\u00eda UDD env\u00edan mensaje por D\u00eda Mundial de la Voz - Fonoaudiolog\u00eda\" \/>\n<meta property=\"og:description\" content=\"Cada 16 de abril\u00a0se celebra el D\u00eda Mundial de la Voz, el cual fue decretado por la Federaci\u00f3n de Sociedades de Otorrinolaringolog\u00eda con el objetivo de crear conciencia de la importancia que tiene la voz y los cuidados que debemos tener para prevenir patolog\u00edas vocales. Los docentes del \u00e1rea de voz de la carrera de [&hellip;]\" \/>\n<meta property=\"og:url\" content=\"https:\/\/medicina.udd.cl\/fonoaudiologia-santiago\/noticias\/2020\/04\/17\/docentes-de-fonoaudiologia-udd-envian-mensaje-por-dia-mundial-de-la-voz\/\" \/>\n<meta property=\"og:site_name\" content=\"Fonoaudiolog\u00eda\" \/>\n<meta property=\"article:published_time\" content=\"2020-04-17T21:33:27+00:00\" \/>\n<meta property=\"article:modified_time\" content=\"2020-04-17T21:33:28+00:00\" \/>\n<meta property=\"og:image\" content=\"https:\/\/medicina.udd.cl\/fonoaudiologia-santiago\/files\/2020\/04\/DiaMundialVoz.jpg\" \/>\n\t<meta property=\"og:image:width\" content=\"679\" \/>\n\t<meta property=\"og:image:height\" content=\"378\" \/>\n\t<meta property=\"og:image:type\" content=\"image\/jpeg\" \/>\n<meta name=\"author\" content=\"rbraidy\" \/>\n<meta name=\"twitter:label1\" content=\"Escrito por\" \/>\n\t<meta name=\"twitter:data1\" content=\"rbraidy\" \/>\n<script type=\"application\/ld+json\" class=\"yoast-schema-graph\">{\"@context\":\"https:\/\/schema.org\",\"@graph\":[{\"@type\":\"Article\",\"@id\":\"https:\/\/medicina.udd.cl\/fonoaudiologia-santiago\/noticias\/2020\/04\/17\/docentes-de-fonoaudiologia-udd-envian-mensaje-por-dia-mundial-de-la-voz\/#article\",\"isPartOf\":{\"@id\":\"https:\/\/medicina.udd.cl\/fonoaudiologia-santiago\/noticias\/2020\/04\/17\/docentes-de-fonoaudiologia-udd-envian-mensaje-por-dia-mundial-de-la-voz\/\"},\"author\":{\"name\":\"rbraidy\",\"@id\":\"https:\/\/medicina.udd.cl\/fonoaudiologia-santiago\/#\/schema\/person\/dbc3705bf3a93e8be1ba6de0ef950341\"},\"headline\":\"Docentes de Fonoaudiolog\u00eda UDD env\u00edan mensaje por D\u00eda Mundial de la Voz\",\"datePublished\":\"2020-04-17T21:33:27+00:00\",\"dateModified\":\"2020-04-17T21:33:28+00:00\",\"mainEntityOfPage\":{\"@id\":\"https:\/\/medicina.udd.cl\/fonoaudiologia-santiago\/noticias\/2020\/04\/17\/docentes-de-fonoaudiologia-udd-envian-mensaje-por-dia-mundial-de-la-voz\/\"},\"wordCount\":99,\"commentCount\":0,\"image\":{\"@id\":\"https:\/\/medicina.udd.cl\/fonoaudiologia-santiago\/noticias\/2020\/04\/17\/docentes-de-fonoaudiologia-udd-envian-mensaje-por-dia-mundial-de-la-voz\/#primaryimage\"},\"thumbnailUrl\":\"https:\/\/medicina.udd.cl\/fonoaudiologia-santiago\/files\/2020\/04\/DiaMundialVoz.jpg\",\"articleSection\":[\"Noticias\"],\"inLanguage\":\"es\",\"potentialAction\":[{\"@type\":\"CommentAction\",\"name\":\"Comment\",\"target\":[\"https:\/\/medicina.udd.cl\/fonoaudiologia-santiago\/noticias\/2020\/04\/17\/docentes-de-fonoaudiologia-udd-envian-mensaje-por-dia-mundial-de-la-voz\/#respond\"]}]},{\"@type\":\"WebPage\",\"@id\":\"https:\/\/medicina.udd.cl\/fonoaudiologia-santiago\/noticias\/2020\/04\/17\/docentes-de-fonoaudiologia-udd-envian-mensaje-por-dia-mundial-de-la-voz\/\",\"url\":\"https:\/\/medicina.udd.cl\/fonoaudiologia-santiago\/noticias\/2020\/04\/17\/docentes-de-fonoaudiologia-udd-envian-mensaje-por-dia-mundial-de-la-voz\/\",\"name\":\"Docentes de Fonoaudiolog\u00eda UDD env\u00edan mensaje por D\u00eda Mundial de la Voz - Fonoaudiolog\u00eda\",\"isPartOf\":{\"@id\":\"https:\/\/medicina.udd.cl\/fonoaudiologia-santiago\/#website\"},\"primaryImageOfPage\":{\"@id\":\"https:\/\/medicina.udd.cl\/fonoaudiologia-santiago\/noticias\/2020\/04\/17\/docentes-de-fonoaudiologia-udd-envian-mensaje-por-dia-mundial-de-la-voz\/#primaryimage\"},\"image\":{\"@id\":\"https:\/\/medicina.udd.cl\/fonoaudiologia-santiago\/noticias\/2020\/04\/17\/docentes-de-fonoaudiologia-udd-envian-mensaje-por-dia-mundial-de-la-voz\/#primaryimage\"},\"thumbnailUrl\":\"https:\/\/medicina.udd.cl\/fonoaudiologia-santiago\/files\/2020\/04\/DiaMundialVoz.jpg\",\"datePublished\":\"2020-04-17T21:33:27+00:00\",\"dateModified\":\"2020-04-17T21:33:28+00:00\",\"author\":{\"@id\":\"https:\/\/medicina.udd.cl\/fonoaudiologia-santiago\/#\/schema\/person\/dbc3705bf3a93e8be1ba6de0ef950341\"},\"breadcrumb\":{\"@id\":\"https:\/\/medicina.udd.cl\/fonoaudiologia-santiago\/noticias\/2020\/04\/17\/docentes-de-fonoaudiologia-udd-envian-mensaje-por-dia-mundial-de-la-voz\/#breadcrumb\"},\"inLanguage\":\"es\",\"potentialAction\":[{\"@type\":\"ReadAction\",\"target\":[\"https:\/\/medicina.udd.cl\/fonoaudiologia-santiago\/noticias\/2020\/04\/17\/docentes-de-fonoaudiologia-udd-envian-mensaje-por-dia-mundial-de-la-voz\/\"]}]},{\"@type\":\"ImageObject\",\"inLanguage\":\"es\",\"@id\":\"https:\/\/medicina.udd.cl\/fonoaudiologia-santiago\/noticias\/2020\/04\/17\/docentes-de-fonoaudiologia-udd-envian-mensaje-por-dia-mundial-de-la-voz\/#primaryimage\",\"url\":\"https:\/\/medicina.udd.cl\/fonoaudiologia-santiago\/files\/2020\/04\/DiaMundialVoz.jpg\",\"contentUrl\":\"https:\/\/medicina.udd.cl\/fonoaudiologia-santiago\/files\/2020\/04\/DiaMundialVoz.jpg\",\"width\":679,\"height\":378},{\"@type\":\"BreadcrumbList\",\"@id\":\"https:\/\/medicina.udd.cl\/fonoaudiologia-santiago\/noticias\/2020\/04\/17\/docentes-de-fonoaudiologia-udd-envian-mensaje-por-dia-mundial-de-la-voz\/#breadcrumb\",\"itemListElement\":[{\"@type\":\"ListItem\",\"position\":1,\"name\":\"Home\",\"item\":\"https:\/\/medicina.udd.cl\/fonoaudiologia-santiago\/\"},{\"@type\":\"ListItem\",\"position\":2,\"name\":\"Docentes de Fonoaudiolog\u00eda UDD env\u00edan mensaje por D\u00eda Mundial de la Voz\"}]},{\"@type\":\"WebSite\",\"@id\":\"https:\/\/medicina.udd.cl\/fonoaudiologia-santiago\/#website\",\"url\":\"https:\/\/medicina.udd.cl\/fonoaudiologia-santiago\/\",\"name\":\"Fonoaudiolog\u00eda\",\"description\":\"Facultad de Medicina Cl\u00ednica Alemana Universidad del Desarrollo\",\"inLanguage\":\"es\"},{\"@type\":\"Person\",\"@id\":\"https:\/\/medicina.udd.cl\/fonoaudiologia-santiago\/#\/schema\/person\/dbc3705bf3a93e8be1ba6de0ef950341\",\"name\":\"rbraidy\",\"image\":{\"@type\":\"ImageObject\",\"inLanguage\":\"es\",\"@id\":\"https:\/\/medicina.udd.cl\/fonoaudiologia-santiago\/#\/schema\/person\/image\/\",\"url\":\"https:\/\/secure.gravatar.com\/avatar\/0f8bc94637401590e45d2ce17eb65c274cb8870a219de6177f3f23e63fd8cdf3?s=96&d=mm&r=g\",\"contentUrl\":\"https:\/\/secure.gravatar.com\/avatar\/0f8bc94637401590e45d2ce17eb65c274cb8870a219de6177f3f23e63fd8cdf3?s=96&d=mm&r=g\",\"caption\":\"rbraidy\"},\"url\":\"https:\/\/medicina.udd.cl\/fonoaudiologia-santiago\/noticias\/author\/rbraidy\/\"}]}<\/script>\n<!-- \/ Yoast SEO plugin. -->","yoast_head_json":{"title":"Docentes de Fonoaudiolog\u00eda UDD env\u00edan mensaje por D\u00eda Mundial de la Voz - Fonoaudiolog\u00eda","robots":{"index":"index","follow":"follow","max-snippet":"max-snippet:-1","max-image-preview":"max-image-preview:large","max-video-preview":"max-video-preview:-1"},"canonical":"https:\/\/medicina.udd.cl\/fonoaudiologia-santiago\/noticias\/2020\/04\/17\/docentes-de-fonoaudiologia-udd-envian-mensaje-por-dia-mundial-de-la-voz\/","og_locale":"es_ES","og_type":"article","og_title":"Docentes de Fonoaudiolog\u00eda UDD env\u00edan mensaje por D\u00eda Mundial de la Voz - Fonoaudiolog\u00eda","og_description":"Cada 16 de abril\u00a0se celebra el D\u00eda Mundial de la Voz, el cual fue decretado por la Federaci\u00f3n de Sociedades de Otorrinolaringolog\u00eda con el objetivo de crear conciencia de la importancia que tiene la voz y los cuidados que debemos tener para prevenir patolog\u00edas vocales. Los docentes del \u00e1rea de voz de la carrera de [&hellip;]","og_url":"https:\/\/medicina.udd.cl\/fonoaudiologia-santiago\/noticias\/2020\/04\/17\/docentes-de-fonoaudiologia-udd-envian-mensaje-por-dia-mundial-de-la-voz\/","og_site_name":"Fonoaudiolog\u00eda","article_published_time":"2020-04-17T21:33:27+00:00","article_modified_time":"2020-04-17T21:33:28+00:00","og_image":[{"width":679,"height":378,"url":"https:\/\/medicina.udd.cl\/fonoaudiologia-santiago\/files\/2020\/04\/DiaMundialVoz.jpg","type":"image\/jpeg"}],"author":"rbraidy","twitter_misc":{"Escrito por":"rbraidy"},"schema":{"@context":"https:\/\/schema.org","@graph":[{"@type":"Article","@id":"https:\/\/medicina.udd.cl\/fonoaudiologia-santiago\/noticias\/2020\/04\/17\/docentes-de-fonoaudiologia-udd-envian-mensaje-por-dia-mundial-de-la-voz\/#article","isPartOf":{"@id":"https:\/\/medicina.udd.cl\/fonoaudiologia-santiago\/noticias\/2020\/04\/17\/docentes-de-fonoaudiologia-udd-envian-mensaje-por-dia-mundial-de-la-voz\/"},"author":{"name":"rbraidy","@id":"https:\/\/medicina.udd.cl\/fonoaudiologia-santiago\/#\/schema\/person\/dbc3705bf3a93e8be1ba6de0ef950341"},"headline":"Docentes de Fonoaudiolog\u00eda UDD env\u00edan mensaje por D\u00eda Mundial de la Voz","datePublished":"2020-04-17T21:33:27+00:00","dateModified":"2020-04-17T21:33:28+00:00","mainEntityOfPage":{"@id":"https:\/\/medicina.udd.cl\/fonoaudiologia-santiago\/noticias\/2020\/04\/17\/docentes-de-fonoaudiologia-udd-envian-mensaje-por-dia-mundial-de-la-voz\/"},"wordCount":99,"commentCount":0,"image":{"@id":"https:\/\/medicina.udd.cl\/fonoaudiologia-santiago\/noticias\/2020\/04\/17\/docentes-de-fonoaudiologia-udd-envian-mensaje-por-dia-mundial-de-la-voz\/#primaryimage"},"thumbnailUrl":"https:\/\/medicina.udd.cl\/fonoaudiologia-santiago\/files\/2020\/04\/DiaMundialVoz.jpg","articleSection":["Noticias"],"inLanguage":"es","potentialAction":[{"@type":"CommentAction","name":"Comment","target":["https:\/\/medicina.udd.cl\/fonoaudiologia-santiago\/noticias\/2020\/04\/17\/docentes-de-fonoaudiologia-udd-envian-mensaje-por-dia-mundial-de-la-voz\/#respond"]}]},{"@type":"WebPage","@id":"https:\/\/medicina.udd.cl\/fonoaudiologia-santiago\/noticias\/2020\/04\/17\/docentes-de-fonoaudiologia-udd-envian-mensaje-por-dia-mundial-de-la-voz\/","url":"https:\/\/medicina.udd.cl\/fonoaudiologia-santiago\/noticias\/2020\/04\/17\/docentes-de-fonoaudiologia-udd-envian-mensaje-por-dia-mundial-de-la-voz\/","name":"Docentes de Fonoaudiolog\u00eda UDD env\u00edan mensaje por D\u00eda Mundial de la Voz - Fonoaudiolog\u00eda","isPartOf":{"@id":"https:\/\/medicina.udd.cl\/fonoaudiologia-santiago\/#website"},"primaryImageOfPage":{"@id":"https:\/\/medicina.udd.cl\/fonoaudiologia-santiago\/noticias\/2020\/04\/17\/docentes-de-fonoaudiologia-udd-envian-mensaje-por-dia-mundial-de-la-voz\/#primaryimage"},"image":{"@id":"https:\/\/medicina.udd.cl\/fonoaudiologia-santiago\/noticias\/2020\/04\/17\/docentes-de-fonoaudiologia-udd-envian-mensaje-por-dia-mundial-de-la-voz\/#primaryimage"},"thumbnailUrl":"https:\/\/medicina.udd.cl\/fonoaudiologia-santiago\/files\/2020\/04\/DiaMundialVoz.jpg","datePublished":"2020-04-17T21:33:27+00:00","dateModified":"2020-04-17T21:33:28+00:00","author":{"@id":"https:\/\/medicina.udd.cl\/fonoaudiologia-santiago\/#\/schema\/person\/dbc3705bf3a93e8be1ba6de0ef950341"},"breadcrumb":{"@id":"https:\/\/medicina.udd.cl\/fonoaudiologia-santiago\/noticias\/2020\/04\/17\/docentes-de-fonoaudiologia-udd-envian-mensaje-por-dia-mundial-de-la-voz\/#breadcrumb"},"inLanguage":"es","potentialAction":[{"@type":"ReadAction","target":["https:\/\/medicina.udd.cl\/fonoaudiologia-santiago\/noticias\/2020\/04\/17\/docentes-de-fonoaudiologia-udd-envian-mensaje-por-dia-mundial-de-la-voz\/"]}]},{"@type":"ImageObject","inLanguage":"es","@id":"https:\/\/medicina.udd.cl\/fonoaudiologia-santiago\/noticias\/2020\/04\/17\/docentes-de-fonoaudiologia-udd-envian-mensaje-por-dia-mundial-de-la-voz\/#primaryimage","url":"https:\/\/medicina.udd.cl\/fonoaudiologia-santiago\/files\/2020\/04\/DiaMundialVoz.jpg","contentUrl":"https:\/\/medicina.udd.cl\/fonoaudiologia-santiago\/files\/2020\/04\/DiaMundialVoz.jpg","width":679,"height":378},{"@type":"BreadcrumbList","@id":"https:\/\/medicina.udd.cl\/fonoaudiologia-santiago\/noticias\/2020\/04\/17\/docentes-de-fonoaudiologia-udd-envian-mensaje-por-dia-mundial-de-la-voz\/#breadcrumb","itemListElement":[{"@type":"ListItem","position":1,"name":"Home","item":"https:\/\/medicina.udd.cl\/fonoaudiologia-santiago\/"},{"@type":"ListItem","position":2,"name":"Docentes de Fonoaudiolog\u00eda UDD env\u00edan mensaje por D\u00eda Mundial de la Voz"}]},{"@type":"WebSite","@id":"https:\/\/medicina.udd.cl\/fonoaudiologia-santiago\/#website","url":"https:\/\/medicina.udd.cl\/fonoaudiologia-santiago\/","name":"Fonoaudiolog\u00eda","description":"Facultad de Medicina Cl\u00ednica Alemana Universidad del Desarrollo","inLanguage":"es"},{"@type":"Person","@id":"https:\/\/medicina.udd.cl\/fonoaudiologia-santiago\/#\/schema\/person\/dbc3705bf3a93e8be1ba6de0ef950341","name":"rbraidy","image":{"@type":"ImageObject","inLanguage":"es","@id":"https:\/\/medicina.udd.cl\/fonoaudiologia-santiago\/#\/schema\/person\/image\/","url":"https:\/\/secure.gravatar.com\/avatar\/0f8bc94637401590e45d2ce17eb65c274cb8870a219de6177f3f23e63fd8cdf3?s=96&d=mm&r=g","contentUrl":"https:\/\/secure.gravatar.com\/avatar\/0f8bc94637401590e45d2ce17eb65c274cb8870a219de6177f3f23e63fd8cdf3?s=96&d=mm&r=g","caption":"rbraidy"},"url":"https:\/\/medicina.udd.cl\/fonoaudiologia-santiago\/noticias\/author\/rbraidy\/"}]}},"featured_image_url":"https:\/\/medicina.udd.cl\/fonoaudiologia-santiago\/files\/2020\/04\/DiaMundialVoz.jpg","_links":{"self":[{"href":"https:\/\/medicina.udd.cl\/fonoaudiologia-santiago\/wp-json\/wp\/v2\/posts\/4817","targetHints":{"allow":["GET"]}}],"collection":[{"href":"https:\/\/medicina.udd.cl\/fonoaudiologia-santiago\/wp-json\/wp\/v2\/posts"}],"about":[{"href":"https:\/\/medicina.udd.cl\/fonoaudiologia-santiago\/wp-json\/wp\/v2\/types\/post"}],"author":[{"embeddable":true,"href":"https:\/\/medicina.udd.cl\/fonoaudiologia-santiago\/wp-json\/wp\/v2\/users\/9192219"}],"replies":[{"embeddable":true,"href":"https:\/\/medicina.udd.cl\/fonoaudiologia-santiago\/wp-json\/wp\/v2\/comments?post=4817"}],"version-history":[{"count":1,"href":"https:\/\/medicina.udd.cl\/fonoaudiologia-santiago\/wp-json\/wp\/v2\/posts\/4817\/revisions"}],"predecessor-version":[{"id":4820,"href":"https:\/\/medicina.udd.cl\/fonoaudiologia-santiago\/wp-json\/wp\/v2\/posts\/4817\/revisions\/4820"}],"wp:featuredmedia":[{"embeddable":true,"href":"https:\/\/medicina.udd.cl\/fonoaudiologia-santiago\/wp-json\/wp\/v2\/media\/4819"}],"wp:attachment":[{"href":"https:\/\/medicina.udd.cl\/fonoaudiologia-santiago\/wp-json\/wp\/v2\/media?parent=4817"}],"wp:term":[{"taxonomy":"category","embeddable":true,"href":"https:\/\/medicina.udd.cl\/fonoaudiologia-santiago\/wp-json\/wp\/v2\/categories?post=4817"},{"taxonomy":"post_tag","embeddable":true,"href":"https:\/\/medicina.udd.cl\/fonoaudiologia-santiago\/wp-json\/wp\/v2\/tags?post=4817"}],"curies":[{"name":"wp","href":"https:\/\/api.w.org\/{rel}","templated":true}]}}