{"id":4885,"date":"2020-06-18T15:18:20","date_gmt":"2020-06-18T19:18:20","guid":{"rendered":"http:\/\/medicina.udd.cl\/fonoaudiologia-santiago\/?p=4885"},"modified":"2020-06-18T19:16:31","modified_gmt":"2020-06-18T23:16:31","slug":"la-importancia-del-fonoaudiologo-en-tiempos-de-pandemia","status":"publish","type":"post","link":"https:\/\/medicina.udd.cl\/fonoaudiologia-santiago\/noticias\/2020\/06\/18\/la-importancia-del-fonoaudiologo-en-tiempos-de-pandemia\/","title":{"rendered":"La importancia del fonoaudi\u00f3logo en tiempos de pandemia"},"content":{"rendered":"\n<div class=\"wp-block-image\"><figure class=\"aligncenter is-resized\"><img loading=\"lazy\" decoding=\"async\" src=\"https:\/\/medicina.udd.cl\/fonoaudiologia-santiago\/files\/2020\/06\/foto-VFC-Y-COVID-e1592507666281-1024x768.jpg\" alt=\"\" class=\"wp-image-4887\" width=\"512\" height=\"384\" srcset=\"https:\/\/medicina.udd.cl\/fonoaudiologia-santiago\/files\/2020\/06\/foto-VFC-Y-COVID-e1592507666281-1024x768.jpg 1024w, https:\/\/medicina.udd.cl\/fonoaudiologia-santiago\/files\/2020\/06\/foto-VFC-Y-COVID-e1592507666281-300x225.jpg 300w, https:\/\/medicina.udd.cl\/fonoaudiologia-santiago\/files\/2020\/06\/foto-VFC-Y-COVID-e1592507666281-768x576.jpg 768w, https:\/\/medicina.udd.cl\/fonoaudiologia-santiago\/files\/2020\/06\/foto-VFC-Y-COVID-e1592507666281.jpg 1280w\" sizes=\"auto, (max-width: 512px) 100vw, 512px\" \/><figcaption>Flga. Irantzu Aboitiz y Ang\u00e9lica L\u00f3pez  en videofluoroscop\u00eda  en Cl\u00ednica Alemana<\/figcaption><\/figure><\/div>\n\n\n\n<p>Claramente los profesionales de la salud han debido redoblar esfuerzos en los \u00faltimos meses, cuando el Covid-19 ha pegado fuerte en Chile y a nivel mundial. M\u00e9dicos, enfermeros, tecn\u00f3logos m\u00e9dicos y tantos otros especialistas han sido fundamentales para controlar los casos.<\/p>\n\n\n\n<p>En este contexto surge el rol del fonoaudi\u00f3logo, un profesional que\nmuchos ve\u00edan como alguien que \u201cense\u00f1a a hablar a los ni\u00f1os\u201d, que ayuda a\nprevenir patolog\u00edas de las \u00e1reas voz, audici\u00f3n y del lenguaje, pero que en el\n\u00faltimo tiempo ha mostrado un lado para muchos desconocido, asumiendo un rol\nrelevante durante esta pandemia.<\/p>\n\n\n\n<p>\u201cAlgunos pacientes intubados, que han requerido\u00a0 ventilaci\u00f3n mec\u00e1nica,\u00a0 quedan con secuelas que afectan su voz y la funci\u00f3n deglutoria ( alimentaci\u00f3n), pues el tubo de intubaci\u00f3n pasa entre las cuerdas vocales, separ\u00e1ndolas y rigidiz\u00e1ndolas, lo que puede provocar una disminuci\u00f3n o p\u00e9rdida de la voz. Por otro lado, dado que durante la intubaci\u00f3n los pacientes son alimentados por sonda, la funci\u00f3n deglutoria pasa a estar en receso, por lo que es necesario reactivarla\u201d explica la directora de la carrera de Fonoaudiolog\u00eda de la Facultad de Medicina Cl\u00ednica Alemana Universidad del Desarrollo, Mar\u00eda Ang\u00e9lica L\u00f3pez.<\/p>\n\n\n\n<p>Los fonoaudi\u00f3logos son los \u00fanicos profesionales capacitados para\nrealizar terapias de rehabilitaci\u00f3n, que contribuyen a que los pacientes puedan\nrecuperar la voz y la funci\u00f3n deglutoria.<\/p>\n\n\n\n<p>\u201cInvito a los estudiantes a interiorizarse lo que es la carrera de Fonoaudiolog\u00eda. Existe un campo muy amplio de desempe\u00f1o y esta pandemia ha mostrado que desde nuestro \u00e1mbito tenemos muchas v\u00edas para contribuir a mejorar la salud de las personas\u201d, sostuvo L\u00f3pez.<\/p>\n\n\n\n<div class=\"wp-block-image\"><figure class=\"aligncenter is-resized\"><img loading=\"lazy\" decoding=\"async\" src=\"https:\/\/medicina.udd.cl\/fonoaudiologia-santiago\/files\/2020\/06\/FOTO-.-FLGIA-EN-TVN-1024x573.jpg\" alt=\"\" class=\"wp-image-4886\" width=\"512\" height=\"287\" srcset=\"https:\/\/medicina.udd.cl\/fonoaudiologia-santiago\/files\/2020\/06\/FOTO-.-FLGIA-EN-TVN-1024x573.jpg 1024w, https:\/\/medicina.udd.cl\/fonoaudiologia-santiago\/files\/2020\/06\/FOTO-.-FLGIA-EN-TVN-300x168.jpg 300w, https:\/\/medicina.udd.cl\/fonoaudiologia-santiago\/files\/2020\/06\/FOTO-.-FLGIA-EN-TVN-768x430.jpg 768w, https:\/\/medicina.udd.cl\/fonoaudiologia-santiago\/files\/2020\/06\/FOTO-.-FLGIA-EN-TVN-952x534.jpg 952w, https:\/\/medicina.udd.cl\/fonoaudiologia-santiago\/files\/2020\/06\/FOTO-.-FLGIA-EN-TVN-680x382.jpg 680w, https:\/\/medicina.udd.cl\/fonoaudiologia-santiago\/files\/2020\/06\/FOTO-.-FLGIA-EN-TVN.jpg 1280w\" sizes=\"auto, (max-width: 512px) 100vw, 512px\" \/><figcaption>La Directora de Fonoaudiolog\u00eda UDD particip\u00f3 recientemente en TVN explicando el rol del fonoaudi\u00f3logo<\/figcaption><\/figure><\/div>\n\n\n\n<p>\n\nPuedes ver la entrevista de la Directora de la carrera de Fonoaudiolog\u00eda UDD en TVN haciendo click&nbsp;<a href=\"https:\/\/map.conectamedia.cl\/index.php\/clippingNews\/view?id=13760490&amp;email=157043&amp;fromemail=1\"><strong>AQU\u00cd<\/strong><\/a><\/p>\n","protected":false},"excerpt":{"rendered":"<p>Claramente los profesionales de la salud han debido redoblar esfuerzos en los \u00faltimos meses, cuando el Covid-19 ha pegado fuerte en Chile y a nivel mundial. M\u00e9dicos, enfermeros, tecn\u00f3logos m\u00e9dicos y tantos otros especialistas han sido fundamentales para controlar los casos. En este contexto surge el rol del fonoaudi\u00f3logo, un profesional que muchos ve\u00edan como [&hellip;]<\/p>\n","protected":false},"author":9192219,"featured_media":4887,"comment_status":"open","ping_status":"open","sticky":false,"template":"","format":"standard","meta":{"footnotes":""},"categories":[4],"tags":[],"class_list":["post-4885","post","type-post","status-publish","format-standard","has-post-thumbnail","hentry","category-noticias"],"yoast_head":"<!-- This site is optimized with the Yoast SEO plugin v26.9 - https:\/\/yoast.com\/product\/yoast-seo-wordpress\/ -->\n<title>La importancia del fonoaudi\u00f3logo en tiempos de pandemia - Fonoaudiolog\u00eda<\/title>\n<meta name=\"robots\" content=\"index, follow, max-snippet:-1, max-image-preview:large, max-video-preview:-1\" \/>\n<link rel=\"canonical\" href=\"https:\/\/medicina.udd.cl\/fonoaudiologia-santiago\/noticias\/2020\/06\/18\/la-importancia-del-fonoaudiologo-en-tiempos-de-pandemia\/\" \/>\n<meta property=\"og:locale\" content=\"es_ES\" \/>\n<meta property=\"og:type\" content=\"article\" \/>\n<meta property=\"og:title\" content=\"La importancia del fonoaudi\u00f3logo en tiempos de pandemia - Fonoaudiolog\u00eda\" \/>\n<meta property=\"og:description\" content=\"Claramente los profesionales de la salud han debido redoblar esfuerzos en los \u00faltimos meses, cuando el Covid-19 ha pegado fuerte en Chile y a nivel mundial. M\u00e9dicos, enfermeros, tecn\u00f3logos m\u00e9dicos y tantos otros especialistas han sido fundamentales para controlar los casos. En este contexto surge el rol del fonoaudi\u00f3logo, un profesional que muchos ve\u00edan como [&hellip;]\" \/>\n<meta property=\"og:url\" content=\"https:\/\/medicina.udd.cl\/fonoaudiologia-santiago\/noticias\/2020\/06\/18\/la-importancia-del-fonoaudiologo-en-tiempos-de-pandemia\/\" \/>\n<meta property=\"og:site_name\" content=\"Fonoaudiolog\u00eda\" \/>\n<meta property=\"article:published_time\" content=\"2020-06-18T19:18:20+00:00\" \/>\n<meta property=\"article:modified_time\" content=\"2020-06-18T23:16:31+00:00\" \/>\n<meta property=\"og:image\" content=\"https:\/\/medicina.udd.cl\/fonoaudiologia-santiago\/files\/2020\/06\/foto-VFC-Y-COVID-e1592507666281.jpg\" \/>\n\t<meta property=\"og:image:width\" content=\"1280\" \/>\n\t<meta property=\"og:image:height\" content=\"960\" \/>\n\t<meta property=\"og:image:type\" content=\"image\/jpeg\" \/>\n<meta name=\"author\" content=\"rbraidy\" \/>\n<meta name=\"twitter:label1\" content=\"Escrito por\" \/>\n\t<meta name=\"twitter:data1\" content=\"rbraidy\" \/>\n\t<meta name=\"twitter:label2\" content=\"Tiempo de lectura\" \/>\n\t<meta name=\"twitter:data2\" content=\"2 minutos\" \/>\n<script type=\"application\/ld+json\" class=\"yoast-schema-graph\">{\"@context\":\"https:\/\/schema.org\",\"@graph\":[{\"@type\":\"Article\",\"@id\":\"https:\/\/medicina.udd.cl\/fonoaudiologia-santiago\/noticias\/2020\/06\/18\/la-importancia-del-fonoaudiologo-en-tiempos-de-pandemia\/#article\",\"isPartOf\":{\"@id\":\"https:\/\/medicina.udd.cl\/fonoaudiologia-santiago\/noticias\/2020\/06\/18\/la-importancia-del-fonoaudiologo-en-tiempos-de-pandemia\/\"},\"author\":{\"name\":\"rbraidy\",\"@id\":\"https:\/\/medicina.udd.cl\/fonoaudiologia-santiago\/#\/schema\/person\/dbc3705bf3a93e8be1ba6de0ef950341\"},\"headline\":\"La importancia del fonoaudi\u00f3logo en tiempos de pandemia\",\"datePublished\":\"2020-06-18T19:18:20+00:00\",\"dateModified\":\"2020-06-18T23:16:31+00:00\",\"mainEntityOfPage\":{\"@id\":\"https:\/\/medicina.udd.cl\/fonoaudiologia-santiago\/noticias\/2020\/06\/18\/la-importancia-del-fonoaudiologo-en-tiempos-de-pandemia\/\"},\"wordCount\":350,\"commentCount\":0,\"image\":{\"@id\":\"https:\/\/medicina.udd.cl\/fonoaudiologia-santiago\/noticias\/2020\/06\/18\/la-importancia-del-fonoaudiologo-en-tiempos-de-pandemia\/#primaryimage\"},\"thumbnailUrl\":\"https:\/\/medicina.udd.cl\/fonoaudiologia-santiago\/files\/2020\/06\/foto-VFC-Y-COVID-e1592507666281.jpg\",\"articleSection\":[\"Noticias\"],\"inLanguage\":\"es\",\"potentialAction\":[{\"@type\":\"CommentAction\",\"name\":\"Comment\",\"target\":[\"https:\/\/medicina.udd.cl\/fonoaudiologia-santiago\/noticias\/2020\/06\/18\/la-importancia-del-fonoaudiologo-en-tiempos-de-pandemia\/#respond\"]}]},{\"@type\":\"WebPage\",\"@id\":\"https:\/\/medicina.udd.cl\/fonoaudiologia-santiago\/noticias\/2020\/06\/18\/la-importancia-del-fonoaudiologo-en-tiempos-de-pandemia\/\",\"url\":\"https:\/\/medicina.udd.cl\/fonoaudiologia-santiago\/noticias\/2020\/06\/18\/la-importancia-del-fonoaudiologo-en-tiempos-de-pandemia\/\",\"name\":\"La importancia del fonoaudi\u00f3logo en tiempos de pandemia - Fonoaudiolog\u00eda\",\"isPartOf\":{\"@id\":\"https:\/\/medicina.udd.cl\/fonoaudiologia-santiago\/#website\"},\"primaryImageOfPage\":{\"@id\":\"https:\/\/medicina.udd.cl\/fonoaudiologia-santiago\/noticias\/2020\/06\/18\/la-importancia-del-fonoaudiologo-en-tiempos-de-pandemia\/#primaryimage\"},\"image\":{\"@id\":\"https:\/\/medicina.udd.cl\/fonoaudiologia-santiago\/noticias\/2020\/06\/18\/la-importancia-del-fonoaudiologo-en-tiempos-de-pandemia\/#primaryimage\"},\"thumbnailUrl\":\"https:\/\/medicina.udd.cl\/fonoaudiologia-santiago\/files\/2020\/06\/foto-VFC-Y-COVID-e1592507666281.jpg\",\"datePublished\":\"2020-06-18T19:18:20+00:00\",\"dateModified\":\"2020-06-18T23:16:31+00:00\",\"author\":{\"@id\":\"https:\/\/medicina.udd.cl\/fonoaudiologia-santiago\/#\/schema\/person\/dbc3705bf3a93e8be1ba6de0ef950341\"},\"breadcrumb\":{\"@id\":\"https:\/\/medicina.udd.cl\/fonoaudiologia-santiago\/noticias\/2020\/06\/18\/la-importancia-del-fonoaudiologo-en-tiempos-de-pandemia\/#breadcrumb\"},\"inLanguage\":\"es\",\"potentialAction\":[{\"@type\":\"ReadAction\",\"target\":[\"https:\/\/medicina.udd.cl\/fonoaudiologia-santiago\/noticias\/2020\/06\/18\/la-importancia-del-fonoaudiologo-en-tiempos-de-pandemia\/\"]}]},{\"@type\":\"ImageObject\",\"inLanguage\":\"es\",\"@id\":\"https:\/\/medicina.udd.cl\/fonoaudiologia-santiago\/noticias\/2020\/06\/18\/la-importancia-del-fonoaudiologo-en-tiempos-de-pandemia\/#primaryimage\",\"url\":\"https:\/\/medicina.udd.cl\/fonoaudiologia-santiago\/files\/2020\/06\/foto-VFC-Y-COVID-e1592507666281.jpg\",\"contentUrl\":\"https:\/\/medicina.udd.cl\/fonoaudiologia-santiago\/files\/2020\/06\/foto-VFC-Y-COVID-e1592507666281.jpg\",\"width\":1280,\"height\":960,\"caption\":\"Flga. Irantzu Aboitiz y Ang\u00e9lica L\u00f3pez en videofluoroscop\u00eda en Cl\u00ednica Alemana\"},{\"@type\":\"BreadcrumbList\",\"@id\":\"https:\/\/medicina.udd.cl\/fonoaudiologia-santiago\/noticias\/2020\/06\/18\/la-importancia-del-fonoaudiologo-en-tiempos-de-pandemia\/#breadcrumb\",\"itemListElement\":[{\"@type\":\"ListItem\",\"position\":1,\"name\":\"Home\",\"item\":\"https:\/\/medicina.udd.cl\/fonoaudiologia-santiago\/\"},{\"@type\":\"ListItem\",\"position\":2,\"name\":\"La importancia del fonoaudi\u00f3logo en tiempos de pandemia\"}]},{\"@type\":\"WebSite\",\"@id\":\"https:\/\/medicina.udd.cl\/fonoaudiologia-santiago\/#website\",\"url\":\"https:\/\/medicina.udd.cl\/fonoaudiologia-santiago\/\",\"name\":\"Fonoaudiolog\u00eda\",\"description\":\"Facultad de Medicina Cl\u00ednica Alemana Universidad del Desarrollo\",\"inLanguage\":\"es\"},{\"@type\":\"Person\",\"@id\":\"https:\/\/medicina.udd.cl\/fonoaudiologia-santiago\/#\/schema\/person\/dbc3705bf3a93e8be1ba6de0ef950341\",\"name\":\"rbraidy\",\"image\":{\"@type\":\"ImageObject\",\"inLanguage\":\"es\",\"@id\":\"https:\/\/medicina.udd.cl\/fonoaudiologia-santiago\/#\/schema\/person\/image\/\",\"url\":\"https:\/\/secure.gravatar.com\/avatar\/0f8bc94637401590e45d2ce17eb65c274cb8870a219de6177f3f23e63fd8cdf3?s=96&d=mm&r=g\",\"contentUrl\":\"https:\/\/secure.gravatar.com\/avatar\/0f8bc94637401590e45d2ce17eb65c274cb8870a219de6177f3f23e63fd8cdf3?s=96&d=mm&r=g\",\"caption\":\"rbraidy\"},\"url\":\"https:\/\/medicina.udd.cl\/fonoaudiologia-santiago\/noticias\/author\/rbraidy\/\"}]}<\/script>\n<!-- \/ Yoast SEO plugin. -->","yoast_head_json":{"title":"La importancia del fonoaudi\u00f3logo en tiempos de pandemia - Fonoaudiolog\u00eda","robots":{"index":"index","follow":"follow","max-snippet":"max-snippet:-1","max-image-preview":"max-image-preview:large","max-video-preview":"max-video-preview:-1"},"canonical":"https:\/\/medicina.udd.cl\/fonoaudiologia-santiago\/noticias\/2020\/06\/18\/la-importancia-del-fonoaudiologo-en-tiempos-de-pandemia\/","og_locale":"es_ES","og_type":"article","og_title":"La importancia del fonoaudi\u00f3logo en tiempos de pandemia - Fonoaudiolog\u00eda","og_description":"Claramente los profesionales de la salud han debido redoblar esfuerzos en los \u00faltimos meses, cuando el Covid-19 ha pegado fuerte en Chile y a nivel mundial. M\u00e9dicos, enfermeros, tecn\u00f3logos m\u00e9dicos y tantos otros especialistas han sido fundamentales para controlar los casos. En este contexto surge el rol del fonoaudi\u00f3logo, un profesional que muchos ve\u00edan como [&hellip;]","og_url":"https:\/\/medicina.udd.cl\/fonoaudiologia-santiago\/noticias\/2020\/06\/18\/la-importancia-del-fonoaudiologo-en-tiempos-de-pandemia\/","og_site_name":"Fonoaudiolog\u00eda","article_published_time":"2020-06-18T19:18:20+00:00","article_modified_time":"2020-06-18T23:16:31+00:00","og_image":[{"width":1280,"height":960,"url":"https:\/\/medicina.udd.cl\/fonoaudiologia-santiago\/files\/2020\/06\/foto-VFC-Y-COVID-e1592507666281.jpg","type":"image\/jpeg"}],"author":"rbraidy","twitter_misc":{"Escrito por":"rbraidy","Tiempo de lectura":"2 minutos"},"schema":{"@context":"https:\/\/schema.org","@graph":[{"@type":"Article","@id":"https:\/\/medicina.udd.cl\/fonoaudiologia-santiago\/noticias\/2020\/06\/18\/la-importancia-del-fonoaudiologo-en-tiempos-de-pandemia\/#article","isPartOf":{"@id":"https:\/\/medicina.udd.cl\/fonoaudiologia-santiago\/noticias\/2020\/06\/18\/la-importancia-del-fonoaudiologo-en-tiempos-de-pandemia\/"},"author":{"name":"rbraidy","@id":"https:\/\/medicina.udd.cl\/fonoaudiologia-santiago\/#\/schema\/person\/dbc3705bf3a93e8be1ba6de0ef950341"},"headline":"La importancia del fonoaudi\u00f3logo en tiempos de pandemia","datePublished":"2020-06-18T19:18:20+00:00","dateModified":"2020-06-18T23:16:31+00:00","mainEntityOfPage":{"@id":"https:\/\/medicina.udd.cl\/fonoaudiologia-santiago\/noticias\/2020\/06\/18\/la-importancia-del-fonoaudiologo-en-tiempos-de-pandemia\/"},"wordCount":350,"commentCount":0,"image":{"@id":"https:\/\/medicina.udd.cl\/fonoaudiologia-santiago\/noticias\/2020\/06\/18\/la-importancia-del-fonoaudiologo-en-tiempos-de-pandemia\/#primaryimage"},"thumbnailUrl":"https:\/\/medicina.udd.cl\/fonoaudiologia-santiago\/files\/2020\/06\/foto-VFC-Y-COVID-e1592507666281.jpg","articleSection":["Noticias"],"inLanguage":"es","potentialAction":[{"@type":"CommentAction","name":"Comment","target":["https:\/\/medicina.udd.cl\/fonoaudiologia-santiago\/noticias\/2020\/06\/18\/la-importancia-del-fonoaudiologo-en-tiempos-de-pandemia\/#respond"]}]},{"@type":"WebPage","@id":"https:\/\/medicina.udd.cl\/fonoaudiologia-santiago\/noticias\/2020\/06\/18\/la-importancia-del-fonoaudiologo-en-tiempos-de-pandemia\/","url":"https:\/\/medicina.udd.cl\/fonoaudiologia-santiago\/noticias\/2020\/06\/18\/la-importancia-del-fonoaudiologo-en-tiempos-de-pandemia\/","name":"La importancia del fonoaudi\u00f3logo en tiempos de pandemia - Fonoaudiolog\u00eda","isPartOf":{"@id":"https:\/\/medicina.udd.cl\/fonoaudiologia-santiago\/#website"},"primaryImageOfPage":{"@id":"https:\/\/medicina.udd.cl\/fonoaudiologia-santiago\/noticias\/2020\/06\/18\/la-importancia-del-fonoaudiologo-en-tiempos-de-pandemia\/#primaryimage"},"image":{"@id":"https:\/\/medicina.udd.cl\/fonoaudiologia-santiago\/noticias\/2020\/06\/18\/la-importancia-del-fonoaudiologo-en-tiempos-de-pandemia\/#primaryimage"},"thumbnailUrl":"https:\/\/medicina.udd.cl\/fonoaudiologia-santiago\/files\/2020\/06\/foto-VFC-Y-COVID-e1592507666281.jpg","datePublished":"2020-06-18T19:18:20+00:00","dateModified":"2020-06-18T23:16:31+00:00","author":{"@id":"https:\/\/medicina.udd.cl\/fonoaudiologia-santiago\/#\/schema\/person\/dbc3705bf3a93e8be1ba6de0ef950341"},"breadcrumb":{"@id":"https:\/\/medicina.udd.cl\/fonoaudiologia-santiago\/noticias\/2020\/06\/18\/la-importancia-del-fonoaudiologo-en-tiempos-de-pandemia\/#breadcrumb"},"inLanguage":"es","potentialAction":[{"@type":"ReadAction","target":["https:\/\/medicina.udd.cl\/fonoaudiologia-santiago\/noticias\/2020\/06\/18\/la-importancia-del-fonoaudiologo-en-tiempos-de-pandemia\/"]}]},{"@type":"ImageObject","inLanguage":"es","@id":"https:\/\/medicina.udd.cl\/fonoaudiologia-santiago\/noticias\/2020\/06\/18\/la-importancia-del-fonoaudiologo-en-tiempos-de-pandemia\/#primaryimage","url":"https:\/\/medicina.udd.cl\/fonoaudiologia-santiago\/files\/2020\/06\/foto-VFC-Y-COVID-e1592507666281.jpg","contentUrl":"https:\/\/medicina.udd.cl\/fonoaudiologia-santiago\/files\/2020\/06\/foto-VFC-Y-COVID-e1592507666281.jpg","width":1280,"height":960,"caption":"Flga. Irantzu Aboitiz y Ang\u00e9lica L\u00f3pez en videofluoroscop\u00eda en Cl\u00ednica Alemana"},{"@type":"BreadcrumbList","@id":"https:\/\/medicina.udd.cl\/fonoaudiologia-santiago\/noticias\/2020\/06\/18\/la-importancia-del-fonoaudiologo-en-tiempos-de-pandemia\/#breadcrumb","itemListElement":[{"@type":"ListItem","position":1,"name":"Home","item":"https:\/\/medicina.udd.cl\/fonoaudiologia-santiago\/"},{"@type":"ListItem","position":2,"name":"La importancia del fonoaudi\u00f3logo en tiempos de pandemia"}]},{"@type":"WebSite","@id":"https:\/\/medicina.udd.cl\/fonoaudiologia-santiago\/#website","url":"https:\/\/medicina.udd.cl\/fonoaudiologia-santiago\/","name":"Fonoaudiolog\u00eda","description":"Facultad de Medicina Cl\u00ednica Alemana Universidad del Desarrollo","inLanguage":"es"},{"@type":"Person","@id":"https:\/\/medicina.udd.cl\/fonoaudiologia-santiago\/#\/schema\/person\/dbc3705bf3a93e8be1ba6de0ef950341","name":"rbraidy","image":{"@type":"ImageObject","inLanguage":"es","@id":"https:\/\/medicina.udd.cl\/fonoaudiologia-santiago\/#\/schema\/person\/image\/","url":"https:\/\/secure.gravatar.com\/avatar\/0f8bc94637401590e45d2ce17eb65c274cb8870a219de6177f3f23e63fd8cdf3?s=96&d=mm&r=g","contentUrl":"https:\/\/secure.gravatar.com\/avatar\/0f8bc94637401590e45d2ce17eb65c274cb8870a219de6177f3f23e63fd8cdf3?s=96&d=mm&r=g","caption":"rbraidy"},"url":"https:\/\/medicina.udd.cl\/fonoaudiologia-santiago\/noticias\/author\/rbraidy\/"}]}},"featured_image_url":"https:\/\/medicina.udd.cl\/fonoaudiologia-santiago\/files\/2020\/06\/foto-VFC-Y-COVID-e1592507666281.jpg","_links":{"self":[{"href":"https:\/\/medicina.udd.cl\/fonoaudiologia-santiago\/wp-json\/wp\/v2\/posts\/4885","targetHints":{"allow":["GET"]}}],"collection":[{"href":"https:\/\/medicina.udd.cl\/fonoaudiologia-santiago\/wp-json\/wp\/v2\/posts"}],"about":[{"href":"https:\/\/medicina.udd.cl\/fonoaudiologia-santiago\/wp-json\/wp\/v2\/types\/post"}],"author":[{"embeddable":true,"href":"https:\/\/medicina.udd.cl\/fonoaudiologia-santiago\/wp-json\/wp\/v2\/users\/9192219"}],"replies":[{"embeddable":true,"href":"https:\/\/medicina.udd.cl\/fonoaudiologia-santiago\/wp-json\/wp\/v2\/comments?post=4885"}],"version-history":[{"count":9,"href":"https:\/\/medicina.udd.cl\/fonoaudiologia-santiago\/wp-json\/wp\/v2\/posts\/4885\/revisions"}],"predecessor-version":[{"id":4900,"href":"https:\/\/medicina.udd.cl\/fonoaudiologia-santiago\/wp-json\/wp\/v2\/posts\/4885\/revisions\/4900"}],"wp:featuredmedia":[{"embeddable":true,"href":"https:\/\/medicina.udd.cl\/fonoaudiologia-santiago\/wp-json\/wp\/v2\/media\/4887"}],"wp:attachment":[{"href":"https:\/\/medicina.udd.cl\/fonoaudiologia-santiago\/wp-json\/wp\/v2\/media?parent=4885"}],"wp:term":[{"taxonomy":"category","embeddable":true,"href":"https:\/\/medicina.udd.cl\/fonoaudiologia-santiago\/wp-json\/wp\/v2\/categories?post=4885"},{"taxonomy":"post_tag","embeddable":true,"href":"https:\/\/medicina.udd.cl\/fonoaudiologia-santiago\/wp-json\/wp\/v2\/tags?post=4885"}],"curies":[{"name":"wp","href":"https:\/\/api.w.org\/{rel}","templated":true}]}}