{"id":4909,"date":"2020-06-09T13:32:26","date_gmt":"2020-06-09T17:32:26","guid":{"rendered":"http:\/\/medicina.udd.cl\/fonoaudiologia-santiago\/?p=4909"},"modified":"2020-07-01T17:36:05","modified_gmt":"2020-07-01T21:36:05","slug":"fonoaudiologa-udd-en-la-primera-linea","status":"publish","type":"post","link":"https:\/\/medicina.udd.cl\/fonoaudiologia-santiago\/noticias\/2020\/06\/09\/fonoaudiologa-udd-en-la-primera-linea\/","title":{"rendered":"Fonoaudi\u00f3loga UDD en la primera l\u00ednea"},"content":{"rendered":"\n<figure class=\"wp-block-embed-youtube wp-block-embed is-type-video is-provider-youtube wp-embed-aspect-16-9 wp-has-aspect-ratio\"><div class=\"wp-block-embed__wrapper\">\n<iframe loading=\"lazy\" title=\"Fonoaudi\u00f3loga UDD en la primera l\u00ednea\" width=\"500\" height=\"281\" src=\"https:\/\/www.youtube.com\/embed\/3rwTrm99oFM?feature=oembed&#038;rel=0&#038;modestbranding=1&#038;autohide=1&#038;autoplay=0&#038;enablejsapi=1&#038;showinfo=0\" allowautoplay=\"allowautoplay\" frameborder=\"0\" allow=\"accelerometer; autoplay; clipboard-write; encrypted-media; gyroscope; picture-in-picture; web-share\" referrerpolicy=\"strict-origin-when-cross-origin\" allowfullscreen><\/iframe>\n<\/div><\/figure>\n\n\n\n<p>La fonoaudi\u00f3loga del Hospital Padre Hurtado (HPH), exalumna y docente de la carrera de Fonoaudiolog\u00eda de la Facultad de Medicina Cl\u00ednica Alemana Universidad del Desarrollo, B\u00e1rbara Sanzana, nos cuenta su experiencia de estar en la primera l\u00ednea en el HPH y cu\u00e1l es la labor de un fonoaudi\u00f3logo en tiempos de covid-19.<\/p>\n\n\n\n<p>Como todos los profesionales de la salud, los fonoaudi\u00f3logos son fundamentales en esta crisis sanitaria. \u201cCuando los pacientes necesitan apoyo ventilatorio, algo que ha sido muy recurrente durante la pandemia, este se puede entregar de diversas maneras y una de ellas es la intubaci\u00f3n orotraqueal. Esta clase de&nbsp;<strong>intubaci\u00f3n consiste en la colocaci\u00f3n de un tubo que pasa por la garganta, cuerdas vocales pasando por la tr\u00e1quea y este proceso puede da\u00f1ar estas estructuras de diversas formas, pudiendo provocar una disfagia que es una alteraci\u00f3n en la seguridad de la degluci\u00f3n<\/strong>, es decir,&nbsp;que cuando el paciente come la comida o toma el l\u00edquido \u00e9stos se pueden ir al pulm\u00f3n y causar otra neumon\u00eda, generando a\u00fan m\u00e1s riesgos en su estado de salud\u201d, mencion\u00f3 B\u00e1rbara.<\/p>\n\n\n\n<p>Asimismo, la docente UDD se\u00f1al\u00f3 que esta pandemia tambi\u00e9n la hizo enfrentar el desaf\u00edo de trabajar principalmente con reci\u00e9n nacidos a adultos, quienes han sido los m\u00e1s afectados por el Covid-19. \u201cEl cambio no ha sido f\u00e1cil, aun cuando se trata de la&nbsp;misma \u00e1rea (degluci\u00f3n), los pacientes son muy diferentes. Afortunadamente,&nbsp;<strong>el apoyo que he recibido de las fonoaudi\u00f3logas que trabajan con adultos ha sido fundamental para enfrentar este desaf\u00edo de mejor manera<\/strong>\u201d, asever\u00f3.<\/p>\n\n\n\n<p>A esto agreg\u00f3 que \u201centendiendo que estudi\u00e9 fonoaudiolog\u00eda por vocaci\u00f3n, y a pesar de que prefiero trabajar con ni\u00f1os, en este momento es necesario&nbsp;<strong>apoyar en lo que se pueda asistiendo a los&nbsp;adultos por la situaci\u00f3n que estamos viviendo.&nbsp;<\/strong>En general soy una persona que asiste a muchos voluntariados (soy tutora del Sonr\u00ede UDD) y adem\u00e1s scout desde hace muchos a\u00f1os, entonces he tenido la oportunidad de aprender a adaptarme a diversas situaciones.&nbsp;De todas maneras,&nbsp;la mejor forma de enfrentarlo es a trav\u00e9s del trabajo en equipo y eso le he vivenciado porque las fonoaudi\u00f3logas del \u00e1rea de adultos, mis compa\u00f1eras de la universidad que se dedican a esa \u00e1rea y todo el equipo de salud, han sido un tremendo apoyo, tanto en conocimientos como emocional.&nbsp;<strong>Se genera una solidaridad y contenci\u00f3n que fortalece much\u00edsimo el trabajo en equipo, es una oportunidad \u00fanica<\/strong>\u201d.&nbsp;<\/p>\n\n\n\n<p>La alumni UDD tambi\u00e9n puntualiz\u00f3 que para ella todos los d\u00edas hay testimonios que la emocionan y sensibilizan sobre lo que est\u00e1 ocurriendo. \u201cLo m\u00e1s fuerte emocionalmente y desgastante es ver que los pacientes est\u00e1n solos en el hospital, lejos de su familia, acostados durante varios d\u00edas, lo que afecta su salud mental (\u2026)<strong>&nbsp;El otro d\u00eda llam\u00f3 la familia de un paciente y me daban las gracias por darle un helado (no hab\u00eda comido hace tiempo), ese paciente, Don Fernando, me tom\u00f3 mi mano y me dio las gracias con gestos porque no pod\u00eda hablar, me qued\u00e9 haci\u00e9ndole cari\u00f1o un rato. La verdad me emocion\u00e9 mucho porque estaba solo y extra\u00f1aba a su familia, as\u00ed como yo extra\u00f1o a la m\u00eda y existen muchas personas que no tienen conciencia de ello.<\/strong>&nbsp;La situaci\u00f3n que estamos viviendo es grave, quedan pocas camas, el personal est\u00e1 sobrepasado, los pacientes est\u00e1n solos y nadie se merece morir as\u00ed. Es muy importante que tomemos conciencia sobre la gravedad y extrema necesidad de&nbsp;<strong>cumplir con las medidas para evitar el aumento de contagios<\/strong>,&nbsp;aunque queramos ver a nuestros pap\u00e1s o abuelos, no debemos exponer a nadie porque esa exposici\u00f3n puede llevar literalmente a la muerte\u201d, afirm\u00f3.&nbsp;<\/p>\n\n\n\n<p>En cuanto al rol que tuvo la universidad y su carrera para ayudarla a vivir de mejor forma esta experiencia coment\u00f3 que \u201cla UDD me entreg\u00f3 habilidades blandas que me ayudan a ver al paciente no s\u00f3lo&nbsp;por un diagn\u00f3stico o sus s\u00edntomas, sino que ver todo su contexto, sus emociones, verlos como personas integralmente,&nbsp;tratarlos de la mejor forma posible, ser cercanos y emp\u00e1ticos (\u2026)<strong>&nbsp;Para m\u00ed lo importante es siempre crear conciencia de la importancia de nuestra profesi\u00f3n y, adem\u00e1s, fortalecer los valores \u00e9ticos que me brindaron en la Universidad durante mi formaci\u00f3n como profesional de la salud<\/strong>\u201d, se\u00f1al\u00f3.<\/p>\n\n\n\n<p>Finalmente, entreg\u00f3 unas palabras a sus colegas, estudiantes de la salud y personas en general a \u201cenfrentar esto con alegr\u00eda y optimismo.&nbsp;<strong>Todos los d\u00edas agradecer por algo, comenzando por agradecer la vida, contar una an\u00e9cdota chistosa, y si es necesario obviamente desahogarse con alguien. Y por sobre todo siempre&nbsp;seguir adelante, apoyarse entre todos, aplicar todo lo aprendido y tratar a la gente con mucho amor y empat\u00eda<\/strong>\u00ab.<\/p>\n","protected":false},"excerpt":{"rendered":"<p>La fonoaudi\u00f3loga del Hospital Padre Hurtado (HPH), exalumna y docente de la carrera de Fonoaudiolog\u00eda de la Facultad de Medicina Cl\u00ednica Alemana Universidad del Desarrollo, B\u00e1rbara Sanzana, nos cuenta su experiencia de estar en la primera l\u00ednea en el HPH y cu\u00e1l es la labor de un fonoaudi\u00f3logo en tiempos de covid-19. Como todos los [&hellip;]<\/p>\n","protected":false},"author":9192219,"featured_media":4910,"comment_status":"open","ping_status":"open","sticky":false,"template":"","format":"standard","meta":{"footnotes":""},"categories":[4],"tags":[],"class_list":["post-4909","post","type-post","status-publish","format-standard","has-post-thumbnail","hentry","category-noticias"],"yoast_head":"<!-- This site is optimized with the Yoast SEO plugin v26.9 - https:\/\/yoast.com\/product\/yoast-seo-wordpress\/ -->\n<title>Fonoaudi\u00f3loga UDD en la primera l\u00ednea - Fonoaudiolog\u00eda<\/title>\n<meta name=\"robots\" content=\"index, follow, max-snippet:-1, max-image-preview:large, max-video-preview:-1\" \/>\n<link rel=\"canonical\" href=\"https:\/\/medicina.udd.cl\/fonoaudiologia-santiago\/noticias\/2020\/06\/09\/fonoaudiologa-udd-en-la-primera-linea\/\" \/>\n<meta property=\"og:locale\" content=\"es_ES\" \/>\n<meta property=\"og:type\" content=\"article\" \/>\n<meta property=\"og:title\" content=\"Fonoaudi\u00f3loga UDD en la primera l\u00ednea - Fonoaudiolog\u00eda\" \/>\n<meta property=\"og:description\" content=\"La fonoaudi\u00f3loga del Hospital Padre Hurtado (HPH), exalumna y docente de la carrera de Fonoaudiolog\u00eda de la Facultad de Medicina Cl\u00ednica Alemana Universidad del Desarrollo, B\u00e1rbara Sanzana, nos cuenta su experiencia de estar en la primera l\u00ednea en el HPH y cu\u00e1l es la labor de un fonoaudi\u00f3logo en tiempos de covid-19. Como todos los [&hellip;]\" \/>\n<meta property=\"og:url\" content=\"https:\/\/medicina.udd.cl\/fonoaudiologia-santiago\/noticias\/2020\/06\/09\/fonoaudiologa-udd-en-la-primera-linea\/\" \/>\n<meta property=\"og:site_name\" content=\"Fonoaudiolog\u00eda\" \/>\n<meta property=\"article:published_time\" content=\"2020-06-09T17:32:26+00:00\" \/>\n<meta property=\"article:modified_time\" content=\"2020-07-01T21:36:05+00:00\" \/>\n<meta property=\"og:image\" content=\"https:\/\/medicina.udd.cl\/fonoaudiologia-santiago\/files\/2020\/06\/FonoSansaza.jpg\" \/>\n\t<meta property=\"og:image:width\" content=\"728\" \/>\n\t<meta property=\"og:image:height\" content=\"358\" \/>\n\t<meta property=\"og:image:type\" content=\"image\/jpeg\" \/>\n<meta name=\"author\" content=\"rbraidy\" \/>\n<meta name=\"twitter:label1\" content=\"Escrito por\" \/>\n\t<meta name=\"twitter:data1\" content=\"rbraidy\" \/>\n\t<meta name=\"twitter:label2\" content=\"Tiempo de lectura\" \/>\n\t<meta name=\"twitter:data2\" content=\"4 minutos\" \/>\n<script type=\"application\/ld+json\" class=\"yoast-schema-graph\">{\"@context\":\"https:\/\/schema.org\",\"@graph\":[{\"@type\":\"Article\",\"@id\":\"https:\/\/medicina.udd.cl\/fonoaudiologia-santiago\/noticias\/2020\/06\/09\/fonoaudiologa-udd-en-la-primera-linea\/#article\",\"isPartOf\":{\"@id\":\"https:\/\/medicina.udd.cl\/fonoaudiologia-santiago\/noticias\/2020\/06\/09\/fonoaudiologa-udd-en-la-primera-linea\/\"},\"author\":{\"name\":\"rbraidy\",\"@id\":\"https:\/\/medicina.udd.cl\/fonoaudiologia-santiago\/#\/schema\/person\/dbc3705bf3a93e8be1ba6de0ef950341\"},\"headline\":\"Fonoaudi\u00f3loga UDD en la primera l\u00ednea\",\"datePublished\":\"2020-06-09T17:32:26+00:00\",\"dateModified\":\"2020-07-01T21:36:05+00:00\",\"mainEntityOfPage\":{\"@id\":\"https:\/\/medicina.udd.cl\/fonoaudiologia-santiago\/noticias\/2020\/06\/09\/fonoaudiologa-udd-en-la-primera-linea\/\"},\"wordCount\":879,\"commentCount\":0,\"image\":{\"@id\":\"https:\/\/medicina.udd.cl\/fonoaudiologia-santiago\/noticias\/2020\/06\/09\/fonoaudiologa-udd-en-la-primera-linea\/#primaryimage\"},\"thumbnailUrl\":\"https:\/\/medicina.udd.cl\/fonoaudiologia-santiago\/files\/2020\/06\/FonoSansaza.jpg\",\"articleSection\":[\"Noticias\"],\"inLanguage\":\"es\",\"potentialAction\":[{\"@type\":\"CommentAction\",\"name\":\"Comment\",\"target\":[\"https:\/\/medicina.udd.cl\/fonoaudiologia-santiago\/noticias\/2020\/06\/09\/fonoaudiologa-udd-en-la-primera-linea\/#respond\"]}]},{\"@type\":\"WebPage\",\"@id\":\"https:\/\/medicina.udd.cl\/fonoaudiologia-santiago\/noticias\/2020\/06\/09\/fonoaudiologa-udd-en-la-primera-linea\/\",\"url\":\"https:\/\/medicina.udd.cl\/fonoaudiologia-santiago\/noticias\/2020\/06\/09\/fonoaudiologa-udd-en-la-primera-linea\/\",\"name\":\"Fonoaudi\u00f3loga UDD en la primera l\u00ednea - Fonoaudiolog\u00eda\",\"isPartOf\":{\"@id\":\"https:\/\/medicina.udd.cl\/fonoaudiologia-santiago\/#website\"},\"primaryImageOfPage\":{\"@id\":\"https:\/\/medicina.udd.cl\/fonoaudiologia-santiago\/noticias\/2020\/06\/09\/fonoaudiologa-udd-en-la-primera-linea\/#primaryimage\"},\"image\":{\"@id\":\"https:\/\/medicina.udd.cl\/fonoaudiologia-santiago\/noticias\/2020\/06\/09\/fonoaudiologa-udd-en-la-primera-linea\/#primaryimage\"},\"thumbnailUrl\":\"https:\/\/medicina.udd.cl\/fonoaudiologia-santiago\/files\/2020\/06\/FonoSansaza.jpg\",\"datePublished\":\"2020-06-09T17:32:26+00:00\",\"dateModified\":\"2020-07-01T21:36:05+00:00\",\"author\":{\"@id\":\"https:\/\/medicina.udd.cl\/fonoaudiologia-santiago\/#\/schema\/person\/dbc3705bf3a93e8be1ba6de0ef950341\"},\"breadcrumb\":{\"@id\":\"https:\/\/medicina.udd.cl\/fonoaudiologia-santiago\/noticias\/2020\/06\/09\/fonoaudiologa-udd-en-la-primera-linea\/#breadcrumb\"},\"inLanguage\":\"es\",\"potentialAction\":[{\"@type\":\"ReadAction\",\"target\":[\"https:\/\/medicina.udd.cl\/fonoaudiologia-santiago\/noticias\/2020\/06\/09\/fonoaudiologa-udd-en-la-primera-linea\/\"]}]},{\"@type\":\"ImageObject\",\"inLanguage\":\"es\",\"@id\":\"https:\/\/medicina.udd.cl\/fonoaudiologia-santiago\/noticias\/2020\/06\/09\/fonoaudiologa-udd-en-la-primera-linea\/#primaryimage\",\"url\":\"https:\/\/medicina.udd.cl\/fonoaudiologia-santiago\/files\/2020\/06\/FonoSansaza.jpg\",\"contentUrl\":\"https:\/\/medicina.udd.cl\/fonoaudiologia-santiago\/files\/2020\/06\/FonoSansaza.jpg\",\"width\":728,\"height\":358},{\"@type\":\"BreadcrumbList\",\"@id\":\"https:\/\/medicina.udd.cl\/fonoaudiologia-santiago\/noticias\/2020\/06\/09\/fonoaudiologa-udd-en-la-primera-linea\/#breadcrumb\",\"itemListElement\":[{\"@type\":\"ListItem\",\"position\":1,\"name\":\"Home\",\"item\":\"https:\/\/medicina.udd.cl\/fonoaudiologia-santiago\/\"},{\"@type\":\"ListItem\",\"position\":2,\"name\":\"Fonoaudi\u00f3loga UDD en la primera l\u00ednea\"}]},{\"@type\":\"WebSite\",\"@id\":\"https:\/\/medicina.udd.cl\/fonoaudiologia-santiago\/#website\",\"url\":\"https:\/\/medicina.udd.cl\/fonoaudiologia-santiago\/\",\"name\":\"Fonoaudiolog\u00eda\",\"description\":\"Facultad de Medicina Cl\u00ednica Alemana Universidad del Desarrollo\",\"inLanguage\":\"es\"},{\"@type\":\"Person\",\"@id\":\"https:\/\/medicina.udd.cl\/fonoaudiologia-santiago\/#\/schema\/person\/dbc3705bf3a93e8be1ba6de0ef950341\",\"name\":\"rbraidy\",\"image\":{\"@type\":\"ImageObject\",\"inLanguage\":\"es\",\"@id\":\"https:\/\/medicina.udd.cl\/fonoaudiologia-santiago\/#\/schema\/person\/image\/\",\"url\":\"https:\/\/secure.gravatar.com\/avatar\/0f8bc94637401590e45d2ce17eb65c274cb8870a219de6177f3f23e63fd8cdf3?s=96&d=mm&r=g\",\"contentUrl\":\"https:\/\/secure.gravatar.com\/avatar\/0f8bc94637401590e45d2ce17eb65c274cb8870a219de6177f3f23e63fd8cdf3?s=96&d=mm&r=g\",\"caption\":\"rbraidy\"},\"url\":\"https:\/\/medicina.udd.cl\/fonoaudiologia-santiago\/noticias\/author\/rbraidy\/\"}]}<\/script>\n<!-- \/ Yoast SEO plugin. -->","yoast_head_json":{"title":"Fonoaudi\u00f3loga UDD en la primera l\u00ednea - Fonoaudiolog\u00eda","robots":{"index":"index","follow":"follow","max-snippet":"max-snippet:-1","max-image-preview":"max-image-preview:large","max-video-preview":"max-video-preview:-1"},"canonical":"https:\/\/medicina.udd.cl\/fonoaudiologia-santiago\/noticias\/2020\/06\/09\/fonoaudiologa-udd-en-la-primera-linea\/","og_locale":"es_ES","og_type":"article","og_title":"Fonoaudi\u00f3loga UDD en la primera l\u00ednea - Fonoaudiolog\u00eda","og_description":"La fonoaudi\u00f3loga del Hospital Padre Hurtado (HPH), exalumna y docente de la carrera de Fonoaudiolog\u00eda de la Facultad de Medicina Cl\u00ednica Alemana Universidad del Desarrollo, B\u00e1rbara Sanzana, nos cuenta su experiencia de estar en la primera l\u00ednea en el HPH y cu\u00e1l es la labor de un fonoaudi\u00f3logo en tiempos de covid-19. Como todos los [&hellip;]","og_url":"https:\/\/medicina.udd.cl\/fonoaudiologia-santiago\/noticias\/2020\/06\/09\/fonoaudiologa-udd-en-la-primera-linea\/","og_site_name":"Fonoaudiolog\u00eda","article_published_time":"2020-06-09T17:32:26+00:00","article_modified_time":"2020-07-01T21:36:05+00:00","og_image":[{"width":728,"height":358,"url":"https:\/\/medicina.udd.cl\/fonoaudiologia-santiago\/files\/2020\/06\/FonoSansaza.jpg","type":"image\/jpeg"}],"author":"rbraidy","twitter_misc":{"Escrito por":"rbraidy","Tiempo de lectura":"4 minutos"},"schema":{"@context":"https:\/\/schema.org","@graph":[{"@type":"Article","@id":"https:\/\/medicina.udd.cl\/fonoaudiologia-santiago\/noticias\/2020\/06\/09\/fonoaudiologa-udd-en-la-primera-linea\/#article","isPartOf":{"@id":"https:\/\/medicina.udd.cl\/fonoaudiologia-santiago\/noticias\/2020\/06\/09\/fonoaudiologa-udd-en-la-primera-linea\/"},"author":{"name":"rbraidy","@id":"https:\/\/medicina.udd.cl\/fonoaudiologia-santiago\/#\/schema\/person\/dbc3705bf3a93e8be1ba6de0ef950341"},"headline":"Fonoaudi\u00f3loga UDD en la primera l\u00ednea","datePublished":"2020-06-09T17:32:26+00:00","dateModified":"2020-07-01T21:36:05+00:00","mainEntityOfPage":{"@id":"https:\/\/medicina.udd.cl\/fonoaudiologia-santiago\/noticias\/2020\/06\/09\/fonoaudiologa-udd-en-la-primera-linea\/"},"wordCount":879,"commentCount":0,"image":{"@id":"https:\/\/medicina.udd.cl\/fonoaudiologia-santiago\/noticias\/2020\/06\/09\/fonoaudiologa-udd-en-la-primera-linea\/#primaryimage"},"thumbnailUrl":"https:\/\/medicina.udd.cl\/fonoaudiologia-santiago\/files\/2020\/06\/FonoSansaza.jpg","articleSection":["Noticias"],"inLanguage":"es","potentialAction":[{"@type":"CommentAction","name":"Comment","target":["https:\/\/medicina.udd.cl\/fonoaudiologia-santiago\/noticias\/2020\/06\/09\/fonoaudiologa-udd-en-la-primera-linea\/#respond"]}]},{"@type":"WebPage","@id":"https:\/\/medicina.udd.cl\/fonoaudiologia-santiago\/noticias\/2020\/06\/09\/fonoaudiologa-udd-en-la-primera-linea\/","url":"https:\/\/medicina.udd.cl\/fonoaudiologia-santiago\/noticias\/2020\/06\/09\/fonoaudiologa-udd-en-la-primera-linea\/","name":"Fonoaudi\u00f3loga UDD en la primera l\u00ednea - Fonoaudiolog\u00eda","isPartOf":{"@id":"https:\/\/medicina.udd.cl\/fonoaudiologia-santiago\/#website"},"primaryImageOfPage":{"@id":"https:\/\/medicina.udd.cl\/fonoaudiologia-santiago\/noticias\/2020\/06\/09\/fonoaudiologa-udd-en-la-primera-linea\/#primaryimage"},"image":{"@id":"https:\/\/medicina.udd.cl\/fonoaudiologia-santiago\/noticias\/2020\/06\/09\/fonoaudiologa-udd-en-la-primera-linea\/#primaryimage"},"thumbnailUrl":"https:\/\/medicina.udd.cl\/fonoaudiologia-santiago\/files\/2020\/06\/FonoSansaza.jpg","datePublished":"2020-06-09T17:32:26+00:00","dateModified":"2020-07-01T21:36:05+00:00","author":{"@id":"https:\/\/medicina.udd.cl\/fonoaudiologia-santiago\/#\/schema\/person\/dbc3705bf3a93e8be1ba6de0ef950341"},"breadcrumb":{"@id":"https:\/\/medicina.udd.cl\/fonoaudiologia-santiago\/noticias\/2020\/06\/09\/fonoaudiologa-udd-en-la-primera-linea\/#breadcrumb"},"inLanguage":"es","potentialAction":[{"@type":"ReadAction","target":["https:\/\/medicina.udd.cl\/fonoaudiologia-santiago\/noticias\/2020\/06\/09\/fonoaudiologa-udd-en-la-primera-linea\/"]}]},{"@type":"ImageObject","inLanguage":"es","@id":"https:\/\/medicina.udd.cl\/fonoaudiologia-santiago\/noticias\/2020\/06\/09\/fonoaudiologa-udd-en-la-primera-linea\/#primaryimage","url":"https:\/\/medicina.udd.cl\/fonoaudiologia-santiago\/files\/2020\/06\/FonoSansaza.jpg","contentUrl":"https:\/\/medicina.udd.cl\/fonoaudiologia-santiago\/files\/2020\/06\/FonoSansaza.jpg","width":728,"height":358},{"@type":"BreadcrumbList","@id":"https:\/\/medicina.udd.cl\/fonoaudiologia-santiago\/noticias\/2020\/06\/09\/fonoaudiologa-udd-en-la-primera-linea\/#breadcrumb","itemListElement":[{"@type":"ListItem","position":1,"name":"Home","item":"https:\/\/medicina.udd.cl\/fonoaudiologia-santiago\/"},{"@type":"ListItem","position":2,"name":"Fonoaudi\u00f3loga UDD en la primera l\u00ednea"}]},{"@type":"WebSite","@id":"https:\/\/medicina.udd.cl\/fonoaudiologia-santiago\/#website","url":"https:\/\/medicina.udd.cl\/fonoaudiologia-santiago\/","name":"Fonoaudiolog\u00eda","description":"Facultad de Medicina Cl\u00ednica Alemana Universidad del Desarrollo","inLanguage":"es"},{"@type":"Person","@id":"https:\/\/medicina.udd.cl\/fonoaudiologia-santiago\/#\/schema\/person\/dbc3705bf3a93e8be1ba6de0ef950341","name":"rbraidy","image":{"@type":"ImageObject","inLanguage":"es","@id":"https:\/\/medicina.udd.cl\/fonoaudiologia-santiago\/#\/schema\/person\/image\/","url":"https:\/\/secure.gravatar.com\/avatar\/0f8bc94637401590e45d2ce17eb65c274cb8870a219de6177f3f23e63fd8cdf3?s=96&d=mm&r=g","contentUrl":"https:\/\/secure.gravatar.com\/avatar\/0f8bc94637401590e45d2ce17eb65c274cb8870a219de6177f3f23e63fd8cdf3?s=96&d=mm&r=g","caption":"rbraidy"},"url":"https:\/\/medicina.udd.cl\/fonoaudiologia-santiago\/noticias\/author\/rbraidy\/"}]}},"featured_image_url":"https:\/\/medicina.udd.cl\/fonoaudiologia-santiago\/files\/2020\/06\/FonoSansaza.jpg","_links":{"self":[{"href":"https:\/\/medicina.udd.cl\/fonoaudiologia-santiago\/wp-json\/wp\/v2\/posts\/4909","targetHints":{"allow":["GET"]}}],"collection":[{"href":"https:\/\/medicina.udd.cl\/fonoaudiologia-santiago\/wp-json\/wp\/v2\/posts"}],"about":[{"href":"https:\/\/medicina.udd.cl\/fonoaudiologia-santiago\/wp-json\/wp\/v2\/types\/post"}],"author":[{"embeddable":true,"href":"https:\/\/medicina.udd.cl\/fonoaudiologia-santiago\/wp-json\/wp\/v2\/users\/9192219"}],"replies":[{"embeddable":true,"href":"https:\/\/medicina.udd.cl\/fonoaudiologia-santiago\/wp-json\/wp\/v2\/comments?post=4909"}],"version-history":[{"count":2,"href":"https:\/\/medicina.udd.cl\/fonoaudiologia-santiago\/wp-json\/wp\/v2\/posts\/4909\/revisions"}],"predecessor-version":[{"id":4936,"href":"https:\/\/medicina.udd.cl\/fonoaudiologia-santiago\/wp-json\/wp\/v2\/posts\/4909\/revisions\/4936"}],"wp:featuredmedia":[{"embeddable":true,"href":"https:\/\/medicina.udd.cl\/fonoaudiologia-santiago\/wp-json\/wp\/v2\/media\/4910"}],"wp:attachment":[{"href":"https:\/\/medicina.udd.cl\/fonoaudiologia-santiago\/wp-json\/wp\/v2\/media?parent=4909"}],"wp:term":[{"taxonomy":"category","embeddable":true,"href":"https:\/\/medicina.udd.cl\/fonoaudiologia-santiago\/wp-json\/wp\/v2\/categories?post=4909"},{"taxonomy":"post_tag","embeddable":true,"href":"https:\/\/medicina.udd.cl\/fonoaudiologia-santiago\/wp-json\/wp\/v2\/tags?post=4909"}],"curies":[{"name":"wp","href":"https:\/\/api.w.org\/{rel}","templated":true}]}}