{"id":4975,"date":"2020-08-03T13:26:46","date_gmt":"2020-08-03T17:26:46","guid":{"rendered":"http:\/\/medicina.udd.cl\/fonoaudiologia-santiago\/?p=4975"},"modified":"2020-08-03T13:26:48","modified_gmt":"2020-08-03T17:26:48","slug":"marianne-silva-egresada-de-fonoaudiologa-udd-trabajar-durante-la-crisis-sanitaria-es-la-mejor-decision-que-he-tomado","status":"publish","type":"post","link":"https:\/\/medicina.udd.cl\/fonoaudiologia-santiago\/noticias\/2020\/08\/03\/marianne-silva-egresada-de-fonoaudiologa-udd-trabajar-durante-la-crisis-sanitaria-es-la-mejor-decision-que-he-tomado\/","title":{"rendered":"Marianne Silva, egresada de Fonoaudi\u00f3loga UDD: \u201cTrabajar durante la crisis sanitaria es la mejor decisi\u00f3n que he tomado\u201d"},"content":{"rendered":"\n<div class=\"wp-block-image\"><figure class=\"alignright size-large is-resized\"><img loading=\"lazy\" decoding=\"async\" src=\"https:\/\/medicina.udd.cl\/fonoaudiologia-santiago\/files\/2020\/08\/IMG-20200801-WA0064-769x1024.jpg\" alt=\"\" class=\"wp-image-4977\" width=\"385\" height=\"512\" srcset=\"https:\/\/medicina.udd.cl\/fonoaudiologia-santiago\/files\/2020\/08\/IMG-20200801-WA0064-769x1024.jpg 769w, https:\/\/medicina.udd.cl\/fonoaudiologia-santiago\/files\/2020\/08\/IMG-20200801-WA0064-225x300.jpg 225w, https:\/\/medicina.udd.cl\/fonoaudiologia-santiago\/files\/2020\/08\/IMG-20200801-WA0064-768x1022.jpg 768w, https:\/\/medicina.udd.cl\/fonoaudiologia-santiago\/files\/2020\/08\/IMG-20200801-WA0064.jpg 960w\" sizes=\"auto, (max-width: 385px) 100vw, 385px\" \/><\/figure><\/div>\n\n\n\n<p>La situaci\u00f3n que ha provocado la pandemia producto del virus covid-19 ha sido muy compleja, pero a su vez ha permitido que las distintas \u00e1reas de la salud puedan mostrar su mejor versi\u00f3n, como es el caso de la Fonoaudiolog\u00eda. As\u00ed lo afirma Marianne Silva, fonoaudi\u00f3loga egresada de la Facultad de Medicina Cl\u00ednica Alemana Universidad del Desarrollo, qui\u00e9n ejerce hace m\u00e1s de dos a\u00f1os en el \u00e1rea de UCI de dos cl\u00ednicas de la Sexta Regi\u00f3n, en la ciudad de Rancagua.<\/p>\n\n\n\n<p>\u201cEn esta crisis sanitaria la Fonoaudiolog\u00eda ha tenido un despertar que nos ha permitido abrir campo y mostrarnos en un \u00e1rea que a nivel nacional no est\u00e1 muy desarrollada. En la Regi\u00f3n Metropolitana es com\u00fan ver fonoaudi\u00f3logos como parte de los staff de las cl\u00ednicas, m\u00e1s esto no ocurre tanto en provincia. Desde ese lado, esta situaci\u00f3n ha demostrado realmente la importancia, el reconocimiento y el trabajo de un fonoaudi\u00f3logo, sobre todo en los pacientes con coronavirus que han requerido de ventilaci\u00f3n mec\u00e1nica\u201d, dijo Marianne.<\/p>\n\n\n\n<p>Si bien esta situaci\u00f3n ha significado un trabajo bien dif\u00edcil, y en lo personal un gran reto y sacrificio para Marianne -ya que ha tenido que alejarse de toda su familia-, la fonoaudi\u00f3loga est\u00e1 convencida que el trabajar durante la crisis sanitaria es la mejor decisi\u00f3n que ha tomado.<\/p>\n\n\n\n<p>\u201cHa sido muy gratificante. Obviamente he vivido momentos dif\u00edciles de rabia, pena, frustraci\u00f3n, pero cuando uno coloca la cabeza en la almohada y se da cuenta de la cantidad de cosas que ha podido entregar durante el d\u00eda a personas que necesitan de tu ayuda, es ah\u00ed donde est\u00e1 la recompensa\u201d, se\u00f1al\u00f3 la profesional de la salud.<\/p>\n\n\n\n<p>Una de las situaciones m\u00e1s complejas que se\u00f1ala Marianne es sacar adelante a pacientes con Covid que est\u00e1n lejos de sus familias, que est\u00e1n solos o no son de la ciudad. \u201cNo es lo mismo lograr un avance con un paciente que es constantemente visitado por familiares. Lo emocional es muy importante para el proceso de recuperaci\u00f3n\u2026 me ha tocado esa responsabilidad tan bonita de poder dar compa\u00f1\u00eda a esos pacientes, para que a nivel emocional no decaigan y puedan recuperarse. Adem\u00e1s, cuando despiertan de la sedaci\u00f3n no solo no tienen la capacidad de informar sus necesidades b\u00e1sicas al personal m\u00e9dico, sino tampoco pueden, por ejemplo, realizar una video llamada con sus familiares porque su voz est\u00e1 afectada\u201d, dijo la fonoaudi\u00f3loga<\/p>\n\n\n\n<div class=\"wp-block-image\"><figure class=\"aligncenter size-large is-resized\"><img loading=\"lazy\" decoding=\"async\" src=\"https:\/\/medicina.udd.cl\/fonoaudiologia-santiago\/files\/2020\/08\/MarianneSilva-paciente-1024x1024.jpg\" alt=\"\" class=\"wp-image-4978\" width=\"256\" height=\"256\" srcset=\"https:\/\/medicina.udd.cl\/fonoaudiologia-santiago\/files\/2020\/08\/MarianneSilva-paciente-1024x1024.jpg 1024w, https:\/\/medicina.udd.cl\/fonoaudiologia-santiago\/files\/2020\/08\/MarianneSilva-paciente-300x300.jpg 300w, https:\/\/medicina.udd.cl\/fonoaudiologia-santiago\/files\/2020\/08\/MarianneSilva-paciente-150x150.jpg 150w, https:\/\/medicina.udd.cl\/fonoaudiologia-santiago\/files\/2020\/08\/MarianneSilva-paciente-768x768.jpg 768w, https:\/\/medicina.udd.cl\/fonoaudiologia-santiago\/files\/2020\/08\/MarianneSilva-paciente-62x62.jpg 62w, https:\/\/medicina.udd.cl\/fonoaudiologia-santiago\/files\/2020\/08\/MarianneSilva-paciente-1536x1536.jpg 1536w, https:\/\/medicina.udd.cl\/fonoaudiologia-santiago\/files\/2020\/08\/MarianneSilva-paciente-750x750.jpg 750w, https:\/\/medicina.udd.cl\/fonoaudiologia-santiago\/files\/2020\/08\/MarianneSilva-paciente-500x500.jpg 500w, https:\/\/medicina.udd.cl\/fonoaudiologia-santiago\/files\/2020\/08\/MarianneSilva-paciente-250x250.jpg 250w, https:\/\/medicina.udd.cl\/fonoaudiologia-santiago\/files\/2020\/08\/MarianneSilva-paciente-126x126.jpg 126w, https:\/\/medicina.udd.cl\/fonoaudiologia-santiago\/files\/2020\/08\/MarianneSilva-paciente.jpg 2048w\" sizes=\"auto, (max-width: 256px) 100vw, 256px\" \/><\/figure><\/div>\n\n\n\n<p>Ah\u00ed es donde el fonoaudi\u00f3logo tiene la gran labor de recuperar esa voz, ya sea de forma parcial o total. Es un paso muy importante en la recuperaci\u00f3n, tanto en lo emocional como en lo f\u00edsico. \u201cHe visto con mis pacientes cuando logran esa conexi\u00f3n, cuando han estado semanas tan planos y cuando tienen la capacidad de comunicarse con sus familiares, hay un repunte tan importante ya que tienen el deseo de volver a sus casas. Es muy lindo ser parte de este proceso, de poder ayudarlos a recupera su voz, la confianza, poder hablar con sus familiares y decir que todo est\u00e1 bien, que pronto se recuperar\u00e1, as\u00ed como darle la confianza a ese paciente de que cuando se vaya a casa se ir\u00e1 de la mejor manera posible, porque no debe ser f\u00e1cil llegar a casa sin poder hablar ni comer\u201d, indic\u00f3 la egresada de Fonoaudiolog\u00eda UDD.<\/p>\n\n\n\n<p><strong>Momentos dif\u00edciles<\/strong><\/p>\n\n\n\n<p>Uno de los momentos m\u00e1s angustiantes y dolorosos que ha vivido Marianne durante esta crisis sanitaria, es vivir de cerca la muerte de pacientes. Un caso que la marc\u00f3 fue una paciente joven de nacionalidad haitiana, una de sus primeras pacientes, quien se contagi\u00f3 de coronavirus en la Regi\u00f3n Metropolitana y fue trasladada a Rancagua. Al equipo le resultaba muy complejo comunicarse, tanto con la familia como con ella misma, pues s\u00f3lo hablaban creole y cuando lograba comunicarse dec\u00eda que se quer\u00eda ir con su familia.<\/p>\n\n\n\n<p>\u201cA pesar de todos los esfuerzos que hicimos, su neumon\u00eda empeor\u00f3 y falleci\u00f3. Lo m\u00e1s duro es que era una persona sana y joven. Adem\u00e1s, lo complicado que fue buscar la manera de comunicarle a sus familiares su muerte fue muy dif\u00edcil. Fue algo muy impactante y triste\u201d, enfatiz\u00f3 la fonoaudi\u00f3loga.<\/p>\n\n\n\n<p>Marianne Silva tambi\u00e9n advierte que en alg\u00fan momento tuvo temor de contagiarse (vive con una persona que es de riesgo), pero luego pens\u00f3 que no pod\u00eda quedarse de brazos cruzados, \u201cporque esto es para mucho tiempo, hay mucha gente que se est\u00e1 muriendo y no se est\u00e1n rehabilitando tampoco. Definitivamente hay muchas cosas que uno puede hacer como profesional de la salud en el trabajo que desde la casa\u201d, dijo Marianne.<\/p>\n\n\n\n<p>Marianne agradece mucho su formaci\u00f3n en la UDD, lo que le ha permitido poder afrontar sin miedo su profesi\u00f3n. \u201cEn la universidad nos ense\u00f1aron c\u00f3mo enfrentar situaciones complejas en este aspecto y siempre tuve la certeza que ten\u00eda los conocimientos para poder enfrentarme a un virus. Una de las certezas que tuve fue haber estudiado Fonoaudiolog\u00eda en la UDD. Al tercer mes de clases tuve mi primera experiencia presencial en un hospital y en una cl\u00ednica, solamente observando, pero cuando uno est\u00e1 in situ es cuando te das cuenta de c\u00f3mo es la realidad y si realmente te gusta o no. La Universidad me ofreci\u00f3 eso, me dio la oportunidad de poder estar, y luego de poder trabajar en esos lugares, formarme. Todas esas destrezas desarrolladas te permiten poder enfrentar y atender a los pacientes con tranquilidad, por eso siempre estar\u00e9 eternamente agradecida con la UDD\u201d, recalc\u00f3 la fonoaudi\u00f3loga cl\u00ednica.<\/p>\n\n\n\n<p>Para culminar Marianne se\u00f1al\u00f3 que, si ella &nbsp;pudiera recomendar algo a sus colegas del \u00e1rea de la salud, es que no duden de sus capacidades. \u201cLa clave est\u00e1 sentirse suficiente con los conocimientos adquiridos y sacarles el m\u00e1ximo provecho, confiar en lo que uno sabe, no dudar, pero al mismo tiempo ser muy cautelosos porque son los peque\u00f1os errores los que hacen que nosotros podamos contagiarnos y a su vez afectar a los pacientes\u201d, destac\u00f3 la fonoaudi\u00f3loga UDD.&nbsp;<\/p>\n","protected":false},"excerpt":{"rendered":"<p>La situaci\u00f3n que ha provocado la pandemia producto del virus covid-19 ha sido muy compleja, pero a su vez ha permitido que las distintas \u00e1reas de la salud puedan mostrar su mejor versi\u00f3n, como es el caso de la Fonoaudiolog\u00eda. As\u00ed lo afirma Marianne Silva, fonoaudi\u00f3loga egresada de la Facultad de Medicina Cl\u00ednica Alemana Universidad [&hellip;]<\/p>\n","protected":false},"author":9192219,"featured_media":4976,"comment_status":"open","ping_status":"open","sticky":false,"template":"","format":"standard","meta":{"footnotes":""},"categories":[4],"tags":[],"class_list":["post-4975","post","type-post","status-publish","format-standard","has-post-thumbnail","hentry","category-noticias"],"yoast_head":"<!-- This site is optimized with the Yoast SEO plugin v26.9 - https:\/\/yoast.com\/product\/yoast-seo-wordpress\/ -->\n<title>Marianne Silva, egresada de Fonoaudi\u00f3loga UDD: \u201cTrabajar durante la crisis sanitaria es la mejor decisi\u00f3n que he tomado\u201d - Fonoaudiolog\u00eda<\/title>\n<meta name=\"robots\" content=\"index, follow, max-snippet:-1, max-image-preview:large, max-video-preview:-1\" \/>\n<link rel=\"canonical\" href=\"https:\/\/medicina.udd.cl\/fonoaudiologia-santiago\/noticias\/2020\/08\/03\/marianne-silva-egresada-de-fonoaudiologa-udd-trabajar-durante-la-crisis-sanitaria-es-la-mejor-decision-que-he-tomado\/\" \/>\n<meta property=\"og:locale\" content=\"es_ES\" \/>\n<meta property=\"og:type\" content=\"article\" \/>\n<meta property=\"og:title\" content=\"Marianne Silva, egresada de Fonoaudi\u00f3loga UDD: \u201cTrabajar durante la crisis sanitaria es la mejor decisi\u00f3n que he tomado\u201d - Fonoaudiolog\u00eda\" \/>\n<meta property=\"og:description\" content=\"La situaci\u00f3n que ha provocado la pandemia producto del virus covid-19 ha sido muy compleja, pero a su vez ha permitido que las distintas \u00e1reas de la salud puedan mostrar su mejor versi\u00f3n, como es el caso de la Fonoaudiolog\u00eda. As\u00ed lo afirma Marianne Silva, fonoaudi\u00f3loga egresada de la Facultad de Medicina Cl\u00ednica Alemana Universidad [&hellip;]\" \/>\n<meta property=\"og:url\" content=\"https:\/\/medicina.udd.cl\/fonoaudiologia-santiago\/noticias\/2020\/08\/03\/marianne-silva-egresada-de-fonoaudiologa-udd-trabajar-durante-la-crisis-sanitaria-es-la-mejor-decision-que-he-tomado\/\" \/>\n<meta property=\"og:site_name\" content=\"Fonoaudiolog\u00eda\" \/>\n<meta property=\"article:published_time\" content=\"2020-08-03T17:26:46+00:00\" \/>\n<meta property=\"article:modified_time\" content=\"2020-08-03T17:26:48+00:00\" \/>\n<meta property=\"og:image\" content=\"https:\/\/medicina.udd.cl\/fonoaudiologia-santiago\/files\/2020\/08\/20200803_124117.jpg\" \/>\n\t<meta property=\"og:image:width\" content=\"960\" \/>\n\t<meta property=\"og:image:height\" content=\"709\" \/>\n\t<meta property=\"og:image:type\" content=\"image\/jpeg\" \/>\n<meta name=\"author\" content=\"rbraidy\" \/>\n<meta name=\"twitter:label1\" content=\"Escrito por\" \/>\n\t<meta name=\"twitter:data1\" content=\"rbraidy\" \/>\n\t<meta name=\"twitter:label2\" content=\"Tiempo de lectura\" \/>\n\t<meta name=\"twitter:data2\" content=\"5 minutos\" \/>\n<script type=\"application\/ld+json\" class=\"yoast-schema-graph\">{\"@context\":\"https:\/\/schema.org\",\"@graph\":[{\"@type\":\"Article\",\"@id\":\"https:\/\/medicina.udd.cl\/fonoaudiologia-santiago\/noticias\/2020\/08\/03\/marianne-silva-egresada-de-fonoaudiologa-udd-trabajar-durante-la-crisis-sanitaria-es-la-mejor-decision-que-he-tomado\/#article\",\"isPartOf\":{\"@id\":\"https:\/\/medicina.udd.cl\/fonoaudiologia-santiago\/noticias\/2020\/08\/03\/marianne-silva-egresada-de-fonoaudiologa-udd-trabajar-durante-la-crisis-sanitaria-es-la-mejor-decision-que-he-tomado\/\"},\"author\":{\"name\":\"rbraidy\",\"@id\":\"https:\/\/medicina.udd.cl\/fonoaudiologia-santiago\/#\/schema\/person\/dbc3705bf3a93e8be1ba6de0ef950341\"},\"headline\":\"Marianne Silva, egresada de Fonoaudi\u00f3loga UDD: \u201cTrabajar durante la crisis sanitaria es la mejor decisi\u00f3n que he tomado\u201d\",\"datePublished\":\"2020-08-03T17:26:46+00:00\",\"dateModified\":\"2020-08-03T17:26:48+00:00\",\"mainEntityOfPage\":{\"@id\":\"https:\/\/medicina.udd.cl\/fonoaudiologia-santiago\/noticias\/2020\/08\/03\/marianne-silva-egresada-de-fonoaudiologa-udd-trabajar-durante-la-crisis-sanitaria-es-la-mejor-decision-que-he-tomado\/\"},\"wordCount\":1076,\"commentCount\":0,\"image\":{\"@id\":\"https:\/\/medicina.udd.cl\/fonoaudiologia-santiago\/noticias\/2020\/08\/03\/marianne-silva-egresada-de-fonoaudiologa-udd-trabajar-durante-la-crisis-sanitaria-es-la-mejor-decision-que-he-tomado\/#primaryimage\"},\"thumbnailUrl\":\"https:\/\/medicina.udd.cl\/fonoaudiologia-santiago\/files\/2020\/08\/20200803_124117.jpg\",\"articleSection\":[\"Noticias\"],\"inLanguage\":\"es\",\"potentialAction\":[{\"@type\":\"CommentAction\",\"name\":\"Comment\",\"target\":[\"https:\/\/medicina.udd.cl\/fonoaudiologia-santiago\/noticias\/2020\/08\/03\/marianne-silva-egresada-de-fonoaudiologa-udd-trabajar-durante-la-crisis-sanitaria-es-la-mejor-decision-que-he-tomado\/#respond\"]}]},{\"@type\":\"WebPage\",\"@id\":\"https:\/\/medicina.udd.cl\/fonoaudiologia-santiago\/noticias\/2020\/08\/03\/marianne-silva-egresada-de-fonoaudiologa-udd-trabajar-durante-la-crisis-sanitaria-es-la-mejor-decision-que-he-tomado\/\",\"url\":\"https:\/\/medicina.udd.cl\/fonoaudiologia-santiago\/noticias\/2020\/08\/03\/marianne-silva-egresada-de-fonoaudiologa-udd-trabajar-durante-la-crisis-sanitaria-es-la-mejor-decision-que-he-tomado\/\",\"name\":\"Marianne Silva, egresada de Fonoaudi\u00f3loga UDD: \u201cTrabajar durante la crisis sanitaria es la mejor decisi\u00f3n que he tomado\u201d - Fonoaudiolog\u00eda\",\"isPartOf\":{\"@id\":\"https:\/\/medicina.udd.cl\/fonoaudiologia-santiago\/#website\"},\"primaryImageOfPage\":{\"@id\":\"https:\/\/medicina.udd.cl\/fonoaudiologia-santiago\/noticias\/2020\/08\/03\/marianne-silva-egresada-de-fonoaudiologa-udd-trabajar-durante-la-crisis-sanitaria-es-la-mejor-decision-que-he-tomado\/#primaryimage\"},\"image\":{\"@id\":\"https:\/\/medicina.udd.cl\/fonoaudiologia-santiago\/noticias\/2020\/08\/03\/marianne-silva-egresada-de-fonoaudiologa-udd-trabajar-durante-la-crisis-sanitaria-es-la-mejor-decision-que-he-tomado\/#primaryimage\"},\"thumbnailUrl\":\"https:\/\/medicina.udd.cl\/fonoaudiologia-santiago\/files\/2020\/08\/20200803_124117.jpg\",\"datePublished\":\"2020-08-03T17:26:46+00:00\",\"dateModified\":\"2020-08-03T17:26:48+00:00\",\"author\":{\"@id\":\"https:\/\/medicina.udd.cl\/fonoaudiologia-santiago\/#\/schema\/person\/dbc3705bf3a93e8be1ba6de0ef950341\"},\"breadcrumb\":{\"@id\":\"https:\/\/medicina.udd.cl\/fonoaudiologia-santiago\/noticias\/2020\/08\/03\/marianne-silva-egresada-de-fonoaudiologa-udd-trabajar-durante-la-crisis-sanitaria-es-la-mejor-decision-que-he-tomado\/#breadcrumb\"},\"inLanguage\":\"es\",\"potentialAction\":[{\"@type\":\"ReadAction\",\"target\":[\"https:\/\/medicina.udd.cl\/fonoaudiologia-santiago\/noticias\/2020\/08\/03\/marianne-silva-egresada-de-fonoaudiologa-udd-trabajar-durante-la-crisis-sanitaria-es-la-mejor-decision-que-he-tomado\/\"]}]},{\"@type\":\"ImageObject\",\"inLanguage\":\"es\",\"@id\":\"https:\/\/medicina.udd.cl\/fonoaudiologia-santiago\/noticias\/2020\/08\/03\/marianne-silva-egresada-de-fonoaudiologa-udd-trabajar-durante-la-crisis-sanitaria-es-la-mejor-decision-que-he-tomado\/#primaryimage\",\"url\":\"https:\/\/medicina.udd.cl\/fonoaudiologia-santiago\/files\/2020\/08\/20200803_124117.jpg\",\"contentUrl\":\"https:\/\/medicina.udd.cl\/fonoaudiologia-santiago\/files\/2020\/08\/20200803_124117.jpg\",\"width\":960,\"height\":709},{\"@type\":\"BreadcrumbList\",\"@id\":\"https:\/\/medicina.udd.cl\/fonoaudiologia-santiago\/noticias\/2020\/08\/03\/marianne-silva-egresada-de-fonoaudiologa-udd-trabajar-durante-la-crisis-sanitaria-es-la-mejor-decision-que-he-tomado\/#breadcrumb\",\"itemListElement\":[{\"@type\":\"ListItem\",\"position\":1,\"name\":\"Home\",\"item\":\"https:\/\/medicina.udd.cl\/fonoaudiologia-santiago\/\"},{\"@type\":\"ListItem\",\"position\":2,\"name\":\"Marianne Silva, egresada de Fonoaudi\u00f3loga UDD: \u201cTrabajar durante la crisis sanitaria es la mejor decisi\u00f3n que he tomado\u201d\"}]},{\"@type\":\"WebSite\",\"@id\":\"https:\/\/medicina.udd.cl\/fonoaudiologia-santiago\/#website\",\"url\":\"https:\/\/medicina.udd.cl\/fonoaudiologia-santiago\/\",\"name\":\"Fonoaudiolog\u00eda\",\"description\":\"Facultad de Medicina Cl\u00ednica Alemana Universidad del Desarrollo\",\"inLanguage\":\"es\"},{\"@type\":\"Person\",\"@id\":\"https:\/\/medicina.udd.cl\/fonoaudiologia-santiago\/#\/schema\/person\/dbc3705bf3a93e8be1ba6de0ef950341\",\"name\":\"rbraidy\",\"image\":{\"@type\":\"ImageObject\",\"inLanguage\":\"es\",\"@id\":\"https:\/\/medicina.udd.cl\/fonoaudiologia-santiago\/#\/schema\/person\/image\/\",\"url\":\"https:\/\/secure.gravatar.com\/avatar\/0f8bc94637401590e45d2ce17eb65c274cb8870a219de6177f3f23e63fd8cdf3?s=96&d=mm&r=g\",\"contentUrl\":\"https:\/\/secure.gravatar.com\/avatar\/0f8bc94637401590e45d2ce17eb65c274cb8870a219de6177f3f23e63fd8cdf3?s=96&d=mm&r=g\",\"caption\":\"rbraidy\"},\"url\":\"https:\/\/medicina.udd.cl\/fonoaudiologia-santiago\/noticias\/author\/rbraidy\/\"}]}<\/script>\n<!-- \/ Yoast SEO plugin. -->","yoast_head_json":{"title":"Marianne Silva, egresada de Fonoaudi\u00f3loga UDD: \u201cTrabajar durante la crisis sanitaria es la mejor decisi\u00f3n que he tomado\u201d - Fonoaudiolog\u00eda","robots":{"index":"index","follow":"follow","max-snippet":"max-snippet:-1","max-image-preview":"max-image-preview:large","max-video-preview":"max-video-preview:-1"},"canonical":"https:\/\/medicina.udd.cl\/fonoaudiologia-santiago\/noticias\/2020\/08\/03\/marianne-silva-egresada-de-fonoaudiologa-udd-trabajar-durante-la-crisis-sanitaria-es-la-mejor-decision-que-he-tomado\/","og_locale":"es_ES","og_type":"article","og_title":"Marianne Silva, egresada de Fonoaudi\u00f3loga UDD: \u201cTrabajar durante la crisis sanitaria es la mejor decisi\u00f3n que he tomado\u201d - Fonoaudiolog\u00eda","og_description":"La situaci\u00f3n que ha provocado la pandemia producto del virus covid-19 ha sido muy compleja, pero a su vez ha permitido que las distintas \u00e1reas de la salud puedan mostrar su mejor versi\u00f3n, como es el caso de la Fonoaudiolog\u00eda. As\u00ed lo afirma Marianne Silva, fonoaudi\u00f3loga egresada de la Facultad de Medicina Cl\u00ednica Alemana Universidad [&hellip;]","og_url":"https:\/\/medicina.udd.cl\/fonoaudiologia-santiago\/noticias\/2020\/08\/03\/marianne-silva-egresada-de-fonoaudiologa-udd-trabajar-durante-la-crisis-sanitaria-es-la-mejor-decision-que-he-tomado\/","og_site_name":"Fonoaudiolog\u00eda","article_published_time":"2020-08-03T17:26:46+00:00","article_modified_time":"2020-08-03T17:26:48+00:00","og_image":[{"width":960,"height":709,"url":"https:\/\/medicina.udd.cl\/fonoaudiologia-santiago\/files\/2020\/08\/20200803_124117.jpg","type":"image\/jpeg"}],"author":"rbraidy","twitter_misc":{"Escrito por":"rbraidy","Tiempo de lectura":"5 minutos"},"schema":{"@context":"https:\/\/schema.org","@graph":[{"@type":"Article","@id":"https:\/\/medicina.udd.cl\/fonoaudiologia-santiago\/noticias\/2020\/08\/03\/marianne-silva-egresada-de-fonoaudiologa-udd-trabajar-durante-la-crisis-sanitaria-es-la-mejor-decision-que-he-tomado\/#article","isPartOf":{"@id":"https:\/\/medicina.udd.cl\/fonoaudiologia-santiago\/noticias\/2020\/08\/03\/marianne-silva-egresada-de-fonoaudiologa-udd-trabajar-durante-la-crisis-sanitaria-es-la-mejor-decision-que-he-tomado\/"},"author":{"name":"rbraidy","@id":"https:\/\/medicina.udd.cl\/fonoaudiologia-santiago\/#\/schema\/person\/dbc3705bf3a93e8be1ba6de0ef950341"},"headline":"Marianne Silva, egresada de Fonoaudi\u00f3loga UDD: \u201cTrabajar durante la crisis sanitaria es la mejor decisi\u00f3n que he tomado\u201d","datePublished":"2020-08-03T17:26:46+00:00","dateModified":"2020-08-03T17:26:48+00:00","mainEntityOfPage":{"@id":"https:\/\/medicina.udd.cl\/fonoaudiologia-santiago\/noticias\/2020\/08\/03\/marianne-silva-egresada-de-fonoaudiologa-udd-trabajar-durante-la-crisis-sanitaria-es-la-mejor-decision-que-he-tomado\/"},"wordCount":1076,"commentCount":0,"image":{"@id":"https:\/\/medicina.udd.cl\/fonoaudiologia-santiago\/noticias\/2020\/08\/03\/marianne-silva-egresada-de-fonoaudiologa-udd-trabajar-durante-la-crisis-sanitaria-es-la-mejor-decision-que-he-tomado\/#primaryimage"},"thumbnailUrl":"https:\/\/medicina.udd.cl\/fonoaudiologia-santiago\/files\/2020\/08\/20200803_124117.jpg","articleSection":["Noticias"],"inLanguage":"es","potentialAction":[{"@type":"CommentAction","name":"Comment","target":["https:\/\/medicina.udd.cl\/fonoaudiologia-santiago\/noticias\/2020\/08\/03\/marianne-silva-egresada-de-fonoaudiologa-udd-trabajar-durante-la-crisis-sanitaria-es-la-mejor-decision-que-he-tomado\/#respond"]}]},{"@type":"WebPage","@id":"https:\/\/medicina.udd.cl\/fonoaudiologia-santiago\/noticias\/2020\/08\/03\/marianne-silva-egresada-de-fonoaudiologa-udd-trabajar-durante-la-crisis-sanitaria-es-la-mejor-decision-que-he-tomado\/","url":"https:\/\/medicina.udd.cl\/fonoaudiologia-santiago\/noticias\/2020\/08\/03\/marianne-silva-egresada-de-fonoaudiologa-udd-trabajar-durante-la-crisis-sanitaria-es-la-mejor-decision-que-he-tomado\/","name":"Marianne Silva, egresada de Fonoaudi\u00f3loga UDD: \u201cTrabajar durante la crisis sanitaria es la mejor decisi\u00f3n que he tomado\u201d - Fonoaudiolog\u00eda","isPartOf":{"@id":"https:\/\/medicina.udd.cl\/fonoaudiologia-santiago\/#website"},"primaryImageOfPage":{"@id":"https:\/\/medicina.udd.cl\/fonoaudiologia-santiago\/noticias\/2020\/08\/03\/marianne-silva-egresada-de-fonoaudiologa-udd-trabajar-durante-la-crisis-sanitaria-es-la-mejor-decision-que-he-tomado\/#primaryimage"},"image":{"@id":"https:\/\/medicina.udd.cl\/fonoaudiologia-santiago\/noticias\/2020\/08\/03\/marianne-silva-egresada-de-fonoaudiologa-udd-trabajar-durante-la-crisis-sanitaria-es-la-mejor-decision-que-he-tomado\/#primaryimage"},"thumbnailUrl":"https:\/\/medicina.udd.cl\/fonoaudiologia-santiago\/files\/2020\/08\/20200803_124117.jpg","datePublished":"2020-08-03T17:26:46+00:00","dateModified":"2020-08-03T17:26:48+00:00","author":{"@id":"https:\/\/medicina.udd.cl\/fonoaudiologia-santiago\/#\/schema\/person\/dbc3705bf3a93e8be1ba6de0ef950341"},"breadcrumb":{"@id":"https:\/\/medicina.udd.cl\/fonoaudiologia-santiago\/noticias\/2020\/08\/03\/marianne-silva-egresada-de-fonoaudiologa-udd-trabajar-durante-la-crisis-sanitaria-es-la-mejor-decision-que-he-tomado\/#breadcrumb"},"inLanguage":"es","potentialAction":[{"@type":"ReadAction","target":["https:\/\/medicina.udd.cl\/fonoaudiologia-santiago\/noticias\/2020\/08\/03\/marianne-silva-egresada-de-fonoaudiologa-udd-trabajar-durante-la-crisis-sanitaria-es-la-mejor-decision-que-he-tomado\/"]}]},{"@type":"ImageObject","inLanguage":"es","@id":"https:\/\/medicina.udd.cl\/fonoaudiologia-santiago\/noticias\/2020\/08\/03\/marianne-silva-egresada-de-fonoaudiologa-udd-trabajar-durante-la-crisis-sanitaria-es-la-mejor-decision-que-he-tomado\/#primaryimage","url":"https:\/\/medicina.udd.cl\/fonoaudiologia-santiago\/files\/2020\/08\/20200803_124117.jpg","contentUrl":"https:\/\/medicina.udd.cl\/fonoaudiologia-santiago\/files\/2020\/08\/20200803_124117.jpg","width":960,"height":709},{"@type":"BreadcrumbList","@id":"https:\/\/medicina.udd.cl\/fonoaudiologia-santiago\/noticias\/2020\/08\/03\/marianne-silva-egresada-de-fonoaudiologa-udd-trabajar-durante-la-crisis-sanitaria-es-la-mejor-decision-que-he-tomado\/#breadcrumb","itemListElement":[{"@type":"ListItem","position":1,"name":"Home","item":"https:\/\/medicina.udd.cl\/fonoaudiologia-santiago\/"},{"@type":"ListItem","position":2,"name":"Marianne Silva, egresada de Fonoaudi\u00f3loga UDD: \u201cTrabajar durante la crisis sanitaria es la mejor decisi\u00f3n que he tomado\u201d"}]},{"@type":"WebSite","@id":"https:\/\/medicina.udd.cl\/fonoaudiologia-santiago\/#website","url":"https:\/\/medicina.udd.cl\/fonoaudiologia-santiago\/","name":"Fonoaudiolog\u00eda","description":"Facultad de Medicina Cl\u00ednica Alemana Universidad del Desarrollo","inLanguage":"es"},{"@type":"Person","@id":"https:\/\/medicina.udd.cl\/fonoaudiologia-santiago\/#\/schema\/person\/dbc3705bf3a93e8be1ba6de0ef950341","name":"rbraidy","image":{"@type":"ImageObject","inLanguage":"es","@id":"https:\/\/medicina.udd.cl\/fonoaudiologia-santiago\/#\/schema\/person\/image\/","url":"https:\/\/secure.gravatar.com\/avatar\/0f8bc94637401590e45d2ce17eb65c274cb8870a219de6177f3f23e63fd8cdf3?s=96&d=mm&r=g","contentUrl":"https:\/\/secure.gravatar.com\/avatar\/0f8bc94637401590e45d2ce17eb65c274cb8870a219de6177f3f23e63fd8cdf3?s=96&d=mm&r=g","caption":"rbraidy"},"url":"https:\/\/medicina.udd.cl\/fonoaudiologia-santiago\/noticias\/author\/rbraidy\/"}]}},"featured_image_url":"https:\/\/medicina.udd.cl\/fonoaudiologia-santiago\/files\/2020\/08\/20200803_124117.jpg","_links":{"self":[{"href":"https:\/\/medicina.udd.cl\/fonoaudiologia-santiago\/wp-json\/wp\/v2\/posts\/4975","targetHints":{"allow":["GET"]}}],"collection":[{"href":"https:\/\/medicina.udd.cl\/fonoaudiologia-santiago\/wp-json\/wp\/v2\/posts"}],"about":[{"href":"https:\/\/medicina.udd.cl\/fonoaudiologia-santiago\/wp-json\/wp\/v2\/types\/post"}],"author":[{"embeddable":true,"href":"https:\/\/medicina.udd.cl\/fonoaudiologia-santiago\/wp-json\/wp\/v2\/users\/9192219"}],"replies":[{"embeddable":true,"href":"https:\/\/medicina.udd.cl\/fonoaudiologia-santiago\/wp-json\/wp\/v2\/comments?post=4975"}],"version-history":[{"count":1,"href":"https:\/\/medicina.udd.cl\/fonoaudiologia-santiago\/wp-json\/wp\/v2\/posts\/4975\/revisions"}],"predecessor-version":[{"id":4979,"href":"https:\/\/medicina.udd.cl\/fonoaudiologia-santiago\/wp-json\/wp\/v2\/posts\/4975\/revisions\/4979"}],"wp:featuredmedia":[{"embeddable":true,"href":"https:\/\/medicina.udd.cl\/fonoaudiologia-santiago\/wp-json\/wp\/v2\/media\/4976"}],"wp:attachment":[{"href":"https:\/\/medicina.udd.cl\/fonoaudiologia-santiago\/wp-json\/wp\/v2\/media?parent=4975"}],"wp:term":[{"taxonomy":"category","embeddable":true,"href":"https:\/\/medicina.udd.cl\/fonoaudiologia-santiago\/wp-json\/wp\/v2\/categories?post=4975"},{"taxonomy":"post_tag","embeddable":true,"href":"https:\/\/medicina.udd.cl\/fonoaudiologia-santiago\/wp-json\/wp\/v2\/tags?post=4975"}],"curies":[{"name":"wp","href":"https:\/\/api.w.org\/{rel}","templated":true}]}}