{"id":5021,"date":"2020-09-02T14:01:47","date_gmt":"2020-09-02T18:01:47","guid":{"rendered":"http:\/\/medicina.udd.cl\/fonoaudiologia-santiago\/?p=5021"},"modified":"2020-09-02T14:01:48","modified_gmt":"2020-09-02T18:01:48","slug":"fiesta-de-pacientes-de-clinica-alemana-celebra-25-anos","status":"publish","type":"post","link":"https:\/\/medicina.udd.cl\/fonoaudiologia-santiago\/noticias\/2020\/09\/02\/fiesta-de-pacientes-de-clinica-alemana-celebra-25-anos\/","title":{"rendered":"Fiesta de pacientes de Cl\u00ednica Alemana celebra 25 a\u00f1os"},"content":{"rendered":"\n<div class=\"wp-block-image\"><figure class=\"alignright size-large is-resized\"><img loading=\"lazy\" decoding=\"async\" src=\"https:\/\/medicina.udd.cl\/fonoaudiologia-santiago\/files\/2020\/09\/PacientesVideoFono.jpg\" alt=\"\" class=\"wp-image-5022\" width=\"476\" height=\"268\" srcset=\"https:\/\/medicina.udd.cl\/fonoaudiologia-santiago\/files\/2020\/09\/PacientesVideoFono.jpg 634w, https:\/\/medicina.udd.cl\/fonoaudiologia-santiago\/files\/2020\/09\/PacientesVideoFono-300x169.jpg 300w\" sizes=\"auto, (max-width: 476px) 100vw, 476px\" \/><\/figure><\/div>\n\n\n\n<p>Desde hace 25 a\u00f1os que se realiza la \u201cFiesta de pacientes\u201d de Cl\u00ednica Alemana, actividad anual donde se dan cita personas que han pasado por situaciones complicadas de salud (UCI) para contar sus experiencias de tratamiento y recuperaci\u00f3n.<\/p>\n\n\n\n<p>En este contexto, el 29 de agosto la\u00a0Cl\u00ednica Alemana junto a la Facultad de Medicina de la Universidad del Desarrollo lanzaron el video conmemorativo \u00ab25 a\u00f1os de la Fiesta de Pacientes\u00bb, que durante 30 minutos revive estos 25 a\u00f1os de emotivos encuentros e \u00abHistorias de Esperanzas\u00bb, contadas por los propios protagonistas\u2013pacientes, familiares, profesionales de Cl\u00ednica Alemana, autoridades UDD, profesores y estudiantes de la Facultad de Medicina de la Universidad del Desarrollo.<\/p>\n\n\n\n<p>La actividad comenz\u00f3 con emotivas palabras del Dr. Arnold Hoppe y la Flga. Mar\u00eda Ang\u00e9lica L\u00f3pez, organizadores de la actividad que posteriormente presentaron el video. El Decano de la Facultad de Medicina, Dr. Ricardo Ronco, destac\u00f3 en el video que estas personas son \u201ch\u00e9roes\u201d y deben servir de inspiraci\u00f3n para todos y en especial a los alumnos para reforzar su vocaci\u00f3n ya que muestra la realidad de los problemas de salud.<\/p>\n\n\n\n<p>Por su parte, la actividad culmin\u00f3 con una reflexi\u00f3n del Rector de la Universidad del Desarrollo, Federico Vald\u00e9s.<\/p>\n\n\n\n<p>\u201cQuiero agradecer a todas las personas que hicieron posible realizar esta fiesta durante todos estos a\u00f1os, porque generaron una gran cantidad de oportunidades de sanaci\u00f3n, crecimiento y aprendizaje para muchos. Este video muestra lo significativo que fue este encuentro durante 25 a\u00f1os. Me llena de mucho orgullo y satisfacci\u00f3n ver que desde la Universidad, desde su Facultad de Medicina, generemos estas instancias tan significativas. Esto va a pasar a ser una leyenda para contarles a nuestros actuales y futuros alumnos\u201d, se\u00f1al\u00f3 el Rector UDD, Federico Vald\u00e9s.<\/p>\n\n\n\n<p>Para la directora de la carrera de Fonoaudiolog\u00eda UDD, Mar\u00eda Ang\u00e9lica L\u00f3pez este video es una invitaci\u00f3n a confirmar la decisi\u00f3n de elegir una carrera del \u00e1rea de la salud, destacando la gran motivaci\u00f3n y realizaci\u00f3n personal al trabajar en el \u00e1rea&nbsp; de la neurorehabilitaci\u00f3n.<\/p>\n\n\n\n<p>Puedes ver aqu\u00ed el <a href=\"https:\/\/www.youtube.com\/watch?v=UR0h-Ktig48&amp;feature=youtu.be\">video conmemorativo de los \u00ab25 a\u00f1os de la Fiesta de Pacientes\u00bb de Cl\u00ednica Alemana y la Facultad de Medicina de la Universidad del Desarrollo<\/a>.<\/p>\n","protected":false},"excerpt":{"rendered":"<p>Desde hace 25 a\u00f1os que se realiza la \u201cFiesta de pacientes\u201d de Cl\u00ednica Alemana, actividad anual donde se dan cita personas que han pasado por situaciones complicadas de salud (UCI) para contar sus experiencias de tratamiento y recuperaci\u00f3n. En este contexto, el 29 de agosto la\u00a0Cl\u00ednica Alemana junto a la Facultad de Medicina de la [&hellip;]<\/p>\n","protected":false},"author":9192219,"featured_media":5022,"comment_status":"open","ping_status":"open","sticky":false,"template":"","format":"standard","meta":{"footnotes":""},"categories":[4],"tags":[],"class_list":["post-5021","post","type-post","status-publish","format-standard","has-post-thumbnail","hentry","category-noticias"],"yoast_head":"<!-- This site is optimized with the Yoast SEO plugin v26.9 - https:\/\/yoast.com\/product\/yoast-seo-wordpress\/ -->\n<title>Fiesta de pacientes de Cl\u00ednica Alemana celebra 25 a\u00f1os - Fonoaudiolog\u00eda<\/title>\n<meta name=\"robots\" content=\"index, follow, max-snippet:-1, max-image-preview:large, max-video-preview:-1\" \/>\n<link rel=\"canonical\" href=\"https:\/\/medicina.udd.cl\/fonoaudiologia-santiago\/noticias\/2020\/09\/02\/fiesta-de-pacientes-de-clinica-alemana-celebra-25-anos\/\" \/>\n<meta property=\"og:locale\" content=\"es_ES\" \/>\n<meta property=\"og:type\" content=\"article\" \/>\n<meta property=\"og:title\" content=\"Fiesta de pacientes de Cl\u00ednica Alemana celebra 25 a\u00f1os - Fonoaudiolog\u00eda\" \/>\n<meta property=\"og:description\" content=\"Desde hace 25 a\u00f1os que se realiza la \u201cFiesta de pacientes\u201d de Cl\u00ednica Alemana, actividad anual donde se dan cita personas que han pasado por situaciones complicadas de salud (UCI) para contar sus experiencias de tratamiento y recuperaci\u00f3n. En este contexto, el 29 de agosto la\u00a0Cl\u00ednica Alemana junto a la Facultad de Medicina de la [&hellip;]\" \/>\n<meta property=\"og:url\" content=\"https:\/\/medicina.udd.cl\/fonoaudiologia-santiago\/noticias\/2020\/09\/02\/fiesta-de-pacientes-de-clinica-alemana-celebra-25-anos\/\" \/>\n<meta property=\"og:site_name\" content=\"Fonoaudiolog\u00eda\" \/>\n<meta property=\"article:published_time\" content=\"2020-09-02T18:01:47+00:00\" \/>\n<meta property=\"article:modified_time\" content=\"2020-09-02T18:01:48+00:00\" \/>\n<meta property=\"og:image\" content=\"https:\/\/medicina.udd.cl\/fonoaudiologia-santiago\/files\/2020\/09\/PacientesVideoFono.jpg\" \/>\n\t<meta property=\"og:image:width\" content=\"634\" \/>\n\t<meta property=\"og:image:height\" content=\"357\" \/>\n\t<meta property=\"og:image:type\" content=\"image\/jpeg\" \/>\n<meta name=\"author\" content=\"rbraidy\" \/>\n<meta name=\"twitter:label1\" content=\"Escrito por\" \/>\n\t<meta name=\"twitter:data1\" content=\"rbraidy\" \/>\n\t<meta name=\"twitter:label2\" content=\"Tiempo de lectura\" \/>\n\t<meta name=\"twitter:data2\" content=\"2 minutos\" \/>\n<script type=\"application\/ld+json\" class=\"yoast-schema-graph\">{\"@context\":\"https:\/\/schema.org\",\"@graph\":[{\"@type\":\"Article\",\"@id\":\"https:\/\/medicina.udd.cl\/fonoaudiologia-santiago\/noticias\/2020\/09\/02\/fiesta-de-pacientes-de-clinica-alemana-celebra-25-anos\/#article\",\"isPartOf\":{\"@id\":\"https:\/\/medicina.udd.cl\/fonoaudiologia-santiago\/noticias\/2020\/09\/02\/fiesta-de-pacientes-de-clinica-alemana-celebra-25-anos\/\"},\"author\":{\"name\":\"rbraidy\",\"@id\":\"https:\/\/medicina.udd.cl\/fonoaudiologia-santiago\/#\/schema\/person\/dbc3705bf3a93e8be1ba6de0ef950341\"},\"headline\":\"Fiesta de pacientes de Cl\u00ednica Alemana celebra 25 a\u00f1os\",\"datePublished\":\"2020-09-02T18:01:47+00:00\",\"dateModified\":\"2020-09-02T18:01:48+00:00\",\"mainEntityOfPage\":{\"@id\":\"https:\/\/medicina.udd.cl\/fonoaudiologia-santiago\/noticias\/2020\/09\/02\/fiesta-de-pacientes-de-clinica-alemana-celebra-25-anos\/\"},\"wordCount\":395,\"commentCount\":0,\"image\":{\"@id\":\"https:\/\/medicina.udd.cl\/fonoaudiologia-santiago\/noticias\/2020\/09\/02\/fiesta-de-pacientes-de-clinica-alemana-celebra-25-anos\/#primaryimage\"},\"thumbnailUrl\":\"https:\/\/medicina.udd.cl\/fonoaudiologia-santiago\/files\/2020\/09\/PacientesVideoFono.jpg\",\"articleSection\":[\"Noticias\"],\"inLanguage\":\"es\",\"potentialAction\":[{\"@type\":\"CommentAction\",\"name\":\"Comment\",\"target\":[\"https:\/\/medicina.udd.cl\/fonoaudiologia-santiago\/noticias\/2020\/09\/02\/fiesta-de-pacientes-de-clinica-alemana-celebra-25-anos\/#respond\"]}]},{\"@type\":\"WebPage\",\"@id\":\"https:\/\/medicina.udd.cl\/fonoaudiologia-santiago\/noticias\/2020\/09\/02\/fiesta-de-pacientes-de-clinica-alemana-celebra-25-anos\/\",\"url\":\"https:\/\/medicina.udd.cl\/fonoaudiologia-santiago\/noticias\/2020\/09\/02\/fiesta-de-pacientes-de-clinica-alemana-celebra-25-anos\/\",\"name\":\"Fiesta de pacientes de Cl\u00ednica Alemana celebra 25 a\u00f1os - Fonoaudiolog\u00eda\",\"isPartOf\":{\"@id\":\"https:\/\/medicina.udd.cl\/fonoaudiologia-santiago\/#website\"},\"primaryImageOfPage\":{\"@id\":\"https:\/\/medicina.udd.cl\/fonoaudiologia-santiago\/noticias\/2020\/09\/02\/fiesta-de-pacientes-de-clinica-alemana-celebra-25-anos\/#primaryimage\"},\"image\":{\"@id\":\"https:\/\/medicina.udd.cl\/fonoaudiologia-santiago\/noticias\/2020\/09\/02\/fiesta-de-pacientes-de-clinica-alemana-celebra-25-anos\/#primaryimage\"},\"thumbnailUrl\":\"https:\/\/medicina.udd.cl\/fonoaudiologia-santiago\/files\/2020\/09\/PacientesVideoFono.jpg\",\"datePublished\":\"2020-09-02T18:01:47+00:00\",\"dateModified\":\"2020-09-02T18:01:48+00:00\",\"author\":{\"@id\":\"https:\/\/medicina.udd.cl\/fonoaudiologia-santiago\/#\/schema\/person\/dbc3705bf3a93e8be1ba6de0ef950341\"},\"breadcrumb\":{\"@id\":\"https:\/\/medicina.udd.cl\/fonoaudiologia-santiago\/noticias\/2020\/09\/02\/fiesta-de-pacientes-de-clinica-alemana-celebra-25-anos\/#breadcrumb\"},\"inLanguage\":\"es\",\"potentialAction\":[{\"@type\":\"ReadAction\",\"target\":[\"https:\/\/medicina.udd.cl\/fonoaudiologia-santiago\/noticias\/2020\/09\/02\/fiesta-de-pacientes-de-clinica-alemana-celebra-25-anos\/\"]}]},{\"@type\":\"ImageObject\",\"inLanguage\":\"es\",\"@id\":\"https:\/\/medicina.udd.cl\/fonoaudiologia-santiago\/noticias\/2020\/09\/02\/fiesta-de-pacientes-de-clinica-alemana-celebra-25-anos\/#primaryimage\",\"url\":\"https:\/\/medicina.udd.cl\/fonoaudiologia-santiago\/files\/2020\/09\/PacientesVideoFono.jpg\",\"contentUrl\":\"https:\/\/medicina.udd.cl\/fonoaudiologia-santiago\/files\/2020\/09\/PacientesVideoFono.jpg\",\"width\":634,\"height\":357},{\"@type\":\"BreadcrumbList\",\"@id\":\"https:\/\/medicina.udd.cl\/fonoaudiologia-santiago\/noticias\/2020\/09\/02\/fiesta-de-pacientes-de-clinica-alemana-celebra-25-anos\/#breadcrumb\",\"itemListElement\":[{\"@type\":\"ListItem\",\"position\":1,\"name\":\"Home\",\"item\":\"https:\/\/medicina.udd.cl\/fonoaudiologia-santiago\/\"},{\"@type\":\"ListItem\",\"position\":2,\"name\":\"Fiesta de pacientes de Cl\u00ednica Alemana celebra 25 a\u00f1os\"}]},{\"@type\":\"WebSite\",\"@id\":\"https:\/\/medicina.udd.cl\/fonoaudiologia-santiago\/#website\",\"url\":\"https:\/\/medicina.udd.cl\/fonoaudiologia-santiago\/\",\"name\":\"Fonoaudiolog\u00eda\",\"description\":\"Facultad de Medicina Cl\u00ednica Alemana Universidad del Desarrollo\",\"inLanguage\":\"es\"},{\"@type\":\"Person\",\"@id\":\"https:\/\/medicina.udd.cl\/fonoaudiologia-santiago\/#\/schema\/person\/dbc3705bf3a93e8be1ba6de0ef950341\",\"name\":\"rbraidy\",\"image\":{\"@type\":\"ImageObject\",\"inLanguage\":\"es\",\"@id\":\"https:\/\/medicina.udd.cl\/fonoaudiologia-santiago\/#\/schema\/person\/image\/\",\"url\":\"https:\/\/secure.gravatar.com\/avatar\/0f8bc94637401590e45d2ce17eb65c274cb8870a219de6177f3f23e63fd8cdf3?s=96&d=mm&r=g\",\"contentUrl\":\"https:\/\/secure.gravatar.com\/avatar\/0f8bc94637401590e45d2ce17eb65c274cb8870a219de6177f3f23e63fd8cdf3?s=96&d=mm&r=g\",\"caption\":\"rbraidy\"},\"url\":\"https:\/\/medicina.udd.cl\/fonoaudiologia-santiago\/noticias\/author\/rbraidy\/\"}]}<\/script>\n<!-- \/ Yoast SEO plugin. -->","yoast_head_json":{"title":"Fiesta de pacientes de Cl\u00ednica Alemana celebra 25 a\u00f1os - Fonoaudiolog\u00eda","robots":{"index":"index","follow":"follow","max-snippet":"max-snippet:-1","max-image-preview":"max-image-preview:large","max-video-preview":"max-video-preview:-1"},"canonical":"https:\/\/medicina.udd.cl\/fonoaudiologia-santiago\/noticias\/2020\/09\/02\/fiesta-de-pacientes-de-clinica-alemana-celebra-25-anos\/","og_locale":"es_ES","og_type":"article","og_title":"Fiesta de pacientes de Cl\u00ednica Alemana celebra 25 a\u00f1os - Fonoaudiolog\u00eda","og_description":"Desde hace 25 a\u00f1os que se realiza la \u201cFiesta de pacientes\u201d de Cl\u00ednica Alemana, actividad anual donde se dan cita personas que han pasado por situaciones complicadas de salud (UCI) para contar sus experiencias de tratamiento y recuperaci\u00f3n. En este contexto, el 29 de agosto la\u00a0Cl\u00ednica Alemana junto a la Facultad de Medicina de la [&hellip;]","og_url":"https:\/\/medicina.udd.cl\/fonoaudiologia-santiago\/noticias\/2020\/09\/02\/fiesta-de-pacientes-de-clinica-alemana-celebra-25-anos\/","og_site_name":"Fonoaudiolog\u00eda","article_published_time":"2020-09-02T18:01:47+00:00","article_modified_time":"2020-09-02T18:01:48+00:00","og_image":[{"width":634,"height":357,"url":"https:\/\/medicina.udd.cl\/fonoaudiologia-santiago\/files\/2020\/09\/PacientesVideoFono.jpg","type":"image\/jpeg"}],"author":"rbraidy","twitter_misc":{"Escrito por":"rbraidy","Tiempo de lectura":"2 minutos"},"schema":{"@context":"https:\/\/schema.org","@graph":[{"@type":"Article","@id":"https:\/\/medicina.udd.cl\/fonoaudiologia-santiago\/noticias\/2020\/09\/02\/fiesta-de-pacientes-de-clinica-alemana-celebra-25-anos\/#article","isPartOf":{"@id":"https:\/\/medicina.udd.cl\/fonoaudiologia-santiago\/noticias\/2020\/09\/02\/fiesta-de-pacientes-de-clinica-alemana-celebra-25-anos\/"},"author":{"name":"rbraidy","@id":"https:\/\/medicina.udd.cl\/fonoaudiologia-santiago\/#\/schema\/person\/dbc3705bf3a93e8be1ba6de0ef950341"},"headline":"Fiesta de pacientes de Cl\u00ednica Alemana celebra 25 a\u00f1os","datePublished":"2020-09-02T18:01:47+00:00","dateModified":"2020-09-02T18:01:48+00:00","mainEntityOfPage":{"@id":"https:\/\/medicina.udd.cl\/fonoaudiologia-santiago\/noticias\/2020\/09\/02\/fiesta-de-pacientes-de-clinica-alemana-celebra-25-anos\/"},"wordCount":395,"commentCount":0,"image":{"@id":"https:\/\/medicina.udd.cl\/fonoaudiologia-santiago\/noticias\/2020\/09\/02\/fiesta-de-pacientes-de-clinica-alemana-celebra-25-anos\/#primaryimage"},"thumbnailUrl":"https:\/\/medicina.udd.cl\/fonoaudiologia-santiago\/files\/2020\/09\/PacientesVideoFono.jpg","articleSection":["Noticias"],"inLanguage":"es","potentialAction":[{"@type":"CommentAction","name":"Comment","target":["https:\/\/medicina.udd.cl\/fonoaudiologia-santiago\/noticias\/2020\/09\/02\/fiesta-de-pacientes-de-clinica-alemana-celebra-25-anos\/#respond"]}]},{"@type":"WebPage","@id":"https:\/\/medicina.udd.cl\/fonoaudiologia-santiago\/noticias\/2020\/09\/02\/fiesta-de-pacientes-de-clinica-alemana-celebra-25-anos\/","url":"https:\/\/medicina.udd.cl\/fonoaudiologia-santiago\/noticias\/2020\/09\/02\/fiesta-de-pacientes-de-clinica-alemana-celebra-25-anos\/","name":"Fiesta de pacientes de Cl\u00ednica Alemana celebra 25 a\u00f1os - Fonoaudiolog\u00eda","isPartOf":{"@id":"https:\/\/medicina.udd.cl\/fonoaudiologia-santiago\/#website"},"primaryImageOfPage":{"@id":"https:\/\/medicina.udd.cl\/fonoaudiologia-santiago\/noticias\/2020\/09\/02\/fiesta-de-pacientes-de-clinica-alemana-celebra-25-anos\/#primaryimage"},"image":{"@id":"https:\/\/medicina.udd.cl\/fonoaudiologia-santiago\/noticias\/2020\/09\/02\/fiesta-de-pacientes-de-clinica-alemana-celebra-25-anos\/#primaryimage"},"thumbnailUrl":"https:\/\/medicina.udd.cl\/fonoaudiologia-santiago\/files\/2020\/09\/PacientesVideoFono.jpg","datePublished":"2020-09-02T18:01:47+00:00","dateModified":"2020-09-02T18:01:48+00:00","author":{"@id":"https:\/\/medicina.udd.cl\/fonoaudiologia-santiago\/#\/schema\/person\/dbc3705bf3a93e8be1ba6de0ef950341"},"breadcrumb":{"@id":"https:\/\/medicina.udd.cl\/fonoaudiologia-santiago\/noticias\/2020\/09\/02\/fiesta-de-pacientes-de-clinica-alemana-celebra-25-anos\/#breadcrumb"},"inLanguage":"es","potentialAction":[{"@type":"ReadAction","target":["https:\/\/medicina.udd.cl\/fonoaudiologia-santiago\/noticias\/2020\/09\/02\/fiesta-de-pacientes-de-clinica-alemana-celebra-25-anos\/"]}]},{"@type":"ImageObject","inLanguage":"es","@id":"https:\/\/medicina.udd.cl\/fonoaudiologia-santiago\/noticias\/2020\/09\/02\/fiesta-de-pacientes-de-clinica-alemana-celebra-25-anos\/#primaryimage","url":"https:\/\/medicina.udd.cl\/fonoaudiologia-santiago\/files\/2020\/09\/PacientesVideoFono.jpg","contentUrl":"https:\/\/medicina.udd.cl\/fonoaudiologia-santiago\/files\/2020\/09\/PacientesVideoFono.jpg","width":634,"height":357},{"@type":"BreadcrumbList","@id":"https:\/\/medicina.udd.cl\/fonoaudiologia-santiago\/noticias\/2020\/09\/02\/fiesta-de-pacientes-de-clinica-alemana-celebra-25-anos\/#breadcrumb","itemListElement":[{"@type":"ListItem","position":1,"name":"Home","item":"https:\/\/medicina.udd.cl\/fonoaudiologia-santiago\/"},{"@type":"ListItem","position":2,"name":"Fiesta de pacientes de Cl\u00ednica Alemana celebra 25 a\u00f1os"}]},{"@type":"WebSite","@id":"https:\/\/medicina.udd.cl\/fonoaudiologia-santiago\/#website","url":"https:\/\/medicina.udd.cl\/fonoaudiologia-santiago\/","name":"Fonoaudiolog\u00eda","description":"Facultad de Medicina Cl\u00ednica Alemana Universidad del Desarrollo","inLanguage":"es"},{"@type":"Person","@id":"https:\/\/medicina.udd.cl\/fonoaudiologia-santiago\/#\/schema\/person\/dbc3705bf3a93e8be1ba6de0ef950341","name":"rbraidy","image":{"@type":"ImageObject","inLanguage":"es","@id":"https:\/\/medicina.udd.cl\/fonoaudiologia-santiago\/#\/schema\/person\/image\/","url":"https:\/\/secure.gravatar.com\/avatar\/0f8bc94637401590e45d2ce17eb65c274cb8870a219de6177f3f23e63fd8cdf3?s=96&d=mm&r=g","contentUrl":"https:\/\/secure.gravatar.com\/avatar\/0f8bc94637401590e45d2ce17eb65c274cb8870a219de6177f3f23e63fd8cdf3?s=96&d=mm&r=g","caption":"rbraidy"},"url":"https:\/\/medicina.udd.cl\/fonoaudiologia-santiago\/noticias\/author\/rbraidy\/"}]}},"featured_image_url":"https:\/\/medicina.udd.cl\/fonoaudiologia-santiago\/files\/2020\/09\/PacientesVideoFono.jpg","_links":{"self":[{"href":"https:\/\/medicina.udd.cl\/fonoaudiologia-santiago\/wp-json\/wp\/v2\/posts\/5021","targetHints":{"allow":["GET"]}}],"collection":[{"href":"https:\/\/medicina.udd.cl\/fonoaudiologia-santiago\/wp-json\/wp\/v2\/posts"}],"about":[{"href":"https:\/\/medicina.udd.cl\/fonoaudiologia-santiago\/wp-json\/wp\/v2\/types\/post"}],"author":[{"embeddable":true,"href":"https:\/\/medicina.udd.cl\/fonoaudiologia-santiago\/wp-json\/wp\/v2\/users\/9192219"}],"replies":[{"embeddable":true,"href":"https:\/\/medicina.udd.cl\/fonoaudiologia-santiago\/wp-json\/wp\/v2\/comments?post=5021"}],"version-history":[{"count":2,"href":"https:\/\/medicina.udd.cl\/fonoaudiologia-santiago\/wp-json\/wp\/v2\/posts\/5021\/revisions"}],"predecessor-version":[{"id":5025,"href":"https:\/\/medicina.udd.cl\/fonoaudiologia-santiago\/wp-json\/wp\/v2\/posts\/5021\/revisions\/5025"}],"wp:featuredmedia":[{"embeddable":true,"href":"https:\/\/medicina.udd.cl\/fonoaudiologia-santiago\/wp-json\/wp\/v2\/media\/5022"}],"wp:attachment":[{"href":"https:\/\/medicina.udd.cl\/fonoaudiologia-santiago\/wp-json\/wp\/v2\/media?parent=5021"}],"wp:term":[{"taxonomy":"category","embeddable":true,"href":"https:\/\/medicina.udd.cl\/fonoaudiologia-santiago\/wp-json\/wp\/v2\/categories?post=5021"},{"taxonomy":"post_tag","embeddable":true,"href":"https:\/\/medicina.udd.cl\/fonoaudiologia-santiago\/wp-json\/wp\/v2\/tags?post=5021"}],"curies":[{"name":"wp","href":"https:\/\/api.w.org\/{rel}","templated":true}]}}