{"id":5074,"date":"2020-11-10T17:54:33","date_gmt":"2020-11-10T20:54:33","guid":{"rendered":"http:\/\/medicina.udd.cl\/fonoaudiologia-santiago\/?p=5074"},"modified":"2020-11-11T09:06:24","modified_gmt":"2020-11-11T12:06:24","slug":"fonoaudiologia-y-kinesiologia-realizan-ceremonia-de-titulacion-bajo-estrictas-medidas-de-seguridad-sanitarias","status":"publish","type":"post","link":"https:\/\/medicina.udd.cl\/fonoaudiologia-santiago\/noticias\/2020\/11\/10\/fonoaudiologia-y-kinesiologia-realizan-ceremonia-de-titulacion-bajo-estrictas-medidas-de-seguridad-sanitarias\/","title":{"rendered":"Fonoaudiolog\u00eda y Kinesiolog\u00eda realizan ceremonia de titulaci\u00f3n bajo estrictas medidas de seguridad sanitarias"},"content":{"rendered":"<div id=\"gallery-1\" class=\"carousel slide carousel-gallery\" data-ride=\"false\" data-interval=\"false\"><div class=\"carousel-inner\" role=\"listbox\"><figure class=\"carousel-item active\"><img loading=\"lazy\" decoding=\"async\" width=\"952\" height=\"534\" src=\"https:\/\/medicina.udd.cl\/fonoaudiologia-santiago\/files\/2020\/11\/IMG-20201109-WA0072-952x534.jpg\" class=\"attachment-landscape_952 size-landscape_952\" alt=\"\" srcset=\"https:\/\/medicina.udd.cl\/fonoaudiologia-santiago\/files\/2020\/11\/IMG-20201109-WA0072-952x534.jpg 952w, https:\/\/medicina.udd.cl\/fonoaudiologia-santiago\/files\/2020\/11\/IMG-20201109-WA0072-680x382.jpg 680w\" sizes=\"auto, (max-width: 952px) 100vw, 952px\" \/><\/figure><figure class=\"carousel-item\"><img loading=\"lazy\" decoding=\"async\" width=\"952\" height=\"534\" src=\"https:\/\/medicina.udd.cl\/fonoaudiologia-santiago\/files\/2020\/11\/IMG-20201109-WA0070-952x534.jpg\" class=\"attachment-landscape_952 size-landscape_952\" alt=\"\" srcset=\"https:\/\/medicina.udd.cl\/fonoaudiologia-santiago\/files\/2020\/11\/IMG-20201109-WA0070-952x534.jpg 952w, https:\/\/medicina.udd.cl\/fonoaudiologia-santiago\/files\/2020\/11\/IMG-20201109-WA0070-680x382.jpg 680w\" sizes=\"auto, (max-width: 952px) 100vw, 952px\" \/><\/figure><figure class=\"carousel-item\"><img loading=\"lazy\" decoding=\"async\" width=\"952\" height=\"534\" src=\"https:\/\/medicina.udd.cl\/fonoaudiologia-santiago\/files\/2020\/11\/IMG_20201109_211509_947-952x534.jpg\" class=\"attachment-landscape_952 size-landscape_952\" alt=\"\" srcset=\"https:\/\/medicina.udd.cl\/fonoaudiologia-santiago\/files\/2020\/11\/IMG_20201109_211509_947-952x534.jpg 952w, https:\/\/medicina.udd.cl\/fonoaudiologia-santiago\/files\/2020\/11\/IMG_20201109_211509_947-680x382.jpg 680w\" sizes=\"auto, (max-width: 952px) 100vw, 952px\" \/><\/figure><figure class=\"carousel-item\"><img loading=\"lazy\" decoding=\"async\" width=\"952\" height=\"534\" src=\"https:\/\/medicina.udd.cl\/fonoaudiologia-santiago\/files\/2020\/11\/IMG_20201109_211509_897-952x534.jpg\" class=\"attachment-landscape_952 size-landscape_952\" alt=\"\" srcset=\"https:\/\/medicina.udd.cl\/fonoaudiologia-santiago\/files\/2020\/11\/IMG_20201109_211509_897-952x534.jpg 952w, https:\/\/medicina.udd.cl\/fonoaudiologia-santiago\/files\/2020\/11\/IMG_20201109_211509_897-680x382.jpg 680w\" sizes=\"auto, (max-width: 952px) 100vw, 952px\" \/><\/figure><figure class=\"carousel-item\"><img loading=\"lazy\" decoding=\"async\" width=\"952\" height=\"534\" src=\"https:\/\/medicina.udd.cl\/fonoaudiologia-santiago\/files\/2020\/11\/IMG-20201109-WA0078-952x534.jpg\" class=\"attachment-landscape_952 size-landscape_952\" alt=\"\" srcset=\"https:\/\/medicina.udd.cl\/fonoaudiologia-santiago\/files\/2020\/11\/IMG-20201109-WA0078-952x534.jpg 952w, https:\/\/medicina.udd.cl\/fonoaudiologia-santiago\/files\/2020\/11\/IMG-20201109-WA0078-680x382.jpg 680w\" sizes=\"auto, (max-width: 952px) 100vw, 952px\" \/><\/figure><figure class=\"carousel-item\"><img loading=\"lazy\" decoding=\"async\" width=\"952\" height=\"534\" src=\"https:\/\/medicina.udd.cl\/fonoaudiologia-santiago\/files\/2020\/11\/IMG-20201109-WA0074-952x534.jpg\" class=\"attachment-landscape_952 size-landscape_952\" alt=\"\" srcset=\"https:\/\/medicina.udd.cl\/fonoaudiologia-santiago\/files\/2020\/11\/IMG-20201109-WA0074-952x534.jpg 952w, https:\/\/medicina.udd.cl\/fonoaudiologia-santiago\/files\/2020\/11\/IMG-20201109-WA0074-680x382.jpg 680w\" sizes=\"auto, (max-width: 952px) 100vw, 952px\" \/><\/figure><figure class=\"carousel-item\"><img loading=\"lazy\" decoding=\"async\" width=\"952\" height=\"534\" src=\"https:\/\/medicina.udd.cl\/fonoaudiologia-santiago\/files\/2020\/11\/IMG-20201109-WA0075-952x534.jpg\" class=\"attachment-landscape_952 size-landscape_952\" alt=\"\" srcset=\"https:\/\/medicina.udd.cl\/fonoaudiologia-santiago\/files\/2020\/11\/IMG-20201109-WA0075-952x534.jpg 952w, https:\/\/medicina.udd.cl\/fonoaudiologia-santiago\/files\/2020\/11\/IMG-20201109-WA0075-680x382.jpg 680w\" sizes=\"auto, (max-width: 952px) 100vw, 952px\" \/><\/figure><figure class=\"carousel-item\"><img loading=\"lazy\" decoding=\"async\" width=\"952\" height=\"534\" src=\"https:\/\/medicina.udd.cl\/fonoaudiologia-santiago\/files\/2020\/11\/IMG_20201109_211509_948-952x534.jpg\" class=\"attachment-landscape_952 size-landscape_952\" alt=\"\" srcset=\"https:\/\/medicina.udd.cl\/fonoaudiologia-santiago\/files\/2020\/11\/IMG_20201109_211509_948-952x534.jpg 952w, https:\/\/medicina.udd.cl\/fonoaudiologia-santiago\/files\/2020\/11\/IMG_20201109_211509_948-680x382.jpg 680w\" sizes=\"auto, (max-width: 952px) 100vw, 952px\" \/><\/figure><figure class=\"carousel-item\"><img loading=\"lazy\" decoding=\"async\" width=\"952\" height=\"534\" src=\"https:\/\/medicina.udd.cl\/fonoaudiologia-santiago\/files\/2020\/11\/IMG-20201109-WA0077-952x534.jpg\" class=\"attachment-landscape_952 size-landscape_952\" alt=\"\" srcset=\"https:\/\/medicina.udd.cl\/fonoaudiologia-santiago\/files\/2020\/11\/IMG-20201109-WA0077-952x534.jpg 952w, https:\/\/medicina.udd.cl\/fonoaudiologia-santiago\/files\/2020\/11\/IMG-20201109-WA0077-680x382.jpg 680w\" sizes=\"auto, (max-width: 952px) 100vw, 952px\" \/><\/figure><figure class=\"carousel-item\"><img loading=\"lazy\" decoding=\"async\" width=\"952\" height=\"534\" src=\"https:\/\/medicina.udd.cl\/fonoaudiologia-santiago\/files\/2020\/11\/IMG-20201109-WA0063-952x534.jpg\" class=\"attachment-landscape_952 size-landscape_952\" alt=\"\" srcset=\"https:\/\/medicina.udd.cl\/fonoaudiologia-santiago\/files\/2020\/11\/IMG-20201109-WA0063-952x534.jpg 952w, https:\/\/medicina.udd.cl\/fonoaudiologia-santiago\/files\/2020\/11\/IMG-20201109-WA0063-680x382.jpg 680w\" sizes=\"auto, (max-width: 952px) 100vw, 952px\" \/><\/figure><figure class=\"carousel-item\"><img loading=\"lazy\" decoding=\"async\" width=\"952\" height=\"534\" src=\"https:\/\/medicina.udd.cl\/fonoaudiologia-santiago\/files\/2020\/11\/IMG-20201109-WA0057-952x534.jpg\" class=\"attachment-landscape_952 size-landscape_952\" alt=\"\" srcset=\"https:\/\/medicina.udd.cl\/fonoaudiologia-santiago\/files\/2020\/11\/IMG-20201109-WA0057-952x534.jpg 952w, https:\/\/medicina.udd.cl\/fonoaudiologia-santiago\/files\/2020\/11\/IMG-20201109-WA0057-680x382.jpg 680w\" sizes=\"auto, (max-width: 952px) 100vw, 952px\" \/><\/figure><figure class=\"carousel-item\"><img loading=\"lazy\" decoding=\"async\" width=\"952\" height=\"534\" src=\"https:\/\/medicina.udd.cl\/fonoaudiologia-santiago\/files\/2020\/11\/IMG_20201109_211509_953-952x534.jpg\" class=\"attachment-landscape_952 size-landscape_952\" alt=\"\" srcset=\"https:\/\/medicina.udd.cl\/fonoaudiologia-santiago\/files\/2020\/11\/IMG_20201109_211509_953-952x534.jpg 952w, https:\/\/medicina.udd.cl\/fonoaudiologia-santiago\/files\/2020\/11\/IMG_20201109_211509_953-680x382.jpg 680w\" sizes=\"auto, (max-width: 952px) 100vw, 952px\" \/><\/figure><figure class=\"carousel-item\"><img loading=\"lazy\" decoding=\"async\" width=\"952\" height=\"534\" src=\"https:\/\/medicina.udd.cl\/fonoaudiologia-santiago\/files\/2020\/11\/IMG_0350-952x534.jpg\" class=\"attachment-landscape_952 size-landscape_952\" alt=\"\" srcset=\"https:\/\/medicina.udd.cl\/fonoaudiologia-santiago\/files\/2020\/11\/IMG_0350-952x534.jpg 952w, https:\/\/medicina.udd.cl\/fonoaudiologia-santiago\/files\/2020\/11\/IMG_0350-1366x768.jpg 1366w, https:\/\/medicina.udd.cl\/fonoaudiologia-santiago\/files\/2020\/11\/IMG_0350-680x382.jpg 680w\" sizes=\"auto, (max-width: 952px) 100vw, 952px\" \/><\/figure><figure class=\"carousel-item\"><img loading=\"lazy\" decoding=\"async\" width=\"952\" height=\"534\" src=\"https:\/\/medicina.udd.cl\/fonoaudiologia-santiago\/files\/2020\/11\/IMG_0377-952x534.jpg\" class=\"attachment-landscape_952 size-landscape_952\" alt=\"\" srcset=\"https:\/\/medicina.udd.cl\/fonoaudiologia-santiago\/files\/2020\/11\/IMG_0377-952x534.jpg 952w, https:\/\/medicina.udd.cl\/fonoaudiologia-santiago\/files\/2020\/11\/IMG_0377-1366x768.jpg 1366w, https:\/\/medicina.udd.cl\/fonoaudiologia-santiago\/files\/2020\/11\/IMG_0377-680x382.jpg 680w\" sizes=\"auto, (max-width: 952px) 100vw, 952px\" \/><\/figure><figure class=\"carousel-item\"><img loading=\"lazy\" decoding=\"async\" width=\"952\" height=\"534\" src=\"https:\/\/medicina.udd.cl\/fonoaudiologia-santiago\/files\/2020\/11\/IMG_0382-952x534.jpg\" class=\"attachment-landscape_952 size-landscape_952\" alt=\"\" srcset=\"https:\/\/medicina.udd.cl\/fonoaudiologia-santiago\/files\/2020\/11\/IMG_0382-952x534.jpg 952w, https:\/\/medicina.udd.cl\/fonoaudiologia-santiago\/files\/2020\/11\/IMG_0382-1366x768.jpg 1366w, https:\/\/medicina.udd.cl\/fonoaudiologia-santiago\/files\/2020\/11\/IMG_0382-680x382.jpg 680w\" sizes=\"auto, (max-width: 952px) 100vw, 952px\" \/><\/figure><figure class=\"carousel-item\"><img loading=\"lazy\" decoding=\"async\" width=\"952\" height=\"534\" src=\"https:\/\/medicina.udd.cl\/fonoaudiologia-santiago\/files\/2020\/11\/IMG_0403-952x534.jpg\" class=\"attachment-landscape_952 size-landscape_952\" alt=\"\" srcset=\"https:\/\/medicina.udd.cl\/fonoaudiologia-santiago\/files\/2020\/11\/IMG_0403-952x534.jpg 952w, https:\/\/medicina.udd.cl\/fonoaudiologia-santiago\/files\/2020\/11\/IMG_0403-1366x768.jpg 1366w, https:\/\/medicina.udd.cl\/fonoaudiologia-santiago\/files\/2020\/11\/IMG_0403-680x382.jpg 680w\" sizes=\"auto, (max-width: 952px) 100vw, 952px\" \/><\/figure><figure class=\"carousel-item\"><img loading=\"lazy\" decoding=\"async\" width=\"952\" height=\"534\" src=\"https:\/\/medicina.udd.cl\/fonoaudiologia-santiago\/files\/2020\/11\/IMG_0412-952x534.jpg\" class=\"attachment-landscape_952 size-landscape_952\" alt=\"\" srcset=\"https:\/\/medicina.udd.cl\/fonoaudiologia-santiago\/files\/2020\/11\/IMG_0412-952x534.jpg 952w, https:\/\/medicina.udd.cl\/fonoaudiologia-santiago\/files\/2020\/11\/IMG_0412-1366x768.jpg 1366w, https:\/\/medicina.udd.cl\/fonoaudiologia-santiago\/files\/2020\/11\/IMG_0412-680x382.jpg 680w\" sizes=\"auto, (max-width: 952px) 100vw, 952px\" \/><\/figure><figure class=\"carousel-item\"><img loading=\"lazy\" decoding=\"async\" width=\"952\" height=\"534\" src=\"https:\/\/medicina.udd.cl\/fonoaudiologia-santiago\/files\/2020\/11\/IMG_0431-952x534.jpg\" class=\"attachment-landscape_952 size-landscape_952\" alt=\"\" srcset=\"https:\/\/medicina.udd.cl\/fonoaudiologia-santiago\/files\/2020\/11\/IMG_0431-952x534.jpg 952w, https:\/\/medicina.udd.cl\/fonoaudiologia-santiago\/files\/2020\/11\/IMG_0431-1366x768.jpg 1366w, https:\/\/medicina.udd.cl\/fonoaudiologia-santiago\/files\/2020\/11\/IMG_0431-680x382.jpg 680w\" sizes=\"auto, (max-width: 952px) 100vw, 952px\" \/><\/figure><figure class=\"carousel-item\"><img loading=\"lazy\" decoding=\"async\" width=\"952\" height=\"534\" src=\"https:\/\/medicina.udd.cl\/fonoaudiologia-santiago\/files\/2020\/11\/IMG_0440-952x534.jpg\" class=\"attachment-landscape_952 size-landscape_952\" alt=\"\" srcset=\"https:\/\/medicina.udd.cl\/fonoaudiologia-santiago\/files\/2020\/11\/IMG_0440-952x534.jpg 952w, https:\/\/medicina.udd.cl\/fonoaudiologia-santiago\/files\/2020\/11\/IMG_0440-1366x768.jpg 1366w, https:\/\/medicina.udd.cl\/fonoaudiologia-santiago\/files\/2020\/11\/IMG_0440-680x382.jpg 680w\" sizes=\"auto, (max-width: 952px) 100vw, 952px\" \/><\/figure><figure class=\"carousel-item\"><img loading=\"lazy\" decoding=\"async\" width=\"952\" height=\"534\" src=\"https:\/\/medicina.udd.cl\/fonoaudiologia-santiago\/files\/2020\/11\/IMG_0659-952x534.jpg\" class=\"attachment-landscape_952 size-landscape_952\" alt=\"\" srcset=\"https:\/\/medicina.udd.cl\/fonoaudiologia-santiago\/files\/2020\/11\/IMG_0659-952x534.jpg 952w, https:\/\/medicina.udd.cl\/fonoaudiologia-santiago\/files\/2020\/11\/IMG_0659-1366x768.jpg 1366w, https:\/\/medicina.udd.cl\/fonoaudiologia-santiago\/files\/2020\/11\/IMG_0659-680x382.jpg 680w\" sizes=\"auto, (max-width: 952px) 100vw, 952px\" \/><\/figure><\/div><footer class=\"carousel-footer\"><div class=\"carousel-counter\"><span class=\"carousel-counter-current\"><\/span> \/ <span class=\"carousel-counter-total\"><\/span><\/div><a class=\"carousel-control-prev\" href=\"#gallery-1\" role=\"button\" data-slide=\"prev\"><svg aria-hidden=\"true\" class=\"svg-chevron-left-dims\"><use xlink:href='https:\/\/medicina.udd.cl\/fonoaudiologia-santiago\/wp-content\/themes\/facultades-2018\/assets\/img\/svg\/dist\/main.svg?version=1695853099#chevron-left'><\/use><\/svg><span class=\"sr-only\">Anterior<\/span><\/a><a class=\"carousel-control-next\" href=\"#gallery-1\" role=\"button\" data-slide=\"next\"><svg aria-hidden=\"true\" class=\"svg-chevron-right-dims\"><use xlink:href='https:\/\/medicina.udd.cl\/fonoaudiologia-santiago\/wp-content\/themes\/facultades-2018\/assets\/img\/svg\/dist\/main.svg?version=1695853099#chevron-right'><\/use><\/svg><span class=\"sr-only\">Siguiente<\/span><\/a><\/footer><\/div>\n\n\n<p>Bajo estrictas medidas de seguridad sanitarias -incluyendo mascarillas y escudos faciales-, se llevaron a cabo este lunes 9 de noviembre, las ceremonias de titulaci\u00f3n de las carreras de Fonoaudiolog\u00eda y Kinesiolog\u00eda, generaci\u00f3n 2019, de la Facultad de Medicina Cl\u00ednica Alemana Universidad del Desarrollo.<\/p>\n\n\n\n<p>Un total de 58 alumnos, 29 por carrera, pudieron compartir este momento junto a sus familias, compa\u00f1eros, profesores y autoridades.<\/p>\n\n\n\n<p>En las ceremonias estuvieron presentes el Rector de la UDD, Federico Vald\u00e9s Lafontaine, el presidente de la Corporaci\u00f3n Chileno Alemana de Beneficencia (CCAB), Christian Sturms Stein, el Decano de la Facultad de Medicina, Dr. Ricardo Ronco Macchiavello y los directores de las carreras de Fonoaudiolog\u00eda y Kinesiolog\u00eda, Flga. Mar\u00eda Ang\u00e9lica L\u00f3pez O\u00f1att y el Klgo. Jorge Molina Blamey, respectivamente.<\/p>\n\n\n\n<p>\u201cEra necesario realizar estas ceremonias con todo el protocolo de seguridad sanitaria, pues el a\u00f1o ha sido especialmente duro para los alumnos nuevos y quienes no han podido vivir todos los hitos de su \u00faltimo a\u00f1o (\u2026). Sabemos que esto es algo que los ten\u00eda preocupados y ansiosos, y por eso estamos muy contentos de poder darles la oportunidad de compartir este momento tan especial en sus vidas\u201d, se\u00f1al\u00f3 el Rector Vald\u00e9s.<\/p>\n\n\n\n<p>Cabe destacar que por la carrera de Fonoaudiolog\u00eda, Yasna Inostroza fue elegida la Mejor Alumna de la Generaci\u00f3n 2019; mientras que por Kinesiolog\u00eda, la distinguida fue Josefina Tapia Calabrese.<\/p>\n\n\n\n<p>Es de resaltar que, estas ceremonias de titulaci\u00f3n, son las primeras que se realizan en Chile bajo esta modalidad, adaptadas a la pandemia.<\/p>\n","protected":false},"excerpt":{"rendered":"<p>Bajo estrictas medidas de seguridad sanitarias -incluyendo mascarillas y escudos faciales-, se llevaron a cabo este lunes 9 de noviembre, las ceremonias de titulaci\u00f3n de las carreras de Fonoaudiolog\u00eda y Kinesiolog\u00eda, generaci\u00f3n 2019, de la Facultad de Medicina Cl\u00ednica Alemana Universidad del Desarrollo. Un total de 58 alumnos, 29 por carrera, pudieron compartir este momento [&hellip;]<\/p>\n","protected":false},"author":9192219,"featured_media":5066,"comment_status":"open","ping_status":"open","sticky":false,"template":"","format":"standard","meta":{"footnotes":""},"categories":[4],"tags":[],"class_list":["post-5074","post","type-post","status-publish","format-standard","has-post-thumbnail","hentry","category-noticias"],"yoast_head":"<!-- This site is optimized with the Yoast SEO plugin v26.9 - https:\/\/yoast.com\/product\/yoast-seo-wordpress\/ -->\n<title>Fonoaudiolog\u00eda y Kinesiolog\u00eda realizan ceremonia de titulaci\u00f3n bajo estrictas medidas de seguridad sanitarias - Fonoaudiolog\u00eda<\/title>\n<meta name=\"robots\" content=\"index, follow, max-snippet:-1, max-image-preview:large, max-video-preview:-1\" \/>\n<link rel=\"canonical\" href=\"https:\/\/medicina.udd.cl\/fonoaudiologia-santiago\/noticias\/2020\/11\/10\/fonoaudiologia-y-kinesiologia-realizan-ceremonia-de-titulacion-bajo-estrictas-medidas-de-seguridad-sanitarias\/\" \/>\n<meta property=\"og:locale\" content=\"es_ES\" \/>\n<meta property=\"og:type\" content=\"article\" \/>\n<meta property=\"og:title\" content=\"Fonoaudiolog\u00eda y Kinesiolog\u00eda realizan ceremonia de titulaci\u00f3n bajo estrictas medidas de seguridad sanitarias - Fonoaudiolog\u00eda\" \/>\n<meta property=\"og:description\" content=\"Bajo estrictas medidas de seguridad sanitarias -incluyendo mascarillas y escudos faciales-, se llevaron a cabo este lunes 9 de noviembre, las ceremonias de titulaci\u00f3n de las carreras de Fonoaudiolog\u00eda y Kinesiolog\u00eda, generaci\u00f3n 2019, de la Facultad de Medicina Cl\u00ednica Alemana Universidad del Desarrollo. Un total de 58 alumnos, 29 por carrera, pudieron compartir este momento [&hellip;]\" \/>\n<meta property=\"og:url\" content=\"https:\/\/medicina.udd.cl\/fonoaudiologia-santiago\/noticias\/2020\/11\/10\/fonoaudiologia-y-kinesiologia-realizan-ceremonia-de-titulacion-bajo-estrictas-medidas-de-seguridad-sanitarias\/\" \/>\n<meta property=\"og:site_name\" content=\"Fonoaudiolog\u00eda\" \/>\n<meta property=\"article:published_time\" content=\"2020-11-10T20:54:33+00:00\" \/>\n<meta property=\"article:modified_time\" content=\"2020-11-11T12:06:24+00:00\" \/>\n<meta property=\"og:image\" content=\"https:\/\/medicina.udd.cl\/fonoaudiologia-santiago\/files\/2020\/11\/IMG-20201109-WA0072.jpg\" \/>\n\t<meta property=\"og:image:width\" content=\"1280\" \/>\n\t<meta property=\"og:image:height\" content=\"853\" \/>\n\t<meta property=\"og:image:type\" content=\"image\/jpeg\" \/>\n<meta name=\"author\" content=\"rbraidy\" \/>\n<meta name=\"twitter:label1\" content=\"Escrito por\" \/>\n\t<meta name=\"twitter:data1\" content=\"rbraidy\" \/>\n\t<meta name=\"twitter:label2\" content=\"Tiempo de lectura\" \/>\n\t<meta name=\"twitter:data2\" content=\"1 minuto\" \/>\n<script type=\"application\/ld+json\" class=\"yoast-schema-graph\">{\"@context\":\"https:\/\/schema.org\",\"@graph\":[{\"@type\":\"Article\",\"@id\":\"https:\/\/medicina.udd.cl\/fonoaudiologia-santiago\/noticias\/2020\/11\/10\/fonoaudiologia-y-kinesiologia-realizan-ceremonia-de-titulacion-bajo-estrictas-medidas-de-seguridad-sanitarias\/#article\",\"isPartOf\":{\"@id\":\"https:\/\/medicina.udd.cl\/fonoaudiologia-santiago\/noticias\/2020\/11\/10\/fonoaudiologia-y-kinesiologia-realizan-ceremonia-de-titulacion-bajo-estrictas-medidas-de-seguridad-sanitarias\/\"},\"author\":{\"name\":\"rbraidy\",\"@id\":\"https:\/\/medicina.udd.cl\/fonoaudiologia-santiago\/#\/schema\/person\/dbc3705bf3a93e8be1ba6de0ef950341\"},\"headline\":\"Fonoaudiolog\u00eda y Kinesiolog\u00eda realizan ceremonia de titulaci\u00f3n bajo estrictas medidas de seguridad sanitarias\",\"datePublished\":\"2020-11-10T20:54:33+00:00\",\"dateModified\":\"2020-11-11T12:06:24+00:00\",\"mainEntityOfPage\":{\"@id\":\"https:\/\/medicina.udd.cl\/fonoaudiologia-santiago\/noticias\/2020\/11\/10\/fonoaudiologia-y-kinesiologia-realizan-ceremonia-de-titulacion-bajo-estrictas-medidas-de-seguridad-sanitarias\/\"},\"wordCount\":281,\"commentCount\":0,\"image\":{\"@id\":\"https:\/\/medicina.udd.cl\/fonoaudiologia-santiago\/noticias\/2020\/11\/10\/fonoaudiologia-y-kinesiologia-realizan-ceremonia-de-titulacion-bajo-estrictas-medidas-de-seguridad-sanitarias\/#primaryimage\"},\"thumbnailUrl\":\"https:\/\/medicina.udd.cl\/fonoaudiologia-santiago\/files\/2020\/11\/IMG-20201109-WA0072.jpg\",\"articleSection\":[\"Noticias\"],\"inLanguage\":\"es\",\"potentialAction\":[{\"@type\":\"CommentAction\",\"name\":\"Comment\",\"target\":[\"https:\/\/medicina.udd.cl\/fonoaudiologia-santiago\/noticias\/2020\/11\/10\/fonoaudiologia-y-kinesiologia-realizan-ceremonia-de-titulacion-bajo-estrictas-medidas-de-seguridad-sanitarias\/#respond\"]}]},{\"@type\":\"WebPage\",\"@id\":\"https:\/\/medicina.udd.cl\/fonoaudiologia-santiago\/noticias\/2020\/11\/10\/fonoaudiologia-y-kinesiologia-realizan-ceremonia-de-titulacion-bajo-estrictas-medidas-de-seguridad-sanitarias\/\",\"url\":\"https:\/\/medicina.udd.cl\/fonoaudiologia-santiago\/noticias\/2020\/11\/10\/fonoaudiologia-y-kinesiologia-realizan-ceremonia-de-titulacion-bajo-estrictas-medidas-de-seguridad-sanitarias\/\",\"name\":\"Fonoaudiolog\u00eda y Kinesiolog\u00eda realizan ceremonia de titulaci\u00f3n bajo estrictas medidas de seguridad sanitarias - Fonoaudiolog\u00eda\",\"isPartOf\":{\"@id\":\"https:\/\/medicina.udd.cl\/fonoaudiologia-santiago\/#website\"},\"primaryImageOfPage\":{\"@id\":\"https:\/\/medicina.udd.cl\/fonoaudiologia-santiago\/noticias\/2020\/11\/10\/fonoaudiologia-y-kinesiologia-realizan-ceremonia-de-titulacion-bajo-estrictas-medidas-de-seguridad-sanitarias\/#primaryimage\"},\"image\":{\"@id\":\"https:\/\/medicina.udd.cl\/fonoaudiologia-santiago\/noticias\/2020\/11\/10\/fonoaudiologia-y-kinesiologia-realizan-ceremonia-de-titulacion-bajo-estrictas-medidas-de-seguridad-sanitarias\/#primaryimage\"},\"thumbnailUrl\":\"https:\/\/medicina.udd.cl\/fonoaudiologia-santiago\/files\/2020\/11\/IMG-20201109-WA0072.jpg\",\"datePublished\":\"2020-11-10T20:54:33+00:00\",\"dateModified\":\"2020-11-11T12:06:24+00:00\",\"author\":{\"@id\":\"https:\/\/medicina.udd.cl\/fonoaudiologia-santiago\/#\/schema\/person\/dbc3705bf3a93e8be1ba6de0ef950341\"},\"breadcrumb\":{\"@id\":\"https:\/\/medicina.udd.cl\/fonoaudiologia-santiago\/noticias\/2020\/11\/10\/fonoaudiologia-y-kinesiologia-realizan-ceremonia-de-titulacion-bajo-estrictas-medidas-de-seguridad-sanitarias\/#breadcrumb\"},\"inLanguage\":\"es\",\"potentialAction\":[{\"@type\":\"ReadAction\",\"target\":[\"https:\/\/medicina.udd.cl\/fonoaudiologia-santiago\/noticias\/2020\/11\/10\/fonoaudiologia-y-kinesiologia-realizan-ceremonia-de-titulacion-bajo-estrictas-medidas-de-seguridad-sanitarias\/\"]}]},{\"@type\":\"ImageObject\",\"inLanguage\":\"es\",\"@id\":\"https:\/\/medicina.udd.cl\/fonoaudiologia-santiago\/noticias\/2020\/11\/10\/fonoaudiologia-y-kinesiologia-realizan-ceremonia-de-titulacion-bajo-estrictas-medidas-de-seguridad-sanitarias\/#primaryimage\",\"url\":\"https:\/\/medicina.udd.cl\/fonoaudiologia-santiago\/files\/2020\/11\/IMG-20201109-WA0072.jpg\",\"contentUrl\":\"https:\/\/medicina.udd.cl\/fonoaudiologia-santiago\/files\/2020\/11\/IMG-20201109-WA0072.jpg\",\"width\":1280,\"height\":853},{\"@type\":\"BreadcrumbList\",\"@id\":\"https:\/\/medicina.udd.cl\/fonoaudiologia-santiago\/noticias\/2020\/11\/10\/fonoaudiologia-y-kinesiologia-realizan-ceremonia-de-titulacion-bajo-estrictas-medidas-de-seguridad-sanitarias\/#breadcrumb\",\"itemListElement\":[{\"@type\":\"ListItem\",\"position\":1,\"name\":\"Home\",\"item\":\"https:\/\/medicina.udd.cl\/fonoaudiologia-santiago\/\"},{\"@type\":\"ListItem\",\"position\":2,\"name\":\"Fonoaudiolog\u00eda y Kinesiolog\u00eda realizan ceremonia de titulaci\u00f3n bajo estrictas medidas de seguridad sanitarias\"}]},{\"@type\":\"WebSite\",\"@id\":\"https:\/\/medicina.udd.cl\/fonoaudiologia-santiago\/#website\",\"url\":\"https:\/\/medicina.udd.cl\/fonoaudiologia-santiago\/\",\"name\":\"Fonoaudiolog\u00eda\",\"description\":\"Facultad de Medicina Cl\u00ednica Alemana Universidad del Desarrollo\",\"inLanguage\":\"es\"},{\"@type\":\"Person\",\"@id\":\"https:\/\/medicina.udd.cl\/fonoaudiologia-santiago\/#\/schema\/person\/dbc3705bf3a93e8be1ba6de0ef950341\",\"name\":\"rbraidy\",\"image\":{\"@type\":\"ImageObject\",\"inLanguage\":\"es\",\"@id\":\"https:\/\/medicina.udd.cl\/fonoaudiologia-santiago\/#\/schema\/person\/image\/\",\"url\":\"https:\/\/secure.gravatar.com\/avatar\/0f8bc94637401590e45d2ce17eb65c274cb8870a219de6177f3f23e63fd8cdf3?s=96&d=mm&r=g\",\"contentUrl\":\"https:\/\/secure.gravatar.com\/avatar\/0f8bc94637401590e45d2ce17eb65c274cb8870a219de6177f3f23e63fd8cdf3?s=96&d=mm&r=g\",\"caption\":\"rbraidy\"},\"url\":\"https:\/\/medicina.udd.cl\/fonoaudiologia-santiago\/noticias\/author\/rbraidy\/\"}]}<\/script>\n<!-- \/ Yoast SEO plugin. -->","yoast_head_json":{"title":"Fonoaudiolog\u00eda y Kinesiolog\u00eda realizan ceremonia de titulaci\u00f3n bajo estrictas medidas de seguridad sanitarias - Fonoaudiolog\u00eda","robots":{"index":"index","follow":"follow","max-snippet":"max-snippet:-1","max-image-preview":"max-image-preview:large","max-video-preview":"max-video-preview:-1"},"canonical":"https:\/\/medicina.udd.cl\/fonoaudiologia-santiago\/noticias\/2020\/11\/10\/fonoaudiologia-y-kinesiologia-realizan-ceremonia-de-titulacion-bajo-estrictas-medidas-de-seguridad-sanitarias\/","og_locale":"es_ES","og_type":"article","og_title":"Fonoaudiolog\u00eda y Kinesiolog\u00eda realizan ceremonia de titulaci\u00f3n bajo estrictas medidas de seguridad sanitarias - Fonoaudiolog\u00eda","og_description":"Bajo estrictas medidas de seguridad sanitarias -incluyendo mascarillas y escudos faciales-, se llevaron a cabo este lunes 9 de noviembre, las ceremonias de titulaci\u00f3n de las carreras de Fonoaudiolog\u00eda y Kinesiolog\u00eda, generaci\u00f3n 2019, de la Facultad de Medicina Cl\u00ednica Alemana Universidad del Desarrollo. Un total de 58 alumnos, 29 por carrera, pudieron compartir este momento [&hellip;]","og_url":"https:\/\/medicina.udd.cl\/fonoaudiologia-santiago\/noticias\/2020\/11\/10\/fonoaudiologia-y-kinesiologia-realizan-ceremonia-de-titulacion-bajo-estrictas-medidas-de-seguridad-sanitarias\/","og_site_name":"Fonoaudiolog\u00eda","article_published_time":"2020-11-10T20:54:33+00:00","article_modified_time":"2020-11-11T12:06:24+00:00","og_image":[{"width":1280,"height":853,"url":"https:\/\/medicina.udd.cl\/fonoaudiologia-santiago\/files\/2020\/11\/IMG-20201109-WA0072.jpg","type":"image\/jpeg"}],"author":"rbraidy","twitter_misc":{"Escrito por":"rbraidy","Tiempo de lectura":"1 minuto"},"schema":{"@context":"https:\/\/schema.org","@graph":[{"@type":"Article","@id":"https:\/\/medicina.udd.cl\/fonoaudiologia-santiago\/noticias\/2020\/11\/10\/fonoaudiologia-y-kinesiologia-realizan-ceremonia-de-titulacion-bajo-estrictas-medidas-de-seguridad-sanitarias\/#article","isPartOf":{"@id":"https:\/\/medicina.udd.cl\/fonoaudiologia-santiago\/noticias\/2020\/11\/10\/fonoaudiologia-y-kinesiologia-realizan-ceremonia-de-titulacion-bajo-estrictas-medidas-de-seguridad-sanitarias\/"},"author":{"name":"rbraidy","@id":"https:\/\/medicina.udd.cl\/fonoaudiologia-santiago\/#\/schema\/person\/dbc3705bf3a93e8be1ba6de0ef950341"},"headline":"Fonoaudiolog\u00eda y Kinesiolog\u00eda realizan ceremonia de titulaci\u00f3n bajo estrictas medidas de seguridad sanitarias","datePublished":"2020-11-10T20:54:33+00:00","dateModified":"2020-11-11T12:06:24+00:00","mainEntityOfPage":{"@id":"https:\/\/medicina.udd.cl\/fonoaudiologia-santiago\/noticias\/2020\/11\/10\/fonoaudiologia-y-kinesiologia-realizan-ceremonia-de-titulacion-bajo-estrictas-medidas-de-seguridad-sanitarias\/"},"wordCount":281,"commentCount":0,"image":{"@id":"https:\/\/medicina.udd.cl\/fonoaudiologia-santiago\/noticias\/2020\/11\/10\/fonoaudiologia-y-kinesiologia-realizan-ceremonia-de-titulacion-bajo-estrictas-medidas-de-seguridad-sanitarias\/#primaryimage"},"thumbnailUrl":"https:\/\/medicina.udd.cl\/fonoaudiologia-santiago\/files\/2020\/11\/IMG-20201109-WA0072.jpg","articleSection":["Noticias"],"inLanguage":"es","potentialAction":[{"@type":"CommentAction","name":"Comment","target":["https:\/\/medicina.udd.cl\/fonoaudiologia-santiago\/noticias\/2020\/11\/10\/fonoaudiologia-y-kinesiologia-realizan-ceremonia-de-titulacion-bajo-estrictas-medidas-de-seguridad-sanitarias\/#respond"]}]},{"@type":"WebPage","@id":"https:\/\/medicina.udd.cl\/fonoaudiologia-santiago\/noticias\/2020\/11\/10\/fonoaudiologia-y-kinesiologia-realizan-ceremonia-de-titulacion-bajo-estrictas-medidas-de-seguridad-sanitarias\/","url":"https:\/\/medicina.udd.cl\/fonoaudiologia-santiago\/noticias\/2020\/11\/10\/fonoaudiologia-y-kinesiologia-realizan-ceremonia-de-titulacion-bajo-estrictas-medidas-de-seguridad-sanitarias\/","name":"Fonoaudiolog\u00eda y Kinesiolog\u00eda realizan ceremonia de titulaci\u00f3n bajo estrictas medidas de seguridad sanitarias - Fonoaudiolog\u00eda","isPartOf":{"@id":"https:\/\/medicina.udd.cl\/fonoaudiologia-santiago\/#website"},"primaryImageOfPage":{"@id":"https:\/\/medicina.udd.cl\/fonoaudiologia-santiago\/noticias\/2020\/11\/10\/fonoaudiologia-y-kinesiologia-realizan-ceremonia-de-titulacion-bajo-estrictas-medidas-de-seguridad-sanitarias\/#primaryimage"},"image":{"@id":"https:\/\/medicina.udd.cl\/fonoaudiologia-santiago\/noticias\/2020\/11\/10\/fonoaudiologia-y-kinesiologia-realizan-ceremonia-de-titulacion-bajo-estrictas-medidas-de-seguridad-sanitarias\/#primaryimage"},"thumbnailUrl":"https:\/\/medicina.udd.cl\/fonoaudiologia-santiago\/files\/2020\/11\/IMG-20201109-WA0072.jpg","datePublished":"2020-11-10T20:54:33+00:00","dateModified":"2020-11-11T12:06:24+00:00","author":{"@id":"https:\/\/medicina.udd.cl\/fonoaudiologia-santiago\/#\/schema\/person\/dbc3705bf3a93e8be1ba6de0ef950341"},"breadcrumb":{"@id":"https:\/\/medicina.udd.cl\/fonoaudiologia-santiago\/noticias\/2020\/11\/10\/fonoaudiologia-y-kinesiologia-realizan-ceremonia-de-titulacion-bajo-estrictas-medidas-de-seguridad-sanitarias\/#breadcrumb"},"inLanguage":"es","potentialAction":[{"@type":"ReadAction","target":["https:\/\/medicina.udd.cl\/fonoaudiologia-santiago\/noticias\/2020\/11\/10\/fonoaudiologia-y-kinesiologia-realizan-ceremonia-de-titulacion-bajo-estrictas-medidas-de-seguridad-sanitarias\/"]}]},{"@type":"ImageObject","inLanguage":"es","@id":"https:\/\/medicina.udd.cl\/fonoaudiologia-santiago\/noticias\/2020\/11\/10\/fonoaudiologia-y-kinesiologia-realizan-ceremonia-de-titulacion-bajo-estrictas-medidas-de-seguridad-sanitarias\/#primaryimage","url":"https:\/\/medicina.udd.cl\/fonoaudiologia-santiago\/files\/2020\/11\/IMG-20201109-WA0072.jpg","contentUrl":"https:\/\/medicina.udd.cl\/fonoaudiologia-santiago\/files\/2020\/11\/IMG-20201109-WA0072.jpg","width":1280,"height":853},{"@type":"BreadcrumbList","@id":"https:\/\/medicina.udd.cl\/fonoaudiologia-santiago\/noticias\/2020\/11\/10\/fonoaudiologia-y-kinesiologia-realizan-ceremonia-de-titulacion-bajo-estrictas-medidas-de-seguridad-sanitarias\/#breadcrumb","itemListElement":[{"@type":"ListItem","position":1,"name":"Home","item":"https:\/\/medicina.udd.cl\/fonoaudiologia-santiago\/"},{"@type":"ListItem","position":2,"name":"Fonoaudiolog\u00eda y Kinesiolog\u00eda realizan ceremonia de titulaci\u00f3n bajo estrictas medidas de seguridad sanitarias"}]},{"@type":"WebSite","@id":"https:\/\/medicina.udd.cl\/fonoaudiologia-santiago\/#website","url":"https:\/\/medicina.udd.cl\/fonoaudiologia-santiago\/","name":"Fonoaudiolog\u00eda","description":"Facultad de Medicina Cl\u00ednica Alemana Universidad del Desarrollo","inLanguage":"es"},{"@type":"Person","@id":"https:\/\/medicina.udd.cl\/fonoaudiologia-santiago\/#\/schema\/person\/dbc3705bf3a93e8be1ba6de0ef950341","name":"rbraidy","image":{"@type":"ImageObject","inLanguage":"es","@id":"https:\/\/medicina.udd.cl\/fonoaudiologia-santiago\/#\/schema\/person\/image\/","url":"https:\/\/secure.gravatar.com\/avatar\/0f8bc94637401590e45d2ce17eb65c274cb8870a219de6177f3f23e63fd8cdf3?s=96&d=mm&r=g","contentUrl":"https:\/\/secure.gravatar.com\/avatar\/0f8bc94637401590e45d2ce17eb65c274cb8870a219de6177f3f23e63fd8cdf3?s=96&d=mm&r=g","caption":"rbraidy"},"url":"https:\/\/medicina.udd.cl\/fonoaudiologia-santiago\/noticias\/author\/rbraidy\/"}]}},"featured_image_url":"https:\/\/medicina.udd.cl\/fonoaudiologia-santiago\/files\/2020\/11\/IMG-20201109-WA0072.jpg","_links":{"self":[{"href":"https:\/\/medicina.udd.cl\/fonoaudiologia-santiago\/wp-json\/wp\/v2\/posts\/5074","targetHints":{"allow":["GET"]}}],"collection":[{"href":"https:\/\/medicina.udd.cl\/fonoaudiologia-santiago\/wp-json\/wp\/v2\/posts"}],"about":[{"href":"https:\/\/medicina.udd.cl\/fonoaudiologia-santiago\/wp-json\/wp\/v2\/types\/post"}],"author":[{"embeddable":true,"href":"https:\/\/medicina.udd.cl\/fonoaudiologia-santiago\/wp-json\/wp\/v2\/users\/9192219"}],"replies":[{"embeddable":true,"href":"https:\/\/medicina.udd.cl\/fonoaudiologia-santiago\/wp-json\/wp\/v2\/comments?post=5074"}],"version-history":[{"count":2,"href":"https:\/\/medicina.udd.cl\/fonoaudiologia-santiago\/wp-json\/wp\/v2\/posts\/5074\/revisions"}],"predecessor-version":[{"id":5084,"href":"https:\/\/medicina.udd.cl\/fonoaudiologia-santiago\/wp-json\/wp\/v2\/posts\/5074\/revisions\/5084"}],"wp:featuredmedia":[{"embeddable":true,"href":"https:\/\/medicina.udd.cl\/fonoaudiologia-santiago\/wp-json\/wp\/v2\/media\/5066"}],"wp:attachment":[{"href":"https:\/\/medicina.udd.cl\/fonoaudiologia-santiago\/wp-json\/wp\/v2\/media?parent=5074"}],"wp:term":[{"taxonomy":"category","embeddable":true,"href":"https:\/\/medicina.udd.cl\/fonoaudiologia-santiago\/wp-json\/wp\/v2\/categories?post=5074"},{"taxonomy":"post_tag","embeddable":true,"href":"https:\/\/medicina.udd.cl\/fonoaudiologia-santiago\/wp-json\/wp\/v2\/tags?post=5074"}],"curies":[{"name":"wp","href":"https:\/\/api.w.org\/{rel}","templated":true}]}}