{"id":5085,"date":"2020-11-19T20:24:42","date_gmt":"2020-11-19T23:24:42","guid":{"rendered":"http:\/\/medicina.udd.cl\/fonoaudiologia-santiago\/?p=5085"},"modified":"2020-11-26T16:08:34","modified_gmt":"2020-11-26T19:08:34","slug":"semana-de-la-fonoaudiologia-interuniversitaria","status":"publish","type":"post","link":"https:\/\/medicina.udd.cl\/fonoaudiologia-santiago\/noticias\/2020\/11\/19\/semana-de-la-fonoaudiologia-interuniversitaria\/","title":{"rendered":"Semana de la fonoaudiolog\u00eda interuniversitaria"},"content":{"rendered":"\n<div class=\"wp-block-image\"><figure class=\"aligncenter size-large is-resized\"><img loading=\"lazy\" decoding=\"async\" src=\"https:\/\/medicina.udd.cl\/fonoaudiologia-santiago\/files\/2020\/11\/20201119_203902_0000-1024x1024.png\" alt=\"\" class=\"wp-image-5089\" width=\"512\" height=\"512\" srcset=\"https:\/\/medicina.udd.cl\/fonoaudiologia-santiago\/files\/2020\/11\/20201119_203902_0000-1024x1024.png 1024w, https:\/\/medicina.udd.cl\/fonoaudiologia-santiago\/files\/2020\/11\/20201119_203902_0000-300x300.png 300w, https:\/\/medicina.udd.cl\/fonoaudiologia-santiago\/files\/2020\/11\/20201119_203902_0000-150x150.png 150w, https:\/\/medicina.udd.cl\/fonoaudiologia-santiago\/files\/2020\/11\/20201119_203902_0000-768x768.png 768w, https:\/\/medicina.udd.cl\/fonoaudiologia-santiago\/files\/2020\/11\/20201119_203902_0000-62x62.png 62w, https:\/\/medicina.udd.cl\/fonoaudiologia-santiago\/files\/2020\/11\/20201119_203902_0000-1536x1536.png 1536w, https:\/\/medicina.udd.cl\/fonoaudiologia-santiago\/files\/2020\/11\/20201119_203902_0000-2048x2048.png 2048w, https:\/\/medicina.udd.cl\/fonoaudiologia-santiago\/files\/2020\/11\/20201119_203902_0000-750x750.png 750w, https:\/\/medicina.udd.cl\/fonoaudiologia-santiago\/files\/2020\/11\/20201119_203902_0000-500x500.png 500w, https:\/\/medicina.udd.cl\/fonoaudiologia-santiago\/files\/2020\/11\/20201119_203902_0000-250x250.png 250w, https:\/\/medicina.udd.cl\/fonoaudiologia-santiago\/files\/2020\/11\/20201119_203902_0000-126x126.png 126w\" sizes=\"auto, (max-width: 512px) 100vw, 512px\" \/><\/figure><\/div>\n\n\n\n<p>En el marco del D\u00eda del Fonoaudi\u00f3logo, a celebrarse el domingo 22 de noviembre, la carrera de Fonoaudiolog\u00eda de la Facultad de Medicina Cl\u00ednica Alemana Universidad del Desarrollo, realiz\u00f3 una alianza junto a la Universidad Cat\u00f3lica y Universidad de Chile, para destacar durante en este a\u00f1o, que ha sido marcado por la pandemia, el rol del fonoaudi\u00f3logo que ha tomado un protagonismo especial. Es por esto, que durante una semana completa se celebrar\u00e1 con diversas actividades, en las que participar\u00e1n Directores, docentes y estudiantes de las tres instituciones universitarias.<\/p>\n\n\n\n<p>La programaci\u00f3n &nbsp;iniciar\u00e1 este viernes 20 de noviembre a las\n17:00 horas, con el Webinar \u00abRol del Fonoaudi\u00f3logo en el contexto actual\nde salud\u00bb, dictado por la Flga. Javiera Vivanco, y finalizar\u00e1 el viernes\n27 de noviembre con actividades recreativas a cargo de los Centros de Alumnos\nde las tres universidades. <\/p>\n\n\n\n<p>La programaci\u00f3n completa es la siguiente: <\/p>\n\n\n\n<ul class=\"wp-block-list\"><li>Viernes 20 de noviembre: Webinar \u00abRol del Fonoaudi\u00f3logo en el contexto actual de salud\u00bb dictado por la Flga. Javiera Vivanco (17:00 horas). <strong><a href=\"https:\/\/zoom.us\/j\/91426793911\">Ver aqu\u00ed<\/a><\/strong><\/li><\/ul>\n\n\n\n<ul class=\"wp-block-list\"><li>Domingo 22 de noviembre: D\u00eda del Fonoaudi\u00f3logo &#8211; Saludos v\u00eda video Directoras UC, U. Chile, UDD, COLFONO, AEFOCH, SOCHIFO, Centros de alumnos de las tres Universidades.  (Estos videos ser\u00e1n publicados en las cuentas de redes sociales de las tres universidades).<\/li><\/ul>\n\n\n\n<ul class=\"wp-block-list\"><li>Lunes 23 de noviembre: Videos de entrevista a Doctorandos.&nbsp;   <\/li><\/ul>\n\n\n\n<ul class=\"wp-block-list\"><li>Martes 24 de noviembre: Webinar \u00abRol del Fonoaudi\u00f3logo en la voz en personas trans\u00bb dictado por la Flga. Carolina Orellana (18:30 horas). <strong><a href=\"https:\/\/udd.zoom.us\/j\/81755443870\">Ver aqu\u00ed<\/a><\/strong><\/li><\/ul>\n\n\n\n<ul class=\"wp-block-list\"><li>Mi\u00e9rcoles 25 de noviembre: Conversatorio Autoridades Universidad Cat\u00f3lica, Universidad de Chile y Universidad del Desarrollo&nbsp;(18:30 horas) <strong><a href=\"https:\/\/zoom.us\/j\/97423051874\">Ver aqu\u00ed<\/a><\/strong> <\/li><\/ul>\n\n\n\n<ul class=\"wp-block-list\"><li>Jueves 26 de noviembre: Webinar \u00abEl rol del fonoaudi\u00f3logo en la Comunicaci\u00f3n\u00a0 alternativa Aumentativa\u00bb dictado por el Flgo. Andr\u00e9s S\u00e1nchez (17:00 horas).  <strong><a href=\"https:\/\/zoom.us\/j\/93514578407\">Ver aqu\u00ed<\/a><\/strong> <\/li><\/ul>\n\n\n\n<ul class=\"wp-block-list\"><li>Viernes 27 de noviembre: Actividades recreativas a cargo de los Centros de Alumnos de las tres Universidades. <\/li><\/ul>\n\n\n\n<p><strong>\u00a1Esperamos contar con su participaci\u00f3n!<\/strong><\/p>\n","protected":false},"excerpt":{"rendered":"<p>En el marco del D\u00eda del Fonoaudi\u00f3logo, a celebrarse el domingo 22 de noviembre, la carrera de Fonoaudiolog\u00eda de la Facultad de Medicina Cl\u00ednica Alemana Universidad del Desarrollo, realiz\u00f3 una alianza junto a la Universidad Cat\u00f3lica y Universidad de Chile, para destacar durante en este a\u00f1o, que ha sido marcado por la pandemia, el rol [&hellip;]<\/p>\n","protected":false},"author":9192219,"featured_media":5089,"comment_status":"open","ping_status":"open","sticky":false,"template":"","format":"standard","meta":{"footnotes":""},"categories":[4,1],"tags":[],"class_list":["post-5085","post","type-post","status-publish","format-standard","has-post-thumbnail","hentry","category-noticias","category-sin-categoria"],"yoast_head":"<!-- This site is optimized with the Yoast SEO plugin v26.9 - https:\/\/yoast.com\/product\/yoast-seo-wordpress\/ -->\n<title>Semana de la fonoaudiolog\u00eda interuniversitaria - Fonoaudiolog\u00eda<\/title>\n<meta name=\"robots\" content=\"index, follow, max-snippet:-1, max-image-preview:large, max-video-preview:-1\" \/>\n<link rel=\"canonical\" href=\"https:\/\/medicina.udd.cl\/fonoaudiologia-santiago\/noticias\/2020\/11\/19\/semana-de-la-fonoaudiologia-interuniversitaria\/\" \/>\n<meta property=\"og:locale\" content=\"es_ES\" \/>\n<meta property=\"og:type\" content=\"article\" \/>\n<meta property=\"og:title\" content=\"Semana de la fonoaudiolog\u00eda interuniversitaria - Fonoaudiolog\u00eda\" \/>\n<meta property=\"og:description\" content=\"En el marco del D\u00eda del Fonoaudi\u00f3logo, a celebrarse el domingo 22 de noviembre, la carrera de Fonoaudiolog\u00eda de la Facultad de Medicina Cl\u00ednica Alemana Universidad del Desarrollo, realiz\u00f3 una alianza junto a la Universidad Cat\u00f3lica y Universidad de Chile, para destacar durante en este a\u00f1o, que ha sido marcado por la pandemia, el rol [&hellip;]\" \/>\n<meta property=\"og:url\" content=\"https:\/\/medicina.udd.cl\/fonoaudiologia-santiago\/noticias\/2020\/11\/19\/semana-de-la-fonoaudiologia-interuniversitaria\/\" \/>\n<meta property=\"og:site_name\" content=\"Fonoaudiolog\u00eda\" \/>\n<meta property=\"article:published_time\" content=\"2020-11-19T23:24:42+00:00\" \/>\n<meta property=\"article:modified_time\" content=\"2020-11-26T19:08:34+00:00\" \/>\n<meta property=\"og:image\" content=\"https:\/\/medicina.udd.cl\/fonoaudiologia-santiago\/files\/2020\/11\/20201119_203902_0000-1024x1024.png\" \/>\n\t<meta property=\"og:image:width\" content=\"1024\" \/>\n\t<meta property=\"og:image:height\" content=\"1024\" \/>\n\t<meta property=\"og:image:type\" content=\"image\/png\" \/>\n<meta name=\"author\" content=\"rbraidy\" \/>\n<meta name=\"twitter:label1\" content=\"Escrito por\" \/>\n\t<meta name=\"twitter:data1\" content=\"rbraidy\" \/>\n\t<meta name=\"twitter:label2\" content=\"Tiempo de lectura\" \/>\n\t<meta name=\"twitter:data2\" content=\"2 minutos\" \/>\n<script type=\"application\/ld+json\" class=\"yoast-schema-graph\">{\"@context\":\"https:\/\/schema.org\",\"@graph\":[{\"@type\":\"Article\",\"@id\":\"https:\/\/medicina.udd.cl\/fonoaudiologia-santiago\/noticias\/2020\/11\/19\/semana-de-la-fonoaudiologia-interuniversitaria\/#article\",\"isPartOf\":{\"@id\":\"https:\/\/medicina.udd.cl\/fonoaudiologia-santiago\/noticias\/2020\/11\/19\/semana-de-la-fonoaudiologia-interuniversitaria\/\"},\"author\":{\"name\":\"rbraidy\",\"@id\":\"https:\/\/medicina.udd.cl\/fonoaudiologia-santiago\/#\/schema\/person\/dbc3705bf3a93e8be1ba6de0ef950341\"},\"headline\":\"Semana de la fonoaudiolog\u00eda interuniversitaria\",\"datePublished\":\"2020-11-19T23:24:42+00:00\",\"dateModified\":\"2020-11-26T19:08:34+00:00\",\"mainEntityOfPage\":{\"@id\":\"https:\/\/medicina.udd.cl\/fonoaudiologia-santiago\/noticias\/2020\/11\/19\/semana-de-la-fonoaudiologia-interuniversitaria\/\"},\"wordCount\":326,\"commentCount\":0,\"image\":{\"@id\":\"https:\/\/medicina.udd.cl\/fonoaudiologia-santiago\/noticias\/2020\/11\/19\/semana-de-la-fonoaudiologia-interuniversitaria\/#primaryimage\"},\"thumbnailUrl\":\"https:\/\/medicina.udd.cl\/fonoaudiologia-santiago\/files\/2020\/11\/20201119_203902_0000.png\",\"articleSection\":[\"Noticias\"],\"inLanguage\":\"es\",\"potentialAction\":[{\"@type\":\"CommentAction\",\"name\":\"Comment\",\"target\":[\"https:\/\/medicina.udd.cl\/fonoaudiologia-santiago\/noticias\/2020\/11\/19\/semana-de-la-fonoaudiologia-interuniversitaria\/#respond\"]}]},{\"@type\":\"WebPage\",\"@id\":\"https:\/\/medicina.udd.cl\/fonoaudiologia-santiago\/noticias\/2020\/11\/19\/semana-de-la-fonoaudiologia-interuniversitaria\/\",\"url\":\"https:\/\/medicina.udd.cl\/fonoaudiologia-santiago\/noticias\/2020\/11\/19\/semana-de-la-fonoaudiologia-interuniversitaria\/\",\"name\":\"Semana de la fonoaudiolog\u00eda interuniversitaria - Fonoaudiolog\u00eda\",\"isPartOf\":{\"@id\":\"https:\/\/medicina.udd.cl\/fonoaudiologia-santiago\/#website\"},\"primaryImageOfPage\":{\"@id\":\"https:\/\/medicina.udd.cl\/fonoaudiologia-santiago\/noticias\/2020\/11\/19\/semana-de-la-fonoaudiologia-interuniversitaria\/#primaryimage\"},\"image\":{\"@id\":\"https:\/\/medicina.udd.cl\/fonoaudiologia-santiago\/noticias\/2020\/11\/19\/semana-de-la-fonoaudiologia-interuniversitaria\/#primaryimage\"},\"thumbnailUrl\":\"https:\/\/medicina.udd.cl\/fonoaudiologia-santiago\/files\/2020\/11\/20201119_203902_0000.png\",\"datePublished\":\"2020-11-19T23:24:42+00:00\",\"dateModified\":\"2020-11-26T19:08:34+00:00\",\"author\":{\"@id\":\"https:\/\/medicina.udd.cl\/fonoaudiologia-santiago\/#\/schema\/person\/dbc3705bf3a93e8be1ba6de0ef950341\"},\"breadcrumb\":{\"@id\":\"https:\/\/medicina.udd.cl\/fonoaudiologia-santiago\/noticias\/2020\/11\/19\/semana-de-la-fonoaudiologia-interuniversitaria\/#breadcrumb\"},\"inLanguage\":\"es\",\"potentialAction\":[{\"@type\":\"ReadAction\",\"target\":[\"https:\/\/medicina.udd.cl\/fonoaudiologia-santiago\/noticias\/2020\/11\/19\/semana-de-la-fonoaudiologia-interuniversitaria\/\"]}]},{\"@type\":\"ImageObject\",\"inLanguage\":\"es\",\"@id\":\"https:\/\/medicina.udd.cl\/fonoaudiologia-santiago\/noticias\/2020\/11\/19\/semana-de-la-fonoaudiologia-interuniversitaria\/#primaryimage\",\"url\":\"https:\/\/medicina.udd.cl\/fonoaudiologia-santiago\/files\/2020\/11\/20201119_203902_0000.png\",\"contentUrl\":\"https:\/\/medicina.udd.cl\/fonoaudiologia-santiago\/files\/2020\/11\/20201119_203902_0000.png\",\"width\":2160,\"height\":2160},{\"@type\":\"BreadcrumbList\",\"@id\":\"https:\/\/medicina.udd.cl\/fonoaudiologia-santiago\/noticias\/2020\/11\/19\/semana-de-la-fonoaudiologia-interuniversitaria\/#breadcrumb\",\"itemListElement\":[{\"@type\":\"ListItem\",\"position\":1,\"name\":\"Home\",\"item\":\"https:\/\/medicina.udd.cl\/fonoaudiologia-santiago\/\"},{\"@type\":\"ListItem\",\"position\":2,\"name\":\"Semana de la fonoaudiolog\u00eda interuniversitaria\"}]},{\"@type\":\"WebSite\",\"@id\":\"https:\/\/medicina.udd.cl\/fonoaudiologia-santiago\/#website\",\"url\":\"https:\/\/medicina.udd.cl\/fonoaudiologia-santiago\/\",\"name\":\"Fonoaudiolog\u00eda\",\"description\":\"Facultad de Medicina Cl\u00ednica Alemana Universidad del Desarrollo\",\"inLanguage\":\"es\"},{\"@type\":\"Person\",\"@id\":\"https:\/\/medicina.udd.cl\/fonoaudiologia-santiago\/#\/schema\/person\/dbc3705bf3a93e8be1ba6de0ef950341\",\"name\":\"rbraidy\",\"image\":{\"@type\":\"ImageObject\",\"inLanguage\":\"es\",\"@id\":\"https:\/\/medicina.udd.cl\/fonoaudiologia-santiago\/#\/schema\/person\/image\/\",\"url\":\"https:\/\/secure.gravatar.com\/avatar\/0f8bc94637401590e45d2ce17eb65c274cb8870a219de6177f3f23e63fd8cdf3?s=96&d=mm&r=g\",\"contentUrl\":\"https:\/\/secure.gravatar.com\/avatar\/0f8bc94637401590e45d2ce17eb65c274cb8870a219de6177f3f23e63fd8cdf3?s=96&d=mm&r=g\",\"caption\":\"rbraidy\"},\"url\":\"https:\/\/medicina.udd.cl\/fonoaudiologia-santiago\/noticias\/author\/rbraidy\/\"}]}<\/script>\n<!-- \/ Yoast SEO plugin. -->","yoast_head_json":{"title":"Semana de la fonoaudiolog\u00eda interuniversitaria - Fonoaudiolog\u00eda","robots":{"index":"index","follow":"follow","max-snippet":"max-snippet:-1","max-image-preview":"max-image-preview:large","max-video-preview":"max-video-preview:-1"},"canonical":"https:\/\/medicina.udd.cl\/fonoaudiologia-santiago\/noticias\/2020\/11\/19\/semana-de-la-fonoaudiologia-interuniversitaria\/","og_locale":"es_ES","og_type":"article","og_title":"Semana de la fonoaudiolog\u00eda interuniversitaria - Fonoaudiolog\u00eda","og_description":"En el marco del D\u00eda del Fonoaudi\u00f3logo, a celebrarse el domingo 22 de noviembre, la carrera de Fonoaudiolog\u00eda de la Facultad de Medicina Cl\u00ednica Alemana Universidad del Desarrollo, realiz\u00f3 una alianza junto a la Universidad Cat\u00f3lica y Universidad de Chile, para destacar durante en este a\u00f1o, que ha sido marcado por la pandemia, el rol [&hellip;]","og_url":"https:\/\/medicina.udd.cl\/fonoaudiologia-santiago\/noticias\/2020\/11\/19\/semana-de-la-fonoaudiologia-interuniversitaria\/","og_site_name":"Fonoaudiolog\u00eda","article_published_time":"2020-11-19T23:24:42+00:00","article_modified_time":"2020-11-26T19:08:34+00:00","og_image":[{"width":1024,"height":1024,"url":"https:\/\/medicina.udd.cl\/fonoaudiologia-santiago\/files\/2020\/11\/20201119_203902_0000-1024x1024.png","type":"image\/png"}],"author":"rbraidy","twitter_misc":{"Escrito por":"rbraidy","Tiempo de lectura":"2 minutos"},"schema":{"@context":"https:\/\/schema.org","@graph":[{"@type":"Article","@id":"https:\/\/medicina.udd.cl\/fonoaudiologia-santiago\/noticias\/2020\/11\/19\/semana-de-la-fonoaudiologia-interuniversitaria\/#article","isPartOf":{"@id":"https:\/\/medicina.udd.cl\/fonoaudiologia-santiago\/noticias\/2020\/11\/19\/semana-de-la-fonoaudiologia-interuniversitaria\/"},"author":{"name":"rbraidy","@id":"https:\/\/medicina.udd.cl\/fonoaudiologia-santiago\/#\/schema\/person\/dbc3705bf3a93e8be1ba6de0ef950341"},"headline":"Semana de la fonoaudiolog\u00eda interuniversitaria","datePublished":"2020-11-19T23:24:42+00:00","dateModified":"2020-11-26T19:08:34+00:00","mainEntityOfPage":{"@id":"https:\/\/medicina.udd.cl\/fonoaudiologia-santiago\/noticias\/2020\/11\/19\/semana-de-la-fonoaudiologia-interuniversitaria\/"},"wordCount":326,"commentCount":0,"image":{"@id":"https:\/\/medicina.udd.cl\/fonoaudiologia-santiago\/noticias\/2020\/11\/19\/semana-de-la-fonoaudiologia-interuniversitaria\/#primaryimage"},"thumbnailUrl":"https:\/\/medicina.udd.cl\/fonoaudiologia-santiago\/files\/2020\/11\/20201119_203902_0000.png","articleSection":["Noticias"],"inLanguage":"es","potentialAction":[{"@type":"CommentAction","name":"Comment","target":["https:\/\/medicina.udd.cl\/fonoaudiologia-santiago\/noticias\/2020\/11\/19\/semana-de-la-fonoaudiologia-interuniversitaria\/#respond"]}]},{"@type":"WebPage","@id":"https:\/\/medicina.udd.cl\/fonoaudiologia-santiago\/noticias\/2020\/11\/19\/semana-de-la-fonoaudiologia-interuniversitaria\/","url":"https:\/\/medicina.udd.cl\/fonoaudiologia-santiago\/noticias\/2020\/11\/19\/semana-de-la-fonoaudiologia-interuniversitaria\/","name":"Semana de la fonoaudiolog\u00eda interuniversitaria - Fonoaudiolog\u00eda","isPartOf":{"@id":"https:\/\/medicina.udd.cl\/fonoaudiologia-santiago\/#website"},"primaryImageOfPage":{"@id":"https:\/\/medicina.udd.cl\/fonoaudiologia-santiago\/noticias\/2020\/11\/19\/semana-de-la-fonoaudiologia-interuniversitaria\/#primaryimage"},"image":{"@id":"https:\/\/medicina.udd.cl\/fonoaudiologia-santiago\/noticias\/2020\/11\/19\/semana-de-la-fonoaudiologia-interuniversitaria\/#primaryimage"},"thumbnailUrl":"https:\/\/medicina.udd.cl\/fonoaudiologia-santiago\/files\/2020\/11\/20201119_203902_0000.png","datePublished":"2020-11-19T23:24:42+00:00","dateModified":"2020-11-26T19:08:34+00:00","author":{"@id":"https:\/\/medicina.udd.cl\/fonoaudiologia-santiago\/#\/schema\/person\/dbc3705bf3a93e8be1ba6de0ef950341"},"breadcrumb":{"@id":"https:\/\/medicina.udd.cl\/fonoaudiologia-santiago\/noticias\/2020\/11\/19\/semana-de-la-fonoaudiologia-interuniversitaria\/#breadcrumb"},"inLanguage":"es","potentialAction":[{"@type":"ReadAction","target":["https:\/\/medicina.udd.cl\/fonoaudiologia-santiago\/noticias\/2020\/11\/19\/semana-de-la-fonoaudiologia-interuniversitaria\/"]}]},{"@type":"ImageObject","inLanguage":"es","@id":"https:\/\/medicina.udd.cl\/fonoaudiologia-santiago\/noticias\/2020\/11\/19\/semana-de-la-fonoaudiologia-interuniversitaria\/#primaryimage","url":"https:\/\/medicina.udd.cl\/fonoaudiologia-santiago\/files\/2020\/11\/20201119_203902_0000.png","contentUrl":"https:\/\/medicina.udd.cl\/fonoaudiologia-santiago\/files\/2020\/11\/20201119_203902_0000.png","width":2160,"height":2160},{"@type":"BreadcrumbList","@id":"https:\/\/medicina.udd.cl\/fonoaudiologia-santiago\/noticias\/2020\/11\/19\/semana-de-la-fonoaudiologia-interuniversitaria\/#breadcrumb","itemListElement":[{"@type":"ListItem","position":1,"name":"Home","item":"https:\/\/medicina.udd.cl\/fonoaudiologia-santiago\/"},{"@type":"ListItem","position":2,"name":"Semana de la fonoaudiolog\u00eda interuniversitaria"}]},{"@type":"WebSite","@id":"https:\/\/medicina.udd.cl\/fonoaudiologia-santiago\/#website","url":"https:\/\/medicina.udd.cl\/fonoaudiologia-santiago\/","name":"Fonoaudiolog\u00eda","description":"Facultad de Medicina Cl\u00ednica Alemana Universidad del Desarrollo","inLanguage":"es"},{"@type":"Person","@id":"https:\/\/medicina.udd.cl\/fonoaudiologia-santiago\/#\/schema\/person\/dbc3705bf3a93e8be1ba6de0ef950341","name":"rbraidy","image":{"@type":"ImageObject","inLanguage":"es","@id":"https:\/\/medicina.udd.cl\/fonoaudiologia-santiago\/#\/schema\/person\/image\/","url":"https:\/\/secure.gravatar.com\/avatar\/0f8bc94637401590e45d2ce17eb65c274cb8870a219de6177f3f23e63fd8cdf3?s=96&d=mm&r=g","contentUrl":"https:\/\/secure.gravatar.com\/avatar\/0f8bc94637401590e45d2ce17eb65c274cb8870a219de6177f3f23e63fd8cdf3?s=96&d=mm&r=g","caption":"rbraidy"},"url":"https:\/\/medicina.udd.cl\/fonoaudiologia-santiago\/noticias\/author\/rbraidy\/"}]}},"featured_image_url":"https:\/\/medicina.udd.cl\/fonoaudiologia-santiago\/files\/2020\/11\/20201119_203902_0000.png","_links":{"self":[{"href":"https:\/\/medicina.udd.cl\/fonoaudiologia-santiago\/wp-json\/wp\/v2\/posts\/5085","targetHints":{"allow":["GET"]}}],"collection":[{"href":"https:\/\/medicina.udd.cl\/fonoaudiologia-santiago\/wp-json\/wp\/v2\/posts"}],"about":[{"href":"https:\/\/medicina.udd.cl\/fonoaudiologia-santiago\/wp-json\/wp\/v2\/types\/post"}],"author":[{"embeddable":true,"href":"https:\/\/medicina.udd.cl\/fonoaudiologia-santiago\/wp-json\/wp\/v2\/users\/9192219"}],"replies":[{"embeddable":true,"href":"https:\/\/medicina.udd.cl\/fonoaudiologia-santiago\/wp-json\/wp\/v2\/comments?post=5085"}],"version-history":[{"count":8,"href":"https:\/\/medicina.udd.cl\/fonoaudiologia-santiago\/wp-json\/wp\/v2\/posts\/5085\/revisions"}],"predecessor-version":[{"id":5096,"href":"https:\/\/medicina.udd.cl\/fonoaudiologia-santiago\/wp-json\/wp\/v2\/posts\/5085\/revisions\/5096"}],"wp:featuredmedia":[{"embeddable":true,"href":"https:\/\/medicina.udd.cl\/fonoaudiologia-santiago\/wp-json\/wp\/v2\/media\/5089"}],"wp:attachment":[{"href":"https:\/\/medicina.udd.cl\/fonoaudiologia-santiago\/wp-json\/wp\/v2\/media?parent=5085"}],"wp:term":[{"taxonomy":"category","embeddable":true,"href":"https:\/\/medicina.udd.cl\/fonoaudiologia-santiago\/wp-json\/wp\/v2\/categories?post=5085"},{"taxonomy":"post_tag","embeddable":true,"href":"https:\/\/medicina.udd.cl\/fonoaudiologia-santiago\/wp-json\/wp\/v2\/tags?post=5085"}],"curies":[{"name":"wp","href":"https:\/\/api.w.org\/{rel}","templated":true}]}}