{"id":5122,"date":"2021-03-03T15:58:08","date_gmt":"2021-03-03T18:58:08","guid":{"rendered":"http:\/\/medicina.udd.cl\/fonoaudiologia-santiago\/?p=5122"},"modified":"2021-03-03T15:58:09","modified_gmt":"2021-03-03T18:58:09","slug":"la-udd-y-hospital-dr-luis-calvo-mackenna-celebran-dia-mundial-de-la-audicion","status":"publish","type":"post","link":"https:\/\/medicina.udd.cl\/fonoaudiologia-santiago\/noticias\/2021\/03\/03\/la-udd-y-hospital-dr-luis-calvo-mackenna-celebran-dia-mundial-de-la-audicion\/","title":{"rendered":"La UDD y Hospital Dr. Luis Calvo Mackenna celebran D\u00eda Mundial de la Audici\u00f3n"},"content":{"rendered":"\n<div class=\"wp-block-image\"><figure class=\"aligncenter size-large is-resized\"><img loading=\"lazy\" decoding=\"async\" src=\"https:\/\/medicina.udd.cl\/fonoaudiologia-santiago\/files\/2021\/03\/IMG-20210302-WA0000-1024x1024.jpg\" alt=\"\" class=\"wp-image-5123\" width=\"512\" height=\"512\" srcset=\"https:\/\/medicina.udd.cl\/fonoaudiologia-santiago\/files\/2021\/03\/IMG-20210302-WA0000-1024x1024.jpg 1024w, https:\/\/medicina.udd.cl\/fonoaudiologia-santiago\/files\/2021\/03\/IMG-20210302-WA0000-300x300.jpg 300w, https:\/\/medicina.udd.cl\/fonoaudiologia-santiago\/files\/2021\/03\/IMG-20210302-WA0000-150x150.jpg 150w, https:\/\/medicina.udd.cl\/fonoaudiologia-santiago\/files\/2021\/03\/IMG-20210302-WA0000-768x768.jpg 768w, https:\/\/medicina.udd.cl\/fonoaudiologia-santiago\/files\/2021\/03\/IMG-20210302-WA0000-62x62.jpg 62w, https:\/\/medicina.udd.cl\/fonoaudiologia-santiago\/files\/2021\/03\/IMG-20210302-WA0000-750x750.jpg 750w, https:\/\/medicina.udd.cl\/fonoaudiologia-santiago\/files\/2021\/03\/IMG-20210302-WA0000-500x500.jpg 500w, https:\/\/medicina.udd.cl\/fonoaudiologia-santiago\/files\/2021\/03\/IMG-20210302-WA0000-250x250.jpg 250w, https:\/\/medicina.udd.cl\/fonoaudiologia-santiago\/files\/2021\/03\/IMG-20210302-WA0000-126x126.jpg 126w, https:\/\/medicina.udd.cl\/fonoaudiologia-santiago\/files\/2021\/03\/IMG-20210302-WA0000.jpg 1080w\" sizes=\"auto, (max-width: 512px) 100vw, 512px\" \/><\/figure><\/div>\n\n\n\n<p>La Facultad de Medicina Cl\u00ednica Alemana Universidad del Desarrollo junto al Hospital Dr. Luis Calvo Mackenna, en el marco del Centro de Estudios de los Sentidos y la Comunicaci\u00f3n (CESCO), invita a toda la comunidad a hacerse parte de la concientizaci\u00f3n de la importancia de cuidar y prevenir los posibles da\u00f1os a este sentido que, nos permite conectarnos con el mundo de los sonidos.&nbsp;<\/p>\n\n\n\n<p><br>Este 3 de marzo, la Organizaci\u00f3n Mundial de la Salud (OMS), har\u00e1 el lanzamiento oficial del informe mundial de la audici\u00f3n. Este documento contiene datos relevantes que es importante difundir para poder tomar medidas de prevenci\u00f3n para la comunidad.&nbsp; El objetivo de este informe, es que las autoridades tomen conocimiento del contenido e integren sus recomendaciones al plan de salud de todas las personas.&nbsp;<\/p>\n\n\n\n<p><br>En este contexto, varias personalidades influyentes de nuestra realidad nacional, quisieron colaborar con esta causa para llevar un mensaje con respecto a la importancia de cuidar la audici\u00f3n y prevenir los da\u00f1os auditivos.&nbsp;Entre ellos se encuentran la periodista Carolina Escobar, la presentadora de televisi\u00f3n Tonka Tomicic, el actor Marcial Tagle, el conductor radiof\u00f3nico Leo Caprile, el expiloto de carreras Eliseo Salazar, el Rector de la UDD Federico Vald\u00e9s, entre otros.<\/p>\n\n\n\n<p>Puedes ver a continuaci\u00f3n el programa completo, denominado \u00abMarat\u00f3n de la Audici\u00f3n\u00bb, conducido por las fonoaudi\u00f3logas Pamela Tomicic, Sof\u00eda Bravo y por la doctora Carolina Der.<\/p>\n\n\n\n<figure class=\"wp-block-embed-youtube wp-block-embed is-type-video is-provider-youtube wp-embed-aspect-16-9 wp-has-aspect-ratio\"><div class=\"wp-block-embed__wrapper\">\n<iframe loading=\"lazy\" title=\"Marat\u00f3n de la Audici\u00f3n 2021\" width=\"500\" height=\"281\" src=\"https:\/\/www.youtube.com\/embed\/5__P_ONz_pI?feature=oembed&#038;rel=0&#038;modestbranding=1&#038;autohide=1&#038;autoplay=0&#038;enablejsapi=1&#038;showinfo=0\" allowautoplay=\"allowautoplay\" frameborder=\"0\" allow=\"accelerometer; autoplay; clipboard-write; encrypted-media; gyroscope; picture-in-picture; web-share\" referrerpolicy=\"strict-origin-when-cross-origin\" allowfullscreen><\/iframe>\n<\/div><\/figure>\n","protected":false},"excerpt":{"rendered":"<p>La Facultad de Medicina Cl\u00ednica Alemana Universidad del Desarrollo junto al Hospital Dr. Luis Calvo Mackenna, en el marco del Centro de Estudios de los Sentidos y la Comunicaci\u00f3n (CESCO), invita a toda la comunidad a hacerse parte de la concientizaci\u00f3n de la importancia de cuidar y prevenir los posibles da\u00f1os a este sentido que, [&hellip;]<\/p>\n","protected":false},"author":9192219,"featured_media":5124,"comment_status":"open","ping_status":"open","sticky":false,"template":"","format":"standard","meta":{"footnotes":""},"categories":[4],"tags":[],"class_list":["post-5122","post","type-post","status-publish","format-standard","has-post-thumbnail","hentry","category-noticias"],"yoast_head":"<!-- This site is optimized with the Yoast SEO plugin v26.9 - https:\/\/yoast.com\/product\/yoast-seo-wordpress\/ -->\n<title>La UDD y Hospital Dr. Luis Calvo Mackenna celebran D\u00eda Mundial de la Audici\u00f3n - Fonoaudiolog\u00eda<\/title>\n<meta name=\"robots\" content=\"index, follow, max-snippet:-1, max-image-preview:large, max-video-preview:-1\" \/>\n<link rel=\"canonical\" href=\"https:\/\/medicina.udd.cl\/fonoaudiologia-santiago\/noticias\/2021\/03\/03\/la-udd-y-hospital-dr-luis-calvo-mackenna-celebran-dia-mundial-de-la-audicion\/\" \/>\n<meta property=\"og:locale\" content=\"es_ES\" \/>\n<meta property=\"og:type\" content=\"article\" \/>\n<meta property=\"og:title\" content=\"La UDD y Hospital Dr. Luis Calvo Mackenna celebran D\u00eda Mundial de la Audici\u00f3n - Fonoaudiolog\u00eda\" \/>\n<meta property=\"og:description\" content=\"La Facultad de Medicina Cl\u00ednica Alemana Universidad del Desarrollo junto al Hospital Dr. Luis Calvo Mackenna, en el marco del Centro de Estudios de los Sentidos y la Comunicaci\u00f3n (CESCO), invita a toda la comunidad a hacerse parte de la concientizaci\u00f3n de la importancia de cuidar y prevenir los posibles da\u00f1os a este sentido que, [&hellip;]\" \/>\n<meta property=\"og:url\" content=\"https:\/\/medicina.udd.cl\/fonoaudiologia-santiago\/noticias\/2021\/03\/03\/la-udd-y-hospital-dr-luis-calvo-mackenna-celebran-dia-mundial-de-la-audicion\/\" \/>\n<meta property=\"og:site_name\" content=\"Fonoaudiolog\u00eda\" \/>\n<meta property=\"article:published_time\" content=\"2021-03-03T18:58:08+00:00\" \/>\n<meta property=\"article:modified_time\" content=\"2021-03-03T18:58:09+00:00\" \/>\n<meta property=\"og:image\" content=\"https:\/\/medicina.udd.cl\/fonoaudiologia-santiago\/files\/2021\/03\/Diamundialaudicion3marzo.jpg\" \/>\n\t<meta property=\"og:image:width\" content=\"634\" \/>\n\t<meta property=\"og:image:height\" content=\"299\" \/>\n\t<meta property=\"og:image:type\" content=\"image\/jpeg\" \/>\n<meta name=\"author\" content=\"rbraidy\" \/>\n<meta name=\"twitter:label1\" content=\"Escrito por\" \/>\n\t<meta name=\"twitter:data1\" content=\"rbraidy\" \/>\n\t<meta name=\"twitter:label2\" content=\"Tiempo de lectura\" \/>\n\t<meta name=\"twitter:data2\" content=\"1 minuto\" \/>\n<script type=\"application\/ld+json\" class=\"yoast-schema-graph\">{\"@context\":\"https:\/\/schema.org\",\"@graph\":[{\"@type\":\"Article\",\"@id\":\"https:\/\/medicina.udd.cl\/fonoaudiologia-santiago\/noticias\/2021\/03\/03\/la-udd-y-hospital-dr-luis-calvo-mackenna-celebran-dia-mundial-de-la-audicion\/#article\",\"isPartOf\":{\"@id\":\"https:\/\/medicina.udd.cl\/fonoaudiologia-santiago\/noticias\/2021\/03\/03\/la-udd-y-hospital-dr-luis-calvo-mackenna-celebran-dia-mundial-de-la-audicion\/\"},\"author\":{\"name\":\"rbraidy\",\"@id\":\"https:\/\/medicina.udd.cl\/fonoaudiologia-santiago\/#\/schema\/person\/dbc3705bf3a93e8be1ba6de0ef950341\"},\"headline\":\"La UDD y Hospital Dr. Luis Calvo Mackenna celebran D\u00eda Mundial de la Audici\u00f3n\",\"datePublished\":\"2021-03-03T18:58:08+00:00\",\"dateModified\":\"2021-03-03T18:58:09+00:00\",\"mainEntityOfPage\":{\"@id\":\"https:\/\/medicina.udd.cl\/fonoaudiologia-santiago\/noticias\/2021\/03\/03\/la-udd-y-hospital-dr-luis-calvo-mackenna-celebran-dia-mundial-de-la-audicion\/\"},\"wordCount\":270,\"commentCount\":0,\"image\":{\"@id\":\"https:\/\/medicina.udd.cl\/fonoaudiologia-santiago\/noticias\/2021\/03\/03\/la-udd-y-hospital-dr-luis-calvo-mackenna-celebran-dia-mundial-de-la-audicion\/#primaryimage\"},\"thumbnailUrl\":\"https:\/\/medicina.udd.cl\/fonoaudiologia-santiago\/files\/2021\/03\/Diamundialaudicion3marzo.jpg\",\"articleSection\":[\"Noticias\"],\"inLanguage\":\"es\",\"potentialAction\":[{\"@type\":\"CommentAction\",\"name\":\"Comment\",\"target\":[\"https:\/\/medicina.udd.cl\/fonoaudiologia-santiago\/noticias\/2021\/03\/03\/la-udd-y-hospital-dr-luis-calvo-mackenna-celebran-dia-mundial-de-la-audicion\/#respond\"]}]},{\"@type\":\"WebPage\",\"@id\":\"https:\/\/medicina.udd.cl\/fonoaudiologia-santiago\/noticias\/2021\/03\/03\/la-udd-y-hospital-dr-luis-calvo-mackenna-celebran-dia-mundial-de-la-audicion\/\",\"url\":\"https:\/\/medicina.udd.cl\/fonoaudiologia-santiago\/noticias\/2021\/03\/03\/la-udd-y-hospital-dr-luis-calvo-mackenna-celebran-dia-mundial-de-la-audicion\/\",\"name\":\"La UDD y Hospital Dr. Luis Calvo Mackenna celebran D\u00eda Mundial de la Audici\u00f3n - Fonoaudiolog\u00eda\",\"isPartOf\":{\"@id\":\"https:\/\/medicina.udd.cl\/fonoaudiologia-santiago\/#website\"},\"primaryImageOfPage\":{\"@id\":\"https:\/\/medicina.udd.cl\/fonoaudiologia-santiago\/noticias\/2021\/03\/03\/la-udd-y-hospital-dr-luis-calvo-mackenna-celebran-dia-mundial-de-la-audicion\/#primaryimage\"},\"image\":{\"@id\":\"https:\/\/medicina.udd.cl\/fonoaudiologia-santiago\/noticias\/2021\/03\/03\/la-udd-y-hospital-dr-luis-calvo-mackenna-celebran-dia-mundial-de-la-audicion\/#primaryimage\"},\"thumbnailUrl\":\"https:\/\/medicina.udd.cl\/fonoaudiologia-santiago\/files\/2021\/03\/Diamundialaudicion3marzo.jpg\",\"datePublished\":\"2021-03-03T18:58:08+00:00\",\"dateModified\":\"2021-03-03T18:58:09+00:00\",\"author\":{\"@id\":\"https:\/\/medicina.udd.cl\/fonoaudiologia-santiago\/#\/schema\/person\/dbc3705bf3a93e8be1ba6de0ef950341\"},\"breadcrumb\":{\"@id\":\"https:\/\/medicina.udd.cl\/fonoaudiologia-santiago\/noticias\/2021\/03\/03\/la-udd-y-hospital-dr-luis-calvo-mackenna-celebran-dia-mundial-de-la-audicion\/#breadcrumb\"},\"inLanguage\":\"es\",\"potentialAction\":[{\"@type\":\"ReadAction\",\"target\":[\"https:\/\/medicina.udd.cl\/fonoaudiologia-santiago\/noticias\/2021\/03\/03\/la-udd-y-hospital-dr-luis-calvo-mackenna-celebran-dia-mundial-de-la-audicion\/\"]}]},{\"@type\":\"ImageObject\",\"inLanguage\":\"es\",\"@id\":\"https:\/\/medicina.udd.cl\/fonoaudiologia-santiago\/noticias\/2021\/03\/03\/la-udd-y-hospital-dr-luis-calvo-mackenna-celebran-dia-mundial-de-la-audicion\/#primaryimage\",\"url\":\"https:\/\/medicina.udd.cl\/fonoaudiologia-santiago\/files\/2021\/03\/Diamundialaudicion3marzo.jpg\",\"contentUrl\":\"https:\/\/medicina.udd.cl\/fonoaudiologia-santiago\/files\/2021\/03\/Diamundialaudicion3marzo.jpg\",\"width\":634,\"height\":299},{\"@type\":\"BreadcrumbList\",\"@id\":\"https:\/\/medicina.udd.cl\/fonoaudiologia-santiago\/noticias\/2021\/03\/03\/la-udd-y-hospital-dr-luis-calvo-mackenna-celebran-dia-mundial-de-la-audicion\/#breadcrumb\",\"itemListElement\":[{\"@type\":\"ListItem\",\"position\":1,\"name\":\"Home\",\"item\":\"https:\/\/medicina.udd.cl\/fonoaudiologia-santiago\/\"},{\"@type\":\"ListItem\",\"position\":2,\"name\":\"La UDD y Hospital Dr. Luis Calvo Mackenna celebran D\u00eda Mundial de la Audici\u00f3n\"}]},{\"@type\":\"WebSite\",\"@id\":\"https:\/\/medicina.udd.cl\/fonoaudiologia-santiago\/#website\",\"url\":\"https:\/\/medicina.udd.cl\/fonoaudiologia-santiago\/\",\"name\":\"Fonoaudiolog\u00eda\",\"description\":\"Facultad de Medicina Cl\u00ednica Alemana Universidad del Desarrollo\",\"inLanguage\":\"es\"},{\"@type\":\"Person\",\"@id\":\"https:\/\/medicina.udd.cl\/fonoaudiologia-santiago\/#\/schema\/person\/dbc3705bf3a93e8be1ba6de0ef950341\",\"name\":\"rbraidy\",\"image\":{\"@type\":\"ImageObject\",\"inLanguage\":\"es\",\"@id\":\"https:\/\/medicina.udd.cl\/fonoaudiologia-santiago\/#\/schema\/person\/image\/\",\"url\":\"https:\/\/secure.gravatar.com\/avatar\/0f8bc94637401590e45d2ce17eb65c274cb8870a219de6177f3f23e63fd8cdf3?s=96&d=mm&r=g\",\"contentUrl\":\"https:\/\/secure.gravatar.com\/avatar\/0f8bc94637401590e45d2ce17eb65c274cb8870a219de6177f3f23e63fd8cdf3?s=96&d=mm&r=g\",\"caption\":\"rbraidy\"},\"url\":\"https:\/\/medicina.udd.cl\/fonoaudiologia-santiago\/noticias\/author\/rbraidy\/\"}]}<\/script>\n<!-- \/ Yoast SEO plugin. -->","yoast_head_json":{"title":"La UDD y Hospital Dr. Luis Calvo Mackenna celebran D\u00eda Mundial de la Audici\u00f3n - Fonoaudiolog\u00eda","robots":{"index":"index","follow":"follow","max-snippet":"max-snippet:-1","max-image-preview":"max-image-preview:large","max-video-preview":"max-video-preview:-1"},"canonical":"https:\/\/medicina.udd.cl\/fonoaudiologia-santiago\/noticias\/2021\/03\/03\/la-udd-y-hospital-dr-luis-calvo-mackenna-celebran-dia-mundial-de-la-audicion\/","og_locale":"es_ES","og_type":"article","og_title":"La UDD y Hospital Dr. Luis Calvo Mackenna celebran D\u00eda Mundial de la Audici\u00f3n - Fonoaudiolog\u00eda","og_description":"La Facultad de Medicina Cl\u00ednica Alemana Universidad del Desarrollo junto al Hospital Dr. Luis Calvo Mackenna, en el marco del Centro de Estudios de los Sentidos y la Comunicaci\u00f3n (CESCO), invita a toda la comunidad a hacerse parte de la concientizaci\u00f3n de la importancia de cuidar y prevenir los posibles da\u00f1os a este sentido que, [&hellip;]","og_url":"https:\/\/medicina.udd.cl\/fonoaudiologia-santiago\/noticias\/2021\/03\/03\/la-udd-y-hospital-dr-luis-calvo-mackenna-celebran-dia-mundial-de-la-audicion\/","og_site_name":"Fonoaudiolog\u00eda","article_published_time":"2021-03-03T18:58:08+00:00","article_modified_time":"2021-03-03T18:58:09+00:00","og_image":[{"width":634,"height":299,"url":"https:\/\/medicina.udd.cl\/fonoaudiologia-santiago\/files\/2021\/03\/Diamundialaudicion3marzo.jpg","type":"image\/jpeg"}],"author":"rbraidy","twitter_misc":{"Escrito por":"rbraidy","Tiempo de lectura":"1 minuto"},"schema":{"@context":"https:\/\/schema.org","@graph":[{"@type":"Article","@id":"https:\/\/medicina.udd.cl\/fonoaudiologia-santiago\/noticias\/2021\/03\/03\/la-udd-y-hospital-dr-luis-calvo-mackenna-celebran-dia-mundial-de-la-audicion\/#article","isPartOf":{"@id":"https:\/\/medicina.udd.cl\/fonoaudiologia-santiago\/noticias\/2021\/03\/03\/la-udd-y-hospital-dr-luis-calvo-mackenna-celebran-dia-mundial-de-la-audicion\/"},"author":{"name":"rbraidy","@id":"https:\/\/medicina.udd.cl\/fonoaudiologia-santiago\/#\/schema\/person\/dbc3705bf3a93e8be1ba6de0ef950341"},"headline":"La UDD y Hospital Dr. Luis Calvo Mackenna celebran D\u00eda Mundial de la Audici\u00f3n","datePublished":"2021-03-03T18:58:08+00:00","dateModified":"2021-03-03T18:58:09+00:00","mainEntityOfPage":{"@id":"https:\/\/medicina.udd.cl\/fonoaudiologia-santiago\/noticias\/2021\/03\/03\/la-udd-y-hospital-dr-luis-calvo-mackenna-celebran-dia-mundial-de-la-audicion\/"},"wordCount":270,"commentCount":0,"image":{"@id":"https:\/\/medicina.udd.cl\/fonoaudiologia-santiago\/noticias\/2021\/03\/03\/la-udd-y-hospital-dr-luis-calvo-mackenna-celebran-dia-mundial-de-la-audicion\/#primaryimage"},"thumbnailUrl":"https:\/\/medicina.udd.cl\/fonoaudiologia-santiago\/files\/2021\/03\/Diamundialaudicion3marzo.jpg","articleSection":["Noticias"],"inLanguage":"es","potentialAction":[{"@type":"CommentAction","name":"Comment","target":["https:\/\/medicina.udd.cl\/fonoaudiologia-santiago\/noticias\/2021\/03\/03\/la-udd-y-hospital-dr-luis-calvo-mackenna-celebran-dia-mundial-de-la-audicion\/#respond"]}]},{"@type":"WebPage","@id":"https:\/\/medicina.udd.cl\/fonoaudiologia-santiago\/noticias\/2021\/03\/03\/la-udd-y-hospital-dr-luis-calvo-mackenna-celebran-dia-mundial-de-la-audicion\/","url":"https:\/\/medicina.udd.cl\/fonoaudiologia-santiago\/noticias\/2021\/03\/03\/la-udd-y-hospital-dr-luis-calvo-mackenna-celebran-dia-mundial-de-la-audicion\/","name":"La UDD y Hospital Dr. Luis Calvo Mackenna celebran D\u00eda Mundial de la Audici\u00f3n - Fonoaudiolog\u00eda","isPartOf":{"@id":"https:\/\/medicina.udd.cl\/fonoaudiologia-santiago\/#website"},"primaryImageOfPage":{"@id":"https:\/\/medicina.udd.cl\/fonoaudiologia-santiago\/noticias\/2021\/03\/03\/la-udd-y-hospital-dr-luis-calvo-mackenna-celebran-dia-mundial-de-la-audicion\/#primaryimage"},"image":{"@id":"https:\/\/medicina.udd.cl\/fonoaudiologia-santiago\/noticias\/2021\/03\/03\/la-udd-y-hospital-dr-luis-calvo-mackenna-celebran-dia-mundial-de-la-audicion\/#primaryimage"},"thumbnailUrl":"https:\/\/medicina.udd.cl\/fonoaudiologia-santiago\/files\/2021\/03\/Diamundialaudicion3marzo.jpg","datePublished":"2021-03-03T18:58:08+00:00","dateModified":"2021-03-03T18:58:09+00:00","author":{"@id":"https:\/\/medicina.udd.cl\/fonoaudiologia-santiago\/#\/schema\/person\/dbc3705bf3a93e8be1ba6de0ef950341"},"breadcrumb":{"@id":"https:\/\/medicina.udd.cl\/fonoaudiologia-santiago\/noticias\/2021\/03\/03\/la-udd-y-hospital-dr-luis-calvo-mackenna-celebran-dia-mundial-de-la-audicion\/#breadcrumb"},"inLanguage":"es","potentialAction":[{"@type":"ReadAction","target":["https:\/\/medicina.udd.cl\/fonoaudiologia-santiago\/noticias\/2021\/03\/03\/la-udd-y-hospital-dr-luis-calvo-mackenna-celebran-dia-mundial-de-la-audicion\/"]}]},{"@type":"ImageObject","inLanguage":"es","@id":"https:\/\/medicina.udd.cl\/fonoaudiologia-santiago\/noticias\/2021\/03\/03\/la-udd-y-hospital-dr-luis-calvo-mackenna-celebran-dia-mundial-de-la-audicion\/#primaryimage","url":"https:\/\/medicina.udd.cl\/fonoaudiologia-santiago\/files\/2021\/03\/Diamundialaudicion3marzo.jpg","contentUrl":"https:\/\/medicina.udd.cl\/fonoaudiologia-santiago\/files\/2021\/03\/Diamundialaudicion3marzo.jpg","width":634,"height":299},{"@type":"BreadcrumbList","@id":"https:\/\/medicina.udd.cl\/fonoaudiologia-santiago\/noticias\/2021\/03\/03\/la-udd-y-hospital-dr-luis-calvo-mackenna-celebran-dia-mundial-de-la-audicion\/#breadcrumb","itemListElement":[{"@type":"ListItem","position":1,"name":"Home","item":"https:\/\/medicina.udd.cl\/fonoaudiologia-santiago\/"},{"@type":"ListItem","position":2,"name":"La UDD y Hospital Dr. Luis Calvo Mackenna celebran D\u00eda Mundial de la Audici\u00f3n"}]},{"@type":"WebSite","@id":"https:\/\/medicina.udd.cl\/fonoaudiologia-santiago\/#website","url":"https:\/\/medicina.udd.cl\/fonoaudiologia-santiago\/","name":"Fonoaudiolog\u00eda","description":"Facultad de Medicina Cl\u00ednica Alemana Universidad del Desarrollo","inLanguage":"es"},{"@type":"Person","@id":"https:\/\/medicina.udd.cl\/fonoaudiologia-santiago\/#\/schema\/person\/dbc3705bf3a93e8be1ba6de0ef950341","name":"rbraidy","image":{"@type":"ImageObject","inLanguage":"es","@id":"https:\/\/medicina.udd.cl\/fonoaudiologia-santiago\/#\/schema\/person\/image\/","url":"https:\/\/secure.gravatar.com\/avatar\/0f8bc94637401590e45d2ce17eb65c274cb8870a219de6177f3f23e63fd8cdf3?s=96&d=mm&r=g","contentUrl":"https:\/\/secure.gravatar.com\/avatar\/0f8bc94637401590e45d2ce17eb65c274cb8870a219de6177f3f23e63fd8cdf3?s=96&d=mm&r=g","caption":"rbraidy"},"url":"https:\/\/medicina.udd.cl\/fonoaudiologia-santiago\/noticias\/author\/rbraidy\/"}]}},"featured_image_url":"https:\/\/medicina.udd.cl\/fonoaudiologia-santiago\/files\/2021\/03\/Diamundialaudicion3marzo.jpg","_links":{"self":[{"href":"https:\/\/medicina.udd.cl\/fonoaudiologia-santiago\/wp-json\/wp\/v2\/posts\/5122","targetHints":{"allow":["GET"]}}],"collection":[{"href":"https:\/\/medicina.udd.cl\/fonoaudiologia-santiago\/wp-json\/wp\/v2\/posts"}],"about":[{"href":"https:\/\/medicina.udd.cl\/fonoaudiologia-santiago\/wp-json\/wp\/v2\/types\/post"}],"author":[{"embeddable":true,"href":"https:\/\/medicina.udd.cl\/fonoaudiologia-santiago\/wp-json\/wp\/v2\/users\/9192219"}],"replies":[{"embeddable":true,"href":"https:\/\/medicina.udd.cl\/fonoaudiologia-santiago\/wp-json\/wp\/v2\/comments?post=5122"}],"version-history":[{"count":1,"href":"https:\/\/medicina.udd.cl\/fonoaudiologia-santiago\/wp-json\/wp\/v2\/posts\/5122\/revisions"}],"predecessor-version":[{"id":5125,"href":"https:\/\/medicina.udd.cl\/fonoaudiologia-santiago\/wp-json\/wp\/v2\/posts\/5122\/revisions\/5125"}],"wp:featuredmedia":[{"embeddable":true,"href":"https:\/\/medicina.udd.cl\/fonoaudiologia-santiago\/wp-json\/wp\/v2\/media\/5124"}],"wp:attachment":[{"href":"https:\/\/medicina.udd.cl\/fonoaudiologia-santiago\/wp-json\/wp\/v2\/media?parent=5122"}],"wp:term":[{"taxonomy":"category","embeddable":true,"href":"https:\/\/medicina.udd.cl\/fonoaudiologia-santiago\/wp-json\/wp\/v2\/categories?post=5122"},{"taxonomy":"post_tag","embeddable":true,"href":"https:\/\/medicina.udd.cl\/fonoaudiologia-santiago\/wp-json\/wp\/v2\/tags?post=5122"}],"curies":[{"name":"wp","href":"https:\/\/api.w.org\/{rel}","templated":true}]}}