{"id":5148,"date":"2021-04-16T12:11:00","date_gmt":"2021-04-16T16:11:00","guid":{"rendered":"http:\/\/medicina.udd.cl\/fonoaudiologia-santiago\/?p=5148"},"modified":"2021-04-19T12:23:15","modified_gmt":"2021-04-19T16:23:15","slug":"dia-mundial-de-la-voz","status":"publish","type":"post","link":"https:\/\/medicina.udd.cl\/fonoaudiologia-santiago\/noticias\/2021\/04\/16\/dia-mundial-de-la-voz\/","title":{"rendered":"D\u00eda Mundial de la voz"},"content":{"rendered":"\n<div class=\"wp-block-image\"><figure class=\"alignright size-large is-resized\"><img loading=\"lazy\" decoding=\"async\" src=\"https:\/\/medicina.udd.cl\/fonoaudiologia-santiago\/files\/2021\/04\/Portada-IGTV-.jpg\" alt=\"\" class=\"wp-image-5150\" width=\"315\" height=\"491\" srcset=\"https:\/\/medicina.udd.cl\/fonoaudiologia-santiago\/files\/2021\/04\/Portada-IGTV-.jpg 420w, https:\/\/medicina.udd.cl\/fonoaudiologia-santiago\/files\/2021\/04\/Portada-IGTV--193x300.jpg 193w\" sizes=\"auto, (max-width: 315px) 100vw, 315px\" \/><\/figure><\/div>\n\n\n\n<p>Cada 16 de abril se celebra el D\u00eda Mundial de la voz, donde se recuerda la importancia que esta tiene en nuestras vidas y los cuidados que debemos proporcionarle, sobre todo aquellas personas que la utilizan como herramienta de trabajo.<\/p>\n\n\n\n<p>El D\u00eda Mundial de la voz, se celebra desde 1999, cuando fue decretado por la Federaci\u00f3n de Sociedades de Otorrinolaringolog\u00eda con el objetivo de crear conciencia de la importancia que tiene la misma, as\u00ed como para evitar problemas relacionados con las cuerdas vocales.<\/p>\n\n\n\n<p>En este contexto, el equipo docente del \u00e1rea de voz de la carrera de Fonoaudiolog\u00eda de la Facultad de Medicina Cl\u00ednica Alemana Universidad del Desarrollo, env\u00eda un mensaje y un cordial saludo en este d\u00eda tan significativo:<\/p>\n\n\n\n<figure class=\"wp-block-embed-youtube wp-block-embed is-type-video is-provider-youtube wp-embed-aspect-16-9 wp-has-aspect-ratio\"><div class=\"wp-block-embed__wrapper\">\n<iframe loading=\"lazy\" title=\"D\u00eda Mundial de la voz\" width=\"500\" height=\"281\" src=\"https:\/\/www.youtube.com\/embed\/04xX_pPrq_4?feature=oembed&#038;rel=0&#038;modestbranding=1&#038;autohide=1&#038;autoplay=0&#038;enablejsapi=1&#038;showinfo=0\" allowautoplay=\"allowautoplay\" frameborder=\"0\" allow=\"accelerometer; autoplay; clipboard-write; encrypted-media; gyroscope; picture-in-picture; web-share\" referrerpolicy=\"strict-origin-when-cross-origin\" allowfullscreen><\/iframe>\n<\/div><\/figure>\n","protected":false},"excerpt":{"rendered":"<p>Cada 16 de abril se celebra el D\u00eda Mundial de la voz, donde se recuerda la importancia que esta tiene en nuestras vidas y los cuidados que debemos proporcionarle, sobre todo aquellas personas que la utilizan como herramienta de trabajo. El D\u00eda Mundial de la voz, se celebra desde 1999, cuando fue decretado por la [&hellip;]<\/p>\n","protected":false},"author":9192219,"featured_media":5155,"comment_status":"open","ping_status":"open","sticky":false,"template":"","format":"standard","meta":{"footnotes":""},"categories":[4],"tags":[],"class_list":["post-5148","post","type-post","status-publish","format-standard","has-post-thumbnail","hentry","category-noticias"],"yoast_head":"<!-- This site is optimized with the Yoast SEO plugin v26.9 - https:\/\/yoast.com\/product\/yoast-seo-wordpress\/ -->\n<title>D\u00eda Mundial de la voz - Fonoaudiolog\u00eda<\/title>\n<meta name=\"robots\" content=\"index, follow, max-snippet:-1, max-image-preview:large, max-video-preview:-1\" \/>\n<link rel=\"canonical\" href=\"https:\/\/medicina.udd.cl\/fonoaudiologia-santiago\/noticias\/2021\/04\/16\/dia-mundial-de-la-voz\/\" \/>\n<meta property=\"og:locale\" content=\"es_ES\" \/>\n<meta property=\"og:type\" content=\"article\" \/>\n<meta property=\"og:title\" content=\"D\u00eda Mundial de la voz - Fonoaudiolog\u00eda\" \/>\n<meta property=\"og:description\" content=\"Cada 16 de abril se celebra el D\u00eda Mundial de la voz, donde se recuerda la importancia que esta tiene en nuestras vidas y los cuidados que debemos proporcionarle, sobre todo aquellas personas que la utilizan como herramienta de trabajo. El D\u00eda Mundial de la voz, se celebra desde 1999, cuando fue decretado por la [&hellip;]\" \/>\n<meta property=\"og:url\" content=\"https:\/\/medicina.udd.cl\/fonoaudiologia-santiago\/noticias\/2021\/04\/16\/dia-mundial-de-la-voz\/\" \/>\n<meta property=\"og:site_name\" content=\"Fonoaudiolog\u00eda\" \/>\n<meta property=\"article:published_time\" content=\"2021-04-16T16:11:00+00:00\" \/>\n<meta property=\"article:modified_time\" content=\"2021-04-19T16:23:15+00:00\" \/>\n<meta property=\"og:image\" content=\"https:\/\/medicina.udd.cl\/fonoaudiologia-santiago\/files\/2021\/04\/DiaMundialVoz1.jpg\" \/>\n\t<meta property=\"og:image:width\" content=\"436\" \/>\n\t<meta property=\"og:image:height\" content=\"294\" \/>\n\t<meta property=\"og:image:type\" content=\"image\/jpeg\" \/>\n<meta name=\"author\" content=\"rbraidy\" \/>\n<meta name=\"twitter:label1\" content=\"Escrito por\" \/>\n\t<meta name=\"twitter:data1\" content=\"rbraidy\" \/>\n\t<meta name=\"twitter:label2\" content=\"Tiempo de lectura\" \/>\n\t<meta name=\"twitter:data2\" content=\"1 minuto\" \/>\n<script type=\"application\/ld+json\" class=\"yoast-schema-graph\">{\"@context\":\"https:\/\/schema.org\",\"@graph\":[{\"@type\":\"Article\",\"@id\":\"https:\/\/medicina.udd.cl\/fonoaudiologia-santiago\/noticias\/2021\/04\/16\/dia-mundial-de-la-voz\/#article\",\"isPartOf\":{\"@id\":\"https:\/\/medicina.udd.cl\/fonoaudiologia-santiago\/noticias\/2021\/04\/16\/dia-mundial-de-la-voz\/\"},\"author\":{\"name\":\"rbraidy\",\"@id\":\"https:\/\/medicina.udd.cl\/fonoaudiologia-santiago\/#\/schema\/person\/dbc3705bf3a93e8be1ba6de0ef950341\"},\"headline\":\"D\u00eda Mundial de la voz\",\"datePublished\":\"2021-04-16T16:11:00+00:00\",\"dateModified\":\"2021-04-19T16:23:15+00:00\",\"mainEntityOfPage\":{\"@id\":\"https:\/\/medicina.udd.cl\/fonoaudiologia-santiago\/noticias\/2021\/04\/16\/dia-mundial-de-la-voz\/\"},\"wordCount\":140,\"commentCount\":0,\"image\":{\"@id\":\"https:\/\/medicina.udd.cl\/fonoaudiologia-santiago\/noticias\/2021\/04\/16\/dia-mundial-de-la-voz\/#primaryimage\"},\"thumbnailUrl\":\"https:\/\/medicina.udd.cl\/fonoaudiologia-santiago\/files\/2021\/04\/DiaMundialVoz1.jpg\",\"articleSection\":[\"Noticias\"],\"inLanguage\":\"es\",\"potentialAction\":[{\"@type\":\"CommentAction\",\"name\":\"Comment\",\"target\":[\"https:\/\/medicina.udd.cl\/fonoaudiologia-santiago\/noticias\/2021\/04\/16\/dia-mundial-de-la-voz\/#respond\"]}]},{\"@type\":\"WebPage\",\"@id\":\"https:\/\/medicina.udd.cl\/fonoaudiologia-santiago\/noticias\/2021\/04\/16\/dia-mundial-de-la-voz\/\",\"url\":\"https:\/\/medicina.udd.cl\/fonoaudiologia-santiago\/noticias\/2021\/04\/16\/dia-mundial-de-la-voz\/\",\"name\":\"D\u00eda Mundial de la voz - Fonoaudiolog\u00eda\",\"isPartOf\":{\"@id\":\"https:\/\/medicina.udd.cl\/fonoaudiologia-santiago\/#website\"},\"primaryImageOfPage\":{\"@id\":\"https:\/\/medicina.udd.cl\/fonoaudiologia-santiago\/noticias\/2021\/04\/16\/dia-mundial-de-la-voz\/#primaryimage\"},\"image\":{\"@id\":\"https:\/\/medicina.udd.cl\/fonoaudiologia-santiago\/noticias\/2021\/04\/16\/dia-mundial-de-la-voz\/#primaryimage\"},\"thumbnailUrl\":\"https:\/\/medicina.udd.cl\/fonoaudiologia-santiago\/files\/2021\/04\/DiaMundialVoz1.jpg\",\"datePublished\":\"2021-04-16T16:11:00+00:00\",\"dateModified\":\"2021-04-19T16:23:15+00:00\",\"author\":{\"@id\":\"https:\/\/medicina.udd.cl\/fonoaudiologia-santiago\/#\/schema\/person\/dbc3705bf3a93e8be1ba6de0ef950341\"},\"breadcrumb\":{\"@id\":\"https:\/\/medicina.udd.cl\/fonoaudiologia-santiago\/noticias\/2021\/04\/16\/dia-mundial-de-la-voz\/#breadcrumb\"},\"inLanguage\":\"es\",\"potentialAction\":[{\"@type\":\"ReadAction\",\"target\":[\"https:\/\/medicina.udd.cl\/fonoaudiologia-santiago\/noticias\/2021\/04\/16\/dia-mundial-de-la-voz\/\"]}]},{\"@type\":\"ImageObject\",\"inLanguage\":\"es\",\"@id\":\"https:\/\/medicina.udd.cl\/fonoaudiologia-santiago\/noticias\/2021\/04\/16\/dia-mundial-de-la-voz\/#primaryimage\",\"url\":\"https:\/\/medicina.udd.cl\/fonoaudiologia-santiago\/files\/2021\/04\/DiaMundialVoz1.jpg\",\"contentUrl\":\"https:\/\/medicina.udd.cl\/fonoaudiologia-santiago\/files\/2021\/04\/DiaMundialVoz1.jpg\",\"width\":436,\"height\":294},{\"@type\":\"BreadcrumbList\",\"@id\":\"https:\/\/medicina.udd.cl\/fonoaudiologia-santiago\/noticias\/2021\/04\/16\/dia-mundial-de-la-voz\/#breadcrumb\",\"itemListElement\":[{\"@type\":\"ListItem\",\"position\":1,\"name\":\"Home\",\"item\":\"https:\/\/medicina.udd.cl\/fonoaudiologia-santiago\/\"},{\"@type\":\"ListItem\",\"position\":2,\"name\":\"D\u00eda Mundial de la voz\"}]},{\"@type\":\"WebSite\",\"@id\":\"https:\/\/medicina.udd.cl\/fonoaudiologia-santiago\/#website\",\"url\":\"https:\/\/medicina.udd.cl\/fonoaudiologia-santiago\/\",\"name\":\"Fonoaudiolog\u00eda\",\"description\":\"Facultad de Medicina Cl\u00ednica Alemana Universidad del Desarrollo\",\"inLanguage\":\"es\"},{\"@type\":\"Person\",\"@id\":\"https:\/\/medicina.udd.cl\/fonoaudiologia-santiago\/#\/schema\/person\/dbc3705bf3a93e8be1ba6de0ef950341\",\"name\":\"rbraidy\",\"image\":{\"@type\":\"ImageObject\",\"inLanguage\":\"es\",\"@id\":\"https:\/\/medicina.udd.cl\/fonoaudiologia-santiago\/#\/schema\/person\/image\/\",\"url\":\"https:\/\/secure.gravatar.com\/avatar\/0f8bc94637401590e45d2ce17eb65c274cb8870a219de6177f3f23e63fd8cdf3?s=96&d=mm&r=g\",\"contentUrl\":\"https:\/\/secure.gravatar.com\/avatar\/0f8bc94637401590e45d2ce17eb65c274cb8870a219de6177f3f23e63fd8cdf3?s=96&d=mm&r=g\",\"caption\":\"rbraidy\"},\"url\":\"https:\/\/medicina.udd.cl\/fonoaudiologia-santiago\/noticias\/author\/rbraidy\/\"}]}<\/script>\n<!-- \/ Yoast SEO plugin. -->","yoast_head_json":{"title":"D\u00eda Mundial de la voz - Fonoaudiolog\u00eda","robots":{"index":"index","follow":"follow","max-snippet":"max-snippet:-1","max-image-preview":"max-image-preview:large","max-video-preview":"max-video-preview:-1"},"canonical":"https:\/\/medicina.udd.cl\/fonoaudiologia-santiago\/noticias\/2021\/04\/16\/dia-mundial-de-la-voz\/","og_locale":"es_ES","og_type":"article","og_title":"D\u00eda Mundial de la voz - Fonoaudiolog\u00eda","og_description":"Cada 16 de abril se celebra el D\u00eda Mundial de la voz, donde se recuerda la importancia que esta tiene en nuestras vidas y los cuidados que debemos proporcionarle, sobre todo aquellas personas que la utilizan como herramienta de trabajo. El D\u00eda Mundial de la voz, se celebra desde 1999, cuando fue decretado por la [&hellip;]","og_url":"https:\/\/medicina.udd.cl\/fonoaudiologia-santiago\/noticias\/2021\/04\/16\/dia-mundial-de-la-voz\/","og_site_name":"Fonoaudiolog\u00eda","article_published_time":"2021-04-16T16:11:00+00:00","article_modified_time":"2021-04-19T16:23:15+00:00","og_image":[{"width":436,"height":294,"url":"https:\/\/medicina.udd.cl\/fonoaudiologia-santiago\/files\/2021\/04\/DiaMundialVoz1.jpg","type":"image\/jpeg"}],"author":"rbraidy","twitter_misc":{"Escrito por":"rbraidy","Tiempo de lectura":"1 minuto"},"schema":{"@context":"https:\/\/schema.org","@graph":[{"@type":"Article","@id":"https:\/\/medicina.udd.cl\/fonoaudiologia-santiago\/noticias\/2021\/04\/16\/dia-mundial-de-la-voz\/#article","isPartOf":{"@id":"https:\/\/medicina.udd.cl\/fonoaudiologia-santiago\/noticias\/2021\/04\/16\/dia-mundial-de-la-voz\/"},"author":{"name":"rbraidy","@id":"https:\/\/medicina.udd.cl\/fonoaudiologia-santiago\/#\/schema\/person\/dbc3705bf3a93e8be1ba6de0ef950341"},"headline":"D\u00eda Mundial de la voz","datePublished":"2021-04-16T16:11:00+00:00","dateModified":"2021-04-19T16:23:15+00:00","mainEntityOfPage":{"@id":"https:\/\/medicina.udd.cl\/fonoaudiologia-santiago\/noticias\/2021\/04\/16\/dia-mundial-de-la-voz\/"},"wordCount":140,"commentCount":0,"image":{"@id":"https:\/\/medicina.udd.cl\/fonoaudiologia-santiago\/noticias\/2021\/04\/16\/dia-mundial-de-la-voz\/#primaryimage"},"thumbnailUrl":"https:\/\/medicina.udd.cl\/fonoaudiologia-santiago\/files\/2021\/04\/DiaMundialVoz1.jpg","articleSection":["Noticias"],"inLanguage":"es","potentialAction":[{"@type":"CommentAction","name":"Comment","target":["https:\/\/medicina.udd.cl\/fonoaudiologia-santiago\/noticias\/2021\/04\/16\/dia-mundial-de-la-voz\/#respond"]}]},{"@type":"WebPage","@id":"https:\/\/medicina.udd.cl\/fonoaudiologia-santiago\/noticias\/2021\/04\/16\/dia-mundial-de-la-voz\/","url":"https:\/\/medicina.udd.cl\/fonoaudiologia-santiago\/noticias\/2021\/04\/16\/dia-mundial-de-la-voz\/","name":"D\u00eda Mundial de la voz - Fonoaudiolog\u00eda","isPartOf":{"@id":"https:\/\/medicina.udd.cl\/fonoaudiologia-santiago\/#website"},"primaryImageOfPage":{"@id":"https:\/\/medicina.udd.cl\/fonoaudiologia-santiago\/noticias\/2021\/04\/16\/dia-mundial-de-la-voz\/#primaryimage"},"image":{"@id":"https:\/\/medicina.udd.cl\/fonoaudiologia-santiago\/noticias\/2021\/04\/16\/dia-mundial-de-la-voz\/#primaryimage"},"thumbnailUrl":"https:\/\/medicina.udd.cl\/fonoaudiologia-santiago\/files\/2021\/04\/DiaMundialVoz1.jpg","datePublished":"2021-04-16T16:11:00+00:00","dateModified":"2021-04-19T16:23:15+00:00","author":{"@id":"https:\/\/medicina.udd.cl\/fonoaudiologia-santiago\/#\/schema\/person\/dbc3705bf3a93e8be1ba6de0ef950341"},"breadcrumb":{"@id":"https:\/\/medicina.udd.cl\/fonoaudiologia-santiago\/noticias\/2021\/04\/16\/dia-mundial-de-la-voz\/#breadcrumb"},"inLanguage":"es","potentialAction":[{"@type":"ReadAction","target":["https:\/\/medicina.udd.cl\/fonoaudiologia-santiago\/noticias\/2021\/04\/16\/dia-mundial-de-la-voz\/"]}]},{"@type":"ImageObject","inLanguage":"es","@id":"https:\/\/medicina.udd.cl\/fonoaudiologia-santiago\/noticias\/2021\/04\/16\/dia-mundial-de-la-voz\/#primaryimage","url":"https:\/\/medicina.udd.cl\/fonoaudiologia-santiago\/files\/2021\/04\/DiaMundialVoz1.jpg","contentUrl":"https:\/\/medicina.udd.cl\/fonoaudiologia-santiago\/files\/2021\/04\/DiaMundialVoz1.jpg","width":436,"height":294},{"@type":"BreadcrumbList","@id":"https:\/\/medicina.udd.cl\/fonoaudiologia-santiago\/noticias\/2021\/04\/16\/dia-mundial-de-la-voz\/#breadcrumb","itemListElement":[{"@type":"ListItem","position":1,"name":"Home","item":"https:\/\/medicina.udd.cl\/fonoaudiologia-santiago\/"},{"@type":"ListItem","position":2,"name":"D\u00eda Mundial de la voz"}]},{"@type":"WebSite","@id":"https:\/\/medicina.udd.cl\/fonoaudiologia-santiago\/#website","url":"https:\/\/medicina.udd.cl\/fonoaudiologia-santiago\/","name":"Fonoaudiolog\u00eda","description":"Facultad de Medicina Cl\u00ednica Alemana Universidad del Desarrollo","inLanguage":"es"},{"@type":"Person","@id":"https:\/\/medicina.udd.cl\/fonoaudiologia-santiago\/#\/schema\/person\/dbc3705bf3a93e8be1ba6de0ef950341","name":"rbraidy","image":{"@type":"ImageObject","inLanguage":"es","@id":"https:\/\/medicina.udd.cl\/fonoaudiologia-santiago\/#\/schema\/person\/image\/","url":"https:\/\/secure.gravatar.com\/avatar\/0f8bc94637401590e45d2ce17eb65c274cb8870a219de6177f3f23e63fd8cdf3?s=96&d=mm&r=g","contentUrl":"https:\/\/secure.gravatar.com\/avatar\/0f8bc94637401590e45d2ce17eb65c274cb8870a219de6177f3f23e63fd8cdf3?s=96&d=mm&r=g","caption":"rbraidy"},"url":"https:\/\/medicina.udd.cl\/fonoaudiologia-santiago\/noticias\/author\/rbraidy\/"}]}},"featured_image_url":"https:\/\/medicina.udd.cl\/fonoaudiologia-santiago\/files\/2021\/04\/DiaMundialVoz1.jpg","_links":{"self":[{"href":"https:\/\/medicina.udd.cl\/fonoaudiologia-santiago\/wp-json\/wp\/v2\/posts\/5148","targetHints":{"allow":["GET"]}}],"collection":[{"href":"https:\/\/medicina.udd.cl\/fonoaudiologia-santiago\/wp-json\/wp\/v2\/posts"}],"about":[{"href":"https:\/\/medicina.udd.cl\/fonoaudiologia-santiago\/wp-json\/wp\/v2\/types\/post"}],"author":[{"embeddable":true,"href":"https:\/\/medicina.udd.cl\/fonoaudiologia-santiago\/wp-json\/wp\/v2\/users\/9192219"}],"replies":[{"embeddable":true,"href":"https:\/\/medicina.udd.cl\/fonoaudiologia-santiago\/wp-json\/wp\/v2\/comments?post=5148"}],"version-history":[{"count":2,"href":"https:\/\/medicina.udd.cl\/fonoaudiologia-santiago\/wp-json\/wp\/v2\/posts\/5148\/revisions"}],"predecessor-version":[{"id":5152,"href":"https:\/\/medicina.udd.cl\/fonoaudiologia-santiago\/wp-json\/wp\/v2\/posts\/5148\/revisions\/5152"}],"wp:featuredmedia":[{"embeddable":true,"href":"https:\/\/medicina.udd.cl\/fonoaudiologia-santiago\/wp-json\/wp\/v2\/media\/5155"}],"wp:attachment":[{"href":"https:\/\/medicina.udd.cl\/fonoaudiologia-santiago\/wp-json\/wp\/v2\/media?parent=5148"}],"wp:term":[{"taxonomy":"category","embeddable":true,"href":"https:\/\/medicina.udd.cl\/fonoaudiologia-santiago\/wp-json\/wp\/v2\/categories?post=5148"},{"taxonomy":"post_tag","embeddable":true,"href":"https:\/\/medicina.udd.cl\/fonoaudiologia-santiago\/wp-json\/wp\/v2\/tags?post=5148"}],"curies":[{"name":"wp","href":"https:\/\/api.w.org\/{rel}","templated":true}]}}