{"id":5211,"date":"2021-09-01T14:46:23","date_gmt":"2021-09-01T18:46:23","guid":{"rendered":"https:\/\/medicina.udd.cl\/fonoaudiologia-santiago\/?p=5211"},"modified":"2021-09-01T14:46:23","modified_gmt":"2021-09-01T18:46:23","slug":"estudiantes-de-fonoaudiologia-udd-finalistas-en-concurso-de-tesis-de-sochifo","status":"publish","type":"post","link":"https:\/\/medicina.udd.cl\/fonoaudiologia-santiago\/noticias\/2021\/09\/01\/estudiantes-de-fonoaudiologia-udd-finalistas-en-concurso-de-tesis-de-sochifo\/","title":{"rendered":"Estudiantes de Fonoaudiolog\u00eda UDD finalistas en concurso de tesis de SOCHIFO"},"content":{"rendered":"\n<div class=\"wp-block-image\"><figure class=\"alignright size-large is-resized\"><img loading=\"lazy\" decoding=\"async\" src=\"https:\/\/medicina.udd.cl\/fonoaudiologia-santiago\/files\/2021\/09\/Afiche-3er-concurso-SOCHIFO.png\" alt=\"\" class=\"wp-image-5213\" width=\"442\" height=\"478\" srcset=\"https:\/\/medicina.udd.cl\/fonoaudiologia-santiago\/files\/2021\/09\/Afiche-3er-concurso-SOCHIFO.png 884w, https:\/\/medicina.udd.cl\/fonoaudiologia-santiago\/files\/2021\/09\/Afiche-3er-concurso-SOCHIFO-277x300.png 277w, https:\/\/medicina.udd.cl\/fonoaudiologia-santiago\/files\/2021\/09\/Afiche-3er-concurso-SOCHIFO-768x831.png 768w\" sizes=\"auto, (max-width: 442px) 100vw, 442px\" \/><\/figure><\/div>\n\n\n\n<p>Las alumnas de 5to a\u00f1o de la\ncarrera de Fonoaudiolog\u00eda de la Facultad de Medicina Cl\u00ednica Alemana\nUniversidad del Desarrollo, Giovanna Monichi Valdenegro y Francisca Miranda\nLlanos, participaron en el 3er concurso de tesis de pregrado que realiza la\nSociedad Chilena de Fonoaudiolog\u00eda (SOCHIFO), resultando finalistas con su\ntrabajo titulado \u201cManejo y uso de t\u00e9cnicas de presi\u00f3n adecuada del \u201ccuff\u201d por\nfonoaudi\u00f3logos en Chile en usuarios adultos con v\u00eda a\u00e9rea artificial\u201d.<\/p>\n\n\n\n<p>Las estudiantes se\u00f1alaron que\ndecidieron participar en este concurso porque \u201cen Chile no existe una gu\u00eda\nministerial que regule el rango de presiones adecuadas para insuflar el cuff o\nbal\u00f3n que se utiliza en tubos endotraqueales y algunas c\u00e1nulas de\ntraqueostom\u00eda, que tiene por finalidad evitar el riesgo de aspiraci\u00f3n y sellar\nla v\u00eda a\u00e9rea durante la ventilaci\u00f3n mec\u00e1nica\u201d. <\/p>\n\n\n\n<p>El estudio revisa las\nrecomendaciones de la literatura y las sugerencias m\u00e1s actualizadas, adem\u00e1s de un\nan\u00e1lisis de los valores de presi\u00f3n utilizados por fonoaudi\u00f3logos en Chile y los\nconsignados en los protocolos internos de algunas instituciones de la salud\n(p\u00fablicas y privadas). <\/p>\n\n\n\n<p>\u201cMediante estad\u00edsticas\ndescriptivas y anal\u00edticas, concluimos que los valores m\u00ednimos y m\u00e1ximos de\npresi\u00f3n del cuff reportados por los participantes podr\u00edan ser poco seguros\ndurante la atenci\u00f3n a pacientes adultos con v\u00eda a\u00e9rea artificial. Frente a esto,\nse sugiere el seguimiento de la literatura m\u00e1s reciente, actualizaci\u00f3n de los\nprotocolos, el desarrollo de una gu\u00eda nacional y una revisi\u00f3n de los protocolos\ninstitucionales en otros pa\u00edses\u201d, dijeron las alumnas.<\/p>\n\n\n\n<p>Adem\u00e1s de las estudiantes UDD,\nla SOCHIFO seleccion\u00f3 como finalistas de este concurso a otros cuatros grupos\nde las Universidades de La Frontera, de Antofagasta, Cat\u00f3lica, de Chile y del\nValle, Colombia.<\/p>\n\n\n\n<p>\u201cDurante la realizaci\u00f3n de\neste proyecto hemos aprendido mucho y hemos ahondado en un tema muy relevante. Darlo\na conocer significa mucho para nosotras, es un reconocimiento al esfuerzo y la\nperseverancia, lo cual es muy gratificante. El apoyo de nuestro tutor, Felipe\nRosales Lillo, y de nuestra asesora metodol\u00f3gica, Fabiola Mar\u00edn Garrido fue\nfundamental en este estudio\u201d, se\u00f1alaron las alumnas de Fonoaudiolog\u00eda UDD.<\/p>\n\n\n\n<p>Por su parte, la directora de la carrera de Fonoaudiolog\u00eda UDD, Mar\u00eda Ang\u00e9lica L\u00f3pez, destac\u00f3 el esfuerzo y la dedicaci\u00f3n de Giovanna y Francisca por haber alcanzado estas instancias en un concurso de relevancia para la profesi\u00f3n en el pa\u00eds. \u201cEs una excelente noticia, son un orgullo para la carrera de Fonoaudiolog\u00eda de la Universidad del Desarrollo. Significan un gran ejemplo de motivaci\u00f3n para que las dem\u00e1s estudiantes participen y se destaquen\u201d, dijo L\u00f3pez.  <\/p>\n\n\n\n<figure class=\"wp-block-gallery columns-2 is-cropped wp-block-gallery-1 is-layout-flex wp-block-gallery-is-layout-flex\"><ul class=\"blocks-gallery-grid\"><li class=\"blocks-gallery-item\"><figure><img loading=\"lazy\" decoding=\"async\" width=\"770\" height=\"1024\" src=\"https:\/\/medicina.udd.cl\/fonoaudiologia-santiago\/files\/2021\/09\/Francisca-Miranda-770x1024.png\" alt=\"\" data-id=\"5214\" data-full-url=\"https:\/\/medicina.udd.cl\/fonoaudiologia-santiago\/files\/2021\/09\/Francisca-Miranda.png\" data-link=\"https:\/\/medicina.udd.cl\/fonoaudiologia-santiago\/?attachment_id=5214\" class=\"wp-image-5214\" srcset=\"https:\/\/medicina.udd.cl\/fonoaudiologia-santiago\/files\/2021\/09\/Francisca-Miranda-770x1024.png 770w, https:\/\/medicina.udd.cl\/fonoaudiologia-santiago\/files\/2021\/09\/Francisca-Miranda-225x300.png 225w, https:\/\/medicina.udd.cl\/fonoaudiologia-santiago\/files\/2021\/09\/Francisca-Miranda-768x1022.png 768w, https:\/\/medicina.udd.cl\/fonoaudiologia-santiago\/files\/2021\/09\/Francisca-Miranda.png 962w\" sizes=\"auto, (max-width: 770px) 100vw, 770px\" \/><figcaption class=\"blocks-gallery-item__caption\">Francisca Miranda<\/figcaption><\/figure><\/li><li class=\"blocks-gallery-item\"><figure><img loading=\"lazy\" decoding=\"async\" width=\"668\" height=\"1024\" src=\"https:\/\/medicina.udd.cl\/fonoaudiologia-santiago\/files\/2021\/09\/Giovanna-Monichi-668x1024.png\" alt=\"\" data-id=\"5212\" data-full-url=\"https:\/\/medicina.udd.cl\/fonoaudiologia-santiago\/files\/2021\/09\/Giovanna-Monichi.png\" data-link=\"https:\/\/medicina.udd.cl\/fonoaudiologia-santiago\/?attachment_id=5212\" class=\"wp-image-5212\" srcset=\"https:\/\/medicina.udd.cl\/fonoaudiologia-santiago\/files\/2021\/09\/Giovanna-Monichi-668x1024.png 668w, https:\/\/medicina.udd.cl\/fonoaudiologia-santiago\/files\/2021\/09\/Giovanna-Monichi-196x300.png 196w, https:\/\/medicina.udd.cl\/fonoaudiologia-santiago\/files\/2021\/09\/Giovanna-Monichi.png 720w\" sizes=\"auto, (max-width: 668px) 100vw, 668px\" \/><figcaption class=\"blocks-gallery-item__caption\">Giovanna Monichi<\/figcaption><\/figure><\/li><\/ul><\/figure>\n","protected":false},"excerpt":{"rendered":"<p>Las alumnas de 5to a\u00f1o de la carrera de Fonoaudiolog\u00eda de la Facultad de Medicina Cl\u00ednica Alemana Universidad del Desarrollo, Giovanna Monichi Valdenegro y Francisca Miranda Llanos, participaron en el 3er concurso de tesis de pregrado que realiza la Sociedad Chilena de Fonoaudiolog\u00eda (SOCHIFO), resultando finalistas con su trabajo titulado \u201cManejo y uso de t\u00e9cnicas [&hellip;]<\/p>\n","protected":false},"author":9192219,"featured_media":5213,"comment_status":"open","ping_status":"open","sticky":false,"template":"","format":"standard","meta":{"footnotes":""},"categories":[4],"tags":[],"class_list":["post-5211","post","type-post","status-publish","format-standard","has-post-thumbnail","hentry","category-noticias"],"yoast_head":"<!-- This site is optimized with the Yoast SEO plugin v26.9 - https:\/\/yoast.com\/product\/yoast-seo-wordpress\/ -->\n<title>Estudiantes de Fonoaudiolog\u00eda UDD finalistas en concurso de tesis de SOCHIFO - Fonoaudiolog\u00eda<\/title>\n<meta name=\"robots\" content=\"index, follow, max-snippet:-1, max-image-preview:large, max-video-preview:-1\" \/>\n<link rel=\"canonical\" href=\"https:\/\/medicina.udd.cl\/fonoaudiologia-santiago\/noticias\/2021\/09\/01\/estudiantes-de-fonoaudiologia-udd-finalistas-en-concurso-de-tesis-de-sochifo\/\" \/>\n<meta property=\"og:locale\" content=\"es_ES\" \/>\n<meta property=\"og:type\" content=\"article\" \/>\n<meta property=\"og:title\" content=\"Estudiantes de Fonoaudiolog\u00eda UDD finalistas en concurso de tesis de SOCHIFO - Fonoaudiolog\u00eda\" \/>\n<meta property=\"og:description\" content=\"Las alumnas de 5to a\u00f1o de la carrera de Fonoaudiolog\u00eda de la Facultad de Medicina Cl\u00ednica Alemana Universidad del Desarrollo, Giovanna Monichi Valdenegro y Francisca Miranda Llanos, participaron en el 3er concurso de tesis de pregrado que realiza la Sociedad Chilena de Fonoaudiolog\u00eda (SOCHIFO), resultando finalistas con su trabajo titulado \u201cManejo y uso de t\u00e9cnicas [&hellip;]\" \/>\n<meta property=\"og:url\" content=\"https:\/\/medicina.udd.cl\/fonoaudiologia-santiago\/noticias\/2021\/09\/01\/estudiantes-de-fonoaudiologia-udd-finalistas-en-concurso-de-tesis-de-sochifo\/\" \/>\n<meta property=\"og:site_name\" content=\"Fonoaudiolog\u00eda\" \/>\n<meta property=\"article:published_time\" content=\"2021-09-01T18:46:23+00:00\" \/>\n<meta property=\"og:image\" content=\"https:\/\/medicina.udd.cl\/fonoaudiologia-santiago\/files\/2021\/09\/Afiche-3er-concurso-SOCHIFO.png\" \/>\n\t<meta property=\"og:image:width\" content=\"884\" \/>\n\t<meta property=\"og:image:height\" content=\"956\" \/>\n\t<meta property=\"og:image:type\" content=\"image\/png\" \/>\n<meta name=\"author\" content=\"rbraidy\" \/>\n<meta name=\"twitter:label1\" content=\"Escrito por\" \/>\n\t<meta name=\"twitter:data1\" content=\"rbraidy\" \/>\n\t<meta name=\"twitter:label2\" content=\"Tiempo de lectura\" \/>\n\t<meta name=\"twitter:data2\" content=\"2 minutos\" \/>\n<script type=\"application\/ld+json\" class=\"yoast-schema-graph\">{\"@context\":\"https:\/\/schema.org\",\"@graph\":[{\"@type\":\"Article\",\"@id\":\"https:\/\/medicina.udd.cl\/fonoaudiologia-santiago\/noticias\/2021\/09\/01\/estudiantes-de-fonoaudiologia-udd-finalistas-en-concurso-de-tesis-de-sochifo\/#article\",\"isPartOf\":{\"@id\":\"https:\/\/medicina.udd.cl\/fonoaudiologia-santiago\/noticias\/2021\/09\/01\/estudiantes-de-fonoaudiologia-udd-finalistas-en-concurso-de-tesis-de-sochifo\/\"},\"author\":{\"name\":\"rbraidy\",\"@id\":\"https:\/\/medicina.udd.cl\/fonoaudiologia-santiago\/#\/schema\/person\/dbc3705bf3a93e8be1ba6de0ef950341\"},\"headline\":\"Estudiantes de Fonoaudiolog\u00eda UDD finalistas en concurso de tesis de SOCHIFO\",\"datePublished\":\"2021-09-01T18:46:23+00:00\",\"mainEntityOfPage\":{\"@id\":\"https:\/\/medicina.udd.cl\/fonoaudiologia-santiago\/noticias\/2021\/09\/01\/estudiantes-de-fonoaudiologia-udd-finalistas-en-concurso-de-tesis-de-sochifo\/\"},\"wordCount\":485,\"commentCount\":0,\"image\":{\"@id\":\"https:\/\/medicina.udd.cl\/fonoaudiologia-santiago\/noticias\/2021\/09\/01\/estudiantes-de-fonoaudiologia-udd-finalistas-en-concurso-de-tesis-de-sochifo\/#primaryimage\"},\"thumbnailUrl\":\"https:\/\/medicina.udd.cl\/fonoaudiologia-santiago\/files\/2021\/09\/Afiche-3er-concurso-SOCHIFO.png\",\"articleSection\":[\"Noticias\"],\"inLanguage\":\"es\",\"potentialAction\":[{\"@type\":\"CommentAction\",\"name\":\"Comment\",\"target\":[\"https:\/\/medicina.udd.cl\/fonoaudiologia-santiago\/noticias\/2021\/09\/01\/estudiantes-de-fonoaudiologia-udd-finalistas-en-concurso-de-tesis-de-sochifo\/#respond\"]}]},{\"@type\":\"WebPage\",\"@id\":\"https:\/\/medicina.udd.cl\/fonoaudiologia-santiago\/noticias\/2021\/09\/01\/estudiantes-de-fonoaudiologia-udd-finalistas-en-concurso-de-tesis-de-sochifo\/\",\"url\":\"https:\/\/medicina.udd.cl\/fonoaudiologia-santiago\/noticias\/2021\/09\/01\/estudiantes-de-fonoaudiologia-udd-finalistas-en-concurso-de-tesis-de-sochifo\/\",\"name\":\"Estudiantes de Fonoaudiolog\u00eda UDD finalistas en concurso de tesis de SOCHIFO - Fonoaudiolog\u00eda\",\"isPartOf\":{\"@id\":\"https:\/\/medicina.udd.cl\/fonoaudiologia-santiago\/#website\"},\"primaryImageOfPage\":{\"@id\":\"https:\/\/medicina.udd.cl\/fonoaudiologia-santiago\/noticias\/2021\/09\/01\/estudiantes-de-fonoaudiologia-udd-finalistas-en-concurso-de-tesis-de-sochifo\/#primaryimage\"},\"image\":{\"@id\":\"https:\/\/medicina.udd.cl\/fonoaudiologia-santiago\/noticias\/2021\/09\/01\/estudiantes-de-fonoaudiologia-udd-finalistas-en-concurso-de-tesis-de-sochifo\/#primaryimage\"},\"thumbnailUrl\":\"https:\/\/medicina.udd.cl\/fonoaudiologia-santiago\/files\/2021\/09\/Afiche-3er-concurso-SOCHIFO.png\",\"datePublished\":\"2021-09-01T18:46:23+00:00\",\"author\":{\"@id\":\"https:\/\/medicina.udd.cl\/fonoaudiologia-santiago\/#\/schema\/person\/dbc3705bf3a93e8be1ba6de0ef950341\"},\"breadcrumb\":{\"@id\":\"https:\/\/medicina.udd.cl\/fonoaudiologia-santiago\/noticias\/2021\/09\/01\/estudiantes-de-fonoaudiologia-udd-finalistas-en-concurso-de-tesis-de-sochifo\/#breadcrumb\"},\"inLanguage\":\"es\",\"potentialAction\":[{\"@type\":\"ReadAction\",\"target\":[\"https:\/\/medicina.udd.cl\/fonoaudiologia-santiago\/noticias\/2021\/09\/01\/estudiantes-de-fonoaudiologia-udd-finalistas-en-concurso-de-tesis-de-sochifo\/\"]}]},{\"@type\":\"ImageObject\",\"inLanguage\":\"es\",\"@id\":\"https:\/\/medicina.udd.cl\/fonoaudiologia-santiago\/noticias\/2021\/09\/01\/estudiantes-de-fonoaudiologia-udd-finalistas-en-concurso-de-tesis-de-sochifo\/#primaryimage\",\"url\":\"https:\/\/medicina.udd.cl\/fonoaudiologia-santiago\/files\/2021\/09\/Afiche-3er-concurso-SOCHIFO.png\",\"contentUrl\":\"https:\/\/medicina.udd.cl\/fonoaudiologia-santiago\/files\/2021\/09\/Afiche-3er-concurso-SOCHIFO.png\",\"width\":884,\"height\":956},{\"@type\":\"BreadcrumbList\",\"@id\":\"https:\/\/medicina.udd.cl\/fonoaudiologia-santiago\/noticias\/2021\/09\/01\/estudiantes-de-fonoaudiologia-udd-finalistas-en-concurso-de-tesis-de-sochifo\/#breadcrumb\",\"itemListElement\":[{\"@type\":\"ListItem\",\"position\":1,\"name\":\"Home\",\"item\":\"https:\/\/medicina.udd.cl\/fonoaudiologia-santiago\/\"},{\"@type\":\"ListItem\",\"position\":2,\"name\":\"Estudiantes de Fonoaudiolog\u00eda UDD finalistas en concurso de tesis de SOCHIFO\"}]},{\"@type\":\"WebSite\",\"@id\":\"https:\/\/medicina.udd.cl\/fonoaudiologia-santiago\/#website\",\"url\":\"https:\/\/medicina.udd.cl\/fonoaudiologia-santiago\/\",\"name\":\"Fonoaudiolog\u00eda\",\"description\":\"Facultad de Medicina Cl\u00ednica Alemana Universidad del Desarrollo\",\"inLanguage\":\"es\"},{\"@type\":\"Person\",\"@id\":\"https:\/\/medicina.udd.cl\/fonoaudiologia-santiago\/#\/schema\/person\/dbc3705bf3a93e8be1ba6de0ef950341\",\"name\":\"rbraidy\",\"image\":{\"@type\":\"ImageObject\",\"inLanguage\":\"es\",\"@id\":\"https:\/\/medicina.udd.cl\/fonoaudiologia-santiago\/#\/schema\/person\/image\/\",\"url\":\"https:\/\/secure.gravatar.com\/avatar\/0f8bc94637401590e45d2ce17eb65c274cb8870a219de6177f3f23e63fd8cdf3?s=96&d=mm&r=g\",\"contentUrl\":\"https:\/\/secure.gravatar.com\/avatar\/0f8bc94637401590e45d2ce17eb65c274cb8870a219de6177f3f23e63fd8cdf3?s=96&d=mm&r=g\",\"caption\":\"rbraidy\"},\"url\":\"https:\/\/medicina.udd.cl\/fonoaudiologia-santiago\/noticias\/author\/rbraidy\/\"}]}<\/script>\n<!-- \/ Yoast SEO plugin. -->","yoast_head_json":{"title":"Estudiantes de Fonoaudiolog\u00eda UDD finalistas en concurso de tesis de SOCHIFO - Fonoaudiolog\u00eda","robots":{"index":"index","follow":"follow","max-snippet":"max-snippet:-1","max-image-preview":"max-image-preview:large","max-video-preview":"max-video-preview:-1"},"canonical":"https:\/\/medicina.udd.cl\/fonoaudiologia-santiago\/noticias\/2021\/09\/01\/estudiantes-de-fonoaudiologia-udd-finalistas-en-concurso-de-tesis-de-sochifo\/","og_locale":"es_ES","og_type":"article","og_title":"Estudiantes de Fonoaudiolog\u00eda UDD finalistas en concurso de tesis de SOCHIFO - Fonoaudiolog\u00eda","og_description":"Las alumnas de 5to a\u00f1o de la carrera de Fonoaudiolog\u00eda de la Facultad de Medicina Cl\u00ednica Alemana Universidad del Desarrollo, Giovanna Monichi Valdenegro y Francisca Miranda Llanos, participaron en el 3er concurso de tesis de pregrado que realiza la Sociedad Chilena de Fonoaudiolog\u00eda (SOCHIFO), resultando finalistas con su trabajo titulado \u201cManejo y uso de t\u00e9cnicas [&hellip;]","og_url":"https:\/\/medicina.udd.cl\/fonoaudiologia-santiago\/noticias\/2021\/09\/01\/estudiantes-de-fonoaudiologia-udd-finalistas-en-concurso-de-tesis-de-sochifo\/","og_site_name":"Fonoaudiolog\u00eda","article_published_time":"2021-09-01T18:46:23+00:00","og_image":[{"width":884,"height":956,"url":"https:\/\/medicina.udd.cl\/fonoaudiologia-santiago\/files\/2021\/09\/Afiche-3er-concurso-SOCHIFO.png","type":"image\/png"}],"author":"rbraidy","twitter_misc":{"Escrito por":"rbraidy","Tiempo de lectura":"2 minutos"},"schema":{"@context":"https:\/\/schema.org","@graph":[{"@type":"Article","@id":"https:\/\/medicina.udd.cl\/fonoaudiologia-santiago\/noticias\/2021\/09\/01\/estudiantes-de-fonoaudiologia-udd-finalistas-en-concurso-de-tesis-de-sochifo\/#article","isPartOf":{"@id":"https:\/\/medicina.udd.cl\/fonoaudiologia-santiago\/noticias\/2021\/09\/01\/estudiantes-de-fonoaudiologia-udd-finalistas-en-concurso-de-tesis-de-sochifo\/"},"author":{"name":"rbraidy","@id":"https:\/\/medicina.udd.cl\/fonoaudiologia-santiago\/#\/schema\/person\/dbc3705bf3a93e8be1ba6de0ef950341"},"headline":"Estudiantes de Fonoaudiolog\u00eda UDD finalistas en concurso de tesis de SOCHIFO","datePublished":"2021-09-01T18:46:23+00:00","mainEntityOfPage":{"@id":"https:\/\/medicina.udd.cl\/fonoaudiologia-santiago\/noticias\/2021\/09\/01\/estudiantes-de-fonoaudiologia-udd-finalistas-en-concurso-de-tesis-de-sochifo\/"},"wordCount":485,"commentCount":0,"image":{"@id":"https:\/\/medicina.udd.cl\/fonoaudiologia-santiago\/noticias\/2021\/09\/01\/estudiantes-de-fonoaudiologia-udd-finalistas-en-concurso-de-tesis-de-sochifo\/#primaryimage"},"thumbnailUrl":"https:\/\/medicina.udd.cl\/fonoaudiologia-santiago\/files\/2021\/09\/Afiche-3er-concurso-SOCHIFO.png","articleSection":["Noticias"],"inLanguage":"es","potentialAction":[{"@type":"CommentAction","name":"Comment","target":["https:\/\/medicina.udd.cl\/fonoaudiologia-santiago\/noticias\/2021\/09\/01\/estudiantes-de-fonoaudiologia-udd-finalistas-en-concurso-de-tesis-de-sochifo\/#respond"]}]},{"@type":"WebPage","@id":"https:\/\/medicina.udd.cl\/fonoaudiologia-santiago\/noticias\/2021\/09\/01\/estudiantes-de-fonoaudiologia-udd-finalistas-en-concurso-de-tesis-de-sochifo\/","url":"https:\/\/medicina.udd.cl\/fonoaudiologia-santiago\/noticias\/2021\/09\/01\/estudiantes-de-fonoaudiologia-udd-finalistas-en-concurso-de-tesis-de-sochifo\/","name":"Estudiantes de Fonoaudiolog\u00eda UDD finalistas en concurso de tesis de SOCHIFO - Fonoaudiolog\u00eda","isPartOf":{"@id":"https:\/\/medicina.udd.cl\/fonoaudiologia-santiago\/#website"},"primaryImageOfPage":{"@id":"https:\/\/medicina.udd.cl\/fonoaudiologia-santiago\/noticias\/2021\/09\/01\/estudiantes-de-fonoaudiologia-udd-finalistas-en-concurso-de-tesis-de-sochifo\/#primaryimage"},"image":{"@id":"https:\/\/medicina.udd.cl\/fonoaudiologia-santiago\/noticias\/2021\/09\/01\/estudiantes-de-fonoaudiologia-udd-finalistas-en-concurso-de-tesis-de-sochifo\/#primaryimage"},"thumbnailUrl":"https:\/\/medicina.udd.cl\/fonoaudiologia-santiago\/files\/2021\/09\/Afiche-3er-concurso-SOCHIFO.png","datePublished":"2021-09-01T18:46:23+00:00","author":{"@id":"https:\/\/medicina.udd.cl\/fonoaudiologia-santiago\/#\/schema\/person\/dbc3705bf3a93e8be1ba6de0ef950341"},"breadcrumb":{"@id":"https:\/\/medicina.udd.cl\/fonoaudiologia-santiago\/noticias\/2021\/09\/01\/estudiantes-de-fonoaudiologia-udd-finalistas-en-concurso-de-tesis-de-sochifo\/#breadcrumb"},"inLanguage":"es","potentialAction":[{"@type":"ReadAction","target":["https:\/\/medicina.udd.cl\/fonoaudiologia-santiago\/noticias\/2021\/09\/01\/estudiantes-de-fonoaudiologia-udd-finalistas-en-concurso-de-tesis-de-sochifo\/"]}]},{"@type":"ImageObject","inLanguage":"es","@id":"https:\/\/medicina.udd.cl\/fonoaudiologia-santiago\/noticias\/2021\/09\/01\/estudiantes-de-fonoaudiologia-udd-finalistas-en-concurso-de-tesis-de-sochifo\/#primaryimage","url":"https:\/\/medicina.udd.cl\/fonoaudiologia-santiago\/files\/2021\/09\/Afiche-3er-concurso-SOCHIFO.png","contentUrl":"https:\/\/medicina.udd.cl\/fonoaudiologia-santiago\/files\/2021\/09\/Afiche-3er-concurso-SOCHIFO.png","width":884,"height":956},{"@type":"BreadcrumbList","@id":"https:\/\/medicina.udd.cl\/fonoaudiologia-santiago\/noticias\/2021\/09\/01\/estudiantes-de-fonoaudiologia-udd-finalistas-en-concurso-de-tesis-de-sochifo\/#breadcrumb","itemListElement":[{"@type":"ListItem","position":1,"name":"Home","item":"https:\/\/medicina.udd.cl\/fonoaudiologia-santiago\/"},{"@type":"ListItem","position":2,"name":"Estudiantes de Fonoaudiolog\u00eda UDD finalistas en concurso de tesis de SOCHIFO"}]},{"@type":"WebSite","@id":"https:\/\/medicina.udd.cl\/fonoaudiologia-santiago\/#website","url":"https:\/\/medicina.udd.cl\/fonoaudiologia-santiago\/","name":"Fonoaudiolog\u00eda","description":"Facultad de Medicina Cl\u00ednica Alemana Universidad del Desarrollo","inLanguage":"es"},{"@type":"Person","@id":"https:\/\/medicina.udd.cl\/fonoaudiologia-santiago\/#\/schema\/person\/dbc3705bf3a93e8be1ba6de0ef950341","name":"rbraidy","image":{"@type":"ImageObject","inLanguage":"es","@id":"https:\/\/medicina.udd.cl\/fonoaudiologia-santiago\/#\/schema\/person\/image\/","url":"https:\/\/secure.gravatar.com\/avatar\/0f8bc94637401590e45d2ce17eb65c274cb8870a219de6177f3f23e63fd8cdf3?s=96&d=mm&r=g","contentUrl":"https:\/\/secure.gravatar.com\/avatar\/0f8bc94637401590e45d2ce17eb65c274cb8870a219de6177f3f23e63fd8cdf3?s=96&d=mm&r=g","caption":"rbraidy"},"url":"https:\/\/medicina.udd.cl\/fonoaudiologia-santiago\/noticias\/author\/rbraidy\/"}]}},"featured_image_url":"https:\/\/medicina.udd.cl\/fonoaudiologia-santiago\/files\/2021\/09\/Afiche-3er-concurso-SOCHIFO.png","_links":{"self":[{"href":"https:\/\/medicina.udd.cl\/fonoaudiologia-santiago\/wp-json\/wp\/v2\/posts\/5211","targetHints":{"allow":["GET"]}}],"collection":[{"href":"https:\/\/medicina.udd.cl\/fonoaudiologia-santiago\/wp-json\/wp\/v2\/posts"}],"about":[{"href":"https:\/\/medicina.udd.cl\/fonoaudiologia-santiago\/wp-json\/wp\/v2\/types\/post"}],"author":[{"embeddable":true,"href":"https:\/\/medicina.udd.cl\/fonoaudiologia-santiago\/wp-json\/wp\/v2\/users\/9192219"}],"replies":[{"embeddable":true,"href":"https:\/\/medicina.udd.cl\/fonoaudiologia-santiago\/wp-json\/wp\/v2\/comments?post=5211"}],"version-history":[{"count":1,"href":"https:\/\/medicina.udd.cl\/fonoaudiologia-santiago\/wp-json\/wp\/v2\/posts\/5211\/revisions"}],"predecessor-version":[{"id":5215,"href":"https:\/\/medicina.udd.cl\/fonoaudiologia-santiago\/wp-json\/wp\/v2\/posts\/5211\/revisions\/5215"}],"wp:featuredmedia":[{"embeddable":true,"href":"https:\/\/medicina.udd.cl\/fonoaudiologia-santiago\/wp-json\/wp\/v2\/media\/5213"}],"wp:attachment":[{"href":"https:\/\/medicina.udd.cl\/fonoaudiologia-santiago\/wp-json\/wp\/v2\/media?parent=5211"}],"wp:term":[{"taxonomy":"category","embeddable":true,"href":"https:\/\/medicina.udd.cl\/fonoaudiologia-santiago\/wp-json\/wp\/v2\/categories?post=5211"},{"taxonomy":"post_tag","embeddable":true,"href":"https:\/\/medicina.udd.cl\/fonoaudiologia-santiago\/wp-json\/wp\/v2\/tags?post=5211"}],"curies":[{"name":"wp","href":"https:\/\/api.w.org\/{rel}","templated":true}]}}