{"id":5300,"date":"2021-11-19T16:05:28","date_gmt":"2021-11-19T19:05:28","guid":{"rendered":"https:\/\/medicina.udd.cl\/fonoaudiologia-santiago\/?p=5300"},"modified":"2021-11-19T16:11:24","modified_gmt":"2021-11-19T19:11:24","slug":"fonoaudiologia-udd-realizara-curso-internacional-de-planificacion-en-salud-publica-para-el-cuidado-del-oido-y-la-audicion","status":"publish","type":"post","link":"https:\/\/medicina.udd.cl\/fonoaudiologia-santiago\/noticias\/2021\/11\/19\/fonoaudiologia-udd-realizara-curso-internacional-de-planificacion-en-salud-publica-para-el-cuidado-del-oido-y-la-audicion\/","title":{"rendered":"Fonoaudiolog\u00eda UDD realizar\u00e1 Curso Internacional de Planificaci\u00f3n en Salud P\u00fablica para el cuidado del o\u00eddo y la audici\u00f3n"},"content":{"rendered":"\n<div class=\"wp-block-image\"><figure class=\"alignright size-large is-resized\"><img loading=\"lazy\" decoding=\"async\" src=\"https:\/\/medicina.udd.cl\/fonoaudiologia-santiago\/files\/2019\/09\/Fonoaudiolog\u00eda-3-1024x733.jpg\" alt=\"\" class=\"wp-image-4409\" width=\"512\" height=\"367\" srcset=\"https:\/\/medicina.udd.cl\/fonoaudiologia-santiago\/files\/2019\/09\/Fonoaudiolog\u00eda-3-1024x733.jpg 1024w, https:\/\/medicina.udd.cl\/fonoaudiologia-santiago\/files\/2019\/09\/Fonoaudiolog\u00eda-3-300x215.jpg 300w, https:\/\/medicina.udd.cl\/fonoaudiologia-santiago\/files\/2019\/09\/Fonoaudiolog\u00eda-3-768x549.jpg 768w, https:\/\/medicina.udd.cl\/fonoaudiologia-santiago\/files\/2019\/09\/Fonoaudiolog\u00eda-3-286x205.jpg 286w, https:\/\/medicina.udd.cl\/fonoaudiologia-santiago\/files\/2019\/09\/Fonoaudiolog\u00eda-3-87x62.jpg 87w\" sizes=\"auto, (max-width: 512px) 100vw, 512px\" \/><\/figure><\/div>\n\n\n\n<p>El equipo de la Unidad de Audiolog\u00eda de la carrera de Fonoaudiolog\u00eda de la Facultad de Medicina Cl\u00ednica Alemana Universidad del Desarrollo, realizar\u00e1 el Curso Internacional de Planificaci\u00f3n en Salud P\u00fablica para el cuidado del o\u00eddo y la audici\u00f3n (PSP-COA), el cual se llevar\u00e1 a cabo desde el 22 hasta el 26 de noviembre de 2021.<\/p>\n\n\n\n<p>El programa ha sido dise\u00f1ado\nen conjunto con la ONG internacional, Christian Blind Mission (CBM), dedicada\nal desarrollo inclusivo de programas integrales de salud, apoyando el\nfortalecimiento de los sistemas y servicios nacionales por medio de la\ncapacitaci\u00f3n y formaci\u00f3n de recursos. Esto incluye, en el \u00e1rea del cuidado del\no\u00eddo y la audici\u00f3n, la utilizaci\u00f3n de herramientas de la Organizaci\u00f3n Mundial\nde la Salud (OMS), para trabajadores de salud primaria y comunitaria; as\u00ed como\nla organizaci\u00f3n y facilitaci\u00f3n de cursos PSP-COA, en colaboraci\u00f3n con London\nSchool of Hygiene and Tropical Medicine.<\/p>\n\n\n\n<p>Al finalizar este curso, los\nasistentes podr\u00e1n conocer programas y experiencias de salud auditiva tanto\nnacionales como en el mundo; analizar las fortalezas y debilidades de los\nprogramas de salud existentes en nuestra realidad; dise\u00f1ar un proyecto para\nmejorar la salud auditiva en la realidad nacional y establecer alianzas entre\nprofesionales dedicados a la salud auditiva.<\/p>\n\n\n\n<p>Los expositores de este programa\nser\u00e1n: Andrew Smith (Reino Unido), Diego Santana (Espa\u00f1a), Shelly Chada\n(India), Patricia Castellanos (Guatemala), Amarilis Mel\u00e9ndez (Panam\u00e1), Liliana\nJadue (Chile), Alejandro Orellana (Chile) y Fabiola Mar\u00edn (Chile).<\/p>\n\n\n\n<p>Este curso tendr\u00e1 una carga acad\u00e9mica de 30 horas cronol\u00f3gicas, y ser\u00e1 dictado de manera presencial los d\u00edas lunes 22, mi\u00e9rcoles 24 y viernes 26 en el campus Rector Ernesto Silva Bafalluy (RESB) de la Universidad del Desarrollo. Por su parte, de manera online sincr\u00f3nica, se realizar\u00e1 los d\u00edas martes 23 y jueves 25 de noviembre.<\/p>\n\n\n\n<p><a href=\"https:\/\/medicina.udd.cl\/fonoaudiologia-santiago\/files\/2021\/11\/programaci\u00f3n.pdf\"><strong>Ver programa del Curso Internacional de Planificaci\u00f3n en Salud P\u00fablica para el cuidado del o\u00eddo y la audici\u00f3n (PSP-COA)<\/strong><\/a><\/p>\n","protected":false},"excerpt":{"rendered":"<p>El equipo de la Unidad de Audiolog\u00eda de la carrera de Fonoaudiolog\u00eda de la Facultad de Medicina Cl\u00ednica Alemana Universidad del Desarrollo, realizar\u00e1 el Curso Internacional de Planificaci\u00f3n en Salud P\u00fablica para el cuidado del o\u00eddo y la audici\u00f3n (PSP-COA), el cual se llevar\u00e1 a cabo desde el 22 hasta el 26 de noviembre de [&hellip;]<\/p>\n","protected":false},"author":9192219,"featured_media":4409,"comment_status":"open","ping_status":"open","sticky":false,"template":"","format":"standard","meta":{"footnotes":""},"categories":[4],"tags":[],"class_list":["post-5300","post","type-post","status-publish","format-standard","has-post-thumbnail","hentry","category-noticias"],"yoast_head":"<!-- This site is optimized with the Yoast SEO plugin v26.9 - https:\/\/yoast.com\/product\/yoast-seo-wordpress\/ -->\n<title>Fonoaudiolog\u00eda UDD realizar\u00e1 Curso Internacional de Planificaci\u00f3n en Salud P\u00fablica para el cuidado del o\u00eddo y la audici\u00f3n - Fonoaudiolog\u00eda<\/title>\n<meta name=\"robots\" content=\"index, follow, max-snippet:-1, max-image-preview:large, max-video-preview:-1\" \/>\n<link rel=\"canonical\" href=\"https:\/\/medicina.udd.cl\/fonoaudiologia-santiago\/noticias\/2021\/11\/19\/fonoaudiologia-udd-realizara-curso-internacional-de-planificacion-en-salud-publica-para-el-cuidado-del-oido-y-la-audicion\/\" \/>\n<meta property=\"og:locale\" content=\"es_ES\" \/>\n<meta property=\"og:type\" content=\"article\" \/>\n<meta property=\"og:title\" content=\"Fonoaudiolog\u00eda UDD realizar\u00e1 Curso Internacional de Planificaci\u00f3n en Salud P\u00fablica para el cuidado del o\u00eddo y la audici\u00f3n - Fonoaudiolog\u00eda\" \/>\n<meta property=\"og:description\" content=\"El equipo de la Unidad de Audiolog\u00eda de la carrera de Fonoaudiolog\u00eda de la Facultad de Medicina Cl\u00ednica Alemana Universidad del Desarrollo, realizar\u00e1 el Curso Internacional de Planificaci\u00f3n en Salud P\u00fablica para el cuidado del o\u00eddo y la audici\u00f3n (PSP-COA), el cual se llevar\u00e1 a cabo desde el 22 hasta el 26 de noviembre de [&hellip;]\" \/>\n<meta property=\"og:url\" content=\"https:\/\/medicina.udd.cl\/fonoaudiologia-santiago\/noticias\/2021\/11\/19\/fonoaudiologia-udd-realizara-curso-internacional-de-planificacion-en-salud-publica-para-el-cuidado-del-oido-y-la-audicion\/\" \/>\n<meta property=\"og:site_name\" content=\"Fonoaudiolog\u00eda\" \/>\n<meta property=\"article:published_time\" content=\"2021-11-19T19:05:28+00:00\" \/>\n<meta property=\"article:modified_time\" content=\"2021-11-19T19:11:24+00:00\" \/>\n<meta property=\"og:image\" content=\"https:\/\/medicina.udd.cl\/fonoaudiologia-santiago\/files\/2019\/09\/Fonoaudiolog\u00eda-3-1024x733.jpg\" \/>\n\t<meta property=\"og:image:width\" content=\"1024\" \/>\n\t<meta property=\"og:image:height\" content=\"733\" \/>\n\t<meta property=\"og:image:type\" content=\"image\/jpeg\" \/>\n<meta name=\"author\" content=\"rbraidy\" \/>\n<meta name=\"twitter:label1\" content=\"Escrito por\" \/>\n\t<meta name=\"twitter:data1\" content=\"rbraidy\" \/>\n\t<meta name=\"twitter:label2\" content=\"Tiempo de lectura\" \/>\n\t<meta name=\"twitter:data2\" content=\"2 minutos\" \/>\n<script type=\"application\/ld+json\" class=\"yoast-schema-graph\">{\"@context\":\"https:\/\/schema.org\",\"@graph\":[{\"@type\":\"Article\",\"@id\":\"https:\/\/medicina.udd.cl\/fonoaudiologia-santiago\/noticias\/2021\/11\/19\/fonoaudiologia-udd-realizara-curso-internacional-de-planificacion-en-salud-publica-para-el-cuidado-del-oido-y-la-audicion\/#article\",\"isPartOf\":{\"@id\":\"https:\/\/medicina.udd.cl\/fonoaudiologia-santiago\/noticias\/2021\/11\/19\/fonoaudiologia-udd-realizara-curso-internacional-de-planificacion-en-salud-publica-para-el-cuidado-del-oido-y-la-audicion\/\"},\"author\":{\"name\":\"rbraidy\",\"@id\":\"https:\/\/medicina.udd.cl\/fonoaudiologia-santiago\/#\/schema\/person\/dbc3705bf3a93e8be1ba6de0ef950341\"},\"headline\":\"Fonoaudiolog\u00eda UDD realizar\u00e1 Curso Internacional de Planificaci\u00f3n en Salud P\u00fablica para el cuidado del o\u00eddo y la audici\u00f3n\",\"datePublished\":\"2021-11-19T19:05:28+00:00\",\"dateModified\":\"2021-11-19T19:11:24+00:00\",\"mainEntityOfPage\":{\"@id\":\"https:\/\/medicina.udd.cl\/fonoaudiologia-santiago\/noticias\/2021\/11\/19\/fonoaudiologia-udd-realizara-curso-internacional-de-planificacion-en-salud-publica-para-el-cuidado-del-oido-y-la-audicion\/\"},\"wordCount\":358,\"commentCount\":0,\"image\":{\"@id\":\"https:\/\/medicina.udd.cl\/fonoaudiologia-santiago\/noticias\/2021\/11\/19\/fonoaudiologia-udd-realizara-curso-internacional-de-planificacion-en-salud-publica-para-el-cuidado-del-oido-y-la-audicion\/#primaryimage\"},\"thumbnailUrl\":\"https:\/\/medicina.udd.cl\/fonoaudiologia-santiago\/files\/2019\/09\/Fonoaudiolog\u00eda-3.jpg\",\"articleSection\":[\"Noticias\"],\"inLanguage\":\"es\",\"potentialAction\":[{\"@type\":\"CommentAction\",\"name\":\"Comment\",\"target\":[\"https:\/\/medicina.udd.cl\/fonoaudiologia-santiago\/noticias\/2021\/11\/19\/fonoaudiologia-udd-realizara-curso-internacional-de-planificacion-en-salud-publica-para-el-cuidado-del-oido-y-la-audicion\/#respond\"]}]},{\"@type\":\"WebPage\",\"@id\":\"https:\/\/medicina.udd.cl\/fonoaudiologia-santiago\/noticias\/2021\/11\/19\/fonoaudiologia-udd-realizara-curso-internacional-de-planificacion-en-salud-publica-para-el-cuidado-del-oido-y-la-audicion\/\",\"url\":\"https:\/\/medicina.udd.cl\/fonoaudiologia-santiago\/noticias\/2021\/11\/19\/fonoaudiologia-udd-realizara-curso-internacional-de-planificacion-en-salud-publica-para-el-cuidado-del-oido-y-la-audicion\/\",\"name\":\"Fonoaudiolog\u00eda UDD realizar\u00e1 Curso Internacional de Planificaci\u00f3n en Salud P\u00fablica para el cuidado del o\u00eddo y la audici\u00f3n - Fonoaudiolog\u00eda\",\"isPartOf\":{\"@id\":\"https:\/\/medicina.udd.cl\/fonoaudiologia-santiago\/#website\"},\"primaryImageOfPage\":{\"@id\":\"https:\/\/medicina.udd.cl\/fonoaudiologia-santiago\/noticias\/2021\/11\/19\/fonoaudiologia-udd-realizara-curso-internacional-de-planificacion-en-salud-publica-para-el-cuidado-del-oido-y-la-audicion\/#primaryimage\"},\"image\":{\"@id\":\"https:\/\/medicina.udd.cl\/fonoaudiologia-santiago\/noticias\/2021\/11\/19\/fonoaudiologia-udd-realizara-curso-internacional-de-planificacion-en-salud-publica-para-el-cuidado-del-oido-y-la-audicion\/#primaryimage\"},\"thumbnailUrl\":\"https:\/\/medicina.udd.cl\/fonoaudiologia-santiago\/files\/2019\/09\/Fonoaudiolog\u00eda-3.jpg\",\"datePublished\":\"2021-11-19T19:05:28+00:00\",\"dateModified\":\"2021-11-19T19:11:24+00:00\",\"author\":{\"@id\":\"https:\/\/medicina.udd.cl\/fonoaudiologia-santiago\/#\/schema\/person\/dbc3705bf3a93e8be1ba6de0ef950341\"},\"breadcrumb\":{\"@id\":\"https:\/\/medicina.udd.cl\/fonoaudiologia-santiago\/noticias\/2021\/11\/19\/fonoaudiologia-udd-realizara-curso-internacional-de-planificacion-en-salud-publica-para-el-cuidado-del-oido-y-la-audicion\/#breadcrumb\"},\"inLanguage\":\"es\",\"potentialAction\":[{\"@type\":\"ReadAction\",\"target\":[\"https:\/\/medicina.udd.cl\/fonoaudiologia-santiago\/noticias\/2021\/11\/19\/fonoaudiologia-udd-realizara-curso-internacional-de-planificacion-en-salud-publica-para-el-cuidado-del-oido-y-la-audicion\/\"]}]},{\"@type\":\"ImageObject\",\"inLanguage\":\"es\",\"@id\":\"https:\/\/medicina.udd.cl\/fonoaudiologia-santiago\/noticias\/2021\/11\/19\/fonoaudiologia-udd-realizara-curso-internacional-de-planificacion-en-salud-publica-para-el-cuidado-del-oido-y-la-audicion\/#primaryimage\",\"url\":\"https:\/\/medicina.udd.cl\/fonoaudiologia-santiago\/files\/2019\/09\/Fonoaudiolog\u00eda-3.jpg\",\"contentUrl\":\"https:\/\/medicina.udd.cl\/fonoaudiologia-santiago\/files\/2019\/09\/Fonoaudiolog\u00eda-3.jpg\",\"width\":2748,\"height\":1966},{\"@type\":\"BreadcrumbList\",\"@id\":\"https:\/\/medicina.udd.cl\/fonoaudiologia-santiago\/noticias\/2021\/11\/19\/fonoaudiologia-udd-realizara-curso-internacional-de-planificacion-en-salud-publica-para-el-cuidado-del-oido-y-la-audicion\/#breadcrumb\",\"itemListElement\":[{\"@type\":\"ListItem\",\"position\":1,\"name\":\"Home\",\"item\":\"https:\/\/medicina.udd.cl\/fonoaudiologia-santiago\/\"},{\"@type\":\"ListItem\",\"position\":2,\"name\":\"Fonoaudiolog\u00eda UDD realizar\u00e1 Curso Internacional de Planificaci\u00f3n en Salud P\u00fablica para el cuidado del o\u00eddo y la audici\u00f3n\"}]},{\"@type\":\"WebSite\",\"@id\":\"https:\/\/medicina.udd.cl\/fonoaudiologia-santiago\/#website\",\"url\":\"https:\/\/medicina.udd.cl\/fonoaudiologia-santiago\/\",\"name\":\"Fonoaudiolog\u00eda\",\"description\":\"Facultad de Medicina Cl\u00ednica Alemana Universidad del Desarrollo\",\"inLanguage\":\"es\"},{\"@type\":\"Person\",\"@id\":\"https:\/\/medicina.udd.cl\/fonoaudiologia-santiago\/#\/schema\/person\/dbc3705bf3a93e8be1ba6de0ef950341\",\"name\":\"rbraidy\",\"image\":{\"@type\":\"ImageObject\",\"inLanguage\":\"es\",\"@id\":\"https:\/\/medicina.udd.cl\/fonoaudiologia-santiago\/#\/schema\/person\/image\/\",\"url\":\"https:\/\/secure.gravatar.com\/avatar\/0f8bc94637401590e45d2ce17eb65c274cb8870a219de6177f3f23e63fd8cdf3?s=96&d=mm&r=g\",\"contentUrl\":\"https:\/\/secure.gravatar.com\/avatar\/0f8bc94637401590e45d2ce17eb65c274cb8870a219de6177f3f23e63fd8cdf3?s=96&d=mm&r=g\",\"caption\":\"rbraidy\"},\"url\":\"https:\/\/medicina.udd.cl\/fonoaudiologia-santiago\/noticias\/author\/rbraidy\/\"}]}<\/script>\n<!-- \/ Yoast SEO plugin. -->","yoast_head_json":{"title":"Fonoaudiolog\u00eda UDD realizar\u00e1 Curso Internacional de Planificaci\u00f3n en Salud P\u00fablica para el cuidado del o\u00eddo y la audici\u00f3n - Fonoaudiolog\u00eda","robots":{"index":"index","follow":"follow","max-snippet":"max-snippet:-1","max-image-preview":"max-image-preview:large","max-video-preview":"max-video-preview:-1"},"canonical":"https:\/\/medicina.udd.cl\/fonoaudiologia-santiago\/noticias\/2021\/11\/19\/fonoaudiologia-udd-realizara-curso-internacional-de-planificacion-en-salud-publica-para-el-cuidado-del-oido-y-la-audicion\/","og_locale":"es_ES","og_type":"article","og_title":"Fonoaudiolog\u00eda UDD realizar\u00e1 Curso Internacional de Planificaci\u00f3n en Salud P\u00fablica para el cuidado del o\u00eddo y la audici\u00f3n - Fonoaudiolog\u00eda","og_description":"El equipo de la Unidad de Audiolog\u00eda de la carrera de Fonoaudiolog\u00eda de la Facultad de Medicina Cl\u00ednica Alemana Universidad del Desarrollo, realizar\u00e1 el Curso Internacional de Planificaci\u00f3n en Salud P\u00fablica para el cuidado del o\u00eddo y la audici\u00f3n (PSP-COA), el cual se llevar\u00e1 a cabo desde el 22 hasta el 26 de noviembre de [&hellip;]","og_url":"https:\/\/medicina.udd.cl\/fonoaudiologia-santiago\/noticias\/2021\/11\/19\/fonoaudiologia-udd-realizara-curso-internacional-de-planificacion-en-salud-publica-para-el-cuidado-del-oido-y-la-audicion\/","og_site_name":"Fonoaudiolog\u00eda","article_published_time":"2021-11-19T19:05:28+00:00","article_modified_time":"2021-11-19T19:11:24+00:00","og_image":[{"width":1024,"height":733,"url":"https:\/\/medicina.udd.cl\/fonoaudiologia-santiago\/files\/2019\/09\/Fonoaudiolog\u00eda-3-1024x733.jpg","type":"image\/jpeg"}],"author":"rbraidy","twitter_misc":{"Escrito por":"rbraidy","Tiempo de lectura":"2 minutos"},"schema":{"@context":"https:\/\/schema.org","@graph":[{"@type":"Article","@id":"https:\/\/medicina.udd.cl\/fonoaudiologia-santiago\/noticias\/2021\/11\/19\/fonoaudiologia-udd-realizara-curso-internacional-de-planificacion-en-salud-publica-para-el-cuidado-del-oido-y-la-audicion\/#article","isPartOf":{"@id":"https:\/\/medicina.udd.cl\/fonoaudiologia-santiago\/noticias\/2021\/11\/19\/fonoaudiologia-udd-realizara-curso-internacional-de-planificacion-en-salud-publica-para-el-cuidado-del-oido-y-la-audicion\/"},"author":{"name":"rbraidy","@id":"https:\/\/medicina.udd.cl\/fonoaudiologia-santiago\/#\/schema\/person\/dbc3705bf3a93e8be1ba6de0ef950341"},"headline":"Fonoaudiolog\u00eda UDD realizar\u00e1 Curso Internacional de Planificaci\u00f3n en Salud P\u00fablica para el cuidado del o\u00eddo y la audici\u00f3n","datePublished":"2021-11-19T19:05:28+00:00","dateModified":"2021-11-19T19:11:24+00:00","mainEntityOfPage":{"@id":"https:\/\/medicina.udd.cl\/fonoaudiologia-santiago\/noticias\/2021\/11\/19\/fonoaudiologia-udd-realizara-curso-internacional-de-planificacion-en-salud-publica-para-el-cuidado-del-oido-y-la-audicion\/"},"wordCount":358,"commentCount":0,"image":{"@id":"https:\/\/medicina.udd.cl\/fonoaudiologia-santiago\/noticias\/2021\/11\/19\/fonoaudiologia-udd-realizara-curso-internacional-de-planificacion-en-salud-publica-para-el-cuidado-del-oido-y-la-audicion\/#primaryimage"},"thumbnailUrl":"https:\/\/medicina.udd.cl\/fonoaudiologia-santiago\/files\/2019\/09\/Fonoaudiolog\u00eda-3.jpg","articleSection":["Noticias"],"inLanguage":"es","potentialAction":[{"@type":"CommentAction","name":"Comment","target":["https:\/\/medicina.udd.cl\/fonoaudiologia-santiago\/noticias\/2021\/11\/19\/fonoaudiologia-udd-realizara-curso-internacional-de-planificacion-en-salud-publica-para-el-cuidado-del-oido-y-la-audicion\/#respond"]}]},{"@type":"WebPage","@id":"https:\/\/medicina.udd.cl\/fonoaudiologia-santiago\/noticias\/2021\/11\/19\/fonoaudiologia-udd-realizara-curso-internacional-de-planificacion-en-salud-publica-para-el-cuidado-del-oido-y-la-audicion\/","url":"https:\/\/medicina.udd.cl\/fonoaudiologia-santiago\/noticias\/2021\/11\/19\/fonoaudiologia-udd-realizara-curso-internacional-de-planificacion-en-salud-publica-para-el-cuidado-del-oido-y-la-audicion\/","name":"Fonoaudiolog\u00eda UDD realizar\u00e1 Curso Internacional de Planificaci\u00f3n en Salud P\u00fablica para el cuidado del o\u00eddo y la audici\u00f3n - Fonoaudiolog\u00eda","isPartOf":{"@id":"https:\/\/medicina.udd.cl\/fonoaudiologia-santiago\/#website"},"primaryImageOfPage":{"@id":"https:\/\/medicina.udd.cl\/fonoaudiologia-santiago\/noticias\/2021\/11\/19\/fonoaudiologia-udd-realizara-curso-internacional-de-planificacion-en-salud-publica-para-el-cuidado-del-oido-y-la-audicion\/#primaryimage"},"image":{"@id":"https:\/\/medicina.udd.cl\/fonoaudiologia-santiago\/noticias\/2021\/11\/19\/fonoaudiologia-udd-realizara-curso-internacional-de-planificacion-en-salud-publica-para-el-cuidado-del-oido-y-la-audicion\/#primaryimage"},"thumbnailUrl":"https:\/\/medicina.udd.cl\/fonoaudiologia-santiago\/files\/2019\/09\/Fonoaudiolog\u00eda-3.jpg","datePublished":"2021-11-19T19:05:28+00:00","dateModified":"2021-11-19T19:11:24+00:00","author":{"@id":"https:\/\/medicina.udd.cl\/fonoaudiologia-santiago\/#\/schema\/person\/dbc3705bf3a93e8be1ba6de0ef950341"},"breadcrumb":{"@id":"https:\/\/medicina.udd.cl\/fonoaudiologia-santiago\/noticias\/2021\/11\/19\/fonoaudiologia-udd-realizara-curso-internacional-de-planificacion-en-salud-publica-para-el-cuidado-del-oido-y-la-audicion\/#breadcrumb"},"inLanguage":"es","potentialAction":[{"@type":"ReadAction","target":["https:\/\/medicina.udd.cl\/fonoaudiologia-santiago\/noticias\/2021\/11\/19\/fonoaudiologia-udd-realizara-curso-internacional-de-planificacion-en-salud-publica-para-el-cuidado-del-oido-y-la-audicion\/"]}]},{"@type":"ImageObject","inLanguage":"es","@id":"https:\/\/medicina.udd.cl\/fonoaudiologia-santiago\/noticias\/2021\/11\/19\/fonoaudiologia-udd-realizara-curso-internacional-de-planificacion-en-salud-publica-para-el-cuidado-del-oido-y-la-audicion\/#primaryimage","url":"https:\/\/medicina.udd.cl\/fonoaudiologia-santiago\/files\/2019\/09\/Fonoaudiolog\u00eda-3.jpg","contentUrl":"https:\/\/medicina.udd.cl\/fonoaudiologia-santiago\/files\/2019\/09\/Fonoaudiolog\u00eda-3.jpg","width":2748,"height":1966},{"@type":"BreadcrumbList","@id":"https:\/\/medicina.udd.cl\/fonoaudiologia-santiago\/noticias\/2021\/11\/19\/fonoaudiologia-udd-realizara-curso-internacional-de-planificacion-en-salud-publica-para-el-cuidado-del-oido-y-la-audicion\/#breadcrumb","itemListElement":[{"@type":"ListItem","position":1,"name":"Home","item":"https:\/\/medicina.udd.cl\/fonoaudiologia-santiago\/"},{"@type":"ListItem","position":2,"name":"Fonoaudiolog\u00eda UDD realizar\u00e1 Curso Internacional de Planificaci\u00f3n en Salud P\u00fablica para el cuidado del o\u00eddo y la audici\u00f3n"}]},{"@type":"WebSite","@id":"https:\/\/medicina.udd.cl\/fonoaudiologia-santiago\/#website","url":"https:\/\/medicina.udd.cl\/fonoaudiologia-santiago\/","name":"Fonoaudiolog\u00eda","description":"Facultad de Medicina Cl\u00ednica Alemana Universidad del Desarrollo","inLanguage":"es"},{"@type":"Person","@id":"https:\/\/medicina.udd.cl\/fonoaudiologia-santiago\/#\/schema\/person\/dbc3705bf3a93e8be1ba6de0ef950341","name":"rbraidy","image":{"@type":"ImageObject","inLanguage":"es","@id":"https:\/\/medicina.udd.cl\/fonoaudiologia-santiago\/#\/schema\/person\/image\/","url":"https:\/\/secure.gravatar.com\/avatar\/0f8bc94637401590e45d2ce17eb65c274cb8870a219de6177f3f23e63fd8cdf3?s=96&d=mm&r=g","contentUrl":"https:\/\/secure.gravatar.com\/avatar\/0f8bc94637401590e45d2ce17eb65c274cb8870a219de6177f3f23e63fd8cdf3?s=96&d=mm&r=g","caption":"rbraidy"},"url":"https:\/\/medicina.udd.cl\/fonoaudiologia-santiago\/noticias\/author\/rbraidy\/"}]}},"featured_image_url":"https:\/\/medicina.udd.cl\/fonoaudiologia-santiago\/files\/2019\/09\/Fonoaudiolog\u00eda-3.jpg","_links":{"self":[{"href":"https:\/\/medicina.udd.cl\/fonoaudiologia-santiago\/wp-json\/wp\/v2\/posts\/5300","targetHints":{"allow":["GET"]}}],"collection":[{"href":"https:\/\/medicina.udd.cl\/fonoaudiologia-santiago\/wp-json\/wp\/v2\/posts"}],"about":[{"href":"https:\/\/medicina.udd.cl\/fonoaudiologia-santiago\/wp-json\/wp\/v2\/types\/post"}],"author":[{"embeddable":true,"href":"https:\/\/medicina.udd.cl\/fonoaudiologia-santiago\/wp-json\/wp\/v2\/users\/9192219"}],"replies":[{"embeddable":true,"href":"https:\/\/medicina.udd.cl\/fonoaudiologia-santiago\/wp-json\/wp\/v2\/comments?post=5300"}],"version-history":[{"count":4,"href":"https:\/\/medicina.udd.cl\/fonoaudiologia-santiago\/wp-json\/wp\/v2\/posts\/5300\/revisions"}],"predecessor-version":[{"id":5306,"href":"https:\/\/medicina.udd.cl\/fonoaudiologia-santiago\/wp-json\/wp\/v2\/posts\/5300\/revisions\/5306"}],"wp:featuredmedia":[{"embeddable":true,"href":"https:\/\/medicina.udd.cl\/fonoaudiologia-santiago\/wp-json\/wp\/v2\/media\/4409"}],"wp:attachment":[{"href":"https:\/\/medicina.udd.cl\/fonoaudiologia-santiago\/wp-json\/wp\/v2\/media?parent=5300"}],"wp:term":[{"taxonomy":"category","embeddable":true,"href":"https:\/\/medicina.udd.cl\/fonoaudiologia-santiago\/wp-json\/wp\/v2\/categories?post=5300"},{"taxonomy":"post_tag","embeddable":true,"href":"https:\/\/medicina.udd.cl\/fonoaudiologia-santiago\/wp-json\/wp\/v2\/tags?post=5300"}],"curies":[{"name":"wp","href":"https:\/\/api.w.org\/{rel}","templated":true}]}}