{"id":5428,"date":"2022-02-15T11:52:58","date_gmt":"2022-02-15T14:52:58","guid":{"rendered":"https:\/\/medicina.udd.cl\/fonoaudiologia-santiago\/?p=5428"},"modified":"2022-02-15T14:45:58","modified_gmt":"2022-02-15T17:45:58","slug":"estudios-realizados-por-fonoaudiologos-udd-fueron-publicados-en-revista-de-intervencion-en-logopedia-de-la-universidad-complutense-de-madrid","status":"publish","type":"post","link":"https:\/\/medicina.udd.cl\/fonoaudiologia-santiago\/noticias\/2022\/02\/15\/estudios-realizados-por-fonoaudiologos-udd-fueron-publicados-en-revista-de-intervencion-en-logopedia-de-la-universidad-complutense-de-madrid\/","title":{"rendered":"Estudios realizados por fonoaudi\u00f3logos UDD publicados en Revista de Intervenci\u00f3n en Logopedia de la Universidad Complutense de Madrid"},"content":{"rendered":"\n<div class=\"wp-block-image\"><figure class=\"alignright size-large is-resized\"><img loading=\"lazy\" decoding=\"async\" src=\"https:\/\/medicina.udd.cl\/fonoaudiologia-santiago\/files\/2022\/02\/Revista-Logopedia-ESP.jpg\" alt=\"\" class=\"wp-image-5432\" width=\"208\" height=\"294\" \/><\/figure><\/div>\n\n\n\n<p>Dos estudios realizados por docentes y estudiantes de la carrera de Fonoaudiolog\u00eda de la Facultad de Medicina Cl\u00ednica Alemana Universidad del Desarrollo, fueron publicados como art\u00edculos en la Revista de Intervenci\u00f3n en Logopedia, de la Universidad Complutense de Madrid, cuyo objetivo es contribuir al avance cient\u00edfico de esta disciplina que busca la prevenci\u00f3n, detecci\u00f3n, evaluaci\u00f3n, diagn\u00f3stico y tratamiento de los trastornos de la comunicaci\u00f3n humana, entre ellos, alteraciones de la voz, de la audici\u00f3n, del habla y de las funciones oro-faciales y deglutorias. <\/p>\n\n\n\n<p>Para Patricio Orellana, docente de Fonoaudiolog\u00eda UDD y uno de los autores de las publicaciones, se\u00f1al\u00f3 que ambas investigaciones tienen un impacto a nivel fonoaudiol\u00f3gico. Por su parte, el estudio a cargo de los docentes Felipe Rosales Lillo y Fabiola Mar\u00edn Garrido, y de las estudiantes Giovanna Monichi Valdenegro y Francisca Miranda Llano, muestra las t\u00e9cnicas y manejo de la presi\u00f3n del\u00a0<em>cuff<\/em>\u00a0en pacientes adultos con v\u00eda a\u00e9rea artificial por fonoaudi\u00f3logos en Chile. <\/p>\n\n\n\n<p>En tanto, Orellana indic\u00f3 que en la investigaci\u00f3n que estuvo a cargo junto a las docentes Alicia N\u00fa\u00f1ez y Fabiola Mar\u00edn, se pudieron comparar los par\u00e1metros de la carga vocal mediante dosimetr\u00eda en profesoras. <em>\u201cLogramos describir las diferencias que existe entre la evaluaci\u00f3n realizada en la cl\u00ednica y la evaluaci\u00f3n realizada en terreno o espacio laboral de estas profesionales\u201d,<\/em> indic\u00f3 el tambi\u00e9n director del Mag\u00edster en Estrategias de Intervenci\u00f3n vocal y docente cl\u00ednico del Laboratorio de Voz UDD. \u00a0<\/p>\n\n\n\n<p>Cabe destacar que ambos estudios nacieron de trabajos realizados por tesistas de Fonoaudiolog\u00eda UDD. \u00a0\u201cComparaci\u00f3n de par\u00e1metros de la carga vocal mediante dosimetr\u00eda en profesoras\u201d, fue la investigaci\u00f3n de Alicia N\u00fa\u00f1ez, mientras que las estudiantes Giovanna Monichi y Francisca Miranda desarrollaron el proyecto \u201cT\u00e9cnicas y manejo de la presi\u00f3n del cuff en pacientes adultos con v\u00eda a\u00e9rea artificial por fonoaudi\u00f3logos en Chile\u201d. <\/p>\n\n\n\n<p>Puedes ver las publicaciones a continuaci\u00f3n:<\/p>\n\n\n\n<h4 class=\"wp-block-heading\">Art\u00edculo I<\/h4>\n\n\n\n<p><strong><a href=\"https:\/\/medicina.udd.cl\/fonoaudiologia-santiago\/files\/2022\/02\/Comparaci\u00f3n-de-par\u00e1metros-de-la-carga-vocal-mediante-dosimetr\u00eda-en-profesoras-I.pdf\">Comparaci\u00f3n de par\u00e1metros de la carga vocal mediante dosimetr\u00eda en profesoras<\/a>. <\/strong>Autores: Patricio Orellana, director Mag\u00edster en Estrategias de Intervenci\u00f3n vocal. Alicia N\u00fa\u00f1ez, docente \u00e1rea de voz Fonoaudiolog\u00eda UDD y Fabiola Mar\u00edn Garrido, coordinadora de Investigaci\u00f3n Fonoaudiolog\u00eda UDD. <\/p>\n\n\n\n<ul class=\"wp-block-list\"><li><a href=\"https:\/\/revistas.ucm.es\/index.php\/RLOG\/article\/view\/75271\"><strong>Ver art\u00edculo aqu\u00ed<\/strong><\/a><\/li><\/ul>\n\n\n\n<h4 class=\"wp-block-heading\">Art\u00edculo II<\/h4>\n\n\n\n<p><strong><a href=\"https:\/\/medicina.udd.cl\/fonoaudiologia-santiago\/files\/2022\/02\/T\u00e9cnicas-y-manejo-de-la-presi\u00f3n-del-cuff-en-pacientes-adultos-con-v\u00eda-a\u00e9rea-artificial-por-fonoaudi\u00f3logos-en-Chile.pdf\">T\u00e9cnicas y manejo de la presi\u00f3n del cuff en pacientes adultos con v\u00eda a\u00e9rea artificial por fonoaudi\u00f3logos en Chile<\/a>. <\/strong>Autores: Felipe Rosales Lillo, docente Fonoaudiolog\u00eda UDD, Fabiola Mar\u00edn Garrido, coordinadora de Investigaci\u00f3n Fonoaudiolog\u00eda UDD, Giovanna Monichi Valdenegro y Francisca Miranda Llano, estudiantes Fonoaudiolog\u00eda UDD. &nbsp;<\/p>\n\n\n\n<ul class=\"wp-block-list\"><li><strong><a href=\"https:\/\/revistas.ucm.es\/index.php\/RLOG\/article\/view\/74645\">Ver art\u00edculo aqu\u00ed<\/a><\/strong><\/li><\/ul>\n\n\n\n<div class=\"wp-block-image\"><figure class=\"aligncenter size-large\"><img loading=\"lazy\" decoding=\"async\" width=\"344\" height=\"93\" src=\"https:\/\/medicina.udd.cl\/fonoaudiologia-santiago\/files\/2022\/02\/UCM.jpg\" alt=\"\" class=\"wp-image-5431\" srcset=\"https:\/\/medicina.udd.cl\/fonoaudiologia-santiago\/files\/2022\/02\/UCM.jpg 344w, https:\/\/medicina.udd.cl\/fonoaudiologia-santiago\/files\/2022\/02\/UCM-300x81.jpg 300w\" sizes=\"auto, (max-width: 344px) 100vw, 344px\" \/><\/figure><\/div>\n","protected":false},"excerpt":{"rendered":"<p>Dos estudios realizados por docentes y estudiantes de la carrera de Fonoaudiolog\u00eda de la Facultad de Medicina Cl\u00ednica Alemana Universidad del Desarrollo, fueron publicados como art\u00edculos en la Revista de Intervenci\u00f3n en Logopedia, de la Universidad Complutense de Madrid, cuyo objetivo es contribuir al avance cient\u00edfico de esta disciplina que busca la prevenci\u00f3n, detecci\u00f3n, evaluaci\u00f3n, [&hellip;]<\/p>\n","protected":false},"author":9192219,"featured_media":5442,"comment_status":"open","ping_status":"open","sticky":false,"template":"","format":"standard","meta":{"footnotes":""},"categories":[4],"tags":[],"class_list":["post-5428","post","type-post","status-publish","format-standard","has-post-thumbnail","hentry","category-noticias"],"yoast_head":"<!-- This site is optimized with the Yoast SEO plugin v26.9 - https:\/\/yoast.com\/product\/yoast-seo-wordpress\/ -->\n<title>Estudios realizados por fonoaudi\u00f3logos UDD publicados en Revista de Intervenci\u00f3n en Logopedia de la Universidad Complutense de Madrid - Fonoaudiolog\u00eda<\/title>\n<meta name=\"robots\" content=\"index, follow, max-snippet:-1, max-image-preview:large, max-video-preview:-1\" \/>\n<link rel=\"canonical\" href=\"https:\/\/medicina.udd.cl\/fonoaudiologia-santiago\/noticias\/2022\/02\/15\/estudios-realizados-por-fonoaudiologos-udd-fueron-publicados-en-revista-de-intervencion-en-logopedia-de-la-universidad-complutense-de-madrid\/\" \/>\n<meta property=\"og:locale\" content=\"es_ES\" \/>\n<meta property=\"og:type\" content=\"article\" \/>\n<meta property=\"og:title\" content=\"Estudios realizados por fonoaudi\u00f3logos UDD publicados en Revista de Intervenci\u00f3n en Logopedia de la Universidad Complutense de Madrid - Fonoaudiolog\u00eda\" \/>\n<meta property=\"og:description\" content=\"Dos estudios realizados por docentes y estudiantes de la carrera de Fonoaudiolog\u00eda de la Facultad de Medicina Cl\u00ednica Alemana Universidad del Desarrollo, fueron publicados como art\u00edculos en la Revista de Intervenci\u00f3n en Logopedia, de la Universidad Complutense de Madrid, cuyo objetivo es contribuir al avance cient\u00edfico de esta disciplina que busca la prevenci\u00f3n, detecci\u00f3n, evaluaci\u00f3n, [&hellip;]\" \/>\n<meta property=\"og:url\" content=\"https:\/\/medicina.udd.cl\/fonoaudiologia-santiago\/noticias\/2022\/02\/15\/estudios-realizados-por-fonoaudiologos-udd-fueron-publicados-en-revista-de-intervencion-en-logopedia-de-la-universidad-complutense-de-madrid\/\" \/>\n<meta property=\"og:site_name\" content=\"Fonoaudiolog\u00eda\" \/>\n<meta property=\"article:published_time\" content=\"2022-02-15T14:52:58+00:00\" \/>\n<meta property=\"article:modified_time\" content=\"2022-02-15T17:45:58+00:00\" \/>\n<meta property=\"og:image\" content=\"https:\/\/medicina.udd.cl\/fonoaudiologia-santiago\/files\/2022\/02\/Rev.Logopedia.Madrid.portada.2.jpg\" \/>\n\t<meta property=\"og:image:width\" content=\"239\" \/>\n\t<meta property=\"og:image:height\" content=\"186\" \/>\n\t<meta property=\"og:image:type\" content=\"image\/jpeg\" \/>\n<meta name=\"author\" content=\"rbraidy\" \/>\n<meta name=\"twitter:label1\" content=\"Escrito por\" \/>\n\t<meta name=\"twitter:data1\" content=\"rbraidy\" \/>\n\t<meta name=\"twitter:label2\" content=\"Tiempo de lectura\" \/>\n\t<meta name=\"twitter:data2\" content=\"2 minutos\" \/>\n<script type=\"application\/ld+json\" class=\"yoast-schema-graph\">{\"@context\":\"https:\/\/schema.org\",\"@graph\":[{\"@type\":\"Article\",\"@id\":\"https:\/\/medicina.udd.cl\/fonoaudiologia-santiago\/noticias\/2022\/02\/15\/estudios-realizados-por-fonoaudiologos-udd-fueron-publicados-en-revista-de-intervencion-en-logopedia-de-la-universidad-complutense-de-madrid\/#article\",\"isPartOf\":{\"@id\":\"https:\/\/medicina.udd.cl\/fonoaudiologia-santiago\/noticias\/2022\/02\/15\/estudios-realizados-por-fonoaudiologos-udd-fueron-publicados-en-revista-de-intervencion-en-logopedia-de-la-universidad-complutense-de-madrid\/\"},\"author\":{\"name\":\"rbraidy\",\"@id\":\"https:\/\/medicina.udd.cl\/fonoaudiologia-santiago\/#\/schema\/person\/dbc3705bf3a93e8be1ba6de0ef950341\"},\"headline\":\"Estudios realizados por fonoaudi\u00f3logos UDD publicados en Revista de Intervenci\u00f3n en Logopedia de la Universidad Complutense de Madrid\",\"datePublished\":\"2022-02-15T14:52:58+00:00\",\"dateModified\":\"2022-02-15T17:45:58+00:00\",\"mainEntityOfPage\":{\"@id\":\"https:\/\/medicina.udd.cl\/fonoaudiologia-santiago\/noticias\/2022\/02\/15\/estudios-realizados-por-fonoaudiologos-udd-fueron-publicados-en-revista-de-intervencion-en-logopedia-de-la-universidad-complutense-de-madrid\/\"},\"wordCount\":484,\"commentCount\":0,\"image\":{\"@id\":\"https:\/\/medicina.udd.cl\/fonoaudiologia-santiago\/noticias\/2022\/02\/15\/estudios-realizados-por-fonoaudiologos-udd-fueron-publicados-en-revista-de-intervencion-en-logopedia-de-la-universidad-complutense-de-madrid\/#primaryimage\"},\"thumbnailUrl\":\"https:\/\/medicina.udd.cl\/fonoaudiologia-santiago\/files\/2022\/02\/Rev.Logopedia.Madrid.portada.2.jpg\",\"articleSection\":[\"Noticias\"],\"inLanguage\":\"es\",\"potentialAction\":[{\"@type\":\"CommentAction\",\"name\":\"Comment\",\"target\":[\"https:\/\/medicina.udd.cl\/fonoaudiologia-santiago\/noticias\/2022\/02\/15\/estudios-realizados-por-fonoaudiologos-udd-fueron-publicados-en-revista-de-intervencion-en-logopedia-de-la-universidad-complutense-de-madrid\/#respond\"]}]},{\"@type\":\"WebPage\",\"@id\":\"https:\/\/medicina.udd.cl\/fonoaudiologia-santiago\/noticias\/2022\/02\/15\/estudios-realizados-por-fonoaudiologos-udd-fueron-publicados-en-revista-de-intervencion-en-logopedia-de-la-universidad-complutense-de-madrid\/\",\"url\":\"https:\/\/medicina.udd.cl\/fonoaudiologia-santiago\/noticias\/2022\/02\/15\/estudios-realizados-por-fonoaudiologos-udd-fueron-publicados-en-revista-de-intervencion-en-logopedia-de-la-universidad-complutense-de-madrid\/\",\"name\":\"Estudios realizados por fonoaudi\u00f3logos UDD publicados en Revista de Intervenci\u00f3n en Logopedia de la Universidad Complutense de Madrid - Fonoaudiolog\u00eda\",\"isPartOf\":{\"@id\":\"https:\/\/medicina.udd.cl\/fonoaudiologia-santiago\/#website\"},\"primaryImageOfPage\":{\"@id\":\"https:\/\/medicina.udd.cl\/fonoaudiologia-santiago\/noticias\/2022\/02\/15\/estudios-realizados-por-fonoaudiologos-udd-fueron-publicados-en-revista-de-intervencion-en-logopedia-de-la-universidad-complutense-de-madrid\/#primaryimage\"},\"image\":{\"@id\":\"https:\/\/medicina.udd.cl\/fonoaudiologia-santiago\/noticias\/2022\/02\/15\/estudios-realizados-por-fonoaudiologos-udd-fueron-publicados-en-revista-de-intervencion-en-logopedia-de-la-universidad-complutense-de-madrid\/#primaryimage\"},\"thumbnailUrl\":\"https:\/\/medicina.udd.cl\/fonoaudiologia-santiago\/files\/2022\/02\/Rev.Logopedia.Madrid.portada.2.jpg\",\"datePublished\":\"2022-02-15T14:52:58+00:00\",\"dateModified\":\"2022-02-15T17:45:58+00:00\",\"author\":{\"@id\":\"https:\/\/medicina.udd.cl\/fonoaudiologia-santiago\/#\/schema\/person\/dbc3705bf3a93e8be1ba6de0ef950341\"},\"breadcrumb\":{\"@id\":\"https:\/\/medicina.udd.cl\/fonoaudiologia-santiago\/noticias\/2022\/02\/15\/estudios-realizados-por-fonoaudiologos-udd-fueron-publicados-en-revista-de-intervencion-en-logopedia-de-la-universidad-complutense-de-madrid\/#breadcrumb\"},\"inLanguage\":\"es\",\"potentialAction\":[{\"@type\":\"ReadAction\",\"target\":[\"https:\/\/medicina.udd.cl\/fonoaudiologia-santiago\/noticias\/2022\/02\/15\/estudios-realizados-por-fonoaudiologos-udd-fueron-publicados-en-revista-de-intervencion-en-logopedia-de-la-universidad-complutense-de-madrid\/\"]}]},{\"@type\":\"ImageObject\",\"inLanguage\":\"es\",\"@id\":\"https:\/\/medicina.udd.cl\/fonoaudiologia-santiago\/noticias\/2022\/02\/15\/estudios-realizados-por-fonoaudiologos-udd-fueron-publicados-en-revista-de-intervencion-en-logopedia-de-la-universidad-complutense-de-madrid\/#primaryimage\",\"url\":\"https:\/\/medicina.udd.cl\/fonoaudiologia-santiago\/files\/2022\/02\/Rev.Logopedia.Madrid.portada.2.jpg\",\"contentUrl\":\"https:\/\/medicina.udd.cl\/fonoaudiologia-santiago\/files\/2022\/02\/Rev.Logopedia.Madrid.portada.2.jpg\",\"width\":239,\"height\":186},{\"@type\":\"BreadcrumbList\",\"@id\":\"https:\/\/medicina.udd.cl\/fonoaudiologia-santiago\/noticias\/2022\/02\/15\/estudios-realizados-por-fonoaudiologos-udd-fueron-publicados-en-revista-de-intervencion-en-logopedia-de-la-universidad-complutense-de-madrid\/#breadcrumb\",\"itemListElement\":[{\"@type\":\"ListItem\",\"position\":1,\"name\":\"Home\",\"item\":\"https:\/\/medicina.udd.cl\/fonoaudiologia-santiago\/\"},{\"@type\":\"ListItem\",\"position\":2,\"name\":\"Estudios realizados por fonoaudi\u00f3logos UDD publicados en Revista de Intervenci\u00f3n en Logopedia de la Universidad Complutense de Madrid\"}]},{\"@type\":\"WebSite\",\"@id\":\"https:\/\/medicina.udd.cl\/fonoaudiologia-santiago\/#website\",\"url\":\"https:\/\/medicina.udd.cl\/fonoaudiologia-santiago\/\",\"name\":\"Fonoaudiolog\u00eda\",\"description\":\"Facultad de Medicina Cl\u00ednica Alemana Universidad del Desarrollo\",\"inLanguage\":\"es\"},{\"@type\":\"Person\",\"@id\":\"https:\/\/medicina.udd.cl\/fonoaudiologia-santiago\/#\/schema\/person\/dbc3705bf3a93e8be1ba6de0ef950341\",\"name\":\"rbraidy\",\"image\":{\"@type\":\"ImageObject\",\"inLanguage\":\"es\",\"@id\":\"https:\/\/medicina.udd.cl\/fonoaudiologia-santiago\/#\/schema\/person\/image\/\",\"url\":\"https:\/\/secure.gravatar.com\/avatar\/0f8bc94637401590e45d2ce17eb65c274cb8870a219de6177f3f23e63fd8cdf3?s=96&d=mm&r=g\",\"contentUrl\":\"https:\/\/secure.gravatar.com\/avatar\/0f8bc94637401590e45d2ce17eb65c274cb8870a219de6177f3f23e63fd8cdf3?s=96&d=mm&r=g\",\"caption\":\"rbraidy\"},\"url\":\"https:\/\/medicina.udd.cl\/fonoaudiologia-santiago\/noticias\/author\/rbraidy\/\"}]}<\/script>\n<!-- \/ Yoast SEO plugin. -->","yoast_head_json":{"title":"Estudios realizados por fonoaudi\u00f3logos UDD publicados en Revista de Intervenci\u00f3n en Logopedia de la Universidad Complutense de Madrid - Fonoaudiolog\u00eda","robots":{"index":"index","follow":"follow","max-snippet":"max-snippet:-1","max-image-preview":"max-image-preview:large","max-video-preview":"max-video-preview:-1"},"canonical":"https:\/\/medicina.udd.cl\/fonoaudiologia-santiago\/noticias\/2022\/02\/15\/estudios-realizados-por-fonoaudiologos-udd-fueron-publicados-en-revista-de-intervencion-en-logopedia-de-la-universidad-complutense-de-madrid\/","og_locale":"es_ES","og_type":"article","og_title":"Estudios realizados por fonoaudi\u00f3logos UDD publicados en Revista de Intervenci\u00f3n en Logopedia de la Universidad Complutense de Madrid - Fonoaudiolog\u00eda","og_description":"Dos estudios realizados por docentes y estudiantes de la carrera de Fonoaudiolog\u00eda de la Facultad de Medicina Cl\u00ednica Alemana Universidad del Desarrollo, fueron publicados como art\u00edculos en la Revista de Intervenci\u00f3n en Logopedia, de la Universidad Complutense de Madrid, cuyo objetivo es contribuir al avance cient\u00edfico de esta disciplina que busca la prevenci\u00f3n, detecci\u00f3n, evaluaci\u00f3n, [&hellip;]","og_url":"https:\/\/medicina.udd.cl\/fonoaudiologia-santiago\/noticias\/2022\/02\/15\/estudios-realizados-por-fonoaudiologos-udd-fueron-publicados-en-revista-de-intervencion-en-logopedia-de-la-universidad-complutense-de-madrid\/","og_site_name":"Fonoaudiolog\u00eda","article_published_time":"2022-02-15T14:52:58+00:00","article_modified_time":"2022-02-15T17:45:58+00:00","og_image":[{"width":239,"height":186,"url":"https:\/\/medicina.udd.cl\/fonoaudiologia-santiago\/files\/2022\/02\/Rev.Logopedia.Madrid.portada.2.jpg","type":"image\/jpeg"}],"author":"rbraidy","twitter_misc":{"Escrito por":"rbraidy","Tiempo de lectura":"2 minutos"},"schema":{"@context":"https:\/\/schema.org","@graph":[{"@type":"Article","@id":"https:\/\/medicina.udd.cl\/fonoaudiologia-santiago\/noticias\/2022\/02\/15\/estudios-realizados-por-fonoaudiologos-udd-fueron-publicados-en-revista-de-intervencion-en-logopedia-de-la-universidad-complutense-de-madrid\/#article","isPartOf":{"@id":"https:\/\/medicina.udd.cl\/fonoaudiologia-santiago\/noticias\/2022\/02\/15\/estudios-realizados-por-fonoaudiologos-udd-fueron-publicados-en-revista-de-intervencion-en-logopedia-de-la-universidad-complutense-de-madrid\/"},"author":{"name":"rbraidy","@id":"https:\/\/medicina.udd.cl\/fonoaudiologia-santiago\/#\/schema\/person\/dbc3705bf3a93e8be1ba6de0ef950341"},"headline":"Estudios realizados por fonoaudi\u00f3logos UDD publicados en Revista de Intervenci\u00f3n en Logopedia de la Universidad Complutense de Madrid","datePublished":"2022-02-15T14:52:58+00:00","dateModified":"2022-02-15T17:45:58+00:00","mainEntityOfPage":{"@id":"https:\/\/medicina.udd.cl\/fonoaudiologia-santiago\/noticias\/2022\/02\/15\/estudios-realizados-por-fonoaudiologos-udd-fueron-publicados-en-revista-de-intervencion-en-logopedia-de-la-universidad-complutense-de-madrid\/"},"wordCount":484,"commentCount":0,"image":{"@id":"https:\/\/medicina.udd.cl\/fonoaudiologia-santiago\/noticias\/2022\/02\/15\/estudios-realizados-por-fonoaudiologos-udd-fueron-publicados-en-revista-de-intervencion-en-logopedia-de-la-universidad-complutense-de-madrid\/#primaryimage"},"thumbnailUrl":"https:\/\/medicina.udd.cl\/fonoaudiologia-santiago\/files\/2022\/02\/Rev.Logopedia.Madrid.portada.2.jpg","articleSection":["Noticias"],"inLanguage":"es","potentialAction":[{"@type":"CommentAction","name":"Comment","target":["https:\/\/medicina.udd.cl\/fonoaudiologia-santiago\/noticias\/2022\/02\/15\/estudios-realizados-por-fonoaudiologos-udd-fueron-publicados-en-revista-de-intervencion-en-logopedia-de-la-universidad-complutense-de-madrid\/#respond"]}]},{"@type":"WebPage","@id":"https:\/\/medicina.udd.cl\/fonoaudiologia-santiago\/noticias\/2022\/02\/15\/estudios-realizados-por-fonoaudiologos-udd-fueron-publicados-en-revista-de-intervencion-en-logopedia-de-la-universidad-complutense-de-madrid\/","url":"https:\/\/medicina.udd.cl\/fonoaudiologia-santiago\/noticias\/2022\/02\/15\/estudios-realizados-por-fonoaudiologos-udd-fueron-publicados-en-revista-de-intervencion-en-logopedia-de-la-universidad-complutense-de-madrid\/","name":"Estudios realizados por fonoaudi\u00f3logos UDD publicados en Revista de Intervenci\u00f3n en Logopedia de la Universidad Complutense de Madrid - Fonoaudiolog\u00eda","isPartOf":{"@id":"https:\/\/medicina.udd.cl\/fonoaudiologia-santiago\/#website"},"primaryImageOfPage":{"@id":"https:\/\/medicina.udd.cl\/fonoaudiologia-santiago\/noticias\/2022\/02\/15\/estudios-realizados-por-fonoaudiologos-udd-fueron-publicados-en-revista-de-intervencion-en-logopedia-de-la-universidad-complutense-de-madrid\/#primaryimage"},"image":{"@id":"https:\/\/medicina.udd.cl\/fonoaudiologia-santiago\/noticias\/2022\/02\/15\/estudios-realizados-por-fonoaudiologos-udd-fueron-publicados-en-revista-de-intervencion-en-logopedia-de-la-universidad-complutense-de-madrid\/#primaryimage"},"thumbnailUrl":"https:\/\/medicina.udd.cl\/fonoaudiologia-santiago\/files\/2022\/02\/Rev.Logopedia.Madrid.portada.2.jpg","datePublished":"2022-02-15T14:52:58+00:00","dateModified":"2022-02-15T17:45:58+00:00","author":{"@id":"https:\/\/medicina.udd.cl\/fonoaudiologia-santiago\/#\/schema\/person\/dbc3705bf3a93e8be1ba6de0ef950341"},"breadcrumb":{"@id":"https:\/\/medicina.udd.cl\/fonoaudiologia-santiago\/noticias\/2022\/02\/15\/estudios-realizados-por-fonoaudiologos-udd-fueron-publicados-en-revista-de-intervencion-en-logopedia-de-la-universidad-complutense-de-madrid\/#breadcrumb"},"inLanguage":"es","potentialAction":[{"@type":"ReadAction","target":["https:\/\/medicina.udd.cl\/fonoaudiologia-santiago\/noticias\/2022\/02\/15\/estudios-realizados-por-fonoaudiologos-udd-fueron-publicados-en-revista-de-intervencion-en-logopedia-de-la-universidad-complutense-de-madrid\/"]}]},{"@type":"ImageObject","inLanguage":"es","@id":"https:\/\/medicina.udd.cl\/fonoaudiologia-santiago\/noticias\/2022\/02\/15\/estudios-realizados-por-fonoaudiologos-udd-fueron-publicados-en-revista-de-intervencion-en-logopedia-de-la-universidad-complutense-de-madrid\/#primaryimage","url":"https:\/\/medicina.udd.cl\/fonoaudiologia-santiago\/files\/2022\/02\/Rev.Logopedia.Madrid.portada.2.jpg","contentUrl":"https:\/\/medicina.udd.cl\/fonoaudiologia-santiago\/files\/2022\/02\/Rev.Logopedia.Madrid.portada.2.jpg","width":239,"height":186},{"@type":"BreadcrumbList","@id":"https:\/\/medicina.udd.cl\/fonoaudiologia-santiago\/noticias\/2022\/02\/15\/estudios-realizados-por-fonoaudiologos-udd-fueron-publicados-en-revista-de-intervencion-en-logopedia-de-la-universidad-complutense-de-madrid\/#breadcrumb","itemListElement":[{"@type":"ListItem","position":1,"name":"Home","item":"https:\/\/medicina.udd.cl\/fonoaudiologia-santiago\/"},{"@type":"ListItem","position":2,"name":"Estudios realizados por fonoaudi\u00f3logos UDD publicados en Revista de Intervenci\u00f3n en Logopedia de la Universidad Complutense de Madrid"}]},{"@type":"WebSite","@id":"https:\/\/medicina.udd.cl\/fonoaudiologia-santiago\/#website","url":"https:\/\/medicina.udd.cl\/fonoaudiologia-santiago\/","name":"Fonoaudiolog\u00eda","description":"Facultad de Medicina Cl\u00ednica Alemana Universidad del Desarrollo","inLanguage":"es"},{"@type":"Person","@id":"https:\/\/medicina.udd.cl\/fonoaudiologia-santiago\/#\/schema\/person\/dbc3705bf3a93e8be1ba6de0ef950341","name":"rbraidy","image":{"@type":"ImageObject","inLanguage":"es","@id":"https:\/\/medicina.udd.cl\/fonoaudiologia-santiago\/#\/schema\/person\/image\/","url":"https:\/\/secure.gravatar.com\/avatar\/0f8bc94637401590e45d2ce17eb65c274cb8870a219de6177f3f23e63fd8cdf3?s=96&d=mm&r=g","contentUrl":"https:\/\/secure.gravatar.com\/avatar\/0f8bc94637401590e45d2ce17eb65c274cb8870a219de6177f3f23e63fd8cdf3?s=96&d=mm&r=g","caption":"rbraidy"},"url":"https:\/\/medicina.udd.cl\/fonoaudiologia-santiago\/noticias\/author\/rbraidy\/"}]}},"featured_image_url":"https:\/\/medicina.udd.cl\/fonoaudiologia-santiago\/files\/2022\/02\/Rev.Logopedia.Madrid.portada.2.jpg","_links":{"self":[{"href":"https:\/\/medicina.udd.cl\/fonoaudiologia-santiago\/wp-json\/wp\/v2\/posts\/5428","targetHints":{"allow":["GET"]}}],"collection":[{"href":"https:\/\/medicina.udd.cl\/fonoaudiologia-santiago\/wp-json\/wp\/v2\/posts"}],"about":[{"href":"https:\/\/medicina.udd.cl\/fonoaudiologia-santiago\/wp-json\/wp\/v2\/types\/post"}],"author":[{"embeddable":true,"href":"https:\/\/medicina.udd.cl\/fonoaudiologia-santiago\/wp-json\/wp\/v2\/users\/9192219"}],"replies":[{"embeddable":true,"href":"https:\/\/medicina.udd.cl\/fonoaudiologia-santiago\/wp-json\/wp\/v2\/comments?post=5428"}],"version-history":[{"count":12,"href":"https:\/\/medicina.udd.cl\/fonoaudiologia-santiago\/wp-json\/wp\/v2\/posts\/5428\/revisions"}],"predecessor-version":[{"id":5453,"href":"https:\/\/medicina.udd.cl\/fonoaudiologia-santiago\/wp-json\/wp\/v2\/posts\/5428\/revisions\/5453"}],"wp:featuredmedia":[{"embeddable":true,"href":"https:\/\/medicina.udd.cl\/fonoaudiologia-santiago\/wp-json\/wp\/v2\/media\/5442"}],"wp:attachment":[{"href":"https:\/\/medicina.udd.cl\/fonoaudiologia-santiago\/wp-json\/wp\/v2\/media?parent=5428"}],"wp:term":[{"taxonomy":"category","embeddable":true,"href":"https:\/\/medicina.udd.cl\/fonoaudiologia-santiago\/wp-json\/wp\/v2\/categories?post=5428"},{"taxonomy":"post_tag","embeddable":true,"href":"https:\/\/medicina.udd.cl\/fonoaudiologia-santiago\/wp-json\/wp\/v2\/tags?post=5428"}],"curies":[{"name":"wp","href":"https:\/\/api.w.org\/{rel}","templated":true}]}}