{"id":5504,"date":"2022-03-29T10:31:59","date_gmt":"2022-03-29T13:31:59","guid":{"rendered":"https:\/\/medicina.udd.cl\/fonoaudiologia-santiago\/?p=5504"},"modified":"2022-03-29T11:00:28","modified_gmt":"2022-03-29T14:00:28","slug":"fonoaudiologia-udd-junto-a-uci-pediatria-del-hospital-padre-hurtado-elaboran-nuevo-protocolo-de-evaluacion-en-pacientes-pediatricos-extubados","status":"publish","type":"post","link":"https:\/\/medicina.udd.cl\/fonoaudiologia-santiago\/noticias\/2022\/03\/29\/fonoaudiologia-udd-junto-a-uci-pediatria-del-hospital-padre-hurtado-elaboran-nuevo-protocolo-de-evaluacion-en-pacientes-pediatricos-extubados\/","title":{"rendered":"Fonoaudiolog\u00eda UDD junto a UCI Pediatr\u00eda del Hospital Padre Hurtado elaboran nuevo protocolo de evaluaci\u00f3n en pacientes pedi\u00e1tricos extubados"},"content":{"rendered":"\n<div class=\"wp-block-image\"><figure class=\"alignright size-large is-resized\"><img loading=\"lazy\" decoding=\"async\" src=\"https:\/\/medicina.udd.cl\/fonoaudiologia-santiago\/files\/2022\/03\/Dr.-Varela-y-Barbara-Sanzana-768x1024.jpg\" alt=\"\" class=\"wp-image-5506\" width=\"384\" height=\"512\" srcset=\"https:\/\/medicina.udd.cl\/fonoaudiologia-santiago\/files\/2022\/03\/Dr.-Varela-y-Barbara-Sanzana-768x1024.jpg 768w, https:\/\/medicina.udd.cl\/fonoaudiologia-santiago\/files\/2022\/03\/Dr.-Varela-y-Barbara-Sanzana-225x300.jpg 225w, https:\/\/medicina.udd.cl\/fonoaudiologia-santiago\/files\/2022\/03\/Dr.-Varela-y-Barbara-Sanzana-1152x1536.jpg 1152w, https:\/\/medicina.udd.cl\/fonoaudiologia-santiago\/files\/2022\/03\/Dr.-Varela-y-Barbara-Sanzana-1536x2048.jpg 1536w, https:\/\/medicina.udd.cl\/fonoaudiologia-santiago\/files\/2022\/03\/Dr.-Varela-y-Barbara-Sanzana.jpg 1875w\" sizes=\"auto, (max-width: 384px) 100vw, 384px\" \/><figcaption> Dr. Javier Varela y Flga. B\u00e1rbara Sanzana. <\/figcaption><\/figure><\/div>\n\n\n\n<p>La carrera de Fonoaudiolog\u00eda de la Facultad de Medicina Cl\u00ednica Alemana Universidad del Desarrollo, a trav\u00e9s de la docente, Flga. B\u00e1rbara Sanzana, junto al equipo de la Unidad de Cuidados Intensivos de Pediatr\u00eda del Hospital Padre Hurtado (HPH), elaboraron un protocolo para la evaluaci\u00f3n fonoaudiol\u00f3gica en pacientes extubados, que consiste en sistematizar la evaluaci\u00f3n de degluci\u00f3n en todos los pacientes intubados por m\u00e1s de 48 horas, con el fin de evitar las neumon\u00edas aspirativas en los pacientes.<\/p>\n\n\n\n<p>En este escenario, el rol del fonoaudi\u00f3logo es importante, ya que es el profesional id\u00f3neo para evaluar y recomendar consistencias y t\u00e9cnicas de alimentaci\u00f3n en estos pacientes, adem\u00e1s de realizar terapia para que vuelvan a alimentarse por v\u00eda oral de forma segura, por lo que implica un trabajo multidisciplinario junto al equipo de salud de cuidados intensivos.<\/p>\n\n\n\n<p>Para la fonoaudi\u00f3loga B\u00e1rbara Sanzana, es un tremendo avance tanto para el cuidado de los pacientes pedi\u00e1tricos y para visibilizar el trabajo del fonoaudi\u00f3logo en estas unidades<em>. \u201cQue el Hospital Padre Hurtado le haya dado la importancia a este caso, y por lo tanto solicitado la protocolizaci\u00f3n de la evaluaci\u00f3n, es un gran avance que sin el apoyo del equipo de pediatr\u00eda del Hospital no se hubiera logrado. Fue un trabajo arduo, pero estamos contentos con el resultado\u201d<\/em>, dijo la acad\u00e9mica UDD.<\/p>\n\n\n\n<p>Por su parte, el jefe de la Unidad de Cuidados Intensivos Pedi\u00e1tricos del Hospital Padre Hurtado, Dr. Javier Varela, indic\u00f3 que el manejo multidisciplinario del paciente pedi\u00e1trico cr\u00edtico es de vital importancia para obtener resultados \u00f3ptimos en la unidad de cuidados intensivos pedi\u00e1tricos.<\/p>\n\n\n\n<p>\u201cEste protocolo realizado por el equipo de Fonoaudiolog\u00eda de la Facultad de Medicina Cl\u00ednica Alemana Universidad del Desarrollo, encabezado por la fonoaudi\u00f3loga B\u00e1rbara Sanzana, representa un gran avance en la atenci\u00f3n de este grupo de ni\u00f1os. En la UCI pedi\u00e1trica del Hospital Padre Hurtado nos sentimos muy contentos y orgullosos con el aporte de este gran equipo de fonoaudiolog\u00eda\u201d, destac\u00f3 el Dr. Varela.<\/p>\n\n\n\n<p>Cabe reiterar que este protocolo, est\u00e1 siendo utilizado por la fonoaudi\u00f3loga y docente UDD, B\u00e1rbara Sanzana, y por el equipo UCI pedi\u00e1trica del HPH, para evaluar la degluci\u00f3n de todos los pacientes extubados con el fin de iniciar una alimentaci\u00f3n segura en los ni\u00f1os y ni\u00f1as, mejorando su cuidado. \u00a0<\/p>\n\n\n\n<div class=\"wp-block-image\"><figure class=\"aligncenter size-large\"><img loading=\"lazy\" decoding=\"async\" width=\"605\" height=\"174\" src=\"https:\/\/medicina.udd.cl\/fonoaudiologia-santiago\/files\/2022\/03\/Protocolo-cl\u00ednico-HPH-Fono.jpg\" alt=\"\" class=\"wp-image-5507\" srcset=\"https:\/\/medicina.udd.cl\/fonoaudiologia-santiago\/files\/2022\/03\/Protocolo-cl\u00ednico-HPH-Fono.jpg 605w, https:\/\/medicina.udd.cl\/fonoaudiologia-santiago\/files\/2022\/03\/Protocolo-cl\u00ednico-HPH-Fono-300x86.jpg 300w\" sizes=\"auto, (max-width: 605px) 100vw, 605px\" \/><\/figure><\/div>\n","protected":false},"excerpt":{"rendered":"<p>La carrera de Fonoaudiolog\u00eda de la Facultad de Medicina Cl\u00ednica Alemana Universidad del Desarrollo, a trav\u00e9s de la docente, Flga. B\u00e1rbara Sanzana, junto al equipo de la Unidad de Cuidados Intensivos de Pediatr\u00eda del Hospital Padre Hurtado (HPH), elaboraron un protocolo para la evaluaci\u00f3n fonoaudiol\u00f3gica en pacientes extubados, que consiste en sistematizar la evaluaci\u00f3n de [&hellip;]<\/p>\n","protected":false},"author":9192219,"featured_media":5505,"comment_status":"open","ping_status":"open","sticky":false,"template":"","format":"standard","meta":{"footnotes":""},"categories":[4],"tags":[],"class_list":["post-5504","post","type-post","status-publish","format-standard","has-post-thumbnail","hentry","category-noticias"],"yoast_head":"<!-- This site is optimized with the Yoast SEO plugin v26.9 - https:\/\/yoast.com\/product\/yoast-seo-wordpress\/ -->\n<title>Fonoaudiolog\u00eda UDD junto a UCI Pediatr\u00eda del Hospital Padre Hurtado elaboran nuevo protocolo de evaluaci\u00f3n en pacientes pedi\u00e1tricos extubados - Fonoaudiolog\u00eda<\/title>\n<meta name=\"robots\" content=\"index, follow, max-snippet:-1, max-image-preview:large, max-video-preview:-1\" \/>\n<link rel=\"canonical\" href=\"https:\/\/medicina.udd.cl\/fonoaudiologia-santiago\/noticias\/2022\/03\/29\/fonoaudiologia-udd-junto-a-uci-pediatria-del-hospital-padre-hurtado-elaboran-nuevo-protocolo-de-evaluacion-en-pacientes-pediatricos-extubados\/\" \/>\n<meta property=\"og:locale\" content=\"es_ES\" \/>\n<meta property=\"og:type\" content=\"article\" \/>\n<meta property=\"og:title\" content=\"Fonoaudiolog\u00eda UDD junto a UCI Pediatr\u00eda del Hospital Padre Hurtado elaboran nuevo protocolo de evaluaci\u00f3n en pacientes pedi\u00e1tricos extubados - Fonoaudiolog\u00eda\" \/>\n<meta property=\"og:description\" content=\"La carrera de Fonoaudiolog\u00eda de la Facultad de Medicina Cl\u00ednica Alemana Universidad del Desarrollo, a trav\u00e9s de la docente, Flga. B\u00e1rbara Sanzana, junto al equipo de la Unidad de Cuidados Intensivos de Pediatr\u00eda del Hospital Padre Hurtado (HPH), elaboraron un protocolo para la evaluaci\u00f3n fonoaudiol\u00f3gica en pacientes extubados, que consiste en sistematizar la evaluaci\u00f3n de [&hellip;]\" \/>\n<meta property=\"og:url\" content=\"https:\/\/medicina.udd.cl\/fonoaudiologia-santiago\/noticias\/2022\/03\/29\/fonoaudiologia-udd-junto-a-uci-pediatria-del-hospital-padre-hurtado-elaboran-nuevo-protocolo-de-evaluacion-en-pacientes-pediatricos-extubados\/\" \/>\n<meta property=\"og:site_name\" content=\"Fonoaudiolog\u00eda\" \/>\n<meta property=\"article:published_time\" content=\"2022-03-29T13:31:59+00:00\" \/>\n<meta property=\"article:modified_time\" content=\"2022-03-29T14:00:28+00:00\" \/>\n<meta property=\"og:image\" content=\"https:\/\/medicina.udd.cl\/fonoaudiologia-santiago\/files\/2022\/03\/Dr.-Varela-y-Barbara-Sanzana-portada.jpg\" \/>\n\t<meta property=\"og:image:width\" content=\"1212\" \/>\n\t<meta property=\"og:image:height\" content=\"1047\" \/>\n\t<meta property=\"og:image:type\" content=\"image\/jpeg\" \/>\n<meta name=\"author\" content=\"rbraidy\" \/>\n<meta name=\"twitter:label1\" content=\"Escrito por\" \/>\n\t<meta name=\"twitter:data1\" content=\"rbraidy\" \/>\n\t<meta name=\"twitter:label2\" content=\"Tiempo de lectura\" \/>\n\t<meta name=\"twitter:data2\" content=\"2 minutos\" \/>\n<script type=\"application\/ld+json\" class=\"yoast-schema-graph\">{\"@context\":\"https:\/\/schema.org\",\"@graph\":[{\"@type\":\"Article\",\"@id\":\"https:\/\/medicina.udd.cl\/fonoaudiologia-santiago\/noticias\/2022\/03\/29\/fonoaudiologia-udd-junto-a-uci-pediatria-del-hospital-padre-hurtado-elaboran-nuevo-protocolo-de-evaluacion-en-pacientes-pediatricos-extubados\/#article\",\"isPartOf\":{\"@id\":\"https:\/\/medicina.udd.cl\/fonoaudiologia-santiago\/noticias\/2022\/03\/29\/fonoaudiologia-udd-junto-a-uci-pediatria-del-hospital-padre-hurtado-elaboran-nuevo-protocolo-de-evaluacion-en-pacientes-pediatricos-extubados\/\"},\"author\":{\"name\":\"rbraidy\",\"@id\":\"https:\/\/medicina.udd.cl\/fonoaudiologia-santiago\/#\/schema\/person\/dbc3705bf3a93e8be1ba6de0ef950341\"},\"headline\":\"Fonoaudiolog\u00eda UDD junto a UCI Pediatr\u00eda del Hospital Padre Hurtado elaboran nuevo protocolo de evaluaci\u00f3n en pacientes pedi\u00e1tricos extubados\",\"datePublished\":\"2022-03-29T13:31:59+00:00\",\"dateModified\":\"2022-03-29T14:00:28+00:00\",\"mainEntityOfPage\":{\"@id\":\"https:\/\/medicina.udd.cl\/fonoaudiologia-santiago\/noticias\/2022\/03\/29\/fonoaudiologia-udd-junto-a-uci-pediatria-del-hospital-padre-hurtado-elaboran-nuevo-protocolo-de-evaluacion-en-pacientes-pediatricos-extubados\/\"},\"wordCount\":445,\"commentCount\":0,\"image\":{\"@id\":\"https:\/\/medicina.udd.cl\/fonoaudiologia-santiago\/noticias\/2022\/03\/29\/fonoaudiologia-udd-junto-a-uci-pediatria-del-hospital-padre-hurtado-elaboran-nuevo-protocolo-de-evaluacion-en-pacientes-pediatricos-extubados\/#primaryimage\"},\"thumbnailUrl\":\"https:\/\/medicina.udd.cl\/fonoaudiologia-santiago\/files\/2022\/03\/Dr.-Varela-y-Barbara-Sanzana-portada.jpg\",\"articleSection\":[\"Noticias\"],\"inLanguage\":\"es\",\"potentialAction\":[{\"@type\":\"CommentAction\",\"name\":\"Comment\",\"target\":[\"https:\/\/medicina.udd.cl\/fonoaudiologia-santiago\/noticias\/2022\/03\/29\/fonoaudiologia-udd-junto-a-uci-pediatria-del-hospital-padre-hurtado-elaboran-nuevo-protocolo-de-evaluacion-en-pacientes-pediatricos-extubados\/#respond\"]}]},{\"@type\":\"WebPage\",\"@id\":\"https:\/\/medicina.udd.cl\/fonoaudiologia-santiago\/noticias\/2022\/03\/29\/fonoaudiologia-udd-junto-a-uci-pediatria-del-hospital-padre-hurtado-elaboran-nuevo-protocolo-de-evaluacion-en-pacientes-pediatricos-extubados\/\",\"url\":\"https:\/\/medicina.udd.cl\/fonoaudiologia-santiago\/noticias\/2022\/03\/29\/fonoaudiologia-udd-junto-a-uci-pediatria-del-hospital-padre-hurtado-elaboran-nuevo-protocolo-de-evaluacion-en-pacientes-pediatricos-extubados\/\",\"name\":\"Fonoaudiolog\u00eda UDD junto a UCI Pediatr\u00eda del Hospital Padre Hurtado elaboran nuevo protocolo de evaluaci\u00f3n en pacientes pedi\u00e1tricos extubados - Fonoaudiolog\u00eda\",\"isPartOf\":{\"@id\":\"https:\/\/medicina.udd.cl\/fonoaudiologia-santiago\/#website\"},\"primaryImageOfPage\":{\"@id\":\"https:\/\/medicina.udd.cl\/fonoaudiologia-santiago\/noticias\/2022\/03\/29\/fonoaudiologia-udd-junto-a-uci-pediatria-del-hospital-padre-hurtado-elaboran-nuevo-protocolo-de-evaluacion-en-pacientes-pediatricos-extubados\/#primaryimage\"},\"image\":{\"@id\":\"https:\/\/medicina.udd.cl\/fonoaudiologia-santiago\/noticias\/2022\/03\/29\/fonoaudiologia-udd-junto-a-uci-pediatria-del-hospital-padre-hurtado-elaboran-nuevo-protocolo-de-evaluacion-en-pacientes-pediatricos-extubados\/#primaryimage\"},\"thumbnailUrl\":\"https:\/\/medicina.udd.cl\/fonoaudiologia-santiago\/files\/2022\/03\/Dr.-Varela-y-Barbara-Sanzana-portada.jpg\",\"datePublished\":\"2022-03-29T13:31:59+00:00\",\"dateModified\":\"2022-03-29T14:00:28+00:00\",\"author\":{\"@id\":\"https:\/\/medicina.udd.cl\/fonoaudiologia-santiago\/#\/schema\/person\/dbc3705bf3a93e8be1ba6de0ef950341\"},\"breadcrumb\":{\"@id\":\"https:\/\/medicina.udd.cl\/fonoaudiologia-santiago\/noticias\/2022\/03\/29\/fonoaudiologia-udd-junto-a-uci-pediatria-del-hospital-padre-hurtado-elaboran-nuevo-protocolo-de-evaluacion-en-pacientes-pediatricos-extubados\/#breadcrumb\"},\"inLanguage\":\"es\",\"potentialAction\":[{\"@type\":\"ReadAction\",\"target\":[\"https:\/\/medicina.udd.cl\/fonoaudiologia-santiago\/noticias\/2022\/03\/29\/fonoaudiologia-udd-junto-a-uci-pediatria-del-hospital-padre-hurtado-elaboran-nuevo-protocolo-de-evaluacion-en-pacientes-pediatricos-extubados\/\"]}]},{\"@type\":\"ImageObject\",\"inLanguage\":\"es\",\"@id\":\"https:\/\/medicina.udd.cl\/fonoaudiologia-santiago\/noticias\/2022\/03\/29\/fonoaudiologia-udd-junto-a-uci-pediatria-del-hospital-padre-hurtado-elaboran-nuevo-protocolo-de-evaluacion-en-pacientes-pediatricos-extubados\/#primaryimage\",\"url\":\"https:\/\/medicina.udd.cl\/fonoaudiologia-santiago\/files\/2022\/03\/Dr.-Varela-y-Barbara-Sanzana-portada.jpg\",\"contentUrl\":\"https:\/\/medicina.udd.cl\/fonoaudiologia-santiago\/files\/2022\/03\/Dr.-Varela-y-Barbara-Sanzana-portada.jpg\",\"width\":1212,\"height\":1047},{\"@type\":\"BreadcrumbList\",\"@id\":\"https:\/\/medicina.udd.cl\/fonoaudiologia-santiago\/noticias\/2022\/03\/29\/fonoaudiologia-udd-junto-a-uci-pediatria-del-hospital-padre-hurtado-elaboran-nuevo-protocolo-de-evaluacion-en-pacientes-pediatricos-extubados\/#breadcrumb\",\"itemListElement\":[{\"@type\":\"ListItem\",\"position\":1,\"name\":\"Home\",\"item\":\"https:\/\/medicina.udd.cl\/fonoaudiologia-santiago\/\"},{\"@type\":\"ListItem\",\"position\":2,\"name\":\"Fonoaudiolog\u00eda UDD junto a UCI Pediatr\u00eda del Hospital Padre Hurtado elaboran nuevo protocolo de evaluaci\u00f3n en pacientes pedi\u00e1tricos extubados\"}]},{\"@type\":\"WebSite\",\"@id\":\"https:\/\/medicina.udd.cl\/fonoaudiologia-santiago\/#website\",\"url\":\"https:\/\/medicina.udd.cl\/fonoaudiologia-santiago\/\",\"name\":\"Fonoaudiolog\u00eda\",\"description\":\"Facultad de Medicina Cl\u00ednica Alemana Universidad del Desarrollo\",\"inLanguage\":\"es\"},{\"@type\":\"Person\",\"@id\":\"https:\/\/medicina.udd.cl\/fonoaudiologia-santiago\/#\/schema\/person\/dbc3705bf3a93e8be1ba6de0ef950341\",\"name\":\"rbraidy\",\"image\":{\"@type\":\"ImageObject\",\"inLanguage\":\"es\",\"@id\":\"https:\/\/medicina.udd.cl\/fonoaudiologia-santiago\/#\/schema\/person\/image\/\",\"url\":\"https:\/\/secure.gravatar.com\/avatar\/0f8bc94637401590e45d2ce17eb65c274cb8870a219de6177f3f23e63fd8cdf3?s=96&d=mm&r=g\",\"contentUrl\":\"https:\/\/secure.gravatar.com\/avatar\/0f8bc94637401590e45d2ce17eb65c274cb8870a219de6177f3f23e63fd8cdf3?s=96&d=mm&r=g\",\"caption\":\"rbraidy\"},\"url\":\"https:\/\/medicina.udd.cl\/fonoaudiologia-santiago\/noticias\/author\/rbraidy\/\"}]}<\/script>\n<!-- \/ Yoast SEO plugin. -->","yoast_head_json":{"title":"Fonoaudiolog\u00eda UDD junto a UCI Pediatr\u00eda del Hospital Padre Hurtado elaboran nuevo protocolo de evaluaci\u00f3n en pacientes pedi\u00e1tricos extubados - Fonoaudiolog\u00eda","robots":{"index":"index","follow":"follow","max-snippet":"max-snippet:-1","max-image-preview":"max-image-preview:large","max-video-preview":"max-video-preview:-1"},"canonical":"https:\/\/medicina.udd.cl\/fonoaudiologia-santiago\/noticias\/2022\/03\/29\/fonoaudiologia-udd-junto-a-uci-pediatria-del-hospital-padre-hurtado-elaboran-nuevo-protocolo-de-evaluacion-en-pacientes-pediatricos-extubados\/","og_locale":"es_ES","og_type":"article","og_title":"Fonoaudiolog\u00eda UDD junto a UCI Pediatr\u00eda del Hospital Padre Hurtado elaboran nuevo protocolo de evaluaci\u00f3n en pacientes pedi\u00e1tricos extubados - Fonoaudiolog\u00eda","og_description":"La carrera de Fonoaudiolog\u00eda de la Facultad de Medicina Cl\u00ednica Alemana Universidad del Desarrollo, a trav\u00e9s de la docente, Flga. B\u00e1rbara Sanzana, junto al equipo de la Unidad de Cuidados Intensivos de Pediatr\u00eda del Hospital Padre Hurtado (HPH), elaboraron un protocolo para la evaluaci\u00f3n fonoaudiol\u00f3gica en pacientes extubados, que consiste en sistematizar la evaluaci\u00f3n de [&hellip;]","og_url":"https:\/\/medicina.udd.cl\/fonoaudiologia-santiago\/noticias\/2022\/03\/29\/fonoaudiologia-udd-junto-a-uci-pediatria-del-hospital-padre-hurtado-elaboran-nuevo-protocolo-de-evaluacion-en-pacientes-pediatricos-extubados\/","og_site_name":"Fonoaudiolog\u00eda","article_published_time":"2022-03-29T13:31:59+00:00","article_modified_time":"2022-03-29T14:00:28+00:00","og_image":[{"width":1212,"height":1047,"url":"https:\/\/medicina.udd.cl\/fonoaudiologia-santiago\/files\/2022\/03\/Dr.-Varela-y-Barbara-Sanzana-portada.jpg","type":"image\/jpeg"}],"author":"rbraidy","twitter_misc":{"Escrito por":"rbraidy","Tiempo de lectura":"2 minutos"},"schema":{"@context":"https:\/\/schema.org","@graph":[{"@type":"Article","@id":"https:\/\/medicina.udd.cl\/fonoaudiologia-santiago\/noticias\/2022\/03\/29\/fonoaudiologia-udd-junto-a-uci-pediatria-del-hospital-padre-hurtado-elaboran-nuevo-protocolo-de-evaluacion-en-pacientes-pediatricos-extubados\/#article","isPartOf":{"@id":"https:\/\/medicina.udd.cl\/fonoaudiologia-santiago\/noticias\/2022\/03\/29\/fonoaudiologia-udd-junto-a-uci-pediatria-del-hospital-padre-hurtado-elaboran-nuevo-protocolo-de-evaluacion-en-pacientes-pediatricos-extubados\/"},"author":{"name":"rbraidy","@id":"https:\/\/medicina.udd.cl\/fonoaudiologia-santiago\/#\/schema\/person\/dbc3705bf3a93e8be1ba6de0ef950341"},"headline":"Fonoaudiolog\u00eda UDD junto a UCI Pediatr\u00eda del Hospital Padre Hurtado elaboran nuevo protocolo de evaluaci\u00f3n en pacientes pedi\u00e1tricos extubados","datePublished":"2022-03-29T13:31:59+00:00","dateModified":"2022-03-29T14:00:28+00:00","mainEntityOfPage":{"@id":"https:\/\/medicina.udd.cl\/fonoaudiologia-santiago\/noticias\/2022\/03\/29\/fonoaudiologia-udd-junto-a-uci-pediatria-del-hospital-padre-hurtado-elaboran-nuevo-protocolo-de-evaluacion-en-pacientes-pediatricos-extubados\/"},"wordCount":445,"commentCount":0,"image":{"@id":"https:\/\/medicina.udd.cl\/fonoaudiologia-santiago\/noticias\/2022\/03\/29\/fonoaudiologia-udd-junto-a-uci-pediatria-del-hospital-padre-hurtado-elaboran-nuevo-protocolo-de-evaluacion-en-pacientes-pediatricos-extubados\/#primaryimage"},"thumbnailUrl":"https:\/\/medicina.udd.cl\/fonoaudiologia-santiago\/files\/2022\/03\/Dr.-Varela-y-Barbara-Sanzana-portada.jpg","articleSection":["Noticias"],"inLanguage":"es","potentialAction":[{"@type":"CommentAction","name":"Comment","target":["https:\/\/medicina.udd.cl\/fonoaudiologia-santiago\/noticias\/2022\/03\/29\/fonoaudiologia-udd-junto-a-uci-pediatria-del-hospital-padre-hurtado-elaboran-nuevo-protocolo-de-evaluacion-en-pacientes-pediatricos-extubados\/#respond"]}]},{"@type":"WebPage","@id":"https:\/\/medicina.udd.cl\/fonoaudiologia-santiago\/noticias\/2022\/03\/29\/fonoaudiologia-udd-junto-a-uci-pediatria-del-hospital-padre-hurtado-elaboran-nuevo-protocolo-de-evaluacion-en-pacientes-pediatricos-extubados\/","url":"https:\/\/medicina.udd.cl\/fonoaudiologia-santiago\/noticias\/2022\/03\/29\/fonoaudiologia-udd-junto-a-uci-pediatria-del-hospital-padre-hurtado-elaboran-nuevo-protocolo-de-evaluacion-en-pacientes-pediatricos-extubados\/","name":"Fonoaudiolog\u00eda UDD junto a UCI Pediatr\u00eda del Hospital Padre Hurtado elaboran nuevo protocolo de evaluaci\u00f3n en pacientes pedi\u00e1tricos extubados - Fonoaudiolog\u00eda","isPartOf":{"@id":"https:\/\/medicina.udd.cl\/fonoaudiologia-santiago\/#website"},"primaryImageOfPage":{"@id":"https:\/\/medicina.udd.cl\/fonoaudiologia-santiago\/noticias\/2022\/03\/29\/fonoaudiologia-udd-junto-a-uci-pediatria-del-hospital-padre-hurtado-elaboran-nuevo-protocolo-de-evaluacion-en-pacientes-pediatricos-extubados\/#primaryimage"},"image":{"@id":"https:\/\/medicina.udd.cl\/fonoaudiologia-santiago\/noticias\/2022\/03\/29\/fonoaudiologia-udd-junto-a-uci-pediatria-del-hospital-padre-hurtado-elaboran-nuevo-protocolo-de-evaluacion-en-pacientes-pediatricos-extubados\/#primaryimage"},"thumbnailUrl":"https:\/\/medicina.udd.cl\/fonoaudiologia-santiago\/files\/2022\/03\/Dr.-Varela-y-Barbara-Sanzana-portada.jpg","datePublished":"2022-03-29T13:31:59+00:00","dateModified":"2022-03-29T14:00:28+00:00","author":{"@id":"https:\/\/medicina.udd.cl\/fonoaudiologia-santiago\/#\/schema\/person\/dbc3705bf3a93e8be1ba6de0ef950341"},"breadcrumb":{"@id":"https:\/\/medicina.udd.cl\/fonoaudiologia-santiago\/noticias\/2022\/03\/29\/fonoaudiologia-udd-junto-a-uci-pediatria-del-hospital-padre-hurtado-elaboran-nuevo-protocolo-de-evaluacion-en-pacientes-pediatricos-extubados\/#breadcrumb"},"inLanguage":"es","potentialAction":[{"@type":"ReadAction","target":["https:\/\/medicina.udd.cl\/fonoaudiologia-santiago\/noticias\/2022\/03\/29\/fonoaudiologia-udd-junto-a-uci-pediatria-del-hospital-padre-hurtado-elaboran-nuevo-protocolo-de-evaluacion-en-pacientes-pediatricos-extubados\/"]}]},{"@type":"ImageObject","inLanguage":"es","@id":"https:\/\/medicina.udd.cl\/fonoaudiologia-santiago\/noticias\/2022\/03\/29\/fonoaudiologia-udd-junto-a-uci-pediatria-del-hospital-padre-hurtado-elaboran-nuevo-protocolo-de-evaluacion-en-pacientes-pediatricos-extubados\/#primaryimage","url":"https:\/\/medicina.udd.cl\/fonoaudiologia-santiago\/files\/2022\/03\/Dr.-Varela-y-Barbara-Sanzana-portada.jpg","contentUrl":"https:\/\/medicina.udd.cl\/fonoaudiologia-santiago\/files\/2022\/03\/Dr.-Varela-y-Barbara-Sanzana-portada.jpg","width":1212,"height":1047},{"@type":"BreadcrumbList","@id":"https:\/\/medicina.udd.cl\/fonoaudiologia-santiago\/noticias\/2022\/03\/29\/fonoaudiologia-udd-junto-a-uci-pediatria-del-hospital-padre-hurtado-elaboran-nuevo-protocolo-de-evaluacion-en-pacientes-pediatricos-extubados\/#breadcrumb","itemListElement":[{"@type":"ListItem","position":1,"name":"Home","item":"https:\/\/medicina.udd.cl\/fonoaudiologia-santiago\/"},{"@type":"ListItem","position":2,"name":"Fonoaudiolog\u00eda UDD junto a UCI Pediatr\u00eda del Hospital Padre Hurtado elaboran nuevo protocolo de evaluaci\u00f3n en pacientes pedi\u00e1tricos extubados"}]},{"@type":"WebSite","@id":"https:\/\/medicina.udd.cl\/fonoaudiologia-santiago\/#website","url":"https:\/\/medicina.udd.cl\/fonoaudiologia-santiago\/","name":"Fonoaudiolog\u00eda","description":"Facultad de Medicina Cl\u00ednica Alemana Universidad del Desarrollo","inLanguage":"es"},{"@type":"Person","@id":"https:\/\/medicina.udd.cl\/fonoaudiologia-santiago\/#\/schema\/person\/dbc3705bf3a93e8be1ba6de0ef950341","name":"rbraidy","image":{"@type":"ImageObject","inLanguage":"es","@id":"https:\/\/medicina.udd.cl\/fonoaudiologia-santiago\/#\/schema\/person\/image\/","url":"https:\/\/secure.gravatar.com\/avatar\/0f8bc94637401590e45d2ce17eb65c274cb8870a219de6177f3f23e63fd8cdf3?s=96&d=mm&r=g","contentUrl":"https:\/\/secure.gravatar.com\/avatar\/0f8bc94637401590e45d2ce17eb65c274cb8870a219de6177f3f23e63fd8cdf3?s=96&d=mm&r=g","caption":"rbraidy"},"url":"https:\/\/medicina.udd.cl\/fonoaudiologia-santiago\/noticias\/author\/rbraidy\/"}]}},"featured_image_url":"https:\/\/medicina.udd.cl\/fonoaudiologia-santiago\/files\/2022\/03\/Dr.-Varela-y-Barbara-Sanzana-portada.jpg","_links":{"self":[{"href":"https:\/\/medicina.udd.cl\/fonoaudiologia-santiago\/wp-json\/wp\/v2\/posts\/5504","targetHints":{"allow":["GET"]}}],"collection":[{"href":"https:\/\/medicina.udd.cl\/fonoaudiologia-santiago\/wp-json\/wp\/v2\/posts"}],"about":[{"href":"https:\/\/medicina.udd.cl\/fonoaudiologia-santiago\/wp-json\/wp\/v2\/types\/post"}],"author":[{"embeddable":true,"href":"https:\/\/medicina.udd.cl\/fonoaudiologia-santiago\/wp-json\/wp\/v2\/users\/9192219"}],"replies":[{"embeddable":true,"href":"https:\/\/medicina.udd.cl\/fonoaudiologia-santiago\/wp-json\/wp\/v2\/comments?post=5504"}],"version-history":[{"count":2,"href":"https:\/\/medicina.udd.cl\/fonoaudiologia-santiago\/wp-json\/wp\/v2\/posts\/5504\/revisions"}],"predecessor-version":[{"id":5509,"href":"https:\/\/medicina.udd.cl\/fonoaudiologia-santiago\/wp-json\/wp\/v2\/posts\/5504\/revisions\/5509"}],"wp:featuredmedia":[{"embeddable":true,"href":"https:\/\/medicina.udd.cl\/fonoaudiologia-santiago\/wp-json\/wp\/v2\/media\/5505"}],"wp:attachment":[{"href":"https:\/\/medicina.udd.cl\/fonoaudiologia-santiago\/wp-json\/wp\/v2\/media?parent=5504"}],"wp:term":[{"taxonomy":"category","embeddable":true,"href":"https:\/\/medicina.udd.cl\/fonoaudiologia-santiago\/wp-json\/wp\/v2\/categories?post=5504"},{"taxonomy":"post_tag","embeddable":true,"href":"https:\/\/medicina.udd.cl\/fonoaudiologia-santiago\/wp-json\/wp\/v2\/tags?post=5504"}],"curies":[{"name":"wp","href":"https:\/\/api.w.org\/{rel}","templated":true}]}}