{"id":5525,"date":"2022-04-07T17:07:19","date_gmt":"2022-04-07T21:07:19","guid":{"rendered":"https:\/\/medicina.udd.cl\/fonoaudiologia-santiago\/?p=5525"},"modified":"2022-04-07T17:30:12","modified_gmt":"2022-04-07T21:30:12","slug":"investigacion-de-estudiantes-de-fonoaudiologia-udd-publicada-en-prestigiosa-revista-internacional","status":"publish","type":"post","link":"https:\/\/medicina.udd.cl\/fonoaudiologia-santiago\/noticias\/2022\/04\/07\/investigacion-de-estudiantes-de-fonoaudiologia-udd-publicada-en-prestigiosa-revista-internacional\/","title":{"rendered":"Investigaci\u00f3n de estudiantes de Fonoaudiolog\u00eda UDD publicada en prestigiosa revista internacional"},"content":{"rendered":"\n<div class=\"wp-block-image\"><figure class=\"alignright size-large\"><img loading=\"lazy\" decoding=\"async\" width=\"208\" height=\"294\" src=\"https:\/\/medicina.udd.cl\/fonoaudiologia-santiago\/files\/2022\/02\/Revista-Logopedia-ESP.jpg\" alt=\"\" class=\"wp-image-5432\" \/><\/figure><\/div>\n\n\n\n<p>Las estudiantes de la carrera\nde Fonoaudiolog\u00eda de la Facultad de Medicina Cl\u00ednica Alemana Universidad del\nDesarrollo, Constanza Skinner, Stephanie Hevia, Camila Figueroa y Catalina\nCabezas, guiadas por el docente Felipe Rosales Lillo, realizaron un estudio denominado\n<em>\u201cCaracter\u00edsticas de los pacientes con\nalteraciones de la degluci\u00f3n hospitalizados en UPC con diagn\u00f3stico de\nSARS-CoV-2: una revisi\u00f3n sistem\u00e1tica\u201d<\/em>, investigaci\u00f3n que fue publicada como\nart\u00edculo en la Revista de Intervenci\u00f3n en Logopedia, de la Universidad\nComplutense de Madrid.<\/p>\n\n\n\n<p>Esta revista internacional que\ntiene como objetivo contribuir al avance cient\u00edfico de la fonoaudiolog\u00eda, busca\nla prevenci\u00f3n, detecci\u00f3n, evaluaci\u00f3n, diagn\u00f3stico y tratamiento de los\ntrastornos de la comunicaci\u00f3n humana, entre ellos, alteraciones de la voz, de\nla audici\u00f3n, del habla y de las funciones oro-faciales y deglutorias.\nJustamente este \u00faltimo punto, fue donde se bas\u00f3 el estudio de las estudiantes\nde Fonoaudiolog\u00eda UDD. &nbsp;<\/p>\n\n\n\n<p> <em>\u00abTuve el honor de trabajar con Constanza, Stephanie, Camila y Catalina, mediante la supervisi\u00f3n del tema de tesis que propuse a la carrera en el 2020, y que fue escogido por ellas. Desde nuestra primera reuni\u00f3n las incentiv\u00e9 a ir m\u00e1s all\u00e1 de realizar una tesis de pregrado, apuntando a que el trabajo deb\u00eda orientarse a una posible publicaci\u00f3n\u00bb<\/em>&nbsp;, indic\u00f3 el docente Felipe Rosales Lillo. <\/p>\n\n\n\n<p>En este contexto el docente\nUDD se\u00f1al\u00f3 que, tras el fin del proyecto en diciembre de 2021, trabajaron en el\nenv\u00edo del art\u00edculo a Espa\u00f1a, el que fue aceptado y publicado recientemente. <\/p>\n\n\n\n<p> <em>\u00abEstoy muy orgulloso de este grupo de trabajo, creo que ser\u00e1n unas excelentes colegas, y espero que esta iniciativa les sirva para que a futuro puedan aportar al conocimiento en nuestra \u00e1rea desde sus propias l\u00edneas de investigaci\u00f3n que, sin duda, siempre es necesario potenciar\u00bb<\/em>, se\u00f1al\u00f3 el fonoaudi\u00f3logo. <\/p>\n\n\n\n<p>Cabe mencionar que, los resultados de esta investigaci\u00f3n muestran que el tiempo promedio de hospitalizaci\u00f3n de pacientes con diagn\u00f3stico SARS-CoV-2 en Unidades de Cuidado Intensivo, var\u00eda entre 15 y 34 d\u00edas. Respecto a las caracter\u00edsticas de la v\u00eda a\u00e9rea artificial, las m\u00e1s frecuentes son la intubaci\u00f3n orotraqueal y la traqueostom\u00eda, donde el promedio de uso m\u00ednimo es de 10 d\u00edas y el m\u00e1ximo de 17 d\u00edas en el caso de la intubaci\u00f3n, mientras que para la traqueostom\u00eda, el m\u00ednimo y m\u00e1ximo es de 19 y 30 d\u00edas, respectivamente. <\/p>\n\n\n\n<p>Pueden ver <a href=\"https:\/\/medicina.udd.cl\/fonoaudiologia-santiago\/files\/2022\/04\/79196-Texto-del-art\u00edculo-4564456637729-1-10-20220323.pdf\">aqu\u00ed, la publicaci\u00f3n de las estudiantes de Fonoaudiolog\u00eda en la Revista de Intervenci\u00f3n en Logopedia, de la Universidad Complutense de Madrid.<\/a><\/p>\n\n\n\n<div class=\"wp-block-image\"><figure class=\"aligncenter size-large\"><img loading=\"lazy\" decoding=\"async\" width=\"878\" height=\"339\" src=\"https:\/\/medicina.udd.cl\/fonoaudiologia-santiago\/files\/2022\/04\/Revista-Logopedia-Fonoaudiolog\u00eda-UDD.jpg\" alt=\"\" class=\"wp-image-5528\" srcset=\"https:\/\/medicina.udd.cl\/fonoaudiologia-santiago\/files\/2022\/04\/Revista-Logopedia-Fonoaudiolog\u00eda-UDD.jpg 878w, https:\/\/medicina.udd.cl\/fonoaudiologia-santiago\/files\/2022\/04\/Revista-Logopedia-Fonoaudiolog\u00eda-UDD-300x116.jpg 300w, https:\/\/medicina.udd.cl\/fonoaudiologia-santiago\/files\/2022\/04\/Revista-Logopedia-Fonoaudiolog\u00eda-UDD-768x297.jpg 768w\" sizes=\"auto, (max-width: 878px) 100vw, 878px\" \/><\/figure><\/div>\n","protected":false},"excerpt":{"rendered":"<p>Las estudiantes de la carrera de Fonoaudiolog\u00eda de la Facultad de Medicina Cl\u00ednica Alemana Universidad del Desarrollo, Constanza Skinner, Stephanie Hevia, Camila Figueroa y Catalina Cabezas, guiadas por el docente Felipe Rosales Lillo, realizaron un estudio denominado \u201cCaracter\u00edsticas de los pacientes con alteraciones de la degluci\u00f3n hospitalizados en UPC con diagn\u00f3stico de SARS-CoV-2: una revisi\u00f3n [&hellip;]<\/p>\n","protected":false},"author":9192219,"featured_media":5442,"comment_status":"open","ping_status":"open","sticky":false,"template":"","format":"standard","meta":{"footnotes":""},"categories":[4],"tags":[],"class_list":["post-5525","post","type-post","status-publish","format-standard","has-post-thumbnail","hentry","category-noticias"],"yoast_head":"<!-- This site is optimized with the Yoast SEO plugin v26.9 - https:\/\/yoast.com\/product\/yoast-seo-wordpress\/ -->\n<title>Investigaci\u00f3n de estudiantes de Fonoaudiolog\u00eda UDD publicada en prestigiosa revista internacional - Fonoaudiolog\u00eda<\/title>\n<meta name=\"robots\" content=\"index, follow, max-snippet:-1, max-image-preview:large, max-video-preview:-1\" \/>\n<link rel=\"canonical\" href=\"https:\/\/medicina.udd.cl\/fonoaudiologia-santiago\/noticias\/2022\/04\/07\/investigacion-de-estudiantes-de-fonoaudiologia-udd-publicada-en-prestigiosa-revista-internacional\/\" \/>\n<meta property=\"og:locale\" content=\"es_ES\" \/>\n<meta property=\"og:type\" content=\"article\" \/>\n<meta property=\"og:title\" content=\"Investigaci\u00f3n de estudiantes de Fonoaudiolog\u00eda UDD publicada en prestigiosa revista internacional - Fonoaudiolog\u00eda\" \/>\n<meta property=\"og:description\" content=\"Las estudiantes de la carrera de Fonoaudiolog\u00eda de la Facultad de Medicina Cl\u00ednica Alemana Universidad del Desarrollo, Constanza Skinner, Stephanie Hevia, Camila Figueroa y Catalina Cabezas, guiadas por el docente Felipe Rosales Lillo, realizaron un estudio denominado \u201cCaracter\u00edsticas de los pacientes con alteraciones de la degluci\u00f3n hospitalizados en UPC con diagn\u00f3stico de SARS-CoV-2: una revisi\u00f3n [&hellip;]\" \/>\n<meta property=\"og:url\" content=\"https:\/\/medicina.udd.cl\/fonoaudiologia-santiago\/noticias\/2022\/04\/07\/investigacion-de-estudiantes-de-fonoaudiologia-udd-publicada-en-prestigiosa-revista-internacional\/\" \/>\n<meta property=\"og:site_name\" content=\"Fonoaudiolog\u00eda\" \/>\n<meta property=\"article:published_time\" content=\"2022-04-07T21:07:19+00:00\" \/>\n<meta property=\"article:modified_time\" content=\"2022-04-07T21:30:12+00:00\" \/>\n<meta property=\"og:image\" content=\"https:\/\/medicina.udd.cl\/fonoaudiologia-santiago\/files\/2022\/02\/Rev.Logopedia.Madrid.portada.2.jpg\" \/>\n\t<meta property=\"og:image:width\" content=\"239\" \/>\n\t<meta property=\"og:image:height\" content=\"186\" \/>\n\t<meta property=\"og:image:type\" content=\"image\/jpeg\" \/>\n<meta name=\"author\" content=\"rbraidy\" \/>\n<meta name=\"twitter:label1\" content=\"Escrito por\" \/>\n\t<meta name=\"twitter:data1\" content=\"rbraidy\" \/>\n\t<meta name=\"twitter:label2\" content=\"Tiempo de lectura\" \/>\n\t<meta name=\"twitter:data2\" content=\"2 minutos\" \/>\n<script type=\"application\/ld+json\" class=\"yoast-schema-graph\">{\"@context\":\"https:\/\/schema.org\",\"@graph\":[{\"@type\":\"Article\",\"@id\":\"https:\/\/medicina.udd.cl\/fonoaudiologia-santiago\/noticias\/2022\/04\/07\/investigacion-de-estudiantes-de-fonoaudiologia-udd-publicada-en-prestigiosa-revista-internacional\/#article\",\"isPartOf\":{\"@id\":\"https:\/\/medicina.udd.cl\/fonoaudiologia-santiago\/noticias\/2022\/04\/07\/investigacion-de-estudiantes-de-fonoaudiologia-udd-publicada-en-prestigiosa-revista-internacional\/\"},\"author\":{\"name\":\"rbraidy\",\"@id\":\"https:\/\/medicina.udd.cl\/fonoaudiologia-santiago\/#\/schema\/person\/dbc3705bf3a93e8be1ba6de0ef950341\"},\"headline\":\"Investigaci\u00f3n de estudiantes de Fonoaudiolog\u00eda UDD publicada en prestigiosa revista internacional\",\"datePublished\":\"2022-04-07T21:07:19+00:00\",\"dateModified\":\"2022-04-07T21:30:12+00:00\",\"mainEntityOfPage\":{\"@id\":\"https:\/\/medicina.udd.cl\/fonoaudiologia-santiago\/noticias\/2022\/04\/07\/investigacion-de-estudiantes-de-fonoaudiologia-udd-publicada-en-prestigiosa-revista-internacional\/\"},\"wordCount\":457,\"commentCount\":0,\"image\":{\"@id\":\"https:\/\/medicina.udd.cl\/fonoaudiologia-santiago\/noticias\/2022\/04\/07\/investigacion-de-estudiantes-de-fonoaudiologia-udd-publicada-en-prestigiosa-revista-internacional\/#primaryimage\"},\"thumbnailUrl\":\"https:\/\/medicina.udd.cl\/fonoaudiologia-santiago\/files\/2022\/02\/Rev.Logopedia.Madrid.portada.2.jpg\",\"articleSection\":[\"Noticias\"],\"inLanguage\":\"es\",\"potentialAction\":[{\"@type\":\"CommentAction\",\"name\":\"Comment\",\"target\":[\"https:\/\/medicina.udd.cl\/fonoaudiologia-santiago\/noticias\/2022\/04\/07\/investigacion-de-estudiantes-de-fonoaudiologia-udd-publicada-en-prestigiosa-revista-internacional\/#respond\"]}]},{\"@type\":\"WebPage\",\"@id\":\"https:\/\/medicina.udd.cl\/fonoaudiologia-santiago\/noticias\/2022\/04\/07\/investigacion-de-estudiantes-de-fonoaudiologia-udd-publicada-en-prestigiosa-revista-internacional\/\",\"url\":\"https:\/\/medicina.udd.cl\/fonoaudiologia-santiago\/noticias\/2022\/04\/07\/investigacion-de-estudiantes-de-fonoaudiologia-udd-publicada-en-prestigiosa-revista-internacional\/\",\"name\":\"Investigaci\u00f3n de estudiantes de Fonoaudiolog\u00eda UDD publicada en prestigiosa revista internacional - Fonoaudiolog\u00eda\",\"isPartOf\":{\"@id\":\"https:\/\/medicina.udd.cl\/fonoaudiologia-santiago\/#website\"},\"primaryImageOfPage\":{\"@id\":\"https:\/\/medicina.udd.cl\/fonoaudiologia-santiago\/noticias\/2022\/04\/07\/investigacion-de-estudiantes-de-fonoaudiologia-udd-publicada-en-prestigiosa-revista-internacional\/#primaryimage\"},\"image\":{\"@id\":\"https:\/\/medicina.udd.cl\/fonoaudiologia-santiago\/noticias\/2022\/04\/07\/investigacion-de-estudiantes-de-fonoaudiologia-udd-publicada-en-prestigiosa-revista-internacional\/#primaryimage\"},\"thumbnailUrl\":\"https:\/\/medicina.udd.cl\/fonoaudiologia-santiago\/files\/2022\/02\/Rev.Logopedia.Madrid.portada.2.jpg\",\"datePublished\":\"2022-04-07T21:07:19+00:00\",\"dateModified\":\"2022-04-07T21:30:12+00:00\",\"author\":{\"@id\":\"https:\/\/medicina.udd.cl\/fonoaudiologia-santiago\/#\/schema\/person\/dbc3705bf3a93e8be1ba6de0ef950341\"},\"breadcrumb\":{\"@id\":\"https:\/\/medicina.udd.cl\/fonoaudiologia-santiago\/noticias\/2022\/04\/07\/investigacion-de-estudiantes-de-fonoaudiologia-udd-publicada-en-prestigiosa-revista-internacional\/#breadcrumb\"},\"inLanguage\":\"es\",\"potentialAction\":[{\"@type\":\"ReadAction\",\"target\":[\"https:\/\/medicina.udd.cl\/fonoaudiologia-santiago\/noticias\/2022\/04\/07\/investigacion-de-estudiantes-de-fonoaudiologia-udd-publicada-en-prestigiosa-revista-internacional\/\"]}]},{\"@type\":\"ImageObject\",\"inLanguage\":\"es\",\"@id\":\"https:\/\/medicina.udd.cl\/fonoaudiologia-santiago\/noticias\/2022\/04\/07\/investigacion-de-estudiantes-de-fonoaudiologia-udd-publicada-en-prestigiosa-revista-internacional\/#primaryimage\",\"url\":\"https:\/\/medicina.udd.cl\/fonoaudiologia-santiago\/files\/2022\/02\/Rev.Logopedia.Madrid.portada.2.jpg\",\"contentUrl\":\"https:\/\/medicina.udd.cl\/fonoaudiologia-santiago\/files\/2022\/02\/Rev.Logopedia.Madrid.portada.2.jpg\",\"width\":239,\"height\":186},{\"@type\":\"BreadcrumbList\",\"@id\":\"https:\/\/medicina.udd.cl\/fonoaudiologia-santiago\/noticias\/2022\/04\/07\/investigacion-de-estudiantes-de-fonoaudiologia-udd-publicada-en-prestigiosa-revista-internacional\/#breadcrumb\",\"itemListElement\":[{\"@type\":\"ListItem\",\"position\":1,\"name\":\"Home\",\"item\":\"https:\/\/medicina.udd.cl\/fonoaudiologia-santiago\/\"},{\"@type\":\"ListItem\",\"position\":2,\"name\":\"Investigaci\u00f3n de estudiantes de Fonoaudiolog\u00eda UDD publicada en prestigiosa revista internacional\"}]},{\"@type\":\"WebSite\",\"@id\":\"https:\/\/medicina.udd.cl\/fonoaudiologia-santiago\/#website\",\"url\":\"https:\/\/medicina.udd.cl\/fonoaudiologia-santiago\/\",\"name\":\"Fonoaudiolog\u00eda\",\"description\":\"Facultad de Medicina Cl\u00ednica Alemana Universidad del Desarrollo\",\"inLanguage\":\"es\"},{\"@type\":\"Person\",\"@id\":\"https:\/\/medicina.udd.cl\/fonoaudiologia-santiago\/#\/schema\/person\/dbc3705bf3a93e8be1ba6de0ef950341\",\"name\":\"rbraidy\",\"image\":{\"@type\":\"ImageObject\",\"inLanguage\":\"es\",\"@id\":\"https:\/\/medicina.udd.cl\/fonoaudiologia-santiago\/#\/schema\/person\/image\/\",\"url\":\"https:\/\/secure.gravatar.com\/avatar\/0f8bc94637401590e45d2ce17eb65c274cb8870a219de6177f3f23e63fd8cdf3?s=96&d=mm&r=g\",\"contentUrl\":\"https:\/\/secure.gravatar.com\/avatar\/0f8bc94637401590e45d2ce17eb65c274cb8870a219de6177f3f23e63fd8cdf3?s=96&d=mm&r=g\",\"caption\":\"rbraidy\"},\"url\":\"https:\/\/medicina.udd.cl\/fonoaudiologia-santiago\/noticias\/author\/rbraidy\/\"}]}<\/script>\n<!-- \/ Yoast SEO plugin. -->","yoast_head_json":{"title":"Investigaci\u00f3n de estudiantes de Fonoaudiolog\u00eda UDD publicada en prestigiosa revista internacional - Fonoaudiolog\u00eda","robots":{"index":"index","follow":"follow","max-snippet":"max-snippet:-1","max-image-preview":"max-image-preview:large","max-video-preview":"max-video-preview:-1"},"canonical":"https:\/\/medicina.udd.cl\/fonoaudiologia-santiago\/noticias\/2022\/04\/07\/investigacion-de-estudiantes-de-fonoaudiologia-udd-publicada-en-prestigiosa-revista-internacional\/","og_locale":"es_ES","og_type":"article","og_title":"Investigaci\u00f3n de estudiantes de Fonoaudiolog\u00eda UDD publicada en prestigiosa revista internacional - Fonoaudiolog\u00eda","og_description":"Las estudiantes de la carrera de Fonoaudiolog\u00eda de la Facultad de Medicina Cl\u00ednica Alemana Universidad del Desarrollo, Constanza Skinner, Stephanie Hevia, Camila Figueroa y Catalina Cabezas, guiadas por el docente Felipe Rosales Lillo, realizaron un estudio denominado \u201cCaracter\u00edsticas de los pacientes con alteraciones de la degluci\u00f3n hospitalizados en UPC con diagn\u00f3stico de SARS-CoV-2: una revisi\u00f3n [&hellip;]","og_url":"https:\/\/medicina.udd.cl\/fonoaudiologia-santiago\/noticias\/2022\/04\/07\/investigacion-de-estudiantes-de-fonoaudiologia-udd-publicada-en-prestigiosa-revista-internacional\/","og_site_name":"Fonoaudiolog\u00eda","article_published_time":"2022-04-07T21:07:19+00:00","article_modified_time":"2022-04-07T21:30:12+00:00","og_image":[{"width":239,"height":186,"url":"https:\/\/medicina.udd.cl\/fonoaudiologia-santiago\/files\/2022\/02\/Rev.Logopedia.Madrid.portada.2.jpg","type":"image\/jpeg"}],"author":"rbraidy","twitter_misc":{"Escrito por":"rbraidy","Tiempo de lectura":"2 minutos"},"schema":{"@context":"https:\/\/schema.org","@graph":[{"@type":"Article","@id":"https:\/\/medicina.udd.cl\/fonoaudiologia-santiago\/noticias\/2022\/04\/07\/investigacion-de-estudiantes-de-fonoaudiologia-udd-publicada-en-prestigiosa-revista-internacional\/#article","isPartOf":{"@id":"https:\/\/medicina.udd.cl\/fonoaudiologia-santiago\/noticias\/2022\/04\/07\/investigacion-de-estudiantes-de-fonoaudiologia-udd-publicada-en-prestigiosa-revista-internacional\/"},"author":{"name":"rbraidy","@id":"https:\/\/medicina.udd.cl\/fonoaudiologia-santiago\/#\/schema\/person\/dbc3705bf3a93e8be1ba6de0ef950341"},"headline":"Investigaci\u00f3n de estudiantes de Fonoaudiolog\u00eda UDD publicada en prestigiosa revista internacional","datePublished":"2022-04-07T21:07:19+00:00","dateModified":"2022-04-07T21:30:12+00:00","mainEntityOfPage":{"@id":"https:\/\/medicina.udd.cl\/fonoaudiologia-santiago\/noticias\/2022\/04\/07\/investigacion-de-estudiantes-de-fonoaudiologia-udd-publicada-en-prestigiosa-revista-internacional\/"},"wordCount":457,"commentCount":0,"image":{"@id":"https:\/\/medicina.udd.cl\/fonoaudiologia-santiago\/noticias\/2022\/04\/07\/investigacion-de-estudiantes-de-fonoaudiologia-udd-publicada-en-prestigiosa-revista-internacional\/#primaryimage"},"thumbnailUrl":"https:\/\/medicina.udd.cl\/fonoaudiologia-santiago\/files\/2022\/02\/Rev.Logopedia.Madrid.portada.2.jpg","articleSection":["Noticias"],"inLanguage":"es","potentialAction":[{"@type":"CommentAction","name":"Comment","target":["https:\/\/medicina.udd.cl\/fonoaudiologia-santiago\/noticias\/2022\/04\/07\/investigacion-de-estudiantes-de-fonoaudiologia-udd-publicada-en-prestigiosa-revista-internacional\/#respond"]}]},{"@type":"WebPage","@id":"https:\/\/medicina.udd.cl\/fonoaudiologia-santiago\/noticias\/2022\/04\/07\/investigacion-de-estudiantes-de-fonoaudiologia-udd-publicada-en-prestigiosa-revista-internacional\/","url":"https:\/\/medicina.udd.cl\/fonoaudiologia-santiago\/noticias\/2022\/04\/07\/investigacion-de-estudiantes-de-fonoaudiologia-udd-publicada-en-prestigiosa-revista-internacional\/","name":"Investigaci\u00f3n de estudiantes de Fonoaudiolog\u00eda UDD publicada en prestigiosa revista internacional - Fonoaudiolog\u00eda","isPartOf":{"@id":"https:\/\/medicina.udd.cl\/fonoaudiologia-santiago\/#website"},"primaryImageOfPage":{"@id":"https:\/\/medicina.udd.cl\/fonoaudiologia-santiago\/noticias\/2022\/04\/07\/investigacion-de-estudiantes-de-fonoaudiologia-udd-publicada-en-prestigiosa-revista-internacional\/#primaryimage"},"image":{"@id":"https:\/\/medicina.udd.cl\/fonoaudiologia-santiago\/noticias\/2022\/04\/07\/investigacion-de-estudiantes-de-fonoaudiologia-udd-publicada-en-prestigiosa-revista-internacional\/#primaryimage"},"thumbnailUrl":"https:\/\/medicina.udd.cl\/fonoaudiologia-santiago\/files\/2022\/02\/Rev.Logopedia.Madrid.portada.2.jpg","datePublished":"2022-04-07T21:07:19+00:00","dateModified":"2022-04-07T21:30:12+00:00","author":{"@id":"https:\/\/medicina.udd.cl\/fonoaudiologia-santiago\/#\/schema\/person\/dbc3705bf3a93e8be1ba6de0ef950341"},"breadcrumb":{"@id":"https:\/\/medicina.udd.cl\/fonoaudiologia-santiago\/noticias\/2022\/04\/07\/investigacion-de-estudiantes-de-fonoaudiologia-udd-publicada-en-prestigiosa-revista-internacional\/#breadcrumb"},"inLanguage":"es","potentialAction":[{"@type":"ReadAction","target":["https:\/\/medicina.udd.cl\/fonoaudiologia-santiago\/noticias\/2022\/04\/07\/investigacion-de-estudiantes-de-fonoaudiologia-udd-publicada-en-prestigiosa-revista-internacional\/"]}]},{"@type":"ImageObject","inLanguage":"es","@id":"https:\/\/medicina.udd.cl\/fonoaudiologia-santiago\/noticias\/2022\/04\/07\/investigacion-de-estudiantes-de-fonoaudiologia-udd-publicada-en-prestigiosa-revista-internacional\/#primaryimage","url":"https:\/\/medicina.udd.cl\/fonoaudiologia-santiago\/files\/2022\/02\/Rev.Logopedia.Madrid.portada.2.jpg","contentUrl":"https:\/\/medicina.udd.cl\/fonoaudiologia-santiago\/files\/2022\/02\/Rev.Logopedia.Madrid.portada.2.jpg","width":239,"height":186},{"@type":"BreadcrumbList","@id":"https:\/\/medicina.udd.cl\/fonoaudiologia-santiago\/noticias\/2022\/04\/07\/investigacion-de-estudiantes-de-fonoaudiologia-udd-publicada-en-prestigiosa-revista-internacional\/#breadcrumb","itemListElement":[{"@type":"ListItem","position":1,"name":"Home","item":"https:\/\/medicina.udd.cl\/fonoaudiologia-santiago\/"},{"@type":"ListItem","position":2,"name":"Investigaci\u00f3n de estudiantes de Fonoaudiolog\u00eda UDD publicada en prestigiosa revista internacional"}]},{"@type":"WebSite","@id":"https:\/\/medicina.udd.cl\/fonoaudiologia-santiago\/#website","url":"https:\/\/medicina.udd.cl\/fonoaudiologia-santiago\/","name":"Fonoaudiolog\u00eda","description":"Facultad de Medicina Cl\u00ednica Alemana Universidad del Desarrollo","inLanguage":"es"},{"@type":"Person","@id":"https:\/\/medicina.udd.cl\/fonoaudiologia-santiago\/#\/schema\/person\/dbc3705bf3a93e8be1ba6de0ef950341","name":"rbraidy","image":{"@type":"ImageObject","inLanguage":"es","@id":"https:\/\/medicina.udd.cl\/fonoaudiologia-santiago\/#\/schema\/person\/image\/","url":"https:\/\/secure.gravatar.com\/avatar\/0f8bc94637401590e45d2ce17eb65c274cb8870a219de6177f3f23e63fd8cdf3?s=96&d=mm&r=g","contentUrl":"https:\/\/secure.gravatar.com\/avatar\/0f8bc94637401590e45d2ce17eb65c274cb8870a219de6177f3f23e63fd8cdf3?s=96&d=mm&r=g","caption":"rbraidy"},"url":"https:\/\/medicina.udd.cl\/fonoaudiologia-santiago\/noticias\/author\/rbraidy\/"}]}},"featured_image_url":"https:\/\/medicina.udd.cl\/fonoaudiologia-santiago\/files\/2022\/02\/Rev.Logopedia.Madrid.portada.2.jpg","_links":{"self":[{"href":"https:\/\/medicina.udd.cl\/fonoaudiologia-santiago\/wp-json\/wp\/v2\/posts\/5525","targetHints":{"allow":["GET"]}}],"collection":[{"href":"https:\/\/medicina.udd.cl\/fonoaudiologia-santiago\/wp-json\/wp\/v2\/posts"}],"about":[{"href":"https:\/\/medicina.udd.cl\/fonoaudiologia-santiago\/wp-json\/wp\/v2\/types\/post"}],"author":[{"embeddable":true,"href":"https:\/\/medicina.udd.cl\/fonoaudiologia-santiago\/wp-json\/wp\/v2\/users\/9192219"}],"replies":[{"embeddable":true,"href":"https:\/\/medicina.udd.cl\/fonoaudiologia-santiago\/wp-json\/wp\/v2\/comments?post=5525"}],"version-history":[{"count":3,"href":"https:\/\/medicina.udd.cl\/fonoaudiologia-santiago\/wp-json\/wp\/v2\/posts\/5525\/revisions"}],"predecessor-version":[{"id":5531,"href":"https:\/\/medicina.udd.cl\/fonoaudiologia-santiago\/wp-json\/wp\/v2\/posts\/5525\/revisions\/5531"}],"wp:featuredmedia":[{"embeddable":true,"href":"https:\/\/medicina.udd.cl\/fonoaudiologia-santiago\/wp-json\/wp\/v2\/media\/5442"}],"wp:attachment":[{"href":"https:\/\/medicina.udd.cl\/fonoaudiologia-santiago\/wp-json\/wp\/v2\/media?parent=5525"}],"wp:term":[{"taxonomy":"category","embeddable":true,"href":"https:\/\/medicina.udd.cl\/fonoaudiologia-santiago\/wp-json\/wp\/v2\/categories?post=5525"},{"taxonomy":"post_tag","embeddable":true,"href":"https:\/\/medicina.udd.cl\/fonoaudiologia-santiago\/wp-json\/wp\/v2\/tags?post=5525"}],"curies":[{"name":"wp","href":"https:\/\/api.w.org\/{rel}","templated":true}]}}