{"id":5532,"date":"2022-04-12T10:40:49","date_gmt":"2022-04-12T14:40:49","guid":{"rendered":"https:\/\/medicina.udd.cl\/fonoaudiologia-santiago\/?p=5532"},"modified":"2022-04-12T16:17:50","modified_gmt":"2022-04-12T20:17:50","slug":"academicas-udd-validan-protocolo-de-directrices-para-candidatos-y-usuarios-de-implante-coclear","status":"publish","type":"post","link":"https:\/\/medicina.udd.cl\/fonoaudiologia-santiago\/noticias\/2022\/04\/12\/academicas-udd-validan-protocolo-de-directrices-para-candidatos-y-usuarios-de-implante-coclear\/","title":{"rendered":"Acad\u00e9micas UDD validan Protocolo de Directrices para candidatos y usuarios de implante coclear"},"content":{"rendered":"\n<div class=\"wp-block-image\"><figure class=\"alignright size-large is-resized\"><img loading=\"lazy\" decoding=\"async\" src=\"https:\/\/medicina.udd.cl\/fonoaudiologia-santiago\/files\/2022\/04\/Implante-coclear-MED-EL-1024x683.jpg\" alt=\"\" class=\"wp-image-5536\" width=\"512\" height=\"342\" srcset=\"https:\/\/medicina.udd.cl\/fonoaudiologia-santiago\/files\/2022\/04\/Implante-coclear-MED-EL-1024x683.jpg 1024w, https:\/\/medicina.udd.cl\/fonoaudiologia-santiago\/files\/2022\/04\/Implante-coclear-MED-EL-300x200.jpg 300w, https:\/\/medicina.udd.cl\/fonoaudiologia-santiago\/files\/2022\/04\/Implante-coclear-MED-EL-768x512.jpg 768w, https:\/\/medicina.udd.cl\/fonoaudiologia-santiago\/files\/2022\/04\/Implante-coclear-MED-EL.jpg 1440w\" sizes=\"auto, (max-width: 512px) 100vw, 512px\" \/><\/figure><\/div>\n\n\n\n<p>Las docentes de la carrera de Fonoaudiolog\u00eda de la Facultad de Medicina Cl\u00ednica Alemana Universidad del Desarrollo, Gloria Garc\u00eda del Solar y Javiera Drapela Barros, trabajaron en la validaci\u00f3n de contenido de un protocolo que busca estandarizar el proceso de evaluaci\u00f3n, programaci\u00f3n y monitoreo de pacientes con implantes cocleares, en t\u00e9rminos audiol\u00f3gicos y de la rehabilitaci\u00f3n auditiva. <\/p>\n\n\n\n<p>Luego de la investigaci\u00f3n realizada por la Unidad de Audiolog\u00eda de <a href=\"https:\/\/medicina.udd.cl\/fonoaudiologia-santiago\/\">Fonoaudiolog\u00eda UDD<\/a>, a trav\u00e9s del Centro de Audici\u00f3n los Sentidos y la Comunicaci\u00f3n (CESCO), la empresa de implantes cocleares <a href=\"https:\/\/www.medel.com\/latam\/about-medel\/\">MED-EL<\/a>, logr\u00f3 lanzar su protocolo por la p\u00e1gina web de la organizaci\u00f3n.<\/p>\n\n\n\n<p>La gu\u00eda est\u00e1 orientada a todos\nlos profesionales cl\u00ednicos que son parte de los equipos interdisciplinarios que\ntrabajan con implante coclear, es decir: otorrinolaring\u00f3logos, ot\u00f3logos,\naudi\u00f3logos, neur\u00f3logos, pediatras, enfermeras, profesores para sordos,\nfonoaudi\u00f3logos, terapeutas en rehabilitaci\u00f3n auditiva, entre otros.<\/p>\n\n\n\n<p>El protocolo fue estructurado\ncon la definici\u00f3n de 3 etapas, marcadas por la realizaci\u00f3n de una cirug\u00eda de\nimplante coclear. La Etapa prequir\u00fargica, la etapa quir\u00fargica y la etapa post\nquir\u00fargica. Cada una incluye objetivos y procedimientos espec\u00edficos para el\n\u00e1rea m\u00e9dica, audiol\u00f3gica y de rehabilitaci\u00f3n. <\/p>\n\n\n\n<p>\u201cCreemos que, gracias a este\ntrabajo, podemos contar con directrices consensuadas que permiten guiar el\nactuar de los profesionales orientados al beneficio del usuario de implante\ncoclear. Es importante resaltar que este protocolo permite el seguimiento a\nlargo plazo de los beneficiarios.\u201d, se\u00f1al\u00f3 la acad\u00e9mica UDD, Flga. Javiera\nDrapela Barros. <\/p>\n\n\n\n<p>Para acceder al Protocolo de Directrices para candidatos y usuarios de implante coclear de MED-EL, puede escribir al correo electr\u00f3nico <a href=\"mailto:rehabilitacion@medel.com\">rehabilitacion@medel.com<\/a> y realizar la solicitud, acreditando su trabajo con candidatos de esta organizaci\u00f3n. <\/p>\n","protected":false},"excerpt":{"rendered":"<p>Las docentes de la carrera de Fonoaudiolog\u00eda de la Facultad de Medicina Cl\u00ednica Alemana Universidad del Desarrollo, Gloria Garc\u00eda del Solar y Javiera Drapela Barros, trabajaron en la validaci\u00f3n de contenido de un protocolo que busca estandarizar el proceso de evaluaci\u00f3n, programaci\u00f3n y monitoreo de pacientes con implantes cocleares, en t\u00e9rminos audiol\u00f3gicos y de la [&hellip;]<\/p>\n","protected":false},"author":9192219,"featured_media":5536,"comment_status":"open","ping_status":"open","sticky":false,"template":"","format":"standard","meta":{"footnotes":""},"categories":[4],"tags":[],"class_list":["post-5532","post","type-post","status-publish","format-standard","has-post-thumbnail","hentry","category-noticias"],"yoast_head":"<!-- This site is optimized with the Yoast SEO plugin v26.9 - https:\/\/yoast.com\/product\/yoast-seo-wordpress\/ -->\n<title>Acad\u00e9micas UDD validan Protocolo de Directrices para candidatos y usuarios de implante coclear - Fonoaudiolog\u00eda<\/title>\n<meta name=\"robots\" content=\"index, follow, max-snippet:-1, max-image-preview:large, max-video-preview:-1\" \/>\n<link rel=\"canonical\" href=\"https:\/\/medicina.udd.cl\/fonoaudiologia-santiago\/noticias\/2022\/04\/12\/academicas-udd-validan-protocolo-de-directrices-para-candidatos-y-usuarios-de-implante-coclear\/\" \/>\n<meta property=\"og:locale\" content=\"es_ES\" \/>\n<meta property=\"og:type\" content=\"article\" \/>\n<meta property=\"og:title\" content=\"Acad\u00e9micas UDD validan Protocolo de Directrices para candidatos y usuarios de implante coclear - Fonoaudiolog\u00eda\" \/>\n<meta property=\"og:description\" content=\"Las docentes de la carrera de Fonoaudiolog\u00eda de la Facultad de Medicina Cl\u00ednica Alemana Universidad del Desarrollo, Gloria Garc\u00eda del Solar y Javiera Drapela Barros, trabajaron en la validaci\u00f3n de contenido de un protocolo que busca estandarizar el proceso de evaluaci\u00f3n, programaci\u00f3n y monitoreo de pacientes con implantes cocleares, en t\u00e9rminos audiol\u00f3gicos y de la [&hellip;]\" \/>\n<meta property=\"og:url\" content=\"https:\/\/medicina.udd.cl\/fonoaudiologia-santiago\/noticias\/2022\/04\/12\/academicas-udd-validan-protocolo-de-directrices-para-candidatos-y-usuarios-de-implante-coclear\/\" \/>\n<meta property=\"og:site_name\" content=\"Fonoaudiolog\u00eda\" \/>\n<meta property=\"article:published_time\" content=\"2022-04-12T14:40:49+00:00\" \/>\n<meta property=\"article:modified_time\" content=\"2022-04-12T20:17:50+00:00\" \/>\n<meta property=\"og:image\" content=\"https:\/\/medicina.udd.cl\/fonoaudiologia-santiago\/files\/2022\/04\/Implante-coclear-MED-EL.jpg\" \/>\n\t<meta property=\"og:image:width\" content=\"1440\" \/>\n\t<meta property=\"og:image:height\" content=\"960\" \/>\n\t<meta property=\"og:image:type\" content=\"image\/jpeg\" \/>\n<meta name=\"author\" content=\"rbraidy\" \/>\n<meta name=\"twitter:label1\" content=\"Escrito por\" \/>\n\t<meta name=\"twitter:data1\" content=\"rbraidy\" \/>\n\t<meta name=\"twitter:label2\" content=\"Tiempo de lectura\" \/>\n\t<meta name=\"twitter:data2\" content=\"2 minutos\" \/>\n<script type=\"application\/ld+json\" class=\"yoast-schema-graph\">{\"@context\":\"https:\/\/schema.org\",\"@graph\":[{\"@type\":\"Article\",\"@id\":\"https:\/\/medicina.udd.cl\/fonoaudiologia-santiago\/noticias\/2022\/04\/12\/academicas-udd-validan-protocolo-de-directrices-para-candidatos-y-usuarios-de-implante-coclear\/#article\",\"isPartOf\":{\"@id\":\"https:\/\/medicina.udd.cl\/fonoaudiologia-santiago\/noticias\/2022\/04\/12\/academicas-udd-validan-protocolo-de-directrices-para-candidatos-y-usuarios-de-implante-coclear\/\"},\"author\":{\"name\":\"rbraidy\",\"@id\":\"https:\/\/medicina.udd.cl\/fonoaudiologia-santiago\/#\/schema\/person\/dbc3705bf3a93e8be1ba6de0ef950341\"},\"headline\":\"Acad\u00e9micas UDD validan Protocolo de Directrices para candidatos y usuarios de implante coclear\",\"datePublished\":\"2022-04-12T14:40:49+00:00\",\"dateModified\":\"2022-04-12T20:17:50+00:00\",\"mainEntityOfPage\":{\"@id\":\"https:\/\/medicina.udd.cl\/fonoaudiologia-santiago\/noticias\/2022\/04\/12\/academicas-udd-validan-protocolo-de-directrices-para-candidatos-y-usuarios-de-implante-coclear\/\"},\"wordCount\":321,\"commentCount\":0,\"image\":{\"@id\":\"https:\/\/medicina.udd.cl\/fonoaudiologia-santiago\/noticias\/2022\/04\/12\/academicas-udd-validan-protocolo-de-directrices-para-candidatos-y-usuarios-de-implante-coclear\/#primaryimage\"},\"thumbnailUrl\":\"https:\/\/medicina.udd.cl\/fonoaudiologia-santiago\/files\/2022\/04\/Implante-coclear-MED-EL.jpg\",\"articleSection\":[\"Noticias\"],\"inLanguage\":\"es\",\"potentialAction\":[{\"@type\":\"CommentAction\",\"name\":\"Comment\",\"target\":[\"https:\/\/medicina.udd.cl\/fonoaudiologia-santiago\/noticias\/2022\/04\/12\/academicas-udd-validan-protocolo-de-directrices-para-candidatos-y-usuarios-de-implante-coclear\/#respond\"]}]},{\"@type\":\"WebPage\",\"@id\":\"https:\/\/medicina.udd.cl\/fonoaudiologia-santiago\/noticias\/2022\/04\/12\/academicas-udd-validan-protocolo-de-directrices-para-candidatos-y-usuarios-de-implante-coclear\/\",\"url\":\"https:\/\/medicina.udd.cl\/fonoaudiologia-santiago\/noticias\/2022\/04\/12\/academicas-udd-validan-protocolo-de-directrices-para-candidatos-y-usuarios-de-implante-coclear\/\",\"name\":\"Acad\u00e9micas UDD validan Protocolo de Directrices para candidatos y usuarios de implante coclear - Fonoaudiolog\u00eda\",\"isPartOf\":{\"@id\":\"https:\/\/medicina.udd.cl\/fonoaudiologia-santiago\/#website\"},\"primaryImageOfPage\":{\"@id\":\"https:\/\/medicina.udd.cl\/fonoaudiologia-santiago\/noticias\/2022\/04\/12\/academicas-udd-validan-protocolo-de-directrices-para-candidatos-y-usuarios-de-implante-coclear\/#primaryimage\"},\"image\":{\"@id\":\"https:\/\/medicina.udd.cl\/fonoaudiologia-santiago\/noticias\/2022\/04\/12\/academicas-udd-validan-protocolo-de-directrices-para-candidatos-y-usuarios-de-implante-coclear\/#primaryimage\"},\"thumbnailUrl\":\"https:\/\/medicina.udd.cl\/fonoaudiologia-santiago\/files\/2022\/04\/Implante-coclear-MED-EL.jpg\",\"datePublished\":\"2022-04-12T14:40:49+00:00\",\"dateModified\":\"2022-04-12T20:17:50+00:00\",\"author\":{\"@id\":\"https:\/\/medicina.udd.cl\/fonoaudiologia-santiago\/#\/schema\/person\/dbc3705bf3a93e8be1ba6de0ef950341\"},\"breadcrumb\":{\"@id\":\"https:\/\/medicina.udd.cl\/fonoaudiologia-santiago\/noticias\/2022\/04\/12\/academicas-udd-validan-protocolo-de-directrices-para-candidatos-y-usuarios-de-implante-coclear\/#breadcrumb\"},\"inLanguage\":\"es\",\"potentialAction\":[{\"@type\":\"ReadAction\",\"target\":[\"https:\/\/medicina.udd.cl\/fonoaudiologia-santiago\/noticias\/2022\/04\/12\/academicas-udd-validan-protocolo-de-directrices-para-candidatos-y-usuarios-de-implante-coclear\/\"]}]},{\"@type\":\"ImageObject\",\"inLanguage\":\"es\",\"@id\":\"https:\/\/medicina.udd.cl\/fonoaudiologia-santiago\/noticias\/2022\/04\/12\/academicas-udd-validan-protocolo-de-directrices-para-candidatos-y-usuarios-de-implante-coclear\/#primaryimage\",\"url\":\"https:\/\/medicina.udd.cl\/fonoaudiologia-santiago\/files\/2022\/04\/Implante-coclear-MED-EL.jpg\",\"contentUrl\":\"https:\/\/medicina.udd.cl\/fonoaudiologia-santiago\/files\/2022\/04\/Implante-coclear-MED-EL.jpg\",\"width\":1440,\"height\":960},{\"@type\":\"BreadcrumbList\",\"@id\":\"https:\/\/medicina.udd.cl\/fonoaudiologia-santiago\/noticias\/2022\/04\/12\/academicas-udd-validan-protocolo-de-directrices-para-candidatos-y-usuarios-de-implante-coclear\/#breadcrumb\",\"itemListElement\":[{\"@type\":\"ListItem\",\"position\":1,\"name\":\"Home\",\"item\":\"https:\/\/medicina.udd.cl\/fonoaudiologia-santiago\/\"},{\"@type\":\"ListItem\",\"position\":2,\"name\":\"Acad\u00e9micas UDD validan Protocolo de Directrices para candidatos y usuarios de implante coclear\"}]},{\"@type\":\"WebSite\",\"@id\":\"https:\/\/medicina.udd.cl\/fonoaudiologia-santiago\/#website\",\"url\":\"https:\/\/medicina.udd.cl\/fonoaudiologia-santiago\/\",\"name\":\"Fonoaudiolog\u00eda\",\"description\":\"Facultad de Medicina Cl\u00ednica Alemana Universidad del Desarrollo\",\"inLanguage\":\"es\"},{\"@type\":\"Person\",\"@id\":\"https:\/\/medicina.udd.cl\/fonoaudiologia-santiago\/#\/schema\/person\/dbc3705bf3a93e8be1ba6de0ef950341\",\"name\":\"rbraidy\",\"image\":{\"@type\":\"ImageObject\",\"inLanguage\":\"es\",\"@id\":\"https:\/\/medicina.udd.cl\/fonoaudiologia-santiago\/#\/schema\/person\/image\/\",\"url\":\"https:\/\/secure.gravatar.com\/avatar\/0f8bc94637401590e45d2ce17eb65c274cb8870a219de6177f3f23e63fd8cdf3?s=96&d=mm&r=g\",\"contentUrl\":\"https:\/\/secure.gravatar.com\/avatar\/0f8bc94637401590e45d2ce17eb65c274cb8870a219de6177f3f23e63fd8cdf3?s=96&d=mm&r=g\",\"caption\":\"rbraidy\"},\"url\":\"https:\/\/medicina.udd.cl\/fonoaudiologia-santiago\/noticias\/author\/rbraidy\/\"}]}<\/script>\n<!-- \/ Yoast SEO plugin. -->","yoast_head_json":{"title":"Acad\u00e9micas UDD validan Protocolo de Directrices para candidatos y usuarios de implante coclear - Fonoaudiolog\u00eda","robots":{"index":"index","follow":"follow","max-snippet":"max-snippet:-1","max-image-preview":"max-image-preview:large","max-video-preview":"max-video-preview:-1"},"canonical":"https:\/\/medicina.udd.cl\/fonoaudiologia-santiago\/noticias\/2022\/04\/12\/academicas-udd-validan-protocolo-de-directrices-para-candidatos-y-usuarios-de-implante-coclear\/","og_locale":"es_ES","og_type":"article","og_title":"Acad\u00e9micas UDD validan Protocolo de Directrices para candidatos y usuarios de implante coclear - Fonoaudiolog\u00eda","og_description":"Las docentes de la carrera de Fonoaudiolog\u00eda de la Facultad de Medicina Cl\u00ednica Alemana Universidad del Desarrollo, Gloria Garc\u00eda del Solar y Javiera Drapela Barros, trabajaron en la validaci\u00f3n de contenido de un protocolo que busca estandarizar el proceso de evaluaci\u00f3n, programaci\u00f3n y monitoreo de pacientes con implantes cocleares, en t\u00e9rminos audiol\u00f3gicos y de la [&hellip;]","og_url":"https:\/\/medicina.udd.cl\/fonoaudiologia-santiago\/noticias\/2022\/04\/12\/academicas-udd-validan-protocolo-de-directrices-para-candidatos-y-usuarios-de-implante-coclear\/","og_site_name":"Fonoaudiolog\u00eda","article_published_time":"2022-04-12T14:40:49+00:00","article_modified_time":"2022-04-12T20:17:50+00:00","og_image":[{"width":1440,"height":960,"url":"https:\/\/medicina.udd.cl\/fonoaudiologia-santiago\/files\/2022\/04\/Implante-coclear-MED-EL.jpg","type":"image\/jpeg"}],"author":"rbraidy","twitter_misc":{"Escrito por":"rbraidy","Tiempo de lectura":"2 minutos"},"schema":{"@context":"https:\/\/schema.org","@graph":[{"@type":"Article","@id":"https:\/\/medicina.udd.cl\/fonoaudiologia-santiago\/noticias\/2022\/04\/12\/academicas-udd-validan-protocolo-de-directrices-para-candidatos-y-usuarios-de-implante-coclear\/#article","isPartOf":{"@id":"https:\/\/medicina.udd.cl\/fonoaudiologia-santiago\/noticias\/2022\/04\/12\/academicas-udd-validan-protocolo-de-directrices-para-candidatos-y-usuarios-de-implante-coclear\/"},"author":{"name":"rbraidy","@id":"https:\/\/medicina.udd.cl\/fonoaudiologia-santiago\/#\/schema\/person\/dbc3705bf3a93e8be1ba6de0ef950341"},"headline":"Acad\u00e9micas UDD validan Protocolo de Directrices para candidatos y usuarios de implante coclear","datePublished":"2022-04-12T14:40:49+00:00","dateModified":"2022-04-12T20:17:50+00:00","mainEntityOfPage":{"@id":"https:\/\/medicina.udd.cl\/fonoaudiologia-santiago\/noticias\/2022\/04\/12\/academicas-udd-validan-protocolo-de-directrices-para-candidatos-y-usuarios-de-implante-coclear\/"},"wordCount":321,"commentCount":0,"image":{"@id":"https:\/\/medicina.udd.cl\/fonoaudiologia-santiago\/noticias\/2022\/04\/12\/academicas-udd-validan-protocolo-de-directrices-para-candidatos-y-usuarios-de-implante-coclear\/#primaryimage"},"thumbnailUrl":"https:\/\/medicina.udd.cl\/fonoaudiologia-santiago\/files\/2022\/04\/Implante-coclear-MED-EL.jpg","articleSection":["Noticias"],"inLanguage":"es","potentialAction":[{"@type":"CommentAction","name":"Comment","target":["https:\/\/medicina.udd.cl\/fonoaudiologia-santiago\/noticias\/2022\/04\/12\/academicas-udd-validan-protocolo-de-directrices-para-candidatos-y-usuarios-de-implante-coclear\/#respond"]}]},{"@type":"WebPage","@id":"https:\/\/medicina.udd.cl\/fonoaudiologia-santiago\/noticias\/2022\/04\/12\/academicas-udd-validan-protocolo-de-directrices-para-candidatos-y-usuarios-de-implante-coclear\/","url":"https:\/\/medicina.udd.cl\/fonoaudiologia-santiago\/noticias\/2022\/04\/12\/academicas-udd-validan-protocolo-de-directrices-para-candidatos-y-usuarios-de-implante-coclear\/","name":"Acad\u00e9micas UDD validan Protocolo de Directrices para candidatos y usuarios de implante coclear - Fonoaudiolog\u00eda","isPartOf":{"@id":"https:\/\/medicina.udd.cl\/fonoaudiologia-santiago\/#website"},"primaryImageOfPage":{"@id":"https:\/\/medicina.udd.cl\/fonoaudiologia-santiago\/noticias\/2022\/04\/12\/academicas-udd-validan-protocolo-de-directrices-para-candidatos-y-usuarios-de-implante-coclear\/#primaryimage"},"image":{"@id":"https:\/\/medicina.udd.cl\/fonoaudiologia-santiago\/noticias\/2022\/04\/12\/academicas-udd-validan-protocolo-de-directrices-para-candidatos-y-usuarios-de-implante-coclear\/#primaryimage"},"thumbnailUrl":"https:\/\/medicina.udd.cl\/fonoaudiologia-santiago\/files\/2022\/04\/Implante-coclear-MED-EL.jpg","datePublished":"2022-04-12T14:40:49+00:00","dateModified":"2022-04-12T20:17:50+00:00","author":{"@id":"https:\/\/medicina.udd.cl\/fonoaudiologia-santiago\/#\/schema\/person\/dbc3705bf3a93e8be1ba6de0ef950341"},"breadcrumb":{"@id":"https:\/\/medicina.udd.cl\/fonoaudiologia-santiago\/noticias\/2022\/04\/12\/academicas-udd-validan-protocolo-de-directrices-para-candidatos-y-usuarios-de-implante-coclear\/#breadcrumb"},"inLanguage":"es","potentialAction":[{"@type":"ReadAction","target":["https:\/\/medicina.udd.cl\/fonoaudiologia-santiago\/noticias\/2022\/04\/12\/academicas-udd-validan-protocolo-de-directrices-para-candidatos-y-usuarios-de-implante-coclear\/"]}]},{"@type":"ImageObject","inLanguage":"es","@id":"https:\/\/medicina.udd.cl\/fonoaudiologia-santiago\/noticias\/2022\/04\/12\/academicas-udd-validan-protocolo-de-directrices-para-candidatos-y-usuarios-de-implante-coclear\/#primaryimage","url":"https:\/\/medicina.udd.cl\/fonoaudiologia-santiago\/files\/2022\/04\/Implante-coclear-MED-EL.jpg","contentUrl":"https:\/\/medicina.udd.cl\/fonoaudiologia-santiago\/files\/2022\/04\/Implante-coclear-MED-EL.jpg","width":1440,"height":960},{"@type":"BreadcrumbList","@id":"https:\/\/medicina.udd.cl\/fonoaudiologia-santiago\/noticias\/2022\/04\/12\/academicas-udd-validan-protocolo-de-directrices-para-candidatos-y-usuarios-de-implante-coclear\/#breadcrumb","itemListElement":[{"@type":"ListItem","position":1,"name":"Home","item":"https:\/\/medicina.udd.cl\/fonoaudiologia-santiago\/"},{"@type":"ListItem","position":2,"name":"Acad\u00e9micas UDD validan Protocolo de Directrices para candidatos y usuarios de implante coclear"}]},{"@type":"WebSite","@id":"https:\/\/medicina.udd.cl\/fonoaudiologia-santiago\/#website","url":"https:\/\/medicina.udd.cl\/fonoaudiologia-santiago\/","name":"Fonoaudiolog\u00eda","description":"Facultad de Medicina Cl\u00ednica Alemana Universidad del Desarrollo","inLanguage":"es"},{"@type":"Person","@id":"https:\/\/medicina.udd.cl\/fonoaudiologia-santiago\/#\/schema\/person\/dbc3705bf3a93e8be1ba6de0ef950341","name":"rbraidy","image":{"@type":"ImageObject","inLanguage":"es","@id":"https:\/\/medicina.udd.cl\/fonoaudiologia-santiago\/#\/schema\/person\/image\/","url":"https:\/\/secure.gravatar.com\/avatar\/0f8bc94637401590e45d2ce17eb65c274cb8870a219de6177f3f23e63fd8cdf3?s=96&d=mm&r=g","contentUrl":"https:\/\/secure.gravatar.com\/avatar\/0f8bc94637401590e45d2ce17eb65c274cb8870a219de6177f3f23e63fd8cdf3?s=96&d=mm&r=g","caption":"rbraidy"},"url":"https:\/\/medicina.udd.cl\/fonoaudiologia-santiago\/noticias\/author\/rbraidy\/"}]}},"featured_image_url":"https:\/\/medicina.udd.cl\/fonoaudiologia-santiago\/files\/2022\/04\/Implante-coclear-MED-EL.jpg","_links":{"self":[{"href":"https:\/\/medicina.udd.cl\/fonoaudiologia-santiago\/wp-json\/wp\/v2\/posts\/5532","targetHints":{"allow":["GET"]}}],"collection":[{"href":"https:\/\/medicina.udd.cl\/fonoaudiologia-santiago\/wp-json\/wp\/v2\/posts"}],"about":[{"href":"https:\/\/medicina.udd.cl\/fonoaudiologia-santiago\/wp-json\/wp\/v2\/types\/post"}],"author":[{"embeddable":true,"href":"https:\/\/medicina.udd.cl\/fonoaudiologia-santiago\/wp-json\/wp\/v2\/users\/9192219"}],"replies":[{"embeddable":true,"href":"https:\/\/medicina.udd.cl\/fonoaudiologia-santiago\/wp-json\/wp\/v2\/comments?post=5532"}],"version-history":[{"count":3,"href":"https:\/\/medicina.udd.cl\/fonoaudiologia-santiago\/wp-json\/wp\/v2\/posts\/5532\/revisions"}],"predecessor-version":[{"id":5537,"href":"https:\/\/medicina.udd.cl\/fonoaudiologia-santiago\/wp-json\/wp\/v2\/posts\/5532\/revisions\/5537"}],"wp:featuredmedia":[{"embeddable":true,"href":"https:\/\/medicina.udd.cl\/fonoaudiologia-santiago\/wp-json\/wp\/v2\/media\/5536"}],"wp:attachment":[{"href":"https:\/\/medicina.udd.cl\/fonoaudiologia-santiago\/wp-json\/wp\/v2\/media?parent=5532"}],"wp:term":[{"taxonomy":"category","embeddable":true,"href":"https:\/\/medicina.udd.cl\/fonoaudiologia-santiago\/wp-json\/wp\/v2\/categories?post=5532"},{"taxonomy":"post_tag","embeddable":true,"href":"https:\/\/medicina.udd.cl\/fonoaudiologia-santiago\/wp-json\/wp\/v2\/tags?post=5532"}],"curies":[{"name":"wp","href":"https:\/\/api.w.org\/{rel}","templated":true}]}}