{"id":5541,"date":"2022-04-19T13:23:00","date_gmt":"2022-04-19T17:23:00","guid":{"rendered":"https:\/\/medicina.udd.cl\/fonoaudiologia-santiago\/?p=5541"},"modified":"2022-04-28T10:09:29","modified_gmt":"2022-04-28T14:09:29","slug":"fonoaudiologia-udd-conmemora-el-dia-mundial-de-la-voz","status":"publish","type":"post","link":"https:\/\/medicina.udd.cl\/fonoaudiologia-santiago\/noticias\/2022\/04\/19\/fonoaudiologia-udd-conmemora-el-dia-mundial-de-la-voz\/","title":{"rendered":"Fonoaudiolog\u00eda UDD conmemora el D\u00eda Mundial de la Voz"},"content":{"rendered":"\n<div class=\"wp-block-image\"><figure class=\"alignright size-large is-resized\"><img loading=\"lazy\" decoding=\"async\" src=\"https:\/\/medicina.udd.cl\/fonoaudiologia-santiago\/files\/2022\/04\/FONO-D\u00eda-Mundial-de-La-Voz-9-1024x498.jpg\" alt=\"\" class=\"wp-image-5550\" width=\"512\" height=\"249\" srcset=\"https:\/\/medicina.udd.cl\/fonoaudiologia-santiago\/files\/2022\/04\/FONO-D\u00eda-Mundial-de-La-Voz-9-1024x498.jpg 1024w, https:\/\/medicina.udd.cl\/fonoaudiologia-santiago\/files\/2022\/04\/FONO-D\u00eda-Mundial-de-La-Voz-9-300x146.jpg 300w, https:\/\/medicina.udd.cl\/fonoaudiologia-santiago\/files\/2022\/04\/FONO-D\u00eda-Mundial-de-La-Voz-9-768x373.jpg 768w, https:\/\/medicina.udd.cl\/fonoaudiologia-santiago\/files\/2022\/04\/FONO-D\u00eda-Mundial-de-La-Voz-9-1536x747.jpg 1536w, https:\/\/medicina.udd.cl\/fonoaudiologia-santiago\/files\/2022\/04\/FONO-D\u00eda-Mundial-de-La-Voz-9-2048x996.jpg 2048w\" sizes=\"auto, (max-width: 512px) 100vw, 512px\" \/><\/figure><\/div>\n\n\n\n<p>Bajo el lema de la campa\u00f1a\n2022 \u00abLevanta la voz\u00bb, que se centra en reflexionar en c\u00f3mo la\npandemia por Covid, ha agravado los problemas en la voz de muchas personas, la\ncarrera de Fonoaudiolog\u00eda de la Facultad de Medicina Cl\u00ednica Alemana\nUniversidad del Desarrollo, conmemor\u00f3 el D\u00eda Mundial de la Voz, 16 de abril, con\nuna actividad en el campus Rector Ernesto Silva Bafalluy, con la intenci\u00f3n de\npromover el cuidado de la voz en la poblaci\u00f3n.<\/p>\n\n\n\n<p>La actividad cont\u00f3 con un stand, donde se llev\u00f3 a cabo concursos para la comunidad universitaria con el t\u00edtulo \u201cnuestra voz y c\u00f3mo cuidarla\u201d. Asimismo, se dieron consejos sobre los malos h\u00e1bitos vocales, el fonotrauma, el consumo de sustancias perjudiciales para la voz, entre otras, a trav\u00e9s de volantes informativos entregados por estudiantes y docentes de Fonoaudiolog\u00eda UDD. <\/p>\n\n\n\n<p>Por su parte, el fonoaudi\u00f3logo\ny docente UDD, Sebasti\u00e1n Merino, quien estuvo a cargo de la actividad, se\u00f1al\u00f3\nque, la voz representa el principal medio de comunicaci\u00f3n a trav\u00e9s del cual las\npersonas expresan pensamientos y emociones, y que es una herramienta que permite\nestar en contacto con otros y de esta forma, crear relaciones personales.<\/p>\n\n\n\n<p>Merino indic\u00f3 que, para celebrar el D\u00eda Mundial de la Voz, invit\u00f3 a la poblaci\u00f3n a hacer un uso responsable de su voz, evitando aquellas cosas que pueden representar un riesgo como, por ejemplo, el uso de sustancias nocivas como el tabaco o hablar en voz muy alta para no da\u00f1ar las cuerdas vocales.<\/p>\n\n\n\n<figure class=\"wp-block-gallery columns-2 is-cropped wp-block-gallery-1 is-layout-flex wp-block-gallery-is-layout-flex\"><ul class=\"blocks-gallery-grid\"><li class=\"blocks-gallery-item\"><figure><img loading=\"lazy\" decoding=\"async\" width=\"1024\" height=\"472\" src=\"https:\/\/medicina.udd.cl\/fonoaudiologia-santiago\/files\/2022\/04\/FONO-D\u00eda-Mundial-de-La-Voz-11-1024x472.jpg\" alt=\"\" data-id=\"5552\" data-full-url=\"https:\/\/medicina.udd.cl\/fonoaudiologia-santiago\/files\/2022\/04\/FONO-D\u00eda-Mundial-de-La-Voz-11.jpg\" data-link=\"https:\/\/medicina.udd.cl\/fonoaudiologia-santiago\/?attachment_id=5552\" class=\"wp-image-5552\" srcset=\"https:\/\/medicina.udd.cl\/fonoaudiologia-santiago\/files\/2022\/04\/FONO-D\u00eda-Mundial-de-La-Voz-11-1024x472.jpg 1024w, https:\/\/medicina.udd.cl\/fonoaudiologia-santiago\/files\/2022\/04\/FONO-D\u00eda-Mundial-de-La-Voz-11-300x138.jpg 300w, https:\/\/medicina.udd.cl\/fonoaudiologia-santiago\/files\/2022\/04\/FONO-D\u00eda-Mundial-de-La-Voz-11-768x354.jpg 768w, https:\/\/medicina.udd.cl\/fonoaudiologia-santiago\/files\/2022\/04\/FONO-D\u00eda-Mundial-de-La-Voz-11-1536x708.jpg 1536w, https:\/\/medicina.udd.cl\/fonoaudiologia-santiago\/files\/2022\/04\/FONO-D\u00eda-Mundial-de-La-Voz-11.jpg 1600w\" sizes=\"auto, (max-width: 1024px) 100vw, 1024px\" \/><\/figure><\/li><li class=\"blocks-gallery-item\"><figure><img loading=\"lazy\" decoding=\"async\" width=\"1024\" height=\"472\" src=\"https:\/\/medicina.udd.cl\/fonoaudiologia-santiago\/files\/2022\/04\/FONO-D\u00eda-Mundial-de-La-Voz-12-1024x472.jpg\" alt=\"\" data-id=\"5553\" data-full-url=\"https:\/\/medicina.udd.cl\/fonoaudiologia-santiago\/files\/2022\/04\/FONO-D\u00eda-Mundial-de-La-Voz-12.jpg\" data-link=\"https:\/\/medicina.udd.cl\/fonoaudiologia-santiago\/?attachment_id=5553\" class=\"wp-image-5553\" srcset=\"https:\/\/medicina.udd.cl\/fonoaudiologia-santiago\/files\/2022\/04\/FONO-D\u00eda-Mundial-de-La-Voz-12-1024x472.jpg 1024w, https:\/\/medicina.udd.cl\/fonoaudiologia-santiago\/files\/2022\/04\/FONO-D\u00eda-Mundial-de-La-Voz-12-300x138.jpg 300w, https:\/\/medicina.udd.cl\/fonoaudiologia-santiago\/files\/2022\/04\/FONO-D\u00eda-Mundial-de-La-Voz-12-768x354.jpg 768w, https:\/\/medicina.udd.cl\/fonoaudiologia-santiago\/files\/2022\/04\/FONO-D\u00eda-Mundial-de-La-Voz-12.jpg 1280w\" sizes=\"auto, (max-width: 1024px) 100vw, 1024px\" \/><\/figure><\/li><li class=\"blocks-gallery-item\"><figure><img loading=\"lazy\" decoding=\"async\" width=\"1024\" height=\"472\" src=\"https:\/\/medicina.udd.cl\/fonoaudiologia-santiago\/files\/2022\/04\/FONO-D\u00eda-Mundial-de-La-Voz-10-1024x472.jpg\" alt=\"\" data-id=\"5551\" data-full-url=\"https:\/\/medicina.udd.cl\/fonoaudiologia-santiago\/files\/2022\/04\/FONO-D\u00eda-Mundial-de-La-Voz-10.jpg\" data-link=\"https:\/\/medicina.udd.cl\/fonoaudiologia-santiago\/?attachment_id=5551\" class=\"wp-image-5551\" srcset=\"https:\/\/medicina.udd.cl\/fonoaudiologia-santiago\/files\/2022\/04\/FONO-D\u00eda-Mundial-de-La-Voz-10-1024x472.jpg 1024w, https:\/\/medicina.udd.cl\/fonoaudiologia-santiago\/files\/2022\/04\/FONO-D\u00eda-Mundial-de-La-Voz-10-300x138.jpg 300w, https:\/\/medicina.udd.cl\/fonoaudiologia-santiago\/files\/2022\/04\/FONO-D\u00eda-Mundial-de-La-Voz-10-768x354.jpg 768w, https:\/\/medicina.udd.cl\/fonoaudiologia-santiago\/files\/2022\/04\/FONO-D\u00eda-Mundial-de-La-Voz-10-1536x708.jpg 1536w, https:\/\/medicina.udd.cl\/fonoaudiologia-santiago\/files\/2022\/04\/FONO-D\u00eda-Mundial-de-La-Voz-10.jpg 1600w\" sizes=\"auto, (max-width: 1024px) 100vw, 1024px\" \/><\/figure><\/li><li class=\"blocks-gallery-item\"><figure><img loading=\"lazy\" decoding=\"async\" width=\"1024\" height=\"498\" src=\"https:\/\/medicina.udd.cl\/fonoaudiologia-santiago\/files\/2022\/04\/FONO-D\u00eda-Mundial-de-La-Voz-8-1024x498.jpg\" alt=\"\" data-id=\"5549\" data-full-url=\"https:\/\/medicina.udd.cl\/fonoaudiologia-santiago\/files\/2022\/04\/FONO-D\u00eda-Mundial-de-La-Voz-8-scaled.jpg\" data-link=\"https:\/\/medicina.udd.cl\/fonoaudiologia-santiago\/?attachment_id=5549\" class=\"wp-image-5549\" srcset=\"https:\/\/medicina.udd.cl\/fonoaudiologia-santiago\/files\/2022\/04\/FONO-D\u00eda-Mundial-de-La-Voz-8-1024x498.jpg 1024w, https:\/\/medicina.udd.cl\/fonoaudiologia-santiago\/files\/2022\/04\/FONO-D\u00eda-Mundial-de-La-Voz-8-300x146.jpg 300w, https:\/\/medicina.udd.cl\/fonoaudiologia-santiago\/files\/2022\/04\/FONO-D\u00eda-Mundial-de-La-Voz-8-768x373.jpg 768w, https:\/\/medicina.udd.cl\/fonoaudiologia-santiago\/files\/2022\/04\/FONO-D\u00eda-Mundial-de-La-Voz-8-1536x747.jpg 1536w, https:\/\/medicina.udd.cl\/fonoaudiologia-santiago\/files\/2022\/04\/FONO-D\u00eda-Mundial-de-La-Voz-8-2048x996.jpg 2048w\" sizes=\"auto, (max-width: 1024px) 100vw, 1024px\" \/><\/figure><\/li><li class=\"blocks-gallery-item\"><figure><img loading=\"lazy\" decoding=\"async\" width=\"1024\" height=\"683\" src=\"https:\/\/medicina.udd.cl\/fonoaudiologia-santiago\/files\/2022\/04\/FONO-D\u00eda-Mundial-de-La-Voz-7-1024x683.jpg\" alt=\"\" data-id=\"5548\" data-full-url=\"https:\/\/medicina.udd.cl\/fonoaudiologia-santiago\/files\/2022\/04\/FONO-D\u00eda-Mundial-de-La-Voz-7-scaled.jpg\" data-link=\"https:\/\/medicina.udd.cl\/fonoaudiologia-santiago\/?attachment_id=5548\" class=\"wp-image-5548\" srcset=\"https:\/\/medicina.udd.cl\/fonoaudiologia-santiago\/files\/2022\/04\/FONO-D\u00eda-Mundial-de-La-Voz-7-1024x683.jpg 1024w, https:\/\/medicina.udd.cl\/fonoaudiologia-santiago\/files\/2022\/04\/FONO-D\u00eda-Mundial-de-La-Voz-7-300x200.jpg 300w, https:\/\/medicina.udd.cl\/fonoaudiologia-santiago\/files\/2022\/04\/FONO-D\u00eda-Mundial-de-La-Voz-7-768x512.jpg 768w, https:\/\/medicina.udd.cl\/fonoaudiologia-santiago\/files\/2022\/04\/FONO-D\u00eda-Mundial-de-La-Voz-7-1536x1024.jpg 1536w, https:\/\/medicina.udd.cl\/fonoaudiologia-santiago\/files\/2022\/04\/FONO-D\u00eda-Mundial-de-La-Voz-7-2048x1365.jpg 2048w\" sizes=\"auto, (max-width: 1024px) 100vw, 1024px\" \/><\/figure><\/li><li class=\"blocks-gallery-item\"><figure><img loading=\"lazy\" decoding=\"async\" width=\"1024\" height=\"683\" src=\"https:\/\/medicina.udd.cl\/fonoaudiologia-santiago\/files\/2022\/04\/FONO-D\u00eda-Mundial-de-La-Voz-4-1024x683.jpg\" alt=\"\" data-id=\"5545\" data-full-url=\"https:\/\/medicina.udd.cl\/fonoaudiologia-santiago\/files\/2022\/04\/FONO-D\u00eda-Mundial-de-La-Voz-4-scaled.jpg\" data-link=\"https:\/\/medicina.udd.cl\/fonoaudiologia-santiago\/?attachment_id=5545\" class=\"wp-image-5545\" srcset=\"https:\/\/medicina.udd.cl\/fonoaudiologia-santiago\/files\/2022\/04\/FONO-D\u00eda-Mundial-de-La-Voz-4-1024x683.jpg 1024w, https:\/\/medicina.udd.cl\/fonoaudiologia-santiago\/files\/2022\/04\/FONO-D\u00eda-Mundial-de-La-Voz-4-300x200.jpg 300w, https:\/\/medicina.udd.cl\/fonoaudiologia-santiago\/files\/2022\/04\/FONO-D\u00eda-Mundial-de-La-Voz-4-768x512.jpg 768w, https:\/\/medicina.udd.cl\/fonoaudiologia-santiago\/files\/2022\/04\/FONO-D\u00eda-Mundial-de-La-Voz-4-1536x1024.jpg 1536w, https:\/\/medicina.udd.cl\/fonoaudiologia-santiago\/files\/2022\/04\/FONO-D\u00eda-Mundial-de-La-Voz-4-2048x1365.jpg 2048w\" sizes=\"auto, (max-width: 1024px) 100vw, 1024px\" \/><\/figure><\/li><li class=\"blocks-gallery-item\"><figure><img loading=\"lazy\" decoding=\"async\" width=\"1024\" height=\"683\" src=\"https:\/\/medicina.udd.cl\/fonoaudiologia-santiago\/files\/2022\/04\/FONO-D\u00eda-Mundial-de-La-Voz-1-1024x683.jpg\" alt=\"\" data-id=\"5542\" data-full-url=\"https:\/\/medicina.udd.cl\/fonoaudiologia-santiago\/files\/2022\/04\/FONO-D\u00eda-Mundial-de-La-Voz-1-scaled.jpg\" data-link=\"https:\/\/medicina.udd.cl\/fonoaudiologia-santiago\/?attachment_id=5542\" class=\"wp-image-5542\" srcset=\"https:\/\/medicina.udd.cl\/fonoaudiologia-santiago\/files\/2022\/04\/FONO-D\u00eda-Mundial-de-La-Voz-1-1024x683.jpg 1024w, https:\/\/medicina.udd.cl\/fonoaudiologia-santiago\/files\/2022\/04\/FONO-D\u00eda-Mundial-de-La-Voz-1-300x200.jpg 300w, https:\/\/medicina.udd.cl\/fonoaudiologia-santiago\/files\/2022\/04\/FONO-D\u00eda-Mundial-de-La-Voz-1-768x512.jpg 768w, https:\/\/medicina.udd.cl\/fonoaudiologia-santiago\/files\/2022\/04\/FONO-D\u00eda-Mundial-de-La-Voz-1-1536x1024.jpg 1536w, https:\/\/medicina.udd.cl\/fonoaudiologia-santiago\/files\/2022\/04\/FONO-D\u00eda-Mundial-de-La-Voz-1-2048x1365.jpg 2048w\" sizes=\"auto, (max-width: 1024px) 100vw, 1024px\" \/><\/figure><\/li><\/ul><\/figure>\n","protected":false},"excerpt":{"rendered":"<p>Bajo el lema de la campa\u00f1a 2022 \u00abLevanta la voz\u00bb, que se centra en reflexionar en c\u00f3mo la pandemia por Covid, ha agravado los problemas en la voz de muchas personas, la carrera de Fonoaudiolog\u00eda de la Facultad de Medicina Cl\u00ednica Alemana Universidad del Desarrollo, conmemor\u00f3 el D\u00eda Mundial de la Voz, 16 de abril, [&hellip;]<\/p>\n","protected":false},"author":9192219,"featured_media":5550,"comment_status":"open","ping_status":"open","sticky":false,"template":"","format":"standard","meta":{"footnotes":""},"categories":[4],"tags":[],"class_list":["post-5541","post","type-post","status-publish","format-standard","has-post-thumbnail","hentry","category-noticias"],"yoast_head":"<!-- This site is optimized with the Yoast SEO plugin v26.9 - https:\/\/yoast.com\/product\/yoast-seo-wordpress\/ -->\n<title>Fonoaudiolog\u00eda UDD conmemora el D\u00eda Mundial de la Voz - Fonoaudiolog\u00eda<\/title>\n<meta name=\"robots\" content=\"index, follow, max-snippet:-1, max-image-preview:large, max-video-preview:-1\" \/>\n<link rel=\"canonical\" href=\"https:\/\/medicina.udd.cl\/fonoaudiologia-santiago\/noticias\/2022\/04\/19\/fonoaudiologia-udd-conmemora-el-dia-mundial-de-la-voz\/\" \/>\n<meta property=\"og:locale\" content=\"es_ES\" \/>\n<meta property=\"og:type\" content=\"article\" \/>\n<meta property=\"og:title\" content=\"Fonoaudiolog\u00eda UDD conmemora el D\u00eda Mundial de la Voz - Fonoaudiolog\u00eda\" \/>\n<meta property=\"og:description\" content=\"Bajo el lema de la campa\u00f1a 2022 \u00abLevanta la voz\u00bb, que se centra en reflexionar en c\u00f3mo la pandemia por Covid, ha agravado los problemas en la voz de muchas personas, la carrera de Fonoaudiolog\u00eda de la Facultad de Medicina Cl\u00ednica Alemana Universidad del Desarrollo, conmemor\u00f3 el D\u00eda Mundial de la Voz, 16 de abril, [&hellip;]\" \/>\n<meta property=\"og:url\" content=\"https:\/\/medicina.udd.cl\/fonoaudiologia-santiago\/noticias\/2022\/04\/19\/fonoaudiologia-udd-conmemora-el-dia-mundial-de-la-voz\/\" \/>\n<meta property=\"og:site_name\" content=\"Fonoaudiolog\u00eda\" \/>\n<meta property=\"article:published_time\" content=\"2022-04-19T17:23:00+00:00\" \/>\n<meta property=\"article:modified_time\" content=\"2022-04-28T14:09:29+00:00\" \/>\n<meta property=\"og:image\" content=\"https:\/\/medicina.udd.cl\/fonoaudiologia-santiago\/files\/2022\/04\/FONO-D\u00eda-Mundial-de-La-Voz-9-scaled.jpg\" \/>\n\t<meta property=\"og:image:width\" content=\"2560\" \/>\n\t<meta property=\"og:image:height\" content=\"1244\" \/>\n\t<meta property=\"og:image:type\" content=\"image\/jpeg\" \/>\n<meta name=\"author\" content=\"rbraidy\" \/>\n<meta name=\"twitter:label1\" content=\"Escrito por\" \/>\n\t<meta name=\"twitter:data1\" content=\"rbraidy\" \/>\n\t<meta name=\"twitter:label2\" content=\"Tiempo de lectura\" \/>\n\t<meta name=\"twitter:data2\" content=\"1 minuto\" \/>\n<script type=\"application\/ld+json\" class=\"yoast-schema-graph\">{\"@context\":\"https:\/\/schema.org\",\"@graph\":[{\"@type\":\"Article\",\"@id\":\"https:\/\/medicina.udd.cl\/fonoaudiologia-santiago\/noticias\/2022\/04\/19\/fonoaudiologia-udd-conmemora-el-dia-mundial-de-la-voz\/#article\",\"isPartOf\":{\"@id\":\"https:\/\/medicina.udd.cl\/fonoaudiologia-santiago\/noticias\/2022\/04\/19\/fonoaudiologia-udd-conmemora-el-dia-mundial-de-la-voz\/\"},\"author\":{\"name\":\"rbraidy\",\"@id\":\"https:\/\/medicina.udd.cl\/fonoaudiologia-santiago\/#\/schema\/person\/dbc3705bf3a93e8be1ba6de0ef950341\"},\"headline\":\"Fonoaudiolog\u00eda UDD conmemora el D\u00eda Mundial de la Voz\",\"datePublished\":\"2022-04-19T17:23:00+00:00\",\"dateModified\":\"2022-04-28T14:09:29+00:00\",\"mainEntityOfPage\":{\"@id\":\"https:\/\/medicina.udd.cl\/fonoaudiologia-santiago\/noticias\/2022\/04\/19\/fonoaudiologia-udd-conmemora-el-dia-mundial-de-la-voz\/\"},\"wordCount\":275,\"commentCount\":0,\"image\":{\"@id\":\"https:\/\/medicina.udd.cl\/fonoaudiologia-santiago\/noticias\/2022\/04\/19\/fonoaudiologia-udd-conmemora-el-dia-mundial-de-la-voz\/#primaryimage\"},\"thumbnailUrl\":\"https:\/\/medicina.udd.cl\/fonoaudiologia-santiago\/files\/2022\/04\/FONO-D\u00eda-Mundial-de-La-Voz-9-scaled.jpg\",\"articleSection\":[\"Noticias\"],\"inLanguage\":\"es\",\"potentialAction\":[{\"@type\":\"CommentAction\",\"name\":\"Comment\",\"target\":[\"https:\/\/medicina.udd.cl\/fonoaudiologia-santiago\/noticias\/2022\/04\/19\/fonoaudiologia-udd-conmemora-el-dia-mundial-de-la-voz\/#respond\"]}]},{\"@type\":\"WebPage\",\"@id\":\"https:\/\/medicina.udd.cl\/fonoaudiologia-santiago\/noticias\/2022\/04\/19\/fonoaudiologia-udd-conmemora-el-dia-mundial-de-la-voz\/\",\"url\":\"https:\/\/medicina.udd.cl\/fonoaudiologia-santiago\/noticias\/2022\/04\/19\/fonoaudiologia-udd-conmemora-el-dia-mundial-de-la-voz\/\",\"name\":\"Fonoaudiolog\u00eda UDD conmemora el D\u00eda Mundial de la Voz - Fonoaudiolog\u00eda\",\"isPartOf\":{\"@id\":\"https:\/\/medicina.udd.cl\/fonoaudiologia-santiago\/#website\"},\"primaryImageOfPage\":{\"@id\":\"https:\/\/medicina.udd.cl\/fonoaudiologia-santiago\/noticias\/2022\/04\/19\/fonoaudiologia-udd-conmemora-el-dia-mundial-de-la-voz\/#primaryimage\"},\"image\":{\"@id\":\"https:\/\/medicina.udd.cl\/fonoaudiologia-santiago\/noticias\/2022\/04\/19\/fonoaudiologia-udd-conmemora-el-dia-mundial-de-la-voz\/#primaryimage\"},\"thumbnailUrl\":\"https:\/\/medicina.udd.cl\/fonoaudiologia-santiago\/files\/2022\/04\/FONO-D\u00eda-Mundial-de-La-Voz-9-scaled.jpg\",\"datePublished\":\"2022-04-19T17:23:00+00:00\",\"dateModified\":\"2022-04-28T14:09:29+00:00\",\"author\":{\"@id\":\"https:\/\/medicina.udd.cl\/fonoaudiologia-santiago\/#\/schema\/person\/dbc3705bf3a93e8be1ba6de0ef950341\"},\"breadcrumb\":{\"@id\":\"https:\/\/medicina.udd.cl\/fonoaudiologia-santiago\/noticias\/2022\/04\/19\/fonoaudiologia-udd-conmemora-el-dia-mundial-de-la-voz\/#breadcrumb\"},\"inLanguage\":\"es\",\"potentialAction\":[{\"@type\":\"ReadAction\",\"target\":[\"https:\/\/medicina.udd.cl\/fonoaudiologia-santiago\/noticias\/2022\/04\/19\/fonoaudiologia-udd-conmemora-el-dia-mundial-de-la-voz\/\"]}]},{\"@type\":\"ImageObject\",\"inLanguage\":\"es\",\"@id\":\"https:\/\/medicina.udd.cl\/fonoaudiologia-santiago\/noticias\/2022\/04\/19\/fonoaudiologia-udd-conmemora-el-dia-mundial-de-la-voz\/#primaryimage\",\"url\":\"https:\/\/medicina.udd.cl\/fonoaudiologia-santiago\/files\/2022\/04\/FONO-D\u00eda-Mundial-de-La-Voz-9-scaled.jpg\",\"contentUrl\":\"https:\/\/medicina.udd.cl\/fonoaudiologia-santiago\/files\/2022\/04\/FONO-D\u00eda-Mundial-de-La-Voz-9-scaled.jpg\",\"width\":2560,\"height\":1244},{\"@type\":\"BreadcrumbList\",\"@id\":\"https:\/\/medicina.udd.cl\/fonoaudiologia-santiago\/noticias\/2022\/04\/19\/fonoaudiologia-udd-conmemora-el-dia-mundial-de-la-voz\/#breadcrumb\",\"itemListElement\":[{\"@type\":\"ListItem\",\"position\":1,\"name\":\"Home\",\"item\":\"https:\/\/medicina.udd.cl\/fonoaudiologia-santiago\/\"},{\"@type\":\"ListItem\",\"position\":2,\"name\":\"Fonoaudiolog\u00eda UDD conmemora el D\u00eda Mundial de la Voz\"}]},{\"@type\":\"WebSite\",\"@id\":\"https:\/\/medicina.udd.cl\/fonoaudiologia-santiago\/#website\",\"url\":\"https:\/\/medicina.udd.cl\/fonoaudiologia-santiago\/\",\"name\":\"Fonoaudiolog\u00eda\",\"description\":\"Facultad de Medicina Cl\u00ednica Alemana Universidad del Desarrollo\",\"inLanguage\":\"es\"},{\"@type\":\"Person\",\"@id\":\"https:\/\/medicina.udd.cl\/fonoaudiologia-santiago\/#\/schema\/person\/dbc3705bf3a93e8be1ba6de0ef950341\",\"name\":\"rbraidy\",\"image\":{\"@type\":\"ImageObject\",\"inLanguage\":\"es\",\"@id\":\"https:\/\/medicina.udd.cl\/fonoaudiologia-santiago\/#\/schema\/person\/image\/\",\"url\":\"https:\/\/secure.gravatar.com\/avatar\/0f8bc94637401590e45d2ce17eb65c274cb8870a219de6177f3f23e63fd8cdf3?s=96&d=mm&r=g\",\"contentUrl\":\"https:\/\/secure.gravatar.com\/avatar\/0f8bc94637401590e45d2ce17eb65c274cb8870a219de6177f3f23e63fd8cdf3?s=96&d=mm&r=g\",\"caption\":\"rbraidy\"},\"url\":\"https:\/\/medicina.udd.cl\/fonoaudiologia-santiago\/noticias\/author\/rbraidy\/\"}]}<\/script>\n<!-- \/ Yoast SEO plugin. -->","yoast_head_json":{"title":"Fonoaudiolog\u00eda UDD conmemora el D\u00eda Mundial de la Voz - Fonoaudiolog\u00eda","robots":{"index":"index","follow":"follow","max-snippet":"max-snippet:-1","max-image-preview":"max-image-preview:large","max-video-preview":"max-video-preview:-1"},"canonical":"https:\/\/medicina.udd.cl\/fonoaudiologia-santiago\/noticias\/2022\/04\/19\/fonoaudiologia-udd-conmemora-el-dia-mundial-de-la-voz\/","og_locale":"es_ES","og_type":"article","og_title":"Fonoaudiolog\u00eda UDD conmemora el D\u00eda Mundial de la Voz - Fonoaudiolog\u00eda","og_description":"Bajo el lema de la campa\u00f1a 2022 \u00abLevanta la voz\u00bb, que se centra en reflexionar en c\u00f3mo la pandemia por Covid, ha agravado los problemas en la voz de muchas personas, la carrera de Fonoaudiolog\u00eda de la Facultad de Medicina Cl\u00ednica Alemana Universidad del Desarrollo, conmemor\u00f3 el D\u00eda Mundial de la Voz, 16 de abril, [&hellip;]","og_url":"https:\/\/medicina.udd.cl\/fonoaudiologia-santiago\/noticias\/2022\/04\/19\/fonoaudiologia-udd-conmemora-el-dia-mundial-de-la-voz\/","og_site_name":"Fonoaudiolog\u00eda","article_published_time":"2022-04-19T17:23:00+00:00","article_modified_time":"2022-04-28T14:09:29+00:00","og_image":[{"width":2560,"height":1244,"url":"https:\/\/medicina.udd.cl\/fonoaudiologia-santiago\/files\/2022\/04\/FONO-D\u00eda-Mundial-de-La-Voz-9-scaled.jpg","type":"image\/jpeg"}],"author":"rbraidy","twitter_misc":{"Escrito por":"rbraidy","Tiempo de lectura":"1 minuto"},"schema":{"@context":"https:\/\/schema.org","@graph":[{"@type":"Article","@id":"https:\/\/medicina.udd.cl\/fonoaudiologia-santiago\/noticias\/2022\/04\/19\/fonoaudiologia-udd-conmemora-el-dia-mundial-de-la-voz\/#article","isPartOf":{"@id":"https:\/\/medicina.udd.cl\/fonoaudiologia-santiago\/noticias\/2022\/04\/19\/fonoaudiologia-udd-conmemora-el-dia-mundial-de-la-voz\/"},"author":{"name":"rbraidy","@id":"https:\/\/medicina.udd.cl\/fonoaudiologia-santiago\/#\/schema\/person\/dbc3705bf3a93e8be1ba6de0ef950341"},"headline":"Fonoaudiolog\u00eda UDD conmemora el D\u00eda Mundial de la Voz","datePublished":"2022-04-19T17:23:00+00:00","dateModified":"2022-04-28T14:09:29+00:00","mainEntityOfPage":{"@id":"https:\/\/medicina.udd.cl\/fonoaudiologia-santiago\/noticias\/2022\/04\/19\/fonoaudiologia-udd-conmemora-el-dia-mundial-de-la-voz\/"},"wordCount":275,"commentCount":0,"image":{"@id":"https:\/\/medicina.udd.cl\/fonoaudiologia-santiago\/noticias\/2022\/04\/19\/fonoaudiologia-udd-conmemora-el-dia-mundial-de-la-voz\/#primaryimage"},"thumbnailUrl":"https:\/\/medicina.udd.cl\/fonoaudiologia-santiago\/files\/2022\/04\/FONO-D\u00eda-Mundial-de-La-Voz-9-scaled.jpg","articleSection":["Noticias"],"inLanguage":"es","potentialAction":[{"@type":"CommentAction","name":"Comment","target":["https:\/\/medicina.udd.cl\/fonoaudiologia-santiago\/noticias\/2022\/04\/19\/fonoaudiologia-udd-conmemora-el-dia-mundial-de-la-voz\/#respond"]}]},{"@type":"WebPage","@id":"https:\/\/medicina.udd.cl\/fonoaudiologia-santiago\/noticias\/2022\/04\/19\/fonoaudiologia-udd-conmemora-el-dia-mundial-de-la-voz\/","url":"https:\/\/medicina.udd.cl\/fonoaudiologia-santiago\/noticias\/2022\/04\/19\/fonoaudiologia-udd-conmemora-el-dia-mundial-de-la-voz\/","name":"Fonoaudiolog\u00eda UDD conmemora el D\u00eda Mundial de la Voz - Fonoaudiolog\u00eda","isPartOf":{"@id":"https:\/\/medicina.udd.cl\/fonoaudiologia-santiago\/#website"},"primaryImageOfPage":{"@id":"https:\/\/medicina.udd.cl\/fonoaudiologia-santiago\/noticias\/2022\/04\/19\/fonoaudiologia-udd-conmemora-el-dia-mundial-de-la-voz\/#primaryimage"},"image":{"@id":"https:\/\/medicina.udd.cl\/fonoaudiologia-santiago\/noticias\/2022\/04\/19\/fonoaudiologia-udd-conmemora-el-dia-mundial-de-la-voz\/#primaryimage"},"thumbnailUrl":"https:\/\/medicina.udd.cl\/fonoaudiologia-santiago\/files\/2022\/04\/FONO-D\u00eda-Mundial-de-La-Voz-9-scaled.jpg","datePublished":"2022-04-19T17:23:00+00:00","dateModified":"2022-04-28T14:09:29+00:00","author":{"@id":"https:\/\/medicina.udd.cl\/fonoaudiologia-santiago\/#\/schema\/person\/dbc3705bf3a93e8be1ba6de0ef950341"},"breadcrumb":{"@id":"https:\/\/medicina.udd.cl\/fonoaudiologia-santiago\/noticias\/2022\/04\/19\/fonoaudiologia-udd-conmemora-el-dia-mundial-de-la-voz\/#breadcrumb"},"inLanguage":"es","potentialAction":[{"@type":"ReadAction","target":["https:\/\/medicina.udd.cl\/fonoaudiologia-santiago\/noticias\/2022\/04\/19\/fonoaudiologia-udd-conmemora-el-dia-mundial-de-la-voz\/"]}]},{"@type":"ImageObject","inLanguage":"es","@id":"https:\/\/medicina.udd.cl\/fonoaudiologia-santiago\/noticias\/2022\/04\/19\/fonoaudiologia-udd-conmemora-el-dia-mundial-de-la-voz\/#primaryimage","url":"https:\/\/medicina.udd.cl\/fonoaudiologia-santiago\/files\/2022\/04\/FONO-D\u00eda-Mundial-de-La-Voz-9-scaled.jpg","contentUrl":"https:\/\/medicina.udd.cl\/fonoaudiologia-santiago\/files\/2022\/04\/FONO-D\u00eda-Mundial-de-La-Voz-9-scaled.jpg","width":2560,"height":1244},{"@type":"BreadcrumbList","@id":"https:\/\/medicina.udd.cl\/fonoaudiologia-santiago\/noticias\/2022\/04\/19\/fonoaudiologia-udd-conmemora-el-dia-mundial-de-la-voz\/#breadcrumb","itemListElement":[{"@type":"ListItem","position":1,"name":"Home","item":"https:\/\/medicina.udd.cl\/fonoaudiologia-santiago\/"},{"@type":"ListItem","position":2,"name":"Fonoaudiolog\u00eda UDD conmemora el D\u00eda Mundial de la Voz"}]},{"@type":"WebSite","@id":"https:\/\/medicina.udd.cl\/fonoaudiologia-santiago\/#website","url":"https:\/\/medicina.udd.cl\/fonoaudiologia-santiago\/","name":"Fonoaudiolog\u00eda","description":"Facultad de Medicina Cl\u00ednica Alemana Universidad del Desarrollo","inLanguage":"es"},{"@type":"Person","@id":"https:\/\/medicina.udd.cl\/fonoaudiologia-santiago\/#\/schema\/person\/dbc3705bf3a93e8be1ba6de0ef950341","name":"rbraidy","image":{"@type":"ImageObject","inLanguage":"es","@id":"https:\/\/medicina.udd.cl\/fonoaudiologia-santiago\/#\/schema\/person\/image\/","url":"https:\/\/secure.gravatar.com\/avatar\/0f8bc94637401590e45d2ce17eb65c274cb8870a219de6177f3f23e63fd8cdf3?s=96&d=mm&r=g","contentUrl":"https:\/\/secure.gravatar.com\/avatar\/0f8bc94637401590e45d2ce17eb65c274cb8870a219de6177f3f23e63fd8cdf3?s=96&d=mm&r=g","caption":"rbraidy"},"url":"https:\/\/medicina.udd.cl\/fonoaudiologia-santiago\/noticias\/author\/rbraidy\/"}]}},"featured_image_url":"https:\/\/medicina.udd.cl\/fonoaudiologia-santiago\/files\/2022\/04\/FONO-D\u00eda-Mundial-de-La-Voz-9-scaled.jpg","_links":{"self":[{"href":"https:\/\/medicina.udd.cl\/fonoaudiologia-santiago\/wp-json\/wp\/v2\/posts\/5541","targetHints":{"allow":["GET"]}}],"collection":[{"href":"https:\/\/medicina.udd.cl\/fonoaudiologia-santiago\/wp-json\/wp\/v2\/posts"}],"about":[{"href":"https:\/\/medicina.udd.cl\/fonoaudiologia-santiago\/wp-json\/wp\/v2\/types\/post"}],"author":[{"embeddable":true,"href":"https:\/\/medicina.udd.cl\/fonoaudiologia-santiago\/wp-json\/wp\/v2\/users\/9192219"}],"replies":[{"embeddable":true,"href":"https:\/\/medicina.udd.cl\/fonoaudiologia-santiago\/wp-json\/wp\/v2\/comments?post=5541"}],"version-history":[{"count":2,"href":"https:\/\/medicina.udd.cl\/fonoaudiologia-santiago\/wp-json\/wp\/v2\/posts\/5541\/revisions"}],"predecessor-version":[{"id":5573,"href":"https:\/\/medicina.udd.cl\/fonoaudiologia-santiago\/wp-json\/wp\/v2\/posts\/5541\/revisions\/5573"}],"wp:featuredmedia":[{"embeddable":true,"href":"https:\/\/medicina.udd.cl\/fonoaudiologia-santiago\/wp-json\/wp\/v2\/media\/5550"}],"wp:attachment":[{"href":"https:\/\/medicina.udd.cl\/fonoaudiologia-santiago\/wp-json\/wp\/v2\/media?parent=5541"}],"wp:term":[{"taxonomy":"category","embeddable":true,"href":"https:\/\/medicina.udd.cl\/fonoaudiologia-santiago\/wp-json\/wp\/v2\/categories?post=5541"},{"taxonomy":"post_tag","embeddable":true,"href":"https:\/\/medicina.udd.cl\/fonoaudiologia-santiago\/wp-json\/wp\/v2\/tags?post=5541"}],"curies":[{"name":"wp","href":"https:\/\/api.w.org\/{rel}","templated":true}]}}