{"id":5704,"date":"2022-07-28T13:20:39","date_gmt":"2022-07-28T17:20:39","guid":{"rendered":"https:\/\/medicina.udd.cl\/fonoaudiologia-santiago\/?p=5704"},"modified":"2022-07-28T13:43:50","modified_gmt":"2022-07-28T17:43:50","slug":"estudiantes-de-villarrica-viajan-a-santiago-para-vivir-la-experiencia-de-fonoaudiologia-udd","status":"publish","type":"post","link":"https:\/\/medicina.udd.cl\/fonoaudiologia-santiago\/noticias\/2022\/07\/28\/estudiantes-de-villarrica-viajan-a-santiago-para-vivir-la-experiencia-de-fonoaudiologia-udd\/","title":{"rendered":"Estudiantes de Villarrica viajan a Santiago para vivir la experiencia de Fonoaudiolog\u00eda UDD"},"content":{"rendered":"\n<div class=\"wp-block-image\"><figure class=\"alignright size-large is-resized\"><img loading=\"lazy\" decoding=\"async\" src=\"https:\/\/medicina.udd.cl\/fonoaudiologia-santiago\/files\/2022\/07\/Fono-visita-estudiantes-de-Villarrica-5.jpg\" alt=\"\" class=\"wp-image-5709\" width=\"512\" height=\"384\" srcset=\"https:\/\/medicina.udd.cl\/fonoaudiologia-santiago\/files\/2022\/07\/Fono-visita-estudiantes-de-Villarrica-5.jpg 1024w, https:\/\/medicina.udd.cl\/fonoaudiologia-santiago\/files\/2022\/07\/Fono-visita-estudiantes-de-Villarrica-5-300x225.jpg 300w, https:\/\/medicina.udd.cl\/fonoaudiologia-santiago\/files\/2022\/07\/Fono-visita-estudiantes-de-Villarrica-5-768x576.jpg 768w\" sizes=\"auto, (max-width: 512px) 100vw, 512px\" \/><figcaption> Amanda Pascual y Renata Alarc\u00f3n en Cl\u00ednica Alemana de Santiago. <\/figcaption><\/figure><\/div>\n\n\n\n<p>Dos alumnas del Colegio Alem\u00e1n de Villarrica, en la regi\u00f3n de la Araucan\u00eda, Renata Alarc\u00f3n y Amanda Pascual, quedaron entusiasmadas con la carrera de Fonoaudiolog\u00eda que se imparte en la Universidad del Desarrollo, tras presenciar una charla que realiz\u00f3 el equipo de Admisi\u00f3n UDD sobre las distintas carreras de la salud en esta instituci\u00f3n educativa al sur del pa\u00eds a finales de junio.<\/p>\n\n\n\n<p>Renata y Amanda cuentan que, gracias a esta charla que se realiz\u00f3 en su colegio, pudieron conocer de qu\u00e9 trataba la fonoaudiolog\u00eda y conversaron con la directora de la carrera, Flga. Mar\u00eda Ang\u00e9lica L\u00f3pez, quien estuvo presente en esta gira de Admisi\u00f3n UDD por la Regi\u00f3n de la Araucan\u00eda, para tener la oportunidad de viajar a Santiago y as\u00ed conocer de cerca la experiencia de un fonoaudi\u00f3logo.<\/p>\n\n\n\n<p>Las alumnas cumplieron su palabra y, junto a sus padres, viajaron a Santiago durante las vacaciones de invierno para conocer la UDD y la carrera de Fonoaudiolog\u00eda. La directora de la carrera, Mar\u00eda Ang\u00e9lica L\u00f3pez, las recibi\u00f3 en el campus Rector Ernesto Silva Bafalluy, e iniciaron el recorrido por la universidad, en donde pudieron conocer, por ejemplo, el nuevo edificio donde est\u00e1 ubicada la Facultad de Medicina Cl\u00ednica Alemana UDD, el edificio de Postgrado, la Biblioteca, el Aula Magna, los laboratorios de Audiolog\u00eda y Voz, as\u00ed como el de Realitec, en donde pudieron probar el programa de laringe.<\/p>\n\n\n\n<p><strong>Visita a los campos cl\u00ednicos<\/strong><\/p>\n\n\n\n<div class=\"wp-block-image\"><figure class=\"alignright size-large is-resized\"><img loading=\"lazy\" decoding=\"async\" src=\"https:\/\/medicina.udd.cl\/fonoaudiologia-santiago\/files\/2022\/07\/Fono-visita-estudiantes-de-Villarrica-7.jpg\" alt=\"\" class=\"wp-image-5711\" width=\"512\" height=\"384\" srcset=\"https:\/\/medicina.udd.cl\/fonoaudiologia-santiago\/files\/2022\/07\/Fono-visita-estudiantes-de-Villarrica-7.jpg 1024w, https:\/\/medicina.udd.cl\/fonoaudiologia-santiago\/files\/2022\/07\/Fono-visita-estudiantes-de-Villarrica-7-300x225.jpg 300w, https:\/\/medicina.udd.cl\/fonoaudiologia-santiago\/files\/2022\/07\/Fono-visita-estudiantes-de-Villarrica-7-768x576.jpg 768w\" sizes=\"auto, (max-width: 512px) 100vw, 512px\" \/><figcaption> Las estudiantes junto a Mar\u00eda Ang\u00e9lica L\u00f3pez en el Hospital Padre Hurtado. <\/figcaption><\/figure><\/div>\n\n\n\n<p>A continuaci\u00f3n, las estudiantes villarricenses se dirigieron junto a L\u00f3pez, a visitar los principales campos cl\u00ednicos con los que cuenta la UDD, como lo son el Hospital Padre Hurtado (HPH) y la Cl\u00ednica Alemana de Santiago (CAS). En el primero de \u00e9stos, las recibi\u00f3 la docente y tutora cl\u00ednica de Fonoaudiolog\u00eda UDD, Flga. B\u00e1rbara Sanzana, qui\u00e9n les mostr\u00f3 el hospital y luego realizaron una visita en la UCI Pedi\u00e1trica y Neonatolog\u00eda. Luego se dirigieron a la Cl\u00ednica, en donde pudieron presenciar la labor de la Directora de Fonoaudiolog\u00eda UDD, en el Servicio de Im\u00e1genes, y vieron la realizaci\u00f3n de 5 estudios de degluci\u00f3n y videofluoroscop\u00eda, con la autorizaci\u00f3n previa de cada paciente. Asimismo, realizaron un recorrido por la cl\u00ednica, conociendo la UCI Adulto y Pedi\u00e1trica, y la Unidad especializada en manejo de pacientes con enfermedades cerebrovasculares (UTAC).<\/p>\n\n\n\n<p><em>\u201cMe voy s\u00faper contenta por esta experiencia. Fonoaudiolog\u00eda es una carrera muy bonita. Me encant\u00f3 la universidad y sus campos cl\u00ednicos\u201d,<\/em>&nbsp;indic\u00f3 Renata Alarc\u00f3n. Mientras que Amanda Pascual, se\u00f1al\u00f3 sentirse muy emocionada por haber vivido esta experiencia de conocer en profundidad la carrera de Fonoaudiolog\u00eda y todo lo que se puede hacer a trav\u00e9s de sus campos cl\u00ednicos.&nbsp;<em>\u201cAprend\u00ed mucho y me voy encantada. Agradecida con la profesora Mar\u00eda Ang\u00e9lica\u201d<\/em>, dijo la estudiante de IV Medio del Colegio Alem\u00e1n de Villarrica.<\/p>\n\n\n\n<p>Por su parte, la Directora de Fonoaudiolog\u00eda UDD, destac\u00f3 la visita de Renata y Amanda junto a sus padres, y catalog\u00f3 el d\u00eda como&nbsp;<em>\u201cintenso y muy entretenido\u201d<\/em>.<\/p>\n\n\n\n<p><em>\u00abFue un d\u00eda con muchas emociones y vivencias enriquecedoras que les ayudar\u00e1n a conocer nuestra preciosa carrera de Fonoaudiolog\u00eda y los campos cl\u00ednicos que tenemos para as\u00ed ofrecerles y asegurarles una formaci\u00f3n muy experiencial.\u00bb,&nbsp;<\/em>indic\u00f3 L\u00f3pez.<\/p>\n\n\n\n<figure class=\"wp-block-gallery columns-2 is-cropped wp-block-gallery-1 is-layout-flex wp-block-gallery-is-layout-flex\"><ul class=\"blocks-gallery-grid\"><li class=\"blocks-gallery-item\"><figure><img loading=\"lazy\" decoding=\"async\" width=\"1024\" height=\"768\" src=\"https:\/\/medicina.udd.cl\/fonoaudiologia-santiago\/files\/2022\/07\/Fono-visita-estudiantes-de-Villarrica-13.jpg\" alt=\"\" data-id=\"5717\" data-full-url=\"https:\/\/medicina.udd.cl\/fonoaudiologia-santiago\/files\/2022\/07\/Fono-visita-estudiantes-de-Villarrica-13.jpg\" data-link=\"https:\/\/medicina.udd.cl\/fonoaudiologia-santiago\/?attachment_id=5717\" class=\"wp-image-5717\" srcset=\"https:\/\/medicina.udd.cl\/fonoaudiologia-santiago\/files\/2022\/07\/Fono-visita-estudiantes-de-Villarrica-13.jpg 1024w, https:\/\/medicina.udd.cl\/fonoaudiologia-santiago\/files\/2022\/07\/Fono-visita-estudiantes-de-Villarrica-13-300x225.jpg 300w, https:\/\/medicina.udd.cl\/fonoaudiologia-santiago\/files\/2022\/07\/Fono-visita-estudiantes-de-Villarrica-13-768x576.jpg 768w\" sizes=\"auto, (max-width: 1024px) 100vw, 1024px\" \/><figcaption class=\"blocks-gallery-item__caption\"> Aula Magna UDD <\/figcaption><\/figure><\/li><li class=\"blocks-gallery-item\"><figure><img loading=\"lazy\" decoding=\"async\" width=\"1024\" height=\"768\" src=\"https:\/\/medicina.udd.cl\/fonoaudiologia-santiago\/files\/2022\/07\/Fono-visita-estudiantes-de-Villarrica-9.jpg\" alt=\"\" data-id=\"5713\" data-full-url=\"https:\/\/medicina.udd.cl\/fonoaudiologia-santiago\/files\/2022\/07\/Fono-visita-estudiantes-de-Villarrica-9.jpg\" data-link=\"https:\/\/medicina.udd.cl\/fonoaudiologia-santiago\/?attachment_id=5713\" class=\"wp-image-5713\" srcset=\"https:\/\/medicina.udd.cl\/fonoaudiologia-santiago\/files\/2022\/07\/Fono-visita-estudiantes-de-Villarrica-9.jpg 1024w, https:\/\/medicina.udd.cl\/fonoaudiologia-santiago\/files\/2022\/07\/Fono-visita-estudiantes-de-Villarrica-9-300x225.jpg 300w, https:\/\/medicina.udd.cl\/fonoaudiologia-santiago\/files\/2022\/07\/Fono-visita-estudiantes-de-Villarrica-9-768x576.jpg 768w\" sizes=\"auto, (max-width: 1024px) 100vw, 1024px\" \/><figcaption class=\"blocks-gallery-item__caption\"> Biblioteca UDD <\/figcaption><\/figure><\/li><li class=\"blocks-gallery-item\"><figure><img loading=\"lazy\" decoding=\"async\" width=\"1024\" height=\"768\" src=\"https:\/\/medicina.udd.cl\/fonoaudiologia-santiago\/files\/2022\/07\/Fono-visita-estudiantes-de-Villarrica-12.jpg\" alt=\"\" data-id=\"5716\" data-full-url=\"https:\/\/medicina.udd.cl\/fonoaudiologia-santiago\/files\/2022\/07\/Fono-visita-estudiantes-de-Villarrica-12.jpg\" data-link=\"https:\/\/medicina.udd.cl\/fonoaudiologia-santiago\/?attachment_id=5716\" class=\"wp-image-5716\" srcset=\"https:\/\/medicina.udd.cl\/fonoaudiologia-santiago\/files\/2022\/07\/Fono-visita-estudiantes-de-Villarrica-12.jpg 1024w, https:\/\/medicina.udd.cl\/fonoaudiologia-santiago\/files\/2022\/07\/Fono-visita-estudiantes-de-Villarrica-12-300x225.jpg 300w, https:\/\/medicina.udd.cl\/fonoaudiologia-santiago\/files\/2022\/07\/Fono-visita-estudiantes-de-Villarrica-12-768x576.jpg 768w\" sizes=\"auto, (max-width: 1024px) 100vw, 1024px\" \/><figcaption class=\"blocks-gallery-item__caption\"> Laboratorio Realitec <\/figcaption><\/figure><\/li><li class=\"blocks-gallery-item\"><figure><img loading=\"lazy\" decoding=\"async\" width=\"768\" height=\"1024\" src=\"https:\/\/medicina.udd.cl\/fonoaudiologia-santiago\/files\/2022\/07\/Fono-visita-estudiantes-de-Villarrica-11.jpg\" alt=\"\" data-id=\"5715\" data-full-url=\"https:\/\/medicina.udd.cl\/fonoaudiologia-santiago\/files\/2022\/07\/Fono-visita-estudiantes-de-Villarrica-11.jpg\" data-link=\"https:\/\/medicina.udd.cl\/fonoaudiologia-santiago\/?attachment_id=5715\" class=\"wp-image-5715\" srcset=\"https:\/\/medicina.udd.cl\/fonoaudiologia-santiago\/files\/2022\/07\/Fono-visita-estudiantes-de-Villarrica-11.jpg 768w, https:\/\/medicina.udd.cl\/fonoaudiologia-santiago\/files\/2022\/07\/Fono-visita-estudiantes-de-Villarrica-11-225x300.jpg 225w\" sizes=\"auto, (max-width: 768px) 100vw, 768px\" \/><figcaption class=\"blocks-gallery-item__caption\"> Laboratorio Realitec <\/figcaption><\/figure><\/li><li class=\"blocks-gallery-item\"><figure><img loading=\"lazy\" decoding=\"async\" width=\"1024\" height=\"768\" src=\"https:\/\/medicina.udd.cl\/fonoaudiologia-santiago\/files\/2022\/07\/Fono-visita-estudiantes-de-Villarrica-10.jpg\" alt=\"\" data-id=\"5714\" data-full-url=\"https:\/\/medicina.udd.cl\/fonoaudiologia-santiago\/files\/2022\/07\/Fono-visita-estudiantes-de-Villarrica-10.jpg\" data-link=\"https:\/\/medicina.udd.cl\/fonoaudiologia-santiago\/?attachment_id=5714\" class=\"wp-image-5714\" srcset=\"https:\/\/medicina.udd.cl\/fonoaudiologia-santiago\/files\/2022\/07\/Fono-visita-estudiantes-de-Villarrica-10.jpg 1024w, https:\/\/medicina.udd.cl\/fonoaudiologia-santiago\/files\/2022\/07\/Fono-visita-estudiantes-de-Villarrica-10-300x225.jpg 300w, https:\/\/medicina.udd.cl\/fonoaudiologia-santiago\/files\/2022\/07\/Fono-visita-estudiantes-de-Villarrica-10-768x576.jpg 768w\" sizes=\"auto, (max-width: 1024px) 100vw, 1024px\" \/><figcaption class=\"blocks-gallery-item__caption\"> Laboratorio Realitec <\/figcaption><\/figure><\/li><li class=\"blocks-gallery-item\"><figure><img loading=\"lazy\" decoding=\"async\" width=\"1024\" height=\"768\" src=\"https:\/\/medicina.udd.cl\/fonoaudiologia-santiago\/files\/2022\/07\/Fono-visita-estudiantes-de-Villarrica-6.jpg\" alt=\"\" data-id=\"5710\" data-full-url=\"https:\/\/medicina.udd.cl\/fonoaudiologia-santiago\/files\/2022\/07\/Fono-visita-estudiantes-de-Villarrica-6.jpg\" data-link=\"https:\/\/medicina.udd.cl\/fonoaudiologia-santiago\/?attachment_id=5710\" class=\"wp-image-5710\" srcset=\"https:\/\/medicina.udd.cl\/fonoaudiologia-santiago\/files\/2022\/07\/Fono-visita-estudiantes-de-Villarrica-6.jpg 1024w, https:\/\/medicina.udd.cl\/fonoaudiologia-santiago\/files\/2022\/07\/Fono-visita-estudiantes-de-Villarrica-6-300x225.jpg 300w, https:\/\/medicina.udd.cl\/fonoaudiologia-santiago\/files\/2022\/07\/Fono-visita-estudiantes-de-Villarrica-6-768x576.jpg 768w\" sizes=\"auto, (max-width: 1024px) 100vw, 1024px\" \/><figcaption class=\"blocks-gallery-item__caption\"> Las estudiantes junto a las fonoaudi\u00f3logas B\u00e1rbara Sanzana y Ma. Ang\u00e9lica L\u00f3pez en el HPH. <\/figcaption><\/figure><\/li><li class=\"blocks-gallery-item\"><figure><img loading=\"lazy\" decoding=\"async\" width=\"768\" height=\"1024\" src=\"https:\/\/medicina.udd.cl\/fonoaudiologia-santiago\/files\/2022\/07\/Fono-visita-estudiantes-de-Villarrica-1.jpg\" alt=\"\" data-id=\"5705\" data-full-url=\"https:\/\/medicina.udd.cl\/fonoaudiologia-santiago\/files\/2022\/07\/Fono-visita-estudiantes-de-Villarrica-1.jpg\" data-link=\"https:\/\/medicina.udd.cl\/fonoaudiologia-santiago\/?attachment_id=5705\" class=\"wp-image-5705\" srcset=\"https:\/\/medicina.udd.cl\/fonoaudiologia-santiago\/files\/2022\/07\/Fono-visita-estudiantes-de-Villarrica-1.jpg 768w, https:\/\/medicina.udd.cl\/fonoaudiologia-santiago\/files\/2022\/07\/Fono-visita-estudiantes-de-Villarrica-1-225x300.jpg 225w\" sizes=\"auto, (max-width: 768px) 100vw, 768px\" \/><figcaption class=\"blocks-gallery-item__caption\"> Visita al Hospital Padre Hurtado. <\/figcaption><\/figure><\/li><li class=\"blocks-gallery-item\"><figure><img loading=\"lazy\" decoding=\"async\" width=\"1024\" height=\"768\" src=\"https:\/\/medicina.udd.cl\/fonoaudiologia-santiago\/files\/2022\/07\/Fono-visita-estudiantes-de-Villarrica-3.jpg\" alt=\"\" data-id=\"5707\" data-full-url=\"https:\/\/medicina.udd.cl\/fonoaudiologia-santiago\/files\/2022\/07\/Fono-visita-estudiantes-de-Villarrica-3.jpg\" data-link=\"https:\/\/medicina.udd.cl\/fonoaudiologia-santiago\/?attachment_id=5707\" class=\"wp-image-5707\" srcset=\"https:\/\/medicina.udd.cl\/fonoaudiologia-santiago\/files\/2022\/07\/Fono-visita-estudiantes-de-Villarrica-3.jpg 1024w, https:\/\/medicina.udd.cl\/fonoaudiologia-santiago\/files\/2022\/07\/Fono-visita-estudiantes-de-Villarrica-3-300x225.jpg 300w, https:\/\/medicina.udd.cl\/fonoaudiologia-santiago\/files\/2022\/07\/Fono-visita-estudiantes-de-Villarrica-3-768x576.jpg 768w\" sizes=\"auto, (max-width: 1024px) 100vw, 1024px\" \/><figcaption class=\"blocks-gallery-item__caption\"> Las estudiantes junto a sus padres en Cl\u00ednica Alemana de Santiago. <\/figcaption><\/figure><\/li><li class=\"blocks-gallery-item\"><figure><img loading=\"lazy\" decoding=\"async\" width=\"768\" height=\"1024\" src=\"https:\/\/medicina.udd.cl\/fonoaudiologia-santiago\/files\/2022\/07\/Fono-visita-estudiantes-de-Villarrica-8.jpg\" alt=\"\" data-id=\"5712\" data-full-url=\"https:\/\/medicina.udd.cl\/fonoaudiologia-santiago\/files\/2022\/07\/Fono-visita-estudiantes-de-Villarrica-8.jpg\" data-link=\"https:\/\/medicina.udd.cl\/fonoaudiologia-santiago\/?attachment_id=5712\" class=\"wp-image-5712\" srcset=\"https:\/\/medicina.udd.cl\/fonoaudiologia-santiago\/files\/2022\/07\/Fono-visita-estudiantes-de-Villarrica-8.jpg 768w, https:\/\/medicina.udd.cl\/fonoaudiologia-santiago\/files\/2022\/07\/Fono-visita-estudiantes-de-Villarrica-8-225x300.jpg 225w\" sizes=\"auto, (max-width: 768px) 100vw, 768px\" \/><figcaption class=\"blocks-gallery-item__caption\"> Renata y Amanda en el HPH. <\/figcaption><\/figure><\/li><li class=\"blocks-gallery-item\"><figure><img loading=\"lazy\" decoding=\"async\" width=\"1024\" height=\"769\" src=\"https:\/\/medicina.udd.cl\/fonoaudiologia-santiago\/files\/2022\/07\/Fono-visita-estudiantes-de-Villarrica-2.jpg\" alt=\"\" data-id=\"5706\" data-full-url=\"https:\/\/medicina.udd.cl\/fonoaudiologia-santiago\/files\/2022\/07\/Fono-visita-estudiantes-de-Villarrica-2.jpg\" data-link=\"https:\/\/medicina.udd.cl\/fonoaudiologia-santiago\/?attachment_id=5706\" class=\"wp-image-5706\" srcset=\"https:\/\/medicina.udd.cl\/fonoaudiologia-santiago\/files\/2022\/07\/Fono-visita-estudiantes-de-Villarrica-2.jpg 1024w, https:\/\/medicina.udd.cl\/fonoaudiologia-santiago\/files\/2022\/07\/Fono-visita-estudiantes-de-Villarrica-2-300x225.jpg 300w, https:\/\/medicina.udd.cl\/fonoaudiologia-santiago\/files\/2022\/07\/Fono-visita-estudiantes-de-Villarrica-2-768x577.jpg 768w\" sizes=\"auto, (max-width: 1024px) 100vw, 1024px\" \/><\/figure><\/li><li class=\"blocks-gallery-item\"><figure><img loading=\"lazy\" decoding=\"async\" width=\"1024\" height=\"768\" src=\"https:\/\/medicina.udd.cl\/fonoaudiologia-santiago\/files\/2022\/07\/Fono-visita-estudiantes-de-Villarrica-14.jpg\" alt=\"\" data-id=\"5718\" data-full-url=\"https:\/\/medicina.udd.cl\/fonoaudiologia-santiago\/files\/2022\/07\/Fono-visita-estudiantes-de-Villarrica-14.jpg\" data-link=\"https:\/\/medicina.udd.cl\/fonoaudiologia-santiago\/?attachment_id=5718\" class=\"wp-image-5718\" srcset=\"https:\/\/medicina.udd.cl\/fonoaudiologia-santiago\/files\/2022\/07\/Fono-visita-estudiantes-de-Villarrica-14.jpg 1024w, https:\/\/medicina.udd.cl\/fonoaudiologia-santiago\/files\/2022\/07\/Fono-visita-estudiantes-de-Villarrica-14-300x225.jpg 300w, https:\/\/medicina.udd.cl\/fonoaudiologia-santiago\/files\/2022\/07\/Fono-visita-estudiantes-de-Villarrica-14-768x576.jpg 768w\" sizes=\"auto, (max-width: 1024px) 100vw, 1024px\" \/><figcaption class=\"blocks-gallery-item__caption\"> Las estudiantes en el campus Rector Ernesto Silva Bafalluy. <\/figcaption><\/figure><\/li><\/ul><\/figure>\n","protected":false},"excerpt":{"rendered":"<p>Dos alumnas del Colegio Alem\u00e1n de Villarrica, en la regi\u00f3n de la Araucan\u00eda, Renata Alarc\u00f3n y Amanda Pascual, quedaron entusiasmadas con la carrera de Fonoaudiolog\u00eda que se imparte en la Universidad del Desarrollo, tras presenciar una charla que realiz\u00f3 el equipo de Admisi\u00f3n UDD sobre las distintas carreras de la salud en esta instituci\u00f3n educativa [&hellip;]<\/p>\n","protected":false},"author":9192219,"featured_media":5709,"comment_status":"open","ping_status":"open","sticky":false,"template":"","format":"standard","meta":{"footnotes":""},"categories":[4],"tags":[],"class_list":["post-5704","post","type-post","status-publish","format-standard","has-post-thumbnail","hentry","category-noticias"],"yoast_head":"<!-- This site is optimized with the Yoast SEO plugin v26.9 - https:\/\/yoast.com\/product\/yoast-seo-wordpress\/ -->\n<title>Estudiantes de Villarrica viajan a Santiago para vivir la experiencia de Fonoaudiolog\u00eda UDD - Fonoaudiolog\u00eda<\/title>\n<meta name=\"robots\" content=\"index, follow, max-snippet:-1, max-image-preview:large, max-video-preview:-1\" \/>\n<link rel=\"canonical\" href=\"https:\/\/medicina.udd.cl\/fonoaudiologia-santiago\/noticias\/2022\/07\/28\/estudiantes-de-villarrica-viajan-a-santiago-para-vivir-la-experiencia-de-fonoaudiologia-udd\/\" \/>\n<meta property=\"og:locale\" content=\"es_ES\" \/>\n<meta property=\"og:type\" content=\"article\" \/>\n<meta property=\"og:title\" content=\"Estudiantes de Villarrica viajan a Santiago para vivir la experiencia de Fonoaudiolog\u00eda UDD - Fonoaudiolog\u00eda\" \/>\n<meta property=\"og:description\" content=\"Dos alumnas del Colegio Alem\u00e1n de Villarrica, en la regi\u00f3n de la Araucan\u00eda, Renata Alarc\u00f3n y Amanda Pascual, quedaron entusiasmadas con la carrera de Fonoaudiolog\u00eda que se imparte en la Universidad del Desarrollo, tras presenciar una charla que realiz\u00f3 el equipo de Admisi\u00f3n UDD sobre las distintas carreras de la salud en esta instituci\u00f3n educativa [&hellip;]\" \/>\n<meta property=\"og:url\" content=\"https:\/\/medicina.udd.cl\/fonoaudiologia-santiago\/noticias\/2022\/07\/28\/estudiantes-de-villarrica-viajan-a-santiago-para-vivir-la-experiencia-de-fonoaudiologia-udd\/\" \/>\n<meta property=\"og:site_name\" content=\"Fonoaudiolog\u00eda\" \/>\n<meta property=\"article:published_time\" content=\"2022-07-28T17:20:39+00:00\" \/>\n<meta property=\"article:modified_time\" content=\"2022-07-28T17:43:50+00:00\" \/>\n<meta property=\"og:image\" content=\"https:\/\/medicina.udd.cl\/fonoaudiologia-santiago\/files\/2022\/07\/Fono-visita-estudiantes-de-Villarrica-5.jpg\" \/>\n\t<meta property=\"og:image:width\" content=\"1024\" \/>\n\t<meta property=\"og:image:height\" content=\"768\" \/>\n\t<meta property=\"og:image:type\" content=\"image\/jpeg\" \/>\n<meta name=\"author\" content=\"rbraidy\" \/>\n<meta name=\"twitter:label1\" content=\"Escrito por\" \/>\n\t<meta name=\"twitter:data1\" content=\"rbraidy\" \/>\n\t<meta name=\"twitter:label2\" content=\"Tiempo de lectura\" \/>\n\t<meta name=\"twitter:data2\" content=\"3 minutos\" \/>\n<script type=\"application\/ld+json\" class=\"yoast-schema-graph\">{\"@context\":\"https:\/\/schema.org\",\"@graph\":[{\"@type\":\"Article\",\"@id\":\"https:\/\/medicina.udd.cl\/fonoaudiologia-santiago\/noticias\/2022\/07\/28\/estudiantes-de-villarrica-viajan-a-santiago-para-vivir-la-experiencia-de-fonoaudiologia-udd\/#article\",\"isPartOf\":{\"@id\":\"https:\/\/medicina.udd.cl\/fonoaudiologia-santiago\/noticias\/2022\/07\/28\/estudiantes-de-villarrica-viajan-a-santiago-para-vivir-la-experiencia-de-fonoaudiologia-udd\/\"},\"author\":{\"name\":\"rbraidy\",\"@id\":\"https:\/\/medicina.udd.cl\/fonoaudiologia-santiago\/#\/schema\/person\/dbc3705bf3a93e8be1ba6de0ef950341\"},\"headline\":\"Estudiantes de Villarrica viajan a Santiago para vivir la experiencia de Fonoaudiolog\u00eda UDD\",\"datePublished\":\"2022-07-28T17:20:39+00:00\",\"dateModified\":\"2022-07-28T17:43:50+00:00\",\"mainEntityOfPage\":{\"@id\":\"https:\/\/medicina.udd.cl\/fonoaudiologia-santiago\/noticias\/2022\/07\/28\/estudiantes-de-villarrica-viajan-a-santiago-para-vivir-la-experiencia-de-fonoaudiologia-udd\/\"},\"wordCount\":682,\"commentCount\":0,\"image\":{\"@id\":\"https:\/\/medicina.udd.cl\/fonoaudiologia-santiago\/noticias\/2022\/07\/28\/estudiantes-de-villarrica-viajan-a-santiago-para-vivir-la-experiencia-de-fonoaudiologia-udd\/#primaryimage\"},\"thumbnailUrl\":\"https:\/\/medicina.udd.cl\/fonoaudiologia-santiago\/files\/2022\/07\/Fono-visita-estudiantes-de-Villarrica-5.jpg\",\"articleSection\":[\"Noticias\"],\"inLanguage\":\"es\",\"potentialAction\":[{\"@type\":\"CommentAction\",\"name\":\"Comment\",\"target\":[\"https:\/\/medicina.udd.cl\/fonoaudiologia-santiago\/noticias\/2022\/07\/28\/estudiantes-de-villarrica-viajan-a-santiago-para-vivir-la-experiencia-de-fonoaudiologia-udd\/#respond\"]}]},{\"@type\":\"WebPage\",\"@id\":\"https:\/\/medicina.udd.cl\/fonoaudiologia-santiago\/noticias\/2022\/07\/28\/estudiantes-de-villarrica-viajan-a-santiago-para-vivir-la-experiencia-de-fonoaudiologia-udd\/\",\"url\":\"https:\/\/medicina.udd.cl\/fonoaudiologia-santiago\/noticias\/2022\/07\/28\/estudiantes-de-villarrica-viajan-a-santiago-para-vivir-la-experiencia-de-fonoaudiologia-udd\/\",\"name\":\"Estudiantes de Villarrica viajan a Santiago para vivir la experiencia de Fonoaudiolog\u00eda UDD - Fonoaudiolog\u00eda\",\"isPartOf\":{\"@id\":\"https:\/\/medicina.udd.cl\/fonoaudiologia-santiago\/#website\"},\"primaryImageOfPage\":{\"@id\":\"https:\/\/medicina.udd.cl\/fonoaudiologia-santiago\/noticias\/2022\/07\/28\/estudiantes-de-villarrica-viajan-a-santiago-para-vivir-la-experiencia-de-fonoaudiologia-udd\/#primaryimage\"},\"image\":{\"@id\":\"https:\/\/medicina.udd.cl\/fonoaudiologia-santiago\/noticias\/2022\/07\/28\/estudiantes-de-villarrica-viajan-a-santiago-para-vivir-la-experiencia-de-fonoaudiologia-udd\/#primaryimage\"},\"thumbnailUrl\":\"https:\/\/medicina.udd.cl\/fonoaudiologia-santiago\/files\/2022\/07\/Fono-visita-estudiantes-de-Villarrica-5.jpg\",\"datePublished\":\"2022-07-28T17:20:39+00:00\",\"dateModified\":\"2022-07-28T17:43:50+00:00\",\"author\":{\"@id\":\"https:\/\/medicina.udd.cl\/fonoaudiologia-santiago\/#\/schema\/person\/dbc3705bf3a93e8be1ba6de0ef950341\"},\"breadcrumb\":{\"@id\":\"https:\/\/medicina.udd.cl\/fonoaudiologia-santiago\/noticias\/2022\/07\/28\/estudiantes-de-villarrica-viajan-a-santiago-para-vivir-la-experiencia-de-fonoaudiologia-udd\/#breadcrumb\"},\"inLanguage\":\"es\",\"potentialAction\":[{\"@type\":\"ReadAction\",\"target\":[\"https:\/\/medicina.udd.cl\/fonoaudiologia-santiago\/noticias\/2022\/07\/28\/estudiantes-de-villarrica-viajan-a-santiago-para-vivir-la-experiencia-de-fonoaudiologia-udd\/\"]}]},{\"@type\":\"ImageObject\",\"inLanguage\":\"es\",\"@id\":\"https:\/\/medicina.udd.cl\/fonoaudiologia-santiago\/noticias\/2022\/07\/28\/estudiantes-de-villarrica-viajan-a-santiago-para-vivir-la-experiencia-de-fonoaudiologia-udd\/#primaryimage\",\"url\":\"https:\/\/medicina.udd.cl\/fonoaudiologia-santiago\/files\/2022\/07\/Fono-visita-estudiantes-de-Villarrica-5.jpg\",\"contentUrl\":\"https:\/\/medicina.udd.cl\/fonoaudiologia-santiago\/files\/2022\/07\/Fono-visita-estudiantes-de-Villarrica-5.jpg\",\"width\":1024,\"height\":768},{\"@type\":\"BreadcrumbList\",\"@id\":\"https:\/\/medicina.udd.cl\/fonoaudiologia-santiago\/noticias\/2022\/07\/28\/estudiantes-de-villarrica-viajan-a-santiago-para-vivir-la-experiencia-de-fonoaudiologia-udd\/#breadcrumb\",\"itemListElement\":[{\"@type\":\"ListItem\",\"position\":1,\"name\":\"Home\",\"item\":\"https:\/\/medicina.udd.cl\/fonoaudiologia-santiago\/\"},{\"@type\":\"ListItem\",\"position\":2,\"name\":\"Estudiantes de Villarrica viajan a Santiago para vivir la experiencia de Fonoaudiolog\u00eda UDD\"}]},{\"@type\":\"WebSite\",\"@id\":\"https:\/\/medicina.udd.cl\/fonoaudiologia-santiago\/#website\",\"url\":\"https:\/\/medicina.udd.cl\/fonoaudiologia-santiago\/\",\"name\":\"Fonoaudiolog\u00eda\",\"description\":\"Facultad de Medicina Cl\u00ednica Alemana Universidad del Desarrollo\",\"inLanguage\":\"es\"},{\"@type\":\"Person\",\"@id\":\"https:\/\/medicina.udd.cl\/fonoaudiologia-santiago\/#\/schema\/person\/dbc3705bf3a93e8be1ba6de0ef950341\",\"name\":\"rbraidy\",\"image\":{\"@type\":\"ImageObject\",\"inLanguage\":\"es\",\"@id\":\"https:\/\/medicina.udd.cl\/fonoaudiologia-santiago\/#\/schema\/person\/image\/\",\"url\":\"https:\/\/secure.gravatar.com\/avatar\/0f8bc94637401590e45d2ce17eb65c274cb8870a219de6177f3f23e63fd8cdf3?s=96&d=mm&r=g\",\"contentUrl\":\"https:\/\/secure.gravatar.com\/avatar\/0f8bc94637401590e45d2ce17eb65c274cb8870a219de6177f3f23e63fd8cdf3?s=96&d=mm&r=g\",\"caption\":\"rbraidy\"},\"url\":\"https:\/\/medicina.udd.cl\/fonoaudiologia-santiago\/noticias\/author\/rbraidy\/\"}]}<\/script>\n<!-- \/ Yoast SEO plugin. -->","yoast_head_json":{"title":"Estudiantes de Villarrica viajan a Santiago para vivir la experiencia de Fonoaudiolog\u00eda UDD - Fonoaudiolog\u00eda","robots":{"index":"index","follow":"follow","max-snippet":"max-snippet:-1","max-image-preview":"max-image-preview:large","max-video-preview":"max-video-preview:-1"},"canonical":"https:\/\/medicina.udd.cl\/fonoaudiologia-santiago\/noticias\/2022\/07\/28\/estudiantes-de-villarrica-viajan-a-santiago-para-vivir-la-experiencia-de-fonoaudiologia-udd\/","og_locale":"es_ES","og_type":"article","og_title":"Estudiantes de Villarrica viajan a Santiago para vivir la experiencia de Fonoaudiolog\u00eda UDD - Fonoaudiolog\u00eda","og_description":"Dos alumnas del Colegio Alem\u00e1n de Villarrica, en la regi\u00f3n de la Araucan\u00eda, Renata Alarc\u00f3n y Amanda Pascual, quedaron entusiasmadas con la carrera de Fonoaudiolog\u00eda que se imparte en la Universidad del Desarrollo, tras presenciar una charla que realiz\u00f3 el equipo de Admisi\u00f3n UDD sobre las distintas carreras de la salud en esta instituci\u00f3n educativa [&hellip;]","og_url":"https:\/\/medicina.udd.cl\/fonoaudiologia-santiago\/noticias\/2022\/07\/28\/estudiantes-de-villarrica-viajan-a-santiago-para-vivir-la-experiencia-de-fonoaudiologia-udd\/","og_site_name":"Fonoaudiolog\u00eda","article_published_time":"2022-07-28T17:20:39+00:00","article_modified_time":"2022-07-28T17:43:50+00:00","og_image":[{"width":1024,"height":768,"url":"https:\/\/medicina.udd.cl\/fonoaudiologia-santiago\/files\/2022\/07\/Fono-visita-estudiantes-de-Villarrica-5.jpg","type":"image\/jpeg"}],"author":"rbraidy","twitter_misc":{"Escrito por":"rbraidy","Tiempo de lectura":"3 minutos"},"schema":{"@context":"https:\/\/schema.org","@graph":[{"@type":"Article","@id":"https:\/\/medicina.udd.cl\/fonoaudiologia-santiago\/noticias\/2022\/07\/28\/estudiantes-de-villarrica-viajan-a-santiago-para-vivir-la-experiencia-de-fonoaudiologia-udd\/#article","isPartOf":{"@id":"https:\/\/medicina.udd.cl\/fonoaudiologia-santiago\/noticias\/2022\/07\/28\/estudiantes-de-villarrica-viajan-a-santiago-para-vivir-la-experiencia-de-fonoaudiologia-udd\/"},"author":{"name":"rbraidy","@id":"https:\/\/medicina.udd.cl\/fonoaudiologia-santiago\/#\/schema\/person\/dbc3705bf3a93e8be1ba6de0ef950341"},"headline":"Estudiantes de Villarrica viajan a Santiago para vivir la experiencia de Fonoaudiolog\u00eda UDD","datePublished":"2022-07-28T17:20:39+00:00","dateModified":"2022-07-28T17:43:50+00:00","mainEntityOfPage":{"@id":"https:\/\/medicina.udd.cl\/fonoaudiologia-santiago\/noticias\/2022\/07\/28\/estudiantes-de-villarrica-viajan-a-santiago-para-vivir-la-experiencia-de-fonoaudiologia-udd\/"},"wordCount":682,"commentCount":0,"image":{"@id":"https:\/\/medicina.udd.cl\/fonoaudiologia-santiago\/noticias\/2022\/07\/28\/estudiantes-de-villarrica-viajan-a-santiago-para-vivir-la-experiencia-de-fonoaudiologia-udd\/#primaryimage"},"thumbnailUrl":"https:\/\/medicina.udd.cl\/fonoaudiologia-santiago\/files\/2022\/07\/Fono-visita-estudiantes-de-Villarrica-5.jpg","articleSection":["Noticias"],"inLanguage":"es","potentialAction":[{"@type":"CommentAction","name":"Comment","target":["https:\/\/medicina.udd.cl\/fonoaudiologia-santiago\/noticias\/2022\/07\/28\/estudiantes-de-villarrica-viajan-a-santiago-para-vivir-la-experiencia-de-fonoaudiologia-udd\/#respond"]}]},{"@type":"WebPage","@id":"https:\/\/medicina.udd.cl\/fonoaudiologia-santiago\/noticias\/2022\/07\/28\/estudiantes-de-villarrica-viajan-a-santiago-para-vivir-la-experiencia-de-fonoaudiologia-udd\/","url":"https:\/\/medicina.udd.cl\/fonoaudiologia-santiago\/noticias\/2022\/07\/28\/estudiantes-de-villarrica-viajan-a-santiago-para-vivir-la-experiencia-de-fonoaudiologia-udd\/","name":"Estudiantes de Villarrica viajan a Santiago para vivir la experiencia de Fonoaudiolog\u00eda UDD - Fonoaudiolog\u00eda","isPartOf":{"@id":"https:\/\/medicina.udd.cl\/fonoaudiologia-santiago\/#website"},"primaryImageOfPage":{"@id":"https:\/\/medicina.udd.cl\/fonoaudiologia-santiago\/noticias\/2022\/07\/28\/estudiantes-de-villarrica-viajan-a-santiago-para-vivir-la-experiencia-de-fonoaudiologia-udd\/#primaryimage"},"image":{"@id":"https:\/\/medicina.udd.cl\/fonoaudiologia-santiago\/noticias\/2022\/07\/28\/estudiantes-de-villarrica-viajan-a-santiago-para-vivir-la-experiencia-de-fonoaudiologia-udd\/#primaryimage"},"thumbnailUrl":"https:\/\/medicina.udd.cl\/fonoaudiologia-santiago\/files\/2022\/07\/Fono-visita-estudiantes-de-Villarrica-5.jpg","datePublished":"2022-07-28T17:20:39+00:00","dateModified":"2022-07-28T17:43:50+00:00","author":{"@id":"https:\/\/medicina.udd.cl\/fonoaudiologia-santiago\/#\/schema\/person\/dbc3705bf3a93e8be1ba6de0ef950341"},"breadcrumb":{"@id":"https:\/\/medicina.udd.cl\/fonoaudiologia-santiago\/noticias\/2022\/07\/28\/estudiantes-de-villarrica-viajan-a-santiago-para-vivir-la-experiencia-de-fonoaudiologia-udd\/#breadcrumb"},"inLanguage":"es","potentialAction":[{"@type":"ReadAction","target":["https:\/\/medicina.udd.cl\/fonoaudiologia-santiago\/noticias\/2022\/07\/28\/estudiantes-de-villarrica-viajan-a-santiago-para-vivir-la-experiencia-de-fonoaudiologia-udd\/"]}]},{"@type":"ImageObject","inLanguage":"es","@id":"https:\/\/medicina.udd.cl\/fonoaudiologia-santiago\/noticias\/2022\/07\/28\/estudiantes-de-villarrica-viajan-a-santiago-para-vivir-la-experiencia-de-fonoaudiologia-udd\/#primaryimage","url":"https:\/\/medicina.udd.cl\/fonoaudiologia-santiago\/files\/2022\/07\/Fono-visita-estudiantes-de-Villarrica-5.jpg","contentUrl":"https:\/\/medicina.udd.cl\/fonoaudiologia-santiago\/files\/2022\/07\/Fono-visita-estudiantes-de-Villarrica-5.jpg","width":1024,"height":768},{"@type":"BreadcrumbList","@id":"https:\/\/medicina.udd.cl\/fonoaudiologia-santiago\/noticias\/2022\/07\/28\/estudiantes-de-villarrica-viajan-a-santiago-para-vivir-la-experiencia-de-fonoaudiologia-udd\/#breadcrumb","itemListElement":[{"@type":"ListItem","position":1,"name":"Home","item":"https:\/\/medicina.udd.cl\/fonoaudiologia-santiago\/"},{"@type":"ListItem","position":2,"name":"Estudiantes de Villarrica viajan a Santiago para vivir la experiencia de Fonoaudiolog\u00eda UDD"}]},{"@type":"WebSite","@id":"https:\/\/medicina.udd.cl\/fonoaudiologia-santiago\/#website","url":"https:\/\/medicina.udd.cl\/fonoaudiologia-santiago\/","name":"Fonoaudiolog\u00eda","description":"Facultad de Medicina Cl\u00ednica Alemana Universidad del Desarrollo","inLanguage":"es"},{"@type":"Person","@id":"https:\/\/medicina.udd.cl\/fonoaudiologia-santiago\/#\/schema\/person\/dbc3705bf3a93e8be1ba6de0ef950341","name":"rbraidy","image":{"@type":"ImageObject","inLanguage":"es","@id":"https:\/\/medicina.udd.cl\/fonoaudiologia-santiago\/#\/schema\/person\/image\/","url":"https:\/\/secure.gravatar.com\/avatar\/0f8bc94637401590e45d2ce17eb65c274cb8870a219de6177f3f23e63fd8cdf3?s=96&d=mm&r=g","contentUrl":"https:\/\/secure.gravatar.com\/avatar\/0f8bc94637401590e45d2ce17eb65c274cb8870a219de6177f3f23e63fd8cdf3?s=96&d=mm&r=g","caption":"rbraidy"},"url":"https:\/\/medicina.udd.cl\/fonoaudiologia-santiago\/noticias\/author\/rbraidy\/"}]}},"featured_image_url":"https:\/\/medicina.udd.cl\/fonoaudiologia-santiago\/files\/2022\/07\/Fono-visita-estudiantes-de-Villarrica-5.jpg","_links":{"self":[{"href":"https:\/\/medicina.udd.cl\/fonoaudiologia-santiago\/wp-json\/wp\/v2\/posts\/5704","targetHints":{"allow":["GET"]}}],"collection":[{"href":"https:\/\/medicina.udd.cl\/fonoaudiologia-santiago\/wp-json\/wp\/v2\/posts"}],"about":[{"href":"https:\/\/medicina.udd.cl\/fonoaudiologia-santiago\/wp-json\/wp\/v2\/types\/post"}],"author":[{"embeddable":true,"href":"https:\/\/medicina.udd.cl\/fonoaudiologia-santiago\/wp-json\/wp\/v2\/users\/9192219"}],"replies":[{"embeddable":true,"href":"https:\/\/medicina.udd.cl\/fonoaudiologia-santiago\/wp-json\/wp\/v2\/comments?post=5704"}],"version-history":[{"count":2,"href":"https:\/\/medicina.udd.cl\/fonoaudiologia-santiago\/wp-json\/wp\/v2\/posts\/5704\/revisions"}],"predecessor-version":[{"id":5721,"href":"https:\/\/medicina.udd.cl\/fonoaudiologia-santiago\/wp-json\/wp\/v2\/posts\/5704\/revisions\/5721"}],"wp:featuredmedia":[{"embeddable":true,"href":"https:\/\/medicina.udd.cl\/fonoaudiologia-santiago\/wp-json\/wp\/v2\/media\/5709"}],"wp:attachment":[{"href":"https:\/\/medicina.udd.cl\/fonoaudiologia-santiago\/wp-json\/wp\/v2\/media?parent=5704"}],"wp:term":[{"taxonomy":"category","embeddable":true,"href":"https:\/\/medicina.udd.cl\/fonoaudiologia-santiago\/wp-json\/wp\/v2\/categories?post=5704"},{"taxonomy":"post_tag","embeddable":true,"href":"https:\/\/medicina.udd.cl\/fonoaudiologia-santiago\/wp-json\/wp\/v2\/tags?post=5704"}],"curies":[{"name":"wp","href":"https:\/\/api.w.org\/{rel}","templated":true}]}}