{"id":592,"date":"2011-09-02T12:51:45","date_gmt":"2011-09-02T15:51:45","guid":{"rendered":"http:\/\/medicina.udd.cl\/fonoaudiologia-santiago\/?p=592"},"modified":"2011-09-02T12:53:11","modified_gmt":"2011-09-02T15:53:11","slug":"alumnos-visitan-campo-clinico","status":"publish","type":"post","link":"https:\/\/medicina.udd.cl\/fonoaudiologia-santiago\/noticias\/2011\/09\/02\/alumnos-visitan-campo-clinico\/","title":{"rendered":"Alumnos visitan campo cl\u00ednico"},"content":{"rendered":"<p style=\"text-align: justify;\">Los alumnos de 4\u00ba a\u00f1o de la carrera de\u00a0Fonoaudiolog\u00eda -que actualmente cursan\u00a0la asignatura \u00abIntervenci\u00f3n en Trastornos del Habla\u00bb- fueron a la Cl\u00ednica del Carmen, donde realizaron distintas evaluaciones a pacientes adultos.<\/p>\n<p style=\"text-align: justify;\">El objetivo de la visita fue construir un plan de intervenci\u00f3n y realizar una actividad terap\u00e9utica inicial, por lo que se mostraron muy agradecidos en el campo cl\u00ednico.<\/p>\n<p style=\"text-align: justify;\"><strong>Cl\u00ednica del Carmen<\/strong><\/p>\n<p style=\"text-align: justify;\">La <a href=\"http:\/\/www.clinicadelcarmen.cl\/inicio.html\">Cl\u00ednica del Carmen<\/a> es\u00a0un centro que cuenta con un predio de 4 hect\u00e1reas donde predominan los espacios verdes y una infraestructura con capacidad de\u00a0180 camas preparadas para asistir a los pacientes.<\/p>\n<p style=\"text-align: justify;\">Tambi\u00e9n cuenta\u00a0con talleres terap\u00e9uticos para que los pacientes adquieran\u00a0mejores y m\u00e1s habilidades para desempe\u00f1arse por s\u00ed mismo, sea dentro del medio de internaci\u00f3n, o bien como persona a reinsertarse en la sociedad.<\/p>\n<div id=\"gallery-1\" class=\"carousel slide carousel-gallery\" data-ride=\"false\" data-interval=\"false\"><div class=\"carousel-inner\" role=\"listbox\"><figure class=\"carousel-item active\"><img loading=\"lazy\" decoding=\"async\" width=\"700\" height=\"534\" src=\"https:\/\/medicina.udd.cl\/fonoaudiologia-santiago\/files\/2011\/09\/cl\u00ednica-2.jpg\" class=\"attachment-landscape_952 size-landscape_952\" alt=\"\" srcset=\"https:\/\/medicina.udd.cl\/fonoaudiologia-santiago\/files\/2011\/09\/cl\u00ednica-2.jpg 1000w, https:\/\/medicina.udd.cl\/fonoaudiologia-santiago\/files\/2011\/09\/cl\u00ednica-2-300x229.jpg 300w, https:\/\/medicina.udd.cl\/fonoaudiologia-santiago\/files\/2011\/09\/cl\u00ednica-2-768x586.jpg 768w, https:\/\/medicina.udd.cl\/fonoaudiologia-santiago\/files\/2011\/09\/cl\u00ednica-2-182x140.jpg 182w, https:\/\/medicina.udd.cl\/fonoaudiologia-santiago\/files\/2011\/09\/cl\u00ednica-2-960x732.jpg 960w\" sizes=\"auto, (max-width: 700px) 100vw, 700px\" \/><\/figure><figure class=\"carousel-item\"><img loading=\"lazy\" decoding=\"async\" width=\"712\" height=\"534\" src=\"https:\/\/medicina.udd.cl\/fonoaudiologia-santiago\/files\/2011\/09\/cl\u00ednica-1.jpg\" class=\"attachment-landscape_952 size-landscape_952\" alt=\"\" srcset=\"https:\/\/medicina.udd.cl\/fonoaudiologia-santiago\/files\/2011\/09\/cl\u00ednica-1.jpg 2048w, https:\/\/medicina.udd.cl\/fonoaudiologia-santiago\/files\/2011\/09\/cl\u00ednica-1-300x225.jpg 300w, https:\/\/medicina.udd.cl\/fonoaudiologia-santiago\/files\/2011\/09\/cl\u00ednica-1-768x576.jpg 768w, https:\/\/medicina.udd.cl\/fonoaudiologia-santiago\/files\/2011\/09\/cl\u00ednica-1-1024x768.jpg 1024w, https:\/\/medicina.udd.cl\/fonoaudiologia-santiago\/files\/2011\/09\/cl\u00ednica-1-960x720.jpg 960w\" sizes=\"auto, (max-width: 712px) 100vw, 712px\" \/><\/figure><figure class=\"carousel-item\"><img loading=\"lazy\" decoding=\"async\" width=\"861\" height=\"534\" src=\"https:\/\/medicina.udd.cl\/fonoaudiologia-santiago\/files\/2011\/09\/cl\u00ednica-3.jpg\" class=\"attachment-landscape_952 size-landscape_952\" alt=\"\" srcset=\"https:\/\/medicina.udd.cl\/fonoaudiologia-santiago\/files\/2011\/09\/cl\u00ednica-3.jpg 1000w, https:\/\/medicina.udd.cl\/fonoaudiologia-santiago\/files\/2011\/09\/cl\u00ednica-3-300x186.jpg 300w, https:\/\/medicina.udd.cl\/fonoaudiologia-santiago\/files\/2011\/09\/cl\u00ednica-3-768x476.jpg 768w, https:\/\/medicina.udd.cl\/fonoaudiologia-santiago\/files\/2011\/09\/cl\u00ednica-3-960x595.jpg 960w\" sizes=\"auto, (max-width: 861px) 100vw, 861px\" \/><\/figure><\/div><footer class=\"carousel-footer\"><div class=\"carousel-counter\"><span class=\"carousel-counter-current\"><\/span> \/ <span class=\"carousel-counter-total\"><\/span><\/div><a class=\"carousel-control-prev\" href=\"#gallery-1\" role=\"button\" data-slide=\"prev\"><svg aria-hidden=\"true\" class=\"svg-chevron-left-dims\"><use xlink:href='https:\/\/medicina.udd.cl\/fonoaudiologia-santiago\/wp-content\/themes\/facultades-2018\/assets\/img\/svg\/dist\/main.svg?version=1695853099#chevron-left'><\/use><\/svg><span class=\"sr-only\">Anterior<\/span><\/a><a class=\"carousel-control-next\" href=\"#gallery-1\" role=\"button\" data-slide=\"next\"><svg aria-hidden=\"true\" class=\"svg-chevron-right-dims\"><use xlink:href='https:\/\/medicina.udd.cl\/fonoaudiologia-santiago\/wp-content\/themes\/facultades-2018\/assets\/img\/svg\/dist\/main.svg?version=1695853099#chevron-right'><\/use><\/svg><span class=\"sr-only\">Siguiente<\/span><\/a><\/footer><\/div>\n","protected":false},"excerpt":{"rendered":"<p>Los estudiantes de 4\u00ba a\u00f1o de Fonoaudiolog\u00eda llegaron hasta la comuna de Macul para realizar una intervenci\u00f3n con los pacientes de la Cl\u00ednica del Carmen. <\/p>\n","protected":false},"author":1,"featured_media":0,"comment_status":"open","ping_status":"open","sticky":false,"template":"","format":"standard","meta":{"footnotes":""},"categories":[4],"tags":[],"class_list":["post-592","post","type-post","status-publish","format-standard","hentry","category-noticias"],"yoast_head":"<!-- This site is optimized with the Yoast SEO plugin v26.9 - https:\/\/yoast.com\/product\/yoast-seo-wordpress\/ -->\n<title>Alumnos visitan campo cl\u00ednico - Fonoaudiolog\u00eda<\/title>\n<meta name=\"robots\" content=\"index, follow, max-snippet:-1, max-image-preview:large, max-video-preview:-1\" \/>\n<link rel=\"canonical\" href=\"https:\/\/medicina.udd.cl\/fonoaudiologia-santiago\/noticias\/2011\/09\/02\/alumnos-visitan-campo-clinico\/\" \/>\n<meta property=\"og:locale\" content=\"es_ES\" \/>\n<meta property=\"og:type\" content=\"article\" \/>\n<meta property=\"og:title\" content=\"Alumnos visitan campo cl\u00ednico - Fonoaudiolog\u00eda\" \/>\n<meta property=\"og:description\" content=\"Los estudiantes de 4\u00ba a\u00f1o de Fonoaudiolog\u00eda llegaron hasta la comuna de Macul para realizar una intervenci\u00f3n con los pacientes de la Cl\u00ednica del Carmen.\" \/>\n<meta property=\"og:url\" content=\"https:\/\/medicina.udd.cl\/fonoaudiologia-santiago\/noticias\/2011\/09\/02\/alumnos-visitan-campo-clinico\/\" \/>\n<meta property=\"og:site_name\" content=\"Fonoaudiolog\u00eda\" \/>\n<meta property=\"article:published_time\" content=\"2011-09-02T15:51:45+00:00\" \/>\n<meta property=\"article:modified_time\" content=\"2011-09-02T15:53:11+00:00\" \/>\n<meta property=\"og:image\" content=\"https:\/\/medicina.udd.cl\/fonoaudiologia-santiago\/files\/2011\/09\/cl\u00ednica-3.jpg\" \/>\n<meta name=\"author\" content=\"admin\" \/>\n<meta name=\"twitter:label1\" content=\"Escrito por\" \/>\n\t<meta name=\"twitter:data1\" content=\"admin\" \/>\n\t<meta name=\"twitter:label2\" content=\"Tiempo de lectura\" \/>\n\t<meta name=\"twitter:data2\" content=\"1 minuto\" \/>\n<script type=\"application\/ld+json\" class=\"yoast-schema-graph\">{\"@context\":\"https:\/\/schema.org\",\"@graph\":[{\"@type\":\"Article\",\"@id\":\"https:\/\/medicina.udd.cl\/fonoaudiologia-santiago\/noticias\/2011\/09\/02\/alumnos-visitan-campo-clinico\/#article\",\"isPartOf\":{\"@id\":\"https:\/\/medicina.udd.cl\/fonoaudiologia-santiago\/noticias\/2011\/09\/02\/alumnos-visitan-campo-clinico\/\"},\"author\":{\"name\":\"admin\",\"@id\":\"https:\/\/medicina.udd.cl\/fonoaudiologia-santiago\/#\/schema\/person\/f7abfa784c86da427e89287831f96ab7\"},\"headline\":\"Alumnos visitan campo cl\u00ednico\",\"datePublished\":\"2011-09-02T15:51:45+00:00\",\"dateModified\":\"2011-09-02T15:53:11+00:00\",\"mainEntityOfPage\":{\"@id\":\"https:\/\/medicina.udd.cl\/fonoaudiologia-santiago\/noticias\/2011\/09\/02\/alumnos-visitan-campo-clinico\/\"},\"wordCount\":156,\"commentCount\":0,\"articleSection\":[\"Noticias\"],\"inLanguage\":\"es\",\"potentialAction\":[{\"@type\":\"CommentAction\",\"name\":\"Comment\",\"target\":[\"https:\/\/medicina.udd.cl\/fonoaudiologia-santiago\/noticias\/2011\/09\/02\/alumnos-visitan-campo-clinico\/#respond\"]}]},{\"@type\":\"WebPage\",\"@id\":\"https:\/\/medicina.udd.cl\/fonoaudiologia-santiago\/noticias\/2011\/09\/02\/alumnos-visitan-campo-clinico\/\",\"url\":\"https:\/\/medicina.udd.cl\/fonoaudiologia-santiago\/noticias\/2011\/09\/02\/alumnos-visitan-campo-clinico\/\",\"name\":\"Alumnos visitan campo cl\u00ednico - Fonoaudiolog\u00eda\",\"isPartOf\":{\"@id\":\"https:\/\/medicina.udd.cl\/fonoaudiologia-santiago\/#website\"},\"datePublished\":\"2011-09-02T15:51:45+00:00\",\"dateModified\":\"2011-09-02T15:53:11+00:00\",\"author\":{\"@id\":\"https:\/\/medicina.udd.cl\/fonoaudiologia-santiago\/#\/schema\/person\/f7abfa784c86da427e89287831f96ab7\"},\"breadcrumb\":{\"@id\":\"https:\/\/medicina.udd.cl\/fonoaudiologia-santiago\/noticias\/2011\/09\/02\/alumnos-visitan-campo-clinico\/#breadcrumb\"},\"inLanguage\":\"es\",\"potentialAction\":[{\"@type\":\"ReadAction\",\"target\":[\"https:\/\/medicina.udd.cl\/fonoaudiologia-santiago\/noticias\/2011\/09\/02\/alumnos-visitan-campo-clinico\/\"]}]},{\"@type\":\"BreadcrumbList\",\"@id\":\"https:\/\/medicina.udd.cl\/fonoaudiologia-santiago\/noticias\/2011\/09\/02\/alumnos-visitan-campo-clinico\/#breadcrumb\",\"itemListElement\":[{\"@type\":\"ListItem\",\"position\":1,\"name\":\"Home\",\"item\":\"https:\/\/medicina.udd.cl\/fonoaudiologia-santiago\/\"},{\"@type\":\"ListItem\",\"position\":2,\"name\":\"Alumnos visitan campo cl\u00ednico\"}]},{\"@type\":\"WebSite\",\"@id\":\"https:\/\/medicina.udd.cl\/fonoaudiologia-santiago\/#website\",\"url\":\"https:\/\/medicina.udd.cl\/fonoaudiologia-santiago\/\",\"name\":\"Fonoaudiolog\u00eda\",\"description\":\"Facultad de Medicina Cl\u00ednica Alemana Universidad del Desarrollo\",\"inLanguage\":\"es\"},{\"@type\":\"Person\",\"@id\":\"https:\/\/medicina.udd.cl\/fonoaudiologia-santiago\/#\/schema\/person\/f7abfa784c86da427e89287831f96ab7\",\"name\":\"admin\",\"image\":{\"@type\":\"ImageObject\",\"inLanguage\":\"es\",\"@id\":\"https:\/\/medicina.udd.cl\/fonoaudiologia-santiago\/#\/schema\/person\/image\/\",\"url\":\"https:\/\/secure.gravatar.com\/avatar\/3cb6da298954dfb54457c0910b8c9ca010abd8d87a60f7d701b6ce4254e1c642?s=96&d=mm&r=g\",\"contentUrl\":\"https:\/\/secure.gravatar.com\/avatar\/3cb6da298954dfb54457c0910b8c9ca010abd8d87a60f7d701b6ce4254e1c642?s=96&d=mm&r=g\",\"caption\":\"admin\"},\"url\":\"https:\/\/medicina.udd.cl\/fonoaudiologia-santiago\/noticias\/author\/admin\/\"}]}<\/script>\n<!-- \/ Yoast SEO plugin. -->","yoast_head_json":{"title":"Alumnos visitan campo cl\u00ednico - Fonoaudiolog\u00eda","robots":{"index":"index","follow":"follow","max-snippet":"max-snippet:-1","max-image-preview":"max-image-preview:large","max-video-preview":"max-video-preview:-1"},"canonical":"https:\/\/medicina.udd.cl\/fonoaudiologia-santiago\/noticias\/2011\/09\/02\/alumnos-visitan-campo-clinico\/","og_locale":"es_ES","og_type":"article","og_title":"Alumnos visitan campo cl\u00ednico - Fonoaudiolog\u00eda","og_description":"Los estudiantes de 4\u00ba a\u00f1o de Fonoaudiolog\u00eda llegaron hasta la comuna de Macul para realizar una intervenci\u00f3n con los pacientes de la Cl\u00ednica del Carmen.","og_url":"https:\/\/medicina.udd.cl\/fonoaudiologia-santiago\/noticias\/2011\/09\/02\/alumnos-visitan-campo-clinico\/","og_site_name":"Fonoaudiolog\u00eda","article_published_time":"2011-09-02T15:51:45+00:00","article_modified_time":"2011-09-02T15:53:11+00:00","og_image":[{"url":"https:\/\/medicina.udd.cl\/fonoaudiologia-santiago\/files\/2011\/09\/cl\u00ednica-3.jpg","type":"","width":"","height":""}],"author":"admin","twitter_misc":{"Escrito por":"admin","Tiempo de lectura":"1 minuto"},"schema":{"@context":"https:\/\/schema.org","@graph":[{"@type":"Article","@id":"https:\/\/medicina.udd.cl\/fonoaudiologia-santiago\/noticias\/2011\/09\/02\/alumnos-visitan-campo-clinico\/#article","isPartOf":{"@id":"https:\/\/medicina.udd.cl\/fonoaudiologia-santiago\/noticias\/2011\/09\/02\/alumnos-visitan-campo-clinico\/"},"author":{"name":"admin","@id":"https:\/\/medicina.udd.cl\/fonoaudiologia-santiago\/#\/schema\/person\/f7abfa784c86da427e89287831f96ab7"},"headline":"Alumnos visitan campo cl\u00ednico","datePublished":"2011-09-02T15:51:45+00:00","dateModified":"2011-09-02T15:53:11+00:00","mainEntityOfPage":{"@id":"https:\/\/medicina.udd.cl\/fonoaudiologia-santiago\/noticias\/2011\/09\/02\/alumnos-visitan-campo-clinico\/"},"wordCount":156,"commentCount":0,"articleSection":["Noticias"],"inLanguage":"es","potentialAction":[{"@type":"CommentAction","name":"Comment","target":["https:\/\/medicina.udd.cl\/fonoaudiologia-santiago\/noticias\/2011\/09\/02\/alumnos-visitan-campo-clinico\/#respond"]}]},{"@type":"WebPage","@id":"https:\/\/medicina.udd.cl\/fonoaudiologia-santiago\/noticias\/2011\/09\/02\/alumnos-visitan-campo-clinico\/","url":"https:\/\/medicina.udd.cl\/fonoaudiologia-santiago\/noticias\/2011\/09\/02\/alumnos-visitan-campo-clinico\/","name":"Alumnos visitan campo cl\u00ednico - Fonoaudiolog\u00eda","isPartOf":{"@id":"https:\/\/medicina.udd.cl\/fonoaudiologia-santiago\/#website"},"datePublished":"2011-09-02T15:51:45+00:00","dateModified":"2011-09-02T15:53:11+00:00","author":{"@id":"https:\/\/medicina.udd.cl\/fonoaudiologia-santiago\/#\/schema\/person\/f7abfa784c86da427e89287831f96ab7"},"breadcrumb":{"@id":"https:\/\/medicina.udd.cl\/fonoaudiologia-santiago\/noticias\/2011\/09\/02\/alumnos-visitan-campo-clinico\/#breadcrumb"},"inLanguage":"es","potentialAction":[{"@type":"ReadAction","target":["https:\/\/medicina.udd.cl\/fonoaudiologia-santiago\/noticias\/2011\/09\/02\/alumnos-visitan-campo-clinico\/"]}]},{"@type":"BreadcrumbList","@id":"https:\/\/medicina.udd.cl\/fonoaudiologia-santiago\/noticias\/2011\/09\/02\/alumnos-visitan-campo-clinico\/#breadcrumb","itemListElement":[{"@type":"ListItem","position":1,"name":"Home","item":"https:\/\/medicina.udd.cl\/fonoaudiologia-santiago\/"},{"@type":"ListItem","position":2,"name":"Alumnos visitan campo cl\u00ednico"}]},{"@type":"WebSite","@id":"https:\/\/medicina.udd.cl\/fonoaudiologia-santiago\/#website","url":"https:\/\/medicina.udd.cl\/fonoaudiologia-santiago\/","name":"Fonoaudiolog\u00eda","description":"Facultad de Medicina Cl\u00ednica Alemana Universidad del Desarrollo","inLanguage":"es"},{"@type":"Person","@id":"https:\/\/medicina.udd.cl\/fonoaudiologia-santiago\/#\/schema\/person\/f7abfa784c86da427e89287831f96ab7","name":"admin","image":{"@type":"ImageObject","inLanguage":"es","@id":"https:\/\/medicina.udd.cl\/fonoaudiologia-santiago\/#\/schema\/person\/image\/","url":"https:\/\/secure.gravatar.com\/avatar\/3cb6da298954dfb54457c0910b8c9ca010abd8d87a60f7d701b6ce4254e1c642?s=96&d=mm&r=g","contentUrl":"https:\/\/secure.gravatar.com\/avatar\/3cb6da298954dfb54457c0910b8c9ca010abd8d87a60f7d701b6ce4254e1c642?s=96&d=mm&r=g","caption":"admin"},"url":"https:\/\/medicina.udd.cl\/fonoaudiologia-santiago\/noticias\/author\/admin\/"}]}},"featured_image_url":null,"_links":{"self":[{"href":"https:\/\/medicina.udd.cl\/fonoaudiologia-santiago\/wp-json\/wp\/v2\/posts\/592","targetHints":{"allow":["GET"]}}],"collection":[{"href":"https:\/\/medicina.udd.cl\/fonoaudiologia-santiago\/wp-json\/wp\/v2\/posts"}],"about":[{"href":"https:\/\/medicina.udd.cl\/fonoaudiologia-santiago\/wp-json\/wp\/v2\/types\/post"}],"author":[{"embeddable":true,"href":"https:\/\/medicina.udd.cl\/fonoaudiologia-santiago\/wp-json\/wp\/v2\/users\/1"}],"replies":[{"embeddable":true,"href":"https:\/\/medicina.udd.cl\/fonoaudiologia-santiago\/wp-json\/wp\/v2\/comments?post=592"}],"version-history":[{"count":2,"href":"https:\/\/medicina.udd.cl\/fonoaudiologia-santiago\/wp-json\/wp\/v2\/posts\/592\/revisions"}],"predecessor-version":[{"id":597,"href":"https:\/\/medicina.udd.cl\/fonoaudiologia-santiago\/wp-json\/wp\/v2\/posts\/592\/revisions\/597"}],"wp:attachment":[{"href":"https:\/\/medicina.udd.cl\/fonoaudiologia-santiago\/wp-json\/wp\/v2\/media?parent=592"}],"wp:term":[{"taxonomy":"category","embeddable":true,"href":"https:\/\/medicina.udd.cl\/fonoaudiologia-santiago\/wp-json\/wp\/v2\/categories?post=592"},{"taxonomy":"post_tag","embeddable":true,"href":"https:\/\/medicina.udd.cl\/fonoaudiologia-santiago\/wp-json\/wp\/v2\/tags?post=592"}],"curies":[{"name":"wp","href":"https:\/\/api.w.org\/{rel}","templated":true}]}}