{"id":6130,"date":"2023-08-04T10:06:28","date_gmt":"2023-08-04T14:06:28","guid":{"rendered":"https:\/\/medicina.udd.cl\/fonoaudiologia-santiago\/?p=6130"},"modified":"2023-08-04T10:06:55","modified_gmt":"2023-08-04T14:06:55","slug":"fonoaudiologia-udd-da-inicio-al-curso-saber-vivir-con-parkinson","status":"publish","type":"post","link":"https:\/\/medicina.udd.cl\/fonoaudiologia-santiago\/noticias\/2023\/08\/04\/fonoaudiologia-udd-da-inicio-al-curso-saber-vivir-con-parkinson\/","title":{"rendered":"Fonoaudiolog\u00eda UDD da inicio al curso  \u201cSaber vivir con Parkinson\u201d"},"content":{"rendered":"\n<figure class=\"wp-block-image alignright size-full is-resized\"><a href=\"https:\/\/medicina.udd.cl\/fonoaudiologia-santiago\/files\/2023\/08\/whatsapp-image-2023-08-04-at-10-04-47.jpeg\"><img loading=\"lazy\" decoding=\"async\" src=\"https:\/\/medicina.udd.cl\/fonoaudiologia-santiago\/files\/2023\/08\/whatsapp-image-2023-08-04-at-10-04-47.jpeg\" alt=\"\" class=\"wp-image-6131\" width=\"566\" height=\"424\" srcset=\"https:\/\/medicina.udd.cl\/fonoaudiologia-santiago\/files\/2023\/08\/whatsapp-image-2023-08-04-at-10-04-47.jpeg 1024w, https:\/\/medicina.udd.cl\/fonoaudiologia-santiago\/files\/2023\/08\/whatsapp-image-2023-08-04-at-10-04-47-300x225.jpeg 300w, https:\/\/medicina.udd.cl\/fonoaudiologia-santiago\/files\/2023\/08\/whatsapp-image-2023-08-04-at-10-04-47-768x576.jpeg 768w\" sizes=\"auto, (max-width: 566px) 100vw, 566px\" \/><\/a><\/figure>\n\n\n\n<p>La carrera de Fonoaudiolog\u00eda UDD junto a la Fundaci\u00f3n Profesor Parkinson realizan el curso gratuito \u201cSaber vivir con Parkinson\u201d, destinado a cuidadores de personas con esta enfermedad. El objetivo del curso es entregar herramientas pr\u00e1cticas para un mejor cuidado.<\/p>\n\n\n\n<p>\u00ab<em>Estamos muy felices de poder dar inicio a este tan anhelado curso para \u00abcuidadores\u00bb de personas con Enfermedad de Parkinson. Lo que buscamos es que los familiares y cuidadores tengan una rica instancia de conversaci\u00f3n, aprendizaje en un ambiente de cercan\u00eda y contenci\u00f3n<\/em>\u00ab, explica Ang\u00e9lica L\u00f3pez, directora de la carrera de Fonoaudiolog\u00eda UDD.<\/p>\n\n\n\n<p>El curso se realizar\u00e1 todos los jueves de agosto en un formato lectivo y taller, donde se abordar\u00e1 el cuidado desde un enfoque multidisciplinario con profesionales de Fonoaudiolog\u00eda, Enfermer\u00eda, Kinesiolog\u00eda, Terapia Ocupacional y Psicolog\u00eda.<\/p>\n\n\n\n<p>En Chile, se estima que m\u00e1s de 40.000 personas padecen de Parkinson, enfermedad degenerativa progresiva que puede llevar a la incapacidad total. Es por esto que es fundamental entregar informaci\u00f3n y generar cambios culturales respecto de c\u00f3mo afrontarla y convivir con ella.<\/p>\n\n\n","protected":false},"excerpt":{"rendered":"<p>La carrera de Fonoaudiolog\u00eda UDD junto a la Fundaci\u00f3n Profesor Parkinson realizan el curso gratuito \u201cSaber vivir con Parkinson\u201d, destinado a cuidadores de personas con esta enfermedad. El objetivo del curso es entregar herramientas pr\u00e1cticas para un mejor cuidado. \u00abEstamos muy felices de poder dar inicio a este tan anhelado curso para \u00abcuidadores\u00bb de personas [&hellip;]<\/p>\n","protected":false},"author":9192254,"featured_media":6132,"comment_status":"closed","ping_status":"open","sticky":false,"template":"","format":"standard","meta":{"footnotes":""},"categories":[4],"tags":[11075],"class_list":["post-6130","post","type-post","status-publish","format-standard","has-post-thumbnail","hentry","category-noticias","tag-vinculacion-con-el-medio"],"yoast_head":"<!-- This site is optimized with the Yoast SEO plugin v26.9 - https:\/\/yoast.com\/product\/yoast-seo-wordpress\/ -->\n<title>Fonoaudiolog\u00eda UDD da inicio al curso \u201cSaber vivir con Parkinson\u201d - Fonoaudiolog\u00eda<\/title>\n<meta name=\"robots\" content=\"index, follow, max-snippet:-1, max-image-preview:large, max-video-preview:-1\" \/>\n<link rel=\"canonical\" href=\"https:\/\/medicina.udd.cl\/fonoaudiologia-santiago\/noticias\/2023\/08\/04\/fonoaudiologia-udd-da-inicio-al-curso-saber-vivir-con-parkinson\/\" \/>\n<meta property=\"og:locale\" content=\"es_ES\" \/>\n<meta property=\"og:type\" content=\"article\" \/>\n<meta property=\"og:title\" content=\"Fonoaudiolog\u00eda UDD da inicio al curso \u201cSaber vivir con Parkinson\u201d - Fonoaudiolog\u00eda\" \/>\n<meta property=\"og:description\" content=\"La carrera de Fonoaudiolog\u00eda UDD junto a la Fundaci\u00f3n Profesor Parkinson realizan el curso gratuito \u201cSaber vivir con Parkinson\u201d, destinado a cuidadores de personas con esta enfermedad. El objetivo del curso es entregar herramientas pr\u00e1cticas para un mejor cuidado. \u00abEstamos muy felices de poder dar inicio a este tan anhelado curso para \u00abcuidadores\u00bb de personas [&hellip;]\" \/>\n<meta property=\"og:url\" content=\"https:\/\/medicina.udd.cl\/fonoaudiologia-santiago\/noticias\/2023\/08\/04\/fonoaudiologia-udd-da-inicio-al-curso-saber-vivir-con-parkinson\/\" \/>\n<meta property=\"og:site_name\" content=\"Fonoaudiolog\u00eda\" \/>\n<meta property=\"article:published_time\" content=\"2023-08-04T14:06:28+00:00\" \/>\n<meta property=\"article:modified_time\" content=\"2023-08-04T14:06:55+00:00\" \/>\n<meta property=\"og:image\" content=\"https:\/\/medicina.udd.cl\/fonoaudiologia-santiago\/files\/2023\/08\/whatsapp-image-2023-08-04-at-10-04-46.jpeg\" \/>\n\t<meta property=\"og:image:width\" content=\"768\" \/>\n\t<meta property=\"og:image:height\" content=\"1024\" \/>\n\t<meta property=\"og:image:type\" content=\"image\/jpeg\" \/>\n<meta name=\"author\" content=\"magdalenaestay\" \/>\n<meta name=\"twitter:label1\" content=\"Escrito por\" \/>\n\t<meta name=\"twitter:data1\" content=\"magdalenaestay\" \/>\n\t<meta name=\"twitter:label2\" content=\"Tiempo de lectura\" \/>\n\t<meta name=\"twitter:data2\" content=\"2 minutos\" \/>\n<script type=\"application\/ld+json\" class=\"yoast-schema-graph\">{\"@context\":\"https:\/\/schema.org\",\"@graph\":[{\"@type\":\"Article\",\"@id\":\"https:\/\/medicina.udd.cl\/fonoaudiologia-santiago\/noticias\/2023\/08\/04\/fonoaudiologia-udd-da-inicio-al-curso-saber-vivir-con-parkinson\/#article\",\"isPartOf\":{\"@id\":\"https:\/\/medicina.udd.cl\/fonoaudiologia-santiago\/noticias\/2023\/08\/04\/fonoaudiologia-udd-da-inicio-al-curso-saber-vivir-con-parkinson\/\"},\"author\":{\"name\":\"magdalenaestay\",\"@id\":\"https:\/\/medicina.udd.cl\/fonoaudiologia-santiago\/#\/schema\/person\/ed6f79d59c0f820f128a5bb9801ef1f2\"},\"headline\":\"Fonoaudiolog\u00eda UDD da inicio al curso \u201cSaber vivir con Parkinson\u201d\",\"datePublished\":\"2023-08-04T14:06:28+00:00\",\"dateModified\":\"2023-08-04T14:06:55+00:00\",\"mainEntityOfPage\":{\"@id\":\"https:\/\/medicina.udd.cl\/fonoaudiologia-santiago\/noticias\/2023\/08\/04\/fonoaudiologia-udd-da-inicio-al-curso-saber-vivir-con-parkinson\/\"},\"wordCount\":194,\"image\":{\"@id\":\"https:\/\/medicina.udd.cl\/fonoaudiologia-santiago\/noticias\/2023\/08\/04\/fonoaudiologia-udd-da-inicio-al-curso-saber-vivir-con-parkinson\/#primaryimage\"},\"thumbnailUrl\":\"https:\/\/medicina.udd.cl\/fonoaudiologia-santiago\/files\/2023\/08\/whatsapp-image-2023-08-04-at-10-04-46.jpeg\",\"keywords\":[\"Vinculaci\u00f3n con el medio\"],\"articleSection\":[\"Noticias\"],\"inLanguage\":\"es\"},{\"@type\":\"WebPage\",\"@id\":\"https:\/\/medicina.udd.cl\/fonoaudiologia-santiago\/noticias\/2023\/08\/04\/fonoaudiologia-udd-da-inicio-al-curso-saber-vivir-con-parkinson\/\",\"url\":\"https:\/\/medicina.udd.cl\/fonoaudiologia-santiago\/noticias\/2023\/08\/04\/fonoaudiologia-udd-da-inicio-al-curso-saber-vivir-con-parkinson\/\",\"name\":\"Fonoaudiolog\u00eda UDD da inicio al curso \u201cSaber vivir con Parkinson\u201d - Fonoaudiolog\u00eda\",\"isPartOf\":{\"@id\":\"https:\/\/medicina.udd.cl\/fonoaudiologia-santiago\/#website\"},\"primaryImageOfPage\":{\"@id\":\"https:\/\/medicina.udd.cl\/fonoaudiologia-santiago\/noticias\/2023\/08\/04\/fonoaudiologia-udd-da-inicio-al-curso-saber-vivir-con-parkinson\/#primaryimage\"},\"image\":{\"@id\":\"https:\/\/medicina.udd.cl\/fonoaudiologia-santiago\/noticias\/2023\/08\/04\/fonoaudiologia-udd-da-inicio-al-curso-saber-vivir-con-parkinson\/#primaryimage\"},\"thumbnailUrl\":\"https:\/\/medicina.udd.cl\/fonoaudiologia-santiago\/files\/2023\/08\/whatsapp-image-2023-08-04-at-10-04-46.jpeg\",\"datePublished\":\"2023-08-04T14:06:28+00:00\",\"dateModified\":\"2023-08-04T14:06:55+00:00\",\"author\":{\"@id\":\"https:\/\/medicina.udd.cl\/fonoaudiologia-santiago\/#\/schema\/person\/ed6f79d59c0f820f128a5bb9801ef1f2\"},\"breadcrumb\":{\"@id\":\"https:\/\/medicina.udd.cl\/fonoaudiologia-santiago\/noticias\/2023\/08\/04\/fonoaudiologia-udd-da-inicio-al-curso-saber-vivir-con-parkinson\/#breadcrumb\"},\"inLanguage\":\"es\",\"potentialAction\":[{\"@type\":\"ReadAction\",\"target\":[\"https:\/\/medicina.udd.cl\/fonoaudiologia-santiago\/noticias\/2023\/08\/04\/fonoaudiologia-udd-da-inicio-al-curso-saber-vivir-con-parkinson\/\"]}]},{\"@type\":\"ImageObject\",\"inLanguage\":\"es\",\"@id\":\"https:\/\/medicina.udd.cl\/fonoaudiologia-santiago\/noticias\/2023\/08\/04\/fonoaudiologia-udd-da-inicio-al-curso-saber-vivir-con-parkinson\/#primaryimage\",\"url\":\"https:\/\/medicina.udd.cl\/fonoaudiologia-santiago\/files\/2023\/08\/whatsapp-image-2023-08-04-at-10-04-46.jpeg\",\"contentUrl\":\"https:\/\/medicina.udd.cl\/fonoaudiologia-santiago\/files\/2023\/08\/whatsapp-image-2023-08-04-at-10-04-46.jpeg\",\"width\":768,\"height\":1024},{\"@type\":\"BreadcrumbList\",\"@id\":\"https:\/\/medicina.udd.cl\/fonoaudiologia-santiago\/noticias\/2023\/08\/04\/fonoaudiologia-udd-da-inicio-al-curso-saber-vivir-con-parkinson\/#breadcrumb\",\"itemListElement\":[{\"@type\":\"ListItem\",\"position\":1,\"name\":\"Home\",\"item\":\"https:\/\/medicina.udd.cl\/fonoaudiologia-santiago\/\"},{\"@type\":\"ListItem\",\"position\":2,\"name\":\"Fonoaudiolog\u00eda UDD da inicio al curso \u201cSaber vivir con Parkinson\u201d\"}]},{\"@type\":\"WebSite\",\"@id\":\"https:\/\/medicina.udd.cl\/fonoaudiologia-santiago\/#website\",\"url\":\"https:\/\/medicina.udd.cl\/fonoaudiologia-santiago\/\",\"name\":\"Fonoaudiolog\u00eda\",\"description\":\"Facultad de Medicina Cl\u00ednica Alemana Universidad del Desarrollo\",\"inLanguage\":\"es\"},{\"@type\":\"Person\",\"@id\":\"https:\/\/medicina.udd.cl\/fonoaudiologia-santiago\/#\/schema\/person\/ed6f79d59c0f820f128a5bb9801ef1f2\",\"name\":\"magdalenaestay\",\"image\":{\"@type\":\"ImageObject\",\"inLanguage\":\"es\",\"@id\":\"https:\/\/medicina.udd.cl\/fonoaudiologia-santiago\/#\/schema\/person\/image\/\",\"url\":\"https:\/\/secure.gravatar.com\/avatar\/b068ccaa115501438dab22979d0ff56e6306c4f89777269db483369ec65d8dc1?s=96&d=mm&r=g\",\"contentUrl\":\"https:\/\/secure.gravatar.com\/avatar\/b068ccaa115501438dab22979d0ff56e6306c4f89777269db483369ec65d8dc1?s=96&d=mm&r=g\",\"caption\":\"magdalenaestay\"},\"url\":\"https:\/\/medicina.udd.cl\/fonoaudiologia-santiago\/noticias\/author\/magdalenaestay\/\"}]}<\/script>\n<!-- \/ Yoast SEO plugin. -->","yoast_head_json":{"title":"Fonoaudiolog\u00eda UDD da inicio al curso \u201cSaber vivir con Parkinson\u201d - Fonoaudiolog\u00eda","robots":{"index":"index","follow":"follow","max-snippet":"max-snippet:-1","max-image-preview":"max-image-preview:large","max-video-preview":"max-video-preview:-1"},"canonical":"https:\/\/medicina.udd.cl\/fonoaudiologia-santiago\/noticias\/2023\/08\/04\/fonoaudiologia-udd-da-inicio-al-curso-saber-vivir-con-parkinson\/","og_locale":"es_ES","og_type":"article","og_title":"Fonoaudiolog\u00eda UDD da inicio al curso \u201cSaber vivir con Parkinson\u201d - Fonoaudiolog\u00eda","og_description":"La carrera de Fonoaudiolog\u00eda UDD junto a la Fundaci\u00f3n Profesor Parkinson realizan el curso gratuito \u201cSaber vivir con Parkinson\u201d, destinado a cuidadores de personas con esta enfermedad. El objetivo del curso es entregar herramientas pr\u00e1cticas para un mejor cuidado. \u00abEstamos muy felices de poder dar inicio a este tan anhelado curso para \u00abcuidadores\u00bb de personas [&hellip;]","og_url":"https:\/\/medicina.udd.cl\/fonoaudiologia-santiago\/noticias\/2023\/08\/04\/fonoaudiologia-udd-da-inicio-al-curso-saber-vivir-con-parkinson\/","og_site_name":"Fonoaudiolog\u00eda","article_published_time":"2023-08-04T14:06:28+00:00","article_modified_time":"2023-08-04T14:06:55+00:00","og_image":[{"width":768,"height":1024,"url":"https:\/\/medicina.udd.cl\/fonoaudiologia-santiago\/files\/2023\/08\/whatsapp-image-2023-08-04-at-10-04-46.jpeg","type":"image\/jpeg"}],"author":"magdalenaestay","twitter_misc":{"Escrito por":"magdalenaestay","Tiempo de lectura":"2 minutos"},"schema":{"@context":"https:\/\/schema.org","@graph":[{"@type":"Article","@id":"https:\/\/medicina.udd.cl\/fonoaudiologia-santiago\/noticias\/2023\/08\/04\/fonoaudiologia-udd-da-inicio-al-curso-saber-vivir-con-parkinson\/#article","isPartOf":{"@id":"https:\/\/medicina.udd.cl\/fonoaudiologia-santiago\/noticias\/2023\/08\/04\/fonoaudiologia-udd-da-inicio-al-curso-saber-vivir-con-parkinson\/"},"author":{"name":"magdalenaestay","@id":"https:\/\/medicina.udd.cl\/fonoaudiologia-santiago\/#\/schema\/person\/ed6f79d59c0f820f128a5bb9801ef1f2"},"headline":"Fonoaudiolog\u00eda UDD da inicio al curso \u201cSaber vivir con Parkinson\u201d","datePublished":"2023-08-04T14:06:28+00:00","dateModified":"2023-08-04T14:06:55+00:00","mainEntityOfPage":{"@id":"https:\/\/medicina.udd.cl\/fonoaudiologia-santiago\/noticias\/2023\/08\/04\/fonoaudiologia-udd-da-inicio-al-curso-saber-vivir-con-parkinson\/"},"wordCount":194,"image":{"@id":"https:\/\/medicina.udd.cl\/fonoaudiologia-santiago\/noticias\/2023\/08\/04\/fonoaudiologia-udd-da-inicio-al-curso-saber-vivir-con-parkinson\/#primaryimage"},"thumbnailUrl":"https:\/\/medicina.udd.cl\/fonoaudiologia-santiago\/files\/2023\/08\/whatsapp-image-2023-08-04-at-10-04-46.jpeg","keywords":["Vinculaci\u00f3n con el medio"],"articleSection":["Noticias"],"inLanguage":"es"},{"@type":"WebPage","@id":"https:\/\/medicina.udd.cl\/fonoaudiologia-santiago\/noticias\/2023\/08\/04\/fonoaudiologia-udd-da-inicio-al-curso-saber-vivir-con-parkinson\/","url":"https:\/\/medicina.udd.cl\/fonoaudiologia-santiago\/noticias\/2023\/08\/04\/fonoaudiologia-udd-da-inicio-al-curso-saber-vivir-con-parkinson\/","name":"Fonoaudiolog\u00eda UDD da inicio al curso \u201cSaber vivir con Parkinson\u201d - Fonoaudiolog\u00eda","isPartOf":{"@id":"https:\/\/medicina.udd.cl\/fonoaudiologia-santiago\/#website"},"primaryImageOfPage":{"@id":"https:\/\/medicina.udd.cl\/fonoaudiologia-santiago\/noticias\/2023\/08\/04\/fonoaudiologia-udd-da-inicio-al-curso-saber-vivir-con-parkinson\/#primaryimage"},"image":{"@id":"https:\/\/medicina.udd.cl\/fonoaudiologia-santiago\/noticias\/2023\/08\/04\/fonoaudiologia-udd-da-inicio-al-curso-saber-vivir-con-parkinson\/#primaryimage"},"thumbnailUrl":"https:\/\/medicina.udd.cl\/fonoaudiologia-santiago\/files\/2023\/08\/whatsapp-image-2023-08-04-at-10-04-46.jpeg","datePublished":"2023-08-04T14:06:28+00:00","dateModified":"2023-08-04T14:06:55+00:00","author":{"@id":"https:\/\/medicina.udd.cl\/fonoaudiologia-santiago\/#\/schema\/person\/ed6f79d59c0f820f128a5bb9801ef1f2"},"breadcrumb":{"@id":"https:\/\/medicina.udd.cl\/fonoaudiologia-santiago\/noticias\/2023\/08\/04\/fonoaudiologia-udd-da-inicio-al-curso-saber-vivir-con-parkinson\/#breadcrumb"},"inLanguage":"es","potentialAction":[{"@type":"ReadAction","target":["https:\/\/medicina.udd.cl\/fonoaudiologia-santiago\/noticias\/2023\/08\/04\/fonoaudiologia-udd-da-inicio-al-curso-saber-vivir-con-parkinson\/"]}]},{"@type":"ImageObject","inLanguage":"es","@id":"https:\/\/medicina.udd.cl\/fonoaudiologia-santiago\/noticias\/2023\/08\/04\/fonoaudiologia-udd-da-inicio-al-curso-saber-vivir-con-parkinson\/#primaryimage","url":"https:\/\/medicina.udd.cl\/fonoaudiologia-santiago\/files\/2023\/08\/whatsapp-image-2023-08-04-at-10-04-46.jpeg","contentUrl":"https:\/\/medicina.udd.cl\/fonoaudiologia-santiago\/files\/2023\/08\/whatsapp-image-2023-08-04-at-10-04-46.jpeg","width":768,"height":1024},{"@type":"BreadcrumbList","@id":"https:\/\/medicina.udd.cl\/fonoaudiologia-santiago\/noticias\/2023\/08\/04\/fonoaudiologia-udd-da-inicio-al-curso-saber-vivir-con-parkinson\/#breadcrumb","itemListElement":[{"@type":"ListItem","position":1,"name":"Home","item":"https:\/\/medicina.udd.cl\/fonoaudiologia-santiago\/"},{"@type":"ListItem","position":2,"name":"Fonoaudiolog\u00eda UDD da inicio al curso \u201cSaber vivir con Parkinson\u201d"}]},{"@type":"WebSite","@id":"https:\/\/medicina.udd.cl\/fonoaudiologia-santiago\/#website","url":"https:\/\/medicina.udd.cl\/fonoaudiologia-santiago\/","name":"Fonoaudiolog\u00eda","description":"Facultad de Medicina Cl\u00ednica Alemana Universidad del Desarrollo","inLanguage":"es"},{"@type":"Person","@id":"https:\/\/medicina.udd.cl\/fonoaudiologia-santiago\/#\/schema\/person\/ed6f79d59c0f820f128a5bb9801ef1f2","name":"magdalenaestay","image":{"@type":"ImageObject","inLanguage":"es","@id":"https:\/\/medicina.udd.cl\/fonoaudiologia-santiago\/#\/schema\/person\/image\/","url":"https:\/\/secure.gravatar.com\/avatar\/b068ccaa115501438dab22979d0ff56e6306c4f89777269db483369ec65d8dc1?s=96&d=mm&r=g","contentUrl":"https:\/\/secure.gravatar.com\/avatar\/b068ccaa115501438dab22979d0ff56e6306c4f89777269db483369ec65d8dc1?s=96&d=mm&r=g","caption":"magdalenaestay"},"url":"https:\/\/medicina.udd.cl\/fonoaudiologia-santiago\/noticias\/author\/magdalenaestay\/"}]}},"featured_image_url":"https:\/\/medicina.udd.cl\/fonoaudiologia-santiago\/files\/2023\/08\/whatsapp-image-2023-08-04-at-10-04-46.jpeg","_links":{"self":[{"href":"https:\/\/medicina.udd.cl\/fonoaudiologia-santiago\/wp-json\/wp\/v2\/posts\/6130","targetHints":{"allow":["GET"]}}],"collection":[{"href":"https:\/\/medicina.udd.cl\/fonoaudiologia-santiago\/wp-json\/wp\/v2\/posts"}],"about":[{"href":"https:\/\/medicina.udd.cl\/fonoaudiologia-santiago\/wp-json\/wp\/v2\/types\/post"}],"author":[{"embeddable":true,"href":"https:\/\/medicina.udd.cl\/fonoaudiologia-santiago\/wp-json\/wp\/v2\/users\/9192254"}],"replies":[{"embeddable":true,"href":"https:\/\/medicina.udd.cl\/fonoaudiologia-santiago\/wp-json\/wp\/v2\/comments?post=6130"}],"version-history":[{"count":3,"href":"https:\/\/medicina.udd.cl\/fonoaudiologia-santiago\/wp-json\/wp\/v2\/posts\/6130\/revisions"}],"predecessor-version":[{"id":6135,"href":"https:\/\/medicina.udd.cl\/fonoaudiologia-santiago\/wp-json\/wp\/v2\/posts\/6130\/revisions\/6135"}],"wp:featuredmedia":[{"embeddable":true,"href":"https:\/\/medicina.udd.cl\/fonoaudiologia-santiago\/wp-json\/wp\/v2\/media\/6132"}],"wp:attachment":[{"href":"https:\/\/medicina.udd.cl\/fonoaudiologia-santiago\/wp-json\/wp\/v2\/media?parent=6130"}],"wp:term":[{"taxonomy":"category","embeddable":true,"href":"https:\/\/medicina.udd.cl\/fonoaudiologia-santiago\/wp-json\/wp\/v2\/categories?post=6130"},{"taxonomy":"post_tag","embeddable":true,"href":"https:\/\/medicina.udd.cl\/fonoaudiologia-santiago\/wp-json\/wp\/v2\/tags?post=6130"}],"curies":[{"name":"wp","href":"https:\/\/api.w.org\/{rel}","templated":true}]}}