{"id":6150,"date":"2023-08-16T15:25:45","date_gmt":"2023-08-16T19:25:45","guid":{"rendered":"https:\/\/medicina.udd.cl\/fonoaudiologia-santiago\/?p=6150"},"modified":"2023-08-16T16:24:10","modified_gmt":"2023-08-16T20:24:10","slug":"academica-udd-participo-en-4to-seminario-internacional-de-lactancia-materna","status":"publish","type":"post","link":"https:\/\/medicina.udd.cl\/fonoaudiologia-santiago\/noticias\/2023\/08\/16\/academica-udd-participo-en-4to-seminario-internacional-de-lactancia-materna\/","title":{"rendered":"Acad\u00e9mica UDD particip\u00f3 en 4\u00b0 Seminario Internacional de Lactancia Materna"},"content":{"rendered":"\n<figure class=\"wp-block-gallery has-nested-images columns-default is-cropped wp-block-gallery-1 is-layout-flex wp-block-gallery-is-layout-flex\">\n<figure class=\"wp-block-image size-large\"><a href=\"https:\/\/medicina.udd.cl\/fonoaudiologia-santiago\/files\/2023\/08\/fono-seminario-inter-lactancia-materna-paraguay-1.jpeg\"><img loading=\"lazy\" decoding=\"async\" width=\"1433\" height=\"777\" data-id=\"6151\" src=\"https:\/\/medicina.udd.cl\/fonoaudiologia-santiago\/files\/2023\/08\/fono-seminario-inter-lactancia-materna-paraguay-1.jpeg\" alt=\"\" class=\"wp-image-6151\" srcset=\"https:\/\/medicina.udd.cl\/fonoaudiologia-santiago\/files\/2023\/08\/fono-seminario-inter-lactancia-materna-paraguay-1.jpeg 1433w, https:\/\/medicina.udd.cl\/fonoaudiologia-santiago\/files\/2023\/08\/fono-seminario-inter-lactancia-materna-paraguay-1-300x163.jpeg 300w, https:\/\/medicina.udd.cl\/fonoaudiologia-santiago\/files\/2023\/08\/fono-seminario-inter-lactancia-materna-paraguay-1-1024x555.jpeg 1024w, https:\/\/medicina.udd.cl\/fonoaudiologia-santiago\/files\/2023\/08\/fono-seminario-inter-lactancia-materna-paraguay-1-768x416.jpeg 768w\" sizes=\"auto, (max-width: 1433px) 100vw, 1433px\" \/><\/a><\/figure>\n\n\n\n<figure class=\"wp-block-image size-large\"><a href=\"https:\/\/medicina.udd.cl\/fonoaudiologia-santiago\/files\/2023\/08\/fono-seminario-inter-lactancia-materna-paraguay-2.jpeg\"><img loading=\"lazy\" decoding=\"async\" width=\"1440\" height=\"900\" data-id=\"6152\" src=\"https:\/\/medicina.udd.cl\/fonoaudiologia-santiago\/files\/2023\/08\/fono-seminario-inter-lactancia-materna-paraguay-2.jpeg\" alt=\"\" class=\"wp-image-6152\" srcset=\"https:\/\/medicina.udd.cl\/fonoaudiologia-santiago\/files\/2023\/08\/fono-seminario-inter-lactancia-materna-paraguay-2.jpeg 1440w, https:\/\/medicina.udd.cl\/fonoaudiologia-santiago\/files\/2023\/08\/fono-seminario-inter-lactancia-materna-paraguay-2-300x188.jpeg 300w, https:\/\/medicina.udd.cl\/fonoaudiologia-santiago\/files\/2023\/08\/fono-seminario-inter-lactancia-materna-paraguay-2-1024x640.jpeg 1024w, https:\/\/medicina.udd.cl\/fonoaudiologia-santiago\/files\/2023\/08\/fono-seminario-inter-lactancia-materna-paraguay-2-768x480.jpeg 768w\" sizes=\"auto, (max-width: 1440px) 100vw, 1440px\" \/><\/a><\/figure>\n<\/figure>\n\n\n\n<p>Claudia Gillmore, acad\u00e9mica de la carrera de Fonoaudiolog\u00eda de la Facultad de Medicina Cl\u00ednica Alemana de la Universidad del Desarrollo (UDD), particip\u00f3 en la cuarta edici\u00f3n del Seminario Internacional de Lactancia Materna. Este evento, enmarcado en la celebraci\u00f3n de la Semana Mundial de Lactancia Materna, tuvo lugar en Paraguay, congregando a distinguidos expertos internacionales.<\/p>\n\n\n\n<p>Desde el 8 hasta el 11 de agosto, Claudia Gillmore se sumergi\u00f3 en el rico intercambio de conocimientos y perspectivas que caracteriz\u00f3 a este seminario. La tem\u00e1tica central de la ponencia de la acad\u00e9mica fue \u00abAnatom\u00eda y Fisiolog\u00eda del Lactante que Amamanta\u00bb, una exposici\u00f3n que profundiz\u00f3 en los aspectos esenciales de c\u00f3mo el lactante interact\u00faa con el proceso de la lactancia.<\/p>\n\n\n\n<p>Este evento trascendental no solo ofreci\u00f3 una plataforma para el aprendizaje y la interacci\u00f3n entre profesionales de la salud, sino que tambi\u00e9n permiti\u00f3 una comprensi\u00f3n m\u00e1s completa de las diversas realidades que rodean la lactancia materna en diferentes contextos globales. Los participantes tuvieron la oportunidad de acercarse a los conocimientos te\u00f3ricos y actualizar sus enfoques en l\u00ednea con las \u00faltimas tendencias y descubrimientos en este campo.<\/p>\n\n\n\n<p>El seminario fue organizado por el Ministerio de Salud P\u00fablica y Bienestar Social de Paraguay, en colaboraci\u00f3n con el Gobierno de este pa\u00eds. El evento recibi\u00f3 el respaldo de instituciones de renombre como UNICEF y la Sociedad Paraguaya de Pediatr\u00eda. Su enfoque principal radic\u00f3 en fomentar y apoyar la lactancia materna a nivel mundial, todo bajo el lema de este a\u00f1o: <em>\u00abMarcando la Diferencia para las Madres y Padres que Trabajan\u00bb<\/em>.<\/p>\n\n\n\n<p>La participaci\u00f3n de Claudia Gillmore en este seminario destac\u00f3 el compromiso de la Universidad del Desarrollo con la excelencia acad\u00e9mica y el avance de la investigaci\u00f3n en el \u00e1mbito de la salud. Su presencia y aportes resaltaron la importancia de la lactancia materna y su impacto en la salud infantil, al tiempo que contribuy\u00f3 a fortalecer los lazos entre profesionales de distintas partes del mundo que comparten un objetivo com\u00fan: mejorar la salud y el bienestar de los lactantes a trav\u00e9s de la promoci\u00f3n y el apoyo a la lactancia materna.<\/p>\n","protected":false},"excerpt":{"rendered":"<p>Claudia Gillmore, acad\u00e9mica de la carrera de Fonoaudiolog\u00eda de la Facultad de Medicina Cl\u00ednica Alemana de la Universidad del Desarrollo (UDD), particip\u00f3 en la cuarta edici\u00f3n del Seminario Internacional de Lactancia Materna. Este evento, enmarcado en la celebraci\u00f3n de la Semana Mundial de Lactancia Materna, tuvo lugar en Paraguay, congregando a distinguidos expertos internacionales. Desde [&hellip;]<\/p>\n","protected":false},"author":9192219,"featured_media":6152,"comment_status":"closed","ping_status":"open","sticky":false,"template":"","format":"standard","meta":{"footnotes":""},"categories":[4],"tags":[],"class_list":["post-6150","post","type-post","status-publish","format-standard","has-post-thumbnail","hentry","category-noticias"],"yoast_head":"<!-- This site is optimized with the Yoast SEO plugin v26.9 - https:\/\/yoast.com\/product\/yoast-seo-wordpress\/ -->\n<title>Acad\u00e9mica UDD particip\u00f3 en 4\u00b0 Seminario Internacional de Lactancia Materna - Fonoaudiolog\u00eda<\/title>\n<meta name=\"robots\" content=\"index, follow, max-snippet:-1, max-image-preview:large, max-video-preview:-1\" \/>\n<link rel=\"canonical\" href=\"https:\/\/medicina.udd.cl\/fonoaudiologia-santiago\/noticias\/2023\/08\/16\/academica-udd-participo-en-4to-seminario-internacional-de-lactancia-materna\/\" \/>\n<meta property=\"og:locale\" content=\"es_ES\" \/>\n<meta property=\"og:type\" content=\"article\" \/>\n<meta property=\"og:title\" content=\"Acad\u00e9mica UDD particip\u00f3 en 4\u00b0 Seminario Internacional de Lactancia Materna - Fonoaudiolog\u00eda\" \/>\n<meta property=\"og:description\" content=\"Claudia Gillmore, acad\u00e9mica de la carrera de Fonoaudiolog\u00eda de la Facultad de Medicina Cl\u00ednica Alemana de la Universidad del Desarrollo (UDD), particip\u00f3 en la cuarta edici\u00f3n del Seminario Internacional de Lactancia Materna. Este evento, enmarcado en la celebraci\u00f3n de la Semana Mundial de Lactancia Materna, tuvo lugar en Paraguay, congregando a distinguidos expertos internacionales. Desde [&hellip;]\" \/>\n<meta property=\"og:url\" content=\"https:\/\/medicina.udd.cl\/fonoaudiologia-santiago\/noticias\/2023\/08\/16\/academica-udd-participo-en-4to-seminario-internacional-de-lactancia-materna\/\" \/>\n<meta property=\"og:site_name\" content=\"Fonoaudiolog\u00eda\" \/>\n<meta property=\"article:published_time\" content=\"2023-08-16T19:25:45+00:00\" \/>\n<meta property=\"article:modified_time\" content=\"2023-08-16T20:24:10+00:00\" \/>\n<meta property=\"og:image\" content=\"https:\/\/medicina.udd.cl\/fonoaudiologia-santiago\/files\/2023\/08\/fono-seminario-inter-lactancia-materna-paraguay-2.jpeg\" \/>\n\t<meta property=\"og:image:width\" content=\"1440\" \/>\n\t<meta property=\"og:image:height\" content=\"900\" \/>\n\t<meta property=\"og:image:type\" content=\"image\/jpeg\" \/>\n<meta name=\"author\" content=\"rbraidy\" \/>\n<meta name=\"twitter:label1\" content=\"Escrito por\" \/>\n\t<meta name=\"twitter:data1\" content=\"rbraidy\" \/>\n\t<meta name=\"twitter:label2\" content=\"Tiempo de lectura\" \/>\n\t<meta name=\"twitter:data2\" content=\"2 minutos\" \/>\n<script type=\"application\/ld+json\" class=\"yoast-schema-graph\">{\"@context\":\"https:\/\/schema.org\",\"@graph\":[{\"@type\":\"Article\",\"@id\":\"https:\/\/medicina.udd.cl\/fonoaudiologia-santiago\/noticias\/2023\/08\/16\/academica-udd-participo-en-4to-seminario-internacional-de-lactancia-materna\/#article\",\"isPartOf\":{\"@id\":\"https:\/\/medicina.udd.cl\/fonoaudiologia-santiago\/noticias\/2023\/08\/16\/academica-udd-participo-en-4to-seminario-internacional-de-lactancia-materna\/\"},\"author\":{\"name\":\"rbraidy\",\"@id\":\"https:\/\/medicina.udd.cl\/fonoaudiologia-santiago\/#\/schema\/person\/dbc3705bf3a93e8be1ba6de0ef950341\"},\"headline\":\"Acad\u00e9mica UDD particip\u00f3 en 4\u00b0 Seminario Internacional de Lactancia Materna\",\"datePublished\":\"2023-08-16T19:25:45+00:00\",\"dateModified\":\"2023-08-16T20:24:10+00:00\",\"mainEntityOfPage\":{\"@id\":\"https:\/\/medicina.udd.cl\/fonoaudiologia-santiago\/noticias\/2023\/08\/16\/academica-udd-participo-en-4to-seminario-internacional-de-lactancia-materna\/\"},\"wordCount\":380,\"image\":{\"@id\":\"https:\/\/medicina.udd.cl\/fonoaudiologia-santiago\/noticias\/2023\/08\/16\/academica-udd-participo-en-4to-seminario-internacional-de-lactancia-materna\/#primaryimage\"},\"thumbnailUrl\":\"https:\/\/medicina.udd.cl\/fonoaudiologia-santiago\/files\/2023\/08\/fono-seminario-inter-lactancia-materna-paraguay-2.jpeg\",\"articleSection\":[\"Noticias\"],\"inLanguage\":\"es\"},{\"@type\":\"WebPage\",\"@id\":\"https:\/\/medicina.udd.cl\/fonoaudiologia-santiago\/noticias\/2023\/08\/16\/academica-udd-participo-en-4to-seminario-internacional-de-lactancia-materna\/\",\"url\":\"https:\/\/medicina.udd.cl\/fonoaudiologia-santiago\/noticias\/2023\/08\/16\/academica-udd-participo-en-4to-seminario-internacional-de-lactancia-materna\/\",\"name\":\"Acad\u00e9mica UDD particip\u00f3 en 4\u00b0 Seminario Internacional de Lactancia Materna - Fonoaudiolog\u00eda\",\"isPartOf\":{\"@id\":\"https:\/\/medicina.udd.cl\/fonoaudiologia-santiago\/#website\"},\"primaryImageOfPage\":{\"@id\":\"https:\/\/medicina.udd.cl\/fonoaudiologia-santiago\/noticias\/2023\/08\/16\/academica-udd-participo-en-4to-seminario-internacional-de-lactancia-materna\/#primaryimage\"},\"image\":{\"@id\":\"https:\/\/medicina.udd.cl\/fonoaudiologia-santiago\/noticias\/2023\/08\/16\/academica-udd-participo-en-4to-seminario-internacional-de-lactancia-materna\/#primaryimage\"},\"thumbnailUrl\":\"https:\/\/medicina.udd.cl\/fonoaudiologia-santiago\/files\/2023\/08\/fono-seminario-inter-lactancia-materna-paraguay-2.jpeg\",\"datePublished\":\"2023-08-16T19:25:45+00:00\",\"dateModified\":\"2023-08-16T20:24:10+00:00\",\"author\":{\"@id\":\"https:\/\/medicina.udd.cl\/fonoaudiologia-santiago\/#\/schema\/person\/dbc3705bf3a93e8be1ba6de0ef950341\"},\"breadcrumb\":{\"@id\":\"https:\/\/medicina.udd.cl\/fonoaudiologia-santiago\/noticias\/2023\/08\/16\/academica-udd-participo-en-4to-seminario-internacional-de-lactancia-materna\/#breadcrumb\"},\"inLanguage\":\"es\",\"potentialAction\":[{\"@type\":\"ReadAction\",\"target\":[\"https:\/\/medicina.udd.cl\/fonoaudiologia-santiago\/noticias\/2023\/08\/16\/academica-udd-participo-en-4to-seminario-internacional-de-lactancia-materna\/\"]}]},{\"@type\":\"ImageObject\",\"inLanguage\":\"es\",\"@id\":\"https:\/\/medicina.udd.cl\/fonoaudiologia-santiago\/noticias\/2023\/08\/16\/academica-udd-participo-en-4to-seminario-internacional-de-lactancia-materna\/#primaryimage\",\"url\":\"https:\/\/medicina.udd.cl\/fonoaudiologia-santiago\/files\/2023\/08\/fono-seminario-inter-lactancia-materna-paraguay-2.jpeg\",\"contentUrl\":\"https:\/\/medicina.udd.cl\/fonoaudiologia-santiago\/files\/2023\/08\/fono-seminario-inter-lactancia-materna-paraguay-2.jpeg\",\"width\":1440,\"height\":900},{\"@type\":\"BreadcrumbList\",\"@id\":\"https:\/\/medicina.udd.cl\/fonoaudiologia-santiago\/noticias\/2023\/08\/16\/academica-udd-participo-en-4to-seminario-internacional-de-lactancia-materna\/#breadcrumb\",\"itemListElement\":[{\"@type\":\"ListItem\",\"position\":1,\"name\":\"Home\",\"item\":\"https:\/\/medicina.udd.cl\/fonoaudiologia-santiago\/\"},{\"@type\":\"ListItem\",\"position\":2,\"name\":\"Acad\u00e9mica UDD particip\u00f3 en 4\u00b0 Seminario Internacional de Lactancia Materna\"}]},{\"@type\":\"WebSite\",\"@id\":\"https:\/\/medicina.udd.cl\/fonoaudiologia-santiago\/#website\",\"url\":\"https:\/\/medicina.udd.cl\/fonoaudiologia-santiago\/\",\"name\":\"Fonoaudiolog\u00eda\",\"description\":\"Facultad de Medicina Cl\u00ednica Alemana Universidad del Desarrollo\",\"inLanguage\":\"es\"},{\"@type\":\"Person\",\"@id\":\"https:\/\/medicina.udd.cl\/fonoaudiologia-santiago\/#\/schema\/person\/dbc3705bf3a93e8be1ba6de0ef950341\",\"name\":\"rbraidy\",\"image\":{\"@type\":\"ImageObject\",\"inLanguage\":\"es\",\"@id\":\"https:\/\/medicina.udd.cl\/fonoaudiologia-santiago\/#\/schema\/person\/image\/\",\"url\":\"https:\/\/secure.gravatar.com\/avatar\/0f8bc94637401590e45d2ce17eb65c274cb8870a219de6177f3f23e63fd8cdf3?s=96&d=mm&r=g\",\"contentUrl\":\"https:\/\/secure.gravatar.com\/avatar\/0f8bc94637401590e45d2ce17eb65c274cb8870a219de6177f3f23e63fd8cdf3?s=96&d=mm&r=g\",\"caption\":\"rbraidy\"},\"url\":\"https:\/\/medicina.udd.cl\/fonoaudiologia-santiago\/noticias\/author\/rbraidy\/\"}]}<\/script>\n<!-- \/ Yoast SEO plugin. -->","yoast_head_json":{"title":"Acad\u00e9mica UDD particip\u00f3 en 4\u00b0 Seminario Internacional de Lactancia Materna - Fonoaudiolog\u00eda","robots":{"index":"index","follow":"follow","max-snippet":"max-snippet:-1","max-image-preview":"max-image-preview:large","max-video-preview":"max-video-preview:-1"},"canonical":"https:\/\/medicina.udd.cl\/fonoaudiologia-santiago\/noticias\/2023\/08\/16\/academica-udd-participo-en-4to-seminario-internacional-de-lactancia-materna\/","og_locale":"es_ES","og_type":"article","og_title":"Acad\u00e9mica UDD particip\u00f3 en 4\u00b0 Seminario Internacional de Lactancia Materna - Fonoaudiolog\u00eda","og_description":"Claudia Gillmore, acad\u00e9mica de la carrera de Fonoaudiolog\u00eda de la Facultad de Medicina Cl\u00ednica Alemana de la Universidad del Desarrollo (UDD), particip\u00f3 en la cuarta edici\u00f3n del Seminario Internacional de Lactancia Materna. Este evento, enmarcado en la celebraci\u00f3n de la Semana Mundial de Lactancia Materna, tuvo lugar en Paraguay, congregando a distinguidos expertos internacionales. Desde [&hellip;]","og_url":"https:\/\/medicina.udd.cl\/fonoaudiologia-santiago\/noticias\/2023\/08\/16\/academica-udd-participo-en-4to-seminario-internacional-de-lactancia-materna\/","og_site_name":"Fonoaudiolog\u00eda","article_published_time":"2023-08-16T19:25:45+00:00","article_modified_time":"2023-08-16T20:24:10+00:00","og_image":[{"width":1440,"height":900,"url":"https:\/\/medicina.udd.cl\/fonoaudiologia-santiago\/files\/2023\/08\/fono-seminario-inter-lactancia-materna-paraguay-2.jpeg","type":"image\/jpeg"}],"author":"rbraidy","twitter_misc":{"Escrito por":"rbraidy","Tiempo de lectura":"2 minutos"},"schema":{"@context":"https:\/\/schema.org","@graph":[{"@type":"Article","@id":"https:\/\/medicina.udd.cl\/fonoaudiologia-santiago\/noticias\/2023\/08\/16\/academica-udd-participo-en-4to-seminario-internacional-de-lactancia-materna\/#article","isPartOf":{"@id":"https:\/\/medicina.udd.cl\/fonoaudiologia-santiago\/noticias\/2023\/08\/16\/academica-udd-participo-en-4to-seminario-internacional-de-lactancia-materna\/"},"author":{"name":"rbraidy","@id":"https:\/\/medicina.udd.cl\/fonoaudiologia-santiago\/#\/schema\/person\/dbc3705bf3a93e8be1ba6de0ef950341"},"headline":"Acad\u00e9mica UDD particip\u00f3 en 4\u00b0 Seminario Internacional de Lactancia Materna","datePublished":"2023-08-16T19:25:45+00:00","dateModified":"2023-08-16T20:24:10+00:00","mainEntityOfPage":{"@id":"https:\/\/medicina.udd.cl\/fonoaudiologia-santiago\/noticias\/2023\/08\/16\/academica-udd-participo-en-4to-seminario-internacional-de-lactancia-materna\/"},"wordCount":380,"image":{"@id":"https:\/\/medicina.udd.cl\/fonoaudiologia-santiago\/noticias\/2023\/08\/16\/academica-udd-participo-en-4to-seminario-internacional-de-lactancia-materna\/#primaryimage"},"thumbnailUrl":"https:\/\/medicina.udd.cl\/fonoaudiologia-santiago\/files\/2023\/08\/fono-seminario-inter-lactancia-materna-paraguay-2.jpeg","articleSection":["Noticias"],"inLanguage":"es"},{"@type":"WebPage","@id":"https:\/\/medicina.udd.cl\/fonoaudiologia-santiago\/noticias\/2023\/08\/16\/academica-udd-participo-en-4to-seminario-internacional-de-lactancia-materna\/","url":"https:\/\/medicina.udd.cl\/fonoaudiologia-santiago\/noticias\/2023\/08\/16\/academica-udd-participo-en-4to-seminario-internacional-de-lactancia-materna\/","name":"Acad\u00e9mica UDD particip\u00f3 en 4\u00b0 Seminario Internacional de Lactancia Materna - Fonoaudiolog\u00eda","isPartOf":{"@id":"https:\/\/medicina.udd.cl\/fonoaudiologia-santiago\/#website"},"primaryImageOfPage":{"@id":"https:\/\/medicina.udd.cl\/fonoaudiologia-santiago\/noticias\/2023\/08\/16\/academica-udd-participo-en-4to-seminario-internacional-de-lactancia-materna\/#primaryimage"},"image":{"@id":"https:\/\/medicina.udd.cl\/fonoaudiologia-santiago\/noticias\/2023\/08\/16\/academica-udd-participo-en-4to-seminario-internacional-de-lactancia-materna\/#primaryimage"},"thumbnailUrl":"https:\/\/medicina.udd.cl\/fonoaudiologia-santiago\/files\/2023\/08\/fono-seminario-inter-lactancia-materna-paraguay-2.jpeg","datePublished":"2023-08-16T19:25:45+00:00","dateModified":"2023-08-16T20:24:10+00:00","author":{"@id":"https:\/\/medicina.udd.cl\/fonoaudiologia-santiago\/#\/schema\/person\/dbc3705bf3a93e8be1ba6de0ef950341"},"breadcrumb":{"@id":"https:\/\/medicina.udd.cl\/fonoaudiologia-santiago\/noticias\/2023\/08\/16\/academica-udd-participo-en-4to-seminario-internacional-de-lactancia-materna\/#breadcrumb"},"inLanguage":"es","potentialAction":[{"@type":"ReadAction","target":["https:\/\/medicina.udd.cl\/fonoaudiologia-santiago\/noticias\/2023\/08\/16\/academica-udd-participo-en-4to-seminario-internacional-de-lactancia-materna\/"]}]},{"@type":"ImageObject","inLanguage":"es","@id":"https:\/\/medicina.udd.cl\/fonoaudiologia-santiago\/noticias\/2023\/08\/16\/academica-udd-participo-en-4to-seminario-internacional-de-lactancia-materna\/#primaryimage","url":"https:\/\/medicina.udd.cl\/fonoaudiologia-santiago\/files\/2023\/08\/fono-seminario-inter-lactancia-materna-paraguay-2.jpeg","contentUrl":"https:\/\/medicina.udd.cl\/fonoaudiologia-santiago\/files\/2023\/08\/fono-seminario-inter-lactancia-materna-paraguay-2.jpeg","width":1440,"height":900},{"@type":"BreadcrumbList","@id":"https:\/\/medicina.udd.cl\/fonoaudiologia-santiago\/noticias\/2023\/08\/16\/academica-udd-participo-en-4to-seminario-internacional-de-lactancia-materna\/#breadcrumb","itemListElement":[{"@type":"ListItem","position":1,"name":"Home","item":"https:\/\/medicina.udd.cl\/fonoaudiologia-santiago\/"},{"@type":"ListItem","position":2,"name":"Acad\u00e9mica UDD particip\u00f3 en 4\u00b0 Seminario Internacional de Lactancia Materna"}]},{"@type":"WebSite","@id":"https:\/\/medicina.udd.cl\/fonoaudiologia-santiago\/#website","url":"https:\/\/medicina.udd.cl\/fonoaudiologia-santiago\/","name":"Fonoaudiolog\u00eda","description":"Facultad de Medicina Cl\u00ednica Alemana Universidad del Desarrollo","inLanguage":"es"},{"@type":"Person","@id":"https:\/\/medicina.udd.cl\/fonoaudiologia-santiago\/#\/schema\/person\/dbc3705bf3a93e8be1ba6de0ef950341","name":"rbraidy","image":{"@type":"ImageObject","inLanguage":"es","@id":"https:\/\/medicina.udd.cl\/fonoaudiologia-santiago\/#\/schema\/person\/image\/","url":"https:\/\/secure.gravatar.com\/avatar\/0f8bc94637401590e45d2ce17eb65c274cb8870a219de6177f3f23e63fd8cdf3?s=96&d=mm&r=g","contentUrl":"https:\/\/secure.gravatar.com\/avatar\/0f8bc94637401590e45d2ce17eb65c274cb8870a219de6177f3f23e63fd8cdf3?s=96&d=mm&r=g","caption":"rbraidy"},"url":"https:\/\/medicina.udd.cl\/fonoaudiologia-santiago\/noticias\/author\/rbraidy\/"}]}},"featured_image_url":"https:\/\/medicina.udd.cl\/fonoaudiologia-santiago\/files\/2023\/08\/fono-seminario-inter-lactancia-materna-paraguay-2.jpeg","_links":{"self":[{"href":"https:\/\/medicina.udd.cl\/fonoaudiologia-santiago\/wp-json\/wp\/v2\/posts\/6150","targetHints":{"allow":["GET"]}}],"collection":[{"href":"https:\/\/medicina.udd.cl\/fonoaudiologia-santiago\/wp-json\/wp\/v2\/posts"}],"about":[{"href":"https:\/\/medicina.udd.cl\/fonoaudiologia-santiago\/wp-json\/wp\/v2\/types\/post"}],"author":[{"embeddable":true,"href":"https:\/\/medicina.udd.cl\/fonoaudiologia-santiago\/wp-json\/wp\/v2\/users\/9192219"}],"replies":[{"embeddable":true,"href":"https:\/\/medicina.udd.cl\/fonoaudiologia-santiago\/wp-json\/wp\/v2\/comments?post=6150"}],"version-history":[{"count":2,"href":"https:\/\/medicina.udd.cl\/fonoaudiologia-santiago\/wp-json\/wp\/v2\/posts\/6150\/revisions"}],"predecessor-version":[{"id":6154,"href":"https:\/\/medicina.udd.cl\/fonoaudiologia-santiago\/wp-json\/wp\/v2\/posts\/6150\/revisions\/6154"}],"wp:featuredmedia":[{"embeddable":true,"href":"https:\/\/medicina.udd.cl\/fonoaudiologia-santiago\/wp-json\/wp\/v2\/media\/6152"}],"wp:attachment":[{"href":"https:\/\/medicina.udd.cl\/fonoaudiologia-santiago\/wp-json\/wp\/v2\/media?parent=6150"}],"wp:term":[{"taxonomy":"category","embeddable":true,"href":"https:\/\/medicina.udd.cl\/fonoaudiologia-santiago\/wp-json\/wp\/v2\/categories?post=6150"},{"taxonomy":"post_tag","embeddable":true,"href":"https:\/\/medicina.udd.cl\/fonoaudiologia-santiago\/wp-json\/wp\/v2\/tags?post=6150"}],"curies":[{"name":"wp","href":"https:\/\/api.w.org\/{rel}","templated":true}]}}