{"id":6229,"date":"2023-10-12T11:47:00","date_gmt":"2023-10-12T14:47:00","guid":{"rendered":"https:\/\/medicina.udd.cl\/fonoaudiologia-santiago\/?p=6229"},"modified":"2023-10-18T08:49:07","modified_gmt":"2023-10-18T11:49:07","slug":"jornadas-internacionales-de-comunicacion-aumentativa-alternativa-innovacion-y-conciencia","status":"publish","type":"post","link":"https:\/\/medicina.udd.cl\/fonoaudiologia-santiago\/noticias\/2023\/10\/12\/jornadas-internacionales-de-comunicacion-aumentativa-alternativa-innovacion-y-conciencia\/","title":{"rendered":"Jornadas Internacionales de Comunicaci\u00f3n Aumentativa Alternativa: Innovaci\u00f3n y Conciencia"},"content":{"rendered":"\n<figure class=\"wp-block-gallery has-nested-images columns-default is-cropped wp-block-gallery-1 is-layout-flex wp-block-gallery-is-layout-flex\">\n<figure class=\"wp-block-image size-large\"><a href=\"https:\/\/medicina.udd.cl\/fonoaudiologia-santiago\/files\/2023\/10\/captura-de-pantalla-2023-10-17-a-las-12-44-11.png\"><img loading=\"lazy\" decoding=\"async\" width=\"466\" height=\"336\" data-id=\"6237\" src=\"https:\/\/medicina.udd.cl\/fonoaudiologia-santiago\/files\/2023\/10\/captura-de-pantalla-2023-10-17-a-las-12-44-11.png\" alt=\"\" class=\"wp-image-6237\" srcset=\"https:\/\/medicina.udd.cl\/fonoaudiologia-santiago\/files\/2023\/10\/captura-de-pantalla-2023-10-17-a-las-12-44-11.png 466w, https:\/\/medicina.udd.cl\/fonoaudiologia-santiago\/files\/2023\/10\/captura-de-pantalla-2023-10-17-a-las-12-44-11-300x216.png 300w, https:\/\/medicina.udd.cl\/fonoaudiologia-santiago\/files\/2023\/10\/captura-de-pantalla-2023-10-17-a-las-12-44-11-286x205.png 286w, https:\/\/medicina.udd.cl\/fonoaudiologia-santiago\/files\/2023\/10\/captura-de-pantalla-2023-10-17-a-las-12-44-11-87x62.png 87w\" sizes=\"auto, (max-width: 466px) 100vw, 466px\" \/><\/a><\/figure>\n\n\n\n<figure class=\"wp-block-image size-large\"><a href=\"https:\/\/medicina.udd.cl\/fonoaudiologia-santiago\/files\/2023\/10\/captura-de-pantalla-2023-10-06-a-las-16-58-33.png\"><img loading=\"lazy\" decoding=\"async\" width=\"1918\" height=\"1174\" data-id=\"6239\" src=\"https:\/\/medicina.udd.cl\/fonoaudiologia-santiago\/files\/2023\/10\/captura-de-pantalla-2023-10-06-a-las-16-58-33.png\" alt=\"\" class=\"wp-image-6239\" srcset=\"https:\/\/medicina.udd.cl\/fonoaudiologia-santiago\/files\/2023\/10\/captura-de-pantalla-2023-10-06-a-las-16-58-33.png 1918w, https:\/\/medicina.udd.cl\/fonoaudiologia-santiago\/files\/2023\/10\/captura-de-pantalla-2023-10-06-a-las-16-58-33-300x184.png 300w, https:\/\/medicina.udd.cl\/fonoaudiologia-santiago\/files\/2023\/10\/captura-de-pantalla-2023-10-06-a-las-16-58-33-1024x627.png 1024w, https:\/\/medicina.udd.cl\/fonoaudiologia-santiago\/files\/2023\/10\/captura-de-pantalla-2023-10-06-a-las-16-58-33-768x470.png 768w, https:\/\/medicina.udd.cl\/fonoaudiologia-santiago\/files\/2023\/10\/captura-de-pantalla-2023-10-06-a-las-16-58-33-1536x940.png 1536w\" sizes=\"auto, (max-width: 1918px) 100vw, 1918px\" \/><\/a><\/figure>\n\n\n\n<figure class=\"wp-block-image size-large\"><a href=\"https:\/\/medicina.udd.cl\/fonoaudiologia-santiago\/files\/2023\/10\/captura-de-pantalla-2023-10-17-a-las-12-45-41.png\"><img loading=\"lazy\" decoding=\"async\" width=\"1928\" height=\"1208\" data-id=\"6240\" src=\"https:\/\/medicina.udd.cl\/fonoaudiologia-santiago\/files\/2023\/10\/captura-de-pantalla-2023-10-17-a-las-12-45-41.png\" alt=\"\" class=\"wp-image-6240\" srcset=\"https:\/\/medicina.udd.cl\/fonoaudiologia-santiago\/files\/2023\/10\/captura-de-pantalla-2023-10-17-a-las-12-45-41.png 1928w, https:\/\/medicina.udd.cl\/fonoaudiologia-santiago\/files\/2023\/10\/captura-de-pantalla-2023-10-17-a-las-12-45-41-300x188.png 300w, https:\/\/medicina.udd.cl\/fonoaudiologia-santiago\/files\/2023\/10\/captura-de-pantalla-2023-10-17-a-las-12-45-41-1024x642.png 1024w, https:\/\/medicina.udd.cl\/fonoaudiologia-santiago\/files\/2023\/10\/captura-de-pantalla-2023-10-17-a-las-12-45-41-768x481.png 768w, https:\/\/medicina.udd.cl\/fonoaudiologia-santiago\/files\/2023\/10\/captura-de-pantalla-2023-10-17-a-las-12-45-41-1536x962.png 1536w\" sizes=\"auto, (max-width: 1928px) 100vw, 1928px\" \/><\/a><\/figure>\n<\/figure>\n\n\n\n<p>En el marco del Mes de la Concientizaci\u00f3n de la Comunicaci\u00f3n Aumentativa Alternativa (CAA), octubre se visti\u00f3 de colores y entusiasmo con el lema \u00ab\u00bfQu\u00e9 dijiste?\u00bb que invit\u00f3 a personas de todo el mundo a explorar y comprender las diversas herramientas y estrategias utilizadas por aquellos que enfrentan desaf\u00edos comunicativos cotidianos. En este contexto, la carrera de Fonoaudiolog\u00eda de la Facultad de Medicina Cl\u00ednica Alemana Universidad del Desarrollo, llev\u00f3 a cabo las II Jornadas de CAA el pasado 6 de octubre.<\/p>\n\n\n\n<p>El prop\u00f3sito de este evento fue promover la conciencia y compartir informaci\u00f3n crucial sobre la comunicaci\u00f3n aumentativa alternativa, haciendo \u00e9nfasis en la innovaci\u00f3n, la investigaci\u00f3n, la tecnolog\u00eda y la alfabetizaci\u00f3n a trav\u00e9s de sistemas de CAA.<\/p>\n\n\n\n<p>Claudia Marim\u00f3n, directora del Diplomado de CAA UDD y coordinadora de esta jornada, indic\u00f3 que este evento atrajo la atenci\u00f3n tanto a nivel nacional como internacional, con m\u00e1s de 1000 inscritos procedentes de diversos pa\u00edses de habla hispana.&nbsp;<em>\u00abLa gran acogida demuestra un creciente inter\u00e9s y la necesidad de conocer y comprender m\u00e1s sobre la CAA y sus beneficios\u00bb<\/em>, se\u00f1al\u00f3 la acad\u00e9mica UDD.<\/p>\n\n\n\n<p>Entre los expositores internacionales que enriquecieron la jornada, se destacaron\u00a0<strong>Melania Garc\u00eda<\/strong>, maestra de Educaci\u00f3n Especial y Terapeuta Ocupacional, y presidenta de la Asociaci\u00f3n Try It Pediatr\u00eda de Espa\u00f1a;<strong>\u00a0Rita Aceituno<\/strong>, psic\u00f3loga cl\u00ednica y terapeuta del lenguaje, representante de la Fundaci\u00f3n Margarita Tejada para el s\u00edndrome de Down en Guatemala;\u00a0<strong>Isabel Orellana<\/strong>, miembro del equipo de soporte AssistiveWare Guatemala; <strong>Mar\u00eda Soledad Cuesta<\/strong>, fonoaudi\u00f3loga del Centro de Rehabilitaci\u00f3n Amancay, docente de Fonoaudiolog\u00eda y coordinadora del Diplomado en CAA de la UDD. Las acad\u00e9micas contribuyeron con su experiencia en este campo crucial.<\/p>\n\n\n\n<p>Revive las II Jornadas de Comunicaci\u00f3n Aumentativas Alternativas (CAA) y Tecnolog\u00eda, a continuaci\u00f3n:<\/p>\n\n\n\n<figure class=\"wp-block-embed is-type-video is-provider-youtube wp-block-embed-youtube wp-embed-aspect-16-9 wp-has-aspect-ratio\"><div class=\"wp-block-embed__wrapper\">\n<iframe loading=\"lazy\" title=\"Segunda Jornada de Actualizaci\u00f3n en Comunicaci\u00f3n Aumentativa Alternativa\" width=\"500\" height=\"281\" src=\"https:\/\/www.youtube.com\/embed\/H2RodFzxMvw?feature=oembed&#038;rel=0&#038;modestbranding=1&#038;autohide=1&#038;autoplay=0&#038;enablejsapi=1&#038;showinfo=0\" allowautoplay=\"allowautoplay\" frameborder=\"0\" allow=\"accelerometer; autoplay; clipboard-write; encrypted-media; gyroscope; picture-in-picture; web-share\" referrerpolicy=\"strict-origin-when-cross-origin\" allowfullscreen><\/iframe>\n<\/div><\/figure>\n","protected":false},"excerpt":{"rendered":"<p>En el marco del Mes de la Concientizaci\u00f3n de la Comunicaci\u00f3n Aumentativa Alternativa (CAA), octubre se visti\u00f3 de colores y entusiasmo con el lema \u00ab\u00bfQu\u00e9 dijiste?\u00bb que invit\u00f3 a personas de todo el mundo a explorar y comprender las diversas herramientas y estrategias utilizadas por aquellos que enfrentan desaf\u00edos comunicativos cotidianos. En este contexto, la [&hellip;]<\/p>\n","protected":false},"author":9192219,"featured_media":6237,"comment_status":"closed","ping_status":"open","sticky":false,"template":"","format":"standard","meta":{"footnotes":""},"categories":[4],"tags":[],"class_list":["post-6229","post","type-post","status-publish","format-standard","has-post-thumbnail","hentry","category-noticias"],"yoast_head":"<!-- This site is optimized with the Yoast SEO plugin v26.9 - https:\/\/yoast.com\/product\/yoast-seo-wordpress\/ -->\n<title>Jornadas Internacionales de Comunicaci\u00f3n Aumentativa Alternativa: Innovaci\u00f3n y Conciencia - Fonoaudiolog\u00eda<\/title>\n<meta name=\"robots\" content=\"index, follow, max-snippet:-1, max-image-preview:large, max-video-preview:-1\" \/>\n<link rel=\"canonical\" href=\"https:\/\/medicina.udd.cl\/fonoaudiologia-santiago\/noticias\/2023\/10\/12\/jornadas-internacionales-de-comunicacion-aumentativa-alternativa-innovacion-y-conciencia\/\" \/>\n<meta property=\"og:locale\" content=\"es_ES\" \/>\n<meta property=\"og:type\" content=\"article\" \/>\n<meta property=\"og:title\" content=\"Jornadas Internacionales de Comunicaci\u00f3n Aumentativa Alternativa: Innovaci\u00f3n y Conciencia - Fonoaudiolog\u00eda\" \/>\n<meta property=\"og:description\" content=\"En el marco del Mes de la Concientizaci\u00f3n de la Comunicaci\u00f3n Aumentativa Alternativa (CAA), octubre se visti\u00f3 de colores y entusiasmo con el lema \u00ab\u00bfQu\u00e9 dijiste?\u00bb que invit\u00f3 a personas de todo el mundo a explorar y comprender las diversas herramientas y estrategias utilizadas por aquellos que enfrentan desaf\u00edos comunicativos cotidianos. En este contexto, la [&hellip;]\" \/>\n<meta property=\"og:url\" content=\"https:\/\/medicina.udd.cl\/fonoaudiologia-santiago\/noticias\/2023\/10\/12\/jornadas-internacionales-de-comunicacion-aumentativa-alternativa-innovacion-y-conciencia\/\" \/>\n<meta property=\"og:site_name\" content=\"Fonoaudiolog\u00eda\" \/>\n<meta property=\"article:published_time\" content=\"2023-10-12T14:47:00+00:00\" \/>\n<meta property=\"article:modified_time\" content=\"2023-10-18T11:49:07+00:00\" \/>\n<meta property=\"og:image\" content=\"https:\/\/medicina.udd.cl\/fonoaudiologia-santiago\/files\/2023\/10\/captura-de-pantalla-2023-10-17-a-las-12-44-11.png\" \/>\n\t<meta property=\"og:image:width\" content=\"466\" \/>\n\t<meta property=\"og:image:height\" content=\"336\" \/>\n\t<meta property=\"og:image:type\" content=\"image\/png\" \/>\n<meta name=\"author\" content=\"rbraidy\" \/>\n<meta name=\"twitter:label1\" content=\"Escrito por\" \/>\n\t<meta name=\"twitter:data1\" content=\"rbraidy\" \/>\n\t<meta name=\"twitter:label2\" content=\"Tiempo de lectura\" \/>\n\t<meta name=\"twitter:data2\" content=\"2 minutos\" \/>\n<script type=\"application\/ld+json\" class=\"yoast-schema-graph\">{\"@context\":\"https:\/\/schema.org\",\"@graph\":[{\"@type\":\"Article\",\"@id\":\"https:\/\/medicina.udd.cl\/fonoaudiologia-santiago\/noticias\/2023\/10\/12\/jornadas-internacionales-de-comunicacion-aumentativa-alternativa-innovacion-y-conciencia\/#article\",\"isPartOf\":{\"@id\":\"https:\/\/medicina.udd.cl\/fonoaudiologia-santiago\/noticias\/2023\/10\/12\/jornadas-internacionales-de-comunicacion-aumentativa-alternativa-innovacion-y-conciencia\/\"},\"author\":{\"name\":\"rbraidy\",\"@id\":\"https:\/\/medicina.udd.cl\/fonoaudiologia-santiago\/#\/schema\/person\/dbc3705bf3a93e8be1ba6de0ef950341\"},\"headline\":\"Jornadas Internacionales de Comunicaci\u00f3n Aumentativa Alternativa: Innovaci\u00f3n y Conciencia\",\"datePublished\":\"2023-10-12T14:47:00+00:00\",\"dateModified\":\"2023-10-18T11:49:07+00:00\",\"mainEntityOfPage\":{\"@id\":\"https:\/\/medicina.udd.cl\/fonoaudiologia-santiago\/noticias\/2023\/10\/12\/jornadas-internacionales-de-comunicacion-aumentativa-alternativa-innovacion-y-conciencia\/\"},\"wordCount\":339,\"image\":{\"@id\":\"https:\/\/medicina.udd.cl\/fonoaudiologia-santiago\/noticias\/2023\/10\/12\/jornadas-internacionales-de-comunicacion-aumentativa-alternativa-innovacion-y-conciencia\/#primaryimage\"},\"thumbnailUrl\":\"https:\/\/medicina.udd.cl\/fonoaudiologia-santiago\/files\/2023\/10\/captura-de-pantalla-2023-10-17-a-las-12-44-11.png\",\"articleSection\":[\"Noticias\"],\"inLanguage\":\"es\"},{\"@type\":\"WebPage\",\"@id\":\"https:\/\/medicina.udd.cl\/fonoaudiologia-santiago\/noticias\/2023\/10\/12\/jornadas-internacionales-de-comunicacion-aumentativa-alternativa-innovacion-y-conciencia\/\",\"url\":\"https:\/\/medicina.udd.cl\/fonoaudiologia-santiago\/noticias\/2023\/10\/12\/jornadas-internacionales-de-comunicacion-aumentativa-alternativa-innovacion-y-conciencia\/\",\"name\":\"Jornadas Internacionales de Comunicaci\u00f3n Aumentativa Alternativa: Innovaci\u00f3n y Conciencia - Fonoaudiolog\u00eda\",\"isPartOf\":{\"@id\":\"https:\/\/medicina.udd.cl\/fonoaudiologia-santiago\/#website\"},\"primaryImageOfPage\":{\"@id\":\"https:\/\/medicina.udd.cl\/fonoaudiologia-santiago\/noticias\/2023\/10\/12\/jornadas-internacionales-de-comunicacion-aumentativa-alternativa-innovacion-y-conciencia\/#primaryimage\"},\"image\":{\"@id\":\"https:\/\/medicina.udd.cl\/fonoaudiologia-santiago\/noticias\/2023\/10\/12\/jornadas-internacionales-de-comunicacion-aumentativa-alternativa-innovacion-y-conciencia\/#primaryimage\"},\"thumbnailUrl\":\"https:\/\/medicina.udd.cl\/fonoaudiologia-santiago\/files\/2023\/10\/captura-de-pantalla-2023-10-17-a-las-12-44-11.png\",\"datePublished\":\"2023-10-12T14:47:00+00:00\",\"dateModified\":\"2023-10-18T11:49:07+00:00\",\"author\":{\"@id\":\"https:\/\/medicina.udd.cl\/fonoaudiologia-santiago\/#\/schema\/person\/dbc3705bf3a93e8be1ba6de0ef950341\"},\"breadcrumb\":{\"@id\":\"https:\/\/medicina.udd.cl\/fonoaudiologia-santiago\/noticias\/2023\/10\/12\/jornadas-internacionales-de-comunicacion-aumentativa-alternativa-innovacion-y-conciencia\/#breadcrumb\"},\"inLanguage\":\"es\",\"potentialAction\":[{\"@type\":\"ReadAction\",\"target\":[\"https:\/\/medicina.udd.cl\/fonoaudiologia-santiago\/noticias\/2023\/10\/12\/jornadas-internacionales-de-comunicacion-aumentativa-alternativa-innovacion-y-conciencia\/\"]}]},{\"@type\":\"ImageObject\",\"inLanguage\":\"es\",\"@id\":\"https:\/\/medicina.udd.cl\/fonoaudiologia-santiago\/noticias\/2023\/10\/12\/jornadas-internacionales-de-comunicacion-aumentativa-alternativa-innovacion-y-conciencia\/#primaryimage\",\"url\":\"https:\/\/medicina.udd.cl\/fonoaudiologia-santiago\/files\/2023\/10\/captura-de-pantalla-2023-10-17-a-las-12-44-11.png\",\"contentUrl\":\"https:\/\/medicina.udd.cl\/fonoaudiologia-santiago\/files\/2023\/10\/captura-de-pantalla-2023-10-17-a-las-12-44-11.png\",\"width\":466,\"height\":336},{\"@type\":\"BreadcrumbList\",\"@id\":\"https:\/\/medicina.udd.cl\/fonoaudiologia-santiago\/noticias\/2023\/10\/12\/jornadas-internacionales-de-comunicacion-aumentativa-alternativa-innovacion-y-conciencia\/#breadcrumb\",\"itemListElement\":[{\"@type\":\"ListItem\",\"position\":1,\"name\":\"Home\",\"item\":\"https:\/\/medicina.udd.cl\/fonoaudiologia-santiago\/\"},{\"@type\":\"ListItem\",\"position\":2,\"name\":\"Jornadas Internacionales de Comunicaci\u00f3n Aumentativa Alternativa: Innovaci\u00f3n y Conciencia\"}]},{\"@type\":\"WebSite\",\"@id\":\"https:\/\/medicina.udd.cl\/fonoaudiologia-santiago\/#website\",\"url\":\"https:\/\/medicina.udd.cl\/fonoaudiologia-santiago\/\",\"name\":\"Fonoaudiolog\u00eda\",\"description\":\"Facultad de Medicina Cl\u00ednica Alemana Universidad del Desarrollo\",\"inLanguage\":\"es\"},{\"@type\":\"Person\",\"@id\":\"https:\/\/medicina.udd.cl\/fonoaudiologia-santiago\/#\/schema\/person\/dbc3705bf3a93e8be1ba6de0ef950341\",\"name\":\"rbraidy\",\"image\":{\"@type\":\"ImageObject\",\"inLanguage\":\"es\",\"@id\":\"https:\/\/medicina.udd.cl\/fonoaudiologia-santiago\/#\/schema\/person\/image\/\",\"url\":\"https:\/\/secure.gravatar.com\/avatar\/0f8bc94637401590e45d2ce17eb65c274cb8870a219de6177f3f23e63fd8cdf3?s=96&d=mm&r=g\",\"contentUrl\":\"https:\/\/secure.gravatar.com\/avatar\/0f8bc94637401590e45d2ce17eb65c274cb8870a219de6177f3f23e63fd8cdf3?s=96&d=mm&r=g\",\"caption\":\"rbraidy\"},\"url\":\"https:\/\/medicina.udd.cl\/fonoaudiologia-santiago\/noticias\/author\/rbraidy\/\"}]}<\/script>\n<!-- \/ Yoast SEO plugin. -->","yoast_head_json":{"title":"Jornadas Internacionales de Comunicaci\u00f3n Aumentativa Alternativa: Innovaci\u00f3n y Conciencia - Fonoaudiolog\u00eda","robots":{"index":"index","follow":"follow","max-snippet":"max-snippet:-1","max-image-preview":"max-image-preview:large","max-video-preview":"max-video-preview:-1"},"canonical":"https:\/\/medicina.udd.cl\/fonoaudiologia-santiago\/noticias\/2023\/10\/12\/jornadas-internacionales-de-comunicacion-aumentativa-alternativa-innovacion-y-conciencia\/","og_locale":"es_ES","og_type":"article","og_title":"Jornadas Internacionales de Comunicaci\u00f3n Aumentativa Alternativa: Innovaci\u00f3n y Conciencia - Fonoaudiolog\u00eda","og_description":"En el marco del Mes de la Concientizaci\u00f3n de la Comunicaci\u00f3n Aumentativa Alternativa (CAA), octubre se visti\u00f3 de colores y entusiasmo con el lema \u00ab\u00bfQu\u00e9 dijiste?\u00bb que invit\u00f3 a personas de todo el mundo a explorar y comprender las diversas herramientas y estrategias utilizadas por aquellos que enfrentan desaf\u00edos comunicativos cotidianos. En este contexto, la [&hellip;]","og_url":"https:\/\/medicina.udd.cl\/fonoaudiologia-santiago\/noticias\/2023\/10\/12\/jornadas-internacionales-de-comunicacion-aumentativa-alternativa-innovacion-y-conciencia\/","og_site_name":"Fonoaudiolog\u00eda","article_published_time":"2023-10-12T14:47:00+00:00","article_modified_time":"2023-10-18T11:49:07+00:00","og_image":[{"width":466,"height":336,"url":"https:\/\/medicina.udd.cl\/fonoaudiologia-santiago\/files\/2023\/10\/captura-de-pantalla-2023-10-17-a-las-12-44-11.png","type":"image\/png"}],"author":"rbraidy","twitter_misc":{"Escrito por":"rbraidy","Tiempo de lectura":"2 minutos"},"schema":{"@context":"https:\/\/schema.org","@graph":[{"@type":"Article","@id":"https:\/\/medicina.udd.cl\/fonoaudiologia-santiago\/noticias\/2023\/10\/12\/jornadas-internacionales-de-comunicacion-aumentativa-alternativa-innovacion-y-conciencia\/#article","isPartOf":{"@id":"https:\/\/medicina.udd.cl\/fonoaudiologia-santiago\/noticias\/2023\/10\/12\/jornadas-internacionales-de-comunicacion-aumentativa-alternativa-innovacion-y-conciencia\/"},"author":{"name":"rbraidy","@id":"https:\/\/medicina.udd.cl\/fonoaudiologia-santiago\/#\/schema\/person\/dbc3705bf3a93e8be1ba6de0ef950341"},"headline":"Jornadas Internacionales de Comunicaci\u00f3n Aumentativa Alternativa: Innovaci\u00f3n y Conciencia","datePublished":"2023-10-12T14:47:00+00:00","dateModified":"2023-10-18T11:49:07+00:00","mainEntityOfPage":{"@id":"https:\/\/medicina.udd.cl\/fonoaudiologia-santiago\/noticias\/2023\/10\/12\/jornadas-internacionales-de-comunicacion-aumentativa-alternativa-innovacion-y-conciencia\/"},"wordCount":339,"image":{"@id":"https:\/\/medicina.udd.cl\/fonoaudiologia-santiago\/noticias\/2023\/10\/12\/jornadas-internacionales-de-comunicacion-aumentativa-alternativa-innovacion-y-conciencia\/#primaryimage"},"thumbnailUrl":"https:\/\/medicina.udd.cl\/fonoaudiologia-santiago\/files\/2023\/10\/captura-de-pantalla-2023-10-17-a-las-12-44-11.png","articleSection":["Noticias"],"inLanguage":"es"},{"@type":"WebPage","@id":"https:\/\/medicina.udd.cl\/fonoaudiologia-santiago\/noticias\/2023\/10\/12\/jornadas-internacionales-de-comunicacion-aumentativa-alternativa-innovacion-y-conciencia\/","url":"https:\/\/medicina.udd.cl\/fonoaudiologia-santiago\/noticias\/2023\/10\/12\/jornadas-internacionales-de-comunicacion-aumentativa-alternativa-innovacion-y-conciencia\/","name":"Jornadas Internacionales de Comunicaci\u00f3n Aumentativa Alternativa: Innovaci\u00f3n y Conciencia - Fonoaudiolog\u00eda","isPartOf":{"@id":"https:\/\/medicina.udd.cl\/fonoaudiologia-santiago\/#website"},"primaryImageOfPage":{"@id":"https:\/\/medicina.udd.cl\/fonoaudiologia-santiago\/noticias\/2023\/10\/12\/jornadas-internacionales-de-comunicacion-aumentativa-alternativa-innovacion-y-conciencia\/#primaryimage"},"image":{"@id":"https:\/\/medicina.udd.cl\/fonoaudiologia-santiago\/noticias\/2023\/10\/12\/jornadas-internacionales-de-comunicacion-aumentativa-alternativa-innovacion-y-conciencia\/#primaryimage"},"thumbnailUrl":"https:\/\/medicina.udd.cl\/fonoaudiologia-santiago\/files\/2023\/10\/captura-de-pantalla-2023-10-17-a-las-12-44-11.png","datePublished":"2023-10-12T14:47:00+00:00","dateModified":"2023-10-18T11:49:07+00:00","author":{"@id":"https:\/\/medicina.udd.cl\/fonoaudiologia-santiago\/#\/schema\/person\/dbc3705bf3a93e8be1ba6de0ef950341"},"breadcrumb":{"@id":"https:\/\/medicina.udd.cl\/fonoaudiologia-santiago\/noticias\/2023\/10\/12\/jornadas-internacionales-de-comunicacion-aumentativa-alternativa-innovacion-y-conciencia\/#breadcrumb"},"inLanguage":"es","potentialAction":[{"@type":"ReadAction","target":["https:\/\/medicina.udd.cl\/fonoaudiologia-santiago\/noticias\/2023\/10\/12\/jornadas-internacionales-de-comunicacion-aumentativa-alternativa-innovacion-y-conciencia\/"]}]},{"@type":"ImageObject","inLanguage":"es","@id":"https:\/\/medicina.udd.cl\/fonoaudiologia-santiago\/noticias\/2023\/10\/12\/jornadas-internacionales-de-comunicacion-aumentativa-alternativa-innovacion-y-conciencia\/#primaryimage","url":"https:\/\/medicina.udd.cl\/fonoaudiologia-santiago\/files\/2023\/10\/captura-de-pantalla-2023-10-17-a-las-12-44-11.png","contentUrl":"https:\/\/medicina.udd.cl\/fonoaudiologia-santiago\/files\/2023\/10\/captura-de-pantalla-2023-10-17-a-las-12-44-11.png","width":466,"height":336},{"@type":"BreadcrumbList","@id":"https:\/\/medicina.udd.cl\/fonoaudiologia-santiago\/noticias\/2023\/10\/12\/jornadas-internacionales-de-comunicacion-aumentativa-alternativa-innovacion-y-conciencia\/#breadcrumb","itemListElement":[{"@type":"ListItem","position":1,"name":"Home","item":"https:\/\/medicina.udd.cl\/fonoaudiologia-santiago\/"},{"@type":"ListItem","position":2,"name":"Jornadas Internacionales de Comunicaci\u00f3n Aumentativa Alternativa: Innovaci\u00f3n y Conciencia"}]},{"@type":"WebSite","@id":"https:\/\/medicina.udd.cl\/fonoaudiologia-santiago\/#website","url":"https:\/\/medicina.udd.cl\/fonoaudiologia-santiago\/","name":"Fonoaudiolog\u00eda","description":"Facultad de Medicina Cl\u00ednica Alemana Universidad del Desarrollo","inLanguage":"es"},{"@type":"Person","@id":"https:\/\/medicina.udd.cl\/fonoaudiologia-santiago\/#\/schema\/person\/dbc3705bf3a93e8be1ba6de0ef950341","name":"rbraidy","image":{"@type":"ImageObject","inLanguage":"es","@id":"https:\/\/medicina.udd.cl\/fonoaudiologia-santiago\/#\/schema\/person\/image\/","url":"https:\/\/secure.gravatar.com\/avatar\/0f8bc94637401590e45d2ce17eb65c274cb8870a219de6177f3f23e63fd8cdf3?s=96&d=mm&r=g","contentUrl":"https:\/\/secure.gravatar.com\/avatar\/0f8bc94637401590e45d2ce17eb65c274cb8870a219de6177f3f23e63fd8cdf3?s=96&d=mm&r=g","caption":"rbraidy"},"url":"https:\/\/medicina.udd.cl\/fonoaudiologia-santiago\/noticias\/author\/rbraidy\/"}]}},"featured_image_url":"https:\/\/medicina.udd.cl\/fonoaudiologia-santiago\/files\/2023\/10\/captura-de-pantalla-2023-10-17-a-las-12-44-11.png","_links":{"self":[{"href":"https:\/\/medicina.udd.cl\/fonoaudiologia-santiago\/wp-json\/wp\/v2\/posts\/6229","targetHints":{"allow":["GET"]}}],"collection":[{"href":"https:\/\/medicina.udd.cl\/fonoaudiologia-santiago\/wp-json\/wp\/v2\/posts"}],"about":[{"href":"https:\/\/medicina.udd.cl\/fonoaudiologia-santiago\/wp-json\/wp\/v2\/types\/post"}],"author":[{"embeddable":true,"href":"https:\/\/medicina.udd.cl\/fonoaudiologia-santiago\/wp-json\/wp\/v2\/users\/9192219"}],"replies":[{"embeddable":true,"href":"https:\/\/medicina.udd.cl\/fonoaudiologia-santiago\/wp-json\/wp\/v2\/comments?post=6229"}],"version-history":[{"count":8,"href":"https:\/\/medicina.udd.cl\/fonoaudiologia-santiago\/wp-json\/wp\/v2\/posts\/6229\/revisions"}],"predecessor-version":[{"id":6245,"href":"https:\/\/medicina.udd.cl\/fonoaudiologia-santiago\/wp-json\/wp\/v2\/posts\/6229\/revisions\/6245"}],"wp:featuredmedia":[{"embeddable":true,"href":"https:\/\/medicina.udd.cl\/fonoaudiologia-santiago\/wp-json\/wp\/v2\/media\/6237"}],"wp:attachment":[{"href":"https:\/\/medicina.udd.cl\/fonoaudiologia-santiago\/wp-json\/wp\/v2\/media?parent=6229"}],"wp:term":[{"taxonomy":"category","embeddable":true,"href":"https:\/\/medicina.udd.cl\/fonoaudiologia-santiago\/wp-json\/wp\/v2\/categories?post=6229"},{"taxonomy":"post_tag","embeddable":true,"href":"https:\/\/medicina.udd.cl\/fonoaudiologia-santiago\/wp-json\/wp\/v2\/tags?post=6229"}],"curies":[{"name":"wp","href":"https:\/\/api.w.org\/{rel}","templated":true}]}}