{"id":6260,"date":"2023-11-10T12:29:02","date_gmt":"2023-11-10T15:29:02","guid":{"rendered":"https:\/\/medicina.udd.cl\/fonoaudiologia-santiago\/?p=6260"},"modified":"2023-11-24T10:59:02","modified_gmt":"2023-11-24T13:59:02","slug":"alumnas-y-exalumna-de-fonoaudiologia-udd-realizan-pasantia-en-la-universidad-autonoma-de-barcelona-sobre-estrategias-de-gestion-en-salud","status":"publish","type":"post","link":"https:\/\/medicina.udd.cl\/fonoaudiologia-santiago\/noticias\/2023\/11\/10\/alumnas-y-exalumna-de-fonoaudiologia-udd-realizan-pasantia-en-la-universidad-autonoma-de-barcelona-sobre-estrategias-de-gestion-en-salud\/","title":{"rendered":"Alumnas y exalumna de Fonoaudiolog\u00eda UDD  realizan pasant\u00eda en la Universidad Aut\u00f3noma de Barcelona sobre estrategias de gesti\u00f3n en salud"},"content":{"rendered":"\n<figure class=\"wp-block-gallery has-nested-images columns-default is-cropped wp-block-gallery-1 is-layout-flex wp-block-gallery-is-layout-flex\">\n<figure class=\"wp-block-image size-large\"><a href=\"https:\/\/medicina.udd.cl\/fonoaudiologia-santiago\/files\/2023\/11\/fono-alumnas-realizan-pasantia-en-espana-13.jpg\"><img loading=\"lazy\" decoding=\"async\" width=\"960\" height=\"1280\" data-id=\"6275\" src=\"https:\/\/medicina.udd.cl\/fonoaudiologia-santiago\/files\/2023\/11\/fono-alumnas-realizan-pasantia-en-espana-13.jpg\" alt=\"\" class=\"wp-image-6275\" srcset=\"https:\/\/medicina.udd.cl\/fonoaudiologia-santiago\/files\/2023\/11\/fono-alumnas-realizan-pasantia-en-espana-13.jpg 960w, https:\/\/medicina.udd.cl\/fonoaudiologia-santiago\/files\/2023\/11\/fono-alumnas-realizan-pasantia-en-espana-13-225x300.jpg 225w, https:\/\/medicina.udd.cl\/fonoaudiologia-santiago\/files\/2023\/11\/fono-alumnas-realizan-pasantia-en-espana-13-768x1024.jpg 768w\" sizes=\"auto, (max-width: 960px) 100vw, 960px\" \/><\/a><figcaption>Renata Hern\u00e1ndez y Sof\u00eda Achurra<\/figcaption><\/figure>\n\n\n\n<figure class=\"wp-block-image size-large\"><a href=\"https:\/\/medicina.udd.cl\/fonoaudiologia-santiago\/files\/2023\/11\/fono-alumna-pionera-en-realizar-pasantia-en-espana-5.jpg\"><img loading=\"lazy\" decoding=\"async\" width=\"828\" height=\"1352\" data-id=\"6265\" src=\"https:\/\/medicina.udd.cl\/fonoaudiologia-santiago\/files\/2023\/11\/fono-alumna-pionera-en-realizar-pasantia-en-espana-5.jpg\" alt=\"\" class=\"wp-image-6265\" srcset=\"https:\/\/medicina.udd.cl\/fonoaudiologia-santiago\/files\/2023\/11\/fono-alumna-pionera-en-realizar-pasantia-en-espana-5.jpg 828w, https:\/\/medicina.udd.cl\/fonoaudiologia-santiago\/files\/2023\/11\/fono-alumna-pionera-en-realizar-pasantia-en-espana-5-184x300.jpg 184w, https:\/\/medicina.udd.cl\/fonoaudiologia-santiago\/files\/2023\/11\/fono-alumna-pionera-en-realizar-pasantia-en-espana-5-627x1024.jpg 627w, https:\/\/medicina.udd.cl\/fonoaudiologia-santiago\/files\/2023\/11\/fono-alumna-pionera-en-realizar-pasantia-en-espana-5-768x1254.jpg 768w\" sizes=\"auto, (max-width: 828px) 100vw, 828px\" \/><\/a><figcaption>Francisca Miranda<\/figcaption><\/figure>\n<\/figure>\n\n\n\n<p>Francisca Miranda Llanos (estudiante de 5to. a\u00f1o), Renata Hern\u00e1ndez Avalos (estudiante de 4to. a\u00f1o), y Sof\u00eda Achurra Cepeda (exalumna) de la carrera de Fonoaudiolog\u00eda de la Facultad de Medicina Cl\u00ednica Alemana Universidad del Desarrollo, viajaron rumbo a Espa\u00f1a para realizar una pasant\u00eda en la Universidad Aut\u00f3noma de Barcelona (UAB). Este programa se centra en la exploraci\u00f3n de estrategias de gesti\u00f3n en salud p\u00fablica y privada, especialmente en entornos hospitalarios y penitenciarios.<\/p>\n\n\n\n<p>La experiencia que tendr\u00e1n las representantes de Fonoaudiolog\u00eda UDD no solo implica clases te\u00f3ricas, sino tambi\u00e9n visitas a campos cl\u00ednicos, brind\u00e1ndoles una visi\u00f3n integral sobre el funcionamiento de estos entornos en suelo espa\u00f1ol.<\/p>\n\n\n\n<p>Las estudiantes expresaron sentirse emocionadas por vivir esta experiencia y representar a su carrera en este viaje acad\u00e9mico. Las tres ya cuentan con el conocimiento de las pr\u00e1cticas cl\u00ednicas que se realizan en el Hospital Padre Hurtado y en la Cl\u00ednica Alemana de Santiago, donde han vivido de cerca tanto el servicio p\u00fablico como el privado. Esperan con esta experiencia, explorar las diferencias y similitudes entre los sistemas de salud y rehabilitaci\u00f3n en Espa\u00f1a y Chile, particularmente en el \u00e1mbito hospitalario y penitenciario.<\/p>\n\n\n\n<p>Francisca, Renata y Sof\u00eda mostraron su orgullo y agradecieron a la Universidad del Desarrollo y a su carrera por permitirles llevar a cabo esta pasant\u00eda internacional, la que consideran una oportunidad que no solo mejorar\u00e1 su desempe\u00f1o profesional, sino tambi\u00e9n su crecimiento personal.<\/p>\n\n\n\n<p>Cabe destacar que, el programa abarca 50 horas acad\u00e9micas distribuidas en 8 d\u00edas de clases y 2 d\u00edas de visitas pr\u00e1cticas a los principales hospitales de Barcelona, y se llevar\u00e1 a cabo del 13 al 24 de noviembre.<\/p>\n\n\n\n<figure class=\"wp-block-image aligncenter size-large\"><a href=\"https:\/\/medicina.udd.cl\/fonoaudiologia-santiago\/files\/2023\/11\/fono-alumnas-realizan-pasantia-en-espana-15.jpg\"><img loading=\"lazy\" decoding=\"async\" width=\"768\" height=\"1024\" src=\"https:\/\/medicina.udd.cl\/fonoaudiologia-santiago\/files\/2023\/11\/fono-alumnas-realizan-pasantia-en-espana-15-768x1024.jpg\" alt=\"\" class=\"wp-image-6284\" srcset=\"https:\/\/medicina.udd.cl\/fonoaudiologia-santiago\/files\/2023\/11\/fono-alumnas-realizan-pasantia-en-espana-15-768x1024.jpg 768w, https:\/\/medicina.udd.cl\/fonoaudiologia-santiago\/files\/2023\/11\/fono-alumnas-realizan-pasantia-en-espana-15-225x300.jpg 225w, https:\/\/medicina.udd.cl\/fonoaudiologia-santiago\/files\/2023\/11\/fono-alumnas-realizan-pasantia-en-espana-15.jpg 960w\" sizes=\"auto, (max-width: 768px) 100vw, 768px\" \/><\/a><figcaption>Renata, Francisca y Sof\u00eda<\/figcaption><\/figure>\n\n\n\n<figure class=\"wp-block-gallery has-nested-images columns-default is-cropped wp-block-gallery-2 is-layout-flex wp-block-gallery-is-layout-flex\">\n<figure class=\"wp-block-image size-large\"><a href=\"https:\/\/medicina.udd.cl\/fonoaudiologia-santiago\/files\/2023\/11\/fono-alumnas-realizan-pasantia-en-espana-11.jpg\"><img loading=\"lazy\" decoding=\"async\" width=\"1280\" height=\"960\" data-id=\"6274\" src=\"https:\/\/medicina.udd.cl\/fonoaudiologia-santiago\/files\/2023\/11\/fono-alumnas-realizan-pasantia-en-espana-11.jpg\" alt=\"\" class=\"wp-image-6274\" srcset=\"https:\/\/medicina.udd.cl\/fonoaudiologia-santiago\/files\/2023\/11\/fono-alumnas-realizan-pasantia-en-espana-11.jpg 1280w, https:\/\/medicina.udd.cl\/fonoaudiologia-santiago\/files\/2023\/11\/fono-alumnas-realizan-pasantia-en-espana-11-300x225.jpg 300w, https:\/\/medicina.udd.cl\/fonoaudiologia-santiago\/files\/2023\/11\/fono-alumnas-realizan-pasantia-en-espana-11-1024x768.jpg 1024w, https:\/\/medicina.udd.cl\/fonoaudiologia-santiago\/files\/2023\/11\/fono-alumnas-realizan-pasantia-en-espana-11-768x576.jpg 768w\" sizes=\"auto, (max-width: 1280px) 100vw, 1280px\" \/><\/a><\/figure>\n\n\n\n<figure class=\"wp-block-image size-large\"><a href=\"https:\/\/medicina.udd.cl\/fonoaudiologia-santiago\/files\/2023\/11\/fono-alumnas-realizan-pasantia-en-espana-9.jpg\"><img loading=\"lazy\" decoding=\"async\" width=\"1280\" height=\"720\" data-id=\"6273\" src=\"https:\/\/medicina.udd.cl\/fonoaudiologia-santiago\/files\/2023\/11\/fono-alumnas-realizan-pasantia-en-espana-9.jpg\" alt=\"\" class=\"wp-image-6273\" srcset=\"https:\/\/medicina.udd.cl\/fonoaudiologia-santiago\/files\/2023\/11\/fono-alumnas-realizan-pasantia-en-espana-9.jpg 1280w, https:\/\/medicina.udd.cl\/fonoaudiologia-santiago\/files\/2023\/11\/fono-alumnas-realizan-pasantia-en-espana-9-300x169.jpg 300w, https:\/\/medicina.udd.cl\/fonoaudiologia-santiago\/files\/2023\/11\/fono-alumnas-realizan-pasantia-en-espana-9-1024x576.jpg 1024w, https:\/\/medicina.udd.cl\/fonoaudiologia-santiago\/files\/2023\/11\/fono-alumnas-realizan-pasantia-en-espana-9-768x432.jpg 768w, https:\/\/medicina.udd.cl\/fonoaudiologia-santiago\/files\/2023\/11\/fono-alumnas-realizan-pasantia-en-espana-9-680x382.jpg 680w\" sizes=\"auto, (max-width: 1280px) 100vw, 1280px\" \/><\/a><\/figure>\n<\/figure>\n\n\n\n<figure class=\"wp-block-image size-large\"><a href=\"https:\/\/medicina.udd.cl\/fonoaudiologia-santiago\/files\/2023\/11\/enf-curso-de-direccion-estrategica-para-organizaciones-sanitarias-1-scaled.jpeg\"><img loading=\"lazy\" decoding=\"async\" width=\"1024\" height=\"732\" src=\"https:\/\/medicina.udd.cl\/fonoaudiologia-santiago\/files\/2023\/11\/enf-curso-de-direccion-estrategica-para-organizaciones-sanitarias-1-1024x732.jpeg\" alt=\"\" class=\"wp-image-6278\" srcset=\"https:\/\/medicina.udd.cl\/fonoaudiologia-santiago\/files\/2023\/11\/enf-curso-de-direccion-estrategica-para-organizaciones-sanitarias-1-1024x732.jpeg 1024w, https:\/\/medicina.udd.cl\/fonoaudiologia-santiago\/files\/2023\/11\/enf-curso-de-direccion-estrategica-para-organizaciones-sanitarias-1-300x215.jpeg 300w, https:\/\/medicina.udd.cl\/fonoaudiologia-santiago\/files\/2023\/11\/enf-curso-de-direccion-estrategica-para-organizaciones-sanitarias-1-768x549.jpeg 768w, https:\/\/medicina.udd.cl\/fonoaudiologia-santiago\/files\/2023\/11\/enf-curso-de-direccion-estrategica-para-organizaciones-sanitarias-1-286x205.jpeg 286w, https:\/\/medicina.udd.cl\/fonoaudiologia-santiago\/files\/2023\/11\/enf-curso-de-direccion-estrategica-para-organizaciones-sanitarias-1-87x62.jpeg 87w, https:\/\/medicina.udd.cl\/fonoaudiologia-santiago\/files\/2023\/11\/enf-curso-de-direccion-estrategica-para-organizaciones-sanitarias-1-1536x1099.jpeg 1536w, https:\/\/medicina.udd.cl\/fonoaudiologia-santiago\/files\/2023\/11\/enf-curso-de-direccion-estrategica-para-organizaciones-sanitarias-1-2048x1465.jpeg 2048w\" sizes=\"auto, (max-width: 1024px) 100vw, 1024px\" \/><\/a><\/figure>\n","protected":false},"excerpt":{"rendered":"<p>Francisca Miranda Llanos (estudiante de 5to. a\u00f1o), Renata Hern\u00e1ndez Avalos (estudiante de 4to. a\u00f1o), y Sof\u00eda Achurra Cepeda (exalumna) de la carrera de Fonoaudiolog\u00eda de la Facultad de Medicina Cl\u00ednica Alemana Universidad del Desarrollo, viajaron rumbo a Espa\u00f1a para realizar una pasant\u00eda en la Universidad Aut\u00f3noma de Barcelona (UAB). Este programa se centra en la [&hellip;]<\/p>\n","protected":false},"author":9192219,"featured_media":6284,"comment_status":"closed","ping_status":"open","sticky":false,"template":"","format":"standard","meta":{"footnotes":""},"categories":[4],"tags":[],"class_list":["post-6260","post","type-post","status-publish","format-standard","has-post-thumbnail","hentry","category-noticias"],"yoast_head":"<!-- This site is optimized with the Yoast SEO plugin v26.9 - https:\/\/yoast.com\/product\/yoast-seo-wordpress\/ -->\n<title>Alumnas y exalumna de Fonoaudiolog\u00eda UDD realizan pasant\u00eda en la Universidad Aut\u00f3noma de Barcelona sobre estrategias de gesti\u00f3n en salud - Fonoaudiolog\u00eda<\/title>\n<meta name=\"robots\" content=\"index, follow, max-snippet:-1, max-image-preview:large, max-video-preview:-1\" \/>\n<link rel=\"canonical\" href=\"https:\/\/medicina.udd.cl\/fonoaudiologia-santiago\/noticias\/2023\/11\/10\/alumnas-y-exalumna-de-fonoaudiologia-udd-realizan-pasantia-en-la-universidad-autonoma-de-barcelona-sobre-estrategias-de-gestion-en-salud\/\" \/>\n<meta property=\"og:locale\" content=\"es_ES\" \/>\n<meta property=\"og:type\" content=\"article\" \/>\n<meta property=\"og:title\" content=\"Alumnas y exalumna de Fonoaudiolog\u00eda UDD realizan pasant\u00eda en la Universidad Aut\u00f3noma de Barcelona sobre estrategias de gesti\u00f3n en salud - Fonoaudiolog\u00eda\" \/>\n<meta property=\"og:description\" content=\"Francisca Miranda Llanos (estudiante de 5to. a\u00f1o), Renata Hern\u00e1ndez Avalos (estudiante de 4to. a\u00f1o), y Sof\u00eda Achurra Cepeda (exalumna) de la carrera de Fonoaudiolog\u00eda de la Facultad de Medicina Cl\u00ednica Alemana Universidad del Desarrollo, viajaron rumbo a Espa\u00f1a para realizar una pasant\u00eda en la Universidad Aut\u00f3noma de Barcelona (UAB). Este programa se centra en la [&hellip;]\" \/>\n<meta property=\"og:url\" content=\"https:\/\/medicina.udd.cl\/fonoaudiologia-santiago\/noticias\/2023\/11\/10\/alumnas-y-exalumna-de-fonoaudiologia-udd-realizan-pasantia-en-la-universidad-autonoma-de-barcelona-sobre-estrategias-de-gestion-en-salud\/\" \/>\n<meta property=\"og:site_name\" content=\"Fonoaudiolog\u00eda\" \/>\n<meta property=\"article:published_time\" content=\"2023-11-10T15:29:02+00:00\" \/>\n<meta property=\"article:modified_time\" content=\"2023-11-24T13:59:02+00:00\" \/>\n<meta property=\"og:image\" content=\"https:\/\/medicina.udd.cl\/fonoaudiologia-santiago\/files\/2023\/11\/fono-alumnas-realizan-pasantia-en-espana-15.jpg\" \/>\n\t<meta property=\"og:image:width\" content=\"960\" \/>\n\t<meta property=\"og:image:height\" content=\"1280\" \/>\n\t<meta property=\"og:image:type\" content=\"image\/jpeg\" \/>\n<meta name=\"author\" content=\"rbraidy\" \/>\n<meta name=\"twitter:label1\" content=\"Escrito por\" \/>\n\t<meta name=\"twitter:data1\" content=\"rbraidy\" \/>\n\t<meta name=\"twitter:label2\" content=\"Tiempo de lectura\" \/>\n\t<meta name=\"twitter:data2\" content=\"3 minutos\" \/>\n<script type=\"application\/ld+json\" class=\"yoast-schema-graph\">{\"@context\":\"https:\/\/schema.org\",\"@graph\":[{\"@type\":\"Article\",\"@id\":\"https:\/\/medicina.udd.cl\/fonoaudiologia-santiago\/noticias\/2023\/11\/10\/alumnas-y-exalumna-de-fonoaudiologia-udd-realizan-pasantia-en-la-universidad-autonoma-de-barcelona-sobre-estrategias-de-gestion-en-salud\/#article\",\"isPartOf\":{\"@id\":\"https:\/\/medicina.udd.cl\/fonoaudiologia-santiago\/noticias\/2023\/11\/10\/alumnas-y-exalumna-de-fonoaudiologia-udd-realizan-pasantia-en-la-universidad-autonoma-de-barcelona-sobre-estrategias-de-gestion-en-salud\/\"},\"author\":{\"name\":\"rbraidy\",\"@id\":\"https:\/\/medicina.udd.cl\/fonoaudiologia-santiago\/#\/schema\/person\/dbc3705bf3a93e8be1ba6de0ef950341\"},\"headline\":\"Alumnas y exalumna de Fonoaudiolog\u00eda UDD realizan pasant\u00eda en la Universidad Aut\u00f3noma de Barcelona sobre estrategias de gesti\u00f3n en salud\",\"datePublished\":\"2023-11-10T15:29:02+00:00\",\"dateModified\":\"2023-11-24T13:59:02+00:00\",\"mainEntityOfPage\":{\"@id\":\"https:\/\/medicina.udd.cl\/fonoaudiologia-santiago\/noticias\/2023\/11\/10\/alumnas-y-exalumna-de-fonoaudiologia-udd-realizan-pasantia-en-la-universidad-autonoma-de-barcelona-sobre-estrategias-de-gestion-en-salud\/\"},\"wordCount\":336,\"image\":{\"@id\":\"https:\/\/medicina.udd.cl\/fonoaudiologia-santiago\/noticias\/2023\/11\/10\/alumnas-y-exalumna-de-fonoaudiologia-udd-realizan-pasantia-en-la-universidad-autonoma-de-barcelona-sobre-estrategias-de-gestion-en-salud\/#primaryimage\"},\"thumbnailUrl\":\"https:\/\/medicina.udd.cl\/fonoaudiologia-santiago\/files\/2023\/11\/fono-alumnas-realizan-pasantia-en-espana-15.jpg\",\"articleSection\":[\"Noticias\"],\"inLanguage\":\"es\"},{\"@type\":\"WebPage\",\"@id\":\"https:\/\/medicina.udd.cl\/fonoaudiologia-santiago\/noticias\/2023\/11\/10\/alumnas-y-exalumna-de-fonoaudiologia-udd-realizan-pasantia-en-la-universidad-autonoma-de-barcelona-sobre-estrategias-de-gestion-en-salud\/\",\"url\":\"https:\/\/medicina.udd.cl\/fonoaudiologia-santiago\/noticias\/2023\/11\/10\/alumnas-y-exalumna-de-fonoaudiologia-udd-realizan-pasantia-en-la-universidad-autonoma-de-barcelona-sobre-estrategias-de-gestion-en-salud\/\",\"name\":\"Alumnas y exalumna de Fonoaudiolog\u00eda UDD realizan pasant\u00eda en la Universidad Aut\u00f3noma de Barcelona sobre estrategias de gesti\u00f3n en salud - Fonoaudiolog\u00eda\",\"isPartOf\":{\"@id\":\"https:\/\/medicina.udd.cl\/fonoaudiologia-santiago\/#website\"},\"primaryImageOfPage\":{\"@id\":\"https:\/\/medicina.udd.cl\/fonoaudiologia-santiago\/noticias\/2023\/11\/10\/alumnas-y-exalumna-de-fonoaudiologia-udd-realizan-pasantia-en-la-universidad-autonoma-de-barcelona-sobre-estrategias-de-gestion-en-salud\/#primaryimage\"},\"image\":{\"@id\":\"https:\/\/medicina.udd.cl\/fonoaudiologia-santiago\/noticias\/2023\/11\/10\/alumnas-y-exalumna-de-fonoaudiologia-udd-realizan-pasantia-en-la-universidad-autonoma-de-barcelona-sobre-estrategias-de-gestion-en-salud\/#primaryimage\"},\"thumbnailUrl\":\"https:\/\/medicina.udd.cl\/fonoaudiologia-santiago\/files\/2023\/11\/fono-alumnas-realizan-pasantia-en-espana-15.jpg\",\"datePublished\":\"2023-11-10T15:29:02+00:00\",\"dateModified\":\"2023-11-24T13:59:02+00:00\",\"author\":{\"@id\":\"https:\/\/medicina.udd.cl\/fonoaudiologia-santiago\/#\/schema\/person\/dbc3705bf3a93e8be1ba6de0ef950341\"},\"breadcrumb\":{\"@id\":\"https:\/\/medicina.udd.cl\/fonoaudiologia-santiago\/noticias\/2023\/11\/10\/alumnas-y-exalumna-de-fonoaudiologia-udd-realizan-pasantia-en-la-universidad-autonoma-de-barcelona-sobre-estrategias-de-gestion-en-salud\/#breadcrumb\"},\"inLanguage\":\"es\",\"potentialAction\":[{\"@type\":\"ReadAction\",\"target\":[\"https:\/\/medicina.udd.cl\/fonoaudiologia-santiago\/noticias\/2023\/11\/10\/alumnas-y-exalumna-de-fonoaudiologia-udd-realizan-pasantia-en-la-universidad-autonoma-de-barcelona-sobre-estrategias-de-gestion-en-salud\/\"]}]},{\"@type\":\"ImageObject\",\"inLanguage\":\"es\",\"@id\":\"https:\/\/medicina.udd.cl\/fonoaudiologia-santiago\/noticias\/2023\/11\/10\/alumnas-y-exalumna-de-fonoaudiologia-udd-realizan-pasantia-en-la-universidad-autonoma-de-barcelona-sobre-estrategias-de-gestion-en-salud\/#primaryimage\",\"url\":\"https:\/\/medicina.udd.cl\/fonoaudiologia-santiago\/files\/2023\/11\/fono-alumnas-realizan-pasantia-en-espana-15.jpg\",\"contentUrl\":\"https:\/\/medicina.udd.cl\/fonoaudiologia-santiago\/files\/2023\/11\/fono-alumnas-realizan-pasantia-en-espana-15.jpg\",\"width\":960,\"height\":1280},{\"@type\":\"BreadcrumbList\",\"@id\":\"https:\/\/medicina.udd.cl\/fonoaudiologia-santiago\/noticias\/2023\/11\/10\/alumnas-y-exalumna-de-fonoaudiologia-udd-realizan-pasantia-en-la-universidad-autonoma-de-barcelona-sobre-estrategias-de-gestion-en-salud\/#breadcrumb\",\"itemListElement\":[{\"@type\":\"ListItem\",\"position\":1,\"name\":\"Home\",\"item\":\"https:\/\/medicina.udd.cl\/fonoaudiologia-santiago\/\"},{\"@type\":\"ListItem\",\"position\":2,\"name\":\"Alumnas y exalumna de Fonoaudiolog\u00eda UDD realizan pasant\u00eda en la Universidad Aut\u00f3noma de Barcelona sobre estrategias de gesti\u00f3n en salud\"}]},{\"@type\":\"WebSite\",\"@id\":\"https:\/\/medicina.udd.cl\/fonoaudiologia-santiago\/#website\",\"url\":\"https:\/\/medicina.udd.cl\/fonoaudiologia-santiago\/\",\"name\":\"Fonoaudiolog\u00eda\",\"description\":\"Facultad de Medicina Cl\u00ednica Alemana Universidad del Desarrollo\",\"inLanguage\":\"es\"},{\"@type\":\"Person\",\"@id\":\"https:\/\/medicina.udd.cl\/fonoaudiologia-santiago\/#\/schema\/person\/dbc3705bf3a93e8be1ba6de0ef950341\",\"name\":\"rbraidy\",\"image\":{\"@type\":\"ImageObject\",\"inLanguage\":\"es\",\"@id\":\"https:\/\/medicina.udd.cl\/fonoaudiologia-santiago\/#\/schema\/person\/image\/\",\"url\":\"https:\/\/secure.gravatar.com\/avatar\/0f8bc94637401590e45d2ce17eb65c274cb8870a219de6177f3f23e63fd8cdf3?s=96&d=mm&r=g\",\"contentUrl\":\"https:\/\/secure.gravatar.com\/avatar\/0f8bc94637401590e45d2ce17eb65c274cb8870a219de6177f3f23e63fd8cdf3?s=96&d=mm&r=g\",\"caption\":\"rbraidy\"},\"url\":\"https:\/\/medicina.udd.cl\/fonoaudiologia-santiago\/noticias\/author\/rbraidy\/\"}]}<\/script>\n<!-- \/ Yoast SEO plugin. -->","yoast_head_json":{"title":"Alumnas y exalumna de Fonoaudiolog\u00eda UDD realizan pasant\u00eda en la Universidad Aut\u00f3noma de Barcelona sobre estrategias de gesti\u00f3n en salud - Fonoaudiolog\u00eda","robots":{"index":"index","follow":"follow","max-snippet":"max-snippet:-1","max-image-preview":"max-image-preview:large","max-video-preview":"max-video-preview:-1"},"canonical":"https:\/\/medicina.udd.cl\/fonoaudiologia-santiago\/noticias\/2023\/11\/10\/alumnas-y-exalumna-de-fonoaudiologia-udd-realizan-pasantia-en-la-universidad-autonoma-de-barcelona-sobre-estrategias-de-gestion-en-salud\/","og_locale":"es_ES","og_type":"article","og_title":"Alumnas y exalumna de Fonoaudiolog\u00eda UDD realizan pasant\u00eda en la Universidad Aut\u00f3noma de Barcelona sobre estrategias de gesti\u00f3n en salud - Fonoaudiolog\u00eda","og_description":"Francisca Miranda Llanos (estudiante de 5to. a\u00f1o), Renata Hern\u00e1ndez Avalos (estudiante de 4to. a\u00f1o), y Sof\u00eda Achurra Cepeda (exalumna) de la carrera de Fonoaudiolog\u00eda de la Facultad de Medicina Cl\u00ednica Alemana Universidad del Desarrollo, viajaron rumbo a Espa\u00f1a para realizar una pasant\u00eda en la Universidad Aut\u00f3noma de Barcelona (UAB). Este programa se centra en la [&hellip;]","og_url":"https:\/\/medicina.udd.cl\/fonoaudiologia-santiago\/noticias\/2023\/11\/10\/alumnas-y-exalumna-de-fonoaudiologia-udd-realizan-pasantia-en-la-universidad-autonoma-de-barcelona-sobre-estrategias-de-gestion-en-salud\/","og_site_name":"Fonoaudiolog\u00eda","article_published_time":"2023-11-10T15:29:02+00:00","article_modified_time":"2023-11-24T13:59:02+00:00","og_image":[{"width":960,"height":1280,"url":"https:\/\/medicina.udd.cl\/fonoaudiologia-santiago\/files\/2023\/11\/fono-alumnas-realizan-pasantia-en-espana-15.jpg","type":"image\/jpeg"}],"author":"rbraidy","twitter_misc":{"Escrito por":"rbraidy","Tiempo de lectura":"3 minutos"},"schema":{"@context":"https:\/\/schema.org","@graph":[{"@type":"Article","@id":"https:\/\/medicina.udd.cl\/fonoaudiologia-santiago\/noticias\/2023\/11\/10\/alumnas-y-exalumna-de-fonoaudiologia-udd-realizan-pasantia-en-la-universidad-autonoma-de-barcelona-sobre-estrategias-de-gestion-en-salud\/#article","isPartOf":{"@id":"https:\/\/medicina.udd.cl\/fonoaudiologia-santiago\/noticias\/2023\/11\/10\/alumnas-y-exalumna-de-fonoaudiologia-udd-realizan-pasantia-en-la-universidad-autonoma-de-barcelona-sobre-estrategias-de-gestion-en-salud\/"},"author":{"name":"rbraidy","@id":"https:\/\/medicina.udd.cl\/fonoaudiologia-santiago\/#\/schema\/person\/dbc3705bf3a93e8be1ba6de0ef950341"},"headline":"Alumnas y exalumna de Fonoaudiolog\u00eda UDD realizan pasant\u00eda en la Universidad Aut\u00f3noma de Barcelona sobre estrategias de gesti\u00f3n en salud","datePublished":"2023-11-10T15:29:02+00:00","dateModified":"2023-11-24T13:59:02+00:00","mainEntityOfPage":{"@id":"https:\/\/medicina.udd.cl\/fonoaudiologia-santiago\/noticias\/2023\/11\/10\/alumnas-y-exalumna-de-fonoaudiologia-udd-realizan-pasantia-en-la-universidad-autonoma-de-barcelona-sobre-estrategias-de-gestion-en-salud\/"},"wordCount":336,"image":{"@id":"https:\/\/medicina.udd.cl\/fonoaudiologia-santiago\/noticias\/2023\/11\/10\/alumnas-y-exalumna-de-fonoaudiologia-udd-realizan-pasantia-en-la-universidad-autonoma-de-barcelona-sobre-estrategias-de-gestion-en-salud\/#primaryimage"},"thumbnailUrl":"https:\/\/medicina.udd.cl\/fonoaudiologia-santiago\/files\/2023\/11\/fono-alumnas-realizan-pasantia-en-espana-15.jpg","articleSection":["Noticias"],"inLanguage":"es"},{"@type":"WebPage","@id":"https:\/\/medicina.udd.cl\/fonoaudiologia-santiago\/noticias\/2023\/11\/10\/alumnas-y-exalumna-de-fonoaudiologia-udd-realizan-pasantia-en-la-universidad-autonoma-de-barcelona-sobre-estrategias-de-gestion-en-salud\/","url":"https:\/\/medicina.udd.cl\/fonoaudiologia-santiago\/noticias\/2023\/11\/10\/alumnas-y-exalumna-de-fonoaudiologia-udd-realizan-pasantia-en-la-universidad-autonoma-de-barcelona-sobre-estrategias-de-gestion-en-salud\/","name":"Alumnas y exalumna de Fonoaudiolog\u00eda UDD realizan pasant\u00eda en la Universidad Aut\u00f3noma de Barcelona sobre estrategias de gesti\u00f3n en salud - Fonoaudiolog\u00eda","isPartOf":{"@id":"https:\/\/medicina.udd.cl\/fonoaudiologia-santiago\/#website"},"primaryImageOfPage":{"@id":"https:\/\/medicina.udd.cl\/fonoaudiologia-santiago\/noticias\/2023\/11\/10\/alumnas-y-exalumna-de-fonoaudiologia-udd-realizan-pasantia-en-la-universidad-autonoma-de-barcelona-sobre-estrategias-de-gestion-en-salud\/#primaryimage"},"image":{"@id":"https:\/\/medicina.udd.cl\/fonoaudiologia-santiago\/noticias\/2023\/11\/10\/alumnas-y-exalumna-de-fonoaudiologia-udd-realizan-pasantia-en-la-universidad-autonoma-de-barcelona-sobre-estrategias-de-gestion-en-salud\/#primaryimage"},"thumbnailUrl":"https:\/\/medicina.udd.cl\/fonoaudiologia-santiago\/files\/2023\/11\/fono-alumnas-realizan-pasantia-en-espana-15.jpg","datePublished":"2023-11-10T15:29:02+00:00","dateModified":"2023-11-24T13:59:02+00:00","author":{"@id":"https:\/\/medicina.udd.cl\/fonoaudiologia-santiago\/#\/schema\/person\/dbc3705bf3a93e8be1ba6de0ef950341"},"breadcrumb":{"@id":"https:\/\/medicina.udd.cl\/fonoaudiologia-santiago\/noticias\/2023\/11\/10\/alumnas-y-exalumna-de-fonoaudiologia-udd-realizan-pasantia-en-la-universidad-autonoma-de-barcelona-sobre-estrategias-de-gestion-en-salud\/#breadcrumb"},"inLanguage":"es","potentialAction":[{"@type":"ReadAction","target":["https:\/\/medicina.udd.cl\/fonoaudiologia-santiago\/noticias\/2023\/11\/10\/alumnas-y-exalumna-de-fonoaudiologia-udd-realizan-pasantia-en-la-universidad-autonoma-de-barcelona-sobre-estrategias-de-gestion-en-salud\/"]}]},{"@type":"ImageObject","inLanguage":"es","@id":"https:\/\/medicina.udd.cl\/fonoaudiologia-santiago\/noticias\/2023\/11\/10\/alumnas-y-exalumna-de-fonoaudiologia-udd-realizan-pasantia-en-la-universidad-autonoma-de-barcelona-sobre-estrategias-de-gestion-en-salud\/#primaryimage","url":"https:\/\/medicina.udd.cl\/fonoaudiologia-santiago\/files\/2023\/11\/fono-alumnas-realizan-pasantia-en-espana-15.jpg","contentUrl":"https:\/\/medicina.udd.cl\/fonoaudiologia-santiago\/files\/2023\/11\/fono-alumnas-realizan-pasantia-en-espana-15.jpg","width":960,"height":1280},{"@type":"BreadcrumbList","@id":"https:\/\/medicina.udd.cl\/fonoaudiologia-santiago\/noticias\/2023\/11\/10\/alumnas-y-exalumna-de-fonoaudiologia-udd-realizan-pasantia-en-la-universidad-autonoma-de-barcelona-sobre-estrategias-de-gestion-en-salud\/#breadcrumb","itemListElement":[{"@type":"ListItem","position":1,"name":"Home","item":"https:\/\/medicina.udd.cl\/fonoaudiologia-santiago\/"},{"@type":"ListItem","position":2,"name":"Alumnas y exalumna de Fonoaudiolog\u00eda UDD realizan pasant\u00eda en la Universidad Aut\u00f3noma de Barcelona sobre estrategias de gesti\u00f3n en salud"}]},{"@type":"WebSite","@id":"https:\/\/medicina.udd.cl\/fonoaudiologia-santiago\/#website","url":"https:\/\/medicina.udd.cl\/fonoaudiologia-santiago\/","name":"Fonoaudiolog\u00eda","description":"Facultad de Medicina Cl\u00ednica Alemana Universidad del Desarrollo","inLanguage":"es"},{"@type":"Person","@id":"https:\/\/medicina.udd.cl\/fonoaudiologia-santiago\/#\/schema\/person\/dbc3705bf3a93e8be1ba6de0ef950341","name":"rbraidy","image":{"@type":"ImageObject","inLanguage":"es","@id":"https:\/\/medicina.udd.cl\/fonoaudiologia-santiago\/#\/schema\/person\/image\/","url":"https:\/\/secure.gravatar.com\/avatar\/0f8bc94637401590e45d2ce17eb65c274cb8870a219de6177f3f23e63fd8cdf3?s=96&d=mm&r=g","contentUrl":"https:\/\/secure.gravatar.com\/avatar\/0f8bc94637401590e45d2ce17eb65c274cb8870a219de6177f3f23e63fd8cdf3?s=96&d=mm&r=g","caption":"rbraidy"},"url":"https:\/\/medicina.udd.cl\/fonoaudiologia-santiago\/noticias\/author\/rbraidy\/"}]}},"featured_image_url":"https:\/\/medicina.udd.cl\/fonoaudiologia-santiago\/files\/2023\/11\/fono-alumnas-realizan-pasantia-en-espana-15.jpg","_links":{"self":[{"href":"https:\/\/medicina.udd.cl\/fonoaudiologia-santiago\/wp-json\/wp\/v2\/posts\/6260","targetHints":{"allow":["GET"]}}],"collection":[{"href":"https:\/\/medicina.udd.cl\/fonoaudiologia-santiago\/wp-json\/wp\/v2\/posts"}],"about":[{"href":"https:\/\/medicina.udd.cl\/fonoaudiologia-santiago\/wp-json\/wp\/v2\/types\/post"}],"author":[{"embeddable":true,"href":"https:\/\/medicina.udd.cl\/fonoaudiologia-santiago\/wp-json\/wp\/v2\/users\/9192219"}],"replies":[{"embeddable":true,"href":"https:\/\/medicina.udd.cl\/fonoaudiologia-santiago\/wp-json\/wp\/v2\/comments?post=6260"}],"version-history":[{"count":4,"href":"https:\/\/medicina.udd.cl\/fonoaudiologia-santiago\/wp-json\/wp\/v2\/posts\/6260\/revisions"}],"predecessor-version":[{"id":6285,"href":"https:\/\/medicina.udd.cl\/fonoaudiologia-santiago\/wp-json\/wp\/v2\/posts\/6260\/revisions\/6285"}],"wp:featuredmedia":[{"embeddable":true,"href":"https:\/\/medicina.udd.cl\/fonoaudiologia-santiago\/wp-json\/wp\/v2\/media\/6284"}],"wp:attachment":[{"href":"https:\/\/medicina.udd.cl\/fonoaudiologia-santiago\/wp-json\/wp\/v2\/media?parent=6260"}],"wp:term":[{"taxonomy":"category","embeddable":true,"href":"https:\/\/medicina.udd.cl\/fonoaudiologia-santiago\/wp-json\/wp\/v2\/categories?post=6260"},{"taxonomy":"post_tag","embeddable":true,"href":"https:\/\/medicina.udd.cl\/fonoaudiologia-santiago\/wp-json\/wp\/v2\/tags?post=6260"}],"curies":[{"name":"wp","href":"https:\/\/api.w.org\/{rel}","templated":true}]}}