{"id":6290,"date":"2023-12-04T10:52:00","date_gmt":"2023-12-04T13:52:00","guid":{"rendered":"https:\/\/medicina.udd.cl\/fonoaudiologia-santiago\/?p=6290"},"modified":"2023-12-19T11:01:47","modified_gmt":"2023-12-19T14:01:47","slug":"fonoaudiologia-udd-participo-en-foro-mundial-de-la-audicion-de-la-oms","status":"publish","type":"post","link":"https:\/\/medicina.udd.cl\/fonoaudiologia-santiago\/noticias\/2023\/12\/04\/fonoaudiologia-udd-participo-en-foro-mundial-de-la-audicion-de-la-oms\/","title":{"rendered":"Fonoaudiolog\u00eda UDD particip\u00f3 en Foro Mundial de la Audici\u00f3n de la OMS"},"content":{"rendered":"\n<figure class=\"wp-block-image alignright size-full\"><a href=\"https:\/\/medicina.udd.cl\/fonoaudiologia-santiago\/files\/2023\/12\/forum-audicion.png\"><img loading=\"lazy\" decoding=\"async\" width=\"299\" height=\"226\" src=\"https:\/\/medicina.udd.cl\/fonoaudiologia-santiago\/files\/2023\/12\/forum-audicion.png\" alt=\"\" class=\"wp-image-6294\" \/><\/a><\/figure>\n\n\n\n<p>Durante los d\u00edas 27, 28 y 29 de noviembre, la Organizaci\u00f3n Mundial de la Salud (OMS) congreg\u00f3 en Ginebra, Suiza, a profesionales de la salud y expertos en el cuidado de la audici\u00f3n en el marco del Foro Mundial de la Audici\u00f3n. En este importante encuentro, la carrera de Fonoaudiolog\u00eda de la Facultad de Medicina Cl\u00ednica Alemana Universidad del Desarrollo (UDD), representada por CESCO (Centro de Audici\u00f3n los Sentidos y la Comunicaci\u00f3n), una colaboradora oficial de la OMS, se destac\u00f3 por su activa participaci\u00f3n. La acad\u00e9mica Flga. Pamela Tomicic lider\u00f3 la representaci\u00f3n UDD en este foro de relevancia mundial.<\/p>\n\n\n\n<p>El principal objetivo del evento fue abordar varios aspectos fundamentales:<\/p>\n\n\n\n<ul class=\"wp-block-list\"><li>Actualizar el trabajo y las iniciativas del Programa de la OMS para el O\u00eddo y Cuidado de la Audici\u00f3n (EHC).<\/li><\/ul>\n\n\n\n<ul class=\"wp-block-list\"><li>Identificar oportunidades para integrar el EHC en iniciativas de salud p\u00fablica a lo largo de la vida, incluida la atenci\u00f3n primaria de salud.<\/li><\/ul>\n\n\n\n<ul class=\"wp-block-list\"><li>Dise\u00f1ar estrategias para crear conciencia y promover el cuidado del o\u00eddo y la audici\u00f3n a niveles local, regional y global.<\/li><\/ul>\n\n\n\n<ul class=\"wp-block-list\"><li>Presentar el Foro Mundial de la Audici\u00f3n y sus actividades.<\/li><\/ul>\n\n\n\n<p>Un punto clave discutido en relaci\u00f3n con la concientizaci\u00f3n de la poblaci\u00f3n sobre el cuidado auditivo, fue la promoci\u00f3n de actividades para el D\u00eda Mundial de la Audici\u00f3n, que se celebrar\u00e1 el pr\u00f3ximo 03 de marzo. Por cuarto a\u00f1o consecutivo, la UDD se compromete activamente con este tema crucial para la salud y calidad de vida de las personas, subrayando su liderazgo en la promoci\u00f3n de la salud auditiva a nivel local y global.<\/p>\n\n\n\n<p><a href=\"https:\/\/medicina.udd.cl\/fonoaudiologia-santiago\/files\/2023\/12\/whf-meeting-handbook-1.pdf\">VER PROGRAMA FORO MUNDIAL DE LA AUDICI\u00d3N [GINEBRA, SUIZA. 2023]<\/a><\/p>\n\n\n\n<figure class=\"wp-block-image size-full\"><a href=\"https:\/\/medicina.udd.cl\/fonoaudiologia-santiago\/files\/2023\/12\/pamela-tomicic_-foro-mundial-audicion.png\"><img loading=\"lazy\" decoding=\"async\" width=\"361\" height=\"136\" src=\"https:\/\/medicina.udd.cl\/fonoaudiologia-santiago\/files\/2023\/12\/pamela-tomicic_-foro-mundial-audicion.png\" alt=\"\" class=\"wp-image-6292\" srcset=\"https:\/\/medicina.udd.cl\/fonoaudiologia-santiago\/files\/2023\/12\/pamela-tomicic_-foro-mundial-audicion.png 361w, https:\/\/medicina.udd.cl\/fonoaudiologia-santiago\/files\/2023\/12\/pamela-tomicic_-foro-mundial-audicion-300x113.png 300w\" sizes=\"auto, (max-width: 361px) 100vw, 361px\" \/><\/a><\/figure>\n","protected":false},"excerpt":{"rendered":"<p>Durante los d\u00edas 27, 28 y 29 de noviembre, la Organizaci\u00f3n Mundial de la Salud (OMS) congreg\u00f3 en Ginebra, Suiza, a profesionales de la salud y expertos en el cuidado de la audici\u00f3n en el marco del Foro Mundial de la Audici\u00f3n. En este importante encuentro, la carrera de Fonoaudiolog\u00eda de la Facultad de Medicina [&hellip;]<\/p>\n","protected":false},"author":9192219,"featured_media":6294,"comment_status":"closed","ping_status":"open","sticky":false,"template":"","format":"standard","meta":{"footnotes":""},"categories":[4],"tags":[],"class_list":["post-6290","post","type-post","status-publish","format-standard","has-post-thumbnail","hentry","category-noticias"],"yoast_head":"<!-- This site is optimized with the Yoast SEO plugin v26.9 - https:\/\/yoast.com\/product\/yoast-seo-wordpress\/ -->\n<title>Fonoaudiolog\u00eda UDD particip\u00f3 en Foro Mundial de la Audici\u00f3n de la OMS - Fonoaudiolog\u00eda<\/title>\n<meta name=\"robots\" content=\"index, follow, max-snippet:-1, max-image-preview:large, max-video-preview:-1\" \/>\n<link rel=\"canonical\" href=\"https:\/\/medicina.udd.cl\/fonoaudiologia-santiago\/noticias\/2023\/12\/04\/fonoaudiologia-udd-participo-en-foro-mundial-de-la-audicion-de-la-oms\/\" \/>\n<meta property=\"og:locale\" content=\"es_ES\" \/>\n<meta property=\"og:type\" content=\"article\" \/>\n<meta property=\"og:title\" content=\"Fonoaudiolog\u00eda UDD particip\u00f3 en Foro Mundial de la Audici\u00f3n de la OMS - Fonoaudiolog\u00eda\" \/>\n<meta property=\"og:description\" content=\"Durante los d\u00edas 27, 28 y 29 de noviembre, la Organizaci\u00f3n Mundial de la Salud (OMS) congreg\u00f3 en Ginebra, Suiza, a profesionales de la salud y expertos en el cuidado de la audici\u00f3n en el marco del Foro Mundial de la Audici\u00f3n. En este importante encuentro, la carrera de Fonoaudiolog\u00eda de la Facultad de Medicina [&hellip;]\" \/>\n<meta property=\"og:url\" content=\"https:\/\/medicina.udd.cl\/fonoaudiologia-santiago\/noticias\/2023\/12\/04\/fonoaudiologia-udd-participo-en-foro-mundial-de-la-audicion-de-la-oms\/\" \/>\n<meta property=\"og:site_name\" content=\"Fonoaudiolog\u00eda\" \/>\n<meta property=\"article:published_time\" content=\"2023-12-04T13:52:00+00:00\" \/>\n<meta property=\"article:modified_time\" content=\"2023-12-19T14:01:47+00:00\" \/>\n<meta property=\"og:image\" content=\"https:\/\/medicina.udd.cl\/fonoaudiologia-santiago\/files\/2023\/12\/forum-audicion.png\" \/>\n\t<meta property=\"og:image:width\" content=\"299\" \/>\n\t<meta property=\"og:image:height\" content=\"226\" \/>\n\t<meta property=\"og:image:type\" content=\"image\/png\" \/>\n<meta name=\"author\" content=\"rbraidy\" \/>\n<meta name=\"twitter:label1\" content=\"Escrito por\" \/>\n\t<meta name=\"twitter:data1\" content=\"rbraidy\" \/>\n\t<meta name=\"twitter:label2\" content=\"Tiempo de lectura\" \/>\n\t<meta name=\"twitter:data2\" content=\"2 minutos\" \/>\n<script type=\"application\/ld+json\" class=\"yoast-schema-graph\">{\"@context\":\"https:\/\/schema.org\",\"@graph\":[{\"@type\":\"Article\",\"@id\":\"https:\/\/medicina.udd.cl\/fonoaudiologia-santiago\/noticias\/2023\/12\/04\/fonoaudiologia-udd-participo-en-foro-mundial-de-la-audicion-de-la-oms\/#article\",\"isPartOf\":{\"@id\":\"https:\/\/medicina.udd.cl\/fonoaudiologia-santiago\/noticias\/2023\/12\/04\/fonoaudiologia-udd-participo-en-foro-mundial-de-la-audicion-de-la-oms\/\"},\"author\":{\"name\":\"rbraidy\",\"@id\":\"https:\/\/medicina.udd.cl\/fonoaudiologia-santiago\/#\/schema\/person\/dbc3705bf3a93e8be1ba6de0ef950341\"},\"headline\":\"Fonoaudiolog\u00eda UDD particip\u00f3 en Foro Mundial de la Audici\u00f3n de la OMS\",\"datePublished\":\"2023-12-04T13:52:00+00:00\",\"dateModified\":\"2023-12-19T14:01:47+00:00\",\"mainEntityOfPage\":{\"@id\":\"https:\/\/medicina.udd.cl\/fonoaudiologia-santiago\/noticias\/2023\/12\/04\/fonoaudiologia-udd-participo-en-foro-mundial-de-la-audicion-de-la-oms\/\"},\"wordCount\":304,\"image\":{\"@id\":\"https:\/\/medicina.udd.cl\/fonoaudiologia-santiago\/noticias\/2023\/12\/04\/fonoaudiologia-udd-participo-en-foro-mundial-de-la-audicion-de-la-oms\/#primaryimage\"},\"thumbnailUrl\":\"https:\/\/medicina.udd.cl\/fonoaudiologia-santiago\/files\/2023\/12\/forum-audicion.png\",\"articleSection\":[\"Noticias\"],\"inLanguage\":\"es\"},{\"@type\":\"WebPage\",\"@id\":\"https:\/\/medicina.udd.cl\/fonoaudiologia-santiago\/noticias\/2023\/12\/04\/fonoaudiologia-udd-participo-en-foro-mundial-de-la-audicion-de-la-oms\/\",\"url\":\"https:\/\/medicina.udd.cl\/fonoaudiologia-santiago\/noticias\/2023\/12\/04\/fonoaudiologia-udd-participo-en-foro-mundial-de-la-audicion-de-la-oms\/\",\"name\":\"Fonoaudiolog\u00eda UDD particip\u00f3 en Foro Mundial de la Audici\u00f3n de la OMS - Fonoaudiolog\u00eda\",\"isPartOf\":{\"@id\":\"https:\/\/medicina.udd.cl\/fonoaudiologia-santiago\/#website\"},\"primaryImageOfPage\":{\"@id\":\"https:\/\/medicina.udd.cl\/fonoaudiologia-santiago\/noticias\/2023\/12\/04\/fonoaudiologia-udd-participo-en-foro-mundial-de-la-audicion-de-la-oms\/#primaryimage\"},\"image\":{\"@id\":\"https:\/\/medicina.udd.cl\/fonoaudiologia-santiago\/noticias\/2023\/12\/04\/fonoaudiologia-udd-participo-en-foro-mundial-de-la-audicion-de-la-oms\/#primaryimage\"},\"thumbnailUrl\":\"https:\/\/medicina.udd.cl\/fonoaudiologia-santiago\/files\/2023\/12\/forum-audicion.png\",\"datePublished\":\"2023-12-04T13:52:00+00:00\",\"dateModified\":\"2023-12-19T14:01:47+00:00\",\"author\":{\"@id\":\"https:\/\/medicina.udd.cl\/fonoaudiologia-santiago\/#\/schema\/person\/dbc3705bf3a93e8be1ba6de0ef950341\"},\"breadcrumb\":{\"@id\":\"https:\/\/medicina.udd.cl\/fonoaudiologia-santiago\/noticias\/2023\/12\/04\/fonoaudiologia-udd-participo-en-foro-mundial-de-la-audicion-de-la-oms\/#breadcrumb\"},\"inLanguage\":\"es\",\"potentialAction\":[{\"@type\":\"ReadAction\",\"target\":[\"https:\/\/medicina.udd.cl\/fonoaudiologia-santiago\/noticias\/2023\/12\/04\/fonoaudiologia-udd-participo-en-foro-mundial-de-la-audicion-de-la-oms\/\"]}]},{\"@type\":\"ImageObject\",\"inLanguage\":\"es\",\"@id\":\"https:\/\/medicina.udd.cl\/fonoaudiologia-santiago\/noticias\/2023\/12\/04\/fonoaudiologia-udd-participo-en-foro-mundial-de-la-audicion-de-la-oms\/#primaryimage\",\"url\":\"https:\/\/medicina.udd.cl\/fonoaudiologia-santiago\/files\/2023\/12\/forum-audicion.png\",\"contentUrl\":\"https:\/\/medicina.udd.cl\/fonoaudiologia-santiago\/files\/2023\/12\/forum-audicion.png\",\"width\":299,\"height\":226},{\"@type\":\"BreadcrumbList\",\"@id\":\"https:\/\/medicina.udd.cl\/fonoaudiologia-santiago\/noticias\/2023\/12\/04\/fonoaudiologia-udd-participo-en-foro-mundial-de-la-audicion-de-la-oms\/#breadcrumb\",\"itemListElement\":[{\"@type\":\"ListItem\",\"position\":1,\"name\":\"Home\",\"item\":\"https:\/\/medicina.udd.cl\/fonoaudiologia-santiago\/\"},{\"@type\":\"ListItem\",\"position\":2,\"name\":\"Fonoaudiolog\u00eda UDD particip\u00f3 en Foro Mundial de la Audici\u00f3n de la OMS\"}]},{\"@type\":\"WebSite\",\"@id\":\"https:\/\/medicina.udd.cl\/fonoaudiologia-santiago\/#website\",\"url\":\"https:\/\/medicina.udd.cl\/fonoaudiologia-santiago\/\",\"name\":\"Fonoaudiolog\u00eda\",\"description\":\"Facultad de Medicina Cl\u00ednica Alemana Universidad del Desarrollo\",\"inLanguage\":\"es\"},{\"@type\":\"Person\",\"@id\":\"https:\/\/medicina.udd.cl\/fonoaudiologia-santiago\/#\/schema\/person\/dbc3705bf3a93e8be1ba6de0ef950341\",\"name\":\"rbraidy\",\"image\":{\"@type\":\"ImageObject\",\"inLanguage\":\"es\",\"@id\":\"https:\/\/medicina.udd.cl\/fonoaudiologia-santiago\/#\/schema\/person\/image\/\",\"url\":\"https:\/\/secure.gravatar.com\/avatar\/0f8bc94637401590e45d2ce17eb65c274cb8870a219de6177f3f23e63fd8cdf3?s=96&d=mm&r=g\",\"contentUrl\":\"https:\/\/secure.gravatar.com\/avatar\/0f8bc94637401590e45d2ce17eb65c274cb8870a219de6177f3f23e63fd8cdf3?s=96&d=mm&r=g\",\"caption\":\"rbraidy\"},\"url\":\"https:\/\/medicina.udd.cl\/fonoaudiologia-santiago\/noticias\/author\/rbraidy\/\"}]}<\/script>\n<!-- \/ Yoast SEO plugin. -->","yoast_head_json":{"title":"Fonoaudiolog\u00eda UDD particip\u00f3 en Foro Mundial de la Audici\u00f3n de la OMS - Fonoaudiolog\u00eda","robots":{"index":"index","follow":"follow","max-snippet":"max-snippet:-1","max-image-preview":"max-image-preview:large","max-video-preview":"max-video-preview:-1"},"canonical":"https:\/\/medicina.udd.cl\/fonoaudiologia-santiago\/noticias\/2023\/12\/04\/fonoaudiologia-udd-participo-en-foro-mundial-de-la-audicion-de-la-oms\/","og_locale":"es_ES","og_type":"article","og_title":"Fonoaudiolog\u00eda UDD particip\u00f3 en Foro Mundial de la Audici\u00f3n de la OMS - Fonoaudiolog\u00eda","og_description":"Durante los d\u00edas 27, 28 y 29 de noviembre, la Organizaci\u00f3n Mundial de la Salud (OMS) congreg\u00f3 en Ginebra, Suiza, a profesionales de la salud y expertos en el cuidado de la audici\u00f3n en el marco del Foro Mundial de la Audici\u00f3n. En este importante encuentro, la carrera de Fonoaudiolog\u00eda de la Facultad de Medicina [&hellip;]","og_url":"https:\/\/medicina.udd.cl\/fonoaudiologia-santiago\/noticias\/2023\/12\/04\/fonoaudiologia-udd-participo-en-foro-mundial-de-la-audicion-de-la-oms\/","og_site_name":"Fonoaudiolog\u00eda","article_published_time":"2023-12-04T13:52:00+00:00","article_modified_time":"2023-12-19T14:01:47+00:00","og_image":[{"width":299,"height":226,"url":"https:\/\/medicina.udd.cl\/fonoaudiologia-santiago\/files\/2023\/12\/forum-audicion.png","type":"image\/png"}],"author":"rbraidy","twitter_misc":{"Escrito por":"rbraidy","Tiempo de lectura":"2 minutos"},"schema":{"@context":"https:\/\/schema.org","@graph":[{"@type":"Article","@id":"https:\/\/medicina.udd.cl\/fonoaudiologia-santiago\/noticias\/2023\/12\/04\/fonoaudiologia-udd-participo-en-foro-mundial-de-la-audicion-de-la-oms\/#article","isPartOf":{"@id":"https:\/\/medicina.udd.cl\/fonoaudiologia-santiago\/noticias\/2023\/12\/04\/fonoaudiologia-udd-participo-en-foro-mundial-de-la-audicion-de-la-oms\/"},"author":{"name":"rbraidy","@id":"https:\/\/medicina.udd.cl\/fonoaudiologia-santiago\/#\/schema\/person\/dbc3705bf3a93e8be1ba6de0ef950341"},"headline":"Fonoaudiolog\u00eda UDD particip\u00f3 en Foro Mundial de la Audici\u00f3n de la OMS","datePublished":"2023-12-04T13:52:00+00:00","dateModified":"2023-12-19T14:01:47+00:00","mainEntityOfPage":{"@id":"https:\/\/medicina.udd.cl\/fonoaudiologia-santiago\/noticias\/2023\/12\/04\/fonoaudiologia-udd-participo-en-foro-mundial-de-la-audicion-de-la-oms\/"},"wordCount":304,"image":{"@id":"https:\/\/medicina.udd.cl\/fonoaudiologia-santiago\/noticias\/2023\/12\/04\/fonoaudiologia-udd-participo-en-foro-mundial-de-la-audicion-de-la-oms\/#primaryimage"},"thumbnailUrl":"https:\/\/medicina.udd.cl\/fonoaudiologia-santiago\/files\/2023\/12\/forum-audicion.png","articleSection":["Noticias"],"inLanguage":"es"},{"@type":"WebPage","@id":"https:\/\/medicina.udd.cl\/fonoaudiologia-santiago\/noticias\/2023\/12\/04\/fonoaudiologia-udd-participo-en-foro-mundial-de-la-audicion-de-la-oms\/","url":"https:\/\/medicina.udd.cl\/fonoaudiologia-santiago\/noticias\/2023\/12\/04\/fonoaudiologia-udd-participo-en-foro-mundial-de-la-audicion-de-la-oms\/","name":"Fonoaudiolog\u00eda UDD particip\u00f3 en Foro Mundial de la Audici\u00f3n de la OMS - Fonoaudiolog\u00eda","isPartOf":{"@id":"https:\/\/medicina.udd.cl\/fonoaudiologia-santiago\/#website"},"primaryImageOfPage":{"@id":"https:\/\/medicina.udd.cl\/fonoaudiologia-santiago\/noticias\/2023\/12\/04\/fonoaudiologia-udd-participo-en-foro-mundial-de-la-audicion-de-la-oms\/#primaryimage"},"image":{"@id":"https:\/\/medicina.udd.cl\/fonoaudiologia-santiago\/noticias\/2023\/12\/04\/fonoaudiologia-udd-participo-en-foro-mundial-de-la-audicion-de-la-oms\/#primaryimage"},"thumbnailUrl":"https:\/\/medicina.udd.cl\/fonoaudiologia-santiago\/files\/2023\/12\/forum-audicion.png","datePublished":"2023-12-04T13:52:00+00:00","dateModified":"2023-12-19T14:01:47+00:00","author":{"@id":"https:\/\/medicina.udd.cl\/fonoaudiologia-santiago\/#\/schema\/person\/dbc3705bf3a93e8be1ba6de0ef950341"},"breadcrumb":{"@id":"https:\/\/medicina.udd.cl\/fonoaudiologia-santiago\/noticias\/2023\/12\/04\/fonoaudiologia-udd-participo-en-foro-mundial-de-la-audicion-de-la-oms\/#breadcrumb"},"inLanguage":"es","potentialAction":[{"@type":"ReadAction","target":["https:\/\/medicina.udd.cl\/fonoaudiologia-santiago\/noticias\/2023\/12\/04\/fonoaudiologia-udd-participo-en-foro-mundial-de-la-audicion-de-la-oms\/"]}]},{"@type":"ImageObject","inLanguage":"es","@id":"https:\/\/medicina.udd.cl\/fonoaudiologia-santiago\/noticias\/2023\/12\/04\/fonoaudiologia-udd-participo-en-foro-mundial-de-la-audicion-de-la-oms\/#primaryimage","url":"https:\/\/medicina.udd.cl\/fonoaudiologia-santiago\/files\/2023\/12\/forum-audicion.png","contentUrl":"https:\/\/medicina.udd.cl\/fonoaudiologia-santiago\/files\/2023\/12\/forum-audicion.png","width":299,"height":226},{"@type":"BreadcrumbList","@id":"https:\/\/medicina.udd.cl\/fonoaudiologia-santiago\/noticias\/2023\/12\/04\/fonoaudiologia-udd-participo-en-foro-mundial-de-la-audicion-de-la-oms\/#breadcrumb","itemListElement":[{"@type":"ListItem","position":1,"name":"Home","item":"https:\/\/medicina.udd.cl\/fonoaudiologia-santiago\/"},{"@type":"ListItem","position":2,"name":"Fonoaudiolog\u00eda UDD particip\u00f3 en Foro Mundial de la Audici\u00f3n de la OMS"}]},{"@type":"WebSite","@id":"https:\/\/medicina.udd.cl\/fonoaudiologia-santiago\/#website","url":"https:\/\/medicina.udd.cl\/fonoaudiologia-santiago\/","name":"Fonoaudiolog\u00eda","description":"Facultad de Medicina Cl\u00ednica Alemana Universidad del Desarrollo","inLanguage":"es"},{"@type":"Person","@id":"https:\/\/medicina.udd.cl\/fonoaudiologia-santiago\/#\/schema\/person\/dbc3705bf3a93e8be1ba6de0ef950341","name":"rbraidy","image":{"@type":"ImageObject","inLanguage":"es","@id":"https:\/\/medicina.udd.cl\/fonoaudiologia-santiago\/#\/schema\/person\/image\/","url":"https:\/\/secure.gravatar.com\/avatar\/0f8bc94637401590e45d2ce17eb65c274cb8870a219de6177f3f23e63fd8cdf3?s=96&d=mm&r=g","contentUrl":"https:\/\/secure.gravatar.com\/avatar\/0f8bc94637401590e45d2ce17eb65c274cb8870a219de6177f3f23e63fd8cdf3?s=96&d=mm&r=g","caption":"rbraidy"},"url":"https:\/\/medicina.udd.cl\/fonoaudiologia-santiago\/noticias\/author\/rbraidy\/"}]}},"featured_image_url":"https:\/\/medicina.udd.cl\/fonoaudiologia-santiago\/files\/2023\/12\/forum-audicion.png","_links":{"self":[{"href":"https:\/\/medicina.udd.cl\/fonoaudiologia-santiago\/wp-json\/wp\/v2\/posts\/6290","targetHints":{"allow":["GET"]}}],"collection":[{"href":"https:\/\/medicina.udd.cl\/fonoaudiologia-santiago\/wp-json\/wp\/v2\/posts"}],"about":[{"href":"https:\/\/medicina.udd.cl\/fonoaudiologia-santiago\/wp-json\/wp\/v2\/types\/post"}],"author":[{"embeddable":true,"href":"https:\/\/medicina.udd.cl\/fonoaudiologia-santiago\/wp-json\/wp\/v2\/users\/9192219"}],"replies":[{"embeddable":true,"href":"https:\/\/medicina.udd.cl\/fonoaudiologia-santiago\/wp-json\/wp\/v2\/comments?post=6290"}],"version-history":[{"count":1,"href":"https:\/\/medicina.udd.cl\/fonoaudiologia-santiago\/wp-json\/wp\/v2\/posts\/6290\/revisions"}],"predecessor-version":[{"id":6295,"href":"https:\/\/medicina.udd.cl\/fonoaudiologia-santiago\/wp-json\/wp\/v2\/posts\/6290\/revisions\/6295"}],"wp:featuredmedia":[{"embeddable":true,"href":"https:\/\/medicina.udd.cl\/fonoaudiologia-santiago\/wp-json\/wp\/v2\/media\/6294"}],"wp:attachment":[{"href":"https:\/\/medicina.udd.cl\/fonoaudiologia-santiago\/wp-json\/wp\/v2\/media?parent=6290"}],"wp:term":[{"taxonomy":"category","embeddable":true,"href":"https:\/\/medicina.udd.cl\/fonoaudiologia-santiago\/wp-json\/wp\/v2\/categories?post=6290"},{"taxonomy":"post_tag","embeddable":true,"href":"https:\/\/medicina.udd.cl\/fonoaudiologia-santiago\/wp-json\/wp\/v2\/tags?post=6290"}],"curies":[{"name":"wp","href":"https:\/\/api.w.org\/{rel}","templated":true}]}}