{"id":6321,"date":"2024-01-03T11:05:32","date_gmt":"2024-01-03T14:05:32","guid":{"rendered":"https:\/\/medicina.udd.cl\/fonoaudiologia-santiago\/?p=6321"},"modified":"2024-01-03T12:17:41","modified_gmt":"2024-01-03T15:17:41","slug":"fonoaudiologia-udd-es-parte-importante-de-mi-largo-camino-hacia-la-recuperacion","status":"publish","type":"post","link":"https:\/\/medicina.udd.cl\/fonoaudiologia-santiago\/noticias\/2024\/01\/03\/fonoaudiologia-udd-es-parte-importante-de-mi-largo-camino-hacia-la-recuperacion\/","title":{"rendered":"\u201cFonoaudiolog\u00eda UDD es parte importante de mi largo camino hacia la recuperaci\u00f3n\u201d"},"content":{"rendered":"\n<figure class=\"wp-block-gallery has-nested-images columns-default is-cropped wp-block-gallery-1 is-layout-flex wp-block-gallery-is-layout-flex\">\n<figure class=\"wp-block-image size-large\"><a href=\"https:\/\/medicina.udd.cl\/fonoaudiologia-santiago\/files\/2024\/01\/03.jpg\"><img loading=\"lazy\" decoding=\"async\" width=\"810\" height=\"1024\" data-id=\"6324\" src=\"https:\/\/medicina.udd.cl\/fonoaudiologia-santiago\/files\/2024\/01\/03-810x1024.jpg\" alt=\"\" class=\"wp-image-6324\" srcset=\"https:\/\/medicina.udd.cl\/fonoaudiologia-santiago\/files\/2024\/01\/03-810x1024.jpg 810w, https:\/\/medicina.udd.cl\/fonoaudiologia-santiago\/files\/2024\/01\/03-237x300.jpg 237w, https:\/\/medicina.udd.cl\/fonoaudiologia-santiago\/files\/2024\/01\/03-768x971.jpg 768w, https:\/\/medicina.udd.cl\/fonoaudiologia-santiago\/files\/2024\/01\/03.jpg 1080w\" sizes=\"auto, (max-width: 810px) 100vw, 810px\" \/><\/a><\/figure>\n\n\n\n<figure class=\"wp-block-image size-large\"><a href=\"https:\/\/medicina.udd.cl\/fonoaudiologia-santiago\/files\/2024\/01\/02.jpg\"><img loading=\"lazy\" decoding=\"async\" width=\"617\" height=\"1024\" data-id=\"6327\" src=\"https:\/\/medicina.udd.cl\/fonoaudiologia-santiago\/files\/2024\/01\/02-617x1024.jpg\" alt=\"\" class=\"wp-image-6327\" srcset=\"https:\/\/medicina.udd.cl\/fonoaudiologia-santiago\/files\/2024\/01\/02-617x1024.jpg 617w, https:\/\/medicina.udd.cl\/fonoaudiologia-santiago\/files\/2024\/01\/02-181x300.jpg 181w, https:\/\/medicina.udd.cl\/fonoaudiologia-santiago\/files\/2024\/01\/02-768x1275.jpg 768w, https:\/\/medicina.udd.cl\/fonoaudiologia-santiago\/files\/2024\/01\/02-925x1536.jpg 925w, https:\/\/medicina.udd.cl\/fonoaudiologia-santiago\/files\/2024\/01\/02.jpg 1080w\" sizes=\"auto, (max-width: 617px) 100vw, 617px\" \/><\/a><\/figure>\n\n\n\n<figure class=\"wp-block-image size-large\"><a href=\"https:\/\/medicina.udd.cl\/fonoaudiologia-santiago\/files\/2024\/01\/01.jpg\"><img loading=\"lazy\" decoding=\"async\" width=\"694\" height=\"1024\" data-id=\"6330\" src=\"https:\/\/medicina.udd.cl\/fonoaudiologia-santiago\/files\/2024\/01\/01-694x1024.jpg\" alt=\"\" class=\"wp-image-6330\" srcset=\"https:\/\/medicina.udd.cl\/fonoaudiologia-santiago\/files\/2024\/01\/01-694x1024.jpg 694w, https:\/\/medicina.udd.cl\/fonoaudiologia-santiago\/files\/2024\/01\/01-203x300.jpg 203w, https:\/\/medicina.udd.cl\/fonoaudiologia-santiago\/files\/2024\/01\/01-768x1133.jpg 768w, https:\/\/medicina.udd.cl\/fonoaudiologia-santiago\/files\/2024\/01\/01-1041x1536.jpg 1041w, https:\/\/medicina.udd.cl\/fonoaudiologia-santiago\/files\/2024\/01\/01.jpg 1080w\" sizes=\"auto, (max-width: 694px) 100vw, 694px\" \/><\/a><\/figure>\n<\/figure>\n\n\n\n<p><em>Los desaf\u00edos que ha tenido que superar C\u00e9sar Varas en los \u00faltimos cuatro a\u00f1os no han sido f\u00e1ciles. Su fuerza de voluntad, el apoyo incondicional de su familia y un equipo de salud que ha acompa\u00f1ado cada uno de sus pasos han sido elementos fundamentales.<\/em><\/p>\n\n\n\n<p>El 14 de febrero de 2020 marca un antes y un despu\u00e9s en la vida de C\u00e9sar Varas, oriundo de Llay Llay y quien a sus 40 a\u00f1os fue diagnosticado con un aneurisma, que m\u00e1s tarde y luego de m\u00faltiples ex\u00e1menes deriv\u00f3 en una f\u00edstula espinal en el bulbo raqu\u00eddeo que le provoc\u00f3 un Ataque Cerebrovascular Hemorr\u00e1gico.<\/p>\n\n\n\n<p>Un mes de incertidumbre, en plena pandemia, indicaban que quedar\u00eda postrado y que ser\u00eda ox\u00edgeno dependiente hasta sus \u00faltimos d\u00edas. Pero sus ganas de salir adelante y la fuerza de voluntad que demostr\u00f3 desde el comienzo hizo que al mes dejara el ox\u00edgeno y que a los dos meses diera sus primeros pasos.<\/p>\n\n\n\n<p><strong>\u00bfQu\u00e9 consecuencias le dej\u00f3 este grave episodio de salud?<\/strong><\/p>\n\n\n\n<p>Si bien, hoy soy relativamente independiente, qued\u00e9 con mareo permanente, movimientos involuntarios en los ojos, par\u00e1lisis en la cuerda vocal izquierda, dificultad para mover el lado izquierdo de mi cuerpo, atrofia de esf\u00ednter esof\u00e1gico superior y disfagia.<\/p>\n\n\n\n<p><strong>\u00bfC\u00f3mo supo que sus secuelas podr\u00edan evolucionar favorablemente con la asistencia correcta?<\/strong><\/p>\n\n\n\n<p>Buscando en internet soluciones a mis problemas de disfagia y voz, me encontr\u00e9 con una entrevista de la se\u00f1ora Mar\u00eda Ang\u00e9lica L\u00f3pez (Directora de Fonoaudiolog\u00eda UDD), la escuch\u00e9 junto a mi esposa, nos interes\u00f3 y con mucha fe le escribimos un correo electr\u00f3nico. Sin dudar en que Dios tiene mucho que ver en esto, luego de media hora tuvimos respuesta de ella y con palabras muy amables y cari\u00f1osas nos cit\u00f3 a Cl\u00ednica Alemana.<\/p>\n\n\n\n<p><strong>\u00bfCu\u00e1l fue su primer contacto con el equipo de Fonoaudiolog\u00eda de la Universidad del Desarrollo?<\/strong><\/p>\n\n\n\n<p>Quedamos muy esperanzados luego de la primera consulta fonoaudiol\u00f3gica, la que deriv\u00f3 en algunos ex\u00e1menes y una cita al Laboratorio de Voz de la UDD. Patricio y Sof\u00eda nos estaban esperando, nos presentamos mutuamente y todo fluy\u00f3 de una manera incre\u00edble. Amabilidad, empat\u00eda, comprensi\u00f3n, inter\u00e9s genuino por ayudar y mejorar mi situaci\u00f3n es lo que encontramos en esa primera cita.<\/p>\n\n\n\n<p><strong>\u00bfC\u00f3mo han sido sus avances desde que asiste al Laboratorio?<\/strong><\/p>\n\n\n\n<p>Siempre supe que ser\u00eda un proceso largo y paulatino. Gracias al equipo completo del Laboratorio de Voz y a una intervenci\u00f3n de mi cuerda atrofiada, hoy la comunicaci\u00f3n con mi entorno ha mejorado mucho, lo mismo que mi respiraci\u00f3n y fuerza pulmonar. Incluso, los desmayos desaparecieron, lo que mejor\u00f3 mi calidad de vida considerablemente.<\/p>\n\n\n\n<p><strong>\u00bfC\u00f3mo es su relaci\u00f3n, en la actualidad, con el equipo de Fonoaudiolog\u00eda de la UDD?<\/strong><\/p>\n\n\n\n<p>A casi 4 a\u00f1os del episodio estoy mucho mejor en todo sentido, mi dependencia ha disminuido y eso es gracias al apoyo de todo el equipo, quienes han sido parte importante de mi largo camino de recuperaci\u00f3n.<\/p>\n\n\n\n<p><strong>Finalmente, \u00bfQu\u00e9 caracter\u00edsticas cree usted que hace a este equipo especial y fundamental en la vida de sus pacientes?<\/strong><\/p>\n\n\n\n<p>El amor por su profesi\u00f3n, el compromiso, la empat\u00eda,&nbsp;<em>expertise<\/em>&nbsp;y ganas de aportar a la recuperaci\u00f3n son caracter\u00edsticas que valoro y destaco en cada uno de ellos. Hoy nuestro contacto es constante, en la Universidad y a veces por tel\u00e9fono. Jam\u00e1s imagin\u00e9 tan linda labor con alguien que fue desahuciado y que gracias al apoyo recibido hoy avanza con alegr\u00eda de vivir.<\/p>\n","protected":false},"excerpt":{"rendered":"<p>Los desaf\u00edos que ha tenido que superar C\u00e9sar Varas en los \u00faltimos cuatro a\u00f1os no han sido f\u00e1ciles. Su fuerza de voluntad, el apoyo incondicional de su familia y un equipo de salud que ha acompa\u00f1ado cada uno de sus pasos han sido elementos fundamentales. El 14 de febrero de 2020 marca un antes y [&hellip;]<\/p>\n","protected":false},"author":9192254,"featured_media":6330,"comment_status":"closed","ping_status":"open","sticky":false,"template":"","format":"standard","meta":{"footnotes":""},"categories":[4],"tags":[],"class_list":["post-6321","post","type-post","status-publish","format-standard","has-post-thumbnail","hentry","category-noticias"],"yoast_head":"<!-- This site is optimized with the Yoast SEO plugin v26.9 - https:\/\/yoast.com\/product\/yoast-seo-wordpress\/ -->\n<title>\u201cFonoaudiolog\u00eda UDD es parte importante de mi largo camino hacia la recuperaci\u00f3n\u201d - Fonoaudiolog\u00eda<\/title>\n<meta name=\"robots\" content=\"index, follow, max-snippet:-1, max-image-preview:large, max-video-preview:-1\" \/>\n<link rel=\"canonical\" href=\"https:\/\/medicina.udd.cl\/fonoaudiologia-santiago\/noticias\/2024\/01\/03\/fonoaudiologia-udd-es-parte-importante-de-mi-largo-camino-hacia-la-recuperacion\/\" \/>\n<meta property=\"og:locale\" content=\"es_ES\" \/>\n<meta property=\"og:type\" content=\"article\" \/>\n<meta property=\"og:title\" content=\"\u201cFonoaudiolog\u00eda UDD es parte importante de mi largo camino hacia la recuperaci\u00f3n\u201d - Fonoaudiolog\u00eda\" \/>\n<meta property=\"og:description\" content=\"Los desaf\u00edos que ha tenido que superar C\u00e9sar Varas en los \u00faltimos cuatro a\u00f1os no han sido f\u00e1ciles. Su fuerza de voluntad, el apoyo incondicional de su familia y un equipo de salud que ha acompa\u00f1ado cada uno de sus pasos han sido elementos fundamentales. El 14 de febrero de 2020 marca un antes y [&hellip;]\" \/>\n<meta property=\"og:url\" content=\"https:\/\/medicina.udd.cl\/fonoaudiologia-santiago\/noticias\/2024\/01\/03\/fonoaudiologia-udd-es-parte-importante-de-mi-largo-camino-hacia-la-recuperacion\/\" \/>\n<meta property=\"og:site_name\" content=\"Fonoaudiolog\u00eda\" \/>\n<meta property=\"article:published_time\" content=\"2024-01-03T14:05:32+00:00\" \/>\n<meta property=\"article:modified_time\" content=\"2024-01-03T15:17:41+00:00\" \/>\n<meta property=\"og:image\" content=\"https:\/\/medicina.udd.cl\/fonoaudiologia-santiago\/files\/2024\/01\/01.jpg\" \/>\n\t<meta property=\"og:image:width\" content=\"1080\" \/>\n\t<meta property=\"og:image:height\" content=\"1593\" \/>\n\t<meta property=\"og:image:type\" content=\"image\/jpeg\" \/>\n<meta name=\"author\" content=\"magdalenaestay\" \/>\n<meta name=\"twitter:label1\" content=\"Escrito por\" \/>\n\t<meta name=\"twitter:data1\" content=\"magdalenaestay\" \/>\n\t<meta name=\"twitter:label2\" content=\"Tiempo de lectura\" \/>\n\t<meta name=\"twitter:data2\" content=\"4 minutos\" \/>\n<script type=\"application\/ld+json\" class=\"yoast-schema-graph\">{\"@context\":\"https:\/\/schema.org\",\"@graph\":[{\"@type\":\"Article\",\"@id\":\"https:\/\/medicina.udd.cl\/fonoaudiologia-santiago\/noticias\/2024\/01\/03\/fonoaudiologia-udd-es-parte-importante-de-mi-largo-camino-hacia-la-recuperacion\/#article\",\"isPartOf\":{\"@id\":\"https:\/\/medicina.udd.cl\/fonoaudiologia-santiago\/noticias\/2024\/01\/03\/fonoaudiologia-udd-es-parte-importante-de-mi-largo-camino-hacia-la-recuperacion\/\"},\"author\":{\"name\":\"magdalenaestay\",\"@id\":\"https:\/\/medicina.udd.cl\/fonoaudiologia-santiago\/#\/schema\/person\/ed6f79d59c0f820f128a5bb9801ef1f2\"},\"headline\":\"\u201cFonoaudiolog\u00eda UDD es parte importante de mi largo camino hacia la recuperaci\u00f3n\u201d\",\"datePublished\":\"2024-01-03T14:05:32+00:00\",\"dateModified\":\"2024-01-03T15:17:41+00:00\",\"mainEntityOfPage\":{\"@id\":\"https:\/\/medicina.udd.cl\/fonoaudiologia-santiago\/noticias\/2024\/01\/03\/fonoaudiologia-udd-es-parte-importante-de-mi-largo-camino-hacia-la-recuperacion\/\"},\"wordCount\":632,\"image\":{\"@id\":\"https:\/\/medicina.udd.cl\/fonoaudiologia-santiago\/noticias\/2024\/01\/03\/fonoaudiologia-udd-es-parte-importante-de-mi-largo-camino-hacia-la-recuperacion\/#primaryimage\"},\"thumbnailUrl\":\"https:\/\/medicina.udd.cl\/fonoaudiologia-santiago\/files\/2024\/01\/01.jpg\",\"articleSection\":[\"Noticias\"],\"inLanguage\":\"es\"},{\"@type\":\"WebPage\",\"@id\":\"https:\/\/medicina.udd.cl\/fonoaudiologia-santiago\/noticias\/2024\/01\/03\/fonoaudiologia-udd-es-parte-importante-de-mi-largo-camino-hacia-la-recuperacion\/\",\"url\":\"https:\/\/medicina.udd.cl\/fonoaudiologia-santiago\/noticias\/2024\/01\/03\/fonoaudiologia-udd-es-parte-importante-de-mi-largo-camino-hacia-la-recuperacion\/\",\"name\":\"\u201cFonoaudiolog\u00eda UDD es parte importante de mi largo camino hacia la recuperaci\u00f3n\u201d - Fonoaudiolog\u00eda\",\"isPartOf\":{\"@id\":\"https:\/\/medicina.udd.cl\/fonoaudiologia-santiago\/#website\"},\"primaryImageOfPage\":{\"@id\":\"https:\/\/medicina.udd.cl\/fonoaudiologia-santiago\/noticias\/2024\/01\/03\/fonoaudiologia-udd-es-parte-importante-de-mi-largo-camino-hacia-la-recuperacion\/#primaryimage\"},\"image\":{\"@id\":\"https:\/\/medicina.udd.cl\/fonoaudiologia-santiago\/noticias\/2024\/01\/03\/fonoaudiologia-udd-es-parte-importante-de-mi-largo-camino-hacia-la-recuperacion\/#primaryimage\"},\"thumbnailUrl\":\"https:\/\/medicina.udd.cl\/fonoaudiologia-santiago\/files\/2024\/01\/01.jpg\",\"datePublished\":\"2024-01-03T14:05:32+00:00\",\"dateModified\":\"2024-01-03T15:17:41+00:00\",\"author\":{\"@id\":\"https:\/\/medicina.udd.cl\/fonoaudiologia-santiago\/#\/schema\/person\/ed6f79d59c0f820f128a5bb9801ef1f2\"},\"breadcrumb\":{\"@id\":\"https:\/\/medicina.udd.cl\/fonoaudiologia-santiago\/noticias\/2024\/01\/03\/fonoaudiologia-udd-es-parte-importante-de-mi-largo-camino-hacia-la-recuperacion\/#breadcrumb\"},\"inLanguage\":\"es\",\"potentialAction\":[{\"@type\":\"ReadAction\",\"target\":[\"https:\/\/medicina.udd.cl\/fonoaudiologia-santiago\/noticias\/2024\/01\/03\/fonoaudiologia-udd-es-parte-importante-de-mi-largo-camino-hacia-la-recuperacion\/\"]}]},{\"@type\":\"ImageObject\",\"inLanguage\":\"es\",\"@id\":\"https:\/\/medicina.udd.cl\/fonoaudiologia-santiago\/noticias\/2024\/01\/03\/fonoaudiologia-udd-es-parte-importante-de-mi-largo-camino-hacia-la-recuperacion\/#primaryimage\",\"url\":\"https:\/\/medicina.udd.cl\/fonoaudiologia-santiago\/files\/2024\/01\/01.jpg\",\"contentUrl\":\"https:\/\/medicina.udd.cl\/fonoaudiologia-santiago\/files\/2024\/01\/01.jpg\",\"width\":1080,\"height\":1593},{\"@type\":\"BreadcrumbList\",\"@id\":\"https:\/\/medicina.udd.cl\/fonoaudiologia-santiago\/noticias\/2024\/01\/03\/fonoaudiologia-udd-es-parte-importante-de-mi-largo-camino-hacia-la-recuperacion\/#breadcrumb\",\"itemListElement\":[{\"@type\":\"ListItem\",\"position\":1,\"name\":\"Home\",\"item\":\"https:\/\/medicina.udd.cl\/fonoaudiologia-santiago\/\"},{\"@type\":\"ListItem\",\"position\":2,\"name\":\"\u201cFonoaudiolog\u00eda UDD es parte importante de mi largo camino hacia la recuperaci\u00f3n\u201d\"}]},{\"@type\":\"WebSite\",\"@id\":\"https:\/\/medicina.udd.cl\/fonoaudiologia-santiago\/#website\",\"url\":\"https:\/\/medicina.udd.cl\/fonoaudiologia-santiago\/\",\"name\":\"Fonoaudiolog\u00eda\",\"description\":\"Facultad de Medicina Cl\u00ednica Alemana Universidad del Desarrollo\",\"inLanguage\":\"es\"},{\"@type\":\"Person\",\"@id\":\"https:\/\/medicina.udd.cl\/fonoaudiologia-santiago\/#\/schema\/person\/ed6f79d59c0f820f128a5bb9801ef1f2\",\"name\":\"magdalenaestay\",\"image\":{\"@type\":\"ImageObject\",\"inLanguage\":\"es\",\"@id\":\"https:\/\/medicina.udd.cl\/fonoaudiologia-santiago\/#\/schema\/person\/image\/\",\"url\":\"https:\/\/secure.gravatar.com\/avatar\/b068ccaa115501438dab22979d0ff56e6306c4f89777269db483369ec65d8dc1?s=96&d=mm&r=g\",\"contentUrl\":\"https:\/\/secure.gravatar.com\/avatar\/b068ccaa115501438dab22979d0ff56e6306c4f89777269db483369ec65d8dc1?s=96&d=mm&r=g\",\"caption\":\"magdalenaestay\"},\"url\":\"https:\/\/medicina.udd.cl\/fonoaudiologia-santiago\/noticias\/author\/magdalenaestay\/\"}]}<\/script>\n<!-- \/ Yoast SEO plugin. -->","yoast_head_json":{"title":"\u201cFonoaudiolog\u00eda UDD es parte importante de mi largo camino hacia la recuperaci\u00f3n\u201d - Fonoaudiolog\u00eda","robots":{"index":"index","follow":"follow","max-snippet":"max-snippet:-1","max-image-preview":"max-image-preview:large","max-video-preview":"max-video-preview:-1"},"canonical":"https:\/\/medicina.udd.cl\/fonoaudiologia-santiago\/noticias\/2024\/01\/03\/fonoaudiologia-udd-es-parte-importante-de-mi-largo-camino-hacia-la-recuperacion\/","og_locale":"es_ES","og_type":"article","og_title":"\u201cFonoaudiolog\u00eda UDD es parte importante de mi largo camino hacia la recuperaci\u00f3n\u201d - Fonoaudiolog\u00eda","og_description":"Los desaf\u00edos que ha tenido que superar C\u00e9sar Varas en los \u00faltimos cuatro a\u00f1os no han sido f\u00e1ciles. Su fuerza de voluntad, el apoyo incondicional de su familia y un equipo de salud que ha acompa\u00f1ado cada uno de sus pasos han sido elementos fundamentales. El 14 de febrero de 2020 marca un antes y [&hellip;]","og_url":"https:\/\/medicina.udd.cl\/fonoaudiologia-santiago\/noticias\/2024\/01\/03\/fonoaudiologia-udd-es-parte-importante-de-mi-largo-camino-hacia-la-recuperacion\/","og_site_name":"Fonoaudiolog\u00eda","article_published_time":"2024-01-03T14:05:32+00:00","article_modified_time":"2024-01-03T15:17:41+00:00","og_image":[{"width":1080,"height":1593,"url":"https:\/\/medicina.udd.cl\/fonoaudiologia-santiago\/files\/2024\/01\/01.jpg","type":"image\/jpeg"}],"author":"magdalenaestay","twitter_misc":{"Escrito por":"magdalenaestay","Tiempo de lectura":"4 minutos"},"schema":{"@context":"https:\/\/schema.org","@graph":[{"@type":"Article","@id":"https:\/\/medicina.udd.cl\/fonoaudiologia-santiago\/noticias\/2024\/01\/03\/fonoaudiologia-udd-es-parte-importante-de-mi-largo-camino-hacia-la-recuperacion\/#article","isPartOf":{"@id":"https:\/\/medicina.udd.cl\/fonoaudiologia-santiago\/noticias\/2024\/01\/03\/fonoaudiologia-udd-es-parte-importante-de-mi-largo-camino-hacia-la-recuperacion\/"},"author":{"name":"magdalenaestay","@id":"https:\/\/medicina.udd.cl\/fonoaudiologia-santiago\/#\/schema\/person\/ed6f79d59c0f820f128a5bb9801ef1f2"},"headline":"\u201cFonoaudiolog\u00eda UDD es parte importante de mi largo camino hacia la recuperaci\u00f3n\u201d","datePublished":"2024-01-03T14:05:32+00:00","dateModified":"2024-01-03T15:17:41+00:00","mainEntityOfPage":{"@id":"https:\/\/medicina.udd.cl\/fonoaudiologia-santiago\/noticias\/2024\/01\/03\/fonoaudiologia-udd-es-parte-importante-de-mi-largo-camino-hacia-la-recuperacion\/"},"wordCount":632,"image":{"@id":"https:\/\/medicina.udd.cl\/fonoaudiologia-santiago\/noticias\/2024\/01\/03\/fonoaudiologia-udd-es-parte-importante-de-mi-largo-camino-hacia-la-recuperacion\/#primaryimage"},"thumbnailUrl":"https:\/\/medicina.udd.cl\/fonoaudiologia-santiago\/files\/2024\/01\/01.jpg","articleSection":["Noticias"],"inLanguage":"es"},{"@type":"WebPage","@id":"https:\/\/medicina.udd.cl\/fonoaudiologia-santiago\/noticias\/2024\/01\/03\/fonoaudiologia-udd-es-parte-importante-de-mi-largo-camino-hacia-la-recuperacion\/","url":"https:\/\/medicina.udd.cl\/fonoaudiologia-santiago\/noticias\/2024\/01\/03\/fonoaudiologia-udd-es-parte-importante-de-mi-largo-camino-hacia-la-recuperacion\/","name":"\u201cFonoaudiolog\u00eda UDD es parte importante de mi largo camino hacia la recuperaci\u00f3n\u201d - Fonoaudiolog\u00eda","isPartOf":{"@id":"https:\/\/medicina.udd.cl\/fonoaudiologia-santiago\/#website"},"primaryImageOfPage":{"@id":"https:\/\/medicina.udd.cl\/fonoaudiologia-santiago\/noticias\/2024\/01\/03\/fonoaudiologia-udd-es-parte-importante-de-mi-largo-camino-hacia-la-recuperacion\/#primaryimage"},"image":{"@id":"https:\/\/medicina.udd.cl\/fonoaudiologia-santiago\/noticias\/2024\/01\/03\/fonoaudiologia-udd-es-parte-importante-de-mi-largo-camino-hacia-la-recuperacion\/#primaryimage"},"thumbnailUrl":"https:\/\/medicina.udd.cl\/fonoaudiologia-santiago\/files\/2024\/01\/01.jpg","datePublished":"2024-01-03T14:05:32+00:00","dateModified":"2024-01-03T15:17:41+00:00","author":{"@id":"https:\/\/medicina.udd.cl\/fonoaudiologia-santiago\/#\/schema\/person\/ed6f79d59c0f820f128a5bb9801ef1f2"},"breadcrumb":{"@id":"https:\/\/medicina.udd.cl\/fonoaudiologia-santiago\/noticias\/2024\/01\/03\/fonoaudiologia-udd-es-parte-importante-de-mi-largo-camino-hacia-la-recuperacion\/#breadcrumb"},"inLanguage":"es","potentialAction":[{"@type":"ReadAction","target":["https:\/\/medicina.udd.cl\/fonoaudiologia-santiago\/noticias\/2024\/01\/03\/fonoaudiologia-udd-es-parte-importante-de-mi-largo-camino-hacia-la-recuperacion\/"]}]},{"@type":"ImageObject","inLanguage":"es","@id":"https:\/\/medicina.udd.cl\/fonoaudiologia-santiago\/noticias\/2024\/01\/03\/fonoaudiologia-udd-es-parte-importante-de-mi-largo-camino-hacia-la-recuperacion\/#primaryimage","url":"https:\/\/medicina.udd.cl\/fonoaudiologia-santiago\/files\/2024\/01\/01.jpg","contentUrl":"https:\/\/medicina.udd.cl\/fonoaudiologia-santiago\/files\/2024\/01\/01.jpg","width":1080,"height":1593},{"@type":"BreadcrumbList","@id":"https:\/\/medicina.udd.cl\/fonoaudiologia-santiago\/noticias\/2024\/01\/03\/fonoaudiologia-udd-es-parte-importante-de-mi-largo-camino-hacia-la-recuperacion\/#breadcrumb","itemListElement":[{"@type":"ListItem","position":1,"name":"Home","item":"https:\/\/medicina.udd.cl\/fonoaudiologia-santiago\/"},{"@type":"ListItem","position":2,"name":"\u201cFonoaudiolog\u00eda UDD es parte importante de mi largo camino hacia la recuperaci\u00f3n\u201d"}]},{"@type":"WebSite","@id":"https:\/\/medicina.udd.cl\/fonoaudiologia-santiago\/#website","url":"https:\/\/medicina.udd.cl\/fonoaudiologia-santiago\/","name":"Fonoaudiolog\u00eda","description":"Facultad de Medicina Cl\u00ednica Alemana Universidad del Desarrollo","inLanguage":"es"},{"@type":"Person","@id":"https:\/\/medicina.udd.cl\/fonoaudiologia-santiago\/#\/schema\/person\/ed6f79d59c0f820f128a5bb9801ef1f2","name":"magdalenaestay","image":{"@type":"ImageObject","inLanguage":"es","@id":"https:\/\/medicina.udd.cl\/fonoaudiologia-santiago\/#\/schema\/person\/image\/","url":"https:\/\/secure.gravatar.com\/avatar\/b068ccaa115501438dab22979d0ff56e6306c4f89777269db483369ec65d8dc1?s=96&d=mm&r=g","contentUrl":"https:\/\/secure.gravatar.com\/avatar\/b068ccaa115501438dab22979d0ff56e6306c4f89777269db483369ec65d8dc1?s=96&d=mm&r=g","caption":"magdalenaestay"},"url":"https:\/\/medicina.udd.cl\/fonoaudiologia-santiago\/noticias\/author\/magdalenaestay\/"}]}},"featured_image_url":"https:\/\/medicina.udd.cl\/fonoaudiologia-santiago\/files\/2024\/01\/01.jpg","_links":{"self":[{"href":"https:\/\/medicina.udd.cl\/fonoaudiologia-santiago\/wp-json\/wp\/v2\/posts\/6321","targetHints":{"allow":["GET"]}}],"collection":[{"href":"https:\/\/medicina.udd.cl\/fonoaudiologia-santiago\/wp-json\/wp\/v2\/posts"}],"about":[{"href":"https:\/\/medicina.udd.cl\/fonoaudiologia-santiago\/wp-json\/wp\/v2\/types\/post"}],"author":[{"embeddable":true,"href":"https:\/\/medicina.udd.cl\/fonoaudiologia-santiago\/wp-json\/wp\/v2\/users\/9192254"}],"replies":[{"embeddable":true,"href":"https:\/\/medicina.udd.cl\/fonoaudiologia-santiago\/wp-json\/wp\/v2\/comments?post=6321"}],"version-history":[{"count":2,"href":"https:\/\/medicina.udd.cl\/fonoaudiologia-santiago\/wp-json\/wp\/v2\/posts\/6321\/revisions"}],"predecessor-version":[{"id":6339,"href":"https:\/\/medicina.udd.cl\/fonoaudiologia-santiago\/wp-json\/wp\/v2\/posts\/6321\/revisions\/6339"}],"wp:featuredmedia":[{"embeddable":true,"href":"https:\/\/medicina.udd.cl\/fonoaudiologia-santiago\/wp-json\/wp\/v2\/media\/6330"}],"wp:attachment":[{"href":"https:\/\/medicina.udd.cl\/fonoaudiologia-santiago\/wp-json\/wp\/v2\/media?parent=6321"}],"wp:term":[{"taxonomy":"category","embeddable":true,"href":"https:\/\/medicina.udd.cl\/fonoaudiologia-santiago\/wp-json\/wp\/v2\/categories?post=6321"},{"taxonomy":"post_tag","embeddable":true,"href":"https:\/\/medicina.udd.cl\/fonoaudiologia-santiago\/wp-json\/wp\/v2\/tags?post=6321"}],"curies":[{"name":"wp","href":"https:\/\/api.w.org\/{rel}","templated":true}]}}