{"id":6357,"date":"2024-01-09T15:26:00","date_gmt":"2024-01-09T18:26:00","guid":{"rendered":"https:\/\/medicina.udd.cl\/fonoaudiologia-santiago\/?p=6357"},"modified":"2024-01-16T15:31:08","modified_gmt":"2024-01-16T18:31:08","slug":"participacion-de-fonoaudiologia-udd-en-emotiva-ceremonia-en-la-clinica-familia","status":"publish","type":"post","link":"https:\/\/medicina.udd.cl\/fonoaudiologia-santiago\/noticias\/2024\/01\/09\/participacion-de-fonoaudiologia-udd-en-emotiva-ceremonia-en-la-clinica-familia\/","title":{"rendered":"Participaci\u00f3n de Fonoaudiolog\u00eda UDD en emotiva ceremonia en la Cl\u00ednica Familia"},"content":{"rendered":"\n<figure class=\"wp-block-image alignright size-full is-resized\"><a href=\"https:\/\/medicina.udd.cl\/fonoaudiologia-santiago\/files\/2024\/01\/fono-misa-clinica-familia_1080.jpg\"><img loading=\"lazy\" decoding=\"async\" src=\"https:\/\/medicina.udd.cl\/fonoaudiologia-santiago\/files\/2024\/01\/fono-misa-clinica-familia_1080.jpg\" alt=\"\" class=\"wp-image-6363\" width=\"480\" height=\"480\" srcset=\"https:\/\/medicina.udd.cl\/fonoaudiologia-santiago\/files\/2024\/01\/fono-misa-clinica-familia_1080.jpg 640w, https:\/\/medicina.udd.cl\/fonoaudiologia-santiago\/files\/2024\/01\/fono-misa-clinica-familia_1080-300x300.jpg 300w, https:\/\/medicina.udd.cl\/fonoaudiologia-santiago\/files\/2024\/01\/fono-misa-clinica-familia_1080-150x150.jpg 150w, https:\/\/medicina.udd.cl\/fonoaudiologia-santiago\/files\/2024\/01\/fono-misa-clinica-familia_1080-62x62.jpg 62w, https:\/\/medicina.udd.cl\/fonoaudiologia-santiago\/files\/2024\/01\/fono-misa-clinica-familia_1080-500x500.jpg 500w, https:\/\/medicina.udd.cl\/fonoaudiologia-santiago\/files\/2024\/01\/fono-misa-clinica-familia_1080-250x250.jpg 250w, https:\/\/medicina.udd.cl\/fonoaudiologia-santiago\/files\/2024\/01\/fono-misa-clinica-familia_1080-126x126.jpg 126w\" sizes=\"auto, (max-width: 480px) 100vw, 480px\" \/><\/a><\/figure>\n\n\n\n<p>El pasado domingo 7 de enero, la Cl\u00ednica Familia, dedicada a pacientes paliativos en la \u00faltima etapa de la vida, celebr\u00f3 una conmovedora misa en recuerdo de quienes fallecieron en 2023 y en conmemoraci\u00f3n del aniversario del fallecimiento del fundador, el sacerdote Baldo Santi.<\/p>\n\n\n\n<p>En esta significativa ocasi\u00f3n, la directora de la carrera de Fonoaudiolog\u00eda de la Facultad de Medicina Cl\u00ednica Alemana Universidad del Desarrollo (UDD), la fonoaudi\u00f3loga Mar\u00eda Ang\u00e9lica L\u00f3pez, y el acad\u00e9mico Pablo Roa, ambos integrantes del equipo de salud de la cl\u00ednica, fueron invitados a presenciar la ceremonia.<\/p>\n\n\n\n<p>Durante el evento, se rindi\u00f3 homenaje al personal de salud de la instituci\u00f3n, quienes fueron llamados adelante para recibir un reconocimiento y leer un compromiso. Este compromiso reafirmaba la dedicaci\u00f3n de cada colaborador para seguir trabajando y cuidando de las personas durante el 2024.<\/p>\n\n\n\n<p>Mar\u00eda Ang\u00e9lica L\u00f3pez, en representaci\u00f3n de Fonoaudiolog\u00eda UDD, recibi\u00f3 el compromiso y lo ley\u00f3 en un emotivo acto. <em>\u00abFue una ceremonia muy emotiva. Estuvimos todo el tiempo con los pacientes junto a sus familiares. Tengo mucho que agradecer por vivir esta experiencia. Fue muy emocionante\u00bb<\/em>, expres\u00f3 la directora de Fonoaudiolog\u00eda UDD.<\/p>\n\n\n\n<p>Es importante destacar que, los estudiantes de Fonoaudiolog\u00eda UDD tienen la oportunidad de asistir a la Cl\u00ednica Familia como parte integral de su formaci\u00f3n, ofreciendo servicios a los pacientes y fortaleciendo el compromiso de la carrera con el bienestar y cuidado de la comunidad. La participaci\u00f3n activa en esta ceremonia refleja el compromiso continuo de Fonoaudiolog\u00eda UDD con la atenci\u00f3n integral de la salud y el apoyo a los pacientes en todas las etapas de la vida.<\/p>\n","protected":false},"excerpt":{"rendered":"<p>El pasado domingo 7 de enero, la Cl\u00ednica Familia, dedicada a pacientes paliativos en la \u00faltima etapa de la vida, celebr\u00f3 una conmovedora misa en recuerdo de quienes fallecieron en 2023 y en conmemoraci\u00f3n del aniversario del fallecimiento del fundador, el sacerdote Baldo Santi. En esta significativa ocasi\u00f3n, la directora de la carrera de Fonoaudiolog\u00eda [&hellip;]<\/p>\n","protected":false},"author":9192219,"featured_media":6363,"comment_status":"closed","ping_status":"open","sticky":false,"template":"","format":"standard","meta":{"footnotes":""},"categories":[4],"tags":[],"class_list":["post-6357","post","type-post","status-publish","format-standard","has-post-thumbnail","hentry","category-noticias"],"yoast_head":"<!-- This site is optimized with the Yoast SEO plugin v26.9 - https:\/\/yoast.com\/product\/yoast-seo-wordpress\/ -->\n<title>Participaci\u00f3n de Fonoaudiolog\u00eda UDD en emotiva ceremonia en la Cl\u00ednica Familia - Fonoaudiolog\u00eda<\/title>\n<meta name=\"robots\" content=\"index, follow, max-snippet:-1, max-image-preview:large, max-video-preview:-1\" \/>\n<link rel=\"canonical\" href=\"https:\/\/medicina.udd.cl\/fonoaudiologia-santiago\/noticias\/2024\/01\/09\/participacion-de-fonoaudiologia-udd-en-emotiva-ceremonia-en-la-clinica-familia\/\" \/>\n<meta property=\"og:locale\" content=\"es_ES\" \/>\n<meta property=\"og:type\" content=\"article\" \/>\n<meta property=\"og:title\" content=\"Participaci\u00f3n de Fonoaudiolog\u00eda UDD en emotiva ceremonia en la Cl\u00ednica Familia - Fonoaudiolog\u00eda\" \/>\n<meta property=\"og:description\" content=\"El pasado domingo 7 de enero, la Cl\u00ednica Familia, dedicada a pacientes paliativos en la \u00faltima etapa de la vida, celebr\u00f3 una conmovedora misa en recuerdo de quienes fallecieron en 2023 y en conmemoraci\u00f3n del aniversario del fallecimiento del fundador, el sacerdote Baldo Santi. En esta significativa ocasi\u00f3n, la directora de la carrera de Fonoaudiolog\u00eda [&hellip;]\" \/>\n<meta property=\"og:url\" content=\"https:\/\/medicina.udd.cl\/fonoaudiologia-santiago\/noticias\/2024\/01\/09\/participacion-de-fonoaudiologia-udd-en-emotiva-ceremonia-en-la-clinica-familia\/\" \/>\n<meta property=\"og:site_name\" content=\"Fonoaudiolog\u00eda\" \/>\n<meta property=\"article:published_time\" content=\"2024-01-09T18:26:00+00:00\" \/>\n<meta property=\"article:modified_time\" content=\"2024-01-16T18:31:08+00:00\" \/>\n<meta property=\"og:image\" content=\"https:\/\/medicina.udd.cl\/fonoaudiologia-santiago\/files\/2024\/01\/fono-misa-clinica-familia_1080.jpg\" \/>\n\t<meta property=\"og:image:width\" content=\"640\" \/>\n\t<meta property=\"og:image:height\" content=\"640\" \/>\n\t<meta property=\"og:image:type\" content=\"image\/jpeg\" \/>\n<meta name=\"author\" content=\"rbraidy\" \/>\n<meta name=\"twitter:label1\" content=\"Escrito por\" \/>\n\t<meta name=\"twitter:data1\" content=\"rbraidy\" \/>\n\t<meta name=\"twitter:label2\" content=\"Tiempo de lectura\" \/>\n\t<meta name=\"twitter:data2\" content=\"2 minutos\" \/>\n<script type=\"application\/ld+json\" class=\"yoast-schema-graph\">{\"@context\":\"https:\/\/schema.org\",\"@graph\":[{\"@type\":\"Article\",\"@id\":\"https:\/\/medicina.udd.cl\/fonoaudiologia-santiago\/noticias\/2024\/01\/09\/participacion-de-fonoaudiologia-udd-en-emotiva-ceremonia-en-la-clinica-familia\/#article\",\"isPartOf\":{\"@id\":\"https:\/\/medicina.udd.cl\/fonoaudiologia-santiago\/noticias\/2024\/01\/09\/participacion-de-fonoaudiologia-udd-en-emotiva-ceremonia-en-la-clinica-familia\/\"},\"author\":{\"name\":\"rbraidy\",\"@id\":\"https:\/\/medicina.udd.cl\/fonoaudiologia-santiago\/#\/schema\/person\/dbc3705bf3a93e8be1ba6de0ef950341\"},\"headline\":\"Participaci\u00f3n de Fonoaudiolog\u00eda UDD en emotiva ceremonia en la Cl\u00ednica Familia\",\"datePublished\":\"2024-01-09T18:26:00+00:00\",\"dateModified\":\"2024-01-16T18:31:08+00:00\",\"mainEntityOfPage\":{\"@id\":\"https:\/\/medicina.udd.cl\/fonoaudiologia-santiago\/noticias\/2024\/01\/09\/participacion-de-fonoaudiologia-udd-en-emotiva-ceremonia-en-la-clinica-familia\/\"},\"wordCount\":299,\"image\":{\"@id\":\"https:\/\/medicina.udd.cl\/fonoaudiologia-santiago\/noticias\/2024\/01\/09\/participacion-de-fonoaudiologia-udd-en-emotiva-ceremonia-en-la-clinica-familia\/#primaryimage\"},\"thumbnailUrl\":\"https:\/\/medicina.udd.cl\/fonoaudiologia-santiago\/files\/2024\/01\/fono-misa-clinica-familia_1080.jpg\",\"articleSection\":[\"Noticias\"],\"inLanguage\":\"es\"},{\"@type\":\"WebPage\",\"@id\":\"https:\/\/medicina.udd.cl\/fonoaudiologia-santiago\/noticias\/2024\/01\/09\/participacion-de-fonoaudiologia-udd-en-emotiva-ceremonia-en-la-clinica-familia\/\",\"url\":\"https:\/\/medicina.udd.cl\/fonoaudiologia-santiago\/noticias\/2024\/01\/09\/participacion-de-fonoaudiologia-udd-en-emotiva-ceremonia-en-la-clinica-familia\/\",\"name\":\"Participaci\u00f3n de Fonoaudiolog\u00eda UDD en emotiva ceremonia en la Cl\u00ednica Familia - Fonoaudiolog\u00eda\",\"isPartOf\":{\"@id\":\"https:\/\/medicina.udd.cl\/fonoaudiologia-santiago\/#website\"},\"primaryImageOfPage\":{\"@id\":\"https:\/\/medicina.udd.cl\/fonoaudiologia-santiago\/noticias\/2024\/01\/09\/participacion-de-fonoaudiologia-udd-en-emotiva-ceremonia-en-la-clinica-familia\/#primaryimage\"},\"image\":{\"@id\":\"https:\/\/medicina.udd.cl\/fonoaudiologia-santiago\/noticias\/2024\/01\/09\/participacion-de-fonoaudiologia-udd-en-emotiva-ceremonia-en-la-clinica-familia\/#primaryimage\"},\"thumbnailUrl\":\"https:\/\/medicina.udd.cl\/fonoaudiologia-santiago\/files\/2024\/01\/fono-misa-clinica-familia_1080.jpg\",\"datePublished\":\"2024-01-09T18:26:00+00:00\",\"dateModified\":\"2024-01-16T18:31:08+00:00\",\"author\":{\"@id\":\"https:\/\/medicina.udd.cl\/fonoaudiologia-santiago\/#\/schema\/person\/dbc3705bf3a93e8be1ba6de0ef950341\"},\"breadcrumb\":{\"@id\":\"https:\/\/medicina.udd.cl\/fonoaudiologia-santiago\/noticias\/2024\/01\/09\/participacion-de-fonoaudiologia-udd-en-emotiva-ceremonia-en-la-clinica-familia\/#breadcrumb\"},\"inLanguage\":\"es\",\"potentialAction\":[{\"@type\":\"ReadAction\",\"target\":[\"https:\/\/medicina.udd.cl\/fonoaudiologia-santiago\/noticias\/2024\/01\/09\/participacion-de-fonoaudiologia-udd-en-emotiva-ceremonia-en-la-clinica-familia\/\"]}]},{\"@type\":\"ImageObject\",\"inLanguage\":\"es\",\"@id\":\"https:\/\/medicina.udd.cl\/fonoaudiologia-santiago\/noticias\/2024\/01\/09\/participacion-de-fonoaudiologia-udd-en-emotiva-ceremonia-en-la-clinica-familia\/#primaryimage\",\"url\":\"https:\/\/medicina.udd.cl\/fonoaudiologia-santiago\/files\/2024\/01\/fono-misa-clinica-familia_1080.jpg\",\"contentUrl\":\"https:\/\/medicina.udd.cl\/fonoaudiologia-santiago\/files\/2024\/01\/fono-misa-clinica-familia_1080.jpg\",\"width\":640,\"height\":640},{\"@type\":\"BreadcrumbList\",\"@id\":\"https:\/\/medicina.udd.cl\/fonoaudiologia-santiago\/noticias\/2024\/01\/09\/participacion-de-fonoaudiologia-udd-en-emotiva-ceremonia-en-la-clinica-familia\/#breadcrumb\",\"itemListElement\":[{\"@type\":\"ListItem\",\"position\":1,\"name\":\"Home\",\"item\":\"https:\/\/medicina.udd.cl\/fonoaudiologia-santiago\/\"},{\"@type\":\"ListItem\",\"position\":2,\"name\":\"Participaci\u00f3n de Fonoaudiolog\u00eda UDD en emotiva ceremonia en la Cl\u00ednica Familia\"}]},{\"@type\":\"WebSite\",\"@id\":\"https:\/\/medicina.udd.cl\/fonoaudiologia-santiago\/#website\",\"url\":\"https:\/\/medicina.udd.cl\/fonoaudiologia-santiago\/\",\"name\":\"Fonoaudiolog\u00eda\",\"description\":\"Facultad de Medicina Cl\u00ednica Alemana Universidad del Desarrollo\",\"inLanguage\":\"es\"},{\"@type\":\"Person\",\"@id\":\"https:\/\/medicina.udd.cl\/fonoaudiologia-santiago\/#\/schema\/person\/dbc3705bf3a93e8be1ba6de0ef950341\",\"name\":\"rbraidy\",\"image\":{\"@type\":\"ImageObject\",\"inLanguage\":\"es\",\"@id\":\"https:\/\/medicina.udd.cl\/fonoaudiologia-santiago\/#\/schema\/person\/image\/\",\"url\":\"https:\/\/secure.gravatar.com\/avatar\/0f8bc94637401590e45d2ce17eb65c274cb8870a219de6177f3f23e63fd8cdf3?s=96&d=mm&r=g\",\"contentUrl\":\"https:\/\/secure.gravatar.com\/avatar\/0f8bc94637401590e45d2ce17eb65c274cb8870a219de6177f3f23e63fd8cdf3?s=96&d=mm&r=g\",\"caption\":\"rbraidy\"},\"url\":\"https:\/\/medicina.udd.cl\/fonoaudiologia-santiago\/noticias\/author\/rbraidy\/\"}]}<\/script>\n<!-- \/ Yoast SEO plugin. -->","yoast_head_json":{"title":"Participaci\u00f3n de Fonoaudiolog\u00eda UDD en emotiva ceremonia en la Cl\u00ednica Familia - Fonoaudiolog\u00eda","robots":{"index":"index","follow":"follow","max-snippet":"max-snippet:-1","max-image-preview":"max-image-preview:large","max-video-preview":"max-video-preview:-1"},"canonical":"https:\/\/medicina.udd.cl\/fonoaudiologia-santiago\/noticias\/2024\/01\/09\/participacion-de-fonoaudiologia-udd-en-emotiva-ceremonia-en-la-clinica-familia\/","og_locale":"es_ES","og_type":"article","og_title":"Participaci\u00f3n de Fonoaudiolog\u00eda UDD en emotiva ceremonia en la Cl\u00ednica Familia - Fonoaudiolog\u00eda","og_description":"El pasado domingo 7 de enero, la Cl\u00ednica Familia, dedicada a pacientes paliativos en la \u00faltima etapa de la vida, celebr\u00f3 una conmovedora misa en recuerdo de quienes fallecieron en 2023 y en conmemoraci\u00f3n del aniversario del fallecimiento del fundador, el sacerdote Baldo Santi. En esta significativa ocasi\u00f3n, la directora de la carrera de Fonoaudiolog\u00eda [&hellip;]","og_url":"https:\/\/medicina.udd.cl\/fonoaudiologia-santiago\/noticias\/2024\/01\/09\/participacion-de-fonoaudiologia-udd-en-emotiva-ceremonia-en-la-clinica-familia\/","og_site_name":"Fonoaudiolog\u00eda","article_published_time":"2024-01-09T18:26:00+00:00","article_modified_time":"2024-01-16T18:31:08+00:00","og_image":[{"width":640,"height":640,"url":"https:\/\/medicina.udd.cl\/fonoaudiologia-santiago\/files\/2024\/01\/fono-misa-clinica-familia_1080.jpg","type":"image\/jpeg"}],"author":"rbraidy","twitter_misc":{"Escrito por":"rbraidy","Tiempo de lectura":"2 minutos"},"schema":{"@context":"https:\/\/schema.org","@graph":[{"@type":"Article","@id":"https:\/\/medicina.udd.cl\/fonoaudiologia-santiago\/noticias\/2024\/01\/09\/participacion-de-fonoaudiologia-udd-en-emotiva-ceremonia-en-la-clinica-familia\/#article","isPartOf":{"@id":"https:\/\/medicina.udd.cl\/fonoaudiologia-santiago\/noticias\/2024\/01\/09\/participacion-de-fonoaudiologia-udd-en-emotiva-ceremonia-en-la-clinica-familia\/"},"author":{"name":"rbraidy","@id":"https:\/\/medicina.udd.cl\/fonoaudiologia-santiago\/#\/schema\/person\/dbc3705bf3a93e8be1ba6de0ef950341"},"headline":"Participaci\u00f3n de Fonoaudiolog\u00eda UDD en emotiva ceremonia en la Cl\u00ednica Familia","datePublished":"2024-01-09T18:26:00+00:00","dateModified":"2024-01-16T18:31:08+00:00","mainEntityOfPage":{"@id":"https:\/\/medicina.udd.cl\/fonoaudiologia-santiago\/noticias\/2024\/01\/09\/participacion-de-fonoaudiologia-udd-en-emotiva-ceremonia-en-la-clinica-familia\/"},"wordCount":299,"image":{"@id":"https:\/\/medicina.udd.cl\/fonoaudiologia-santiago\/noticias\/2024\/01\/09\/participacion-de-fonoaudiologia-udd-en-emotiva-ceremonia-en-la-clinica-familia\/#primaryimage"},"thumbnailUrl":"https:\/\/medicina.udd.cl\/fonoaudiologia-santiago\/files\/2024\/01\/fono-misa-clinica-familia_1080.jpg","articleSection":["Noticias"],"inLanguage":"es"},{"@type":"WebPage","@id":"https:\/\/medicina.udd.cl\/fonoaudiologia-santiago\/noticias\/2024\/01\/09\/participacion-de-fonoaudiologia-udd-en-emotiva-ceremonia-en-la-clinica-familia\/","url":"https:\/\/medicina.udd.cl\/fonoaudiologia-santiago\/noticias\/2024\/01\/09\/participacion-de-fonoaudiologia-udd-en-emotiva-ceremonia-en-la-clinica-familia\/","name":"Participaci\u00f3n de Fonoaudiolog\u00eda UDD en emotiva ceremonia en la Cl\u00ednica Familia - Fonoaudiolog\u00eda","isPartOf":{"@id":"https:\/\/medicina.udd.cl\/fonoaudiologia-santiago\/#website"},"primaryImageOfPage":{"@id":"https:\/\/medicina.udd.cl\/fonoaudiologia-santiago\/noticias\/2024\/01\/09\/participacion-de-fonoaudiologia-udd-en-emotiva-ceremonia-en-la-clinica-familia\/#primaryimage"},"image":{"@id":"https:\/\/medicina.udd.cl\/fonoaudiologia-santiago\/noticias\/2024\/01\/09\/participacion-de-fonoaudiologia-udd-en-emotiva-ceremonia-en-la-clinica-familia\/#primaryimage"},"thumbnailUrl":"https:\/\/medicina.udd.cl\/fonoaudiologia-santiago\/files\/2024\/01\/fono-misa-clinica-familia_1080.jpg","datePublished":"2024-01-09T18:26:00+00:00","dateModified":"2024-01-16T18:31:08+00:00","author":{"@id":"https:\/\/medicina.udd.cl\/fonoaudiologia-santiago\/#\/schema\/person\/dbc3705bf3a93e8be1ba6de0ef950341"},"breadcrumb":{"@id":"https:\/\/medicina.udd.cl\/fonoaudiologia-santiago\/noticias\/2024\/01\/09\/participacion-de-fonoaudiologia-udd-en-emotiva-ceremonia-en-la-clinica-familia\/#breadcrumb"},"inLanguage":"es","potentialAction":[{"@type":"ReadAction","target":["https:\/\/medicina.udd.cl\/fonoaudiologia-santiago\/noticias\/2024\/01\/09\/participacion-de-fonoaudiologia-udd-en-emotiva-ceremonia-en-la-clinica-familia\/"]}]},{"@type":"ImageObject","inLanguage":"es","@id":"https:\/\/medicina.udd.cl\/fonoaudiologia-santiago\/noticias\/2024\/01\/09\/participacion-de-fonoaudiologia-udd-en-emotiva-ceremonia-en-la-clinica-familia\/#primaryimage","url":"https:\/\/medicina.udd.cl\/fonoaudiologia-santiago\/files\/2024\/01\/fono-misa-clinica-familia_1080.jpg","contentUrl":"https:\/\/medicina.udd.cl\/fonoaudiologia-santiago\/files\/2024\/01\/fono-misa-clinica-familia_1080.jpg","width":640,"height":640},{"@type":"BreadcrumbList","@id":"https:\/\/medicina.udd.cl\/fonoaudiologia-santiago\/noticias\/2024\/01\/09\/participacion-de-fonoaudiologia-udd-en-emotiva-ceremonia-en-la-clinica-familia\/#breadcrumb","itemListElement":[{"@type":"ListItem","position":1,"name":"Home","item":"https:\/\/medicina.udd.cl\/fonoaudiologia-santiago\/"},{"@type":"ListItem","position":2,"name":"Participaci\u00f3n de Fonoaudiolog\u00eda UDD en emotiva ceremonia en la Cl\u00ednica Familia"}]},{"@type":"WebSite","@id":"https:\/\/medicina.udd.cl\/fonoaudiologia-santiago\/#website","url":"https:\/\/medicina.udd.cl\/fonoaudiologia-santiago\/","name":"Fonoaudiolog\u00eda","description":"Facultad de Medicina Cl\u00ednica Alemana Universidad del Desarrollo","inLanguage":"es"},{"@type":"Person","@id":"https:\/\/medicina.udd.cl\/fonoaudiologia-santiago\/#\/schema\/person\/dbc3705bf3a93e8be1ba6de0ef950341","name":"rbraidy","image":{"@type":"ImageObject","inLanguage":"es","@id":"https:\/\/medicina.udd.cl\/fonoaudiologia-santiago\/#\/schema\/person\/image\/","url":"https:\/\/secure.gravatar.com\/avatar\/0f8bc94637401590e45d2ce17eb65c274cb8870a219de6177f3f23e63fd8cdf3?s=96&d=mm&r=g","contentUrl":"https:\/\/secure.gravatar.com\/avatar\/0f8bc94637401590e45d2ce17eb65c274cb8870a219de6177f3f23e63fd8cdf3?s=96&d=mm&r=g","caption":"rbraidy"},"url":"https:\/\/medicina.udd.cl\/fonoaudiologia-santiago\/noticias\/author\/rbraidy\/"}]}},"featured_image_url":"https:\/\/medicina.udd.cl\/fonoaudiologia-santiago\/files\/2024\/01\/fono-misa-clinica-familia_1080.jpg","_links":{"self":[{"href":"https:\/\/medicina.udd.cl\/fonoaudiologia-santiago\/wp-json\/wp\/v2\/posts\/6357","targetHints":{"allow":["GET"]}}],"collection":[{"href":"https:\/\/medicina.udd.cl\/fonoaudiologia-santiago\/wp-json\/wp\/v2\/posts"}],"about":[{"href":"https:\/\/medicina.udd.cl\/fonoaudiologia-santiago\/wp-json\/wp\/v2\/types\/post"}],"author":[{"embeddable":true,"href":"https:\/\/medicina.udd.cl\/fonoaudiologia-santiago\/wp-json\/wp\/v2\/users\/9192219"}],"replies":[{"embeddable":true,"href":"https:\/\/medicina.udd.cl\/fonoaudiologia-santiago\/wp-json\/wp\/v2\/comments?post=6357"}],"version-history":[{"count":1,"href":"https:\/\/medicina.udd.cl\/fonoaudiologia-santiago\/wp-json\/wp\/v2\/posts\/6357\/revisions"}],"predecessor-version":[{"id":6366,"href":"https:\/\/medicina.udd.cl\/fonoaudiologia-santiago\/wp-json\/wp\/v2\/posts\/6357\/revisions\/6366"}],"wp:featuredmedia":[{"embeddable":true,"href":"https:\/\/medicina.udd.cl\/fonoaudiologia-santiago\/wp-json\/wp\/v2\/media\/6363"}],"wp:attachment":[{"href":"https:\/\/medicina.udd.cl\/fonoaudiologia-santiago\/wp-json\/wp\/v2\/media?parent=6357"}],"wp:term":[{"taxonomy":"category","embeddable":true,"href":"https:\/\/medicina.udd.cl\/fonoaudiologia-santiago\/wp-json\/wp\/v2\/categories?post=6357"},{"taxonomy":"post_tag","embeddable":true,"href":"https:\/\/medicina.udd.cl\/fonoaudiologia-santiago\/wp-json\/wp\/v2\/tags?post=6357"}],"curies":[{"name":"wp","href":"https:\/\/api.w.org\/{rel}","templated":true}]}}