{"id":6444,"date":"2024-03-05T13:39:21","date_gmt":"2024-03-05T16:39:21","guid":{"rendered":"https:\/\/medicina.udd.cl\/fonoaudiologia-santiago\/?p=6444"},"modified":"2024-03-05T13:39:24","modified_gmt":"2024-03-05T16:39:24","slug":"fonoaudiologia-udd-promueve-la-conciencia-y-la-inclusion-en-dia-mundial-de-la-audicion","status":"publish","type":"post","link":"https:\/\/medicina.udd.cl\/fonoaudiologia-santiago\/noticias\/2024\/03\/05\/fonoaudiologia-udd-promueve-la-conciencia-y-la-inclusion-en-dia-mundial-de-la-audicion\/","title":{"rendered":"Fonoaudiolog\u00eda UDD promueve la conciencia y la inclusi\u00f3n en D\u00eda Mundial de la Audici\u00f3n"},"content":{"rendered":"\n<figure class=\"wp-block-gallery has-nested-images columns-default is-cropped wp-block-gallery-1 is-layout-flex wp-block-gallery-is-layout-flex\">\n<figure class=\"wp-block-image size-large\"><a href=\"https:\/\/medicina.udd.cl\/fonoaudiologia-santiago\/files\/2024\/03\/fono-dia-mundial-audicion-2024-10-scaled.jpg\"><img loading=\"lazy\" decoding=\"async\" width=\"1024\" height=\"768\" data-id=\"6465\" src=\"https:\/\/medicina.udd.cl\/fonoaudiologia-santiago\/files\/2024\/03\/fono-dia-mundial-audicion-2024-10-1024x768.jpg\" alt=\"\" class=\"wp-image-6465\" srcset=\"https:\/\/medicina.udd.cl\/fonoaudiologia-santiago\/files\/2024\/03\/fono-dia-mundial-audicion-2024-10-1024x768.jpg 1024w, https:\/\/medicina.udd.cl\/fonoaudiologia-santiago\/files\/2024\/03\/fono-dia-mundial-audicion-2024-10-300x225.jpg 300w, https:\/\/medicina.udd.cl\/fonoaudiologia-santiago\/files\/2024\/03\/fono-dia-mundial-audicion-2024-10-768x576.jpg 768w, https:\/\/medicina.udd.cl\/fonoaudiologia-santiago\/files\/2024\/03\/fono-dia-mundial-audicion-2024-10-1536x1152.jpg 1536w, https:\/\/medicina.udd.cl\/fonoaudiologia-santiago\/files\/2024\/03\/fono-dia-mundial-audicion-2024-10-2048x1536.jpg 2048w\" sizes=\"auto, (max-width: 1024px) 100vw, 1024px\" \/><\/a><\/figure>\n\n\n\n<figure class=\"wp-block-image size-large\"><a href=\"https:\/\/medicina.udd.cl\/fonoaudiologia-santiago\/files\/2024\/03\/fono-dia-mundial-audicion-2024-7-scaled.jpg\"><img loading=\"lazy\" decoding=\"async\" width=\"1024\" height=\"768\" data-id=\"6459\" src=\"https:\/\/medicina.udd.cl\/fonoaudiologia-santiago\/files\/2024\/03\/fono-dia-mundial-audicion-2024-7-1024x768.jpg\" alt=\"\" class=\"wp-image-6459\" srcset=\"https:\/\/medicina.udd.cl\/fonoaudiologia-santiago\/files\/2024\/03\/fono-dia-mundial-audicion-2024-7-1024x768.jpg 1024w, https:\/\/medicina.udd.cl\/fonoaudiologia-santiago\/files\/2024\/03\/fono-dia-mundial-audicion-2024-7-300x225.jpg 300w, https:\/\/medicina.udd.cl\/fonoaudiologia-santiago\/files\/2024\/03\/fono-dia-mundial-audicion-2024-7-768x576.jpg 768w, https:\/\/medicina.udd.cl\/fonoaudiologia-santiago\/files\/2024\/03\/fono-dia-mundial-audicion-2024-7-1536x1152.jpg 1536w, https:\/\/medicina.udd.cl\/fonoaudiologia-santiago\/files\/2024\/03\/fono-dia-mundial-audicion-2024-7-2048x1536.jpg 2048w\" sizes=\"auto, (max-width: 1024px) 100vw, 1024px\" \/><\/a><\/figure>\n\n\n\n<figure class=\"wp-block-image size-large\"><a href=\"https:\/\/medicina.udd.cl\/fonoaudiologia-santiago\/files\/2024\/03\/fono-dia-mundial-audicion-2024-8-scaled.jpg\"><img loading=\"lazy\" decoding=\"async\" width=\"1024\" height=\"768\" data-id=\"6462\" src=\"https:\/\/medicina.udd.cl\/fonoaudiologia-santiago\/files\/2024\/03\/fono-dia-mundial-audicion-2024-8-1024x768.jpg\" alt=\"\" class=\"wp-image-6462\" srcset=\"https:\/\/medicina.udd.cl\/fonoaudiologia-santiago\/files\/2024\/03\/fono-dia-mundial-audicion-2024-8-1024x768.jpg 1024w, https:\/\/medicina.udd.cl\/fonoaudiologia-santiago\/files\/2024\/03\/fono-dia-mundial-audicion-2024-8-300x225.jpg 300w, https:\/\/medicina.udd.cl\/fonoaudiologia-santiago\/files\/2024\/03\/fono-dia-mundial-audicion-2024-8-768x576.jpg 768w, https:\/\/medicina.udd.cl\/fonoaudiologia-santiago\/files\/2024\/03\/fono-dia-mundial-audicion-2024-8-1536x1152.jpg 1536w, https:\/\/medicina.udd.cl\/fonoaudiologia-santiago\/files\/2024\/03\/fono-dia-mundial-audicion-2024-8-2048x1536.jpg 2048w\" sizes=\"auto, (max-width: 1024px) 100vw, 1024px\" \/><\/a><\/figure>\n<\/figure>\n\n\n\n<p>En una iniciativa que ya se ha convertido en una tradici\u00f3n anual, la carrera de Fonoaudiolog\u00eda de la Facultad de Medicina Cl\u00ednica Alemana Universidad del Desarrollo (UDD) celebr\u00f3 por cuarto a\u00f1o consecutivo el D\u00eda Mundial de la Audici\u00f3n. El evento tuvo lugar en el campus Rector Ernesto Silva Bafalluy, con el prop\u00f3sito de fomentar la conciencia y la inclusi\u00f3n de las personas con dificultades auditivas a trav\u00e9s de diversas actividades.<\/p>\n\n\n\n<p>Este a\u00f1o, el lema del D\u00eda Mundial de la Audici\u00f3n, establecido por la Organizaci\u00f3n Mundial de la Salud (OMS), se centra en cambiar la mentalidad hacia las personas con discapacidad auditiva. As\u00ed lo expres\u00f3 la fonoaudi\u00f3loga Pamela Tomicic, acad\u00e9mica de Fonoaudiolog\u00eda UDD y responsable de la actividad.&nbsp;<em>\u00abHemos visto en distintas instancias, como el festival de Vi\u00f1a, por ejemplo, c\u00f3mo personas con discapacidad tienen la responsabilidad de ser incluidas en la sociedad. Para lograrlo, es necesario hacer visible esta realidad y aumentar la conciencia sobre las dificultades auditivas\u00bb<\/em>, explic\u00f3 Tomicic.<\/p>\n\n\n\n<p>Durante la jornada, se llevaron a cabo diversas actividades, entre ellas el&nbsp;<em>\u00abDesaf\u00edo P\u00e9rdida Auditiva\u00bb<\/em>, donde los participantes experimentaron una p\u00e9rdida auditiva leve usando tapones para los o\u00eddos, y se les realiz\u00f3 un dictado de palabras para evaluar su capacidad de discriminaci\u00f3n auditiva. Adem\u00e1s, se organiz\u00f3 una trivia utilizando el programa Kahoot, donde se plantearon preguntas relacionadas con la inclusi\u00f3n de personas con dificultades auditivas en la sociedad.<\/p>\n\n\n\n<p>Tomicic destac\u00f3 la importancia de sensibilizar a la comunidad universitaria sobre c\u00f3mo interactuar con personas con discapacidad auditiva.&nbsp;<em>\u00abEs fundamental hablarles de frente y en lugares silenciosos para facilitar su comunicaci\u00f3n\u00bb,<\/em>&nbsp;enfatiz\u00f3 la docente.<\/p>\n\n\n\n<p>Seg\u00fan datos de la OMS, aproximadamente 360 millones de personas en el mundo, lo que equivale al 5% de la poblaci\u00f3n mundial, presentan una p\u00e9rdida auditiva discapacitante. De estos, 32 millones son ni\u00f1os, y el 60% de las causas de la hipoacusia son prevenibles.<\/p>\n\n\n\n<p>Es importante destacar que la carrera de Fonoaudiolog\u00eda UDD cuenta con un laboratorio equipado para evaluar de forma gratuita a la comunidad universitaria, reafirmando su compromiso con la salud auditiva y la inclusi\u00f3n.<\/p>\n\n\n\n<figure class=\"wp-block-gallery has-nested-images columns-default is-cropped wp-block-gallery-2 is-layout-flex wp-block-gallery-is-layout-flex\">\n<figure class=\"wp-block-image size-large\"><a href=\"https:\/\/medicina.udd.cl\/fonoaudiologia-santiago\/files\/2024\/03\/fono-dia-mundial-audicion-2024-11-scaled.jpg\"><img loading=\"lazy\" decoding=\"async\" width=\"1024\" height=\"768\" data-id=\"6468\" src=\"https:\/\/medicina.udd.cl\/fonoaudiologia-santiago\/files\/2024\/03\/fono-dia-mundial-audicion-2024-11-1024x768.jpg\" alt=\"\" class=\"wp-image-6468\" srcset=\"https:\/\/medicina.udd.cl\/fonoaudiologia-santiago\/files\/2024\/03\/fono-dia-mundial-audicion-2024-11-1024x768.jpg 1024w, https:\/\/medicina.udd.cl\/fonoaudiologia-santiago\/files\/2024\/03\/fono-dia-mundial-audicion-2024-11-300x225.jpg 300w, https:\/\/medicina.udd.cl\/fonoaudiologia-santiago\/files\/2024\/03\/fono-dia-mundial-audicion-2024-11-768x576.jpg 768w, https:\/\/medicina.udd.cl\/fonoaudiologia-santiago\/files\/2024\/03\/fono-dia-mundial-audicion-2024-11-1536x1152.jpg 1536w, https:\/\/medicina.udd.cl\/fonoaudiologia-santiago\/files\/2024\/03\/fono-dia-mundial-audicion-2024-11-2048x1536.jpg 2048w\" sizes=\"auto, (max-width: 1024px) 100vw, 1024px\" \/><\/a><\/figure>\n\n\n\n<figure class=\"wp-block-image size-large\"><a href=\"https:\/\/medicina.udd.cl\/fonoaudiologia-santiago\/files\/2024\/03\/fono-dia-mundial-audicion-2024-3-scaled.jpg\"><img loading=\"lazy\" decoding=\"async\" width=\"1024\" height=\"768\" data-id=\"6450\" src=\"https:\/\/medicina.udd.cl\/fonoaudiologia-santiago\/files\/2024\/03\/fono-dia-mundial-audicion-2024-3-1024x768.jpg\" alt=\"\" class=\"wp-image-6450\" srcset=\"https:\/\/medicina.udd.cl\/fonoaudiologia-santiago\/files\/2024\/03\/fono-dia-mundial-audicion-2024-3-1024x768.jpg 1024w, https:\/\/medicina.udd.cl\/fonoaudiologia-santiago\/files\/2024\/03\/fono-dia-mundial-audicion-2024-3-300x225.jpg 300w, https:\/\/medicina.udd.cl\/fonoaudiologia-santiago\/files\/2024\/03\/fono-dia-mundial-audicion-2024-3-768x576.jpg 768w, https:\/\/medicina.udd.cl\/fonoaudiologia-santiago\/files\/2024\/03\/fono-dia-mundial-audicion-2024-3-1536x1152.jpg 1536w, https:\/\/medicina.udd.cl\/fonoaudiologia-santiago\/files\/2024\/03\/fono-dia-mundial-audicion-2024-3-2048x1536.jpg 2048w\" sizes=\"auto, (max-width: 1024px) 100vw, 1024px\" \/><\/a><\/figure>\n\n\n\n<figure class=\"wp-block-image size-large\"><a href=\"https:\/\/medicina.udd.cl\/fonoaudiologia-santiago\/files\/2024\/03\/fono-dia-mundial-audicion-2024-1-scaled.jpg\"><img loading=\"lazy\" decoding=\"async\" width=\"1024\" height=\"768\" data-id=\"6447\" src=\"https:\/\/medicina.udd.cl\/fonoaudiologia-santiago\/files\/2024\/03\/fono-dia-mundial-audicion-2024-1-1024x768.jpg\" alt=\"\" class=\"wp-image-6447\" srcset=\"https:\/\/medicina.udd.cl\/fonoaudiologia-santiago\/files\/2024\/03\/fono-dia-mundial-audicion-2024-1-1024x768.jpg 1024w, https:\/\/medicina.udd.cl\/fonoaudiologia-santiago\/files\/2024\/03\/fono-dia-mundial-audicion-2024-1-300x225.jpg 300w, https:\/\/medicina.udd.cl\/fonoaudiologia-santiago\/files\/2024\/03\/fono-dia-mundial-audicion-2024-1-768x576.jpg 768w, https:\/\/medicina.udd.cl\/fonoaudiologia-santiago\/files\/2024\/03\/fono-dia-mundial-audicion-2024-1-1536x1152.jpg 1536w, https:\/\/medicina.udd.cl\/fonoaudiologia-santiago\/files\/2024\/03\/fono-dia-mundial-audicion-2024-1-2048x1536.jpg 2048w\" sizes=\"auto, (max-width: 1024px) 100vw, 1024px\" \/><\/a><\/figure>\n\n\n\n<figure class=\"wp-block-image size-large\"><a href=\"https:\/\/medicina.udd.cl\/fonoaudiologia-santiago\/files\/2024\/03\/fono-dia-mundial-audicion-2024-5-scaled.jpg\"><img loading=\"lazy\" decoding=\"async\" width=\"1024\" height=\"768\" data-id=\"6456\" src=\"https:\/\/medicina.udd.cl\/fonoaudiologia-santiago\/files\/2024\/03\/fono-dia-mundial-audicion-2024-5-1024x768.jpg\" alt=\"\" class=\"wp-image-6456\" srcset=\"https:\/\/medicina.udd.cl\/fonoaudiologia-santiago\/files\/2024\/03\/fono-dia-mundial-audicion-2024-5-1024x768.jpg 1024w, https:\/\/medicina.udd.cl\/fonoaudiologia-santiago\/files\/2024\/03\/fono-dia-mundial-audicion-2024-5-300x225.jpg 300w, https:\/\/medicina.udd.cl\/fonoaudiologia-santiago\/files\/2024\/03\/fono-dia-mundial-audicion-2024-5-768x576.jpg 768w, https:\/\/medicina.udd.cl\/fonoaudiologia-santiago\/files\/2024\/03\/fono-dia-mundial-audicion-2024-5-1536x1152.jpg 1536w, https:\/\/medicina.udd.cl\/fonoaudiologia-santiago\/files\/2024\/03\/fono-dia-mundial-audicion-2024-5-2048x1536.jpg 2048w\" sizes=\"auto, (max-width: 1024px) 100vw, 1024px\" \/><\/a><\/figure>\n<\/figure>\n","protected":false},"excerpt":{"rendered":"<p>En una iniciativa que ya se ha convertido en una tradici\u00f3n anual, la carrera de Fonoaudiolog\u00eda de la Facultad de Medicina Cl\u00ednica Alemana Universidad del Desarrollo (UDD) celebr\u00f3 por cuarto a\u00f1o consecutivo el D\u00eda Mundial de la Audici\u00f3n. El evento tuvo lugar en el campus Rector Ernesto Silva Bafalluy, con el prop\u00f3sito de fomentar la [&hellip;]<\/p>\n","protected":false},"author":9192219,"featured_media":6456,"comment_status":"closed","ping_status":"open","sticky":false,"template":"","format":"standard","meta":{"footnotes":""},"categories":[4],"tags":[],"class_list":["post-6444","post","type-post","status-publish","format-standard","has-post-thumbnail","hentry","category-noticias"],"yoast_head":"<!-- This site is optimized with the Yoast SEO plugin v26.9 - https:\/\/yoast.com\/product\/yoast-seo-wordpress\/ -->\n<title>Fonoaudiolog\u00eda UDD promueve la conciencia y la inclusi\u00f3n en D\u00eda Mundial de la Audici\u00f3n - Fonoaudiolog\u00eda<\/title>\n<meta name=\"robots\" content=\"index, follow, max-snippet:-1, max-image-preview:large, max-video-preview:-1\" \/>\n<link rel=\"canonical\" href=\"https:\/\/medicina.udd.cl\/fonoaudiologia-santiago\/noticias\/2024\/03\/05\/fonoaudiologia-udd-promueve-la-conciencia-y-la-inclusion-en-dia-mundial-de-la-audicion\/\" \/>\n<meta property=\"og:locale\" content=\"es_ES\" \/>\n<meta property=\"og:type\" content=\"article\" \/>\n<meta property=\"og:title\" content=\"Fonoaudiolog\u00eda UDD promueve la conciencia y la inclusi\u00f3n en D\u00eda Mundial de la Audici\u00f3n - Fonoaudiolog\u00eda\" \/>\n<meta property=\"og:description\" content=\"En una iniciativa que ya se ha convertido en una tradici\u00f3n anual, la carrera de Fonoaudiolog\u00eda de la Facultad de Medicina Cl\u00ednica Alemana Universidad del Desarrollo (UDD) celebr\u00f3 por cuarto a\u00f1o consecutivo el D\u00eda Mundial de la Audici\u00f3n. El evento tuvo lugar en el campus Rector Ernesto Silva Bafalluy, con el prop\u00f3sito de fomentar la [&hellip;]\" \/>\n<meta property=\"og:url\" content=\"https:\/\/medicina.udd.cl\/fonoaudiologia-santiago\/noticias\/2024\/03\/05\/fonoaudiologia-udd-promueve-la-conciencia-y-la-inclusion-en-dia-mundial-de-la-audicion\/\" \/>\n<meta property=\"og:site_name\" content=\"Fonoaudiolog\u00eda\" \/>\n<meta property=\"article:published_time\" content=\"2024-03-05T16:39:21+00:00\" \/>\n<meta property=\"article:modified_time\" content=\"2024-03-05T16:39:24+00:00\" \/>\n<meta property=\"og:image\" content=\"https:\/\/medicina.udd.cl\/fonoaudiologia-santiago\/files\/2024\/03\/fono-dia-mundial-audicion-2024-5-scaled.jpg\" \/>\n\t<meta property=\"og:image:width\" content=\"2560\" \/>\n\t<meta property=\"og:image:height\" content=\"1920\" \/>\n\t<meta property=\"og:image:type\" content=\"image\/jpeg\" \/>\n<meta name=\"author\" content=\"rbraidy\" \/>\n<meta name=\"twitter:label1\" content=\"Escrito por\" \/>\n\t<meta name=\"twitter:data1\" content=\"rbraidy\" \/>\n\t<meta name=\"twitter:label2\" content=\"Tiempo de lectura\" \/>\n\t<meta name=\"twitter:data2\" content=\"4 minutos\" \/>\n<script type=\"application\/ld+json\" class=\"yoast-schema-graph\">{\"@context\":\"https:\/\/schema.org\",\"@graph\":[{\"@type\":\"Article\",\"@id\":\"https:\/\/medicina.udd.cl\/fonoaudiologia-santiago\/noticias\/2024\/03\/05\/fonoaudiologia-udd-promueve-la-conciencia-y-la-inclusion-en-dia-mundial-de-la-audicion\/#article\",\"isPartOf\":{\"@id\":\"https:\/\/medicina.udd.cl\/fonoaudiologia-santiago\/noticias\/2024\/03\/05\/fonoaudiologia-udd-promueve-la-conciencia-y-la-inclusion-en-dia-mundial-de-la-audicion\/\"},\"author\":{\"name\":\"rbraidy\",\"@id\":\"https:\/\/medicina.udd.cl\/fonoaudiologia-santiago\/#\/schema\/person\/dbc3705bf3a93e8be1ba6de0ef950341\"},\"headline\":\"Fonoaudiolog\u00eda UDD promueve la conciencia y la inclusi\u00f3n en D\u00eda Mundial de la Audici\u00f3n\",\"datePublished\":\"2024-03-05T16:39:21+00:00\",\"dateModified\":\"2024-03-05T16:39:24+00:00\",\"mainEntityOfPage\":{\"@id\":\"https:\/\/medicina.udd.cl\/fonoaudiologia-santiago\/noticias\/2024\/03\/05\/fonoaudiologia-udd-promueve-la-conciencia-y-la-inclusion-en-dia-mundial-de-la-audicion\/\"},\"wordCount\":390,\"image\":{\"@id\":\"https:\/\/medicina.udd.cl\/fonoaudiologia-santiago\/noticias\/2024\/03\/05\/fonoaudiologia-udd-promueve-la-conciencia-y-la-inclusion-en-dia-mundial-de-la-audicion\/#primaryimage\"},\"thumbnailUrl\":\"https:\/\/medicina.udd.cl\/fonoaudiologia-santiago\/files\/2024\/03\/fono-dia-mundial-audicion-2024-5-scaled.jpg\",\"articleSection\":[\"Noticias\"],\"inLanguage\":\"es\"},{\"@type\":\"WebPage\",\"@id\":\"https:\/\/medicina.udd.cl\/fonoaudiologia-santiago\/noticias\/2024\/03\/05\/fonoaudiologia-udd-promueve-la-conciencia-y-la-inclusion-en-dia-mundial-de-la-audicion\/\",\"url\":\"https:\/\/medicina.udd.cl\/fonoaudiologia-santiago\/noticias\/2024\/03\/05\/fonoaudiologia-udd-promueve-la-conciencia-y-la-inclusion-en-dia-mundial-de-la-audicion\/\",\"name\":\"Fonoaudiolog\u00eda UDD promueve la conciencia y la inclusi\u00f3n en D\u00eda Mundial de la Audici\u00f3n - Fonoaudiolog\u00eda\",\"isPartOf\":{\"@id\":\"https:\/\/medicina.udd.cl\/fonoaudiologia-santiago\/#website\"},\"primaryImageOfPage\":{\"@id\":\"https:\/\/medicina.udd.cl\/fonoaudiologia-santiago\/noticias\/2024\/03\/05\/fonoaudiologia-udd-promueve-la-conciencia-y-la-inclusion-en-dia-mundial-de-la-audicion\/#primaryimage\"},\"image\":{\"@id\":\"https:\/\/medicina.udd.cl\/fonoaudiologia-santiago\/noticias\/2024\/03\/05\/fonoaudiologia-udd-promueve-la-conciencia-y-la-inclusion-en-dia-mundial-de-la-audicion\/#primaryimage\"},\"thumbnailUrl\":\"https:\/\/medicina.udd.cl\/fonoaudiologia-santiago\/files\/2024\/03\/fono-dia-mundial-audicion-2024-5-scaled.jpg\",\"datePublished\":\"2024-03-05T16:39:21+00:00\",\"dateModified\":\"2024-03-05T16:39:24+00:00\",\"author\":{\"@id\":\"https:\/\/medicina.udd.cl\/fonoaudiologia-santiago\/#\/schema\/person\/dbc3705bf3a93e8be1ba6de0ef950341\"},\"breadcrumb\":{\"@id\":\"https:\/\/medicina.udd.cl\/fonoaudiologia-santiago\/noticias\/2024\/03\/05\/fonoaudiologia-udd-promueve-la-conciencia-y-la-inclusion-en-dia-mundial-de-la-audicion\/#breadcrumb\"},\"inLanguage\":\"es\",\"potentialAction\":[{\"@type\":\"ReadAction\",\"target\":[\"https:\/\/medicina.udd.cl\/fonoaudiologia-santiago\/noticias\/2024\/03\/05\/fonoaudiologia-udd-promueve-la-conciencia-y-la-inclusion-en-dia-mundial-de-la-audicion\/\"]}]},{\"@type\":\"ImageObject\",\"inLanguage\":\"es\",\"@id\":\"https:\/\/medicina.udd.cl\/fonoaudiologia-santiago\/noticias\/2024\/03\/05\/fonoaudiologia-udd-promueve-la-conciencia-y-la-inclusion-en-dia-mundial-de-la-audicion\/#primaryimage\",\"url\":\"https:\/\/medicina.udd.cl\/fonoaudiologia-santiago\/files\/2024\/03\/fono-dia-mundial-audicion-2024-5-scaled.jpg\",\"contentUrl\":\"https:\/\/medicina.udd.cl\/fonoaudiologia-santiago\/files\/2024\/03\/fono-dia-mundial-audicion-2024-5-scaled.jpg\",\"width\":2560,\"height\":1920},{\"@type\":\"BreadcrumbList\",\"@id\":\"https:\/\/medicina.udd.cl\/fonoaudiologia-santiago\/noticias\/2024\/03\/05\/fonoaudiologia-udd-promueve-la-conciencia-y-la-inclusion-en-dia-mundial-de-la-audicion\/#breadcrumb\",\"itemListElement\":[{\"@type\":\"ListItem\",\"position\":1,\"name\":\"Home\",\"item\":\"https:\/\/medicina.udd.cl\/fonoaudiologia-santiago\/\"},{\"@type\":\"ListItem\",\"position\":2,\"name\":\"Fonoaudiolog\u00eda UDD promueve la conciencia y la inclusi\u00f3n en D\u00eda Mundial de la Audici\u00f3n\"}]},{\"@type\":\"WebSite\",\"@id\":\"https:\/\/medicina.udd.cl\/fonoaudiologia-santiago\/#website\",\"url\":\"https:\/\/medicina.udd.cl\/fonoaudiologia-santiago\/\",\"name\":\"Fonoaudiolog\u00eda\",\"description\":\"Facultad de Medicina Cl\u00ednica Alemana Universidad del Desarrollo\",\"inLanguage\":\"es\"},{\"@type\":\"Person\",\"@id\":\"https:\/\/medicina.udd.cl\/fonoaudiologia-santiago\/#\/schema\/person\/dbc3705bf3a93e8be1ba6de0ef950341\",\"name\":\"rbraidy\",\"image\":{\"@type\":\"ImageObject\",\"inLanguage\":\"es\",\"@id\":\"https:\/\/medicina.udd.cl\/fonoaudiologia-santiago\/#\/schema\/person\/image\/\",\"url\":\"https:\/\/secure.gravatar.com\/avatar\/0f8bc94637401590e45d2ce17eb65c274cb8870a219de6177f3f23e63fd8cdf3?s=96&d=mm&r=g\",\"contentUrl\":\"https:\/\/secure.gravatar.com\/avatar\/0f8bc94637401590e45d2ce17eb65c274cb8870a219de6177f3f23e63fd8cdf3?s=96&d=mm&r=g\",\"caption\":\"rbraidy\"},\"url\":\"https:\/\/medicina.udd.cl\/fonoaudiologia-santiago\/noticias\/author\/rbraidy\/\"}]}<\/script>\n<!-- \/ Yoast SEO plugin. -->","yoast_head_json":{"title":"Fonoaudiolog\u00eda UDD promueve la conciencia y la inclusi\u00f3n en D\u00eda Mundial de la Audici\u00f3n - Fonoaudiolog\u00eda","robots":{"index":"index","follow":"follow","max-snippet":"max-snippet:-1","max-image-preview":"max-image-preview:large","max-video-preview":"max-video-preview:-1"},"canonical":"https:\/\/medicina.udd.cl\/fonoaudiologia-santiago\/noticias\/2024\/03\/05\/fonoaudiologia-udd-promueve-la-conciencia-y-la-inclusion-en-dia-mundial-de-la-audicion\/","og_locale":"es_ES","og_type":"article","og_title":"Fonoaudiolog\u00eda UDD promueve la conciencia y la inclusi\u00f3n en D\u00eda Mundial de la Audici\u00f3n - Fonoaudiolog\u00eda","og_description":"En una iniciativa que ya se ha convertido en una tradici\u00f3n anual, la carrera de Fonoaudiolog\u00eda de la Facultad de Medicina Cl\u00ednica Alemana Universidad del Desarrollo (UDD) celebr\u00f3 por cuarto a\u00f1o consecutivo el D\u00eda Mundial de la Audici\u00f3n. El evento tuvo lugar en el campus Rector Ernesto Silva Bafalluy, con el prop\u00f3sito de fomentar la [&hellip;]","og_url":"https:\/\/medicina.udd.cl\/fonoaudiologia-santiago\/noticias\/2024\/03\/05\/fonoaudiologia-udd-promueve-la-conciencia-y-la-inclusion-en-dia-mundial-de-la-audicion\/","og_site_name":"Fonoaudiolog\u00eda","article_published_time":"2024-03-05T16:39:21+00:00","article_modified_time":"2024-03-05T16:39:24+00:00","og_image":[{"width":2560,"height":1920,"url":"https:\/\/medicina.udd.cl\/fonoaudiologia-santiago\/files\/2024\/03\/fono-dia-mundial-audicion-2024-5-scaled.jpg","type":"image\/jpeg"}],"author":"rbraidy","twitter_misc":{"Escrito por":"rbraidy","Tiempo de lectura":"4 minutos"},"schema":{"@context":"https:\/\/schema.org","@graph":[{"@type":"Article","@id":"https:\/\/medicina.udd.cl\/fonoaudiologia-santiago\/noticias\/2024\/03\/05\/fonoaudiologia-udd-promueve-la-conciencia-y-la-inclusion-en-dia-mundial-de-la-audicion\/#article","isPartOf":{"@id":"https:\/\/medicina.udd.cl\/fonoaudiologia-santiago\/noticias\/2024\/03\/05\/fonoaudiologia-udd-promueve-la-conciencia-y-la-inclusion-en-dia-mundial-de-la-audicion\/"},"author":{"name":"rbraidy","@id":"https:\/\/medicina.udd.cl\/fonoaudiologia-santiago\/#\/schema\/person\/dbc3705bf3a93e8be1ba6de0ef950341"},"headline":"Fonoaudiolog\u00eda UDD promueve la conciencia y la inclusi\u00f3n en D\u00eda Mundial de la Audici\u00f3n","datePublished":"2024-03-05T16:39:21+00:00","dateModified":"2024-03-05T16:39:24+00:00","mainEntityOfPage":{"@id":"https:\/\/medicina.udd.cl\/fonoaudiologia-santiago\/noticias\/2024\/03\/05\/fonoaudiologia-udd-promueve-la-conciencia-y-la-inclusion-en-dia-mundial-de-la-audicion\/"},"wordCount":390,"image":{"@id":"https:\/\/medicina.udd.cl\/fonoaudiologia-santiago\/noticias\/2024\/03\/05\/fonoaudiologia-udd-promueve-la-conciencia-y-la-inclusion-en-dia-mundial-de-la-audicion\/#primaryimage"},"thumbnailUrl":"https:\/\/medicina.udd.cl\/fonoaudiologia-santiago\/files\/2024\/03\/fono-dia-mundial-audicion-2024-5-scaled.jpg","articleSection":["Noticias"],"inLanguage":"es"},{"@type":"WebPage","@id":"https:\/\/medicina.udd.cl\/fonoaudiologia-santiago\/noticias\/2024\/03\/05\/fonoaudiologia-udd-promueve-la-conciencia-y-la-inclusion-en-dia-mundial-de-la-audicion\/","url":"https:\/\/medicina.udd.cl\/fonoaudiologia-santiago\/noticias\/2024\/03\/05\/fonoaudiologia-udd-promueve-la-conciencia-y-la-inclusion-en-dia-mundial-de-la-audicion\/","name":"Fonoaudiolog\u00eda UDD promueve la conciencia y la inclusi\u00f3n en D\u00eda Mundial de la Audici\u00f3n - Fonoaudiolog\u00eda","isPartOf":{"@id":"https:\/\/medicina.udd.cl\/fonoaudiologia-santiago\/#website"},"primaryImageOfPage":{"@id":"https:\/\/medicina.udd.cl\/fonoaudiologia-santiago\/noticias\/2024\/03\/05\/fonoaudiologia-udd-promueve-la-conciencia-y-la-inclusion-en-dia-mundial-de-la-audicion\/#primaryimage"},"image":{"@id":"https:\/\/medicina.udd.cl\/fonoaudiologia-santiago\/noticias\/2024\/03\/05\/fonoaudiologia-udd-promueve-la-conciencia-y-la-inclusion-en-dia-mundial-de-la-audicion\/#primaryimage"},"thumbnailUrl":"https:\/\/medicina.udd.cl\/fonoaudiologia-santiago\/files\/2024\/03\/fono-dia-mundial-audicion-2024-5-scaled.jpg","datePublished":"2024-03-05T16:39:21+00:00","dateModified":"2024-03-05T16:39:24+00:00","author":{"@id":"https:\/\/medicina.udd.cl\/fonoaudiologia-santiago\/#\/schema\/person\/dbc3705bf3a93e8be1ba6de0ef950341"},"breadcrumb":{"@id":"https:\/\/medicina.udd.cl\/fonoaudiologia-santiago\/noticias\/2024\/03\/05\/fonoaudiologia-udd-promueve-la-conciencia-y-la-inclusion-en-dia-mundial-de-la-audicion\/#breadcrumb"},"inLanguage":"es","potentialAction":[{"@type":"ReadAction","target":["https:\/\/medicina.udd.cl\/fonoaudiologia-santiago\/noticias\/2024\/03\/05\/fonoaudiologia-udd-promueve-la-conciencia-y-la-inclusion-en-dia-mundial-de-la-audicion\/"]}]},{"@type":"ImageObject","inLanguage":"es","@id":"https:\/\/medicina.udd.cl\/fonoaudiologia-santiago\/noticias\/2024\/03\/05\/fonoaudiologia-udd-promueve-la-conciencia-y-la-inclusion-en-dia-mundial-de-la-audicion\/#primaryimage","url":"https:\/\/medicina.udd.cl\/fonoaudiologia-santiago\/files\/2024\/03\/fono-dia-mundial-audicion-2024-5-scaled.jpg","contentUrl":"https:\/\/medicina.udd.cl\/fonoaudiologia-santiago\/files\/2024\/03\/fono-dia-mundial-audicion-2024-5-scaled.jpg","width":2560,"height":1920},{"@type":"BreadcrumbList","@id":"https:\/\/medicina.udd.cl\/fonoaudiologia-santiago\/noticias\/2024\/03\/05\/fonoaudiologia-udd-promueve-la-conciencia-y-la-inclusion-en-dia-mundial-de-la-audicion\/#breadcrumb","itemListElement":[{"@type":"ListItem","position":1,"name":"Home","item":"https:\/\/medicina.udd.cl\/fonoaudiologia-santiago\/"},{"@type":"ListItem","position":2,"name":"Fonoaudiolog\u00eda UDD promueve la conciencia y la inclusi\u00f3n en D\u00eda Mundial de la Audici\u00f3n"}]},{"@type":"WebSite","@id":"https:\/\/medicina.udd.cl\/fonoaudiologia-santiago\/#website","url":"https:\/\/medicina.udd.cl\/fonoaudiologia-santiago\/","name":"Fonoaudiolog\u00eda","description":"Facultad de Medicina Cl\u00ednica Alemana Universidad del Desarrollo","inLanguage":"es"},{"@type":"Person","@id":"https:\/\/medicina.udd.cl\/fonoaudiologia-santiago\/#\/schema\/person\/dbc3705bf3a93e8be1ba6de0ef950341","name":"rbraidy","image":{"@type":"ImageObject","inLanguage":"es","@id":"https:\/\/medicina.udd.cl\/fonoaudiologia-santiago\/#\/schema\/person\/image\/","url":"https:\/\/secure.gravatar.com\/avatar\/0f8bc94637401590e45d2ce17eb65c274cb8870a219de6177f3f23e63fd8cdf3?s=96&d=mm&r=g","contentUrl":"https:\/\/secure.gravatar.com\/avatar\/0f8bc94637401590e45d2ce17eb65c274cb8870a219de6177f3f23e63fd8cdf3?s=96&d=mm&r=g","caption":"rbraidy"},"url":"https:\/\/medicina.udd.cl\/fonoaudiologia-santiago\/noticias\/author\/rbraidy\/"}]}},"featured_image_url":"https:\/\/medicina.udd.cl\/fonoaudiologia-santiago\/files\/2024\/03\/fono-dia-mundial-audicion-2024-5-scaled.jpg","_links":{"self":[{"href":"https:\/\/medicina.udd.cl\/fonoaudiologia-santiago\/wp-json\/wp\/v2\/posts\/6444","targetHints":{"allow":["GET"]}}],"collection":[{"href":"https:\/\/medicina.udd.cl\/fonoaudiologia-santiago\/wp-json\/wp\/v2\/posts"}],"about":[{"href":"https:\/\/medicina.udd.cl\/fonoaudiologia-santiago\/wp-json\/wp\/v2\/types\/post"}],"author":[{"embeddable":true,"href":"https:\/\/medicina.udd.cl\/fonoaudiologia-santiago\/wp-json\/wp\/v2\/users\/9192219"}],"replies":[{"embeddable":true,"href":"https:\/\/medicina.udd.cl\/fonoaudiologia-santiago\/wp-json\/wp\/v2\/comments?post=6444"}],"version-history":[{"count":1,"href":"https:\/\/medicina.udd.cl\/fonoaudiologia-santiago\/wp-json\/wp\/v2\/posts\/6444\/revisions"}],"predecessor-version":[{"id":6471,"href":"https:\/\/medicina.udd.cl\/fonoaudiologia-santiago\/wp-json\/wp\/v2\/posts\/6444\/revisions\/6471"}],"wp:featuredmedia":[{"embeddable":true,"href":"https:\/\/medicina.udd.cl\/fonoaudiologia-santiago\/wp-json\/wp\/v2\/media\/6456"}],"wp:attachment":[{"href":"https:\/\/medicina.udd.cl\/fonoaudiologia-santiago\/wp-json\/wp\/v2\/media?parent=6444"}],"wp:term":[{"taxonomy":"category","embeddable":true,"href":"https:\/\/medicina.udd.cl\/fonoaudiologia-santiago\/wp-json\/wp\/v2\/categories?post=6444"},{"taxonomy":"post_tag","embeddable":true,"href":"https:\/\/medicina.udd.cl\/fonoaudiologia-santiago\/wp-json\/wp\/v2\/tags?post=6444"}],"curies":[{"name":"wp","href":"https:\/\/api.w.org\/{rel}","templated":true}]}}