{"id":6474,"date":"2024-03-07T16:14:41","date_gmt":"2024-03-07T19:14:41","guid":{"rendered":"https:\/\/medicina.udd.cl\/fonoaudiologia-santiago\/?p=6474"},"modified":"2024-03-07T16:14:45","modified_gmt":"2024-03-07T19:14:45","slug":"ceremonia-de-investidura-marca-el-inicio-del-camino-profesional-de-estudiantes-de-fonoaudiologia-udd","status":"publish","type":"post","link":"https:\/\/medicina.udd.cl\/fonoaudiologia-santiago\/noticias\/2024\/03\/07\/ceremonia-de-investidura-marca-el-inicio-del-camino-profesional-de-estudiantes-de-fonoaudiologia-udd\/","title":{"rendered":"Ceremonia de investidura marca el inicio del camino profesional de estudiantes de Fonoaudiolog\u00eda UDD"},"content":{"rendered":"\n<figure class=\"wp-block-image aligncenter size-large\"><a href=\"https:\/\/medicina.udd.cl\/fonoaudiologia-santiago\/files\/2024\/03\/fono-investidura-gen-2020-1-scaled.jpg\"><img loading=\"lazy\" decoding=\"async\" width=\"1024\" height=\"683\" src=\"https:\/\/medicina.udd.cl\/fonoaudiologia-santiago\/files\/2024\/03\/fono-investidura-gen-2020-1-1024x683.jpg\" alt=\"\" class=\"wp-image-6477\" srcset=\"https:\/\/medicina.udd.cl\/fonoaudiologia-santiago\/files\/2024\/03\/fono-investidura-gen-2020-1-1024x683.jpg 1024w, https:\/\/medicina.udd.cl\/fonoaudiologia-santiago\/files\/2024\/03\/fono-investidura-gen-2020-1-300x200.jpg 300w, https:\/\/medicina.udd.cl\/fonoaudiologia-santiago\/files\/2024\/03\/fono-investidura-gen-2020-1-768x512.jpg 768w, https:\/\/medicina.udd.cl\/fonoaudiologia-santiago\/files\/2024\/03\/fono-investidura-gen-2020-1-1536x1024.jpg 1536w, https:\/\/medicina.udd.cl\/fonoaudiologia-santiago\/files\/2024\/03\/fono-investidura-gen-2020-1-2048x1365.jpg 2048w\" sizes=\"auto, (max-width: 1024px) 100vw, 1024px\" \/><\/a><figcaption class=\"wp-element-caption\">Fonoaudiolog\u00eda UDD \u2013 Generaci\u00f3n 2020<\/figcaption><\/figure>\n\n\n\n<p>La carrera de Fonoaudiolog\u00eda de la Facultad de Medicina Cl\u00ednica Alemana Universidad del Desarrollo, llev\u00f3 a cabo una significativa celebraci\u00f3n gracias a la ceremonia de investidura para los estudiantes de la generaci\u00f3n 2020. El evento, que tuvo lugar en el Aula Magna UDD, reuni\u00f3 a 17 futuras fonoaudi\u00f3logas, quienes usaron por primera vez su uniforme en presencia de autoridades acad\u00e9micas, docentes, compa\u00f1eros de estudios y familiares.<\/p>\n\n\n\n<p>La decana de la Facultad, Dra. Marcela Castillo, inici\u00f3 el acto con unas palabras de felicitaci\u00f3n hacia los estudiantes que este a\u00f1o iniciar\u00e1n su proceso de habilitaci\u00f3n profesional. En su discurso, destac\u00f3 el compromiso hacia los estudiantes y resalt\u00f3 la importancia de la pr\u00e1ctica cl\u00ednica, la labor docente y la colaboraci\u00f3n interdisciplinaria en el cuidado integral de los pacientes. Adem\u00e1s, la Dra. Castillo elogi\u00f3 el liderazgo ejemplar de la directora de la carrera, Flga. Mar\u00eda Ang\u00e9lica L\u00f3pez, en la formaci\u00f3n de los estudiantes.<\/p>\n\n\n\n<p>Por su parte, la directora de Fonoaudiolog\u00eda UDD, Flga. Mar\u00eda Ang\u00e9lica L\u00f3pez, expres\u00f3 su agradecimiento y reconocimiento a todos los presentes, haciendo especial hincapi\u00e9 en la resiliencia y adaptaci\u00f3n demostrada por los estudiantes frente a los desaf\u00edos impuestos por la pandemia de COVID-19. L\u00f3pez enfatiz\u00f3 la importancia de la comunicaci\u00f3n en tiempos de aislamiento y valor\u00f3 el reencuentro como un momento de celebraci\u00f3n. Adem\u00e1s, present\u00f3 un emotivo video que destac\u00f3 la trayectoria de las alumnas durante los \u00faltimos cuatro a\u00f1os de carrera.<\/p>\n\n\n\n<p>La ceremonia incluy\u00f3 la entrega de la promesa a las estudiantes a cargo de cada coordinador de \u00e1rea, seguida por el discurso ofrecido por la alumna Millaray L\u00f3pez Garrido en nombre de sus compa\u00f1eras. Finalmente, se llev\u00f3 a cabo la lectura de la \u00abpromesa de la carrera de Fonoaudiolog\u00eda UDD\u00bb, en la cual participaron la coordinadora acad\u00e9mica de la carrera, Flga. Mar\u00eda Antonella Urz\u00faa, y la coordinadora de habilitaci\u00f3n profesional 2024, Flga. Mar\u00eda Jes\u00fas Schnake Ferrer, junto a las alumnas.<\/p>\n\n\n\n<figure class=\"wp-block-gallery has-nested-images columns-default is-cropped wp-block-gallery-1 is-layout-flex wp-block-gallery-is-layout-flex\">\n<figure class=\"wp-block-image size-large\"><a href=\"https:\/\/medicina.udd.cl\/fonoaudiologia-santiago\/files\/2024\/03\/fono-investidura-gen-2020-4-scaled.jpg\"><img loading=\"lazy\" decoding=\"async\" width=\"1024\" height=\"683\" data-id=\"6486\" src=\"https:\/\/medicina.udd.cl\/fonoaudiologia-santiago\/files\/2024\/03\/fono-investidura-gen-2020-4-1024x683.jpg\" alt=\"\" class=\"wp-image-6486\" srcset=\"https:\/\/medicina.udd.cl\/fonoaudiologia-santiago\/files\/2024\/03\/fono-investidura-gen-2020-4-1024x683.jpg 1024w, https:\/\/medicina.udd.cl\/fonoaudiologia-santiago\/files\/2024\/03\/fono-investidura-gen-2020-4-300x200.jpg 300w, https:\/\/medicina.udd.cl\/fonoaudiologia-santiago\/files\/2024\/03\/fono-investidura-gen-2020-4-768x512.jpg 768w, https:\/\/medicina.udd.cl\/fonoaudiologia-santiago\/files\/2024\/03\/fono-investidura-gen-2020-4-1536x1024.jpg 1536w, https:\/\/medicina.udd.cl\/fonoaudiologia-santiago\/files\/2024\/03\/fono-investidura-gen-2020-4-2048x1365.jpg 2048w\" sizes=\"auto, (max-width: 1024px) 100vw, 1024px\" \/><\/a><\/figure>\n\n\n\n<figure class=\"wp-block-image size-large\"><a href=\"https:\/\/medicina.udd.cl\/fonoaudiologia-santiago\/files\/2024\/03\/fono-investidura-gen-2020-5-scaled.jpg\"><img loading=\"lazy\" decoding=\"async\" width=\"1024\" height=\"682\" data-id=\"6489\" src=\"https:\/\/medicina.udd.cl\/fonoaudiologia-santiago\/files\/2024\/03\/fono-investidura-gen-2020-5-1024x682.jpg\" alt=\"\" class=\"wp-image-6489\" srcset=\"https:\/\/medicina.udd.cl\/fonoaudiologia-santiago\/files\/2024\/03\/fono-investidura-gen-2020-5-1024x682.jpg 1024w, https:\/\/medicina.udd.cl\/fonoaudiologia-santiago\/files\/2024\/03\/fono-investidura-gen-2020-5-300x200.jpg 300w, https:\/\/medicina.udd.cl\/fonoaudiologia-santiago\/files\/2024\/03\/fono-investidura-gen-2020-5-768x512.jpg 768w, https:\/\/medicina.udd.cl\/fonoaudiologia-santiago\/files\/2024\/03\/fono-investidura-gen-2020-5-1536x1024.jpg 1536w, https:\/\/medicina.udd.cl\/fonoaudiologia-santiago\/files\/2024\/03\/fono-investidura-gen-2020-5-2048x1365.jpg 2048w\" sizes=\"auto, (max-width: 1024px) 100vw, 1024px\" \/><\/a><figcaption class=\"wp-element-caption\">La locuci\u00f3n estuvo a cargo de los acad\u00e9micos Roc\u00edo Kettlun y Rodrigo Trujillo<\/figcaption><\/figure>\n\n\n\n<figure class=\"wp-block-image size-large\"><a href=\"https:\/\/medicina.udd.cl\/fonoaudiologia-santiago\/files\/2024\/03\/fono-investidura-gen-2020-6-scaled.jpg\"><img loading=\"lazy\" decoding=\"async\" width=\"1024\" height=\"683\" data-id=\"6492\" src=\"https:\/\/medicina.udd.cl\/fonoaudiologia-santiago\/files\/2024\/03\/fono-investidura-gen-2020-6-1024x683.jpg\" alt=\"\" class=\"wp-image-6492\" srcset=\"https:\/\/medicina.udd.cl\/fonoaudiologia-santiago\/files\/2024\/03\/fono-investidura-gen-2020-6-1024x683.jpg 1024w, https:\/\/medicina.udd.cl\/fonoaudiologia-santiago\/files\/2024\/03\/fono-investidura-gen-2020-6-300x200.jpg 300w, https:\/\/medicina.udd.cl\/fonoaudiologia-santiago\/files\/2024\/03\/fono-investidura-gen-2020-6-768x512.jpg 768w, https:\/\/medicina.udd.cl\/fonoaudiologia-santiago\/files\/2024\/03\/fono-investidura-gen-2020-6-1536x1024.jpg 1536w, https:\/\/medicina.udd.cl\/fonoaudiologia-santiago\/files\/2024\/03\/fono-investidura-gen-2020-6-2048x1365.jpg 2048w\" sizes=\"auto, (max-width: 1024px) 100vw, 1024px\" \/><\/a><figcaption class=\"wp-element-caption\">Dra. Marcela Castillo<\/figcaption><\/figure>\n\n\n\n<figure class=\"wp-block-image size-large\"><a href=\"https:\/\/medicina.udd.cl\/fonoaudiologia-santiago\/files\/2024\/03\/fono-investidura-gen-2020-9-scaled.jpg\"><img loading=\"lazy\" decoding=\"async\" width=\"1024\" height=\"683\" data-id=\"6495\" src=\"https:\/\/medicina.udd.cl\/fonoaudiologia-santiago\/files\/2024\/03\/fono-investidura-gen-2020-9-1024x683.jpg\" alt=\"\" class=\"wp-image-6495\" srcset=\"https:\/\/medicina.udd.cl\/fonoaudiologia-santiago\/files\/2024\/03\/fono-investidura-gen-2020-9-1024x683.jpg 1024w, https:\/\/medicina.udd.cl\/fonoaudiologia-santiago\/files\/2024\/03\/fono-investidura-gen-2020-9-300x200.jpg 300w, https:\/\/medicina.udd.cl\/fonoaudiologia-santiago\/files\/2024\/03\/fono-investidura-gen-2020-9-768x512.jpg 768w, https:\/\/medicina.udd.cl\/fonoaudiologia-santiago\/files\/2024\/03\/fono-investidura-gen-2020-9-1536x1024.jpg 1536w, https:\/\/medicina.udd.cl\/fonoaudiologia-santiago\/files\/2024\/03\/fono-investidura-gen-2020-9-2048x1365.jpg 2048w\" sizes=\"auto, (max-width: 1024px) 100vw, 1024px\" \/><\/a><figcaption class=\"wp-element-caption\">Flga. Mar\u00eda Ang\u00e9lica L\u00f3pez<\/figcaption><\/figure>\n\n\n\n<figure class=\"wp-block-image size-large\"><a href=\"https:\/\/medicina.udd.cl\/fonoaudiologia-santiago\/files\/2024\/03\/fono-investidura-gen-2020-10-scaled.jpg\"><img loading=\"lazy\" decoding=\"async\" width=\"1024\" height=\"683\" data-id=\"6498\" src=\"https:\/\/medicina.udd.cl\/fonoaudiologia-santiago\/files\/2024\/03\/fono-investidura-gen-2020-10-1024x683.jpg\" alt=\"\" class=\"wp-image-6498\" srcset=\"https:\/\/medicina.udd.cl\/fonoaudiologia-santiago\/files\/2024\/03\/fono-investidura-gen-2020-10-1024x683.jpg 1024w, https:\/\/medicina.udd.cl\/fonoaudiologia-santiago\/files\/2024\/03\/fono-investidura-gen-2020-10-300x200.jpg 300w, https:\/\/medicina.udd.cl\/fonoaudiologia-santiago\/files\/2024\/03\/fono-investidura-gen-2020-10-768x512.jpg 768w, https:\/\/medicina.udd.cl\/fonoaudiologia-santiago\/files\/2024\/03\/fono-investidura-gen-2020-10-1536x1024.jpg 1536w, https:\/\/medicina.udd.cl\/fonoaudiologia-santiago\/files\/2024\/03\/fono-investidura-gen-2020-10-2048x1365.jpg 2048w\" sizes=\"auto, (max-width: 1024px) 100vw, 1024px\" \/><\/a><\/figure>\n\n\n\n<figure class=\"wp-block-image size-large\"><a href=\"https:\/\/medicina.udd.cl\/fonoaudiologia-santiago\/files\/2024\/03\/fono-investidura-gen-2020-11-scaled.jpg\"><img loading=\"lazy\" decoding=\"async\" width=\"1024\" height=\"683\" data-id=\"6501\" src=\"https:\/\/medicina.udd.cl\/fonoaudiologia-santiago\/files\/2024\/03\/fono-investidura-gen-2020-11-1024x683.jpg\" alt=\"\" class=\"wp-image-6501\" srcset=\"https:\/\/medicina.udd.cl\/fonoaudiologia-santiago\/files\/2024\/03\/fono-investidura-gen-2020-11-1024x683.jpg 1024w, https:\/\/medicina.udd.cl\/fonoaudiologia-santiago\/files\/2024\/03\/fono-investidura-gen-2020-11-300x200.jpg 300w, https:\/\/medicina.udd.cl\/fonoaudiologia-santiago\/files\/2024\/03\/fono-investidura-gen-2020-11-768x512.jpg 768w, https:\/\/medicina.udd.cl\/fonoaudiologia-santiago\/files\/2024\/03\/fono-investidura-gen-2020-11-1536x1024.jpg 1536w, https:\/\/medicina.udd.cl\/fonoaudiologia-santiago\/files\/2024\/03\/fono-investidura-gen-2020-11-2048x1365.jpg 2048w\" sizes=\"auto, (max-width: 1024px) 100vw, 1024px\" \/><\/a><\/figure>\n\n\n\n<figure class=\"wp-block-image size-large\"><a href=\"https:\/\/medicina.udd.cl\/fonoaudiologia-santiago\/files\/2024\/03\/fono-investidura-gen-2020-12-scaled.jpg\"><img loading=\"lazy\" decoding=\"async\" width=\"1024\" height=\"683\" data-id=\"6504\" src=\"https:\/\/medicina.udd.cl\/fonoaudiologia-santiago\/files\/2024\/03\/fono-investidura-gen-2020-12-1024x683.jpg\" alt=\"\" class=\"wp-image-6504\" srcset=\"https:\/\/medicina.udd.cl\/fonoaudiologia-santiago\/files\/2024\/03\/fono-investidura-gen-2020-12-1024x683.jpg 1024w, https:\/\/medicina.udd.cl\/fonoaudiologia-santiago\/files\/2024\/03\/fono-investidura-gen-2020-12-300x200.jpg 300w, https:\/\/medicina.udd.cl\/fonoaudiologia-santiago\/files\/2024\/03\/fono-investidura-gen-2020-12-768x512.jpg 768w, https:\/\/medicina.udd.cl\/fonoaudiologia-santiago\/files\/2024\/03\/fono-investidura-gen-2020-12-1536x1024.jpg 1536w, https:\/\/medicina.udd.cl\/fonoaudiologia-santiago\/files\/2024\/03\/fono-investidura-gen-2020-12-2048x1366.jpg 2048w\" sizes=\"auto, (max-width: 1024px) 100vw, 1024px\" \/><\/a><\/figure>\n\n\n\n<figure class=\"wp-block-image size-large\"><a href=\"https:\/\/medicina.udd.cl\/fonoaudiologia-santiago\/files\/2024\/03\/fono-investidura-gen-2020-13-scaled.jpg\"><img loading=\"lazy\" decoding=\"async\" width=\"1024\" height=\"683\" data-id=\"6507\" src=\"https:\/\/medicina.udd.cl\/fonoaudiologia-santiago\/files\/2024\/03\/fono-investidura-gen-2020-13-1024x683.jpg\" alt=\"\" class=\"wp-image-6507\" srcset=\"https:\/\/medicina.udd.cl\/fonoaudiologia-santiago\/files\/2024\/03\/fono-investidura-gen-2020-13-1024x683.jpg 1024w, https:\/\/medicina.udd.cl\/fonoaudiologia-santiago\/files\/2024\/03\/fono-investidura-gen-2020-13-300x200.jpg 300w, https:\/\/medicina.udd.cl\/fonoaudiologia-santiago\/files\/2024\/03\/fono-investidura-gen-2020-13-768x512.jpg 768w, https:\/\/medicina.udd.cl\/fonoaudiologia-santiago\/files\/2024\/03\/fono-investidura-gen-2020-13-1536x1024.jpg 1536w, https:\/\/medicina.udd.cl\/fonoaudiologia-santiago\/files\/2024\/03\/fono-investidura-gen-2020-13-2048x1365.jpg 2048w\" sizes=\"auto, (max-width: 1024px) 100vw, 1024px\" \/><\/a><\/figure>\n\n\n\n<figure class=\"wp-block-image size-large\"><a href=\"https:\/\/medicina.udd.cl\/fonoaudiologia-santiago\/files\/2024\/03\/fono-investidura-gen-2020-14-scaled.jpg\"><img loading=\"lazy\" decoding=\"async\" width=\"1024\" height=\"683\" data-id=\"6510\" src=\"https:\/\/medicina.udd.cl\/fonoaudiologia-santiago\/files\/2024\/03\/fono-investidura-gen-2020-14-1024x683.jpg\" alt=\"\" class=\"wp-image-6510\" srcset=\"https:\/\/medicina.udd.cl\/fonoaudiologia-santiago\/files\/2024\/03\/fono-investidura-gen-2020-14-1024x683.jpg 1024w, https:\/\/medicina.udd.cl\/fonoaudiologia-santiago\/files\/2024\/03\/fono-investidura-gen-2020-14-300x200.jpg 300w, https:\/\/medicina.udd.cl\/fonoaudiologia-santiago\/files\/2024\/03\/fono-investidura-gen-2020-14-768x512.jpg 768w, https:\/\/medicina.udd.cl\/fonoaudiologia-santiago\/files\/2024\/03\/fono-investidura-gen-2020-14-1536x1024.jpg 1536w, https:\/\/medicina.udd.cl\/fonoaudiologia-santiago\/files\/2024\/03\/fono-investidura-gen-2020-14-2048x1365.jpg 2048w\" sizes=\"auto, (max-width: 1024px) 100vw, 1024px\" \/><\/a><\/figure>\n\n\n\n<figure class=\"wp-block-image size-large\"><a href=\"https:\/\/medicina.udd.cl\/fonoaudiologia-santiago\/files\/2024\/03\/fono-investidura-gen-2020-15-scaled.jpg\"><img loading=\"lazy\" decoding=\"async\" width=\"1024\" height=\"683\" data-id=\"6513\" src=\"https:\/\/medicina.udd.cl\/fonoaudiologia-santiago\/files\/2024\/03\/fono-investidura-gen-2020-15-1024x683.jpg\" alt=\"\" class=\"wp-image-6513\" srcset=\"https:\/\/medicina.udd.cl\/fonoaudiologia-santiago\/files\/2024\/03\/fono-investidura-gen-2020-15-1024x683.jpg 1024w, https:\/\/medicina.udd.cl\/fonoaudiologia-santiago\/files\/2024\/03\/fono-investidura-gen-2020-15-300x200.jpg 300w, https:\/\/medicina.udd.cl\/fonoaudiologia-santiago\/files\/2024\/03\/fono-investidura-gen-2020-15-768x512.jpg 768w, https:\/\/medicina.udd.cl\/fonoaudiologia-santiago\/files\/2024\/03\/fono-investidura-gen-2020-15-1536x1024.jpg 1536w, https:\/\/medicina.udd.cl\/fonoaudiologia-santiago\/files\/2024\/03\/fono-investidura-gen-2020-15-2048x1366.jpg 2048w\" sizes=\"auto, (max-width: 1024px) 100vw, 1024px\" \/><\/a><\/figure>\n\n\n\n<figure class=\"wp-block-image size-large\"><a href=\"https:\/\/medicina.udd.cl\/fonoaudiologia-santiago\/files\/2024\/03\/fono-investidura-gen-2020-16-scaled.jpg\"><img loading=\"lazy\" decoding=\"async\" width=\"1024\" height=\"683\" data-id=\"6516\" src=\"https:\/\/medicina.udd.cl\/fonoaudiologia-santiago\/files\/2024\/03\/fono-investidura-gen-2020-16-1024x683.jpg\" alt=\"\" class=\"wp-image-6516\" srcset=\"https:\/\/medicina.udd.cl\/fonoaudiologia-santiago\/files\/2024\/03\/fono-investidura-gen-2020-16-1024x683.jpg 1024w, https:\/\/medicina.udd.cl\/fonoaudiologia-santiago\/files\/2024\/03\/fono-investidura-gen-2020-16-300x200.jpg 300w, https:\/\/medicina.udd.cl\/fonoaudiologia-santiago\/files\/2024\/03\/fono-investidura-gen-2020-16-768x512.jpg 768w, https:\/\/medicina.udd.cl\/fonoaudiologia-santiago\/files\/2024\/03\/fono-investidura-gen-2020-16-1536x1024.jpg 1536w, https:\/\/medicina.udd.cl\/fonoaudiologia-santiago\/files\/2024\/03\/fono-investidura-gen-2020-16-2048x1365.jpg 2048w\" sizes=\"auto, (max-width: 1024px) 100vw, 1024px\" \/><\/a><\/figure>\n\n\n\n<figure class=\"wp-block-image size-large\"><a href=\"https:\/\/medicina.udd.cl\/fonoaudiologia-santiago\/files\/2024\/03\/fono-investidura-gen-2020-17-scaled.jpg\"><img loading=\"lazy\" decoding=\"async\" width=\"1024\" height=\"683\" data-id=\"6519\" src=\"https:\/\/medicina.udd.cl\/fonoaudiologia-santiago\/files\/2024\/03\/fono-investidura-gen-2020-17-1024x683.jpg\" alt=\"\" class=\"wp-image-6519\" srcset=\"https:\/\/medicina.udd.cl\/fonoaudiologia-santiago\/files\/2024\/03\/fono-investidura-gen-2020-17-1024x683.jpg 1024w, https:\/\/medicina.udd.cl\/fonoaudiologia-santiago\/files\/2024\/03\/fono-investidura-gen-2020-17-300x200.jpg 300w, https:\/\/medicina.udd.cl\/fonoaudiologia-santiago\/files\/2024\/03\/fono-investidura-gen-2020-17-768x512.jpg 768w, https:\/\/medicina.udd.cl\/fonoaudiologia-santiago\/files\/2024\/03\/fono-investidura-gen-2020-17-1536x1024.jpg 1536w, https:\/\/medicina.udd.cl\/fonoaudiologia-santiago\/files\/2024\/03\/fono-investidura-gen-2020-17-2048x1365.jpg 2048w\" sizes=\"auto, (max-width: 1024px) 100vw, 1024px\" \/><\/a><\/figure>\n\n\n\n<figure class=\"wp-block-image size-large\"><a href=\"https:\/\/medicina.udd.cl\/fonoaudiologia-santiago\/files\/2024\/03\/fono-investidura-gen-2020-18-scaled.jpg\"><img loading=\"lazy\" decoding=\"async\" width=\"1024\" height=\"683\" data-id=\"6522\" src=\"https:\/\/medicina.udd.cl\/fonoaudiologia-santiago\/files\/2024\/03\/fono-investidura-gen-2020-18-1024x683.jpg\" alt=\"\" class=\"wp-image-6522\" srcset=\"https:\/\/medicina.udd.cl\/fonoaudiologia-santiago\/files\/2024\/03\/fono-investidura-gen-2020-18-1024x683.jpg 1024w, https:\/\/medicina.udd.cl\/fonoaudiologia-santiago\/files\/2024\/03\/fono-investidura-gen-2020-18-300x200.jpg 300w, https:\/\/medicina.udd.cl\/fonoaudiologia-santiago\/files\/2024\/03\/fono-investidura-gen-2020-18-768x512.jpg 768w, https:\/\/medicina.udd.cl\/fonoaudiologia-santiago\/files\/2024\/03\/fono-investidura-gen-2020-18-1536x1024.jpg 1536w, https:\/\/medicina.udd.cl\/fonoaudiologia-santiago\/files\/2024\/03\/fono-investidura-gen-2020-18-2048x1365.jpg 2048w\" sizes=\"auto, (max-width: 1024px) 100vw, 1024px\" \/><\/a><\/figure>\n\n\n\n<figure class=\"wp-block-image size-large\"><a href=\"https:\/\/medicina.udd.cl\/fonoaudiologia-santiago\/files\/2024\/03\/fono-investidura-gen-2020-19-scaled.jpg\"><img loading=\"lazy\" decoding=\"async\" width=\"1024\" height=\"683\" data-id=\"6525\" src=\"https:\/\/medicina.udd.cl\/fonoaudiologia-santiago\/files\/2024\/03\/fono-investidura-gen-2020-19-1024x683.jpg\" alt=\"\" class=\"wp-image-6525\" srcset=\"https:\/\/medicina.udd.cl\/fonoaudiologia-santiago\/files\/2024\/03\/fono-investidura-gen-2020-19-1024x683.jpg 1024w, https:\/\/medicina.udd.cl\/fonoaudiologia-santiago\/files\/2024\/03\/fono-investidura-gen-2020-19-300x200.jpg 300w, https:\/\/medicina.udd.cl\/fonoaudiologia-santiago\/files\/2024\/03\/fono-investidura-gen-2020-19-768x512.jpg 768w, https:\/\/medicina.udd.cl\/fonoaudiologia-santiago\/files\/2024\/03\/fono-investidura-gen-2020-19-1536x1024.jpg 1536w, https:\/\/medicina.udd.cl\/fonoaudiologia-santiago\/files\/2024\/03\/fono-investidura-gen-2020-19-2048x1365.jpg 2048w\" sizes=\"auto, (max-width: 1024px) 100vw, 1024px\" \/><\/a><\/figure>\n\n\n\n<figure class=\"wp-block-image size-large\"><a href=\"https:\/\/medicina.udd.cl\/fonoaudiologia-santiago\/files\/2024\/03\/fono-investidura-gen-2020-20-scaled.jpg\"><img loading=\"lazy\" decoding=\"async\" width=\"1024\" height=\"683\" data-id=\"6528\" src=\"https:\/\/medicina.udd.cl\/fonoaudiologia-santiago\/files\/2024\/03\/fono-investidura-gen-2020-20-1024x683.jpg\" alt=\"\" class=\"wp-image-6528\" srcset=\"https:\/\/medicina.udd.cl\/fonoaudiologia-santiago\/files\/2024\/03\/fono-investidura-gen-2020-20-1024x683.jpg 1024w, https:\/\/medicina.udd.cl\/fonoaudiologia-santiago\/files\/2024\/03\/fono-investidura-gen-2020-20-300x200.jpg 300w, https:\/\/medicina.udd.cl\/fonoaudiologia-santiago\/files\/2024\/03\/fono-investidura-gen-2020-20-768x512.jpg 768w, https:\/\/medicina.udd.cl\/fonoaudiologia-santiago\/files\/2024\/03\/fono-investidura-gen-2020-20-1536x1024.jpg 1536w, https:\/\/medicina.udd.cl\/fonoaudiologia-santiago\/files\/2024\/03\/fono-investidura-gen-2020-20-2048x1365.jpg 2048w\" sizes=\"auto, (max-width: 1024px) 100vw, 1024px\" \/><\/a><\/figure>\n\n\n\n<figure class=\"wp-block-image size-large\"><a href=\"https:\/\/medicina.udd.cl\/fonoaudiologia-santiago\/files\/2024\/03\/fono-investidura-gen-2020-21-scaled.jpg\"><img loading=\"lazy\" decoding=\"async\" width=\"1024\" height=\"683\" data-id=\"6531\" src=\"https:\/\/medicina.udd.cl\/fonoaudiologia-santiago\/files\/2024\/03\/fono-investidura-gen-2020-21-1024x683.jpg\" alt=\"\" class=\"wp-image-6531\" srcset=\"https:\/\/medicina.udd.cl\/fonoaudiologia-santiago\/files\/2024\/03\/fono-investidura-gen-2020-21-1024x683.jpg 1024w, https:\/\/medicina.udd.cl\/fonoaudiologia-santiago\/files\/2024\/03\/fono-investidura-gen-2020-21-300x200.jpg 300w, https:\/\/medicina.udd.cl\/fonoaudiologia-santiago\/files\/2024\/03\/fono-investidura-gen-2020-21-768x512.jpg 768w, https:\/\/medicina.udd.cl\/fonoaudiologia-santiago\/files\/2024\/03\/fono-investidura-gen-2020-21-1536x1024.jpg 1536w, https:\/\/medicina.udd.cl\/fonoaudiologia-santiago\/files\/2024\/03\/fono-investidura-gen-2020-21-2048x1365.jpg 2048w\" sizes=\"auto, (max-width: 1024px) 100vw, 1024px\" \/><\/a><\/figure>\n\n\n\n<figure class=\"wp-block-image size-large\"><a href=\"https:\/\/medicina.udd.cl\/fonoaudiologia-santiago\/files\/2024\/03\/fono-investidura-gen-2020-22-scaled.jpg\"><img loading=\"lazy\" decoding=\"async\" width=\"1024\" height=\"683\" data-id=\"6534\" src=\"https:\/\/medicina.udd.cl\/fonoaudiologia-santiago\/files\/2024\/03\/fono-investidura-gen-2020-22-1024x683.jpg\" alt=\"\" class=\"wp-image-6534\" srcset=\"https:\/\/medicina.udd.cl\/fonoaudiologia-santiago\/files\/2024\/03\/fono-investidura-gen-2020-22-1024x683.jpg 1024w, https:\/\/medicina.udd.cl\/fonoaudiologia-santiago\/files\/2024\/03\/fono-investidura-gen-2020-22-300x200.jpg 300w, https:\/\/medicina.udd.cl\/fonoaudiologia-santiago\/files\/2024\/03\/fono-investidura-gen-2020-22-768x512.jpg 768w, https:\/\/medicina.udd.cl\/fonoaudiologia-santiago\/files\/2024\/03\/fono-investidura-gen-2020-22-1536x1024.jpg 1536w, https:\/\/medicina.udd.cl\/fonoaudiologia-santiago\/files\/2024\/03\/fono-investidura-gen-2020-22-2048x1365.jpg 2048w\" sizes=\"auto, (max-width: 1024px) 100vw, 1024px\" \/><\/a><\/figure>\n\n\n\n<figure class=\"wp-block-image size-large\"><a href=\"https:\/\/medicina.udd.cl\/fonoaudiologia-santiago\/files\/2024\/03\/fono-investidura-gen-2020-23-scaled.jpg\"><img loading=\"lazy\" decoding=\"async\" width=\"1024\" height=\"683\" data-id=\"6537\" src=\"https:\/\/medicina.udd.cl\/fonoaudiologia-santiago\/files\/2024\/03\/fono-investidura-gen-2020-23-1024x683.jpg\" alt=\"\" class=\"wp-image-6537\" srcset=\"https:\/\/medicina.udd.cl\/fonoaudiologia-santiago\/files\/2024\/03\/fono-investidura-gen-2020-23-1024x683.jpg 1024w, https:\/\/medicina.udd.cl\/fonoaudiologia-santiago\/files\/2024\/03\/fono-investidura-gen-2020-23-300x200.jpg 300w, https:\/\/medicina.udd.cl\/fonoaudiologia-santiago\/files\/2024\/03\/fono-investidura-gen-2020-23-768x512.jpg 768w, https:\/\/medicina.udd.cl\/fonoaudiologia-santiago\/files\/2024\/03\/fono-investidura-gen-2020-23-1536x1024.jpg 1536w, https:\/\/medicina.udd.cl\/fonoaudiologia-santiago\/files\/2024\/03\/fono-investidura-gen-2020-23-2048x1365.jpg 2048w\" sizes=\"auto, (max-width: 1024px) 100vw, 1024px\" \/><\/a><\/figure>\n\n\n\n<figure class=\"wp-block-image size-large\"><a href=\"https:\/\/medicina.udd.cl\/fonoaudiologia-santiago\/files\/2024\/03\/fono-investidura-gen-2020-24-scaled.jpg\"><img loading=\"lazy\" decoding=\"async\" width=\"1024\" height=\"683\" data-id=\"6540\" src=\"https:\/\/medicina.udd.cl\/fonoaudiologia-santiago\/files\/2024\/03\/fono-investidura-gen-2020-24-1024x683.jpg\" alt=\"\" class=\"wp-image-6540\" srcset=\"https:\/\/medicina.udd.cl\/fonoaudiologia-santiago\/files\/2024\/03\/fono-investidura-gen-2020-24-1024x683.jpg 1024w, https:\/\/medicina.udd.cl\/fonoaudiologia-santiago\/files\/2024\/03\/fono-investidura-gen-2020-24-300x200.jpg 300w, https:\/\/medicina.udd.cl\/fonoaudiologia-santiago\/files\/2024\/03\/fono-investidura-gen-2020-24-768x512.jpg 768w, https:\/\/medicina.udd.cl\/fonoaudiologia-santiago\/files\/2024\/03\/fono-investidura-gen-2020-24-1536x1024.jpg 1536w, https:\/\/medicina.udd.cl\/fonoaudiologia-santiago\/files\/2024\/03\/fono-investidura-gen-2020-24-2048x1365.jpg 2048w\" sizes=\"auto, (max-width: 1024px) 100vw, 1024px\" \/><\/a><\/figure>\n\n\n\n<figure class=\"wp-block-image size-large\"><a href=\"https:\/\/medicina.udd.cl\/fonoaudiologia-santiago\/files\/2024\/03\/fono-investidura-gen-2020-25-scaled.jpg\"><img loading=\"lazy\" decoding=\"async\" width=\"1024\" height=\"683\" data-id=\"6543\" src=\"https:\/\/medicina.udd.cl\/fonoaudiologia-santiago\/files\/2024\/03\/fono-investidura-gen-2020-25-1024x683.jpg\" alt=\"\" class=\"wp-image-6543\" srcset=\"https:\/\/medicina.udd.cl\/fonoaudiologia-santiago\/files\/2024\/03\/fono-investidura-gen-2020-25-1024x683.jpg 1024w, https:\/\/medicina.udd.cl\/fonoaudiologia-santiago\/files\/2024\/03\/fono-investidura-gen-2020-25-300x200.jpg 300w, https:\/\/medicina.udd.cl\/fonoaudiologia-santiago\/files\/2024\/03\/fono-investidura-gen-2020-25-768x512.jpg 768w, https:\/\/medicina.udd.cl\/fonoaudiologia-santiago\/files\/2024\/03\/fono-investidura-gen-2020-25-1536x1024.jpg 1536w, https:\/\/medicina.udd.cl\/fonoaudiologia-santiago\/files\/2024\/03\/fono-investidura-gen-2020-25-2048x1365.jpg 2048w\" sizes=\"auto, (max-width: 1024px) 100vw, 1024px\" \/><\/a><\/figure>\n\n\n\n<figure class=\"wp-block-image size-large\"><a href=\"https:\/\/medicina.udd.cl\/fonoaudiologia-santiago\/files\/2024\/03\/fono-investidura-gen-2020-26-scaled.jpg\"><img loading=\"lazy\" decoding=\"async\" width=\"1024\" height=\"683\" data-id=\"6546\" src=\"https:\/\/medicina.udd.cl\/fonoaudiologia-santiago\/files\/2024\/03\/fono-investidura-gen-2020-26-1024x683.jpg\" alt=\"\" class=\"wp-image-6546\" srcset=\"https:\/\/medicina.udd.cl\/fonoaudiologia-santiago\/files\/2024\/03\/fono-investidura-gen-2020-26-1024x683.jpg 1024w, https:\/\/medicina.udd.cl\/fonoaudiologia-santiago\/files\/2024\/03\/fono-investidura-gen-2020-26-300x200.jpg 300w, https:\/\/medicina.udd.cl\/fonoaudiologia-santiago\/files\/2024\/03\/fono-investidura-gen-2020-26-768x512.jpg 768w, https:\/\/medicina.udd.cl\/fonoaudiologia-santiago\/files\/2024\/03\/fono-investidura-gen-2020-26-1536x1024.jpg 1536w, https:\/\/medicina.udd.cl\/fonoaudiologia-santiago\/files\/2024\/03\/fono-investidura-gen-2020-26-2048x1365.jpg 2048w\" sizes=\"auto, (max-width: 1024px) 100vw, 1024px\" \/><\/a><\/figure>\n\n\n\n<figure class=\"wp-block-image size-large\"><a href=\"https:\/\/medicina.udd.cl\/fonoaudiologia-santiago\/files\/2024\/03\/fono-investidura-gen-2020-27-scaled.jpg\"><img loading=\"lazy\" decoding=\"async\" width=\"1024\" height=\"683\" data-id=\"6549\" src=\"https:\/\/medicina.udd.cl\/fonoaudiologia-santiago\/files\/2024\/03\/fono-investidura-gen-2020-27-1024x683.jpg\" alt=\"\" class=\"wp-image-6549\" srcset=\"https:\/\/medicina.udd.cl\/fonoaudiologia-santiago\/files\/2024\/03\/fono-investidura-gen-2020-27-1024x683.jpg 1024w, https:\/\/medicina.udd.cl\/fonoaudiologia-santiago\/files\/2024\/03\/fono-investidura-gen-2020-27-300x200.jpg 300w, https:\/\/medicina.udd.cl\/fonoaudiologia-santiago\/files\/2024\/03\/fono-investidura-gen-2020-27-768x512.jpg 768w, https:\/\/medicina.udd.cl\/fonoaudiologia-santiago\/files\/2024\/03\/fono-investidura-gen-2020-27-1536x1024.jpg 1536w, https:\/\/medicina.udd.cl\/fonoaudiologia-santiago\/files\/2024\/03\/fono-investidura-gen-2020-27-2048x1365.jpg 2048w\" sizes=\"auto, (max-width: 1024px) 100vw, 1024px\" \/><\/a><\/figure>\n\n\n\n<figure class=\"wp-block-image size-large\"><a href=\"https:\/\/medicina.udd.cl\/fonoaudiologia-santiago\/files\/2024\/03\/fono-investidura-gen-2020-28-scaled.jpg\"><img loading=\"lazy\" decoding=\"async\" width=\"1024\" height=\"683\" data-id=\"6552\" src=\"https:\/\/medicina.udd.cl\/fonoaudiologia-santiago\/files\/2024\/03\/fono-investidura-gen-2020-28-1024x683.jpg\" alt=\"\" class=\"wp-image-6552\" srcset=\"https:\/\/medicina.udd.cl\/fonoaudiologia-santiago\/files\/2024\/03\/fono-investidura-gen-2020-28-1024x683.jpg 1024w, https:\/\/medicina.udd.cl\/fonoaudiologia-santiago\/files\/2024\/03\/fono-investidura-gen-2020-28-300x200.jpg 300w, https:\/\/medicina.udd.cl\/fonoaudiologia-santiago\/files\/2024\/03\/fono-investidura-gen-2020-28-768x512.jpg 768w, https:\/\/medicina.udd.cl\/fonoaudiologia-santiago\/files\/2024\/03\/fono-investidura-gen-2020-28-1536x1024.jpg 1536w, https:\/\/medicina.udd.cl\/fonoaudiologia-santiago\/files\/2024\/03\/fono-investidura-gen-2020-28-2048x1366.jpg 2048w\" sizes=\"auto, (max-width: 1024px) 100vw, 1024px\" \/><\/a><\/figure>\n\n\n\n<figure class=\"wp-block-image size-large\"><a href=\"https:\/\/medicina.udd.cl\/fonoaudiologia-santiago\/files\/2024\/03\/fono-investidura-gen-2020-30-scaled.jpg\"><img loading=\"lazy\" decoding=\"async\" width=\"1024\" height=\"683\" data-id=\"6555\" src=\"https:\/\/medicina.udd.cl\/fonoaudiologia-santiago\/files\/2024\/03\/fono-investidura-gen-2020-30-1024x683.jpg\" alt=\"\" class=\"wp-image-6555\" srcset=\"https:\/\/medicina.udd.cl\/fonoaudiologia-santiago\/files\/2024\/03\/fono-investidura-gen-2020-30-1024x683.jpg 1024w, https:\/\/medicina.udd.cl\/fonoaudiologia-santiago\/files\/2024\/03\/fono-investidura-gen-2020-30-300x200.jpg 300w, https:\/\/medicina.udd.cl\/fonoaudiologia-santiago\/files\/2024\/03\/fono-investidura-gen-2020-30-768x512.jpg 768w, https:\/\/medicina.udd.cl\/fonoaudiologia-santiago\/files\/2024\/03\/fono-investidura-gen-2020-30-1536x1024.jpg 1536w, https:\/\/medicina.udd.cl\/fonoaudiologia-santiago\/files\/2024\/03\/fono-investidura-gen-2020-30-2048x1365.jpg 2048w\" sizes=\"auto, (max-width: 1024px) 100vw, 1024px\" \/><\/a><\/figure>\n\n\n\n<figure class=\"wp-block-image size-large\"><a href=\"https:\/\/medicina.udd.cl\/fonoaudiologia-santiago\/files\/2024\/03\/fono-investidura-gen-2020-31-scaled.jpg\"><img loading=\"lazy\" decoding=\"async\" width=\"1024\" height=\"683\" data-id=\"6558\" src=\"https:\/\/medicina.udd.cl\/fonoaudiologia-santiago\/files\/2024\/03\/fono-investidura-gen-2020-31-1024x683.jpg\" alt=\"\" class=\"wp-image-6558\" srcset=\"https:\/\/medicina.udd.cl\/fonoaudiologia-santiago\/files\/2024\/03\/fono-investidura-gen-2020-31-1024x683.jpg 1024w, https:\/\/medicina.udd.cl\/fonoaudiologia-santiago\/files\/2024\/03\/fono-investidura-gen-2020-31-300x200.jpg 300w, https:\/\/medicina.udd.cl\/fonoaudiologia-santiago\/files\/2024\/03\/fono-investidura-gen-2020-31-768x512.jpg 768w, https:\/\/medicina.udd.cl\/fonoaudiologia-santiago\/files\/2024\/03\/fono-investidura-gen-2020-31-1536x1024.jpg 1536w, https:\/\/medicina.udd.cl\/fonoaudiologia-santiago\/files\/2024\/03\/fono-investidura-gen-2020-31-2048x1365.jpg 2048w\" sizes=\"auto, (max-width: 1024px) 100vw, 1024px\" \/><\/a><\/figure>\n\n\n\n<figure class=\"wp-block-image size-large\"><a href=\"https:\/\/medicina.udd.cl\/fonoaudiologia-santiago\/files\/2024\/03\/fono-investidura-gen-2020-32-scaled.jpg\"><img loading=\"lazy\" decoding=\"async\" width=\"1024\" height=\"683\" data-id=\"6561\" src=\"https:\/\/medicina.udd.cl\/fonoaudiologia-santiago\/files\/2024\/03\/fono-investidura-gen-2020-32-1024x683.jpg\" alt=\"\" class=\"wp-image-6561\" srcset=\"https:\/\/medicina.udd.cl\/fonoaudiologia-santiago\/files\/2024\/03\/fono-investidura-gen-2020-32-1024x683.jpg 1024w, https:\/\/medicina.udd.cl\/fonoaudiologia-santiago\/files\/2024\/03\/fono-investidura-gen-2020-32-300x200.jpg 300w, https:\/\/medicina.udd.cl\/fonoaudiologia-santiago\/files\/2024\/03\/fono-investidura-gen-2020-32-768x512.jpg 768w, https:\/\/medicina.udd.cl\/fonoaudiologia-santiago\/files\/2024\/03\/fono-investidura-gen-2020-32-1536x1024.jpg 1536w, https:\/\/medicina.udd.cl\/fonoaudiologia-santiago\/files\/2024\/03\/fono-investidura-gen-2020-32-2048x1365.jpg 2048w\" sizes=\"auto, (max-width: 1024px) 100vw, 1024px\" \/><\/a><\/figure>\n\n\n\n<figure class=\"wp-block-image size-large\"><a href=\"https:\/\/medicina.udd.cl\/fonoaudiologia-santiago\/files\/2024\/03\/fono-investidura-gen-2020-33-scaled.jpg\"><img loading=\"lazy\" decoding=\"async\" width=\"1024\" height=\"683\" data-id=\"6564\" src=\"https:\/\/medicina.udd.cl\/fonoaudiologia-santiago\/files\/2024\/03\/fono-investidura-gen-2020-33-1024x683.jpg\" alt=\"\" class=\"wp-image-6564\" srcset=\"https:\/\/medicina.udd.cl\/fonoaudiologia-santiago\/files\/2024\/03\/fono-investidura-gen-2020-33-1024x683.jpg 1024w, https:\/\/medicina.udd.cl\/fonoaudiologia-santiago\/files\/2024\/03\/fono-investidura-gen-2020-33-300x200.jpg 300w, https:\/\/medicina.udd.cl\/fonoaudiologia-santiago\/files\/2024\/03\/fono-investidura-gen-2020-33-768x512.jpg 768w, https:\/\/medicina.udd.cl\/fonoaudiologia-santiago\/files\/2024\/03\/fono-investidura-gen-2020-33-1536x1024.jpg 1536w, https:\/\/medicina.udd.cl\/fonoaudiologia-santiago\/files\/2024\/03\/fono-investidura-gen-2020-33-2048x1366.jpg 2048w\" sizes=\"auto, (max-width: 1024px) 100vw, 1024px\" \/><\/a><\/figure>\n\n\n\n<figure class=\"wp-block-image size-large\"><a href=\"https:\/\/medicina.udd.cl\/fonoaudiologia-santiago\/files\/2024\/03\/fono-investidura-gen-2020-34-scaled.jpg\"><img loading=\"lazy\" decoding=\"async\" width=\"1024\" height=\"683\" data-id=\"6567\" src=\"https:\/\/medicina.udd.cl\/fonoaudiologia-santiago\/files\/2024\/03\/fono-investidura-gen-2020-34-1024x683.jpg\" alt=\"\" class=\"wp-image-6567\" srcset=\"https:\/\/medicina.udd.cl\/fonoaudiologia-santiago\/files\/2024\/03\/fono-investidura-gen-2020-34-1024x683.jpg 1024w, https:\/\/medicina.udd.cl\/fonoaudiologia-santiago\/files\/2024\/03\/fono-investidura-gen-2020-34-300x200.jpg 300w, https:\/\/medicina.udd.cl\/fonoaudiologia-santiago\/files\/2024\/03\/fono-investidura-gen-2020-34-768x512.jpg 768w, https:\/\/medicina.udd.cl\/fonoaudiologia-santiago\/files\/2024\/03\/fono-investidura-gen-2020-34-1536x1024.jpg 1536w, https:\/\/medicina.udd.cl\/fonoaudiologia-santiago\/files\/2024\/03\/fono-investidura-gen-2020-34-2048x1366.jpg 2048w\" sizes=\"auto, (max-width: 1024px) 100vw, 1024px\" \/><\/a><\/figure>\n\n\n\n<figure class=\"wp-block-image size-large\"><a href=\"https:\/\/medicina.udd.cl\/fonoaudiologia-santiago\/files\/2024\/03\/fono-investidura-gen-2020-3-scaled.jpg\"><img loading=\"lazy\" decoding=\"async\" width=\"1024\" height=\"683\" data-id=\"6483\" src=\"https:\/\/medicina.udd.cl\/fonoaudiologia-santiago\/files\/2024\/03\/fono-investidura-gen-2020-3-1024x683.jpg\" alt=\"\" class=\"wp-image-6483\" srcset=\"https:\/\/medicina.udd.cl\/fonoaudiologia-santiago\/files\/2024\/03\/fono-investidura-gen-2020-3-1024x683.jpg 1024w, https:\/\/medicina.udd.cl\/fonoaudiologia-santiago\/files\/2024\/03\/fono-investidura-gen-2020-3-300x200.jpg 300w, https:\/\/medicina.udd.cl\/fonoaudiologia-santiago\/files\/2024\/03\/fono-investidura-gen-2020-3-768x512.jpg 768w, https:\/\/medicina.udd.cl\/fonoaudiologia-santiago\/files\/2024\/03\/fono-investidura-gen-2020-3-1536x1024.jpg 1536w, https:\/\/medicina.udd.cl\/fonoaudiologia-santiago\/files\/2024\/03\/fono-investidura-gen-2020-3-2048x1365.jpg 2048w\" sizes=\"auto, (max-width: 1024px) 100vw, 1024px\" \/><\/a><\/figure>\n\n\n\n<figure class=\"wp-block-image size-large\"><a href=\"https:\/\/medicina.udd.cl\/fonoaudiologia-santiago\/files\/2024\/03\/fono-investidura-gen-2020-2-scaled.jpg\"><img loading=\"lazy\" decoding=\"async\" width=\"1024\" height=\"683\" data-id=\"6480\" src=\"https:\/\/medicina.udd.cl\/fonoaudiologia-santiago\/files\/2024\/03\/fono-investidura-gen-2020-2-1024x683.jpg\" alt=\"\" class=\"wp-image-6480\" srcset=\"https:\/\/medicina.udd.cl\/fonoaudiologia-santiago\/files\/2024\/03\/fono-investidura-gen-2020-2-1024x683.jpg 1024w, https:\/\/medicina.udd.cl\/fonoaudiologia-santiago\/files\/2024\/03\/fono-investidura-gen-2020-2-300x200.jpg 300w, https:\/\/medicina.udd.cl\/fonoaudiologia-santiago\/files\/2024\/03\/fono-investidura-gen-2020-2-768x512.jpg 768w, https:\/\/medicina.udd.cl\/fonoaudiologia-santiago\/files\/2024\/03\/fono-investidura-gen-2020-2-1536x1024.jpg 1536w, https:\/\/medicina.udd.cl\/fonoaudiologia-santiago\/files\/2024\/03\/fono-investidura-gen-2020-2-2048x1365.jpg 2048w\" sizes=\"auto, (max-width: 1024px) 100vw, 1024px\" \/><\/a><\/figure>\n<\/figure>\n","protected":false},"excerpt":{"rendered":"<p>La carrera de Fonoaudiolog\u00eda de la Facultad de Medicina Cl\u00ednica Alemana Universidad del Desarrollo, llev\u00f3 a cabo una significativa celebraci\u00f3n gracias a la ceremonia de investidura para los estudiantes de la generaci\u00f3n 2020. El evento, que tuvo lugar en el Aula Magna UDD, reuni\u00f3 a 17 futuras fonoaudi\u00f3logas, quienes usaron por primera vez su uniforme [&hellip;]<\/p>\n","protected":false},"author":9192219,"featured_media":6480,"comment_status":"closed","ping_status":"open","sticky":false,"template":"","format":"standard","meta":{"footnotes":""},"categories":[4],"tags":[],"class_list":["post-6474","post","type-post","status-publish","format-standard","has-post-thumbnail","hentry","category-noticias"],"yoast_head":"<!-- This site is optimized with the Yoast SEO plugin v26.9 - https:\/\/yoast.com\/product\/yoast-seo-wordpress\/ -->\n<title>Ceremonia de investidura marca el inicio del camino profesional de estudiantes de Fonoaudiolog\u00eda UDD - Fonoaudiolog\u00eda<\/title>\n<meta name=\"robots\" content=\"index, follow, max-snippet:-1, max-image-preview:large, max-video-preview:-1\" \/>\n<link rel=\"canonical\" href=\"https:\/\/medicina.udd.cl\/fonoaudiologia-santiago\/noticias\/2024\/03\/07\/ceremonia-de-investidura-marca-el-inicio-del-camino-profesional-de-estudiantes-de-fonoaudiologia-udd\/\" \/>\n<meta property=\"og:locale\" content=\"es_ES\" \/>\n<meta property=\"og:type\" content=\"article\" \/>\n<meta property=\"og:title\" content=\"Ceremonia de investidura marca el inicio del camino profesional de estudiantes de Fonoaudiolog\u00eda UDD - Fonoaudiolog\u00eda\" \/>\n<meta property=\"og:description\" content=\"La carrera de Fonoaudiolog\u00eda de la Facultad de Medicina Cl\u00ednica Alemana Universidad del Desarrollo, llev\u00f3 a cabo una significativa celebraci\u00f3n gracias a la ceremonia de investidura para los estudiantes de la generaci\u00f3n 2020. El evento, que tuvo lugar en el Aula Magna UDD, reuni\u00f3 a 17 futuras fonoaudi\u00f3logas, quienes usaron por primera vez su uniforme [&hellip;]\" \/>\n<meta property=\"og:url\" content=\"https:\/\/medicina.udd.cl\/fonoaudiologia-santiago\/noticias\/2024\/03\/07\/ceremonia-de-investidura-marca-el-inicio-del-camino-profesional-de-estudiantes-de-fonoaudiologia-udd\/\" \/>\n<meta property=\"og:site_name\" content=\"Fonoaudiolog\u00eda\" \/>\n<meta property=\"article:published_time\" content=\"2024-03-07T19:14:41+00:00\" \/>\n<meta property=\"article:modified_time\" content=\"2024-03-07T19:14:45+00:00\" \/>\n<meta property=\"og:image\" content=\"https:\/\/medicina.udd.cl\/fonoaudiologia-santiago\/files\/2024\/03\/fono-investidura-gen-2020-2-scaled.jpg\" \/>\n\t<meta property=\"og:image:width\" content=\"2560\" \/>\n\t<meta property=\"og:image:height\" content=\"1707\" \/>\n\t<meta property=\"og:image:type\" content=\"image\/jpeg\" \/>\n<meta name=\"author\" content=\"rbraidy\" \/>\n<meta name=\"twitter:label1\" content=\"Escrito por\" \/>\n\t<meta name=\"twitter:data1\" content=\"rbraidy\" \/>\n\t<meta name=\"twitter:label2\" content=\"Tiempo de lectura\" \/>\n\t<meta name=\"twitter:data2\" content=\"8 minutos\" \/>\n<script type=\"application\/ld+json\" class=\"yoast-schema-graph\">{\"@context\":\"https:\/\/schema.org\",\"@graph\":[{\"@type\":\"Article\",\"@id\":\"https:\/\/medicina.udd.cl\/fonoaudiologia-santiago\/noticias\/2024\/03\/07\/ceremonia-de-investidura-marca-el-inicio-del-camino-profesional-de-estudiantes-de-fonoaudiologia-udd\/#article\",\"isPartOf\":{\"@id\":\"https:\/\/medicina.udd.cl\/fonoaudiologia-santiago\/noticias\/2024\/03\/07\/ceremonia-de-investidura-marca-el-inicio-del-camino-profesional-de-estudiantes-de-fonoaudiologia-udd\/\"},\"author\":{\"name\":\"rbraidy\",\"@id\":\"https:\/\/medicina.udd.cl\/fonoaudiologia-santiago\/#\/schema\/person\/dbc3705bf3a93e8be1ba6de0ef950341\"},\"headline\":\"Ceremonia de investidura marca el inicio del camino profesional de estudiantes de Fonoaudiolog\u00eda UDD\",\"datePublished\":\"2024-03-07T19:14:41+00:00\",\"dateModified\":\"2024-03-07T19:14:45+00:00\",\"mainEntityOfPage\":{\"@id\":\"https:\/\/medicina.udd.cl\/fonoaudiologia-santiago\/noticias\/2024\/03\/07\/ceremonia-de-investidura-marca-el-inicio-del-camino-profesional-de-estudiantes-de-fonoaudiologia-udd\/\"},\"wordCount\":393,\"image\":{\"@id\":\"https:\/\/medicina.udd.cl\/fonoaudiologia-santiago\/noticias\/2024\/03\/07\/ceremonia-de-investidura-marca-el-inicio-del-camino-profesional-de-estudiantes-de-fonoaudiologia-udd\/#primaryimage\"},\"thumbnailUrl\":\"https:\/\/medicina.udd.cl\/fonoaudiologia-santiago\/files\/2024\/03\/fono-investidura-gen-2020-2-scaled.jpg\",\"articleSection\":[\"Noticias\"],\"inLanguage\":\"es\"},{\"@type\":\"WebPage\",\"@id\":\"https:\/\/medicina.udd.cl\/fonoaudiologia-santiago\/noticias\/2024\/03\/07\/ceremonia-de-investidura-marca-el-inicio-del-camino-profesional-de-estudiantes-de-fonoaudiologia-udd\/\",\"url\":\"https:\/\/medicina.udd.cl\/fonoaudiologia-santiago\/noticias\/2024\/03\/07\/ceremonia-de-investidura-marca-el-inicio-del-camino-profesional-de-estudiantes-de-fonoaudiologia-udd\/\",\"name\":\"Ceremonia de investidura marca el inicio del camino profesional de estudiantes de Fonoaudiolog\u00eda UDD - Fonoaudiolog\u00eda\",\"isPartOf\":{\"@id\":\"https:\/\/medicina.udd.cl\/fonoaudiologia-santiago\/#website\"},\"primaryImageOfPage\":{\"@id\":\"https:\/\/medicina.udd.cl\/fonoaudiologia-santiago\/noticias\/2024\/03\/07\/ceremonia-de-investidura-marca-el-inicio-del-camino-profesional-de-estudiantes-de-fonoaudiologia-udd\/#primaryimage\"},\"image\":{\"@id\":\"https:\/\/medicina.udd.cl\/fonoaudiologia-santiago\/noticias\/2024\/03\/07\/ceremonia-de-investidura-marca-el-inicio-del-camino-profesional-de-estudiantes-de-fonoaudiologia-udd\/#primaryimage\"},\"thumbnailUrl\":\"https:\/\/medicina.udd.cl\/fonoaudiologia-santiago\/files\/2024\/03\/fono-investidura-gen-2020-2-scaled.jpg\",\"datePublished\":\"2024-03-07T19:14:41+00:00\",\"dateModified\":\"2024-03-07T19:14:45+00:00\",\"author\":{\"@id\":\"https:\/\/medicina.udd.cl\/fonoaudiologia-santiago\/#\/schema\/person\/dbc3705bf3a93e8be1ba6de0ef950341\"},\"breadcrumb\":{\"@id\":\"https:\/\/medicina.udd.cl\/fonoaudiologia-santiago\/noticias\/2024\/03\/07\/ceremonia-de-investidura-marca-el-inicio-del-camino-profesional-de-estudiantes-de-fonoaudiologia-udd\/#breadcrumb\"},\"inLanguage\":\"es\",\"potentialAction\":[{\"@type\":\"ReadAction\",\"target\":[\"https:\/\/medicina.udd.cl\/fonoaudiologia-santiago\/noticias\/2024\/03\/07\/ceremonia-de-investidura-marca-el-inicio-del-camino-profesional-de-estudiantes-de-fonoaudiologia-udd\/\"]}]},{\"@type\":\"ImageObject\",\"inLanguage\":\"es\",\"@id\":\"https:\/\/medicina.udd.cl\/fonoaudiologia-santiago\/noticias\/2024\/03\/07\/ceremonia-de-investidura-marca-el-inicio-del-camino-profesional-de-estudiantes-de-fonoaudiologia-udd\/#primaryimage\",\"url\":\"https:\/\/medicina.udd.cl\/fonoaudiologia-santiago\/files\/2024\/03\/fono-investidura-gen-2020-2-scaled.jpg\",\"contentUrl\":\"https:\/\/medicina.udd.cl\/fonoaudiologia-santiago\/files\/2024\/03\/fono-investidura-gen-2020-2-scaled.jpg\",\"width\":2560,\"height\":1707},{\"@type\":\"BreadcrumbList\",\"@id\":\"https:\/\/medicina.udd.cl\/fonoaudiologia-santiago\/noticias\/2024\/03\/07\/ceremonia-de-investidura-marca-el-inicio-del-camino-profesional-de-estudiantes-de-fonoaudiologia-udd\/#breadcrumb\",\"itemListElement\":[{\"@type\":\"ListItem\",\"position\":1,\"name\":\"Home\",\"item\":\"https:\/\/medicina.udd.cl\/fonoaudiologia-santiago\/\"},{\"@type\":\"ListItem\",\"position\":2,\"name\":\"Ceremonia de investidura marca el inicio del camino profesional de estudiantes de Fonoaudiolog\u00eda UDD\"}]},{\"@type\":\"WebSite\",\"@id\":\"https:\/\/medicina.udd.cl\/fonoaudiologia-santiago\/#website\",\"url\":\"https:\/\/medicina.udd.cl\/fonoaudiologia-santiago\/\",\"name\":\"Fonoaudiolog\u00eda\",\"description\":\"Facultad de Medicina Cl\u00ednica Alemana Universidad del Desarrollo\",\"inLanguage\":\"es\"},{\"@type\":\"Person\",\"@id\":\"https:\/\/medicina.udd.cl\/fonoaudiologia-santiago\/#\/schema\/person\/dbc3705bf3a93e8be1ba6de0ef950341\",\"name\":\"rbraidy\",\"image\":{\"@type\":\"ImageObject\",\"inLanguage\":\"es\",\"@id\":\"https:\/\/medicina.udd.cl\/fonoaudiologia-santiago\/#\/schema\/person\/image\/\",\"url\":\"https:\/\/secure.gravatar.com\/avatar\/0f8bc94637401590e45d2ce17eb65c274cb8870a219de6177f3f23e63fd8cdf3?s=96&d=mm&r=g\",\"contentUrl\":\"https:\/\/secure.gravatar.com\/avatar\/0f8bc94637401590e45d2ce17eb65c274cb8870a219de6177f3f23e63fd8cdf3?s=96&d=mm&r=g\",\"caption\":\"rbraidy\"},\"url\":\"https:\/\/medicina.udd.cl\/fonoaudiologia-santiago\/noticias\/author\/rbraidy\/\"}]}<\/script>\n<!-- \/ Yoast SEO plugin. -->","yoast_head_json":{"title":"Ceremonia de investidura marca el inicio del camino profesional de estudiantes de Fonoaudiolog\u00eda UDD - Fonoaudiolog\u00eda","robots":{"index":"index","follow":"follow","max-snippet":"max-snippet:-1","max-image-preview":"max-image-preview:large","max-video-preview":"max-video-preview:-1"},"canonical":"https:\/\/medicina.udd.cl\/fonoaudiologia-santiago\/noticias\/2024\/03\/07\/ceremonia-de-investidura-marca-el-inicio-del-camino-profesional-de-estudiantes-de-fonoaudiologia-udd\/","og_locale":"es_ES","og_type":"article","og_title":"Ceremonia de investidura marca el inicio del camino profesional de estudiantes de Fonoaudiolog\u00eda UDD - Fonoaudiolog\u00eda","og_description":"La carrera de Fonoaudiolog\u00eda de la Facultad de Medicina Cl\u00ednica Alemana Universidad del Desarrollo, llev\u00f3 a cabo una significativa celebraci\u00f3n gracias a la ceremonia de investidura para los estudiantes de la generaci\u00f3n 2020. El evento, que tuvo lugar en el Aula Magna UDD, reuni\u00f3 a 17 futuras fonoaudi\u00f3logas, quienes usaron por primera vez su uniforme [&hellip;]","og_url":"https:\/\/medicina.udd.cl\/fonoaudiologia-santiago\/noticias\/2024\/03\/07\/ceremonia-de-investidura-marca-el-inicio-del-camino-profesional-de-estudiantes-de-fonoaudiologia-udd\/","og_site_name":"Fonoaudiolog\u00eda","article_published_time":"2024-03-07T19:14:41+00:00","article_modified_time":"2024-03-07T19:14:45+00:00","og_image":[{"width":2560,"height":1707,"url":"https:\/\/medicina.udd.cl\/fonoaudiologia-santiago\/files\/2024\/03\/fono-investidura-gen-2020-2-scaled.jpg","type":"image\/jpeg"}],"author":"rbraidy","twitter_misc":{"Escrito por":"rbraidy","Tiempo de lectura":"8 minutos"},"schema":{"@context":"https:\/\/schema.org","@graph":[{"@type":"Article","@id":"https:\/\/medicina.udd.cl\/fonoaudiologia-santiago\/noticias\/2024\/03\/07\/ceremonia-de-investidura-marca-el-inicio-del-camino-profesional-de-estudiantes-de-fonoaudiologia-udd\/#article","isPartOf":{"@id":"https:\/\/medicina.udd.cl\/fonoaudiologia-santiago\/noticias\/2024\/03\/07\/ceremonia-de-investidura-marca-el-inicio-del-camino-profesional-de-estudiantes-de-fonoaudiologia-udd\/"},"author":{"name":"rbraidy","@id":"https:\/\/medicina.udd.cl\/fonoaudiologia-santiago\/#\/schema\/person\/dbc3705bf3a93e8be1ba6de0ef950341"},"headline":"Ceremonia de investidura marca el inicio del camino profesional de estudiantes de Fonoaudiolog\u00eda UDD","datePublished":"2024-03-07T19:14:41+00:00","dateModified":"2024-03-07T19:14:45+00:00","mainEntityOfPage":{"@id":"https:\/\/medicina.udd.cl\/fonoaudiologia-santiago\/noticias\/2024\/03\/07\/ceremonia-de-investidura-marca-el-inicio-del-camino-profesional-de-estudiantes-de-fonoaudiologia-udd\/"},"wordCount":393,"image":{"@id":"https:\/\/medicina.udd.cl\/fonoaudiologia-santiago\/noticias\/2024\/03\/07\/ceremonia-de-investidura-marca-el-inicio-del-camino-profesional-de-estudiantes-de-fonoaudiologia-udd\/#primaryimage"},"thumbnailUrl":"https:\/\/medicina.udd.cl\/fonoaudiologia-santiago\/files\/2024\/03\/fono-investidura-gen-2020-2-scaled.jpg","articleSection":["Noticias"],"inLanguage":"es"},{"@type":"WebPage","@id":"https:\/\/medicina.udd.cl\/fonoaudiologia-santiago\/noticias\/2024\/03\/07\/ceremonia-de-investidura-marca-el-inicio-del-camino-profesional-de-estudiantes-de-fonoaudiologia-udd\/","url":"https:\/\/medicina.udd.cl\/fonoaudiologia-santiago\/noticias\/2024\/03\/07\/ceremonia-de-investidura-marca-el-inicio-del-camino-profesional-de-estudiantes-de-fonoaudiologia-udd\/","name":"Ceremonia de investidura marca el inicio del camino profesional de estudiantes de Fonoaudiolog\u00eda UDD - Fonoaudiolog\u00eda","isPartOf":{"@id":"https:\/\/medicina.udd.cl\/fonoaudiologia-santiago\/#website"},"primaryImageOfPage":{"@id":"https:\/\/medicina.udd.cl\/fonoaudiologia-santiago\/noticias\/2024\/03\/07\/ceremonia-de-investidura-marca-el-inicio-del-camino-profesional-de-estudiantes-de-fonoaudiologia-udd\/#primaryimage"},"image":{"@id":"https:\/\/medicina.udd.cl\/fonoaudiologia-santiago\/noticias\/2024\/03\/07\/ceremonia-de-investidura-marca-el-inicio-del-camino-profesional-de-estudiantes-de-fonoaudiologia-udd\/#primaryimage"},"thumbnailUrl":"https:\/\/medicina.udd.cl\/fonoaudiologia-santiago\/files\/2024\/03\/fono-investidura-gen-2020-2-scaled.jpg","datePublished":"2024-03-07T19:14:41+00:00","dateModified":"2024-03-07T19:14:45+00:00","author":{"@id":"https:\/\/medicina.udd.cl\/fonoaudiologia-santiago\/#\/schema\/person\/dbc3705bf3a93e8be1ba6de0ef950341"},"breadcrumb":{"@id":"https:\/\/medicina.udd.cl\/fonoaudiologia-santiago\/noticias\/2024\/03\/07\/ceremonia-de-investidura-marca-el-inicio-del-camino-profesional-de-estudiantes-de-fonoaudiologia-udd\/#breadcrumb"},"inLanguage":"es","potentialAction":[{"@type":"ReadAction","target":["https:\/\/medicina.udd.cl\/fonoaudiologia-santiago\/noticias\/2024\/03\/07\/ceremonia-de-investidura-marca-el-inicio-del-camino-profesional-de-estudiantes-de-fonoaudiologia-udd\/"]}]},{"@type":"ImageObject","inLanguage":"es","@id":"https:\/\/medicina.udd.cl\/fonoaudiologia-santiago\/noticias\/2024\/03\/07\/ceremonia-de-investidura-marca-el-inicio-del-camino-profesional-de-estudiantes-de-fonoaudiologia-udd\/#primaryimage","url":"https:\/\/medicina.udd.cl\/fonoaudiologia-santiago\/files\/2024\/03\/fono-investidura-gen-2020-2-scaled.jpg","contentUrl":"https:\/\/medicina.udd.cl\/fonoaudiologia-santiago\/files\/2024\/03\/fono-investidura-gen-2020-2-scaled.jpg","width":2560,"height":1707},{"@type":"BreadcrumbList","@id":"https:\/\/medicina.udd.cl\/fonoaudiologia-santiago\/noticias\/2024\/03\/07\/ceremonia-de-investidura-marca-el-inicio-del-camino-profesional-de-estudiantes-de-fonoaudiologia-udd\/#breadcrumb","itemListElement":[{"@type":"ListItem","position":1,"name":"Home","item":"https:\/\/medicina.udd.cl\/fonoaudiologia-santiago\/"},{"@type":"ListItem","position":2,"name":"Ceremonia de investidura marca el inicio del camino profesional de estudiantes de Fonoaudiolog\u00eda UDD"}]},{"@type":"WebSite","@id":"https:\/\/medicina.udd.cl\/fonoaudiologia-santiago\/#website","url":"https:\/\/medicina.udd.cl\/fonoaudiologia-santiago\/","name":"Fonoaudiolog\u00eda","description":"Facultad de Medicina Cl\u00ednica Alemana Universidad del Desarrollo","inLanguage":"es"},{"@type":"Person","@id":"https:\/\/medicina.udd.cl\/fonoaudiologia-santiago\/#\/schema\/person\/dbc3705bf3a93e8be1ba6de0ef950341","name":"rbraidy","image":{"@type":"ImageObject","inLanguage":"es","@id":"https:\/\/medicina.udd.cl\/fonoaudiologia-santiago\/#\/schema\/person\/image\/","url":"https:\/\/secure.gravatar.com\/avatar\/0f8bc94637401590e45d2ce17eb65c274cb8870a219de6177f3f23e63fd8cdf3?s=96&d=mm&r=g","contentUrl":"https:\/\/secure.gravatar.com\/avatar\/0f8bc94637401590e45d2ce17eb65c274cb8870a219de6177f3f23e63fd8cdf3?s=96&d=mm&r=g","caption":"rbraidy"},"url":"https:\/\/medicina.udd.cl\/fonoaudiologia-santiago\/noticias\/author\/rbraidy\/"}]}},"featured_image_url":"https:\/\/medicina.udd.cl\/fonoaudiologia-santiago\/files\/2024\/03\/fono-investidura-gen-2020-2-scaled.jpg","_links":{"self":[{"href":"https:\/\/medicina.udd.cl\/fonoaudiologia-santiago\/wp-json\/wp\/v2\/posts\/6474","targetHints":{"allow":["GET"]}}],"collection":[{"href":"https:\/\/medicina.udd.cl\/fonoaudiologia-santiago\/wp-json\/wp\/v2\/posts"}],"about":[{"href":"https:\/\/medicina.udd.cl\/fonoaudiologia-santiago\/wp-json\/wp\/v2\/types\/post"}],"author":[{"embeddable":true,"href":"https:\/\/medicina.udd.cl\/fonoaudiologia-santiago\/wp-json\/wp\/v2\/users\/9192219"}],"replies":[{"embeddable":true,"href":"https:\/\/medicina.udd.cl\/fonoaudiologia-santiago\/wp-json\/wp\/v2\/comments?post=6474"}],"version-history":[{"count":1,"href":"https:\/\/medicina.udd.cl\/fonoaudiologia-santiago\/wp-json\/wp\/v2\/posts\/6474\/revisions"}],"predecessor-version":[{"id":6570,"href":"https:\/\/medicina.udd.cl\/fonoaudiologia-santiago\/wp-json\/wp\/v2\/posts\/6474\/revisions\/6570"}],"wp:featuredmedia":[{"embeddable":true,"href":"https:\/\/medicina.udd.cl\/fonoaudiologia-santiago\/wp-json\/wp\/v2\/media\/6480"}],"wp:attachment":[{"href":"https:\/\/medicina.udd.cl\/fonoaudiologia-santiago\/wp-json\/wp\/v2\/media?parent=6474"}],"wp:term":[{"taxonomy":"category","embeddable":true,"href":"https:\/\/medicina.udd.cl\/fonoaudiologia-santiago\/wp-json\/wp\/v2\/categories?post=6474"},{"taxonomy":"post_tag","embeddable":true,"href":"https:\/\/medicina.udd.cl\/fonoaudiologia-santiago\/wp-json\/wp\/v2\/tags?post=6474"}],"curies":[{"name":"wp","href":"https:\/\/api.w.org\/{rel}","templated":true}]}}