{"id":6597,"date":"2024-04-04T16:24:58","date_gmt":"2024-04-04T19:24:58","guid":{"rendered":"https:\/\/medicina.udd.cl\/fonoaudiologia-santiago\/?p=6597"},"modified":"2024-04-05T13:10:02","modified_gmt":"2024-04-05T16:10:02","slug":"udd-titula-a-nuevos-profesionales-en-fonoaudiologia-kinesiologia-y-nutricion-dietetica","status":"publish","type":"post","link":"https:\/\/medicina.udd.cl\/fonoaudiologia-santiago\/noticias\/2024\/04\/04\/udd-titula-a-nuevos-profesionales-en-fonoaudiologia-kinesiologia-y-nutricion-dietetica\/","title":{"rendered":"UDD titula a nuevos profesionales en Fonoaudiolog\u00eda, Kinesiolog\u00eda y Nutrici\u00f3n &amp; Diet\u00e9tica"},"content":{"rendered":"\n<figure class=\"wp-block-gallery has-nested-images columns-default is-cropped wp-block-gallery-1 is-layout-flex wp-block-gallery-is-layout-flex\">\n<figure class=\"wp-block-image size-large\"><a href=\"https:\/\/medicina.udd.cl\/fonoaudiologia-santiago\/files\/2024\/04\/fm-titulacion-fono-kine-y-nutri-2024-10-scaled.jpg\"><img loading=\"lazy\" decoding=\"async\" width=\"1024\" height=\"683\" data-id=\"6624\" src=\"https:\/\/medicina.udd.cl\/fonoaudiologia-santiago\/files\/2024\/04\/fm-titulacion-fono-kine-y-nutri-2024-10-1024x683.jpg\" alt=\"\" class=\"wp-image-6624\" srcset=\"https:\/\/medicina.udd.cl\/fonoaudiologia-santiago\/files\/2024\/04\/fm-titulacion-fono-kine-y-nutri-2024-10-1024x683.jpg 1024w, https:\/\/medicina.udd.cl\/fonoaudiologia-santiago\/files\/2024\/04\/fm-titulacion-fono-kine-y-nutri-2024-10-300x200.jpg 300w, https:\/\/medicina.udd.cl\/fonoaudiologia-santiago\/files\/2024\/04\/fm-titulacion-fono-kine-y-nutri-2024-10-768x512.jpg 768w, https:\/\/medicina.udd.cl\/fonoaudiologia-santiago\/files\/2024\/04\/fm-titulacion-fono-kine-y-nutri-2024-10-1536x1024.jpg 1536w, https:\/\/medicina.udd.cl\/fonoaudiologia-santiago\/files\/2024\/04\/fm-titulacion-fono-kine-y-nutri-2024-10-2048x1365.jpg 2048w\" sizes=\"auto, (max-width: 1024px) 100vw, 1024px\" \/><\/a><\/figure>\n\n\n\n<figure class=\"wp-block-image size-large\"><a href=\"https:\/\/medicina.udd.cl\/fonoaudiologia-santiago\/files\/2024\/04\/fm-titulacion-fono-kine-y-nutri-2024-8-scaled.jpg\"><img loading=\"lazy\" decoding=\"async\" width=\"1024\" height=\"683\" data-id=\"6618\" src=\"https:\/\/medicina.udd.cl\/fonoaudiologia-santiago\/files\/2024\/04\/fm-titulacion-fono-kine-y-nutri-2024-8-1024x683.jpg\" alt=\"\" class=\"wp-image-6618\" srcset=\"https:\/\/medicina.udd.cl\/fonoaudiologia-santiago\/files\/2024\/04\/fm-titulacion-fono-kine-y-nutri-2024-8-1024x683.jpg 1024w, https:\/\/medicina.udd.cl\/fonoaudiologia-santiago\/files\/2024\/04\/fm-titulacion-fono-kine-y-nutri-2024-8-300x200.jpg 300w, https:\/\/medicina.udd.cl\/fonoaudiologia-santiago\/files\/2024\/04\/fm-titulacion-fono-kine-y-nutri-2024-8-768x512.jpg 768w, https:\/\/medicina.udd.cl\/fonoaudiologia-santiago\/files\/2024\/04\/fm-titulacion-fono-kine-y-nutri-2024-8-1536x1024.jpg 1536w, https:\/\/medicina.udd.cl\/fonoaudiologia-santiago\/files\/2024\/04\/fm-titulacion-fono-kine-y-nutri-2024-8-2048x1365.jpg 2048w\" sizes=\"auto, (max-width: 1024px) 100vw, 1024px\" \/><\/a><\/figure>\n\n\n\n<figure class=\"wp-block-image size-large\"><a href=\"https:\/\/medicina.udd.cl\/fonoaudiologia-santiago\/files\/2024\/04\/fm-titulacion-fono-kine-y-nutri-2024-9-scaled.jpg\"><img loading=\"lazy\" decoding=\"async\" width=\"1024\" height=\"683\" data-id=\"6621\" src=\"https:\/\/medicina.udd.cl\/fonoaudiologia-santiago\/files\/2024\/04\/fm-titulacion-fono-kine-y-nutri-2024-9-1024x683.jpg\" alt=\"\" class=\"wp-image-6621\" srcset=\"https:\/\/medicina.udd.cl\/fonoaudiologia-santiago\/files\/2024\/04\/fm-titulacion-fono-kine-y-nutri-2024-9-1024x683.jpg 1024w, https:\/\/medicina.udd.cl\/fonoaudiologia-santiago\/files\/2024\/04\/fm-titulacion-fono-kine-y-nutri-2024-9-300x200.jpg 300w, https:\/\/medicina.udd.cl\/fonoaudiologia-santiago\/files\/2024\/04\/fm-titulacion-fono-kine-y-nutri-2024-9-768x512.jpg 768w, https:\/\/medicina.udd.cl\/fonoaudiologia-santiago\/files\/2024\/04\/fm-titulacion-fono-kine-y-nutri-2024-9-1536x1024.jpg 1536w, https:\/\/medicina.udd.cl\/fonoaudiologia-santiago\/files\/2024\/04\/fm-titulacion-fono-kine-y-nutri-2024-9-2048x1365.jpg 2048w\" sizes=\"auto, (max-width: 1024px) 100vw, 1024px\" \/><\/a><\/figure>\n<\/figure>\n\n\n\n<p>El mi\u00e9rcoles 3 de abril, el Aula Magna de la Universidad del Desarrollo (UDD) se llen\u00f3 de emoci\u00f3n y orgullo durante una solemne ceremonia de titulaci\u00f3n, donde 109 dedicados profesionales de la salud recibieron sus merecidos diplomas como Fonoaudi\u00f3logos, Kinesi\u00f3logos y Nutricionistas.<\/p>\n\n\n\n<p>El acto, presidido por el rector UDD, Federico Vald\u00e9s, cont\u00f3 con la participaci\u00f3n de importantes figuras como la Dra. Marcela Castillo, decana de la Facultad de Medicina Cl\u00ednica Alemana UDD, y la Dra. Liliana Jadue, vicedecana de las carreras de la Salud. Tambi\u00e9n estuvieron presentes Christian Sturms, integrante del Consejo Directivo, y los directores de las tres carreras: la Fonoaudi\u00f3loga Mar\u00eda Ang\u00e9lica L\u00f3pez, el Kinesi\u00f3logo Jorge Molina, y la Nutricionista Rinat Ratner, junto con coordinadores acad\u00e9micos, docentes y familiares de los titulados.<\/p>\n\n\n\n<p>En su discurso, la decana Marcela Castillo inspir\u00f3 a los nuevos profesionales de la salud, as\u00ed como a sus familiares, directivos y docentes, record\u00e1ndoles que los sue\u00f1os impulsan el desarrollo y el trabajo arduo convierte la visi\u00f3n en realidad. Adem\u00e1s, resalt\u00f3 la importancia de la \u00e9tica cl\u00ednica como gu\u00eda en el camino de cada profesional hacia el bienestar de la sociedad.<\/p>\n\n\n\n<p>La entrega de diplomas fue el momento culminante, seguido por la entrega del prestigioso Premio Universidad del Desarrollo, que reconoce la excelencia acad\u00e9mica. En esta ocasi\u00f3n, los galardonados fueron Martina Fern\u00e1ndez Barrera en Fonoaudiolog\u00eda, Roc\u00edo \u00c1lvarez Mettifogo en Kinesiolog\u00eda, y Sofia Dabovich Stenger en Nutrici\u00f3n y Diet\u00e9tica.<\/p>\n\n\n\n<p>Los discursos de agradecimiento estuvieron a cargo de Javiera Nordetti en representaci\u00f3n de los graduados de Fonoaudiolog\u00eda, Hugo Grob por los de Kinesiolog\u00eda, y Mar\u00eda Ignacia Dorador en nombre de los egresados de Nutrici\u00f3n y Diet\u00e9tica.<\/p>\n\n\n\n<p>La ceremonia no solo marc\u00f3 el fin de una etapa acad\u00e9mica, sino tambi\u00e9n el inicio de una nueva fase llena de logros y satisfacciones para estos profesionales de la salud, quienes est\u00e1n listos para hacer una contribuci\u00f3n significativa al bienestar de la sociedad. \u00a1Felicidades a todos los graduados!.<\/p>\n\n\n\n<p>Revive la ceremonia de titulaci\u00f3n de las carreras de Fonoaudiolog\u00eda, Kinesiolog\u00eda y de Nutrici\u00f3n y Diet\u00e9tica, generaci\u00f3n 2023:<\/p>\n\n\n\n<figure class=\"wp-block-embed is-type-video is-provider-youtube wp-block-embed-youtube wp-embed-aspect-16-9 wp-has-aspect-ratio\"><div class=\"wp-block-embed__wrapper\">\n<iframe loading=\"lazy\" title=\"Ceremonia de Titulaci\u00f3n | Fonoaudiolog\u00eda, Kinesiolog\u00eda y Nutrici\u00f3n y Diet\u00e9tica | Sede Santiago\" width=\"500\" height=\"281\" src=\"https:\/\/www.youtube.com\/embed\/b7aMCzxQsrc?start=6&#038;feature=oembed&#038;rel=0&#038;modestbranding=1&#038;autohide=1&#038;autoplay=0&#038;enablejsapi=1&#038;showinfo=0\" allowautoplay=\"allowautoplay\" frameborder=\"0\" allow=\"accelerometer; autoplay; clipboard-write; encrypted-media; gyroscope; picture-in-picture; web-share\" referrerpolicy=\"strict-origin-when-cross-origin\" allowfullscreen><\/iframe>\n<\/div><\/figure>\n\n\n\n<h2 class=\"wp-block-heading\">Galer\u00eda<\/h2>\n\n\n\n<figure class=\"wp-block-gallery has-nested-images columns-default is-cropped wp-block-gallery-2 is-layout-flex wp-block-gallery-is-layout-flex\">\n<figure class=\"wp-block-image size-large\"><a href=\"https:\/\/medicina.udd.cl\/fonoaudiologia-santiago\/files\/2024\/04\/fm-titulacion-fono-kine-y-nutri-2024-11-scaled.jpg\"><img loading=\"lazy\" decoding=\"async\" width=\"1024\" height=\"683\" data-id=\"6627\" src=\"https:\/\/medicina.udd.cl\/fonoaudiologia-santiago\/files\/2024\/04\/fm-titulacion-fono-kine-y-nutri-2024-11-1024x683.jpg\" alt=\"\" class=\"wp-image-6627\" srcset=\"https:\/\/medicina.udd.cl\/fonoaudiologia-santiago\/files\/2024\/04\/fm-titulacion-fono-kine-y-nutri-2024-11-1024x683.jpg 1024w, https:\/\/medicina.udd.cl\/fonoaudiologia-santiago\/files\/2024\/04\/fm-titulacion-fono-kine-y-nutri-2024-11-300x200.jpg 300w, https:\/\/medicina.udd.cl\/fonoaudiologia-santiago\/files\/2024\/04\/fm-titulacion-fono-kine-y-nutri-2024-11-768x512.jpg 768w, https:\/\/medicina.udd.cl\/fonoaudiologia-santiago\/files\/2024\/04\/fm-titulacion-fono-kine-y-nutri-2024-11-1536x1024.jpg 1536w, https:\/\/medicina.udd.cl\/fonoaudiologia-santiago\/files\/2024\/04\/fm-titulacion-fono-kine-y-nutri-2024-11-2048x1365.jpg 2048w\" sizes=\"auto, (max-width: 1024px) 100vw, 1024px\" \/><\/a><\/figure>\n\n\n\n<figure class=\"wp-block-image size-large\"><a href=\"https:\/\/medicina.udd.cl\/fonoaudiologia-santiago\/files\/2024\/04\/fm-titulacion-fono-kine-y-nutri-2024-12-scaled.jpg\"><img loading=\"lazy\" decoding=\"async\" width=\"1024\" height=\"683\" data-id=\"6630\" src=\"https:\/\/medicina.udd.cl\/fonoaudiologia-santiago\/files\/2024\/04\/fm-titulacion-fono-kine-y-nutri-2024-12-1024x683.jpg\" alt=\"\" class=\"wp-image-6630\" srcset=\"https:\/\/medicina.udd.cl\/fonoaudiologia-santiago\/files\/2024\/04\/fm-titulacion-fono-kine-y-nutri-2024-12-1024x683.jpg 1024w, https:\/\/medicina.udd.cl\/fonoaudiologia-santiago\/files\/2024\/04\/fm-titulacion-fono-kine-y-nutri-2024-12-300x200.jpg 300w, https:\/\/medicina.udd.cl\/fonoaudiologia-santiago\/files\/2024\/04\/fm-titulacion-fono-kine-y-nutri-2024-12-768x512.jpg 768w, https:\/\/medicina.udd.cl\/fonoaudiologia-santiago\/files\/2024\/04\/fm-titulacion-fono-kine-y-nutri-2024-12-1536x1024.jpg 1536w, https:\/\/medicina.udd.cl\/fonoaudiologia-santiago\/files\/2024\/04\/fm-titulacion-fono-kine-y-nutri-2024-12-2048x1365.jpg 2048w\" sizes=\"auto, (max-width: 1024px) 100vw, 1024px\" \/><\/a><\/figure>\n\n\n\n<figure class=\"wp-block-image size-large\"><a href=\"https:\/\/medicina.udd.cl\/fonoaudiologia-santiago\/files\/2024\/04\/fm-titulacion-fono-kine-y-nutri-2024-14-scaled.jpg\"><img loading=\"lazy\" decoding=\"async\" width=\"1024\" height=\"683\" data-id=\"6633\" src=\"https:\/\/medicina.udd.cl\/fonoaudiologia-santiago\/files\/2024\/04\/fm-titulacion-fono-kine-y-nutri-2024-14-1024x683.jpg\" alt=\"\" class=\"wp-image-6633\" srcset=\"https:\/\/medicina.udd.cl\/fonoaudiologia-santiago\/files\/2024\/04\/fm-titulacion-fono-kine-y-nutri-2024-14-1024x683.jpg 1024w, https:\/\/medicina.udd.cl\/fonoaudiologia-santiago\/files\/2024\/04\/fm-titulacion-fono-kine-y-nutri-2024-14-300x200.jpg 300w, https:\/\/medicina.udd.cl\/fonoaudiologia-santiago\/files\/2024\/04\/fm-titulacion-fono-kine-y-nutri-2024-14-768x512.jpg 768w, https:\/\/medicina.udd.cl\/fonoaudiologia-santiago\/files\/2024\/04\/fm-titulacion-fono-kine-y-nutri-2024-14-1536x1024.jpg 1536w, https:\/\/medicina.udd.cl\/fonoaudiologia-santiago\/files\/2024\/04\/fm-titulacion-fono-kine-y-nutri-2024-14-2048x1365.jpg 2048w\" sizes=\"auto, (max-width: 1024px) 100vw, 1024px\" \/><\/a><\/figure>\n\n\n\n<figure class=\"wp-block-image size-large\"><a href=\"https:\/\/medicina.udd.cl\/fonoaudiologia-santiago\/files\/2024\/04\/fm-titulacion-fono-kine-y-nutri-2024-15-scaled.jpg\"><img loading=\"lazy\" decoding=\"async\" width=\"1024\" height=\"683\" data-id=\"6636\" src=\"https:\/\/medicina.udd.cl\/fonoaudiologia-santiago\/files\/2024\/04\/fm-titulacion-fono-kine-y-nutri-2024-15-1024x683.jpg\" alt=\"\" class=\"wp-image-6636\" srcset=\"https:\/\/medicina.udd.cl\/fonoaudiologia-santiago\/files\/2024\/04\/fm-titulacion-fono-kine-y-nutri-2024-15-1024x683.jpg 1024w, https:\/\/medicina.udd.cl\/fonoaudiologia-santiago\/files\/2024\/04\/fm-titulacion-fono-kine-y-nutri-2024-15-300x200.jpg 300w, https:\/\/medicina.udd.cl\/fonoaudiologia-santiago\/files\/2024\/04\/fm-titulacion-fono-kine-y-nutri-2024-15-768x512.jpg 768w, https:\/\/medicina.udd.cl\/fonoaudiologia-santiago\/files\/2024\/04\/fm-titulacion-fono-kine-y-nutri-2024-15-1536x1024.jpg 1536w, https:\/\/medicina.udd.cl\/fonoaudiologia-santiago\/files\/2024\/04\/fm-titulacion-fono-kine-y-nutri-2024-15-2048x1365.jpg 2048w\" sizes=\"auto, (max-width: 1024px) 100vw, 1024px\" \/><\/a><\/figure>\n\n\n\n<figure class=\"wp-block-image size-large\"><a href=\"https:\/\/medicina.udd.cl\/fonoaudiologia-santiago\/files\/2024\/04\/fm-titulacion-fono-kine-y-nutri-2024-16-scaled.jpg\"><img loading=\"lazy\" decoding=\"async\" width=\"1024\" height=\"683\" data-id=\"6639\" src=\"https:\/\/medicina.udd.cl\/fonoaudiologia-santiago\/files\/2024\/04\/fm-titulacion-fono-kine-y-nutri-2024-16-1024x683.jpg\" alt=\"\" class=\"wp-image-6639\" srcset=\"https:\/\/medicina.udd.cl\/fonoaudiologia-santiago\/files\/2024\/04\/fm-titulacion-fono-kine-y-nutri-2024-16-1024x683.jpg 1024w, https:\/\/medicina.udd.cl\/fonoaudiologia-santiago\/files\/2024\/04\/fm-titulacion-fono-kine-y-nutri-2024-16-300x200.jpg 300w, https:\/\/medicina.udd.cl\/fonoaudiologia-santiago\/files\/2024\/04\/fm-titulacion-fono-kine-y-nutri-2024-16-768x512.jpg 768w, https:\/\/medicina.udd.cl\/fonoaudiologia-santiago\/files\/2024\/04\/fm-titulacion-fono-kine-y-nutri-2024-16-1536x1024.jpg 1536w, https:\/\/medicina.udd.cl\/fonoaudiologia-santiago\/files\/2024\/04\/fm-titulacion-fono-kine-y-nutri-2024-16-2048x1366.jpg 2048w\" sizes=\"auto, (max-width: 1024px) 100vw, 1024px\" \/><\/a><\/figure>\n\n\n\n<figure class=\"wp-block-image size-large\"><a href=\"https:\/\/medicina.udd.cl\/fonoaudiologia-santiago\/files\/2024\/04\/fm-titulacion-fono-kine-y-nutri-2024-17-scaled.jpg\"><img loading=\"lazy\" decoding=\"async\" width=\"1024\" height=\"683\" data-id=\"6642\" src=\"https:\/\/medicina.udd.cl\/fonoaudiologia-santiago\/files\/2024\/04\/fm-titulacion-fono-kine-y-nutri-2024-17-1024x683.jpg\" alt=\"\" class=\"wp-image-6642\" srcset=\"https:\/\/medicina.udd.cl\/fonoaudiologia-santiago\/files\/2024\/04\/fm-titulacion-fono-kine-y-nutri-2024-17-1024x683.jpg 1024w, https:\/\/medicina.udd.cl\/fonoaudiologia-santiago\/files\/2024\/04\/fm-titulacion-fono-kine-y-nutri-2024-17-300x200.jpg 300w, https:\/\/medicina.udd.cl\/fonoaudiologia-santiago\/files\/2024\/04\/fm-titulacion-fono-kine-y-nutri-2024-17-768x512.jpg 768w, https:\/\/medicina.udd.cl\/fonoaudiologia-santiago\/files\/2024\/04\/fm-titulacion-fono-kine-y-nutri-2024-17-1536x1024.jpg 1536w, https:\/\/medicina.udd.cl\/fonoaudiologia-santiago\/files\/2024\/04\/fm-titulacion-fono-kine-y-nutri-2024-17-2048x1366.jpg 2048w\" sizes=\"auto, (max-width: 1024px) 100vw, 1024px\" \/><\/a><\/figure>\n\n\n\n<figure class=\"wp-block-image size-large\"><a href=\"https:\/\/medicina.udd.cl\/fonoaudiologia-santiago\/files\/2024\/04\/fm-titulacion-fono-kine-y-nutri-2024-18-scaled.jpg\"><img loading=\"lazy\" decoding=\"async\" width=\"1024\" height=\"683\" data-id=\"6645\" src=\"https:\/\/medicina.udd.cl\/fonoaudiologia-santiago\/files\/2024\/04\/fm-titulacion-fono-kine-y-nutri-2024-18-1024x683.jpg\" alt=\"\" class=\"wp-image-6645\" srcset=\"https:\/\/medicina.udd.cl\/fonoaudiologia-santiago\/files\/2024\/04\/fm-titulacion-fono-kine-y-nutri-2024-18-1024x683.jpg 1024w, https:\/\/medicina.udd.cl\/fonoaudiologia-santiago\/files\/2024\/04\/fm-titulacion-fono-kine-y-nutri-2024-18-300x200.jpg 300w, https:\/\/medicina.udd.cl\/fonoaudiologia-santiago\/files\/2024\/04\/fm-titulacion-fono-kine-y-nutri-2024-18-768x512.jpg 768w, https:\/\/medicina.udd.cl\/fonoaudiologia-santiago\/files\/2024\/04\/fm-titulacion-fono-kine-y-nutri-2024-18-1536x1024.jpg 1536w, https:\/\/medicina.udd.cl\/fonoaudiologia-santiago\/files\/2024\/04\/fm-titulacion-fono-kine-y-nutri-2024-18-2048x1365.jpg 2048w\" sizes=\"auto, (max-width: 1024px) 100vw, 1024px\" \/><\/a><\/figure>\n\n\n\n<figure class=\"wp-block-image size-large\"><a href=\"https:\/\/medicina.udd.cl\/fonoaudiologia-santiago\/files\/2024\/04\/fm-titulacion-fono-kine-y-nutri-2024-19-scaled.jpg\"><img loading=\"lazy\" decoding=\"async\" width=\"1024\" height=\"683\" data-id=\"6648\" src=\"https:\/\/medicina.udd.cl\/fonoaudiologia-santiago\/files\/2024\/04\/fm-titulacion-fono-kine-y-nutri-2024-19-1024x683.jpg\" alt=\"\" class=\"wp-image-6648\" srcset=\"https:\/\/medicina.udd.cl\/fonoaudiologia-santiago\/files\/2024\/04\/fm-titulacion-fono-kine-y-nutri-2024-19-1024x683.jpg 1024w, https:\/\/medicina.udd.cl\/fonoaudiologia-santiago\/files\/2024\/04\/fm-titulacion-fono-kine-y-nutri-2024-19-300x200.jpg 300w, https:\/\/medicina.udd.cl\/fonoaudiologia-santiago\/files\/2024\/04\/fm-titulacion-fono-kine-y-nutri-2024-19-768x512.jpg 768w, https:\/\/medicina.udd.cl\/fonoaudiologia-santiago\/files\/2024\/04\/fm-titulacion-fono-kine-y-nutri-2024-19-1536x1024.jpg 1536w, https:\/\/medicina.udd.cl\/fonoaudiologia-santiago\/files\/2024\/04\/fm-titulacion-fono-kine-y-nutri-2024-19-2048x1366.jpg 2048w\" sizes=\"auto, (max-width: 1024px) 100vw, 1024px\" \/><\/a><\/figure>\n\n\n\n<figure class=\"wp-block-image size-large\"><a href=\"https:\/\/medicina.udd.cl\/fonoaudiologia-santiago\/files\/2024\/04\/fm-titulacion-fono-kine-y-nutri-2024-20-scaled.jpg\"><img loading=\"lazy\" decoding=\"async\" width=\"1024\" height=\"683\" data-id=\"6651\" src=\"https:\/\/medicina.udd.cl\/fonoaudiologia-santiago\/files\/2024\/04\/fm-titulacion-fono-kine-y-nutri-2024-20-1024x683.jpg\" alt=\"\" class=\"wp-image-6651\" srcset=\"https:\/\/medicina.udd.cl\/fonoaudiologia-santiago\/files\/2024\/04\/fm-titulacion-fono-kine-y-nutri-2024-20-1024x683.jpg 1024w, https:\/\/medicina.udd.cl\/fonoaudiologia-santiago\/files\/2024\/04\/fm-titulacion-fono-kine-y-nutri-2024-20-300x200.jpg 300w, https:\/\/medicina.udd.cl\/fonoaudiologia-santiago\/files\/2024\/04\/fm-titulacion-fono-kine-y-nutri-2024-20-768x512.jpg 768w, https:\/\/medicina.udd.cl\/fonoaudiologia-santiago\/files\/2024\/04\/fm-titulacion-fono-kine-y-nutri-2024-20-1536x1024.jpg 1536w, https:\/\/medicina.udd.cl\/fonoaudiologia-santiago\/files\/2024\/04\/fm-titulacion-fono-kine-y-nutri-2024-20-2048x1365.jpg 2048w\" sizes=\"auto, (max-width: 1024px) 100vw, 1024px\" \/><\/a><\/figure>\n\n\n\n<figure class=\"wp-block-image size-large\"><a href=\"https:\/\/medicina.udd.cl\/fonoaudiologia-santiago\/files\/2024\/04\/fm-titulacion-fono-kine-y-nutri-2024-21-scaled.jpg\"><img loading=\"lazy\" decoding=\"async\" width=\"1024\" height=\"683\" data-id=\"6654\" src=\"https:\/\/medicina.udd.cl\/fonoaudiologia-santiago\/files\/2024\/04\/fm-titulacion-fono-kine-y-nutri-2024-21-1024x683.jpg\" alt=\"\" class=\"wp-image-6654\" srcset=\"https:\/\/medicina.udd.cl\/fonoaudiologia-santiago\/files\/2024\/04\/fm-titulacion-fono-kine-y-nutri-2024-21-1024x683.jpg 1024w, https:\/\/medicina.udd.cl\/fonoaudiologia-santiago\/files\/2024\/04\/fm-titulacion-fono-kine-y-nutri-2024-21-300x200.jpg 300w, https:\/\/medicina.udd.cl\/fonoaudiologia-santiago\/files\/2024\/04\/fm-titulacion-fono-kine-y-nutri-2024-21-768x512.jpg 768w, https:\/\/medicina.udd.cl\/fonoaudiologia-santiago\/files\/2024\/04\/fm-titulacion-fono-kine-y-nutri-2024-21-1536x1024.jpg 1536w, https:\/\/medicina.udd.cl\/fonoaudiologia-santiago\/files\/2024\/04\/fm-titulacion-fono-kine-y-nutri-2024-21-2048x1365.jpg 2048w\" sizes=\"auto, (max-width: 1024px) 100vw, 1024px\" \/><\/a><\/figure>\n\n\n\n<figure class=\"wp-block-image size-large\"><a href=\"https:\/\/medicina.udd.cl\/fonoaudiologia-santiago\/files\/2024\/04\/fm-titulacion-fono-kine-y-nutri-2024-22-scaled.jpg\"><img loading=\"lazy\" decoding=\"async\" width=\"1024\" height=\"683\" data-id=\"6657\" src=\"https:\/\/medicina.udd.cl\/fonoaudiologia-santiago\/files\/2024\/04\/fm-titulacion-fono-kine-y-nutri-2024-22-1024x683.jpg\" alt=\"\" class=\"wp-image-6657\" srcset=\"https:\/\/medicina.udd.cl\/fonoaudiologia-santiago\/files\/2024\/04\/fm-titulacion-fono-kine-y-nutri-2024-22-1024x683.jpg 1024w, https:\/\/medicina.udd.cl\/fonoaudiologia-santiago\/files\/2024\/04\/fm-titulacion-fono-kine-y-nutri-2024-22-300x200.jpg 300w, https:\/\/medicina.udd.cl\/fonoaudiologia-santiago\/files\/2024\/04\/fm-titulacion-fono-kine-y-nutri-2024-22-768x512.jpg 768w, https:\/\/medicina.udd.cl\/fonoaudiologia-santiago\/files\/2024\/04\/fm-titulacion-fono-kine-y-nutri-2024-22-1536x1024.jpg 1536w, https:\/\/medicina.udd.cl\/fonoaudiologia-santiago\/files\/2024\/04\/fm-titulacion-fono-kine-y-nutri-2024-22-2048x1365.jpg 2048w\" sizes=\"auto, (max-width: 1024px) 100vw, 1024px\" \/><\/a><\/figure>\n\n\n\n<figure class=\"wp-block-image size-large\"><a href=\"https:\/\/medicina.udd.cl\/fonoaudiologia-santiago\/files\/2024\/04\/fm-titulacion-fono-kine-y-nutri-2024-23-scaled.jpg\"><img loading=\"lazy\" decoding=\"async\" width=\"1024\" height=\"683\" data-id=\"6660\" src=\"https:\/\/medicina.udd.cl\/fonoaudiologia-santiago\/files\/2024\/04\/fm-titulacion-fono-kine-y-nutri-2024-23-1024x683.jpg\" alt=\"\" class=\"wp-image-6660\" srcset=\"https:\/\/medicina.udd.cl\/fonoaudiologia-santiago\/files\/2024\/04\/fm-titulacion-fono-kine-y-nutri-2024-23-1024x683.jpg 1024w, https:\/\/medicina.udd.cl\/fonoaudiologia-santiago\/files\/2024\/04\/fm-titulacion-fono-kine-y-nutri-2024-23-300x200.jpg 300w, https:\/\/medicina.udd.cl\/fonoaudiologia-santiago\/files\/2024\/04\/fm-titulacion-fono-kine-y-nutri-2024-23-768x512.jpg 768w, https:\/\/medicina.udd.cl\/fonoaudiologia-santiago\/files\/2024\/04\/fm-titulacion-fono-kine-y-nutri-2024-23-1536x1024.jpg 1536w, https:\/\/medicina.udd.cl\/fonoaudiologia-santiago\/files\/2024\/04\/fm-titulacion-fono-kine-y-nutri-2024-23-2048x1365.jpg 2048w\" sizes=\"auto, (max-width: 1024px) 100vw, 1024px\" \/><\/a><\/figure>\n\n\n\n<figure class=\"wp-block-image size-large\"><a href=\"https:\/\/medicina.udd.cl\/fonoaudiologia-santiago\/files\/2024\/04\/fm-titulacion-fono-kine-y-nutri-2024-24-scaled.jpg\"><img loading=\"lazy\" decoding=\"async\" width=\"1024\" height=\"683\" data-id=\"6663\" src=\"https:\/\/medicina.udd.cl\/fonoaudiologia-santiago\/files\/2024\/04\/fm-titulacion-fono-kine-y-nutri-2024-24-1024x683.jpg\" alt=\"\" class=\"wp-image-6663\" srcset=\"https:\/\/medicina.udd.cl\/fonoaudiologia-santiago\/files\/2024\/04\/fm-titulacion-fono-kine-y-nutri-2024-24-1024x683.jpg 1024w, https:\/\/medicina.udd.cl\/fonoaudiologia-santiago\/files\/2024\/04\/fm-titulacion-fono-kine-y-nutri-2024-24-300x200.jpg 300w, https:\/\/medicina.udd.cl\/fonoaudiologia-santiago\/files\/2024\/04\/fm-titulacion-fono-kine-y-nutri-2024-24-768x512.jpg 768w, https:\/\/medicina.udd.cl\/fonoaudiologia-santiago\/files\/2024\/04\/fm-titulacion-fono-kine-y-nutri-2024-24-1536x1024.jpg 1536w, https:\/\/medicina.udd.cl\/fonoaudiologia-santiago\/files\/2024\/04\/fm-titulacion-fono-kine-y-nutri-2024-24-2048x1365.jpg 2048w\" sizes=\"auto, (max-width: 1024px) 100vw, 1024px\" \/><\/a><\/figure>\n\n\n\n<figure class=\"wp-block-image size-large\"><a href=\"https:\/\/medicina.udd.cl\/fonoaudiologia-santiago\/files\/2024\/04\/fm-titulacion-fono-kine-y-nutri-2024-25-scaled.jpg\"><img loading=\"lazy\" decoding=\"async\" width=\"1024\" height=\"683\" data-id=\"6666\" src=\"https:\/\/medicina.udd.cl\/fonoaudiologia-santiago\/files\/2024\/04\/fm-titulacion-fono-kine-y-nutri-2024-25-1024x683.jpg\" alt=\"\" class=\"wp-image-6666\" srcset=\"https:\/\/medicina.udd.cl\/fonoaudiologia-santiago\/files\/2024\/04\/fm-titulacion-fono-kine-y-nutri-2024-25-1024x683.jpg 1024w, https:\/\/medicina.udd.cl\/fonoaudiologia-santiago\/files\/2024\/04\/fm-titulacion-fono-kine-y-nutri-2024-25-300x200.jpg 300w, https:\/\/medicina.udd.cl\/fonoaudiologia-santiago\/files\/2024\/04\/fm-titulacion-fono-kine-y-nutri-2024-25-768x512.jpg 768w, https:\/\/medicina.udd.cl\/fonoaudiologia-santiago\/files\/2024\/04\/fm-titulacion-fono-kine-y-nutri-2024-25-1536x1024.jpg 1536w, https:\/\/medicina.udd.cl\/fonoaudiologia-santiago\/files\/2024\/04\/fm-titulacion-fono-kine-y-nutri-2024-25-2048x1365.jpg 2048w\" sizes=\"auto, (max-width: 1024px) 100vw, 1024px\" \/><\/a><\/figure>\n\n\n\n<figure class=\"wp-block-image size-large\"><a href=\"https:\/\/medicina.udd.cl\/fonoaudiologia-santiago\/files\/2024\/04\/fm-titulacion-fono-kine-y-nutri-2024-1-scaled.jpg\"><img loading=\"lazy\" decoding=\"async\" width=\"1024\" height=\"683\" data-id=\"6600\" src=\"https:\/\/medicina.udd.cl\/fonoaudiologia-santiago\/files\/2024\/04\/fm-titulacion-fono-kine-y-nutri-2024-1-1024x683.jpg\" alt=\"\" class=\"wp-image-6600\" srcset=\"https:\/\/medicina.udd.cl\/fonoaudiologia-santiago\/files\/2024\/04\/fm-titulacion-fono-kine-y-nutri-2024-1-1024x683.jpg 1024w, https:\/\/medicina.udd.cl\/fonoaudiologia-santiago\/files\/2024\/04\/fm-titulacion-fono-kine-y-nutri-2024-1-300x200.jpg 300w, https:\/\/medicina.udd.cl\/fonoaudiologia-santiago\/files\/2024\/04\/fm-titulacion-fono-kine-y-nutri-2024-1-768x512.jpg 768w, https:\/\/medicina.udd.cl\/fonoaudiologia-santiago\/files\/2024\/04\/fm-titulacion-fono-kine-y-nutri-2024-1-1536x1024.jpg 1536w, https:\/\/medicina.udd.cl\/fonoaudiologia-santiago\/files\/2024\/04\/fm-titulacion-fono-kine-y-nutri-2024-1-2048x1366.jpg 2048w\" sizes=\"auto, (max-width: 1024px) 100vw, 1024px\" \/><\/a><\/figure>\n\n\n\n<figure class=\"wp-block-image size-large\"><a href=\"https:\/\/medicina.udd.cl\/fonoaudiologia-santiago\/files\/2024\/04\/fm-titulacion-fono-kine-y-nutri-2024-3-scaled.jpg\"><img loading=\"lazy\" decoding=\"async\" width=\"1024\" height=\"683\" data-id=\"6603\" src=\"https:\/\/medicina.udd.cl\/fonoaudiologia-santiago\/files\/2024\/04\/fm-titulacion-fono-kine-y-nutri-2024-3-1024x683.jpg\" alt=\"\" class=\"wp-image-6603\" srcset=\"https:\/\/medicina.udd.cl\/fonoaudiologia-santiago\/files\/2024\/04\/fm-titulacion-fono-kine-y-nutri-2024-3-1024x683.jpg 1024w, https:\/\/medicina.udd.cl\/fonoaudiologia-santiago\/files\/2024\/04\/fm-titulacion-fono-kine-y-nutri-2024-3-300x200.jpg 300w, https:\/\/medicina.udd.cl\/fonoaudiologia-santiago\/files\/2024\/04\/fm-titulacion-fono-kine-y-nutri-2024-3-768x512.jpg 768w, https:\/\/medicina.udd.cl\/fonoaudiologia-santiago\/files\/2024\/04\/fm-titulacion-fono-kine-y-nutri-2024-3-1536x1024.jpg 1536w, https:\/\/medicina.udd.cl\/fonoaudiologia-santiago\/files\/2024\/04\/fm-titulacion-fono-kine-y-nutri-2024-3-2048x1365.jpg 2048w\" sizes=\"auto, (max-width: 1024px) 100vw, 1024px\" \/><\/a><\/figure>\n\n\n\n<figure class=\"wp-block-image size-large\"><a href=\"https:\/\/medicina.udd.cl\/fonoaudiologia-santiago\/files\/2024\/04\/fm-titulacion-fono-kine-y-nutri-2024-4-scaled.jpg\"><img loading=\"lazy\" decoding=\"async\" width=\"1024\" height=\"683\" data-id=\"6606\" src=\"https:\/\/medicina.udd.cl\/fonoaudiologia-santiago\/files\/2024\/04\/fm-titulacion-fono-kine-y-nutri-2024-4-1024x683.jpg\" alt=\"\" class=\"wp-image-6606\" srcset=\"https:\/\/medicina.udd.cl\/fonoaudiologia-santiago\/files\/2024\/04\/fm-titulacion-fono-kine-y-nutri-2024-4-1024x683.jpg 1024w, https:\/\/medicina.udd.cl\/fonoaudiologia-santiago\/files\/2024\/04\/fm-titulacion-fono-kine-y-nutri-2024-4-300x200.jpg 300w, https:\/\/medicina.udd.cl\/fonoaudiologia-santiago\/files\/2024\/04\/fm-titulacion-fono-kine-y-nutri-2024-4-768x512.jpg 768w, https:\/\/medicina.udd.cl\/fonoaudiologia-santiago\/files\/2024\/04\/fm-titulacion-fono-kine-y-nutri-2024-4-1536x1024.jpg 1536w, https:\/\/medicina.udd.cl\/fonoaudiologia-santiago\/files\/2024\/04\/fm-titulacion-fono-kine-y-nutri-2024-4-2048x1365.jpg 2048w\" sizes=\"auto, (max-width: 1024px) 100vw, 1024px\" \/><\/a><\/figure>\n\n\n\n<figure class=\"wp-block-image size-large\"><a href=\"https:\/\/medicina.udd.cl\/fonoaudiologia-santiago\/files\/2024\/04\/fm-titulacion-fono-kine-y-nutri-2024-6-scaled.jpg\"><img loading=\"lazy\" decoding=\"async\" width=\"1024\" height=\"683\" data-id=\"6612\" src=\"https:\/\/medicina.udd.cl\/fonoaudiologia-santiago\/files\/2024\/04\/fm-titulacion-fono-kine-y-nutri-2024-6-1024x683.jpg\" alt=\"\" class=\"wp-image-6612\" srcset=\"https:\/\/medicina.udd.cl\/fonoaudiologia-santiago\/files\/2024\/04\/fm-titulacion-fono-kine-y-nutri-2024-6-1024x683.jpg 1024w, https:\/\/medicina.udd.cl\/fonoaudiologia-santiago\/files\/2024\/04\/fm-titulacion-fono-kine-y-nutri-2024-6-300x200.jpg 300w, https:\/\/medicina.udd.cl\/fonoaudiologia-santiago\/files\/2024\/04\/fm-titulacion-fono-kine-y-nutri-2024-6-768x512.jpg 768w, https:\/\/medicina.udd.cl\/fonoaudiologia-santiago\/files\/2024\/04\/fm-titulacion-fono-kine-y-nutri-2024-6-1536x1024.jpg 1536w, https:\/\/medicina.udd.cl\/fonoaudiologia-santiago\/files\/2024\/04\/fm-titulacion-fono-kine-y-nutri-2024-6-2048x1365.jpg 2048w\" sizes=\"auto, (max-width: 1024px) 100vw, 1024px\" \/><\/a><\/figure>\n\n\n\n<figure class=\"wp-block-image size-large\"><a href=\"https:\/\/medicina.udd.cl\/fonoaudiologia-santiago\/files\/2024\/04\/fm-titulacion-fono-kine-y-nutri-2024-5-scaled.jpg\"><img loading=\"lazy\" decoding=\"async\" width=\"1024\" height=\"683\" data-id=\"6609\" src=\"https:\/\/medicina.udd.cl\/fonoaudiologia-santiago\/files\/2024\/04\/fm-titulacion-fono-kine-y-nutri-2024-5-1024x683.jpg\" alt=\"\" class=\"wp-image-6609\" srcset=\"https:\/\/medicina.udd.cl\/fonoaudiologia-santiago\/files\/2024\/04\/fm-titulacion-fono-kine-y-nutri-2024-5-1024x683.jpg 1024w, https:\/\/medicina.udd.cl\/fonoaudiologia-santiago\/files\/2024\/04\/fm-titulacion-fono-kine-y-nutri-2024-5-300x200.jpg 300w, https:\/\/medicina.udd.cl\/fonoaudiologia-santiago\/files\/2024\/04\/fm-titulacion-fono-kine-y-nutri-2024-5-768x512.jpg 768w, https:\/\/medicina.udd.cl\/fonoaudiologia-santiago\/files\/2024\/04\/fm-titulacion-fono-kine-y-nutri-2024-5-1536x1024.jpg 1536w, https:\/\/medicina.udd.cl\/fonoaudiologia-santiago\/files\/2024\/04\/fm-titulacion-fono-kine-y-nutri-2024-5-2048x1365.jpg 2048w\" sizes=\"auto, (max-width: 1024px) 100vw, 1024px\" \/><\/a><\/figure>\n\n\n\n<figure class=\"wp-block-image size-large\"><a href=\"https:\/\/medicina.udd.cl\/fonoaudiologia-santiago\/files\/2024\/04\/fm-titulacion-fono-kine-y-nutri-2024-7-scaled.jpg\"><img loading=\"lazy\" decoding=\"async\" width=\"1024\" height=\"683\" data-id=\"6615\" src=\"https:\/\/medicina.udd.cl\/fonoaudiologia-santiago\/files\/2024\/04\/fm-titulacion-fono-kine-y-nutri-2024-7-1024x683.jpg\" alt=\"\" class=\"wp-image-6615\" srcset=\"https:\/\/medicina.udd.cl\/fonoaudiologia-santiago\/files\/2024\/04\/fm-titulacion-fono-kine-y-nutri-2024-7-1024x683.jpg 1024w, https:\/\/medicina.udd.cl\/fonoaudiologia-santiago\/files\/2024\/04\/fm-titulacion-fono-kine-y-nutri-2024-7-300x200.jpg 300w, https:\/\/medicina.udd.cl\/fonoaudiologia-santiago\/files\/2024\/04\/fm-titulacion-fono-kine-y-nutri-2024-7-768x512.jpg 768w, https:\/\/medicina.udd.cl\/fonoaudiologia-santiago\/files\/2024\/04\/fm-titulacion-fono-kine-y-nutri-2024-7-1536x1024.jpg 1536w, https:\/\/medicina.udd.cl\/fonoaudiologia-santiago\/files\/2024\/04\/fm-titulacion-fono-kine-y-nutri-2024-7-2048x1365.jpg 2048w\" sizes=\"auto, (max-width: 1024px) 100vw, 1024px\" \/><\/a><\/figure>\n<\/figure>\n\n\n\n<figure class=\"wp-block-gallery has-nested-images columns-default is-cropped wp-block-gallery-3 is-layout-flex wp-block-gallery-is-layout-flex\">\n<figure class=\"wp-block-image size-large\"><a href=\"https:\/\/medicina.udd.cl\/fonoaudiologia-santiago\/files\/2024\/04\/fono-titulacion-2024-scaled.jpg\"><img loading=\"lazy\" decoding=\"async\" width=\"1024\" height=\"610\" data-id=\"6675\" src=\"https:\/\/medicina.udd.cl\/fonoaudiologia-santiago\/files\/2024\/04\/fono-titulacion-2024-1024x610.jpg\" alt=\"\" class=\"wp-image-6675\" srcset=\"https:\/\/medicina.udd.cl\/fonoaudiologia-santiago\/files\/2024\/04\/fono-titulacion-2024-1024x610.jpg 1024w, https:\/\/medicina.udd.cl\/fonoaudiologia-santiago\/files\/2024\/04\/fono-titulacion-2024-300x179.jpg 300w, https:\/\/medicina.udd.cl\/fonoaudiologia-santiago\/files\/2024\/04\/fono-titulacion-2024-768x458.jpg 768w, https:\/\/medicina.udd.cl\/fonoaudiologia-santiago\/files\/2024\/04\/fono-titulacion-2024-1536x916.jpg 1536w, https:\/\/medicina.udd.cl\/fonoaudiologia-santiago\/files\/2024\/04\/fono-titulacion-2024-2048x1221.jpg 2048w\" sizes=\"auto, (max-width: 1024px) 100vw, 1024px\" \/><\/a><\/figure>\n<\/figure>\n","protected":false},"excerpt":{"rendered":"<p>El mi\u00e9rcoles 3 de abril, el Aula Magna de la Universidad del Desarrollo (UDD) se llen\u00f3 de emoci\u00f3n y orgullo durante una solemne ceremonia de titulaci\u00f3n, donde 109 dedicados profesionales de la salud recibieron sus merecidos diplomas como Fonoaudi\u00f3logos, Kinesi\u00f3logos y Nutricionistas. El acto, presidido por el rector UDD, Federico Vald\u00e9s, cont\u00f3 con la participaci\u00f3n [&hellip;]<\/p>\n","protected":false},"author":9192219,"featured_media":6621,"comment_status":"closed","ping_status":"open","sticky":false,"template":"","format":"standard","meta":{"footnotes":""},"categories":[4],"tags":[],"class_list":["post-6597","post","type-post","status-publish","format-standard","has-post-thumbnail","hentry","category-noticias"],"yoast_head":"<!-- This site is optimized with the Yoast SEO plugin v26.9 - https:\/\/yoast.com\/product\/yoast-seo-wordpress\/ -->\n<title>UDD titula a nuevos profesionales en Fonoaudiolog\u00eda, Kinesiolog\u00eda y Nutrici\u00f3n &amp; Diet\u00e9tica - Fonoaudiolog\u00eda<\/title>\n<meta name=\"robots\" content=\"index, follow, max-snippet:-1, max-image-preview:large, max-video-preview:-1\" \/>\n<link rel=\"canonical\" href=\"https:\/\/medicina.udd.cl\/fonoaudiologia-santiago\/noticias\/2024\/04\/04\/udd-titula-a-nuevos-profesionales-en-fonoaudiologia-kinesiologia-y-nutricion-dietetica\/\" \/>\n<meta property=\"og:locale\" content=\"es_ES\" \/>\n<meta property=\"og:type\" content=\"article\" \/>\n<meta property=\"og:title\" content=\"UDD titula a nuevos profesionales en Fonoaudiolog\u00eda, Kinesiolog\u00eda y Nutrici\u00f3n &amp; Diet\u00e9tica - Fonoaudiolog\u00eda\" \/>\n<meta property=\"og:description\" content=\"El mi\u00e9rcoles 3 de abril, el Aula Magna de la Universidad del Desarrollo (UDD) se llen\u00f3 de emoci\u00f3n y orgullo durante una solemne ceremonia de titulaci\u00f3n, donde 109 dedicados profesionales de la salud recibieron sus merecidos diplomas como Fonoaudi\u00f3logos, Kinesi\u00f3logos y Nutricionistas. El acto, presidido por el rector UDD, Federico Vald\u00e9s, cont\u00f3 con la participaci\u00f3n [&hellip;]\" \/>\n<meta property=\"og:url\" content=\"https:\/\/medicina.udd.cl\/fonoaudiologia-santiago\/noticias\/2024\/04\/04\/udd-titula-a-nuevos-profesionales-en-fonoaudiologia-kinesiologia-y-nutricion-dietetica\/\" \/>\n<meta property=\"og:site_name\" content=\"Fonoaudiolog\u00eda\" \/>\n<meta property=\"article:published_time\" content=\"2024-04-04T19:24:58+00:00\" \/>\n<meta property=\"article:modified_time\" content=\"2024-04-05T16:10:02+00:00\" \/>\n<meta property=\"og:image\" content=\"https:\/\/medicina.udd.cl\/fonoaudiologia-santiago\/files\/2024\/04\/fm-titulacion-fono-kine-y-nutri-2024-9-scaled.jpg\" \/>\n\t<meta property=\"og:image:width\" content=\"2560\" \/>\n\t<meta property=\"og:image:height\" content=\"1707\" \/>\n\t<meta property=\"og:image:type\" content=\"image\/jpeg\" \/>\n<meta name=\"author\" content=\"rbraidy\" \/>\n<meta name=\"twitter:label1\" content=\"Escrito por\" \/>\n\t<meta name=\"twitter:data1\" content=\"rbraidy\" \/>\n\t<meta name=\"twitter:label2\" content=\"Tiempo de lectura\" \/>\n\t<meta name=\"twitter:data2\" content=\"7 minutos\" \/>\n<script type=\"application\/ld+json\" class=\"yoast-schema-graph\">{\"@context\":\"https:\/\/schema.org\",\"@graph\":[{\"@type\":\"Article\",\"@id\":\"https:\/\/medicina.udd.cl\/fonoaudiologia-santiago\/noticias\/2024\/04\/04\/udd-titula-a-nuevos-profesionales-en-fonoaudiologia-kinesiologia-y-nutricion-dietetica\/#article\",\"isPartOf\":{\"@id\":\"https:\/\/medicina.udd.cl\/fonoaudiologia-santiago\/noticias\/2024\/04\/04\/udd-titula-a-nuevos-profesionales-en-fonoaudiologia-kinesiologia-y-nutricion-dietetica\/\"},\"author\":{\"name\":\"rbraidy\",\"@id\":\"https:\/\/medicina.udd.cl\/fonoaudiologia-santiago\/#\/schema\/person\/dbc3705bf3a93e8be1ba6de0ef950341\"},\"headline\":\"UDD titula a nuevos profesionales en Fonoaudiolog\u00eda, Kinesiolog\u00eda y Nutrici\u00f3n &amp; Diet\u00e9tica\",\"datePublished\":\"2024-04-04T19:24:58+00:00\",\"dateModified\":\"2024-04-05T16:10:02+00:00\",\"mainEntityOfPage\":{\"@id\":\"https:\/\/medicina.udd.cl\/fonoaudiologia-santiago\/noticias\/2024\/04\/04\/udd-titula-a-nuevos-profesionales-en-fonoaudiologia-kinesiologia-y-nutricion-dietetica\/\"},\"wordCount\":405,\"image\":{\"@id\":\"https:\/\/medicina.udd.cl\/fonoaudiologia-santiago\/noticias\/2024\/04\/04\/udd-titula-a-nuevos-profesionales-en-fonoaudiologia-kinesiologia-y-nutricion-dietetica\/#primaryimage\"},\"thumbnailUrl\":\"https:\/\/medicina.udd.cl\/fonoaudiologia-santiago\/files\/2024\/04\/fm-titulacion-fono-kine-y-nutri-2024-9-scaled.jpg\",\"articleSection\":[\"Noticias\"],\"inLanguage\":\"es\"},{\"@type\":\"WebPage\",\"@id\":\"https:\/\/medicina.udd.cl\/fonoaudiologia-santiago\/noticias\/2024\/04\/04\/udd-titula-a-nuevos-profesionales-en-fonoaudiologia-kinesiologia-y-nutricion-dietetica\/\",\"url\":\"https:\/\/medicina.udd.cl\/fonoaudiologia-santiago\/noticias\/2024\/04\/04\/udd-titula-a-nuevos-profesionales-en-fonoaudiologia-kinesiologia-y-nutricion-dietetica\/\",\"name\":\"UDD titula a nuevos profesionales en Fonoaudiolog\u00eda, Kinesiolog\u00eda y Nutrici\u00f3n &amp; Diet\u00e9tica - Fonoaudiolog\u00eda\",\"isPartOf\":{\"@id\":\"https:\/\/medicina.udd.cl\/fonoaudiologia-santiago\/#website\"},\"primaryImageOfPage\":{\"@id\":\"https:\/\/medicina.udd.cl\/fonoaudiologia-santiago\/noticias\/2024\/04\/04\/udd-titula-a-nuevos-profesionales-en-fonoaudiologia-kinesiologia-y-nutricion-dietetica\/#primaryimage\"},\"image\":{\"@id\":\"https:\/\/medicina.udd.cl\/fonoaudiologia-santiago\/noticias\/2024\/04\/04\/udd-titula-a-nuevos-profesionales-en-fonoaudiologia-kinesiologia-y-nutricion-dietetica\/#primaryimage\"},\"thumbnailUrl\":\"https:\/\/medicina.udd.cl\/fonoaudiologia-santiago\/files\/2024\/04\/fm-titulacion-fono-kine-y-nutri-2024-9-scaled.jpg\",\"datePublished\":\"2024-04-04T19:24:58+00:00\",\"dateModified\":\"2024-04-05T16:10:02+00:00\",\"author\":{\"@id\":\"https:\/\/medicina.udd.cl\/fonoaudiologia-santiago\/#\/schema\/person\/dbc3705bf3a93e8be1ba6de0ef950341\"},\"breadcrumb\":{\"@id\":\"https:\/\/medicina.udd.cl\/fonoaudiologia-santiago\/noticias\/2024\/04\/04\/udd-titula-a-nuevos-profesionales-en-fonoaudiologia-kinesiologia-y-nutricion-dietetica\/#breadcrumb\"},\"inLanguage\":\"es\",\"potentialAction\":[{\"@type\":\"ReadAction\",\"target\":[\"https:\/\/medicina.udd.cl\/fonoaudiologia-santiago\/noticias\/2024\/04\/04\/udd-titula-a-nuevos-profesionales-en-fonoaudiologia-kinesiologia-y-nutricion-dietetica\/\"]}]},{\"@type\":\"ImageObject\",\"inLanguage\":\"es\",\"@id\":\"https:\/\/medicina.udd.cl\/fonoaudiologia-santiago\/noticias\/2024\/04\/04\/udd-titula-a-nuevos-profesionales-en-fonoaudiologia-kinesiologia-y-nutricion-dietetica\/#primaryimage\",\"url\":\"https:\/\/medicina.udd.cl\/fonoaudiologia-santiago\/files\/2024\/04\/fm-titulacion-fono-kine-y-nutri-2024-9-scaled.jpg\",\"contentUrl\":\"https:\/\/medicina.udd.cl\/fonoaudiologia-santiago\/files\/2024\/04\/fm-titulacion-fono-kine-y-nutri-2024-9-scaled.jpg\",\"width\":2560,\"height\":1707},{\"@type\":\"BreadcrumbList\",\"@id\":\"https:\/\/medicina.udd.cl\/fonoaudiologia-santiago\/noticias\/2024\/04\/04\/udd-titula-a-nuevos-profesionales-en-fonoaudiologia-kinesiologia-y-nutricion-dietetica\/#breadcrumb\",\"itemListElement\":[{\"@type\":\"ListItem\",\"position\":1,\"name\":\"Home\",\"item\":\"https:\/\/medicina.udd.cl\/fonoaudiologia-santiago\/\"},{\"@type\":\"ListItem\",\"position\":2,\"name\":\"UDD titula a nuevos profesionales en Fonoaudiolog\u00eda, Kinesiolog\u00eda y Nutrici\u00f3n &amp; Diet\u00e9tica\"}]},{\"@type\":\"WebSite\",\"@id\":\"https:\/\/medicina.udd.cl\/fonoaudiologia-santiago\/#website\",\"url\":\"https:\/\/medicina.udd.cl\/fonoaudiologia-santiago\/\",\"name\":\"Fonoaudiolog\u00eda\",\"description\":\"Facultad de Medicina Cl\u00ednica Alemana Universidad del Desarrollo\",\"inLanguage\":\"es\"},{\"@type\":\"Person\",\"@id\":\"https:\/\/medicina.udd.cl\/fonoaudiologia-santiago\/#\/schema\/person\/dbc3705bf3a93e8be1ba6de0ef950341\",\"name\":\"rbraidy\",\"image\":{\"@type\":\"ImageObject\",\"inLanguage\":\"es\",\"@id\":\"https:\/\/medicina.udd.cl\/fonoaudiologia-santiago\/#\/schema\/person\/image\/\",\"url\":\"https:\/\/secure.gravatar.com\/avatar\/0f8bc94637401590e45d2ce17eb65c274cb8870a219de6177f3f23e63fd8cdf3?s=96&d=mm&r=g\",\"contentUrl\":\"https:\/\/secure.gravatar.com\/avatar\/0f8bc94637401590e45d2ce17eb65c274cb8870a219de6177f3f23e63fd8cdf3?s=96&d=mm&r=g\",\"caption\":\"rbraidy\"},\"url\":\"https:\/\/medicina.udd.cl\/fonoaudiologia-santiago\/noticias\/author\/rbraidy\/\"}]}<\/script>\n<!-- \/ Yoast SEO plugin. -->","yoast_head_json":{"title":"UDD titula a nuevos profesionales en Fonoaudiolog\u00eda, Kinesiolog\u00eda y Nutrici\u00f3n &amp; Diet\u00e9tica - Fonoaudiolog\u00eda","robots":{"index":"index","follow":"follow","max-snippet":"max-snippet:-1","max-image-preview":"max-image-preview:large","max-video-preview":"max-video-preview:-1"},"canonical":"https:\/\/medicina.udd.cl\/fonoaudiologia-santiago\/noticias\/2024\/04\/04\/udd-titula-a-nuevos-profesionales-en-fonoaudiologia-kinesiologia-y-nutricion-dietetica\/","og_locale":"es_ES","og_type":"article","og_title":"UDD titula a nuevos profesionales en Fonoaudiolog\u00eda, Kinesiolog\u00eda y Nutrici\u00f3n &amp; Diet\u00e9tica - Fonoaudiolog\u00eda","og_description":"El mi\u00e9rcoles 3 de abril, el Aula Magna de la Universidad del Desarrollo (UDD) se llen\u00f3 de emoci\u00f3n y orgullo durante una solemne ceremonia de titulaci\u00f3n, donde 109 dedicados profesionales de la salud recibieron sus merecidos diplomas como Fonoaudi\u00f3logos, Kinesi\u00f3logos y Nutricionistas. El acto, presidido por el rector UDD, Federico Vald\u00e9s, cont\u00f3 con la participaci\u00f3n [&hellip;]","og_url":"https:\/\/medicina.udd.cl\/fonoaudiologia-santiago\/noticias\/2024\/04\/04\/udd-titula-a-nuevos-profesionales-en-fonoaudiologia-kinesiologia-y-nutricion-dietetica\/","og_site_name":"Fonoaudiolog\u00eda","article_published_time":"2024-04-04T19:24:58+00:00","article_modified_time":"2024-04-05T16:10:02+00:00","og_image":[{"width":2560,"height":1707,"url":"https:\/\/medicina.udd.cl\/fonoaudiologia-santiago\/files\/2024\/04\/fm-titulacion-fono-kine-y-nutri-2024-9-scaled.jpg","type":"image\/jpeg"}],"author":"rbraidy","twitter_misc":{"Escrito por":"rbraidy","Tiempo de lectura":"7 minutos"},"schema":{"@context":"https:\/\/schema.org","@graph":[{"@type":"Article","@id":"https:\/\/medicina.udd.cl\/fonoaudiologia-santiago\/noticias\/2024\/04\/04\/udd-titula-a-nuevos-profesionales-en-fonoaudiologia-kinesiologia-y-nutricion-dietetica\/#article","isPartOf":{"@id":"https:\/\/medicina.udd.cl\/fonoaudiologia-santiago\/noticias\/2024\/04\/04\/udd-titula-a-nuevos-profesionales-en-fonoaudiologia-kinesiologia-y-nutricion-dietetica\/"},"author":{"name":"rbraidy","@id":"https:\/\/medicina.udd.cl\/fonoaudiologia-santiago\/#\/schema\/person\/dbc3705bf3a93e8be1ba6de0ef950341"},"headline":"UDD titula a nuevos profesionales en Fonoaudiolog\u00eda, Kinesiolog\u00eda y Nutrici\u00f3n &amp; Diet\u00e9tica","datePublished":"2024-04-04T19:24:58+00:00","dateModified":"2024-04-05T16:10:02+00:00","mainEntityOfPage":{"@id":"https:\/\/medicina.udd.cl\/fonoaudiologia-santiago\/noticias\/2024\/04\/04\/udd-titula-a-nuevos-profesionales-en-fonoaudiologia-kinesiologia-y-nutricion-dietetica\/"},"wordCount":405,"image":{"@id":"https:\/\/medicina.udd.cl\/fonoaudiologia-santiago\/noticias\/2024\/04\/04\/udd-titula-a-nuevos-profesionales-en-fonoaudiologia-kinesiologia-y-nutricion-dietetica\/#primaryimage"},"thumbnailUrl":"https:\/\/medicina.udd.cl\/fonoaudiologia-santiago\/files\/2024\/04\/fm-titulacion-fono-kine-y-nutri-2024-9-scaled.jpg","articleSection":["Noticias"],"inLanguage":"es"},{"@type":"WebPage","@id":"https:\/\/medicina.udd.cl\/fonoaudiologia-santiago\/noticias\/2024\/04\/04\/udd-titula-a-nuevos-profesionales-en-fonoaudiologia-kinesiologia-y-nutricion-dietetica\/","url":"https:\/\/medicina.udd.cl\/fonoaudiologia-santiago\/noticias\/2024\/04\/04\/udd-titula-a-nuevos-profesionales-en-fonoaudiologia-kinesiologia-y-nutricion-dietetica\/","name":"UDD titula a nuevos profesionales en Fonoaudiolog\u00eda, Kinesiolog\u00eda y Nutrici\u00f3n &amp; Diet\u00e9tica - Fonoaudiolog\u00eda","isPartOf":{"@id":"https:\/\/medicina.udd.cl\/fonoaudiologia-santiago\/#website"},"primaryImageOfPage":{"@id":"https:\/\/medicina.udd.cl\/fonoaudiologia-santiago\/noticias\/2024\/04\/04\/udd-titula-a-nuevos-profesionales-en-fonoaudiologia-kinesiologia-y-nutricion-dietetica\/#primaryimage"},"image":{"@id":"https:\/\/medicina.udd.cl\/fonoaudiologia-santiago\/noticias\/2024\/04\/04\/udd-titula-a-nuevos-profesionales-en-fonoaudiologia-kinesiologia-y-nutricion-dietetica\/#primaryimage"},"thumbnailUrl":"https:\/\/medicina.udd.cl\/fonoaudiologia-santiago\/files\/2024\/04\/fm-titulacion-fono-kine-y-nutri-2024-9-scaled.jpg","datePublished":"2024-04-04T19:24:58+00:00","dateModified":"2024-04-05T16:10:02+00:00","author":{"@id":"https:\/\/medicina.udd.cl\/fonoaudiologia-santiago\/#\/schema\/person\/dbc3705bf3a93e8be1ba6de0ef950341"},"breadcrumb":{"@id":"https:\/\/medicina.udd.cl\/fonoaudiologia-santiago\/noticias\/2024\/04\/04\/udd-titula-a-nuevos-profesionales-en-fonoaudiologia-kinesiologia-y-nutricion-dietetica\/#breadcrumb"},"inLanguage":"es","potentialAction":[{"@type":"ReadAction","target":["https:\/\/medicina.udd.cl\/fonoaudiologia-santiago\/noticias\/2024\/04\/04\/udd-titula-a-nuevos-profesionales-en-fonoaudiologia-kinesiologia-y-nutricion-dietetica\/"]}]},{"@type":"ImageObject","inLanguage":"es","@id":"https:\/\/medicina.udd.cl\/fonoaudiologia-santiago\/noticias\/2024\/04\/04\/udd-titula-a-nuevos-profesionales-en-fonoaudiologia-kinesiologia-y-nutricion-dietetica\/#primaryimage","url":"https:\/\/medicina.udd.cl\/fonoaudiologia-santiago\/files\/2024\/04\/fm-titulacion-fono-kine-y-nutri-2024-9-scaled.jpg","contentUrl":"https:\/\/medicina.udd.cl\/fonoaudiologia-santiago\/files\/2024\/04\/fm-titulacion-fono-kine-y-nutri-2024-9-scaled.jpg","width":2560,"height":1707},{"@type":"BreadcrumbList","@id":"https:\/\/medicina.udd.cl\/fonoaudiologia-santiago\/noticias\/2024\/04\/04\/udd-titula-a-nuevos-profesionales-en-fonoaudiologia-kinesiologia-y-nutricion-dietetica\/#breadcrumb","itemListElement":[{"@type":"ListItem","position":1,"name":"Home","item":"https:\/\/medicina.udd.cl\/fonoaudiologia-santiago\/"},{"@type":"ListItem","position":2,"name":"UDD titula a nuevos profesionales en Fonoaudiolog\u00eda, Kinesiolog\u00eda y Nutrici\u00f3n &amp; Diet\u00e9tica"}]},{"@type":"WebSite","@id":"https:\/\/medicina.udd.cl\/fonoaudiologia-santiago\/#website","url":"https:\/\/medicina.udd.cl\/fonoaudiologia-santiago\/","name":"Fonoaudiolog\u00eda","description":"Facultad de Medicina Cl\u00ednica Alemana Universidad del Desarrollo","inLanguage":"es"},{"@type":"Person","@id":"https:\/\/medicina.udd.cl\/fonoaudiologia-santiago\/#\/schema\/person\/dbc3705bf3a93e8be1ba6de0ef950341","name":"rbraidy","image":{"@type":"ImageObject","inLanguage":"es","@id":"https:\/\/medicina.udd.cl\/fonoaudiologia-santiago\/#\/schema\/person\/image\/","url":"https:\/\/secure.gravatar.com\/avatar\/0f8bc94637401590e45d2ce17eb65c274cb8870a219de6177f3f23e63fd8cdf3?s=96&d=mm&r=g","contentUrl":"https:\/\/secure.gravatar.com\/avatar\/0f8bc94637401590e45d2ce17eb65c274cb8870a219de6177f3f23e63fd8cdf3?s=96&d=mm&r=g","caption":"rbraidy"},"url":"https:\/\/medicina.udd.cl\/fonoaudiologia-santiago\/noticias\/author\/rbraidy\/"}]}},"featured_image_url":"https:\/\/medicina.udd.cl\/fonoaudiologia-santiago\/files\/2024\/04\/fm-titulacion-fono-kine-y-nutri-2024-9-scaled.jpg","_links":{"self":[{"href":"https:\/\/medicina.udd.cl\/fonoaudiologia-santiago\/wp-json\/wp\/v2\/posts\/6597","targetHints":{"allow":["GET"]}}],"collection":[{"href":"https:\/\/medicina.udd.cl\/fonoaudiologia-santiago\/wp-json\/wp\/v2\/posts"}],"about":[{"href":"https:\/\/medicina.udd.cl\/fonoaudiologia-santiago\/wp-json\/wp\/v2\/types\/post"}],"author":[{"embeddable":true,"href":"https:\/\/medicina.udd.cl\/fonoaudiologia-santiago\/wp-json\/wp\/v2\/users\/9192219"}],"replies":[{"embeddable":true,"href":"https:\/\/medicina.udd.cl\/fonoaudiologia-santiago\/wp-json\/wp\/v2\/comments?post=6597"}],"version-history":[{"count":2,"href":"https:\/\/medicina.udd.cl\/fonoaudiologia-santiago\/wp-json\/wp\/v2\/posts\/6597\/revisions"}],"predecessor-version":[{"id":6678,"href":"https:\/\/medicina.udd.cl\/fonoaudiologia-santiago\/wp-json\/wp\/v2\/posts\/6597\/revisions\/6678"}],"wp:featuredmedia":[{"embeddable":true,"href":"https:\/\/medicina.udd.cl\/fonoaudiologia-santiago\/wp-json\/wp\/v2\/media\/6621"}],"wp:attachment":[{"href":"https:\/\/medicina.udd.cl\/fonoaudiologia-santiago\/wp-json\/wp\/v2\/media?parent=6597"}],"wp:term":[{"taxonomy":"category","embeddable":true,"href":"https:\/\/medicina.udd.cl\/fonoaudiologia-santiago\/wp-json\/wp\/v2\/categories?post=6597"},{"taxonomy":"post_tag","embeddable":true,"href":"https:\/\/medicina.udd.cl\/fonoaudiologia-santiago\/wp-json\/wp\/v2\/tags?post=6597"}],"curies":[{"name":"wp","href":"https:\/\/api.w.org\/{rel}","templated":true}]}}