{"id":6699,"date":"2024-04-22T11:51:30","date_gmt":"2024-04-22T15:51:30","guid":{"rendered":"https:\/\/medicina.udd.cl\/fonoaudiologia-santiago\/?p=6699"},"modified":"2024-04-26T11:56:50","modified_gmt":"2024-04-26T15:56:50","slug":"fonoaudiologia-udd-capacita-a-docentes-hospitalarios-en-comunicacion-aumentativa-y-alternativa","status":"publish","type":"post","link":"https:\/\/medicina.udd.cl\/fonoaudiologia-santiago\/noticias\/2024\/04\/22\/fonoaudiologia-udd-capacita-a-docentes-hospitalarios-en-comunicacion-aumentativa-y-alternativa\/","title":{"rendered":"Fonoaudiolog\u00eda UDD capacita a docentes hospitalarios en Comunicaci\u00f3n Aumentativa y Alternativa"},"content":{"rendered":"\n<figure class=\"wp-block-image aligncenter size-large\"><a href=\"https:\/\/medicina.udd.cl\/fonoaudiologia-santiago\/files\/2024\/04\/fono-curso-caa-a-docentes-hospitalarios-26-scaled.jpg\"><img loading=\"lazy\" decoding=\"async\" width=\"1024\" height=\"683\" src=\"https:\/\/medicina.udd.cl\/fonoaudiologia-santiago\/files\/2024\/04\/fono-curso-caa-a-docentes-hospitalarios-26-1024x683.jpg\" alt=\"\" class=\"wp-image-6732\" srcset=\"https:\/\/medicina.udd.cl\/fonoaudiologia-santiago\/files\/2024\/04\/fono-curso-caa-a-docentes-hospitalarios-26-1024x683.jpg 1024w, https:\/\/medicina.udd.cl\/fonoaudiologia-santiago\/files\/2024\/04\/fono-curso-caa-a-docentes-hospitalarios-26-300x200.jpg 300w, https:\/\/medicina.udd.cl\/fonoaudiologia-santiago\/files\/2024\/04\/fono-curso-caa-a-docentes-hospitalarios-26-768x512.jpg 768w, https:\/\/medicina.udd.cl\/fonoaudiologia-santiago\/files\/2024\/04\/fono-curso-caa-a-docentes-hospitalarios-26-1536x1024.jpg 1536w, https:\/\/medicina.udd.cl\/fonoaudiologia-santiago\/files\/2024\/04\/fono-curso-caa-a-docentes-hospitalarios-26-2048x1365.jpg 2048w\" sizes=\"auto, (max-width: 1024px) 100vw, 1024px\" \/><\/a><\/figure>\n\n\n\n<p>La carrera de Fonoaudiolog\u00eda de la Facultad de Medicina Cl\u00ednica Alemana Universidad del Desarrollo (UDD) ha liderado una iniciativa al llevar a cabo una capacitaci\u00f3n dirigida a docentes hospitalarios sobre Comunicaci\u00f3n Aumentativa y Alternativa. El objetivo principal de este programa fue proporcionar estrategias y herramientas efectivas para su implementaci\u00f3n con estudiantes, pacientes y sus entornos familiares.<\/p>\n\n\n\n<p>La necesidad de esta capacitaci\u00f3n surgi\u00f3 del reconocimiento de los desaf\u00edos que enfrentan los educadores y personal de salud en las distintas escuelas hospitalarias de la regi\u00f3n metropolitana, como la Escuela Hospitalaria del Hospital Padre Hurtado, la Escuela Hospitalaria Dra. Elo\u00edsa D\u00edaz Insunza y la Escuela Hospitalaria Cl\u00ednica Bicentenario. La gesti\u00f3n de esta iniciativa fue posible gracias al esfuerzo conjunto de la directora de Fonoaudiolog\u00eda UDD, Flga. Mar\u00eda Ang\u00e9lica L\u00f3pez, y la coordinadora de campo cl\u00ednico UDD en el HPH, Enf. Ana Nielsen, quienes propusieron esta capacitaci\u00f3n de 30 docentes a cargo de las acad\u00e9micas Mar\u00eda Soledad Cuesta y Claudia Marim\u00f3n.<\/p>\n\n\n\n<p>Valeria Pe\u00f1ailillo, directora de la Escuela Hospitalaria Padre Hurtado, destac\u00f3 la importancia de establecer estrategias de comunicaci\u00f3n alternativa para estudiantes no verbales y agradeci\u00f3 al equipo de Fonoaudiolog\u00eda UDD por brindar esta oportunidad educativa. Los docentes participantes expresaron su gratitud por la respuesta a sus necesidades y mostraron esperanza de continuar desarrollando instancias como esta para actualizarse con herramientas inclusivas y emp\u00e1ticas.<\/p>\n\n\n\n<p>La fonoaudi\u00f3loga Mar\u00eda Soledad Cuesta, coordinadora del curso, resalt\u00f3 la importancia de comprender que los ni\u00f1os que no pueden hablar a\u00fan tienen mucho que comunicar. Destac\u00f3 la necesidad de ense\u00f1ar a los educadores c\u00f3mo utilizar herramientas de comunicaci\u00f3n alternativa y aumentativa de manera efectiva, tanto con los estudiantes como con sus familias.<\/p>\n\n\n\n<p>La directora de Fonoaudiolog\u00eda UDD, Flga. Mar\u00eda Ang\u00e9lica L\u00f3pez, se\u00f1al\u00f3 la significancia de esta capacitaci\u00f3n para la carrera y para la comunidad en general. Destac\u00f3 que, al capacitar a los educadores en este \u00e1mbito, no solo se transforman sus pr\u00e1cticas profesionales, sino que tambi\u00e9n se impacta positivamente en la vida de los estudiantes, pacientes y sus entornos familiares y comunitarios.<\/p>\n\n\n\n<p>Esta capacitaci\u00f3n representa un paso importante hacia un futuro m\u00e1s inclusivo y comprensivo para todas las personas, independientemente de sus habilidades ling\u00fc\u00edsticas o cognitivas. Fonoaudiolog\u00eda UDD reafirma su compromiso con la promoci\u00f3n de la inclusi\u00f3n y la igualdad de acceso a la comunicaci\u00f3n para todos.<\/p>\n\n\n\n<figure class=\"wp-block-gallery has-nested-images columns-default is-cropped wp-block-gallery-1 is-layout-flex wp-block-gallery-is-layout-flex\">\n<figure class=\"wp-block-image size-large\"><a href=\"https:\/\/medicina.udd.cl\/fonoaudiologia-santiago\/files\/2024\/04\/fono-curso-caa-a-docentes-hospitalarios-1-scaled.jpg\"><img loading=\"lazy\" decoding=\"async\" width=\"1024\" height=\"683\" data-id=\"6702\" src=\"https:\/\/medicina.udd.cl\/fonoaudiologia-santiago\/files\/2024\/04\/fono-curso-caa-a-docentes-hospitalarios-1-1024x683.jpg\" alt=\"\" class=\"wp-image-6702\" srcset=\"https:\/\/medicina.udd.cl\/fonoaudiologia-santiago\/files\/2024\/04\/fono-curso-caa-a-docentes-hospitalarios-1-1024x683.jpg 1024w, https:\/\/medicina.udd.cl\/fonoaudiologia-santiago\/files\/2024\/04\/fono-curso-caa-a-docentes-hospitalarios-1-300x200.jpg 300w, https:\/\/medicina.udd.cl\/fonoaudiologia-santiago\/files\/2024\/04\/fono-curso-caa-a-docentes-hospitalarios-1-768x512.jpg 768w, https:\/\/medicina.udd.cl\/fonoaudiologia-santiago\/files\/2024\/04\/fono-curso-caa-a-docentes-hospitalarios-1-1536x1024.jpg 1536w, https:\/\/medicina.udd.cl\/fonoaudiologia-santiago\/files\/2024\/04\/fono-curso-caa-a-docentes-hospitalarios-1-2048x1365.jpg 2048w\" sizes=\"auto, (max-width: 1024px) 100vw, 1024px\" \/><\/a><\/figure>\n\n\n\n<figure class=\"wp-block-image size-large\"><a href=\"https:\/\/medicina.udd.cl\/fonoaudiologia-santiago\/files\/2024\/04\/fono-curso-caa-a-docentes-hospitalarios-3-scaled.jpg\"><img loading=\"lazy\" decoding=\"async\" width=\"1024\" height=\"683\" data-id=\"6705\" src=\"https:\/\/medicina.udd.cl\/fonoaudiologia-santiago\/files\/2024\/04\/fono-curso-caa-a-docentes-hospitalarios-3-1024x683.jpg\" alt=\"\" class=\"wp-image-6705\" srcset=\"https:\/\/medicina.udd.cl\/fonoaudiologia-santiago\/files\/2024\/04\/fono-curso-caa-a-docentes-hospitalarios-3-1024x683.jpg 1024w, https:\/\/medicina.udd.cl\/fonoaudiologia-santiago\/files\/2024\/04\/fono-curso-caa-a-docentes-hospitalarios-3-300x200.jpg 300w, https:\/\/medicina.udd.cl\/fonoaudiologia-santiago\/files\/2024\/04\/fono-curso-caa-a-docentes-hospitalarios-3-768x512.jpg 768w, https:\/\/medicina.udd.cl\/fonoaudiologia-santiago\/files\/2024\/04\/fono-curso-caa-a-docentes-hospitalarios-3-1536x1024.jpg 1536w, https:\/\/medicina.udd.cl\/fonoaudiologia-santiago\/files\/2024\/04\/fono-curso-caa-a-docentes-hospitalarios-3-2048x1365.jpg 2048w\" sizes=\"auto, (max-width: 1024px) 100vw, 1024px\" \/><\/a><\/figure>\n\n\n\n<figure class=\"wp-block-image size-large\"><a href=\"https:\/\/medicina.udd.cl\/fonoaudiologia-santiago\/files\/2024\/04\/fono-curso-caa-a-docentes-hospitalarios-5-scaled.jpg\"><img loading=\"lazy\" decoding=\"async\" width=\"1024\" height=\"683\" data-id=\"6708\" src=\"https:\/\/medicina.udd.cl\/fonoaudiologia-santiago\/files\/2024\/04\/fono-curso-caa-a-docentes-hospitalarios-5-1024x683.jpg\" alt=\"\" class=\"wp-image-6708\" srcset=\"https:\/\/medicina.udd.cl\/fonoaudiologia-santiago\/files\/2024\/04\/fono-curso-caa-a-docentes-hospitalarios-5-1024x683.jpg 1024w, https:\/\/medicina.udd.cl\/fonoaudiologia-santiago\/files\/2024\/04\/fono-curso-caa-a-docentes-hospitalarios-5-300x200.jpg 300w, https:\/\/medicina.udd.cl\/fonoaudiologia-santiago\/files\/2024\/04\/fono-curso-caa-a-docentes-hospitalarios-5-768x512.jpg 768w, https:\/\/medicina.udd.cl\/fonoaudiologia-santiago\/files\/2024\/04\/fono-curso-caa-a-docentes-hospitalarios-5-1536x1024.jpg 1536w, https:\/\/medicina.udd.cl\/fonoaudiologia-santiago\/files\/2024\/04\/fono-curso-caa-a-docentes-hospitalarios-5-2048x1365.jpg 2048w\" sizes=\"auto, (max-width: 1024px) 100vw, 1024px\" \/><\/a><\/figure>\n\n\n\n<figure class=\"wp-block-image size-large\"><a href=\"https:\/\/medicina.udd.cl\/fonoaudiologia-santiago\/files\/2024\/04\/fono-curso-caa-a-docentes-hospitalarios-6-scaled.jpg\"><img loading=\"lazy\" decoding=\"async\" width=\"1024\" height=\"683\" data-id=\"6711\" src=\"https:\/\/medicina.udd.cl\/fonoaudiologia-santiago\/files\/2024\/04\/fono-curso-caa-a-docentes-hospitalarios-6-1024x683.jpg\" alt=\"\" class=\"wp-image-6711\" srcset=\"https:\/\/medicina.udd.cl\/fonoaudiologia-santiago\/files\/2024\/04\/fono-curso-caa-a-docentes-hospitalarios-6-1024x683.jpg 1024w, https:\/\/medicina.udd.cl\/fonoaudiologia-santiago\/files\/2024\/04\/fono-curso-caa-a-docentes-hospitalarios-6-300x200.jpg 300w, https:\/\/medicina.udd.cl\/fonoaudiologia-santiago\/files\/2024\/04\/fono-curso-caa-a-docentes-hospitalarios-6-768x512.jpg 768w, https:\/\/medicina.udd.cl\/fonoaudiologia-santiago\/files\/2024\/04\/fono-curso-caa-a-docentes-hospitalarios-6-1536x1024.jpg 1536w, https:\/\/medicina.udd.cl\/fonoaudiologia-santiago\/files\/2024\/04\/fono-curso-caa-a-docentes-hospitalarios-6-2048x1365.jpg 2048w\" sizes=\"auto, (max-width: 1024px) 100vw, 1024px\" \/><\/a><\/figure>\n\n\n\n<figure class=\"wp-block-image size-large\"><a href=\"https:\/\/medicina.udd.cl\/fonoaudiologia-santiago\/files\/2024\/04\/fono-curso-caa-a-docentes-hospitalarios-10-scaled.jpg\"><img loading=\"lazy\" decoding=\"async\" width=\"1024\" height=\"683\" data-id=\"6717\" src=\"https:\/\/medicina.udd.cl\/fonoaudiologia-santiago\/files\/2024\/04\/fono-curso-caa-a-docentes-hospitalarios-10-1024x683.jpg\" alt=\"\" class=\"wp-image-6717\" srcset=\"https:\/\/medicina.udd.cl\/fonoaudiologia-santiago\/files\/2024\/04\/fono-curso-caa-a-docentes-hospitalarios-10-1024x683.jpg 1024w, https:\/\/medicina.udd.cl\/fonoaudiologia-santiago\/files\/2024\/04\/fono-curso-caa-a-docentes-hospitalarios-10-300x200.jpg 300w, https:\/\/medicina.udd.cl\/fonoaudiologia-santiago\/files\/2024\/04\/fono-curso-caa-a-docentes-hospitalarios-10-768x512.jpg 768w, https:\/\/medicina.udd.cl\/fonoaudiologia-santiago\/files\/2024\/04\/fono-curso-caa-a-docentes-hospitalarios-10-1536x1024.jpg 1536w, https:\/\/medicina.udd.cl\/fonoaudiologia-santiago\/files\/2024\/04\/fono-curso-caa-a-docentes-hospitalarios-10-2048x1365.jpg 2048w\" sizes=\"auto, (max-width: 1024px) 100vw, 1024px\" \/><\/a><\/figure>\n\n\n\n<figure class=\"wp-block-image size-large\"><a href=\"https:\/\/medicina.udd.cl\/fonoaudiologia-santiago\/files\/2024\/04\/fono-curso-caa-a-docentes-hospitalarios-8-scaled.jpg\"><img loading=\"lazy\" decoding=\"async\" width=\"1024\" height=\"683\" data-id=\"6714\" src=\"https:\/\/medicina.udd.cl\/fonoaudiologia-santiago\/files\/2024\/04\/fono-curso-caa-a-docentes-hospitalarios-8-1024x683.jpg\" alt=\"\" class=\"wp-image-6714\" srcset=\"https:\/\/medicina.udd.cl\/fonoaudiologia-santiago\/files\/2024\/04\/fono-curso-caa-a-docentes-hospitalarios-8-1024x683.jpg 1024w, https:\/\/medicina.udd.cl\/fonoaudiologia-santiago\/files\/2024\/04\/fono-curso-caa-a-docentes-hospitalarios-8-300x200.jpg 300w, https:\/\/medicina.udd.cl\/fonoaudiologia-santiago\/files\/2024\/04\/fono-curso-caa-a-docentes-hospitalarios-8-768x512.jpg 768w, https:\/\/medicina.udd.cl\/fonoaudiologia-santiago\/files\/2024\/04\/fono-curso-caa-a-docentes-hospitalarios-8-1536x1024.jpg 1536w, https:\/\/medicina.udd.cl\/fonoaudiologia-santiago\/files\/2024\/04\/fono-curso-caa-a-docentes-hospitalarios-8-2048x1365.jpg 2048w\" sizes=\"auto, (max-width: 1024px) 100vw, 1024px\" \/><\/a><\/figure>\n\n\n\n<figure class=\"wp-block-image size-large\"><a href=\"https:\/\/medicina.udd.cl\/fonoaudiologia-santiago\/files\/2024\/04\/fono-curso-caa-a-docentes-hospitalarios-11-scaled.jpg\"><img loading=\"lazy\" decoding=\"async\" width=\"1024\" height=\"683\" data-id=\"6720\" src=\"https:\/\/medicina.udd.cl\/fonoaudiologia-santiago\/files\/2024\/04\/fono-curso-caa-a-docentes-hospitalarios-11-1024x683.jpg\" alt=\"\" class=\"wp-image-6720\" srcset=\"https:\/\/medicina.udd.cl\/fonoaudiologia-santiago\/files\/2024\/04\/fono-curso-caa-a-docentes-hospitalarios-11-1024x683.jpg 1024w, https:\/\/medicina.udd.cl\/fonoaudiologia-santiago\/files\/2024\/04\/fono-curso-caa-a-docentes-hospitalarios-11-300x200.jpg 300w, https:\/\/medicina.udd.cl\/fonoaudiologia-santiago\/files\/2024\/04\/fono-curso-caa-a-docentes-hospitalarios-11-768x512.jpg 768w, https:\/\/medicina.udd.cl\/fonoaudiologia-santiago\/files\/2024\/04\/fono-curso-caa-a-docentes-hospitalarios-11-1536x1024.jpg 1536w, https:\/\/medicina.udd.cl\/fonoaudiologia-santiago\/files\/2024\/04\/fono-curso-caa-a-docentes-hospitalarios-11-2048x1365.jpg 2048w\" sizes=\"auto, (max-width: 1024px) 100vw, 1024px\" \/><\/a><\/figure>\n\n\n\n<figure class=\"wp-block-image size-large\"><a href=\"https:\/\/medicina.udd.cl\/fonoaudiologia-santiago\/files\/2024\/04\/fono-curso-caa-a-docentes-hospitalarios-19-scaled.jpg\"><img loading=\"lazy\" decoding=\"async\" width=\"1024\" height=\"683\" data-id=\"6726\" src=\"https:\/\/medicina.udd.cl\/fonoaudiologia-santiago\/files\/2024\/04\/fono-curso-caa-a-docentes-hospitalarios-19-1024x683.jpg\" alt=\"\" class=\"wp-image-6726\" srcset=\"https:\/\/medicina.udd.cl\/fonoaudiologia-santiago\/files\/2024\/04\/fono-curso-caa-a-docentes-hospitalarios-19-1024x683.jpg 1024w, https:\/\/medicina.udd.cl\/fonoaudiologia-santiago\/files\/2024\/04\/fono-curso-caa-a-docentes-hospitalarios-19-300x200.jpg 300w, https:\/\/medicina.udd.cl\/fonoaudiologia-santiago\/files\/2024\/04\/fono-curso-caa-a-docentes-hospitalarios-19-768x512.jpg 768w, https:\/\/medicina.udd.cl\/fonoaudiologia-santiago\/files\/2024\/04\/fono-curso-caa-a-docentes-hospitalarios-19-1536x1024.jpg 1536w, https:\/\/medicina.udd.cl\/fonoaudiologia-santiago\/files\/2024\/04\/fono-curso-caa-a-docentes-hospitalarios-19-2048x1365.jpg 2048w\" sizes=\"auto, (max-width: 1024px) 100vw, 1024px\" \/><\/a><\/figure>\n\n\n\n<figure class=\"wp-block-image size-large\"><a href=\"https:\/\/medicina.udd.cl\/fonoaudiologia-santiago\/files\/2024\/04\/fono-curso-caa-a-docentes-hospitalarios-23-scaled.jpg\"><img loading=\"lazy\" decoding=\"async\" width=\"1024\" height=\"683\" data-id=\"6729\" src=\"https:\/\/medicina.udd.cl\/fonoaudiologia-santiago\/files\/2024\/04\/fono-curso-caa-a-docentes-hospitalarios-23-1024x683.jpg\" alt=\"\" class=\"wp-image-6729\" srcset=\"https:\/\/medicina.udd.cl\/fonoaudiologia-santiago\/files\/2024\/04\/fono-curso-caa-a-docentes-hospitalarios-23-1024x683.jpg 1024w, https:\/\/medicina.udd.cl\/fonoaudiologia-santiago\/files\/2024\/04\/fono-curso-caa-a-docentes-hospitalarios-23-300x200.jpg 300w, https:\/\/medicina.udd.cl\/fonoaudiologia-santiago\/files\/2024\/04\/fono-curso-caa-a-docentes-hospitalarios-23-768x512.jpg 768w, https:\/\/medicina.udd.cl\/fonoaudiologia-santiago\/files\/2024\/04\/fono-curso-caa-a-docentes-hospitalarios-23-1536x1024.jpg 1536w, https:\/\/medicina.udd.cl\/fonoaudiologia-santiago\/files\/2024\/04\/fono-curso-caa-a-docentes-hospitalarios-23-2048x1365.jpg 2048w\" sizes=\"auto, (max-width: 1024px) 100vw, 1024px\" \/><\/a><\/figure>\n<\/figure>\n","protected":false},"excerpt":{"rendered":"<p>La carrera de Fonoaudiolog\u00eda de la Facultad de Medicina Cl\u00ednica Alemana Universidad del Desarrollo (UDD) ha liderado una iniciativa al llevar a cabo una capacitaci\u00f3n dirigida a docentes hospitalarios sobre Comunicaci\u00f3n Aumentativa y Alternativa. El objetivo principal de este programa fue proporcionar estrategias y herramientas efectivas para su implementaci\u00f3n con estudiantes, pacientes y sus entornos [&hellip;]<\/p>\n","protected":false},"author":9192219,"featured_media":6732,"comment_status":"closed","ping_status":"open","sticky":false,"template":"","format":"standard","meta":{"footnotes":""},"categories":[4],"tags":[],"class_list":["post-6699","post","type-post","status-publish","format-standard","has-post-thumbnail","hentry","category-noticias"],"yoast_head":"<!-- This site is optimized with the Yoast SEO plugin v26.9 - https:\/\/yoast.com\/product\/yoast-seo-wordpress\/ -->\n<title>Fonoaudiolog\u00eda UDD capacita a docentes hospitalarios en Comunicaci\u00f3n Aumentativa y Alternativa - Fonoaudiolog\u00eda<\/title>\n<meta name=\"robots\" content=\"index, follow, max-snippet:-1, max-image-preview:large, max-video-preview:-1\" \/>\n<link rel=\"canonical\" href=\"https:\/\/medicina.udd.cl\/fonoaudiologia-santiago\/noticias\/2024\/04\/22\/fonoaudiologia-udd-capacita-a-docentes-hospitalarios-en-comunicacion-aumentativa-y-alternativa\/\" \/>\n<meta property=\"og:locale\" content=\"es_ES\" \/>\n<meta property=\"og:type\" content=\"article\" \/>\n<meta property=\"og:title\" content=\"Fonoaudiolog\u00eda UDD capacita a docentes hospitalarios en Comunicaci\u00f3n Aumentativa y Alternativa - Fonoaudiolog\u00eda\" \/>\n<meta property=\"og:description\" content=\"La carrera de Fonoaudiolog\u00eda de la Facultad de Medicina Cl\u00ednica Alemana Universidad del Desarrollo (UDD) ha liderado una iniciativa al llevar a cabo una capacitaci\u00f3n dirigida a docentes hospitalarios sobre Comunicaci\u00f3n Aumentativa y Alternativa. El objetivo principal de este programa fue proporcionar estrategias y herramientas efectivas para su implementaci\u00f3n con estudiantes, pacientes y sus entornos [&hellip;]\" \/>\n<meta property=\"og:url\" content=\"https:\/\/medicina.udd.cl\/fonoaudiologia-santiago\/noticias\/2024\/04\/22\/fonoaudiologia-udd-capacita-a-docentes-hospitalarios-en-comunicacion-aumentativa-y-alternativa\/\" \/>\n<meta property=\"og:site_name\" content=\"Fonoaudiolog\u00eda\" \/>\n<meta property=\"article:published_time\" content=\"2024-04-22T15:51:30+00:00\" \/>\n<meta property=\"article:modified_time\" content=\"2024-04-26T15:56:50+00:00\" \/>\n<meta property=\"og:image\" content=\"https:\/\/medicina.udd.cl\/fonoaudiologia-santiago\/files\/2024\/04\/fono-curso-caa-a-docentes-hospitalarios-26-scaled.jpg\" \/>\n\t<meta property=\"og:image:width\" content=\"2560\" \/>\n\t<meta property=\"og:image:height\" content=\"1707\" \/>\n\t<meta property=\"og:image:type\" content=\"image\/jpeg\" \/>\n<meta name=\"author\" content=\"rbraidy\" \/>\n<meta name=\"twitter:label1\" content=\"Escrito por\" \/>\n\t<meta name=\"twitter:data1\" content=\"rbraidy\" \/>\n\t<meta name=\"twitter:label2\" content=\"Tiempo de lectura\" \/>\n\t<meta name=\"twitter:data2\" content=\"4 minutos\" \/>\n<script type=\"application\/ld+json\" class=\"yoast-schema-graph\">{\"@context\":\"https:\/\/schema.org\",\"@graph\":[{\"@type\":\"Article\",\"@id\":\"https:\/\/medicina.udd.cl\/fonoaudiologia-santiago\/noticias\/2024\/04\/22\/fonoaudiologia-udd-capacita-a-docentes-hospitalarios-en-comunicacion-aumentativa-y-alternativa\/#article\",\"isPartOf\":{\"@id\":\"https:\/\/medicina.udd.cl\/fonoaudiologia-santiago\/noticias\/2024\/04\/22\/fonoaudiologia-udd-capacita-a-docentes-hospitalarios-en-comunicacion-aumentativa-y-alternativa\/\"},\"author\":{\"name\":\"rbraidy\",\"@id\":\"https:\/\/medicina.udd.cl\/fonoaudiologia-santiago\/#\/schema\/person\/dbc3705bf3a93e8be1ba6de0ef950341\"},\"headline\":\"Fonoaudiolog\u00eda UDD capacita a docentes hospitalarios en Comunicaci\u00f3n Aumentativa y Alternativa\",\"datePublished\":\"2024-04-22T15:51:30+00:00\",\"dateModified\":\"2024-04-26T15:56:50+00:00\",\"mainEntityOfPage\":{\"@id\":\"https:\/\/medicina.udd.cl\/fonoaudiologia-santiago\/noticias\/2024\/04\/22\/fonoaudiologia-udd-capacita-a-docentes-hospitalarios-en-comunicacion-aumentativa-y-alternativa\/\"},\"wordCount\":435,\"image\":{\"@id\":\"https:\/\/medicina.udd.cl\/fonoaudiologia-santiago\/noticias\/2024\/04\/22\/fonoaudiologia-udd-capacita-a-docentes-hospitalarios-en-comunicacion-aumentativa-y-alternativa\/#primaryimage\"},\"thumbnailUrl\":\"https:\/\/medicina.udd.cl\/fonoaudiologia-santiago\/files\/2024\/04\/fono-curso-caa-a-docentes-hospitalarios-26-scaled.jpg\",\"articleSection\":[\"Noticias\"],\"inLanguage\":\"es\"},{\"@type\":\"WebPage\",\"@id\":\"https:\/\/medicina.udd.cl\/fonoaudiologia-santiago\/noticias\/2024\/04\/22\/fonoaudiologia-udd-capacita-a-docentes-hospitalarios-en-comunicacion-aumentativa-y-alternativa\/\",\"url\":\"https:\/\/medicina.udd.cl\/fonoaudiologia-santiago\/noticias\/2024\/04\/22\/fonoaudiologia-udd-capacita-a-docentes-hospitalarios-en-comunicacion-aumentativa-y-alternativa\/\",\"name\":\"Fonoaudiolog\u00eda UDD capacita a docentes hospitalarios en Comunicaci\u00f3n Aumentativa y Alternativa - Fonoaudiolog\u00eda\",\"isPartOf\":{\"@id\":\"https:\/\/medicina.udd.cl\/fonoaudiologia-santiago\/#website\"},\"primaryImageOfPage\":{\"@id\":\"https:\/\/medicina.udd.cl\/fonoaudiologia-santiago\/noticias\/2024\/04\/22\/fonoaudiologia-udd-capacita-a-docentes-hospitalarios-en-comunicacion-aumentativa-y-alternativa\/#primaryimage\"},\"image\":{\"@id\":\"https:\/\/medicina.udd.cl\/fonoaudiologia-santiago\/noticias\/2024\/04\/22\/fonoaudiologia-udd-capacita-a-docentes-hospitalarios-en-comunicacion-aumentativa-y-alternativa\/#primaryimage\"},\"thumbnailUrl\":\"https:\/\/medicina.udd.cl\/fonoaudiologia-santiago\/files\/2024\/04\/fono-curso-caa-a-docentes-hospitalarios-26-scaled.jpg\",\"datePublished\":\"2024-04-22T15:51:30+00:00\",\"dateModified\":\"2024-04-26T15:56:50+00:00\",\"author\":{\"@id\":\"https:\/\/medicina.udd.cl\/fonoaudiologia-santiago\/#\/schema\/person\/dbc3705bf3a93e8be1ba6de0ef950341\"},\"breadcrumb\":{\"@id\":\"https:\/\/medicina.udd.cl\/fonoaudiologia-santiago\/noticias\/2024\/04\/22\/fonoaudiologia-udd-capacita-a-docentes-hospitalarios-en-comunicacion-aumentativa-y-alternativa\/#breadcrumb\"},\"inLanguage\":\"es\",\"potentialAction\":[{\"@type\":\"ReadAction\",\"target\":[\"https:\/\/medicina.udd.cl\/fonoaudiologia-santiago\/noticias\/2024\/04\/22\/fonoaudiologia-udd-capacita-a-docentes-hospitalarios-en-comunicacion-aumentativa-y-alternativa\/\"]}]},{\"@type\":\"ImageObject\",\"inLanguage\":\"es\",\"@id\":\"https:\/\/medicina.udd.cl\/fonoaudiologia-santiago\/noticias\/2024\/04\/22\/fonoaudiologia-udd-capacita-a-docentes-hospitalarios-en-comunicacion-aumentativa-y-alternativa\/#primaryimage\",\"url\":\"https:\/\/medicina.udd.cl\/fonoaudiologia-santiago\/files\/2024\/04\/fono-curso-caa-a-docentes-hospitalarios-26-scaled.jpg\",\"contentUrl\":\"https:\/\/medicina.udd.cl\/fonoaudiologia-santiago\/files\/2024\/04\/fono-curso-caa-a-docentes-hospitalarios-26-scaled.jpg\",\"width\":2560,\"height\":1707},{\"@type\":\"BreadcrumbList\",\"@id\":\"https:\/\/medicina.udd.cl\/fonoaudiologia-santiago\/noticias\/2024\/04\/22\/fonoaudiologia-udd-capacita-a-docentes-hospitalarios-en-comunicacion-aumentativa-y-alternativa\/#breadcrumb\",\"itemListElement\":[{\"@type\":\"ListItem\",\"position\":1,\"name\":\"Home\",\"item\":\"https:\/\/medicina.udd.cl\/fonoaudiologia-santiago\/\"},{\"@type\":\"ListItem\",\"position\":2,\"name\":\"Fonoaudiolog\u00eda UDD capacita a docentes hospitalarios en Comunicaci\u00f3n Aumentativa y Alternativa\"}]},{\"@type\":\"WebSite\",\"@id\":\"https:\/\/medicina.udd.cl\/fonoaudiologia-santiago\/#website\",\"url\":\"https:\/\/medicina.udd.cl\/fonoaudiologia-santiago\/\",\"name\":\"Fonoaudiolog\u00eda\",\"description\":\"Facultad de Medicina Cl\u00ednica Alemana Universidad del Desarrollo\",\"inLanguage\":\"es\"},{\"@type\":\"Person\",\"@id\":\"https:\/\/medicina.udd.cl\/fonoaudiologia-santiago\/#\/schema\/person\/dbc3705bf3a93e8be1ba6de0ef950341\",\"name\":\"rbraidy\",\"image\":{\"@type\":\"ImageObject\",\"inLanguage\":\"es\",\"@id\":\"https:\/\/medicina.udd.cl\/fonoaudiologia-santiago\/#\/schema\/person\/image\/\",\"url\":\"https:\/\/secure.gravatar.com\/avatar\/0f8bc94637401590e45d2ce17eb65c274cb8870a219de6177f3f23e63fd8cdf3?s=96&d=mm&r=g\",\"contentUrl\":\"https:\/\/secure.gravatar.com\/avatar\/0f8bc94637401590e45d2ce17eb65c274cb8870a219de6177f3f23e63fd8cdf3?s=96&d=mm&r=g\",\"caption\":\"rbraidy\"},\"url\":\"https:\/\/medicina.udd.cl\/fonoaudiologia-santiago\/noticias\/author\/rbraidy\/\"}]}<\/script>\n<!-- \/ Yoast SEO plugin. -->","yoast_head_json":{"title":"Fonoaudiolog\u00eda UDD capacita a docentes hospitalarios en Comunicaci\u00f3n Aumentativa y Alternativa - Fonoaudiolog\u00eda","robots":{"index":"index","follow":"follow","max-snippet":"max-snippet:-1","max-image-preview":"max-image-preview:large","max-video-preview":"max-video-preview:-1"},"canonical":"https:\/\/medicina.udd.cl\/fonoaudiologia-santiago\/noticias\/2024\/04\/22\/fonoaudiologia-udd-capacita-a-docentes-hospitalarios-en-comunicacion-aumentativa-y-alternativa\/","og_locale":"es_ES","og_type":"article","og_title":"Fonoaudiolog\u00eda UDD capacita a docentes hospitalarios en Comunicaci\u00f3n Aumentativa y Alternativa - Fonoaudiolog\u00eda","og_description":"La carrera de Fonoaudiolog\u00eda de la Facultad de Medicina Cl\u00ednica Alemana Universidad del Desarrollo (UDD) ha liderado una iniciativa al llevar a cabo una capacitaci\u00f3n dirigida a docentes hospitalarios sobre Comunicaci\u00f3n Aumentativa y Alternativa. El objetivo principal de este programa fue proporcionar estrategias y herramientas efectivas para su implementaci\u00f3n con estudiantes, pacientes y sus entornos [&hellip;]","og_url":"https:\/\/medicina.udd.cl\/fonoaudiologia-santiago\/noticias\/2024\/04\/22\/fonoaudiologia-udd-capacita-a-docentes-hospitalarios-en-comunicacion-aumentativa-y-alternativa\/","og_site_name":"Fonoaudiolog\u00eda","article_published_time":"2024-04-22T15:51:30+00:00","article_modified_time":"2024-04-26T15:56:50+00:00","og_image":[{"width":2560,"height":1707,"url":"https:\/\/medicina.udd.cl\/fonoaudiologia-santiago\/files\/2024\/04\/fono-curso-caa-a-docentes-hospitalarios-26-scaled.jpg","type":"image\/jpeg"}],"author":"rbraidy","twitter_misc":{"Escrito por":"rbraidy","Tiempo de lectura":"4 minutos"},"schema":{"@context":"https:\/\/schema.org","@graph":[{"@type":"Article","@id":"https:\/\/medicina.udd.cl\/fonoaudiologia-santiago\/noticias\/2024\/04\/22\/fonoaudiologia-udd-capacita-a-docentes-hospitalarios-en-comunicacion-aumentativa-y-alternativa\/#article","isPartOf":{"@id":"https:\/\/medicina.udd.cl\/fonoaudiologia-santiago\/noticias\/2024\/04\/22\/fonoaudiologia-udd-capacita-a-docentes-hospitalarios-en-comunicacion-aumentativa-y-alternativa\/"},"author":{"name":"rbraidy","@id":"https:\/\/medicina.udd.cl\/fonoaudiologia-santiago\/#\/schema\/person\/dbc3705bf3a93e8be1ba6de0ef950341"},"headline":"Fonoaudiolog\u00eda UDD capacita a docentes hospitalarios en Comunicaci\u00f3n Aumentativa y Alternativa","datePublished":"2024-04-22T15:51:30+00:00","dateModified":"2024-04-26T15:56:50+00:00","mainEntityOfPage":{"@id":"https:\/\/medicina.udd.cl\/fonoaudiologia-santiago\/noticias\/2024\/04\/22\/fonoaudiologia-udd-capacita-a-docentes-hospitalarios-en-comunicacion-aumentativa-y-alternativa\/"},"wordCount":435,"image":{"@id":"https:\/\/medicina.udd.cl\/fonoaudiologia-santiago\/noticias\/2024\/04\/22\/fonoaudiologia-udd-capacita-a-docentes-hospitalarios-en-comunicacion-aumentativa-y-alternativa\/#primaryimage"},"thumbnailUrl":"https:\/\/medicina.udd.cl\/fonoaudiologia-santiago\/files\/2024\/04\/fono-curso-caa-a-docentes-hospitalarios-26-scaled.jpg","articleSection":["Noticias"],"inLanguage":"es"},{"@type":"WebPage","@id":"https:\/\/medicina.udd.cl\/fonoaudiologia-santiago\/noticias\/2024\/04\/22\/fonoaudiologia-udd-capacita-a-docentes-hospitalarios-en-comunicacion-aumentativa-y-alternativa\/","url":"https:\/\/medicina.udd.cl\/fonoaudiologia-santiago\/noticias\/2024\/04\/22\/fonoaudiologia-udd-capacita-a-docentes-hospitalarios-en-comunicacion-aumentativa-y-alternativa\/","name":"Fonoaudiolog\u00eda UDD capacita a docentes hospitalarios en Comunicaci\u00f3n Aumentativa y Alternativa - Fonoaudiolog\u00eda","isPartOf":{"@id":"https:\/\/medicina.udd.cl\/fonoaudiologia-santiago\/#website"},"primaryImageOfPage":{"@id":"https:\/\/medicina.udd.cl\/fonoaudiologia-santiago\/noticias\/2024\/04\/22\/fonoaudiologia-udd-capacita-a-docentes-hospitalarios-en-comunicacion-aumentativa-y-alternativa\/#primaryimage"},"image":{"@id":"https:\/\/medicina.udd.cl\/fonoaudiologia-santiago\/noticias\/2024\/04\/22\/fonoaudiologia-udd-capacita-a-docentes-hospitalarios-en-comunicacion-aumentativa-y-alternativa\/#primaryimage"},"thumbnailUrl":"https:\/\/medicina.udd.cl\/fonoaudiologia-santiago\/files\/2024\/04\/fono-curso-caa-a-docentes-hospitalarios-26-scaled.jpg","datePublished":"2024-04-22T15:51:30+00:00","dateModified":"2024-04-26T15:56:50+00:00","author":{"@id":"https:\/\/medicina.udd.cl\/fonoaudiologia-santiago\/#\/schema\/person\/dbc3705bf3a93e8be1ba6de0ef950341"},"breadcrumb":{"@id":"https:\/\/medicina.udd.cl\/fonoaudiologia-santiago\/noticias\/2024\/04\/22\/fonoaudiologia-udd-capacita-a-docentes-hospitalarios-en-comunicacion-aumentativa-y-alternativa\/#breadcrumb"},"inLanguage":"es","potentialAction":[{"@type":"ReadAction","target":["https:\/\/medicina.udd.cl\/fonoaudiologia-santiago\/noticias\/2024\/04\/22\/fonoaudiologia-udd-capacita-a-docentes-hospitalarios-en-comunicacion-aumentativa-y-alternativa\/"]}]},{"@type":"ImageObject","inLanguage":"es","@id":"https:\/\/medicina.udd.cl\/fonoaudiologia-santiago\/noticias\/2024\/04\/22\/fonoaudiologia-udd-capacita-a-docentes-hospitalarios-en-comunicacion-aumentativa-y-alternativa\/#primaryimage","url":"https:\/\/medicina.udd.cl\/fonoaudiologia-santiago\/files\/2024\/04\/fono-curso-caa-a-docentes-hospitalarios-26-scaled.jpg","contentUrl":"https:\/\/medicina.udd.cl\/fonoaudiologia-santiago\/files\/2024\/04\/fono-curso-caa-a-docentes-hospitalarios-26-scaled.jpg","width":2560,"height":1707},{"@type":"BreadcrumbList","@id":"https:\/\/medicina.udd.cl\/fonoaudiologia-santiago\/noticias\/2024\/04\/22\/fonoaudiologia-udd-capacita-a-docentes-hospitalarios-en-comunicacion-aumentativa-y-alternativa\/#breadcrumb","itemListElement":[{"@type":"ListItem","position":1,"name":"Home","item":"https:\/\/medicina.udd.cl\/fonoaudiologia-santiago\/"},{"@type":"ListItem","position":2,"name":"Fonoaudiolog\u00eda UDD capacita a docentes hospitalarios en Comunicaci\u00f3n Aumentativa y Alternativa"}]},{"@type":"WebSite","@id":"https:\/\/medicina.udd.cl\/fonoaudiologia-santiago\/#website","url":"https:\/\/medicina.udd.cl\/fonoaudiologia-santiago\/","name":"Fonoaudiolog\u00eda","description":"Facultad de Medicina Cl\u00ednica Alemana Universidad del Desarrollo","inLanguage":"es"},{"@type":"Person","@id":"https:\/\/medicina.udd.cl\/fonoaudiologia-santiago\/#\/schema\/person\/dbc3705bf3a93e8be1ba6de0ef950341","name":"rbraidy","image":{"@type":"ImageObject","inLanguage":"es","@id":"https:\/\/medicina.udd.cl\/fonoaudiologia-santiago\/#\/schema\/person\/image\/","url":"https:\/\/secure.gravatar.com\/avatar\/0f8bc94637401590e45d2ce17eb65c274cb8870a219de6177f3f23e63fd8cdf3?s=96&d=mm&r=g","contentUrl":"https:\/\/secure.gravatar.com\/avatar\/0f8bc94637401590e45d2ce17eb65c274cb8870a219de6177f3f23e63fd8cdf3?s=96&d=mm&r=g","caption":"rbraidy"},"url":"https:\/\/medicina.udd.cl\/fonoaudiologia-santiago\/noticias\/author\/rbraidy\/"}]}},"featured_image_url":"https:\/\/medicina.udd.cl\/fonoaudiologia-santiago\/files\/2024\/04\/fono-curso-caa-a-docentes-hospitalarios-26-scaled.jpg","_links":{"self":[{"href":"https:\/\/medicina.udd.cl\/fonoaudiologia-santiago\/wp-json\/wp\/v2\/posts\/6699","targetHints":{"allow":["GET"]}}],"collection":[{"href":"https:\/\/medicina.udd.cl\/fonoaudiologia-santiago\/wp-json\/wp\/v2\/posts"}],"about":[{"href":"https:\/\/medicina.udd.cl\/fonoaudiologia-santiago\/wp-json\/wp\/v2\/types\/post"}],"author":[{"embeddable":true,"href":"https:\/\/medicina.udd.cl\/fonoaudiologia-santiago\/wp-json\/wp\/v2\/users\/9192219"}],"replies":[{"embeddable":true,"href":"https:\/\/medicina.udd.cl\/fonoaudiologia-santiago\/wp-json\/wp\/v2\/comments?post=6699"}],"version-history":[{"count":1,"href":"https:\/\/medicina.udd.cl\/fonoaudiologia-santiago\/wp-json\/wp\/v2\/posts\/6699\/revisions"}],"predecessor-version":[{"id":6735,"href":"https:\/\/medicina.udd.cl\/fonoaudiologia-santiago\/wp-json\/wp\/v2\/posts\/6699\/revisions\/6735"}],"wp:featuredmedia":[{"embeddable":true,"href":"https:\/\/medicina.udd.cl\/fonoaudiologia-santiago\/wp-json\/wp\/v2\/media\/6732"}],"wp:attachment":[{"href":"https:\/\/medicina.udd.cl\/fonoaudiologia-santiago\/wp-json\/wp\/v2\/media?parent=6699"}],"wp:term":[{"taxonomy":"category","embeddable":true,"href":"https:\/\/medicina.udd.cl\/fonoaudiologia-santiago\/wp-json\/wp\/v2\/categories?post=6699"},{"taxonomy":"post_tag","embeddable":true,"href":"https:\/\/medicina.udd.cl\/fonoaudiologia-santiago\/wp-json\/wp\/v2\/tags?post=6699"}],"curies":[{"name":"wp","href":"https:\/\/api.w.org\/{rel}","templated":true}]}}