{"id":6805,"date":"2024-06-13T11:07:00","date_gmt":"2024-06-13T15:07:00","guid":{"rendered":"https:\/\/medicina.udd.cl\/fonoaudiologia-santiago\/?p=6805"},"modified":"2024-06-14T13:04:40","modified_gmt":"2024-06-14T17:04:40","slug":"academicas-de-fonoaudiologia-y-psicologia-presentan-investigacion-pionera-en-lactancia-materna-en-seminario-interfacultad-udd","status":"publish","type":"post","link":"https:\/\/medicina.udd.cl\/fonoaudiologia-santiago\/noticias\/2024\/06\/13\/academicas-de-fonoaudiologia-y-psicologia-presentan-investigacion-pionera-en-lactancia-materna-en-seminario-interfacultad-udd\/","title":{"rendered":"Acad\u00e9micas de Fonoaudiolog\u00eda y Psicolog\u00eda presentan Investigaci\u00f3n pionera en Lactancia Materna en seminario interfacultad UDD"},"content":{"rendered":"\n<figure class=\"wp-block-image aligncenter size-large\"><a href=\"https:\/\/medicina.udd.cl\/fonoaudiologia-santiago\/files\/2024\/06\/interfacultades_ibem_vst_ibem_vst-2481.jpg\"><img loading=\"lazy\" decoding=\"async\" width=\"1024\" height=\"635\" src=\"https:\/\/medicina.udd.cl\/fonoaudiologia-santiago\/files\/2024\/06\/interfacultades_ibem_vst_ibem_vst-2481-1024x635.jpg\" alt=\"\" class=\"wp-image-6835\" srcset=\"https:\/\/medicina.udd.cl\/fonoaudiologia-santiago\/files\/2024\/06\/interfacultades_ibem_vst_ibem_vst-2481-1024x635.jpg 1024w, https:\/\/medicina.udd.cl\/fonoaudiologia-santiago\/files\/2024\/06\/interfacultades_ibem_vst_ibem_vst-2481-300x186.jpg 300w, https:\/\/medicina.udd.cl\/fonoaudiologia-santiago\/files\/2024\/06\/interfacultades_ibem_vst_ibem_vst-2481-768x476.jpg 768w, https:\/\/medicina.udd.cl\/fonoaudiologia-santiago\/files\/2024\/06\/interfacultades_ibem_vst_ibem_vst-2481-1536x952.jpg 1536w, https:\/\/medicina.udd.cl\/fonoaudiologia-santiago\/files\/2024\/06\/interfacultades_ibem_vst_ibem_vst-2481.jpg 1742w\" sizes=\"auto, (max-width: 1024px) 100vw, 1024px\" \/><\/a><figcaption class=\"wp-element-caption\">Acad\u00e9micas de Fonoaudiolog\u00eda y Psicolog\u00eda UDD junto a la experta internacional en Lactancia Materna, Dra. Ver\u00f3nica Vald\u00e9s.<\/figcaption><\/figure>\n\n\n\n<p>En un esfuerzo colaborativo entre la Facultad de Medicina Cl\u00ednica Alemana Universidad del Desarrollo (UDD), a trav\u00e9s de la carrera de Fonoaudiolog\u00eda, y la Facultad de Psicolog\u00eda UDD, se llev\u00f3 a cabo el Seminario Interfacultad UDD\u00a0<em>\u00abFactores promotores de la lactancia materna exclusiva: una mirada a los primeros meses postparto\u00bb<\/em>. Este evento destac\u00f3 los resultados de una investigaci\u00f3n conjunta que abarc\u00f3 un a\u00f1o y medio de trabajo, dirigido por las docentes investigadoras Claudia Gillmore y Fabiola Mar\u00edn, por Fonoaudiolog\u00eda, junto con Soledad Coo y Mar\u00eda Ignacia Garc\u00eda, de Psicolog\u00eda UDD.<\/p>\n\n\n\n<p>Durante la jornada, las fonoaudi\u00f3logas UDD, Gillmore y Mar\u00edn, presentaron su estudio sobre la&nbsp;<em>\u00abExperiencia y percepci\u00f3n de madres: redes de apoyo e informaci\u00f3n durante proceso de lactancia materna\u00bb<\/em>. Por su parte, las acad\u00e9micas de Psicolog\u00eda UDD, Coo y Garc\u00eda, exploraron el tema de la&nbsp;<em>\u00abLactancia desde la experiencia materna\u00bb<\/em>.<\/p>\n\n\n\n<p><em>\u00abPara la Fonoaudiolog\u00eda, es muy relevante que se reconozca la importancia de la lactancia materna, no solo por sus beneficios en inmunidad o apego, por mencionar los m\u00e1s conocidos, sino tambi\u00e9n como un promotor de salud, estrechamente relacionado con el desarrollo orofacial, donde impacta directamente en funciones como la respiraci\u00f3n, habla, la masticaci\u00f3n y la degluci\u00f3n. Esta investigaci\u00f3n, adem\u00e1s de establecer redes con carreras a fin como es psicolog\u00eda, posiciona al fonoaudi\u00f3logo como uno de los profesionales involucrados en el desarrollo integral del ni\u00f1o, &nbsp;desarrollando investigaci\u00f3n pertinente para mejorar las problem\u00e1ticas en salud\u00bb<\/em>, destacaron las acad\u00e9micas Gillmore y Mar\u00edn.<\/p>\n\n\n\n<p>El punto culminante del seminario fue la intervenci\u00f3n de la Dra. Ver\u00f3nica Vald\u00e9s, experta internacional en lactancia materna de la Wellstart International en San Diego, California, quien abord\u00f3 los&nbsp;<em>\u00abConocimientos y habilidades del equipo de salud para apoyar la lactancia exitosa\u00bb.<\/em><\/p>\n\n\n\n<p>Esta investigaci\u00f3n no solo ofrece una visi\u00f3n profunda sobre los factores que influyen en la lactancia materna exclusiva durante los primeros meses postparto, sino que tambi\u00e9n destaca la importancia del trabajo interdisciplinario en este campo crucial para la salud infantil y materna.<\/p>\n\n\n\n<figure class=\"wp-block-gallery has-nested-images columns-default is-cropped wp-block-gallery-1 is-layout-flex wp-block-gallery-is-layout-flex\">\n<figure class=\"wp-block-image size-large\"><a href=\"https:\/\/medicina.udd.cl\/fonoaudiologia-santiago\/files\/2024\/06\/interfacultades_ibem_vst_ibem_vst-2192.jpg\"><img loading=\"lazy\" decoding=\"async\" width=\"1024\" height=\"683\" data-id=\"6820\" src=\"https:\/\/medicina.udd.cl\/fonoaudiologia-santiago\/files\/2024\/06\/interfacultades_ibem_vst_ibem_vst-2192-1024x683.jpg\" alt=\"\" class=\"wp-image-6820\" srcset=\"https:\/\/medicina.udd.cl\/fonoaudiologia-santiago\/files\/2024\/06\/interfacultades_ibem_vst_ibem_vst-2192-1024x683.jpg 1024w, https:\/\/medicina.udd.cl\/fonoaudiologia-santiago\/files\/2024\/06\/interfacultades_ibem_vst_ibem_vst-2192-300x200.jpg 300w, https:\/\/medicina.udd.cl\/fonoaudiologia-santiago\/files\/2024\/06\/interfacultades_ibem_vst_ibem_vst-2192-768x512.jpg 768w, https:\/\/medicina.udd.cl\/fonoaudiologia-santiago\/files\/2024\/06\/interfacultades_ibem_vst_ibem_vst-2192-1536x1024.jpg 1536w, https:\/\/medicina.udd.cl\/fonoaudiologia-santiago\/files\/2024\/06\/interfacultades_ibem_vst_ibem_vst-2192.jpg 1620w\" sizes=\"auto, (max-width: 1024px) 100vw, 1024px\" \/><\/a><\/figure>\n\n\n\n<figure class=\"wp-block-image size-large\"><a href=\"https:\/\/medicina.udd.cl\/fonoaudiologia-santiago\/files\/2024\/06\/interfacultades_ibem_vst_ibem_vst-2369.jpg\"><img loading=\"lazy\" decoding=\"async\" width=\"1024\" height=\"683\" data-id=\"6826\" src=\"https:\/\/medicina.udd.cl\/fonoaudiologia-santiago\/files\/2024\/06\/interfacultades_ibem_vst_ibem_vst-2369-1024x683.jpg\" alt=\"\" class=\"wp-image-6826\" srcset=\"https:\/\/medicina.udd.cl\/fonoaudiologia-santiago\/files\/2024\/06\/interfacultades_ibem_vst_ibem_vst-2369-1024x683.jpg 1024w, https:\/\/medicina.udd.cl\/fonoaudiologia-santiago\/files\/2024\/06\/interfacultades_ibem_vst_ibem_vst-2369-300x200.jpg 300w, https:\/\/medicina.udd.cl\/fonoaudiologia-santiago\/files\/2024\/06\/interfacultades_ibem_vst_ibem_vst-2369-768x512.jpg 768w, https:\/\/medicina.udd.cl\/fonoaudiologia-santiago\/files\/2024\/06\/interfacultades_ibem_vst_ibem_vst-2369-1536x1024.jpg 1536w, https:\/\/medicina.udd.cl\/fonoaudiologia-santiago\/files\/2024\/06\/interfacultades_ibem_vst_ibem_vst-2369.jpg 1620w\" sizes=\"auto, (max-width: 1024px) 100vw, 1024px\" \/><\/a><figcaption class=\"wp-element-caption\">Fabiola Mar\u00edn<\/figcaption><\/figure>\n\n\n\n<figure class=\"wp-block-image size-large\"><a href=\"https:\/\/medicina.udd.cl\/fonoaudiologia-santiago\/files\/2024\/06\/interfacultades_ibem_vst_ibem_vst-2387.jpg\"><img loading=\"lazy\" decoding=\"async\" width=\"1024\" height=\"683\" data-id=\"6829\" src=\"https:\/\/medicina.udd.cl\/fonoaudiologia-santiago\/files\/2024\/06\/interfacultades_ibem_vst_ibem_vst-2387-1024x683.jpg\" alt=\"\" class=\"wp-image-6829\" srcset=\"https:\/\/medicina.udd.cl\/fonoaudiologia-santiago\/files\/2024\/06\/interfacultades_ibem_vst_ibem_vst-2387-1024x683.jpg 1024w, https:\/\/medicina.udd.cl\/fonoaudiologia-santiago\/files\/2024\/06\/interfacultades_ibem_vst_ibem_vst-2387-300x200.jpg 300w, https:\/\/medicina.udd.cl\/fonoaudiologia-santiago\/files\/2024\/06\/interfacultades_ibem_vst_ibem_vst-2387-768x512.jpg 768w, https:\/\/medicina.udd.cl\/fonoaudiologia-santiago\/files\/2024\/06\/interfacultades_ibem_vst_ibem_vst-2387-1536x1024.jpg 1536w, https:\/\/medicina.udd.cl\/fonoaudiologia-santiago\/files\/2024\/06\/interfacultades_ibem_vst_ibem_vst-2387.jpg 1620w\" sizes=\"auto, (max-width: 1024px) 100vw, 1024px\" \/><\/a><figcaption class=\"wp-element-caption\">Claudia Gillmore<\/figcaption><\/figure>\n\n\n\n<figure class=\"wp-block-image size-large\"><a href=\"https:\/\/medicina.udd.cl\/fonoaudiologia-santiago\/files\/2024\/06\/interfacultades_ibem_vst_ibem_vst-2204.jpg\"><img loading=\"lazy\" decoding=\"async\" width=\"1024\" height=\"683\" data-id=\"6823\" src=\"https:\/\/medicina.udd.cl\/fonoaudiologia-santiago\/files\/2024\/06\/interfacultades_ibem_vst_ibem_vst-2204-1024x683.jpg\" alt=\"\" class=\"wp-image-6823\" srcset=\"https:\/\/medicina.udd.cl\/fonoaudiologia-santiago\/files\/2024\/06\/interfacultades_ibem_vst_ibem_vst-2204-1024x683.jpg 1024w, https:\/\/medicina.udd.cl\/fonoaudiologia-santiago\/files\/2024\/06\/interfacultades_ibem_vst_ibem_vst-2204-300x200.jpg 300w, https:\/\/medicina.udd.cl\/fonoaudiologia-santiago\/files\/2024\/06\/interfacultades_ibem_vst_ibem_vst-2204-768x512.jpg 768w, https:\/\/medicina.udd.cl\/fonoaudiologia-santiago\/files\/2024\/06\/interfacultades_ibem_vst_ibem_vst-2204-1536x1024.jpg 1536w, https:\/\/medicina.udd.cl\/fonoaudiologia-santiago\/files\/2024\/06\/interfacultades_ibem_vst_ibem_vst-2204.jpg 1620w\" sizes=\"auto, (max-width: 1024px) 100vw, 1024px\" \/><\/a><\/figure>\n\n\n\n<figure class=\"wp-block-image size-large\"><a href=\"https:\/\/medicina.udd.cl\/fonoaudiologia-santiago\/files\/2024\/06\/interfacultades_ibem_vst_ibem_vst-2414.jpg\"><img loading=\"lazy\" decoding=\"async\" width=\"1024\" height=\"683\" data-id=\"6832\" src=\"https:\/\/medicina.udd.cl\/fonoaudiologia-santiago\/files\/2024\/06\/interfacultades_ibem_vst_ibem_vst-2414-1024x683.jpg\" alt=\"\" class=\"wp-image-6832\" srcset=\"https:\/\/medicina.udd.cl\/fonoaudiologia-santiago\/files\/2024\/06\/interfacultades_ibem_vst_ibem_vst-2414-1024x683.jpg 1024w, https:\/\/medicina.udd.cl\/fonoaudiologia-santiago\/files\/2024\/06\/interfacultades_ibem_vst_ibem_vst-2414-300x200.jpg 300w, https:\/\/medicina.udd.cl\/fonoaudiologia-santiago\/files\/2024\/06\/interfacultades_ibem_vst_ibem_vst-2414-768x512.jpg 768w, https:\/\/medicina.udd.cl\/fonoaudiologia-santiago\/files\/2024\/06\/interfacultades_ibem_vst_ibem_vst-2414-1536x1024.jpg 1536w, https:\/\/medicina.udd.cl\/fonoaudiologia-santiago\/files\/2024\/06\/interfacultades_ibem_vst_ibem_vst-2414.jpg 1620w\" sizes=\"auto, (max-width: 1024px) 100vw, 1024px\" \/><\/a><\/figure>\n\n\n\n<figure class=\"wp-block-image size-large\"><a href=\"https:\/\/medicina.udd.cl\/fonoaudiologia-santiago\/files\/2024\/06\/interfacultades_ibem_vst_ibem_vst-2163.jpg\"><img loading=\"lazy\" decoding=\"async\" width=\"1024\" height=\"683\" data-id=\"6817\" src=\"https:\/\/medicina.udd.cl\/fonoaudiologia-santiago\/files\/2024\/06\/interfacultades_ibem_vst_ibem_vst-2163-1024x683.jpg\" alt=\"\" class=\"wp-image-6817\" srcset=\"https:\/\/medicina.udd.cl\/fonoaudiologia-santiago\/files\/2024\/06\/interfacultades_ibem_vst_ibem_vst-2163-1024x683.jpg 1024w, https:\/\/medicina.udd.cl\/fonoaudiologia-santiago\/files\/2024\/06\/interfacultades_ibem_vst_ibem_vst-2163-300x200.jpg 300w, https:\/\/medicina.udd.cl\/fonoaudiologia-santiago\/files\/2024\/06\/interfacultades_ibem_vst_ibem_vst-2163-768x512.jpg 768w, https:\/\/medicina.udd.cl\/fonoaudiologia-santiago\/files\/2024\/06\/interfacultades_ibem_vst_ibem_vst-2163-1536x1024.jpg 1536w, https:\/\/medicina.udd.cl\/fonoaudiologia-santiago\/files\/2024\/06\/interfacultades_ibem_vst_ibem_vst-2163.jpg 1620w\" sizes=\"auto, (max-width: 1024px) 100vw, 1024px\" \/><\/a><\/figure>\n\n\n\n<figure class=\"wp-block-image size-large\"><a href=\"https:\/\/medicina.udd.cl\/fonoaudiologia-santiago\/files\/2024\/06\/interfacultades_ibem_vst_ibem_vst-2141.jpg\"><img loading=\"lazy\" decoding=\"async\" width=\"1024\" height=\"683\" data-id=\"6814\" src=\"https:\/\/medicina.udd.cl\/fonoaudiologia-santiago\/files\/2024\/06\/interfacultades_ibem_vst_ibem_vst-2141-1024x683.jpg\" alt=\"\" class=\"wp-image-6814\" srcset=\"https:\/\/medicina.udd.cl\/fonoaudiologia-santiago\/files\/2024\/06\/interfacultades_ibem_vst_ibem_vst-2141-1024x683.jpg 1024w, https:\/\/medicina.udd.cl\/fonoaudiologia-santiago\/files\/2024\/06\/interfacultades_ibem_vst_ibem_vst-2141-300x200.jpg 300w, https:\/\/medicina.udd.cl\/fonoaudiologia-santiago\/files\/2024\/06\/interfacultades_ibem_vst_ibem_vst-2141-768x512.jpg 768w, https:\/\/medicina.udd.cl\/fonoaudiologia-santiago\/files\/2024\/06\/interfacultades_ibem_vst_ibem_vst-2141-1536x1024.jpg 1536w, https:\/\/medicina.udd.cl\/fonoaudiologia-santiago\/files\/2024\/06\/interfacultades_ibem_vst_ibem_vst-2141.jpg 1620w\" sizes=\"auto, (max-width: 1024px) 100vw, 1024px\" \/><\/a><\/figure>\n\n\n\n<figure class=\"wp-block-image size-large\"><a href=\"https:\/\/medicina.udd.cl\/fonoaudiologia-santiago\/files\/2024\/06\/interfacultades_ibem_vst_ibem_vst-2525.jpg\"><img loading=\"lazy\" decoding=\"async\" width=\"1024\" height=\"683\" data-id=\"6841\" src=\"https:\/\/medicina.udd.cl\/fonoaudiologia-santiago\/files\/2024\/06\/interfacultades_ibem_vst_ibem_vst-2525-1024x683.jpg\" alt=\"\" class=\"wp-image-6841\" srcset=\"https:\/\/medicina.udd.cl\/fonoaudiologia-santiago\/files\/2024\/06\/interfacultades_ibem_vst_ibem_vst-2525-1024x683.jpg 1024w, https:\/\/medicina.udd.cl\/fonoaudiologia-santiago\/files\/2024\/06\/interfacultades_ibem_vst_ibem_vst-2525-300x200.jpg 300w, https:\/\/medicina.udd.cl\/fonoaudiologia-santiago\/files\/2024\/06\/interfacultades_ibem_vst_ibem_vst-2525-768x512.jpg 768w, https:\/\/medicina.udd.cl\/fonoaudiologia-santiago\/files\/2024\/06\/interfacultades_ibem_vst_ibem_vst-2525-1536x1024.jpg 1536w, https:\/\/medicina.udd.cl\/fonoaudiologia-santiago\/files\/2024\/06\/interfacultades_ibem_vst_ibem_vst-2525.jpg 1620w\" sizes=\"auto, (max-width: 1024px) 100vw, 1024px\" \/><\/a><figcaption class=\"wp-element-caption\">Dra. Ver\u00f3nica Vald\u00e9s<\/figcaption><\/figure>\n\n\n\n<figure class=\"wp-block-image size-large\"><a href=\"https:\/\/medicina.udd.cl\/fonoaudiologia-santiago\/files\/2024\/06\/interfacultades_ibem_vst_ibem_vst-2529.jpg\"><img loading=\"lazy\" decoding=\"async\" width=\"1024\" height=\"683\" data-id=\"6844\" src=\"https:\/\/medicina.udd.cl\/fonoaudiologia-santiago\/files\/2024\/06\/interfacultades_ibem_vst_ibem_vst-2529-1024x683.jpg\" alt=\"\" class=\"wp-image-6844\" srcset=\"https:\/\/medicina.udd.cl\/fonoaudiologia-santiago\/files\/2024\/06\/interfacultades_ibem_vst_ibem_vst-2529-1024x683.jpg 1024w, https:\/\/medicina.udd.cl\/fonoaudiologia-santiago\/files\/2024\/06\/interfacultades_ibem_vst_ibem_vst-2529-300x200.jpg 300w, https:\/\/medicina.udd.cl\/fonoaudiologia-santiago\/files\/2024\/06\/interfacultades_ibem_vst_ibem_vst-2529-768x512.jpg 768w, https:\/\/medicina.udd.cl\/fonoaudiologia-santiago\/files\/2024\/06\/interfacultades_ibem_vst_ibem_vst-2529-1536x1024.jpg 1536w, https:\/\/medicina.udd.cl\/fonoaudiologia-santiago\/files\/2024\/06\/interfacultades_ibem_vst_ibem_vst-2529.jpg 1620w\" sizes=\"auto, (max-width: 1024px) 100vw, 1024px\" \/><\/a><\/figure>\n\n\n\n<figure class=\"wp-block-image size-large\"><a href=\"https:\/\/medicina.udd.cl\/fonoaudiologia-santiago\/files\/2024\/06\/interfacultades_ibem_vst_ibem_vst-2115.jpg\"><img loading=\"lazy\" decoding=\"async\" width=\"1024\" height=\"683\" data-id=\"6808\" src=\"https:\/\/medicina.udd.cl\/fonoaudiologia-santiago\/files\/2024\/06\/interfacultades_ibem_vst_ibem_vst-2115-1024x683.jpg\" alt=\"\" class=\"wp-image-6808\" srcset=\"https:\/\/medicina.udd.cl\/fonoaudiologia-santiago\/files\/2024\/06\/interfacultades_ibem_vst_ibem_vst-2115-1024x683.jpg 1024w, https:\/\/medicina.udd.cl\/fonoaudiologia-santiago\/files\/2024\/06\/interfacultades_ibem_vst_ibem_vst-2115-300x200.jpg 300w, https:\/\/medicina.udd.cl\/fonoaudiologia-santiago\/files\/2024\/06\/interfacultades_ibem_vst_ibem_vst-2115-768x512.jpg 768w, https:\/\/medicina.udd.cl\/fonoaudiologia-santiago\/files\/2024\/06\/interfacultades_ibem_vst_ibem_vst-2115-1536x1024.jpg 1536w, https:\/\/medicina.udd.cl\/fonoaudiologia-santiago\/files\/2024\/06\/interfacultades_ibem_vst_ibem_vst-2115.jpg 1620w\" sizes=\"auto, (max-width: 1024px) 100vw, 1024px\" \/><\/a><\/figure>\n<\/figure>\n","protected":false},"excerpt":{"rendered":"<p>En un esfuerzo colaborativo entre la Facultad de Medicina Cl\u00ednica Alemana Universidad del Desarrollo (UDD), a trav\u00e9s de la carrera de Fonoaudiolog\u00eda, y la Facultad de Psicolog\u00eda UDD, se llev\u00f3 a cabo el Seminario Interfacultad UDD\u00a0\u00abFactores promotores de la lactancia materna exclusiva: una mirada a los primeros meses postparto\u00bb. Este evento destac\u00f3 los resultados de [&hellip;]<\/p>\n","protected":false},"author":9192219,"featured_media":6835,"comment_status":"closed","ping_status":"open","sticky":false,"template":"","format":"standard","meta":{"footnotes":""},"categories":[4],"tags":[],"class_list":["post-6805","post","type-post","status-publish","format-standard","has-post-thumbnail","hentry","category-noticias"],"yoast_head":"<!-- This site is optimized with the Yoast SEO plugin v26.9 - https:\/\/yoast.com\/product\/yoast-seo-wordpress\/ -->\n<title>Acad\u00e9micas de Fonoaudiolog\u00eda y Psicolog\u00eda presentan Investigaci\u00f3n pionera en Lactancia Materna en seminario interfacultad UDD - Fonoaudiolog\u00eda<\/title>\n<meta name=\"robots\" content=\"index, follow, max-snippet:-1, max-image-preview:large, max-video-preview:-1\" \/>\n<link rel=\"canonical\" href=\"https:\/\/medicina.udd.cl\/fonoaudiologia-santiago\/noticias\/2024\/06\/13\/academicas-de-fonoaudiologia-y-psicologia-presentan-investigacion-pionera-en-lactancia-materna-en-seminario-interfacultad-udd\/\" \/>\n<meta property=\"og:locale\" content=\"es_ES\" \/>\n<meta property=\"og:type\" content=\"article\" \/>\n<meta property=\"og:title\" content=\"Acad\u00e9micas de Fonoaudiolog\u00eda y Psicolog\u00eda presentan Investigaci\u00f3n pionera en Lactancia Materna en seminario interfacultad UDD - Fonoaudiolog\u00eda\" \/>\n<meta property=\"og:description\" content=\"En un esfuerzo colaborativo entre la Facultad de Medicina Cl\u00ednica Alemana Universidad del Desarrollo (UDD), a trav\u00e9s de la carrera de Fonoaudiolog\u00eda, y la Facultad de Psicolog\u00eda UDD, se llev\u00f3 a cabo el Seminario Interfacultad UDD\u00a0\u00abFactores promotores de la lactancia materna exclusiva: una mirada a los primeros meses postparto\u00bb. Este evento destac\u00f3 los resultados de [&hellip;]\" \/>\n<meta property=\"og:url\" content=\"https:\/\/medicina.udd.cl\/fonoaudiologia-santiago\/noticias\/2024\/06\/13\/academicas-de-fonoaudiologia-y-psicologia-presentan-investigacion-pionera-en-lactancia-materna-en-seminario-interfacultad-udd\/\" \/>\n<meta property=\"og:site_name\" content=\"Fonoaudiolog\u00eda\" \/>\n<meta property=\"article:published_time\" content=\"2024-06-13T15:07:00+00:00\" \/>\n<meta property=\"article:modified_time\" content=\"2024-06-14T17:04:40+00:00\" \/>\n<meta property=\"og:image\" content=\"https:\/\/medicina.udd.cl\/fonoaudiologia-santiago\/files\/2024\/06\/interfacultades_ibem_vst_ibem_vst-2481.jpg\" \/>\n\t<meta property=\"og:image:width\" content=\"1742\" \/>\n\t<meta property=\"og:image:height\" content=\"1080\" \/>\n\t<meta property=\"og:image:type\" content=\"image\/jpeg\" \/>\n<meta name=\"author\" content=\"rbraidy\" \/>\n<meta name=\"twitter:label1\" content=\"Escrito por\" \/>\n\t<meta name=\"twitter:data1\" content=\"rbraidy\" \/>\n\t<meta name=\"twitter:label2\" content=\"Tiempo de lectura\" \/>\n\t<meta name=\"twitter:data2\" content=\"4 minutos\" \/>\n<script type=\"application\/ld+json\" class=\"yoast-schema-graph\">{\"@context\":\"https:\/\/schema.org\",\"@graph\":[{\"@type\":\"Article\",\"@id\":\"https:\/\/medicina.udd.cl\/fonoaudiologia-santiago\/noticias\/2024\/06\/13\/academicas-de-fonoaudiologia-y-psicologia-presentan-investigacion-pionera-en-lactancia-materna-en-seminario-interfacultad-udd\/#article\",\"isPartOf\":{\"@id\":\"https:\/\/medicina.udd.cl\/fonoaudiologia-santiago\/noticias\/2024\/06\/13\/academicas-de-fonoaudiologia-y-psicologia-presentan-investigacion-pionera-en-lactancia-materna-en-seminario-interfacultad-udd\/\"},\"author\":{\"name\":\"rbraidy\",\"@id\":\"https:\/\/medicina.udd.cl\/fonoaudiologia-santiago\/#\/schema\/person\/dbc3705bf3a93e8be1ba6de0ef950341\"},\"headline\":\"Acad\u00e9micas de Fonoaudiolog\u00eda y Psicolog\u00eda presentan Investigaci\u00f3n pionera en Lactancia Materna en seminario interfacultad UDD\",\"datePublished\":\"2024-06-13T15:07:00+00:00\",\"dateModified\":\"2024-06-14T17:04:40+00:00\",\"mainEntityOfPage\":{\"@id\":\"https:\/\/medicina.udd.cl\/fonoaudiologia-santiago\/noticias\/2024\/06\/13\/academicas-de-fonoaudiologia-y-psicologia-presentan-investigacion-pionera-en-lactancia-materna-en-seminario-interfacultad-udd\/\"},\"wordCount\":416,\"image\":{\"@id\":\"https:\/\/medicina.udd.cl\/fonoaudiologia-santiago\/noticias\/2024\/06\/13\/academicas-de-fonoaudiologia-y-psicologia-presentan-investigacion-pionera-en-lactancia-materna-en-seminario-interfacultad-udd\/#primaryimage\"},\"thumbnailUrl\":\"https:\/\/medicina.udd.cl\/fonoaudiologia-santiago\/files\/2024\/06\/interfacultades_ibem_vst_ibem_vst-2481.jpg\",\"articleSection\":[\"Noticias\"],\"inLanguage\":\"es\"},{\"@type\":\"WebPage\",\"@id\":\"https:\/\/medicina.udd.cl\/fonoaudiologia-santiago\/noticias\/2024\/06\/13\/academicas-de-fonoaudiologia-y-psicologia-presentan-investigacion-pionera-en-lactancia-materna-en-seminario-interfacultad-udd\/\",\"url\":\"https:\/\/medicina.udd.cl\/fonoaudiologia-santiago\/noticias\/2024\/06\/13\/academicas-de-fonoaudiologia-y-psicologia-presentan-investigacion-pionera-en-lactancia-materna-en-seminario-interfacultad-udd\/\",\"name\":\"Acad\u00e9micas de Fonoaudiolog\u00eda y Psicolog\u00eda presentan Investigaci\u00f3n pionera en Lactancia Materna en seminario interfacultad UDD - Fonoaudiolog\u00eda\",\"isPartOf\":{\"@id\":\"https:\/\/medicina.udd.cl\/fonoaudiologia-santiago\/#website\"},\"primaryImageOfPage\":{\"@id\":\"https:\/\/medicina.udd.cl\/fonoaudiologia-santiago\/noticias\/2024\/06\/13\/academicas-de-fonoaudiologia-y-psicologia-presentan-investigacion-pionera-en-lactancia-materna-en-seminario-interfacultad-udd\/#primaryimage\"},\"image\":{\"@id\":\"https:\/\/medicina.udd.cl\/fonoaudiologia-santiago\/noticias\/2024\/06\/13\/academicas-de-fonoaudiologia-y-psicologia-presentan-investigacion-pionera-en-lactancia-materna-en-seminario-interfacultad-udd\/#primaryimage\"},\"thumbnailUrl\":\"https:\/\/medicina.udd.cl\/fonoaudiologia-santiago\/files\/2024\/06\/interfacultades_ibem_vst_ibem_vst-2481.jpg\",\"datePublished\":\"2024-06-13T15:07:00+00:00\",\"dateModified\":\"2024-06-14T17:04:40+00:00\",\"author\":{\"@id\":\"https:\/\/medicina.udd.cl\/fonoaudiologia-santiago\/#\/schema\/person\/dbc3705bf3a93e8be1ba6de0ef950341\"},\"breadcrumb\":{\"@id\":\"https:\/\/medicina.udd.cl\/fonoaudiologia-santiago\/noticias\/2024\/06\/13\/academicas-de-fonoaudiologia-y-psicologia-presentan-investigacion-pionera-en-lactancia-materna-en-seminario-interfacultad-udd\/#breadcrumb\"},\"inLanguage\":\"es\",\"potentialAction\":[{\"@type\":\"ReadAction\",\"target\":[\"https:\/\/medicina.udd.cl\/fonoaudiologia-santiago\/noticias\/2024\/06\/13\/academicas-de-fonoaudiologia-y-psicologia-presentan-investigacion-pionera-en-lactancia-materna-en-seminario-interfacultad-udd\/\"]}]},{\"@type\":\"ImageObject\",\"inLanguage\":\"es\",\"@id\":\"https:\/\/medicina.udd.cl\/fonoaudiologia-santiago\/noticias\/2024\/06\/13\/academicas-de-fonoaudiologia-y-psicologia-presentan-investigacion-pionera-en-lactancia-materna-en-seminario-interfacultad-udd\/#primaryimage\",\"url\":\"https:\/\/medicina.udd.cl\/fonoaudiologia-santiago\/files\/2024\/06\/interfacultades_ibem_vst_ibem_vst-2481.jpg\",\"contentUrl\":\"https:\/\/medicina.udd.cl\/fonoaudiologia-santiago\/files\/2024\/06\/interfacultades_ibem_vst_ibem_vst-2481.jpg\",\"width\":1742,\"height\":1080},{\"@type\":\"BreadcrumbList\",\"@id\":\"https:\/\/medicina.udd.cl\/fonoaudiologia-santiago\/noticias\/2024\/06\/13\/academicas-de-fonoaudiologia-y-psicologia-presentan-investigacion-pionera-en-lactancia-materna-en-seminario-interfacultad-udd\/#breadcrumb\",\"itemListElement\":[{\"@type\":\"ListItem\",\"position\":1,\"name\":\"Home\",\"item\":\"https:\/\/medicina.udd.cl\/fonoaudiologia-santiago\/\"},{\"@type\":\"ListItem\",\"position\":2,\"name\":\"Acad\u00e9micas de Fonoaudiolog\u00eda y Psicolog\u00eda presentan Investigaci\u00f3n pionera en Lactancia Materna en seminario interfacultad UDD\"}]},{\"@type\":\"WebSite\",\"@id\":\"https:\/\/medicina.udd.cl\/fonoaudiologia-santiago\/#website\",\"url\":\"https:\/\/medicina.udd.cl\/fonoaudiologia-santiago\/\",\"name\":\"Fonoaudiolog\u00eda\",\"description\":\"Facultad de Medicina Cl\u00ednica Alemana Universidad del Desarrollo\",\"inLanguage\":\"es\"},{\"@type\":\"Person\",\"@id\":\"https:\/\/medicina.udd.cl\/fonoaudiologia-santiago\/#\/schema\/person\/dbc3705bf3a93e8be1ba6de0ef950341\",\"name\":\"rbraidy\",\"image\":{\"@type\":\"ImageObject\",\"inLanguage\":\"es\",\"@id\":\"https:\/\/medicina.udd.cl\/fonoaudiologia-santiago\/#\/schema\/person\/image\/\",\"url\":\"https:\/\/secure.gravatar.com\/avatar\/0f8bc94637401590e45d2ce17eb65c274cb8870a219de6177f3f23e63fd8cdf3?s=96&d=mm&r=g\",\"contentUrl\":\"https:\/\/secure.gravatar.com\/avatar\/0f8bc94637401590e45d2ce17eb65c274cb8870a219de6177f3f23e63fd8cdf3?s=96&d=mm&r=g\",\"caption\":\"rbraidy\"},\"url\":\"https:\/\/medicina.udd.cl\/fonoaudiologia-santiago\/noticias\/author\/rbraidy\/\"}]}<\/script>\n<!-- \/ Yoast SEO plugin. -->","yoast_head_json":{"title":"Acad\u00e9micas de Fonoaudiolog\u00eda y Psicolog\u00eda presentan Investigaci\u00f3n pionera en Lactancia Materna en seminario interfacultad UDD - Fonoaudiolog\u00eda","robots":{"index":"index","follow":"follow","max-snippet":"max-snippet:-1","max-image-preview":"max-image-preview:large","max-video-preview":"max-video-preview:-1"},"canonical":"https:\/\/medicina.udd.cl\/fonoaudiologia-santiago\/noticias\/2024\/06\/13\/academicas-de-fonoaudiologia-y-psicologia-presentan-investigacion-pionera-en-lactancia-materna-en-seminario-interfacultad-udd\/","og_locale":"es_ES","og_type":"article","og_title":"Acad\u00e9micas de Fonoaudiolog\u00eda y Psicolog\u00eda presentan Investigaci\u00f3n pionera en Lactancia Materna en seminario interfacultad UDD - Fonoaudiolog\u00eda","og_description":"En un esfuerzo colaborativo entre la Facultad de Medicina Cl\u00ednica Alemana Universidad del Desarrollo (UDD), a trav\u00e9s de la carrera de Fonoaudiolog\u00eda, y la Facultad de Psicolog\u00eda UDD, se llev\u00f3 a cabo el Seminario Interfacultad UDD\u00a0\u00abFactores promotores de la lactancia materna exclusiva: una mirada a los primeros meses postparto\u00bb. Este evento destac\u00f3 los resultados de [&hellip;]","og_url":"https:\/\/medicina.udd.cl\/fonoaudiologia-santiago\/noticias\/2024\/06\/13\/academicas-de-fonoaudiologia-y-psicologia-presentan-investigacion-pionera-en-lactancia-materna-en-seminario-interfacultad-udd\/","og_site_name":"Fonoaudiolog\u00eda","article_published_time":"2024-06-13T15:07:00+00:00","article_modified_time":"2024-06-14T17:04:40+00:00","og_image":[{"width":1742,"height":1080,"url":"https:\/\/medicina.udd.cl\/fonoaudiologia-santiago\/files\/2024\/06\/interfacultades_ibem_vst_ibem_vst-2481.jpg","type":"image\/jpeg"}],"author":"rbraidy","twitter_misc":{"Escrito por":"rbraidy","Tiempo de lectura":"4 minutos"},"schema":{"@context":"https:\/\/schema.org","@graph":[{"@type":"Article","@id":"https:\/\/medicina.udd.cl\/fonoaudiologia-santiago\/noticias\/2024\/06\/13\/academicas-de-fonoaudiologia-y-psicologia-presentan-investigacion-pionera-en-lactancia-materna-en-seminario-interfacultad-udd\/#article","isPartOf":{"@id":"https:\/\/medicina.udd.cl\/fonoaudiologia-santiago\/noticias\/2024\/06\/13\/academicas-de-fonoaudiologia-y-psicologia-presentan-investigacion-pionera-en-lactancia-materna-en-seminario-interfacultad-udd\/"},"author":{"name":"rbraidy","@id":"https:\/\/medicina.udd.cl\/fonoaudiologia-santiago\/#\/schema\/person\/dbc3705bf3a93e8be1ba6de0ef950341"},"headline":"Acad\u00e9micas de Fonoaudiolog\u00eda y Psicolog\u00eda presentan Investigaci\u00f3n pionera en Lactancia Materna en seminario interfacultad UDD","datePublished":"2024-06-13T15:07:00+00:00","dateModified":"2024-06-14T17:04:40+00:00","mainEntityOfPage":{"@id":"https:\/\/medicina.udd.cl\/fonoaudiologia-santiago\/noticias\/2024\/06\/13\/academicas-de-fonoaudiologia-y-psicologia-presentan-investigacion-pionera-en-lactancia-materna-en-seminario-interfacultad-udd\/"},"wordCount":416,"image":{"@id":"https:\/\/medicina.udd.cl\/fonoaudiologia-santiago\/noticias\/2024\/06\/13\/academicas-de-fonoaudiologia-y-psicologia-presentan-investigacion-pionera-en-lactancia-materna-en-seminario-interfacultad-udd\/#primaryimage"},"thumbnailUrl":"https:\/\/medicina.udd.cl\/fonoaudiologia-santiago\/files\/2024\/06\/interfacultades_ibem_vst_ibem_vst-2481.jpg","articleSection":["Noticias"],"inLanguage":"es"},{"@type":"WebPage","@id":"https:\/\/medicina.udd.cl\/fonoaudiologia-santiago\/noticias\/2024\/06\/13\/academicas-de-fonoaudiologia-y-psicologia-presentan-investigacion-pionera-en-lactancia-materna-en-seminario-interfacultad-udd\/","url":"https:\/\/medicina.udd.cl\/fonoaudiologia-santiago\/noticias\/2024\/06\/13\/academicas-de-fonoaudiologia-y-psicologia-presentan-investigacion-pionera-en-lactancia-materna-en-seminario-interfacultad-udd\/","name":"Acad\u00e9micas de Fonoaudiolog\u00eda y Psicolog\u00eda presentan Investigaci\u00f3n pionera en Lactancia Materna en seminario interfacultad UDD - Fonoaudiolog\u00eda","isPartOf":{"@id":"https:\/\/medicina.udd.cl\/fonoaudiologia-santiago\/#website"},"primaryImageOfPage":{"@id":"https:\/\/medicina.udd.cl\/fonoaudiologia-santiago\/noticias\/2024\/06\/13\/academicas-de-fonoaudiologia-y-psicologia-presentan-investigacion-pionera-en-lactancia-materna-en-seminario-interfacultad-udd\/#primaryimage"},"image":{"@id":"https:\/\/medicina.udd.cl\/fonoaudiologia-santiago\/noticias\/2024\/06\/13\/academicas-de-fonoaudiologia-y-psicologia-presentan-investigacion-pionera-en-lactancia-materna-en-seminario-interfacultad-udd\/#primaryimage"},"thumbnailUrl":"https:\/\/medicina.udd.cl\/fonoaudiologia-santiago\/files\/2024\/06\/interfacultades_ibem_vst_ibem_vst-2481.jpg","datePublished":"2024-06-13T15:07:00+00:00","dateModified":"2024-06-14T17:04:40+00:00","author":{"@id":"https:\/\/medicina.udd.cl\/fonoaudiologia-santiago\/#\/schema\/person\/dbc3705bf3a93e8be1ba6de0ef950341"},"breadcrumb":{"@id":"https:\/\/medicina.udd.cl\/fonoaudiologia-santiago\/noticias\/2024\/06\/13\/academicas-de-fonoaudiologia-y-psicologia-presentan-investigacion-pionera-en-lactancia-materna-en-seminario-interfacultad-udd\/#breadcrumb"},"inLanguage":"es","potentialAction":[{"@type":"ReadAction","target":["https:\/\/medicina.udd.cl\/fonoaudiologia-santiago\/noticias\/2024\/06\/13\/academicas-de-fonoaudiologia-y-psicologia-presentan-investigacion-pionera-en-lactancia-materna-en-seminario-interfacultad-udd\/"]}]},{"@type":"ImageObject","inLanguage":"es","@id":"https:\/\/medicina.udd.cl\/fonoaudiologia-santiago\/noticias\/2024\/06\/13\/academicas-de-fonoaudiologia-y-psicologia-presentan-investigacion-pionera-en-lactancia-materna-en-seminario-interfacultad-udd\/#primaryimage","url":"https:\/\/medicina.udd.cl\/fonoaudiologia-santiago\/files\/2024\/06\/interfacultades_ibem_vst_ibem_vst-2481.jpg","contentUrl":"https:\/\/medicina.udd.cl\/fonoaudiologia-santiago\/files\/2024\/06\/interfacultades_ibem_vst_ibem_vst-2481.jpg","width":1742,"height":1080},{"@type":"BreadcrumbList","@id":"https:\/\/medicina.udd.cl\/fonoaudiologia-santiago\/noticias\/2024\/06\/13\/academicas-de-fonoaudiologia-y-psicologia-presentan-investigacion-pionera-en-lactancia-materna-en-seminario-interfacultad-udd\/#breadcrumb","itemListElement":[{"@type":"ListItem","position":1,"name":"Home","item":"https:\/\/medicina.udd.cl\/fonoaudiologia-santiago\/"},{"@type":"ListItem","position":2,"name":"Acad\u00e9micas de Fonoaudiolog\u00eda y Psicolog\u00eda presentan Investigaci\u00f3n pionera en Lactancia Materna en seminario interfacultad UDD"}]},{"@type":"WebSite","@id":"https:\/\/medicina.udd.cl\/fonoaudiologia-santiago\/#website","url":"https:\/\/medicina.udd.cl\/fonoaudiologia-santiago\/","name":"Fonoaudiolog\u00eda","description":"Facultad de Medicina Cl\u00ednica Alemana Universidad del Desarrollo","inLanguage":"es"},{"@type":"Person","@id":"https:\/\/medicina.udd.cl\/fonoaudiologia-santiago\/#\/schema\/person\/dbc3705bf3a93e8be1ba6de0ef950341","name":"rbraidy","image":{"@type":"ImageObject","inLanguage":"es","@id":"https:\/\/medicina.udd.cl\/fonoaudiologia-santiago\/#\/schema\/person\/image\/","url":"https:\/\/secure.gravatar.com\/avatar\/0f8bc94637401590e45d2ce17eb65c274cb8870a219de6177f3f23e63fd8cdf3?s=96&d=mm&r=g","contentUrl":"https:\/\/secure.gravatar.com\/avatar\/0f8bc94637401590e45d2ce17eb65c274cb8870a219de6177f3f23e63fd8cdf3?s=96&d=mm&r=g","caption":"rbraidy"},"url":"https:\/\/medicina.udd.cl\/fonoaudiologia-santiago\/noticias\/author\/rbraidy\/"}]}},"featured_image_url":"https:\/\/medicina.udd.cl\/fonoaudiologia-santiago\/files\/2024\/06\/interfacultades_ibem_vst_ibem_vst-2481.jpg","_links":{"self":[{"href":"https:\/\/medicina.udd.cl\/fonoaudiologia-santiago\/wp-json\/wp\/v2\/posts\/6805","targetHints":{"allow":["GET"]}}],"collection":[{"href":"https:\/\/medicina.udd.cl\/fonoaudiologia-santiago\/wp-json\/wp\/v2\/posts"}],"about":[{"href":"https:\/\/medicina.udd.cl\/fonoaudiologia-santiago\/wp-json\/wp\/v2\/types\/post"}],"author":[{"embeddable":true,"href":"https:\/\/medicina.udd.cl\/fonoaudiologia-santiago\/wp-json\/wp\/v2\/users\/9192219"}],"replies":[{"embeddable":true,"href":"https:\/\/medicina.udd.cl\/fonoaudiologia-santiago\/wp-json\/wp\/v2\/comments?post=6805"}],"version-history":[{"count":2,"href":"https:\/\/medicina.udd.cl\/fonoaudiologia-santiago\/wp-json\/wp\/v2\/posts\/6805\/revisions"}],"predecessor-version":[{"id":6853,"href":"https:\/\/medicina.udd.cl\/fonoaudiologia-santiago\/wp-json\/wp\/v2\/posts\/6805\/revisions\/6853"}],"wp:featuredmedia":[{"embeddable":true,"href":"https:\/\/medicina.udd.cl\/fonoaudiologia-santiago\/wp-json\/wp\/v2\/media\/6835"}],"wp:attachment":[{"href":"https:\/\/medicina.udd.cl\/fonoaudiologia-santiago\/wp-json\/wp\/v2\/media?parent=6805"}],"wp:term":[{"taxonomy":"category","embeddable":true,"href":"https:\/\/medicina.udd.cl\/fonoaudiologia-santiago\/wp-json\/wp\/v2\/categories?post=6805"},{"taxonomy":"post_tag","embeddable":true,"href":"https:\/\/medicina.udd.cl\/fonoaudiologia-santiago\/wp-json\/wp\/v2\/tags?post=6805"}],"curies":[{"name":"wp","href":"https:\/\/api.w.org\/{rel}","templated":true}]}}