{"id":686,"date":"2011-09-20T11:51:59","date_gmt":"2011-09-20T14:51:59","guid":{"rendered":"http:\/\/medicina.udd.cl\/fonoaudiologia-santiago\/?p=686"},"modified":"2011-09-20T11:51:59","modified_gmt":"2011-09-20T14:51:59","slug":"alumnas-participaron-en-encuentro-con-el-papa-benedicto-xvi","status":"publish","type":"post","link":"https:\/\/medicina.udd.cl\/fonoaudiologia-santiago\/noticias\/2011\/09\/20\/alumnas-participaron-en-encuentro-con-el-papa-benedicto-xvi\/","title":{"rendered":"Alumnas participaron en encuentro con el Papa Benedicto XVI"},"content":{"rendered":"<p style=\"text-align: justify;\">Las alumnas de Fonoaudiolog\u00eda <strong>Ignacia Vergara<\/strong>, <strong>Daniela Morales<\/strong>, <strong>Consuelo Macera<\/strong>, <strong>Francisca Pinto<\/strong> y <strong>Bel\u00e9n Larra\u00edn<\/strong> asistieron a un encuentro con el Papa Benedicto XVI, en la ciudad de Roma.<\/p>\n<p style=\"text-align: justify;\">Luego de su visita, las estudiantes contaron\u00a0que se trat\u00f3 de una experiencia inolvidable donde, adem\u00e1s de convivir con otros j\u00f3venes y conocer culturas y lugares\u00a0que para muchas eran desconocidas, pudieron renovar su fe y su esp\u00edritu solidario.<\/p>\n<div id=\"gallery-1\" class=\"carousel slide carousel-gallery\" data-ride=\"false\" data-interval=\"false\"><div class=\"carousel-inner\" role=\"listbox\"><figure class=\"carousel-item active\"><img loading=\"lazy\" decoding=\"async\" width=\"712\" height=\"534\" src=\"https:\/\/medicina.udd.cl\/fonoaudiologia-santiago\/files\/2011\/09\/Roma-2.jpg\" class=\"attachment-landscape_952 size-landscape_952\" alt=\"\" srcset=\"https:\/\/medicina.udd.cl\/fonoaudiologia-santiago\/files\/2011\/09\/Roma-2.jpg 720w, https:\/\/medicina.udd.cl\/fonoaudiologia-santiago\/files\/2011\/09\/Roma-2-300x225.jpg 300w\" sizes=\"auto, (max-width: 712px) 100vw, 712px\" \/><\/figure><figure class=\"carousel-item\"><img loading=\"lazy\" decoding=\"async\" width=\"659\" height=\"458\" src=\"https:\/\/medicina.udd.cl\/fonoaudiologia-santiago\/files\/2011\/09\/Roma-1.jpg\" class=\"attachment-landscape_952 size-landscape_952\" alt=\"\" srcset=\"https:\/\/medicina.udd.cl\/fonoaudiologia-santiago\/files\/2011\/09\/Roma-1.jpg 659w, https:\/\/medicina.udd.cl\/fonoaudiologia-santiago\/files\/2011\/09\/Roma-1-300x208.jpg 300w, https:\/\/medicina.udd.cl\/fonoaudiologia-santiago\/files\/2011\/09\/Roma-1-365x255.jpg 365w\" sizes=\"auto, (max-width: 659px) 100vw, 659px\" \/><\/figure><\/div><footer class=\"carousel-footer\"><div class=\"carousel-counter\"><span class=\"carousel-counter-current\"><\/span> \/ <span class=\"carousel-counter-total\"><\/span><\/div><a class=\"carousel-control-prev\" href=\"#gallery-1\" role=\"button\" data-slide=\"prev\"><svg aria-hidden=\"true\" class=\"svg-chevron-left-dims\"><use xlink:href='https:\/\/medicina.udd.cl\/fonoaudiologia-santiago\/wp-content\/themes\/facultades-2018\/assets\/img\/svg\/dist\/main.svg?version=1695853099#chevron-left'><\/use><\/svg><span class=\"sr-only\">Anterior<\/span><\/a><a class=\"carousel-control-next\" href=\"#gallery-1\" role=\"button\" data-slide=\"next\"><svg aria-hidden=\"true\" class=\"svg-chevron-right-dims\"><use xlink:href='https:\/\/medicina.udd.cl\/fonoaudiologia-santiago\/wp-content\/themes\/facultades-2018\/assets\/img\/svg\/dist\/main.svg?version=1695853099#chevron-right'><\/use><\/svg><span class=\"sr-only\">Siguiente<\/span><\/a><\/footer><\/div>\n","protected":false},"excerpt":{"rendered":"<p>Las alumnas de Fonoaudiolog\u00eda Ignacia Vergara, Daniela Morales, Consuelo Macera, Francisca Pinto y Bel\u00e9n Larra\u00edn asistieron a un encuentro con el Papa Benedicto XVI, en la ciudad de Roma. Luego de su visita, las estudiantes contaron\u00a0que se trat\u00f3 de una experiencia inolvidable donde, adem\u00e1s de convivir con otros j\u00f3venes y conocer culturas y lugares\u00a0que para [&hellip;]<\/p>\n","protected":false},"author":1,"featured_media":0,"comment_status":"open","ping_status":"open","sticky":false,"template":"","format":"standard","meta":{"footnotes":""},"categories":[4],"tags":[],"class_list":["post-686","post","type-post","status-publish","format-standard","hentry","category-noticias"],"yoast_head":"<!-- This site is optimized with the Yoast SEO plugin v26.9 - https:\/\/yoast.com\/product\/yoast-seo-wordpress\/ -->\n<title>Alumnas participaron en encuentro con el Papa Benedicto XVI - Fonoaudiolog\u00eda<\/title>\n<meta name=\"robots\" content=\"index, follow, max-snippet:-1, max-image-preview:large, max-video-preview:-1\" \/>\n<link rel=\"canonical\" href=\"https:\/\/medicina.udd.cl\/fonoaudiologia-santiago\/noticias\/2011\/09\/20\/alumnas-participaron-en-encuentro-con-el-papa-benedicto-xvi\/\" \/>\n<meta property=\"og:locale\" content=\"es_ES\" \/>\n<meta property=\"og:type\" content=\"article\" \/>\n<meta property=\"og:title\" content=\"Alumnas participaron en encuentro con el Papa Benedicto XVI - Fonoaudiolog\u00eda\" \/>\n<meta property=\"og:description\" content=\"Las alumnas de Fonoaudiolog\u00eda Ignacia Vergara, Daniela Morales, Consuelo Macera, Francisca Pinto y Bel\u00e9n Larra\u00edn asistieron a un encuentro con el Papa Benedicto XVI, en la ciudad de Roma. Luego de su visita, las estudiantes contaron\u00a0que se trat\u00f3 de una experiencia inolvidable donde, adem\u00e1s de convivir con otros j\u00f3venes y conocer culturas y lugares\u00a0que para [&hellip;]\" \/>\n<meta property=\"og:url\" content=\"https:\/\/medicina.udd.cl\/fonoaudiologia-santiago\/noticias\/2011\/09\/20\/alumnas-participaron-en-encuentro-con-el-papa-benedicto-xvi\/\" \/>\n<meta property=\"og:site_name\" content=\"Fonoaudiolog\u00eda\" \/>\n<meta property=\"article:published_time\" content=\"2011-09-20T14:51:59+00:00\" \/>\n<meta property=\"og:image\" content=\"https:\/\/medicina.udd.cl\/fonoaudiologia-santiago\/files\/2011\/09\/Roma-2.jpg\" \/>\n<meta name=\"author\" content=\"admin\" \/>\n<meta name=\"twitter:label1\" content=\"Escrito por\" \/>\n\t<meta name=\"twitter:data1\" content=\"admin\" \/>\n<script type=\"application\/ld+json\" class=\"yoast-schema-graph\">{\"@context\":\"https:\/\/schema.org\",\"@graph\":[{\"@type\":\"Article\",\"@id\":\"https:\/\/medicina.udd.cl\/fonoaudiologia-santiago\/noticias\/2011\/09\/20\/alumnas-participaron-en-encuentro-con-el-papa-benedicto-xvi\/#article\",\"isPartOf\":{\"@id\":\"https:\/\/medicina.udd.cl\/fonoaudiologia-santiago\/noticias\/2011\/09\/20\/alumnas-participaron-en-encuentro-con-el-papa-benedicto-xvi\/\"},\"author\":{\"name\":\"admin\",\"@id\":\"https:\/\/medicina.udd.cl\/fonoaudiologia-santiago\/#\/schema\/person\/f7abfa784c86da427e89287831f96ab7\"},\"headline\":\"Alumnas participaron en encuentro con el Papa Benedicto XVI\",\"datePublished\":\"2011-09-20T14:51:59+00:00\",\"mainEntityOfPage\":{\"@id\":\"https:\/\/medicina.udd.cl\/fonoaudiologia-santiago\/noticias\/2011\/09\/20\/alumnas-participaron-en-encuentro-con-el-papa-benedicto-xvi\/\"},\"wordCount\":86,\"commentCount\":0,\"articleSection\":[\"Noticias\"],\"inLanguage\":\"es\",\"potentialAction\":[{\"@type\":\"CommentAction\",\"name\":\"Comment\",\"target\":[\"https:\/\/medicina.udd.cl\/fonoaudiologia-santiago\/noticias\/2011\/09\/20\/alumnas-participaron-en-encuentro-con-el-papa-benedicto-xvi\/#respond\"]}]},{\"@type\":\"WebPage\",\"@id\":\"https:\/\/medicina.udd.cl\/fonoaudiologia-santiago\/noticias\/2011\/09\/20\/alumnas-participaron-en-encuentro-con-el-papa-benedicto-xvi\/\",\"url\":\"https:\/\/medicina.udd.cl\/fonoaudiologia-santiago\/noticias\/2011\/09\/20\/alumnas-participaron-en-encuentro-con-el-papa-benedicto-xvi\/\",\"name\":\"Alumnas participaron en encuentro con el Papa Benedicto XVI - Fonoaudiolog\u00eda\",\"isPartOf\":{\"@id\":\"https:\/\/medicina.udd.cl\/fonoaudiologia-santiago\/#website\"},\"datePublished\":\"2011-09-20T14:51:59+00:00\",\"author\":{\"@id\":\"https:\/\/medicina.udd.cl\/fonoaudiologia-santiago\/#\/schema\/person\/f7abfa784c86da427e89287831f96ab7\"},\"breadcrumb\":{\"@id\":\"https:\/\/medicina.udd.cl\/fonoaudiologia-santiago\/noticias\/2011\/09\/20\/alumnas-participaron-en-encuentro-con-el-papa-benedicto-xvi\/#breadcrumb\"},\"inLanguage\":\"es\",\"potentialAction\":[{\"@type\":\"ReadAction\",\"target\":[\"https:\/\/medicina.udd.cl\/fonoaudiologia-santiago\/noticias\/2011\/09\/20\/alumnas-participaron-en-encuentro-con-el-papa-benedicto-xvi\/\"]}]},{\"@type\":\"BreadcrumbList\",\"@id\":\"https:\/\/medicina.udd.cl\/fonoaudiologia-santiago\/noticias\/2011\/09\/20\/alumnas-participaron-en-encuentro-con-el-papa-benedicto-xvi\/#breadcrumb\",\"itemListElement\":[{\"@type\":\"ListItem\",\"position\":1,\"name\":\"Home\",\"item\":\"https:\/\/medicina.udd.cl\/fonoaudiologia-santiago\/\"},{\"@type\":\"ListItem\",\"position\":2,\"name\":\"Alumnas participaron en encuentro con el Papa Benedicto XVI\"}]},{\"@type\":\"WebSite\",\"@id\":\"https:\/\/medicina.udd.cl\/fonoaudiologia-santiago\/#website\",\"url\":\"https:\/\/medicina.udd.cl\/fonoaudiologia-santiago\/\",\"name\":\"Fonoaudiolog\u00eda\",\"description\":\"Facultad de Medicina Cl\u00ednica Alemana Universidad del Desarrollo\",\"inLanguage\":\"es\"},{\"@type\":\"Person\",\"@id\":\"https:\/\/medicina.udd.cl\/fonoaudiologia-santiago\/#\/schema\/person\/f7abfa784c86da427e89287831f96ab7\",\"name\":\"admin\",\"image\":{\"@type\":\"ImageObject\",\"inLanguage\":\"es\",\"@id\":\"https:\/\/medicina.udd.cl\/fonoaudiologia-santiago\/#\/schema\/person\/image\/\",\"url\":\"https:\/\/secure.gravatar.com\/avatar\/3cb6da298954dfb54457c0910b8c9ca010abd8d87a60f7d701b6ce4254e1c642?s=96&d=mm&r=g\",\"contentUrl\":\"https:\/\/secure.gravatar.com\/avatar\/3cb6da298954dfb54457c0910b8c9ca010abd8d87a60f7d701b6ce4254e1c642?s=96&d=mm&r=g\",\"caption\":\"admin\"},\"url\":\"https:\/\/medicina.udd.cl\/fonoaudiologia-santiago\/noticias\/author\/admin\/\"}]}<\/script>\n<!-- \/ Yoast SEO plugin. -->","yoast_head_json":{"title":"Alumnas participaron en encuentro con el Papa Benedicto XVI - Fonoaudiolog\u00eda","robots":{"index":"index","follow":"follow","max-snippet":"max-snippet:-1","max-image-preview":"max-image-preview:large","max-video-preview":"max-video-preview:-1"},"canonical":"https:\/\/medicina.udd.cl\/fonoaudiologia-santiago\/noticias\/2011\/09\/20\/alumnas-participaron-en-encuentro-con-el-papa-benedicto-xvi\/","og_locale":"es_ES","og_type":"article","og_title":"Alumnas participaron en encuentro con el Papa Benedicto XVI - Fonoaudiolog\u00eda","og_description":"Las alumnas de Fonoaudiolog\u00eda Ignacia Vergara, Daniela Morales, Consuelo Macera, Francisca Pinto y Bel\u00e9n Larra\u00edn asistieron a un encuentro con el Papa Benedicto XVI, en la ciudad de Roma. Luego de su visita, las estudiantes contaron\u00a0que se trat\u00f3 de una experiencia inolvidable donde, adem\u00e1s de convivir con otros j\u00f3venes y conocer culturas y lugares\u00a0que para [&hellip;]","og_url":"https:\/\/medicina.udd.cl\/fonoaudiologia-santiago\/noticias\/2011\/09\/20\/alumnas-participaron-en-encuentro-con-el-papa-benedicto-xvi\/","og_site_name":"Fonoaudiolog\u00eda","article_published_time":"2011-09-20T14:51:59+00:00","og_image":[{"url":"https:\/\/medicina.udd.cl\/fonoaudiologia-santiago\/files\/2011\/09\/Roma-2.jpg","type":"","width":"","height":""}],"author":"admin","twitter_misc":{"Escrito por":"admin"},"schema":{"@context":"https:\/\/schema.org","@graph":[{"@type":"Article","@id":"https:\/\/medicina.udd.cl\/fonoaudiologia-santiago\/noticias\/2011\/09\/20\/alumnas-participaron-en-encuentro-con-el-papa-benedicto-xvi\/#article","isPartOf":{"@id":"https:\/\/medicina.udd.cl\/fonoaudiologia-santiago\/noticias\/2011\/09\/20\/alumnas-participaron-en-encuentro-con-el-papa-benedicto-xvi\/"},"author":{"name":"admin","@id":"https:\/\/medicina.udd.cl\/fonoaudiologia-santiago\/#\/schema\/person\/f7abfa784c86da427e89287831f96ab7"},"headline":"Alumnas participaron en encuentro con el Papa Benedicto XVI","datePublished":"2011-09-20T14:51:59+00:00","mainEntityOfPage":{"@id":"https:\/\/medicina.udd.cl\/fonoaudiologia-santiago\/noticias\/2011\/09\/20\/alumnas-participaron-en-encuentro-con-el-papa-benedicto-xvi\/"},"wordCount":86,"commentCount":0,"articleSection":["Noticias"],"inLanguage":"es","potentialAction":[{"@type":"CommentAction","name":"Comment","target":["https:\/\/medicina.udd.cl\/fonoaudiologia-santiago\/noticias\/2011\/09\/20\/alumnas-participaron-en-encuentro-con-el-papa-benedicto-xvi\/#respond"]}]},{"@type":"WebPage","@id":"https:\/\/medicina.udd.cl\/fonoaudiologia-santiago\/noticias\/2011\/09\/20\/alumnas-participaron-en-encuentro-con-el-papa-benedicto-xvi\/","url":"https:\/\/medicina.udd.cl\/fonoaudiologia-santiago\/noticias\/2011\/09\/20\/alumnas-participaron-en-encuentro-con-el-papa-benedicto-xvi\/","name":"Alumnas participaron en encuentro con el Papa Benedicto XVI - Fonoaudiolog\u00eda","isPartOf":{"@id":"https:\/\/medicina.udd.cl\/fonoaudiologia-santiago\/#website"},"datePublished":"2011-09-20T14:51:59+00:00","author":{"@id":"https:\/\/medicina.udd.cl\/fonoaudiologia-santiago\/#\/schema\/person\/f7abfa784c86da427e89287831f96ab7"},"breadcrumb":{"@id":"https:\/\/medicina.udd.cl\/fonoaudiologia-santiago\/noticias\/2011\/09\/20\/alumnas-participaron-en-encuentro-con-el-papa-benedicto-xvi\/#breadcrumb"},"inLanguage":"es","potentialAction":[{"@type":"ReadAction","target":["https:\/\/medicina.udd.cl\/fonoaudiologia-santiago\/noticias\/2011\/09\/20\/alumnas-participaron-en-encuentro-con-el-papa-benedicto-xvi\/"]}]},{"@type":"BreadcrumbList","@id":"https:\/\/medicina.udd.cl\/fonoaudiologia-santiago\/noticias\/2011\/09\/20\/alumnas-participaron-en-encuentro-con-el-papa-benedicto-xvi\/#breadcrumb","itemListElement":[{"@type":"ListItem","position":1,"name":"Home","item":"https:\/\/medicina.udd.cl\/fonoaudiologia-santiago\/"},{"@type":"ListItem","position":2,"name":"Alumnas participaron en encuentro con el Papa Benedicto XVI"}]},{"@type":"WebSite","@id":"https:\/\/medicina.udd.cl\/fonoaudiologia-santiago\/#website","url":"https:\/\/medicina.udd.cl\/fonoaudiologia-santiago\/","name":"Fonoaudiolog\u00eda","description":"Facultad de Medicina Cl\u00ednica Alemana Universidad del Desarrollo","inLanguage":"es"},{"@type":"Person","@id":"https:\/\/medicina.udd.cl\/fonoaudiologia-santiago\/#\/schema\/person\/f7abfa784c86da427e89287831f96ab7","name":"admin","image":{"@type":"ImageObject","inLanguage":"es","@id":"https:\/\/medicina.udd.cl\/fonoaudiologia-santiago\/#\/schema\/person\/image\/","url":"https:\/\/secure.gravatar.com\/avatar\/3cb6da298954dfb54457c0910b8c9ca010abd8d87a60f7d701b6ce4254e1c642?s=96&d=mm&r=g","contentUrl":"https:\/\/secure.gravatar.com\/avatar\/3cb6da298954dfb54457c0910b8c9ca010abd8d87a60f7d701b6ce4254e1c642?s=96&d=mm&r=g","caption":"admin"},"url":"https:\/\/medicina.udd.cl\/fonoaudiologia-santiago\/noticias\/author\/admin\/"}]}},"featured_image_url":null,"_links":{"self":[{"href":"https:\/\/medicina.udd.cl\/fonoaudiologia-santiago\/wp-json\/wp\/v2\/posts\/686","targetHints":{"allow":["GET"]}}],"collection":[{"href":"https:\/\/medicina.udd.cl\/fonoaudiologia-santiago\/wp-json\/wp\/v2\/posts"}],"about":[{"href":"https:\/\/medicina.udd.cl\/fonoaudiologia-santiago\/wp-json\/wp\/v2\/types\/post"}],"author":[{"embeddable":true,"href":"https:\/\/medicina.udd.cl\/fonoaudiologia-santiago\/wp-json\/wp\/v2\/users\/1"}],"replies":[{"embeddable":true,"href":"https:\/\/medicina.udd.cl\/fonoaudiologia-santiago\/wp-json\/wp\/v2\/comments?post=686"}],"version-history":[{"count":1,"href":"https:\/\/medicina.udd.cl\/fonoaudiologia-santiago\/wp-json\/wp\/v2\/posts\/686\/revisions"}],"predecessor-version":[{"id":689,"href":"https:\/\/medicina.udd.cl\/fonoaudiologia-santiago\/wp-json\/wp\/v2\/posts\/686\/revisions\/689"}],"wp:attachment":[{"href":"https:\/\/medicina.udd.cl\/fonoaudiologia-santiago\/wp-json\/wp\/v2\/media?parent=686"}],"wp:term":[{"taxonomy":"category","embeddable":true,"href":"https:\/\/medicina.udd.cl\/fonoaudiologia-santiago\/wp-json\/wp\/v2\/categories?post=686"},{"taxonomy":"post_tag","embeddable":true,"href":"https:\/\/medicina.udd.cl\/fonoaudiologia-santiago\/wp-json\/wp\/v2\/tags?post=686"}],"curies":[{"name":"wp","href":"https:\/\/api.w.org\/{rel}","templated":true}]}}