{"id":6862,"date":"2024-07-22T15:08:08","date_gmt":"2024-07-22T19:08:08","guid":{"rendered":"https:\/\/medicina.udd.cl\/fonoaudiologia-santiago\/?p=6862"},"modified":"2024-07-22T17:06:19","modified_gmt":"2024-07-22T21:06:19","slug":"fonoaudiologia-udd-realiza-taller-de-otoscopia-y-lavado-de-oidos-un-exito-en-capacitacion-y-atencion-a-la-comunidad","status":"publish","type":"post","link":"https:\/\/medicina.udd.cl\/fonoaudiologia-santiago\/noticias\/2024\/07\/22\/fonoaudiologia-udd-realiza-taller-de-otoscopia-y-lavado-de-oidos-un-exito-en-capacitacion-y-atencion-a-la-comunidad\/","title":{"rendered":"Fonoaudiolog\u00eda UDD realiza Taller de Otoscopia y Lavado de O\u00eddos: Un \u00e9xito en capacitaci\u00f3n y atenci\u00f3n a la comunidad"},"content":{"rendered":"\n<figure class=\"wp-block-gallery has-nested-images columns-default is-cropped wp-block-gallery-1 is-layout-flex wp-block-gallery-is-layout-flex\">\n<figure class=\"wp-block-image size-large\"><a href=\"https:\/\/medicina.udd.cl\/fonoaudiologia-santiago\/files\/2024\/07\/fono-ii-taller-de-otoscopia-y-lavado-de-oidos-funcionarios-11-scaled.jpg\"><img loading=\"lazy\" decoding=\"async\" width=\"1024\" height=\"768\" data-id=\"6889\" src=\"https:\/\/medicina.udd.cl\/fonoaudiologia-santiago\/files\/2024\/07\/fono-ii-taller-de-otoscopia-y-lavado-de-oidos-funcionarios-11-1024x768.jpg\" alt=\"\" class=\"wp-image-6889\" srcset=\"https:\/\/medicina.udd.cl\/fonoaudiologia-santiago\/files\/2024\/07\/fono-ii-taller-de-otoscopia-y-lavado-de-oidos-funcionarios-11-1024x768.jpg 1024w, https:\/\/medicina.udd.cl\/fonoaudiologia-santiago\/files\/2024\/07\/fono-ii-taller-de-otoscopia-y-lavado-de-oidos-funcionarios-11-300x225.jpg 300w, https:\/\/medicina.udd.cl\/fonoaudiologia-santiago\/files\/2024\/07\/fono-ii-taller-de-otoscopia-y-lavado-de-oidos-funcionarios-11-768x576.jpg 768w, https:\/\/medicina.udd.cl\/fonoaudiologia-santiago\/files\/2024\/07\/fono-ii-taller-de-otoscopia-y-lavado-de-oidos-funcionarios-11-1536x1152.jpg 1536w, https:\/\/medicina.udd.cl\/fonoaudiologia-santiago\/files\/2024\/07\/fono-ii-taller-de-otoscopia-y-lavado-de-oidos-funcionarios-11-2048x1536.jpg 2048w\" sizes=\"auto, (max-width: 1024px) 100vw, 1024px\" \/><\/a><\/figure>\n\n\n\n<figure class=\"wp-block-image size-large\"><a href=\"https:\/\/medicina.udd.cl\/fonoaudiologia-santiago\/files\/2024\/07\/fono-ii-taller-de-otoscopia-y-lavado-de-oidos-funcionarios-9-scaled.jpg\"><img loading=\"lazy\" decoding=\"async\" width=\"1024\" height=\"768\" data-id=\"6883\" src=\"https:\/\/medicina.udd.cl\/fonoaudiologia-santiago\/files\/2024\/07\/fono-ii-taller-de-otoscopia-y-lavado-de-oidos-funcionarios-9-1024x768.jpg\" alt=\"\" class=\"wp-image-6883\" srcset=\"https:\/\/medicina.udd.cl\/fonoaudiologia-santiago\/files\/2024\/07\/fono-ii-taller-de-otoscopia-y-lavado-de-oidos-funcionarios-9-1024x768.jpg 1024w, https:\/\/medicina.udd.cl\/fonoaudiologia-santiago\/files\/2024\/07\/fono-ii-taller-de-otoscopia-y-lavado-de-oidos-funcionarios-9-300x225.jpg 300w, https:\/\/medicina.udd.cl\/fonoaudiologia-santiago\/files\/2024\/07\/fono-ii-taller-de-otoscopia-y-lavado-de-oidos-funcionarios-9-768x576.jpg 768w, https:\/\/medicina.udd.cl\/fonoaudiologia-santiago\/files\/2024\/07\/fono-ii-taller-de-otoscopia-y-lavado-de-oidos-funcionarios-9-1536x1152.jpg 1536w, https:\/\/medicina.udd.cl\/fonoaudiologia-santiago\/files\/2024\/07\/fono-ii-taller-de-otoscopia-y-lavado-de-oidos-funcionarios-9-2048x1536.jpg 2048w\" sizes=\"auto, (max-width: 1024px) 100vw, 1024px\" \/><\/a><\/figure>\n\n\n\n<figure class=\"wp-block-image size-large\"><a href=\"https:\/\/medicina.udd.cl\/fonoaudiologia-santiago\/files\/2024\/07\/fono-ii-taller-de-otoscopia-y-lavado-de-oidos-funcionarios-8-scaled.jpg\"><img loading=\"lazy\" decoding=\"async\" width=\"768\" height=\"1024\" data-id=\"6880\" src=\"https:\/\/medicina.udd.cl\/fonoaudiologia-santiago\/files\/2024\/07\/fono-ii-taller-de-otoscopia-y-lavado-de-oidos-funcionarios-8-768x1024.jpg\" alt=\"\" class=\"wp-image-6880\" srcset=\"https:\/\/medicina.udd.cl\/fonoaudiologia-santiago\/files\/2024\/07\/fono-ii-taller-de-otoscopia-y-lavado-de-oidos-funcionarios-8-768x1024.jpg 768w, https:\/\/medicina.udd.cl\/fonoaudiologia-santiago\/files\/2024\/07\/fono-ii-taller-de-otoscopia-y-lavado-de-oidos-funcionarios-8-225x300.jpg 225w, https:\/\/medicina.udd.cl\/fonoaudiologia-santiago\/files\/2024\/07\/fono-ii-taller-de-otoscopia-y-lavado-de-oidos-funcionarios-8-1152x1536.jpg 1152w, https:\/\/medicina.udd.cl\/fonoaudiologia-santiago\/files\/2024\/07\/fono-ii-taller-de-otoscopia-y-lavado-de-oidos-funcionarios-8-1536x2048.jpg 1536w, https:\/\/medicina.udd.cl\/fonoaudiologia-santiago\/files\/2024\/07\/fono-ii-taller-de-otoscopia-y-lavado-de-oidos-funcionarios-8-scaled.jpg 1920w\" sizes=\"auto, (max-width: 768px) 100vw, 768px\" \/><\/a><\/figure>\n\n\n\n<figure class=\"wp-block-image size-large\"><a href=\"https:\/\/medicina.udd.cl\/fonoaudiologia-santiago\/files\/2024\/07\/fono-ii-taller-de-otoscopia-y-lavado-de-oidos-funcionarios-5-scaled.jpg\"><img loading=\"lazy\" decoding=\"async\" width=\"1024\" height=\"768\" data-id=\"6871\" src=\"https:\/\/medicina.udd.cl\/fonoaudiologia-santiago\/files\/2024\/07\/fono-ii-taller-de-otoscopia-y-lavado-de-oidos-funcionarios-5-1024x768.jpg\" alt=\"\" class=\"wp-image-6871\" srcset=\"https:\/\/medicina.udd.cl\/fonoaudiologia-santiago\/files\/2024\/07\/fono-ii-taller-de-otoscopia-y-lavado-de-oidos-funcionarios-5-1024x768.jpg 1024w, https:\/\/medicina.udd.cl\/fonoaudiologia-santiago\/files\/2024\/07\/fono-ii-taller-de-otoscopia-y-lavado-de-oidos-funcionarios-5-300x225.jpg 300w, https:\/\/medicina.udd.cl\/fonoaudiologia-santiago\/files\/2024\/07\/fono-ii-taller-de-otoscopia-y-lavado-de-oidos-funcionarios-5-768x576.jpg 768w, https:\/\/medicina.udd.cl\/fonoaudiologia-santiago\/files\/2024\/07\/fono-ii-taller-de-otoscopia-y-lavado-de-oidos-funcionarios-5-1536x1152.jpg 1536w, https:\/\/medicina.udd.cl\/fonoaudiologia-santiago\/files\/2024\/07\/fono-ii-taller-de-otoscopia-y-lavado-de-oidos-funcionarios-5-2048x1536.jpg 2048w\" sizes=\"auto, (max-width: 1024px) 100vw, 1024px\" \/><\/a><\/figure>\n<\/figure>\n\n\n\n<p>El pasado viernes 19 de julio, acad\u00e9micas del \u00c1rea de Audiolog\u00eda de la carrera de Fonoaudiolog\u00eda de la Facultad de Medicina Cl\u00ednica Alemana Universidad del Desarrollo (UDD), Flga. Pamela Tomicic y Flga. Mar\u00eda Ignacia Mart\u00ednez, llevaron a cabo un taller de Otoscopia y Lavado de O\u00eddos para 16 funcionarios del \u00e1rea de Salud de la Red Metropolitana Sur, espec\u00edficamente de las comunas de La Granja, San Ram\u00f3n y La Pintana. Esta actividad, enfocada en la responsabilidad p\u00fablica y la vinculaci\u00f3n con el medio, tuvo lugar en el campus Rector Ernesto Silva Bafalluy.<\/p>\n\n\n\n<p>Durante el encuentro, los profesionales de salud fueron capacitados en la realizaci\u00f3n de otoscopia y lavado de o\u00eddos con pacientes reales, bajo la supervisi\u00f3n de las docentes. Se puso especial \u00e9nfasis en la seguridad y eficacia del procedimiento para la poblaci\u00f3n que presenta esta patolog\u00eda.<\/p>\n\n\n\n<p>El taller cont\u00f3 adem\u00e1s con la participaci\u00f3n de la Dra. Marcela Castillo, otorrinolaring\u00f3loga y decana de la Facultad de Medicina Cl\u00ednica Alemana UDD, quien ofreci\u00f3 una clase magistral sobre las contraindicaciones del lavado de o\u00eddos.<\/p>\n\n\n\n<p><em>\u00abEl tap\u00f3n de cerumen es una patolog\u00eda muy frecuente que afecta a una importante cantidad de la poblaci\u00f3n. Esta situaci\u00f3n es de f\u00e1cil resoluci\u00f3n, sin embargo, es crucial capacitarse y entrenarse en un buen procedimiento, ya que, si bien es sencillo, puede traer complicaciones serias para la salud del paciente si se realiza incorrectamente o en pacientes inapropiados\u00bb<\/em>, destacaron las acad\u00e9micas Pamela Tomicic y Mar\u00eda Ignacia Mart\u00ednez.<\/p>\n\n\n\n<p>Con una asistencia completa, el taller no solo capacit\u00f3 a los profesionales, sino que tambi\u00e9n benefici\u00f3 directamente a la comunidad. Pacientes de los CESFAM de La Granja, San Ram\u00f3n y La Pintana fueron atendidos, lo que ayud\u00f3 a reducir la lista de espera en estas comunas.<\/p>\n\n\n\n<p>El taller concluy\u00f3 con \u00e9xito, proporcionando a los participantes las herramientas necesarias para abordar una patolog\u00eda que afecta a un porcentaje significativo de la poblaci\u00f3n.<\/p>\n\n\n\n<p>La segunda versi\u00f3n de este taller se llevar\u00e1 a cabo el pr\u00f3ximo 2 de agosto. Est\u00e1 dirigido a fonoaudi\u00f3logos y profesionales del \u00e1rea de la salud, titulados de instituciones de educaci\u00f3n superior chilenas o extranjeras, as\u00ed como a estudiantes de quinto a\u00f1o de carreras del \u00e1rea de la salud.&nbsp;<a href=\"https:\/\/medicina.udd.cl\/ver-curso\/taller-de-otoscopia-y-lavado-de-oidos-2\/\"><strong>[M\u00e1s informaci\u00f3n: II Versi\u00f3n del Taller de Otoscopia y Lavado de O\u00eddos].<\/strong><\/a><\/p>\n\n\n\n<figure class=\"wp-block-gallery has-nested-images columns-default is-cropped wp-block-gallery-2 is-layout-flex wp-block-gallery-is-layout-flex\">\n<figure class=\"wp-block-image size-large\"><a href=\"https:\/\/medicina.udd.cl\/fonoaudiologia-santiago\/files\/2024\/07\/fono-ii-taller-de-otoscopia-y-lavado-de-oidos-funcionarios-23-scaled.jpg\"><img loading=\"lazy\" decoding=\"async\" width=\"1024\" height=\"768\" data-id=\"6907\" src=\"https:\/\/medicina.udd.cl\/fonoaudiologia-santiago\/files\/2024\/07\/fono-ii-taller-de-otoscopia-y-lavado-de-oidos-funcionarios-23-1024x768.jpg\" alt=\"\" class=\"wp-image-6907\" srcset=\"https:\/\/medicina.udd.cl\/fonoaudiologia-santiago\/files\/2024\/07\/fono-ii-taller-de-otoscopia-y-lavado-de-oidos-funcionarios-23-1024x768.jpg 1024w, https:\/\/medicina.udd.cl\/fonoaudiologia-santiago\/files\/2024\/07\/fono-ii-taller-de-otoscopia-y-lavado-de-oidos-funcionarios-23-300x225.jpg 300w, https:\/\/medicina.udd.cl\/fonoaudiologia-santiago\/files\/2024\/07\/fono-ii-taller-de-otoscopia-y-lavado-de-oidos-funcionarios-23-768x576.jpg 768w, https:\/\/medicina.udd.cl\/fonoaudiologia-santiago\/files\/2024\/07\/fono-ii-taller-de-otoscopia-y-lavado-de-oidos-funcionarios-23-1536x1152.jpg 1536w, https:\/\/medicina.udd.cl\/fonoaudiologia-santiago\/files\/2024\/07\/fono-ii-taller-de-otoscopia-y-lavado-de-oidos-funcionarios-23-2048x1536.jpg 2048w\" sizes=\"auto, (max-width: 1024px) 100vw, 1024px\" \/><\/a><\/figure>\n\n\n\n<figure class=\"wp-block-image size-large\"><a href=\"https:\/\/medicina.udd.cl\/fonoaudiologia-santiago\/files\/2024\/07\/fono-ii-taller-de-otoscopia-y-lavado-de-oidos-funcionarios-19-scaled.jpg\"><img loading=\"lazy\" decoding=\"async\" width=\"1024\" height=\"768\" data-id=\"6901\" src=\"https:\/\/medicina.udd.cl\/fonoaudiologia-santiago\/files\/2024\/07\/fono-ii-taller-de-otoscopia-y-lavado-de-oidos-funcionarios-19-1024x768.jpg\" alt=\"\" class=\"wp-image-6901\" srcset=\"https:\/\/medicina.udd.cl\/fonoaudiologia-santiago\/files\/2024\/07\/fono-ii-taller-de-otoscopia-y-lavado-de-oidos-funcionarios-19-1024x768.jpg 1024w, https:\/\/medicina.udd.cl\/fonoaudiologia-santiago\/files\/2024\/07\/fono-ii-taller-de-otoscopia-y-lavado-de-oidos-funcionarios-19-300x225.jpg 300w, https:\/\/medicina.udd.cl\/fonoaudiologia-santiago\/files\/2024\/07\/fono-ii-taller-de-otoscopia-y-lavado-de-oidos-funcionarios-19-768x576.jpg 768w, https:\/\/medicina.udd.cl\/fonoaudiologia-santiago\/files\/2024\/07\/fono-ii-taller-de-otoscopia-y-lavado-de-oidos-funcionarios-19-1536x1152.jpg 1536w, https:\/\/medicina.udd.cl\/fonoaudiologia-santiago\/files\/2024\/07\/fono-ii-taller-de-otoscopia-y-lavado-de-oidos-funcionarios-19-2048x1536.jpg 2048w\" sizes=\"auto, (max-width: 1024px) 100vw, 1024px\" \/><\/a><\/figure>\n\n\n\n<figure class=\"wp-block-image size-large\"><a href=\"https:\/\/medicina.udd.cl\/fonoaudiologia-santiago\/files\/2024\/07\/fono-ii-taller-de-otoscopia-y-lavado-de-oidos-funcionarios-12-scaled.jpg\"><img loading=\"lazy\" decoding=\"async\" width=\"1024\" height=\"768\" data-id=\"6892\" src=\"https:\/\/medicina.udd.cl\/fonoaudiologia-santiago\/files\/2024\/07\/fono-ii-taller-de-otoscopia-y-lavado-de-oidos-funcionarios-12-1024x768.jpg\" alt=\"\" class=\"wp-image-6892\" srcset=\"https:\/\/medicina.udd.cl\/fonoaudiologia-santiago\/files\/2024\/07\/fono-ii-taller-de-otoscopia-y-lavado-de-oidos-funcionarios-12-1024x768.jpg 1024w, https:\/\/medicina.udd.cl\/fonoaudiologia-santiago\/files\/2024\/07\/fono-ii-taller-de-otoscopia-y-lavado-de-oidos-funcionarios-12-300x225.jpg 300w, https:\/\/medicina.udd.cl\/fonoaudiologia-santiago\/files\/2024\/07\/fono-ii-taller-de-otoscopia-y-lavado-de-oidos-funcionarios-12-768x576.jpg 768w, https:\/\/medicina.udd.cl\/fonoaudiologia-santiago\/files\/2024\/07\/fono-ii-taller-de-otoscopia-y-lavado-de-oidos-funcionarios-12-1536x1152.jpg 1536w, https:\/\/medicina.udd.cl\/fonoaudiologia-santiago\/files\/2024\/07\/fono-ii-taller-de-otoscopia-y-lavado-de-oidos-funcionarios-12-2048x1536.jpg 2048w\" sizes=\"auto, (max-width: 1024px) 100vw, 1024px\" \/><\/a><\/figure>\n\n\n\n<figure class=\"wp-block-image size-large\"><a href=\"https:\/\/medicina.udd.cl\/fonoaudiologia-santiago\/files\/2024\/07\/fono-ii-taller-de-otoscopia-y-lavado-de-oidos-funcionarios-4-scaled.jpg\"><img loading=\"lazy\" decoding=\"async\" width=\"1024\" height=\"768\" data-id=\"6868\" src=\"https:\/\/medicina.udd.cl\/fonoaudiologia-santiago\/files\/2024\/07\/fono-ii-taller-de-otoscopia-y-lavado-de-oidos-funcionarios-4-1024x768.jpg\" alt=\"\" class=\"wp-image-6868\" srcset=\"https:\/\/medicina.udd.cl\/fonoaudiologia-santiago\/files\/2024\/07\/fono-ii-taller-de-otoscopia-y-lavado-de-oidos-funcionarios-4-1024x768.jpg 1024w, https:\/\/medicina.udd.cl\/fonoaudiologia-santiago\/files\/2024\/07\/fono-ii-taller-de-otoscopia-y-lavado-de-oidos-funcionarios-4-300x225.jpg 300w, https:\/\/medicina.udd.cl\/fonoaudiologia-santiago\/files\/2024\/07\/fono-ii-taller-de-otoscopia-y-lavado-de-oidos-funcionarios-4-768x576.jpg 768w, https:\/\/medicina.udd.cl\/fonoaudiologia-santiago\/files\/2024\/07\/fono-ii-taller-de-otoscopia-y-lavado-de-oidos-funcionarios-4-1536x1152.jpg 1536w, https:\/\/medicina.udd.cl\/fonoaudiologia-santiago\/files\/2024\/07\/fono-ii-taller-de-otoscopia-y-lavado-de-oidos-funcionarios-4-2048x1536.jpg 2048w\" sizes=\"auto, (max-width: 1024px) 100vw, 1024px\" \/><\/a><\/figure>\n\n\n\n<figure class=\"wp-block-image size-large\"><a href=\"https:\/\/medicina.udd.cl\/fonoaudiologia-santiago\/files\/2024\/07\/fono-ii-taller-de-otoscopia-y-lavado-de-oidos-funcionarios-10-scaled.jpg\"><img loading=\"lazy\" decoding=\"async\" width=\"768\" height=\"1024\" data-id=\"6886\" src=\"https:\/\/medicina.udd.cl\/fonoaudiologia-santiago\/files\/2024\/07\/fono-ii-taller-de-otoscopia-y-lavado-de-oidos-funcionarios-10-768x1024.jpg\" alt=\"\" class=\"wp-image-6886\" srcset=\"https:\/\/medicina.udd.cl\/fonoaudiologia-santiago\/files\/2024\/07\/fono-ii-taller-de-otoscopia-y-lavado-de-oidos-funcionarios-10-768x1024.jpg 768w, https:\/\/medicina.udd.cl\/fonoaudiologia-santiago\/files\/2024\/07\/fono-ii-taller-de-otoscopia-y-lavado-de-oidos-funcionarios-10-225x300.jpg 225w, https:\/\/medicina.udd.cl\/fonoaudiologia-santiago\/files\/2024\/07\/fono-ii-taller-de-otoscopia-y-lavado-de-oidos-funcionarios-10-1152x1536.jpg 1152w, https:\/\/medicina.udd.cl\/fonoaudiologia-santiago\/files\/2024\/07\/fono-ii-taller-de-otoscopia-y-lavado-de-oidos-funcionarios-10-1536x2048.jpg 1536w, https:\/\/medicina.udd.cl\/fonoaudiologia-santiago\/files\/2024\/07\/fono-ii-taller-de-otoscopia-y-lavado-de-oidos-funcionarios-10-scaled.jpg 1920w\" sizes=\"auto, (max-width: 768px) 100vw, 768px\" \/><\/a><\/figure>\n\n\n\n<figure class=\"wp-block-image size-large\"><a href=\"https:\/\/medicina.udd.cl\/fonoaudiologia-santiago\/files\/2024\/07\/fono-ii-taller-de-otoscopia-y-lavado-de-oidos-funcionarios-3-scaled.jpg\"><img loading=\"lazy\" decoding=\"async\" width=\"1024\" height=\"768\" data-id=\"6865\" src=\"https:\/\/medicina.udd.cl\/fonoaudiologia-santiago\/files\/2024\/07\/fono-ii-taller-de-otoscopia-y-lavado-de-oidos-funcionarios-3-1024x768.jpg\" alt=\"\" class=\"wp-image-6865\" srcset=\"https:\/\/medicina.udd.cl\/fonoaudiologia-santiago\/files\/2024\/07\/fono-ii-taller-de-otoscopia-y-lavado-de-oidos-funcionarios-3-1024x768.jpg 1024w, https:\/\/medicina.udd.cl\/fonoaudiologia-santiago\/files\/2024\/07\/fono-ii-taller-de-otoscopia-y-lavado-de-oidos-funcionarios-3-300x225.jpg 300w, https:\/\/medicina.udd.cl\/fonoaudiologia-santiago\/files\/2024\/07\/fono-ii-taller-de-otoscopia-y-lavado-de-oidos-funcionarios-3-768x576.jpg 768w, https:\/\/medicina.udd.cl\/fonoaudiologia-santiago\/files\/2024\/07\/fono-ii-taller-de-otoscopia-y-lavado-de-oidos-funcionarios-3-1536x1152.jpg 1536w, https:\/\/medicina.udd.cl\/fonoaudiologia-santiago\/files\/2024\/07\/fono-ii-taller-de-otoscopia-y-lavado-de-oidos-funcionarios-3-2048x1536.jpg 2048w\" sizes=\"auto, (max-width: 1024px) 100vw, 1024px\" \/><\/a><\/figure>\n\n\n\n<figure class=\"wp-block-image size-large\"><a href=\"https:\/\/medicina.udd.cl\/fonoaudiologia-santiago\/files\/2024\/07\/fono-ii-taller-de-otoscopia-y-lavado-de-oidos-funcionarios-18-scaled.jpg\"><img loading=\"lazy\" decoding=\"async\" width=\"768\" height=\"1024\" data-id=\"6898\" src=\"https:\/\/medicina.udd.cl\/fonoaudiologia-santiago\/files\/2024\/07\/fono-ii-taller-de-otoscopia-y-lavado-de-oidos-funcionarios-18-768x1024.jpg\" alt=\"\" class=\"wp-image-6898\" srcset=\"https:\/\/medicina.udd.cl\/fonoaudiologia-santiago\/files\/2024\/07\/fono-ii-taller-de-otoscopia-y-lavado-de-oidos-funcionarios-18-768x1024.jpg 768w, https:\/\/medicina.udd.cl\/fonoaudiologia-santiago\/files\/2024\/07\/fono-ii-taller-de-otoscopia-y-lavado-de-oidos-funcionarios-18-225x300.jpg 225w, https:\/\/medicina.udd.cl\/fonoaudiologia-santiago\/files\/2024\/07\/fono-ii-taller-de-otoscopia-y-lavado-de-oidos-funcionarios-18-1152x1536.jpg 1152w, https:\/\/medicina.udd.cl\/fonoaudiologia-santiago\/files\/2024\/07\/fono-ii-taller-de-otoscopia-y-lavado-de-oidos-funcionarios-18-1536x2048.jpg 1536w, https:\/\/medicina.udd.cl\/fonoaudiologia-santiago\/files\/2024\/07\/fono-ii-taller-de-otoscopia-y-lavado-de-oidos-funcionarios-18-scaled.jpg 1920w\" sizes=\"auto, (max-width: 768px) 100vw, 768px\" \/><\/a><\/figure>\n\n\n\n<figure class=\"wp-block-image size-large\"><a href=\"https:\/\/medicina.udd.cl\/fonoaudiologia-santiago\/files\/2024\/07\/fono-ii-taller-de-otoscopia-y-lavado-de-oidos-funcionarios-7-scaled.jpg\"><img loading=\"lazy\" decoding=\"async\" width=\"1024\" height=\"768\" data-id=\"6877\" src=\"https:\/\/medicina.udd.cl\/fonoaudiologia-santiago\/files\/2024\/07\/fono-ii-taller-de-otoscopia-y-lavado-de-oidos-funcionarios-7-1024x768.jpg\" alt=\"\" class=\"wp-image-6877\" srcset=\"https:\/\/medicina.udd.cl\/fonoaudiologia-santiago\/files\/2024\/07\/fono-ii-taller-de-otoscopia-y-lavado-de-oidos-funcionarios-7-1024x768.jpg 1024w, https:\/\/medicina.udd.cl\/fonoaudiologia-santiago\/files\/2024\/07\/fono-ii-taller-de-otoscopia-y-lavado-de-oidos-funcionarios-7-300x225.jpg 300w, https:\/\/medicina.udd.cl\/fonoaudiologia-santiago\/files\/2024\/07\/fono-ii-taller-de-otoscopia-y-lavado-de-oidos-funcionarios-7-768x576.jpg 768w, https:\/\/medicina.udd.cl\/fonoaudiologia-santiago\/files\/2024\/07\/fono-ii-taller-de-otoscopia-y-lavado-de-oidos-funcionarios-7-1536x1152.jpg 1536w, https:\/\/medicina.udd.cl\/fonoaudiologia-santiago\/files\/2024\/07\/fono-ii-taller-de-otoscopia-y-lavado-de-oidos-funcionarios-7-2048x1536.jpg 2048w\" sizes=\"auto, (max-width: 1024px) 100vw, 1024px\" \/><\/a><\/figure>\n\n\n\n<figure class=\"wp-block-image size-large\"><a href=\"https:\/\/medicina.udd.cl\/fonoaudiologia-santiago\/files\/2024\/07\/fono-ii-taller-de-otoscopia-y-lavado-de-oidos-funcionarios-13-scaled.jpg\"><img loading=\"lazy\" decoding=\"async\" width=\"768\" height=\"1024\" data-id=\"6895\" src=\"https:\/\/medicina.udd.cl\/fonoaudiologia-santiago\/files\/2024\/07\/fono-ii-taller-de-otoscopia-y-lavado-de-oidos-funcionarios-13-768x1024.jpg\" alt=\"\" class=\"wp-image-6895\" srcset=\"https:\/\/medicina.udd.cl\/fonoaudiologia-santiago\/files\/2024\/07\/fono-ii-taller-de-otoscopia-y-lavado-de-oidos-funcionarios-13-768x1024.jpg 768w, https:\/\/medicina.udd.cl\/fonoaudiologia-santiago\/files\/2024\/07\/fono-ii-taller-de-otoscopia-y-lavado-de-oidos-funcionarios-13-225x300.jpg 225w, https:\/\/medicina.udd.cl\/fonoaudiologia-santiago\/files\/2024\/07\/fono-ii-taller-de-otoscopia-y-lavado-de-oidos-funcionarios-13-1152x1536.jpg 1152w, https:\/\/medicina.udd.cl\/fonoaudiologia-santiago\/files\/2024\/07\/fono-ii-taller-de-otoscopia-y-lavado-de-oidos-funcionarios-13-1536x2048.jpg 1536w, https:\/\/medicina.udd.cl\/fonoaudiologia-santiago\/files\/2024\/07\/fono-ii-taller-de-otoscopia-y-lavado-de-oidos-funcionarios-13-scaled.jpg 1920w\" sizes=\"auto, (max-width: 768px) 100vw, 768px\" \/><\/a><\/figure>\n\n\n\n<figure class=\"wp-block-image size-large\"><a href=\"https:\/\/medicina.udd.cl\/fonoaudiologia-santiago\/files\/2024\/07\/fono-ii-taller-de-otoscopia-y-lavado-de-oidos-funcionarios-22-scaled.jpg\"><img loading=\"lazy\" decoding=\"async\" width=\"1024\" height=\"768\" data-id=\"6904\" src=\"https:\/\/medicina.udd.cl\/fonoaudiologia-santiago\/files\/2024\/07\/fono-ii-taller-de-otoscopia-y-lavado-de-oidos-funcionarios-22-1024x768.jpg\" alt=\"\" class=\"wp-image-6904\" srcset=\"https:\/\/medicina.udd.cl\/fonoaudiologia-santiago\/files\/2024\/07\/fono-ii-taller-de-otoscopia-y-lavado-de-oidos-funcionarios-22-1024x768.jpg 1024w, https:\/\/medicina.udd.cl\/fonoaudiologia-santiago\/files\/2024\/07\/fono-ii-taller-de-otoscopia-y-lavado-de-oidos-funcionarios-22-300x225.jpg 300w, https:\/\/medicina.udd.cl\/fonoaudiologia-santiago\/files\/2024\/07\/fono-ii-taller-de-otoscopia-y-lavado-de-oidos-funcionarios-22-768x576.jpg 768w, https:\/\/medicina.udd.cl\/fonoaudiologia-santiago\/files\/2024\/07\/fono-ii-taller-de-otoscopia-y-lavado-de-oidos-funcionarios-22-1536x1152.jpg 1536w, https:\/\/medicina.udd.cl\/fonoaudiologia-santiago\/files\/2024\/07\/fono-ii-taller-de-otoscopia-y-lavado-de-oidos-funcionarios-22-2048x1536.jpg 2048w\" sizes=\"auto, (max-width: 1024px) 100vw, 1024px\" \/><\/a><\/figure>\n<\/figure>\n","protected":false},"excerpt":{"rendered":"<p>El pasado viernes 19 de julio, acad\u00e9micas del \u00c1rea de Audiolog\u00eda de la carrera de Fonoaudiolog\u00eda de la Facultad de Medicina Cl\u00ednica Alemana Universidad del Desarrollo (UDD), Flga. Pamela Tomicic y Flga. Mar\u00eda Ignacia Mart\u00ednez, llevaron a cabo un taller de Otoscopia y Lavado de O\u00eddos para 16 funcionarios del \u00e1rea de Salud de la [&hellip;]<\/p>\n","protected":false},"author":9192219,"featured_media":6871,"comment_status":"closed","ping_status":"open","sticky":false,"template":"","format":"standard","meta":{"footnotes":""},"categories":[4],"tags":[],"class_list":["post-6862","post","type-post","status-publish","format-standard","has-post-thumbnail","hentry","category-noticias"],"yoast_head":"<!-- This site is optimized with the Yoast SEO plugin v26.9 - https:\/\/yoast.com\/product\/yoast-seo-wordpress\/ -->\n<title>Fonoaudiolog\u00eda UDD realiza Taller de Otoscopia y Lavado de O\u00eddos: Un \u00e9xito en capacitaci\u00f3n y atenci\u00f3n a la comunidad - Fonoaudiolog\u00eda<\/title>\n<meta name=\"robots\" content=\"index, follow, max-snippet:-1, max-image-preview:large, max-video-preview:-1\" \/>\n<link rel=\"canonical\" href=\"https:\/\/medicina.udd.cl\/fonoaudiologia-santiago\/noticias\/2024\/07\/22\/fonoaudiologia-udd-realiza-taller-de-otoscopia-y-lavado-de-oidos-un-exito-en-capacitacion-y-atencion-a-la-comunidad\/\" \/>\n<meta property=\"og:locale\" content=\"es_ES\" \/>\n<meta property=\"og:type\" content=\"article\" \/>\n<meta property=\"og:title\" content=\"Fonoaudiolog\u00eda UDD realiza Taller de Otoscopia y Lavado de O\u00eddos: Un \u00e9xito en capacitaci\u00f3n y atenci\u00f3n a la comunidad - Fonoaudiolog\u00eda\" \/>\n<meta property=\"og:description\" content=\"El pasado viernes 19 de julio, acad\u00e9micas del \u00c1rea de Audiolog\u00eda de la carrera de Fonoaudiolog\u00eda de la Facultad de Medicina Cl\u00ednica Alemana Universidad del Desarrollo (UDD), Flga. Pamela Tomicic y Flga. Mar\u00eda Ignacia Mart\u00ednez, llevaron a cabo un taller de Otoscopia y Lavado de O\u00eddos para 16 funcionarios del \u00e1rea de Salud de la [&hellip;]\" \/>\n<meta property=\"og:url\" content=\"https:\/\/medicina.udd.cl\/fonoaudiologia-santiago\/noticias\/2024\/07\/22\/fonoaudiologia-udd-realiza-taller-de-otoscopia-y-lavado-de-oidos-un-exito-en-capacitacion-y-atencion-a-la-comunidad\/\" \/>\n<meta property=\"og:site_name\" content=\"Fonoaudiolog\u00eda\" \/>\n<meta property=\"article:published_time\" content=\"2024-07-22T19:08:08+00:00\" \/>\n<meta property=\"article:modified_time\" content=\"2024-07-22T21:06:19+00:00\" \/>\n<meta property=\"og:image\" content=\"https:\/\/medicina.udd.cl\/fonoaudiologia-santiago\/files\/2024\/07\/fono-ii-taller-de-otoscopia-y-lavado-de-oidos-funcionarios-5-scaled.jpg\" \/>\n\t<meta property=\"og:image:width\" content=\"2560\" \/>\n\t<meta property=\"og:image:height\" content=\"1920\" \/>\n\t<meta property=\"og:image:type\" content=\"image\/jpeg\" \/>\n<meta name=\"author\" content=\"rbraidy\" \/>\n<meta name=\"twitter:label1\" content=\"Escrito por\" \/>\n\t<meta name=\"twitter:data1\" content=\"rbraidy\" \/>\n\t<meta name=\"twitter:label2\" content=\"Tiempo de lectura\" \/>\n\t<meta name=\"twitter:data2\" content=\"5 minutos\" \/>\n<script type=\"application\/ld+json\" class=\"yoast-schema-graph\">{\"@context\":\"https:\/\/schema.org\",\"@graph\":[{\"@type\":\"Article\",\"@id\":\"https:\/\/medicina.udd.cl\/fonoaudiologia-santiago\/noticias\/2024\/07\/22\/fonoaudiologia-udd-realiza-taller-de-otoscopia-y-lavado-de-oidos-un-exito-en-capacitacion-y-atencion-a-la-comunidad\/#article\",\"isPartOf\":{\"@id\":\"https:\/\/medicina.udd.cl\/fonoaudiologia-santiago\/noticias\/2024\/07\/22\/fonoaudiologia-udd-realiza-taller-de-otoscopia-y-lavado-de-oidos-un-exito-en-capacitacion-y-atencion-a-la-comunidad\/\"},\"author\":{\"name\":\"rbraidy\",\"@id\":\"https:\/\/medicina.udd.cl\/fonoaudiologia-santiago\/#\/schema\/person\/dbc3705bf3a93e8be1ba6de0ef950341\"},\"headline\":\"Fonoaudiolog\u00eda UDD realiza Taller de Otoscopia y Lavado de O\u00eddos: Un \u00e9xito en capacitaci\u00f3n y atenci\u00f3n a la comunidad\",\"datePublished\":\"2024-07-22T19:08:08+00:00\",\"dateModified\":\"2024-07-22T21:06:19+00:00\",\"mainEntityOfPage\":{\"@id\":\"https:\/\/medicina.udd.cl\/fonoaudiologia-santiago\/noticias\/2024\/07\/22\/fonoaudiologia-udd-realiza-taller-de-otoscopia-y-lavado-de-oidos-un-exito-en-capacitacion-y-atencion-a-la-comunidad\/\"},\"wordCount\":435,\"image\":{\"@id\":\"https:\/\/medicina.udd.cl\/fonoaudiologia-santiago\/noticias\/2024\/07\/22\/fonoaudiologia-udd-realiza-taller-de-otoscopia-y-lavado-de-oidos-un-exito-en-capacitacion-y-atencion-a-la-comunidad\/#primaryimage\"},\"thumbnailUrl\":\"https:\/\/medicina.udd.cl\/fonoaudiologia-santiago\/files\/2024\/07\/fono-ii-taller-de-otoscopia-y-lavado-de-oidos-funcionarios-5-scaled.jpg\",\"articleSection\":[\"Noticias\"],\"inLanguage\":\"es\"},{\"@type\":\"WebPage\",\"@id\":\"https:\/\/medicina.udd.cl\/fonoaudiologia-santiago\/noticias\/2024\/07\/22\/fonoaudiologia-udd-realiza-taller-de-otoscopia-y-lavado-de-oidos-un-exito-en-capacitacion-y-atencion-a-la-comunidad\/\",\"url\":\"https:\/\/medicina.udd.cl\/fonoaudiologia-santiago\/noticias\/2024\/07\/22\/fonoaudiologia-udd-realiza-taller-de-otoscopia-y-lavado-de-oidos-un-exito-en-capacitacion-y-atencion-a-la-comunidad\/\",\"name\":\"Fonoaudiolog\u00eda UDD realiza Taller de Otoscopia y Lavado de O\u00eddos: Un \u00e9xito en capacitaci\u00f3n y atenci\u00f3n a la comunidad - Fonoaudiolog\u00eda\",\"isPartOf\":{\"@id\":\"https:\/\/medicina.udd.cl\/fonoaudiologia-santiago\/#website\"},\"primaryImageOfPage\":{\"@id\":\"https:\/\/medicina.udd.cl\/fonoaudiologia-santiago\/noticias\/2024\/07\/22\/fonoaudiologia-udd-realiza-taller-de-otoscopia-y-lavado-de-oidos-un-exito-en-capacitacion-y-atencion-a-la-comunidad\/#primaryimage\"},\"image\":{\"@id\":\"https:\/\/medicina.udd.cl\/fonoaudiologia-santiago\/noticias\/2024\/07\/22\/fonoaudiologia-udd-realiza-taller-de-otoscopia-y-lavado-de-oidos-un-exito-en-capacitacion-y-atencion-a-la-comunidad\/#primaryimage\"},\"thumbnailUrl\":\"https:\/\/medicina.udd.cl\/fonoaudiologia-santiago\/files\/2024\/07\/fono-ii-taller-de-otoscopia-y-lavado-de-oidos-funcionarios-5-scaled.jpg\",\"datePublished\":\"2024-07-22T19:08:08+00:00\",\"dateModified\":\"2024-07-22T21:06:19+00:00\",\"author\":{\"@id\":\"https:\/\/medicina.udd.cl\/fonoaudiologia-santiago\/#\/schema\/person\/dbc3705bf3a93e8be1ba6de0ef950341\"},\"breadcrumb\":{\"@id\":\"https:\/\/medicina.udd.cl\/fonoaudiologia-santiago\/noticias\/2024\/07\/22\/fonoaudiologia-udd-realiza-taller-de-otoscopia-y-lavado-de-oidos-un-exito-en-capacitacion-y-atencion-a-la-comunidad\/#breadcrumb\"},\"inLanguage\":\"es\",\"potentialAction\":[{\"@type\":\"ReadAction\",\"target\":[\"https:\/\/medicina.udd.cl\/fonoaudiologia-santiago\/noticias\/2024\/07\/22\/fonoaudiologia-udd-realiza-taller-de-otoscopia-y-lavado-de-oidos-un-exito-en-capacitacion-y-atencion-a-la-comunidad\/\"]}]},{\"@type\":\"ImageObject\",\"inLanguage\":\"es\",\"@id\":\"https:\/\/medicina.udd.cl\/fonoaudiologia-santiago\/noticias\/2024\/07\/22\/fonoaudiologia-udd-realiza-taller-de-otoscopia-y-lavado-de-oidos-un-exito-en-capacitacion-y-atencion-a-la-comunidad\/#primaryimage\",\"url\":\"https:\/\/medicina.udd.cl\/fonoaudiologia-santiago\/files\/2024\/07\/fono-ii-taller-de-otoscopia-y-lavado-de-oidos-funcionarios-5-scaled.jpg\",\"contentUrl\":\"https:\/\/medicina.udd.cl\/fonoaudiologia-santiago\/files\/2024\/07\/fono-ii-taller-de-otoscopia-y-lavado-de-oidos-funcionarios-5-scaled.jpg\",\"width\":2560,\"height\":1920},{\"@type\":\"BreadcrumbList\",\"@id\":\"https:\/\/medicina.udd.cl\/fonoaudiologia-santiago\/noticias\/2024\/07\/22\/fonoaudiologia-udd-realiza-taller-de-otoscopia-y-lavado-de-oidos-un-exito-en-capacitacion-y-atencion-a-la-comunidad\/#breadcrumb\",\"itemListElement\":[{\"@type\":\"ListItem\",\"position\":1,\"name\":\"Home\",\"item\":\"https:\/\/medicina.udd.cl\/fonoaudiologia-santiago\/\"},{\"@type\":\"ListItem\",\"position\":2,\"name\":\"Fonoaudiolog\u00eda UDD realiza Taller de Otoscopia y Lavado de O\u00eddos: Un \u00e9xito en capacitaci\u00f3n y atenci\u00f3n a la comunidad\"}]},{\"@type\":\"WebSite\",\"@id\":\"https:\/\/medicina.udd.cl\/fonoaudiologia-santiago\/#website\",\"url\":\"https:\/\/medicina.udd.cl\/fonoaudiologia-santiago\/\",\"name\":\"Fonoaudiolog\u00eda\",\"description\":\"Facultad de Medicina Cl\u00ednica Alemana Universidad del Desarrollo\",\"inLanguage\":\"es\"},{\"@type\":\"Person\",\"@id\":\"https:\/\/medicina.udd.cl\/fonoaudiologia-santiago\/#\/schema\/person\/dbc3705bf3a93e8be1ba6de0ef950341\",\"name\":\"rbraidy\",\"image\":{\"@type\":\"ImageObject\",\"inLanguage\":\"es\",\"@id\":\"https:\/\/medicina.udd.cl\/fonoaudiologia-santiago\/#\/schema\/person\/image\/\",\"url\":\"https:\/\/secure.gravatar.com\/avatar\/0f8bc94637401590e45d2ce17eb65c274cb8870a219de6177f3f23e63fd8cdf3?s=96&d=mm&r=g\",\"contentUrl\":\"https:\/\/secure.gravatar.com\/avatar\/0f8bc94637401590e45d2ce17eb65c274cb8870a219de6177f3f23e63fd8cdf3?s=96&d=mm&r=g\",\"caption\":\"rbraidy\"},\"url\":\"https:\/\/medicina.udd.cl\/fonoaudiologia-santiago\/noticias\/author\/rbraidy\/\"}]}<\/script>\n<!-- \/ Yoast SEO plugin. -->","yoast_head_json":{"title":"Fonoaudiolog\u00eda UDD realiza Taller de Otoscopia y Lavado de O\u00eddos: Un \u00e9xito en capacitaci\u00f3n y atenci\u00f3n a la comunidad - Fonoaudiolog\u00eda","robots":{"index":"index","follow":"follow","max-snippet":"max-snippet:-1","max-image-preview":"max-image-preview:large","max-video-preview":"max-video-preview:-1"},"canonical":"https:\/\/medicina.udd.cl\/fonoaudiologia-santiago\/noticias\/2024\/07\/22\/fonoaudiologia-udd-realiza-taller-de-otoscopia-y-lavado-de-oidos-un-exito-en-capacitacion-y-atencion-a-la-comunidad\/","og_locale":"es_ES","og_type":"article","og_title":"Fonoaudiolog\u00eda UDD realiza Taller de Otoscopia y Lavado de O\u00eddos: Un \u00e9xito en capacitaci\u00f3n y atenci\u00f3n a la comunidad - Fonoaudiolog\u00eda","og_description":"El pasado viernes 19 de julio, acad\u00e9micas del \u00c1rea de Audiolog\u00eda de la carrera de Fonoaudiolog\u00eda de la Facultad de Medicina Cl\u00ednica Alemana Universidad del Desarrollo (UDD), Flga. Pamela Tomicic y Flga. Mar\u00eda Ignacia Mart\u00ednez, llevaron a cabo un taller de Otoscopia y Lavado de O\u00eddos para 16 funcionarios del \u00e1rea de Salud de la [&hellip;]","og_url":"https:\/\/medicina.udd.cl\/fonoaudiologia-santiago\/noticias\/2024\/07\/22\/fonoaudiologia-udd-realiza-taller-de-otoscopia-y-lavado-de-oidos-un-exito-en-capacitacion-y-atencion-a-la-comunidad\/","og_site_name":"Fonoaudiolog\u00eda","article_published_time":"2024-07-22T19:08:08+00:00","article_modified_time":"2024-07-22T21:06:19+00:00","og_image":[{"width":2560,"height":1920,"url":"https:\/\/medicina.udd.cl\/fonoaudiologia-santiago\/files\/2024\/07\/fono-ii-taller-de-otoscopia-y-lavado-de-oidos-funcionarios-5-scaled.jpg","type":"image\/jpeg"}],"author":"rbraidy","twitter_misc":{"Escrito por":"rbraidy","Tiempo de lectura":"5 minutos"},"schema":{"@context":"https:\/\/schema.org","@graph":[{"@type":"Article","@id":"https:\/\/medicina.udd.cl\/fonoaudiologia-santiago\/noticias\/2024\/07\/22\/fonoaudiologia-udd-realiza-taller-de-otoscopia-y-lavado-de-oidos-un-exito-en-capacitacion-y-atencion-a-la-comunidad\/#article","isPartOf":{"@id":"https:\/\/medicina.udd.cl\/fonoaudiologia-santiago\/noticias\/2024\/07\/22\/fonoaudiologia-udd-realiza-taller-de-otoscopia-y-lavado-de-oidos-un-exito-en-capacitacion-y-atencion-a-la-comunidad\/"},"author":{"name":"rbraidy","@id":"https:\/\/medicina.udd.cl\/fonoaudiologia-santiago\/#\/schema\/person\/dbc3705bf3a93e8be1ba6de0ef950341"},"headline":"Fonoaudiolog\u00eda UDD realiza Taller de Otoscopia y Lavado de O\u00eddos: Un \u00e9xito en capacitaci\u00f3n y atenci\u00f3n a la comunidad","datePublished":"2024-07-22T19:08:08+00:00","dateModified":"2024-07-22T21:06:19+00:00","mainEntityOfPage":{"@id":"https:\/\/medicina.udd.cl\/fonoaudiologia-santiago\/noticias\/2024\/07\/22\/fonoaudiologia-udd-realiza-taller-de-otoscopia-y-lavado-de-oidos-un-exito-en-capacitacion-y-atencion-a-la-comunidad\/"},"wordCount":435,"image":{"@id":"https:\/\/medicina.udd.cl\/fonoaudiologia-santiago\/noticias\/2024\/07\/22\/fonoaudiologia-udd-realiza-taller-de-otoscopia-y-lavado-de-oidos-un-exito-en-capacitacion-y-atencion-a-la-comunidad\/#primaryimage"},"thumbnailUrl":"https:\/\/medicina.udd.cl\/fonoaudiologia-santiago\/files\/2024\/07\/fono-ii-taller-de-otoscopia-y-lavado-de-oidos-funcionarios-5-scaled.jpg","articleSection":["Noticias"],"inLanguage":"es"},{"@type":"WebPage","@id":"https:\/\/medicina.udd.cl\/fonoaudiologia-santiago\/noticias\/2024\/07\/22\/fonoaudiologia-udd-realiza-taller-de-otoscopia-y-lavado-de-oidos-un-exito-en-capacitacion-y-atencion-a-la-comunidad\/","url":"https:\/\/medicina.udd.cl\/fonoaudiologia-santiago\/noticias\/2024\/07\/22\/fonoaudiologia-udd-realiza-taller-de-otoscopia-y-lavado-de-oidos-un-exito-en-capacitacion-y-atencion-a-la-comunidad\/","name":"Fonoaudiolog\u00eda UDD realiza Taller de Otoscopia y Lavado de O\u00eddos: Un \u00e9xito en capacitaci\u00f3n y atenci\u00f3n a la comunidad - Fonoaudiolog\u00eda","isPartOf":{"@id":"https:\/\/medicina.udd.cl\/fonoaudiologia-santiago\/#website"},"primaryImageOfPage":{"@id":"https:\/\/medicina.udd.cl\/fonoaudiologia-santiago\/noticias\/2024\/07\/22\/fonoaudiologia-udd-realiza-taller-de-otoscopia-y-lavado-de-oidos-un-exito-en-capacitacion-y-atencion-a-la-comunidad\/#primaryimage"},"image":{"@id":"https:\/\/medicina.udd.cl\/fonoaudiologia-santiago\/noticias\/2024\/07\/22\/fonoaudiologia-udd-realiza-taller-de-otoscopia-y-lavado-de-oidos-un-exito-en-capacitacion-y-atencion-a-la-comunidad\/#primaryimage"},"thumbnailUrl":"https:\/\/medicina.udd.cl\/fonoaudiologia-santiago\/files\/2024\/07\/fono-ii-taller-de-otoscopia-y-lavado-de-oidos-funcionarios-5-scaled.jpg","datePublished":"2024-07-22T19:08:08+00:00","dateModified":"2024-07-22T21:06:19+00:00","author":{"@id":"https:\/\/medicina.udd.cl\/fonoaudiologia-santiago\/#\/schema\/person\/dbc3705bf3a93e8be1ba6de0ef950341"},"breadcrumb":{"@id":"https:\/\/medicina.udd.cl\/fonoaudiologia-santiago\/noticias\/2024\/07\/22\/fonoaudiologia-udd-realiza-taller-de-otoscopia-y-lavado-de-oidos-un-exito-en-capacitacion-y-atencion-a-la-comunidad\/#breadcrumb"},"inLanguage":"es","potentialAction":[{"@type":"ReadAction","target":["https:\/\/medicina.udd.cl\/fonoaudiologia-santiago\/noticias\/2024\/07\/22\/fonoaudiologia-udd-realiza-taller-de-otoscopia-y-lavado-de-oidos-un-exito-en-capacitacion-y-atencion-a-la-comunidad\/"]}]},{"@type":"ImageObject","inLanguage":"es","@id":"https:\/\/medicina.udd.cl\/fonoaudiologia-santiago\/noticias\/2024\/07\/22\/fonoaudiologia-udd-realiza-taller-de-otoscopia-y-lavado-de-oidos-un-exito-en-capacitacion-y-atencion-a-la-comunidad\/#primaryimage","url":"https:\/\/medicina.udd.cl\/fonoaudiologia-santiago\/files\/2024\/07\/fono-ii-taller-de-otoscopia-y-lavado-de-oidos-funcionarios-5-scaled.jpg","contentUrl":"https:\/\/medicina.udd.cl\/fonoaudiologia-santiago\/files\/2024\/07\/fono-ii-taller-de-otoscopia-y-lavado-de-oidos-funcionarios-5-scaled.jpg","width":2560,"height":1920},{"@type":"BreadcrumbList","@id":"https:\/\/medicina.udd.cl\/fonoaudiologia-santiago\/noticias\/2024\/07\/22\/fonoaudiologia-udd-realiza-taller-de-otoscopia-y-lavado-de-oidos-un-exito-en-capacitacion-y-atencion-a-la-comunidad\/#breadcrumb","itemListElement":[{"@type":"ListItem","position":1,"name":"Home","item":"https:\/\/medicina.udd.cl\/fonoaudiologia-santiago\/"},{"@type":"ListItem","position":2,"name":"Fonoaudiolog\u00eda UDD realiza Taller de Otoscopia y Lavado de O\u00eddos: Un \u00e9xito en capacitaci\u00f3n y atenci\u00f3n a la comunidad"}]},{"@type":"WebSite","@id":"https:\/\/medicina.udd.cl\/fonoaudiologia-santiago\/#website","url":"https:\/\/medicina.udd.cl\/fonoaudiologia-santiago\/","name":"Fonoaudiolog\u00eda","description":"Facultad de Medicina Cl\u00ednica Alemana Universidad del Desarrollo","inLanguage":"es"},{"@type":"Person","@id":"https:\/\/medicina.udd.cl\/fonoaudiologia-santiago\/#\/schema\/person\/dbc3705bf3a93e8be1ba6de0ef950341","name":"rbraidy","image":{"@type":"ImageObject","inLanguage":"es","@id":"https:\/\/medicina.udd.cl\/fonoaudiologia-santiago\/#\/schema\/person\/image\/","url":"https:\/\/secure.gravatar.com\/avatar\/0f8bc94637401590e45d2ce17eb65c274cb8870a219de6177f3f23e63fd8cdf3?s=96&d=mm&r=g","contentUrl":"https:\/\/secure.gravatar.com\/avatar\/0f8bc94637401590e45d2ce17eb65c274cb8870a219de6177f3f23e63fd8cdf3?s=96&d=mm&r=g","caption":"rbraidy"},"url":"https:\/\/medicina.udd.cl\/fonoaudiologia-santiago\/noticias\/author\/rbraidy\/"}]}},"featured_image_url":"https:\/\/medicina.udd.cl\/fonoaudiologia-santiago\/files\/2024\/07\/fono-ii-taller-de-otoscopia-y-lavado-de-oidos-funcionarios-5-scaled.jpg","_links":{"self":[{"href":"https:\/\/medicina.udd.cl\/fonoaudiologia-santiago\/wp-json\/wp\/v2\/posts\/6862","targetHints":{"allow":["GET"]}}],"collection":[{"href":"https:\/\/medicina.udd.cl\/fonoaudiologia-santiago\/wp-json\/wp\/v2\/posts"}],"about":[{"href":"https:\/\/medicina.udd.cl\/fonoaudiologia-santiago\/wp-json\/wp\/v2\/types\/post"}],"author":[{"embeddable":true,"href":"https:\/\/medicina.udd.cl\/fonoaudiologia-santiago\/wp-json\/wp\/v2\/users\/9192219"}],"replies":[{"embeddable":true,"href":"https:\/\/medicina.udd.cl\/fonoaudiologia-santiago\/wp-json\/wp\/v2\/comments?post=6862"}],"version-history":[{"count":3,"href":"https:\/\/medicina.udd.cl\/fonoaudiologia-santiago\/wp-json\/wp\/v2\/posts\/6862\/revisions"}],"predecessor-version":[{"id":6916,"href":"https:\/\/medicina.udd.cl\/fonoaudiologia-santiago\/wp-json\/wp\/v2\/posts\/6862\/revisions\/6916"}],"wp:featuredmedia":[{"embeddable":true,"href":"https:\/\/medicina.udd.cl\/fonoaudiologia-santiago\/wp-json\/wp\/v2\/media\/6871"}],"wp:attachment":[{"href":"https:\/\/medicina.udd.cl\/fonoaudiologia-santiago\/wp-json\/wp\/v2\/media?parent=6862"}],"wp:term":[{"taxonomy":"category","embeddable":true,"href":"https:\/\/medicina.udd.cl\/fonoaudiologia-santiago\/wp-json\/wp\/v2\/categories?post=6862"},{"taxonomy":"post_tag","embeddable":true,"href":"https:\/\/medicina.udd.cl\/fonoaudiologia-santiago\/wp-json\/wp\/v2\/tags?post=6862"}],"curies":[{"name":"wp","href":"https:\/\/api.w.org\/{rel}","templated":true}]}}