{"id":6919,"date":"2024-07-26T12:49:34","date_gmt":"2024-07-26T16:49:34","guid":{"rendered":"https:\/\/medicina.udd.cl\/fonoaudiologia-santiago\/?p=6919"},"modified":"2024-07-29T16:54:22","modified_gmt":"2024-07-29T20:54:22","slug":"con-jornada-practica-culmina-con-exito-la-primera-version-del-diplomado-en-especializacion-internacional-en-terapia-auditiva-en-la-udd","status":"publish","type":"post","link":"https:\/\/medicina.udd.cl\/fonoaudiologia-santiago\/noticias\/2024\/07\/26\/con-jornada-practica-culmina-con-exito-la-primera-version-del-diplomado-en-especializacion-internacional-en-terapia-auditiva-en-la-udd\/","title":{"rendered":"Con jornada pr\u00e1ctica culmina con \u00e9xito la primera versi\u00f3n del Diplomado en Especializaci\u00f3n Internacional en Terapia Auditiva en la UDD"},"content":{"rendered":"\n<figure class=\"wp-block-gallery has-nested-images columns-default is-cropped wp-block-gallery-1 is-layout-flex wp-block-gallery-is-layout-flex\">\n<figure class=\"wp-block-image size-large\"><a href=\"https:\/\/medicina.udd.cl\/fonoaudiologia-santiago\/files\/2024\/07\/fono-diplomado-terapia-auditiva-inter-en-udd-iv-78-scaled.jpg\"><img loading=\"lazy\" decoding=\"async\" width=\"1024\" height=\"683\" data-id=\"6994\" src=\"https:\/\/medicina.udd.cl\/fonoaudiologia-santiago\/files\/2024\/07\/fono-diplomado-terapia-auditiva-inter-en-udd-iv-78-1024x683.jpg\" alt=\"\" class=\"wp-image-6994\" srcset=\"https:\/\/medicina.udd.cl\/fonoaudiologia-santiago\/files\/2024\/07\/fono-diplomado-terapia-auditiva-inter-en-udd-iv-78-1024x683.jpg 1024w, https:\/\/medicina.udd.cl\/fonoaudiologia-santiago\/files\/2024\/07\/fono-diplomado-terapia-auditiva-inter-en-udd-iv-78-300x200.jpg 300w, https:\/\/medicina.udd.cl\/fonoaudiologia-santiago\/files\/2024\/07\/fono-diplomado-terapia-auditiva-inter-en-udd-iv-78-768x512.jpg 768w, https:\/\/medicina.udd.cl\/fonoaudiologia-santiago\/files\/2024\/07\/fono-diplomado-terapia-auditiva-inter-en-udd-iv-78-1536x1024.jpg 1536w, https:\/\/medicina.udd.cl\/fonoaudiologia-santiago\/files\/2024\/07\/fono-diplomado-terapia-auditiva-inter-en-udd-iv-78-2048x1365.jpg 2048w\" sizes=\"auto, (max-width: 1024px) 100vw, 1024px\" \/><\/a><\/figure>\n\n\n\n<figure class=\"wp-block-image size-large\"><a href=\"https:\/\/medicina.udd.cl\/fonoaudiologia-santiago\/files\/2024\/07\/fono-diplomado-terapia-auditiva-en-udd-26-scaled.jpg\"><img loading=\"lazy\" decoding=\"async\" width=\"1024\" height=\"683\" data-id=\"6934\" src=\"https:\/\/medicina.udd.cl\/fonoaudiologia-santiago\/files\/2024\/07\/fono-diplomado-terapia-auditiva-en-udd-26-1024x683.jpg\" alt=\"\" class=\"wp-image-6934\" srcset=\"https:\/\/medicina.udd.cl\/fonoaudiologia-santiago\/files\/2024\/07\/fono-diplomado-terapia-auditiva-en-udd-26-1024x683.jpg 1024w, https:\/\/medicina.udd.cl\/fonoaudiologia-santiago\/files\/2024\/07\/fono-diplomado-terapia-auditiva-en-udd-26-300x200.jpg 300w, https:\/\/medicina.udd.cl\/fonoaudiologia-santiago\/files\/2024\/07\/fono-diplomado-terapia-auditiva-en-udd-26-768x512.jpg 768w, https:\/\/medicina.udd.cl\/fonoaudiologia-santiago\/files\/2024\/07\/fono-diplomado-terapia-auditiva-en-udd-26-1536x1024.jpg 1536w, https:\/\/medicina.udd.cl\/fonoaudiologia-santiago\/files\/2024\/07\/fono-diplomado-terapia-auditiva-en-udd-26-2048x1365.jpg 2048w\" sizes=\"auto, (max-width: 1024px) 100vw, 1024px\" \/><\/a><\/figure>\n\n\n\n<figure class=\"wp-block-image size-large\"><a href=\"https:\/\/medicina.udd.cl\/fonoaudiologia-santiago\/files\/2024\/07\/fono-diplomado-terapia-auditiva-en-udd-46-scaled.jpg\"><img loading=\"lazy\" decoding=\"async\" width=\"1024\" height=\"683\" data-id=\"6952\" src=\"https:\/\/medicina.udd.cl\/fonoaudiologia-santiago\/files\/2024\/07\/fono-diplomado-terapia-auditiva-en-udd-46-1024x683.jpg\" alt=\"\" class=\"wp-image-6952\" srcset=\"https:\/\/medicina.udd.cl\/fonoaudiologia-santiago\/files\/2024\/07\/fono-diplomado-terapia-auditiva-en-udd-46-1024x683.jpg 1024w, https:\/\/medicina.udd.cl\/fonoaudiologia-santiago\/files\/2024\/07\/fono-diplomado-terapia-auditiva-en-udd-46-300x200.jpg 300w, https:\/\/medicina.udd.cl\/fonoaudiologia-santiago\/files\/2024\/07\/fono-diplomado-terapia-auditiva-en-udd-46-768x512.jpg 768w, https:\/\/medicina.udd.cl\/fonoaudiologia-santiago\/files\/2024\/07\/fono-diplomado-terapia-auditiva-en-udd-46-1536x1024.jpg 1536w, https:\/\/medicina.udd.cl\/fonoaudiologia-santiago\/files\/2024\/07\/fono-diplomado-terapia-auditiva-en-udd-46-2048x1365.jpg 2048w\" sizes=\"auto, (max-width: 1024px) 100vw, 1024px\" \/><\/a><\/figure>\n\n\n\n<figure class=\"wp-block-image size-large\"><a href=\"https:\/\/medicina.udd.cl\/fonoaudiologia-santiago\/files\/2024\/07\/fono-diplomado-terapia-auditiva-en-udd-78-scaled.jpg\"><img loading=\"lazy\" decoding=\"async\" width=\"1024\" height=\"691\" data-id=\"6967\" src=\"https:\/\/medicina.udd.cl\/fonoaudiologia-santiago\/files\/2024\/07\/fono-diplomado-terapia-auditiva-en-udd-78-1024x691.jpg\" alt=\"\" class=\"wp-image-6967\" srcset=\"https:\/\/medicina.udd.cl\/fonoaudiologia-santiago\/files\/2024\/07\/fono-diplomado-terapia-auditiva-en-udd-78-1024x691.jpg 1024w, https:\/\/medicina.udd.cl\/fonoaudiologia-santiago\/files\/2024\/07\/fono-diplomado-terapia-auditiva-en-udd-78-300x202.jpg 300w, https:\/\/medicina.udd.cl\/fonoaudiologia-santiago\/files\/2024\/07\/fono-diplomado-terapia-auditiva-en-udd-78-768x518.jpg 768w, https:\/\/medicina.udd.cl\/fonoaudiologia-santiago\/files\/2024\/07\/fono-diplomado-terapia-auditiva-en-udd-78-1536x1036.jpg 1536w, https:\/\/medicina.udd.cl\/fonoaudiologia-santiago\/files\/2024\/07\/fono-diplomado-terapia-auditiva-en-udd-78-2048x1382.jpg 2048w\" sizes=\"auto, (max-width: 1024px) 100vw, 1024px\" \/><\/a><\/figure>\n<\/figure>\n\n\n\n<p>Del 22 al 26 de julio, el campus Rector Ernesto Silva Bafalluy de la Universidad del Desarrollo (UDD) fue el escenario de una intensa jornada pr\u00e1ctica que marc\u00f3 la conclusi\u00f3n del diplomado en especializaci\u00f3n internacional en Terapia Auditiva, en su primera generaci\u00f3n. Este innovador programa, promovido por la carrera de Fonoaudiolog\u00eda de la Facultad de Medicina Cl\u00ednica Alemana UDD, y dirigido por las fonoaudi\u00f3logas Gloria Garc\u00eda del Solar y Javiera Drapela, reuni\u00f3 a 24 profesionales de diversos pa\u00edses de Latinoam\u00e9rica, incluyendo Argentina, Per\u00fa, Ecuador, Costa Rica, M\u00e9xico y Chile.<\/p>\n\n\n\n<p>Durante esta semana, los participantes tuvieron la oportunidad de interactuar con docentes cl\u00ednicos e invitados especiales, quienes abordaron temas cruciales como la evaluaci\u00f3n audiol\u00f3gica en usuarios de implantes cocleares (IC) y aud\u00edfonos, la aplicaci\u00f3n de software de programaci\u00f3n de implantes cocleares, y la evaluaci\u00f3n y programaci\u00f3n de pacientes con tecnolog\u00eda Med-El y Cochlear. Adem\u00e1s, se realizaron evaluaciones en quir\u00f3fano y activaci\u00f3n de implantes cocleares, se discuti\u00f3 la experiencia latinoamericana en implantes cocleares, y se exploraron el abordaje de la hipoacusia desde la salud p\u00fablica y la importancia de la alianza m\u00e9dico-audi\u00f3logo-rehabilitador en la selecci\u00f3n de tecnolog\u00eda de ayuda auditiva.<\/p>\n\n\n\n<p>Natal\u00ed Samek, licenciada en psicomotricidad de Argentina y miembro de esta primera generaci\u00f3n, destac\u00f3 la relevancia y el privilegio de participar en este programa internacional en Chile. <em>\u00abLa verdad es que hay muchas opciones a nivel mundial, pero realmente algo tan completo y en habla hispana es la primera vez que se hace. Es un privilegio\u00bb<\/em>, afirm\u00f3 Samek.<\/p>\n\n\n\n<p>Valeria Hern\u00e1ndez, terapeuta del lenguaje de M\u00e9xico, expres\u00f3 su satisfacci\u00f3n por encontrar un programa con diversidad cultural que la ayudara a mejorar la rehabilitaci\u00f3n auditiva. <em>\u00abEn M\u00e9xico no hay una educaci\u00f3n muy precisa en cuanto a la rehabilitaci\u00f3n auditiva. Este diplomado ha sido maravilloso. Nos ha permitido aprender de manera virtual y tener una vivencia enriquecedora al conocernos en persona\u00bb<\/em>, se\u00f1al\u00f3 Hern\u00e1ndez.<\/p>\n\n\n\n<p>Elsie Solano, coordinadora del Programa de Rehabilitaci\u00f3n Auditiva en Implante Coclear de la Caja Costarricense de Seguro Social, resalt\u00f3 c\u00f3mo este diplomado fortaleci\u00f3 conocimientos y la colaboraci\u00f3n entre profesionales. Valor\u00f3 la solidaridad y calidad del programa, y dese\u00f3 que otras personas en el \u00e1rea de la salud en su pa\u00eds, pudieran tener esta oportunidad. \u00abEsta ha sido una instancia \u00fanica para mejorar la atenci\u00f3n a nuestros pacientes en su rehabilitaci\u00f3n auditiva. Estoy muy agradecida\u00bb, enfatiz\u00f3 Solano.<\/p>\n\n\n\n<p>La jornada cont\u00f3 con la presencia de destacadas personalidades del \u00e1mbito m\u00e9dico y acad\u00e9mico, incluyendo a la Dra. Marcela Castillo, decana de la Facultad de Medicina Cl\u00ednica Alemana Universidad del Desarrollo; la Dra. Liliana Jadue, vicedecana de las carreras de la Salud; la Dra. Paula Daza, directora ejecutiva del Centro de Pol\u00edticas P\u00fablicas e Innovaci\u00f3n en Salud UDD y exsubsecretaria de Salud P\u00fablica de Chile; la Flga. Mar\u00eda Ang\u00e9lica L\u00f3pez, directora de la carrera de Fonoaudiolog\u00eda UDD; el Dr. Marcos Goycolea, especialista en Otorrinolaringolog\u00eda por la Universidad de Minnesota (EE. UU); y el Dr. C\u00e9sar Toro, jefe del Servicio de Otorrinolaringolog\u00eda y Centro de Rehabilitaci\u00f3n Auditiva Infantil del Hospital S\u00f3tero del R\u00edo y coordinador del Programa de Implante Coclear Chile, entre otros.<\/p>\n\n\n\n<p>Seg\u00fan datos de la Organizaci\u00f3n Mundial de la Salud (OMS), se estima que 466 millones de personas tienen dificultades auditivas en el mundo. De estas, el 5% de la poblaci\u00f3n mundial sufre de p\u00e9rdida auditiva discapacitante, y el 80% de estas personas viven en pa\u00edses en v\u00edas de desarrollo. La p\u00e9rdida de audici\u00f3n no atendida es la tercera causa de a\u00f1os vividos con discapacidad a nivel global.<\/p>\n\n\n\n<p>Esta primera generaci\u00f3n del diplomado en especializaci\u00f3n internacional en Terapia Auditiva de la UDD no solo ha marcado un hito en la formaci\u00f3n profesional en Latinoam\u00e9rica, sino que tambi\u00e9n ha contribuido significativamente a mejorar la calidad de vida de muchas personas a trav\u00e9s de la capacitaci\u00f3n de sus participantes en las \u00faltimas tecnolog\u00edas y t\u00e9cnicas de rehabilitaci\u00f3n auditiva.<\/p>\n\n\n\n<figure class=\"wp-block-gallery has-nested-images columns-default is-cropped wp-block-gallery-2 is-layout-flex wp-block-gallery-is-layout-flex\">\n<figure class=\"wp-block-image size-large\"><a href=\"https:\/\/medicina.udd.cl\/fonoaudiologia-santiago\/files\/2024\/07\/fono-diplomado-terapia-auditiva-en-udd-1-scaled.jpg\"><img loading=\"lazy\" decoding=\"async\" width=\"1024\" height=\"683\" data-id=\"6922\" src=\"https:\/\/medicina.udd.cl\/fonoaudiologia-santiago\/files\/2024\/07\/fono-diplomado-terapia-auditiva-en-udd-1-1024x683.jpg\" alt=\"\" class=\"wp-image-6922\" srcset=\"https:\/\/medicina.udd.cl\/fonoaudiologia-santiago\/files\/2024\/07\/fono-diplomado-terapia-auditiva-en-udd-1-1024x683.jpg 1024w, https:\/\/medicina.udd.cl\/fonoaudiologia-santiago\/files\/2024\/07\/fono-diplomado-terapia-auditiva-en-udd-1-300x200.jpg 300w, https:\/\/medicina.udd.cl\/fonoaudiologia-santiago\/files\/2024\/07\/fono-diplomado-terapia-auditiva-en-udd-1-768x512.jpg 768w, https:\/\/medicina.udd.cl\/fonoaudiologia-santiago\/files\/2024\/07\/fono-diplomado-terapia-auditiva-en-udd-1-1536x1024.jpg 1536w, https:\/\/medicina.udd.cl\/fonoaudiologia-santiago\/files\/2024\/07\/fono-diplomado-terapia-auditiva-en-udd-1-2048x1365.jpg 2048w\" sizes=\"auto, (max-width: 1024px) 100vw, 1024px\" \/><\/a><\/figure>\n\n\n\n<figure class=\"wp-block-image size-large\"><a href=\"https:\/\/medicina.udd.cl\/fonoaudiologia-santiago\/files\/2024\/07\/fono-diplomado-terapia-auditiva-inter-en-udd-iv-68-scaled.jpg\"><img loading=\"lazy\" decoding=\"async\" width=\"1024\" height=\"683\" data-id=\"6985\" src=\"https:\/\/medicina.udd.cl\/fonoaudiologia-santiago\/files\/2024\/07\/fono-diplomado-terapia-auditiva-inter-en-udd-iv-68-1024x683.jpg\" alt=\"\" class=\"wp-image-6985\" srcset=\"https:\/\/medicina.udd.cl\/fonoaudiologia-santiago\/files\/2024\/07\/fono-diplomado-terapia-auditiva-inter-en-udd-iv-68-1024x683.jpg 1024w, https:\/\/medicina.udd.cl\/fonoaudiologia-santiago\/files\/2024\/07\/fono-diplomado-terapia-auditiva-inter-en-udd-iv-68-300x200.jpg 300w, https:\/\/medicina.udd.cl\/fonoaudiologia-santiago\/files\/2024\/07\/fono-diplomado-terapia-auditiva-inter-en-udd-iv-68-768x512.jpg 768w, https:\/\/medicina.udd.cl\/fonoaudiologia-santiago\/files\/2024\/07\/fono-diplomado-terapia-auditiva-inter-en-udd-iv-68-1536x1024.jpg 1536w, https:\/\/medicina.udd.cl\/fonoaudiologia-santiago\/files\/2024\/07\/fono-diplomado-terapia-auditiva-inter-en-udd-iv-68-2048x1365.jpg 2048w\" sizes=\"auto, (max-width: 1024px) 100vw, 1024px\" \/><\/a><\/figure>\n\n\n\n<figure class=\"wp-block-image size-large\"><a href=\"https:\/\/medicina.udd.cl\/fonoaudiologia-santiago\/files\/2024\/07\/fono-diplomado-terapia-auditiva-inter-en-udd-iv-62-scaled.jpg\"><img loading=\"lazy\" decoding=\"async\" width=\"1024\" height=\"683\" data-id=\"6982\" src=\"https:\/\/medicina.udd.cl\/fonoaudiologia-santiago\/files\/2024\/07\/fono-diplomado-terapia-auditiva-inter-en-udd-iv-62-1024x683.jpg\" alt=\"\" class=\"wp-image-6982\" srcset=\"https:\/\/medicina.udd.cl\/fonoaudiologia-santiago\/files\/2024\/07\/fono-diplomado-terapia-auditiva-inter-en-udd-iv-62-1024x683.jpg 1024w, https:\/\/medicina.udd.cl\/fonoaudiologia-santiago\/files\/2024\/07\/fono-diplomado-terapia-auditiva-inter-en-udd-iv-62-300x200.jpg 300w, https:\/\/medicina.udd.cl\/fonoaudiologia-santiago\/files\/2024\/07\/fono-diplomado-terapia-auditiva-inter-en-udd-iv-62-768x512.jpg 768w, https:\/\/medicina.udd.cl\/fonoaudiologia-santiago\/files\/2024\/07\/fono-diplomado-terapia-auditiva-inter-en-udd-iv-62-1536x1024.jpg 1536w, https:\/\/medicina.udd.cl\/fonoaudiologia-santiago\/files\/2024\/07\/fono-diplomado-terapia-auditiva-inter-en-udd-iv-62-2048x1365.jpg 2048w\" sizes=\"auto, (max-width: 1024px) 100vw, 1024px\" \/><\/a><\/figure>\n\n\n\n<figure class=\"wp-block-image size-large\"><a href=\"https:\/\/medicina.udd.cl\/fonoaudiologia-santiago\/files\/2024\/07\/fono-diplomado-terapia-auditiva-en-udd-38-scaled.jpg\"><img loading=\"lazy\" decoding=\"async\" width=\"1024\" height=\"683\" data-id=\"6940\" src=\"https:\/\/medicina.udd.cl\/fonoaudiologia-santiago\/files\/2024\/07\/fono-diplomado-terapia-auditiva-en-udd-38-1024x683.jpg\" alt=\"\" class=\"wp-image-6940\" srcset=\"https:\/\/medicina.udd.cl\/fonoaudiologia-santiago\/files\/2024\/07\/fono-diplomado-terapia-auditiva-en-udd-38-1024x683.jpg 1024w, https:\/\/medicina.udd.cl\/fonoaudiologia-santiago\/files\/2024\/07\/fono-diplomado-terapia-auditiva-en-udd-38-300x200.jpg 300w, https:\/\/medicina.udd.cl\/fonoaudiologia-santiago\/files\/2024\/07\/fono-diplomado-terapia-auditiva-en-udd-38-768x512.jpg 768w, https:\/\/medicina.udd.cl\/fonoaudiologia-santiago\/files\/2024\/07\/fono-diplomado-terapia-auditiva-en-udd-38-1536x1024.jpg 1536w, https:\/\/medicina.udd.cl\/fonoaudiologia-santiago\/files\/2024\/07\/fono-diplomado-terapia-auditiva-en-udd-38-2048x1365.jpg 2048w\" sizes=\"auto, (max-width: 1024px) 100vw, 1024px\" \/><\/a><\/figure>\n\n\n\n<figure class=\"wp-block-image size-large\"><a href=\"https:\/\/medicina.udd.cl\/fonoaudiologia-santiago\/files\/2024\/07\/fono-diplomado-terapia-auditiva-inter-en-udd-iv-72-scaled.jpg\"><img loading=\"lazy\" decoding=\"async\" width=\"1024\" height=\"683\" data-id=\"6991\" src=\"https:\/\/medicina.udd.cl\/fonoaudiologia-santiago\/files\/2024\/07\/fono-diplomado-terapia-auditiva-inter-en-udd-iv-72-1024x683.jpg\" alt=\"\" class=\"wp-image-6991\" srcset=\"https:\/\/medicina.udd.cl\/fonoaudiologia-santiago\/files\/2024\/07\/fono-diplomado-terapia-auditiva-inter-en-udd-iv-72-1024x683.jpg 1024w, https:\/\/medicina.udd.cl\/fonoaudiologia-santiago\/files\/2024\/07\/fono-diplomado-terapia-auditiva-inter-en-udd-iv-72-300x200.jpg 300w, https:\/\/medicina.udd.cl\/fonoaudiologia-santiago\/files\/2024\/07\/fono-diplomado-terapia-auditiva-inter-en-udd-iv-72-768x512.jpg 768w, https:\/\/medicina.udd.cl\/fonoaudiologia-santiago\/files\/2024\/07\/fono-diplomado-terapia-auditiva-inter-en-udd-iv-72-1536x1024.jpg 1536w, https:\/\/medicina.udd.cl\/fonoaudiologia-santiago\/files\/2024\/07\/fono-diplomado-terapia-auditiva-inter-en-udd-iv-72-2048x1365.jpg 2048w\" sizes=\"auto, (max-width: 1024px) 100vw, 1024px\" \/><\/a><\/figure>\n\n\n\n<figure class=\"wp-block-image size-large\"><a href=\"https:\/\/medicina.udd.cl\/fonoaudiologia-santiago\/files\/2024\/07\/fono-diplomado-terapia-auditiva-inter-en-udd-iv-70-scaled.jpg\"><img loading=\"lazy\" decoding=\"async\" width=\"1024\" height=\"683\" data-id=\"6988\" src=\"https:\/\/medicina.udd.cl\/fonoaudiologia-santiago\/files\/2024\/07\/fono-diplomado-terapia-auditiva-inter-en-udd-iv-70-1024x683.jpg\" alt=\"\" class=\"wp-image-6988\" srcset=\"https:\/\/medicina.udd.cl\/fonoaudiologia-santiago\/files\/2024\/07\/fono-diplomado-terapia-auditiva-inter-en-udd-iv-70-1024x683.jpg 1024w, https:\/\/medicina.udd.cl\/fonoaudiologia-santiago\/files\/2024\/07\/fono-diplomado-terapia-auditiva-inter-en-udd-iv-70-300x200.jpg 300w, https:\/\/medicina.udd.cl\/fonoaudiologia-santiago\/files\/2024\/07\/fono-diplomado-terapia-auditiva-inter-en-udd-iv-70-768x512.jpg 768w, https:\/\/medicina.udd.cl\/fonoaudiologia-santiago\/files\/2024\/07\/fono-diplomado-terapia-auditiva-inter-en-udd-iv-70-1536x1024.jpg 1536w, https:\/\/medicina.udd.cl\/fonoaudiologia-santiago\/files\/2024\/07\/fono-diplomado-terapia-auditiva-inter-en-udd-iv-70-2048x1365.jpg 2048w\" sizes=\"auto, (max-width: 1024px) 100vw, 1024px\" \/><\/a><\/figure>\n\n\n\n<figure class=\"wp-block-image size-large\"><a href=\"https:\/\/medicina.udd.cl\/fonoaudiologia-santiago\/files\/2024\/07\/fono-diplomado-terapia-auditiva-en-udd-54-scaled.jpg\"><img loading=\"lazy\" decoding=\"async\" width=\"1024\" height=\"683\" data-id=\"6958\" src=\"https:\/\/medicina.udd.cl\/fonoaudiologia-santiago\/files\/2024\/07\/fono-diplomado-terapia-auditiva-en-udd-54-1024x683.jpg\" alt=\"\" class=\"wp-image-6958\" srcset=\"https:\/\/medicina.udd.cl\/fonoaudiologia-santiago\/files\/2024\/07\/fono-diplomado-terapia-auditiva-en-udd-54-1024x683.jpg 1024w, https:\/\/medicina.udd.cl\/fonoaudiologia-santiago\/files\/2024\/07\/fono-diplomado-terapia-auditiva-en-udd-54-300x200.jpg 300w, https:\/\/medicina.udd.cl\/fonoaudiologia-santiago\/files\/2024\/07\/fono-diplomado-terapia-auditiva-en-udd-54-768x512.jpg 768w, https:\/\/medicina.udd.cl\/fonoaudiologia-santiago\/files\/2024\/07\/fono-diplomado-terapia-auditiva-en-udd-54-1536x1024.jpg 1536w, https:\/\/medicina.udd.cl\/fonoaudiologia-santiago\/files\/2024\/07\/fono-diplomado-terapia-auditiva-en-udd-54-2048x1365.jpg 2048w\" sizes=\"auto, (max-width: 1024px) 100vw, 1024px\" \/><\/a><\/figure>\n\n\n\n<figure class=\"wp-block-image size-large\"><a href=\"https:\/\/medicina.udd.cl\/fonoaudiologia-santiago\/files\/2024\/07\/fono-diplomado-terapia-auditiva-en-udd-39-scaled.jpg\"><img loading=\"lazy\" decoding=\"async\" width=\"1024\" height=\"683\" data-id=\"6943\" src=\"https:\/\/medicina.udd.cl\/fonoaudiologia-santiago\/files\/2024\/07\/fono-diplomado-terapia-auditiva-en-udd-39-1024x683.jpg\" alt=\"\" class=\"wp-image-6943\" srcset=\"https:\/\/medicina.udd.cl\/fonoaudiologia-santiago\/files\/2024\/07\/fono-diplomado-terapia-auditiva-en-udd-39-1024x683.jpg 1024w, https:\/\/medicina.udd.cl\/fonoaudiologia-santiago\/files\/2024\/07\/fono-diplomado-terapia-auditiva-en-udd-39-300x200.jpg 300w, https:\/\/medicina.udd.cl\/fonoaudiologia-santiago\/files\/2024\/07\/fono-diplomado-terapia-auditiva-en-udd-39-768x512.jpg 768w, https:\/\/medicina.udd.cl\/fonoaudiologia-santiago\/files\/2024\/07\/fono-diplomado-terapia-auditiva-en-udd-39-1536x1024.jpg 1536w, https:\/\/medicina.udd.cl\/fonoaudiologia-santiago\/files\/2024\/07\/fono-diplomado-terapia-auditiva-en-udd-39-2048x1365.jpg 2048w\" sizes=\"auto, (max-width: 1024px) 100vw, 1024px\" \/><\/a><\/figure>\n\n\n\n<figure class=\"wp-block-image size-large\"><a href=\"https:\/\/medicina.udd.cl\/fonoaudiologia-santiago\/files\/2024\/07\/fono-diplomado-terapia-auditiva-en-udd-11-scaled.jpg\"><img loading=\"lazy\" decoding=\"async\" width=\"1024\" height=\"683\" data-id=\"6925\" src=\"https:\/\/medicina.udd.cl\/fonoaudiologia-santiago\/files\/2024\/07\/fono-diplomado-terapia-auditiva-en-udd-11-1024x683.jpg\" alt=\"\" class=\"wp-image-6925\" srcset=\"https:\/\/medicina.udd.cl\/fonoaudiologia-santiago\/files\/2024\/07\/fono-diplomado-terapia-auditiva-en-udd-11-1024x683.jpg 1024w, https:\/\/medicina.udd.cl\/fonoaudiologia-santiago\/files\/2024\/07\/fono-diplomado-terapia-auditiva-en-udd-11-300x200.jpg 300w, https:\/\/medicina.udd.cl\/fonoaudiologia-santiago\/files\/2024\/07\/fono-diplomado-terapia-auditiva-en-udd-11-768x512.jpg 768w, https:\/\/medicina.udd.cl\/fonoaudiologia-santiago\/files\/2024\/07\/fono-diplomado-terapia-auditiva-en-udd-11-1536x1024.jpg 1536w, https:\/\/medicina.udd.cl\/fonoaudiologia-santiago\/files\/2024\/07\/fono-diplomado-terapia-auditiva-en-udd-11-2048x1365.jpg 2048w\" sizes=\"auto, (max-width: 1024px) 100vw, 1024px\" \/><\/a><\/figure>\n\n\n\n<figure class=\"wp-block-image size-large\"><a href=\"https:\/\/medicina.udd.cl\/fonoaudiologia-santiago\/files\/2024\/07\/fono-diplomado-terapia-auditiva-en-udd-74-scaled.jpg\"><img loading=\"lazy\" decoding=\"async\" width=\"1024\" height=\"683\" data-id=\"6964\" src=\"https:\/\/medicina.udd.cl\/fonoaudiologia-santiago\/files\/2024\/07\/fono-diplomado-terapia-auditiva-en-udd-74-1024x683.jpg\" alt=\"\" class=\"wp-image-6964\" srcset=\"https:\/\/medicina.udd.cl\/fonoaudiologia-santiago\/files\/2024\/07\/fono-diplomado-terapia-auditiva-en-udd-74-1024x683.jpg 1024w, https:\/\/medicina.udd.cl\/fonoaudiologia-santiago\/files\/2024\/07\/fono-diplomado-terapia-auditiva-en-udd-74-300x200.jpg 300w, https:\/\/medicina.udd.cl\/fonoaudiologia-santiago\/files\/2024\/07\/fono-diplomado-terapia-auditiva-en-udd-74-768x512.jpg 768w, https:\/\/medicina.udd.cl\/fonoaudiologia-santiago\/files\/2024\/07\/fono-diplomado-terapia-auditiva-en-udd-74-1536x1024.jpg 1536w, https:\/\/medicina.udd.cl\/fonoaudiologia-santiago\/files\/2024\/07\/fono-diplomado-terapia-auditiva-en-udd-74-2048x1365.jpg 2048w\" sizes=\"auto, (max-width: 1024px) 100vw, 1024px\" \/><\/a><\/figure>\n\n\n\n<figure class=\"wp-block-image size-large\"><a href=\"https:\/\/medicina.udd.cl\/fonoaudiologia-santiago\/files\/2024\/07\/fono-diplomado-terapia-auditiva-en-udd-81-scaled.jpg\"><img loading=\"lazy\" decoding=\"async\" width=\"1024\" height=\"1024\" data-id=\"6973\" src=\"https:\/\/medicina.udd.cl\/fonoaudiologia-santiago\/files\/2024\/07\/fono-diplomado-terapia-auditiva-en-udd-81-1024x1024.jpg\" alt=\"\" class=\"wp-image-6973\" srcset=\"https:\/\/medicina.udd.cl\/fonoaudiologia-santiago\/files\/2024\/07\/fono-diplomado-terapia-auditiva-en-udd-81-1024x1024.jpg 1024w, https:\/\/medicina.udd.cl\/fonoaudiologia-santiago\/files\/2024\/07\/fono-diplomado-terapia-auditiva-en-udd-81-300x300.jpg 300w, https:\/\/medicina.udd.cl\/fonoaudiologia-santiago\/files\/2024\/07\/fono-diplomado-terapia-auditiva-en-udd-81-150x150.jpg 150w, https:\/\/medicina.udd.cl\/fonoaudiologia-santiago\/files\/2024\/07\/fono-diplomado-terapia-auditiva-en-udd-81-768x768.jpg 768w, https:\/\/medicina.udd.cl\/fonoaudiologia-santiago\/files\/2024\/07\/fono-diplomado-terapia-auditiva-en-udd-81-62x62.jpg 62w, https:\/\/medicina.udd.cl\/fonoaudiologia-santiago\/files\/2024\/07\/fono-diplomado-terapia-auditiva-en-udd-81-1536x1536.jpg 1536w, https:\/\/medicina.udd.cl\/fonoaudiologia-santiago\/files\/2024\/07\/fono-diplomado-terapia-auditiva-en-udd-81-2048x2048.jpg 2048w, https:\/\/medicina.udd.cl\/fonoaudiologia-santiago\/files\/2024\/07\/fono-diplomado-terapia-auditiva-en-udd-81-750x750.jpg 750w, https:\/\/medicina.udd.cl\/fonoaudiologia-santiago\/files\/2024\/07\/fono-diplomado-terapia-auditiva-en-udd-81-500x500.jpg 500w, https:\/\/medicina.udd.cl\/fonoaudiologia-santiago\/files\/2024\/07\/fono-diplomado-terapia-auditiva-en-udd-81-250x250.jpg 250w, https:\/\/medicina.udd.cl\/fonoaudiologia-santiago\/files\/2024\/07\/fono-diplomado-terapia-auditiva-en-udd-81-126x126.jpg 126w\" sizes=\"auto, (max-width: 1024px) 100vw, 1024px\" \/><\/a><\/figure>\n\n\n\n<figure class=\"wp-block-image size-large\"><a href=\"https:\/\/medicina.udd.cl\/fonoaudiologia-santiago\/files\/2024\/07\/fono-diplomado-terapia-auditiva-en-udd-80-scaled.jpg\"><img loading=\"lazy\" decoding=\"async\" width=\"1024\" height=\"1024\" data-id=\"6970\" src=\"https:\/\/medicina.udd.cl\/fonoaudiologia-santiago\/files\/2024\/07\/fono-diplomado-terapia-auditiva-en-udd-80-1024x1024.jpg\" alt=\"\" class=\"wp-image-6970\" srcset=\"https:\/\/medicina.udd.cl\/fonoaudiologia-santiago\/files\/2024\/07\/fono-diplomado-terapia-auditiva-en-udd-80-1024x1024.jpg 1024w, https:\/\/medicina.udd.cl\/fonoaudiologia-santiago\/files\/2024\/07\/fono-diplomado-terapia-auditiva-en-udd-80-300x300.jpg 300w, https:\/\/medicina.udd.cl\/fonoaudiologia-santiago\/files\/2024\/07\/fono-diplomado-terapia-auditiva-en-udd-80-150x150.jpg 150w, https:\/\/medicina.udd.cl\/fonoaudiologia-santiago\/files\/2024\/07\/fono-diplomado-terapia-auditiva-en-udd-80-768x768.jpg 768w, https:\/\/medicina.udd.cl\/fonoaudiologia-santiago\/files\/2024\/07\/fono-diplomado-terapia-auditiva-en-udd-80-62x62.jpg 62w, https:\/\/medicina.udd.cl\/fonoaudiologia-santiago\/files\/2024\/07\/fono-diplomado-terapia-auditiva-en-udd-80-1536x1536.jpg 1536w, https:\/\/medicina.udd.cl\/fonoaudiologia-santiago\/files\/2024\/07\/fono-diplomado-terapia-auditiva-en-udd-80-2048x2048.jpg 2048w, https:\/\/medicina.udd.cl\/fonoaudiologia-santiago\/files\/2024\/07\/fono-diplomado-terapia-auditiva-en-udd-80-750x750.jpg 750w, https:\/\/medicina.udd.cl\/fonoaudiologia-santiago\/files\/2024\/07\/fono-diplomado-terapia-auditiva-en-udd-80-500x500.jpg 500w, https:\/\/medicina.udd.cl\/fonoaudiologia-santiago\/files\/2024\/07\/fono-diplomado-terapia-auditiva-en-udd-80-250x250.jpg 250w, https:\/\/medicina.udd.cl\/fonoaudiologia-santiago\/files\/2024\/07\/fono-diplomado-terapia-auditiva-en-udd-80-126x126.jpg 126w\" sizes=\"auto, (max-width: 1024px) 100vw, 1024px\" \/><\/a><\/figure>\n\n\n\n<figure class=\"wp-block-image size-large\"><a href=\"https:\/\/medicina.udd.cl\/fonoaudiologia-santiago\/files\/2024\/07\/fono-diplomado-terapia-auditiva-en-udd-63-scaled.jpg\"><img loading=\"lazy\" decoding=\"async\" width=\"1024\" height=\"683\" data-id=\"6961\" src=\"https:\/\/medicina.udd.cl\/fonoaudiologia-santiago\/files\/2024\/07\/fono-diplomado-terapia-auditiva-en-udd-63-1024x683.jpg\" alt=\"\" class=\"wp-image-6961\" srcset=\"https:\/\/medicina.udd.cl\/fonoaudiologia-santiago\/files\/2024\/07\/fono-diplomado-terapia-auditiva-en-udd-63-1024x683.jpg 1024w, https:\/\/medicina.udd.cl\/fonoaudiologia-santiago\/files\/2024\/07\/fono-diplomado-terapia-auditiva-en-udd-63-300x200.jpg 300w, https:\/\/medicina.udd.cl\/fonoaudiologia-santiago\/files\/2024\/07\/fono-diplomado-terapia-auditiva-en-udd-63-768x512.jpg 768w, https:\/\/medicina.udd.cl\/fonoaudiologia-santiago\/files\/2024\/07\/fono-diplomado-terapia-auditiva-en-udd-63-1536x1024.jpg 1536w, https:\/\/medicina.udd.cl\/fonoaudiologia-santiago\/files\/2024\/07\/fono-diplomado-terapia-auditiva-en-udd-63-2048x1365.jpg 2048w\" sizes=\"auto, (max-width: 1024px) 100vw, 1024px\" \/><\/a><\/figure>\n\n\n\n<figure class=\"wp-block-image size-large\"><a href=\"https:\/\/medicina.udd.cl\/fonoaudiologia-santiago\/files\/2024\/07\/fono-diplomado-terapia-auditiva-en-udd-41-scaled.jpg\"><img loading=\"lazy\" decoding=\"async\" width=\"1024\" height=\"683\" data-id=\"6946\" src=\"https:\/\/medicina.udd.cl\/fonoaudiologia-santiago\/files\/2024\/07\/fono-diplomado-terapia-auditiva-en-udd-41-1024x683.jpg\" alt=\"\" class=\"wp-image-6946\" srcset=\"https:\/\/medicina.udd.cl\/fonoaudiologia-santiago\/files\/2024\/07\/fono-diplomado-terapia-auditiva-en-udd-41-1024x683.jpg 1024w, https:\/\/medicina.udd.cl\/fonoaudiologia-santiago\/files\/2024\/07\/fono-diplomado-terapia-auditiva-en-udd-41-300x200.jpg 300w, https:\/\/medicina.udd.cl\/fonoaudiologia-santiago\/files\/2024\/07\/fono-diplomado-terapia-auditiva-en-udd-41-768x512.jpg 768w, https:\/\/medicina.udd.cl\/fonoaudiologia-santiago\/files\/2024\/07\/fono-diplomado-terapia-auditiva-en-udd-41-1536x1024.jpg 1536w, https:\/\/medicina.udd.cl\/fonoaudiologia-santiago\/files\/2024\/07\/fono-diplomado-terapia-auditiva-en-udd-41-2048x1365.jpg 2048w\" sizes=\"auto, (max-width: 1024px) 100vw, 1024px\" \/><\/a><\/figure>\n\n\n\n<figure class=\"wp-block-image size-large\"><a href=\"https:\/\/medicina.udd.cl\/fonoaudiologia-santiago\/files\/2024\/07\/fono-diplomado-terapia-auditiva-en-udd-31-scaled.jpg\"><img loading=\"lazy\" decoding=\"async\" width=\"1024\" height=\"683\" data-id=\"6937\" src=\"https:\/\/medicina.udd.cl\/fonoaudiologia-santiago\/files\/2024\/07\/fono-diplomado-terapia-auditiva-en-udd-31-1024x683.jpg\" alt=\"\" class=\"wp-image-6937\" srcset=\"https:\/\/medicina.udd.cl\/fonoaudiologia-santiago\/files\/2024\/07\/fono-diplomado-terapia-auditiva-en-udd-31-1024x683.jpg 1024w, https:\/\/medicina.udd.cl\/fonoaudiologia-santiago\/files\/2024\/07\/fono-diplomado-terapia-auditiva-en-udd-31-300x200.jpg 300w, https:\/\/medicina.udd.cl\/fonoaudiologia-santiago\/files\/2024\/07\/fono-diplomado-terapia-auditiva-en-udd-31-768x512.jpg 768w, https:\/\/medicina.udd.cl\/fonoaudiologia-santiago\/files\/2024\/07\/fono-diplomado-terapia-auditiva-en-udd-31-1536x1024.jpg 1536w, https:\/\/medicina.udd.cl\/fonoaudiologia-santiago\/files\/2024\/07\/fono-diplomado-terapia-auditiva-en-udd-31-2048x1365.jpg 2048w\" sizes=\"auto, (max-width: 1024px) 100vw, 1024px\" \/><\/a><\/figure>\n\n\n\n<figure class=\"wp-block-image size-large\"><a href=\"https:\/\/medicina.udd.cl\/fonoaudiologia-santiago\/files\/2024\/07\/fono-diplomado-terapia-auditiva-inter-en-udd-iv-91-scaled.jpg\"><img loading=\"lazy\" decoding=\"async\" width=\"1024\" height=\"683\" data-id=\"6997\" src=\"https:\/\/medicina.udd.cl\/fonoaudiologia-santiago\/files\/2024\/07\/fono-diplomado-terapia-auditiva-inter-en-udd-iv-91-1024x683.jpg\" alt=\"\" class=\"wp-image-6997\" srcset=\"https:\/\/medicina.udd.cl\/fonoaudiologia-santiago\/files\/2024\/07\/fono-diplomado-terapia-auditiva-inter-en-udd-iv-91-1024x683.jpg 1024w, https:\/\/medicina.udd.cl\/fonoaudiologia-santiago\/files\/2024\/07\/fono-diplomado-terapia-auditiva-inter-en-udd-iv-91-300x200.jpg 300w, https:\/\/medicina.udd.cl\/fonoaudiologia-santiago\/files\/2024\/07\/fono-diplomado-terapia-auditiva-inter-en-udd-iv-91-768x512.jpg 768w, https:\/\/medicina.udd.cl\/fonoaudiologia-santiago\/files\/2024\/07\/fono-diplomado-terapia-auditiva-inter-en-udd-iv-91-1536x1024.jpg 1536w, https:\/\/medicina.udd.cl\/fonoaudiologia-santiago\/files\/2024\/07\/fono-diplomado-terapia-auditiva-inter-en-udd-iv-91-2048x1365.jpg 2048w\" sizes=\"auto, (max-width: 1024px) 100vw, 1024px\" \/><\/a><\/figure>\n\n\n\n<figure class=\"wp-block-image size-large\"><a href=\"https:\/\/medicina.udd.cl\/fonoaudiologia-santiago\/files\/2024\/07\/fono-diplomado-terapia-auditiva-inter-en-udd-iv-49-scaled.jpg\"><img loading=\"lazy\" decoding=\"async\" width=\"1024\" height=\"683\" data-id=\"6976\" src=\"https:\/\/medicina.udd.cl\/fonoaudiologia-santiago\/files\/2024\/07\/fono-diplomado-terapia-auditiva-inter-en-udd-iv-49-1024x683.jpg\" alt=\"\" class=\"wp-image-6976\" srcset=\"https:\/\/medicina.udd.cl\/fonoaudiologia-santiago\/files\/2024\/07\/fono-diplomado-terapia-auditiva-inter-en-udd-iv-49-1024x683.jpg 1024w, https:\/\/medicina.udd.cl\/fonoaudiologia-santiago\/files\/2024\/07\/fono-diplomado-terapia-auditiva-inter-en-udd-iv-49-300x200.jpg 300w, https:\/\/medicina.udd.cl\/fonoaudiologia-santiago\/files\/2024\/07\/fono-diplomado-terapia-auditiva-inter-en-udd-iv-49-768x512.jpg 768w, https:\/\/medicina.udd.cl\/fonoaudiologia-santiago\/files\/2024\/07\/fono-diplomado-terapia-auditiva-inter-en-udd-iv-49-1536x1024.jpg 1536w, https:\/\/medicina.udd.cl\/fonoaudiologia-santiago\/files\/2024\/07\/fono-diplomado-terapia-auditiva-inter-en-udd-iv-49-2048x1365.jpg 2048w\" sizes=\"auto, (max-width: 1024px) 100vw, 1024px\" \/><\/a><\/figure>\n\n\n\n<figure class=\"wp-block-image size-large\"><a href=\"https:\/\/medicina.udd.cl\/fonoaudiologia-santiago\/files\/2024\/07\/fono-diplomado-terapia-auditiva-en-udd-20-scaled.jpg\"><img loading=\"lazy\" decoding=\"async\" width=\"1024\" height=\"683\" data-id=\"6931\" src=\"https:\/\/medicina.udd.cl\/fonoaudiologia-santiago\/files\/2024\/07\/fono-diplomado-terapia-auditiva-en-udd-20-1024x683.jpg\" alt=\"\" class=\"wp-image-6931\" srcset=\"https:\/\/medicina.udd.cl\/fonoaudiologia-santiago\/files\/2024\/07\/fono-diplomado-terapia-auditiva-en-udd-20-1024x683.jpg 1024w, https:\/\/medicina.udd.cl\/fonoaudiologia-santiago\/files\/2024\/07\/fono-diplomado-terapia-auditiva-en-udd-20-300x200.jpg 300w, https:\/\/medicina.udd.cl\/fonoaudiologia-santiago\/files\/2024\/07\/fono-diplomado-terapia-auditiva-en-udd-20-768x512.jpg 768w, https:\/\/medicina.udd.cl\/fonoaudiologia-santiago\/files\/2024\/07\/fono-diplomado-terapia-auditiva-en-udd-20-1536x1024.jpg 1536w, https:\/\/medicina.udd.cl\/fonoaudiologia-santiago\/files\/2024\/07\/fono-diplomado-terapia-auditiva-en-udd-20-2048x1365.jpg 2048w\" sizes=\"auto, (max-width: 1024px) 100vw, 1024px\" \/><\/a><\/figure>\n\n\n\n<figure class=\"wp-block-image size-large\"><a href=\"https:\/\/medicina.udd.cl\/fonoaudiologia-santiago\/files\/2024\/07\/fono-diplomado-terapia-auditiva-en-udd-53-scaled.jpg\"><img loading=\"lazy\" decoding=\"async\" width=\"1024\" height=\"683\" data-id=\"6955\" src=\"https:\/\/medicina.udd.cl\/fonoaudiologia-santiago\/files\/2024\/07\/fono-diplomado-terapia-auditiva-en-udd-53-1024x683.jpg\" alt=\"\" class=\"wp-image-6955\" srcset=\"https:\/\/medicina.udd.cl\/fonoaudiologia-santiago\/files\/2024\/07\/fono-diplomado-terapia-auditiva-en-udd-53-1024x683.jpg 1024w, https:\/\/medicina.udd.cl\/fonoaudiologia-santiago\/files\/2024\/07\/fono-diplomado-terapia-auditiva-en-udd-53-300x200.jpg 300w, https:\/\/medicina.udd.cl\/fonoaudiologia-santiago\/files\/2024\/07\/fono-diplomado-terapia-auditiva-en-udd-53-768x512.jpg 768w, https:\/\/medicina.udd.cl\/fonoaudiologia-santiago\/files\/2024\/07\/fono-diplomado-terapia-auditiva-en-udd-53-1536x1024.jpg 1536w, https:\/\/medicina.udd.cl\/fonoaudiologia-santiago\/files\/2024\/07\/fono-diplomado-terapia-auditiva-en-udd-53-2048x1365.jpg 2048w\" sizes=\"auto, (max-width: 1024px) 100vw, 1024px\" \/><\/a><\/figure>\n\n\n\n<figure class=\"wp-block-image size-large\"><a href=\"https:\/\/medicina.udd.cl\/fonoaudiologia-santiago\/files\/2024\/07\/fono-diplomado-terapia-auditiva-inter-en-udd-iv-55-scaled.jpg\"><img loading=\"lazy\" decoding=\"async\" width=\"1024\" height=\"683\" data-id=\"6979\" src=\"https:\/\/medicina.udd.cl\/fonoaudiologia-santiago\/files\/2024\/07\/fono-diplomado-terapia-auditiva-inter-en-udd-iv-55-1024x683.jpg\" alt=\"\" class=\"wp-image-6979\" srcset=\"https:\/\/medicina.udd.cl\/fonoaudiologia-santiago\/files\/2024\/07\/fono-diplomado-terapia-auditiva-inter-en-udd-iv-55-1024x683.jpg 1024w, https:\/\/medicina.udd.cl\/fonoaudiologia-santiago\/files\/2024\/07\/fono-diplomado-terapia-auditiva-inter-en-udd-iv-55-300x200.jpg 300w, https:\/\/medicina.udd.cl\/fonoaudiologia-santiago\/files\/2024\/07\/fono-diplomado-terapia-auditiva-inter-en-udd-iv-55-768x512.jpg 768w, https:\/\/medicina.udd.cl\/fonoaudiologia-santiago\/files\/2024\/07\/fono-diplomado-terapia-auditiva-inter-en-udd-iv-55-1536x1024.jpg 1536w, https:\/\/medicina.udd.cl\/fonoaudiologia-santiago\/files\/2024\/07\/fono-diplomado-terapia-auditiva-inter-en-udd-iv-55-2048x1365.jpg 2048w\" sizes=\"auto, (max-width: 1024px) 100vw, 1024px\" \/><\/a><\/figure>\n\n\n\n<figure class=\"wp-block-image size-large\"><a href=\"https:\/\/medicina.udd.cl\/fonoaudiologia-santiago\/files\/2024\/07\/fono-diplomado-terapia-auditiva-en-udd-44-scaled.jpg\"><img loading=\"lazy\" decoding=\"async\" width=\"1024\" height=\"683\" data-id=\"6949\" src=\"https:\/\/medicina.udd.cl\/fonoaudiologia-santiago\/files\/2024\/07\/fono-diplomado-terapia-auditiva-en-udd-44-1024x683.jpg\" alt=\"\" class=\"wp-image-6949\" srcset=\"https:\/\/medicina.udd.cl\/fonoaudiologia-santiago\/files\/2024\/07\/fono-diplomado-terapia-auditiva-en-udd-44-1024x683.jpg 1024w, https:\/\/medicina.udd.cl\/fonoaudiologia-santiago\/files\/2024\/07\/fono-diplomado-terapia-auditiva-en-udd-44-300x200.jpg 300w, https:\/\/medicina.udd.cl\/fonoaudiologia-santiago\/files\/2024\/07\/fono-diplomado-terapia-auditiva-en-udd-44-768x512.jpg 768w, https:\/\/medicina.udd.cl\/fonoaudiologia-santiago\/files\/2024\/07\/fono-diplomado-terapia-auditiva-en-udd-44-1536x1024.jpg 1536w, https:\/\/medicina.udd.cl\/fonoaudiologia-santiago\/files\/2024\/07\/fono-diplomado-terapia-auditiva-en-udd-44-2048x1365.jpg 2048w\" sizes=\"auto, (max-width: 1024px) 100vw, 1024px\" \/><\/a><\/figure>\n\n\n\n<figure class=\"wp-block-image size-large\"><a href=\"https:\/\/medicina.udd.cl\/fonoaudiologia-santiago\/files\/2024\/07\/fono-diplomado-terapia-auditiva-en-udd-18-scaled.jpg\"><img loading=\"lazy\" decoding=\"async\" width=\"1024\" height=\"683\" data-id=\"6928\" src=\"https:\/\/medicina.udd.cl\/fonoaudiologia-santiago\/files\/2024\/07\/fono-diplomado-terapia-auditiva-en-udd-18-1024x683.jpg\" alt=\"\" class=\"wp-image-6928\" srcset=\"https:\/\/medicina.udd.cl\/fonoaudiologia-santiago\/files\/2024\/07\/fono-diplomado-terapia-auditiva-en-udd-18-1024x683.jpg 1024w, https:\/\/medicina.udd.cl\/fonoaudiologia-santiago\/files\/2024\/07\/fono-diplomado-terapia-auditiva-en-udd-18-300x200.jpg 300w, https:\/\/medicina.udd.cl\/fonoaudiologia-santiago\/files\/2024\/07\/fono-diplomado-terapia-auditiva-en-udd-18-768x512.jpg 768w, https:\/\/medicina.udd.cl\/fonoaudiologia-santiago\/files\/2024\/07\/fono-diplomado-terapia-auditiva-en-udd-18-1536x1024.jpg 1536w, https:\/\/medicina.udd.cl\/fonoaudiologia-santiago\/files\/2024\/07\/fono-diplomado-terapia-auditiva-en-udd-18-2048x1365.jpg 2048w\" sizes=\"auto, (max-width: 1024px) 100vw, 1024px\" \/><\/a><\/figure>\n<\/figure>\n\n\n\n<figure class=\"wp-block-image size-large\"><a href=\"https:\/\/medicina.udd.cl\/fonoaudiologia-santiago\/files\/2024\/07\/fono-diplomado-terapia-auditiva-en-udd-82.jpg\"><img loading=\"lazy\" decoding=\"async\" width=\"1024\" height=\"768\" src=\"https:\/\/medicina.udd.cl\/fonoaudiologia-santiago\/files\/2024\/07\/fono-diplomado-terapia-auditiva-en-udd-82-1024x768.jpg\" alt=\"\" class=\"wp-image-7003\" srcset=\"https:\/\/medicina.udd.cl\/fonoaudiologia-santiago\/files\/2024\/07\/fono-diplomado-terapia-auditiva-en-udd-82-1024x768.jpg 1024w, https:\/\/medicina.udd.cl\/fonoaudiologia-santiago\/files\/2024\/07\/fono-diplomado-terapia-auditiva-en-udd-82-300x225.jpg 300w, https:\/\/medicina.udd.cl\/fonoaudiologia-santiago\/files\/2024\/07\/fono-diplomado-terapia-auditiva-en-udd-82-768x576.jpg 768w, https:\/\/medicina.udd.cl\/fonoaudiologia-santiago\/files\/2024\/07\/fono-diplomado-terapia-auditiva-en-udd-82-1536x1152.jpg 1536w, https:\/\/medicina.udd.cl\/fonoaudiologia-santiago\/files\/2024\/07\/fono-diplomado-terapia-auditiva-en-udd-82.jpg 1600w\" sizes=\"auto, (max-width: 1024px) 100vw, 1024px\" \/><\/a><\/figure>\n","protected":false},"excerpt":{"rendered":"<p>Del 22 al 26 de julio, el campus Rector Ernesto Silva Bafalluy de la Universidad del Desarrollo (UDD) fue el escenario de una intensa jornada pr\u00e1ctica que marc\u00f3 la conclusi\u00f3n del diplomado en especializaci\u00f3n internacional en Terapia Auditiva, en su primera generaci\u00f3n. Este innovador programa, promovido por la carrera de Fonoaudiolog\u00eda de la Facultad de [&hellip;]<\/p>\n","protected":false},"author":9192219,"featured_media":6928,"comment_status":"closed","ping_status":"open","sticky":false,"template":"","format":"standard","meta":{"footnotes":""},"categories":[4],"tags":[],"class_list":["post-6919","post","type-post","status-publish","format-standard","has-post-thumbnail","hentry","category-noticias"],"yoast_head":"<!-- This site is optimized with the Yoast SEO plugin v26.9 - https:\/\/yoast.com\/product\/yoast-seo-wordpress\/ -->\n<title>Con jornada pr\u00e1ctica culmina con \u00e9xito la primera versi\u00f3n del Diplomado en Especializaci\u00f3n Internacional en Terapia Auditiva en la UDD - Fonoaudiolog\u00eda<\/title>\n<meta name=\"robots\" content=\"index, follow, max-snippet:-1, max-image-preview:large, max-video-preview:-1\" \/>\n<link rel=\"canonical\" href=\"https:\/\/medicina.udd.cl\/fonoaudiologia-santiago\/noticias\/2024\/07\/26\/con-jornada-practica-culmina-con-exito-la-primera-version-del-diplomado-en-especializacion-internacional-en-terapia-auditiva-en-la-udd\/\" \/>\n<meta property=\"og:locale\" content=\"es_ES\" \/>\n<meta property=\"og:type\" content=\"article\" \/>\n<meta property=\"og:title\" content=\"Con jornada pr\u00e1ctica culmina con \u00e9xito la primera versi\u00f3n del Diplomado en Especializaci\u00f3n Internacional en Terapia Auditiva en la UDD - Fonoaudiolog\u00eda\" \/>\n<meta property=\"og:description\" content=\"Del 22 al 26 de julio, el campus Rector Ernesto Silva Bafalluy de la Universidad del Desarrollo (UDD) fue el escenario de una intensa jornada pr\u00e1ctica que marc\u00f3 la conclusi\u00f3n del diplomado en especializaci\u00f3n internacional en Terapia Auditiva, en su primera generaci\u00f3n. Este innovador programa, promovido por la carrera de Fonoaudiolog\u00eda de la Facultad de [&hellip;]\" \/>\n<meta property=\"og:url\" content=\"https:\/\/medicina.udd.cl\/fonoaudiologia-santiago\/noticias\/2024\/07\/26\/con-jornada-practica-culmina-con-exito-la-primera-version-del-diplomado-en-especializacion-internacional-en-terapia-auditiva-en-la-udd\/\" \/>\n<meta property=\"og:site_name\" content=\"Fonoaudiolog\u00eda\" \/>\n<meta property=\"article:published_time\" content=\"2024-07-26T16:49:34+00:00\" \/>\n<meta property=\"article:modified_time\" content=\"2024-07-29T20:54:22+00:00\" \/>\n<meta property=\"og:image\" content=\"https:\/\/medicina.udd.cl\/fonoaudiologia-santiago\/files\/2024\/07\/fono-diplomado-terapia-auditiva-en-udd-18-scaled.jpg\" \/>\n\t<meta property=\"og:image:width\" content=\"2560\" \/>\n\t<meta property=\"og:image:height\" content=\"1707\" \/>\n\t<meta property=\"og:image:type\" content=\"image\/jpeg\" \/>\n<meta name=\"author\" content=\"rbraidy\" \/>\n<meta name=\"twitter:label1\" content=\"Escrito por\" \/>\n\t<meta name=\"twitter:data1\" content=\"rbraidy\" \/>\n\t<meta name=\"twitter:label2\" content=\"Tiempo de lectura\" \/>\n\t<meta name=\"twitter:data2\" content=\"9 minutos\" \/>\n<script type=\"application\/ld+json\" class=\"yoast-schema-graph\">{\"@context\":\"https:\/\/schema.org\",\"@graph\":[{\"@type\":\"Article\",\"@id\":\"https:\/\/medicina.udd.cl\/fonoaudiologia-santiago\/noticias\/2024\/07\/26\/con-jornada-practica-culmina-con-exito-la-primera-version-del-diplomado-en-especializacion-internacional-en-terapia-auditiva-en-la-udd\/#article\",\"isPartOf\":{\"@id\":\"https:\/\/medicina.udd.cl\/fonoaudiologia-santiago\/noticias\/2024\/07\/26\/con-jornada-practica-culmina-con-exito-la-primera-version-del-diplomado-en-especializacion-internacional-en-terapia-auditiva-en-la-udd\/\"},\"author\":{\"name\":\"rbraidy\",\"@id\":\"https:\/\/medicina.udd.cl\/fonoaudiologia-santiago\/#\/schema\/person\/dbc3705bf3a93e8be1ba6de0ef950341\"},\"headline\":\"Con jornada pr\u00e1ctica culmina con \u00e9xito la primera versi\u00f3n del Diplomado en Especializaci\u00f3n Internacional en Terapia Auditiva en la UDD\",\"datePublished\":\"2024-07-26T16:49:34+00:00\",\"dateModified\":\"2024-07-29T20:54:22+00:00\",\"mainEntityOfPage\":{\"@id\":\"https:\/\/medicina.udd.cl\/fonoaudiologia-santiago\/noticias\/2024\/07\/26\/con-jornada-practica-culmina-con-exito-la-primera-version-del-diplomado-en-especializacion-internacional-en-terapia-auditiva-en-la-udd\/\"},\"wordCount\":728,\"image\":{\"@id\":\"https:\/\/medicina.udd.cl\/fonoaudiologia-santiago\/noticias\/2024\/07\/26\/con-jornada-practica-culmina-con-exito-la-primera-version-del-diplomado-en-especializacion-internacional-en-terapia-auditiva-en-la-udd\/#primaryimage\"},\"thumbnailUrl\":\"https:\/\/medicina.udd.cl\/fonoaudiologia-santiago\/files\/2024\/07\/fono-diplomado-terapia-auditiva-en-udd-18-scaled.jpg\",\"articleSection\":[\"Noticias\"],\"inLanguage\":\"es\"},{\"@type\":\"WebPage\",\"@id\":\"https:\/\/medicina.udd.cl\/fonoaudiologia-santiago\/noticias\/2024\/07\/26\/con-jornada-practica-culmina-con-exito-la-primera-version-del-diplomado-en-especializacion-internacional-en-terapia-auditiva-en-la-udd\/\",\"url\":\"https:\/\/medicina.udd.cl\/fonoaudiologia-santiago\/noticias\/2024\/07\/26\/con-jornada-practica-culmina-con-exito-la-primera-version-del-diplomado-en-especializacion-internacional-en-terapia-auditiva-en-la-udd\/\",\"name\":\"Con jornada pr\u00e1ctica culmina con \u00e9xito la primera versi\u00f3n del Diplomado en Especializaci\u00f3n Internacional en Terapia Auditiva en la UDD - Fonoaudiolog\u00eda\",\"isPartOf\":{\"@id\":\"https:\/\/medicina.udd.cl\/fonoaudiologia-santiago\/#website\"},\"primaryImageOfPage\":{\"@id\":\"https:\/\/medicina.udd.cl\/fonoaudiologia-santiago\/noticias\/2024\/07\/26\/con-jornada-practica-culmina-con-exito-la-primera-version-del-diplomado-en-especializacion-internacional-en-terapia-auditiva-en-la-udd\/#primaryimage\"},\"image\":{\"@id\":\"https:\/\/medicina.udd.cl\/fonoaudiologia-santiago\/noticias\/2024\/07\/26\/con-jornada-practica-culmina-con-exito-la-primera-version-del-diplomado-en-especializacion-internacional-en-terapia-auditiva-en-la-udd\/#primaryimage\"},\"thumbnailUrl\":\"https:\/\/medicina.udd.cl\/fonoaudiologia-santiago\/files\/2024\/07\/fono-diplomado-terapia-auditiva-en-udd-18-scaled.jpg\",\"datePublished\":\"2024-07-26T16:49:34+00:00\",\"dateModified\":\"2024-07-29T20:54:22+00:00\",\"author\":{\"@id\":\"https:\/\/medicina.udd.cl\/fonoaudiologia-santiago\/#\/schema\/person\/dbc3705bf3a93e8be1ba6de0ef950341\"},\"breadcrumb\":{\"@id\":\"https:\/\/medicina.udd.cl\/fonoaudiologia-santiago\/noticias\/2024\/07\/26\/con-jornada-practica-culmina-con-exito-la-primera-version-del-diplomado-en-especializacion-internacional-en-terapia-auditiva-en-la-udd\/#breadcrumb\"},\"inLanguage\":\"es\",\"potentialAction\":[{\"@type\":\"ReadAction\",\"target\":[\"https:\/\/medicina.udd.cl\/fonoaudiologia-santiago\/noticias\/2024\/07\/26\/con-jornada-practica-culmina-con-exito-la-primera-version-del-diplomado-en-especializacion-internacional-en-terapia-auditiva-en-la-udd\/\"]}]},{\"@type\":\"ImageObject\",\"inLanguage\":\"es\",\"@id\":\"https:\/\/medicina.udd.cl\/fonoaudiologia-santiago\/noticias\/2024\/07\/26\/con-jornada-practica-culmina-con-exito-la-primera-version-del-diplomado-en-especializacion-internacional-en-terapia-auditiva-en-la-udd\/#primaryimage\",\"url\":\"https:\/\/medicina.udd.cl\/fonoaudiologia-santiago\/files\/2024\/07\/fono-diplomado-terapia-auditiva-en-udd-18-scaled.jpg\",\"contentUrl\":\"https:\/\/medicina.udd.cl\/fonoaudiologia-santiago\/files\/2024\/07\/fono-diplomado-terapia-auditiva-en-udd-18-scaled.jpg\",\"width\":2560,\"height\":1707},{\"@type\":\"BreadcrumbList\",\"@id\":\"https:\/\/medicina.udd.cl\/fonoaudiologia-santiago\/noticias\/2024\/07\/26\/con-jornada-practica-culmina-con-exito-la-primera-version-del-diplomado-en-especializacion-internacional-en-terapia-auditiva-en-la-udd\/#breadcrumb\",\"itemListElement\":[{\"@type\":\"ListItem\",\"position\":1,\"name\":\"Home\",\"item\":\"https:\/\/medicina.udd.cl\/fonoaudiologia-santiago\/\"},{\"@type\":\"ListItem\",\"position\":2,\"name\":\"Con jornada pr\u00e1ctica culmina con \u00e9xito la primera versi\u00f3n del Diplomado en Especializaci\u00f3n Internacional en Terapia Auditiva en la UDD\"}]},{\"@type\":\"WebSite\",\"@id\":\"https:\/\/medicina.udd.cl\/fonoaudiologia-santiago\/#website\",\"url\":\"https:\/\/medicina.udd.cl\/fonoaudiologia-santiago\/\",\"name\":\"Fonoaudiolog\u00eda\",\"description\":\"Facultad de Medicina Cl\u00ednica Alemana Universidad del Desarrollo\",\"inLanguage\":\"es\"},{\"@type\":\"Person\",\"@id\":\"https:\/\/medicina.udd.cl\/fonoaudiologia-santiago\/#\/schema\/person\/dbc3705bf3a93e8be1ba6de0ef950341\",\"name\":\"rbraidy\",\"image\":{\"@type\":\"ImageObject\",\"inLanguage\":\"es\",\"@id\":\"https:\/\/medicina.udd.cl\/fonoaudiologia-santiago\/#\/schema\/person\/image\/\",\"url\":\"https:\/\/secure.gravatar.com\/avatar\/0f8bc94637401590e45d2ce17eb65c274cb8870a219de6177f3f23e63fd8cdf3?s=96&d=mm&r=g\",\"contentUrl\":\"https:\/\/secure.gravatar.com\/avatar\/0f8bc94637401590e45d2ce17eb65c274cb8870a219de6177f3f23e63fd8cdf3?s=96&d=mm&r=g\",\"caption\":\"rbraidy\"},\"url\":\"https:\/\/medicina.udd.cl\/fonoaudiologia-santiago\/noticias\/author\/rbraidy\/\"}]}<\/script>\n<!-- \/ Yoast SEO plugin. -->","yoast_head_json":{"title":"Con jornada pr\u00e1ctica culmina con \u00e9xito la primera versi\u00f3n del Diplomado en Especializaci\u00f3n Internacional en Terapia Auditiva en la UDD - Fonoaudiolog\u00eda","robots":{"index":"index","follow":"follow","max-snippet":"max-snippet:-1","max-image-preview":"max-image-preview:large","max-video-preview":"max-video-preview:-1"},"canonical":"https:\/\/medicina.udd.cl\/fonoaudiologia-santiago\/noticias\/2024\/07\/26\/con-jornada-practica-culmina-con-exito-la-primera-version-del-diplomado-en-especializacion-internacional-en-terapia-auditiva-en-la-udd\/","og_locale":"es_ES","og_type":"article","og_title":"Con jornada pr\u00e1ctica culmina con \u00e9xito la primera versi\u00f3n del Diplomado en Especializaci\u00f3n Internacional en Terapia Auditiva en la UDD - Fonoaudiolog\u00eda","og_description":"Del 22 al 26 de julio, el campus Rector Ernesto Silva Bafalluy de la Universidad del Desarrollo (UDD) fue el escenario de una intensa jornada pr\u00e1ctica que marc\u00f3 la conclusi\u00f3n del diplomado en especializaci\u00f3n internacional en Terapia Auditiva, en su primera generaci\u00f3n. Este innovador programa, promovido por la carrera de Fonoaudiolog\u00eda de la Facultad de [&hellip;]","og_url":"https:\/\/medicina.udd.cl\/fonoaudiologia-santiago\/noticias\/2024\/07\/26\/con-jornada-practica-culmina-con-exito-la-primera-version-del-diplomado-en-especializacion-internacional-en-terapia-auditiva-en-la-udd\/","og_site_name":"Fonoaudiolog\u00eda","article_published_time":"2024-07-26T16:49:34+00:00","article_modified_time":"2024-07-29T20:54:22+00:00","og_image":[{"width":2560,"height":1707,"url":"https:\/\/medicina.udd.cl\/fonoaudiologia-santiago\/files\/2024\/07\/fono-diplomado-terapia-auditiva-en-udd-18-scaled.jpg","type":"image\/jpeg"}],"author":"rbraidy","twitter_misc":{"Escrito por":"rbraidy","Tiempo de lectura":"9 minutos"},"schema":{"@context":"https:\/\/schema.org","@graph":[{"@type":"Article","@id":"https:\/\/medicina.udd.cl\/fonoaudiologia-santiago\/noticias\/2024\/07\/26\/con-jornada-practica-culmina-con-exito-la-primera-version-del-diplomado-en-especializacion-internacional-en-terapia-auditiva-en-la-udd\/#article","isPartOf":{"@id":"https:\/\/medicina.udd.cl\/fonoaudiologia-santiago\/noticias\/2024\/07\/26\/con-jornada-practica-culmina-con-exito-la-primera-version-del-diplomado-en-especializacion-internacional-en-terapia-auditiva-en-la-udd\/"},"author":{"name":"rbraidy","@id":"https:\/\/medicina.udd.cl\/fonoaudiologia-santiago\/#\/schema\/person\/dbc3705bf3a93e8be1ba6de0ef950341"},"headline":"Con jornada pr\u00e1ctica culmina con \u00e9xito la primera versi\u00f3n del Diplomado en Especializaci\u00f3n Internacional en Terapia Auditiva en la UDD","datePublished":"2024-07-26T16:49:34+00:00","dateModified":"2024-07-29T20:54:22+00:00","mainEntityOfPage":{"@id":"https:\/\/medicina.udd.cl\/fonoaudiologia-santiago\/noticias\/2024\/07\/26\/con-jornada-practica-culmina-con-exito-la-primera-version-del-diplomado-en-especializacion-internacional-en-terapia-auditiva-en-la-udd\/"},"wordCount":728,"image":{"@id":"https:\/\/medicina.udd.cl\/fonoaudiologia-santiago\/noticias\/2024\/07\/26\/con-jornada-practica-culmina-con-exito-la-primera-version-del-diplomado-en-especializacion-internacional-en-terapia-auditiva-en-la-udd\/#primaryimage"},"thumbnailUrl":"https:\/\/medicina.udd.cl\/fonoaudiologia-santiago\/files\/2024\/07\/fono-diplomado-terapia-auditiva-en-udd-18-scaled.jpg","articleSection":["Noticias"],"inLanguage":"es"},{"@type":"WebPage","@id":"https:\/\/medicina.udd.cl\/fonoaudiologia-santiago\/noticias\/2024\/07\/26\/con-jornada-practica-culmina-con-exito-la-primera-version-del-diplomado-en-especializacion-internacional-en-terapia-auditiva-en-la-udd\/","url":"https:\/\/medicina.udd.cl\/fonoaudiologia-santiago\/noticias\/2024\/07\/26\/con-jornada-practica-culmina-con-exito-la-primera-version-del-diplomado-en-especializacion-internacional-en-terapia-auditiva-en-la-udd\/","name":"Con jornada pr\u00e1ctica culmina con \u00e9xito la primera versi\u00f3n del Diplomado en Especializaci\u00f3n Internacional en Terapia Auditiva en la UDD - Fonoaudiolog\u00eda","isPartOf":{"@id":"https:\/\/medicina.udd.cl\/fonoaudiologia-santiago\/#website"},"primaryImageOfPage":{"@id":"https:\/\/medicina.udd.cl\/fonoaudiologia-santiago\/noticias\/2024\/07\/26\/con-jornada-practica-culmina-con-exito-la-primera-version-del-diplomado-en-especializacion-internacional-en-terapia-auditiva-en-la-udd\/#primaryimage"},"image":{"@id":"https:\/\/medicina.udd.cl\/fonoaudiologia-santiago\/noticias\/2024\/07\/26\/con-jornada-practica-culmina-con-exito-la-primera-version-del-diplomado-en-especializacion-internacional-en-terapia-auditiva-en-la-udd\/#primaryimage"},"thumbnailUrl":"https:\/\/medicina.udd.cl\/fonoaudiologia-santiago\/files\/2024\/07\/fono-diplomado-terapia-auditiva-en-udd-18-scaled.jpg","datePublished":"2024-07-26T16:49:34+00:00","dateModified":"2024-07-29T20:54:22+00:00","author":{"@id":"https:\/\/medicina.udd.cl\/fonoaudiologia-santiago\/#\/schema\/person\/dbc3705bf3a93e8be1ba6de0ef950341"},"breadcrumb":{"@id":"https:\/\/medicina.udd.cl\/fonoaudiologia-santiago\/noticias\/2024\/07\/26\/con-jornada-practica-culmina-con-exito-la-primera-version-del-diplomado-en-especializacion-internacional-en-terapia-auditiva-en-la-udd\/#breadcrumb"},"inLanguage":"es","potentialAction":[{"@type":"ReadAction","target":["https:\/\/medicina.udd.cl\/fonoaudiologia-santiago\/noticias\/2024\/07\/26\/con-jornada-practica-culmina-con-exito-la-primera-version-del-diplomado-en-especializacion-internacional-en-terapia-auditiva-en-la-udd\/"]}]},{"@type":"ImageObject","inLanguage":"es","@id":"https:\/\/medicina.udd.cl\/fonoaudiologia-santiago\/noticias\/2024\/07\/26\/con-jornada-practica-culmina-con-exito-la-primera-version-del-diplomado-en-especializacion-internacional-en-terapia-auditiva-en-la-udd\/#primaryimage","url":"https:\/\/medicina.udd.cl\/fonoaudiologia-santiago\/files\/2024\/07\/fono-diplomado-terapia-auditiva-en-udd-18-scaled.jpg","contentUrl":"https:\/\/medicina.udd.cl\/fonoaudiologia-santiago\/files\/2024\/07\/fono-diplomado-terapia-auditiva-en-udd-18-scaled.jpg","width":2560,"height":1707},{"@type":"BreadcrumbList","@id":"https:\/\/medicina.udd.cl\/fonoaudiologia-santiago\/noticias\/2024\/07\/26\/con-jornada-practica-culmina-con-exito-la-primera-version-del-diplomado-en-especializacion-internacional-en-terapia-auditiva-en-la-udd\/#breadcrumb","itemListElement":[{"@type":"ListItem","position":1,"name":"Home","item":"https:\/\/medicina.udd.cl\/fonoaudiologia-santiago\/"},{"@type":"ListItem","position":2,"name":"Con jornada pr\u00e1ctica culmina con \u00e9xito la primera versi\u00f3n del Diplomado en Especializaci\u00f3n Internacional en Terapia Auditiva en la UDD"}]},{"@type":"WebSite","@id":"https:\/\/medicina.udd.cl\/fonoaudiologia-santiago\/#website","url":"https:\/\/medicina.udd.cl\/fonoaudiologia-santiago\/","name":"Fonoaudiolog\u00eda","description":"Facultad de Medicina Cl\u00ednica Alemana Universidad del Desarrollo","inLanguage":"es"},{"@type":"Person","@id":"https:\/\/medicina.udd.cl\/fonoaudiologia-santiago\/#\/schema\/person\/dbc3705bf3a93e8be1ba6de0ef950341","name":"rbraidy","image":{"@type":"ImageObject","inLanguage":"es","@id":"https:\/\/medicina.udd.cl\/fonoaudiologia-santiago\/#\/schema\/person\/image\/","url":"https:\/\/secure.gravatar.com\/avatar\/0f8bc94637401590e45d2ce17eb65c274cb8870a219de6177f3f23e63fd8cdf3?s=96&d=mm&r=g","contentUrl":"https:\/\/secure.gravatar.com\/avatar\/0f8bc94637401590e45d2ce17eb65c274cb8870a219de6177f3f23e63fd8cdf3?s=96&d=mm&r=g","caption":"rbraidy"},"url":"https:\/\/medicina.udd.cl\/fonoaudiologia-santiago\/noticias\/author\/rbraidy\/"}]}},"featured_image_url":"https:\/\/medicina.udd.cl\/fonoaudiologia-santiago\/files\/2024\/07\/fono-diplomado-terapia-auditiva-en-udd-18-scaled.jpg","_links":{"self":[{"href":"https:\/\/medicina.udd.cl\/fonoaudiologia-santiago\/wp-json\/wp\/v2\/posts\/6919","targetHints":{"allow":["GET"]}}],"collection":[{"href":"https:\/\/medicina.udd.cl\/fonoaudiologia-santiago\/wp-json\/wp\/v2\/posts"}],"about":[{"href":"https:\/\/medicina.udd.cl\/fonoaudiologia-santiago\/wp-json\/wp\/v2\/types\/post"}],"author":[{"embeddable":true,"href":"https:\/\/medicina.udd.cl\/fonoaudiologia-santiago\/wp-json\/wp\/v2\/users\/9192219"}],"replies":[{"embeddable":true,"href":"https:\/\/medicina.udd.cl\/fonoaudiologia-santiago\/wp-json\/wp\/v2\/comments?post=6919"}],"version-history":[{"count":3,"href":"https:\/\/medicina.udd.cl\/fonoaudiologia-santiago\/wp-json\/wp\/v2\/posts\/6919\/revisions"}],"predecessor-version":[{"id":7012,"href":"https:\/\/medicina.udd.cl\/fonoaudiologia-santiago\/wp-json\/wp\/v2\/posts\/6919\/revisions\/7012"}],"wp:featuredmedia":[{"embeddable":true,"href":"https:\/\/medicina.udd.cl\/fonoaudiologia-santiago\/wp-json\/wp\/v2\/media\/6928"}],"wp:attachment":[{"href":"https:\/\/medicina.udd.cl\/fonoaudiologia-santiago\/wp-json\/wp\/v2\/media?parent=6919"}],"wp:term":[{"taxonomy":"category","embeddable":true,"href":"https:\/\/medicina.udd.cl\/fonoaudiologia-santiago\/wp-json\/wp\/v2\/categories?post=6919"},{"taxonomy":"post_tag","embeddable":true,"href":"https:\/\/medicina.udd.cl\/fonoaudiologia-santiago\/wp-json\/wp\/v2\/tags?post=6919"}],"curies":[{"name":"wp","href":"https:\/\/api.w.org\/{rel}","templated":true}]}}