{"id":7053,"date":"2024-10-01T11:15:00","date_gmt":"2024-10-01T14:15:00","guid":{"rendered":"https:\/\/medicina.udd.cl\/fonoaudiologia-santiago\/?p=7053"},"modified":"2024-10-11T11:24:35","modified_gmt":"2024-10-11T14:24:35","slug":"fonoaudiologia-udd-realiza-exitosa-tercera-version-del-taller-de-otoscopia-y-lavado-de-oidos","status":"publish","type":"post","link":"https:\/\/medicina.udd.cl\/fonoaudiologia-santiago\/noticias\/2024\/10\/01\/fonoaudiologia-udd-realiza-exitosa-tercera-version-del-taller-de-otoscopia-y-lavado-de-oidos\/","title":{"rendered":"Fonoaudiolog\u00eda UDD realiza exitosa tercera versi\u00f3n del taller de Otoscopia y Lavado de O\u00eddos"},"content":{"rendered":"\n<figure class=\"wp-block-gallery has-nested-images columns-default is-cropped wp-block-gallery-1 is-layout-flex wp-block-gallery-is-layout-flex\">\n<figure class=\"wp-block-image size-large\"><a href=\"https:\/\/medicina.udd.cl\/fonoaudiologia-santiago\/files\/2024\/10\/fono-taller-otoscopia-y-lavado-de-oidos_versioniii-7.jpg\"><img loading=\"lazy\" decoding=\"async\" width=\"1024\" height=\"768\" data-id=\"7060\" src=\"https:\/\/medicina.udd.cl\/fonoaudiologia-santiago\/files\/2024\/10\/fono-taller-otoscopia-y-lavado-de-oidos_versioniii-7-1024x768.jpg\" alt=\"\" class=\"wp-image-7060\" srcset=\"https:\/\/medicina.udd.cl\/fonoaudiologia-santiago\/files\/2024\/10\/fono-taller-otoscopia-y-lavado-de-oidos_versioniii-7-1024x768.jpg 1024w, https:\/\/medicina.udd.cl\/fonoaudiologia-santiago\/files\/2024\/10\/fono-taller-otoscopia-y-lavado-de-oidos_versioniii-7-300x225.jpg 300w, https:\/\/medicina.udd.cl\/fonoaudiologia-santiago\/files\/2024\/10\/fono-taller-otoscopia-y-lavado-de-oidos_versioniii-7-768x576.jpg 768w, https:\/\/medicina.udd.cl\/fonoaudiologia-santiago\/files\/2024\/10\/fono-taller-otoscopia-y-lavado-de-oidos_versioniii-7-1536x1152.jpg 1536w, https:\/\/medicina.udd.cl\/fonoaudiologia-santiago\/files\/2024\/10\/fono-taller-otoscopia-y-lavado-de-oidos_versioniii-7.jpg 1600w\" sizes=\"auto, (max-width: 1024px) 100vw, 1024px\" \/><\/a><\/figure>\n\n\n\n<figure class=\"wp-block-image size-large\"><a href=\"https:\/\/medicina.udd.cl\/fonoaudiologia-santiago\/files\/2024\/10\/fono-taller-otoscopia-y-lavado-de-oidos_versioniii-12.jpg\"><img loading=\"lazy\" decoding=\"async\" width=\"1024\" height=\"768\" data-id=\"7065\" src=\"https:\/\/medicina.udd.cl\/fonoaudiologia-santiago\/files\/2024\/10\/fono-taller-otoscopia-y-lavado-de-oidos_versioniii-12-1024x768.jpg\" alt=\"\" class=\"wp-image-7065\" srcset=\"https:\/\/medicina.udd.cl\/fonoaudiologia-santiago\/files\/2024\/10\/fono-taller-otoscopia-y-lavado-de-oidos_versioniii-12-1024x768.jpg 1024w, https:\/\/medicina.udd.cl\/fonoaudiologia-santiago\/files\/2024\/10\/fono-taller-otoscopia-y-lavado-de-oidos_versioniii-12-300x225.jpg 300w, https:\/\/medicina.udd.cl\/fonoaudiologia-santiago\/files\/2024\/10\/fono-taller-otoscopia-y-lavado-de-oidos_versioniii-12-768x576.jpg 768w, https:\/\/medicina.udd.cl\/fonoaudiologia-santiago\/files\/2024\/10\/fono-taller-otoscopia-y-lavado-de-oidos_versioniii-12-1536x1152.jpg 1536w, https:\/\/medicina.udd.cl\/fonoaudiologia-santiago\/files\/2024\/10\/fono-taller-otoscopia-y-lavado-de-oidos_versioniii-12.jpg 1600w\" sizes=\"auto, (max-width: 1024px) 100vw, 1024px\" \/><\/a><\/figure>\n\n\n\n<figure class=\"wp-block-image size-large\"><a href=\"https:\/\/medicina.udd.cl\/fonoaudiologia-santiago\/files\/2024\/10\/fono-taller-otoscopia-y-lavado-de-oidos_versioniii-8.jpg\"><img loading=\"lazy\" decoding=\"async\" width=\"1024\" height=\"768\" data-id=\"7061\" src=\"https:\/\/medicina.udd.cl\/fonoaudiologia-santiago\/files\/2024\/10\/fono-taller-otoscopia-y-lavado-de-oidos_versioniii-8-1024x768.jpg\" alt=\"\" class=\"wp-image-7061\" srcset=\"https:\/\/medicina.udd.cl\/fonoaudiologia-santiago\/files\/2024\/10\/fono-taller-otoscopia-y-lavado-de-oidos_versioniii-8-1024x768.jpg 1024w, https:\/\/medicina.udd.cl\/fonoaudiologia-santiago\/files\/2024\/10\/fono-taller-otoscopia-y-lavado-de-oidos_versioniii-8-300x225.jpg 300w, https:\/\/medicina.udd.cl\/fonoaudiologia-santiago\/files\/2024\/10\/fono-taller-otoscopia-y-lavado-de-oidos_versioniii-8-768x576.jpg 768w, https:\/\/medicina.udd.cl\/fonoaudiologia-santiago\/files\/2024\/10\/fono-taller-otoscopia-y-lavado-de-oidos_versioniii-8-1536x1152.jpg 1536w, https:\/\/medicina.udd.cl\/fonoaudiologia-santiago\/files\/2024\/10\/fono-taller-otoscopia-y-lavado-de-oidos_versioniii-8.jpg 1600w\" sizes=\"auto, (max-width: 1024px) 100vw, 1024px\" \/><\/a><\/figure>\n<\/figure>\n\n\n\n<p>El viernes 27 de septiembre, las acad\u00e9micas del \u00c1rea de Audiolog\u00eda de la carrera de Fonoaudiolog\u00eda de la Facultad de Medicina Cl\u00ednica Alemana Universidad del Desarrollo (UDD), Flga. Pamela Tomicic y Flga. Mar\u00eda Ignacia Mart\u00ednez, llevaron a cabo la tercera versi\u00f3n del taller de Otoscopia y Lavado de O\u00eddos.<\/p>\n\n\n\n<p>Este taller, dirigido a estudiantes y profesionales del \u00e1rea de la salud, tuvo como objetivo capacitar a los participantes en la realizaci\u00f3n de otoscopias y lavados de o\u00eddos con pacientes reales. Bajo la supervisi\u00f3n de los docentes, los asistentes pudieron practicar estos procedimientos, destacando la importancia de realizar intervenciones seguras y eficaces para aquellos pacientes que padecen patolog\u00edas relacionadas con la acumulaci\u00f3n de cerumen.<\/p>\n\n\n\n<p>La actividad cont\u00f3 con la presencia de la Dra. Marcela Castillo, decana de la Facultad de Medicina y otorrinolaring\u00f3loga, quien ofreci\u00f3 una clase magistral a los asistentes. Su intervenci\u00f3n permiti\u00f3 profundizar en los aspectos cl\u00ednicos y te\u00f3ricos del manejo de estas patolog\u00edas.<\/p>\n\n\n\n<p>El taller culmin\u00f3 con \u00e9xito, entregando a los participantes las herramientas necesarias para enfrentar un problema de salud que afecta a una porci\u00f3n significativa de la poblaci\u00f3n, mejorando as\u00ed la calidad de la atenci\u00f3n en este \u00e1mbito.<\/p>\n\n\n\n<figure class=\"wp-block-gallery has-nested-images columns-default is-cropped wp-block-gallery-2 is-layout-flex wp-block-gallery-is-layout-flex\">\n<figure class=\"wp-block-image size-large\"><a href=\"https:\/\/medicina.udd.cl\/fonoaudiologia-santiago\/files\/2024\/10\/fono-taller-otoscopia-y-lavado-de-oidos_versioniii-2.jpg\"><img loading=\"lazy\" decoding=\"async\" width=\"1024\" height=\"768\" data-id=\"7055\" src=\"https:\/\/medicina.udd.cl\/fonoaudiologia-santiago\/files\/2024\/10\/fono-taller-otoscopia-y-lavado-de-oidos_versioniii-2-1024x768.jpg\" alt=\"\" class=\"wp-image-7055\" srcset=\"https:\/\/medicina.udd.cl\/fonoaudiologia-santiago\/files\/2024\/10\/fono-taller-otoscopia-y-lavado-de-oidos_versioniii-2-1024x768.jpg 1024w, https:\/\/medicina.udd.cl\/fonoaudiologia-santiago\/files\/2024\/10\/fono-taller-otoscopia-y-lavado-de-oidos_versioniii-2-300x225.jpg 300w, https:\/\/medicina.udd.cl\/fonoaudiologia-santiago\/files\/2024\/10\/fono-taller-otoscopia-y-lavado-de-oidos_versioniii-2-768x576.jpg 768w, https:\/\/medicina.udd.cl\/fonoaudiologia-santiago\/files\/2024\/10\/fono-taller-otoscopia-y-lavado-de-oidos_versioniii-2-1536x1152.jpg 1536w, https:\/\/medicina.udd.cl\/fonoaudiologia-santiago\/files\/2024\/10\/fono-taller-otoscopia-y-lavado-de-oidos_versioniii-2.jpg 1600w\" sizes=\"auto, (max-width: 1024px) 100vw, 1024px\" \/><\/a><\/figure>\n\n\n\n<figure class=\"wp-block-image size-large\"><a href=\"https:\/\/medicina.udd.cl\/fonoaudiologia-santiago\/files\/2024\/10\/fono-taller-otoscopia-y-lavado-de-oidos_versioniii-3.jpg\"><img loading=\"lazy\" decoding=\"async\" width=\"1024\" height=\"768\" data-id=\"7056\" src=\"https:\/\/medicina.udd.cl\/fonoaudiologia-santiago\/files\/2024\/10\/fono-taller-otoscopia-y-lavado-de-oidos_versioniii-3-1024x768.jpg\" alt=\"\" class=\"wp-image-7056\" srcset=\"https:\/\/medicina.udd.cl\/fonoaudiologia-santiago\/files\/2024\/10\/fono-taller-otoscopia-y-lavado-de-oidos_versioniii-3-1024x768.jpg 1024w, https:\/\/medicina.udd.cl\/fonoaudiologia-santiago\/files\/2024\/10\/fono-taller-otoscopia-y-lavado-de-oidos_versioniii-3-300x225.jpg 300w, https:\/\/medicina.udd.cl\/fonoaudiologia-santiago\/files\/2024\/10\/fono-taller-otoscopia-y-lavado-de-oidos_versioniii-3-768x576.jpg 768w, https:\/\/medicina.udd.cl\/fonoaudiologia-santiago\/files\/2024\/10\/fono-taller-otoscopia-y-lavado-de-oidos_versioniii-3-1536x1152.jpg 1536w, https:\/\/medicina.udd.cl\/fonoaudiologia-santiago\/files\/2024\/10\/fono-taller-otoscopia-y-lavado-de-oidos_versioniii-3.jpg 1600w\" sizes=\"auto, (max-width: 1024px) 100vw, 1024px\" \/><\/a><\/figure>\n\n\n\n<figure class=\"wp-block-image size-large\"><a href=\"https:\/\/medicina.udd.cl\/fonoaudiologia-santiago\/files\/2024\/10\/fono-taller-otoscopia-y-lavado-de-oidos_versioniii-5.jpg\"><img loading=\"lazy\" decoding=\"async\" width=\"1024\" height=\"768\" data-id=\"7058\" src=\"https:\/\/medicina.udd.cl\/fonoaudiologia-santiago\/files\/2024\/10\/fono-taller-otoscopia-y-lavado-de-oidos_versioniii-5-1024x768.jpg\" alt=\"\" class=\"wp-image-7058\" srcset=\"https:\/\/medicina.udd.cl\/fonoaudiologia-santiago\/files\/2024\/10\/fono-taller-otoscopia-y-lavado-de-oidos_versioniii-5-1024x768.jpg 1024w, https:\/\/medicina.udd.cl\/fonoaudiologia-santiago\/files\/2024\/10\/fono-taller-otoscopia-y-lavado-de-oidos_versioniii-5-300x225.jpg 300w, https:\/\/medicina.udd.cl\/fonoaudiologia-santiago\/files\/2024\/10\/fono-taller-otoscopia-y-lavado-de-oidos_versioniii-5-768x576.jpg 768w, https:\/\/medicina.udd.cl\/fonoaudiologia-santiago\/files\/2024\/10\/fono-taller-otoscopia-y-lavado-de-oidos_versioniii-5-1536x1152.jpg 1536w, https:\/\/medicina.udd.cl\/fonoaudiologia-santiago\/files\/2024\/10\/fono-taller-otoscopia-y-lavado-de-oidos_versioniii-5.jpg 1600w\" sizes=\"auto, (max-width: 1024px) 100vw, 1024px\" \/><\/a><\/figure>\n\n\n\n<figure class=\"wp-block-image size-large\"><a href=\"https:\/\/medicina.udd.cl\/fonoaudiologia-santiago\/files\/2024\/10\/fono-taller-otoscopia-y-lavado-de-oidos_versioniii-6.jpg\"><img loading=\"lazy\" decoding=\"async\" width=\"1024\" height=\"768\" data-id=\"7059\" src=\"https:\/\/medicina.udd.cl\/fonoaudiologia-santiago\/files\/2024\/10\/fono-taller-otoscopia-y-lavado-de-oidos_versioniii-6-1024x768.jpg\" alt=\"\" class=\"wp-image-7059\" srcset=\"https:\/\/medicina.udd.cl\/fonoaudiologia-santiago\/files\/2024\/10\/fono-taller-otoscopia-y-lavado-de-oidos_versioniii-6-1024x768.jpg 1024w, https:\/\/medicina.udd.cl\/fonoaudiologia-santiago\/files\/2024\/10\/fono-taller-otoscopia-y-lavado-de-oidos_versioniii-6-300x225.jpg 300w, https:\/\/medicina.udd.cl\/fonoaudiologia-santiago\/files\/2024\/10\/fono-taller-otoscopia-y-lavado-de-oidos_versioniii-6-768x576.jpg 768w, https:\/\/medicina.udd.cl\/fonoaudiologia-santiago\/files\/2024\/10\/fono-taller-otoscopia-y-lavado-de-oidos_versioniii-6-1536x1152.jpg 1536w, https:\/\/medicina.udd.cl\/fonoaudiologia-santiago\/files\/2024\/10\/fono-taller-otoscopia-y-lavado-de-oidos_versioniii-6.jpg 1600w\" sizes=\"auto, (max-width: 1024px) 100vw, 1024px\" \/><\/a><\/figure>\n\n\n\n<figure class=\"wp-block-image size-large\"><a href=\"https:\/\/medicina.udd.cl\/fonoaudiologia-santiago\/files\/2024\/10\/fono-taller-otoscopia-y-lavado-de-oidos_versioniii-11.jpg\"><img loading=\"lazy\" decoding=\"async\" width=\"1024\" height=\"768\" data-id=\"7064\" src=\"https:\/\/medicina.udd.cl\/fonoaudiologia-santiago\/files\/2024\/10\/fono-taller-otoscopia-y-lavado-de-oidos_versioniii-11-1024x768.jpg\" alt=\"\" class=\"wp-image-7064\" srcset=\"https:\/\/medicina.udd.cl\/fonoaudiologia-santiago\/files\/2024\/10\/fono-taller-otoscopia-y-lavado-de-oidos_versioniii-11-1024x768.jpg 1024w, https:\/\/medicina.udd.cl\/fonoaudiologia-santiago\/files\/2024\/10\/fono-taller-otoscopia-y-lavado-de-oidos_versioniii-11-300x225.jpg 300w, https:\/\/medicina.udd.cl\/fonoaudiologia-santiago\/files\/2024\/10\/fono-taller-otoscopia-y-lavado-de-oidos_versioniii-11-768x576.jpg 768w, https:\/\/medicina.udd.cl\/fonoaudiologia-santiago\/files\/2024\/10\/fono-taller-otoscopia-y-lavado-de-oidos_versioniii-11-1536x1152.jpg 1536w, https:\/\/medicina.udd.cl\/fonoaudiologia-santiago\/files\/2024\/10\/fono-taller-otoscopia-y-lavado-de-oidos_versioniii-11.jpg 1600w\" sizes=\"auto, (max-width: 1024px) 100vw, 1024px\" \/><\/a><\/figure>\n\n\n\n<figure class=\"wp-block-image size-large\"><a href=\"https:\/\/medicina.udd.cl\/fonoaudiologia-santiago\/files\/2024\/10\/fono-taller-otoscopia-y-lavado-de-oidos_versioniii-10.jpg\"><img loading=\"lazy\" decoding=\"async\" width=\"1024\" height=\"768\" data-id=\"7063\" src=\"https:\/\/medicina.udd.cl\/fonoaudiologia-santiago\/files\/2024\/10\/fono-taller-otoscopia-y-lavado-de-oidos_versioniii-10-1024x768.jpg\" alt=\"\" class=\"wp-image-7063\" srcset=\"https:\/\/medicina.udd.cl\/fonoaudiologia-santiago\/files\/2024\/10\/fono-taller-otoscopia-y-lavado-de-oidos_versioniii-10-1024x768.jpg 1024w, https:\/\/medicina.udd.cl\/fonoaudiologia-santiago\/files\/2024\/10\/fono-taller-otoscopia-y-lavado-de-oidos_versioniii-10-300x225.jpg 300w, https:\/\/medicina.udd.cl\/fonoaudiologia-santiago\/files\/2024\/10\/fono-taller-otoscopia-y-lavado-de-oidos_versioniii-10-768x576.jpg 768w, https:\/\/medicina.udd.cl\/fonoaudiologia-santiago\/files\/2024\/10\/fono-taller-otoscopia-y-lavado-de-oidos_versioniii-10-1536x1152.jpg 1536w, https:\/\/medicina.udd.cl\/fonoaudiologia-santiago\/files\/2024\/10\/fono-taller-otoscopia-y-lavado-de-oidos_versioniii-10.jpg 1600w\" sizes=\"auto, (max-width: 1024px) 100vw, 1024px\" \/><\/a><\/figure>\n\n\n\n<figure class=\"wp-block-image size-large\"><a href=\"https:\/\/medicina.udd.cl\/fonoaudiologia-santiago\/files\/2024\/10\/fono-taller-otoscopia-y-lavado-de-oidos_versioniii-1.jpg\"><img loading=\"lazy\" decoding=\"async\" width=\"1024\" height=\"768\" data-id=\"7054\" src=\"https:\/\/medicina.udd.cl\/fonoaudiologia-santiago\/files\/2024\/10\/fono-taller-otoscopia-y-lavado-de-oidos_versioniii-1-1024x768.jpg\" alt=\"\" class=\"wp-image-7054\" srcset=\"https:\/\/medicina.udd.cl\/fonoaudiologia-santiago\/files\/2024\/10\/fono-taller-otoscopia-y-lavado-de-oidos_versioniii-1-1024x768.jpg 1024w, https:\/\/medicina.udd.cl\/fonoaudiologia-santiago\/files\/2024\/10\/fono-taller-otoscopia-y-lavado-de-oidos_versioniii-1-300x225.jpg 300w, https:\/\/medicina.udd.cl\/fonoaudiologia-santiago\/files\/2024\/10\/fono-taller-otoscopia-y-lavado-de-oidos_versioniii-1-768x576.jpg 768w, https:\/\/medicina.udd.cl\/fonoaudiologia-santiago\/files\/2024\/10\/fono-taller-otoscopia-y-lavado-de-oidos_versioniii-1-1536x1152.jpg 1536w, https:\/\/medicina.udd.cl\/fonoaudiologia-santiago\/files\/2024\/10\/fono-taller-otoscopia-y-lavado-de-oidos_versioniii-1.jpg 1600w\" sizes=\"auto, (max-width: 1024px) 100vw, 1024px\" \/><\/a><\/figure>\n<\/figure>\n","protected":false},"excerpt":{"rendered":"<p>El viernes 27 de septiembre, las acad\u00e9micas del \u00c1rea de Audiolog\u00eda de la carrera de Fonoaudiolog\u00eda de la Facultad de Medicina Cl\u00ednica Alemana Universidad del Desarrollo (UDD), Flga. Pamela Tomicic y Flga. Mar\u00eda Ignacia Mart\u00ednez, llevaron a cabo la tercera versi\u00f3n del taller de Otoscopia y Lavado de O\u00eddos. Este taller, dirigido a estudiantes y [&hellip;]<\/p>\n","protected":false},"author":9192219,"featured_media":7054,"comment_status":"closed","ping_status":"open","sticky":false,"template":"","format":"standard","meta":{"footnotes":""},"categories":[4],"tags":[],"class_list":["post-7053","post","type-post","status-publish","format-standard","has-post-thumbnail","hentry","category-noticias"],"yoast_head":"<!-- This site is optimized with the Yoast SEO plugin v26.9 - https:\/\/yoast.com\/product\/yoast-seo-wordpress\/ -->\n<title>Fonoaudiolog\u00eda UDD realiza exitosa tercera versi\u00f3n del taller de Otoscopia y Lavado de O\u00eddos - Fonoaudiolog\u00eda<\/title>\n<meta name=\"robots\" content=\"index, follow, max-snippet:-1, max-image-preview:large, max-video-preview:-1\" \/>\n<link rel=\"canonical\" href=\"https:\/\/medicina.udd.cl\/fonoaudiologia-santiago\/noticias\/2024\/10\/01\/fonoaudiologia-udd-realiza-exitosa-tercera-version-del-taller-de-otoscopia-y-lavado-de-oidos\/\" \/>\n<meta property=\"og:locale\" content=\"es_ES\" \/>\n<meta property=\"og:type\" content=\"article\" \/>\n<meta property=\"og:title\" content=\"Fonoaudiolog\u00eda UDD realiza exitosa tercera versi\u00f3n del taller de Otoscopia y Lavado de O\u00eddos - Fonoaudiolog\u00eda\" \/>\n<meta property=\"og:description\" content=\"El viernes 27 de septiembre, las acad\u00e9micas del \u00c1rea de Audiolog\u00eda de la carrera de Fonoaudiolog\u00eda de la Facultad de Medicina Cl\u00ednica Alemana Universidad del Desarrollo (UDD), Flga. Pamela Tomicic y Flga. Mar\u00eda Ignacia Mart\u00ednez, llevaron a cabo la tercera versi\u00f3n del taller de Otoscopia y Lavado de O\u00eddos. Este taller, dirigido a estudiantes y [&hellip;]\" \/>\n<meta property=\"og:url\" content=\"https:\/\/medicina.udd.cl\/fonoaudiologia-santiago\/noticias\/2024\/10\/01\/fonoaudiologia-udd-realiza-exitosa-tercera-version-del-taller-de-otoscopia-y-lavado-de-oidos\/\" \/>\n<meta property=\"og:site_name\" content=\"Fonoaudiolog\u00eda\" \/>\n<meta property=\"article:published_time\" content=\"2024-10-01T14:15:00+00:00\" \/>\n<meta property=\"article:modified_time\" content=\"2024-10-11T14:24:35+00:00\" \/>\n<meta property=\"og:image\" content=\"https:\/\/medicina.udd.cl\/fonoaudiologia-santiago\/files\/2024\/10\/fono-taller-otoscopia-y-lavado-de-oidos_versioniii-1.jpg\" \/>\n\t<meta property=\"og:image:width\" content=\"1600\" \/>\n\t<meta property=\"og:image:height\" content=\"1200\" \/>\n\t<meta property=\"og:image:type\" content=\"image\/jpeg\" \/>\n<meta name=\"author\" content=\"rbraidy\" \/>\n<meta name=\"twitter:label1\" content=\"Escrito por\" \/>\n\t<meta name=\"twitter:data1\" content=\"rbraidy\" \/>\n\t<meta name=\"twitter:label2\" content=\"Tiempo de lectura\" \/>\n\t<meta name=\"twitter:data2\" content=\"4 minutos\" \/>\n<script type=\"application\/ld+json\" class=\"yoast-schema-graph\">{\"@context\":\"https:\/\/schema.org\",\"@graph\":[{\"@type\":\"Article\",\"@id\":\"https:\/\/medicina.udd.cl\/fonoaudiologia-santiago\/noticias\/2024\/10\/01\/fonoaudiologia-udd-realiza-exitosa-tercera-version-del-taller-de-otoscopia-y-lavado-de-oidos\/#article\",\"isPartOf\":{\"@id\":\"https:\/\/medicina.udd.cl\/fonoaudiologia-santiago\/noticias\/2024\/10\/01\/fonoaudiologia-udd-realiza-exitosa-tercera-version-del-taller-de-otoscopia-y-lavado-de-oidos\/\"},\"author\":{\"name\":\"rbraidy\",\"@id\":\"https:\/\/medicina.udd.cl\/fonoaudiologia-santiago\/#\/schema\/person\/dbc3705bf3a93e8be1ba6de0ef950341\"},\"headline\":\"Fonoaudiolog\u00eda UDD realiza exitosa tercera versi\u00f3n del taller de Otoscopia y Lavado de O\u00eddos\",\"datePublished\":\"2024-10-01T14:15:00+00:00\",\"dateModified\":\"2024-10-11T14:24:35+00:00\",\"mainEntityOfPage\":{\"@id\":\"https:\/\/medicina.udd.cl\/fonoaudiologia-santiago\/noticias\/2024\/10\/01\/fonoaudiologia-udd-realiza-exitosa-tercera-version-del-taller-de-otoscopia-y-lavado-de-oidos\/\"},\"wordCount\":229,\"image\":{\"@id\":\"https:\/\/medicina.udd.cl\/fonoaudiologia-santiago\/noticias\/2024\/10\/01\/fonoaudiologia-udd-realiza-exitosa-tercera-version-del-taller-de-otoscopia-y-lavado-de-oidos\/#primaryimage\"},\"thumbnailUrl\":\"https:\/\/medicina.udd.cl\/fonoaudiologia-santiago\/files\/2024\/10\/fono-taller-otoscopia-y-lavado-de-oidos_versioniii-1.jpg\",\"articleSection\":[\"Noticias\"],\"inLanguage\":\"es\"},{\"@type\":\"WebPage\",\"@id\":\"https:\/\/medicina.udd.cl\/fonoaudiologia-santiago\/noticias\/2024\/10\/01\/fonoaudiologia-udd-realiza-exitosa-tercera-version-del-taller-de-otoscopia-y-lavado-de-oidos\/\",\"url\":\"https:\/\/medicina.udd.cl\/fonoaudiologia-santiago\/noticias\/2024\/10\/01\/fonoaudiologia-udd-realiza-exitosa-tercera-version-del-taller-de-otoscopia-y-lavado-de-oidos\/\",\"name\":\"Fonoaudiolog\u00eda UDD realiza exitosa tercera versi\u00f3n del taller de Otoscopia y Lavado de O\u00eddos - Fonoaudiolog\u00eda\",\"isPartOf\":{\"@id\":\"https:\/\/medicina.udd.cl\/fonoaudiologia-santiago\/#website\"},\"primaryImageOfPage\":{\"@id\":\"https:\/\/medicina.udd.cl\/fonoaudiologia-santiago\/noticias\/2024\/10\/01\/fonoaudiologia-udd-realiza-exitosa-tercera-version-del-taller-de-otoscopia-y-lavado-de-oidos\/#primaryimage\"},\"image\":{\"@id\":\"https:\/\/medicina.udd.cl\/fonoaudiologia-santiago\/noticias\/2024\/10\/01\/fonoaudiologia-udd-realiza-exitosa-tercera-version-del-taller-de-otoscopia-y-lavado-de-oidos\/#primaryimage\"},\"thumbnailUrl\":\"https:\/\/medicina.udd.cl\/fonoaudiologia-santiago\/files\/2024\/10\/fono-taller-otoscopia-y-lavado-de-oidos_versioniii-1.jpg\",\"datePublished\":\"2024-10-01T14:15:00+00:00\",\"dateModified\":\"2024-10-11T14:24:35+00:00\",\"author\":{\"@id\":\"https:\/\/medicina.udd.cl\/fonoaudiologia-santiago\/#\/schema\/person\/dbc3705bf3a93e8be1ba6de0ef950341\"},\"breadcrumb\":{\"@id\":\"https:\/\/medicina.udd.cl\/fonoaudiologia-santiago\/noticias\/2024\/10\/01\/fonoaudiologia-udd-realiza-exitosa-tercera-version-del-taller-de-otoscopia-y-lavado-de-oidos\/#breadcrumb\"},\"inLanguage\":\"es\",\"potentialAction\":[{\"@type\":\"ReadAction\",\"target\":[\"https:\/\/medicina.udd.cl\/fonoaudiologia-santiago\/noticias\/2024\/10\/01\/fonoaudiologia-udd-realiza-exitosa-tercera-version-del-taller-de-otoscopia-y-lavado-de-oidos\/\"]}]},{\"@type\":\"ImageObject\",\"inLanguage\":\"es\",\"@id\":\"https:\/\/medicina.udd.cl\/fonoaudiologia-santiago\/noticias\/2024\/10\/01\/fonoaudiologia-udd-realiza-exitosa-tercera-version-del-taller-de-otoscopia-y-lavado-de-oidos\/#primaryimage\",\"url\":\"https:\/\/medicina.udd.cl\/fonoaudiologia-santiago\/files\/2024\/10\/fono-taller-otoscopia-y-lavado-de-oidos_versioniii-1.jpg\",\"contentUrl\":\"https:\/\/medicina.udd.cl\/fonoaudiologia-santiago\/files\/2024\/10\/fono-taller-otoscopia-y-lavado-de-oidos_versioniii-1.jpg\",\"width\":1600,\"height\":1200},{\"@type\":\"BreadcrumbList\",\"@id\":\"https:\/\/medicina.udd.cl\/fonoaudiologia-santiago\/noticias\/2024\/10\/01\/fonoaudiologia-udd-realiza-exitosa-tercera-version-del-taller-de-otoscopia-y-lavado-de-oidos\/#breadcrumb\",\"itemListElement\":[{\"@type\":\"ListItem\",\"position\":1,\"name\":\"Home\",\"item\":\"https:\/\/medicina.udd.cl\/fonoaudiologia-santiago\/\"},{\"@type\":\"ListItem\",\"position\":2,\"name\":\"Fonoaudiolog\u00eda UDD realiza exitosa tercera versi\u00f3n del taller de Otoscopia y Lavado de O\u00eddos\"}]},{\"@type\":\"WebSite\",\"@id\":\"https:\/\/medicina.udd.cl\/fonoaudiologia-santiago\/#website\",\"url\":\"https:\/\/medicina.udd.cl\/fonoaudiologia-santiago\/\",\"name\":\"Fonoaudiolog\u00eda\",\"description\":\"Facultad de Medicina Cl\u00ednica Alemana Universidad del Desarrollo\",\"inLanguage\":\"es\"},{\"@type\":\"Person\",\"@id\":\"https:\/\/medicina.udd.cl\/fonoaudiologia-santiago\/#\/schema\/person\/dbc3705bf3a93e8be1ba6de0ef950341\",\"name\":\"rbraidy\",\"image\":{\"@type\":\"ImageObject\",\"inLanguage\":\"es\",\"@id\":\"https:\/\/medicina.udd.cl\/fonoaudiologia-santiago\/#\/schema\/person\/image\/\",\"url\":\"https:\/\/secure.gravatar.com\/avatar\/0f8bc94637401590e45d2ce17eb65c274cb8870a219de6177f3f23e63fd8cdf3?s=96&d=mm&r=g\",\"contentUrl\":\"https:\/\/secure.gravatar.com\/avatar\/0f8bc94637401590e45d2ce17eb65c274cb8870a219de6177f3f23e63fd8cdf3?s=96&d=mm&r=g\",\"caption\":\"rbraidy\"},\"url\":\"https:\/\/medicina.udd.cl\/fonoaudiologia-santiago\/noticias\/author\/rbraidy\/\"}]}<\/script>\n<!-- \/ Yoast SEO plugin. -->","yoast_head_json":{"title":"Fonoaudiolog\u00eda UDD realiza exitosa tercera versi\u00f3n del taller de Otoscopia y Lavado de O\u00eddos - Fonoaudiolog\u00eda","robots":{"index":"index","follow":"follow","max-snippet":"max-snippet:-1","max-image-preview":"max-image-preview:large","max-video-preview":"max-video-preview:-1"},"canonical":"https:\/\/medicina.udd.cl\/fonoaudiologia-santiago\/noticias\/2024\/10\/01\/fonoaudiologia-udd-realiza-exitosa-tercera-version-del-taller-de-otoscopia-y-lavado-de-oidos\/","og_locale":"es_ES","og_type":"article","og_title":"Fonoaudiolog\u00eda UDD realiza exitosa tercera versi\u00f3n del taller de Otoscopia y Lavado de O\u00eddos - Fonoaudiolog\u00eda","og_description":"El viernes 27 de septiembre, las acad\u00e9micas del \u00c1rea de Audiolog\u00eda de la carrera de Fonoaudiolog\u00eda de la Facultad de Medicina Cl\u00ednica Alemana Universidad del Desarrollo (UDD), Flga. Pamela Tomicic y Flga. Mar\u00eda Ignacia Mart\u00ednez, llevaron a cabo la tercera versi\u00f3n del taller de Otoscopia y Lavado de O\u00eddos. Este taller, dirigido a estudiantes y [&hellip;]","og_url":"https:\/\/medicina.udd.cl\/fonoaudiologia-santiago\/noticias\/2024\/10\/01\/fonoaudiologia-udd-realiza-exitosa-tercera-version-del-taller-de-otoscopia-y-lavado-de-oidos\/","og_site_name":"Fonoaudiolog\u00eda","article_published_time":"2024-10-01T14:15:00+00:00","article_modified_time":"2024-10-11T14:24:35+00:00","og_image":[{"width":1600,"height":1200,"url":"https:\/\/medicina.udd.cl\/fonoaudiologia-santiago\/files\/2024\/10\/fono-taller-otoscopia-y-lavado-de-oidos_versioniii-1.jpg","type":"image\/jpeg"}],"author":"rbraidy","twitter_misc":{"Escrito por":"rbraidy","Tiempo de lectura":"4 minutos"},"schema":{"@context":"https:\/\/schema.org","@graph":[{"@type":"Article","@id":"https:\/\/medicina.udd.cl\/fonoaudiologia-santiago\/noticias\/2024\/10\/01\/fonoaudiologia-udd-realiza-exitosa-tercera-version-del-taller-de-otoscopia-y-lavado-de-oidos\/#article","isPartOf":{"@id":"https:\/\/medicina.udd.cl\/fonoaudiologia-santiago\/noticias\/2024\/10\/01\/fonoaudiologia-udd-realiza-exitosa-tercera-version-del-taller-de-otoscopia-y-lavado-de-oidos\/"},"author":{"name":"rbraidy","@id":"https:\/\/medicina.udd.cl\/fonoaudiologia-santiago\/#\/schema\/person\/dbc3705bf3a93e8be1ba6de0ef950341"},"headline":"Fonoaudiolog\u00eda UDD realiza exitosa tercera versi\u00f3n del taller de Otoscopia y Lavado de O\u00eddos","datePublished":"2024-10-01T14:15:00+00:00","dateModified":"2024-10-11T14:24:35+00:00","mainEntityOfPage":{"@id":"https:\/\/medicina.udd.cl\/fonoaudiologia-santiago\/noticias\/2024\/10\/01\/fonoaudiologia-udd-realiza-exitosa-tercera-version-del-taller-de-otoscopia-y-lavado-de-oidos\/"},"wordCount":229,"image":{"@id":"https:\/\/medicina.udd.cl\/fonoaudiologia-santiago\/noticias\/2024\/10\/01\/fonoaudiologia-udd-realiza-exitosa-tercera-version-del-taller-de-otoscopia-y-lavado-de-oidos\/#primaryimage"},"thumbnailUrl":"https:\/\/medicina.udd.cl\/fonoaudiologia-santiago\/files\/2024\/10\/fono-taller-otoscopia-y-lavado-de-oidos_versioniii-1.jpg","articleSection":["Noticias"],"inLanguage":"es"},{"@type":"WebPage","@id":"https:\/\/medicina.udd.cl\/fonoaudiologia-santiago\/noticias\/2024\/10\/01\/fonoaudiologia-udd-realiza-exitosa-tercera-version-del-taller-de-otoscopia-y-lavado-de-oidos\/","url":"https:\/\/medicina.udd.cl\/fonoaudiologia-santiago\/noticias\/2024\/10\/01\/fonoaudiologia-udd-realiza-exitosa-tercera-version-del-taller-de-otoscopia-y-lavado-de-oidos\/","name":"Fonoaudiolog\u00eda UDD realiza exitosa tercera versi\u00f3n del taller de Otoscopia y Lavado de O\u00eddos - Fonoaudiolog\u00eda","isPartOf":{"@id":"https:\/\/medicina.udd.cl\/fonoaudiologia-santiago\/#website"},"primaryImageOfPage":{"@id":"https:\/\/medicina.udd.cl\/fonoaudiologia-santiago\/noticias\/2024\/10\/01\/fonoaudiologia-udd-realiza-exitosa-tercera-version-del-taller-de-otoscopia-y-lavado-de-oidos\/#primaryimage"},"image":{"@id":"https:\/\/medicina.udd.cl\/fonoaudiologia-santiago\/noticias\/2024\/10\/01\/fonoaudiologia-udd-realiza-exitosa-tercera-version-del-taller-de-otoscopia-y-lavado-de-oidos\/#primaryimage"},"thumbnailUrl":"https:\/\/medicina.udd.cl\/fonoaudiologia-santiago\/files\/2024\/10\/fono-taller-otoscopia-y-lavado-de-oidos_versioniii-1.jpg","datePublished":"2024-10-01T14:15:00+00:00","dateModified":"2024-10-11T14:24:35+00:00","author":{"@id":"https:\/\/medicina.udd.cl\/fonoaudiologia-santiago\/#\/schema\/person\/dbc3705bf3a93e8be1ba6de0ef950341"},"breadcrumb":{"@id":"https:\/\/medicina.udd.cl\/fonoaudiologia-santiago\/noticias\/2024\/10\/01\/fonoaudiologia-udd-realiza-exitosa-tercera-version-del-taller-de-otoscopia-y-lavado-de-oidos\/#breadcrumb"},"inLanguage":"es","potentialAction":[{"@type":"ReadAction","target":["https:\/\/medicina.udd.cl\/fonoaudiologia-santiago\/noticias\/2024\/10\/01\/fonoaudiologia-udd-realiza-exitosa-tercera-version-del-taller-de-otoscopia-y-lavado-de-oidos\/"]}]},{"@type":"ImageObject","inLanguage":"es","@id":"https:\/\/medicina.udd.cl\/fonoaudiologia-santiago\/noticias\/2024\/10\/01\/fonoaudiologia-udd-realiza-exitosa-tercera-version-del-taller-de-otoscopia-y-lavado-de-oidos\/#primaryimage","url":"https:\/\/medicina.udd.cl\/fonoaudiologia-santiago\/files\/2024\/10\/fono-taller-otoscopia-y-lavado-de-oidos_versioniii-1.jpg","contentUrl":"https:\/\/medicina.udd.cl\/fonoaudiologia-santiago\/files\/2024\/10\/fono-taller-otoscopia-y-lavado-de-oidos_versioniii-1.jpg","width":1600,"height":1200},{"@type":"BreadcrumbList","@id":"https:\/\/medicina.udd.cl\/fonoaudiologia-santiago\/noticias\/2024\/10\/01\/fonoaudiologia-udd-realiza-exitosa-tercera-version-del-taller-de-otoscopia-y-lavado-de-oidos\/#breadcrumb","itemListElement":[{"@type":"ListItem","position":1,"name":"Home","item":"https:\/\/medicina.udd.cl\/fonoaudiologia-santiago\/"},{"@type":"ListItem","position":2,"name":"Fonoaudiolog\u00eda UDD realiza exitosa tercera versi\u00f3n del taller de Otoscopia y Lavado de O\u00eddos"}]},{"@type":"WebSite","@id":"https:\/\/medicina.udd.cl\/fonoaudiologia-santiago\/#website","url":"https:\/\/medicina.udd.cl\/fonoaudiologia-santiago\/","name":"Fonoaudiolog\u00eda","description":"Facultad de Medicina Cl\u00ednica Alemana Universidad del Desarrollo","inLanguage":"es"},{"@type":"Person","@id":"https:\/\/medicina.udd.cl\/fonoaudiologia-santiago\/#\/schema\/person\/dbc3705bf3a93e8be1ba6de0ef950341","name":"rbraidy","image":{"@type":"ImageObject","inLanguage":"es","@id":"https:\/\/medicina.udd.cl\/fonoaudiologia-santiago\/#\/schema\/person\/image\/","url":"https:\/\/secure.gravatar.com\/avatar\/0f8bc94637401590e45d2ce17eb65c274cb8870a219de6177f3f23e63fd8cdf3?s=96&d=mm&r=g","contentUrl":"https:\/\/secure.gravatar.com\/avatar\/0f8bc94637401590e45d2ce17eb65c274cb8870a219de6177f3f23e63fd8cdf3?s=96&d=mm&r=g","caption":"rbraidy"},"url":"https:\/\/medicina.udd.cl\/fonoaudiologia-santiago\/noticias\/author\/rbraidy\/"}]}},"featured_image_url":"https:\/\/medicina.udd.cl\/fonoaudiologia-santiago\/files\/2024\/10\/fono-taller-otoscopia-y-lavado-de-oidos_versioniii-1.jpg","_links":{"self":[{"href":"https:\/\/medicina.udd.cl\/fonoaudiologia-santiago\/wp-json\/wp\/v2\/posts\/7053","targetHints":{"allow":["GET"]}}],"collection":[{"href":"https:\/\/medicina.udd.cl\/fonoaudiologia-santiago\/wp-json\/wp\/v2\/posts"}],"about":[{"href":"https:\/\/medicina.udd.cl\/fonoaudiologia-santiago\/wp-json\/wp\/v2\/types\/post"}],"author":[{"embeddable":true,"href":"https:\/\/medicina.udd.cl\/fonoaudiologia-santiago\/wp-json\/wp\/v2\/users\/9192219"}],"replies":[{"embeddable":true,"href":"https:\/\/medicina.udd.cl\/fonoaudiologia-santiago\/wp-json\/wp\/v2\/comments?post=7053"}],"version-history":[{"count":1,"href":"https:\/\/medicina.udd.cl\/fonoaudiologia-santiago\/wp-json\/wp\/v2\/posts\/7053\/revisions"}],"predecessor-version":[{"id":7066,"href":"https:\/\/medicina.udd.cl\/fonoaudiologia-santiago\/wp-json\/wp\/v2\/posts\/7053\/revisions\/7066"}],"wp:featuredmedia":[{"embeddable":true,"href":"https:\/\/medicina.udd.cl\/fonoaudiologia-santiago\/wp-json\/wp\/v2\/media\/7054"}],"wp:attachment":[{"href":"https:\/\/medicina.udd.cl\/fonoaudiologia-santiago\/wp-json\/wp\/v2\/media?parent=7053"}],"wp:term":[{"taxonomy":"category","embeddable":true,"href":"https:\/\/medicina.udd.cl\/fonoaudiologia-santiago\/wp-json\/wp\/v2\/categories?post=7053"},{"taxonomy":"post_tag","embeddable":true,"href":"https:\/\/medicina.udd.cl\/fonoaudiologia-santiago\/wp-json\/wp\/v2\/tags?post=7053"}],"curies":[{"name":"wp","href":"https:\/\/api.w.org\/{rel}","templated":true}]}}