{"id":7078,"date":"2024-10-14T12:40:00","date_gmt":"2024-10-14T15:40:00","guid":{"rendered":"https:\/\/medicina.udd.cl\/fonoaudiologia-santiago\/?p=7078"},"modified":"2024-10-17T16:55:25","modified_gmt":"2024-10-17T19:55:25","slug":"fonoaudiologia-udd-realiza-las-iii-jornadas-de-comunicacion-aumentativa-y-alternativa-para-visibilizar-y-apoyar-a-personas-con-necesidades-complejas-de-comunicacion","status":"publish","type":"post","link":"https:\/\/medicina.udd.cl\/fonoaudiologia-santiago\/noticias\/2024\/10\/14\/fonoaudiologia-udd-realiza-las-iii-jornadas-de-comunicacion-aumentativa-y-alternativa-para-visibilizar-y-apoyar-a-personas-con-necesidades-complejas-de-comunicacion\/","title":{"rendered":"Fonoaudiolog\u00eda UDD realiza las III Jornadas de Comunicaci\u00f3n Aumentativa y Alternativa para visibilizar y apoyar a personas con necesidades complejas de comunicaci\u00f3n"},"content":{"rendered":"\n<figure class=\"wp-block-image alignright size-full is-resized\"><a href=\"https:\/\/medicina.udd.cl\/fonoaudiologia-santiago\/files\/2024\/10\/iii-jornada-caa-udd.jpg\"><img loading=\"lazy\" decoding=\"async\" width=\"454\" height=\"807\" src=\"https:\/\/medicina.udd.cl\/fonoaudiologia-santiago\/files\/2024\/10\/iii-jornada-caa-udd.jpg\" alt=\"\" class=\"wp-image-7080\" style=\"width:394px;height:auto\" srcset=\"https:\/\/medicina.udd.cl\/fonoaudiologia-santiago\/files\/2024\/10\/iii-jornada-caa-udd.jpg 454w, https:\/\/medicina.udd.cl\/fonoaudiologia-santiago\/files\/2024\/10\/iii-jornada-caa-udd-169x300.jpg 169w\" sizes=\"auto, (max-width: 454px) 100vw, 454px\" \/><\/a><\/figure>\n\n\n\n<p>La carrera de Fonoaudiolog\u00eda de la Facultad de Medicina Cl\u00ednica Alemana Universidad del Desarrollo (UDD) organiz\u00f3 el pasado 11 de octubre las III Jornadas de Comunicaci\u00f3n Aumentativa y Alternativa (CAA). Este evento tuvo como objetivo visibilizar y brindar apoyo a personas con complejas necesidades de comunicaci\u00f3n, as\u00ed como a sus familias, a trav\u00e9s de un espacio de aprendizaje y colaboraci\u00f3n.<\/p>\n\n\n\n<p>Entre los asistentes destac\u00f3 la presencia de Joao Silva, un joven autista no hablante de 14 a\u00f1os, usuario de CAA, quien junto a su familia comparti\u00f3 su experiencia en el uso de esta herramienta. Adem\u00e1s, el encuentro cont\u00f3 con la participaci\u00f3n de expertos internacionales como la Dra. Amanda Blackwell, doctora en patolog\u00eda de habla y lenguaje (SLPD) de Estados Unidos; Sara Vinueza Montalvo, psic\u00f3loga de Ecuador; y Claudia Marim\u00f3n, profesora de Educaci\u00f3n Especial, docente de Fonoaudiolog\u00eda y directora del Diplomado en Comunicaci\u00f3n Aumentativa Alternativa UDD. Todos ellos compartieron sus conocimientos, experiencias y perspectivas, contribuyendo a fortalecer la inclusi\u00f3n y mejorar la calidad de vida de quienes m\u00e1s lo necesitan.<\/p>\n\n\n\n<p><em>\u201cEsperamos que estas jornadas hayan sido de gran provecho para todos y que juntos, podamos continuar construyendo un camino m\u00e1s accesible y emp\u00e1tico para todas las personas con necesidades de comunicaci\u00f3n\u201d<\/em>, se\u00f1al\u00f3 la Flga. Mar\u00eda Soledad Cuesta, docente de la carrera de Fonoaudiolog\u00eda, coordinadora del Diplomado de CAA UDD y de la jornada. Mar\u00eda Soledad destac\u00f3 que estos encuentros son esenciales para proporcionar a los profesionales del \u00e1mbito hispanohablante las herramientas necesarias para avanzar en el tratamiento y apoyo a personas con complejas necesidades de comunicaci\u00f3n.&nbsp;<em>\u201cEs importante continuar fomentando estos encuentros, que no solo nos brindan las herramientas necesarias para seguir avanzando, sino que tambi\u00e9n nos permiten ofrecer mejores oportunidades de tratamiento. Agradezco la gran convocatoria y el compromiso de todos los involucrados en hacer de estas jornadas un espacio de aprendizaje y colaboraci\u00f3n\u201d<\/em>, a\u00f1adi\u00f3.<\/p>\n\n\n\n<p>En el marco del \u201cMes de la CAA\u201d, que se conmemora cada octubre en todo el mundo, las III Jornadas de Comunicaci\u00f3n Aumentativa y Alternativa de la UDD, que cont\u00f3 con m\u00e1s de 550 inscritos, se posicionaron como un espacio de reflexi\u00f3n, formaci\u00f3n y avance en esta \u00e1rea clave para mejorar la vida de personas con dificultades comunicativas, subrayando el compromiso de la universidad en fomentar la inclusi\u00f3n y accesibilidad para todos.<\/p>\n\n\n\n<p>Revive las \u00abIII Jornadas de Comunicaci\u00f3n Aumentativas Alternativas (CAA) y Tecnolog\u00eda\u00bb, a continuaci\u00f3n:<\/p>\n\n\n\n<figure class=\"wp-block-embed is-type-video is-provider-youtube wp-block-embed-youtube wp-embed-aspect-16-9 wp-has-aspect-ratio\"><div class=\"wp-block-embed__wrapper\">\n<iframe loading=\"lazy\" title=\"lll Jornada | Actualizaci\u00f3n en Comunicaci\u00f3n Aumentativa Alternativa\" width=\"500\" height=\"281\" src=\"https:\/\/www.youtube.com\/embed\/9VwI97h7q5M?start=1&#038;feature=oembed&#038;rel=0&#038;modestbranding=1&#038;autohide=1&#038;autoplay=0&#038;enablejsapi=1&#038;showinfo=0\" allowautoplay=\"allowautoplay\" frameborder=\"0\" allow=\"accelerometer; autoplay; clipboard-write; encrypted-media; gyroscope; picture-in-picture; web-share\" referrerpolicy=\"strict-origin-when-cross-origin\" allowfullscreen><\/iframe>\n<\/div><\/figure>\n","protected":false},"excerpt":{"rendered":"<p>La carrera de Fonoaudiolog\u00eda de la Facultad de Medicina Cl\u00ednica Alemana Universidad del Desarrollo (UDD) organiz\u00f3 el pasado 11 de octubre las III Jornadas de Comunicaci\u00f3n Aumentativa y Alternativa (CAA). Este evento tuvo como objetivo visibilizar y brindar apoyo a personas con complejas necesidades de comunicaci\u00f3n, as\u00ed como a sus familias, a trav\u00e9s de un [&hellip;]<\/p>\n","protected":false},"author":9192219,"featured_media":7082,"comment_status":"closed","ping_status":"open","sticky":false,"template":"","format":"standard","meta":{"footnotes":""},"categories":[4],"tags":[],"class_list":["post-7078","post","type-post","status-publish","format-standard","has-post-thumbnail","hentry","category-noticias"],"yoast_head":"<!-- This site is optimized with the Yoast SEO plugin v26.9 - https:\/\/yoast.com\/product\/yoast-seo-wordpress\/ -->\n<title>Fonoaudiolog\u00eda UDD realiza las III Jornadas de Comunicaci\u00f3n Aumentativa y Alternativa para visibilizar y apoyar a personas con necesidades complejas de comunicaci\u00f3n - Fonoaudiolog\u00eda<\/title>\n<meta name=\"robots\" content=\"index, follow, max-snippet:-1, max-image-preview:large, max-video-preview:-1\" \/>\n<link rel=\"canonical\" href=\"https:\/\/medicina.udd.cl\/fonoaudiologia-santiago\/noticias\/2024\/10\/14\/fonoaudiologia-udd-realiza-las-iii-jornadas-de-comunicacion-aumentativa-y-alternativa-para-visibilizar-y-apoyar-a-personas-con-necesidades-complejas-de-comunicacion\/\" \/>\n<meta property=\"og:locale\" content=\"es_ES\" \/>\n<meta property=\"og:type\" content=\"article\" \/>\n<meta property=\"og:title\" content=\"Fonoaudiolog\u00eda UDD realiza las III Jornadas de Comunicaci\u00f3n Aumentativa y Alternativa para visibilizar y apoyar a personas con necesidades complejas de comunicaci\u00f3n - Fonoaudiolog\u00eda\" \/>\n<meta property=\"og:description\" content=\"La carrera de Fonoaudiolog\u00eda de la Facultad de Medicina Cl\u00ednica Alemana Universidad del Desarrollo (UDD) organiz\u00f3 el pasado 11 de octubre las III Jornadas de Comunicaci\u00f3n Aumentativa y Alternativa (CAA). Este evento tuvo como objetivo visibilizar y brindar apoyo a personas con complejas necesidades de comunicaci\u00f3n, as\u00ed como a sus familias, a trav\u00e9s de un [&hellip;]\" \/>\n<meta property=\"og:url\" content=\"https:\/\/medicina.udd.cl\/fonoaudiologia-santiago\/noticias\/2024\/10\/14\/fonoaudiologia-udd-realiza-las-iii-jornadas-de-comunicacion-aumentativa-y-alternativa-para-visibilizar-y-apoyar-a-personas-con-necesidades-complejas-de-comunicacion\/\" \/>\n<meta property=\"og:site_name\" content=\"Fonoaudiolog\u00eda\" \/>\n<meta property=\"article:published_time\" content=\"2024-10-14T15:40:00+00:00\" \/>\n<meta property=\"article:modified_time\" content=\"2024-10-17T19:55:25+00:00\" \/>\n<meta property=\"og:image\" content=\"https:\/\/medicina.udd.cl\/fonoaudiologia-santiago\/files\/2024\/10\/whatsapp-image-2024-09-03-at-10-31-57-am.jpeg\" \/>\n\t<meta property=\"og:image:width\" content=\"1200\" \/>\n\t<meta property=\"og:image:height\" content=\"1600\" \/>\n\t<meta property=\"og:image:type\" content=\"image\/jpeg\" \/>\n<meta name=\"author\" content=\"rbraidy\" \/>\n<meta name=\"twitter:label1\" content=\"Escrito por\" \/>\n\t<meta name=\"twitter:data1\" content=\"rbraidy\" \/>\n\t<meta name=\"twitter:label2\" content=\"Tiempo de lectura\" \/>\n\t<meta name=\"twitter:data2\" content=\"3 minutos\" \/>\n<script type=\"application\/ld+json\" class=\"yoast-schema-graph\">{\"@context\":\"https:\/\/schema.org\",\"@graph\":[{\"@type\":\"Article\",\"@id\":\"https:\/\/medicina.udd.cl\/fonoaudiologia-santiago\/noticias\/2024\/10\/14\/fonoaudiologia-udd-realiza-las-iii-jornadas-de-comunicacion-aumentativa-y-alternativa-para-visibilizar-y-apoyar-a-personas-con-necesidades-complejas-de-comunicacion\/#article\",\"isPartOf\":{\"@id\":\"https:\/\/medicina.udd.cl\/fonoaudiologia-santiago\/noticias\/2024\/10\/14\/fonoaudiologia-udd-realiza-las-iii-jornadas-de-comunicacion-aumentativa-y-alternativa-para-visibilizar-y-apoyar-a-personas-con-necesidades-complejas-de-comunicacion\/\"},\"author\":{\"name\":\"rbraidy\",\"@id\":\"https:\/\/medicina.udd.cl\/fonoaudiologia-santiago\/#\/schema\/person\/dbc3705bf3a93e8be1ba6de0ef950341\"},\"headline\":\"Fonoaudiolog\u00eda UDD realiza las III Jornadas de Comunicaci\u00f3n Aumentativa y Alternativa para visibilizar y apoyar a personas con necesidades complejas de comunicaci\u00f3n\",\"datePublished\":\"2024-10-14T15:40:00+00:00\",\"dateModified\":\"2024-10-17T19:55:25+00:00\",\"mainEntityOfPage\":{\"@id\":\"https:\/\/medicina.udd.cl\/fonoaudiologia-santiago\/noticias\/2024\/10\/14\/fonoaudiologia-udd-realiza-las-iii-jornadas-de-comunicacion-aumentativa-y-alternativa-para-visibilizar-y-apoyar-a-personas-con-necesidades-complejas-de-comunicacion\/\"},\"wordCount\":462,\"image\":{\"@id\":\"https:\/\/medicina.udd.cl\/fonoaudiologia-santiago\/noticias\/2024\/10\/14\/fonoaudiologia-udd-realiza-las-iii-jornadas-de-comunicacion-aumentativa-y-alternativa-para-visibilizar-y-apoyar-a-personas-con-necesidades-complejas-de-comunicacion\/#primaryimage\"},\"thumbnailUrl\":\"https:\/\/medicina.udd.cl\/fonoaudiologia-santiago\/files\/2024\/10\/whatsapp-image-2024-09-03-at-10-31-57-am.jpeg\",\"articleSection\":[\"Noticias\"],\"inLanguage\":\"es\"},{\"@type\":\"WebPage\",\"@id\":\"https:\/\/medicina.udd.cl\/fonoaudiologia-santiago\/noticias\/2024\/10\/14\/fonoaudiologia-udd-realiza-las-iii-jornadas-de-comunicacion-aumentativa-y-alternativa-para-visibilizar-y-apoyar-a-personas-con-necesidades-complejas-de-comunicacion\/\",\"url\":\"https:\/\/medicina.udd.cl\/fonoaudiologia-santiago\/noticias\/2024\/10\/14\/fonoaudiologia-udd-realiza-las-iii-jornadas-de-comunicacion-aumentativa-y-alternativa-para-visibilizar-y-apoyar-a-personas-con-necesidades-complejas-de-comunicacion\/\",\"name\":\"Fonoaudiolog\u00eda UDD realiza las III Jornadas de Comunicaci\u00f3n Aumentativa y Alternativa para visibilizar y apoyar a personas con necesidades complejas de comunicaci\u00f3n - Fonoaudiolog\u00eda\",\"isPartOf\":{\"@id\":\"https:\/\/medicina.udd.cl\/fonoaudiologia-santiago\/#website\"},\"primaryImageOfPage\":{\"@id\":\"https:\/\/medicina.udd.cl\/fonoaudiologia-santiago\/noticias\/2024\/10\/14\/fonoaudiologia-udd-realiza-las-iii-jornadas-de-comunicacion-aumentativa-y-alternativa-para-visibilizar-y-apoyar-a-personas-con-necesidades-complejas-de-comunicacion\/#primaryimage\"},\"image\":{\"@id\":\"https:\/\/medicina.udd.cl\/fonoaudiologia-santiago\/noticias\/2024\/10\/14\/fonoaudiologia-udd-realiza-las-iii-jornadas-de-comunicacion-aumentativa-y-alternativa-para-visibilizar-y-apoyar-a-personas-con-necesidades-complejas-de-comunicacion\/#primaryimage\"},\"thumbnailUrl\":\"https:\/\/medicina.udd.cl\/fonoaudiologia-santiago\/files\/2024\/10\/whatsapp-image-2024-09-03-at-10-31-57-am.jpeg\",\"datePublished\":\"2024-10-14T15:40:00+00:00\",\"dateModified\":\"2024-10-17T19:55:25+00:00\",\"author\":{\"@id\":\"https:\/\/medicina.udd.cl\/fonoaudiologia-santiago\/#\/schema\/person\/dbc3705bf3a93e8be1ba6de0ef950341\"},\"breadcrumb\":{\"@id\":\"https:\/\/medicina.udd.cl\/fonoaudiologia-santiago\/noticias\/2024\/10\/14\/fonoaudiologia-udd-realiza-las-iii-jornadas-de-comunicacion-aumentativa-y-alternativa-para-visibilizar-y-apoyar-a-personas-con-necesidades-complejas-de-comunicacion\/#breadcrumb\"},\"inLanguage\":\"es\",\"potentialAction\":[{\"@type\":\"ReadAction\",\"target\":[\"https:\/\/medicina.udd.cl\/fonoaudiologia-santiago\/noticias\/2024\/10\/14\/fonoaudiologia-udd-realiza-las-iii-jornadas-de-comunicacion-aumentativa-y-alternativa-para-visibilizar-y-apoyar-a-personas-con-necesidades-complejas-de-comunicacion\/\"]}]},{\"@type\":\"ImageObject\",\"inLanguage\":\"es\",\"@id\":\"https:\/\/medicina.udd.cl\/fonoaudiologia-santiago\/noticias\/2024\/10\/14\/fonoaudiologia-udd-realiza-las-iii-jornadas-de-comunicacion-aumentativa-y-alternativa-para-visibilizar-y-apoyar-a-personas-con-necesidades-complejas-de-comunicacion\/#primaryimage\",\"url\":\"https:\/\/medicina.udd.cl\/fonoaudiologia-santiago\/files\/2024\/10\/whatsapp-image-2024-09-03-at-10-31-57-am.jpeg\",\"contentUrl\":\"https:\/\/medicina.udd.cl\/fonoaudiologia-santiago\/files\/2024\/10\/whatsapp-image-2024-09-03-at-10-31-57-am.jpeg\",\"width\":1200,\"height\":1600},{\"@type\":\"BreadcrumbList\",\"@id\":\"https:\/\/medicina.udd.cl\/fonoaudiologia-santiago\/noticias\/2024\/10\/14\/fonoaudiologia-udd-realiza-las-iii-jornadas-de-comunicacion-aumentativa-y-alternativa-para-visibilizar-y-apoyar-a-personas-con-necesidades-complejas-de-comunicacion\/#breadcrumb\",\"itemListElement\":[{\"@type\":\"ListItem\",\"position\":1,\"name\":\"Home\",\"item\":\"https:\/\/medicina.udd.cl\/fonoaudiologia-santiago\/\"},{\"@type\":\"ListItem\",\"position\":2,\"name\":\"Fonoaudiolog\u00eda UDD realiza las III Jornadas de Comunicaci\u00f3n Aumentativa y Alternativa para visibilizar y apoyar a personas con necesidades complejas de comunicaci\u00f3n\"}]},{\"@type\":\"WebSite\",\"@id\":\"https:\/\/medicina.udd.cl\/fonoaudiologia-santiago\/#website\",\"url\":\"https:\/\/medicina.udd.cl\/fonoaudiologia-santiago\/\",\"name\":\"Fonoaudiolog\u00eda\",\"description\":\"Facultad de Medicina Cl\u00ednica Alemana Universidad del Desarrollo\",\"inLanguage\":\"es\"},{\"@type\":\"Person\",\"@id\":\"https:\/\/medicina.udd.cl\/fonoaudiologia-santiago\/#\/schema\/person\/dbc3705bf3a93e8be1ba6de0ef950341\",\"name\":\"rbraidy\",\"image\":{\"@type\":\"ImageObject\",\"inLanguage\":\"es\",\"@id\":\"https:\/\/medicina.udd.cl\/fonoaudiologia-santiago\/#\/schema\/person\/image\/\",\"url\":\"https:\/\/secure.gravatar.com\/avatar\/0f8bc94637401590e45d2ce17eb65c274cb8870a219de6177f3f23e63fd8cdf3?s=96&d=mm&r=g\",\"contentUrl\":\"https:\/\/secure.gravatar.com\/avatar\/0f8bc94637401590e45d2ce17eb65c274cb8870a219de6177f3f23e63fd8cdf3?s=96&d=mm&r=g\",\"caption\":\"rbraidy\"},\"url\":\"https:\/\/medicina.udd.cl\/fonoaudiologia-santiago\/noticias\/author\/rbraidy\/\"}]}<\/script>\n<!-- \/ Yoast SEO plugin. -->","yoast_head_json":{"title":"Fonoaudiolog\u00eda UDD realiza las III Jornadas de Comunicaci\u00f3n Aumentativa y Alternativa para visibilizar y apoyar a personas con necesidades complejas de comunicaci\u00f3n - Fonoaudiolog\u00eda","robots":{"index":"index","follow":"follow","max-snippet":"max-snippet:-1","max-image-preview":"max-image-preview:large","max-video-preview":"max-video-preview:-1"},"canonical":"https:\/\/medicina.udd.cl\/fonoaudiologia-santiago\/noticias\/2024\/10\/14\/fonoaudiologia-udd-realiza-las-iii-jornadas-de-comunicacion-aumentativa-y-alternativa-para-visibilizar-y-apoyar-a-personas-con-necesidades-complejas-de-comunicacion\/","og_locale":"es_ES","og_type":"article","og_title":"Fonoaudiolog\u00eda UDD realiza las III Jornadas de Comunicaci\u00f3n Aumentativa y Alternativa para visibilizar y apoyar a personas con necesidades complejas de comunicaci\u00f3n - Fonoaudiolog\u00eda","og_description":"La carrera de Fonoaudiolog\u00eda de la Facultad de Medicina Cl\u00ednica Alemana Universidad del Desarrollo (UDD) organiz\u00f3 el pasado 11 de octubre las III Jornadas de Comunicaci\u00f3n Aumentativa y Alternativa (CAA). Este evento tuvo como objetivo visibilizar y brindar apoyo a personas con complejas necesidades de comunicaci\u00f3n, as\u00ed como a sus familias, a trav\u00e9s de un [&hellip;]","og_url":"https:\/\/medicina.udd.cl\/fonoaudiologia-santiago\/noticias\/2024\/10\/14\/fonoaudiologia-udd-realiza-las-iii-jornadas-de-comunicacion-aumentativa-y-alternativa-para-visibilizar-y-apoyar-a-personas-con-necesidades-complejas-de-comunicacion\/","og_site_name":"Fonoaudiolog\u00eda","article_published_time":"2024-10-14T15:40:00+00:00","article_modified_time":"2024-10-17T19:55:25+00:00","og_image":[{"width":1200,"height":1600,"url":"https:\/\/medicina.udd.cl\/fonoaudiologia-santiago\/files\/2024\/10\/whatsapp-image-2024-09-03-at-10-31-57-am.jpeg","type":"image\/jpeg"}],"author":"rbraidy","twitter_misc":{"Escrito por":"rbraidy","Tiempo de lectura":"3 minutos"},"schema":{"@context":"https:\/\/schema.org","@graph":[{"@type":"Article","@id":"https:\/\/medicina.udd.cl\/fonoaudiologia-santiago\/noticias\/2024\/10\/14\/fonoaudiologia-udd-realiza-las-iii-jornadas-de-comunicacion-aumentativa-y-alternativa-para-visibilizar-y-apoyar-a-personas-con-necesidades-complejas-de-comunicacion\/#article","isPartOf":{"@id":"https:\/\/medicina.udd.cl\/fonoaudiologia-santiago\/noticias\/2024\/10\/14\/fonoaudiologia-udd-realiza-las-iii-jornadas-de-comunicacion-aumentativa-y-alternativa-para-visibilizar-y-apoyar-a-personas-con-necesidades-complejas-de-comunicacion\/"},"author":{"name":"rbraidy","@id":"https:\/\/medicina.udd.cl\/fonoaudiologia-santiago\/#\/schema\/person\/dbc3705bf3a93e8be1ba6de0ef950341"},"headline":"Fonoaudiolog\u00eda UDD realiza las III Jornadas de Comunicaci\u00f3n Aumentativa y Alternativa para visibilizar y apoyar a personas con necesidades complejas de comunicaci\u00f3n","datePublished":"2024-10-14T15:40:00+00:00","dateModified":"2024-10-17T19:55:25+00:00","mainEntityOfPage":{"@id":"https:\/\/medicina.udd.cl\/fonoaudiologia-santiago\/noticias\/2024\/10\/14\/fonoaudiologia-udd-realiza-las-iii-jornadas-de-comunicacion-aumentativa-y-alternativa-para-visibilizar-y-apoyar-a-personas-con-necesidades-complejas-de-comunicacion\/"},"wordCount":462,"image":{"@id":"https:\/\/medicina.udd.cl\/fonoaudiologia-santiago\/noticias\/2024\/10\/14\/fonoaudiologia-udd-realiza-las-iii-jornadas-de-comunicacion-aumentativa-y-alternativa-para-visibilizar-y-apoyar-a-personas-con-necesidades-complejas-de-comunicacion\/#primaryimage"},"thumbnailUrl":"https:\/\/medicina.udd.cl\/fonoaudiologia-santiago\/files\/2024\/10\/whatsapp-image-2024-09-03-at-10-31-57-am.jpeg","articleSection":["Noticias"],"inLanguage":"es"},{"@type":"WebPage","@id":"https:\/\/medicina.udd.cl\/fonoaudiologia-santiago\/noticias\/2024\/10\/14\/fonoaudiologia-udd-realiza-las-iii-jornadas-de-comunicacion-aumentativa-y-alternativa-para-visibilizar-y-apoyar-a-personas-con-necesidades-complejas-de-comunicacion\/","url":"https:\/\/medicina.udd.cl\/fonoaudiologia-santiago\/noticias\/2024\/10\/14\/fonoaudiologia-udd-realiza-las-iii-jornadas-de-comunicacion-aumentativa-y-alternativa-para-visibilizar-y-apoyar-a-personas-con-necesidades-complejas-de-comunicacion\/","name":"Fonoaudiolog\u00eda UDD realiza las III Jornadas de Comunicaci\u00f3n Aumentativa y Alternativa para visibilizar y apoyar a personas con necesidades complejas de comunicaci\u00f3n - Fonoaudiolog\u00eda","isPartOf":{"@id":"https:\/\/medicina.udd.cl\/fonoaudiologia-santiago\/#website"},"primaryImageOfPage":{"@id":"https:\/\/medicina.udd.cl\/fonoaudiologia-santiago\/noticias\/2024\/10\/14\/fonoaudiologia-udd-realiza-las-iii-jornadas-de-comunicacion-aumentativa-y-alternativa-para-visibilizar-y-apoyar-a-personas-con-necesidades-complejas-de-comunicacion\/#primaryimage"},"image":{"@id":"https:\/\/medicina.udd.cl\/fonoaudiologia-santiago\/noticias\/2024\/10\/14\/fonoaudiologia-udd-realiza-las-iii-jornadas-de-comunicacion-aumentativa-y-alternativa-para-visibilizar-y-apoyar-a-personas-con-necesidades-complejas-de-comunicacion\/#primaryimage"},"thumbnailUrl":"https:\/\/medicina.udd.cl\/fonoaudiologia-santiago\/files\/2024\/10\/whatsapp-image-2024-09-03-at-10-31-57-am.jpeg","datePublished":"2024-10-14T15:40:00+00:00","dateModified":"2024-10-17T19:55:25+00:00","author":{"@id":"https:\/\/medicina.udd.cl\/fonoaudiologia-santiago\/#\/schema\/person\/dbc3705bf3a93e8be1ba6de0ef950341"},"breadcrumb":{"@id":"https:\/\/medicina.udd.cl\/fonoaudiologia-santiago\/noticias\/2024\/10\/14\/fonoaudiologia-udd-realiza-las-iii-jornadas-de-comunicacion-aumentativa-y-alternativa-para-visibilizar-y-apoyar-a-personas-con-necesidades-complejas-de-comunicacion\/#breadcrumb"},"inLanguage":"es","potentialAction":[{"@type":"ReadAction","target":["https:\/\/medicina.udd.cl\/fonoaudiologia-santiago\/noticias\/2024\/10\/14\/fonoaudiologia-udd-realiza-las-iii-jornadas-de-comunicacion-aumentativa-y-alternativa-para-visibilizar-y-apoyar-a-personas-con-necesidades-complejas-de-comunicacion\/"]}]},{"@type":"ImageObject","inLanguage":"es","@id":"https:\/\/medicina.udd.cl\/fonoaudiologia-santiago\/noticias\/2024\/10\/14\/fonoaudiologia-udd-realiza-las-iii-jornadas-de-comunicacion-aumentativa-y-alternativa-para-visibilizar-y-apoyar-a-personas-con-necesidades-complejas-de-comunicacion\/#primaryimage","url":"https:\/\/medicina.udd.cl\/fonoaudiologia-santiago\/files\/2024\/10\/whatsapp-image-2024-09-03-at-10-31-57-am.jpeg","contentUrl":"https:\/\/medicina.udd.cl\/fonoaudiologia-santiago\/files\/2024\/10\/whatsapp-image-2024-09-03-at-10-31-57-am.jpeg","width":1200,"height":1600},{"@type":"BreadcrumbList","@id":"https:\/\/medicina.udd.cl\/fonoaudiologia-santiago\/noticias\/2024\/10\/14\/fonoaudiologia-udd-realiza-las-iii-jornadas-de-comunicacion-aumentativa-y-alternativa-para-visibilizar-y-apoyar-a-personas-con-necesidades-complejas-de-comunicacion\/#breadcrumb","itemListElement":[{"@type":"ListItem","position":1,"name":"Home","item":"https:\/\/medicina.udd.cl\/fonoaudiologia-santiago\/"},{"@type":"ListItem","position":2,"name":"Fonoaudiolog\u00eda UDD realiza las III Jornadas de Comunicaci\u00f3n Aumentativa y Alternativa para visibilizar y apoyar a personas con necesidades complejas de comunicaci\u00f3n"}]},{"@type":"WebSite","@id":"https:\/\/medicina.udd.cl\/fonoaudiologia-santiago\/#website","url":"https:\/\/medicina.udd.cl\/fonoaudiologia-santiago\/","name":"Fonoaudiolog\u00eda","description":"Facultad de Medicina Cl\u00ednica Alemana Universidad del Desarrollo","inLanguage":"es"},{"@type":"Person","@id":"https:\/\/medicina.udd.cl\/fonoaudiologia-santiago\/#\/schema\/person\/dbc3705bf3a93e8be1ba6de0ef950341","name":"rbraidy","image":{"@type":"ImageObject","inLanguage":"es","@id":"https:\/\/medicina.udd.cl\/fonoaudiologia-santiago\/#\/schema\/person\/image\/","url":"https:\/\/secure.gravatar.com\/avatar\/0f8bc94637401590e45d2ce17eb65c274cb8870a219de6177f3f23e63fd8cdf3?s=96&d=mm&r=g","contentUrl":"https:\/\/secure.gravatar.com\/avatar\/0f8bc94637401590e45d2ce17eb65c274cb8870a219de6177f3f23e63fd8cdf3?s=96&d=mm&r=g","caption":"rbraidy"},"url":"https:\/\/medicina.udd.cl\/fonoaudiologia-santiago\/noticias\/author\/rbraidy\/"}]}},"featured_image_url":"https:\/\/medicina.udd.cl\/fonoaudiologia-santiago\/files\/2024\/10\/whatsapp-image-2024-09-03-at-10-31-57-am.jpeg","_links":{"self":[{"href":"https:\/\/medicina.udd.cl\/fonoaudiologia-santiago\/wp-json\/wp\/v2\/posts\/7078","targetHints":{"allow":["GET"]}}],"collection":[{"href":"https:\/\/medicina.udd.cl\/fonoaudiologia-santiago\/wp-json\/wp\/v2\/posts"}],"about":[{"href":"https:\/\/medicina.udd.cl\/fonoaudiologia-santiago\/wp-json\/wp\/v2\/types\/post"}],"author":[{"embeddable":true,"href":"https:\/\/medicina.udd.cl\/fonoaudiologia-santiago\/wp-json\/wp\/v2\/users\/9192219"}],"replies":[{"embeddable":true,"href":"https:\/\/medicina.udd.cl\/fonoaudiologia-santiago\/wp-json\/wp\/v2\/comments?post=7078"}],"version-history":[{"count":1,"href":"https:\/\/medicina.udd.cl\/fonoaudiologia-santiago\/wp-json\/wp\/v2\/posts\/7078\/revisions"}],"predecessor-version":[{"id":7081,"href":"https:\/\/medicina.udd.cl\/fonoaudiologia-santiago\/wp-json\/wp\/v2\/posts\/7078\/revisions\/7081"}],"wp:featuredmedia":[{"embeddable":true,"href":"https:\/\/medicina.udd.cl\/fonoaudiologia-santiago\/wp-json\/wp\/v2\/media\/7082"}],"wp:attachment":[{"href":"https:\/\/medicina.udd.cl\/fonoaudiologia-santiago\/wp-json\/wp\/v2\/media?parent=7078"}],"wp:term":[{"taxonomy":"category","embeddable":true,"href":"https:\/\/medicina.udd.cl\/fonoaudiologia-santiago\/wp-json\/wp\/v2\/categories?post=7078"},{"taxonomy":"post_tag","embeddable":true,"href":"https:\/\/medicina.udd.cl\/fonoaudiologia-santiago\/wp-json\/wp\/v2\/tags?post=7078"}],"curies":[{"name":"wp","href":"https:\/\/api.w.org\/{rel}","templated":true}]}}