{"id":7086,"date":"2024-11-21T13:15:45","date_gmt":"2024-11-21T16:15:45","guid":{"rendered":"https:\/\/medicina.udd.cl\/fonoaudiologia-santiago\/?p=7086"},"modified":"2024-11-21T13:15:47","modified_gmt":"2024-11-21T16:15:47","slug":"fonoaudiologia-udd-comprometida-con-la-salud-auditiva-de-los-chilenos","status":"publish","type":"post","link":"https:\/\/medicina.udd.cl\/fonoaudiologia-santiago\/noticias\/2024\/11\/21\/fonoaudiologia-udd-comprometida-con-la-salud-auditiva-de-los-chilenos\/","title":{"rendered":"Fonoaudiolog\u00eda UDD comprometida con la Salud Auditiva de los chilenos"},"content":{"rendered":"\n<figure class=\"wp-block-gallery has-nested-images columns-default is-cropped wp-block-gallery-1 is-layout-flex wp-block-gallery-is-layout-flex\">\n<figure class=\"wp-block-image size-large\"><a href=\"https:\/\/medicina.udd.cl\/fonoaudiologia-santiago\/files\/2024\/11\/fono-plan-nacional-chileno-de-salud-auditiva.jpg\"><img loading=\"lazy\" decoding=\"async\" width=\"1024\" height=\"768\" data-id=\"7090\" src=\"https:\/\/medicina.udd.cl\/fonoaudiologia-santiago\/files\/2024\/11\/fono-plan-nacional-chileno-de-salud-auditiva-1024x768.jpg\" alt=\"\" class=\"wp-image-7090\" srcset=\"https:\/\/medicina.udd.cl\/fonoaudiologia-santiago\/files\/2024\/11\/fono-plan-nacional-chileno-de-salud-auditiva-1024x768.jpg 1024w, https:\/\/medicina.udd.cl\/fonoaudiologia-santiago\/files\/2024\/11\/fono-plan-nacional-chileno-de-salud-auditiva-300x225.jpg 300w, https:\/\/medicina.udd.cl\/fonoaudiologia-santiago\/files\/2024\/11\/fono-plan-nacional-chileno-de-salud-auditiva-768x576.jpg 768w, https:\/\/medicina.udd.cl\/fonoaudiologia-santiago\/files\/2024\/11\/fono-plan-nacional-chileno-de-salud-auditiva-1536x1152.jpg 1536w, https:\/\/medicina.udd.cl\/fonoaudiologia-santiago\/files\/2024\/11\/fono-plan-nacional-chileno-de-salud-auditiva.jpg 1600w\" sizes=\"auto, (max-width: 1024px) 100vw, 1024px\" \/><\/a><\/figure>\n\n\n\n<figure class=\"wp-block-image size-large\"><a href=\"https:\/\/medicina.udd.cl\/fonoaudiologia-santiago\/files\/2024\/11\/fono-plan-nacional-chileno-de-salud-auditiva-portada.jpg\"><img loading=\"lazy\" decoding=\"async\" width=\"1024\" height=\"1024\" data-id=\"7087\" src=\"https:\/\/medicina.udd.cl\/fonoaudiologia-santiago\/files\/2024\/11\/fono-plan-nacional-chileno-de-salud-auditiva-portada-1024x1024.jpg\" alt=\"\" class=\"wp-image-7087\" srcset=\"https:\/\/medicina.udd.cl\/fonoaudiologia-santiago\/files\/2024\/11\/fono-plan-nacional-chileno-de-salud-auditiva-portada-1024x1024.jpg 1024w, https:\/\/medicina.udd.cl\/fonoaudiologia-santiago\/files\/2024\/11\/fono-plan-nacional-chileno-de-salud-auditiva-portada-300x300.jpg 300w, https:\/\/medicina.udd.cl\/fonoaudiologia-santiago\/files\/2024\/11\/fono-plan-nacional-chileno-de-salud-auditiva-portada-150x150.jpg 150w, https:\/\/medicina.udd.cl\/fonoaudiologia-santiago\/files\/2024\/11\/fono-plan-nacional-chileno-de-salud-auditiva-portada-768x768.jpg 768w, https:\/\/medicina.udd.cl\/fonoaudiologia-santiago\/files\/2024\/11\/fono-plan-nacional-chileno-de-salud-auditiva-portada-62x62.jpg 62w, https:\/\/medicina.udd.cl\/fonoaudiologia-santiago\/files\/2024\/11\/fono-plan-nacional-chileno-de-salud-auditiva-portada-750x750.jpg 750w, https:\/\/medicina.udd.cl\/fonoaudiologia-santiago\/files\/2024\/11\/fono-plan-nacional-chileno-de-salud-auditiva-portada-500x500.jpg 500w, https:\/\/medicina.udd.cl\/fonoaudiologia-santiago\/files\/2024\/11\/fono-plan-nacional-chileno-de-salud-auditiva-portada-250x250.jpg 250w, https:\/\/medicina.udd.cl\/fonoaudiologia-santiago\/files\/2024\/11\/fono-plan-nacional-chileno-de-salud-auditiva-portada-126x126.jpg 126w, https:\/\/medicina.udd.cl\/fonoaudiologia-santiago\/files\/2024\/11\/fono-plan-nacional-chileno-de-salud-auditiva-portada.jpg 1200w\" sizes=\"auto, (max-width: 1024px) 100vw, 1024px\" \/><\/a><\/figure>\n\n\n\n<figure class=\"wp-block-image size-large\"><a href=\"https:\/\/medicina.udd.cl\/fonoaudiologia-santiago\/files\/2024\/11\/fono-plan-nacional-chileno-de-salud-auditiva-2.jpg\"><img loading=\"lazy\" decoding=\"async\" width=\"1024\" height=\"768\" data-id=\"7088\" src=\"https:\/\/medicina.udd.cl\/fonoaudiologia-santiago\/files\/2024\/11\/fono-plan-nacional-chileno-de-salud-auditiva-2-1024x768.jpg\" alt=\"\" class=\"wp-image-7088\" srcset=\"https:\/\/medicina.udd.cl\/fonoaudiologia-santiago\/files\/2024\/11\/fono-plan-nacional-chileno-de-salud-auditiva-2-1024x768.jpg 1024w, https:\/\/medicina.udd.cl\/fonoaudiologia-santiago\/files\/2024\/11\/fono-plan-nacional-chileno-de-salud-auditiva-2-300x225.jpg 300w, https:\/\/medicina.udd.cl\/fonoaudiologia-santiago\/files\/2024\/11\/fono-plan-nacional-chileno-de-salud-auditiva-2-768x576.jpg 768w, https:\/\/medicina.udd.cl\/fonoaudiologia-santiago\/files\/2024\/11\/fono-plan-nacional-chileno-de-salud-auditiva-2-1536x1152.jpg 1536w, https:\/\/medicina.udd.cl\/fonoaudiologia-santiago\/files\/2024\/11\/fono-plan-nacional-chileno-de-salud-auditiva-2.jpg 1600w\" sizes=\"auto, (max-width: 1024px) 100vw, 1024px\" \/><\/a><\/figure>\n<\/figure>\n\n\n\n<p>En el marco del Plan Nacional Chileno de Salud Auditiva, docentes y estudiantes de la carrera de Fonoaudiolog\u00eda de la Facultad de Medicina Cl\u00ednica Alemana Universidad del Desarrollo (UDD), han asumido un rol fundamental en la promoci\u00f3n y protecci\u00f3n de la salud auditiva de la poblaci\u00f3n. El laboratorio de Audiolog\u00eda ha abierto sus puertas a una alianza de cooperaci\u00f3n con el Centro de Rehabilitaci\u00f3n Integral del Hospital S\u00f3tero del R\u00edo. Esta iniciativa, busca dar acceso a controles de seguimiento de usuarios de aud\u00edfonos e implantes auditivos beneficiados por la Ley Ricartes Soto y GES 56, 59 Y 77.<\/p>\n\n\n\n<p>A lo largo del presente a\u00f1o, se han realizado m\u00e1s de 60 atenciones de evaluaci\u00f3n audiom\u00e9trica a campo libre y evaluaci\u00f3n de la percepci\u00f3n ac\u00fastica del habla. &nbsp;Sabemos que&nbsp;<em>\u00abel \u00e9xito de la tecnolog\u00eda de ayuda auditiva depende de la rehabilitaci\u00f3n que incluye el seguimiento del correcto funcionamiento de los dispositivos\u00bb<\/em>, se\u00f1alaron Gloria Garc\u00eda Del Solar e Ignacia Mart\u00ednez, docentes de Fonoaudiolog\u00eda UDD.<\/p>\n\n\n\n<p>El Plan Nacional Chileno de Salud Auditiva incluye medidas de prevenci\u00f3n, diagn\u00f3stico y seguimiento de los problemas de audici\u00f3n. En este sentido, los estudiantes de fonoaudiolog\u00eda, han participado activamente en los ex\u00e1menes de audici\u00f3n ayudando a detectar problemas tempranos que pueden ser tratados a tiempo.<\/p>\n\n\n\n<p>El Plan Nacional Chileno de Salud Auditiva, lanzado en 2023, tiene como objetivo reducir la incidencia de problemas auditivos en la poblaci\u00f3n y mejorar la accesibilidad a los servicios de salud para los afectados. En este contexto, el compromiso de la Universidad del Desarrollo es colaborar para el \u00e9xito de la iniciativa, demostrando que la colaboraci\u00f3n comunitaria es esencial para enfrentar esta problem\u00e1tica.<\/p>\n\n\n\n<p>Con estos esfuerzos, se espera que cada vez m\u00e1s chilenos tengan acceso a una mejor salud auditiva, contribuyendo a la calidad de vida para la poblaci\u00f3n en general.<\/p>\n","protected":false},"excerpt":{"rendered":"<p>En el marco del Plan Nacional Chileno de Salud Auditiva, docentes y estudiantes de la carrera de Fonoaudiolog\u00eda de la Facultad de Medicina Cl\u00ednica Alemana Universidad del Desarrollo (UDD), han asumido un rol fundamental en la promoci\u00f3n y protecci\u00f3n de la salud auditiva de la poblaci\u00f3n. El laboratorio de Audiolog\u00eda ha abierto sus puertas a [&hellip;]<\/p>\n","protected":false},"author":9192219,"featured_media":7087,"comment_status":"closed","ping_status":"open","sticky":false,"template":"","format":"standard","meta":{"footnotes":""},"categories":[4],"tags":[],"class_list":["post-7086","post","type-post","status-publish","format-standard","has-post-thumbnail","hentry","category-noticias"],"yoast_head":"<!-- This site is optimized with the Yoast SEO plugin v26.9 - https:\/\/yoast.com\/product\/yoast-seo-wordpress\/ -->\n<title>Fonoaudiolog\u00eda UDD comprometida con la Salud Auditiva de los chilenos - Fonoaudiolog\u00eda<\/title>\n<meta name=\"robots\" content=\"index, follow, max-snippet:-1, max-image-preview:large, max-video-preview:-1\" \/>\n<link rel=\"canonical\" href=\"https:\/\/medicina.udd.cl\/fonoaudiologia-santiago\/noticias\/2024\/11\/21\/fonoaudiologia-udd-comprometida-con-la-salud-auditiva-de-los-chilenos\/\" \/>\n<meta property=\"og:locale\" content=\"es_ES\" \/>\n<meta property=\"og:type\" content=\"article\" \/>\n<meta property=\"og:title\" content=\"Fonoaudiolog\u00eda UDD comprometida con la Salud Auditiva de los chilenos - Fonoaudiolog\u00eda\" \/>\n<meta property=\"og:description\" content=\"En el marco del Plan Nacional Chileno de Salud Auditiva, docentes y estudiantes de la carrera de Fonoaudiolog\u00eda de la Facultad de Medicina Cl\u00ednica Alemana Universidad del Desarrollo (UDD), han asumido un rol fundamental en la promoci\u00f3n y protecci\u00f3n de la salud auditiva de la poblaci\u00f3n. El laboratorio de Audiolog\u00eda ha abierto sus puertas a [&hellip;]\" \/>\n<meta property=\"og:url\" content=\"https:\/\/medicina.udd.cl\/fonoaudiologia-santiago\/noticias\/2024\/11\/21\/fonoaudiologia-udd-comprometida-con-la-salud-auditiva-de-los-chilenos\/\" \/>\n<meta property=\"og:site_name\" content=\"Fonoaudiolog\u00eda\" \/>\n<meta property=\"article:published_time\" content=\"2024-11-21T16:15:45+00:00\" \/>\n<meta property=\"article:modified_time\" content=\"2024-11-21T16:15:47+00:00\" \/>\n<meta property=\"og:image\" content=\"https:\/\/medicina.udd.cl\/fonoaudiologia-santiago\/files\/2024\/11\/fono-plan-nacional-chileno-de-salud-auditiva-portada.jpg\" \/>\n\t<meta property=\"og:image:width\" content=\"1200\" \/>\n\t<meta property=\"og:image:height\" content=\"1200\" \/>\n\t<meta property=\"og:image:type\" content=\"image\/jpeg\" \/>\n<meta name=\"author\" content=\"rbraidy\" \/>\n<meta name=\"twitter:label1\" content=\"Escrito por\" \/>\n\t<meta name=\"twitter:data1\" content=\"rbraidy\" \/>\n\t<meta name=\"twitter:label2\" content=\"Tiempo de lectura\" \/>\n\t<meta name=\"twitter:data2\" content=\"3 minutos\" \/>\n<script type=\"application\/ld+json\" class=\"yoast-schema-graph\">{\"@context\":\"https:\/\/schema.org\",\"@graph\":[{\"@type\":\"Article\",\"@id\":\"https:\/\/medicina.udd.cl\/fonoaudiologia-santiago\/noticias\/2024\/11\/21\/fonoaudiologia-udd-comprometida-con-la-salud-auditiva-de-los-chilenos\/#article\",\"isPartOf\":{\"@id\":\"https:\/\/medicina.udd.cl\/fonoaudiologia-santiago\/noticias\/2024\/11\/21\/fonoaudiologia-udd-comprometida-con-la-salud-auditiva-de-los-chilenos\/\"},\"author\":{\"name\":\"rbraidy\",\"@id\":\"https:\/\/medicina.udd.cl\/fonoaudiologia-santiago\/#\/schema\/person\/dbc3705bf3a93e8be1ba6de0ef950341\"},\"headline\":\"Fonoaudiolog\u00eda UDD comprometida con la Salud Auditiva de los chilenos\",\"datePublished\":\"2024-11-21T16:15:45+00:00\",\"dateModified\":\"2024-11-21T16:15:47+00:00\",\"mainEntityOfPage\":{\"@id\":\"https:\/\/medicina.udd.cl\/fonoaudiologia-santiago\/noticias\/2024\/11\/21\/fonoaudiologia-udd-comprometida-con-la-salud-auditiva-de-los-chilenos\/\"},\"wordCount\":340,\"image\":{\"@id\":\"https:\/\/medicina.udd.cl\/fonoaudiologia-santiago\/noticias\/2024\/11\/21\/fonoaudiologia-udd-comprometida-con-la-salud-auditiva-de-los-chilenos\/#primaryimage\"},\"thumbnailUrl\":\"https:\/\/medicina.udd.cl\/fonoaudiologia-santiago\/files\/2024\/11\/fono-plan-nacional-chileno-de-salud-auditiva-portada.jpg\",\"articleSection\":[\"Noticias\"],\"inLanguage\":\"es\"},{\"@type\":\"WebPage\",\"@id\":\"https:\/\/medicina.udd.cl\/fonoaudiologia-santiago\/noticias\/2024\/11\/21\/fonoaudiologia-udd-comprometida-con-la-salud-auditiva-de-los-chilenos\/\",\"url\":\"https:\/\/medicina.udd.cl\/fonoaudiologia-santiago\/noticias\/2024\/11\/21\/fonoaudiologia-udd-comprometida-con-la-salud-auditiva-de-los-chilenos\/\",\"name\":\"Fonoaudiolog\u00eda UDD comprometida con la Salud Auditiva de los chilenos - Fonoaudiolog\u00eda\",\"isPartOf\":{\"@id\":\"https:\/\/medicina.udd.cl\/fonoaudiologia-santiago\/#website\"},\"primaryImageOfPage\":{\"@id\":\"https:\/\/medicina.udd.cl\/fonoaudiologia-santiago\/noticias\/2024\/11\/21\/fonoaudiologia-udd-comprometida-con-la-salud-auditiva-de-los-chilenos\/#primaryimage\"},\"image\":{\"@id\":\"https:\/\/medicina.udd.cl\/fonoaudiologia-santiago\/noticias\/2024\/11\/21\/fonoaudiologia-udd-comprometida-con-la-salud-auditiva-de-los-chilenos\/#primaryimage\"},\"thumbnailUrl\":\"https:\/\/medicina.udd.cl\/fonoaudiologia-santiago\/files\/2024\/11\/fono-plan-nacional-chileno-de-salud-auditiva-portada.jpg\",\"datePublished\":\"2024-11-21T16:15:45+00:00\",\"dateModified\":\"2024-11-21T16:15:47+00:00\",\"author\":{\"@id\":\"https:\/\/medicina.udd.cl\/fonoaudiologia-santiago\/#\/schema\/person\/dbc3705bf3a93e8be1ba6de0ef950341\"},\"breadcrumb\":{\"@id\":\"https:\/\/medicina.udd.cl\/fonoaudiologia-santiago\/noticias\/2024\/11\/21\/fonoaudiologia-udd-comprometida-con-la-salud-auditiva-de-los-chilenos\/#breadcrumb\"},\"inLanguage\":\"es\",\"potentialAction\":[{\"@type\":\"ReadAction\",\"target\":[\"https:\/\/medicina.udd.cl\/fonoaudiologia-santiago\/noticias\/2024\/11\/21\/fonoaudiologia-udd-comprometida-con-la-salud-auditiva-de-los-chilenos\/\"]}]},{\"@type\":\"ImageObject\",\"inLanguage\":\"es\",\"@id\":\"https:\/\/medicina.udd.cl\/fonoaudiologia-santiago\/noticias\/2024\/11\/21\/fonoaudiologia-udd-comprometida-con-la-salud-auditiva-de-los-chilenos\/#primaryimage\",\"url\":\"https:\/\/medicina.udd.cl\/fonoaudiologia-santiago\/files\/2024\/11\/fono-plan-nacional-chileno-de-salud-auditiva-portada.jpg\",\"contentUrl\":\"https:\/\/medicina.udd.cl\/fonoaudiologia-santiago\/files\/2024\/11\/fono-plan-nacional-chileno-de-salud-auditiva-portada.jpg\",\"width\":1200,\"height\":1200},{\"@type\":\"BreadcrumbList\",\"@id\":\"https:\/\/medicina.udd.cl\/fonoaudiologia-santiago\/noticias\/2024\/11\/21\/fonoaudiologia-udd-comprometida-con-la-salud-auditiva-de-los-chilenos\/#breadcrumb\",\"itemListElement\":[{\"@type\":\"ListItem\",\"position\":1,\"name\":\"Home\",\"item\":\"https:\/\/medicina.udd.cl\/fonoaudiologia-santiago\/\"},{\"@type\":\"ListItem\",\"position\":2,\"name\":\"Fonoaudiolog\u00eda UDD comprometida con la Salud Auditiva de los chilenos\"}]},{\"@type\":\"WebSite\",\"@id\":\"https:\/\/medicina.udd.cl\/fonoaudiologia-santiago\/#website\",\"url\":\"https:\/\/medicina.udd.cl\/fonoaudiologia-santiago\/\",\"name\":\"Fonoaudiolog\u00eda\",\"description\":\"Facultad de Medicina Cl\u00ednica Alemana Universidad del Desarrollo\",\"inLanguage\":\"es\"},{\"@type\":\"Person\",\"@id\":\"https:\/\/medicina.udd.cl\/fonoaudiologia-santiago\/#\/schema\/person\/dbc3705bf3a93e8be1ba6de0ef950341\",\"name\":\"rbraidy\",\"image\":{\"@type\":\"ImageObject\",\"inLanguage\":\"es\",\"@id\":\"https:\/\/medicina.udd.cl\/fonoaudiologia-santiago\/#\/schema\/person\/image\/\",\"url\":\"https:\/\/secure.gravatar.com\/avatar\/0f8bc94637401590e45d2ce17eb65c274cb8870a219de6177f3f23e63fd8cdf3?s=96&d=mm&r=g\",\"contentUrl\":\"https:\/\/secure.gravatar.com\/avatar\/0f8bc94637401590e45d2ce17eb65c274cb8870a219de6177f3f23e63fd8cdf3?s=96&d=mm&r=g\",\"caption\":\"rbraidy\"},\"url\":\"https:\/\/medicina.udd.cl\/fonoaudiologia-santiago\/noticias\/author\/rbraidy\/\"}]}<\/script>\n<!-- \/ Yoast SEO plugin. -->","yoast_head_json":{"title":"Fonoaudiolog\u00eda UDD comprometida con la Salud Auditiva de los chilenos - Fonoaudiolog\u00eda","robots":{"index":"index","follow":"follow","max-snippet":"max-snippet:-1","max-image-preview":"max-image-preview:large","max-video-preview":"max-video-preview:-1"},"canonical":"https:\/\/medicina.udd.cl\/fonoaudiologia-santiago\/noticias\/2024\/11\/21\/fonoaudiologia-udd-comprometida-con-la-salud-auditiva-de-los-chilenos\/","og_locale":"es_ES","og_type":"article","og_title":"Fonoaudiolog\u00eda UDD comprometida con la Salud Auditiva de los chilenos - Fonoaudiolog\u00eda","og_description":"En el marco del Plan Nacional Chileno de Salud Auditiva, docentes y estudiantes de la carrera de Fonoaudiolog\u00eda de la Facultad de Medicina Cl\u00ednica Alemana Universidad del Desarrollo (UDD), han asumido un rol fundamental en la promoci\u00f3n y protecci\u00f3n de la salud auditiva de la poblaci\u00f3n. El laboratorio de Audiolog\u00eda ha abierto sus puertas a [&hellip;]","og_url":"https:\/\/medicina.udd.cl\/fonoaudiologia-santiago\/noticias\/2024\/11\/21\/fonoaudiologia-udd-comprometida-con-la-salud-auditiva-de-los-chilenos\/","og_site_name":"Fonoaudiolog\u00eda","article_published_time":"2024-11-21T16:15:45+00:00","article_modified_time":"2024-11-21T16:15:47+00:00","og_image":[{"width":1200,"height":1200,"url":"https:\/\/medicina.udd.cl\/fonoaudiologia-santiago\/files\/2024\/11\/fono-plan-nacional-chileno-de-salud-auditiva-portada.jpg","type":"image\/jpeg"}],"author":"rbraidy","twitter_misc":{"Escrito por":"rbraidy","Tiempo de lectura":"3 minutos"},"schema":{"@context":"https:\/\/schema.org","@graph":[{"@type":"Article","@id":"https:\/\/medicina.udd.cl\/fonoaudiologia-santiago\/noticias\/2024\/11\/21\/fonoaudiologia-udd-comprometida-con-la-salud-auditiva-de-los-chilenos\/#article","isPartOf":{"@id":"https:\/\/medicina.udd.cl\/fonoaudiologia-santiago\/noticias\/2024\/11\/21\/fonoaudiologia-udd-comprometida-con-la-salud-auditiva-de-los-chilenos\/"},"author":{"name":"rbraidy","@id":"https:\/\/medicina.udd.cl\/fonoaudiologia-santiago\/#\/schema\/person\/dbc3705bf3a93e8be1ba6de0ef950341"},"headline":"Fonoaudiolog\u00eda UDD comprometida con la Salud Auditiva de los chilenos","datePublished":"2024-11-21T16:15:45+00:00","dateModified":"2024-11-21T16:15:47+00:00","mainEntityOfPage":{"@id":"https:\/\/medicina.udd.cl\/fonoaudiologia-santiago\/noticias\/2024\/11\/21\/fonoaudiologia-udd-comprometida-con-la-salud-auditiva-de-los-chilenos\/"},"wordCount":340,"image":{"@id":"https:\/\/medicina.udd.cl\/fonoaudiologia-santiago\/noticias\/2024\/11\/21\/fonoaudiologia-udd-comprometida-con-la-salud-auditiva-de-los-chilenos\/#primaryimage"},"thumbnailUrl":"https:\/\/medicina.udd.cl\/fonoaudiologia-santiago\/files\/2024\/11\/fono-plan-nacional-chileno-de-salud-auditiva-portada.jpg","articleSection":["Noticias"],"inLanguage":"es"},{"@type":"WebPage","@id":"https:\/\/medicina.udd.cl\/fonoaudiologia-santiago\/noticias\/2024\/11\/21\/fonoaudiologia-udd-comprometida-con-la-salud-auditiva-de-los-chilenos\/","url":"https:\/\/medicina.udd.cl\/fonoaudiologia-santiago\/noticias\/2024\/11\/21\/fonoaudiologia-udd-comprometida-con-la-salud-auditiva-de-los-chilenos\/","name":"Fonoaudiolog\u00eda UDD comprometida con la Salud Auditiva de los chilenos - Fonoaudiolog\u00eda","isPartOf":{"@id":"https:\/\/medicina.udd.cl\/fonoaudiologia-santiago\/#website"},"primaryImageOfPage":{"@id":"https:\/\/medicina.udd.cl\/fonoaudiologia-santiago\/noticias\/2024\/11\/21\/fonoaudiologia-udd-comprometida-con-la-salud-auditiva-de-los-chilenos\/#primaryimage"},"image":{"@id":"https:\/\/medicina.udd.cl\/fonoaudiologia-santiago\/noticias\/2024\/11\/21\/fonoaudiologia-udd-comprometida-con-la-salud-auditiva-de-los-chilenos\/#primaryimage"},"thumbnailUrl":"https:\/\/medicina.udd.cl\/fonoaudiologia-santiago\/files\/2024\/11\/fono-plan-nacional-chileno-de-salud-auditiva-portada.jpg","datePublished":"2024-11-21T16:15:45+00:00","dateModified":"2024-11-21T16:15:47+00:00","author":{"@id":"https:\/\/medicina.udd.cl\/fonoaudiologia-santiago\/#\/schema\/person\/dbc3705bf3a93e8be1ba6de0ef950341"},"breadcrumb":{"@id":"https:\/\/medicina.udd.cl\/fonoaudiologia-santiago\/noticias\/2024\/11\/21\/fonoaudiologia-udd-comprometida-con-la-salud-auditiva-de-los-chilenos\/#breadcrumb"},"inLanguage":"es","potentialAction":[{"@type":"ReadAction","target":["https:\/\/medicina.udd.cl\/fonoaudiologia-santiago\/noticias\/2024\/11\/21\/fonoaudiologia-udd-comprometida-con-la-salud-auditiva-de-los-chilenos\/"]}]},{"@type":"ImageObject","inLanguage":"es","@id":"https:\/\/medicina.udd.cl\/fonoaudiologia-santiago\/noticias\/2024\/11\/21\/fonoaudiologia-udd-comprometida-con-la-salud-auditiva-de-los-chilenos\/#primaryimage","url":"https:\/\/medicina.udd.cl\/fonoaudiologia-santiago\/files\/2024\/11\/fono-plan-nacional-chileno-de-salud-auditiva-portada.jpg","contentUrl":"https:\/\/medicina.udd.cl\/fonoaudiologia-santiago\/files\/2024\/11\/fono-plan-nacional-chileno-de-salud-auditiva-portada.jpg","width":1200,"height":1200},{"@type":"BreadcrumbList","@id":"https:\/\/medicina.udd.cl\/fonoaudiologia-santiago\/noticias\/2024\/11\/21\/fonoaudiologia-udd-comprometida-con-la-salud-auditiva-de-los-chilenos\/#breadcrumb","itemListElement":[{"@type":"ListItem","position":1,"name":"Home","item":"https:\/\/medicina.udd.cl\/fonoaudiologia-santiago\/"},{"@type":"ListItem","position":2,"name":"Fonoaudiolog\u00eda UDD comprometida con la Salud Auditiva de los chilenos"}]},{"@type":"WebSite","@id":"https:\/\/medicina.udd.cl\/fonoaudiologia-santiago\/#website","url":"https:\/\/medicina.udd.cl\/fonoaudiologia-santiago\/","name":"Fonoaudiolog\u00eda","description":"Facultad de Medicina Cl\u00ednica Alemana Universidad del Desarrollo","inLanguage":"es"},{"@type":"Person","@id":"https:\/\/medicina.udd.cl\/fonoaudiologia-santiago\/#\/schema\/person\/dbc3705bf3a93e8be1ba6de0ef950341","name":"rbraidy","image":{"@type":"ImageObject","inLanguage":"es","@id":"https:\/\/medicina.udd.cl\/fonoaudiologia-santiago\/#\/schema\/person\/image\/","url":"https:\/\/secure.gravatar.com\/avatar\/0f8bc94637401590e45d2ce17eb65c274cb8870a219de6177f3f23e63fd8cdf3?s=96&d=mm&r=g","contentUrl":"https:\/\/secure.gravatar.com\/avatar\/0f8bc94637401590e45d2ce17eb65c274cb8870a219de6177f3f23e63fd8cdf3?s=96&d=mm&r=g","caption":"rbraidy"},"url":"https:\/\/medicina.udd.cl\/fonoaudiologia-santiago\/noticias\/author\/rbraidy\/"}]}},"featured_image_url":"https:\/\/medicina.udd.cl\/fonoaudiologia-santiago\/files\/2024\/11\/fono-plan-nacional-chileno-de-salud-auditiva-portada.jpg","_links":{"self":[{"href":"https:\/\/medicina.udd.cl\/fonoaudiologia-santiago\/wp-json\/wp\/v2\/posts\/7086","targetHints":{"allow":["GET"]}}],"collection":[{"href":"https:\/\/medicina.udd.cl\/fonoaudiologia-santiago\/wp-json\/wp\/v2\/posts"}],"about":[{"href":"https:\/\/medicina.udd.cl\/fonoaudiologia-santiago\/wp-json\/wp\/v2\/types\/post"}],"author":[{"embeddable":true,"href":"https:\/\/medicina.udd.cl\/fonoaudiologia-santiago\/wp-json\/wp\/v2\/users\/9192219"}],"replies":[{"embeddable":true,"href":"https:\/\/medicina.udd.cl\/fonoaudiologia-santiago\/wp-json\/wp\/v2\/comments?post=7086"}],"version-history":[{"count":1,"href":"https:\/\/medicina.udd.cl\/fonoaudiologia-santiago\/wp-json\/wp\/v2\/posts\/7086\/revisions"}],"predecessor-version":[{"id":7091,"href":"https:\/\/medicina.udd.cl\/fonoaudiologia-santiago\/wp-json\/wp\/v2\/posts\/7086\/revisions\/7091"}],"wp:featuredmedia":[{"embeddable":true,"href":"https:\/\/medicina.udd.cl\/fonoaudiologia-santiago\/wp-json\/wp\/v2\/media\/7087"}],"wp:attachment":[{"href":"https:\/\/medicina.udd.cl\/fonoaudiologia-santiago\/wp-json\/wp\/v2\/media?parent=7086"}],"wp:term":[{"taxonomy":"category","embeddable":true,"href":"https:\/\/medicina.udd.cl\/fonoaudiologia-santiago\/wp-json\/wp\/v2\/categories?post=7086"},{"taxonomy":"post_tag","embeddable":true,"href":"https:\/\/medicina.udd.cl\/fonoaudiologia-santiago\/wp-json\/wp\/v2\/tags?post=7086"}],"curies":[{"name":"wp","href":"https:\/\/api.w.org\/{rel}","templated":true}]}}