{"id":7125,"date":"2025-01-17T11:32:34","date_gmt":"2025-01-17T14:32:34","guid":{"rendered":"https:\/\/medicina.udd.cl\/fonoaudiologia-santiago\/?p=7125"},"modified":"2025-01-17T11:37:02","modified_gmt":"2025-01-17T14:37:02","slug":"culmina-con-exito-la-segunda-version-del-diplomado-internacional-de-especializacion-en-terapia-auditiva-udd","status":"publish","type":"post","link":"https:\/\/medicina.udd.cl\/fonoaudiologia-santiago\/noticias\/2025\/01\/17\/culmina-con-exito-la-segunda-version-del-diplomado-internacional-de-especializacion-en-terapia-auditiva-udd\/","title":{"rendered":"Culmina con \u00e9xito la Segunda Versi\u00f3n del Diplomado Internacional de Especializaci\u00f3n en Terapia Auditiva UDD"},"content":{"rendered":"\n<figure class=\"wp-block-image size-large\"><a href=\"https:\/\/medicina.udd.cl\/fonoaudiologia-santiago\/files\/2025\/01\/img_4569-scaled.jpg\"><img loading=\"lazy\" decoding=\"async\" width=\"1024\" height=\"683\" src=\"https:\/\/medicina.udd.cl\/fonoaudiologia-santiago\/files\/2025\/01\/img_4569-1024x683.jpg\" alt=\"\" class=\"wp-image-7139\" srcset=\"https:\/\/medicina.udd.cl\/fonoaudiologia-santiago\/files\/2025\/01\/img_4569-1024x683.jpg 1024w, https:\/\/medicina.udd.cl\/fonoaudiologia-santiago\/files\/2025\/01\/img_4569-300x200.jpg 300w, https:\/\/medicina.udd.cl\/fonoaudiologia-santiago\/files\/2025\/01\/img_4569-768x512.jpg 768w, https:\/\/medicina.udd.cl\/fonoaudiologia-santiago\/files\/2025\/01\/img_4569-1536x1024.jpg 1536w, https:\/\/medicina.udd.cl\/fonoaudiologia-santiago\/files\/2025\/01\/img_4569-2048x1365.jpg 2048w\" sizes=\"auto, (max-width: 1024px) 100vw, 1024px\" \/><\/a><\/figure>\n\n\n\n<p>Entre el 6 y el 10 de enero, se llev\u00f3 a cabo la jornada presencial de la segunda versi\u00f3n del&nbsp;<strong><em>Diplomado Internacional de Especializaci\u00f3n en Terapia Auditiva<\/em><\/strong>, organizado por la carrera de Fonoaudiolog\u00eda de la Facultad de Medicina Cl\u00ednica Alemana Universidad del Desarrollo (UDD). Este evento reuni\u00f3 a destacados acad\u00e9micos y profesionales del \u00e1rea, quienes compartieron sus conocimientos y experiencias con estudiantes provenientes de diversos pa\u00edses.<\/p>\n\n\n\n<p><strong>Encuentro con Expertos Internacionales<\/strong><\/p>\n\n\n\n<p>El encuentro cont\u00f3 con la participaci\u00f3n de las expertas Romina Piccione (Espa\u00f1a), Diana Laurnagaray y Lorena Valenzuela (Argentina), junto con la acad\u00e9mica de la Universidad Metropolitana de Ciencias de la Educaci\u00f3n (UMCE), Cynthia Ar\u00e9valo. Adem\u00e1s, la jornada estuvo liderada por el equipo directivo del diplomado, Javiera Dr\u00e1pela y Gloria Garc\u00eda Del Solar, acompa\u00f1adas por la directora de Fonoaudiolog\u00eda UDD, Ang\u00e9lica L\u00f3pez, y la coordinadora acad\u00e9mica, Antonella Urz\u00faa.<\/p>\n\n\n\n<p>Las c\u00e1tedras pr\u00e1cticas sobre Implante Coclear fueron impartidas por la Compa\u00f1\u00eda de Implantes Auditivos Med-El, representada por las fonoaudi\u00f3logas Claudia Caro y Yasmila Serbali, quienes ofrecieron una capacitaci\u00f3n especializada en este tema fundamental para los profesionales de la terapia auditiva. Asimismo, las sesiones pr\u00e1cticas sobre aud\u00edfonos estuvieron a cargo del fonoaudi\u00f3logo Alex Moreira, quien enfatiz\u00f3 la importancia de realizar mediciones en o\u00eddo real.<\/p>\n\n\n\n<p><strong>Un Diplomado con Impacto Global<\/strong><\/p>\n\n\n\n<p>Esta versi\u00f3n del diplomado reuni\u00f3 a una nueva generaci\u00f3n de profesionales de Chile, Argentina, Costa Rica, Uruguay, Puerto Rico, Brasil, Espa\u00f1a y M\u00e9xico, quienes iniciaron su formaci\u00f3n en abril de 2024 y se graduar\u00e1n en marzo de 2025. Adem\u00e1s, recibir\u00e1n la diplomatura de especializaci\u00f3n y los cr\u00e9ditos CEUs otorgados por la AG Bell Academy for Listening and Spoken Language.<\/p>\n\n\n\n<p><em><strong>Melissa Collado,<\/strong><\/em>&nbsp;terapeuta del habla y audi\u00f3loga de Puerto Rico, destac\u00f3 que el diplomado transform\u00f3 su perspectiva sobre los pacientes con p\u00e9rdida auditiva, proporcion\u00e1ndole herramientas valiosas, contactos y una experiencia enriquecedora. Por su parte,&nbsp;<em><strong>Carla Sancassano<\/strong><\/em>, docente y coordinadora del Programa Nacional de Implantes Cocleares en Uruguay, resalt\u00f3 la importancia de la red de apoyo entre profesionales de diferentes pa\u00edses y su impacto en el desarrollo de la audiolog\u00eda en la regi\u00f3n.<\/p>\n\n\n\n<p><strong>Crecimiento y Proyecci\u00f3n del Programa<\/strong><\/p>\n\n\n\n<p>El \u00e9xito de esta iniciativa acad\u00e9mica ha evidenciado la creciente demanda de formaci\u00f3n especializada en terapia auditiva en espa\u00f1ol, lo que ha motivado la creaci\u00f3n de una nueva versi\u00f3n del diplomado, que comenzar\u00e1 en mayo de 2025. Con ello, la UDD reafirma su compromiso de ampliar las oportunidades educativas para profesionales dedicados a mejorar la calidad de vida de las personas mediante el acceso a tecnolog\u00edas auditivas de vanguardia.<\/p>\n\n\n\n<p>Para m\u00e1s informaci\u00f3n sobre el diplomado y la nueva convocatoria,<a href=\"https:\/\/medicina.udd.cl\/ver-diplomado\/diplomado-de-especializacion-internacional-en-terapia-auditiva\/\">&nbsp;visita nuestro sitio web.<\/a><\/p>\n\n\n\n<figure class=\"wp-block-gallery has-nested-images columns-default is-cropped wp-block-gallery-1 is-layout-flex wp-block-gallery-is-layout-flex\">\n<figure class=\"wp-block-image size-large\"><a href=\"https:\/\/medicina.udd.cl\/fonoaudiologia-santiago\/files\/2025\/01\/fono-ii-doplomado-audiologia-internacional-8-scaled.jpg\"><img loading=\"lazy\" decoding=\"async\" width=\"1024\" height=\"683\" data-id=\"7128\" src=\"https:\/\/medicina.udd.cl\/fonoaudiologia-santiago\/files\/2025\/01\/fono-ii-doplomado-audiologia-internacional-8-1024x683.jpg\" alt=\"\" class=\"wp-image-7128\" srcset=\"https:\/\/medicina.udd.cl\/fonoaudiologia-santiago\/files\/2025\/01\/fono-ii-doplomado-audiologia-internacional-8-1024x683.jpg 1024w, https:\/\/medicina.udd.cl\/fonoaudiologia-santiago\/files\/2025\/01\/fono-ii-doplomado-audiologia-internacional-8-300x200.jpg 300w, https:\/\/medicina.udd.cl\/fonoaudiologia-santiago\/files\/2025\/01\/fono-ii-doplomado-audiologia-internacional-8-768x512.jpg 768w, https:\/\/medicina.udd.cl\/fonoaudiologia-santiago\/files\/2025\/01\/fono-ii-doplomado-audiologia-internacional-8-1536x1024.jpg 1536w, https:\/\/medicina.udd.cl\/fonoaudiologia-santiago\/files\/2025\/01\/fono-ii-doplomado-audiologia-internacional-8-2048x1365.jpg 2048w\" sizes=\"auto, (max-width: 1024px) 100vw, 1024px\" \/><\/a><\/figure>\n\n\n\n<figure class=\"wp-block-image size-large\"><a href=\"https:\/\/medicina.udd.cl\/fonoaudiologia-santiago\/files\/2025\/01\/fono-ii-doplomado-audiologia-internacional-6-scaled.jpg\"><img loading=\"lazy\" decoding=\"async\" width=\"1024\" height=\"683\" data-id=\"7127\" src=\"https:\/\/medicina.udd.cl\/fonoaudiologia-santiago\/files\/2025\/01\/fono-ii-doplomado-audiologia-internacional-6-1024x683.jpg\" alt=\"\" class=\"wp-image-7127\" srcset=\"https:\/\/medicina.udd.cl\/fonoaudiologia-santiago\/files\/2025\/01\/fono-ii-doplomado-audiologia-internacional-6-1024x683.jpg 1024w, https:\/\/medicina.udd.cl\/fonoaudiologia-santiago\/files\/2025\/01\/fono-ii-doplomado-audiologia-internacional-6-300x200.jpg 300w, https:\/\/medicina.udd.cl\/fonoaudiologia-santiago\/files\/2025\/01\/fono-ii-doplomado-audiologia-internacional-6-768x512.jpg 768w, https:\/\/medicina.udd.cl\/fonoaudiologia-santiago\/files\/2025\/01\/fono-ii-doplomado-audiologia-internacional-6-1536x1024.jpg 1536w, https:\/\/medicina.udd.cl\/fonoaudiologia-santiago\/files\/2025\/01\/fono-ii-doplomado-audiologia-internacional-6-2048x1365.jpg 2048w\" sizes=\"auto, (max-width: 1024px) 100vw, 1024px\" \/><\/a><\/figure>\n\n\n\n<figure class=\"wp-block-image size-large\"><a href=\"https:\/\/medicina.udd.cl\/fonoaudiologia-santiago\/files\/2025\/01\/fono-ii-doplomado-audiologia-internacional-1-scaled.jpg\"><img loading=\"lazy\" decoding=\"async\" width=\"1024\" height=\"683\" data-id=\"7126\" src=\"https:\/\/medicina.udd.cl\/fonoaudiologia-santiago\/files\/2025\/01\/fono-ii-doplomado-audiologia-internacional-1-1024x683.jpg\" alt=\"\" class=\"wp-image-7126\" srcset=\"https:\/\/medicina.udd.cl\/fonoaudiologia-santiago\/files\/2025\/01\/fono-ii-doplomado-audiologia-internacional-1-1024x683.jpg 1024w, https:\/\/medicina.udd.cl\/fonoaudiologia-santiago\/files\/2025\/01\/fono-ii-doplomado-audiologia-internacional-1-300x200.jpg 300w, https:\/\/medicina.udd.cl\/fonoaudiologia-santiago\/files\/2025\/01\/fono-ii-doplomado-audiologia-internacional-1-768x512.jpg 768w, https:\/\/medicina.udd.cl\/fonoaudiologia-santiago\/files\/2025\/01\/fono-ii-doplomado-audiologia-internacional-1-1536x1024.jpg 1536w, https:\/\/medicina.udd.cl\/fonoaudiologia-santiago\/files\/2025\/01\/fono-ii-doplomado-audiologia-internacional-1-2048x1365.jpg 2048w\" sizes=\"auto, (max-width: 1024px) 100vw, 1024px\" \/><\/a><\/figure>\n\n\n\n<figure class=\"wp-block-image size-large\"><a href=\"https:\/\/medicina.udd.cl\/fonoaudiologia-santiago\/files\/2025\/01\/fono-ii-doplomado-audiologia-internacional-14-scaled.jpg\"><img loading=\"lazy\" decoding=\"async\" width=\"1024\" height=\"683\" data-id=\"7131\" src=\"https:\/\/medicina.udd.cl\/fonoaudiologia-santiago\/files\/2025\/01\/fono-ii-doplomado-audiologia-internacional-14-1024x683.jpg\" alt=\"\" class=\"wp-image-7131\" srcset=\"https:\/\/medicina.udd.cl\/fonoaudiologia-santiago\/files\/2025\/01\/fono-ii-doplomado-audiologia-internacional-14-1024x683.jpg 1024w, https:\/\/medicina.udd.cl\/fonoaudiologia-santiago\/files\/2025\/01\/fono-ii-doplomado-audiologia-internacional-14-300x200.jpg 300w, https:\/\/medicina.udd.cl\/fonoaudiologia-santiago\/files\/2025\/01\/fono-ii-doplomado-audiologia-internacional-14-768x512.jpg 768w, https:\/\/medicina.udd.cl\/fonoaudiologia-santiago\/files\/2025\/01\/fono-ii-doplomado-audiologia-internacional-14-1536x1024.jpg 1536w, https:\/\/medicina.udd.cl\/fonoaudiologia-santiago\/files\/2025\/01\/fono-ii-doplomado-audiologia-internacional-14-2048x1365.jpg 2048w\" sizes=\"auto, (max-width: 1024px) 100vw, 1024px\" \/><\/a><\/figure>\n\n\n\n<figure class=\"wp-block-image size-large\"><a href=\"https:\/\/medicina.udd.cl\/fonoaudiologia-santiago\/files\/2025\/01\/fono-ii-doplomado-audiologia-internacional-10-scaled.jpg\"><img loading=\"lazy\" decoding=\"async\" width=\"1024\" height=\"683\" data-id=\"7129\" src=\"https:\/\/medicina.udd.cl\/fonoaudiologia-santiago\/files\/2025\/01\/fono-ii-doplomado-audiologia-internacional-10-1024x683.jpg\" alt=\"\" class=\"wp-image-7129\" srcset=\"https:\/\/medicina.udd.cl\/fonoaudiologia-santiago\/files\/2025\/01\/fono-ii-doplomado-audiologia-internacional-10-1024x683.jpg 1024w, https:\/\/medicina.udd.cl\/fonoaudiologia-santiago\/files\/2025\/01\/fono-ii-doplomado-audiologia-internacional-10-300x200.jpg 300w, https:\/\/medicina.udd.cl\/fonoaudiologia-santiago\/files\/2025\/01\/fono-ii-doplomado-audiologia-internacional-10-768x512.jpg 768w, https:\/\/medicina.udd.cl\/fonoaudiologia-santiago\/files\/2025\/01\/fono-ii-doplomado-audiologia-internacional-10-1536x1024.jpg 1536w, https:\/\/medicina.udd.cl\/fonoaudiologia-santiago\/files\/2025\/01\/fono-ii-doplomado-audiologia-internacional-10-2048x1365.jpg 2048w\" sizes=\"auto, (max-width: 1024px) 100vw, 1024px\" \/><\/a><\/figure>\n\n\n\n<figure class=\"wp-block-image size-large\"><a href=\"https:\/\/medicina.udd.cl\/fonoaudiologia-santiago\/files\/2025\/01\/fono-ii-doplomado-audiologia-internacional-12-scaled.jpg\"><img loading=\"lazy\" decoding=\"async\" width=\"1024\" height=\"683\" data-id=\"7130\" src=\"https:\/\/medicina.udd.cl\/fonoaudiologia-santiago\/files\/2025\/01\/fono-ii-doplomado-audiologia-internacional-12-1024x683.jpg\" alt=\"\" class=\"wp-image-7130\" srcset=\"https:\/\/medicina.udd.cl\/fonoaudiologia-santiago\/files\/2025\/01\/fono-ii-doplomado-audiologia-internacional-12-1024x683.jpg 1024w, https:\/\/medicina.udd.cl\/fonoaudiologia-santiago\/files\/2025\/01\/fono-ii-doplomado-audiologia-internacional-12-300x200.jpg 300w, https:\/\/medicina.udd.cl\/fonoaudiologia-santiago\/files\/2025\/01\/fono-ii-doplomado-audiologia-internacional-12-768x512.jpg 768w, https:\/\/medicina.udd.cl\/fonoaudiologia-santiago\/files\/2025\/01\/fono-ii-doplomado-audiologia-internacional-12-1536x1024.jpg 1536w, https:\/\/medicina.udd.cl\/fonoaudiologia-santiago\/files\/2025\/01\/fono-ii-doplomado-audiologia-internacional-12-2048x1365.jpg 2048w\" sizes=\"auto, (max-width: 1024px) 100vw, 1024px\" \/><\/a><\/figure>\n\n\n\n<figure class=\"wp-block-image size-large\"><a href=\"https:\/\/medicina.udd.cl\/fonoaudiologia-santiago\/files\/2025\/01\/fono-ii-doplomado-audiologia-internacional-16-scaled.jpg\"><img loading=\"lazy\" decoding=\"async\" width=\"1024\" height=\"683\" data-id=\"7132\" src=\"https:\/\/medicina.udd.cl\/fonoaudiologia-santiago\/files\/2025\/01\/fono-ii-doplomado-audiologia-internacional-16-1024x683.jpg\" alt=\"\" class=\"wp-image-7132\" srcset=\"https:\/\/medicina.udd.cl\/fonoaudiologia-santiago\/files\/2025\/01\/fono-ii-doplomado-audiologia-internacional-16-1024x683.jpg 1024w, https:\/\/medicina.udd.cl\/fonoaudiologia-santiago\/files\/2025\/01\/fono-ii-doplomado-audiologia-internacional-16-300x200.jpg 300w, https:\/\/medicina.udd.cl\/fonoaudiologia-santiago\/files\/2025\/01\/fono-ii-doplomado-audiologia-internacional-16-768x512.jpg 768w, https:\/\/medicina.udd.cl\/fonoaudiologia-santiago\/files\/2025\/01\/fono-ii-doplomado-audiologia-internacional-16-1536x1024.jpg 1536w, https:\/\/medicina.udd.cl\/fonoaudiologia-santiago\/files\/2025\/01\/fono-ii-doplomado-audiologia-internacional-16-2048x1365.jpg 2048w\" sizes=\"auto, (max-width: 1024px) 100vw, 1024px\" \/><\/a><\/figure>\n\n\n\n<figure class=\"wp-block-image size-large\"><a href=\"https:\/\/medicina.udd.cl\/fonoaudiologia-santiago\/files\/2025\/01\/fono-ii-doplomado-audiologia-internacional-21-scaled.jpg\"><img loading=\"lazy\" decoding=\"async\" width=\"1024\" height=\"683\" data-id=\"7133\" src=\"https:\/\/medicina.udd.cl\/fonoaudiologia-santiago\/files\/2025\/01\/fono-ii-doplomado-audiologia-internacional-21-1024x683.jpg\" alt=\"\" class=\"wp-image-7133\" srcset=\"https:\/\/medicina.udd.cl\/fonoaudiologia-santiago\/files\/2025\/01\/fono-ii-doplomado-audiologia-internacional-21-1024x683.jpg 1024w, https:\/\/medicina.udd.cl\/fonoaudiologia-santiago\/files\/2025\/01\/fono-ii-doplomado-audiologia-internacional-21-300x200.jpg 300w, https:\/\/medicina.udd.cl\/fonoaudiologia-santiago\/files\/2025\/01\/fono-ii-doplomado-audiologia-internacional-21-768x512.jpg 768w, https:\/\/medicina.udd.cl\/fonoaudiologia-santiago\/files\/2025\/01\/fono-ii-doplomado-audiologia-internacional-21-1536x1024.jpg 1536w, https:\/\/medicina.udd.cl\/fonoaudiologia-santiago\/files\/2025\/01\/fono-ii-doplomado-audiologia-internacional-21-2048x1365.jpg 2048w\" sizes=\"auto, (max-width: 1024px) 100vw, 1024px\" \/><\/a><\/figure>\n\n\n\n<figure class=\"wp-block-image size-large\"><a href=\"https:\/\/medicina.udd.cl\/fonoaudiologia-santiago\/files\/2025\/01\/img_4561-scaled.jpg\"><img loading=\"lazy\" decoding=\"async\" width=\"1024\" height=\"683\" data-id=\"7134\" src=\"https:\/\/medicina.udd.cl\/fonoaudiologia-santiago\/files\/2025\/01\/img_4561-1024x683.jpg\" alt=\"\" class=\"wp-image-7134\" srcset=\"https:\/\/medicina.udd.cl\/fonoaudiologia-santiago\/files\/2025\/01\/img_4561-1024x683.jpg 1024w, https:\/\/medicina.udd.cl\/fonoaudiologia-santiago\/files\/2025\/01\/img_4561-300x200.jpg 300w, https:\/\/medicina.udd.cl\/fonoaudiologia-santiago\/files\/2025\/01\/img_4561-768x512.jpg 768w, https:\/\/medicina.udd.cl\/fonoaudiologia-santiago\/files\/2025\/01\/img_4561-1536x1024.jpg 1536w, https:\/\/medicina.udd.cl\/fonoaudiologia-santiago\/files\/2025\/01\/img_4561-2048x1365.jpg 2048w\" sizes=\"auto, (max-width: 1024px) 100vw, 1024px\" \/><\/a><\/figure>\n\n\n\n<figure class=\"wp-block-image size-large\"><a href=\"https:\/\/medicina.udd.cl\/fonoaudiologia-santiago\/files\/2025\/01\/img_4566-scaled.jpg\"><img loading=\"lazy\" decoding=\"async\" width=\"1024\" height=\"683\" data-id=\"7135\" src=\"https:\/\/medicina.udd.cl\/fonoaudiologia-santiago\/files\/2025\/01\/img_4566-1024x683.jpg\" alt=\"\" class=\"wp-image-7135\" srcset=\"https:\/\/medicina.udd.cl\/fonoaudiologia-santiago\/files\/2025\/01\/img_4566-1024x683.jpg 1024w, https:\/\/medicina.udd.cl\/fonoaudiologia-santiago\/files\/2025\/01\/img_4566-300x200.jpg 300w, https:\/\/medicina.udd.cl\/fonoaudiologia-santiago\/files\/2025\/01\/img_4566-768x512.jpg 768w, https:\/\/medicina.udd.cl\/fonoaudiologia-santiago\/files\/2025\/01\/img_4566-1536x1024.jpg 1536w, https:\/\/medicina.udd.cl\/fonoaudiologia-santiago\/files\/2025\/01\/img_4566-2048x1365.jpg 2048w\" sizes=\"auto, (max-width: 1024px) 100vw, 1024px\" \/><\/a><\/figure>\n<\/figure>\n","protected":false},"excerpt":{"rendered":"<p>Entre el 6 y el 10 de enero, se llev\u00f3 a cabo la jornada presencial de la segunda versi\u00f3n del&nbsp;Diplomado Internacional de Especializaci\u00f3n en Terapia Auditiva, organizado por la carrera de Fonoaudiolog\u00eda de la Facultad de Medicina Cl\u00ednica Alemana Universidad del Desarrollo (UDD). Este evento reuni\u00f3 a destacados acad\u00e9micos y profesionales del \u00e1rea, quienes compartieron [&hellip;]<\/p>\n","protected":false},"author":9192219,"featured_media":7137,"comment_status":"closed","ping_status":"open","sticky":false,"template":"","format":"standard","meta":{"footnotes":""},"categories":[4],"tags":[],"class_list":["post-7125","post","type-post","status-publish","format-standard","has-post-thumbnail","hentry","category-noticias"],"yoast_head":"<!-- This site is optimized with the Yoast SEO plugin v26.9 - https:\/\/yoast.com\/product\/yoast-seo-wordpress\/ -->\n<title>Culmina con \u00e9xito la Segunda Versi\u00f3n del Diplomado Internacional de Especializaci\u00f3n en Terapia Auditiva UDD - Fonoaudiolog\u00eda<\/title>\n<meta name=\"robots\" content=\"index, follow, max-snippet:-1, max-image-preview:large, max-video-preview:-1\" \/>\n<link rel=\"canonical\" href=\"https:\/\/medicina.udd.cl\/fonoaudiologia-santiago\/noticias\/2025\/01\/17\/culmina-con-exito-la-segunda-version-del-diplomado-internacional-de-especializacion-en-terapia-auditiva-udd\/\" \/>\n<meta property=\"og:locale\" content=\"es_ES\" \/>\n<meta property=\"og:type\" content=\"article\" \/>\n<meta property=\"og:title\" content=\"Culmina con \u00e9xito la Segunda Versi\u00f3n del Diplomado Internacional de Especializaci\u00f3n en Terapia Auditiva UDD - Fonoaudiolog\u00eda\" \/>\n<meta property=\"og:description\" content=\"Entre el 6 y el 10 de enero, se llev\u00f3 a cabo la jornada presencial de la segunda versi\u00f3n del&nbsp;Diplomado Internacional de Especializaci\u00f3n en Terapia Auditiva, organizado por la carrera de Fonoaudiolog\u00eda de la Facultad de Medicina Cl\u00ednica Alemana Universidad del Desarrollo (UDD). Este evento reuni\u00f3 a destacados acad\u00e9micos y profesionales del \u00e1rea, quienes compartieron [&hellip;]\" \/>\n<meta property=\"og:url\" content=\"https:\/\/medicina.udd.cl\/fonoaudiologia-santiago\/noticias\/2025\/01\/17\/culmina-con-exito-la-segunda-version-del-diplomado-internacional-de-especializacion-en-terapia-auditiva-udd\/\" \/>\n<meta property=\"og:site_name\" content=\"Fonoaudiolog\u00eda\" \/>\n<meta property=\"article:published_time\" content=\"2025-01-17T14:32:34+00:00\" \/>\n<meta property=\"article:modified_time\" content=\"2025-01-17T14:37:02+00:00\" \/>\n<meta property=\"og:image\" content=\"https:\/\/medicina.udd.cl\/fonoaudiologia-santiago\/files\/2025\/01\/img_4568-scaled.jpg\" \/>\n\t<meta property=\"og:image:width\" content=\"2560\" \/>\n\t<meta property=\"og:image:height\" content=\"1707\" \/>\n\t<meta property=\"og:image:type\" content=\"image\/jpeg\" \/>\n<meta name=\"author\" content=\"rbraidy\" \/>\n<meta name=\"twitter:label1\" content=\"Escrito por\" \/>\n\t<meta name=\"twitter:data1\" content=\"rbraidy\" \/>\n\t<meta name=\"twitter:label2\" content=\"Tiempo de lectura\" \/>\n\t<meta name=\"twitter:data2\" content=\"5 minutos\" \/>\n<script type=\"application\/ld+json\" class=\"yoast-schema-graph\">{\"@context\":\"https:\/\/schema.org\",\"@graph\":[{\"@type\":\"Article\",\"@id\":\"https:\/\/medicina.udd.cl\/fonoaudiologia-santiago\/noticias\/2025\/01\/17\/culmina-con-exito-la-segunda-version-del-diplomado-internacional-de-especializacion-en-terapia-auditiva-udd\/#article\",\"isPartOf\":{\"@id\":\"https:\/\/medicina.udd.cl\/fonoaudiologia-santiago\/noticias\/2025\/01\/17\/culmina-con-exito-la-segunda-version-del-diplomado-internacional-de-especializacion-en-terapia-auditiva-udd\/\"},\"author\":{\"name\":\"rbraidy\",\"@id\":\"https:\/\/medicina.udd.cl\/fonoaudiologia-santiago\/#\/schema\/person\/dbc3705bf3a93e8be1ba6de0ef950341\"},\"headline\":\"Culmina con \u00e9xito la Segunda Versi\u00f3n del Diplomado Internacional de Especializaci\u00f3n en Terapia Auditiva UDD\",\"datePublished\":\"2025-01-17T14:32:34+00:00\",\"dateModified\":\"2025-01-17T14:37:02+00:00\",\"mainEntityOfPage\":{\"@id\":\"https:\/\/medicina.udd.cl\/fonoaudiologia-santiago\/noticias\/2025\/01\/17\/culmina-con-exito-la-segunda-version-del-diplomado-internacional-de-especializacion-en-terapia-auditiva-udd\/\"},\"wordCount\":494,\"image\":{\"@id\":\"https:\/\/medicina.udd.cl\/fonoaudiologia-santiago\/noticias\/2025\/01\/17\/culmina-con-exito-la-segunda-version-del-diplomado-internacional-de-especializacion-en-terapia-auditiva-udd\/#primaryimage\"},\"thumbnailUrl\":\"https:\/\/medicina.udd.cl\/fonoaudiologia-santiago\/files\/2025\/01\/img_4568-scaled.jpg\",\"articleSection\":[\"Noticias\"],\"inLanguage\":\"es\"},{\"@type\":\"WebPage\",\"@id\":\"https:\/\/medicina.udd.cl\/fonoaudiologia-santiago\/noticias\/2025\/01\/17\/culmina-con-exito-la-segunda-version-del-diplomado-internacional-de-especializacion-en-terapia-auditiva-udd\/\",\"url\":\"https:\/\/medicina.udd.cl\/fonoaudiologia-santiago\/noticias\/2025\/01\/17\/culmina-con-exito-la-segunda-version-del-diplomado-internacional-de-especializacion-en-terapia-auditiva-udd\/\",\"name\":\"Culmina con \u00e9xito la Segunda Versi\u00f3n del Diplomado Internacional de Especializaci\u00f3n en Terapia Auditiva UDD - Fonoaudiolog\u00eda\",\"isPartOf\":{\"@id\":\"https:\/\/medicina.udd.cl\/fonoaudiologia-santiago\/#website\"},\"primaryImageOfPage\":{\"@id\":\"https:\/\/medicina.udd.cl\/fonoaudiologia-santiago\/noticias\/2025\/01\/17\/culmina-con-exito-la-segunda-version-del-diplomado-internacional-de-especializacion-en-terapia-auditiva-udd\/#primaryimage\"},\"image\":{\"@id\":\"https:\/\/medicina.udd.cl\/fonoaudiologia-santiago\/noticias\/2025\/01\/17\/culmina-con-exito-la-segunda-version-del-diplomado-internacional-de-especializacion-en-terapia-auditiva-udd\/#primaryimage\"},\"thumbnailUrl\":\"https:\/\/medicina.udd.cl\/fonoaudiologia-santiago\/files\/2025\/01\/img_4568-scaled.jpg\",\"datePublished\":\"2025-01-17T14:32:34+00:00\",\"dateModified\":\"2025-01-17T14:37:02+00:00\",\"author\":{\"@id\":\"https:\/\/medicina.udd.cl\/fonoaudiologia-santiago\/#\/schema\/person\/dbc3705bf3a93e8be1ba6de0ef950341\"},\"breadcrumb\":{\"@id\":\"https:\/\/medicina.udd.cl\/fonoaudiologia-santiago\/noticias\/2025\/01\/17\/culmina-con-exito-la-segunda-version-del-diplomado-internacional-de-especializacion-en-terapia-auditiva-udd\/#breadcrumb\"},\"inLanguage\":\"es\",\"potentialAction\":[{\"@type\":\"ReadAction\",\"target\":[\"https:\/\/medicina.udd.cl\/fonoaudiologia-santiago\/noticias\/2025\/01\/17\/culmina-con-exito-la-segunda-version-del-diplomado-internacional-de-especializacion-en-terapia-auditiva-udd\/\"]}]},{\"@type\":\"ImageObject\",\"inLanguage\":\"es\",\"@id\":\"https:\/\/medicina.udd.cl\/fonoaudiologia-santiago\/noticias\/2025\/01\/17\/culmina-con-exito-la-segunda-version-del-diplomado-internacional-de-especializacion-en-terapia-auditiva-udd\/#primaryimage\",\"url\":\"https:\/\/medicina.udd.cl\/fonoaudiologia-santiago\/files\/2025\/01\/img_4568-scaled.jpg\",\"contentUrl\":\"https:\/\/medicina.udd.cl\/fonoaudiologia-santiago\/files\/2025\/01\/img_4568-scaled.jpg\",\"width\":2560,\"height\":1707},{\"@type\":\"BreadcrumbList\",\"@id\":\"https:\/\/medicina.udd.cl\/fonoaudiologia-santiago\/noticias\/2025\/01\/17\/culmina-con-exito-la-segunda-version-del-diplomado-internacional-de-especializacion-en-terapia-auditiva-udd\/#breadcrumb\",\"itemListElement\":[{\"@type\":\"ListItem\",\"position\":1,\"name\":\"Home\",\"item\":\"https:\/\/medicina.udd.cl\/fonoaudiologia-santiago\/\"},{\"@type\":\"ListItem\",\"position\":2,\"name\":\"Culmina con \u00e9xito la Segunda Versi\u00f3n del Diplomado Internacional de Especializaci\u00f3n en Terapia Auditiva UDD\"}]},{\"@type\":\"WebSite\",\"@id\":\"https:\/\/medicina.udd.cl\/fonoaudiologia-santiago\/#website\",\"url\":\"https:\/\/medicina.udd.cl\/fonoaudiologia-santiago\/\",\"name\":\"Fonoaudiolog\u00eda\",\"description\":\"Facultad de Medicina Cl\u00ednica Alemana Universidad del Desarrollo\",\"inLanguage\":\"es\"},{\"@type\":\"Person\",\"@id\":\"https:\/\/medicina.udd.cl\/fonoaudiologia-santiago\/#\/schema\/person\/dbc3705bf3a93e8be1ba6de0ef950341\",\"name\":\"rbraidy\",\"image\":{\"@type\":\"ImageObject\",\"inLanguage\":\"es\",\"@id\":\"https:\/\/medicina.udd.cl\/fonoaudiologia-santiago\/#\/schema\/person\/image\/\",\"url\":\"https:\/\/secure.gravatar.com\/avatar\/0f8bc94637401590e45d2ce17eb65c274cb8870a219de6177f3f23e63fd8cdf3?s=96&d=mm&r=g\",\"contentUrl\":\"https:\/\/secure.gravatar.com\/avatar\/0f8bc94637401590e45d2ce17eb65c274cb8870a219de6177f3f23e63fd8cdf3?s=96&d=mm&r=g\",\"caption\":\"rbraidy\"},\"url\":\"https:\/\/medicina.udd.cl\/fonoaudiologia-santiago\/noticias\/author\/rbraidy\/\"}]}<\/script>\n<!-- \/ Yoast SEO plugin. -->","yoast_head_json":{"title":"Culmina con \u00e9xito la Segunda Versi\u00f3n del Diplomado Internacional de Especializaci\u00f3n en Terapia Auditiva UDD - Fonoaudiolog\u00eda","robots":{"index":"index","follow":"follow","max-snippet":"max-snippet:-1","max-image-preview":"max-image-preview:large","max-video-preview":"max-video-preview:-1"},"canonical":"https:\/\/medicina.udd.cl\/fonoaudiologia-santiago\/noticias\/2025\/01\/17\/culmina-con-exito-la-segunda-version-del-diplomado-internacional-de-especializacion-en-terapia-auditiva-udd\/","og_locale":"es_ES","og_type":"article","og_title":"Culmina con \u00e9xito la Segunda Versi\u00f3n del Diplomado Internacional de Especializaci\u00f3n en Terapia Auditiva UDD - Fonoaudiolog\u00eda","og_description":"Entre el 6 y el 10 de enero, se llev\u00f3 a cabo la jornada presencial de la segunda versi\u00f3n del&nbsp;Diplomado Internacional de Especializaci\u00f3n en Terapia Auditiva, organizado por la carrera de Fonoaudiolog\u00eda de la Facultad de Medicina Cl\u00ednica Alemana Universidad del Desarrollo (UDD). Este evento reuni\u00f3 a destacados acad\u00e9micos y profesionales del \u00e1rea, quienes compartieron [&hellip;]","og_url":"https:\/\/medicina.udd.cl\/fonoaudiologia-santiago\/noticias\/2025\/01\/17\/culmina-con-exito-la-segunda-version-del-diplomado-internacional-de-especializacion-en-terapia-auditiva-udd\/","og_site_name":"Fonoaudiolog\u00eda","article_published_time":"2025-01-17T14:32:34+00:00","article_modified_time":"2025-01-17T14:37:02+00:00","og_image":[{"width":2560,"height":1707,"url":"https:\/\/medicina.udd.cl\/fonoaudiologia-santiago\/files\/2025\/01\/img_4568-scaled.jpg","type":"image\/jpeg"}],"author":"rbraidy","twitter_misc":{"Escrito por":"rbraidy","Tiempo de lectura":"5 minutos"},"schema":{"@context":"https:\/\/schema.org","@graph":[{"@type":"Article","@id":"https:\/\/medicina.udd.cl\/fonoaudiologia-santiago\/noticias\/2025\/01\/17\/culmina-con-exito-la-segunda-version-del-diplomado-internacional-de-especializacion-en-terapia-auditiva-udd\/#article","isPartOf":{"@id":"https:\/\/medicina.udd.cl\/fonoaudiologia-santiago\/noticias\/2025\/01\/17\/culmina-con-exito-la-segunda-version-del-diplomado-internacional-de-especializacion-en-terapia-auditiva-udd\/"},"author":{"name":"rbraidy","@id":"https:\/\/medicina.udd.cl\/fonoaudiologia-santiago\/#\/schema\/person\/dbc3705bf3a93e8be1ba6de0ef950341"},"headline":"Culmina con \u00e9xito la Segunda Versi\u00f3n del Diplomado Internacional de Especializaci\u00f3n en Terapia Auditiva UDD","datePublished":"2025-01-17T14:32:34+00:00","dateModified":"2025-01-17T14:37:02+00:00","mainEntityOfPage":{"@id":"https:\/\/medicina.udd.cl\/fonoaudiologia-santiago\/noticias\/2025\/01\/17\/culmina-con-exito-la-segunda-version-del-diplomado-internacional-de-especializacion-en-terapia-auditiva-udd\/"},"wordCount":494,"image":{"@id":"https:\/\/medicina.udd.cl\/fonoaudiologia-santiago\/noticias\/2025\/01\/17\/culmina-con-exito-la-segunda-version-del-diplomado-internacional-de-especializacion-en-terapia-auditiva-udd\/#primaryimage"},"thumbnailUrl":"https:\/\/medicina.udd.cl\/fonoaudiologia-santiago\/files\/2025\/01\/img_4568-scaled.jpg","articleSection":["Noticias"],"inLanguage":"es"},{"@type":"WebPage","@id":"https:\/\/medicina.udd.cl\/fonoaudiologia-santiago\/noticias\/2025\/01\/17\/culmina-con-exito-la-segunda-version-del-diplomado-internacional-de-especializacion-en-terapia-auditiva-udd\/","url":"https:\/\/medicina.udd.cl\/fonoaudiologia-santiago\/noticias\/2025\/01\/17\/culmina-con-exito-la-segunda-version-del-diplomado-internacional-de-especializacion-en-terapia-auditiva-udd\/","name":"Culmina con \u00e9xito la Segunda Versi\u00f3n del Diplomado Internacional de Especializaci\u00f3n en Terapia Auditiva UDD - Fonoaudiolog\u00eda","isPartOf":{"@id":"https:\/\/medicina.udd.cl\/fonoaudiologia-santiago\/#website"},"primaryImageOfPage":{"@id":"https:\/\/medicina.udd.cl\/fonoaudiologia-santiago\/noticias\/2025\/01\/17\/culmina-con-exito-la-segunda-version-del-diplomado-internacional-de-especializacion-en-terapia-auditiva-udd\/#primaryimage"},"image":{"@id":"https:\/\/medicina.udd.cl\/fonoaudiologia-santiago\/noticias\/2025\/01\/17\/culmina-con-exito-la-segunda-version-del-diplomado-internacional-de-especializacion-en-terapia-auditiva-udd\/#primaryimage"},"thumbnailUrl":"https:\/\/medicina.udd.cl\/fonoaudiologia-santiago\/files\/2025\/01\/img_4568-scaled.jpg","datePublished":"2025-01-17T14:32:34+00:00","dateModified":"2025-01-17T14:37:02+00:00","author":{"@id":"https:\/\/medicina.udd.cl\/fonoaudiologia-santiago\/#\/schema\/person\/dbc3705bf3a93e8be1ba6de0ef950341"},"breadcrumb":{"@id":"https:\/\/medicina.udd.cl\/fonoaudiologia-santiago\/noticias\/2025\/01\/17\/culmina-con-exito-la-segunda-version-del-diplomado-internacional-de-especializacion-en-terapia-auditiva-udd\/#breadcrumb"},"inLanguage":"es","potentialAction":[{"@type":"ReadAction","target":["https:\/\/medicina.udd.cl\/fonoaudiologia-santiago\/noticias\/2025\/01\/17\/culmina-con-exito-la-segunda-version-del-diplomado-internacional-de-especializacion-en-terapia-auditiva-udd\/"]}]},{"@type":"ImageObject","inLanguage":"es","@id":"https:\/\/medicina.udd.cl\/fonoaudiologia-santiago\/noticias\/2025\/01\/17\/culmina-con-exito-la-segunda-version-del-diplomado-internacional-de-especializacion-en-terapia-auditiva-udd\/#primaryimage","url":"https:\/\/medicina.udd.cl\/fonoaudiologia-santiago\/files\/2025\/01\/img_4568-scaled.jpg","contentUrl":"https:\/\/medicina.udd.cl\/fonoaudiologia-santiago\/files\/2025\/01\/img_4568-scaled.jpg","width":2560,"height":1707},{"@type":"BreadcrumbList","@id":"https:\/\/medicina.udd.cl\/fonoaudiologia-santiago\/noticias\/2025\/01\/17\/culmina-con-exito-la-segunda-version-del-diplomado-internacional-de-especializacion-en-terapia-auditiva-udd\/#breadcrumb","itemListElement":[{"@type":"ListItem","position":1,"name":"Home","item":"https:\/\/medicina.udd.cl\/fonoaudiologia-santiago\/"},{"@type":"ListItem","position":2,"name":"Culmina con \u00e9xito la Segunda Versi\u00f3n del Diplomado Internacional de Especializaci\u00f3n en Terapia Auditiva UDD"}]},{"@type":"WebSite","@id":"https:\/\/medicina.udd.cl\/fonoaudiologia-santiago\/#website","url":"https:\/\/medicina.udd.cl\/fonoaudiologia-santiago\/","name":"Fonoaudiolog\u00eda","description":"Facultad de Medicina Cl\u00ednica Alemana Universidad del Desarrollo","inLanguage":"es"},{"@type":"Person","@id":"https:\/\/medicina.udd.cl\/fonoaudiologia-santiago\/#\/schema\/person\/dbc3705bf3a93e8be1ba6de0ef950341","name":"rbraidy","image":{"@type":"ImageObject","inLanguage":"es","@id":"https:\/\/medicina.udd.cl\/fonoaudiologia-santiago\/#\/schema\/person\/image\/","url":"https:\/\/secure.gravatar.com\/avatar\/0f8bc94637401590e45d2ce17eb65c274cb8870a219de6177f3f23e63fd8cdf3?s=96&d=mm&r=g","contentUrl":"https:\/\/secure.gravatar.com\/avatar\/0f8bc94637401590e45d2ce17eb65c274cb8870a219de6177f3f23e63fd8cdf3?s=96&d=mm&r=g","caption":"rbraidy"},"url":"https:\/\/medicina.udd.cl\/fonoaudiologia-santiago\/noticias\/author\/rbraidy\/"}]}},"featured_image_url":"https:\/\/medicina.udd.cl\/fonoaudiologia-santiago\/files\/2025\/01\/img_4568-scaled.jpg","_links":{"self":[{"href":"https:\/\/medicina.udd.cl\/fonoaudiologia-santiago\/wp-json\/wp\/v2\/posts\/7125","targetHints":{"allow":["GET"]}}],"collection":[{"href":"https:\/\/medicina.udd.cl\/fonoaudiologia-santiago\/wp-json\/wp\/v2\/posts"}],"about":[{"href":"https:\/\/medicina.udd.cl\/fonoaudiologia-santiago\/wp-json\/wp\/v2\/types\/post"}],"author":[{"embeddable":true,"href":"https:\/\/medicina.udd.cl\/fonoaudiologia-santiago\/wp-json\/wp\/v2\/users\/9192219"}],"replies":[{"embeddable":true,"href":"https:\/\/medicina.udd.cl\/fonoaudiologia-santiago\/wp-json\/wp\/v2\/comments?post=7125"}],"version-history":[{"count":2,"href":"https:\/\/medicina.udd.cl\/fonoaudiologia-santiago\/wp-json\/wp\/v2\/posts\/7125\/revisions"}],"predecessor-version":[{"id":7141,"href":"https:\/\/medicina.udd.cl\/fonoaudiologia-santiago\/wp-json\/wp\/v2\/posts\/7125\/revisions\/7141"}],"wp:featuredmedia":[{"embeddable":true,"href":"https:\/\/medicina.udd.cl\/fonoaudiologia-santiago\/wp-json\/wp\/v2\/media\/7137"}],"wp:attachment":[{"href":"https:\/\/medicina.udd.cl\/fonoaudiologia-santiago\/wp-json\/wp\/v2\/media?parent=7125"}],"wp:term":[{"taxonomy":"category","embeddable":true,"href":"https:\/\/medicina.udd.cl\/fonoaudiologia-santiago\/wp-json\/wp\/v2\/categories?post=7125"},{"taxonomy":"post_tag","embeddable":true,"href":"https:\/\/medicina.udd.cl\/fonoaudiologia-santiago\/wp-json\/wp\/v2\/tags?post=7125"}],"curies":[{"name":"wp","href":"https:\/\/api.w.org\/{rel}","templated":true}]}}