{"id":7179,"date":"2025-04-03T12:34:40","date_gmt":"2025-04-03T15:34:40","guid":{"rendered":"https:\/\/medicina.udd.cl\/fonoaudiologia-santiago\/?p=7179"},"modified":"2025-04-03T12:34:41","modified_gmt":"2025-04-03T15:34:41","slug":"docentes-de-fonoaudiologia-udd-participaron-en-el-tercer-congreso-comunicacion-sin-barreras-en-mexico","status":"publish","type":"post","link":"https:\/\/medicina.udd.cl\/fonoaudiologia-santiago\/noticias\/2025\/04\/03\/docentes-de-fonoaudiologia-udd-participaron-en-el-tercer-congreso-comunicacion-sin-barreras-en-mexico\/","title":{"rendered":"Docentes de Fonoaudiolog\u00eda UDD participaron en el Tercer Congreso Comunicaci\u00f3n Sin Barreras en M\u00e9xico"},"content":{"rendered":"\n<figure class=\"wp-block-gallery has-nested-images columns-default is-cropped wp-block-gallery-1 is-layout-flex wp-block-gallery-is-layout-flex\">\n<figure class=\"wp-block-image size-large\"><a href=\"https:\/\/medicina.udd.cl\/fonoaudiologia-santiago\/files\/2025\/04\/fono-iii-congreso-de-comunicacion-sin-barreras-3.jpeg\"><img loading=\"lazy\" decoding=\"async\" width=\"768\" height=\"1024\" data-id=\"7182\" src=\"https:\/\/medicina.udd.cl\/fonoaudiologia-santiago\/files\/2025\/04\/fono-iii-congreso-de-comunicacion-sin-barreras-3-768x1024.jpeg\" alt=\"\" class=\"wp-image-7182\" srcset=\"https:\/\/medicina.udd.cl\/fonoaudiologia-santiago\/files\/2025\/04\/fono-iii-congreso-de-comunicacion-sin-barreras-3-768x1024.jpeg 768w, https:\/\/medicina.udd.cl\/fonoaudiologia-santiago\/files\/2025\/04\/fono-iii-congreso-de-comunicacion-sin-barreras-3-225x300.jpeg 225w, https:\/\/medicina.udd.cl\/fonoaudiologia-santiago\/files\/2025\/04\/fono-iii-congreso-de-comunicacion-sin-barreras-3-1152x1536.jpeg 1152w, https:\/\/medicina.udd.cl\/fonoaudiologia-santiago\/files\/2025\/04\/fono-iii-congreso-de-comunicacion-sin-barreras-3.jpeg 1200w\" sizes=\"auto, (max-width: 768px) 100vw, 768px\" \/><\/a><\/figure>\n\n\n\n<figure class=\"wp-block-image size-large\"><a href=\"https:\/\/medicina.udd.cl\/fonoaudiologia-santiago\/files\/2025\/04\/fono-iii-congreso-de-comunicacion-sin-barreras-portada.jpeg\"><img loading=\"lazy\" decoding=\"async\" width=\"1024\" height=\"1024\" data-id=\"7186\" src=\"https:\/\/medicina.udd.cl\/fonoaudiologia-santiago\/files\/2025\/04\/fono-iii-congreso-de-comunicacion-sin-barreras-portada-1024x1024.jpeg\" alt=\"\" class=\"wp-image-7186\" srcset=\"https:\/\/medicina.udd.cl\/fonoaudiologia-santiago\/files\/2025\/04\/fono-iii-congreso-de-comunicacion-sin-barreras-portada-1024x1024.jpeg 1024w, https:\/\/medicina.udd.cl\/fonoaudiologia-santiago\/files\/2025\/04\/fono-iii-congreso-de-comunicacion-sin-barreras-portada-300x300.jpeg 300w, https:\/\/medicina.udd.cl\/fonoaudiologia-santiago\/files\/2025\/04\/fono-iii-congreso-de-comunicacion-sin-barreras-portada-150x150.jpeg 150w, https:\/\/medicina.udd.cl\/fonoaudiologia-santiago\/files\/2025\/04\/fono-iii-congreso-de-comunicacion-sin-barreras-portada-768x768.jpeg 768w, https:\/\/medicina.udd.cl\/fonoaudiologia-santiago\/files\/2025\/04\/fono-iii-congreso-de-comunicacion-sin-barreras-portada-62x62.jpeg 62w, https:\/\/medicina.udd.cl\/fonoaudiologia-santiago\/files\/2025\/04\/fono-iii-congreso-de-comunicacion-sin-barreras-portada-750x750.jpeg 750w, https:\/\/medicina.udd.cl\/fonoaudiologia-santiago\/files\/2025\/04\/fono-iii-congreso-de-comunicacion-sin-barreras-portada-500x500.jpeg 500w, https:\/\/medicina.udd.cl\/fonoaudiologia-santiago\/files\/2025\/04\/fono-iii-congreso-de-comunicacion-sin-barreras-portada-250x250.jpeg 250w, https:\/\/medicina.udd.cl\/fonoaudiologia-santiago\/files\/2025\/04\/fono-iii-congreso-de-comunicacion-sin-barreras-portada-126x126.jpeg 126w, https:\/\/medicina.udd.cl\/fonoaudiologia-santiago\/files\/2025\/04\/fono-iii-congreso-de-comunicacion-sin-barreras-portada.jpeg 1200w\" sizes=\"auto, (max-width: 1024px) 100vw, 1024px\" \/><\/a><figcaption class=\"wp-element-caption\">Claudia Marim\u00f3n y Ma. Soledad Cuesta<\/figcaption><\/figure>\n\n\n\n<figure class=\"wp-block-image size-full\"><a href=\"https:\/\/medicina.udd.cl\/fonoaudiologia-santiago\/files\/2025\/04\/fono-iii-congreso-de-comunicacion-sin-barreras-4-1.jpeg\"><img loading=\"lazy\" decoding=\"async\" width=\"960\" height=\"960\" data-id=\"7187\" src=\"https:\/\/medicina.udd.cl\/fonoaudiologia-santiago\/files\/2025\/04\/fono-iii-congreso-de-comunicacion-sin-barreras-4-1.jpeg\" alt=\"\" class=\"wp-image-7187\" srcset=\"https:\/\/medicina.udd.cl\/fonoaudiologia-santiago\/files\/2025\/04\/fono-iii-congreso-de-comunicacion-sin-barreras-4-1.jpeg 960w, https:\/\/medicina.udd.cl\/fonoaudiologia-santiago\/files\/2025\/04\/fono-iii-congreso-de-comunicacion-sin-barreras-4-1-300x300.jpeg 300w, https:\/\/medicina.udd.cl\/fonoaudiologia-santiago\/files\/2025\/04\/fono-iii-congreso-de-comunicacion-sin-barreras-4-1-150x150.jpeg 150w, https:\/\/medicina.udd.cl\/fonoaudiologia-santiago\/files\/2025\/04\/fono-iii-congreso-de-comunicacion-sin-barreras-4-1-768x768.jpeg 768w, https:\/\/medicina.udd.cl\/fonoaudiologia-santiago\/files\/2025\/04\/fono-iii-congreso-de-comunicacion-sin-barreras-4-1-62x62.jpeg 62w, https:\/\/medicina.udd.cl\/fonoaudiologia-santiago\/files\/2025\/04\/fono-iii-congreso-de-comunicacion-sin-barreras-4-1-750x750.jpeg 750w, https:\/\/medicina.udd.cl\/fonoaudiologia-santiago\/files\/2025\/04\/fono-iii-congreso-de-comunicacion-sin-barreras-4-1-500x500.jpeg 500w, https:\/\/medicina.udd.cl\/fonoaudiologia-santiago\/files\/2025\/04\/fono-iii-congreso-de-comunicacion-sin-barreras-4-1-250x250.jpeg 250w, https:\/\/medicina.udd.cl\/fonoaudiologia-santiago\/files\/2025\/04\/fono-iii-congreso-de-comunicacion-sin-barreras-4-1-126x126.jpeg 126w\" sizes=\"auto, (max-width: 960px) 100vw, 960px\" \/><\/a><\/figure>\n<\/figure>\n\n\n\n<p>El pasado 29 y 30 de marzo, la Universidad Aut\u00f3noma de Guadalajara (UAG), M\u00e9xico, fue sede del Tercer Congreso Comunicaci\u00f3n Sin Barreras, un evento de gran relevancia que busc\u00f3 concientizar sobre la importancia de la comunicaci\u00f3n en el diagn\u00f3stico temprano, adecuado y el acompa\u00f1amiento del autismo.<\/p>\n\n\n\n<p>El congreso cont\u00f3 con una serie de conferencias especializadas enfocadas en herramientas y estrategias de comunicaci\u00f3n para personas autistas, entre ellas: TD Snap, Proloquo2go, Configuraci\u00f3n para PGLs y Autocuidado para personas autistas.<\/p>\n\n\n\n<p>Entre los expertos invitados destacaron las profesoras Claudia Marim\u00f3n y Ma. Soledad Cuesta, acad\u00e9micas de la carrera de Fonoaudiolog\u00eda de la Facultad de Medicina Cl\u00ednica Alemana Universidad del Desarrollo (UDD). Marim\u00f3n y Cuesta, adem\u00e1s de desempe\u00f1arse como docentes, son directora y coordinadora, respectivamente, del <a href=\"https:\/\/medicina.udd.cl\/ver-diplomado\/diplomado-en-comunicacion-aumentativa-y-alternativa\/\">Diplomado de Comunicaci\u00f3n Aumentativa Alternativa de la UDD<\/a>. Su participaci\u00f3n en este congreso reafirma el compromiso de la universidad con la inclusi\u00f3n y el desarrollo de herramientas efectivas para mejorar la comunicaci\u00f3n en personas con autismo.<\/p>\n\n\n\n<p>El evento estuvo dirigido a la comunidad autista, sus familias, terapeutas, docentes y profesionales de la salud que trabajan principalmente con infancias autistas. Sin embargo, tambi\u00e9n fue abierto a cualquier persona interesada en mejorar la comunicaci\u00f3n con quienes presentan desaf\u00edos en este \u00e1mbito, consolid\u00e1ndose, as\u00ed como un espacio incluyente y enriquecedor para todos los asistentes.<\/p>\n\n\n\n<p>La participaci\u00f3n de las docentes UDD en este congreso refuerza su labor y de la universidad en la formaci\u00f3n de profesionales especializados y en la promoci\u00f3n de estrategias innovadoras para la comunicaci\u00f3n inclusiva, impactando positivamente en la calidad de vida de las personas con autismo y sus familias.<\/p>\n\n\n\n<figure class=\"wp-block-gallery has-nested-images columns-default is-cropped wp-block-gallery-2 is-layout-flex wp-block-gallery-is-layout-flex\">\n<figure class=\"wp-block-image size-large\"><a href=\"https:\/\/medicina.udd.cl\/fonoaudiologia-santiago\/files\/2025\/04\/fono-iii-congreso-de-comunicacion-sin-barreras-centrada.jpeg\"><img loading=\"lazy\" decoding=\"async\" width=\"1024\" height=\"1024\" data-id=\"7189\" src=\"https:\/\/medicina.udd.cl\/fonoaudiologia-santiago\/files\/2025\/04\/fono-iii-congreso-de-comunicacion-sin-barreras-centrada-1024x1024.jpeg\" alt=\"\" class=\"wp-image-7189\" srcset=\"https:\/\/medicina.udd.cl\/fonoaudiologia-santiago\/files\/2025\/04\/fono-iii-congreso-de-comunicacion-sin-barreras-centrada-1024x1024.jpeg 1024w, https:\/\/medicina.udd.cl\/fonoaudiologia-santiago\/files\/2025\/04\/fono-iii-congreso-de-comunicacion-sin-barreras-centrada-300x300.jpeg 300w, https:\/\/medicina.udd.cl\/fonoaudiologia-santiago\/files\/2025\/04\/fono-iii-congreso-de-comunicacion-sin-barreras-centrada-150x150.jpeg 150w, https:\/\/medicina.udd.cl\/fonoaudiologia-santiago\/files\/2025\/04\/fono-iii-congreso-de-comunicacion-sin-barreras-centrada-768x768.jpeg 768w, https:\/\/medicina.udd.cl\/fonoaudiologia-santiago\/files\/2025\/04\/fono-iii-congreso-de-comunicacion-sin-barreras-centrada-62x62.jpeg 62w, https:\/\/medicina.udd.cl\/fonoaudiologia-santiago\/files\/2025\/04\/fono-iii-congreso-de-comunicacion-sin-barreras-centrada-750x750.jpeg 750w, https:\/\/medicina.udd.cl\/fonoaudiologia-santiago\/files\/2025\/04\/fono-iii-congreso-de-comunicacion-sin-barreras-centrada-500x500.jpeg 500w, https:\/\/medicina.udd.cl\/fonoaudiologia-santiago\/files\/2025\/04\/fono-iii-congreso-de-comunicacion-sin-barreras-centrada-250x250.jpeg 250w, https:\/\/medicina.udd.cl\/fonoaudiologia-santiago\/files\/2025\/04\/fono-iii-congreso-de-comunicacion-sin-barreras-centrada-126x126.jpeg 126w, https:\/\/medicina.udd.cl\/fonoaudiologia-santiago\/files\/2025\/04\/fono-iii-congreso-de-comunicacion-sin-barreras-centrada.jpeg 1200w\" sizes=\"auto, (max-width: 1024px) 100vw, 1024px\" \/><\/a><figcaption class=\"wp-element-caption\">Claudia Marim\u00f3n<\/figcaption><\/figure>\n\n\n\n<figure class=\"wp-block-image size-large\"><a href=\"https:\/\/medicina.udd.cl\/fonoaudiologia-santiago\/files\/2025\/04\/fono-iii-congreso-de-comunicacion-sin-barreras-6.jpeg\"><img loading=\"lazy\" decoding=\"async\" width=\"1024\" height=\"768\" data-id=\"7185\" src=\"https:\/\/medicina.udd.cl\/fonoaudiologia-santiago\/files\/2025\/04\/fono-iii-congreso-de-comunicacion-sin-barreras-6-1024x768.jpeg\" alt=\"\" class=\"wp-image-7185\" srcset=\"https:\/\/medicina.udd.cl\/fonoaudiologia-santiago\/files\/2025\/04\/fono-iii-congreso-de-comunicacion-sin-barreras-6-1024x768.jpeg 1024w, https:\/\/medicina.udd.cl\/fonoaudiologia-santiago\/files\/2025\/04\/fono-iii-congreso-de-comunicacion-sin-barreras-6-300x225.jpeg 300w, https:\/\/medicina.udd.cl\/fonoaudiologia-santiago\/files\/2025\/04\/fono-iii-congreso-de-comunicacion-sin-barreras-6-768x576.jpeg 768w, https:\/\/medicina.udd.cl\/fonoaudiologia-santiago\/files\/2025\/04\/fono-iii-congreso-de-comunicacion-sin-barreras-6.jpeg 1280w\" sizes=\"auto, (max-width: 1024px) 100vw, 1024px\" \/><\/a><figcaption class=\"wp-element-caption\"> Ma. Soledad Cuesta<\/figcaption><\/figure>\n\n\n\n<figure class=\"wp-block-image size-large\"><a href=\"https:\/\/medicina.udd.cl\/fonoaudiologia-santiago\/files\/2025\/04\/fono-iii-congreso-de-comunicacion-sin-barreras-5-1.jpeg\"><img loading=\"lazy\" decoding=\"async\" width=\"960\" height=\"960\" data-id=\"7188\" src=\"https:\/\/medicina.udd.cl\/fonoaudiologia-santiago\/files\/2025\/04\/fono-iii-congreso-de-comunicacion-sin-barreras-5-1.jpeg\" alt=\"\" class=\"wp-image-7188\" srcset=\"https:\/\/medicina.udd.cl\/fonoaudiologia-santiago\/files\/2025\/04\/fono-iii-congreso-de-comunicacion-sin-barreras-5-1.jpeg 960w, https:\/\/medicina.udd.cl\/fonoaudiologia-santiago\/files\/2025\/04\/fono-iii-congreso-de-comunicacion-sin-barreras-5-1-300x300.jpeg 300w, https:\/\/medicina.udd.cl\/fonoaudiologia-santiago\/files\/2025\/04\/fono-iii-congreso-de-comunicacion-sin-barreras-5-1-150x150.jpeg 150w, https:\/\/medicina.udd.cl\/fonoaudiologia-santiago\/files\/2025\/04\/fono-iii-congreso-de-comunicacion-sin-barreras-5-1-768x768.jpeg 768w, https:\/\/medicina.udd.cl\/fonoaudiologia-santiago\/files\/2025\/04\/fono-iii-congreso-de-comunicacion-sin-barreras-5-1-62x62.jpeg 62w, https:\/\/medicina.udd.cl\/fonoaudiologia-santiago\/files\/2025\/04\/fono-iii-congreso-de-comunicacion-sin-barreras-5-1-750x750.jpeg 750w, https:\/\/medicina.udd.cl\/fonoaudiologia-santiago\/files\/2025\/04\/fono-iii-congreso-de-comunicacion-sin-barreras-5-1-500x500.jpeg 500w, https:\/\/medicina.udd.cl\/fonoaudiologia-santiago\/files\/2025\/04\/fono-iii-congreso-de-comunicacion-sin-barreras-5-1-250x250.jpeg 250w, https:\/\/medicina.udd.cl\/fonoaudiologia-santiago\/files\/2025\/04\/fono-iii-congreso-de-comunicacion-sin-barreras-5-1-126x126.jpeg 126w\" sizes=\"auto, (max-width: 960px) 100vw, 960px\" \/><\/a><\/figure>\n<\/figure>\n","protected":false},"excerpt":{"rendered":"<p>El pasado 29 y 30 de marzo, la Universidad Aut\u00f3noma de Guadalajara (UAG), M\u00e9xico, fue sede del Tercer Congreso Comunicaci\u00f3n Sin Barreras, un evento de gran relevancia que busc\u00f3 concientizar sobre la importancia de la comunicaci\u00f3n en el diagn\u00f3stico temprano, adecuado y el acompa\u00f1amiento del autismo. El congreso cont\u00f3 con una serie de conferencias especializadas [&hellip;]<\/p>\n","protected":false},"author":9192219,"featured_media":7186,"comment_status":"closed","ping_status":"open","sticky":false,"template":"","format":"standard","meta":{"footnotes":""},"categories":[4],"tags":[],"class_list":["post-7179","post","type-post","status-publish","format-standard","has-post-thumbnail","hentry","category-noticias"],"yoast_head":"<!-- This site is optimized with the Yoast SEO plugin v26.9 - https:\/\/yoast.com\/product\/yoast-seo-wordpress\/ -->\n<title>Docentes de Fonoaudiolog\u00eda UDD participaron en el Tercer Congreso Comunicaci\u00f3n Sin Barreras en M\u00e9xico - Fonoaudiolog\u00eda<\/title>\n<meta name=\"robots\" content=\"index, follow, max-snippet:-1, max-image-preview:large, max-video-preview:-1\" \/>\n<link rel=\"canonical\" href=\"https:\/\/medicina.udd.cl\/fonoaudiologia-santiago\/noticias\/2025\/04\/03\/docentes-de-fonoaudiologia-udd-participaron-en-el-tercer-congreso-comunicacion-sin-barreras-en-mexico\/\" \/>\n<meta property=\"og:locale\" content=\"es_ES\" \/>\n<meta property=\"og:type\" content=\"article\" \/>\n<meta property=\"og:title\" content=\"Docentes de Fonoaudiolog\u00eda UDD participaron en el Tercer Congreso Comunicaci\u00f3n Sin Barreras en M\u00e9xico - Fonoaudiolog\u00eda\" \/>\n<meta property=\"og:description\" content=\"El pasado 29 y 30 de marzo, la Universidad Aut\u00f3noma de Guadalajara (UAG), M\u00e9xico, fue sede del Tercer Congreso Comunicaci\u00f3n Sin Barreras, un evento de gran relevancia que busc\u00f3 concientizar sobre la importancia de la comunicaci\u00f3n en el diagn\u00f3stico temprano, adecuado y el acompa\u00f1amiento del autismo. El congreso cont\u00f3 con una serie de conferencias especializadas [&hellip;]\" \/>\n<meta property=\"og:url\" content=\"https:\/\/medicina.udd.cl\/fonoaudiologia-santiago\/noticias\/2025\/04\/03\/docentes-de-fonoaudiologia-udd-participaron-en-el-tercer-congreso-comunicacion-sin-barreras-en-mexico\/\" \/>\n<meta property=\"og:site_name\" content=\"Fonoaudiolog\u00eda\" \/>\n<meta property=\"article:published_time\" content=\"2025-04-03T15:34:40+00:00\" \/>\n<meta property=\"article:modified_time\" content=\"2025-04-03T15:34:41+00:00\" \/>\n<meta property=\"og:image\" content=\"https:\/\/medicina.udd.cl\/fonoaudiologia-santiago\/files\/2025\/04\/fono-iii-congreso-de-comunicacion-sin-barreras-portada.jpeg\" \/>\n\t<meta property=\"og:image:width\" content=\"1200\" \/>\n\t<meta property=\"og:image:height\" content=\"1200\" \/>\n\t<meta property=\"og:image:type\" content=\"image\/jpeg\" \/>\n<meta name=\"author\" content=\"rbraidy\" \/>\n<meta name=\"twitter:label1\" content=\"Escrito por\" \/>\n\t<meta name=\"twitter:data1\" content=\"rbraidy\" \/>\n\t<meta name=\"twitter:label2\" content=\"Tiempo de lectura\" \/>\n\t<meta name=\"twitter:data2\" content=\"3 minutos\" \/>\n<script type=\"application\/ld+json\" class=\"yoast-schema-graph\">{\"@context\":\"https:\/\/schema.org\",\"@graph\":[{\"@type\":\"Article\",\"@id\":\"https:\/\/medicina.udd.cl\/fonoaudiologia-santiago\/noticias\/2025\/04\/03\/docentes-de-fonoaudiologia-udd-participaron-en-el-tercer-congreso-comunicacion-sin-barreras-en-mexico\/#article\",\"isPartOf\":{\"@id\":\"https:\/\/medicina.udd.cl\/fonoaudiologia-santiago\/noticias\/2025\/04\/03\/docentes-de-fonoaudiologia-udd-participaron-en-el-tercer-congreso-comunicacion-sin-barreras-en-mexico\/\"},\"author\":{\"name\":\"rbraidy\",\"@id\":\"https:\/\/medicina.udd.cl\/fonoaudiologia-santiago\/#\/schema\/person\/dbc3705bf3a93e8be1ba6de0ef950341\"},\"headline\":\"Docentes de Fonoaudiolog\u00eda UDD participaron en el Tercer Congreso Comunicaci\u00f3n Sin Barreras en M\u00e9xico\",\"datePublished\":\"2025-04-03T15:34:40+00:00\",\"dateModified\":\"2025-04-03T15:34:41+00:00\",\"mainEntityOfPage\":{\"@id\":\"https:\/\/medicina.udd.cl\/fonoaudiologia-santiago\/noticias\/2025\/04\/03\/docentes-de-fonoaudiologia-udd-participaron-en-el-tercer-congreso-comunicacion-sin-barreras-en-mexico\/\"},\"wordCount\":317,\"image\":{\"@id\":\"https:\/\/medicina.udd.cl\/fonoaudiologia-santiago\/noticias\/2025\/04\/03\/docentes-de-fonoaudiologia-udd-participaron-en-el-tercer-congreso-comunicacion-sin-barreras-en-mexico\/#primaryimage\"},\"thumbnailUrl\":\"https:\/\/medicina.udd.cl\/fonoaudiologia-santiago\/files\/2025\/04\/fono-iii-congreso-de-comunicacion-sin-barreras-portada.jpeg\",\"articleSection\":[\"Noticias\"],\"inLanguage\":\"es\"},{\"@type\":\"WebPage\",\"@id\":\"https:\/\/medicina.udd.cl\/fonoaudiologia-santiago\/noticias\/2025\/04\/03\/docentes-de-fonoaudiologia-udd-participaron-en-el-tercer-congreso-comunicacion-sin-barreras-en-mexico\/\",\"url\":\"https:\/\/medicina.udd.cl\/fonoaudiologia-santiago\/noticias\/2025\/04\/03\/docentes-de-fonoaudiologia-udd-participaron-en-el-tercer-congreso-comunicacion-sin-barreras-en-mexico\/\",\"name\":\"Docentes de Fonoaudiolog\u00eda UDD participaron en el Tercer Congreso Comunicaci\u00f3n Sin Barreras en M\u00e9xico - Fonoaudiolog\u00eda\",\"isPartOf\":{\"@id\":\"https:\/\/medicina.udd.cl\/fonoaudiologia-santiago\/#website\"},\"primaryImageOfPage\":{\"@id\":\"https:\/\/medicina.udd.cl\/fonoaudiologia-santiago\/noticias\/2025\/04\/03\/docentes-de-fonoaudiologia-udd-participaron-en-el-tercer-congreso-comunicacion-sin-barreras-en-mexico\/#primaryimage\"},\"image\":{\"@id\":\"https:\/\/medicina.udd.cl\/fonoaudiologia-santiago\/noticias\/2025\/04\/03\/docentes-de-fonoaudiologia-udd-participaron-en-el-tercer-congreso-comunicacion-sin-barreras-en-mexico\/#primaryimage\"},\"thumbnailUrl\":\"https:\/\/medicina.udd.cl\/fonoaudiologia-santiago\/files\/2025\/04\/fono-iii-congreso-de-comunicacion-sin-barreras-portada.jpeg\",\"datePublished\":\"2025-04-03T15:34:40+00:00\",\"dateModified\":\"2025-04-03T15:34:41+00:00\",\"author\":{\"@id\":\"https:\/\/medicina.udd.cl\/fonoaudiologia-santiago\/#\/schema\/person\/dbc3705bf3a93e8be1ba6de0ef950341\"},\"breadcrumb\":{\"@id\":\"https:\/\/medicina.udd.cl\/fonoaudiologia-santiago\/noticias\/2025\/04\/03\/docentes-de-fonoaudiologia-udd-participaron-en-el-tercer-congreso-comunicacion-sin-barreras-en-mexico\/#breadcrumb\"},\"inLanguage\":\"es\",\"potentialAction\":[{\"@type\":\"ReadAction\",\"target\":[\"https:\/\/medicina.udd.cl\/fonoaudiologia-santiago\/noticias\/2025\/04\/03\/docentes-de-fonoaudiologia-udd-participaron-en-el-tercer-congreso-comunicacion-sin-barreras-en-mexico\/\"]}]},{\"@type\":\"ImageObject\",\"inLanguage\":\"es\",\"@id\":\"https:\/\/medicina.udd.cl\/fonoaudiologia-santiago\/noticias\/2025\/04\/03\/docentes-de-fonoaudiologia-udd-participaron-en-el-tercer-congreso-comunicacion-sin-barreras-en-mexico\/#primaryimage\",\"url\":\"https:\/\/medicina.udd.cl\/fonoaudiologia-santiago\/files\/2025\/04\/fono-iii-congreso-de-comunicacion-sin-barreras-portada.jpeg\",\"contentUrl\":\"https:\/\/medicina.udd.cl\/fonoaudiologia-santiago\/files\/2025\/04\/fono-iii-congreso-de-comunicacion-sin-barreras-portada.jpeg\",\"width\":1200,\"height\":1200},{\"@type\":\"BreadcrumbList\",\"@id\":\"https:\/\/medicina.udd.cl\/fonoaudiologia-santiago\/noticias\/2025\/04\/03\/docentes-de-fonoaudiologia-udd-participaron-en-el-tercer-congreso-comunicacion-sin-barreras-en-mexico\/#breadcrumb\",\"itemListElement\":[{\"@type\":\"ListItem\",\"position\":1,\"name\":\"Home\",\"item\":\"https:\/\/medicina.udd.cl\/fonoaudiologia-santiago\/\"},{\"@type\":\"ListItem\",\"position\":2,\"name\":\"Docentes de Fonoaudiolog\u00eda UDD participaron en el Tercer Congreso Comunicaci\u00f3n Sin Barreras en M\u00e9xico\"}]},{\"@type\":\"WebSite\",\"@id\":\"https:\/\/medicina.udd.cl\/fonoaudiologia-santiago\/#website\",\"url\":\"https:\/\/medicina.udd.cl\/fonoaudiologia-santiago\/\",\"name\":\"Fonoaudiolog\u00eda\",\"description\":\"Facultad de Medicina Cl\u00ednica Alemana Universidad del Desarrollo\",\"inLanguage\":\"es\"},{\"@type\":\"Person\",\"@id\":\"https:\/\/medicina.udd.cl\/fonoaudiologia-santiago\/#\/schema\/person\/dbc3705bf3a93e8be1ba6de0ef950341\",\"name\":\"rbraidy\",\"image\":{\"@type\":\"ImageObject\",\"inLanguage\":\"es\",\"@id\":\"https:\/\/medicina.udd.cl\/fonoaudiologia-santiago\/#\/schema\/person\/image\/\",\"url\":\"https:\/\/secure.gravatar.com\/avatar\/0f8bc94637401590e45d2ce17eb65c274cb8870a219de6177f3f23e63fd8cdf3?s=96&d=mm&r=g\",\"contentUrl\":\"https:\/\/secure.gravatar.com\/avatar\/0f8bc94637401590e45d2ce17eb65c274cb8870a219de6177f3f23e63fd8cdf3?s=96&d=mm&r=g\",\"caption\":\"rbraidy\"},\"url\":\"https:\/\/medicina.udd.cl\/fonoaudiologia-santiago\/noticias\/author\/rbraidy\/\"}]}<\/script>\n<!-- \/ Yoast SEO plugin. -->","yoast_head_json":{"title":"Docentes de Fonoaudiolog\u00eda UDD participaron en el Tercer Congreso Comunicaci\u00f3n Sin Barreras en M\u00e9xico - Fonoaudiolog\u00eda","robots":{"index":"index","follow":"follow","max-snippet":"max-snippet:-1","max-image-preview":"max-image-preview:large","max-video-preview":"max-video-preview:-1"},"canonical":"https:\/\/medicina.udd.cl\/fonoaudiologia-santiago\/noticias\/2025\/04\/03\/docentes-de-fonoaudiologia-udd-participaron-en-el-tercer-congreso-comunicacion-sin-barreras-en-mexico\/","og_locale":"es_ES","og_type":"article","og_title":"Docentes de Fonoaudiolog\u00eda UDD participaron en el Tercer Congreso Comunicaci\u00f3n Sin Barreras en M\u00e9xico - Fonoaudiolog\u00eda","og_description":"El pasado 29 y 30 de marzo, la Universidad Aut\u00f3noma de Guadalajara (UAG), M\u00e9xico, fue sede del Tercer Congreso Comunicaci\u00f3n Sin Barreras, un evento de gran relevancia que busc\u00f3 concientizar sobre la importancia de la comunicaci\u00f3n en el diagn\u00f3stico temprano, adecuado y el acompa\u00f1amiento del autismo. El congreso cont\u00f3 con una serie de conferencias especializadas [&hellip;]","og_url":"https:\/\/medicina.udd.cl\/fonoaudiologia-santiago\/noticias\/2025\/04\/03\/docentes-de-fonoaudiologia-udd-participaron-en-el-tercer-congreso-comunicacion-sin-barreras-en-mexico\/","og_site_name":"Fonoaudiolog\u00eda","article_published_time":"2025-04-03T15:34:40+00:00","article_modified_time":"2025-04-03T15:34:41+00:00","og_image":[{"width":1200,"height":1200,"url":"https:\/\/medicina.udd.cl\/fonoaudiologia-santiago\/files\/2025\/04\/fono-iii-congreso-de-comunicacion-sin-barreras-portada.jpeg","type":"image\/jpeg"}],"author":"rbraidy","twitter_misc":{"Escrito por":"rbraidy","Tiempo de lectura":"3 minutos"},"schema":{"@context":"https:\/\/schema.org","@graph":[{"@type":"Article","@id":"https:\/\/medicina.udd.cl\/fonoaudiologia-santiago\/noticias\/2025\/04\/03\/docentes-de-fonoaudiologia-udd-participaron-en-el-tercer-congreso-comunicacion-sin-barreras-en-mexico\/#article","isPartOf":{"@id":"https:\/\/medicina.udd.cl\/fonoaudiologia-santiago\/noticias\/2025\/04\/03\/docentes-de-fonoaudiologia-udd-participaron-en-el-tercer-congreso-comunicacion-sin-barreras-en-mexico\/"},"author":{"name":"rbraidy","@id":"https:\/\/medicina.udd.cl\/fonoaudiologia-santiago\/#\/schema\/person\/dbc3705bf3a93e8be1ba6de0ef950341"},"headline":"Docentes de Fonoaudiolog\u00eda UDD participaron en el Tercer Congreso Comunicaci\u00f3n Sin Barreras en M\u00e9xico","datePublished":"2025-04-03T15:34:40+00:00","dateModified":"2025-04-03T15:34:41+00:00","mainEntityOfPage":{"@id":"https:\/\/medicina.udd.cl\/fonoaudiologia-santiago\/noticias\/2025\/04\/03\/docentes-de-fonoaudiologia-udd-participaron-en-el-tercer-congreso-comunicacion-sin-barreras-en-mexico\/"},"wordCount":317,"image":{"@id":"https:\/\/medicina.udd.cl\/fonoaudiologia-santiago\/noticias\/2025\/04\/03\/docentes-de-fonoaudiologia-udd-participaron-en-el-tercer-congreso-comunicacion-sin-barreras-en-mexico\/#primaryimage"},"thumbnailUrl":"https:\/\/medicina.udd.cl\/fonoaudiologia-santiago\/files\/2025\/04\/fono-iii-congreso-de-comunicacion-sin-barreras-portada.jpeg","articleSection":["Noticias"],"inLanguage":"es"},{"@type":"WebPage","@id":"https:\/\/medicina.udd.cl\/fonoaudiologia-santiago\/noticias\/2025\/04\/03\/docentes-de-fonoaudiologia-udd-participaron-en-el-tercer-congreso-comunicacion-sin-barreras-en-mexico\/","url":"https:\/\/medicina.udd.cl\/fonoaudiologia-santiago\/noticias\/2025\/04\/03\/docentes-de-fonoaudiologia-udd-participaron-en-el-tercer-congreso-comunicacion-sin-barreras-en-mexico\/","name":"Docentes de Fonoaudiolog\u00eda UDD participaron en el Tercer Congreso Comunicaci\u00f3n Sin Barreras en M\u00e9xico - Fonoaudiolog\u00eda","isPartOf":{"@id":"https:\/\/medicina.udd.cl\/fonoaudiologia-santiago\/#website"},"primaryImageOfPage":{"@id":"https:\/\/medicina.udd.cl\/fonoaudiologia-santiago\/noticias\/2025\/04\/03\/docentes-de-fonoaudiologia-udd-participaron-en-el-tercer-congreso-comunicacion-sin-barreras-en-mexico\/#primaryimage"},"image":{"@id":"https:\/\/medicina.udd.cl\/fonoaudiologia-santiago\/noticias\/2025\/04\/03\/docentes-de-fonoaudiologia-udd-participaron-en-el-tercer-congreso-comunicacion-sin-barreras-en-mexico\/#primaryimage"},"thumbnailUrl":"https:\/\/medicina.udd.cl\/fonoaudiologia-santiago\/files\/2025\/04\/fono-iii-congreso-de-comunicacion-sin-barreras-portada.jpeg","datePublished":"2025-04-03T15:34:40+00:00","dateModified":"2025-04-03T15:34:41+00:00","author":{"@id":"https:\/\/medicina.udd.cl\/fonoaudiologia-santiago\/#\/schema\/person\/dbc3705bf3a93e8be1ba6de0ef950341"},"breadcrumb":{"@id":"https:\/\/medicina.udd.cl\/fonoaudiologia-santiago\/noticias\/2025\/04\/03\/docentes-de-fonoaudiologia-udd-participaron-en-el-tercer-congreso-comunicacion-sin-barreras-en-mexico\/#breadcrumb"},"inLanguage":"es","potentialAction":[{"@type":"ReadAction","target":["https:\/\/medicina.udd.cl\/fonoaudiologia-santiago\/noticias\/2025\/04\/03\/docentes-de-fonoaudiologia-udd-participaron-en-el-tercer-congreso-comunicacion-sin-barreras-en-mexico\/"]}]},{"@type":"ImageObject","inLanguage":"es","@id":"https:\/\/medicina.udd.cl\/fonoaudiologia-santiago\/noticias\/2025\/04\/03\/docentes-de-fonoaudiologia-udd-participaron-en-el-tercer-congreso-comunicacion-sin-barreras-en-mexico\/#primaryimage","url":"https:\/\/medicina.udd.cl\/fonoaudiologia-santiago\/files\/2025\/04\/fono-iii-congreso-de-comunicacion-sin-barreras-portada.jpeg","contentUrl":"https:\/\/medicina.udd.cl\/fonoaudiologia-santiago\/files\/2025\/04\/fono-iii-congreso-de-comunicacion-sin-barreras-portada.jpeg","width":1200,"height":1200},{"@type":"BreadcrumbList","@id":"https:\/\/medicina.udd.cl\/fonoaudiologia-santiago\/noticias\/2025\/04\/03\/docentes-de-fonoaudiologia-udd-participaron-en-el-tercer-congreso-comunicacion-sin-barreras-en-mexico\/#breadcrumb","itemListElement":[{"@type":"ListItem","position":1,"name":"Home","item":"https:\/\/medicina.udd.cl\/fonoaudiologia-santiago\/"},{"@type":"ListItem","position":2,"name":"Docentes de Fonoaudiolog\u00eda UDD participaron en el Tercer Congreso Comunicaci\u00f3n Sin Barreras en M\u00e9xico"}]},{"@type":"WebSite","@id":"https:\/\/medicina.udd.cl\/fonoaudiologia-santiago\/#website","url":"https:\/\/medicina.udd.cl\/fonoaudiologia-santiago\/","name":"Fonoaudiolog\u00eda","description":"Facultad de Medicina Cl\u00ednica Alemana Universidad del Desarrollo","inLanguage":"es"},{"@type":"Person","@id":"https:\/\/medicina.udd.cl\/fonoaudiologia-santiago\/#\/schema\/person\/dbc3705bf3a93e8be1ba6de0ef950341","name":"rbraidy","image":{"@type":"ImageObject","inLanguage":"es","@id":"https:\/\/medicina.udd.cl\/fonoaudiologia-santiago\/#\/schema\/person\/image\/","url":"https:\/\/secure.gravatar.com\/avatar\/0f8bc94637401590e45d2ce17eb65c274cb8870a219de6177f3f23e63fd8cdf3?s=96&d=mm&r=g","contentUrl":"https:\/\/secure.gravatar.com\/avatar\/0f8bc94637401590e45d2ce17eb65c274cb8870a219de6177f3f23e63fd8cdf3?s=96&d=mm&r=g","caption":"rbraidy"},"url":"https:\/\/medicina.udd.cl\/fonoaudiologia-santiago\/noticias\/author\/rbraidy\/"}]}},"featured_image_url":"https:\/\/medicina.udd.cl\/fonoaudiologia-santiago\/files\/2025\/04\/fono-iii-congreso-de-comunicacion-sin-barreras-portada.jpeg","_links":{"self":[{"href":"https:\/\/medicina.udd.cl\/fonoaudiologia-santiago\/wp-json\/wp\/v2\/posts\/7179","targetHints":{"allow":["GET"]}}],"collection":[{"href":"https:\/\/medicina.udd.cl\/fonoaudiologia-santiago\/wp-json\/wp\/v2\/posts"}],"about":[{"href":"https:\/\/medicina.udd.cl\/fonoaudiologia-santiago\/wp-json\/wp\/v2\/types\/post"}],"author":[{"embeddable":true,"href":"https:\/\/medicina.udd.cl\/fonoaudiologia-santiago\/wp-json\/wp\/v2\/users\/9192219"}],"replies":[{"embeddable":true,"href":"https:\/\/medicina.udd.cl\/fonoaudiologia-santiago\/wp-json\/wp\/v2\/comments?post=7179"}],"version-history":[{"count":1,"href":"https:\/\/medicina.udd.cl\/fonoaudiologia-santiago\/wp-json\/wp\/v2\/posts\/7179\/revisions"}],"predecessor-version":[{"id":7190,"href":"https:\/\/medicina.udd.cl\/fonoaudiologia-santiago\/wp-json\/wp\/v2\/posts\/7179\/revisions\/7190"}],"wp:featuredmedia":[{"embeddable":true,"href":"https:\/\/medicina.udd.cl\/fonoaudiologia-santiago\/wp-json\/wp\/v2\/media\/7186"}],"wp:attachment":[{"href":"https:\/\/medicina.udd.cl\/fonoaudiologia-santiago\/wp-json\/wp\/v2\/media?parent=7179"}],"wp:term":[{"taxonomy":"category","embeddable":true,"href":"https:\/\/medicina.udd.cl\/fonoaudiologia-santiago\/wp-json\/wp\/v2\/categories?post=7179"},{"taxonomy":"post_tag","embeddable":true,"href":"https:\/\/medicina.udd.cl\/fonoaudiologia-santiago\/wp-json\/wp\/v2\/tags?post=7179"}],"curies":[{"name":"wp","href":"https:\/\/api.w.org\/{rel}","templated":true}]}}