{"id":7191,"date":"2025-04-17T14:35:13","date_gmt":"2025-04-17T18:35:13","guid":{"rendered":"https:\/\/medicina.udd.cl\/fonoaudiologia-santiago\/?p=7191"},"modified":"2025-04-17T14:35:15","modified_gmt":"2025-04-17T18:35:15","slug":"estudiantes-de-fonoaudiologia-udd-participaron-en-cirugia-cerebral-en-vigilia-realizada-en-clinica-alemana","status":"publish","type":"post","link":"https:\/\/medicina.udd.cl\/fonoaudiologia-santiago\/noticias\/2025\/04\/17\/estudiantes-de-fonoaudiologia-udd-participaron-en-cirugia-cerebral-en-vigilia-realizada-en-clinica-alemana\/","title":{"rendered":"Estudiantes de Fonoaudiolog\u00eda UDD participaron en cirug\u00eda cerebral en vigilia realizada en Cl\u00ednica Alemana"},"content":{"rendered":"\n<figure class=\"wp-block-gallery has-nested-images columns-default is-cropped wp-block-gallery-1 is-layout-flex wp-block-gallery-is-layout-flex\">\n<figure class=\"wp-block-image size-large\"><a href=\"https:\/\/medicina.udd.cl\/fonoaudiologia-santiago\/files\/2025\/04\/imagen-de-whatsapp-2025-04-17-a-las-11-17-38_1a62aec4-scaled.jpg\"><img loading=\"lazy\" decoding=\"async\" width=\"768\" height=\"1024\" data-id=\"7193\" src=\"https:\/\/medicina.udd.cl\/fonoaudiologia-santiago\/files\/2025\/04\/imagen-de-whatsapp-2025-04-17-a-las-11-17-38_1a62aec4-768x1024.jpg\" alt=\"\" class=\"wp-image-7193\" srcset=\"https:\/\/medicina.udd.cl\/fonoaudiologia-santiago\/files\/2025\/04\/imagen-de-whatsapp-2025-04-17-a-las-11-17-38_1a62aec4-768x1024.jpg 768w, https:\/\/medicina.udd.cl\/fonoaudiologia-santiago\/files\/2025\/04\/imagen-de-whatsapp-2025-04-17-a-las-11-17-38_1a62aec4-225x300.jpg 225w, https:\/\/medicina.udd.cl\/fonoaudiologia-santiago\/files\/2025\/04\/imagen-de-whatsapp-2025-04-17-a-las-11-17-38_1a62aec4-1152x1536.jpg 1152w, https:\/\/medicina.udd.cl\/fonoaudiologia-santiago\/files\/2025\/04\/imagen-de-whatsapp-2025-04-17-a-las-11-17-38_1a62aec4-1536x2048.jpg 1536w, https:\/\/medicina.udd.cl\/fonoaudiologia-santiago\/files\/2025\/04\/imagen-de-whatsapp-2025-04-17-a-las-11-17-38_1a62aec4-scaled.jpg 1920w\" sizes=\"auto, (max-width: 768px) 100vw, 768px\" \/><\/a><\/figure>\n\n\n\n<figure class=\"wp-block-image size-large\"><a href=\"https:\/\/medicina.udd.cl\/fonoaudiologia-santiago\/files\/2025\/04\/imagen-de-whatsapp-2025-04-17-a-las-11-17-39_c15c44ab-scaled.jpg\"><img loading=\"lazy\" decoding=\"async\" width=\"768\" height=\"1024\" data-id=\"7194\" src=\"https:\/\/medicina.udd.cl\/fonoaudiologia-santiago\/files\/2025\/04\/imagen-de-whatsapp-2025-04-17-a-las-11-17-39_c15c44ab-768x1024.jpg\" alt=\"\" class=\"wp-image-7194\" srcset=\"https:\/\/medicina.udd.cl\/fonoaudiologia-santiago\/files\/2025\/04\/imagen-de-whatsapp-2025-04-17-a-las-11-17-39_c15c44ab-768x1024.jpg 768w, https:\/\/medicina.udd.cl\/fonoaudiologia-santiago\/files\/2025\/04\/imagen-de-whatsapp-2025-04-17-a-las-11-17-39_c15c44ab-225x300.jpg 225w, https:\/\/medicina.udd.cl\/fonoaudiologia-santiago\/files\/2025\/04\/imagen-de-whatsapp-2025-04-17-a-las-11-17-39_c15c44ab-1152x1536.jpg 1152w, https:\/\/medicina.udd.cl\/fonoaudiologia-santiago\/files\/2025\/04\/imagen-de-whatsapp-2025-04-17-a-las-11-17-39_c15c44ab-1536x2048.jpg 1536w, https:\/\/medicina.udd.cl\/fonoaudiologia-santiago\/files\/2025\/04\/imagen-de-whatsapp-2025-04-17-a-las-11-17-39_c15c44ab-scaled.jpg 1920w\" sizes=\"auto, (max-width: 768px) 100vw, 768px\" \/><\/a><\/figure>\n\n\n\n<figure class=\"wp-block-image size-large\"><a href=\"https:\/\/medicina.udd.cl\/fonoaudiologia-santiago\/files\/2025\/04\/imagen-de-whatsapp-2025-04-17-a-las-11-17-40_b52cddcd.jpg\"><img loading=\"lazy\" decoding=\"async\" width=\"768\" height=\"1024\" data-id=\"7192\" src=\"https:\/\/medicina.udd.cl\/fonoaudiologia-santiago\/files\/2025\/04\/imagen-de-whatsapp-2025-04-17-a-las-11-17-40_b52cddcd-768x1024.jpg\" alt=\"\" class=\"wp-image-7192\" srcset=\"https:\/\/medicina.udd.cl\/fonoaudiologia-santiago\/files\/2025\/04\/imagen-de-whatsapp-2025-04-17-a-las-11-17-40_b52cddcd-768x1024.jpg 768w, https:\/\/medicina.udd.cl\/fonoaudiologia-santiago\/files\/2025\/04\/imagen-de-whatsapp-2025-04-17-a-las-11-17-40_b52cddcd-225x300.jpg 225w, https:\/\/medicina.udd.cl\/fonoaudiologia-santiago\/files\/2025\/04\/imagen-de-whatsapp-2025-04-17-a-las-11-17-40_b52cddcd-1152x1536.jpg 1152w, https:\/\/medicina.udd.cl\/fonoaudiologia-santiago\/files\/2025\/04\/imagen-de-whatsapp-2025-04-17-a-las-11-17-40_b52cddcd.jpg 1200w\" sizes=\"auto, (max-width: 768px) 100vw, 768px\" \/><\/a><\/figure>\n<\/figure>\n\n\n\n<p>El pasado s\u00e1bado 12 de abril se llev\u00f3 a cabo una cirug\u00eda cerebral en vigilia a un paciente de 29 a\u00f1os, procedimiento de alta complejidad liderado por el neurocirujano Dr. David Rojas en Cl\u00ednica Alemana de Santiago. En esta intervenci\u00f3n participaron las estudiantes de quinto a\u00f1o de Fonoaudiolog\u00eda UDD, <strong>Trinidad P\u00e9rez<\/strong> y <strong>Antonia Villal\u00f3n<\/strong>, acompa\u00f1adas por el docente cl\u00ednico <strong>Pablo Roa<\/strong> y la directora de carrera, <strong>Ang\u00e9lica L\u00f3pez<\/strong>.<\/p>\n\n\n\n<p>La cirug\u00eda en vigilia es un procedimiento neuroquir\u00fargico que se realiza con el paciente consciente, permitiendo monitorear en tiempo real funciones cerebrales esenciales como el lenguaje, el habla o el movimiento. En este contexto, el rol de la Fonoaudiolog\u00eda es clave para evaluar y resguardar dichas funciones durante toda la intervenci\u00f3n.<\/p>\n\n\n\n<p>Las estudiantes destacaron la <strong>excelente experiencia formativa<\/strong> que vivieron, donde pudieron ver en la pr\u00e1ctica los aprendizajes adquiridos durante su formaci\u00f3n y tomar real conciencia del <strong>relevante rol del fonoaudi\u00f3logo<\/strong> en este tipo de procedimientos quir\u00fargicos de alta precisi\u00f3n. Adem\u00e1s, expresaron su profundo agradecimiento al paciente <strong>por permitirles ser parte de esta experiencia \u00fanica<\/strong>, destacando su generosidad y confianza.<\/p>\n\n\n\n<p>\u201cLa participaci\u00f3n de nuestras estudiantes en esta cirug\u00eda representa una valiosa oportunidad formativa en un contexto cl\u00ednico de primer nivel, y pone en pr\u00e1ctica las competencias que han desarrollado a lo largo de la carrera, especialmente en el \u00e1rea de neurofisiolog\u00eda del lenguaje\u201d, destac\u00f3 Ang\u00e9lica L\u00f3pez.<\/p>\n\n\n\n<p>Este tipo de instancias no solo refuerzan la formaci\u00f3n interdisciplinaria en salud, sino que tambi\u00e9n reflejan el compromiso de la Universidad del Desarrollo y Cl\u00ednica Alemana con una educaci\u00f3n basada en experiencias reales, con alto impacto en el aprendizaje profesional de sus estudiantes.<\/p>\n","protected":false},"excerpt":{"rendered":"<p>El pasado s\u00e1bado 12 de abril se llev\u00f3 a cabo una cirug\u00eda cerebral en vigilia a un paciente de 29 a\u00f1os, procedimiento de alta complejidad liderado por el neurocirujano Dr. David Rojas en Cl\u00ednica Alemana de Santiago. En esta intervenci\u00f3n participaron las estudiantes de quinto a\u00f1o de Fonoaudiolog\u00eda UDD, Trinidad P\u00e9rez y Antonia Villal\u00f3n, acompa\u00f1adas [&hellip;]<\/p>\n","protected":false},"author":9192254,"featured_media":7195,"comment_status":"closed","ping_status":"open","sticky":false,"template":"","format":"standard","meta":{"footnotes":""},"categories":[4],"tags":[],"class_list":["post-7191","post","type-post","status-publish","format-standard","has-post-thumbnail","hentry","category-noticias"],"yoast_head":"<!-- This site is optimized with the Yoast SEO plugin v26.9 - https:\/\/yoast.com\/product\/yoast-seo-wordpress\/ -->\n<title>Estudiantes de Fonoaudiolog\u00eda UDD participaron en cirug\u00eda cerebral en vigilia realizada en Cl\u00ednica Alemana - Fonoaudiolog\u00eda<\/title>\n<meta name=\"robots\" content=\"index, follow, max-snippet:-1, max-image-preview:large, max-video-preview:-1\" \/>\n<link rel=\"canonical\" href=\"https:\/\/medicina.udd.cl\/fonoaudiologia-santiago\/noticias\/2025\/04\/17\/estudiantes-de-fonoaudiologia-udd-participaron-en-cirugia-cerebral-en-vigilia-realizada-en-clinica-alemana\/\" \/>\n<meta property=\"og:locale\" content=\"es_ES\" \/>\n<meta property=\"og:type\" content=\"article\" \/>\n<meta property=\"og:title\" content=\"Estudiantes de Fonoaudiolog\u00eda UDD participaron en cirug\u00eda cerebral en vigilia realizada en Cl\u00ednica Alemana - Fonoaudiolog\u00eda\" \/>\n<meta property=\"og:description\" content=\"El pasado s\u00e1bado 12 de abril se llev\u00f3 a cabo una cirug\u00eda cerebral en vigilia a un paciente de 29 a\u00f1os, procedimiento de alta complejidad liderado por el neurocirujano Dr. David Rojas en Cl\u00ednica Alemana de Santiago. En esta intervenci\u00f3n participaron las estudiantes de quinto a\u00f1o de Fonoaudiolog\u00eda UDD, Trinidad P\u00e9rez y Antonia Villal\u00f3n, acompa\u00f1adas [&hellip;]\" \/>\n<meta property=\"og:url\" content=\"https:\/\/medicina.udd.cl\/fonoaudiologia-santiago\/noticias\/2025\/04\/17\/estudiantes-de-fonoaudiologia-udd-participaron-en-cirugia-cerebral-en-vigilia-realizada-en-clinica-alemana\/\" \/>\n<meta property=\"og:site_name\" content=\"Fonoaudiolog\u00eda\" \/>\n<meta property=\"article:published_time\" content=\"2025-04-17T18:35:13+00:00\" \/>\n<meta property=\"article:modified_time\" content=\"2025-04-17T18:35:15+00:00\" \/>\n<meta property=\"og:image\" content=\"https:\/\/medicina.udd.cl\/fonoaudiologia-santiago\/files\/2025\/04\/imagen-de-whatsapp-2025-04-17-a-las-11-17-38_6702c1af-scaled.jpg\" \/>\n\t<meta property=\"og:image:width\" content=\"2560\" \/>\n\t<meta property=\"og:image:height\" content=\"1920\" \/>\n\t<meta property=\"og:image:type\" content=\"image\/jpeg\" \/>\n<meta name=\"author\" content=\"magdalenaestay\" \/>\n<meta name=\"twitter:label1\" content=\"Escrito por\" \/>\n\t<meta name=\"twitter:data1\" content=\"magdalenaestay\" \/>\n\t<meta name=\"twitter:label2\" content=\"Tiempo de lectura\" \/>\n\t<meta name=\"twitter:data2\" content=\"3 minutos\" \/>\n<script type=\"application\/ld+json\" class=\"yoast-schema-graph\">{\"@context\":\"https:\/\/schema.org\",\"@graph\":[{\"@type\":\"Article\",\"@id\":\"https:\/\/medicina.udd.cl\/fonoaudiologia-santiago\/noticias\/2025\/04\/17\/estudiantes-de-fonoaudiologia-udd-participaron-en-cirugia-cerebral-en-vigilia-realizada-en-clinica-alemana\/#article\",\"isPartOf\":{\"@id\":\"https:\/\/medicina.udd.cl\/fonoaudiologia-santiago\/noticias\/2025\/04\/17\/estudiantes-de-fonoaudiologia-udd-participaron-en-cirugia-cerebral-en-vigilia-realizada-en-clinica-alemana\/\"},\"author\":{\"name\":\"magdalenaestay\",\"@id\":\"https:\/\/medicina.udd.cl\/fonoaudiologia-santiago\/#\/schema\/person\/ed6f79d59c0f820f128a5bb9801ef1f2\"},\"headline\":\"Estudiantes de Fonoaudiolog\u00eda UDD participaron en cirug\u00eda cerebral en vigilia realizada en Cl\u00ednica Alemana\",\"datePublished\":\"2025-04-17T18:35:13+00:00\",\"dateModified\":\"2025-04-17T18:35:15+00:00\",\"mainEntityOfPage\":{\"@id\":\"https:\/\/medicina.udd.cl\/fonoaudiologia-santiago\/noticias\/2025\/04\/17\/estudiantes-de-fonoaudiologia-udd-participaron-en-cirugia-cerebral-en-vigilia-realizada-en-clinica-alemana\/\"},\"wordCount\":316,\"image\":{\"@id\":\"https:\/\/medicina.udd.cl\/fonoaudiologia-santiago\/noticias\/2025\/04\/17\/estudiantes-de-fonoaudiologia-udd-participaron-en-cirugia-cerebral-en-vigilia-realizada-en-clinica-alemana\/#primaryimage\"},\"thumbnailUrl\":\"https:\/\/medicina.udd.cl\/fonoaudiologia-santiago\/files\/2025\/04\/imagen-de-whatsapp-2025-04-17-a-las-11-17-38_6702c1af-scaled.jpg\",\"articleSection\":[\"Noticias\"],\"inLanguage\":\"es\"},{\"@type\":\"WebPage\",\"@id\":\"https:\/\/medicina.udd.cl\/fonoaudiologia-santiago\/noticias\/2025\/04\/17\/estudiantes-de-fonoaudiologia-udd-participaron-en-cirugia-cerebral-en-vigilia-realizada-en-clinica-alemana\/\",\"url\":\"https:\/\/medicina.udd.cl\/fonoaudiologia-santiago\/noticias\/2025\/04\/17\/estudiantes-de-fonoaudiologia-udd-participaron-en-cirugia-cerebral-en-vigilia-realizada-en-clinica-alemana\/\",\"name\":\"Estudiantes de Fonoaudiolog\u00eda UDD participaron en cirug\u00eda cerebral en vigilia realizada en Cl\u00ednica Alemana - Fonoaudiolog\u00eda\",\"isPartOf\":{\"@id\":\"https:\/\/medicina.udd.cl\/fonoaudiologia-santiago\/#website\"},\"primaryImageOfPage\":{\"@id\":\"https:\/\/medicina.udd.cl\/fonoaudiologia-santiago\/noticias\/2025\/04\/17\/estudiantes-de-fonoaudiologia-udd-participaron-en-cirugia-cerebral-en-vigilia-realizada-en-clinica-alemana\/#primaryimage\"},\"image\":{\"@id\":\"https:\/\/medicina.udd.cl\/fonoaudiologia-santiago\/noticias\/2025\/04\/17\/estudiantes-de-fonoaudiologia-udd-participaron-en-cirugia-cerebral-en-vigilia-realizada-en-clinica-alemana\/#primaryimage\"},\"thumbnailUrl\":\"https:\/\/medicina.udd.cl\/fonoaudiologia-santiago\/files\/2025\/04\/imagen-de-whatsapp-2025-04-17-a-las-11-17-38_6702c1af-scaled.jpg\",\"datePublished\":\"2025-04-17T18:35:13+00:00\",\"dateModified\":\"2025-04-17T18:35:15+00:00\",\"author\":{\"@id\":\"https:\/\/medicina.udd.cl\/fonoaudiologia-santiago\/#\/schema\/person\/ed6f79d59c0f820f128a5bb9801ef1f2\"},\"breadcrumb\":{\"@id\":\"https:\/\/medicina.udd.cl\/fonoaudiologia-santiago\/noticias\/2025\/04\/17\/estudiantes-de-fonoaudiologia-udd-participaron-en-cirugia-cerebral-en-vigilia-realizada-en-clinica-alemana\/#breadcrumb\"},\"inLanguage\":\"es\",\"potentialAction\":[{\"@type\":\"ReadAction\",\"target\":[\"https:\/\/medicina.udd.cl\/fonoaudiologia-santiago\/noticias\/2025\/04\/17\/estudiantes-de-fonoaudiologia-udd-participaron-en-cirugia-cerebral-en-vigilia-realizada-en-clinica-alemana\/\"]}]},{\"@type\":\"ImageObject\",\"inLanguage\":\"es\",\"@id\":\"https:\/\/medicina.udd.cl\/fonoaudiologia-santiago\/noticias\/2025\/04\/17\/estudiantes-de-fonoaudiologia-udd-participaron-en-cirugia-cerebral-en-vigilia-realizada-en-clinica-alemana\/#primaryimage\",\"url\":\"https:\/\/medicina.udd.cl\/fonoaudiologia-santiago\/files\/2025\/04\/imagen-de-whatsapp-2025-04-17-a-las-11-17-38_6702c1af-scaled.jpg\",\"contentUrl\":\"https:\/\/medicina.udd.cl\/fonoaudiologia-santiago\/files\/2025\/04\/imagen-de-whatsapp-2025-04-17-a-las-11-17-38_6702c1af-scaled.jpg\",\"width\":2560,\"height\":1920},{\"@type\":\"BreadcrumbList\",\"@id\":\"https:\/\/medicina.udd.cl\/fonoaudiologia-santiago\/noticias\/2025\/04\/17\/estudiantes-de-fonoaudiologia-udd-participaron-en-cirugia-cerebral-en-vigilia-realizada-en-clinica-alemana\/#breadcrumb\",\"itemListElement\":[{\"@type\":\"ListItem\",\"position\":1,\"name\":\"Home\",\"item\":\"https:\/\/medicina.udd.cl\/fonoaudiologia-santiago\/\"},{\"@type\":\"ListItem\",\"position\":2,\"name\":\"Estudiantes de Fonoaudiolog\u00eda UDD participaron en cirug\u00eda cerebral en vigilia realizada en Cl\u00ednica Alemana\"}]},{\"@type\":\"WebSite\",\"@id\":\"https:\/\/medicina.udd.cl\/fonoaudiologia-santiago\/#website\",\"url\":\"https:\/\/medicina.udd.cl\/fonoaudiologia-santiago\/\",\"name\":\"Fonoaudiolog\u00eda\",\"description\":\"Facultad de Medicina Cl\u00ednica Alemana Universidad del Desarrollo\",\"inLanguage\":\"es\"},{\"@type\":\"Person\",\"@id\":\"https:\/\/medicina.udd.cl\/fonoaudiologia-santiago\/#\/schema\/person\/ed6f79d59c0f820f128a5bb9801ef1f2\",\"name\":\"magdalenaestay\",\"image\":{\"@type\":\"ImageObject\",\"inLanguage\":\"es\",\"@id\":\"https:\/\/medicina.udd.cl\/fonoaudiologia-santiago\/#\/schema\/person\/image\/\",\"url\":\"https:\/\/secure.gravatar.com\/avatar\/b068ccaa115501438dab22979d0ff56e6306c4f89777269db483369ec65d8dc1?s=96&d=mm&r=g\",\"contentUrl\":\"https:\/\/secure.gravatar.com\/avatar\/b068ccaa115501438dab22979d0ff56e6306c4f89777269db483369ec65d8dc1?s=96&d=mm&r=g\",\"caption\":\"magdalenaestay\"},\"url\":\"https:\/\/medicina.udd.cl\/fonoaudiologia-santiago\/noticias\/author\/magdalenaestay\/\"}]}<\/script>\n<!-- \/ Yoast SEO plugin. -->","yoast_head_json":{"title":"Estudiantes de Fonoaudiolog\u00eda UDD participaron en cirug\u00eda cerebral en vigilia realizada en Cl\u00ednica Alemana - Fonoaudiolog\u00eda","robots":{"index":"index","follow":"follow","max-snippet":"max-snippet:-1","max-image-preview":"max-image-preview:large","max-video-preview":"max-video-preview:-1"},"canonical":"https:\/\/medicina.udd.cl\/fonoaudiologia-santiago\/noticias\/2025\/04\/17\/estudiantes-de-fonoaudiologia-udd-participaron-en-cirugia-cerebral-en-vigilia-realizada-en-clinica-alemana\/","og_locale":"es_ES","og_type":"article","og_title":"Estudiantes de Fonoaudiolog\u00eda UDD participaron en cirug\u00eda cerebral en vigilia realizada en Cl\u00ednica Alemana - Fonoaudiolog\u00eda","og_description":"El pasado s\u00e1bado 12 de abril se llev\u00f3 a cabo una cirug\u00eda cerebral en vigilia a un paciente de 29 a\u00f1os, procedimiento de alta complejidad liderado por el neurocirujano Dr. David Rojas en Cl\u00ednica Alemana de Santiago. En esta intervenci\u00f3n participaron las estudiantes de quinto a\u00f1o de Fonoaudiolog\u00eda UDD, Trinidad P\u00e9rez y Antonia Villal\u00f3n, acompa\u00f1adas [&hellip;]","og_url":"https:\/\/medicina.udd.cl\/fonoaudiologia-santiago\/noticias\/2025\/04\/17\/estudiantes-de-fonoaudiologia-udd-participaron-en-cirugia-cerebral-en-vigilia-realizada-en-clinica-alemana\/","og_site_name":"Fonoaudiolog\u00eda","article_published_time":"2025-04-17T18:35:13+00:00","article_modified_time":"2025-04-17T18:35:15+00:00","og_image":[{"width":2560,"height":1920,"url":"https:\/\/medicina.udd.cl\/fonoaudiologia-santiago\/files\/2025\/04\/imagen-de-whatsapp-2025-04-17-a-las-11-17-38_6702c1af-scaled.jpg","type":"image\/jpeg"}],"author":"magdalenaestay","twitter_misc":{"Escrito por":"magdalenaestay","Tiempo de lectura":"3 minutos"},"schema":{"@context":"https:\/\/schema.org","@graph":[{"@type":"Article","@id":"https:\/\/medicina.udd.cl\/fonoaudiologia-santiago\/noticias\/2025\/04\/17\/estudiantes-de-fonoaudiologia-udd-participaron-en-cirugia-cerebral-en-vigilia-realizada-en-clinica-alemana\/#article","isPartOf":{"@id":"https:\/\/medicina.udd.cl\/fonoaudiologia-santiago\/noticias\/2025\/04\/17\/estudiantes-de-fonoaudiologia-udd-participaron-en-cirugia-cerebral-en-vigilia-realizada-en-clinica-alemana\/"},"author":{"name":"magdalenaestay","@id":"https:\/\/medicina.udd.cl\/fonoaudiologia-santiago\/#\/schema\/person\/ed6f79d59c0f820f128a5bb9801ef1f2"},"headline":"Estudiantes de Fonoaudiolog\u00eda UDD participaron en cirug\u00eda cerebral en vigilia realizada en Cl\u00ednica Alemana","datePublished":"2025-04-17T18:35:13+00:00","dateModified":"2025-04-17T18:35:15+00:00","mainEntityOfPage":{"@id":"https:\/\/medicina.udd.cl\/fonoaudiologia-santiago\/noticias\/2025\/04\/17\/estudiantes-de-fonoaudiologia-udd-participaron-en-cirugia-cerebral-en-vigilia-realizada-en-clinica-alemana\/"},"wordCount":316,"image":{"@id":"https:\/\/medicina.udd.cl\/fonoaudiologia-santiago\/noticias\/2025\/04\/17\/estudiantes-de-fonoaudiologia-udd-participaron-en-cirugia-cerebral-en-vigilia-realizada-en-clinica-alemana\/#primaryimage"},"thumbnailUrl":"https:\/\/medicina.udd.cl\/fonoaudiologia-santiago\/files\/2025\/04\/imagen-de-whatsapp-2025-04-17-a-las-11-17-38_6702c1af-scaled.jpg","articleSection":["Noticias"],"inLanguage":"es"},{"@type":"WebPage","@id":"https:\/\/medicina.udd.cl\/fonoaudiologia-santiago\/noticias\/2025\/04\/17\/estudiantes-de-fonoaudiologia-udd-participaron-en-cirugia-cerebral-en-vigilia-realizada-en-clinica-alemana\/","url":"https:\/\/medicina.udd.cl\/fonoaudiologia-santiago\/noticias\/2025\/04\/17\/estudiantes-de-fonoaudiologia-udd-participaron-en-cirugia-cerebral-en-vigilia-realizada-en-clinica-alemana\/","name":"Estudiantes de Fonoaudiolog\u00eda UDD participaron en cirug\u00eda cerebral en vigilia realizada en Cl\u00ednica Alemana - Fonoaudiolog\u00eda","isPartOf":{"@id":"https:\/\/medicina.udd.cl\/fonoaudiologia-santiago\/#website"},"primaryImageOfPage":{"@id":"https:\/\/medicina.udd.cl\/fonoaudiologia-santiago\/noticias\/2025\/04\/17\/estudiantes-de-fonoaudiologia-udd-participaron-en-cirugia-cerebral-en-vigilia-realizada-en-clinica-alemana\/#primaryimage"},"image":{"@id":"https:\/\/medicina.udd.cl\/fonoaudiologia-santiago\/noticias\/2025\/04\/17\/estudiantes-de-fonoaudiologia-udd-participaron-en-cirugia-cerebral-en-vigilia-realizada-en-clinica-alemana\/#primaryimage"},"thumbnailUrl":"https:\/\/medicina.udd.cl\/fonoaudiologia-santiago\/files\/2025\/04\/imagen-de-whatsapp-2025-04-17-a-las-11-17-38_6702c1af-scaled.jpg","datePublished":"2025-04-17T18:35:13+00:00","dateModified":"2025-04-17T18:35:15+00:00","author":{"@id":"https:\/\/medicina.udd.cl\/fonoaudiologia-santiago\/#\/schema\/person\/ed6f79d59c0f820f128a5bb9801ef1f2"},"breadcrumb":{"@id":"https:\/\/medicina.udd.cl\/fonoaudiologia-santiago\/noticias\/2025\/04\/17\/estudiantes-de-fonoaudiologia-udd-participaron-en-cirugia-cerebral-en-vigilia-realizada-en-clinica-alemana\/#breadcrumb"},"inLanguage":"es","potentialAction":[{"@type":"ReadAction","target":["https:\/\/medicina.udd.cl\/fonoaudiologia-santiago\/noticias\/2025\/04\/17\/estudiantes-de-fonoaudiologia-udd-participaron-en-cirugia-cerebral-en-vigilia-realizada-en-clinica-alemana\/"]}]},{"@type":"ImageObject","inLanguage":"es","@id":"https:\/\/medicina.udd.cl\/fonoaudiologia-santiago\/noticias\/2025\/04\/17\/estudiantes-de-fonoaudiologia-udd-participaron-en-cirugia-cerebral-en-vigilia-realizada-en-clinica-alemana\/#primaryimage","url":"https:\/\/medicina.udd.cl\/fonoaudiologia-santiago\/files\/2025\/04\/imagen-de-whatsapp-2025-04-17-a-las-11-17-38_6702c1af-scaled.jpg","contentUrl":"https:\/\/medicina.udd.cl\/fonoaudiologia-santiago\/files\/2025\/04\/imagen-de-whatsapp-2025-04-17-a-las-11-17-38_6702c1af-scaled.jpg","width":2560,"height":1920},{"@type":"BreadcrumbList","@id":"https:\/\/medicina.udd.cl\/fonoaudiologia-santiago\/noticias\/2025\/04\/17\/estudiantes-de-fonoaudiologia-udd-participaron-en-cirugia-cerebral-en-vigilia-realizada-en-clinica-alemana\/#breadcrumb","itemListElement":[{"@type":"ListItem","position":1,"name":"Home","item":"https:\/\/medicina.udd.cl\/fonoaudiologia-santiago\/"},{"@type":"ListItem","position":2,"name":"Estudiantes de Fonoaudiolog\u00eda UDD participaron en cirug\u00eda cerebral en vigilia realizada en Cl\u00ednica Alemana"}]},{"@type":"WebSite","@id":"https:\/\/medicina.udd.cl\/fonoaudiologia-santiago\/#website","url":"https:\/\/medicina.udd.cl\/fonoaudiologia-santiago\/","name":"Fonoaudiolog\u00eda","description":"Facultad de Medicina Cl\u00ednica Alemana Universidad del Desarrollo","inLanguage":"es"},{"@type":"Person","@id":"https:\/\/medicina.udd.cl\/fonoaudiologia-santiago\/#\/schema\/person\/ed6f79d59c0f820f128a5bb9801ef1f2","name":"magdalenaestay","image":{"@type":"ImageObject","inLanguage":"es","@id":"https:\/\/medicina.udd.cl\/fonoaudiologia-santiago\/#\/schema\/person\/image\/","url":"https:\/\/secure.gravatar.com\/avatar\/b068ccaa115501438dab22979d0ff56e6306c4f89777269db483369ec65d8dc1?s=96&d=mm&r=g","contentUrl":"https:\/\/secure.gravatar.com\/avatar\/b068ccaa115501438dab22979d0ff56e6306c4f89777269db483369ec65d8dc1?s=96&d=mm&r=g","caption":"magdalenaestay"},"url":"https:\/\/medicina.udd.cl\/fonoaudiologia-santiago\/noticias\/author\/magdalenaestay\/"}]}},"featured_image_url":"https:\/\/medicina.udd.cl\/fonoaudiologia-santiago\/files\/2025\/04\/imagen-de-whatsapp-2025-04-17-a-las-11-17-38_6702c1af-scaled.jpg","_links":{"self":[{"href":"https:\/\/medicina.udd.cl\/fonoaudiologia-santiago\/wp-json\/wp\/v2\/posts\/7191","targetHints":{"allow":["GET"]}}],"collection":[{"href":"https:\/\/medicina.udd.cl\/fonoaudiologia-santiago\/wp-json\/wp\/v2\/posts"}],"about":[{"href":"https:\/\/medicina.udd.cl\/fonoaudiologia-santiago\/wp-json\/wp\/v2\/types\/post"}],"author":[{"embeddable":true,"href":"https:\/\/medicina.udd.cl\/fonoaudiologia-santiago\/wp-json\/wp\/v2\/users\/9192254"}],"replies":[{"embeddable":true,"href":"https:\/\/medicina.udd.cl\/fonoaudiologia-santiago\/wp-json\/wp\/v2\/comments?post=7191"}],"version-history":[{"count":1,"href":"https:\/\/medicina.udd.cl\/fonoaudiologia-santiago\/wp-json\/wp\/v2\/posts\/7191\/revisions"}],"predecessor-version":[{"id":7196,"href":"https:\/\/medicina.udd.cl\/fonoaudiologia-santiago\/wp-json\/wp\/v2\/posts\/7191\/revisions\/7196"}],"wp:featuredmedia":[{"embeddable":true,"href":"https:\/\/medicina.udd.cl\/fonoaudiologia-santiago\/wp-json\/wp\/v2\/media\/7195"}],"wp:attachment":[{"href":"https:\/\/medicina.udd.cl\/fonoaudiologia-santiago\/wp-json\/wp\/v2\/media?parent=7191"}],"wp:term":[{"taxonomy":"category","embeddable":true,"href":"https:\/\/medicina.udd.cl\/fonoaudiologia-santiago\/wp-json\/wp\/v2\/categories?post=7191"},{"taxonomy":"post_tag","embeddable":true,"href":"https:\/\/medicina.udd.cl\/fonoaudiologia-santiago\/wp-json\/wp\/v2\/tags?post=7191"}],"curies":[{"name":"wp","href":"https:\/\/api.w.org\/{rel}","templated":true}]}}