{"id":7222,"date":"2025-06-10T13:30:55","date_gmt":"2025-06-10T17:30:55","guid":{"rendered":"https:\/\/medicina.udd.cl\/fonoaudiologia-santiago\/?p=7222"},"modified":"2025-06-10T13:30:56","modified_gmt":"2025-06-10T17:30:56","slug":"destacada-logopeda-espanola-visita-la-carrera-de-fonoaudiologia-udd-para-conocer-la-formacion-chilena-en-el-area","status":"publish","type":"post","link":"https:\/\/medicina.udd.cl\/fonoaudiologia-santiago\/noticias\/2025\/06\/10\/destacada-logopeda-espanola-visita-la-carrera-de-fonoaudiologia-udd-para-conocer-la-formacion-chilena-en-el-area\/","title":{"rendered":"Destacada logopeda espa\u00f1ola visita la carrera de Fonoaudiolog\u00eda UDD para conocer la formaci\u00f3n chilena en el \u00e1rea"},"content":{"rendered":"\n<figure class=\"wp-block-gallery has-nested-images columns-default is-cropped wp-block-gallery-1 is-layout-flex wp-block-gallery-is-layout-flex\">\n<figure class=\"wp-block-image size-large\"><a href=\"https:\/\/medicina.udd.cl\/fonoaudiologia-santiago\/files\/2025\/06\/img_5716-scaled.jpg\"><img loading=\"lazy\" decoding=\"async\" width=\"1024\" height=\"683\" data-id=\"7233\" src=\"https:\/\/medicina.udd.cl\/fonoaudiologia-santiago\/files\/2025\/06\/img_5716-1024x683.jpg\" alt=\"\" class=\"wp-image-7233\" srcset=\"https:\/\/medicina.udd.cl\/fonoaudiologia-santiago\/files\/2025\/06\/img_5716-1024x683.jpg 1024w, https:\/\/medicina.udd.cl\/fonoaudiologia-santiago\/files\/2025\/06\/img_5716-300x200.jpg 300w, https:\/\/medicina.udd.cl\/fonoaudiologia-santiago\/files\/2025\/06\/img_5716-768x512.jpg 768w, https:\/\/medicina.udd.cl\/fonoaudiologia-santiago\/files\/2025\/06\/img_5716-1536x1024.jpg 1536w, https:\/\/medicina.udd.cl\/fonoaudiologia-santiago\/files\/2025\/06\/img_5716-2048x1365.jpg 2048w\" sizes=\"auto, (max-width: 1024px) 100vw, 1024px\" \/><\/a><\/figure>\n\n\n\n<figure class=\"wp-block-image size-large\"><a href=\"https:\/\/medicina.udd.cl\/fonoaudiologia-santiago\/files\/2025\/06\/fono-visita-espanola-de-salamanca-mercedes-llorente-100-scaled.jpg\"><img loading=\"lazy\" decoding=\"async\" width=\"1024\" height=\"1024\" data-id=\"7227\" src=\"https:\/\/medicina.udd.cl\/fonoaudiologia-santiago\/files\/2025\/06\/fono-visita-espanola-de-salamanca-mercedes-llorente-100-1024x1024.jpg\" alt=\"\" class=\"wp-image-7227\" srcset=\"https:\/\/medicina.udd.cl\/fonoaudiologia-santiago\/files\/2025\/06\/fono-visita-espanola-de-salamanca-mercedes-llorente-100-1024x1024.jpg 1024w, https:\/\/medicina.udd.cl\/fonoaudiologia-santiago\/files\/2025\/06\/fono-visita-espanola-de-salamanca-mercedes-llorente-100-300x300.jpg 300w, https:\/\/medicina.udd.cl\/fonoaudiologia-santiago\/files\/2025\/06\/fono-visita-espanola-de-salamanca-mercedes-llorente-100-150x150.jpg 150w, https:\/\/medicina.udd.cl\/fonoaudiologia-santiago\/files\/2025\/06\/fono-visita-espanola-de-salamanca-mercedes-llorente-100-768x768.jpg 768w, https:\/\/medicina.udd.cl\/fonoaudiologia-santiago\/files\/2025\/06\/fono-visita-espanola-de-salamanca-mercedes-llorente-100-62x62.jpg 62w, https:\/\/medicina.udd.cl\/fonoaudiologia-santiago\/files\/2025\/06\/fono-visita-espanola-de-salamanca-mercedes-llorente-100-1536x1536.jpg 1536w, https:\/\/medicina.udd.cl\/fonoaudiologia-santiago\/files\/2025\/06\/fono-visita-espanola-de-salamanca-mercedes-llorente-100-2048x2048.jpg 2048w, https:\/\/medicina.udd.cl\/fonoaudiologia-santiago\/files\/2025\/06\/fono-visita-espanola-de-salamanca-mercedes-llorente-100-750x750.jpg 750w, https:\/\/medicina.udd.cl\/fonoaudiologia-santiago\/files\/2025\/06\/fono-visita-espanola-de-salamanca-mercedes-llorente-100-500x500.jpg 500w, https:\/\/medicina.udd.cl\/fonoaudiologia-santiago\/files\/2025\/06\/fono-visita-espanola-de-salamanca-mercedes-llorente-100-250x250.jpg 250w, https:\/\/medicina.udd.cl\/fonoaudiologia-santiago\/files\/2025\/06\/fono-visita-espanola-de-salamanca-mercedes-llorente-100-126x126.jpg 126w\" sizes=\"auto, (max-width: 1024px) 100vw, 1024px\" \/><\/a><\/figure>\n\n\n\n<figure class=\"wp-block-image size-large\"><a href=\"https:\/\/medicina.udd.cl\/fonoaudiologia-santiago\/files\/2025\/06\/img_5676-scaled.jpg\"><img loading=\"lazy\" decoding=\"async\" width=\"1024\" height=\"683\" data-id=\"7231\" src=\"https:\/\/medicina.udd.cl\/fonoaudiologia-santiago\/files\/2025\/06\/img_5676-1024x683.jpg\" alt=\"\" class=\"wp-image-7231\" srcset=\"https:\/\/medicina.udd.cl\/fonoaudiologia-santiago\/files\/2025\/06\/img_5676-1024x683.jpg 1024w, https:\/\/medicina.udd.cl\/fonoaudiologia-santiago\/files\/2025\/06\/img_5676-300x200.jpg 300w, https:\/\/medicina.udd.cl\/fonoaudiologia-santiago\/files\/2025\/06\/img_5676-768x512.jpg 768w, https:\/\/medicina.udd.cl\/fonoaudiologia-santiago\/files\/2025\/06\/img_5676-1536x1024.jpg 1536w, https:\/\/medicina.udd.cl\/fonoaudiologia-santiago\/files\/2025\/06\/img_5676-2048x1365.jpg 2048w\" sizes=\"auto, (max-width: 1024px) 100vw, 1024px\" \/><\/a><\/figure>\n<\/figure>\n\n\n\n<p>La carrera de&nbsp;<strong>Fonoaudiolog\u00eda de la Facultad de Medicina Cl\u00ednica Alemana Universidad del Desarrollo (UDD)<\/strong>&nbsp;recibi\u00f3 la visita internacional de la&nbsp;<strong>logopeda y docente de la Universidad Pontificia de Salamanca (Espa\u00f1a), Mercedes Llorente<\/strong>, quien pudo conocer en profundidad el modelo de formaci\u00f3n de los fonoaudi\u00f3logos en Chile, y en particular, el enfoque acad\u00e9mico y cl\u00ednico que ofrece la UDD.<\/p>\n\n\n\n<p>Durante su estad\u00eda, la especialista europea recorri\u00f3 las instalaciones de&nbsp;<strong>RealiTec<\/strong>, centro de simulaci\u00f3n de \u00faltima generaci\u00f3n de la universidad, y visit\u00f3 diversos&nbsp;<strong>campos cl\u00ednicos<\/strong>&nbsp;asociados, como el&nbsp;<strong>Hospital Padre Hurtado<\/strong>&nbsp;y la&nbsp;<strong>Cl\u00ednica Alemana<\/strong>, donde pudo observar c\u00f3mo se integran los conocimientos y habilidades fonoaudiol\u00f3gicas en la atenci\u00f3n de pacientes en distintos contextos.<\/p>\n\n\n\n<p><em>\u201cEsta es una gran Universidad con unas instalaciones de primer nivel. Algunas de las cosas que m\u00e1s me han sorprendido de esta visita es la formaci\u00f3n tan espec\u00edfica que tienen los fonoaudi\u00f3logos chilenos en voz y audici\u00f3n, \u00e1reas que en Espa\u00f1a a\u00fan no est\u00e1n tan desarrolladas, ya que la profesi\u00f3n se enfoca m\u00e1s en el desarrollo del lenguaje infantil\u201d<\/em>, se\u00f1al\u00f3 Mercedes Llorente.<\/p>\n\n\n\n<p>La docente espa\u00f1ola destac\u00f3 tambi\u00e9n la valoraci\u00f3n social y profesional que tiene el rol del fonoaudi\u00f3logo en el sistema chileno de salud:&nbsp;<em>\u201cFue un gusto vivir en primera persona la importancia que tienen los fonoaudi\u00f3logos en Chile y la relevancia que se les otorga por parte de la poblaci\u00f3n\u201d<\/em>.<\/p>\n\n\n\n<p>En su visita, Llorente expres\u00f3 su inter\u00e9s en&nbsp;<strong>fortalecer v\u00ednculos acad\u00e9micos<\/strong>&nbsp;entre la&nbsp;<strong>Universidad Pontificia de Salamanca y la UDD<\/strong>, con el fin de desarrollar&nbsp;<strong>proyectos conjuntos y colaboraciones internacionales<\/strong>&nbsp;que beneficien tanto a los profesionales como a los pacientes, en Espa\u00f1a y Chile.<\/p>\n\n\n\n<p>Esta visita reafirma el compromiso de la carrera de Fonoaudiolog\u00eda UDD con la\u00a0<strong>internacionalizaci\u00f3n<\/strong>, la excelencia acad\u00e9mica y el desarrollo de redes que potencien el crecimiento de sus estudiantes y docentes en un entorno global.<\/p>\n\n\n\n<figure class=\"wp-block-gallery has-nested-images columns-default is-cropped wp-block-gallery-2 is-layout-flex wp-block-gallery-is-layout-flex\">\n<figure class=\"wp-block-image size-large\"><a href=\"https:\/\/medicina.udd.cl\/fonoaudiologia-santiago\/files\/2025\/06\/fono-visita-espanola-de-salamanca-mercedes-llorente-4.jpg\"><img loading=\"lazy\" decoding=\"async\" width=\"768\" height=\"1024\" data-id=\"7223\" src=\"https:\/\/medicina.udd.cl\/fonoaudiologia-santiago\/files\/2025\/06\/fono-visita-espanola-de-salamanca-mercedes-llorente-4-768x1024.jpg\" alt=\"\" class=\"wp-image-7223\" srcset=\"https:\/\/medicina.udd.cl\/fonoaudiologia-santiago\/files\/2025\/06\/fono-visita-espanola-de-salamanca-mercedes-llorente-4-768x1024.jpg 768w, https:\/\/medicina.udd.cl\/fonoaudiologia-santiago\/files\/2025\/06\/fono-visita-espanola-de-salamanca-mercedes-llorente-4-225x300.jpg 225w, https:\/\/medicina.udd.cl\/fonoaudiologia-santiago\/files\/2025\/06\/fono-visita-espanola-de-salamanca-mercedes-llorente-4-1152x1536.jpg 1152w, https:\/\/medicina.udd.cl\/fonoaudiologia-santiago\/files\/2025\/06\/fono-visita-espanola-de-salamanca-mercedes-llorente-4.jpg 1536w\" sizes=\"auto, (max-width: 768px) 100vw, 768px\" \/><\/a><\/figure>\n\n\n\n<figure class=\"wp-block-image size-large\"><a href=\"https:\/\/medicina.udd.cl\/fonoaudiologia-santiago\/files\/2025\/06\/img_5675-scaled.jpg\"><img loading=\"lazy\" decoding=\"async\" width=\"1024\" height=\"683\" data-id=\"7230\" src=\"https:\/\/medicina.udd.cl\/fonoaudiologia-santiago\/files\/2025\/06\/img_5675-1024x683.jpg\" alt=\"\" class=\"wp-image-7230\" srcset=\"https:\/\/medicina.udd.cl\/fonoaudiologia-santiago\/files\/2025\/06\/img_5675-1024x683.jpg 1024w, https:\/\/medicina.udd.cl\/fonoaudiologia-santiago\/files\/2025\/06\/img_5675-300x200.jpg 300w, https:\/\/medicina.udd.cl\/fonoaudiologia-santiago\/files\/2025\/06\/img_5675-768x512.jpg 768w, https:\/\/medicina.udd.cl\/fonoaudiologia-santiago\/files\/2025\/06\/img_5675-1536x1024.jpg 1536w, https:\/\/medicina.udd.cl\/fonoaudiologia-santiago\/files\/2025\/06\/img_5675-2048x1365.jpg 2048w\" sizes=\"auto, (max-width: 1024px) 100vw, 1024px\" \/><\/a><\/figure>\n\n\n\n<figure class=\"wp-block-image size-large\"><a href=\"https:\/\/medicina.udd.cl\/fonoaudiologia-santiago\/files\/2025\/06\/img_5679-scaled.jpg\"><img loading=\"lazy\" decoding=\"async\" width=\"1024\" height=\"683\" data-id=\"7232\" src=\"https:\/\/medicina.udd.cl\/fonoaudiologia-santiago\/files\/2025\/06\/img_5679-1024x683.jpg\" alt=\"\" class=\"wp-image-7232\" srcset=\"https:\/\/medicina.udd.cl\/fonoaudiologia-santiago\/files\/2025\/06\/img_5679-1024x683.jpg 1024w, https:\/\/medicina.udd.cl\/fonoaudiologia-santiago\/files\/2025\/06\/img_5679-300x200.jpg 300w, https:\/\/medicina.udd.cl\/fonoaudiologia-santiago\/files\/2025\/06\/img_5679-768x512.jpg 768w, https:\/\/medicina.udd.cl\/fonoaudiologia-santiago\/files\/2025\/06\/img_5679-1536x1024.jpg 1536w, https:\/\/medicina.udd.cl\/fonoaudiologia-santiago\/files\/2025\/06\/img_5679-2048x1365.jpg 2048w\" sizes=\"auto, (max-width: 1024px) 100vw, 1024px\" \/><\/a><\/figure>\n\n\n\n<figure class=\"wp-block-image size-large\"><a href=\"https:\/\/medicina.udd.cl\/fonoaudiologia-santiago\/files\/2025\/06\/fono-visita-espanola-de-salamanca-mercedes-llorente-9-scaled.jpg\"><img loading=\"lazy\" decoding=\"async\" width=\"1024\" height=\"768\" data-id=\"7226\" src=\"https:\/\/medicina.udd.cl\/fonoaudiologia-santiago\/files\/2025\/06\/fono-visita-espanola-de-salamanca-mercedes-llorente-9-1024x768.jpg\" alt=\"\" class=\"wp-image-7226\" srcset=\"https:\/\/medicina.udd.cl\/fonoaudiologia-santiago\/files\/2025\/06\/fono-visita-espanola-de-salamanca-mercedes-llorente-9-1024x768.jpg 1024w, https:\/\/medicina.udd.cl\/fonoaudiologia-santiago\/files\/2025\/06\/fono-visita-espanola-de-salamanca-mercedes-llorente-9-300x225.jpg 300w, https:\/\/medicina.udd.cl\/fonoaudiologia-santiago\/files\/2025\/06\/fono-visita-espanola-de-salamanca-mercedes-llorente-9-768x576.jpg 768w, https:\/\/medicina.udd.cl\/fonoaudiologia-santiago\/files\/2025\/06\/fono-visita-espanola-de-salamanca-mercedes-llorente-9-1536x1152.jpg 1536w, https:\/\/medicina.udd.cl\/fonoaudiologia-santiago\/files\/2025\/06\/fono-visita-espanola-de-salamanca-mercedes-llorente-9-2048x1536.jpg 2048w\" sizes=\"auto, (max-width: 1024px) 100vw, 1024px\" \/><\/a><\/figure>\n\n\n\n<figure class=\"wp-block-image size-large\"><a href=\"https:\/\/medicina.udd.cl\/fonoaudiologia-santiago\/files\/2025\/06\/fono-visita-espanola-de-salamanca-mercedes-llorente-7-scaled.jpg\"><img loading=\"lazy\" decoding=\"async\" width=\"768\" height=\"1024\" data-id=\"7225\" src=\"https:\/\/medicina.udd.cl\/fonoaudiologia-santiago\/files\/2025\/06\/fono-visita-espanola-de-salamanca-mercedes-llorente-7-768x1024.jpg\" alt=\"\" class=\"wp-image-7225\" srcset=\"https:\/\/medicina.udd.cl\/fonoaudiologia-santiago\/files\/2025\/06\/fono-visita-espanola-de-salamanca-mercedes-llorente-7-768x1024.jpg 768w, https:\/\/medicina.udd.cl\/fonoaudiologia-santiago\/files\/2025\/06\/fono-visita-espanola-de-salamanca-mercedes-llorente-7-225x300.jpg 225w, https:\/\/medicina.udd.cl\/fonoaudiologia-santiago\/files\/2025\/06\/fono-visita-espanola-de-salamanca-mercedes-llorente-7-1152x1536.jpg 1152w, https:\/\/medicina.udd.cl\/fonoaudiologia-santiago\/files\/2025\/06\/fono-visita-espanola-de-salamanca-mercedes-llorente-7-1536x2048.jpg 1536w, https:\/\/medicina.udd.cl\/fonoaudiologia-santiago\/files\/2025\/06\/fono-visita-espanola-de-salamanca-mercedes-llorente-7-scaled.jpg 1920w\" sizes=\"auto, (max-width: 768px) 100vw, 768px\" \/><\/a><\/figure>\n\n\n\n<figure class=\"wp-block-image size-large\"><a href=\"https:\/\/medicina.udd.cl\/fonoaudiologia-santiago\/files\/2025\/06\/fono-visita-espanola-de-salamanca-mercedes-llorente-6-scaled.jpg\"><img loading=\"lazy\" decoding=\"async\" width=\"768\" height=\"1024\" data-id=\"7224\" src=\"https:\/\/medicina.udd.cl\/fonoaudiologia-santiago\/files\/2025\/06\/fono-visita-espanola-de-salamanca-mercedes-llorente-6-768x1024.jpg\" alt=\"\" class=\"wp-image-7224\" srcset=\"https:\/\/medicina.udd.cl\/fonoaudiologia-santiago\/files\/2025\/06\/fono-visita-espanola-de-salamanca-mercedes-llorente-6-768x1024.jpg 768w, https:\/\/medicina.udd.cl\/fonoaudiologia-santiago\/files\/2025\/06\/fono-visita-espanola-de-salamanca-mercedes-llorente-6-225x300.jpg 225w, https:\/\/medicina.udd.cl\/fonoaudiologia-santiago\/files\/2025\/06\/fono-visita-espanola-de-salamanca-mercedes-llorente-6-1152x1536.jpg 1152w, https:\/\/medicina.udd.cl\/fonoaudiologia-santiago\/files\/2025\/06\/fono-visita-espanola-de-salamanca-mercedes-llorente-6-1536x2048.jpg 1536w, https:\/\/medicina.udd.cl\/fonoaudiologia-santiago\/files\/2025\/06\/fono-visita-espanola-de-salamanca-mercedes-llorente-6-scaled.jpg 1920w\" sizes=\"auto, (max-width: 768px) 100vw, 768px\" \/><\/a><\/figure>\n\n\n\n<figure class=\"wp-block-image size-large\"><a href=\"https:\/\/medicina.udd.cl\/fonoaudiologia-santiago\/files\/2025\/06\/img_5670-scaled.jpg\"><img loading=\"lazy\" decoding=\"async\" width=\"1024\" height=\"683\" data-id=\"7228\" src=\"https:\/\/medicina.udd.cl\/fonoaudiologia-santiago\/files\/2025\/06\/img_5670-1024x683.jpg\" alt=\"\" class=\"wp-image-7228\" srcset=\"https:\/\/medicina.udd.cl\/fonoaudiologia-santiago\/files\/2025\/06\/img_5670-1024x683.jpg 1024w, https:\/\/medicina.udd.cl\/fonoaudiologia-santiago\/files\/2025\/06\/img_5670-300x200.jpg 300w, https:\/\/medicina.udd.cl\/fonoaudiologia-santiago\/files\/2025\/06\/img_5670-768x512.jpg 768w, https:\/\/medicina.udd.cl\/fonoaudiologia-santiago\/files\/2025\/06\/img_5670-1536x1024.jpg 1536w, https:\/\/medicina.udd.cl\/fonoaudiologia-santiago\/files\/2025\/06\/img_5670-2048x1365.jpg 2048w\" sizes=\"auto, (max-width: 1024px) 100vw, 1024px\" \/><\/a><\/figure>\n<\/figure>\n","protected":false},"excerpt":{"rendered":"<p>La carrera de&nbsp;Fonoaudiolog\u00eda de la Facultad de Medicina Cl\u00ednica Alemana Universidad del Desarrollo (UDD)&nbsp;recibi\u00f3 la visita internacional de la&nbsp;logopeda y docente de la Universidad Pontificia de Salamanca (Espa\u00f1a), Mercedes Llorente, quien pudo conocer en profundidad el modelo de formaci\u00f3n de los fonoaudi\u00f3logos en Chile, y en particular, el enfoque acad\u00e9mico y cl\u00ednico que ofrece la [&hellip;]<\/p>\n","protected":false},"author":9192219,"featured_media":7231,"comment_status":"closed","ping_status":"open","sticky":false,"template":"","format":"standard","meta":{"footnotes":""},"categories":[4],"tags":[],"class_list":["post-7222","post","type-post","status-publish","format-standard","has-post-thumbnail","hentry","category-noticias"],"yoast_head":"<!-- This site is optimized with the Yoast SEO plugin v26.9 - https:\/\/yoast.com\/product\/yoast-seo-wordpress\/ -->\n<title>Destacada logopeda espa\u00f1ola visita la carrera de Fonoaudiolog\u00eda UDD para conocer la formaci\u00f3n chilena en el \u00e1rea - Fonoaudiolog\u00eda<\/title>\n<meta name=\"robots\" content=\"index, follow, max-snippet:-1, max-image-preview:large, max-video-preview:-1\" \/>\n<link rel=\"canonical\" href=\"https:\/\/medicina.udd.cl\/fonoaudiologia-santiago\/noticias\/2025\/06\/10\/destacada-logopeda-espanola-visita-la-carrera-de-fonoaudiologia-udd-para-conocer-la-formacion-chilena-en-el-area\/\" \/>\n<meta property=\"og:locale\" content=\"es_ES\" \/>\n<meta property=\"og:type\" content=\"article\" \/>\n<meta property=\"og:title\" content=\"Destacada logopeda espa\u00f1ola visita la carrera de Fonoaudiolog\u00eda UDD para conocer la formaci\u00f3n chilena en el \u00e1rea - Fonoaudiolog\u00eda\" \/>\n<meta property=\"og:description\" content=\"La carrera de&nbsp;Fonoaudiolog\u00eda de la Facultad de Medicina Cl\u00ednica Alemana Universidad del Desarrollo (UDD)&nbsp;recibi\u00f3 la visita internacional de la&nbsp;logopeda y docente de la Universidad Pontificia de Salamanca (Espa\u00f1a), Mercedes Llorente, quien pudo conocer en profundidad el modelo de formaci\u00f3n de los fonoaudi\u00f3logos en Chile, y en particular, el enfoque acad\u00e9mico y cl\u00ednico que ofrece la [&hellip;]\" \/>\n<meta property=\"og:url\" content=\"https:\/\/medicina.udd.cl\/fonoaudiologia-santiago\/noticias\/2025\/06\/10\/destacada-logopeda-espanola-visita-la-carrera-de-fonoaudiologia-udd-para-conocer-la-formacion-chilena-en-el-area\/\" \/>\n<meta property=\"og:site_name\" content=\"Fonoaudiolog\u00eda\" \/>\n<meta property=\"article:published_time\" content=\"2025-06-10T17:30:55+00:00\" \/>\n<meta property=\"article:modified_time\" content=\"2025-06-10T17:30:56+00:00\" \/>\n<meta property=\"og:image\" content=\"https:\/\/medicina.udd.cl\/fonoaudiologia-santiago\/files\/2025\/06\/img_5676-scaled.jpg\" \/>\n\t<meta property=\"og:image:width\" content=\"2560\" \/>\n\t<meta property=\"og:image:height\" content=\"1707\" \/>\n\t<meta property=\"og:image:type\" content=\"image\/jpeg\" \/>\n<meta name=\"author\" content=\"rbraidy\" \/>\n<meta name=\"twitter:label1\" content=\"Escrito por\" \/>\n\t<meta name=\"twitter:data1\" content=\"rbraidy\" \/>\n\t<meta name=\"twitter:label2\" content=\"Tiempo de lectura\" \/>\n\t<meta name=\"twitter:data2\" content=\"4 minutos\" \/>\n<script type=\"application\/ld+json\" class=\"yoast-schema-graph\">{\"@context\":\"https:\/\/schema.org\",\"@graph\":[{\"@type\":\"Article\",\"@id\":\"https:\/\/medicina.udd.cl\/fonoaudiologia-santiago\/noticias\/2025\/06\/10\/destacada-logopeda-espanola-visita-la-carrera-de-fonoaudiologia-udd-para-conocer-la-formacion-chilena-en-el-area\/#article\",\"isPartOf\":{\"@id\":\"https:\/\/medicina.udd.cl\/fonoaudiologia-santiago\/noticias\/2025\/06\/10\/destacada-logopeda-espanola-visita-la-carrera-de-fonoaudiologia-udd-para-conocer-la-formacion-chilena-en-el-area\/\"},\"author\":{\"name\":\"rbraidy\",\"@id\":\"https:\/\/medicina.udd.cl\/fonoaudiologia-santiago\/#\/schema\/person\/dbc3705bf3a93e8be1ba6de0ef950341\"},\"headline\":\"Destacada logopeda espa\u00f1ola visita la carrera de Fonoaudiolog\u00eda UDD para conocer la formaci\u00f3n chilena en el \u00e1rea\",\"datePublished\":\"2025-06-10T17:30:55+00:00\",\"dateModified\":\"2025-06-10T17:30:56+00:00\",\"mainEntityOfPage\":{\"@id\":\"https:\/\/medicina.udd.cl\/fonoaudiologia-santiago\/noticias\/2025\/06\/10\/destacada-logopeda-espanola-visita-la-carrera-de-fonoaudiologia-udd-para-conocer-la-formacion-chilena-en-el-area\/\"},\"wordCount\":377,\"image\":{\"@id\":\"https:\/\/medicina.udd.cl\/fonoaudiologia-santiago\/noticias\/2025\/06\/10\/destacada-logopeda-espanola-visita-la-carrera-de-fonoaudiologia-udd-para-conocer-la-formacion-chilena-en-el-area\/#primaryimage\"},\"thumbnailUrl\":\"https:\/\/medicina.udd.cl\/fonoaudiologia-santiago\/files\/2025\/06\/img_5676-scaled.jpg\",\"articleSection\":[\"Noticias\"],\"inLanguage\":\"es\"},{\"@type\":\"WebPage\",\"@id\":\"https:\/\/medicina.udd.cl\/fonoaudiologia-santiago\/noticias\/2025\/06\/10\/destacada-logopeda-espanola-visita-la-carrera-de-fonoaudiologia-udd-para-conocer-la-formacion-chilena-en-el-area\/\",\"url\":\"https:\/\/medicina.udd.cl\/fonoaudiologia-santiago\/noticias\/2025\/06\/10\/destacada-logopeda-espanola-visita-la-carrera-de-fonoaudiologia-udd-para-conocer-la-formacion-chilena-en-el-area\/\",\"name\":\"Destacada logopeda espa\u00f1ola visita la carrera de Fonoaudiolog\u00eda UDD para conocer la formaci\u00f3n chilena en el \u00e1rea - Fonoaudiolog\u00eda\",\"isPartOf\":{\"@id\":\"https:\/\/medicina.udd.cl\/fonoaudiologia-santiago\/#website\"},\"primaryImageOfPage\":{\"@id\":\"https:\/\/medicina.udd.cl\/fonoaudiologia-santiago\/noticias\/2025\/06\/10\/destacada-logopeda-espanola-visita-la-carrera-de-fonoaudiologia-udd-para-conocer-la-formacion-chilena-en-el-area\/#primaryimage\"},\"image\":{\"@id\":\"https:\/\/medicina.udd.cl\/fonoaudiologia-santiago\/noticias\/2025\/06\/10\/destacada-logopeda-espanola-visita-la-carrera-de-fonoaudiologia-udd-para-conocer-la-formacion-chilena-en-el-area\/#primaryimage\"},\"thumbnailUrl\":\"https:\/\/medicina.udd.cl\/fonoaudiologia-santiago\/files\/2025\/06\/img_5676-scaled.jpg\",\"datePublished\":\"2025-06-10T17:30:55+00:00\",\"dateModified\":\"2025-06-10T17:30:56+00:00\",\"author\":{\"@id\":\"https:\/\/medicina.udd.cl\/fonoaudiologia-santiago\/#\/schema\/person\/dbc3705bf3a93e8be1ba6de0ef950341\"},\"breadcrumb\":{\"@id\":\"https:\/\/medicina.udd.cl\/fonoaudiologia-santiago\/noticias\/2025\/06\/10\/destacada-logopeda-espanola-visita-la-carrera-de-fonoaudiologia-udd-para-conocer-la-formacion-chilena-en-el-area\/#breadcrumb\"},\"inLanguage\":\"es\",\"potentialAction\":[{\"@type\":\"ReadAction\",\"target\":[\"https:\/\/medicina.udd.cl\/fonoaudiologia-santiago\/noticias\/2025\/06\/10\/destacada-logopeda-espanola-visita-la-carrera-de-fonoaudiologia-udd-para-conocer-la-formacion-chilena-en-el-area\/\"]}]},{\"@type\":\"ImageObject\",\"inLanguage\":\"es\",\"@id\":\"https:\/\/medicina.udd.cl\/fonoaudiologia-santiago\/noticias\/2025\/06\/10\/destacada-logopeda-espanola-visita-la-carrera-de-fonoaudiologia-udd-para-conocer-la-formacion-chilena-en-el-area\/#primaryimage\",\"url\":\"https:\/\/medicina.udd.cl\/fonoaudiologia-santiago\/files\/2025\/06\/img_5676-scaled.jpg\",\"contentUrl\":\"https:\/\/medicina.udd.cl\/fonoaudiologia-santiago\/files\/2025\/06\/img_5676-scaled.jpg\",\"width\":2560,\"height\":1707},{\"@type\":\"BreadcrumbList\",\"@id\":\"https:\/\/medicina.udd.cl\/fonoaudiologia-santiago\/noticias\/2025\/06\/10\/destacada-logopeda-espanola-visita-la-carrera-de-fonoaudiologia-udd-para-conocer-la-formacion-chilena-en-el-area\/#breadcrumb\",\"itemListElement\":[{\"@type\":\"ListItem\",\"position\":1,\"name\":\"Home\",\"item\":\"https:\/\/medicina.udd.cl\/fonoaudiologia-santiago\/\"},{\"@type\":\"ListItem\",\"position\":2,\"name\":\"Destacada logopeda espa\u00f1ola visita la carrera de Fonoaudiolog\u00eda UDD para conocer la formaci\u00f3n chilena en el \u00e1rea\"}]},{\"@type\":\"WebSite\",\"@id\":\"https:\/\/medicina.udd.cl\/fonoaudiologia-santiago\/#website\",\"url\":\"https:\/\/medicina.udd.cl\/fonoaudiologia-santiago\/\",\"name\":\"Fonoaudiolog\u00eda\",\"description\":\"Facultad de Medicina Cl\u00ednica Alemana Universidad del Desarrollo\",\"inLanguage\":\"es\"},{\"@type\":\"Person\",\"@id\":\"https:\/\/medicina.udd.cl\/fonoaudiologia-santiago\/#\/schema\/person\/dbc3705bf3a93e8be1ba6de0ef950341\",\"name\":\"rbraidy\",\"image\":{\"@type\":\"ImageObject\",\"inLanguage\":\"es\",\"@id\":\"https:\/\/medicina.udd.cl\/fonoaudiologia-santiago\/#\/schema\/person\/image\/\",\"url\":\"https:\/\/secure.gravatar.com\/avatar\/0f8bc94637401590e45d2ce17eb65c274cb8870a219de6177f3f23e63fd8cdf3?s=96&d=mm&r=g\",\"contentUrl\":\"https:\/\/secure.gravatar.com\/avatar\/0f8bc94637401590e45d2ce17eb65c274cb8870a219de6177f3f23e63fd8cdf3?s=96&d=mm&r=g\",\"caption\":\"rbraidy\"},\"url\":\"https:\/\/medicina.udd.cl\/fonoaudiologia-santiago\/noticias\/author\/rbraidy\/\"}]}<\/script>\n<!-- \/ Yoast SEO plugin. -->","yoast_head_json":{"title":"Destacada logopeda espa\u00f1ola visita la carrera de Fonoaudiolog\u00eda UDD para conocer la formaci\u00f3n chilena en el \u00e1rea - Fonoaudiolog\u00eda","robots":{"index":"index","follow":"follow","max-snippet":"max-snippet:-1","max-image-preview":"max-image-preview:large","max-video-preview":"max-video-preview:-1"},"canonical":"https:\/\/medicina.udd.cl\/fonoaudiologia-santiago\/noticias\/2025\/06\/10\/destacada-logopeda-espanola-visita-la-carrera-de-fonoaudiologia-udd-para-conocer-la-formacion-chilena-en-el-area\/","og_locale":"es_ES","og_type":"article","og_title":"Destacada logopeda espa\u00f1ola visita la carrera de Fonoaudiolog\u00eda UDD para conocer la formaci\u00f3n chilena en el \u00e1rea - Fonoaudiolog\u00eda","og_description":"La carrera de&nbsp;Fonoaudiolog\u00eda de la Facultad de Medicina Cl\u00ednica Alemana Universidad del Desarrollo (UDD)&nbsp;recibi\u00f3 la visita internacional de la&nbsp;logopeda y docente de la Universidad Pontificia de Salamanca (Espa\u00f1a), Mercedes Llorente, quien pudo conocer en profundidad el modelo de formaci\u00f3n de los fonoaudi\u00f3logos en Chile, y en particular, el enfoque acad\u00e9mico y cl\u00ednico que ofrece la [&hellip;]","og_url":"https:\/\/medicina.udd.cl\/fonoaudiologia-santiago\/noticias\/2025\/06\/10\/destacada-logopeda-espanola-visita-la-carrera-de-fonoaudiologia-udd-para-conocer-la-formacion-chilena-en-el-area\/","og_site_name":"Fonoaudiolog\u00eda","article_published_time":"2025-06-10T17:30:55+00:00","article_modified_time":"2025-06-10T17:30:56+00:00","og_image":[{"width":2560,"height":1707,"url":"https:\/\/medicina.udd.cl\/fonoaudiologia-santiago\/files\/2025\/06\/img_5676-scaled.jpg","type":"image\/jpeg"}],"author":"rbraidy","twitter_misc":{"Escrito por":"rbraidy","Tiempo de lectura":"4 minutos"},"schema":{"@context":"https:\/\/schema.org","@graph":[{"@type":"Article","@id":"https:\/\/medicina.udd.cl\/fonoaudiologia-santiago\/noticias\/2025\/06\/10\/destacada-logopeda-espanola-visita-la-carrera-de-fonoaudiologia-udd-para-conocer-la-formacion-chilena-en-el-area\/#article","isPartOf":{"@id":"https:\/\/medicina.udd.cl\/fonoaudiologia-santiago\/noticias\/2025\/06\/10\/destacada-logopeda-espanola-visita-la-carrera-de-fonoaudiologia-udd-para-conocer-la-formacion-chilena-en-el-area\/"},"author":{"name":"rbraidy","@id":"https:\/\/medicina.udd.cl\/fonoaudiologia-santiago\/#\/schema\/person\/dbc3705bf3a93e8be1ba6de0ef950341"},"headline":"Destacada logopeda espa\u00f1ola visita la carrera de Fonoaudiolog\u00eda UDD para conocer la formaci\u00f3n chilena en el \u00e1rea","datePublished":"2025-06-10T17:30:55+00:00","dateModified":"2025-06-10T17:30:56+00:00","mainEntityOfPage":{"@id":"https:\/\/medicina.udd.cl\/fonoaudiologia-santiago\/noticias\/2025\/06\/10\/destacada-logopeda-espanola-visita-la-carrera-de-fonoaudiologia-udd-para-conocer-la-formacion-chilena-en-el-area\/"},"wordCount":377,"image":{"@id":"https:\/\/medicina.udd.cl\/fonoaudiologia-santiago\/noticias\/2025\/06\/10\/destacada-logopeda-espanola-visita-la-carrera-de-fonoaudiologia-udd-para-conocer-la-formacion-chilena-en-el-area\/#primaryimage"},"thumbnailUrl":"https:\/\/medicina.udd.cl\/fonoaudiologia-santiago\/files\/2025\/06\/img_5676-scaled.jpg","articleSection":["Noticias"],"inLanguage":"es"},{"@type":"WebPage","@id":"https:\/\/medicina.udd.cl\/fonoaudiologia-santiago\/noticias\/2025\/06\/10\/destacada-logopeda-espanola-visita-la-carrera-de-fonoaudiologia-udd-para-conocer-la-formacion-chilena-en-el-area\/","url":"https:\/\/medicina.udd.cl\/fonoaudiologia-santiago\/noticias\/2025\/06\/10\/destacada-logopeda-espanola-visita-la-carrera-de-fonoaudiologia-udd-para-conocer-la-formacion-chilena-en-el-area\/","name":"Destacada logopeda espa\u00f1ola visita la carrera de Fonoaudiolog\u00eda UDD para conocer la formaci\u00f3n chilena en el \u00e1rea - Fonoaudiolog\u00eda","isPartOf":{"@id":"https:\/\/medicina.udd.cl\/fonoaudiologia-santiago\/#website"},"primaryImageOfPage":{"@id":"https:\/\/medicina.udd.cl\/fonoaudiologia-santiago\/noticias\/2025\/06\/10\/destacada-logopeda-espanola-visita-la-carrera-de-fonoaudiologia-udd-para-conocer-la-formacion-chilena-en-el-area\/#primaryimage"},"image":{"@id":"https:\/\/medicina.udd.cl\/fonoaudiologia-santiago\/noticias\/2025\/06\/10\/destacada-logopeda-espanola-visita-la-carrera-de-fonoaudiologia-udd-para-conocer-la-formacion-chilena-en-el-area\/#primaryimage"},"thumbnailUrl":"https:\/\/medicina.udd.cl\/fonoaudiologia-santiago\/files\/2025\/06\/img_5676-scaled.jpg","datePublished":"2025-06-10T17:30:55+00:00","dateModified":"2025-06-10T17:30:56+00:00","author":{"@id":"https:\/\/medicina.udd.cl\/fonoaudiologia-santiago\/#\/schema\/person\/dbc3705bf3a93e8be1ba6de0ef950341"},"breadcrumb":{"@id":"https:\/\/medicina.udd.cl\/fonoaudiologia-santiago\/noticias\/2025\/06\/10\/destacada-logopeda-espanola-visita-la-carrera-de-fonoaudiologia-udd-para-conocer-la-formacion-chilena-en-el-area\/#breadcrumb"},"inLanguage":"es","potentialAction":[{"@type":"ReadAction","target":["https:\/\/medicina.udd.cl\/fonoaudiologia-santiago\/noticias\/2025\/06\/10\/destacada-logopeda-espanola-visita-la-carrera-de-fonoaudiologia-udd-para-conocer-la-formacion-chilena-en-el-area\/"]}]},{"@type":"ImageObject","inLanguage":"es","@id":"https:\/\/medicina.udd.cl\/fonoaudiologia-santiago\/noticias\/2025\/06\/10\/destacada-logopeda-espanola-visita-la-carrera-de-fonoaudiologia-udd-para-conocer-la-formacion-chilena-en-el-area\/#primaryimage","url":"https:\/\/medicina.udd.cl\/fonoaudiologia-santiago\/files\/2025\/06\/img_5676-scaled.jpg","contentUrl":"https:\/\/medicina.udd.cl\/fonoaudiologia-santiago\/files\/2025\/06\/img_5676-scaled.jpg","width":2560,"height":1707},{"@type":"BreadcrumbList","@id":"https:\/\/medicina.udd.cl\/fonoaudiologia-santiago\/noticias\/2025\/06\/10\/destacada-logopeda-espanola-visita-la-carrera-de-fonoaudiologia-udd-para-conocer-la-formacion-chilena-en-el-area\/#breadcrumb","itemListElement":[{"@type":"ListItem","position":1,"name":"Home","item":"https:\/\/medicina.udd.cl\/fonoaudiologia-santiago\/"},{"@type":"ListItem","position":2,"name":"Destacada logopeda espa\u00f1ola visita la carrera de Fonoaudiolog\u00eda UDD para conocer la formaci\u00f3n chilena en el \u00e1rea"}]},{"@type":"WebSite","@id":"https:\/\/medicina.udd.cl\/fonoaudiologia-santiago\/#website","url":"https:\/\/medicina.udd.cl\/fonoaudiologia-santiago\/","name":"Fonoaudiolog\u00eda","description":"Facultad de Medicina Cl\u00ednica Alemana Universidad del Desarrollo","inLanguage":"es"},{"@type":"Person","@id":"https:\/\/medicina.udd.cl\/fonoaudiologia-santiago\/#\/schema\/person\/dbc3705bf3a93e8be1ba6de0ef950341","name":"rbraidy","image":{"@type":"ImageObject","inLanguage":"es","@id":"https:\/\/medicina.udd.cl\/fonoaudiologia-santiago\/#\/schema\/person\/image\/","url":"https:\/\/secure.gravatar.com\/avatar\/0f8bc94637401590e45d2ce17eb65c274cb8870a219de6177f3f23e63fd8cdf3?s=96&d=mm&r=g","contentUrl":"https:\/\/secure.gravatar.com\/avatar\/0f8bc94637401590e45d2ce17eb65c274cb8870a219de6177f3f23e63fd8cdf3?s=96&d=mm&r=g","caption":"rbraidy"},"url":"https:\/\/medicina.udd.cl\/fonoaudiologia-santiago\/noticias\/author\/rbraidy\/"}]}},"featured_image_url":"https:\/\/medicina.udd.cl\/fonoaudiologia-santiago\/files\/2025\/06\/img_5676-scaled.jpg","_links":{"self":[{"href":"https:\/\/medicina.udd.cl\/fonoaudiologia-santiago\/wp-json\/wp\/v2\/posts\/7222","targetHints":{"allow":["GET"]}}],"collection":[{"href":"https:\/\/medicina.udd.cl\/fonoaudiologia-santiago\/wp-json\/wp\/v2\/posts"}],"about":[{"href":"https:\/\/medicina.udd.cl\/fonoaudiologia-santiago\/wp-json\/wp\/v2\/types\/post"}],"author":[{"embeddable":true,"href":"https:\/\/medicina.udd.cl\/fonoaudiologia-santiago\/wp-json\/wp\/v2\/users\/9192219"}],"replies":[{"embeddable":true,"href":"https:\/\/medicina.udd.cl\/fonoaudiologia-santiago\/wp-json\/wp\/v2\/comments?post=7222"}],"version-history":[{"count":1,"href":"https:\/\/medicina.udd.cl\/fonoaudiologia-santiago\/wp-json\/wp\/v2\/posts\/7222\/revisions"}],"predecessor-version":[{"id":7234,"href":"https:\/\/medicina.udd.cl\/fonoaudiologia-santiago\/wp-json\/wp\/v2\/posts\/7222\/revisions\/7234"}],"wp:featuredmedia":[{"embeddable":true,"href":"https:\/\/medicina.udd.cl\/fonoaudiologia-santiago\/wp-json\/wp\/v2\/media\/7231"}],"wp:attachment":[{"href":"https:\/\/medicina.udd.cl\/fonoaudiologia-santiago\/wp-json\/wp\/v2\/media?parent=7222"}],"wp:term":[{"taxonomy":"category","embeddable":true,"href":"https:\/\/medicina.udd.cl\/fonoaudiologia-santiago\/wp-json\/wp\/v2\/categories?post=7222"},{"taxonomy":"post_tag","embeddable":true,"href":"https:\/\/medicina.udd.cl\/fonoaudiologia-santiago\/wp-json\/wp\/v2\/tags?post=7222"}],"curies":[{"name":"wp","href":"https:\/\/api.w.org\/{rel}","templated":true}]}}