{"id":7259,"date":"2025-06-27T17:43:00","date_gmt":"2025-06-27T21:43:00","guid":{"rendered":"https:\/\/medicina.udd.cl\/fonoaudiologia-santiago\/?p=7259"},"modified":"2025-07-09T17:47:32","modified_gmt":"2025-07-09T21:47:32","slug":"fonoaudiologia-udd-realiza-taller-para-cuidadores-de-usuarios-con-sospecha-o-condicion-de-autismo-en-la-pintana","status":"publish","type":"post","link":"https:\/\/medicina.udd.cl\/fonoaudiologia-santiago\/noticias\/2025\/06\/27\/fonoaudiologia-udd-realiza-taller-para-cuidadores-de-usuarios-con-sospecha-o-condicion-de-autismo-en-la-pintana\/","title":{"rendered":"Fonoaudiolog\u00eda UDD realiza taller para cuidadores de usuarios con sospecha o condici\u00f3n de autismo en La Pintana"},"content":{"rendered":"\n<figure class=\"wp-block-image aligncenter size-large\"><a href=\"https:\/\/medicina.udd.cl\/fonoaudiologia-santiago\/files\/2025\/07\/taller-cesfam.png\"><img loading=\"lazy\" decoding=\"async\" width=\"1024\" height=\"308\" src=\"https:\/\/medicina.udd.cl\/fonoaudiologia-santiago\/files\/2025\/07\/taller-cesfam-1024x308.png\" alt=\"\" class=\"wp-image-7260\" srcset=\"https:\/\/medicina.udd.cl\/fonoaudiologia-santiago\/files\/2025\/07\/taller-cesfam-1024x308.png 1024w, https:\/\/medicina.udd.cl\/fonoaudiologia-santiago\/files\/2025\/07\/taller-cesfam-300x90.png 300w, https:\/\/medicina.udd.cl\/fonoaudiologia-santiago\/files\/2025\/07\/taller-cesfam-768x231.png 768w, https:\/\/medicina.udd.cl\/fonoaudiologia-santiago\/files\/2025\/07\/taller-cesfam.png 1366w\" sizes=\"auto, (max-width: 1024px) 100vw, 1024px\" \/><\/a><\/figure>\n\n\n\n<p>El pasado <strong>16 de junio<\/strong>, la carrera de <strong>Fonoaudiolog\u00eda<\/strong> de la Facultad de Medicina Cl\u00ednica Alemana <strong>Universidad del Desarrollo (UDD)<\/strong> realiz\u00f3 un <strong>taller dirigido a cuidadores de usuarios con sospecha o diagn\u00f3stico de autismo<\/strong>, pertenecientes al <strong>CESFAM El Roble<\/strong>, ubicado en la comuna de <strong>La Pintana<\/strong>.<\/p>\n\n\n\n<p>La actividad, que se desarroll\u00f3 en <strong>formato online<\/strong>, fue liderada por la docente y fonoaudi\u00f3loga <strong>Paulina Fern\u00e1ndez<\/strong>, y tuvo como principal objetivo entregar <strong>estrategias de estimulaci\u00f3n del lenguaje y la comunicaci\u00f3n<\/strong>, fundamentales para el desarrollo de ni\u00f1as y ni\u00f1os con esta condici\u00f3n.<\/p>\n\n\n\n<p>El taller cont\u00f3 con la participaci\u00f3n de <strong>10 madres cuidadoras<\/strong> y del <strong>terapeuta ocupacional Javiera Garrido<\/strong>, profesional del CESFAM El Roble, generando un espacio de aprendizaje colaborativo y pr\u00e1ctico, centrado en el apoyo directo a las familias.<\/p>\n\n\n\n<p>Esta iniciativa refuerza el compromiso de la carrera de Fonoaudiolog\u00eda UDD con el trabajo comunitario, la inclusi\u00f3n y el fortalecimiento de redes de apoyo para mejorar la calidad de vida de las personas con trastorno del espectro autista (TEA) y sus entornos.<\/p>\n","protected":false},"excerpt":{"rendered":"<p>El pasado 16 de junio, la carrera de Fonoaudiolog\u00eda de la Facultad de Medicina Cl\u00ednica Alemana Universidad del Desarrollo (UDD) realiz\u00f3 un taller dirigido a cuidadores de usuarios con sospecha o diagn\u00f3stico de autismo, pertenecientes al CESFAM El Roble, ubicado en la comuna de La Pintana. La actividad, que se desarroll\u00f3 en formato online, fue [&hellip;]<\/p>\n","protected":false},"author":9192219,"featured_media":7261,"comment_status":"closed","ping_status":"open","sticky":false,"template":"","format":"standard","meta":{"footnotes":""},"categories":[4],"tags":[],"class_list":["post-7259","post","type-post","status-publish","format-standard","has-post-thumbnail","hentry","category-noticias"],"yoast_head":"<!-- This site is optimized with the Yoast SEO plugin v26.9 - https:\/\/yoast.com\/product\/yoast-seo-wordpress\/ -->\n<title>Fonoaudiolog\u00eda UDD realiza taller para cuidadores de usuarios con sospecha o condici\u00f3n de autismo en La Pintana - Fonoaudiolog\u00eda<\/title>\n<meta name=\"robots\" content=\"index, follow, max-snippet:-1, max-image-preview:large, max-video-preview:-1\" \/>\n<link rel=\"canonical\" href=\"https:\/\/medicina.udd.cl\/fonoaudiologia-santiago\/noticias\/2025\/06\/27\/fonoaudiologia-udd-realiza-taller-para-cuidadores-de-usuarios-con-sospecha-o-condicion-de-autismo-en-la-pintana\/\" \/>\n<meta property=\"og:locale\" content=\"es_ES\" \/>\n<meta property=\"og:type\" content=\"article\" \/>\n<meta property=\"og:title\" content=\"Fonoaudiolog\u00eda UDD realiza taller para cuidadores de usuarios con sospecha o condici\u00f3n de autismo en La Pintana - Fonoaudiolog\u00eda\" \/>\n<meta property=\"og:description\" content=\"El pasado 16 de junio, la carrera de Fonoaudiolog\u00eda de la Facultad de Medicina Cl\u00ednica Alemana Universidad del Desarrollo (UDD) realiz\u00f3 un taller dirigido a cuidadores de usuarios con sospecha o diagn\u00f3stico de autismo, pertenecientes al CESFAM El Roble, ubicado en la comuna de La Pintana. La actividad, que se desarroll\u00f3 en formato online, fue [&hellip;]\" \/>\n<meta property=\"og:url\" content=\"https:\/\/medicina.udd.cl\/fonoaudiologia-santiago\/noticias\/2025\/06\/27\/fonoaudiologia-udd-realiza-taller-para-cuidadores-de-usuarios-con-sospecha-o-condicion-de-autismo-en-la-pintana\/\" \/>\n<meta property=\"og:site_name\" content=\"Fonoaudiolog\u00eda\" \/>\n<meta property=\"article:published_time\" content=\"2025-06-27T21:43:00+00:00\" \/>\n<meta property=\"article:modified_time\" content=\"2025-07-09T21:47:32+00:00\" \/>\n<meta property=\"og:image\" content=\"https:\/\/medicina.udd.cl\/fonoaudiologia-santiago\/files\/2025\/07\/portada-taller-cesfam-la-pimtana.png\" \/>\n\t<meta property=\"og:image:width\" content=\"338\" \/>\n\t<meta property=\"og:image:height\" content=\"411\" \/>\n\t<meta property=\"og:image:type\" content=\"image\/png\" \/>\n<meta name=\"author\" content=\"rbraidy\" \/>\n<meta name=\"twitter:label1\" content=\"Escrito por\" \/>\n\t<meta name=\"twitter:data1\" content=\"rbraidy\" \/>\n\t<meta name=\"twitter:label2\" content=\"Tiempo de lectura\" \/>\n\t<meta name=\"twitter:data2\" content=\"2 minutos\" \/>\n<script type=\"application\/ld+json\" class=\"yoast-schema-graph\">{\"@context\":\"https:\/\/schema.org\",\"@graph\":[{\"@type\":\"Article\",\"@id\":\"https:\/\/medicina.udd.cl\/fonoaudiologia-santiago\/noticias\/2025\/06\/27\/fonoaudiologia-udd-realiza-taller-para-cuidadores-de-usuarios-con-sospecha-o-condicion-de-autismo-en-la-pintana\/#article\",\"isPartOf\":{\"@id\":\"https:\/\/medicina.udd.cl\/fonoaudiologia-santiago\/noticias\/2025\/06\/27\/fonoaudiologia-udd-realiza-taller-para-cuidadores-de-usuarios-con-sospecha-o-condicion-de-autismo-en-la-pintana\/\"},\"author\":{\"name\":\"rbraidy\",\"@id\":\"https:\/\/medicina.udd.cl\/fonoaudiologia-santiago\/#\/schema\/person\/dbc3705bf3a93e8be1ba6de0ef950341\"},\"headline\":\"Fonoaudiolog\u00eda UDD realiza taller para cuidadores de usuarios con sospecha o condici\u00f3n de autismo en La Pintana\",\"datePublished\":\"2025-06-27T21:43:00+00:00\",\"dateModified\":\"2025-07-09T21:47:32+00:00\",\"mainEntityOfPage\":{\"@id\":\"https:\/\/medicina.udd.cl\/fonoaudiologia-santiago\/noticias\/2025\/06\/27\/fonoaudiologia-udd-realiza-taller-para-cuidadores-de-usuarios-con-sospecha-o-condicion-de-autismo-en-la-pintana\/\"},\"wordCount\":198,\"image\":{\"@id\":\"https:\/\/medicina.udd.cl\/fonoaudiologia-santiago\/noticias\/2025\/06\/27\/fonoaudiologia-udd-realiza-taller-para-cuidadores-de-usuarios-con-sospecha-o-condicion-de-autismo-en-la-pintana\/#primaryimage\"},\"thumbnailUrl\":\"https:\/\/medicina.udd.cl\/fonoaudiologia-santiago\/files\/2025\/07\/portada-taller-cesfam-la-pimtana.png\",\"articleSection\":[\"Noticias\"],\"inLanguage\":\"es\"},{\"@type\":\"WebPage\",\"@id\":\"https:\/\/medicina.udd.cl\/fonoaudiologia-santiago\/noticias\/2025\/06\/27\/fonoaudiologia-udd-realiza-taller-para-cuidadores-de-usuarios-con-sospecha-o-condicion-de-autismo-en-la-pintana\/\",\"url\":\"https:\/\/medicina.udd.cl\/fonoaudiologia-santiago\/noticias\/2025\/06\/27\/fonoaudiologia-udd-realiza-taller-para-cuidadores-de-usuarios-con-sospecha-o-condicion-de-autismo-en-la-pintana\/\",\"name\":\"Fonoaudiolog\u00eda UDD realiza taller para cuidadores de usuarios con sospecha o condici\u00f3n de autismo en La Pintana - Fonoaudiolog\u00eda\",\"isPartOf\":{\"@id\":\"https:\/\/medicina.udd.cl\/fonoaudiologia-santiago\/#website\"},\"primaryImageOfPage\":{\"@id\":\"https:\/\/medicina.udd.cl\/fonoaudiologia-santiago\/noticias\/2025\/06\/27\/fonoaudiologia-udd-realiza-taller-para-cuidadores-de-usuarios-con-sospecha-o-condicion-de-autismo-en-la-pintana\/#primaryimage\"},\"image\":{\"@id\":\"https:\/\/medicina.udd.cl\/fonoaudiologia-santiago\/noticias\/2025\/06\/27\/fonoaudiologia-udd-realiza-taller-para-cuidadores-de-usuarios-con-sospecha-o-condicion-de-autismo-en-la-pintana\/#primaryimage\"},\"thumbnailUrl\":\"https:\/\/medicina.udd.cl\/fonoaudiologia-santiago\/files\/2025\/07\/portada-taller-cesfam-la-pimtana.png\",\"datePublished\":\"2025-06-27T21:43:00+00:00\",\"dateModified\":\"2025-07-09T21:47:32+00:00\",\"author\":{\"@id\":\"https:\/\/medicina.udd.cl\/fonoaudiologia-santiago\/#\/schema\/person\/dbc3705bf3a93e8be1ba6de0ef950341\"},\"breadcrumb\":{\"@id\":\"https:\/\/medicina.udd.cl\/fonoaudiologia-santiago\/noticias\/2025\/06\/27\/fonoaudiologia-udd-realiza-taller-para-cuidadores-de-usuarios-con-sospecha-o-condicion-de-autismo-en-la-pintana\/#breadcrumb\"},\"inLanguage\":\"es\",\"potentialAction\":[{\"@type\":\"ReadAction\",\"target\":[\"https:\/\/medicina.udd.cl\/fonoaudiologia-santiago\/noticias\/2025\/06\/27\/fonoaudiologia-udd-realiza-taller-para-cuidadores-de-usuarios-con-sospecha-o-condicion-de-autismo-en-la-pintana\/\"]}]},{\"@type\":\"ImageObject\",\"inLanguage\":\"es\",\"@id\":\"https:\/\/medicina.udd.cl\/fonoaudiologia-santiago\/noticias\/2025\/06\/27\/fonoaudiologia-udd-realiza-taller-para-cuidadores-de-usuarios-con-sospecha-o-condicion-de-autismo-en-la-pintana\/#primaryimage\",\"url\":\"https:\/\/medicina.udd.cl\/fonoaudiologia-santiago\/files\/2025\/07\/portada-taller-cesfam-la-pimtana.png\",\"contentUrl\":\"https:\/\/medicina.udd.cl\/fonoaudiologia-santiago\/files\/2025\/07\/portada-taller-cesfam-la-pimtana.png\",\"width\":338,\"height\":411},{\"@type\":\"BreadcrumbList\",\"@id\":\"https:\/\/medicina.udd.cl\/fonoaudiologia-santiago\/noticias\/2025\/06\/27\/fonoaudiologia-udd-realiza-taller-para-cuidadores-de-usuarios-con-sospecha-o-condicion-de-autismo-en-la-pintana\/#breadcrumb\",\"itemListElement\":[{\"@type\":\"ListItem\",\"position\":1,\"name\":\"Home\",\"item\":\"https:\/\/medicina.udd.cl\/fonoaudiologia-santiago\/\"},{\"@type\":\"ListItem\",\"position\":2,\"name\":\"Fonoaudiolog\u00eda UDD realiza taller para cuidadores de usuarios con sospecha o condici\u00f3n de autismo en La Pintana\"}]},{\"@type\":\"WebSite\",\"@id\":\"https:\/\/medicina.udd.cl\/fonoaudiologia-santiago\/#website\",\"url\":\"https:\/\/medicina.udd.cl\/fonoaudiologia-santiago\/\",\"name\":\"Fonoaudiolog\u00eda\",\"description\":\"Facultad de Medicina Cl\u00ednica Alemana Universidad del Desarrollo\",\"inLanguage\":\"es\"},{\"@type\":\"Person\",\"@id\":\"https:\/\/medicina.udd.cl\/fonoaudiologia-santiago\/#\/schema\/person\/dbc3705bf3a93e8be1ba6de0ef950341\",\"name\":\"rbraidy\",\"image\":{\"@type\":\"ImageObject\",\"inLanguage\":\"es\",\"@id\":\"https:\/\/medicina.udd.cl\/fonoaudiologia-santiago\/#\/schema\/person\/image\/\",\"url\":\"https:\/\/secure.gravatar.com\/avatar\/0f8bc94637401590e45d2ce17eb65c274cb8870a219de6177f3f23e63fd8cdf3?s=96&d=mm&r=g\",\"contentUrl\":\"https:\/\/secure.gravatar.com\/avatar\/0f8bc94637401590e45d2ce17eb65c274cb8870a219de6177f3f23e63fd8cdf3?s=96&d=mm&r=g\",\"caption\":\"rbraidy\"},\"url\":\"https:\/\/medicina.udd.cl\/fonoaudiologia-santiago\/noticias\/author\/rbraidy\/\"}]}<\/script>\n<!-- \/ Yoast SEO plugin. -->","yoast_head_json":{"title":"Fonoaudiolog\u00eda UDD realiza taller para cuidadores de usuarios con sospecha o condici\u00f3n de autismo en La Pintana - Fonoaudiolog\u00eda","robots":{"index":"index","follow":"follow","max-snippet":"max-snippet:-1","max-image-preview":"max-image-preview:large","max-video-preview":"max-video-preview:-1"},"canonical":"https:\/\/medicina.udd.cl\/fonoaudiologia-santiago\/noticias\/2025\/06\/27\/fonoaudiologia-udd-realiza-taller-para-cuidadores-de-usuarios-con-sospecha-o-condicion-de-autismo-en-la-pintana\/","og_locale":"es_ES","og_type":"article","og_title":"Fonoaudiolog\u00eda UDD realiza taller para cuidadores de usuarios con sospecha o condici\u00f3n de autismo en La Pintana - Fonoaudiolog\u00eda","og_description":"El pasado 16 de junio, la carrera de Fonoaudiolog\u00eda de la Facultad de Medicina Cl\u00ednica Alemana Universidad del Desarrollo (UDD) realiz\u00f3 un taller dirigido a cuidadores de usuarios con sospecha o diagn\u00f3stico de autismo, pertenecientes al CESFAM El Roble, ubicado en la comuna de La Pintana. La actividad, que se desarroll\u00f3 en formato online, fue [&hellip;]","og_url":"https:\/\/medicina.udd.cl\/fonoaudiologia-santiago\/noticias\/2025\/06\/27\/fonoaudiologia-udd-realiza-taller-para-cuidadores-de-usuarios-con-sospecha-o-condicion-de-autismo-en-la-pintana\/","og_site_name":"Fonoaudiolog\u00eda","article_published_time":"2025-06-27T21:43:00+00:00","article_modified_time":"2025-07-09T21:47:32+00:00","og_image":[{"width":338,"height":411,"url":"https:\/\/medicina.udd.cl\/fonoaudiologia-santiago\/files\/2025\/07\/portada-taller-cesfam-la-pimtana.png","type":"image\/png"}],"author":"rbraidy","twitter_misc":{"Escrito por":"rbraidy","Tiempo de lectura":"2 minutos"},"schema":{"@context":"https:\/\/schema.org","@graph":[{"@type":"Article","@id":"https:\/\/medicina.udd.cl\/fonoaudiologia-santiago\/noticias\/2025\/06\/27\/fonoaudiologia-udd-realiza-taller-para-cuidadores-de-usuarios-con-sospecha-o-condicion-de-autismo-en-la-pintana\/#article","isPartOf":{"@id":"https:\/\/medicina.udd.cl\/fonoaudiologia-santiago\/noticias\/2025\/06\/27\/fonoaudiologia-udd-realiza-taller-para-cuidadores-de-usuarios-con-sospecha-o-condicion-de-autismo-en-la-pintana\/"},"author":{"name":"rbraidy","@id":"https:\/\/medicina.udd.cl\/fonoaudiologia-santiago\/#\/schema\/person\/dbc3705bf3a93e8be1ba6de0ef950341"},"headline":"Fonoaudiolog\u00eda UDD realiza taller para cuidadores de usuarios con sospecha o condici\u00f3n de autismo en La Pintana","datePublished":"2025-06-27T21:43:00+00:00","dateModified":"2025-07-09T21:47:32+00:00","mainEntityOfPage":{"@id":"https:\/\/medicina.udd.cl\/fonoaudiologia-santiago\/noticias\/2025\/06\/27\/fonoaudiologia-udd-realiza-taller-para-cuidadores-de-usuarios-con-sospecha-o-condicion-de-autismo-en-la-pintana\/"},"wordCount":198,"image":{"@id":"https:\/\/medicina.udd.cl\/fonoaudiologia-santiago\/noticias\/2025\/06\/27\/fonoaudiologia-udd-realiza-taller-para-cuidadores-de-usuarios-con-sospecha-o-condicion-de-autismo-en-la-pintana\/#primaryimage"},"thumbnailUrl":"https:\/\/medicina.udd.cl\/fonoaudiologia-santiago\/files\/2025\/07\/portada-taller-cesfam-la-pimtana.png","articleSection":["Noticias"],"inLanguage":"es"},{"@type":"WebPage","@id":"https:\/\/medicina.udd.cl\/fonoaudiologia-santiago\/noticias\/2025\/06\/27\/fonoaudiologia-udd-realiza-taller-para-cuidadores-de-usuarios-con-sospecha-o-condicion-de-autismo-en-la-pintana\/","url":"https:\/\/medicina.udd.cl\/fonoaudiologia-santiago\/noticias\/2025\/06\/27\/fonoaudiologia-udd-realiza-taller-para-cuidadores-de-usuarios-con-sospecha-o-condicion-de-autismo-en-la-pintana\/","name":"Fonoaudiolog\u00eda UDD realiza taller para cuidadores de usuarios con sospecha o condici\u00f3n de autismo en La Pintana - Fonoaudiolog\u00eda","isPartOf":{"@id":"https:\/\/medicina.udd.cl\/fonoaudiologia-santiago\/#website"},"primaryImageOfPage":{"@id":"https:\/\/medicina.udd.cl\/fonoaudiologia-santiago\/noticias\/2025\/06\/27\/fonoaudiologia-udd-realiza-taller-para-cuidadores-de-usuarios-con-sospecha-o-condicion-de-autismo-en-la-pintana\/#primaryimage"},"image":{"@id":"https:\/\/medicina.udd.cl\/fonoaudiologia-santiago\/noticias\/2025\/06\/27\/fonoaudiologia-udd-realiza-taller-para-cuidadores-de-usuarios-con-sospecha-o-condicion-de-autismo-en-la-pintana\/#primaryimage"},"thumbnailUrl":"https:\/\/medicina.udd.cl\/fonoaudiologia-santiago\/files\/2025\/07\/portada-taller-cesfam-la-pimtana.png","datePublished":"2025-06-27T21:43:00+00:00","dateModified":"2025-07-09T21:47:32+00:00","author":{"@id":"https:\/\/medicina.udd.cl\/fonoaudiologia-santiago\/#\/schema\/person\/dbc3705bf3a93e8be1ba6de0ef950341"},"breadcrumb":{"@id":"https:\/\/medicina.udd.cl\/fonoaudiologia-santiago\/noticias\/2025\/06\/27\/fonoaudiologia-udd-realiza-taller-para-cuidadores-de-usuarios-con-sospecha-o-condicion-de-autismo-en-la-pintana\/#breadcrumb"},"inLanguage":"es","potentialAction":[{"@type":"ReadAction","target":["https:\/\/medicina.udd.cl\/fonoaudiologia-santiago\/noticias\/2025\/06\/27\/fonoaudiologia-udd-realiza-taller-para-cuidadores-de-usuarios-con-sospecha-o-condicion-de-autismo-en-la-pintana\/"]}]},{"@type":"ImageObject","inLanguage":"es","@id":"https:\/\/medicina.udd.cl\/fonoaudiologia-santiago\/noticias\/2025\/06\/27\/fonoaudiologia-udd-realiza-taller-para-cuidadores-de-usuarios-con-sospecha-o-condicion-de-autismo-en-la-pintana\/#primaryimage","url":"https:\/\/medicina.udd.cl\/fonoaudiologia-santiago\/files\/2025\/07\/portada-taller-cesfam-la-pimtana.png","contentUrl":"https:\/\/medicina.udd.cl\/fonoaudiologia-santiago\/files\/2025\/07\/portada-taller-cesfam-la-pimtana.png","width":338,"height":411},{"@type":"BreadcrumbList","@id":"https:\/\/medicina.udd.cl\/fonoaudiologia-santiago\/noticias\/2025\/06\/27\/fonoaudiologia-udd-realiza-taller-para-cuidadores-de-usuarios-con-sospecha-o-condicion-de-autismo-en-la-pintana\/#breadcrumb","itemListElement":[{"@type":"ListItem","position":1,"name":"Home","item":"https:\/\/medicina.udd.cl\/fonoaudiologia-santiago\/"},{"@type":"ListItem","position":2,"name":"Fonoaudiolog\u00eda UDD realiza taller para cuidadores de usuarios con sospecha o condici\u00f3n de autismo en La Pintana"}]},{"@type":"WebSite","@id":"https:\/\/medicina.udd.cl\/fonoaudiologia-santiago\/#website","url":"https:\/\/medicina.udd.cl\/fonoaudiologia-santiago\/","name":"Fonoaudiolog\u00eda","description":"Facultad de Medicina Cl\u00ednica Alemana Universidad del Desarrollo","inLanguage":"es"},{"@type":"Person","@id":"https:\/\/medicina.udd.cl\/fonoaudiologia-santiago\/#\/schema\/person\/dbc3705bf3a93e8be1ba6de0ef950341","name":"rbraidy","image":{"@type":"ImageObject","inLanguage":"es","@id":"https:\/\/medicina.udd.cl\/fonoaudiologia-santiago\/#\/schema\/person\/image\/","url":"https:\/\/secure.gravatar.com\/avatar\/0f8bc94637401590e45d2ce17eb65c274cb8870a219de6177f3f23e63fd8cdf3?s=96&d=mm&r=g","contentUrl":"https:\/\/secure.gravatar.com\/avatar\/0f8bc94637401590e45d2ce17eb65c274cb8870a219de6177f3f23e63fd8cdf3?s=96&d=mm&r=g","caption":"rbraidy"},"url":"https:\/\/medicina.udd.cl\/fonoaudiologia-santiago\/noticias\/author\/rbraidy\/"}]}},"featured_image_url":"https:\/\/medicina.udd.cl\/fonoaudiologia-santiago\/files\/2025\/07\/portada-taller-cesfam-la-pimtana.png","_links":{"self":[{"href":"https:\/\/medicina.udd.cl\/fonoaudiologia-santiago\/wp-json\/wp\/v2\/posts\/7259","targetHints":{"allow":["GET"]}}],"collection":[{"href":"https:\/\/medicina.udd.cl\/fonoaudiologia-santiago\/wp-json\/wp\/v2\/posts"}],"about":[{"href":"https:\/\/medicina.udd.cl\/fonoaudiologia-santiago\/wp-json\/wp\/v2\/types\/post"}],"author":[{"embeddable":true,"href":"https:\/\/medicina.udd.cl\/fonoaudiologia-santiago\/wp-json\/wp\/v2\/users\/9192219"}],"replies":[{"embeddable":true,"href":"https:\/\/medicina.udd.cl\/fonoaudiologia-santiago\/wp-json\/wp\/v2\/comments?post=7259"}],"version-history":[{"count":1,"href":"https:\/\/medicina.udd.cl\/fonoaudiologia-santiago\/wp-json\/wp\/v2\/posts\/7259\/revisions"}],"predecessor-version":[{"id":7262,"href":"https:\/\/medicina.udd.cl\/fonoaudiologia-santiago\/wp-json\/wp\/v2\/posts\/7259\/revisions\/7262"}],"wp:featuredmedia":[{"embeddable":true,"href":"https:\/\/medicina.udd.cl\/fonoaudiologia-santiago\/wp-json\/wp\/v2\/media\/7261"}],"wp:attachment":[{"href":"https:\/\/medicina.udd.cl\/fonoaudiologia-santiago\/wp-json\/wp\/v2\/media?parent=7259"}],"wp:term":[{"taxonomy":"category","embeddable":true,"href":"https:\/\/medicina.udd.cl\/fonoaudiologia-santiago\/wp-json\/wp\/v2\/categories?post=7259"},{"taxonomy":"post_tag","embeddable":true,"href":"https:\/\/medicina.udd.cl\/fonoaudiologia-santiago\/wp-json\/wp\/v2\/tags?post=7259"}],"curies":[{"name":"wp","href":"https:\/\/api.w.org\/{rel}","templated":true}]}}